{"id":15660,"date":"2026-04-15T10:00:09","date_gmt":"2026-04-15T08:00:09","guid":{"rendered":"https:\/\/www.anovapeneira.gal\/?p=15660"},"modified":"2026-04-15T09:41:28","modified_gmt":"2026-04-15T07:41:28","slug":"o-futuro-do-nacionalismo-galego","status":"publish","type":"post","link":"https:\/\/www.anovapeneira.gal\/index.php\/2026\/04\/15\/o-futuro-do-nacionalismo-galego\/","title":{"rendered":"O futuro do nacionalismo galego"},"content":{"rendered":"\n<figure class=\"wp-block-image size-full is-resized\"><img loading=\"lazy\" decoding=\"async\" width=\"190\" height=\"222\" src=\"https:\/\/www.anovapeneira.gal\/wp-content\/uploads\/2019\/05\/tino_lago_director_a_nova_peneira.jpg\" alt=\"Tino Lago director a Nova Peneira\" class=\"wp-image-189\" style=\"width:81px;height:auto\"\/><figcaption class=\"wp-element-caption\">Tino Lago director a Nova Peneira<\/figcaption><\/figure>\n\n\n\n<p>\u00c1s veces preg\u00fantanme por que son nacionalista. Quen o fai adoitan ser persoas que, mediatizadas pola propaganda espa\u00f1olista, consideran, en forma de apriorismo, non como resultado dun proceso de reflexi\u00f3n previo, de maneira negativa, ou incluso moi negativa, aos nacionalismos galego, vasco ou catal\u00e1n. Entenden eles que se tratar\u00eda dunha especie de posici\u00f3n ego\u00edsta, de non querer compartir os recursos con outros, ou un xeito de de narcisismo pueril que precisar\u00eda a validaci\u00f3n constante da identidade propia.<\/p>\n\n\n\n<p>Cando me toca responder, sempre que a persoa interlocutora sexa algu\u00e9n minimamente normal co que se poida falar, adoito citar primeiro ao Papa Xoan Paulo II. El diferenciaba dous tipos de nacionalismo:-Un nacionalismo defensivo que trata de preservar a formas pol\u00edticas e ou culturais propias, ameazadas pola presi\u00f3n doutros pobos m\u00e1is poderosos -Un nacionalismo ofensivo que agride a outros coa intenci\u00f3n de roubarlles os seus recursos e imporlles a s\u00faa cultura e o seu idioma.<\/p>\n\n\n\n<p>O nacionalismo galego \u00e9 un nacionalismo defensivo. Galicia \u00e9 un pa\u00eds de seu, iso non o discute ningu\u00e9n que non sexa un fan\u00e1tico. Os seus sinais de identidade est\u00e1n en serio perigo de desaparici\u00f3n, e os seus recursos non benefician directamente ao pobo galego todo o que poder\u00edan beneficiar.<\/p>\n\n\n\n<p>Eu son nacionalista porque quero que o noso idioma e a nosa identidade colectiva non se perdan. E tam\u00e9n o son porque te\u00f1o a convicci\u00f3n de que se n\u00f3s tiveramos a posibilidade de xestionar integramente os nosos recursos e de defender n\u00f3s mesmos o interese colectivo do noso pobo, o conxunto de persoas que vivimos en Galicia viviriamos mellor.<\/p>\n\n\n\n<p>Cal \u00e9 o cami\u00f1o para superar os marcos cativos do estatuto de autonom\u00eda e poder en verdade chegar a que o pobo galego se goberne a si mesmo?<\/p>\n\n\n\n<p>S\u00f3 hai unha v\u00eda posible: Que o nacionalismo galego logre conquistar o coraz\u00f3n da inmensa maior\u00eda do pobo galego. Para que iso sexa real \u00e9 imprescindible participar en todos os procesos electorais e obter os mellores resultados posibles .C\u00f3mpre ga\u00f1ar m\u00e1is e m\u00e1is concellos nas municipais do 27, aumentar a representaci\u00f3n do nacionalismo galego no congreso espa\u00f1ol e podermos gobernar o antes posible a Xunta de Galicia. Normalmente cando o nacionalismo ga\u00f1a alg\u00fan goberno municipal acaba consolid\u00e1ndose, pois xestiona ben, fai pol\u00edticas en beneficio das maior\u00edas sociais e en 40 anos de existencia do BNG nunca tivo ning\u00fan caso vinculado coa corrupci\u00f3n.<\/p>\n\n\n\n<p>A estratexia electoral \u00e9 moi importante claro que si, pero para os que amamos a este pa\u00eds e sentimos nas insondables profundidades da alma a necesidade de que Galicia se poida gobernar a si mesma, non \u00e9 suficiente. Non abonda s\u00f3 con iso.<\/p>\n\n\n\n<p>Nas elecci\u00f3ns estatais do 2015 o nacionalismo galego despois de Amio, estaba sumido nunha crise enormemente grave. Perdeu a representaci\u00f3n pol\u00edtica que ti\u00f1a no parlamento de Madrid desde hai 10 anos e o seu chan de voto ficou reducido case ao nivel dunha forza marxinal, tan s\u00f3 70.464 persoas votamos nacionalista naquel proceso electoral.<\/p>\n\n\n\n<p>Nas elecci\u00f3ns auton\u00f3micas do ano 24, tan s\u00f3 9 anos despois, o BNG recibiu un apoio inmenso. Case medio mill\u00f3n de galegas e galegos apostamos polo proxecto que encabezaba Ana Pont\u00f3n. Que pasou neses 9 anos?, \u00c9 que 400.000 persoas se fixeron de s\u00fapeto nacionalistas en tan breve per\u00edodo de tempo?<\/p>\n\n\n\n<p>Non, claro que non. O que aconteceu non foi estrutural, foi circunstancial: unha suma de raz\u00f3n pol\u00edticas e hist\u00f3ricas varias que favoreceron a multiplicaci\u00f3n do voto nacionalista. Esas circunstancias que incidiron no aumento enorme dos apoios ao BNG no son o obxecto deste artigo que s\u00f3 pretende trasladar a idea de que o voto \u00e9 algo conxuntural, hoxe pode terse e ma\u00f1\u00e1 non. Pero o coraz\u00f3n de algu\u00e9n cando se ten ga\u00f1ado xa \u00e9 m\u00e1is dif\u00edcil que se perda.<\/p>\n\n\n\n<p>As conxunturas electorais atravesan ciclos, \u00e1s veces favorables e \u00e1s veces non. Toda esta inmensa onda de ilusi\u00f3n no nacionalismo non ter\u00eda valido para case nada se cando volvan as vacas fracas o nacionalismo retrocede de novo substancialmente sen ter acadado m\u00e1is que alg\u00fans gobernos municipais que tal como chegan, acaban por marchar<\/p>\n\n\n\n<p>Non, non \u00e9 suficiente coa estratexia electoralista para que nas xeraci\u00f3ns futuras poida seguir existindo un nacionalismo vivo, forte e solvente .\u00c9 imprescindible que al\u00e9n de ga\u00f1ar elecci\u00f3ns se chegue ao coraz\u00f3n da maior\u00eda social do pobo galego. A ningu\u00e9n se lle obriga a dedicarse \u00e1 pol\u00edtica, e cando algu\u00e9n libre e voluntariamente decide ser unha cara visible do BNG debe de comprometerse a contribu\u00edr na medida das s\u00faas posibilidades a convencer a m\u00e1is persoas de que xestionando n\u00f3s mesmos os nosos intereses e recursos viviriamos mellor. S\u00f3 desa maneira, convencendo \u00e1 maior\u00eda social do pobo galego, o nacionalismo galego pode ter futuro. E s\u00f3 dese modo Galicia poder\u00e1 ser un pa\u00eds libre no mundo en igualdade de condici\u00f3ns a calquera outro.<\/p>\n","protected":false},"excerpt":{"rendered":"<div class=\"mh-excerpt\"><p>\u00c1s veces preg\u00fantanme por que son nacionalista. Quen o fai adoitan ser persoas que, mediatizadas pola propaganda espa\u00f1olista, consideran, en forma de apriorismo, non como resultado dun proceso de reflexi\u00f3n previo, de maneira negativa, ou incluso moi negativa, aos nacionalismos galego, vasco ou catal\u00e1n <a class=\"mh-excerpt-more\" href=\"https:\/\/www.anovapeneira.gal\/index.php\/2026\/04\/15\/o-futuro-do-nacionalismo-galego\/\" title=\"O futuro do nacionalismo galego\">[&#8230;]<\/a><\/p>\n<\/div>","protected":false},"author":2,"featured_media":4479,"comment_status":"open","ping_status":"open","sticky":false,"template":"","format":"standard","meta":{"_exactmetrics_skip_tracking":false,"_exactmetrics_sitenote_active":false,"_exactmetrics_sitenote_note":"","_exactmetrics_sitenote_category":0,"footnotes":""},"categories":[61],"tags":[],"class_list":{"0":"post-15660","1":"post","2":"type-post","3":"status-publish","4":"format-standard","5":"has-post-thumbnail","7":"category-artigo-editorial"},"yoast_head":"<!-- This site is optimized with the Yoast SEO plugin v27.4 - https:\/\/yoast.com\/product\/yoast-seo-wordpress\/ -->\n<title>O futuro do nacionalismo galego -<\/title>\n<meta name=\"robots\" content=\"index, follow, max-snippet:-1, max-image-preview:large, max-video-preview:-1\" \/>\n<link rel=\"canonical\" href=\"https:\/\/www.anovapeneira.gal\/index.php\/2026\/04\/15\/o-futuro-do-nacionalismo-galego\/\" \/>\n<meta property=\"og:locale\" content=\"gl_ES\" \/>\n<meta property=\"og:type\" content=\"article\" \/>\n<meta property=\"og:title\" content=\"O futuro do nacionalismo galego -\" \/>\n<meta property=\"og:description\" content=\"\u00c1s veces preg\u00fantanme por que son nacionalista. Quen o fai adoitan ser persoas que, mediatizadas pola propaganda espa\u00f1olista, consideran, en forma de apriorismo, non como resultado dun proceso de reflexi\u00f3n previo, de maneira negativa, ou incluso moi negativa, aos nacionalismos galego, vasco ou catal\u00e1n [...]\" \/>\n<meta property=\"og:url\" content=\"https:\/\/www.anovapeneira.gal\/index.php\/2026\/04\/15\/o-futuro-do-nacionalismo-galego\/\" \/>\n<meta property=\"article:publisher\" content=\"https:\/\/www.facebook.com\/anovapeneira\" \/>\n<meta property=\"article:published_time\" content=\"2026-04-15T08:00:09+00:00\" \/>\n<meta property=\"og:image\" content=\"https:\/\/www.anovapeneira.gal\/wp-content\/uploads\/2020\/12\/Bandeira_galega_civil.jpg\" \/>\n\t<meta property=\"og:image:width\" content=\"720\" \/>\n\t<meta property=\"og:image:height\" content=\"432\" \/>\n\t<meta property=\"og:image:type\" content=\"image\/jpeg\" \/>\n<meta name=\"author\" content=\"Tino Lago\" \/>\n<meta name=\"twitter:card\" content=\"summary_large_image\" \/>\n<meta name=\"twitter:creator\" content=\"@APeneira\" \/>\n<meta name=\"twitter:site\" content=\"@APeneira\" \/>\n<meta name=\"twitter:label1\" content=\"Escrito por\" \/>\n\t<meta name=\"twitter:data1\" content=\"Tino Lago\" \/>\n\t<meta name=\"twitter:label2\" content=\"Tempo de lectura\" \/>\n\t<meta name=\"twitter:data2\" content=\"5 minutos\" \/>\n<script type=\"application\/ld+json\" class=\"yoast-schema-graph\">{\"@context\":\"https:\\\/\\\/schema.org\",\"@graph\":[{\"@type\":\"Article\",\"@id\":\"https:\\\/\\\/www.anovapeneira.gal\\\/index.php\\\/2026\\\/04\\\/15\\\/o-futuro-do-nacionalismo-galego\\\/#article\",\"isPartOf\":{\"@id\":\"https:\\\/\\\/www.anovapeneira.gal\\\/index.php\\\/2026\\\/04\\\/15\\\/o-futuro-do-nacionalismo-galego\\\/\"},\"author\":{\"name\":\"Tino Lago\",\"@id\":\"https:\\\/\\\/www.anovapeneira.gal\\\/#\\\/schema\\\/person\\\/424dfe65e3070fd8a44d22d2c088762a\"},\"headline\":\"O futuro do nacionalismo galego\",\"datePublished\":\"2026-04-15T08:00:09+00:00\",\"mainEntityOfPage\":{\"@id\":\"https:\\\/\\\/www.anovapeneira.gal\\\/index.php\\\/2026\\\/04\\\/15\\\/o-futuro-do-nacionalismo-galego\\\/\"},\"wordCount\":866,\"commentCount\":0,\"publisher\":{\"@id\":\"https:\\\/\\\/www.anovapeneira.gal\\\/#organization\"},\"image\":{\"@id\":\"https:\\\/\\\/www.anovapeneira.gal\\\/index.php\\\/2026\\\/04\\\/15\\\/o-futuro-do-nacionalismo-galego\\\/#primaryimage\"},\"thumbnailUrl\":\"https:\\\/\\\/www.anovapeneira.gal\\\/wp-content\\\/uploads\\\/2020\\\/12\\\/Bandeira_galega_civil.jpg\",\"articleSection\":[\"Artigo editorial\"],\"inLanguage\":\"gl-ES\",\"potentialAction\":[{\"@type\":\"CommentAction\",\"name\":\"Comment\",\"target\":[\"https:\\\/\\\/www.anovapeneira.gal\\\/index.php\\\/2026\\\/04\\\/15\\\/o-futuro-do-nacionalismo-galego\\\/#respond\"]}]},{\"@type\":\"WebPage\",\"@id\":\"https:\\\/\\\/www.anovapeneira.gal\\\/index.php\\\/2026\\\/04\\\/15\\\/o-futuro-do-nacionalismo-galego\\\/\",\"url\":\"https:\\\/\\\/www.anovapeneira.gal\\\/index.php\\\/2026\\\/04\\\/15\\\/o-futuro-do-nacionalismo-galego\\\/\",\"name\":\"O futuro do nacionalismo galego -\",\"isPartOf\":{\"@id\":\"https:\\\/\\\/www.anovapeneira.gal\\\/#website\"},\"primaryImageOfPage\":{\"@id\":\"https:\\\/\\\/www.anovapeneira.gal\\\/index.php\\\/2026\\\/04\\\/15\\\/o-futuro-do-nacionalismo-galego\\\/#primaryimage\"},\"image\":{\"@id\":\"https:\\\/\\\/www.anovapeneira.gal\\\/index.php\\\/2026\\\/04\\\/15\\\/o-futuro-do-nacionalismo-galego\\\/#primaryimage\"},\"thumbnailUrl\":\"https:\\\/\\\/www.anovapeneira.gal\\\/wp-content\\\/uploads\\\/2020\\\/12\\\/Bandeira_galega_civil.jpg\",\"datePublished\":\"2026-04-15T08:00:09+00:00\",\"breadcrumb\":{\"@id\":\"https:\\\/\\\/www.anovapeneira.gal\\\/index.php\\\/2026\\\/04\\\/15\\\/o-futuro-do-nacionalismo-galego\\\/#breadcrumb\"},\"inLanguage\":\"gl-ES\",\"potentialAction\":[{\"@type\":\"ReadAction\",\"target\":[\"https:\\\/\\\/www.anovapeneira.gal\\\/index.php\\\/2026\\\/04\\\/15\\\/o-futuro-do-nacionalismo-galego\\\/\"]}]},{\"@type\":\"ImageObject\",\"inLanguage\":\"gl-ES\",\"@id\":\"https:\\\/\\\/www.anovapeneira.gal\\\/index.php\\\/2026\\\/04\\\/15\\\/o-futuro-do-nacionalismo-galego\\\/#primaryimage\",\"url\":\"https:\\\/\\\/www.anovapeneira.gal\\\/wp-content\\\/uploads\\\/2020\\\/12\\\/Bandeira_galega_civil.jpg\",\"contentUrl\":\"https:\\\/\\\/www.anovapeneira.gal\\\/wp-content\\\/uploads\\\/2020\\\/12\\\/Bandeira_galega_civil.jpg\",\"width\":720,\"height\":432,\"caption\":\"Bandeira galega civil\"},{\"@type\":\"BreadcrumbList\",\"@id\":\"https:\\\/\\\/www.anovapeneira.gal\\\/index.php\\\/2026\\\/04\\\/15\\\/o-futuro-do-nacionalismo-galego\\\/#breadcrumb\",\"itemListElement\":[{\"@type\":\"ListItem\",\"position\":1,\"name\":\"Portada\",\"item\":\"https:\\\/\\\/www.anovapeneira.gal\\\/\"},{\"@type\":\"ListItem\",\"position\":2,\"name\":\"O futuro do nacionalismo galego\"}]},{\"@type\":\"WebSite\",\"@id\":\"https:\\\/\\\/www.anovapeneira.gal\\\/#website\",\"url\":\"https:\\\/\\\/www.anovapeneira.gal\\\/\",\"name\":\"\",\"description\":\"Xornal galego de informaci\u00f3n xeral Publicaci\u00f3n mensual de novas de Galicia e en especial dos Concellos da sur da provincia de Pontevedra.\",\"publisher\":{\"@id\":\"https:\\\/\\\/www.anovapeneira.gal\\\/#organization\"},\"potentialAction\":[{\"@type\":\"SearchAction\",\"target\":{\"@type\":\"EntryPoint\",\"urlTemplate\":\"https:\\\/\\\/www.anovapeneira.gal\\\/?s={search_term_string}\"},\"query-input\":{\"@type\":\"PropertyValueSpecification\",\"valueRequired\":true,\"valueName\":\"search_term_string\"}}],\"inLanguage\":\"gl-ES\"},{\"@type\":\"Organization\",\"@id\":\"https:\\\/\\\/www.anovapeneira.gal\\\/#organization\",\"name\":\"A Nova Peneira\",\"url\":\"https:\\\/\\\/www.anovapeneira.gal\\\/\",\"logo\":{\"@type\":\"ImageObject\",\"inLanguage\":\"gl-ES\",\"@id\":\"https:\\\/\\\/www.anovapeneira.gal\\\/#\\\/schema\\\/logo\\\/image\\\/\",\"url\":\"http:\\\/\\\/www.anovapeneira.gal\\\/wp-content\\\/uploads\\\/2019\\\/06\\\/logo_a_nova_peneira_portal_web.png\",\"contentUrl\":\"http:\\\/\\\/www.anovapeneira.gal\\\/wp-content\\\/uploads\\\/2019\\\/06\\\/logo_a_nova_peneira_portal_web.png\",\"width\":300,\"height\":100,\"caption\":\"A Nova Peneira\"},\"image\":{\"@id\":\"https:\\\/\\\/www.anovapeneira.gal\\\/#\\\/schema\\\/logo\\\/image\\\/\"},\"sameAs\":[\"https:\\\/\\\/www.facebook.com\\\/anovapeneira\",\"https:\\\/\\\/x.com\\\/APeneira\"]},{\"@type\":\"Person\",\"@id\":\"https:\\\/\\\/www.anovapeneira.gal\\\/#\\\/schema\\\/person\\\/424dfe65e3070fd8a44d22d2c088762a\",\"name\":\"Tino Lago\",\"image\":{\"@type\":\"ImageObject\",\"inLanguage\":\"gl-ES\",\"@id\":\"https:\\\/\\\/secure.gravatar.com\\\/avatar\\\/b3df6a06e44bab3111583b90f0f33a0379ee5e3d22cbadd232d39f21c30c62be?s=96&d=mm&r=g\",\"url\":\"https:\\\/\\\/secure.gravatar.com\\\/avatar\\\/b3df6a06e44bab3111583b90f0f33a0379ee5e3d22cbadd232d39f21c30c62be?s=96&d=mm&r=g\",\"contentUrl\":\"https:\\\/\\\/secure.gravatar.com\\\/avatar\\\/b3df6a06e44bab3111583b90f0f33a0379ee5e3d22cbadd232d39f21c30c62be?s=96&d=mm&r=g\",\"caption\":\"Tino Lago\"},\"sameAs\":[\"http:\\\/\\\/www.anovapeneira.gal\"],\"url\":\"https:\\\/\\\/www.anovapeneira.gal\\\/index.php\\\/author\\\/director\\\/\"}]}<\/script>\n<!-- \/ Yoast SEO plugin. -->","yoast_head_json":{"title":"O futuro do nacionalismo galego -","robots":{"index":"index","follow":"follow","max-snippet":"max-snippet:-1","max-image-preview":"max-image-preview:large","max-video-preview":"max-video-preview:-1"},"canonical":"https:\/\/www.anovapeneira.gal\/index.php\/2026\/04\/15\/o-futuro-do-nacionalismo-galego\/","og_locale":"gl_ES","og_type":"article","og_title":"O futuro do nacionalismo galego -","og_description":"\u00c1s veces preg\u00fantanme por que son nacionalista. Quen o fai adoitan ser persoas que, mediatizadas pola propaganda espa\u00f1olista, consideran, en forma de apriorismo, non como resultado dun proceso de reflexi\u00f3n previo, de maneira negativa, ou incluso moi negativa, aos nacionalismos galego, vasco ou catal\u00e1n [...]","og_url":"https:\/\/www.anovapeneira.gal\/index.php\/2026\/04\/15\/o-futuro-do-nacionalismo-galego\/","article_publisher":"https:\/\/www.facebook.com\/anovapeneira","article_published_time":"2026-04-15T08:00:09+00:00","og_image":[{"width":720,"height":432,"url":"https:\/\/www.anovapeneira.gal\/wp-content\/uploads\/2020\/12\/Bandeira_galega_civil.jpg","type":"image\/jpeg"}],"author":"Tino Lago","twitter_card":"summary_large_image","twitter_creator":"@APeneira","twitter_site":"@APeneira","twitter_misc":{"Escrito por":"Tino Lago","Tempo de lectura":"5 minutos"},"schema":{"@context":"https:\/\/schema.org","@graph":[{"@type":"Article","@id":"https:\/\/www.anovapeneira.gal\/index.php\/2026\/04\/15\/o-futuro-do-nacionalismo-galego\/#article","isPartOf":{"@id":"https:\/\/www.anovapeneira.gal\/index.php\/2026\/04\/15\/o-futuro-do-nacionalismo-galego\/"},"author":{"name":"Tino Lago","@id":"https:\/\/www.anovapeneira.gal\/#\/schema\/person\/424dfe65e3070fd8a44d22d2c088762a"},"headline":"O futuro do nacionalismo galego","datePublished":"2026-04-15T08:00:09+00:00","mainEntityOfPage":{"@id":"https:\/\/www.anovapeneira.gal\/index.php\/2026\/04\/15\/o-futuro-do-nacionalismo-galego\/"},"wordCount":866,"commentCount":0,"publisher":{"@id":"https:\/\/www.anovapeneira.gal\/#organization"},"image":{"@id":"https:\/\/www.anovapeneira.gal\/index.php\/2026\/04\/15\/o-futuro-do-nacionalismo-galego\/#primaryimage"},"thumbnailUrl":"https:\/\/www.anovapeneira.gal\/wp-content\/uploads\/2020\/12\/Bandeira_galega_civil.jpg","articleSection":["Artigo editorial"],"inLanguage":"gl-ES","potentialAction":[{"@type":"CommentAction","name":"Comment","target":["https:\/\/www.anovapeneira.gal\/index.php\/2026\/04\/15\/o-futuro-do-nacionalismo-galego\/#respond"]}]},{"@type":"WebPage","@id":"https:\/\/www.anovapeneira.gal\/index.php\/2026\/04\/15\/o-futuro-do-nacionalismo-galego\/","url":"https:\/\/www.anovapeneira.gal\/index.php\/2026\/04\/15\/o-futuro-do-nacionalismo-galego\/","name":"O futuro do nacionalismo galego -","isPartOf":{"@id":"https:\/\/www.anovapeneira.gal\/#website"},"primaryImageOfPage":{"@id":"https:\/\/www.anovapeneira.gal\/index.php\/2026\/04\/15\/o-futuro-do-nacionalismo-galego\/#primaryimage"},"image":{"@id":"https:\/\/www.anovapeneira.gal\/index.php\/2026\/04\/15\/o-futuro-do-nacionalismo-galego\/#primaryimage"},"thumbnailUrl":"https:\/\/www.anovapeneira.gal\/wp-content\/uploads\/2020\/12\/Bandeira_galega_civil.jpg","datePublished":"2026-04-15T08:00:09+00:00","breadcrumb":{"@id":"https:\/\/www.anovapeneira.gal\/index.php\/2026\/04\/15\/o-futuro-do-nacionalismo-galego\/#breadcrumb"},"inLanguage":"gl-ES","potentialAction":[{"@type":"ReadAction","target":["https:\/\/www.anovapeneira.gal\/index.php\/2026\/04\/15\/o-futuro-do-nacionalismo-galego\/"]}]},{"@type":"ImageObject","inLanguage":"gl-ES","@id":"https:\/\/www.anovapeneira.gal\/index.php\/2026\/04\/15\/o-futuro-do-nacionalismo-galego\/#primaryimage","url":"https:\/\/www.anovapeneira.gal\/wp-content\/uploads\/2020\/12\/Bandeira_galega_civil.jpg","contentUrl":"https:\/\/www.anovapeneira.gal\/wp-content\/uploads\/2020\/12\/Bandeira_galega_civil.jpg","width":720,"height":432,"caption":"Bandeira galega civil"},{"@type":"BreadcrumbList","@id":"https:\/\/www.anovapeneira.gal\/index.php\/2026\/04\/15\/o-futuro-do-nacionalismo-galego\/#breadcrumb","itemListElement":[{"@type":"ListItem","position":1,"name":"Portada","item":"https:\/\/www.anovapeneira.gal\/"},{"@type":"ListItem","position":2,"name":"O futuro do nacionalismo galego"}]},{"@type":"WebSite","@id":"https:\/\/www.anovapeneira.gal\/#website","url":"https:\/\/www.anovapeneira.gal\/","name":"","description":"Xornal galego de informaci\u00f3n xeral Publicaci\u00f3n mensual de novas de Galicia e en especial dos Concellos da sur da provincia de Pontevedra.","publisher":{"@id":"https:\/\/www.anovapeneira.gal\/#organization"},"potentialAction":[{"@type":"SearchAction","target":{"@type":"EntryPoint","urlTemplate":"https:\/\/www.anovapeneira.gal\/?s={search_term_string}"},"query-input":{"@type":"PropertyValueSpecification","valueRequired":true,"valueName":"search_term_string"}}],"inLanguage":"gl-ES"},{"@type":"Organization","@id":"https:\/\/www.anovapeneira.gal\/#organization","name":"A Nova Peneira","url":"https:\/\/www.anovapeneira.gal\/","logo":{"@type":"ImageObject","inLanguage":"gl-ES","@id":"https:\/\/www.anovapeneira.gal\/#\/schema\/logo\/image\/","url":"http:\/\/www.anovapeneira.gal\/wp-content\/uploads\/2019\/06\/logo_a_nova_peneira_portal_web.png","contentUrl":"http:\/\/www.anovapeneira.gal\/wp-content\/uploads\/2019\/06\/logo_a_nova_peneira_portal_web.png","width":300,"height":100,"caption":"A Nova Peneira"},"image":{"@id":"https:\/\/www.anovapeneira.gal\/#\/schema\/logo\/image\/"},"sameAs":["https:\/\/www.facebook.com\/anovapeneira","https:\/\/x.com\/APeneira"]},{"@type":"Person","@id":"https:\/\/www.anovapeneira.gal\/#\/schema\/person\/424dfe65e3070fd8a44d22d2c088762a","name":"Tino Lago","image":{"@type":"ImageObject","inLanguage":"gl-ES","@id":"https:\/\/secure.gravatar.com\/avatar\/b3df6a06e44bab3111583b90f0f33a0379ee5e3d22cbadd232d39f21c30c62be?s=96&d=mm&r=g","url":"https:\/\/secure.gravatar.com\/avatar\/b3df6a06e44bab3111583b90f0f33a0379ee5e3d22cbadd232d39f21c30c62be?s=96&d=mm&r=g","contentUrl":"https:\/\/secure.gravatar.com\/avatar\/b3df6a06e44bab3111583b90f0f33a0379ee5e3d22cbadd232d39f21c30c62be?s=96&d=mm&r=g","caption":"Tino Lago"},"sameAs":["http:\/\/www.anovapeneira.gal"],"url":"https:\/\/www.anovapeneira.gal\/index.php\/author\/director\/"}]}},"jetpack_featured_media_url":"https:\/\/www.anovapeneira.gal\/wp-content\/uploads\/2020\/12\/Bandeira_galega_civil.jpg","_links":{"self":[{"href":"https:\/\/www.anovapeneira.gal\/index.php\/wp-json\/wp\/v2\/posts\/15660","targetHints":{"allow":["GET"]}}],"collection":[{"href":"https:\/\/www.anovapeneira.gal\/index.php\/wp-json\/wp\/v2\/posts"}],"about":[{"href":"https:\/\/www.anovapeneira.gal\/index.php\/wp-json\/wp\/v2\/types\/post"}],"author":[{"embeddable":true,"href":"https:\/\/www.anovapeneira.gal\/index.php\/wp-json\/wp\/v2\/users\/2"}],"replies":[{"embeddable":true,"href":"https:\/\/www.anovapeneira.gal\/index.php\/wp-json\/wp\/v2\/comments?post=15660"}],"version-history":[{"count":1,"href":"https:\/\/www.anovapeneira.gal\/index.php\/wp-json\/wp\/v2\/posts\/15660\/revisions"}],"predecessor-version":[{"id":15661,"href":"https:\/\/www.anovapeneira.gal\/index.php\/wp-json\/wp\/v2\/posts\/15660\/revisions\/15661"}],"wp:featuredmedia":[{"embeddable":true,"href":"https:\/\/www.anovapeneira.gal\/index.php\/wp-json\/wp\/v2\/media\/4479"}],"wp:attachment":[{"href":"https:\/\/www.anovapeneira.gal\/index.php\/wp-json\/wp\/v2\/media?parent=15660"}],"wp:term":[{"taxonomy":"category","embeddable":true,"href":"https:\/\/www.anovapeneira.gal\/index.php\/wp-json\/wp\/v2\/categories?post=15660"},{"taxonomy":"post_tag","embeddable":true,"href":"https:\/\/www.anovapeneira.gal\/index.php\/wp-json\/wp\/v2\/tags?post=15660"}],"curies":[{"name":"wp","href":"https:\/\/api.w.org\/{rel}","templated":true}]}}