{"id":15669,"date":"2026-04-16T12:00:55","date_gmt":"2026-04-16T10:00:55","guid":{"rendered":"https:\/\/www.anovapeneira.gal\/?p=15669"},"modified":"2026-04-15T10:12:48","modified_gmt":"2026-04-15T08:12:48","slug":"fundamentos-eticos-dunha-posicion-politica-de-dereitas","status":"publish","type":"post","link":"https:\/\/www.anovapeneira.gal\/index.php\/2026\/04\/16\/fundamentos-eticos-dunha-posicion-politica-de-dereitas\/","title":{"rendered":"Fundamentos \u00e9ticos dunha posici\u00f3n pol\u00edtica de dereitas"},"content":{"rendered":"\n<figure class=\"wp-block-image size-full is-resized\"><img loading=\"lazy\" decoding=\"async\" width=\"190\" height=\"222\" src=\"https:\/\/www.anovapeneira.gal\/wp-content\/uploads\/2019\/05\/tino_lago_director_a_nova_peneira.jpg\" alt=\"Tino Lago director a Nova Peneira\" class=\"wp-image-189\" style=\"width:91px;height:auto\"\/><figcaption class=\"wp-element-caption\">Tino Lago director a Nova Peneira<\/figcaption><\/figure>\n\n\n\n<p>Todas as persoas tratamos de fundamentar a nosa conduta persoal en s\u00f3lidos principios \u00e9ticos ante os ollos dos demais. Non hai case ningu\u00e9n que te\u00f1a a honestidade intelectual suficiente como para reco\u00f1ecer que, calquera comportamento propio que puidese ser lesivo para unha terceira persoa, est\u00e1 motivado por un interese particular. Sempre ofreceremos \u00e1 mirada allea supostas raz\u00f3ns morais que nos impulsaron a actuar desa maneira.<\/p>\n\n\n\n<p>Na pol\u00edtica acontece o mesmo. As distintas posici\u00f3ns pol\u00edticas sempre son defendidas en funci\u00f3n de valores \u00e9ticos universais. As persoas de dereitas din que o seu modelo social persigue a liberdade do individuo, mentres que as persoas de esquerdas consideran que a forma de organizarse que eles defenden busca a igualdade e a xustiza social.<\/p>\n\n\n\n<p>A liberdade as\u00ed en abstracto \u00e9 un concepto de valor moral indiscutible. Non \u00e9 posible rebater que \u00e9 preferible ser libre a non selo.<\/p>\n\n\n\n<p>O problema xorde cando baixamos ao terreo do concreto e nos cuestionamos tanto cales son os l\u00edmites desa suposta liberdade que defenden os chamados liberais, como a maneira na que se poida executar esa liberdade cando se parte de situaci\u00f3ns de flagrante desigualdade.<\/p>\n\n\n\n<p>O terrible caso da moza Noelia Castillo, que aos 25 anos decidiu acollerse ao seu dereito de morrer con dignidade e deixar de sufrir, amosa unha vez m\u00e1is que a liberdade que defenden os liberais \u00e9 unha flagrante mentira. A rapaza tivo que pasar un aut\u00e9ntico calvario xudicial para poder exercer a s\u00faa liberdade porque os que din defender a liberdade do individuo non pararon de p\u00f3r pedras no cami\u00f1o para impedir que Noelia puidese exercer a s\u00faa liberdade persoal.<\/p>\n\n\n\n<p>Noelia, que aos 25 anos de idade ter\u00eda que estar gozando dos momentos m\u00e1is luminosos vida : da amizade, o sexo, o amor e o pracer de descubrir o mundo en comunidade con outros mozos e mozas da s\u00faa xeraci\u00f3n, morreu. E f\u00edxoo porque tivo a desgraza de nacer nunha familia desestruturada e de escasos recursos econ\u00f3micos. E as\u00ed non se pode ser libre, polo menos non da mesma maneira que o \u00e9 o mozo que nace nunha familia con posibilidade econ\u00f3micas elevadas.<\/p>\n\n\n\n<p>Noelia non puido exercer nunca a s\u00faa liberdade, ag\u00e1s para decidir rematar co seu sufrimento, porque naceu nun contexto social que a situou nunhas condici\u00f3ns nas que non se pod\u00eda permitir ser libre.<\/p>\n\n\n\n<p>Esa \u00e9 unha das d\u00faas condici\u00f3ns que invalidan a liberdade que esgrimen as persoas de dereitas como base \u00e9tica da s\u00faa posici\u00f3n pol\u00edtica: Se partes dunha posici\u00f3n inferior ou moi inferior a outros non tes a mesma capacidade de decisi\u00f3n e en consecuencia ser libre non \u00e9 posible. A segunda condici\u00f3n est\u00e1 nos l\u00edmites da arquitectura moral de cadaqu\u00e9n. Os liberais defenden a liberdade si,pero s\u00f3 a que caiba no interior das fronteiras da s\u00faa concepci\u00f3n moral da realidade. Para as persoas de dereitas, para moitas delas, Noelia non poder\u00eda ter decidido sobre a s\u00faa eutanasia porque para eles esa opci\u00f3n non \u00e9 moralmente concibible. Pasa o mesmo co aborto. As persoas de dereitas defenden a suposta liberdade das mulleres para alugar os seus ventres( en realidade defenden a liberdade de comprar nenos de quen te\u00f1a cartos para podelo facer), a suposta liberdade dos grandes propietarios para especular co prezo dos alugueiros( en realidade defenden a liberdade duns poucos de enriquecerse sen ning\u00fan tipo de l\u00edmites a costa da pobreza de moitos), a suposta liberdade das mulleres prostitu\u00eddas para prostitu\u00edrse( en realidade defenden a liberdade dos homes para comprar o corpo das mulleres), a suposta liberdade para elixir sanidade p\u00fablica ou privada( en realidade defenden que a asistencia sanitaria sexa s\u00f3 para quen a poida pagar)&#8230; pero claro, cando a cuesti\u00f3n toca algo que eles non consideran lex\u00edtimo, como o aborto, a eutanasia&#8230;. al\u00ed xa ser\u00eda necesario regular, \u00e9 dicir prohibir.<\/p>\n\n\n\n<p>Cando algu\u00e9n di ser liberal pero s\u00f3 o \u00e9 no que considera que se pode ser, en realidade o que est\u00e1 defendendo de verdade non \u00e9 ning\u00fan tipo de principio \u00e9tico, sen\u00f3n os intereses de clase. Defende, baixo o paraugas moral da liberdade, que os privilexiados de toda a vida poidan seguir sendo privilexiados.<\/p>\n","protected":false},"excerpt":{"rendered":"<div class=\"mh-excerpt\"><p>Todas as persoas tratamos de fundamentar a nosa conduta persoal en s\u00f3lidos principios \u00e9ticos ante os ollos dos demais <a class=\"mh-excerpt-more\" href=\"https:\/\/www.anovapeneira.gal\/index.php\/2026\/04\/16\/fundamentos-eticos-dunha-posicion-politica-de-dereitas\/\" title=\"Fundamentos \u00e9ticos dunha posici\u00f3n pol\u00edtica de dereitas\">[&#8230;]<\/a><\/p>\n<\/div>","protected":false},"author":2,"featured_media":15670,"comment_status":"open","ping_status":"open","sticky":false,"template":"","format":"standard","meta":{"_exactmetrics_skip_tracking":false,"_exactmetrics_sitenote_active":false,"_exactmetrics_sitenote_note":"","_exactmetrics_sitenote_category":0,"footnotes":""},"categories":[61],"tags":[],"class_list":{"0":"post-15669","1":"post","2":"type-post","3":"status-publish","4":"format-standard","5":"has-post-thumbnail","7":"category-artigo-editorial"},"yoast_head":"<!-- This site is optimized with the Yoast SEO plugin v27.4 - https:\/\/yoast.com\/product\/yoast-seo-wordpress\/ -->\n<title>Fundamentos \u00e9ticos dunha posici\u00f3n pol\u00edtica de dereitas -<\/title>\n<meta name=\"robots\" content=\"index, follow, max-snippet:-1, max-image-preview:large, max-video-preview:-1\" \/>\n<link rel=\"canonical\" href=\"https:\/\/www.anovapeneira.gal\/index.php\/2026\/04\/16\/fundamentos-eticos-dunha-posicion-politica-de-dereitas\/\" \/>\n<meta property=\"og:locale\" content=\"gl_ES\" \/>\n<meta property=\"og:type\" content=\"article\" \/>\n<meta property=\"og:title\" content=\"Fundamentos \u00e9ticos dunha posici\u00f3n pol\u00edtica de dereitas -\" \/>\n<meta property=\"og:description\" content=\"Todas as persoas tratamos de fundamentar a nosa conduta persoal en s\u00f3lidos principios \u00e9ticos ante os ollos dos demais [...]\" \/>\n<meta property=\"og:url\" content=\"https:\/\/www.anovapeneira.gal\/index.php\/2026\/04\/16\/fundamentos-eticos-dunha-posicion-politica-de-dereitas\/\" \/>\n<meta property=\"article:publisher\" content=\"https:\/\/www.facebook.com\/anovapeneira\" \/>\n<meta property=\"article:published_time\" content=\"2026-04-16T10:00:55+00:00\" \/>\n<meta property=\"og:image\" content=\"https:\/\/www.anovapeneira.gal\/wp-content\/uploads\/2026\/04\/liberte.jpg\" \/>\n\t<meta property=\"og:image:width\" content=\"1500\" \/>\n\t<meta property=\"og:image:height\" content=\"790\" \/>\n\t<meta property=\"og:image:type\" content=\"image\/jpeg\" \/>\n<meta name=\"author\" content=\"Tino Lago\" \/>\n<meta name=\"twitter:card\" content=\"summary_large_image\" \/>\n<meta name=\"twitter:creator\" content=\"@APeneira\" \/>\n<meta name=\"twitter:site\" content=\"@APeneira\" \/>\n<meta name=\"twitter:label1\" content=\"Escrito por\" \/>\n\t<meta name=\"twitter:data1\" content=\"Tino Lago\" \/>\n\t<meta name=\"twitter:label2\" content=\"Tempo de lectura\" \/>\n\t<meta name=\"twitter:data2\" content=\"5 minutos\" \/>\n<script type=\"application\/ld+json\" class=\"yoast-schema-graph\">{\"@context\":\"https:\\\/\\\/schema.org\",\"@graph\":[{\"@type\":\"Article\",\"@id\":\"https:\\\/\\\/www.anovapeneira.gal\\\/index.php\\\/2026\\\/04\\\/16\\\/fundamentos-eticos-dunha-posicion-politica-de-dereitas\\\/#article\",\"isPartOf\":{\"@id\":\"https:\\\/\\\/www.anovapeneira.gal\\\/index.php\\\/2026\\\/04\\\/16\\\/fundamentos-eticos-dunha-posicion-politica-de-dereitas\\\/\"},\"author\":{\"name\":\"Tino Lago\",\"@id\":\"https:\\\/\\\/www.anovapeneira.gal\\\/#\\\/schema\\\/person\\\/424dfe65e3070fd8a44d22d2c088762a\"},\"headline\":\"Fundamentos \u00e9ticos dunha posici\u00f3n pol\u00edtica de dereitas\",\"datePublished\":\"2026-04-16T10:00:55+00:00\",\"mainEntityOfPage\":{\"@id\":\"https:\\\/\\\/www.anovapeneira.gal\\\/index.php\\\/2026\\\/04\\\/16\\\/fundamentos-eticos-dunha-posicion-politica-de-dereitas\\\/\"},\"wordCount\":734,\"commentCount\":0,\"publisher\":{\"@id\":\"https:\\\/\\\/www.anovapeneira.gal\\\/#organization\"},\"image\":{\"@id\":\"https:\\\/\\\/www.anovapeneira.gal\\\/index.php\\\/2026\\\/04\\\/16\\\/fundamentos-eticos-dunha-posicion-politica-de-dereitas\\\/#primaryimage\"},\"thumbnailUrl\":\"https:\\\/\\\/www.anovapeneira.gal\\\/wp-content\\\/uploads\\\/2026\\\/04\\\/liberte.jpg\",\"articleSection\":[\"Artigo editorial\"],\"inLanguage\":\"gl-ES\",\"potentialAction\":[{\"@type\":\"CommentAction\",\"name\":\"Comment\",\"target\":[\"https:\\\/\\\/www.anovapeneira.gal\\\/index.php\\\/2026\\\/04\\\/16\\\/fundamentos-eticos-dunha-posicion-politica-de-dereitas\\\/#respond\"]}]},{\"@type\":\"WebPage\",\"@id\":\"https:\\\/\\\/www.anovapeneira.gal\\\/index.php\\\/2026\\\/04\\\/16\\\/fundamentos-eticos-dunha-posicion-politica-de-dereitas\\\/\",\"url\":\"https:\\\/\\\/www.anovapeneira.gal\\\/index.php\\\/2026\\\/04\\\/16\\\/fundamentos-eticos-dunha-posicion-politica-de-dereitas\\\/\",\"name\":\"Fundamentos \u00e9ticos dunha posici\u00f3n pol\u00edtica de dereitas -\",\"isPartOf\":{\"@id\":\"https:\\\/\\\/www.anovapeneira.gal\\\/#website\"},\"primaryImageOfPage\":{\"@id\":\"https:\\\/\\\/www.anovapeneira.gal\\\/index.php\\\/2026\\\/04\\\/16\\\/fundamentos-eticos-dunha-posicion-politica-de-dereitas\\\/#primaryimage\"},\"image\":{\"@id\":\"https:\\\/\\\/www.anovapeneira.gal\\\/index.php\\\/2026\\\/04\\\/16\\\/fundamentos-eticos-dunha-posicion-politica-de-dereitas\\\/#primaryimage\"},\"thumbnailUrl\":\"https:\\\/\\\/www.anovapeneira.gal\\\/wp-content\\\/uploads\\\/2026\\\/04\\\/liberte.jpg\",\"datePublished\":\"2026-04-16T10:00:55+00:00\",\"breadcrumb\":{\"@id\":\"https:\\\/\\\/www.anovapeneira.gal\\\/index.php\\\/2026\\\/04\\\/16\\\/fundamentos-eticos-dunha-posicion-politica-de-dereitas\\\/#breadcrumb\"},\"inLanguage\":\"gl-ES\",\"potentialAction\":[{\"@type\":\"ReadAction\",\"target\":[\"https:\\\/\\\/www.anovapeneira.gal\\\/index.php\\\/2026\\\/04\\\/16\\\/fundamentos-eticos-dunha-posicion-politica-de-dereitas\\\/\"]}]},{\"@type\":\"ImageObject\",\"inLanguage\":\"gl-ES\",\"@id\":\"https:\\\/\\\/www.anovapeneira.gal\\\/index.php\\\/2026\\\/04\\\/16\\\/fundamentos-eticos-dunha-posicion-politica-de-dereitas\\\/#primaryimage\",\"url\":\"https:\\\/\\\/www.anovapeneira.gal\\\/wp-content\\\/uploads\\\/2026\\\/04\\\/liberte.jpg\",\"contentUrl\":\"https:\\\/\\\/www.anovapeneira.gal\\\/wp-content\\\/uploads\\\/2026\\\/04\\\/liberte.jpg\",\"width\":1500,\"height\":790},{\"@type\":\"BreadcrumbList\",\"@id\":\"https:\\\/\\\/www.anovapeneira.gal\\\/index.php\\\/2026\\\/04\\\/16\\\/fundamentos-eticos-dunha-posicion-politica-de-dereitas\\\/#breadcrumb\",\"itemListElement\":[{\"@type\":\"ListItem\",\"position\":1,\"name\":\"Portada\",\"item\":\"https:\\\/\\\/www.anovapeneira.gal\\\/\"},{\"@type\":\"ListItem\",\"position\":2,\"name\":\"Fundamentos \u00e9ticos dunha posici\u00f3n pol\u00edtica de dereitas\"}]},{\"@type\":\"WebSite\",\"@id\":\"https:\\\/\\\/www.anovapeneira.gal\\\/#website\",\"url\":\"https:\\\/\\\/www.anovapeneira.gal\\\/\",\"name\":\"\",\"description\":\"Xornal galego de informaci\u00f3n xeral Publicaci\u00f3n mensual de novas de Galicia e en especial dos Concellos da sur da provincia de Pontevedra.\",\"publisher\":{\"@id\":\"https:\\\/\\\/www.anovapeneira.gal\\\/#organization\"},\"potentialAction\":[{\"@type\":\"SearchAction\",\"target\":{\"@type\":\"EntryPoint\",\"urlTemplate\":\"https:\\\/\\\/www.anovapeneira.gal\\\/?s={search_term_string}\"},\"query-input\":{\"@type\":\"PropertyValueSpecification\",\"valueRequired\":true,\"valueName\":\"search_term_string\"}}],\"inLanguage\":\"gl-ES\"},{\"@type\":\"Organization\",\"@id\":\"https:\\\/\\\/www.anovapeneira.gal\\\/#organization\",\"name\":\"A Nova Peneira\",\"url\":\"https:\\\/\\\/www.anovapeneira.gal\\\/\",\"logo\":{\"@type\":\"ImageObject\",\"inLanguage\":\"gl-ES\",\"@id\":\"https:\\\/\\\/www.anovapeneira.gal\\\/#\\\/schema\\\/logo\\\/image\\\/\",\"url\":\"http:\\\/\\\/www.anovapeneira.gal\\\/wp-content\\\/uploads\\\/2019\\\/06\\\/logo_a_nova_peneira_portal_web.png\",\"contentUrl\":\"http:\\\/\\\/www.anovapeneira.gal\\\/wp-content\\\/uploads\\\/2019\\\/06\\\/logo_a_nova_peneira_portal_web.png\",\"width\":300,\"height\":100,\"caption\":\"A Nova Peneira\"},\"image\":{\"@id\":\"https:\\\/\\\/www.anovapeneira.gal\\\/#\\\/schema\\\/logo\\\/image\\\/\"},\"sameAs\":[\"https:\\\/\\\/www.facebook.com\\\/anovapeneira\",\"https:\\\/\\\/x.com\\\/APeneira\"]},{\"@type\":\"Person\",\"@id\":\"https:\\\/\\\/www.anovapeneira.gal\\\/#\\\/schema\\\/person\\\/424dfe65e3070fd8a44d22d2c088762a\",\"name\":\"Tino Lago\",\"image\":{\"@type\":\"ImageObject\",\"inLanguage\":\"gl-ES\",\"@id\":\"https:\\\/\\\/secure.gravatar.com\\\/avatar\\\/b3df6a06e44bab3111583b90f0f33a0379ee5e3d22cbadd232d39f21c30c62be?s=96&d=mm&r=g\",\"url\":\"https:\\\/\\\/secure.gravatar.com\\\/avatar\\\/b3df6a06e44bab3111583b90f0f33a0379ee5e3d22cbadd232d39f21c30c62be?s=96&d=mm&r=g\",\"contentUrl\":\"https:\\\/\\\/secure.gravatar.com\\\/avatar\\\/b3df6a06e44bab3111583b90f0f33a0379ee5e3d22cbadd232d39f21c30c62be?s=96&d=mm&r=g\",\"caption\":\"Tino Lago\"},\"sameAs\":[\"http:\\\/\\\/www.anovapeneira.gal\"],\"url\":\"https:\\\/\\\/www.anovapeneira.gal\\\/index.php\\\/author\\\/director\\\/\"}]}<\/script>\n<!-- \/ Yoast SEO plugin. -->","yoast_head_json":{"title":"Fundamentos \u00e9ticos dunha posici\u00f3n pol\u00edtica de dereitas -","robots":{"index":"index","follow":"follow","max-snippet":"max-snippet:-1","max-image-preview":"max-image-preview:large","max-video-preview":"max-video-preview:-1"},"canonical":"https:\/\/www.anovapeneira.gal\/index.php\/2026\/04\/16\/fundamentos-eticos-dunha-posicion-politica-de-dereitas\/","og_locale":"gl_ES","og_type":"article","og_title":"Fundamentos \u00e9ticos dunha posici\u00f3n pol\u00edtica de dereitas -","og_description":"Todas as persoas tratamos de fundamentar a nosa conduta persoal en s\u00f3lidos principios \u00e9ticos ante os ollos dos demais [...]","og_url":"https:\/\/www.anovapeneira.gal\/index.php\/2026\/04\/16\/fundamentos-eticos-dunha-posicion-politica-de-dereitas\/","article_publisher":"https:\/\/www.facebook.com\/anovapeneira","article_published_time":"2026-04-16T10:00:55+00:00","og_image":[{"width":1500,"height":790,"url":"https:\/\/www.anovapeneira.gal\/wp-content\/uploads\/2026\/04\/liberte.jpg","type":"image\/jpeg"}],"author":"Tino Lago","twitter_card":"summary_large_image","twitter_creator":"@APeneira","twitter_site":"@APeneira","twitter_misc":{"Escrito por":"Tino Lago","Tempo de lectura":"5 minutos"},"schema":{"@context":"https:\/\/schema.org","@graph":[{"@type":"Article","@id":"https:\/\/www.anovapeneira.gal\/index.php\/2026\/04\/16\/fundamentos-eticos-dunha-posicion-politica-de-dereitas\/#article","isPartOf":{"@id":"https:\/\/www.anovapeneira.gal\/index.php\/2026\/04\/16\/fundamentos-eticos-dunha-posicion-politica-de-dereitas\/"},"author":{"name":"Tino Lago","@id":"https:\/\/www.anovapeneira.gal\/#\/schema\/person\/424dfe65e3070fd8a44d22d2c088762a"},"headline":"Fundamentos \u00e9ticos dunha posici\u00f3n pol\u00edtica de dereitas","datePublished":"2026-04-16T10:00:55+00:00","mainEntityOfPage":{"@id":"https:\/\/www.anovapeneira.gal\/index.php\/2026\/04\/16\/fundamentos-eticos-dunha-posicion-politica-de-dereitas\/"},"wordCount":734,"commentCount":0,"publisher":{"@id":"https:\/\/www.anovapeneira.gal\/#organization"},"image":{"@id":"https:\/\/www.anovapeneira.gal\/index.php\/2026\/04\/16\/fundamentos-eticos-dunha-posicion-politica-de-dereitas\/#primaryimage"},"thumbnailUrl":"https:\/\/www.anovapeneira.gal\/wp-content\/uploads\/2026\/04\/liberte.jpg","articleSection":["Artigo editorial"],"inLanguage":"gl-ES","potentialAction":[{"@type":"CommentAction","name":"Comment","target":["https:\/\/www.anovapeneira.gal\/index.php\/2026\/04\/16\/fundamentos-eticos-dunha-posicion-politica-de-dereitas\/#respond"]}]},{"@type":"WebPage","@id":"https:\/\/www.anovapeneira.gal\/index.php\/2026\/04\/16\/fundamentos-eticos-dunha-posicion-politica-de-dereitas\/","url":"https:\/\/www.anovapeneira.gal\/index.php\/2026\/04\/16\/fundamentos-eticos-dunha-posicion-politica-de-dereitas\/","name":"Fundamentos \u00e9ticos dunha posici\u00f3n pol\u00edtica de dereitas -","isPartOf":{"@id":"https:\/\/www.anovapeneira.gal\/#website"},"primaryImageOfPage":{"@id":"https:\/\/www.anovapeneira.gal\/index.php\/2026\/04\/16\/fundamentos-eticos-dunha-posicion-politica-de-dereitas\/#primaryimage"},"image":{"@id":"https:\/\/www.anovapeneira.gal\/index.php\/2026\/04\/16\/fundamentos-eticos-dunha-posicion-politica-de-dereitas\/#primaryimage"},"thumbnailUrl":"https:\/\/www.anovapeneira.gal\/wp-content\/uploads\/2026\/04\/liberte.jpg","datePublished":"2026-04-16T10:00:55+00:00","breadcrumb":{"@id":"https:\/\/www.anovapeneira.gal\/index.php\/2026\/04\/16\/fundamentos-eticos-dunha-posicion-politica-de-dereitas\/#breadcrumb"},"inLanguage":"gl-ES","potentialAction":[{"@type":"ReadAction","target":["https:\/\/www.anovapeneira.gal\/index.php\/2026\/04\/16\/fundamentos-eticos-dunha-posicion-politica-de-dereitas\/"]}]},{"@type":"ImageObject","inLanguage":"gl-ES","@id":"https:\/\/www.anovapeneira.gal\/index.php\/2026\/04\/16\/fundamentos-eticos-dunha-posicion-politica-de-dereitas\/#primaryimage","url":"https:\/\/www.anovapeneira.gal\/wp-content\/uploads\/2026\/04\/liberte.jpg","contentUrl":"https:\/\/www.anovapeneira.gal\/wp-content\/uploads\/2026\/04\/liberte.jpg","width":1500,"height":790},{"@type":"BreadcrumbList","@id":"https:\/\/www.anovapeneira.gal\/index.php\/2026\/04\/16\/fundamentos-eticos-dunha-posicion-politica-de-dereitas\/#breadcrumb","itemListElement":[{"@type":"ListItem","position":1,"name":"Portada","item":"https:\/\/www.anovapeneira.gal\/"},{"@type":"ListItem","position":2,"name":"Fundamentos \u00e9ticos dunha posici\u00f3n pol\u00edtica de dereitas"}]},{"@type":"WebSite","@id":"https:\/\/www.anovapeneira.gal\/#website","url":"https:\/\/www.anovapeneira.gal\/","name":"","description":"Xornal galego de informaci\u00f3n xeral Publicaci\u00f3n mensual de novas de Galicia e en especial dos Concellos da sur da provincia de Pontevedra.","publisher":{"@id":"https:\/\/www.anovapeneira.gal\/#organization"},"potentialAction":[{"@type":"SearchAction","target":{"@type":"EntryPoint","urlTemplate":"https:\/\/www.anovapeneira.gal\/?s={search_term_string}"},"query-input":{"@type":"PropertyValueSpecification","valueRequired":true,"valueName":"search_term_string"}}],"inLanguage":"gl-ES"},{"@type":"Organization","@id":"https:\/\/www.anovapeneira.gal\/#organization","name":"A Nova Peneira","url":"https:\/\/www.anovapeneira.gal\/","logo":{"@type":"ImageObject","inLanguage":"gl-ES","@id":"https:\/\/www.anovapeneira.gal\/#\/schema\/logo\/image\/","url":"http:\/\/www.anovapeneira.gal\/wp-content\/uploads\/2019\/06\/logo_a_nova_peneira_portal_web.png","contentUrl":"http:\/\/www.anovapeneira.gal\/wp-content\/uploads\/2019\/06\/logo_a_nova_peneira_portal_web.png","width":300,"height":100,"caption":"A Nova Peneira"},"image":{"@id":"https:\/\/www.anovapeneira.gal\/#\/schema\/logo\/image\/"},"sameAs":["https:\/\/www.facebook.com\/anovapeneira","https:\/\/x.com\/APeneira"]},{"@type":"Person","@id":"https:\/\/www.anovapeneira.gal\/#\/schema\/person\/424dfe65e3070fd8a44d22d2c088762a","name":"Tino Lago","image":{"@type":"ImageObject","inLanguage":"gl-ES","@id":"https:\/\/secure.gravatar.com\/avatar\/b3df6a06e44bab3111583b90f0f33a0379ee5e3d22cbadd232d39f21c30c62be?s=96&d=mm&r=g","url":"https:\/\/secure.gravatar.com\/avatar\/b3df6a06e44bab3111583b90f0f33a0379ee5e3d22cbadd232d39f21c30c62be?s=96&d=mm&r=g","contentUrl":"https:\/\/secure.gravatar.com\/avatar\/b3df6a06e44bab3111583b90f0f33a0379ee5e3d22cbadd232d39f21c30c62be?s=96&d=mm&r=g","caption":"Tino Lago"},"sameAs":["http:\/\/www.anovapeneira.gal"],"url":"https:\/\/www.anovapeneira.gal\/index.php\/author\/director\/"}]}},"jetpack_featured_media_url":"https:\/\/www.anovapeneira.gal\/wp-content\/uploads\/2026\/04\/liberte.jpg","_links":{"self":[{"href":"https:\/\/www.anovapeneira.gal\/index.php\/wp-json\/wp\/v2\/posts\/15669","targetHints":{"allow":["GET"]}}],"collection":[{"href":"https:\/\/www.anovapeneira.gal\/index.php\/wp-json\/wp\/v2\/posts"}],"about":[{"href":"https:\/\/www.anovapeneira.gal\/index.php\/wp-json\/wp\/v2\/types\/post"}],"author":[{"embeddable":true,"href":"https:\/\/www.anovapeneira.gal\/index.php\/wp-json\/wp\/v2\/users\/2"}],"replies":[{"embeddable":true,"href":"https:\/\/www.anovapeneira.gal\/index.php\/wp-json\/wp\/v2\/comments?post=15669"}],"version-history":[{"count":1,"href":"https:\/\/www.anovapeneira.gal\/index.php\/wp-json\/wp\/v2\/posts\/15669\/revisions"}],"predecessor-version":[{"id":15671,"href":"https:\/\/www.anovapeneira.gal\/index.php\/wp-json\/wp\/v2\/posts\/15669\/revisions\/15671"}],"wp:featuredmedia":[{"embeddable":true,"href":"https:\/\/www.anovapeneira.gal\/index.php\/wp-json\/wp\/v2\/media\/15670"}],"wp:attachment":[{"href":"https:\/\/www.anovapeneira.gal\/index.php\/wp-json\/wp\/v2\/media?parent=15669"}],"wp:term":[{"taxonomy":"category","embeddable":true,"href":"https:\/\/www.anovapeneira.gal\/index.php\/wp-json\/wp\/v2\/categories?post=15669"},{"taxonomy":"post_tag","embeddable":true,"href":"https:\/\/www.anovapeneira.gal\/index.php\/wp-json\/wp\/v2\/tags?post=15669"}],"curies":[{"name":"wp","href":"https:\/\/api.w.org\/{rel}","templated":true}]}}