{"id":15672,"date":"2026-04-17T10:00:33","date_gmt":"2026-04-17T08:00:33","guid":{"rendered":"https:\/\/www.anovapeneira.gal\/?p=15672"},"modified":"2026-04-16T13:34:22","modified_gmt":"2026-04-16T11:34:22","slug":"non-lembrar-non-querer-aprender","status":"publish","type":"post","link":"https:\/\/www.anovapeneira.gal\/index.php\/2026\/04\/17\/non-lembrar-non-querer-aprender\/","title":{"rendered":"Non lembrar, non querer aprender"},"content":{"rendered":"\n<figure class=\"wp-block-image size-full is-resized\"><img loading=\"lazy\" decoding=\"async\" width=\"190\" height=\"222\" src=\"https:\/\/www.anovapeneira.gal\/wp-content\/uploads\/2019\/07\/Baldomero_Iglesias_Dobarrio_Mero.jpg\" alt=\"Baldomero Iglesias Dobarrio Mero artigos de opini\u00f3n A Nova Peneira\" class=\"wp-image-482\" style=\"width:74px;height:auto\"\/><figcaption class=\"wp-element-caption\">Baldomero Iglesias Dobarrio, Mero<\/figcaption><\/figure>\n\n\n\n<p>Estamos condenados a repetirnos. Non damos aprendido da historia e da experiencia que deixa como ronsel ecos de aprendizaxes moi de ter en conta. E ent\u00f3n sucede o que estamos vendo, a\u00ednda sen crer que puideramos ter chegado aqu\u00ed. Eu coidaba non ter que ver marchar \u00e1 xente nova \u00e1 emigraci\u00f3n, coidaba que coa preparaci\u00f3n acadada haber\u00eda traballo e postos de labor para todas e todos. Coidaba, na mi\u00f1a parva e incauta condici\u00f3n, que seriamos quen de dar o mesmo trato que tantas veces nos deron a n\u00f3s, ou aos nosos, cando fomos traballar lonxe, buscando ese mesmo pan ou algo da xustiza que aqu\u00ed non hab\u00eda, que saberiamos acoller aos que chegaban famentos do mesmo pan ou da mesma xustiza. A culpa de non aprender da historia \u00e9 que se repite todo, que volvemos sobre os erros cometidos, que non sabemos nin saberemos cantas veces aquilo que pasou xa no pasado, e non lembrado, volver\u00e1 saber. Que tropezaremos novamente nas mesmas cr\u00e9dulas pedras do cami\u00f1o e iso imp\u00eddenos avanzar sequera na cordura. Que si, que xa chegamos aqu\u00ed, a onde os que te\u00f1en o poder abusan del e fan calquera cousa con tal de garantirse o beneficio, son tempos de tolos e de toleadas, de perturbar a orde mundial, internacional e social de todo o planeta. Non te\u00f1en cerebro nin sentimentos, tampouco memoria -non lles interesa- e dan pasos ambiguos de falsidades e neutralidades espesas porque se lles permite e son votados, neste caso por sete mill\u00f3ns de parvos que, coido, m\u00e1is parvos c\u00e1 min.<\/p>\n\n\n\n<p>Tam\u00e9n \u00e9 culpa dos que estivemos dando por bos, feitos de pouca ou escasa definici\u00f3n, momentos de d\u00fabida, de non querer comprometerse, de non facer, de ausentarse, de privarse de dicir, de calar habilmente, de non facer sen\u00f3n disimular, de medio-mentir, de irse por eufon\u00edas e frases lapidarias, de crear preguntas e novas d\u00fabidas, de non esclarecer nin positivar, de non definirse, de agacharse detr\u00e1s da ramalleira cando tiramos a pedra, de arroupar ao verdugo, de silenciar \u00e1 v\u00edtima. Mellor dito, para non caer en medias palabras e sinxelezas: de non arroupar \u00e1 persoa a executar diante da perversa e sibilina xenreira do executor. Cando deberamos petar na mesa e facernos o\u00edr en desacordo cos abusos, interrompendo aos agresores, aos executores que case sempre gozan de impunidade e axudas. Debemos chantarnos dunha vez! Si, estivemos calados e esquecendo, que \u00e9 o modo de curarnos na pasividade. Mirando a outro lado. E son precisamente esas pequenas cousas que todos sabemos, as de todos os d\u00edas, disimulando esas que quedan penduradas do silencio c\u00f3mplice, as que -precisamente- nos van deteriorando e, chegado o momento, derrotando ata facernos sometidos.<\/p>\n\n\n\n<p>Hai no mundo -diante dos ollos- unha guerra latente entre democracias e totalitarismos, e n\u00f3s tan tranquilos vemos as imaxes e emitimos os nosos xu\u00edzos. Non caemos na conta de que nos xogamos non s\u00f3 aquel pan do que antes falaba, sen\u00f3n tam\u00e9n a xustiza. Esa que non arroupa en caso de abuso, imperfecta si, pero con posibilidade de correcci\u00f3n. Que, por certo, moita correcci\u00f3n precisa para que non haxa tanta xente con problemas para poder vivir, mentres outros acumulan o que nunca poder\u00edan gastar nin malgastar. Non ter\u00eda sequera tempo de contalo!. Est\u00e1 ben non ser alarmistas pero \u00e9 que xa est\u00e1 sendo esa guerra absoluta levada adiante por xente de dubidosa credibilidade intelectiva. Todo se repite anque en distintas realidades e circunstancias, rostros distintos e medios ambientais distintos, pero reco\u00f1ecibles. Os feitos son os mesmos, o poder corrompido toma a palabra. Hoxe \u00e9 moi rendible afogar ao inimigo, bloquear a s\u00faa econom\u00eda, perseguir e confiscar os seus bens, apropiarse de canto te\u00f1an, dinamitar os seus ben, os seus modos de vida. Os ollos do mundo miran para onde lles indican os medios de comunicaci\u00f3n, interesa as\u00ed porque est\u00e1n manexados por f\u00edos invisibles e obedecen baixo a ameaza corrupta dos que os moven. F\u00edos moi finos pero suficientes para trocar vontades e controlar votaci\u00f3ns, decisi\u00f3ns do m\u00e1is alto nivel. Os resultados xuntan aos mesmos se\u00f1ores da guerra cos c\u00f3mplices por conveniencia.<\/p>\n\n\n\n<p>Estamos \u00e1 vontade dos caprichos de \u201cnenos ben\u201d moi mal criados e de pa\u00edses submisos que se cren superlativos, deuses dun tempo novo. Van progresivamente causando o mal, ningu\u00e9n sabe o pr\u00f3ximo obxectivo, de entre os moitos que lles apetecen. Todos somos inimigos mentres non baixemos as orellas. Ataques e ciber-ataques, campa\u00f1as de informaci\u00f3n que confunden, drons cargados de malicia, m\u00edsiles &nbsp;precisos, explosivos da \u00faltima xeraci\u00f3n, &#8230;e vendo como menten e xustifican mortes de tanta xente inocente.<\/p>\n\n\n\n<p>Onde estaba Franco, Hitler e Musolini e outros moitos que fixeron uso da forza e non da raz\u00f3n nin o dereito, agora est\u00e1n todos estes. Eses que rin de \u201ctododi\u00f3s\u201d e que denigran a condici\u00f3n humana, estes que avergo\u00f1an a intelixencia. Os mesmos feitos de todos aqueles \u201ciluminados\u201d que quixeron ama\u00f1ar o mundo a base de medo, terror, ameazas, fame e morte. Agora son estes descerebrados da ollada perdida en odios e xenreiras, en bloqueos, en obxectivos doados que esmaguen pobos e naci\u00f3ns, invadindo estados daqueles que te\u00f1an aqueles bens e resulten para eles tan necesarios. Ser\u00eda bo non esquecer e aprender do pasado.<\/p>\n","protected":false},"excerpt":{"rendered":"<div class=\"mh-excerpt\"><p>Estamos condenados a repetirnos. Non damos aprendido da historia e da experiencia que deixa como ronsel ecos de aprendizaxes moi de ter en conta. <a class=\"mh-excerpt-more\" href=\"https:\/\/www.anovapeneira.gal\/index.php\/2026\/04\/17\/non-lembrar-non-querer-aprender\/\" title=\"Non lembrar, non querer aprender\">[&#8230;]<\/a><\/p>\n<\/div>","protected":false},"author":5,"featured_media":584,"comment_status":"open","ping_status":"open","sticky":false,"template":"","format":"standard","meta":{"_exactmetrics_skip_tracking":false,"_exactmetrics_sitenote_active":false,"_exactmetrics_sitenote_note":"","_exactmetrics_sitenote_category":0,"footnotes":""},"categories":[7],"tags":[],"class_list":{"0":"post-15672","1":"post","2":"type-post","3":"status-publish","4":"format-standard","5":"has-post-thumbnail","7":"category-artigos-de-opinion"},"yoast_head":"<!-- This site is optimized with the Yoast SEO plugin v27.4 - https:\/\/yoast.com\/product\/yoast-seo-wordpress\/ -->\n<title>Non lembrar, non querer aprender -<\/title>\n<meta name=\"robots\" content=\"index, follow, max-snippet:-1, max-image-preview:large, max-video-preview:-1\" \/>\n<link rel=\"canonical\" href=\"https:\/\/www.anovapeneira.gal\/index.php\/2026\/04\/17\/non-lembrar-non-querer-aprender\/\" \/>\n<meta property=\"og:locale\" content=\"gl_ES\" \/>\n<meta property=\"og:type\" content=\"article\" \/>\n<meta property=\"og:title\" content=\"Non lembrar, non querer aprender -\" \/>\n<meta property=\"og:description\" content=\"Estamos condenados a repetirnos. Non damos aprendido da historia e da experiencia que deixa como ronsel ecos de aprendizaxes moi de ter en conta. [...]\" \/>\n<meta property=\"og:url\" content=\"https:\/\/www.anovapeneira.gal\/index.php\/2026\/04\/17\/non-lembrar-non-querer-aprender\/\" \/>\n<meta property=\"article:publisher\" content=\"https:\/\/www.facebook.com\/anovapeneira\" \/>\n<meta property=\"article:published_time\" content=\"2026-04-17T08:00:33+00:00\" \/>\n<meta property=\"og:image\" content=\"https:\/\/www.anovapeneira.gal\/wp-content\/uploads\/2019\/07\/ARTIGO_DE_OPINION_A_NOVA_PENEIRA.jpg\" \/>\n\t<meta property=\"og:image:width\" content=\"720\" \/>\n\t<meta property=\"og:image:height\" content=\"473\" \/>\n\t<meta property=\"og:image:type\" content=\"image\/jpeg\" \/>\n<meta name=\"author\" content=\"Baldomero Iglesias Dobarrio, Mero\" \/>\n<meta name=\"twitter:card\" content=\"summary_large_image\" \/>\n<meta name=\"twitter:creator\" content=\"@APeneira\" \/>\n<meta name=\"twitter:site\" content=\"@APeneira\" \/>\n<meta name=\"twitter:label1\" content=\"Escrito por\" \/>\n\t<meta name=\"twitter:data1\" content=\"Baldomero Iglesias Dobarrio, Mero\" \/>\n\t<meta name=\"twitter:label2\" content=\"Tempo de lectura\" \/>\n\t<meta name=\"twitter:data2\" content=\"6 minutos\" \/>\n<script type=\"application\/ld+json\" class=\"yoast-schema-graph\">{\"@context\":\"https:\\\/\\\/schema.org\",\"@graph\":[{\"@type\":\"Article\",\"@id\":\"https:\\\/\\\/www.anovapeneira.gal\\\/index.php\\\/2026\\\/04\\\/17\\\/non-lembrar-non-querer-aprender\\\/#article\",\"isPartOf\":{\"@id\":\"https:\\\/\\\/www.anovapeneira.gal\\\/index.php\\\/2026\\\/04\\\/17\\\/non-lembrar-non-querer-aprender\\\/\"},\"author\":{\"name\":\"Baldomero Iglesias Dobarrio, Mero\",\"@id\":\"https:\\\/\\\/www.anovapeneira.gal\\\/#\\\/schema\\\/person\\\/b051ed40cfc100e281476674783b32fc\"},\"headline\":\"Non lembrar, non querer aprender\",\"datePublished\":\"2026-04-17T08:00:33+00:00\",\"mainEntityOfPage\":{\"@id\":\"https:\\\/\\\/www.anovapeneira.gal\\\/index.php\\\/2026\\\/04\\\/17\\\/non-lembrar-non-querer-aprender\\\/\"},\"wordCount\":919,\"commentCount\":0,\"publisher\":{\"@id\":\"https:\\\/\\\/www.anovapeneira.gal\\\/#organization\"},\"image\":{\"@id\":\"https:\\\/\\\/www.anovapeneira.gal\\\/index.php\\\/2026\\\/04\\\/17\\\/non-lembrar-non-querer-aprender\\\/#primaryimage\"},\"thumbnailUrl\":\"https:\\\/\\\/www.anovapeneira.gal\\\/wp-content\\\/uploads\\\/2019\\\/07\\\/ARTIGO_DE_OPINION_A_NOVA_PENEIRA.jpg\",\"articleSection\":[\"Artigos de opini\u00f3n\"],\"inLanguage\":\"gl-ES\",\"potentialAction\":[{\"@type\":\"CommentAction\",\"name\":\"Comment\",\"target\":[\"https:\\\/\\\/www.anovapeneira.gal\\\/index.php\\\/2026\\\/04\\\/17\\\/non-lembrar-non-querer-aprender\\\/#respond\"]}]},{\"@type\":\"WebPage\",\"@id\":\"https:\\\/\\\/www.anovapeneira.gal\\\/index.php\\\/2026\\\/04\\\/17\\\/non-lembrar-non-querer-aprender\\\/\",\"url\":\"https:\\\/\\\/www.anovapeneira.gal\\\/index.php\\\/2026\\\/04\\\/17\\\/non-lembrar-non-querer-aprender\\\/\",\"name\":\"Non lembrar, non querer aprender -\",\"isPartOf\":{\"@id\":\"https:\\\/\\\/www.anovapeneira.gal\\\/#website\"},\"primaryImageOfPage\":{\"@id\":\"https:\\\/\\\/www.anovapeneira.gal\\\/index.php\\\/2026\\\/04\\\/17\\\/non-lembrar-non-querer-aprender\\\/#primaryimage\"},\"image\":{\"@id\":\"https:\\\/\\\/www.anovapeneira.gal\\\/index.php\\\/2026\\\/04\\\/17\\\/non-lembrar-non-querer-aprender\\\/#primaryimage\"},\"thumbnailUrl\":\"https:\\\/\\\/www.anovapeneira.gal\\\/wp-content\\\/uploads\\\/2019\\\/07\\\/ARTIGO_DE_OPINION_A_NOVA_PENEIRA.jpg\",\"datePublished\":\"2026-04-17T08:00:33+00:00\",\"breadcrumb\":{\"@id\":\"https:\\\/\\\/www.anovapeneira.gal\\\/index.php\\\/2026\\\/04\\\/17\\\/non-lembrar-non-querer-aprender\\\/#breadcrumb\"},\"inLanguage\":\"gl-ES\",\"potentialAction\":[{\"@type\":\"ReadAction\",\"target\":[\"https:\\\/\\\/www.anovapeneira.gal\\\/index.php\\\/2026\\\/04\\\/17\\\/non-lembrar-non-querer-aprender\\\/\"]}]},{\"@type\":\"ImageObject\",\"inLanguage\":\"gl-ES\",\"@id\":\"https:\\\/\\\/www.anovapeneira.gal\\\/index.php\\\/2026\\\/04\\\/17\\\/non-lembrar-non-querer-aprender\\\/#primaryimage\",\"url\":\"https:\\\/\\\/www.anovapeneira.gal\\\/wp-content\\\/uploads\\\/2019\\\/07\\\/ARTIGO_DE_OPINION_A_NOVA_PENEIRA.jpg\",\"contentUrl\":\"https:\\\/\\\/www.anovapeneira.gal\\\/wp-content\\\/uploads\\\/2019\\\/07\\\/ARTIGO_DE_OPINION_A_NOVA_PENEIRA.jpg\",\"width\":720,\"height\":473,\"caption\":\"Artigo de opini\u00f3n A Nova Peneira\"},{\"@type\":\"BreadcrumbList\",\"@id\":\"https:\\\/\\\/www.anovapeneira.gal\\\/index.php\\\/2026\\\/04\\\/17\\\/non-lembrar-non-querer-aprender\\\/#breadcrumb\",\"itemListElement\":[{\"@type\":\"ListItem\",\"position\":1,\"name\":\"Portada\",\"item\":\"https:\\\/\\\/www.anovapeneira.gal\\\/\"},{\"@type\":\"ListItem\",\"position\":2,\"name\":\"Non lembrar, non querer aprender\"}]},{\"@type\":\"WebSite\",\"@id\":\"https:\\\/\\\/www.anovapeneira.gal\\\/#website\",\"url\":\"https:\\\/\\\/www.anovapeneira.gal\\\/\",\"name\":\"\",\"description\":\"Xornal galego de informaci\u00f3n xeral Publicaci\u00f3n mensual de novas de Galicia e en especial dos Concellos da sur da provincia de Pontevedra.\",\"publisher\":{\"@id\":\"https:\\\/\\\/www.anovapeneira.gal\\\/#organization\"},\"potentialAction\":[{\"@type\":\"SearchAction\",\"target\":{\"@type\":\"EntryPoint\",\"urlTemplate\":\"https:\\\/\\\/www.anovapeneira.gal\\\/?s={search_term_string}\"},\"query-input\":{\"@type\":\"PropertyValueSpecification\",\"valueRequired\":true,\"valueName\":\"search_term_string\"}}],\"inLanguage\":\"gl-ES\"},{\"@type\":\"Organization\",\"@id\":\"https:\\\/\\\/www.anovapeneira.gal\\\/#organization\",\"name\":\"A Nova Peneira\",\"url\":\"https:\\\/\\\/www.anovapeneira.gal\\\/\",\"logo\":{\"@type\":\"ImageObject\",\"inLanguage\":\"gl-ES\",\"@id\":\"https:\\\/\\\/www.anovapeneira.gal\\\/#\\\/schema\\\/logo\\\/image\\\/\",\"url\":\"http:\\\/\\\/www.anovapeneira.gal\\\/wp-content\\\/uploads\\\/2019\\\/06\\\/logo_a_nova_peneira_portal_web.png\",\"contentUrl\":\"http:\\\/\\\/www.anovapeneira.gal\\\/wp-content\\\/uploads\\\/2019\\\/06\\\/logo_a_nova_peneira_portal_web.png\",\"width\":300,\"height\":100,\"caption\":\"A Nova Peneira\"},\"image\":{\"@id\":\"https:\\\/\\\/www.anovapeneira.gal\\\/#\\\/schema\\\/logo\\\/image\\\/\"},\"sameAs\":[\"https:\\\/\\\/www.facebook.com\\\/anovapeneira\",\"https:\\\/\\\/x.com\\\/APeneira\"]},{\"@type\":\"Person\",\"@id\":\"https:\\\/\\\/www.anovapeneira.gal\\\/#\\\/schema\\\/person\\\/b051ed40cfc100e281476674783b32fc\",\"name\":\"Baldomero Iglesias Dobarrio, Mero\",\"image\":{\"@type\":\"ImageObject\",\"inLanguage\":\"gl-ES\",\"@id\":\"https:\\\/\\\/secure.gravatar.com\\\/avatar\\\/ca78fc089f8cf28197f88de2c9ac213e2f7d2097d8e359d9359b8778b539c59d?s=96&d=mm&r=g\",\"url\":\"https:\\\/\\\/secure.gravatar.com\\\/avatar\\\/ca78fc089f8cf28197f88de2c9ac213e2f7d2097d8e359d9359b8778b539c59d?s=96&d=mm&r=g\",\"contentUrl\":\"https:\\\/\\\/secure.gravatar.com\\\/avatar\\\/ca78fc089f8cf28197f88de2c9ac213e2f7d2097d8e359d9359b8778b539c59d?s=96&d=mm&r=g\",\"caption\":\"Baldomero Iglesias Dobarrio, Mero\"},\"sameAs\":[\"http:\\\/\\\/anovapeneira.gal\"],\"url\":\"https:\\\/\\\/www.anovapeneira.gal\\\/index.php\\\/author\\\/opinionmero\\\/\"}]}<\/script>\n<!-- \/ Yoast SEO plugin. -->","yoast_head_json":{"title":"Non lembrar, non querer aprender -","robots":{"index":"index","follow":"follow","max-snippet":"max-snippet:-1","max-image-preview":"max-image-preview:large","max-video-preview":"max-video-preview:-1"},"canonical":"https:\/\/www.anovapeneira.gal\/index.php\/2026\/04\/17\/non-lembrar-non-querer-aprender\/","og_locale":"gl_ES","og_type":"article","og_title":"Non lembrar, non querer aprender -","og_description":"Estamos condenados a repetirnos. Non damos aprendido da historia e da experiencia que deixa como ronsel ecos de aprendizaxes moi de ter en conta. [...]","og_url":"https:\/\/www.anovapeneira.gal\/index.php\/2026\/04\/17\/non-lembrar-non-querer-aprender\/","article_publisher":"https:\/\/www.facebook.com\/anovapeneira","article_published_time":"2026-04-17T08:00:33+00:00","og_image":[{"width":720,"height":473,"url":"https:\/\/www.anovapeneira.gal\/wp-content\/uploads\/2019\/07\/ARTIGO_DE_OPINION_A_NOVA_PENEIRA.jpg","type":"image\/jpeg"}],"author":"Baldomero Iglesias Dobarrio, Mero","twitter_card":"summary_large_image","twitter_creator":"@APeneira","twitter_site":"@APeneira","twitter_misc":{"Escrito por":"Baldomero Iglesias Dobarrio, Mero","Tempo de lectura":"6 minutos"},"schema":{"@context":"https:\/\/schema.org","@graph":[{"@type":"Article","@id":"https:\/\/www.anovapeneira.gal\/index.php\/2026\/04\/17\/non-lembrar-non-querer-aprender\/#article","isPartOf":{"@id":"https:\/\/www.anovapeneira.gal\/index.php\/2026\/04\/17\/non-lembrar-non-querer-aprender\/"},"author":{"name":"Baldomero Iglesias Dobarrio, Mero","@id":"https:\/\/www.anovapeneira.gal\/#\/schema\/person\/b051ed40cfc100e281476674783b32fc"},"headline":"Non lembrar, non querer aprender","datePublished":"2026-04-17T08:00:33+00:00","mainEntityOfPage":{"@id":"https:\/\/www.anovapeneira.gal\/index.php\/2026\/04\/17\/non-lembrar-non-querer-aprender\/"},"wordCount":919,"commentCount":0,"publisher":{"@id":"https:\/\/www.anovapeneira.gal\/#organization"},"image":{"@id":"https:\/\/www.anovapeneira.gal\/index.php\/2026\/04\/17\/non-lembrar-non-querer-aprender\/#primaryimage"},"thumbnailUrl":"https:\/\/www.anovapeneira.gal\/wp-content\/uploads\/2019\/07\/ARTIGO_DE_OPINION_A_NOVA_PENEIRA.jpg","articleSection":["Artigos de opini\u00f3n"],"inLanguage":"gl-ES","potentialAction":[{"@type":"CommentAction","name":"Comment","target":["https:\/\/www.anovapeneira.gal\/index.php\/2026\/04\/17\/non-lembrar-non-querer-aprender\/#respond"]}]},{"@type":"WebPage","@id":"https:\/\/www.anovapeneira.gal\/index.php\/2026\/04\/17\/non-lembrar-non-querer-aprender\/","url":"https:\/\/www.anovapeneira.gal\/index.php\/2026\/04\/17\/non-lembrar-non-querer-aprender\/","name":"Non lembrar, non querer aprender -","isPartOf":{"@id":"https:\/\/www.anovapeneira.gal\/#website"},"primaryImageOfPage":{"@id":"https:\/\/www.anovapeneira.gal\/index.php\/2026\/04\/17\/non-lembrar-non-querer-aprender\/#primaryimage"},"image":{"@id":"https:\/\/www.anovapeneira.gal\/index.php\/2026\/04\/17\/non-lembrar-non-querer-aprender\/#primaryimage"},"thumbnailUrl":"https:\/\/www.anovapeneira.gal\/wp-content\/uploads\/2019\/07\/ARTIGO_DE_OPINION_A_NOVA_PENEIRA.jpg","datePublished":"2026-04-17T08:00:33+00:00","breadcrumb":{"@id":"https:\/\/www.anovapeneira.gal\/index.php\/2026\/04\/17\/non-lembrar-non-querer-aprender\/#breadcrumb"},"inLanguage":"gl-ES","potentialAction":[{"@type":"ReadAction","target":["https:\/\/www.anovapeneira.gal\/index.php\/2026\/04\/17\/non-lembrar-non-querer-aprender\/"]}]},{"@type":"ImageObject","inLanguage":"gl-ES","@id":"https:\/\/www.anovapeneira.gal\/index.php\/2026\/04\/17\/non-lembrar-non-querer-aprender\/#primaryimage","url":"https:\/\/www.anovapeneira.gal\/wp-content\/uploads\/2019\/07\/ARTIGO_DE_OPINION_A_NOVA_PENEIRA.jpg","contentUrl":"https:\/\/www.anovapeneira.gal\/wp-content\/uploads\/2019\/07\/ARTIGO_DE_OPINION_A_NOVA_PENEIRA.jpg","width":720,"height":473,"caption":"Artigo de opini\u00f3n A Nova Peneira"},{"@type":"BreadcrumbList","@id":"https:\/\/www.anovapeneira.gal\/index.php\/2026\/04\/17\/non-lembrar-non-querer-aprender\/#breadcrumb","itemListElement":[{"@type":"ListItem","position":1,"name":"Portada","item":"https:\/\/www.anovapeneira.gal\/"},{"@type":"ListItem","position":2,"name":"Non lembrar, non querer aprender"}]},{"@type":"WebSite","@id":"https:\/\/www.anovapeneira.gal\/#website","url":"https:\/\/www.anovapeneira.gal\/","name":"","description":"Xornal galego de informaci\u00f3n xeral Publicaci\u00f3n mensual de novas de Galicia e en especial dos Concellos da sur da provincia de Pontevedra.","publisher":{"@id":"https:\/\/www.anovapeneira.gal\/#organization"},"potentialAction":[{"@type":"SearchAction","target":{"@type":"EntryPoint","urlTemplate":"https:\/\/www.anovapeneira.gal\/?s={search_term_string}"},"query-input":{"@type":"PropertyValueSpecification","valueRequired":true,"valueName":"search_term_string"}}],"inLanguage":"gl-ES"},{"@type":"Organization","@id":"https:\/\/www.anovapeneira.gal\/#organization","name":"A Nova Peneira","url":"https:\/\/www.anovapeneira.gal\/","logo":{"@type":"ImageObject","inLanguage":"gl-ES","@id":"https:\/\/www.anovapeneira.gal\/#\/schema\/logo\/image\/","url":"http:\/\/www.anovapeneira.gal\/wp-content\/uploads\/2019\/06\/logo_a_nova_peneira_portal_web.png","contentUrl":"http:\/\/www.anovapeneira.gal\/wp-content\/uploads\/2019\/06\/logo_a_nova_peneira_portal_web.png","width":300,"height":100,"caption":"A Nova Peneira"},"image":{"@id":"https:\/\/www.anovapeneira.gal\/#\/schema\/logo\/image\/"},"sameAs":["https:\/\/www.facebook.com\/anovapeneira","https:\/\/x.com\/APeneira"]},{"@type":"Person","@id":"https:\/\/www.anovapeneira.gal\/#\/schema\/person\/b051ed40cfc100e281476674783b32fc","name":"Baldomero Iglesias Dobarrio, Mero","image":{"@type":"ImageObject","inLanguage":"gl-ES","@id":"https:\/\/secure.gravatar.com\/avatar\/ca78fc089f8cf28197f88de2c9ac213e2f7d2097d8e359d9359b8778b539c59d?s=96&d=mm&r=g","url":"https:\/\/secure.gravatar.com\/avatar\/ca78fc089f8cf28197f88de2c9ac213e2f7d2097d8e359d9359b8778b539c59d?s=96&d=mm&r=g","contentUrl":"https:\/\/secure.gravatar.com\/avatar\/ca78fc089f8cf28197f88de2c9ac213e2f7d2097d8e359d9359b8778b539c59d?s=96&d=mm&r=g","caption":"Baldomero Iglesias Dobarrio, Mero"},"sameAs":["http:\/\/anovapeneira.gal"],"url":"https:\/\/www.anovapeneira.gal\/index.php\/author\/opinionmero\/"}]}},"jetpack_featured_media_url":"https:\/\/www.anovapeneira.gal\/wp-content\/uploads\/2019\/07\/ARTIGO_DE_OPINION_A_NOVA_PENEIRA.jpg","_links":{"self":[{"href":"https:\/\/www.anovapeneira.gal\/index.php\/wp-json\/wp\/v2\/posts\/15672","targetHints":{"allow":["GET"]}}],"collection":[{"href":"https:\/\/www.anovapeneira.gal\/index.php\/wp-json\/wp\/v2\/posts"}],"about":[{"href":"https:\/\/www.anovapeneira.gal\/index.php\/wp-json\/wp\/v2\/types\/post"}],"author":[{"embeddable":true,"href":"https:\/\/www.anovapeneira.gal\/index.php\/wp-json\/wp\/v2\/users\/5"}],"replies":[{"embeddable":true,"href":"https:\/\/www.anovapeneira.gal\/index.php\/wp-json\/wp\/v2\/comments?post=15672"}],"version-history":[{"count":1,"href":"https:\/\/www.anovapeneira.gal\/index.php\/wp-json\/wp\/v2\/posts\/15672\/revisions"}],"predecessor-version":[{"id":15673,"href":"https:\/\/www.anovapeneira.gal\/index.php\/wp-json\/wp\/v2\/posts\/15672\/revisions\/15673"}],"wp:featuredmedia":[{"embeddable":true,"href":"https:\/\/www.anovapeneira.gal\/index.php\/wp-json\/wp\/v2\/media\/584"}],"wp:attachment":[{"href":"https:\/\/www.anovapeneira.gal\/index.php\/wp-json\/wp\/v2\/media?parent=15672"}],"wp:term":[{"taxonomy":"category","embeddable":true,"href":"https:\/\/www.anovapeneira.gal\/index.php\/wp-json\/wp\/v2\/categories?post=15672"},{"taxonomy":"post_tag","embeddable":true,"href":"https:\/\/www.anovapeneira.gal\/index.php\/wp-json\/wp\/v2\/tags?post=15672"}],"curies":[{"name":"wp","href":"https:\/\/api.w.org\/{rel}","templated":true}]}}