{"id":15674,"date":"2026-04-17T12:00:19","date_gmt":"2026-04-17T10:00:19","guid":{"rendered":"https:\/\/www.anovapeneira.gal\/?p=15674"},"modified":"2026-04-16T13:47:34","modified_gmt":"2026-04-16T11:47:34","slug":"a-crise-da-vivenda-que-facer","status":"publish","type":"post","link":"https:\/\/www.anovapeneira.gal\/index.php\/2026\/04\/17\/a-crise-da-vivenda-que-facer\/","title":{"rendered":"A crise da vivenda: que facer?"},"content":{"rendered":"\n<pre class=\"wp-block-verse\">Lino Costas<\/pre>\n\n\n\n<p>Actualmente estamos a vivir a segunda crise da vivenda no que vai de s\u00e9culo. Se a primeira se caracterizou por unha burbulla especulativa que acabou con milleiros de desafiuzamentos e co rescate de entidades bancarias con cartos p\u00fablicos, esta segunda caracter\u00edzase pola cada vez maior dificultade da clase obreira para acceder a unha vivenda na que po\u00f1er en marcha o seu proxecto de vida.<\/p>\n\n\n\n<p>O problema actual do acceso \u00e1 vivenda non \u00e9 soamente o incremento do seu custe, se non que este se suma ao enorme incremento do custe da cesta b\u00e1sica. O prezo de venda da vivenda en Galicia durante os \u00faltimos cinco anos aumentou un 2% e o do aluguer, empuxado en boa parte polo auxe dos alugueres tur\u00edsticos, un 35%. A isto hai que sumarlle o incremento do custe da cesta b\u00e1sica que, dende o 2019 aumentou un 45%. Un aumento de custes que, por suposto exceden con moito o dos salarios, que de media aumentaron en Galicia nos \u00faltimos cinco anos un 16%. Este panorama danos unha idea das dificultades \u00e1s que se enfronta a clase obreira nestes d\u00edas. Sobre todo para quen ao incremento xeral do custe da vida ten que engadirlle o custe dunha hipoteca ou a\u00ednda peor, dun alugamento.<\/p>\n\n\n\n<p>Ante esta situaci\u00f3n, o Goberno de Espa\u00f1a estableceu algunhas medidas, coma a de regular o prezo dos alugamentos nas chamadas zonas tensionadas, medida xa de por si modesta e a maiores boicoteada polas comunidades gobernadas polo PP. Un exemplo en Galicia o temos no que acontece no Concello de Compostela, co Goberno Municipal tentando declarar o Concello coma zona tensionada e a Xunta de Galicia po\u00f1endo atrancos para elo. Logo est\u00e1 tam\u00e9n o anuncio que fixo o PSOE a inicios de ano de outorgar unha bonificaci\u00f3n do 100% no IRPF con respecto a os alugamentos que non aumentaran de prezo. Unha medida claramente insuficiente e que ademais incrementa o negocio da vivenda reducindo os ingresos do estado. Ou tam\u00e9n a medida de emerxencia aprobada polo Consello de Ministros ante a presi\u00f3n de Sumar, de prorrogar os alugamentos actuais que rematen antes de decembro de 2027. Medida esta que previsiblemente non ser\u00e1 validada no Congreso dos Deputados debido \u00e1 negativa das distintas dereitas e que o PSOE xa deixou claro que non est\u00e1 disposto a defender.<\/p>\n\n\n\n<p>Neste sentido \u00e9 de saudar a idea lanzada polos Ministros de Sumar de facer un Parque P\u00fablico de Vivenda non a trav\u00e9s da nova construci\u00f3n, se non da adquisici\u00f3n de vivenda baleira, que sup\u00f3n no conxunto de Espa\u00f1a o 14% da vivenda constru\u00edda e ata o 30% en Galicia.<\/p>\n\n\n\n<p>Pero para facer realmente fronte ao problema e garantir \u00e1 clase traballadora unha vivenda digna non bastan con medidas que, a\u00ednda que adecuadas, son claramente insuficientes e que non van a supo\u00f1er unha gran diferenza. Temos que comezar por sinalar o problema de fondo: a vivenda non \u00e9 a d\u00eda de hoxe principalmente un ben de uso, se non un activo de inversi\u00f3n. A clave para reverter a situaci\u00f3n \u00e9 que a vivenda deixe de ser un medio para acumular capital e patrimonio e extraer rendas. Todas as medidas arredor da vivenda deben ser consideradas dende o punto de vista da s\u00faa utilidade social.<\/p>\n\n\n\n<p>Son necesarias medidas valentes. Medidas que fagan que a vivenda deixe de ser un activo financeiro rendible. Entre elas, regulaci\u00f3ns tanto dos prezos dos alugueres como das vendas, impostos progresivos \u00e1s vivendas baleiras, prohibici\u00f3n de compra de vivenda residencial \u00e1s empresas, penalizaci\u00f3n das vendas \u00e1 curto prazo, necesidade de autorizaci\u00f3n administrativa para a adquisici\u00f3n a partir da terceira vivenda ou expropiaci\u00f3n da vivenda que permaneza baleira durante dez anos ou m\u00e1is, entre outras medidas que se poder\u00edan implementar. Medidas claras e efectivas que ir\u00edan contra o negocio e a favor das condici\u00f3ns de vida da clase traballadora. \u201cSoamente\u201d necesitamos un goberno que non estea ali\u00f1ado cos intereses do negocio da vivenda.<\/p>\n","protected":false},"excerpt":{"rendered":"<div class=\"mh-excerpt\"><p>Actualmente estamos a vivir a segunda crise da vivenda no que vai de s\u00e9culo. Se a primeira se caracterizou por unha burbulla especulativa que acabou con milleiros de desafiuzamentos e co rescate de entidades bancarias con cartos p\u00fablicos <a class=\"mh-excerpt-more\" href=\"https:\/\/www.anovapeneira.gal\/index.php\/2026\/04\/17\/a-crise-da-vivenda-que-facer\/\" title=\"A crise da vivenda: que facer?\">[&#8230;]<\/a><\/p>\n<\/div>","protected":false},"author":12,"featured_media":13858,"comment_status":"open","ping_status":"open","sticky":false,"template":"","format":"standard","meta":{"_exactmetrics_skip_tracking":false,"_exactmetrics_sitenote_active":false,"_exactmetrics_sitenote_note":"","_exactmetrics_sitenote_category":0,"footnotes":""},"categories":[7],"tags":[],"class_list":{"0":"post-15674","1":"post","2":"type-post","3":"status-publish","4":"format-standard","5":"has-post-thumbnail","7":"category-artigos-de-opinion"},"yoast_head":"<!-- This site is optimized with the Yoast SEO plugin v27.4 - https:\/\/yoast.com\/product\/yoast-seo-wordpress\/ -->\n<title>A crise da vivenda: que facer? -<\/title>\n<meta name=\"robots\" content=\"index, follow, max-snippet:-1, max-image-preview:large, max-video-preview:-1\" \/>\n<link rel=\"canonical\" href=\"https:\/\/www.anovapeneira.gal\/index.php\/2026\/04\/17\/a-crise-da-vivenda-que-facer\/\" \/>\n<meta property=\"og:locale\" content=\"gl_ES\" \/>\n<meta property=\"og:type\" content=\"article\" \/>\n<meta property=\"og:title\" content=\"A crise da vivenda: que facer? -\" \/>\n<meta property=\"og:description\" content=\"Actualmente estamos a vivir a segunda crise da vivenda no que vai de s\u00e9culo. Se a primeira se caracterizou por unha burbulla especulativa que acabou con milleiros de desafiuzamentos e co rescate de entidades bancarias con cartos p\u00fablicos [...]\" \/>\n<meta property=\"og:url\" content=\"https:\/\/www.anovapeneira.gal\/index.php\/2026\/04\/17\/a-crise-da-vivenda-que-facer\/\" \/>\n<meta property=\"article:publisher\" content=\"https:\/\/www.facebook.com\/anovapeneira\" \/>\n<meta property=\"article:published_time\" content=\"2026-04-17T10:00:19+00:00\" \/>\n<meta property=\"og:image\" content=\"https:\/\/www.anovapeneira.gal\/wp-content\/uploads\/2025\/05\/lino_Costas.jpg\" \/>\n\t<meta property=\"og:image:width\" content=\"720\" \/>\n\t<meta property=\"og:image:height\" content=\"432\" \/>\n\t<meta property=\"og:image:type\" content=\"image\/jpeg\" \/>\n<meta name=\"author\" content=\"Artigos Opini\u00f3n\" \/>\n<meta name=\"twitter:card\" content=\"summary_large_image\" \/>\n<meta name=\"twitter:creator\" content=\"@APeneira\" \/>\n<meta name=\"twitter:site\" content=\"@APeneira\" \/>\n<meta name=\"twitter:label1\" content=\"Escrito por\" \/>\n\t<meta name=\"twitter:data1\" content=\"Artigos Opini\u00f3n\" \/>\n\t<meta name=\"twitter:label2\" content=\"Tempo de lectura\" \/>\n\t<meta name=\"twitter:data2\" content=\"4 minutos\" \/>\n<script type=\"application\/ld+json\" class=\"yoast-schema-graph\">{\"@context\":\"https:\\\/\\\/schema.org\",\"@graph\":[{\"@type\":\"Article\",\"@id\":\"https:\\\/\\\/www.anovapeneira.gal\\\/index.php\\\/2026\\\/04\\\/17\\\/a-crise-da-vivenda-que-facer\\\/#article\",\"isPartOf\":{\"@id\":\"https:\\\/\\\/www.anovapeneira.gal\\\/index.php\\\/2026\\\/04\\\/17\\\/a-crise-da-vivenda-que-facer\\\/\"},\"author\":{\"name\":\"Artigos Opini\u00f3n\",\"@id\":\"https:\\\/\\\/www.anovapeneira.gal\\\/#\\\/schema\\\/person\\\/f18a4feb302e8f20bcef4490b5b60bb3\"},\"headline\":\"A crise da vivenda: que facer?\",\"datePublished\":\"2026-04-17T10:00:19+00:00\",\"mainEntityOfPage\":{\"@id\":\"https:\\\/\\\/www.anovapeneira.gal\\\/index.php\\\/2026\\\/04\\\/17\\\/a-crise-da-vivenda-que-facer\\\/\"},\"wordCount\":675,\"commentCount\":0,\"publisher\":{\"@id\":\"https:\\\/\\\/www.anovapeneira.gal\\\/#organization\"},\"image\":{\"@id\":\"https:\\\/\\\/www.anovapeneira.gal\\\/index.php\\\/2026\\\/04\\\/17\\\/a-crise-da-vivenda-que-facer\\\/#primaryimage\"},\"thumbnailUrl\":\"https:\\\/\\\/www.anovapeneira.gal\\\/wp-content\\\/uploads\\\/2025\\\/05\\\/lino_Costas.jpg\",\"articleSection\":[\"Artigos de opini\u00f3n\"],\"inLanguage\":\"gl-ES\",\"potentialAction\":[{\"@type\":\"CommentAction\",\"name\":\"Comment\",\"target\":[\"https:\\\/\\\/www.anovapeneira.gal\\\/index.php\\\/2026\\\/04\\\/17\\\/a-crise-da-vivenda-que-facer\\\/#respond\"]}]},{\"@type\":\"WebPage\",\"@id\":\"https:\\\/\\\/www.anovapeneira.gal\\\/index.php\\\/2026\\\/04\\\/17\\\/a-crise-da-vivenda-que-facer\\\/\",\"url\":\"https:\\\/\\\/www.anovapeneira.gal\\\/index.php\\\/2026\\\/04\\\/17\\\/a-crise-da-vivenda-que-facer\\\/\",\"name\":\"A crise da vivenda: que facer? -\",\"isPartOf\":{\"@id\":\"https:\\\/\\\/www.anovapeneira.gal\\\/#website\"},\"primaryImageOfPage\":{\"@id\":\"https:\\\/\\\/www.anovapeneira.gal\\\/index.php\\\/2026\\\/04\\\/17\\\/a-crise-da-vivenda-que-facer\\\/#primaryimage\"},\"image\":{\"@id\":\"https:\\\/\\\/www.anovapeneira.gal\\\/index.php\\\/2026\\\/04\\\/17\\\/a-crise-da-vivenda-que-facer\\\/#primaryimage\"},\"thumbnailUrl\":\"https:\\\/\\\/www.anovapeneira.gal\\\/wp-content\\\/uploads\\\/2025\\\/05\\\/lino_Costas.jpg\",\"datePublished\":\"2026-04-17T10:00:19+00:00\",\"breadcrumb\":{\"@id\":\"https:\\\/\\\/www.anovapeneira.gal\\\/index.php\\\/2026\\\/04\\\/17\\\/a-crise-da-vivenda-que-facer\\\/#breadcrumb\"},\"inLanguage\":\"gl-ES\",\"potentialAction\":[{\"@type\":\"ReadAction\",\"target\":[\"https:\\\/\\\/www.anovapeneira.gal\\\/index.php\\\/2026\\\/04\\\/17\\\/a-crise-da-vivenda-que-facer\\\/\"]}]},{\"@type\":\"ImageObject\",\"inLanguage\":\"gl-ES\",\"@id\":\"https:\\\/\\\/www.anovapeneira.gal\\\/index.php\\\/2026\\\/04\\\/17\\\/a-crise-da-vivenda-que-facer\\\/#primaryimage\",\"url\":\"https:\\\/\\\/www.anovapeneira.gal\\\/wp-content\\\/uploads\\\/2025\\\/05\\\/lino_Costas.jpg\",\"contentUrl\":\"https:\\\/\\\/www.anovapeneira.gal\\\/wp-content\\\/uploads\\\/2025\\\/05\\\/lino_Costas.jpg\",\"width\":720,\"height\":432,\"caption\":\"Lino Costas\"},{\"@type\":\"BreadcrumbList\",\"@id\":\"https:\\\/\\\/www.anovapeneira.gal\\\/index.php\\\/2026\\\/04\\\/17\\\/a-crise-da-vivenda-que-facer\\\/#breadcrumb\",\"itemListElement\":[{\"@type\":\"ListItem\",\"position\":1,\"name\":\"Portada\",\"item\":\"https:\\\/\\\/www.anovapeneira.gal\\\/\"},{\"@type\":\"ListItem\",\"position\":2,\"name\":\"A crise da vivenda: que facer?\"}]},{\"@type\":\"WebSite\",\"@id\":\"https:\\\/\\\/www.anovapeneira.gal\\\/#website\",\"url\":\"https:\\\/\\\/www.anovapeneira.gal\\\/\",\"name\":\"\",\"description\":\"Xornal galego de informaci\u00f3n xeral Publicaci\u00f3n mensual de novas de Galicia e en especial dos Concellos da sur da provincia de Pontevedra.\",\"publisher\":{\"@id\":\"https:\\\/\\\/www.anovapeneira.gal\\\/#organization\"},\"potentialAction\":[{\"@type\":\"SearchAction\",\"target\":{\"@type\":\"EntryPoint\",\"urlTemplate\":\"https:\\\/\\\/www.anovapeneira.gal\\\/?s={search_term_string}\"},\"query-input\":{\"@type\":\"PropertyValueSpecification\",\"valueRequired\":true,\"valueName\":\"search_term_string\"}}],\"inLanguage\":\"gl-ES\"},{\"@type\":\"Organization\",\"@id\":\"https:\\\/\\\/www.anovapeneira.gal\\\/#organization\",\"name\":\"A Nova Peneira\",\"url\":\"https:\\\/\\\/www.anovapeneira.gal\\\/\",\"logo\":{\"@type\":\"ImageObject\",\"inLanguage\":\"gl-ES\",\"@id\":\"https:\\\/\\\/www.anovapeneira.gal\\\/#\\\/schema\\\/logo\\\/image\\\/\",\"url\":\"http:\\\/\\\/www.anovapeneira.gal\\\/wp-content\\\/uploads\\\/2019\\\/06\\\/logo_a_nova_peneira_portal_web.png\",\"contentUrl\":\"http:\\\/\\\/www.anovapeneira.gal\\\/wp-content\\\/uploads\\\/2019\\\/06\\\/logo_a_nova_peneira_portal_web.png\",\"width\":300,\"height\":100,\"caption\":\"A Nova Peneira\"},\"image\":{\"@id\":\"https:\\\/\\\/www.anovapeneira.gal\\\/#\\\/schema\\\/logo\\\/image\\\/\"},\"sameAs\":[\"https:\\\/\\\/www.facebook.com\\\/anovapeneira\",\"https:\\\/\\\/x.com\\\/APeneira\"]},{\"@type\":\"Person\",\"@id\":\"https:\\\/\\\/www.anovapeneira.gal\\\/#\\\/schema\\\/person\\\/f18a4feb302e8f20bcef4490b5b60bb3\",\"name\":\"Artigos Opini\u00f3n\",\"image\":{\"@type\":\"ImageObject\",\"inLanguage\":\"gl-ES\",\"@id\":\"https:\\\/\\\/secure.gravatar.com\\\/avatar\\\/072844300f4881150aee2da4278f7a65d16eefdf8262eb67085f1e702de2b959?s=96&d=mm&r=g\",\"url\":\"https:\\\/\\\/secure.gravatar.com\\\/avatar\\\/072844300f4881150aee2da4278f7a65d16eefdf8262eb67085f1e702de2b959?s=96&d=mm&r=g\",\"contentUrl\":\"https:\\\/\\\/secure.gravatar.com\\\/avatar\\\/072844300f4881150aee2da4278f7a65d16eefdf8262eb67085f1e702de2b959?s=96&d=mm&r=g\",\"caption\":\"Artigos Opini\u00f3n\"},\"sameAs\":[\"http:\\\/\\\/anovapeneira.gal\"],\"url\":\"https:\\\/\\\/www.anovapeneira.gal\\\/index.php\\\/author\\\/artigosopinion\\\/\"}]}<\/script>\n<!-- \/ Yoast SEO plugin. -->","yoast_head_json":{"title":"A crise da vivenda: que facer? -","robots":{"index":"index","follow":"follow","max-snippet":"max-snippet:-1","max-image-preview":"max-image-preview:large","max-video-preview":"max-video-preview:-1"},"canonical":"https:\/\/www.anovapeneira.gal\/index.php\/2026\/04\/17\/a-crise-da-vivenda-que-facer\/","og_locale":"gl_ES","og_type":"article","og_title":"A crise da vivenda: que facer? -","og_description":"Actualmente estamos a vivir a segunda crise da vivenda no que vai de s\u00e9culo. Se a primeira se caracterizou por unha burbulla especulativa que acabou con milleiros de desafiuzamentos e co rescate de entidades bancarias con cartos p\u00fablicos [...]","og_url":"https:\/\/www.anovapeneira.gal\/index.php\/2026\/04\/17\/a-crise-da-vivenda-que-facer\/","article_publisher":"https:\/\/www.facebook.com\/anovapeneira","article_published_time":"2026-04-17T10:00:19+00:00","og_image":[{"width":720,"height":432,"url":"https:\/\/www.anovapeneira.gal\/wp-content\/uploads\/2025\/05\/lino_Costas.jpg","type":"image\/jpeg"}],"author":"Artigos Opini\u00f3n","twitter_card":"summary_large_image","twitter_creator":"@APeneira","twitter_site":"@APeneira","twitter_misc":{"Escrito por":"Artigos Opini\u00f3n","Tempo de lectura":"4 minutos"},"schema":{"@context":"https:\/\/schema.org","@graph":[{"@type":"Article","@id":"https:\/\/www.anovapeneira.gal\/index.php\/2026\/04\/17\/a-crise-da-vivenda-que-facer\/#article","isPartOf":{"@id":"https:\/\/www.anovapeneira.gal\/index.php\/2026\/04\/17\/a-crise-da-vivenda-que-facer\/"},"author":{"name":"Artigos Opini\u00f3n","@id":"https:\/\/www.anovapeneira.gal\/#\/schema\/person\/f18a4feb302e8f20bcef4490b5b60bb3"},"headline":"A crise da vivenda: que facer?","datePublished":"2026-04-17T10:00:19+00:00","mainEntityOfPage":{"@id":"https:\/\/www.anovapeneira.gal\/index.php\/2026\/04\/17\/a-crise-da-vivenda-que-facer\/"},"wordCount":675,"commentCount":0,"publisher":{"@id":"https:\/\/www.anovapeneira.gal\/#organization"},"image":{"@id":"https:\/\/www.anovapeneira.gal\/index.php\/2026\/04\/17\/a-crise-da-vivenda-que-facer\/#primaryimage"},"thumbnailUrl":"https:\/\/www.anovapeneira.gal\/wp-content\/uploads\/2025\/05\/lino_Costas.jpg","articleSection":["Artigos de opini\u00f3n"],"inLanguage":"gl-ES","potentialAction":[{"@type":"CommentAction","name":"Comment","target":["https:\/\/www.anovapeneira.gal\/index.php\/2026\/04\/17\/a-crise-da-vivenda-que-facer\/#respond"]}]},{"@type":"WebPage","@id":"https:\/\/www.anovapeneira.gal\/index.php\/2026\/04\/17\/a-crise-da-vivenda-que-facer\/","url":"https:\/\/www.anovapeneira.gal\/index.php\/2026\/04\/17\/a-crise-da-vivenda-que-facer\/","name":"A crise da vivenda: que facer? -","isPartOf":{"@id":"https:\/\/www.anovapeneira.gal\/#website"},"primaryImageOfPage":{"@id":"https:\/\/www.anovapeneira.gal\/index.php\/2026\/04\/17\/a-crise-da-vivenda-que-facer\/#primaryimage"},"image":{"@id":"https:\/\/www.anovapeneira.gal\/index.php\/2026\/04\/17\/a-crise-da-vivenda-que-facer\/#primaryimage"},"thumbnailUrl":"https:\/\/www.anovapeneira.gal\/wp-content\/uploads\/2025\/05\/lino_Costas.jpg","datePublished":"2026-04-17T10:00:19+00:00","breadcrumb":{"@id":"https:\/\/www.anovapeneira.gal\/index.php\/2026\/04\/17\/a-crise-da-vivenda-que-facer\/#breadcrumb"},"inLanguage":"gl-ES","potentialAction":[{"@type":"ReadAction","target":["https:\/\/www.anovapeneira.gal\/index.php\/2026\/04\/17\/a-crise-da-vivenda-que-facer\/"]}]},{"@type":"ImageObject","inLanguage":"gl-ES","@id":"https:\/\/www.anovapeneira.gal\/index.php\/2026\/04\/17\/a-crise-da-vivenda-que-facer\/#primaryimage","url":"https:\/\/www.anovapeneira.gal\/wp-content\/uploads\/2025\/05\/lino_Costas.jpg","contentUrl":"https:\/\/www.anovapeneira.gal\/wp-content\/uploads\/2025\/05\/lino_Costas.jpg","width":720,"height":432,"caption":"Lino Costas"},{"@type":"BreadcrumbList","@id":"https:\/\/www.anovapeneira.gal\/index.php\/2026\/04\/17\/a-crise-da-vivenda-que-facer\/#breadcrumb","itemListElement":[{"@type":"ListItem","position":1,"name":"Portada","item":"https:\/\/www.anovapeneira.gal\/"},{"@type":"ListItem","position":2,"name":"A crise da vivenda: que facer?"}]},{"@type":"WebSite","@id":"https:\/\/www.anovapeneira.gal\/#website","url":"https:\/\/www.anovapeneira.gal\/","name":"","description":"Xornal galego de informaci\u00f3n xeral Publicaci\u00f3n mensual de novas de Galicia e en especial dos Concellos da sur da provincia de Pontevedra.","publisher":{"@id":"https:\/\/www.anovapeneira.gal\/#organization"},"potentialAction":[{"@type":"SearchAction","target":{"@type":"EntryPoint","urlTemplate":"https:\/\/www.anovapeneira.gal\/?s={search_term_string}"},"query-input":{"@type":"PropertyValueSpecification","valueRequired":true,"valueName":"search_term_string"}}],"inLanguage":"gl-ES"},{"@type":"Organization","@id":"https:\/\/www.anovapeneira.gal\/#organization","name":"A Nova Peneira","url":"https:\/\/www.anovapeneira.gal\/","logo":{"@type":"ImageObject","inLanguage":"gl-ES","@id":"https:\/\/www.anovapeneira.gal\/#\/schema\/logo\/image\/","url":"http:\/\/www.anovapeneira.gal\/wp-content\/uploads\/2019\/06\/logo_a_nova_peneira_portal_web.png","contentUrl":"http:\/\/www.anovapeneira.gal\/wp-content\/uploads\/2019\/06\/logo_a_nova_peneira_portal_web.png","width":300,"height":100,"caption":"A Nova Peneira"},"image":{"@id":"https:\/\/www.anovapeneira.gal\/#\/schema\/logo\/image\/"},"sameAs":["https:\/\/www.facebook.com\/anovapeneira","https:\/\/x.com\/APeneira"]},{"@type":"Person","@id":"https:\/\/www.anovapeneira.gal\/#\/schema\/person\/f18a4feb302e8f20bcef4490b5b60bb3","name":"Artigos Opini\u00f3n","image":{"@type":"ImageObject","inLanguage":"gl-ES","@id":"https:\/\/secure.gravatar.com\/avatar\/072844300f4881150aee2da4278f7a65d16eefdf8262eb67085f1e702de2b959?s=96&d=mm&r=g","url":"https:\/\/secure.gravatar.com\/avatar\/072844300f4881150aee2da4278f7a65d16eefdf8262eb67085f1e702de2b959?s=96&d=mm&r=g","contentUrl":"https:\/\/secure.gravatar.com\/avatar\/072844300f4881150aee2da4278f7a65d16eefdf8262eb67085f1e702de2b959?s=96&d=mm&r=g","caption":"Artigos Opini\u00f3n"},"sameAs":["http:\/\/anovapeneira.gal"],"url":"https:\/\/www.anovapeneira.gal\/index.php\/author\/artigosopinion\/"}]}},"jetpack_featured_media_url":"https:\/\/www.anovapeneira.gal\/wp-content\/uploads\/2025\/05\/lino_Costas.jpg","_links":{"self":[{"href":"https:\/\/www.anovapeneira.gal\/index.php\/wp-json\/wp\/v2\/posts\/15674","targetHints":{"allow":["GET"]}}],"collection":[{"href":"https:\/\/www.anovapeneira.gal\/index.php\/wp-json\/wp\/v2\/posts"}],"about":[{"href":"https:\/\/www.anovapeneira.gal\/index.php\/wp-json\/wp\/v2\/types\/post"}],"author":[{"embeddable":true,"href":"https:\/\/www.anovapeneira.gal\/index.php\/wp-json\/wp\/v2\/users\/12"}],"replies":[{"embeddable":true,"href":"https:\/\/www.anovapeneira.gal\/index.php\/wp-json\/wp\/v2\/comments?post=15674"}],"version-history":[{"count":2,"href":"https:\/\/www.anovapeneira.gal\/index.php\/wp-json\/wp\/v2\/posts\/15674\/revisions"}],"predecessor-version":[{"id":15677,"href":"https:\/\/www.anovapeneira.gal\/index.php\/wp-json\/wp\/v2\/posts\/15674\/revisions\/15677"}],"wp:featuredmedia":[{"embeddable":true,"href":"https:\/\/www.anovapeneira.gal\/index.php\/wp-json\/wp\/v2\/media\/13858"}],"wp:attachment":[{"href":"https:\/\/www.anovapeneira.gal\/index.php\/wp-json\/wp\/v2\/media?parent=15674"}],"wp:term":[{"taxonomy":"category","embeddable":true,"href":"https:\/\/www.anovapeneira.gal\/index.php\/wp-json\/wp\/v2\/categories?post=15674"},{"taxonomy":"post_tag","embeddable":true,"href":"https:\/\/www.anovapeneira.gal\/index.php\/wp-json\/wp\/v2\/tags?post=15674"}],"curies":[{"name":"wp","href":"https:\/\/api.w.org\/{rel}","templated":true}]}}