{"id":15679,"date":"2026-04-20T10:00:13","date_gmt":"2026-04-20T08:00:13","guid":{"rendered":"https:\/\/www.anovapeneira.gal\/?p=15679"},"modified":"2026-04-17T13:57:14","modified_gmt":"2026-04-17T11:57:14","slug":"a-nova-peneira-parroquia-a-parroquia-chapela-2","status":"publish","type":"post","link":"https:\/\/www.anovapeneira.gal\/index.php\/2026\/04\/20\/a-nova-peneira-parroquia-a-parroquia-chapela-2\/","title":{"rendered":"A Nova Peneira parroquia a parroquia: \u201cChapela\u201d"},"content":{"rendered":"\n<p>Chapela \u00e9 unha parroquia mari\u00f1eira do concello de Redondela que leva anos medrando ata converterse nun dos n\u00facleos m\u00e1is importantes da vila. Situada \u00e1s beiras da r\u00eda de Vigo e moi preto da cidade ol\u00edvica, tanto que incluso combinan transporte p\u00fablico. O ambiente \u00e9 tranquilo dun lugar de arrabade co movemento constante dunha \u00e1rea ben comunicada, preto de Vigo, da Comarca do Morrazo e da cidade de Pontevedra, pero con moita vida propia. Aqu\u00ed, o mar segue marcando o ritmo das s\u00faas xentes mari\u00f1eiras, pero tam\u00e9n o fan a industria, o deporte e unha veci\u00f1anza activa que mesturas os seus costumes tradicionais coa modernidade da nosa \u00e9poca.<\/p>\n\n\n\n<p>San Fausto de Chapela \u00e9, hoxe, a parroquia m\u00e1is poboada de Redondela, con arredor de 8.000 habitantes, superando mesmo ao casco urbano da vila. Estrut\u00farase en cinco barrios: Angor\u00e9n, Cidadelle, A Igrexa, Parada e Laredo que, maila as s\u00faas diferenzas, comparten un forte v\u00ednculo social. Esta densidade de poboaci\u00f3n non lle resta encanto nin proximidade; ao contrario, reforza o sentimento de comunidade que caracteriza aos chapeleiros e chapeleiras, pois este \u00e9 o xentilicio das s\u00faas veci\u00f1as e veci\u00f1os que convive cun alcume popular, \u201cberetes\u201d, en referencia a un peixe da r\u00eda de Vigo, s\u00edmbolo da conexi\u00f3n co mar. Esta relaci\u00f3n refl\u00edctese tam\u00e9n na paisaxe, onde os bosques atl\u00e1nticos e as vistas panor\u00e1micas ofrecen un espect\u00e1culo natural de grande beleza. Desde puntos elevados como San Vicente de Trasma\u00f1\u00f3, o Picoto ou A Madroa, p\u00f3dense contemplar impresionantes postas de sol que tinguen de laranxa avermellado as augas da r\u00eda.<\/p>\n\n\n\n<p>A s\u00faa esencia mari\u00f1eira segue a ser un dos piares fundamentais da parroquia. A industria pesqueira ten aqu\u00ed un peso destacado, con presenza de empresas de relevancia como Pescanova, que forma parte do tecido econ\u00f3mico da zona. Ademais, Chapela acolle tam\u00e9n as instalaci\u00f3ns do Faro de Vigo, o decano da prensa espa\u00f1ola, fundado en 1853, un feito que reforza o seu papel como punto estrat\u00e9xico industrial da parroquia e da s\u00faa contorna.<\/p>\n\n\n\n<p>O propio nome de Chapela remite ao pasado. Procede dunha antiga capela situada no alto da Encarnaci\u00f3n, punto de paso do antigo Cami\u00f1o Real. Naquel tempo, as dilixencias ascend\u00edan con dificultade polo cami\u00f1o de O Fol\u00f3n, obrigando aos viaxeiros a colaborar no esforzo. Unha vez no alto, era costume santiguarse na pila dun cruceiro situado fronte \u00e1 capela, nun xesto de alivio e agradecemento tras a dura subida. Ese legado hist\u00f3rico contin\u00faa presente na memoria da parroquia.<\/p>\n\n\n\n<p>Un dos espazos m\u00e1is emblem\u00e1ticos \u00e9 a praia de Arealonga, un areal accesible desde a avenida de San Telmo e lim\u00edtrofe co monte da Cacharela. Tr\u00e1tase dun lugar que combina tranquilidade e actividade, ideal tanto para o descanso como para o lecer familiar. A s\u00faa contorna destaca tam\u00e9n pola ampla oferta gastron\u00f3mica, con locais que se adaptan a todos os petos e gustos. Se ben no ver\u00e1n o acceso pode verse dificultado pola falta de aparcamento, Arealonga segue a ser un dos principais atractivos da parroquia.<\/p>\n\n\n\n<p>Chapela non s\u00f3 vive do seu pasado e da s\u00faa paisaxe; \u00e9 tam\u00e9n un n\u00facleo din\u00e1mico e ben dotado de infraestruturas. Conta con instalaci\u00f3ns deportivas como un centro de deportes acu\u00e1ticos, pavill\u00f3n municipal, campo de f\u00fatbol e peirao deportivo, as\u00ed como servizos esenciais como centro de sa\u00fade, oficina de correos, biblioteca e varios centros educativos que abarcan desde a educaci\u00f3n primaria ata a formaci\u00f3n profesional.<\/p>\n\n\n\n<p>No \u00e1mbito deportivo, destaca especialmente o remo, unha disciplina profundamente arraigada na cultura local. O Club de Remo Chapela, fundado en 1984, \u00e9 un dos referentes da parroquia, cun amplo palmar\u00e9s en competici\u00f3ns galegas e estatais. A s\u00faa actividade c\u00e9ntrase principalmente no banco fixo, modalidade que esperta unha gran paix\u00f3n entre a veci\u00f1anza. O club, que participa en diferentes categor\u00edas e modalidades como trai\u00f1eira, trainerilla e batel, naceu coa vocaci\u00f3n de ofrecer unha alternativa saudable \u00e1 mocidade, baseada no deporte e na tradici\u00f3n mari\u00f1eira.<\/p>\n\n\n\n<p>Ata o ano 2011 a sede do club estivo situada nas antigas naves dunha conserveira na praia de Arealonga. Desde ent\u00f3n e en convenio co Concello de Redondela ocupan unhas novas instalaci\u00f3ns situadas no mesmo lugar<\/p>\n\n\n\n<p>A relevancia do remo en Chapela queda patente na celebraci\u00f3n da Festa do D\u00eda do Remo, que ten lugar na terceira semana de setembro e converte \u00e1 parroquia nun referente a nivel nacional e internacional. Chapela \u00e9 o primeiro lugar de Espa\u00f1a e do mundo en recoller esta festa do d\u00eda do remo. Este evento, pioneiro no seu tipo, combina competici\u00f3n, festa e identidade parroquial.<\/p>\n\n\n\n<p>Xunto ao remo, o balonm\u00e1n \u00e9 outro dos deportes con forte presenza. O Deportivo Balonm\u00e1n Chapela conta con equipos en categor\u00edas s\u00e9nior tanto masculina como feminina, ademais dunha s\u00f3lida base formativa que abrangue desde prebenxam\u00edns ata xuven\u00eds. Os partidos disputados no pavill\u00f3n municipal \u201cManuel Gonz\u00e1lez Soto\u201d son unha mostra m\u00e1is do dinamismo deportivo da parroquia.<\/p>\n\n\n\n<p>Mais se hai algo que define aos beretes \u00e9 o seu gusto pola celebraci\u00f3n. Ao longo do ano, suceden diversas festas que combinan relixi\u00f3n, gastronom\u00eda e tradici\u00f3n. Entre as m\u00e1is destacadas est\u00e1n a Festa do Carme, en honra \u00e1 patroa dos mari\u00f1eiros, que se celebra a finais de xullo; a Festa do Mexill\u00f3n, na primeira semana de setembro; e a Festa de San Fausto, patr\u00f3n da parroquia, o 13 de outubro.<\/p>\n\n\n\n<p>Especial menci\u00f3n merece o Enterro do Berete, unha celebraci\u00f3n singular que ten lugar o s\u00e1bado posterior ao m\u00e9rcores de cinza. Nesta festa, comparsas e cabalgatas percorren a parroquia ata rematar na praia de Arealonga, onde se queima un \u201cmeco\u201d en forma de peixe xigante, s\u00edmbolo de Chapela. O evento, que cada ano ga\u00f1a m\u00e1is participaci\u00f3n, exemplifica o esp\u00edrito festivo e creativo da veci\u00f1anza.<\/p>\n\n\n\n<p>Chapela tam\u00e9n foi berce ou fogar de figuras destacadas, como o ciclista Marcos Serrano, ga\u00f1ador dunha etapa do Tour de Francia en 2005, ou o cantautor Suso Vaamonde, persoa comprometida coa cultura galega que residiu na parroquia durante anos. Desde o ano 1987 ata o anos 2000, ano de seu falecemento a causa dun becho chamado cancro, na Avda. de Vigo. Mesmo no ano 2001 abriuse unha r\u00faa nesta parroquia en Cardona.<\/p>\n\n\n\n<p>O tecido asociativo \u00e9 outro dos sinais de identidade da parroquia. Numerosas asociaci\u00f3ns veci\u00f1ais, culturais, deportivas e sociais contrib\u00faen \u00e1 vida coti\u00e1 e a fortalecer os lazos veci\u00f1ais. Desde colectivos culturais ata clubs deportivos ou asociaci\u00f3ns de apoio social, Chapela demostra unha notable capacidade organizativa e un forte compromiso.<\/p>\n\n\n\n<p>En definitiva, Chapela \u00e9 moito m\u00e1is ca unha parroquia mari\u00f1eira. \u00c9 un lugar vivo, cunha identidade clara e cunha comunidade que segue constru\u00edndo o seu presente sen esquecer de onde v\u00e9n e a onde quere ir.<\/p>\n","protected":false},"excerpt":{"rendered":"<div class=\"mh-excerpt\"><p>Chapela \u00e9 unha parroquia mari\u00f1eira do concello de Redondela que leva anos medrando ata converterse nun dos n\u00facleos m\u00e1is importantes da vila. Situada \u00e1s beiras da r\u00eda de Vigo e moi preto da cidade ol\u00edvica, tanto que incluso combinan transporte p\u00fablico <a class=\"mh-excerpt-more\" href=\"https:\/\/www.anovapeneira.gal\/index.php\/2026\/04\/20\/a-nova-peneira-parroquia-a-parroquia-chapela-2\/\" title=\"A Nova Peneira parroquia a parroquia: \u201cChapela\u201d\">[&#8230;]<\/a><\/p>\n<\/div>","protected":false},"author":17,"featured_media":0,"comment_status":"open","ping_status":"open","sticky":false,"template":"","format":"standard","meta":{"_exactmetrics_skip_tracking":false,"_exactmetrics_sitenote_active":false,"_exactmetrics_sitenote_note":"","_exactmetrics_sitenote_category":0,"footnotes":""},"categories":[24],"tags":[],"class_list":{"0":"post-15679","1":"post","2":"type-post","3":"status-publish","4":"format-standard","6":"category-redondela"},"yoast_head":"<!-- This site is optimized with the Yoast SEO plugin v27.4 - https:\/\/yoast.com\/product\/yoast-seo-wordpress\/ -->\n<title>A Nova Peneira parroquia a parroquia: \u201cChapela\u201d -<\/title>\n<meta name=\"robots\" content=\"index, follow, max-snippet:-1, max-image-preview:large, max-video-preview:-1\" \/>\n<link rel=\"canonical\" href=\"https:\/\/www.anovapeneira.gal\/index.php\/2026\/04\/20\/a-nova-peneira-parroquia-a-parroquia-chapela-2\/\" \/>\n<meta property=\"og:locale\" content=\"gl_ES\" \/>\n<meta property=\"og:type\" content=\"article\" \/>\n<meta property=\"og:title\" content=\"A Nova Peneira parroquia a parroquia: \u201cChapela\u201d -\" \/>\n<meta property=\"og:description\" content=\"Chapela \u00e9 unha parroquia mari\u00f1eira do concello de Redondela que leva anos medrando ata converterse nun dos n\u00facleos m\u00e1is importantes da vila. Situada \u00e1s beiras da r\u00eda de Vigo e moi preto da cidade ol\u00edvica, tanto que incluso combinan transporte p\u00fablico [...]\" \/>\n<meta property=\"og:url\" content=\"https:\/\/www.anovapeneira.gal\/index.php\/2026\/04\/20\/a-nova-peneira-parroquia-a-parroquia-chapela-2\/\" \/>\n<meta property=\"article:publisher\" content=\"https:\/\/www.facebook.com\/anovapeneira\" \/>\n<meta property=\"article:published_time\" content=\"2026-04-20T08:00:13+00:00\" \/>\n<meta name=\"author\" content=\"G. Figueiredo\" \/>\n<meta name=\"twitter:card\" content=\"summary_large_image\" \/>\n<meta name=\"twitter:creator\" content=\"@APeneira\" \/>\n<meta name=\"twitter:site\" content=\"@APeneira\" \/>\n<meta name=\"twitter:label1\" content=\"Escrito por\" \/>\n\t<meta name=\"twitter:data1\" content=\"G. Figueiredo\" \/>\n\t<meta name=\"twitter:label2\" content=\"Tempo de lectura\" \/>\n\t<meta name=\"twitter:data2\" content=\"6 minutos\" \/>\n<script type=\"application\/ld+json\" class=\"yoast-schema-graph\">{\"@context\":\"https:\\\/\\\/schema.org\",\"@graph\":[{\"@type\":\"Article\",\"@id\":\"https:\\\/\\\/www.anovapeneira.gal\\\/index.php\\\/2026\\\/04\\\/20\\\/a-nova-peneira-parroquia-a-parroquia-chapela-2\\\/#article\",\"isPartOf\":{\"@id\":\"https:\\\/\\\/www.anovapeneira.gal\\\/index.php\\\/2026\\\/04\\\/20\\\/a-nova-peneira-parroquia-a-parroquia-chapela-2\\\/\"},\"author\":{\"name\":\"G. Figueiredo\",\"@id\":\"https:\\\/\\\/www.anovapeneira.gal\\\/#\\\/schema\\\/person\\\/42f904d7cac80cf3f5a31494dd82a9b6\"},\"headline\":\"A Nova Peneira parroquia a parroquia: \u201cChapela\u201d\",\"datePublished\":\"2026-04-20T08:00:13+00:00\",\"mainEntityOfPage\":{\"@id\":\"https:\\\/\\\/www.anovapeneira.gal\\\/index.php\\\/2026\\\/04\\\/20\\\/a-nova-peneira-parroquia-a-parroquia-chapela-2\\\/\"},\"wordCount\":1188,\"commentCount\":0,\"publisher\":{\"@id\":\"https:\\\/\\\/www.anovapeneira.gal\\\/#organization\"},\"articleSection\":[\"Redondela\"],\"inLanguage\":\"gl-ES\",\"potentialAction\":[{\"@type\":\"CommentAction\",\"name\":\"Comment\",\"target\":[\"https:\\\/\\\/www.anovapeneira.gal\\\/index.php\\\/2026\\\/04\\\/20\\\/a-nova-peneira-parroquia-a-parroquia-chapela-2\\\/#respond\"]}]},{\"@type\":\"WebPage\",\"@id\":\"https:\\\/\\\/www.anovapeneira.gal\\\/index.php\\\/2026\\\/04\\\/20\\\/a-nova-peneira-parroquia-a-parroquia-chapela-2\\\/\",\"url\":\"https:\\\/\\\/www.anovapeneira.gal\\\/index.php\\\/2026\\\/04\\\/20\\\/a-nova-peneira-parroquia-a-parroquia-chapela-2\\\/\",\"name\":\"A Nova Peneira parroquia a parroquia: \u201cChapela\u201d -\",\"isPartOf\":{\"@id\":\"https:\\\/\\\/www.anovapeneira.gal\\\/#website\"},\"datePublished\":\"2026-04-20T08:00:13+00:00\",\"breadcrumb\":{\"@id\":\"https:\\\/\\\/www.anovapeneira.gal\\\/index.php\\\/2026\\\/04\\\/20\\\/a-nova-peneira-parroquia-a-parroquia-chapela-2\\\/#breadcrumb\"},\"inLanguage\":\"gl-ES\",\"potentialAction\":[{\"@type\":\"ReadAction\",\"target\":[\"https:\\\/\\\/www.anovapeneira.gal\\\/index.php\\\/2026\\\/04\\\/20\\\/a-nova-peneira-parroquia-a-parroquia-chapela-2\\\/\"]}]},{\"@type\":\"BreadcrumbList\",\"@id\":\"https:\\\/\\\/www.anovapeneira.gal\\\/index.php\\\/2026\\\/04\\\/20\\\/a-nova-peneira-parroquia-a-parroquia-chapela-2\\\/#breadcrumb\",\"itemListElement\":[{\"@type\":\"ListItem\",\"position\":1,\"name\":\"Portada\",\"item\":\"https:\\\/\\\/www.anovapeneira.gal\\\/\"},{\"@type\":\"ListItem\",\"position\":2,\"name\":\"A Nova Peneira parroquia a parroquia: \u201cChapela\u201d\"}]},{\"@type\":\"WebSite\",\"@id\":\"https:\\\/\\\/www.anovapeneira.gal\\\/#website\",\"url\":\"https:\\\/\\\/www.anovapeneira.gal\\\/\",\"name\":\"\",\"description\":\"Xornal galego de informaci\u00f3n xeral Publicaci\u00f3n mensual de novas de Galicia e en especial dos Concellos da sur da provincia de Pontevedra.\",\"publisher\":{\"@id\":\"https:\\\/\\\/www.anovapeneira.gal\\\/#organization\"},\"potentialAction\":[{\"@type\":\"SearchAction\",\"target\":{\"@type\":\"EntryPoint\",\"urlTemplate\":\"https:\\\/\\\/www.anovapeneira.gal\\\/?s={search_term_string}\"},\"query-input\":{\"@type\":\"PropertyValueSpecification\",\"valueRequired\":true,\"valueName\":\"search_term_string\"}}],\"inLanguage\":\"gl-ES\"},{\"@type\":\"Organization\",\"@id\":\"https:\\\/\\\/www.anovapeneira.gal\\\/#organization\",\"name\":\"A Nova Peneira\",\"url\":\"https:\\\/\\\/www.anovapeneira.gal\\\/\",\"logo\":{\"@type\":\"ImageObject\",\"inLanguage\":\"gl-ES\",\"@id\":\"https:\\\/\\\/www.anovapeneira.gal\\\/#\\\/schema\\\/logo\\\/image\\\/\",\"url\":\"http:\\\/\\\/www.anovapeneira.gal\\\/wp-content\\\/uploads\\\/2019\\\/06\\\/logo_a_nova_peneira_portal_web.png\",\"contentUrl\":\"http:\\\/\\\/www.anovapeneira.gal\\\/wp-content\\\/uploads\\\/2019\\\/06\\\/logo_a_nova_peneira_portal_web.png\",\"width\":300,\"height\":100,\"caption\":\"A Nova Peneira\"},\"image\":{\"@id\":\"https:\\\/\\\/www.anovapeneira.gal\\\/#\\\/schema\\\/logo\\\/image\\\/\"},\"sameAs\":[\"https:\\\/\\\/www.facebook.com\\\/anovapeneira\",\"https:\\\/\\\/x.com\\\/APeneira\"]},{\"@type\":\"Person\",\"@id\":\"https:\\\/\\\/www.anovapeneira.gal\\\/#\\\/schema\\\/person\\\/42f904d7cac80cf3f5a31494dd82a9b6\",\"name\":\"G. Figueiredo\",\"image\":{\"@type\":\"ImageObject\",\"inLanguage\":\"gl-ES\",\"@id\":\"https:\\\/\\\/secure.gravatar.com\\\/avatar\\\/2d970086688458e0398ef8b84f5cbb8cc1ec3ab115aeb8435135a9f556af97b3?s=96&d=mm&r=g\",\"url\":\"https:\\\/\\\/secure.gravatar.com\\\/avatar\\\/2d970086688458e0398ef8b84f5cbb8cc1ec3ab115aeb8435135a9f556af97b3?s=96&d=mm&r=g\",\"contentUrl\":\"https:\\\/\\\/secure.gravatar.com\\\/avatar\\\/2d970086688458e0398ef8b84f5cbb8cc1ec3ab115aeb8435135a9f556af97b3?s=96&d=mm&r=g\",\"caption\":\"G. Figueiredo\"},\"sameAs\":[\"http:\\\/\\\/www.anovapeneira.gal\\\/\"],\"url\":\"https:\\\/\\\/www.anovapeneira.gal\\\/index.php\\\/author\\\/g-figueiredo\\\/\"}]}<\/script>\n<!-- \/ Yoast SEO plugin. -->","yoast_head_json":{"title":"A Nova Peneira parroquia a parroquia: \u201cChapela\u201d -","robots":{"index":"index","follow":"follow","max-snippet":"max-snippet:-1","max-image-preview":"max-image-preview:large","max-video-preview":"max-video-preview:-1"},"canonical":"https:\/\/www.anovapeneira.gal\/index.php\/2026\/04\/20\/a-nova-peneira-parroquia-a-parroquia-chapela-2\/","og_locale":"gl_ES","og_type":"article","og_title":"A Nova Peneira parroquia a parroquia: \u201cChapela\u201d -","og_description":"Chapela \u00e9 unha parroquia mari\u00f1eira do concello de Redondela que leva anos medrando ata converterse nun dos n\u00facleos m\u00e1is importantes da vila. Situada \u00e1s beiras da r\u00eda de Vigo e moi preto da cidade ol\u00edvica, tanto que incluso combinan transporte p\u00fablico [...]","og_url":"https:\/\/www.anovapeneira.gal\/index.php\/2026\/04\/20\/a-nova-peneira-parroquia-a-parroquia-chapela-2\/","article_publisher":"https:\/\/www.facebook.com\/anovapeneira","article_published_time":"2026-04-20T08:00:13+00:00","author":"G. Figueiredo","twitter_card":"summary_large_image","twitter_creator":"@APeneira","twitter_site":"@APeneira","twitter_misc":{"Escrito por":"G. Figueiredo","Tempo de lectura":"6 minutos"},"schema":{"@context":"https:\/\/schema.org","@graph":[{"@type":"Article","@id":"https:\/\/www.anovapeneira.gal\/index.php\/2026\/04\/20\/a-nova-peneira-parroquia-a-parroquia-chapela-2\/#article","isPartOf":{"@id":"https:\/\/www.anovapeneira.gal\/index.php\/2026\/04\/20\/a-nova-peneira-parroquia-a-parroquia-chapela-2\/"},"author":{"name":"G. Figueiredo","@id":"https:\/\/www.anovapeneira.gal\/#\/schema\/person\/42f904d7cac80cf3f5a31494dd82a9b6"},"headline":"A Nova Peneira parroquia a parroquia: \u201cChapela\u201d","datePublished":"2026-04-20T08:00:13+00:00","mainEntityOfPage":{"@id":"https:\/\/www.anovapeneira.gal\/index.php\/2026\/04\/20\/a-nova-peneira-parroquia-a-parroquia-chapela-2\/"},"wordCount":1188,"commentCount":0,"publisher":{"@id":"https:\/\/www.anovapeneira.gal\/#organization"},"articleSection":["Redondela"],"inLanguage":"gl-ES","potentialAction":[{"@type":"CommentAction","name":"Comment","target":["https:\/\/www.anovapeneira.gal\/index.php\/2026\/04\/20\/a-nova-peneira-parroquia-a-parroquia-chapela-2\/#respond"]}]},{"@type":"WebPage","@id":"https:\/\/www.anovapeneira.gal\/index.php\/2026\/04\/20\/a-nova-peneira-parroquia-a-parroquia-chapela-2\/","url":"https:\/\/www.anovapeneira.gal\/index.php\/2026\/04\/20\/a-nova-peneira-parroquia-a-parroquia-chapela-2\/","name":"A Nova Peneira parroquia a parroquia: \u201cChapela\u201d -","isPartOf":{"@id":"https:\/\/www.anovapeneira.gal\/#website"},"datePublished":"2026-04-20T08:00:13+00:00","breadcrumb":{"@id":"https:\/\/www.anovapeneira.gal\/index.php\/2026\/04\/20\/a-nova-peneira-parroquia-a-parroquia-chapela-2\/#breadcrumb"},"inLanguage":"gl-ES","potentialAction":[{"@type":"ReadAction","target":["https:\/\/www.anovapeneira.gal\/index.php\/2026\/04\/20\/a-nova-peneira-parroquia-a-parroquia-chapela-2\/"]}]},{"@type":"BreadcrumbList","@id":"https:\/\/www.anovapeneira.gal\/index.php\/2026\/04\/20\/a-nova-peneira-parroquia-a-parroquia-chapela-2\/#breadcrumb","itemListElement":[{"@type":"ListItem","position":1,"name":"Portada","item":"https:\/\/www.anovapeneira.gal\/"},{"@type":"ListItem","position":2,"name":"A Nova Peneira parroquia a parroquia: \u201cChapela\u201d"}]},{"@type":"WebSite","@id":"https:\/\/www.anovapeneira.gal\/#website","url":"https:\/\/www.anovapeneira.gal\/","name":"","description":"Xornal galego de informaci\u00f3n xeral Publicaci\u00f3n mensual de novas de Galicia e en especial dos Concellos da sur da provincia de Pontevedra.","publisher":{"@id":"https:\/\/www.anovapeneira.gal\/#organization"},"potentialAction":[{"@type":"SearchAction","target":{"@type":"EntryPoint","urlTemplate":"https:\/\/www.anovapeneira.gal\/?s={search_term_string}"},"query-input":{"@type":"PropertyValueSpecification","valueRequired":true,"valueName":"search_term_string"}}],"inLanguage":"gl-ES"},{"@type":"Organization","@id":"https:\/\/www.anovapeneira.gal\/#organization","name":"A Nova Peneira","url":"https:\/\/www.anovapeneira.gal\/","logo":{"@type":"ImageObject","inLanguage":"gl-ES","@id":"https:\/\/www.anovapeneira.gal\/#\/schema\/logo\/image\/","url":"http:\/\/www.anovapeneira.gal\/wp-content\/uploads\/2019\/06\/logo_a_nova_peneira_portal_web.png","contentUrl":"http:\/\/www.anovapeneira.gal\/wp-content\/uploads\/2019\/06\/logo_a_nova_peneira_portal_web.png","width":300,"height":100,"caption":"A Nova Peneira"},"image":{"@id":"https:\/\/www.anovapeneira.gal\/#\/schema\/logo\/image\/"},"sameAs":["https:\/\/www.facebook.com\/anovapeneira","https:\/\/x.com\/APeneira"]},{"@type":"Person","@id":"https:\/\/www.anovapeneira.gal\/#\/schema\/person\/42f904d7cac80cf3f5a31494dd82a9b6","name":"G. Figueiredo","image":{"@type":"ImageObject","inLanguage":"gl-ES","@id":"https:\/\/secure.gravatar.com\/avatar\/2d970086688458e0398ef8b84f5cbb8cc1ec3ab115aeb8435135a9f556af97b3?s=96&d=mm&r=g","url":"https:\/\/secure.gravatar.com\/avatar\/2d970086688458e0398ef8b84f5cbb8cc1ec3ab115aeb8435135a9f556af97b3?s=96&d=mm&r=g","contentUrl":"https:\/\/secure.gravatar.com\/avatar\/2d970086688458e0398ef8b84f5cbb8cc1ec3ab115aeb8435135a9f556af97b3?s=96&d=mm&r=g","caption":"G. Figueiredo"},"sameAs":["http:\/\/www.anovapeneira.gal\/"],"url":"https:\/\/www.anovapeneira.gal\/index.php\/author\/g-figueiredo\/"}]}},"jetpack_featured_media_url":"","_links":{"self":[{"href":"https:\/\/www.anovapeneira.gal\/index.php\/wp-json\/wp\/v2\/posts\/15679","targetHints":{"allow":["GET"]}}],"collection":[{"href":"https:\/\/www.anovapeneira.gal\/index.php\/wp-json\/wp\/v2\/posts"}],"about":[{"href":"https:\/\/www.anovapeneira.gal\/index.php\/wp-json\/wp\/v2\/types\/post"}],"author":[{"embeddable":true,"href":"https:\/\/www.anovapeneira.gal\/index.php\/wp-json\/wp\/v2\/users\/17"}],"replies":[{"embeddable":true,"href":"https:\/\/www.anovapeneira.gal\/index.php\/wp-json\/wp\/v2\/comments?post=15679"}],"version-history":[{"count":1,"href":"https:\/\/www.anovapeneira.gal\/index.php\/wp-json\/wp\/v2\/posts\/15679\/revisions"}],"predecessor-version":[{"id":15681,"href":"https:\/\/www.anovapeneira.gal\/index.php\/wp-json\/wp\/v2\/posts\/15679\/revisions\/15681"}],"wp:attachment":[{"href":"https:\/\/www.anovapeneira.gal\/index.php\/wp-json\/wp\/v2\/media?parent=15679"}],"wp:term":[{"taxonomy":"category","embeddable":true,"href":"https:\/\/www.anovapeneira.gal\/index.php\/wp-json\/wp\/v2\/categories?post=15679"},{"taxonomy":"post_tag","embeddable":true,"href":"https:\/\/www.anovapeneira.gal\/index.php\/wp-json\/wp\/v2\/tags?post=15679"}],"curies":[{"name":"wp","href":"https:\/\/api.w.org\/{rel}","templated":true}]}}