{"id":1568,"date":"2019-10-24T10:00:24","date_gmt":"2019-10-24T08:00:24","guid":{"rendered":"http:\/\/www.anovapeneira.gal\/?p=1568"},"modified":"2019-10-20T21:25:08","modified_gmt":"2019-10-20T19:25:08","slug":"trescentos-cincuenta-escolares-apuntanse-as-actividades-extraescolares-gratuitas-subvencionadas-polo-concello-de-tomino","status":"publish","type":"post","link":"https:\/\/www.anovapeneira.gal\/index.php\/2019\/10\/24\/trescentos-cincuenta-escolares-apuntanse-as-actividades-extraescolares-gratuitas-subvencionadas-polo-concello-de-tomino\/","title":{"rendered":"Trescentos cincuenta escolares ap\u00fantanse \u00e1s actividades extraescolares gratu\u00edtas subvencionadas polo Concello de Tomi\u00f1o"},"content":{"rendered":"\n<h2 class=\"wp-block-heading\"><strong>O programa de actividades est\u00e9ndese entre os meses de outubro de 2018 e xu\u00f1o de 2019, e representa un investimento superior a 15.000 euros<\/strong><\/h2>\n\n\n\n<p><strong>Tomi\u00f1o, 16 de outubro de 2019<\/strong><\/p>\n\n\n\n<p>Un ano\nm\u00e1is, o Concello de Tomi\u00f1o financia un amplo programa de\nactividades extraescolares de balde ao longo de todo o curso, nos\ndistintos centros educativos do municipio. \n<\/p>\n\n\n\n<p>Tras o\nreceso vacacional, reanud\u00e1ronse as actividades extraescolares, de\ncar\u00e1cter gratu\u00edto, para o alumnado de educaci\u00f3n infantil e\nprimaria. \n<\/p>\n\n\n\n<p>Este\ncurso 2019-2020, a oferta incl\u00fae ingl\u00e9s, multideporte, lingua de\nsignos, zumba e os obradoiros \u201cImaxinacci\u00f3n\u201d e \u201cEmoci\u00f3nate\u201d.\nEsta actividade \u00e9  unha nova proposta para o alumnado de educaci\u00f3n\ninfantil, na que se traballa a intelixencia emocional, abordando de\nforma l\u00fadica, contidos relacionados co autoco\u00f1ecemento, a\nautoestima, a xesti\u00f3n das emoci\u00f3ns, especialmente da frustraci\u00f3n;\no autocontrol, o traballo colaborativo e as habilidades sociais.<\/p>\n\n\n\n<p>Deste\nxeito, m\u00e1is de 350 escolares asistir\u00e1n a estas actividades, para as\nque, nalgunhas disciplinas, foi necesario facer varios grupos debido\n\u00e1 gran demanda de inscrici\u00f3ns, que superaban o n\u00famero m\u00e1ximo\ndisposto para cada actividade. \n<\/p>\n\n\n\n<p>O\nprograma \u00e9 unha iniciativa da Concellal\u00eda de Educaci\u00f3n, que dirixe\n&#8230;. Para a selecci\u00f3n das actividades, tiv\u00e9ronse en conta as\ncaracter\u00edsticas de cada centro, a acollida entre o alumnado (m\u00ednimo\nde 10 persoas interesadas por actividade), e tam\u00e9n a vontade de\nincentivar a empregabilidade e o emprendemento, polo que se contactou\ncon profesionais da zona directamente, non con empresas.<\/p>\n\n\n\n<p>O\nprograma de actividades est\u00e9ndese entre os meses de outubro de 2018\ne xu\u00f1o de 2019, e representa un investimento superior a 15.000\neuros.<\/p>\n\n\n\n<p>\nCristina Mart\u00ednez, concelleira de Educaci\u00f3n,\nsalienta o af\u00e1n de brindar cada ano as actividades extraescolares\nque os propios colexios solicitan, pero ao mesmo tempo, ofrecer unha\nproposta equilibrada e novidosa, rica en valores coma a cooperaci\u00f3n,\na tolerancia, e fomentando ademais a igualdade de x\u00e9nero e de\noportunidades.<strong> \u201cE<\/strong>ste\nprograma tenta ofrecer acci\u00f3ns formativas en igualdade, co prop\u00f3sito\nde que todo o alumnado poida asistir \u00e1s clases que elixa, sen que o\ncuste das mesmas, sexa un impedimento para aprender e integrarse\u201d.<\/p>\n","protected":false},"excerpt":{"rendered":"<div class=\"mh-excerpt\"><p>O programa de actividades est\u00e9ndese entre os meses de outubro de 2018 e xu\u00f1o de 2019, e representa un investimento superior a 15.000 euros <a class=\"mh-excerpt-more\" href=\"https:\/\/www.anovapeneira.gal\/index.php\/2019\/10\/24\/trescentos-cincuenta-escolares-apuntanse-as-actividades-extraescolares-gratuitas-subvencionadas-polo-concello-de-tomino\/\" title=\"Trescentos cincuenta escolares ap\u00fantanse \u00e1s actividades extraescolares gratu\u00edtas subvencionadas polo Concello de Tomi\u00f1o\">[&#8230;]<\/a><\/p>\n<\/div>","protected":false},"author":3,"featured_media":1569,"comment_status":"open","ping_status":"open","sticky":false,"template":"","format":"standard","meta":{"_exactmetrics_skip_tracking":false,"_exactmetrics_sitenote_active":false,"_exactmetrics_sitenote_note":"","_exactmetrics_sitenote_category":0,"footnotes":""},"categories":[21],"tags":[699,81,700],"class_list":{"0":"post-1568","1":"post","2":"type-post","3":"status-publish","4":"format-standard","5":"has-post-thumbnail","7":"category-baixo-mino","8":"tag-actividades-extraescolares","9":"tag-concello-de-tomino","10":"tag-obradoiro"},"yoast_head":"<!-- This site is optimized with the Yoast SEO plugin v27.4 - https:\/\/yoast.com\/product\/yoast-seo-wordpress\/ -->\n<title>Trescentos cincuenta escolares ap\u00fantanse \u00e1s actividades extraescolares gratu\u00edtas subvencionadas polo Concello de Tomi\u00f1o -<\/title>\n<meta name=\"robots\" content=\"index, follow, max-snippet:-1, max-image-preview:large, max-video-preview:-1\" \/>\n<link rel=\"canonical\" href=\"https:\/\/www.anovapeneira.gal\/index.php\/2019\/10\/24\/trescentos-cincuenta-escolares-apuntanse-as-actividades-extraescolares-gratuitas-subvencionadas-polo-concello-de-tomino\/\" \/>\n<meta property=\"og:locale\" content=\"gl_ES\" \/>\n<meta property=\"og:type\" content=\"article\" \/>\n<meta property=\"og:title\" content=\"Trescentos cincuenta escolares ap\u00fantanse \u00e1s actividades extraescolares gratu\u00edtas subvencionadas polo Concello de Tomi\u00f1o -\" \/>\n<meta property=\"og:description\" content=\"O programa de actividades est\u00e9ndese entre os meses de outubro de 2018 e xu\u00f1o de 2019, e representa un investimento superior a 15.000 euros [...]\" \/>\n<meta property=\"og:url\" content=\"https:\/\/www.anovapeneira.gal\/index.php\/2019\/10\/24\/trescentos-cincuenta-escolares-apuntanse-as-actividades-extraescolares-gratuitas-subvencionadas-polo-concello-de-tomino\/\" \/>\n<meta property=\"article:publisher\" content=\"https:\/\/www.facebook.com\/anovapeneira\" \/>\n<meta property=\"article:published_time\" content=\"2019-10-24T08:00:24+00:00\" \/>\n<meta property=\"og:image\" content=\"https:\/\/www.anovapeneira.gal\/wp-content\/uploads\/2019\/10\/Emocionate_tominho_a_nova_peneira.jpg\" \/>\n\t<meta property=\"og:image:width\" content=\"720\" \/>\n\t<meta property=\"og:image:height\" content=\"473\" \/>\n\t<meta property=\"og:image:type\" content=\"image\/jpeg\" \/>\n<meta name=\"author\" content=\"Redacci\u00f3n A Nova Peneira\" \/>\n<meta name=\"twitter:card\" content=\"summary_large_image\" \/>\n<meta name=\"twitter:creator\" content=\"@APeneira\" \/>\n<meta name=\"twitter:site\" content=\"@APeneira\" \/>\n<meta name=\"twitter:label1\" content=\"Escrito por\" \/>\n\t<meta name=\"twitter:data1\" content=\"Redacci\u00f3n A Nova Peneira\" \/>\n\t<meta name=\"twitter:label2\" content=\"Tempo de lectura\" \/>\n\t<meta name=\"twitter:data2\" content=\"2 minutos\" \/>\n<script type=\"application\/ld+json\" class=\"yoast-schema-graph\">{\"@context\":\"https:\\\/\\\/schema.org\",\"@graph\":[{\"@type\":\"Article\",\"@id\":\"https:\\\/\\\/www.anovapeneira.gal\\\/index.php\\\/2019\\\/10\\\/24\\\/trescentos-cincuenta-escolares-apuntanse-as-actividades-extraescolares-gratuitas-subvencionadas-polo-concello-de-tomino\\\/#article\",\"isPartOf\":{\"@id\":\"https:\\\/\\\/www.anovapeneira.gal\\\/index.php\\\/2019\\\/10\\\/24\\\/trescentos-cincuenta-escolares-apuntanse-as-actividades-extraescolares-gratuitas-subvencionadas-polo-concello-de-tomino\\\/\"},\"author\":{\"name\":\"Redacci\u00f3n A Nova Peneira\",\"@id\":\"https:\\\/\\\/www.anovapeneira.gal\\\/#\\\/schema\\\/person\\\/b93e3f8932e3f8da96334607eb6ac6aa\"},\"headline\":\"Trescentos cincuenta escolares ap\u00fantanse \u00e1s actividades extraescolares gratu\u00edtas subvencionadas polo Concello de Tomi\u00f1o\",\"datePublished\":\"2019-10-24T08:00:24+00:00\",\"mainEntityOfPage\":{\"@id\":\"https:\\\/\\\/www.anovapeneira.gal\\\/index.php\\\/2019\\\/10\\\/24\\\/trescentos-cincuenta-escolares-apuntanse-as-actividades-extraescolares-gratuitas-subvencionadas-polo-concello-de-tomino\\\/\"},\"wordCount\":383,\"commentCount\":0,\"publisher\":{\"@id\":\"https:\\\/\\\/www.anovapeneira.gal\\\/#organization\"},\"image\":{\"@id\":\"https:\\\/\\\/www.anovapeneira.gal\\\/index.php\\\/2019\\\/10\\\/24\\\/trescentos-cincuenta-escolares-apuntanse-as-actividades-extraescolares-gratuitas-subvencionadas-polo-concello-de-tomino\\\/#primaryimage\"},\"thumbnailUrl\":\"https:\\\/\\\/www.anovapeneira.gal\\\/wp-content\\\/uploads\\\/2019\\\/10\\\/Emocionate_tominho_a_nova_peneira.jpg\",\"keywords\":[\"actividades extraescolares\",\"Concello de Tomi\u00f1o\",\"obradoiro\"],\"articleSection\":[\"Baixo Mi\u00f1o\"],\"inLanguage\":\"gl-ES\",\"potentialAction\":[{\"@type\":\"CommentAction\",\"name\":\"Comment\",\"target\":[\"https:\\\/\\\/www.anovapeneira.gal\\\/index.php\\\/2019\\\/10\\\/24\\\/trescentos-cincuenta-escolares-apuntanse-as-actividades-extraescolares-gratuitas-subvencionadas-polo-concello-de-tomino\\\/#respond\"]}]},{\"@type\":\"WebPage\",\"@id\":\"https:\\\/\\\/www.anovapeneira.gal\\\/index.php\\\/2019\\\/10\\\/24\\\/trescentos-cincuenta-escolares-apuntanse-as-actividades-extraescolares-gratuitas-subvencionadas-polo-concello-de-tomino\\\/\",\"url\":\"https:\\\/\\\/www.anovapeneira.gal\\\/index.php\\\/2019\\\/10\\\/24\\\/trescentos-cincuenta-escolares-apuntanse-as-actividades-extraescolares-gratuitas-subvencionadas-polo-concello-de-tomino\\\/\",\"name\":\"Trescentos cincuenta escolares ap\u00fantanse \u00e1s actividades extraescolares gratu\u00edtas subvencionadas polo Concello de Tomi\u00f1o -\",\"isPartOf\":{\"@id\":\"https:\\\/\\\/www.anovapeneira.gal\\\/#website\"},\"primaryImageOfPage\":{\"@id\":\"https:\\\/\\\/www.anovapeneira.gal\\\/index.php\\\/2019\\\/10\\\/24\\\/trescentos-cincuenta-escolares-apuntanse-as-actividades-extraescolares-gratuitas-subvencionadas-polo-concello-de-tomino\\\/#primaryimage\"},\"image\":{\"@id\":\"https:\\\/\\\/www.anovapeneira.gal\\\/index.php\\\/2019\\\/10\\\/24\\\/trescentos-cincuenta-escolares-apuntanse-as-actividades-extraescolares-gratuitas-subvencionadas-polo-concello-de-tomino\\\/#primaryimage\"},\"thumbnailUrl\":\"https:\\\/\\\/www.anovapeneira.gal\\\/wp-content\\\/uploads\\\/2019\\\/10\\\/Emocionate_tominho_a_nova_peneira.jpg\",\"datePublished\":\"2019-10-24T08:00:24+00:00\",\"breadcrumb\":{\"@id\":\"https:\\\/\\\/www.anovapeneira.gal\\\/index.php\\\/2019\\\/10\\\/24\\\/trescentos-cincuenta-escolares-apuntanse-as-actividades-extraescolares-gratuitas-subvencionadas-polo-concello-de-tomino\\\/#breadcrumb\"},\"inLanguage\":\"gl-ES\",\"potentialAction\":[{\"@type\":\"ReadAction\",\"target\":[\"https:\\\/\\\/www.anovapeneira.gal\\\/index.php\\\/2019\\\/10\\\/24\\\/trescentos-cincuenta-escolares-apuntanse-as-actividades-extraescolares-gratuitas-subvencionadas-polo-concello-de-tomino\\\/\"]}]},{\"@type\":\"ImageObject\",\"inLanguage\":\"gl-ES\",\"@id\":\"https:\\\/\\\/www.anovapeneira.gal\\\/index.php\\\/2019\\\/10\\\/24\\\/trescentos-cincuenta-escolares-apuntanse-as-actividades-extraescolares-gratuitas-subvencionadas-polo-concello-de-tomino\\\/#primaryimage\",\"url\":\"https:\\\/\\\/www.anovapeneira.gal\\\/wp-content\\\/uploads\\\/2019\\\/10\\\/Emocionate_tominho_a_nova_peneira.jpg\",\"contentUrl\":\"https:\\\/\\\/www.anovapeneira.gal\\\/wp-content\\\/uploads\\\/2019\\\/10\\\/Emocionate_tominho_a_nova_peneira.jpg\",\"width\":720,\"height\":473,\"caption\":\"Actividades extraescolares A Nova Peneira\"},{\"@type\":\"BreadcrumbList\",\"@id\":\"https:\\\/\\\/www.anovapeneira.gal\\\/index.php\\\/2019\\\/10\\\/24\\\/trescentos-cincuenta-escolares-apuntanse-as-actividades-extraescolares-gratuitas-subvencionadas-polo-concello-de-tomino\\\/#breadcrumb\",\"itemListElement\":[{\"@type\":\"ListItem\",\"position\":1,\"name\":\"Portada\",\"item\":\"https:\\\/\\\/www.anovapeneira.gal\\\/\"},{\"@type\":\"ListItem\",\"position\":2,\"name\":\"Trescentos cincuenta escolares ap\u00fantanse \u00e1s actividades extraescolares gratu\u00edtas subvencionadas polo Concello de Tomi\u00f1o\"}]},{\"@type\":\"WebSite\",\"@id\":\"https:\\\/\\\/www.anovapeneira.gal\\\/#website\",\"url\":\"https:\\\/\\\/www.anovapeneira.gal\\\/\",\"name\":\"\",\"description\":\"Xornal galego de informaci\u00f3n xeral Publicaci\u00f3n mensual de novas de Galicia e en especial dos Concellos da sur da provincia de Pontevedra.\",\"publisher\":{\"@id\":\"https:\\\/\\\/www.anovapeneira.gal\\\/#organization\"},\"potentialAction\":[{\"@type\":\"SearchAction\",\"target\":{\"@type\":\"EntryPoint\",\"urlTemplate\":\"https:\\\/\\\/www.anovapeneira.gal\\\/?s={search_term_string}\"},\"query-input\":{\"@type\":\"PropertyValueSpecification\",\"valueRequired\":true,\"valueName\":\"search_term_string\"}}],\"inLanguage\":\"gl-ES\"},{\"@type\":\"Organization\",\"@id\":\"https:\\\/\\\/www.anovapeneira.gal\\\/#organization\",\"name\":\"A Nova Peneira\",\"url\":\"https:\\\/\\\/www.anovapeneira.gal\\\/\",\"logo\":{\"@type\":\"ImageObject\",\"inLanguage\":\"gl-ES\",\"@id\":\"https:\\\/\\\/www.anovapeneira.gal\\\/#\\\/schema\\\/logo\\\/image\\\/\",\"url\":\"http:\\\/\\\/www.anovapeneira.gal\\\/wp-content\\\/uploads\\\/2019\\\/06\\\/logo_a_nova_peneira_portal_web.png\",\"contentUrl\":\"http:\\\/\\\/www.anovapeneira.gal\\\/wp-content\\\/uploads\\\/2019\\\/06\\\/logo_a_nova_peneira_portal_web.png\",\"width\":300,\"height\":100,\"caption\":\"A Nova Peneira\"},\"image\":{\"@id\":\"https:\\\/\\\/www.anovapeneira.gal\\\/#\\\/schema\\\/logo\\\/image\\\/\"},\"sameAs\":[\"https:\\\/\\\/www.facebook.com\\\/anovapeneira\",\"https:\\\/\\\/x.com\\\/APeneira\"]},{\"@type\":\"Person\",\"@id\":\"https:\\\/\\\/www.anovapeneira.gal\\\/#\\\/schema\\\/person\\\/b93e3f8932e3f8da96334607eb6ac6aa\",\"name\":\"Redacci\u00f3n A Nova Peneira\",\"image\":{\"@type\":\"ImageObject\",\"inLanguage\":\"gl-ES\",\"@id\":\"https:\\\/\\\/secure.gravatar.com\\\/avatar\\\/c052a2551a06e23fac63626232eaa90abd78dbcf1700fc46a2b2c89fd27b735f?s=96&d=mm&r=g\",\"url\":\"https:\\\/\\\/secure.gravatar.com\\\/avatar\\\/c052a2551a06e23fac63626232eaa90abd78dbcf1700fc46a2b2c89fd27b735f?s=96&d=mm&r=g\",\"contentUrl\":\"https:\\\/\\\/secure.gravatar.com\\\/avatar\\\/c052a2551a06e23fac63626232eaa90abd78dbcf1700fc46a2b2c89fd27b735f?s=96&d=mm&r=g\",\"caption\":\"Redacci\u00f3n A Nova Peneira\"},\"sameAs\":[\"http:\\\/\\\/www.anovapeneira.gal\\\/\"],\"url\":\"https:\\\/\\\/www.anovapeneira.gal\\\/index.php\\\/author\\\/redactor\\\/\"}]}<\/script>\n<!-- \/ Yoast SEO plugin. -->","yoast_head_json":{"title":"Trescentos cincuenta escolares ap\u00fantanse \u00e1s actividades extraescolares gratu\u00edtas subvencionadas polo Concello de Tomi\u00f1o -","robots":{"index":"index","follow":"follow","max-snippet":"max-snippet:-1","max-image-preview":"max-image-preview:large","max-video-preview":"max-video-preview:-1"},"canonical":"https:\/\/www.anovapeneira.gal\/index.php\/2019\/10\/24\/trescentos-cincuenta-escolares-apuntanse-as-actividades-extraescolares-gratuitas-subvencionadas-polo-concello-de-tomino\/","og_locale":"gl_ES","og_type":"article","og_title":"Trescentos cincuenta escolares ap\u00fantanse \u00e1s actividades extraescolares gratu\u00edtas subvencionadas polo Concello de Tomi\u00f1o -","og_description":"O programa de actividades est\u00e9ndese entre os meses de outubro de 2018 e xu\u00f1o de 2019, e representa un investimento superior a 15.000 euros [...]","og_url":"https:\/\/www.anovapeneira.gal\/index.php\/2019\/10\/24\/trescentos-cincuenta-escolares-apuntanse-as-actividades-extraescolares-gratuitas-subvencionadas-polo-concello-de-tomino\/","article_publisher":"https:\/\/www.facebook.com\/anovapeneira","article_published_time":"2019-10-24T08:00:24+00:00","og_image":[{"width":720,"height":473,"url":"https:\/\/www.anovapeneira.gal\/wp-content\/uploads\/2019\/10\/Emocionate_tominho_a_nova_peneira.jpg","type":"image\/jpeg"}],"author":"Redacci\u00f3n A Nova Peneira","twitter_card":"summary_large_image","twitter_creator":"@APeneira","twitter_site":"@APeneira","twitter_misc":{"Escrito por":"Redacci\u00f3n A Nova Peneira","Tempo de lectura":"2 minutos"},"schema":{"@context":"https:\/\/schema.org","@graph":[{"@type":"Article","@id":"https:\/\/www.anovapeneira.gal\/index.php\/2019\/10\/24\/trescentos-cincuenta-escolares-apuntanse-as-actividades-extraescolares-gratuitas-subvencionadas-polo-concello-de-tomino\/#article","isPartOf":{"@id":"https:\/\/www.anovapeneira.gal\/index.php\/2019\/10\/24\/trescentos-cincuenta-escolares-apuntanse-as-actividades-extraescolares-gratuitas-subvencionadas-polo-concello-de-tomino\/"},"author":{"name":"Redacci\u00f3n A Nova Peneira","@id":"https:\/\/www.anovapeneira.gal\/#\/schema\/person\/b93e3f8932e3f8da96334607eb6ac6aa"},"headline":"Trescentos cincuenta escolares ap\u00fantanse \u00e1s actividades extraescolares gratu\u00edtas subvencionadas polo Concello de Tomi\u00f1o","datePublished":"2019-10-24T08:00:24+00:00","mainEntityOfPage":{"@id":"https:\/\/www.anovapeneira.gal\/index.php\/2019\/10\/24\/trescentos-cincuenta-escolares-apuntanse-as-actividades-extraescolares-gratuitas-subvencionadas-polo-concello-de-tomino\/"},"wordCount":383,"commentCount":0,"publisher":{"@id":"https:\/\/www.anovapeneira.gal\/#organization"},"image":{"@id":"https:\/\/www.anovapeneira.gal\/index.php\/2019\/10\/24\/trescentos-cincuenta-escolares-apuntanse-as-actividades-extraescolares-gratuitas-subvencionadas-polo-concello-de-tomino\/#primaryimage"},"thumbnailUrl":"https:\/\/www.anovapeneira.gal\/wp-content\/uploads\/2019\/10\/Emocionate_tominho_a_nova_peneira.jpg","keywords":["actividades extraescolares","Concello de Tomi\u00f1o","obradoiro"],"articleSection":["Baixo Mi\u00f1o"],"inLanguage":"gl-ES","potentialAction":[{"@type":"CommentAction","name":"Comment","target":["https:\/\/www.anovapeneira.gal\/index.php\/2019\/10\/24\/trescentos-cincuenta-escolares-apuntanse-as-actividades-extraescolares-gratuitas-subvencionadas-polo-concello-de-tomino\/#respond"]}]},{"@type":"WebPage","@id":"https:\/\/www.anovapeneira.gal\/index.php\/2019\/10\/24\/trescentos-cincuenta-escolares-apuntanse-as-actividades-extraescolares-gratuitas-subvencionadas-polo-concello-de-tomino\/","url":"https:\/\/www.anovapeneira.gal\/index.php\/2019\/10\/24\/trescentos-cincuenta-escolares-apuntanse-as-actividades-extraescolares-gratuitas-subvencionadas-polo-concello-de-tomino\/","name":"Trescentos cincuenta escolares ap\u00fantanse \u00e1s actividades extraescolares gratu\u00edtas subvencionadas polo Concello de Tomi\u00f1o -","isPartOf":{"@id":"https:\/\/www.anovapeneira.gal\/#website"},"primaryImageOfPage":{"@id":"https:\/\/www.anovapeneira.gal\/index.php\/2019\/10\/24\/trescentos-cincuenta-escolares-apuntanse-as-actividades-extraescolares-gratuitas-subvencionadas-polo-concello-de-tomino\/#primaryimage"},"image":{"@id":"https:\/\/www.anovapeneira.gal\/index.php\/2019\/10\/24\/trescentos-cincuenta-escolares-apuntanse-as-actividades-extraescolares-gratuitas-subvencionadas-polo-concello-de-tomino\/#primaryimage"},"thumbnailUrl":"https:\/\/www.anovapeneira.gal\/wp-content\/uploads\/2019\/10\/Emocionate_tominho_a_nova_peneira.jpg","datePublished":"2019-10-24T08:00:24+00:00","breadcrumb":{"@id":"https:\/\/www.anovapeneira.gal\/index.php\/2019\/10\/24\/trescentos-cincuenta-escolares-apuntanse-as-actividades-extraescolares-gratuitas-subvencionadas-polo-concello-de-tomino\/#breadcrumb"},"inLanguage":"gl-ES","potentialAction":[{"@type":"ReadAction","target":["https:\/\/www.anovapeneira.gal\/index.php\/2019\/10\/24\/trescentos-cincuenta-escolares-apuntanse-as-actividades-extraescolares-gratuitas-subvencionadas-polo-concello-de-tomino\/"]}]},{"@type":"ImageObject","inLanguage":"gl-ES","@id":"https:\/\/www.anovapeneira.gal\/index.php\/2019\/10\/24\/trescentos-cincuenta-escolares-apuntanse-as-actividades-extraescolares-gratuitas-subvencionadas-polo-concello-de-tomino\/#primaryimage","url":"https:\/\/www.anovapeneira.gal\/wp-content\/uploads\/2019\/10\/Emocionate_tominho_a_nova_peneira.jpg","contentUrl":"https:\/\/www.anovapeneira.gal\/wp-content\/uploads\/2019\/10\/Emocionate_tominho_a_nova_peneira.jpg","width":720,"height":473,"caption":"Actividades extraescolares A Nova Peneira"},{"@type":"BreadcrumbList","@id":"https:\/\/www.anovapeneira.gal\/index.php\/2019\/10\/24\/trescentos-cincuenta-escolares-apuntanse-as-actividades-extraescolares-gratuitas-subvencionadas-polo-concello-de-tomino\/#breadcrumb","itemListElement":[{"@type":"ListItem","position":1,"name":"Portada","item":"https:\/\/www.anovapeneira.gal\/"},{"@type":"ListItem","position":2,"name":"Trescentos cincuenta escolares ap\u00fantanse \u00e1s actividades extraescolares gratu\u00edtas subvencionadas polo Concello de Tomi\u00f1o"}]},{"@type":"WebSite","@id":"https:\/\/www.anovapeneira.gal\/#website","url":"https:\/\/www.anovapeneira.gal\/","name":"","description":"Xornal galego de informaci\u00f3n xeral Publicaci\u00f3n mensual de novas de Galicia e en especial dos Concellos da sur da provincia de Pontevedra.","publisher":{"@id":"https:\/\/www.anovapeneira.gal\/#organization"},"potentialAction":[{"@type":"SearchAction","target":{"@type":"EntryPoint","urlTemplate":"https:\/\/www.anovapeneira.gal\/?s={search_term_string}"},"query-input":{"@type":"PropertyValueSpecification","valueRequired":true,"valueName":"search_term_string"}}],"inLanguage":"gl-ES"},{"@type":"Organization","@id":"https:\/\/www.anovapeneira.gal\/#organization","name":"A Nova Peneira","url":"https:\/\/www.anovapeneira.gal\/","logo":{"@type":"ImageObject","inLanguage":"gl-ES","@id":"https:\/\/www.anovapeneira.gal\/#\/schema\/logo\/image\/","url":"http:\/\/www.anovapeneira.gal\/wp-content\/uploads\/2019\/06\/logo_a_nova_peneira_portal_web.png","contentUrl":"http:\/\/www.anovapeneira.gal\/wp-content\/uploads\/2019\/06\/logo_a_nova_peneira_portal_web.png","width":300,"height":100,"caption":"A Nova Peneira"},"image":{"@id":"https:\/\/www.anovapeneira.gal\/#\/schema\/logo\/image\/"},"sameAs":["https:\/\/www.facebook.com\/anovapeneira","https:\/\/x.com\/APeneira"]},{"@type":"Person","@id":"https:\/\/www.anovapeneira.gal\/#\/schema\/person\/b93e3f8932e3f8da96334607eb6ac6aa","name":"Redacci\u00f3n A Nova Peneira","image":{"@type":"ImageObject","inLanguage":"gl-ES","@id":"https:\/\/secure.gravatar.com\/avatar\/c052a2551a06e23fac63626232eaa90abd78dbcf1700fc46a2b2c89fd27b735f?s=96&d=mm&r=g","url":"https:\/\/secure.gravatar.com\/avatar\/c052a2551a06e23fac63626232eaa90abd78dbcf1700fc46a2b2c89fd27b735f?s=96&d=mm&r=g","contentUrl":"https:\/\/secure.gravatar.com\/avatar\/c052a2551a06e23fac63626232eaa90abd78dbcf1700fc46a2b2c89fd27b735f?s=96&d=mm&r=g","caption":"Redacci\u00f3n A Nova Peneira"},"sameAs":["http:\/\/www.anovapeneira.gal\/"],"url":"https:\/\/www.anovapeneira.gal\/index.php\/author\/redactor\/"}]}},"jetpack_featured_media_url":"https:\/\/www.anovapeneira.gal\/wp-content\/uploads\/2019\/10\/Emocionate_tominho_a_nova_peneira.jpg","_links":{"self":[{"href":"https:\/\/www.anovapeneira.gal\/index.php\/wp-json\/wp\/v2\/posts\/1568","targetHints":{"allow":["GET"]}}],"collection":[{"href":"https:\/\/www.anovapeneira.gal\/index.php\/wp-json\/wp\/v2\/posts"}],"about":[{"href":"https:\/\/www.anovapeneira.gal\/index.php\/wp-json\/wp\/v2\/types\/post"}],"author":[{"embeddable":true,"href":"https:\/\/www.anovapeneira.gal\/index.php\/wp-json\/wp\/v2\/users\/3"}],"replies":[{"embeddable":true,"href":"https:\/\/www.anovapeneira.gal\/index.php\/wp-json\/wp\/v2\/comments?post=1568"}],"version-history":[{"count":1,"href":"https:\/\/www.anovapeneira.gal\/index.php\/wp-json\/wp\/v2\/posts\/1568\/revisions"}],"predecessor-version":[{"id":1570,"href":"https:\/\/www.anovapeneira.gal\/index.php\/wp-json\/wp\/v2\/posts\/1568\/revisions\/1570"}],"wp:featuredmedia":[{"embeddable":true,"href":"https:\/\/www.anovapeneira.gal\/index.php\/wp-json\/wp\/v2\/media\/1569"}],"wp:attachment":[{"href":"https:\/\/www.anovapeneira.gal\/index.php\/wp-json\/wp\/v2\/media?parent=1568"}],"wp:term":[{"taxonomy":"category","embeddable":true,"href":"https:\/\/www.anovapeneira.gal\/index.php\/wp-json\/wp\/v2\/categories?post=1568"},{"taxonomy":"post_tag","embeddable":true,"href":"https:\/\/www.anovapeneira.gal\/index.php\/wp-json\/wp\/v2\/tags?post=1568"}],"curies":[{"name":"wp","href":"https:\/\/api.w.org\/{rel}","templated":true}]}}