{"id":15682,"date":"2026-04-20T12:00:15","date_gmt":"2026-04-20T10:00:15","guid":{"rendered":"https:\/\/www.anovapeneira.gal\/?p=15682"},"modified":"2026-04-17T13:56:38","modified_gmt":"2026-04-17T11:56:38","slug":"patricia-marino-candidata-do-bng-a-alcaldia-de-salvaterra","status":"publish","type":"post","link":"https:\/\/www.anovapeneira.gal\/index.php\/2026\/04\/20\/patricia-marino-candidata-do-bng-a-alcaldia-de-salvaterra\/","title":{"rendered":"Patricia Mari\u00f1o candidata do BNG \u00e1 alcald\u00eda de Salvaterra."},"content":{"rendered":"\n<p><strong>O BNG de Salvaterra ven de designar \u00e1 avogada Patricia Mari\u00f1o como candidata desta formaci\u00f3n pol\u00edtica nas elecci\u00f3ns locais que se celebrar\u00e1n o pr\u00f3ximo ano. Esta decisi\u00f3n adianta aos prazos que desde a formaci\u00f3n pol\u00edtica nacionalista te\u00f1en previsto para ir anunciando todos os seus candidatos e candidatas nos concellos galegos, e \u00e9 un indicio evidente da situaci\u00f3n estable e s\u00f3lida que vive a agrupaci\u00f3n local do bloque en Salvaterra.<\/strong><\/p>\n\n\n\n<p><strong>A Nova Peneira distrib\u00faese en 35 concellos e se nalg\u00fan deles vemos necesario e veros\u00edmil que se produza un cambio de goberno \u00e9 en Salvaterra. O seu goberno est\u00e1 absolutamente esclerotizado , non te\u00f1en nin modelo nin proxecto de futuro para o Concello e m\u00e1is parece que o seu obxecto est\u00e1 en conservar o traballo dalg\u00fans que viven da pol\u00edtica que en mellorar realmente a vida da veci\u00f1anza. Patricia, a candidata do BNG \u00e9 unha avogada a quen non lle fai falta a pol\u00edtica para vivir. Ela \u00e9 l\u00facida e sensata e afronta con ilusi\u00f3n a posibilidade realista de liderar o cambio que Salvaterra precisa.<\/strong><\/p>\n\n\n\n<h2 class=\"wp-block-heading\">\u201c <strong>Estou convencida de que no 2027 haber\u00e1 cambio pol\u00edtico en Salvaterra\u201d<\/strong><\/h2>\n\n\n\n<p><strong>A finais do mes de marzo fuches nomeada, de maneira un\u00e1nime, candidata do BNG \u00e1 alcald\u00eda de Salvaterra nas municipais do 27. Que sup\u00f3n para ti ter recibido ese caudal de confianza dos teus compa\u00f1eiros e compa\u00f1eiras de militancia?<\/strong><\/p>\n\n\n\n<blockquote class=\"wp-block-quote is-layout-flow wp-block-quote-is-layout-flow\">\n<p>O BNG \u00e9 un proxecto colectivo. As persoas pasamos, pero a visi\u00f3n da realidade que defende o bloque debe permanecer no tempo, sexan quen sexan as s\u00faas caras visibles. En calquera caso para min recibir a confianza da asemblea de Salvaterra \u00e9 moi gratificante. Estou tremendamente honrada e s\u00f3 podo dicir que penso seguir dando o mellor de min mesma para humildemente tratar de ser merecedora do apoio que me brindaron os meus compa\u00f1eiros e compa\u00f1eiras.<\/p>\n<\/blockquote>\n\n\n\n<p><strong>O BNG ten fixado un calendario para ir definindo os distintos candidatos e candidatas. Van comezar polas 7 cidades cuxas cabezas de lista van ser anunciadas arredor do 25 de xullo, para logo ir fixando as candidaturas das vilas e pobos. Pero v\u00f3s adiantastes os prazos. Por que?<\/strong><\/p>\n\n\n\n<blockquote class=\"wp-block-quote is-layout-flow wp-block-quote-is-layout-flow\">\n<p>Porque no proxecto local de Salvaterra t\u00e9molo moi claro. Vimos traballando todo o mandato con moita intensidade e solvencia. Temos un equipo enormemente s\u00f3lido do que \u00e9 un inmenso pracer formar parte e estamos preparados e preparadas para todo desde xa.<\/p>\n<\/blockquote>\n\n\n\n<p><strong>Salvaterra necesita un cambio?<\/strong><\/p>\n\n\n\n<blockquote class=\"wp-block-quote is-layout-flow wp-block-quote-is-layout-flow\">\n<p>Rotundamente si.<\/p>\n<\/blockquote>\n\n\n\n<p><strong>Por que?<\/strong><\/p>\n\n\n\n<blockquote class=\"wp-block-quote is-layout-flow wp-block-quote-is-layout-flow\">\n<p>O proxecto do PP est\u00e1 esgotado desde hai moito tempo. A pulsi\u00f3n que percibimos nas r\u00faas da vila e nos cami\u00f1os das aldeas \u00e9 unha moi maioritaria pulsi\u00f3n de cambio. O desleixo do goberno \u00e9 tan evidente que esgotou a paciencia da maior\u00eda social. E o goberno non fai nada para evitalo porque carece de modelo. Non ten follas de ruta de a onde quere chegar porque non ten obxectivos definidos. O \u00fanico que fai este goberno, e para iso mal, \u00e9 xestionar o d\u00eda a d\u00eda como poden.<\/p>\n<\/blockquote>\n\n\n\n<p><strong>En verdade esa pulsi\u00f3n de cambio pode percibirse nas r\u00faas?<\/strong><\/p>\n\n\n\n<blockquote class=\"wp-block-quote is-layout-flow wp-block-quote-is-layout-flow\">\n<p>Perc\u00edbese con moita frecuencia. N\u00f3s baixamos \u00e1 area desde o primeiro d\u00eda e levamos unha li\u00f1a de traballo consistente no contacto diario coa veci\u00f1anza de todos os currunchos de Salvaterra. E son moit\u00edsimas as persoas que se nos achegan a manifestarnos o seu desexo de cambio. E tam\u00e9n nos damos de conta de que o noso traballo chega e de que a xente o valora.<\/p>\n<\/blockquote>\n\n\n\n<p><strong>O goberno do PP ten maior\u00eda absoluta. Nos 3 anos que levamos de mandato fixo alg\u00fan intento por levar uns orzamentos a pleno?<\/strong><\/p>\n\n\n\n<blockquote class=\"wp-block-quote is-layout-flow wp-block-quote-is-layout-flow\">\n<p>Nin nestes 3 anos nin en todo o mandato anterior. Levamos cuns orzamentos prorrogados desde o ano 2017.<\/p>\n<\/blockquote>\n\n\n\n<blockquote class=\"wp-block-quote is-layout-flow wp-block-quote-is-layout-flow\">\n<p>Estamos cun plan econ\u00f3mico financeiro que incumpren sistematicamente e nestes momentos acumulamos unha d\u00e9beda de m\u00e1is de 5.000.000 de \u20ac.Se o pobo de Salvaterra nos d\u00e1 a s\u00faa confianza maioritaria e podemos acceder ao goberno, temos claro que unha das primeiras cosas que faremos ser\u00e1 unha auditor\u00eda das finanzas do Concello para saber exactamente como estamos.<\/p>\n<\/blockquote>\n\n\n\n<p><strong>Desde o 2017 o goberno fixo alg\u00fan intento por levar uns orzamentos a pleno?<\/strong><\/p>\n\n\n\n<blockquote class=\"wp-block-quote is-layout-flow wp-block-quote-is-layout-flow\">\n<p>Non, nunca.<\/p>\n<\/blockquote>\n\n\n\n<p><strong>Iso \u00e9 moi estra\u00f1o pois sempre tiveron maior\u00eda absoluta e ter\u00edanllos aprobado sen ning\u00fan problema. A que motivo o atrib\u00faes?<\/strong><\/p>\n\n\n\n<blockquote class=\"wp-block-quote is-layout-flow wp-block-quote-is-layout-flow\">\n<p>\u00c9 puro e duro desleixo. \u00c9 un indicio clar\u00edsimo do tipo de goberno que padece Salvaterra. Por outra banda ao prorrogar orzamentos a veci\u00f1anza nunca pode saber exactamente en que se invisten os seus cartos.<\/p>\n<\/blockquote>\n\n\n\n<p><strong>Podes afirmar taxativamente que a situaci\u00f3n econ\u00f3mica do Concello \u00e9 mala?<\/strong><\/p>\n\n\n\n<blockquote class=\"wp-block-quote is-layout-flow wp-block-quote-is-layout-flow\">\n<p>Si, por desgraza si que se pode afirmar taxativamente. Este goberno funciona a golpe de subvenci\u00f3ns e con iso van tirando, pero non poden manter de maneira adecuada os servizos e infraestruturas necesarias para termos unha Salvaterra decente na que sexa posible desenvolver un proxecto de vida desde o principio ata o final.<\/p>\n<\/blockquote>\n\n\n\n<p><strong>Que pasa co instituto?<\/strong><\/p>\n\n\n\n<blockquote class=\"wp-block-quote is-layout-flow wp-block-quote-is-layout-flow\">\n<p>\u00c9 un instituto dese\u00f1ado a finais dos anos 90 do s\u00e9culo pasado para unha Salvaterra de 8.500 habitantes pero agora case tres d\u00e9cadas despois o noso Concello ach\u00e9gase aos 11.000 habitantes.<\/p>\n<\/blockquote>\n\n\n\n<blockquote class=\"wp-block-quote is-layout-flow wp-block-quote-is-layout-flow\">\n<p>Este aumento de poboaci\u00f3n implica a necesidade de mellorar os servizos en todos os \u00e1mbitos, no educativo tam\u00e9n. No caso do instituto pasamos de arredor de 300 matr\u00edculas a unhas 550 e as deficiencias no centro son evidentes.<\/p>\n<\/blockquote>\n\n\n\n<p><strong>Por exemplo?<\/strong><\/p>\n\n\n\n<blockquote class=\"wp-block-quote is-layout-flow wp-block-quote-is-layout-flow\">\n<p>Filtraci\u00f3ns e insuficiencia de espazos. Por non haber non hai patio cuberto.<\/p>\n<\/blockquote>\n\n\n\n<p><strong>Cal ser\u00eda a soluci\u00f3n para o BNG?<\/strong><\/p>\n\n\n\n<blockquote class=\"wp-block-quote is-layout-flow wp-block-quote-is-layout-flow\">\n<p>A construci\u00f3n dun novo centro de ensino secundario e destinar as instalaci\u00f3ns do centro actual \u00e1 Formaci\u00f3n Profesional. Temos o pol\u00edgono industrial Chan da Ponte ao lado e \u00e9 unha boa oportunidade para formar a mozas e mozos que tiveran unha sa\u00edda laboral a car\u00f3n das s\u00faas casas.<\/p>\n<\/blockquote>\n\n\n\n<p><strong>En relaci\u00f3n \u00e1 sanidade como est\u00e1 a situaci\u00f3n?<\/strong><\/p>\n\n\n\n<blockquote class=\"wp-block-quote is-layout-flow wp-block-quote-is-layout-flow\">\n<p>O \u00faltimo dato que temos \u00e9 que hai unha vacante sen cubrir. Logo est\u00e1n as vacaci\u00f3ns e as baixas que tampouco se cobren adecuadamente, pero iso xa ven de longo.<\/p>\n<\/blockquote>\n\n\n\n<p><strong>No que respecta ao transporte que valoraci\u00f3n fai o BNG?<\/strong><\/p>\n\n\n\n<blockquote class=\"wp-block-quote is-layout-flow wp-block-quote-is-layout-flow\">\n<p>A situaci\u00f3n \u00e9 mala, non hai conexi\u00f3n coas parroquias. N\u00f3s sabemos que non \u00e9 f\u00e1cil pero tam\u00e9n pensamos que o goberno poder\u00eda esforzarse moito m\u00e1is do que se esforza.<\/p>\n<\/blockquote>\n\n\n\n<blockquote class=\"wp-block-quote is-layout-flow wp-block-quote-is-layout-flow\">\n<p>Neste asunto do transporte quero aproveitar para mencionar unha das grandes teimas do BNG de Salvaterra: \u00c9 imprescindible mellorar as conexi\u00f3ns ferroviarias.<\/p>\n<\/blockquote>\n\n\n\n<blockquote class=\"wp-block-quote is-layout-flow wp-block-quote-is-layout-flow\">\n<p>Nas pasadas semanas tivemos unha xuntanza coa eurodeputada do BNG Ana Miranda para trasladarlle a imperiosa necesidade que ten Salvaterra de mellorar o transporte por tren, e que ela intente influ\u00edr para a captaci\u00f3n de fondos europeos que o financien.<\/p>\n<\/blockquote>\n\n\n\n<p><strong>Nesa xuntanza coa eurodeputada s\u00f3 tratastes do asunto da conexi\u00f3n ferroviaria?<\/strong><\/p>\n\n\n\n<blockquote class=\"wp-block-quote is-layout-flow wp-block-quote-is-layout-flow\">\n<p>Non, tam\u00e9n falamos da mellora doutras d\u00faas cuesti\u00f3ns que n\u00f3s entendemos moi importantes para Salvaterra:<\/p>\n<\/blockquote>\n\n\n\n<blockquote class=\"wp-block-quote is-layout-flow wp-block-quote-is-layout-flow\">\n<p>-A ponte da PLISAN<\/p>\n<\/blockquote>\n\n\n\n<blockquote class=\"wp-block-quote is-layout-flow wp-block-quote-is-layout-flow\">\n<p>-A mellora da cobertura wifi e da telefon\u00eda m\u00f3bil.<\/p>\n<\/blockquote>\n\n\n\n<p><strong>Un aspecto da vosa acci\u00f3n pol\u00edtica que me chamou poderosamente a atenci\u00f3n neste mandato \u00e9 o intens\u00edsimo traballo de campo que facedes. Estades percorrendo Salvaterra permanentemente e interactuando de maneira constante coa veci\u00f1anza de todos os lugares do Concello. Por que?<\/strong><\/p>\n\n\n\n<blockquote class=\"wp-block-quote is-layout-flow wp-block-quote-is-layout-flow\">\n<p>Eu estou moi orgullosa dos meus compa\u00f1eiros e compa\u00f1eiras. Xa che mencionei antes que \u00e9 un pracer formar parte deste equipo que traballa tanto, e traballa tan ben. N\u00f3s entendemos que a pol\u00edtica \u00e9 un instrumento para mellorar a vida da xente. E non hai outro cami\u00f1o para podelo facer que escoitar as s\u00faas necesidades e os seus problemas. E iso \u00e9 necesario facelo de maneira permanente non unhas semanas antes das elecci\u00f3ns.<\/p>\n<\/blockquote>\n\n\n\n<blockquote class=\"wp-block-quote is-layout-flow wp-block-quote-is-layout-flow\">\n<p>Facelo as\u00ed implica moito esforzo? Desde logo que si. Pero fac\u00e9ndoo as\u00ed \u00e9 como podes realmente co\u00f1ecer e solucionar os problemas da veci\u00f1anza.<\/p>\n<\/blockquote>\n\n\n\n<p><strong>Seica ampliastes o equipo do BNG?<\/strong><\/p>\n\n\n\n<blockquote class=\"wp-block-quote is-layout-flow wp-block-quote-is-layout-flow\">\n<p>Si, con d\u00faas mozas brillantes que estou segura que van achegar moito: Sheila e Noela. Sheila \u00e9 doutora en dereito e Noela \u00e9 psic\u00f3loga. Ambas son de Salvaterra e nos van axudar a chegar \u00e1 maior\u00eda social do noso pobo.<\/p>\n<\/blockquote>\n\n\n\n<p><strong>Que tal son as relaci\u00f3ns co PSOE local?<\/strong><\/p>\n\n\n\n<blockquote class=\"wp-block-quote is-layout-flow wp-block-quote-is-layout-flow\">\n<p>Son boas. As d\u00faas organizaci\u00f3ns temos claro que o necesario cambio que precisa Salvaterra pasa por artellar un goberno de progreso que necesitar\u00eda un acordo entre os dous. Estou convencida de que chegado o momento non haber\u00e1 o m\u00e1is m\u00ednimo problema.<\/p>\n<\/blockquote>\n\n\n\n<blockquote class=\"wp-block-quote is-layout-flow wp-block-quote-is-layout-flow\">\n<p>En calquera caso n\u00f3s non pomos ning\u00fan l\u00edmite e imos pola maior\u00eda.<\/p>\n<\/blockquote>\n\n\n\n<p><strong>Rematamos: De verdade hai posibilidades reais de que o PP perda o goberno de Salvaterra no 2027?<\/strong><\/p>\n\n\n\n<blockquote class=\"wp-block-quote is-layout-flow wp-block-quote-is-layout-flow\">\n<p>Estou convencida. En Salvaterra imos ter cambio.<\/p>\n<\/blockquote>\n","protected":false},"excerpt":{"rendered":"<div class=\"mh-excerpt\"><p>O BNG de Salvaterra ven de designar \u00e1 avogada Patricia Mari\u00f1o como candidata desta formaci\u00f3n pol\u00edtica nas elecci\u00f3ns locais que se celebrar\u00e1n o pr\u00f3ximo ano <a class=\"mh-excerpt-more\" href=\"https:\/\/www.anovapeneira.gal\/index.php\/2026\/04\/20\/patricia-marino-candidata-do-bng-a-alcaldia-de-salvaterra\/\" title=\"Patricia Mari\u00f1o candidata do BNG \u00e1 alcald\u00eda de Salvaterra.\">[&#8230;]<\/a><\/p>\n<\/div>","protected":false},"author":2,"featured_media":15683,"comment_status":"open","ping_status":"open","sticky":false,"template":"","format":"standard","meta":{"_exactmetrics_skip_tracking":false,"_exactmetrics_sitenote_active":false,"_exactmetrics_sitenote_note":"","_exactmetrics_sitenote_category":0,"footnotes":""},"categories":[267],"tags":[],"class_list":{"0":"post-15682","1":"post","2":"type-post","3":"status-publish","4":"format-standard","5":"has-post-thumbnail","7":"category-condado-entrevistas"},"yoast_head":"<!-- This site is optimized with the Yoast SEO plugin v27.4 - https:\/\/yoast.com\/product\/yoast-seo-wordpress\/ -->\n<title>Patricia Mari\u00f1o candidata do BNG \u00e1 alcald\u00eda de Salvaterra. -<\/title>\n<meta name=\"robots\" content=\"index, follow, max-snippet:-1, max-image-preview:large, max-video-preview:-1\" \/>\n<link rel=\"canonical\" href=\"https:\/\/www.anovapeneira.gal\/index.php\/2026\/04\/20\/patricia-marino-candidata-do-bng-a-alcaldia-de-salvaterra\/\" \/>\n<meta property=\"og:locale\" content=\"gl_ES\" \/>\n<meta property=\"og:type\" content=\"article\" \/>\n<meta property=\"og:title\" content=\"Patricia Mari\u00f1o candidata do BNG \u00e1 alcald\u00eda de Salvaterra. -\" \/>\n<meta property=\"og:description\" content=\"O BNG de Salvaterra ven de designar \u00e1 avogada Patricia Mari\u00f1o como candidata desta formaci\u00f3n pol\u00edtica nas elecci\u00f3ns locais que se celebrar\u00e1n o pr\u00f3ximo ano [...]\" \/>\n<meta property=\"og:url\" content=\"https:\/\/www.anovapeneira.gal\/index.php\/2026\/04\/20\/patricia-marino-candidata-do-bng-a-alcaldia-de-salvaterra\/\" \/>\n<meta property=\"article:publisher\" content=\"https:\/\/www.facebook.com\/anovapeneira\" \/>\n<meta property=\"article:published_time\" content=\"2026-04-20T10:00:15+00:00\" \/>\n<meta property=\"og:image\" content=\"https:\/\/www.anovapeneira.gal\/wp-content\/uploads\/2026\/04\/patricia_marino.png\" \/>\n\t<meta property=\"og:image:width\" content=\"720\" \/>\n\t<meta property=\"og:image:height\" content=\"432\" \/>\n\t<meta property=\"og:image:type\" content=\"image\/png\" \/>\n<meta name=\"author\" content=\"Tino Lago\" \/>\n<meta name=\"twitter:card\" content=\"summary_large_image\" \/>\n<meta name=\"twitter:creator\" content=\"@APeneira\" \/>\n<meta name=\"twitter:site\" content=\"@APeneira\" \/>\n<meta name=\"twitter:label1\" content=\"Escrito por\" \/>\n\t<meta name=\"twitter:data1\" content=\"Tino Lago\" \/>\n\t<meta name=\"twitter:label2\" content=\"Tempo de lectura\" \/>\n\t<meta name=\"twitter:data2\" content=\"3 minutos\" \/>\n<script type=\"application\/ld+json\" class=\"yoast-schema-graph\">{\"@context\":\"https:\\\/\\\/schema.org\",\"@graph\":[{\"@type\":\"Article\",\"@id\":\"https:\\\/\\\/www.anovapeneira.gal\\\/index.php\\\/2026\\\/04\\\/20\\\/patricia-marino-candidata-do-bng-a-alcaldia-de-salvaterra\\\/#article\",\"isPartOf\":{\"@id\":\"https:\\\/\\\/www.anovapeneira.gal\\\/index.php\\\/2026\\\/04\\\/20\\\/patricia-marino-candidata-do-bng-a-alcaldia-de-salvaterra\\\/\"},\"author\":{\"name\":\"Tino Lago\",\"@id\":\"https:\\\/\\\/www.anovapeneira.gal\\\/#\\\/schema\\\/person\\\/424dfe65e3070fd8a44d22d2c088762a\"},\"headline\":\"Patricia Mari\u00f1o candidata do BNG \u00e1 alcald\u00eda de Salvaterra.\",\"datePublished\":\"2026-04-20T10:00:15+00:00\",\"mainEntityOfPage\":{\"@id\":\"https:\\\/\\\/www.anovapeneira.gal\\\/index.php\\\/2026\\\/04\\\/20\\\/patricia-marino-candidata-do-bng-a-alcaldia-de-salvaterra\\\/\"},\"wordCount\":1479,\"commentCount\":0,\"publisher\":{\"@id\":\"https:\\\/\\\/www.anovapeneira.gal\\\/#organization\"},\"image\":{\"@id\":\"https:\\\/\\\/www.anovapeneira.gal\\\/index.php\\\/2026\\\/04\\\/20\\\/patricia-marino-candidata-do-bng-a-alcaldia-de-salvaterra\\\/#primaryimage\"},\"thumbnailUrl\":\"https:\\\/\\\/www.anovapeneira.gal\\\/wp-content\\\/uploads\\\/2026\\\/04\\\/patricia_marino.png\",\"articleSection\":[\"Condado\"],\"inLanguage\":\"gl-ES\",\"potentialAction\":[{\"@type\":\"CommentAction\",\"name\":\"Comment\",\"target\":[\"https:\\\/\\\/www.anovapeneira.gal\\\/index.php\\\/2026\\\/04\\\/20\\\/patricia-marino-candidata-do-bng-a-alcaldia-de-salvaterra\\\/#respond\"]}]},{\"@type\":\"WebPage\",\"@id\":\"https:\\\/\\\/www.anovapeneira.gal\\\/index.php\\\/2026\\\/04\\\/20\\\/patricia-marino-candidata-do-bng-a-alcaldia-de-salvaterra\\\/\",\"url\":\"https:\\\/\\\/www.anovapeneira.gal\\\/index.php\\\/2026\\\/04\\\/20\\\/patricia-marino-candidata-do-bng-a-alcaldia-de-salvaterra\\\/\",\"name\":\"Patricia Mari\u00f1o candidata do BNG \u00e1 alcald\u00eda de Salvaterra. -\",\"isPartOf\":{\"@id\":\"https:\\\/\\\/www.anovapeneira.gal\\\/#website\"},\"primaryImageOfPage\":{\"@id\":\"https:\\\/\\\/www.anovapeneira.gal\\\/index.php\\\/2026\\\/04\\\/20\\\/patricia-marino-candidata-do-bng-a-alcaldia-de-salvaterra\\\/#primaryimage\"},\"image\":{\"@id\":\"https:\\\/\\\/www.anovapeneira.gal\\\/index.php\\\/2026\\\/04\\\/20\\\/patricia-marino-candidata-do-bng-a-alcaldia-de-salvaterra\\\/#primaryimage\"},\"thumbnailUrl\":\"https:\\\/\\\/www.anovapeneira.gal\\\/wp-content\\\/uploads\\\/2026\\\/04\\\/patricia_marino.png\",\"datePublished\":\"2026-04-20T10:00:15+00:00\",\"breadcrumb\":{\"@id\":\"https:\\\/\\\/www.anovapeneira.gal\\\/index.php\\\/2026\\\/04\\\/20\\\/patricia-marino-candidata-do-bng-a-alcaldia-de-salvaterra\\\/#breadcrumb\"},\"inLanguage\":\"gl-ES\",\"potentialAction\":[{\"@type\":\"ReadAction\",\"target\":[\"https:\\\/\\\/www.anovapeneira.gal\\\/index.php\\\/2026\\\/04\\\/20\\\/patricia-marino-candidata-do-bng-a-alcaldia-de-salvaterra\\\/\"]}]},{\"@type\":\"ImageObject\",\"inLanguage\":\"gl-ES\",\"@id\":\"https:\\\/\\\/www.anovapeneira.gal\\\/index.php\\\/2026\\\/04\\\/20\\\/patricia-marino-candidata-do-bng-a-alcaldia-de-salvaterra\\\/#primaryimage\",\"url\":\"https:\\\/\\\/www.anovapeneira.gal\\\/wp-content\\\/uploads\\\/2026\\\/04\\\/patricia_marino.png\",\"contentUrl\":\"https:\\\/\\\/www.anovapeneira.gal\\\/wp-content\\\/uploads\\\/2026\\\/04\\\/patricia_marino.png\",\"width\":720,\"height\":432},{\"@type\":\"BreadcrumbList\",\"@id\":\"https:\\\/\\\/www.anovapeneira.gal\\\/index.php\\\/2026\\\/04\\\/20\\\/patricia-marino-candidata-do-bng-a-alcaldia-de-salvaterra\\\/#breadcrumb\",\"itemListElement\":[{\"@type\":\"ListItem\",\"position\":1,\"name\":\"Portada\",\"item\":\"https:\\\/\\\/www.anovapeneira.gal\\\/\"},{\"@type\":\"ListItem\",\"position\":2,\"name\":\"Patricia Mari\u00f1o candidata do BNG \u00e1 alcald\u00eda de Salvaterra.\"}]},{\"@type\":\"WebSite\",\"@id\":\"https:\\\/\\\/www.anovapeneira.gal\\\/#website\",\"url\":\"https:\\\/\\\/www.anovapeneira.gal\\\/\",\"name\":\"\",\"description\":\"Xornal galego de informaci\u00f3n xeral Publicaci\u00f3n mensual de novas de Galicia e en especial dos Concellos da sur da provincia de Pontevedra.\",\"publisher\":{\"@id\":\"https:\\\/\\\/www.anovapeneira.gal\\\/#organization\"},\"potentialAction\":[{\"@type\":\"SearchAction\",\"target\":{\"@type\":\"EntryPoint\",\"urlTemplate\":\"https:\\\/\\\/www.anovapeneira.gal\\\/?s={search_term_string}\"},\"query-input\":{\"@type\":\"PropertyValueSpecification\",\"valueRequired\":true,\"valueName\":\"search_term_string\"}}],\"inLanguage\":\"gl-ES\"},{\"@type\":\"Organization\",\"@id\":\"https:\\\/\\\/www.anovapeneira.gal\\\/#organization\",\"name\":\"A Nova Peneira\",\"url\":\"https:\\\/\\\/www.anovapeneira.gal\\\/\",\"logo\":{\"@type\":\"ImageObject\",\"inLanguage\":\"gl-ES\",\"@id\":\"https:\\\/\\\/www.anovapeneira.gal\\\/#\\\/schema\\\/logo\\\/image\\\/\",\"url\":\"http:\\\/\\\/www.anovapeneira.gal\\\/wp-content\\\/uploads\\\/2019\\\/06\\\/logo_a_nova_peneira_portal_web.png\",\"contentUrl\":\"http:\\\/\\\/www.anovapeneira.gal\\\/wp-content\\\/uploads\\\/2019\\\/06\\\/logo_a_nova_peneira_portal_web.png\",\"width\":300,\"height\":100,\"caption\":\"A Nova Peneira\"},\"image\":{\"@id\":\"https:\\\/\\\/www.anovapeneira.gal\\\/#\\\/schema\\\/logo\\\/image\\\/\"},\"sameAs\":[\"https:\\\/\\\/www.facebook.com\\\/anovapeneira\",\"https:\\\/\\\/x.com\\\/APeneira\"]},{\"@type\":\"Person\",\"@id\":\"https:\\\/\\\/www.anovapeneira.gal\\\/#\\\/schema\\\/person\\\/424dfe65e3070fd8a44d22d2c088762a\",\"name\":\"Tino Lago\",\"image\":{\"@type\":\"ImageObject\",\"inLanguage\":\"gl-ES\",\"@id\":\"https:\\\/\\\/secure.gravatar.com\\\/avatar\\\/b3df6a06e44bab3111583b90f0f33a0379ee5e3d22cbadd232d39f21c30c62be?s=96&d=mm&r=g\",\"url\":\"https:\\\/\\\/secure.gravatar.com\\\/avatar\\\/b3df6a06e44bab3111583b90f0f33a0379ee5e3d22cbadd232d39f21c30c62be?s=96&d=mm&r=g\",\"contentUrl\":\"https:\\\/\\\/secure.gravatar.com\\\/avatar\\\/b3df6a06e44bab3111583b90f0f33a0379ee5e3d22cbadd232d39f21c30c62be?s=96&d=mm&r=g\",\"caption\":\"Tino Lago\"},\"sameAs\":[\"http:\\\/\\\/www.anovapeneira.gal\"],\"url\":\"https:\\\/\\\/www.anovapeneira.gal\\\/index.php\\\/author\\\/director\\\/\"}]}<\/script>\n<!-- \/ Yoast SEO plugin. -->","yoast_head_json":{"title":"Patricia Mari\u00f1o candidata do BNG \u00e1 alcald\u00eda de Salvaterra. -","robots":{"index":"index","follow":"follow","max-snippet":"max-snippet:-1","max-image-preview":"max-image-preview:large","max-video-preview":"max-video-preview:-1"},"canonical":"https:\/\/www.anovapeneira.gal\/index.php\/2026\/04\/20\/patricia-marino-candidata-do-bng-a-alcaldia-de-salvaterra\/","og_locale":"gl_ES","og_type":"article","og_title":"Patricia Mari\u00f1o candidata do BNG \u00e1 alcald\u00eda de Salvaterra. -","og_description":"O BNG de Salvaterra ven de designar \u00e1 avogada Patricia Mari\u00f1o como candidata desta formaci\u00f3n pol\u00edtica nas elecci\u00f3ns locais que se celebrar\u00e1n o pr\u00f3ximo ano [...]","og_url":"https:\/\/www.anovapeneira.gal\/index.php\/2026\/04\/20\/patricia-marino-candidata-do-bng-a-alcaldia-de-salvaterra\/","article_publisher":"https:\/\/www.facebook.com\/anovapeneira","article_published_time":"2026-04-20T10:00:15+00:00","og_image":[{"width":720,"height":432,"url":"https:\/\/www.anovapeneira.gal\/wp-content\/uploads\/2026\/04\/patricia_marino.png","type":"image\/png"}],"author":"Tino Lago","twitter_card":"summary_large_image","twitter_creator":"@APeneira","twitter_site":"@APeneira","twitter_misc":{"Escrito por":"Tino Lago","Tempo de lectura":"3 minutos"},"schema":{"@context":"https:\/\/schema.org","@graph":[{"@type":"Article","@id":"https:\/\/www.anovapeneira.gal\/index.php\/2026\/04\/20\/patricia-marino-candidata-do-bng-a-alcaldia-de-salvaterra\/#article","isPartOf":{"@id":"https:\/\/www.anovapeneira.gal\/index.php\/2026\/04\/20\/patricia-marino-candidata-do-bng-a-alcaldia-de-salvaterra\/"},"author":{"name":"Tino Lago","@id":"https:\/\/www.anovapeneira.gal\/#\/schema\/person\/424dfe65e3070fd8a44d22d2c088762a"},"headline":"Patricia Mari\u00f1o candidata do BNG \u00e1 alcald\u00eda de Salvaterra.","datePublished":"2026-04-20T10:00:15+00:00","mainEntityOfPage":{"@id":"https:\/\/www.anovapeneira.gal\/index.php\/2026\/04\/20\/patricia-marino-candidata-do-bng-a-alcaldia-de-salvaterra\/"},"wordCount":1479,"commentCount":0,"publisher":{"@id":"https:\/\/www.anovapeneira.gal\/#organization"},"image":{"@id":"https:\/\/www.anovapeneira.gal\/index.php\/2026\/04\/20\/patricia-marino-candidata-do-bng-a-alcaldia-de-salvaterra\/#primaryimage"},"thumbnailUrl":"https:\/\/www.anovapeneira.gal\/wp-content\/uploads\/2026\/04\/patricia_marino.png","articleSection":["Condado"],"inLanguage":"gl-ES","potentialAction":[{"@type":"CommentAction","name":"Comment","target":["https:\/\/www.anovapeneira.gal\/index.php\/2026\/04\/20\/patricia-marino-candidata-do-bng-a-alcaldia-de-salvaterra\/#respond"]}]},{"@type":"WebPage","@id":"https:\/\/www.anovapeneira.gal\/index.php\/2026\/04\/20\/patricia-marino-candidata-do-bng-a-alcaldia-de-salvaterra\/","url":"https:\/\/www.anovapeneira.gal\/index.php\/2026\/04\/20\/patricia-marino-candidata-do-bng-a-alcaldia-de-salvaterra\/","name":"Patricia Mari\u00f1o candidata do BNG \u00e1 alcald\u00eda de Salvaterra. -","isPartOf":{"@id":"https:\/\/www.anovapeneira.gal\/#website"},"primaryImageOfPage":{"@id":"https:\/\/www.anovapeneira.gal\/index.php\/2026\/04\/20\/patricia-marino-candidata-do-bng-a-alcaldia-de-salvaterra\/#primaryimage"},"image":{"@id":"https:\/\/www.anovapeneira.gal\/index.php\/2026\/04\/20\/patricia-marino-candidata-do-bng-a-alcaldia-de-salvaterra\/#primaryimage"},"thumbnailUrl":"https:\/\/www.anovapeneira.gal\/wp-content\/uploads\/2026\/04\/patricia_marino.png","datePublished":"2026-04-20T10:00:15+00:00","breadcrumb":{"@id":"https:\/\/www.anovapeneira.gal\/index.php\/2026\/04\/20\/patricia-marino-candidata-do-bng-a-alcaldia-de-salvaterra\/#breadcrumb"},"inLanguage":"gl-ES","potentialAction":[{"@type":"ReadAction","target":["https:\/\/www.anovapeneira.gal\/index.php\/2026\/04\/20\/patricia-marino-candidata-do-bng-a-alcaldia-de-salvaterra\/"]}]},{"@type":"ImageObject","inLanguage":"gl-ES","@id":"https:\/\/www.anovapeneira.gal\/index.php\/2026\/04\/20\/patricia-marino-candidata-do-bng-a-alcaldia-de-salvaterra\/#primaryimage","url":"https:\/\/www.anovapeneira.gal\/wp-content\/uploads\/2026\/04\/patricia_marino.png","contentUrl":"https:\/\/www.anovapeneira.gal\/wp-content\/uploads\/2026\/04\/patricia_marino.png","width":720,"height":432},{"@type":"BreadcrumbList","@id":"https:\/\/www.anovapeneira.gal\/index.php\/2026\/04\/20\/patricia-marino-candidata-do-bng-a-alcaldia-de-salvaterra\/#breadcrumb","itemListElement":[{"@type":"ListItem","position":1,"name":"Portada","item":"https:\/\/www.anovapeneira.gal\/"},{"@type":"ListItem","position":2,"name":"Patricia Mari\u00f1o candidata do BNG \u00e1 alcald\u00eda de Salvaterra."}]},{"@type":"WebSite","@id":"https:\/\/www.anovapeneira.gal\/#website","url":"https:\/\/www.anovapeneira.gal\/","name":"","description":"Xornal galego de informaci\u00f3n xeral Publicaci\u00f3n mensual de novas de Galicia e en especial dos Concellos da sur da provincia de Pontevedra.","publisher":{"@id":"https:\/\/www.anovapeneira.gal\/#organization"},"potentialAction":[{"@type":"SearchAction","target":{"@type":"EntryPoint","urlTemplate":"https:\/\/www.anovapeneira.gal\/?s={search_term_string}"},"query-input":{"@type":"PropertyValueSpecification","valueRequired":true,"valueName":"search_term_string"}}],"inLanguage":"gl-ES"},{"@type":"Organization","@id":"https:\/\/www.anovapeneira.gal\/#organization","name":"A Nova Peneira","url":"https:\/\/www.anovapeneira.gal\/","logo":{"@type":"ImageObject","inLanguage":"gl-ES","@id":"https:\/\/www.anovapeneira.gal\/#\/schema\/logo\/image\/","url":"http:\/\/www.anovapeneira.gal\/wp-content\/uploads\/2019\/06\/logo_a_nova_peneira_portal_web.png","contentUrl":"http:\/\/www.anovapeneira.gal\/wp-content\/uploads\/2019\/06\/logo_a_nova_peneira_portal_web.png","width":300,"height":100,"caption":"A Nova Peneira"},"image":{"@id":"https:\/\/www.anovapeneira.gal\/#\/schema\/logo\/image\/"},"sameAs":["https:\/\/www.facebook.com\/anovapeneira","https:\/\/x.com\/APeneira"]},{"@type":"Person","@id":"https:\/\/www.anovapeneira.gal\/#\/schema\/person\/424dfe65e3070fd8a44d22d2c088762a","name":"Tino Lago","image":{"@type":"ImageObject","inLanguage":"gl-ES","@id":"https:\/\/secure.gravatar.com\/avatar\/b3df6a06e44bab3111583b90f0f33a0379ee5e3d22cbadd232d39f21c30c62be?s=96&d=mm&r=g","url":"https:\/\/secure.gravatar.com\/avatar\/b3df6a06e44bab3111583b90f0f33a0379ee5e3d22cbadd232d39f21c30c62be?s=96&d=mm&r=g","contentUrl":"https:\/\/secure.gravatar.com\/avatar\/b3df6a06e44bab3111583b90f0f33a0379ee5e3d22cbadd232d39f21c30c62be?s=96&d=mm&r=g","caption":"Tino Lago"},"sameAs":["http:\/\/www.anovapeneira.gal"],"url":"https:\/\/www.anovapeneira.gal\/index.php\/author\/director\/"}]}},"jetpack_featured_media_url":"https:\/\/www.anovapeneira.gal\/wp-content\/uploads\/2026\/04\/patricia_marino.png","_links":{"self":[{"href":"https:\/\/www.anovapeneira.gal\/index.php\/wp-json\/wp\/v2\/posts\/15682","targetHints":{"allow":["GET"]}}],"collection":[{"href":"https:\/\/www.anovapeneira.gal\/index.php\/wp-json\/wp\/v2\/posts"}],"about":[{"href":"https:\/\/www.anovapeneira.gal\/index.php\/wp-json\/wp\/v2\/types\/post"}],"author":[{"embeddable":true,"href":"https:\/\/www.anovapeneira.gal\/index.php\/wp-json\/wp\/v2\/users\/2"}],"replies":[{"embeddable":true,"href":"https:\/\/www.anovapeneira.gal\/index.php\/wp-json\/wp\/v2\/comments?post=15682"}],"version-history":[{"count":1,"href":"https:\/\/www.anovapeneira.gal\/index.php\/wp-json\/wp\/v2\/posts\/15682\/revisions"}],"predecessor-version":[{"id":15684,"href":"https:\/\/www.anovapeneira.gal\/index.php\/wp-json\/wp\/v2\/posts\/15682\/revisions\/15684"}],"wp:featuredmedia":[{"embeddable":true,"href":"https:\/\/www.anovapeneira.gal\/index.php\/wp-json\/wp\/v2\/media\/15683"}],"wp:attachment":[{"href":"https:\/\/www.anovapeneira.gal\/index.php\/wp-json\/wp\/v2\/media?parent=15682"}],"wp:term":[{"taxonomy":"category","embeddable":true,"href":"https:\/\/www.anovapeneira.gal\/index.php\/wp-json\/wp\/v2\/categories?post=15682"},{"taxonomy":"post_tag","embeddable":true,"href":"https:\/\/www.anovapeneira.gal\/index.php\/wp-json\/wp\/v2\/tags?post=15682"}],"curies":[{"name":"wp","href":"https:\/\/api.w.org\/{rel}","templated":true}]}}