{"id":15685,"date":"2026-04-21T10:00:44","date_gmt":"2026-04-21T08:00:44","guid":{"rendered":"https:\/\/www.anovapeneira.gal\/?p=15685"},"modified":"2026-04-20T11:07:02","modified_gmt":"2026-04-20T09:07:02","slug":"por-que-a-clase-obreira-vota-a-dereita","status":"publish","type":"post","link":"https:\/\/www.anovapeneira.gal\/index.php\/2026\/04\/21\/por-que-a-clase-obreira-vota-a-dereita\/","title":{"rendered":"Por que a clase obreira vota \u00e1 dereita?"},"content":{"rendered":"\n<p>Manuel Alfonso, fillo de Fornelos da Ribeira.<\/p>\n\n\n\n<p>Agora que temos elecci\u00f3ns auton\u00f3micas e posiblemente nacionais un pouco m\u00e1is tarde, vexo como a perda de identidade, a ameaza cultural e as preocupaci\u00f3ns vinculadas o estilo de vida son alg\u00fans dos factores que est\u00e1n facendo que _v__otantes de __e__squerdas_ leven o seu voto para os partidos de dereita e ultradereita.<\/p>\n\n\n\n<p>Non \u00e9 que o invente eu, sen\u00f3n que o din t\u00f3dalas enquisas. Vese na tele, na r\u00faas, escoit\u00e1molo nas conversas, salta nas redes sociais, etc.<\/p>\n\n\n\n<p>Non fai falta ir a lugares estra\u00f1os para darse conta de como a dereita e a ultradereita est\u00e1n ascendendo perigosamente, a base de ru\u00eddo, de desprestixiar e golpear polo baixo. T\u00e9molo en Chile, na Arxentina, en Italia, e a lista \u00e9 longa&#8230;<\/p>\n\n\n\n<p>En Espa\u00f1a, con Vox e Ayuso como valedora. \u00c9 asi como si fora con n\u00f3s, coa xente traballadora e a xente humilde en xeral, que se decantan por estes partidos como se viviran realidades diferentes as nosas. E sempre me fago a mesma pregunta, coa incredulidade que suscita que pol\u00edticos, en moitos casos, contrarios aos dereitos humanos, estean conseguindo o apoio dos cidad\u00e1ns.<\/p>\n\n\n\n<p>\u00bfPor que a clase obreira e certas xentes votan cada vez mais \u00e1 ultradereita e dereita, se supostamente gobernan en contra dos seus intereses?<\/p>\n\n\n\n<p>Sumados \u00e1 apat\u00eda e fastidio que provocan as oposici\u00f3ns pol\u00edticas que historicamente reivindican a defensa dos traballadores e xentes populares, os sentimentos e afectos xerados a trav\u00e9s dos partidos liderados polos ultras est\u00e1n desprazando a conciencia xeral deste pa\u00eds.<\/p>\n\n\n\n<p>A imaxe do currelo, sen estudos universitarios, votando de forma disciplinada \u00e1 esquerda ten xa, a estas alturas, m\u00e1is imaxe mitol\u00f3xica que real, que, como di \u201cC\u00e9sar Rundueles\u201d, mide non s\u00f3 o cambio de voto, sen\u00f3n a necesidade de cambiar de an\u00e1lise para entender por que se produce este viraxe.<\/p>\n\n\n\n<p>\u201cEntre esquerda d\u00e1se unha especie de ilusi\u00f3n intelectual e moralista, que nos fai pensar que o voto \u00e9 o resultado dun proceso complexo\u201d.<\/p>\n\n\n\n<p>Estas relaci\u00f3ns, ao igual que as econ\u00f3micas, poden marcar a \u201cclase social\u201d a que pertencen, pola vida coti\u00e1 e a relaci\u00f3n cos demais, di Rendueles.<\/p>\n\n\n\n<p>\u201cOs sentimentos son o motor pol\u00edtico de primeiro orde\u201d. \u00c9 algo que nos custa moito aceptar e tendemos a crer que as \u201cxentes humildes\u201d nos discursos pol\u00edticos poden mobilizala e as\u00ed mobilizar os intereses de todo o mundo. E, en todo ese viaxe, migraci\u00f3n, inseguridade e incerteza conv\u00e9rtense en factores propicios. As\u00ed, a xente traballadora s\u00e9ntese m\u00e1is insegura coas \u201cleis que defenden aos delincuentes\u201d e non se decatan, ou non queren decatarse, dos avances logrados en _d__ereitos __l__aborais_. Outros, en cambio, gu\u00edanse polos bulos que se estenden como a p\u00f3lvora.<\/p>\n\n\n\n<p>A evidencia cient\u00edfica constata que hai unha desalineaci\u00f3n cidad\u00e1 mediante a divulgaci\u00f3n, a educaci\u00f3n e a comunicaci\u00f3n pol\u00edtica.<\/p>\n\n\n\n<p>Existe unha percepci\u00f3n social cada vez maior de desconexi\u00f3n entre os partidos pol\u00edticos de esquerdas, que debe representar a clase obreira, e, \u00e1 vez, a dereita \u2013 non sempre elitista \u2013 empuxa por ese voto.<\/p>\n\n\n\n<p>Par\u00e9ceme todo o mesmo can con diferente collar, e necesita a corrupci\u00f3n da esquerda para roubar aos curritos.<\/p>\n\n\n\n<p>A extrema dereita sabe explotar o aspecto social, por un lado, coas bandeiras e ir contra o \u201cmovemento feminista\u201d, activando sentimentos masculinistas e xen\u00f3fobos, en lugar de orientar a un mundo mais xusto e igualitario para todos. As\u00ed insiste no \u201cchivo expiatorio\u201d coas mulleres, as disidencias sexuais e as xentes migrantes e racializadas.<\/p>\n\n\n\n<p>\u00bfQue pasa? Preg\u00fantome \u00e1s veces.<\/p>\n\n\n\n<p>A esquerda d\u00e9ixase absorber polo neoliberismo e non realiza propostas ambiciosas, mentres que as dereitas ofrece propostas \u00e1s que a xente dubida, e a estes lle ve\u00f1en ben para agarralas.<\/p>\n\n\n\n<p>Outra, a esquerda se dereitizouse en parte, coas redes sociais, os \u201cinfluencers\u201d que consolidaron ideas arredor da decepci\u00f3n coa esquerda.<\/p>\n\n\n\n<p>En fin: Co voto mest\u00faranse moitos factores, e esta realidade encontra a s\u00faa raz\u00f3n de ser, que logo materializan en voto.<\/p>\n\n\n\n<p>Hoxe, temos que desencorchar a dereita e ultradereita para chegar ao p\u00fablico cun particular tipo de mensaxe. E o de \u201cA Nova Peneira\u201d \u00e9 un deles. Hai que rachar os moldes. Estamos nun momento para que ningu\u00e9n arranque o teu voto.<\/p>\n\n\n\n<p>Manuel Alfonso, fillo de Fornelos da Ribeira.<\/p>\n","protected":false},"excerpt":{"rendered":"<div class=\"mh-excerpt\"><p>Manuel Alfonso, fillo de Fornelos da Ribeira. Agora que temos elecci\u00f3ns auton\u00f3micas e posiblemente nacionais un pouco m\u00e1is tarde, vexo como a perda de identidade, a ameaza cultural e as preocupaci\u00f3ns vinculadas o estilo de <a class=\"mh-excerpt-more\" href=\"https:\/\/www.anovapeneira.gal\/index.php\/2026\/04\/21\/por-que-a-clase-obreira-vota-a-dereita\/\" title=\"Por que a clase obreira vota \u00e1 dereita?\">[&#8230;]<\/a><\/p>\n<\/div>","protected":false},"author":40,"featured_media":5108,"comment_status":"open","ping_status":"open","sticky":false,"template":"","format":"standard","meta":{"_exactmetrics_skip_tracking":false,"_exactmetrics_sitenote_active":false,"_exactmetrics_sitenote_note":"","_exactmetrics_sitenote_category":0,"footnotes":""},"categories":[7],"tags":[],"class_list":{"0":"post-15685","1":"post","2":"type-post","3":"status-publish","4":"format-standard","5":"has-post-thumbnail","7":"category-artigos-de-opinion"},"yoast_head":"<!-- This site is optimized with the Yoast SEO plugin v27.4 - https:\/\/yoast.com\/product\/yoast-seo-wordpress\/ -->\n<title>Por que a clase obreira vota \u00e1 dereita? -<\/title>\n<meta name=\"robots\" content=\"index, follow, max-snippet:-1, max-image-preview:large, max-video-preview:-1\" \/>\n<link rel=\"canonical\" href=\"https:\/\/www.anovapeneira.gal\/index.php\/2026\/04\/21\/por-que-a-clase-obreira-vota-a-dereita\/\" \/>\n<meta property=\"og:locale\" content=\"gl_ES\" \/>\n<meta property=\"og:type\" content=\"article\" \/>\n<meta property=\"og:title\" content=\"Por que a clase obreira vota \u00e1 dereita? -\" \/>\n<meta property=\"og:description\" content=\"Manuel Alfonso, fillo de Fornelos da Ribeira. Agora que temos elecci\u00f3ns auton\u00f3micas e posiblemente nacionais un pouco m\u00e1is tarde, vexo como a perda de identidade, a ameaza cultural e as preocupaci\u00f3ns vinculadas o estilo de [...]\" \/>\n<meta property=\"og:url\" content=\"https:\/\/www.anovapeneira.gal\/index.php\/2026\/04\/21\/por-que-a-clase-obreira-vota-a-dereita\/\" \/>\n<meta property=\"article:publisher\" content=\"https:\/\/www.facebook.com\/anovapeneira\" \/>\n<meta property=\"article:published_time\" content=\"2026-04-21T08:00:44+00:00\" \/>\n<meta property=\"og:image\" content=\"https:\/\/www.anovapeneira.gal\/wp-content\/uploads\/2021\/03\/manuel_alfonso_estevez.jpg\" \/>\n\t<meta property=\"og:image:width\" content=\"720\" \/>\n\t<meta property=\"og:image:height\" content=\"432\" \/>\n\t<meta property=\"og:image:type\" content=\"image\/jpeg\" \/>\n<meta name=\"author\" content=\"Manuel Alfonso Est\u00e9vez\" \/>\n<meta name=\"twitter:card\" content=\"summary_large_image\" \/>\n<meta name=\"twitter:creator\" content=\"@APeneira\" \/>\n<meta name=\"twitter:site\" content=\"@APeneira\" \/>\n<meta name=\"twitter:label1\" content=\"Escrito por\" \/>\n\t<meta name=\"twitter:data1\" content=\"Manuel Alfonso Est\u00e9vez\" \/>\n\t<meta name=\"twitter:label2\" content=\"Tempo de lectura\" \/>\n\t<meta name=\"twitter:data2\" content=\"4 minutos\" \/>\n<script type=\"application\/ld+json\" class=\"yoast-schema-graph\">{\"@context\":\"https:\\\/\\\/schema.org\",\"@graph\":[{\"@type\":\"Article\",\"@id\":\"https:\\\/\\\/www.anovapeneira.gal\\\/index.php\\\/2026\\\/04\\\/21\\\/por-que-a-clase-obreira-vota-a-dereita\\\/#article\",\"isPartOf\":{\"@id\":\"https:\\\/\\\/www.anovapeneira.gal\\\/index.php\\\/2026\\\/04\\\/21\\\/por-que-a-clase-obreira-vota-a-dereita\\\/\"},\"author\":{\"name\":\"Manuel Alfonso Est\u00e9vez\",\"@id\":\"https:\\\/\\\/www.anovapeneira.gal\\\/#\\\/schema\\\/person\\\/6561b93d53e7a32f5d814768163bae2a\"},\"headline\":\"Por que a clase obreira vota \u00e1 dereita?\",\"datePublished\":\"2026-04-21T08:00:44+00:00\",\"mainEntityOfPage\":{\"@id\":\"https:\\\/\\\/www.anovapeneira.gal\\\/index.php\\\/2026\\\/04\\\/21\\\/por-que-a-clase-obreira-vota-a-dereita\\\/\"},\"wordCount\":749,\"commentCount\":0,\"publisher\":{\"@id\":\"https:\\\/\\\/www.anovapeneira.gal\\\/#organization\"},\"image\":{\"@id\":\"https:\\\/\\\/www.anovapeneira.gal\\\/index.php\\\/2026\\\/04\\\/21\\\/por-que-a-clase-obreira-vota-a-dereita\\\/#primaryimage\"},\"thumbnailUrl\":\"https:\\\/\\\/www.anovapeneira.gal\\\/wp-content\\\/uploads\\\/2021\\\/03\\\/manuel_alfonso_estevez.jpg\",\"articleSection\":[\"Artigos de opini\u00f3n\"],\"inLanguage\":\"gl-ES\",\"potentialAction\":[{\"@type\":\"CommentAction\",\"name\":\"Comment\",\"target\":[\"https:\\\/\\\/www.anovapeneira.gal\\\/index.php\\\/2026\\\/04\\\/21\\\/por-que-a-clase-obreira-vota-a-dereita\\\/#respond\"]}]},{\"@type\":\"WebPage\",\"@id\":\"https:\\\/\\\/www.anovapeneira.gal\\\/index.php\\\/2026\\\/04\\\/21\\\/por-que-a-clase-obreira-vota-a-dereita\\\/\",\"url\":\"https:\\\/\\\/www.anovapeneira.gal\\\/index.php\\\/2026\\\/04\\\/21\\\/por-que-a-clase-obreira-vota-a-dereita\\\/\",\"name\":\"Por que a clase obreira vota \u00e1 dereita? -\",\"isPartOf\":{\"@id\":\"https:\\\/\\\/www.anovapeneira.gal\\\/#website\"},\"primaryImageOfPage\":{\"@id\":\"https:\\\/\\\/www.anovapeneira.gal\\\/index.php\\\/2026\\\/04\\\/21\\\/por-que-a-clase-obreira-vota-a-dereita\\\/#primaryimage\"},\"image\":{\"@id\":\"https:\\\/\\\/www.anovapeneira.gal\\\/index.php\\\/2026\\\/04\\\/21\\\/por-que-a-clase-obreira-vota-a-dereita\\\/#primaryimage\"},\"thumbnailUrl\":\"https:\\\/\\\/www.anovapeneira.gal\\\/wp-content\\\/uploads\\\/2021\\\/03\\\/manuel_alfonso_estevez.jpg\",\"datePublished\":\"2026-04-21T08:00:44+00:00\",\"breadcrumb\":{\"@id\":\"https:\\\/\\\/www.anovapeneira.gal\\\/index.php\\\/2026\\\/04\\\/21\\\/por-que-a-clase-obreira-vota-a-dereita\\\/#breadcrumb\"},\"inLanguage\":\"gl-ES\",\"potentialAction\":[{\"@type\":\"ReadAction\",\"target\":[\"https:\\\/\\\/www.anovapeneira.gal\\\/index.php\\\/2026\\\/04\\\/21\\\/por-que-a-clase-obreira-vota-a-dereita\\\/\"]}]},{\"@type\":\"ImageObject\",\"inLanguage\":\"gl-ES\",\"@id\":\"https:\\\/\\\/www.anovapeneira.gal\\\/index.php\\\/2026\\\/04\\\/21\\\/por-que-a-clase-obreira-vota-a-dereita\\\/#primaryimage\",\"url\":\"https:\\\/\\\/www.anovapeneira.gal\\\/wp-content\\\/uploads\\\/2021\\\/03\\\/manuel_alfonso_estevez.jpg\",\"contentUrl\":\"https:\\\/\\\/www.anovapeneira.gal\\\/wp-content\\\/uploads\\\/2021\\\/03\\\/manuel_alfonso_estevez.jpg\",\"width\":720,\"height\":432,\"caption\":\"Manuel Alfonso Est\u00e9vez. Historia viva de Fornelos da Ribeira\"},{\"@type\":\"BreadcrumbList\",\"@id\":\"https:\\\/\\\/www.anovapeneira.gal\\\/index.php\\\/2026\\\/04\\\/21\\\/por-que-a-clase-obreira-vota-a-dereita\\\/#breadcrumb\",\"itemListElement\":[{\"@type\":\"ListItem\",\"position\":1,\"name\":\"Portada\",\"item\":\"https:\\\/\\\/www.anovapeneira.gal\\\/\"},{\"@type\":\"ListItem\",\"position\":2,\"name\":\"Por que a clase obreira vota \u00e1 dereita?\"}]},{\"@type\":\"WebSite\",\"@id\":\"https:\\\/\\\/www.anovapeneira.gal\\\/#website\",\"url\":\"https:\\\/\\\/www.anovapeneira.gal\\\/\",\"name\":\"\",\"description\":\"Xornal galego de informaci\u00f3n xeral Publicaci\u00f3n mensual de novas de Galicia e en especial dos Concellos da sur da provincia de Pontevedra.\",\"publisher\":{\"@id\":\"https:\\\/\\\/www.anovapeneira.gal\\\/#organization\"},\"potentialAction\":[{\"@type\":\"SearchAction\",\"target\":{\"@type\":\"EntryPoint\",\"urlTemplate\":\"https:\\\/\\\/www.anovapeneira.gal\\\/?s={search_term_string}\"},\"query-input\":{\"@type\":\"PropertyValueSpecification\",\"valueRequired\":true,\"valueName\":\"search_term_string\"}}],\"inLanguage\":\"gl-ES\"},{\"@type\":\"Organization\",\"@id\":\"https:\\\/\\\/www.anovapeneira.gal\\\/#organization\",\"name\":\"A Nova Peneira\",\"url\":\"https:\\\/\\\/www.anovapeneira.gal\\\/\",\"logo\":{\"@type\":\"ImageObject\",\"inLanguage\":\"gl-ES\",\"@id\":\"https:\\\/\\\/www.anovapeneira.gal\\\/#\\\/schema\\\/logo\\\/image\\\/\",\"url\":\"http:\\\/\\\/www.anovapeneira.gal\\\/wp-content\\\/uploads\\\/2019\\\/06\\\/logo_a_nova_peneira_portal_web.png\",\"contentUrl\":\"http:\\\/\\\/www.anovapeneira.gal\\\/wp-content\\\/uploads\\\/2019\\\/06\\\/logo_a_nova_peneira_portal_web.png\",\"width\":300,\"height\":100,\"caption\":\"A Nova Peneira\"},\"image\":{\"@id\":\"https:\\\/\\\/www.anovapeneira.gal\\\/#\\\/schema\\\/logo\\\/image\\\/\"},\"sameAs\":[\"https:\\\/\\\/www.facebook.com\\\/anovapeneira\",\"https:\\\/\\\/x.com\\\/APeneira\"]},{\"@type\":\"Person\",\"@id\":\"https:\\\/\\\/www.anovapeneira.gal\\\/#\\\/schema\\\/person\\\/6561b93d53e7a32f5d814768163bae2a\",\"name\":\"Manuel Alfonso Est\u00e9vez\",\"image\":{\"@type\":\"ImageObject\",\"inLanguage\":\"gl-ES\",\"@id\":\"https:\\\/\\\/secure.gravatar.com\\\/avatar\\\/f5d3e86603a02dabc520fdacad8691552cb5b3b57ede8828ababc7095c054594?s=96&d=mm&r=g\",\"url\":\"https:\\\/\\\/secure.gravatar.com\\\/avatar\\\/f5d3e86603a02dabc520fdacad8691552cb5b3b57ede8828ababc7095c054594?s=96&d=mm&r=g\",\"contentUrl\":\"https:\\\/\\\/secure.gravatar.com\\\/avatar\\\/f5d3e86603a02dabc520fdacad8691552cb5b3b57ede8828ababc7095c054594?s=96&d=mm&r=g\",\"caption\":\"Manuel Alfonso Est\u00e9vez\"},\"url\":\"https:\\\/\\\/www.anovapeneira.gal\\\/index.php\\\/author\\\/manuelalfonso\\\/\"}]}<\/script>\n<!-- \/ Yoast SEO plugin. -->","yoast_head_json":{"title":"Por que a clase obreira vota \u00e1 dereita? -","robots":{"index":"index","follow":"follow","max-snippet":"max-snippet:-1","max-image-preview":"max-image-preview:large","max-video-preview":"max-video-preview:-1"},"canonical":"https:\/\/www.anovapeneira.gal\/index.php\/2026\/04\/21\/por-que-a-clase-obreira-vota-a-dereita\/","og_locale":"gl_ES","og_type":"article","og_title":"Por que a clase obreira vota \u00e1 dereita? -","og_description":"Manuel Alfonso, fillo de Fornelos da Ribeira. Agora que temos elecci\u00f3ns auton\u00f3micas e posiblemente nacionais un pouco m\u00e1is tarde, vexo como a perda de identidade, a ameaza cultural e as preocupaci\u00f3ns vinculadas o estilo de [...]","og_url":"https:\/\/www.anovapeneira.gal\/index.php\/2026\/04\/21\/por-que-a-clase-obreira-vota-a-dereita\/","article_publisher":"https:\/\/www.facebook.com\/anovapeneira","article_published_time":"2026-04-21T08:00:44+00:00","og_image":[{"width":720,"height":432,"url":"https:\/\/www.anovapeneira.gal\/wp-content\/uploads\/2021\/03\/manuel_alfonso_estevez.jpg","type":"image\/jpeg"}],"author":"Manuel Alfonso Est\u00e9vez","twitter_card":"summary_large_image","twitter_creator":"@APeneira","twitter_site":"@APeneira","twitter_misc":{"Escrito por":"Manuel Alfonso Est\u00e9vez","Tempo de lectura":"4 minutos"},"schema":{"@context":"https:\/\/schema.org","@graph":[{"@type":"Article","@id":"https:\/\/www.anovapeneira.gal\/index.php\/2026\/04\/21\/por-que-a-clase-obreira-vota-a-dereita\/#article","isPartOf":{"@id":"https:\/\/www.anovapeneira.gal\/index.php\/2026\/04\/21\/por-que-a-clase-obreira-vota-a-dereita\/"},"author":{"name":"Manuel Alfonso Est\u00e9vez","@id":"https:\/\/www.anovapeneira.gal\/#\/schema\/person\/6561b93d53e7a32f5d814768163bae2a"},"headline":"Por que a clase obreira vota \u00e1 dereita?","datePublished":"2026-04-21T08:00:44+00:00","mainEntityOfPage":{"@id":"https:\/\/www.anovapeneira.gal\/index.php\/2026\/04\/21\/por-que-a-clase-obreira-vota-a-dereita\/"},"wordCount":749,"commentCount":0,"publisher":{"@id":"https:\/\/www.anovapeneira.gal\/#organization"},"image":{"@id":"https:\/\/www.anovapeneira.gal\/index.php\/2026\/04\/21\/por-que-a-clase-obreira-vota-a-dereita\/#primaryimage"},"thumbnailUrl":"https:\/\/www.anovapeneira.gal\/wp-content\/uploads\/2021\/03\/manuel_alfonso_estevez.jpg","articleSection":["Artigos de opini\u00f3n"],"inLanguage":"gl-ES","potentialAction":[{"@type":"CommentAction","name":"Comment","target":["https:\/\/www.anovapeneira.gal\/index.php\/2026\/04\/21\/por-que-a-clase-obreira-vota-a-dereita\/#respond"]}]},{"@type":"WebPage","@id":"https:\/\/www.anovapeneira.gal\/index.php\/2026\/04\/21\/por-que-a-clase-obreira-vota-a-dereita\/","url":"https:\/\/www.anovapeneira.gal\/index.php\/2026\/04\/21\/por-que-a-clase-obreira-vota-a-dereita\/","name":"Por que a clase obreira vota \u00e1 dereita? -","isPartOf":{"@id":"https:\/\/www.anovapeneira.gal\/#website"},"primaryImageOfPage":{"@id":"https:\/\/www.anovapeneira.gal\/index.php\/2026\/04\/21\/por-que-a-clase-obreira-vota-a-dereita\/#primaryimage"},"image":{"@id":"https:\/\/www.anovapeneira.gal\/index.php\/2026\/04\/21\/por-que-a-clase-obreira-vota-a-dereita\/#primaryimage"},"thumbnailUrl":"https:\/\/www.anovapeneira.gal\/wp-content\/uploads\/2021\/03\/manuel_alfonso_estevez.jpg","datePublished":"2026-04-21T08:00:44+00:00","breadcrumb":{"@id":"https:\/\/www.anovapeneira.gal\/index.php\/2026\/04\/21\/por-que-a-clase-obreira-vota-a-dereita\/#breadcrumb"},"inLanguage":"gl-ES","potentialAction":[{"@type":"ReadAction","target":["https:\/\/www.anovapeneira.gal\/index.php\/2026\/04\/21\/por-que-a-clase-obreira-vota-a-dereita\/"]}]},{"@type":"ImageObject","inLanguage":"gl-ES","@id":"https:\/\/www.anovapeneira.gal\/index.php\/2026\/04\/21\/por-que-a-clase-obreira-vota-a-dereita\/#primaryimage","url":"https:\/\/www.anovapeneira.gal\/wp-content\/uploads\/2021\/03\/manuel_alfonso_estevez.jpg","contentUrl":"https:\/\/www.anovapeneira.gal\/wp-content\/uploads\/2021\/03\/manuel_alfonso_estevez.jpg","width":720,"height":432,"caption":"Manuel Alfonso Est\u00e9vez. Historia viva de Fornelos da Ribeira"},{"@type":"BreadcrumbList","@id":"https:\/\/www.anovapeneira.gal\/index.php\/2026\/04\/21\/por-que-a-clase-obreira-vota-a-dereita\/#breadcrumb","itemListElement":[{"@type":"ListItem","position":1,"name":"Portada","item":"https:\/\/www.anovapeneira.gal\/"},{"@type":"ListItem","position":2,"name":"Por que a clase obreira vota \u00e1 dereita?"}]},{"@type":"WebSite","@id":"https:\/\/www.anovapeneira.gal\/#website","url":"https:\/\/www.anovapeneira.gal\/","name":"","description":"Xornal galego de informaci\u00f3n xeral Publicaci\u00f3n mensual de novas de Galicia e en especial dos Concellos da sur da provincia de Pontevedra.","publisher":{"@id":"https:\/\/www.anovapeneira.gal\/#organization"},"potentialAction":[{"@type":"SearchAction","target":{"@type":"EntryPoint","urlTemplate":"https:\/\/www.anovapeneira.gal\/?s={search_term_string}"},"query-input":{"@type":"PropertyValueSpecification","valueRequired":true,"valueName":"search_term_string"}}],"inLanguage":"gl-ES"},{"@type":"Organization","@id":"https:\/\/www.anovapeneira.gal\/#organization","name":"A Nova Peneira","url":"https:\/\/www.anovapeneira.gal\/","logo":{"@type":"ImageObject","inLanguage":"gl-ES","@id":"https:\/\/www.anovapeneira.gal\/#\/schema\/logo\/image\/","url":"http:\/\/www.anovapeneira.gal\/wp-content\/uploads\/2019\/06\/logo_a_nova_peneira_portal_web.png","contentUrl":"http:\/\/www.anovapeneira.gal\/wp-content\/uploads\/2019\/06\/logo_a_nova_peneira_portal_web.png","width":300,"height":100,"caption":"A Nova Peneira"},"image":{"@id":"https:\/\/www.anovapeneira.gal\/#\/schema\/logo\/image\/"},"sameAs":["https:\/\/www.facebook.com\/anovapeneira","https:\/\/x.com\/APeneira"]},{"@type":"Person","@id":"https:\/\/www.anovapeneira.gal\/#\/schema\/person\/6561b93d53e7a32f5d814768163bae2a","name":"Manuel Alfonso Est\u00e9vez","image":{"@type":"ImageObject","inLanguage":"gl-ES","@id":"https:\/\/secure.gravatar.com\/avatar\/f5d3e86603a02dabc520fdacad8691552cb5b3b57ede8828ababc7095c054594?s=96&d=mm&r=g","url":"https:\/\/secure.gravatar.com\/avatar\/f5d3e86603a02dabc520fdacad8691552cb5b3b57ede8828ababc7095c054594?s=96&d=mm&r=g","contentUrl":"https:\/\/secure.gravatar.com\/avatar\/f5d3e86603a02dabc520fdacad8691552cb5b3b57ede8828ababc7095c054594?s=96&d=mm&r=g","caption":"Manuel Alfonso Est\u00e9vez"},"url":"https:\/\/www.anovapeneira.gal\/index.php\/author\/manuelalfonso\/"}]}},"jetpack_featured_media_url":"https:\/\/www.anovapeneira.gal\/wp-content\/uploads\/2021\/03\/manuel_alfonso_estevez.jpg","_links":{"self":[{"href":"https:\/\/www.anovapeneira.gal\/index.php\/wp-json\/wp\/v2\/posts\/15685","targetHints":{"allow":["GET"]}}],"collection":[{"href":"https:\/\/www.anovapeneira.gal\/index.php\/wp-json\/wp\/v2\/posts"}],"about":[{"href":"https:\/\/www.anovapeneira.gal\/index.php\/wp-json\/wp\/v2\/types\/post"}],"author":[{"embeddable":true,"href":"https:\/\/www.anovapeneira.gal\/index.php\/wp-json\/wp\/v2\/users\/40"}],"replies":[{"embeddable":true,"href":"https:\/\/www.anovapeneira.gal\/index.php\/wp-json\/wp\/v2\/comments?post=15685"}],"version-history":[{"count":1,"href":"https:\/\/www.anovapeneira.gal\/index.php\/wp-json\/wp\/v2\/posts\/15685\/revisions"}],"predecessor-version":[{"id":15686,"href":"https:\/\/www.anovapeneira.gal\/index.php\/wp-json\/wp\/v2\/posts\/15685\/revisions\/15686"}],"wp:featuredmedia":[{"embeddable":true,"href":"https:\/\/www.anovapeneira.gal\/index.php\/wp-json\/wp\/v2\/media\/5108"}],"wp:attachment":[{"href":"https:\/\/www.anovapeneira.gal\/index.php\/wp-json\/wp\/v2\/media?parent=15685"}],"wp:term":[{"taxonomy":"category","embeddable":true,"href":"https:\/\/www.anovapeneira.gal\/index.php\/wp-json\/wp\/v2\/categories?post=15685"},{"taxonomy":"post_tag","embeddable":true,"href":"https:\/\/www.anovapeneira.gal\/index.php\/wp-json\/wp\/v2\/tags?post=15685"}],"curies":[{"name":"wp","href":"https:\/\/api.w.org\/{rel}","templated":true}]}}