{"id":15687,"date":"2026-04-23T12:00:03","date_gmt":"2026-04-23T10:00:03","guid":{"rendered":"https:\/\/www.anovapeneira.gal\/?p=15687"},"modified":"2026-04-20T11:34:53","modified_gmt":"2026-04-20T09:34:53","slug":"1-000-primaveras-mais-para-a-sala-rebullon","status":"publish","type":"post","link":"https:\/\/www.anovapeneira.gal\/index.php\/2026\/04\/23\/1-000-primaveras-mais-para-a-sala-rebullon\/","title":{"rendered":"1.000 Primaveras m\u00e1is para a Sala Rebull\u00f3n"},"content":{"rendered":"\n<p><strong>Na parroquia de Tameiga, na Avenida do Rebull\u00f3n 23, est\u00e1 o Centro Social Cultural e Deportivo As Pedri\u00f1as. Eles son un colectivo vivo, din\u00e1mico, \u00e1xil e l\u00facido que traballa polo ben com\u00fan dos comuneiros e comuneiras de Tameiga. Un dos servizos que ofrece \u00e9 unha espectacular sala de concertos, a Sala Rebull\u00f3n, que ten ga\u00f1ado en d\u00faas ocasi\u00f3ns o premio \u00e1 mellor sala de concertos de Galicia.<\/strong><\/p>\n\n\n\n<p><strong>Na xesti\u00f3n deste sala, que en maio cumprir\u00e1 nove anos de vida, ten un papel esencial o seu coordinador, o noso prezado amigo Cao de Mos. N\u00f3s quixemos conversar con con el para co\u00f1ecermos mellor o funcionamento da sala. Non puido atendernos( tranquilo Cao que te queremos igual), pero falamos con dous profesionais que traballan nas Pedri\u00f1as, Carlos e Alberto, que nos recibiron moi amablemente e nos contaron a historia e o funcionamento desta sala de concertos .<\/strong><\/p>\n\n\n\n<p><strong>Carlos Roca , Alberto P\u00e9rez, traballadores do CC As Pedri\u00f1as<\/strong><\/p>\n\n\n\n<p>\u201c <strong>Despois de 9 anos de vida, de infinidade de concertos, de milleiros de persoas que ve\u00f1en \u00e1 sala , de termos ga\u00f1ado d\u00faas veces o premio Mart\u00edn Codax.. o goberno de Mos segue sen facernos o m\u00e1is m\u00ednimo caso\u201d<\/strong><\/p>\n\n\n\n<p><strong>Carlos , Alberto canto tempo levades traballando nas Pedri\u00f1as?<\/strong><\/p>\n\n\n\n<blockquote class=\"wp-block-quote is-layout-flow wp-block-quote-is-layout-flow\">\n<p>Eu desde o 2017<strong>, responde Carlos,<\/strong><\/p>\n<\/blockquote>\n\n\n\n<blockquote class=\"wp-block-quote is-layout-flow wp-block-quote-is-layout-flow\">\n<p>Eu comecei en novembro do 2024,<strong> di Alberto<\/strong><\/p>\n<\/blockquote>\n\n\n\n<p><strong>Cal \u00e9 o voso traballo en concreto?<\/strong><\/p>\n\n\n\n<blockquote class=\"wp-block-quote is-layout-flow wp-block-quote-is-layout-flow\">\n<p>Facemos un pouco de todo relacionado coa actividade do centro, pero fundamentalmente traballamos na parte inform\u00e1tica.<\/p>\n<\/blockquote>\n\n\n\n<p><strong>A\u00ednda que As Pedri\u00f1as atinxe a numerosos eidos da vida de Tameiga, esta conversa ten por obxecto falarmos da sala Rebull\u00f3n. T\u00f3cavos falar a v\u00f3s..<\/strong><\/p>\n\n\n\n<blockquote class=\"wp-block-quote is-layout-flow wp-block-quote-is-layout-flow\">\n<p>A sala Rebull\u00f3n \u00e9 unha sala de concertos que pronto cumprir\u00e1 9 anos. Naceu en maio do 2017.O seu financiamento depende da Comunidade de Montes, que como sabes traballa dunha forma moi coordinada co Centro Cultural.<\/p>\n<\/blockquote>\n\n\n\n<p><strong>Como se determinan a programaci\u00f3n da sala e a periodicidade dos concertos?<\/strong><\/p>\n\n\n\n<blockquote class=\"wp-block-quote is-layout-flow wp-block-quote-is-layout-flow\">\n<p>Temos unha actividade de concertos regular que se divide en dous per\u00edodos: Primavera( de febreiro a maio)e Outono( de Outubro a Decembro).O resto do ano fanse outras actividades complementarias como teatro, charlas&#8230;A sala s\u00f3 pecha nos meses de Xullo e Agosto.<\/p>\n<\/blockquote>\n\n\n\n<p><strong>Como se escollen os grupos?<\/strong><\/p>\n\n\n\n<blockquote class=\"wp-block-quote is-layout-flow wp-block-quote-is-layout-flow\">\n<p>A persoa que ten un papel m\u00e1is importante no proceso \u00e9 Cao, o coordinador da sala, que tam\u00e9n \u00e9 o vicepresidente da CM e do CC. En calquera caso estamos nun punto no que en moitas ocasi\u00f3n xa son os propios grupos os que buscan vir \u00e1 sala Rebull\u00f3n. Tam\u00e9n colaboramos con d\u00faas promotoras e eles xesti\u00f3nanos alg\u00fans concertos.<\/p>\n<\/blockquote>\n\n\n\n<p><strong>Os concertos que d\u00edas son?<\/strong><\/p>\n\n\n\n<blockquote class=\"wp-block-quote is-layout-flow wp-block-quote-is-layout-flow\">\n<p>Son de venres a domingo, ag\u00e1s que por calquera circunstancia excepcional a un grupo determinado que estea de xira, e que a n\u00f3s non interese, lle cadre pasar calquera d\u00eda da semana. Ent\u00f3n tampouco temos problema en montalo o d\u00eda que sexa.<\/p>\n<\/blockquote>\n\n\n\n<p><strong>O estilo musical que se capta \u00e9 m\u00e1is ou menos o mesmo, ou buscades tendencias musicais diversas?<\/strong><\/p>\n\n\n\n<blockquote class=\"wp-block-quote is-layout-flow wp-block-quote-is-layout-flow\">\n<p>Aproximadamente estaremos nun 60% de Rock, logo tam\u00e9n hai unha parte moi importante de folk e igualmente temos algo de Rap, m\u00fasica de autor e outros estilos moi diversos. O que si se pode dicir que \u00e9 a ampla maior\u00eda dos grupos te\u00f1en m\u00fasica propia. As bandas de versi\u00f3ns que temos son poucas.<\/p>\n<\/blockquote>\n\n\n\n<p><strong>Hai espazo na sala para a m\u00fasica popular galega e en galego?<\/strong><\/p>\n\n\n\n<blockquote class=\"wp-block-quote is-layout-flow wp-block-quote-is-layout-flow\">\n<p>Por descontado que si. Un espazo enorme.<\/p>\n<\/blockquote>\n\n\n\n<p><strong>A media de idade do p\u00fablico cal \u00e9?<\/strong><\/p>\n\n\n\n<blockquote class=\"wp-block-quote is-layout-flow wp-block-quote-is-layout-flow\">\n<p>Hai de todo, pero a maior\u00eda dos asistentes penso que est\u00e1n entre os 30 e os 40 anos.<\/p>\n<\/blockquote>\n\n\n\n<p><strong>Que capacidade ten a sala?<\/strong><\/p>\n\n\n\n<blockquote class=\"wp-block-quote is-layout-flow wp-block-quote-is-layout-flow\">\n<p>350 persoas.<\/p>\n<\/blockquote>\n\n\n\n<p><strong>E cantas persoas adoitan vir aos concertos?<\/strong><\/p>\n\n\n\n<blockquote class=\"wp-block-quote is-layout-flow wp-block-quote-is-layout-flow\">\n<p>\u00c1s veces m\u00e1is, \u00e1s veces menos. Pero podemos dicir que unha media de m\u00e1is ou menos 200.<\/p>\n<\/blockquote>\n\n\n\n<p><strong>\u00c9 necesario ser comuneiro para poder asistir aos concertos?<\/strong><\/p>\n\n\n\n<blockquote class=\"wp-block-quote is-layout-flow wp-block-quote-is-layout-flow\">\n<p>Non, son de entrada libre.<\/p>\n<\/blockquote>\n\n\n\n<p><strong>Cobrades entrada?<\/strong><\/p>\n\n\n\n<blockquote class=\"wp-block-quote is-layout-flow wp-block-quote-is-layout-flow\">\n<p>Normalmente si.<\/p>\n<\/blockquote>\n\n\n\n<p><strong>E os prezos?<\/strong><\/p>\n\n\n\n<blockquote class=\"wp-block-quote is-layout-flow wp-block-quote-is-layout-flow\">\n<p>Se se trata dun grupo de moito prestixio poder\u00eda chegar a 25, pero normalmente est\u00e1n entre os 10 e os 15\u20ac.<\/p>\n<\/blockquote>\n\n\n\n<p><strong>Pero con esas cantidades podemos estar entre os 2.000 e os 2.500\u20ac de recadaci\u00f3n aproximada por cada concerto. Dubido de que se poida financiar s\u00f3 con iso.<\/strong><\/p>\n\n\n\n<blockquote class=\"wp-block-quote is-layout-flow wp-block-quote-is-layout-flow\">\n<p>Non, claro que non. Con iso non se pode financiar a sala nin de lonxe. O financiamento \u00e9 posible grazas \u00e1 Comunidade de Montes. Tam\u00e9n temos que dicir que o certo \u00e9 que a m\u00fasica est\u00e1 moi mal pagada.<\/p>\n<\/blockquote>\n\n\n\n<p><strong>Algunha vez tivestes alg\u00fan problema de orde p\u00fablica ou de seguridade?<\/strong><\/p>\n\n\n\n<blockquote class=\"wp-block-quote is-layout-flow wp-block-quote-is-layout-flow\">\n<p>Non, nunca.<\/p>\n<\/blockquote>\n\n\n\n<p><strong>Que tipo de relaci\u00f3n tendes coas distintas administraci\u00f3ns?<\/strong><\/p>\n\n\n\n<blockquote class=\"wp-block-quote is-layout-flow wp-block-quote-is-layout-flow\">\n<p>Digamos que conflitiva.<\/p>\n<\/blockquote>\n\n\n\n<p><strong>Algunha ocasi\u00f3n recibistes alg\u00fan tipo de axuda dalgunha administraci\u00f3n?<\/strong><\/p>\n\n\n\n<blockquote class=\"wp-block-quote is-layout-flow wp-block-quote-is-layout-flow\">\n<p>Algunha da DEPO, pero porque temos participado \u00e1s veces nalg\u00fans programas que convocan e ao cumprirmos os par\u00e1metros da convocatoria non lles queda m\u00e1is remedio.<\/p>\n<\/blockquote>\n\n\n\n<p><strong>V\u00f3s sodes un local de Mos. Nos 9 anos da vosa vida tedes argallado ducias de concertos, alg\u00fans de grupos de grande prestixio. En todo este tempo milleiros de persoas vi\u00f1eron a Mos a alg\u00fan dos vosos concertos. Sede sinceros: O goberno de Nidia Ar\u00e9valo algunha vez tratou de interesarse pola vosa actividade, polos vosos problemas ou necesidades? Ou nunca vos fixo nin caso?<\/strong><\/p>\n\n\n\n<blockquote class=\"wp-block-quote is-layout-flow wp-block-quote-is-layout-flow\">\n<p>Nunca nos fixo o m\u00e1is m\u00e1is m\u00ednimo caso. A\u00ednda estamos agardando que nos dean os parab\u00e9ns por termos ga\u00f1ado d\u00faas veces o premio Mart\u00edn Codax.<\/p>\n<\/blockquote>\n\n\n\n<p><strong>Explic\u00e1denos iso do Mart\u00edn Codax?<\/strong><\/p>\n\n\n\n<blockquote class=\"wp-block-quote is-layout-flow wp-block-quote-is-layout-flow\">\n<p>Son os premios da Asociaci\u00f3n Galega de M\u00fasica. Te\u00f1en diversas categor\u00edas, unha delas \u00e9 a de mellor sala galega de concertos. N\u00f3s ga\u00f1amos ese premio no ano 23 e no ano 25.<\/p>\n<\/blockquote>\n\n\n\n<blockquote class=\"wp-block-quote is-layout-flow wp-block-quote-is-layout-flow\">\n<p>\u00c9 un premio que non comporta reco\u00f1ecemento econ\u00f3mico pero si ten un enorme prestixio no universo da m\u00fasica galega.<\/p>\n<\/blockquote>\n\n\n\n<p><strong>En toda a vosa historia no Rebull\u00f3n se tiverades que salientar a alg\u00fan grupo dos que pasou pola sala pola s\u00faa especial calidade, cal diriades?<\/strong><\/p>\n\n\n\n<blockquote class=\"wp-block-quote is-layout-flow wp-block-quote-is-layout-flow\">\n<p>Hai un feixe deles. Non \u00e9 posible quedarse con un s\u00f3.<\/p>\n<\/blockquote>\n\n\n\n<p><strong>V\u00f3s tam\u00e9n facedes o Miudo fest. En que consiste?<\/strong><\/p>\n\n\n\n<blockquote class=\"wp-block-quote is-layout-flow wp-block-quote-is-layout-flow\">\n<p>\u00c9 un festival que nace hai 10 anos, un ano antes que a sala. \u00c9 un festival para nenos e nenas pero \u00e9 un evento no que apostamos por darlle \u00e1 cativada un espect\u00e1culo como se fosen adultos e que poida vir a familia ao completo. Normalmente fac\u00e9molo en coincidencia coas letras galegas.<\/p>\n<\/blockquote>\n\n\n\n<p><strong>A Sala Rebull\u00f3n ten futuro no tempo?<\/strong><\/p>\n\n\n\n<blockquote class=\"wp-block-quote is-layout-flow wp-block-quote-is-layout-flow\">\n<p>Polo volume de persoas que ve\u00f1en aos concertos, e pola repercusi\u00f3n que te\u00f1en estamos seguros de que mentres a veci\u00f1anza de Tameiga queira a sala Rebull\u00f3n seguir\u00e1 existindo.<\/p>\n<\/blockquote>\n","protected":false},"excerpt":{"rendered":"<div class=\"mh-excerpt\"><p>Na parroquia de Tameiga, na Avenida do Rebull\u00f3n 23, est\u00e1 o Centro Social Cultural e Deportivo As Pedri\u00f1as <a class=\"mh-excerpt-more\" href=\"https:\/\/www.anovapeneira.gal\/index.php\/2026\/04\/23\/1-000-primaveras-mais-para-a-sala-rebullon\/\" title=\"1.000 Primaveras m\u00e1is para a Sala Rebull\u00f3n\">[&#8230;]<\/a><\/p>\n<\/div>","protected":false},"author":2,"featured_media":15688,"comment_status":"open","ping_status":"open","sticky":false,"template":"","format":"standard","meta":{"_exactmetrics_skip_tracking":false,"_exactmetrics_sitenote_active":false,"_exactmetrics_sitenote_note":"","_exactmetrics_sitenote_category":0,"footnotes":""},"categories":[265],"tags":[218],"class_list":{"0":"post-15687","1":"post","2":"type-post","3":"status-publish","4":"format-standard","5":"has-post-thumbnail","7":"category-a-lourina-entrevistas","8":"tag-concello-de-mos"},"yoast_head":"<!-- This site is optimized with the Yoast SEO plugin v27.4 - https:\/\/yoast.com\/product\/yoast-seo-wordpress\/ -->\n<title>1.000 Primaveras m\u00e1is para a Sala Rebull\u00f3n -<\/title>\n<meta name=\"robots\" content=\"index, follow, max-snippet:-1, max-image-preview:large, max-video-preview:-1\" \/>\n<link rel=\"canonical\" href=\"https:\/\/www.anovapeneira.gal\/index.php\/2026\/04\/23\/1-000-primaveras-mais-para-a-sala-rebullon\/\" \/>\n<meta property=\"og:locale\" content=\"gl_ES\" \/>\n<meta property=\"og:type\" content=\"article\" \/>\n<meta property=\"og:title\" content=\"1.000 Primaveras m\u00e1is para a Sala Rebull\u00f3n -\" \/>\n<meta property=\"og:description\" content=\"Na parroquia de Tameiga, na Avenida do Rebull\u00f3n 23, est\u00e1 o Centro Social Cultural e Deportivo As Pedri\u00f1as [...]\" \/>\n<meta property=\"og:url\" content=\"https:\/\/www.anovapeneira.gal\/index.php\/2026\/04\/23\/1-000-primaveras-mais-para-a-sala-rebullon\/\" \/>\n<meta property=\"article:publisher\" content=\"https:\/\/www.facebook.com\/anovapeneira\" \/>\n<meta property=\"article:published_time\" content=\"2026-04-23T10:00:03+00:00\" \/>\n<meta property=\"og:image\" content=\"https:\/\/www.anovapeneira.gal\/wp-content\/uploads\/2026\/04\/rebullon.png\" \/>\n\t<meta property=\"og:image:width\" content=\"720\" \/>\n\t<meta property=\"og:image:height\" content=\"432\" \/>\n\t<meta property=\"og:image:type\" content=\"image\/png\" \/>\n<meta name=\"author\" content=\"Tino Lago\" \/>\n<meta name=\"twitter:card\" content=\"summary_large_image\" \/>\n<meta name=\"twitter:creator\" content=\"@APeneira\" \/>\n<meta name=\"twitter:site\" content=\"@APeneira\" \/>\n<meta name=\"twitter:label1\" content=\"Escrito por\" \/>\n\t<meta name=\"twitter:data1\" content=\"Tino Lago\" \/>\n\t<meta name=\"twitter:label2\" content=\"Tempo de lectura\" \/>\n\t<meta name=\"twitter:data2\" content=\"3 minutos\" \/>\n<script type=\"application\/ld+json\" class=\"yoast-schema-graph\">{\"@context\":\"https:\\\/\\\/schema.org\",\"@graph\":[{\"@type\":\"Article\",\"@id\":\"https:\\\/\\\/www.anovapeneira.gal\\\/index.php\\\/2026\\\/04\\\/23\\\/1-000-primaveras-mais-para-a-sala-rebullon\\\/#article\",\"isPartOf\":{\"@id\":\"https:\\\/\\\/www.anovapeneira.gal\\\/index.php\\\/2026\\\/04\\\/23\\\/1-000-primaveras-mais-para-a-sala-rebullon\\\/\"},\"author\":{\"name\":\"Tino Lago\",\"@id\":\"https:\\\/\\\/www.anovapeneira.gal\\\/#\\\/schema\\\/person\\\/424dfe65e3070fd8a44d22d2c088762a\"},\"headline\":\"1.000 Primaveras m\u00e1is para a Sala Rebull\u00f3n\",\"datePublished\":\"2026-04-23T10:00:03+00:00\",\"mainEntityOfPage\":{\"@id\":\"https:\\\/\\\/www.anovapeneira.gal\\\/index.php\\\/2026\\\/04\\\/23\\\/1-000-primaveras-mais-para-a-sala-rebullon\\\/\"},\"wordCount\":1131,\"commentCount\":0,\"publisher\":{\"@id\":\"https:\\\/\\\/www.anovapeneira.gal\\\/#organization\"},\"image\":{\"@id\":\"https:\\\/\\\/www.anovapeneira.gal\\\/index.php\\\/2026\\\/04\\\/23\\\/1-000-primaveras-mais-para-a-sala-rebullon\\\/#primaryimage\"},\"thumbnailUrl\":\"https:\\\/\\\/www.anovapeneira.gal\\\/wp-content\\\/uploads\\\/2026\\\/04\\\/rebullon.png\",\"keywords\":[\"Concello de Mos\"],\"articleSection\":[\"A Louri\u00f1a\"],\"inLanguage\":\"gl-ES\",\"potentialAction\":[{\"@type\":\"CommentAction\",\"name\":\"Comment\",\"target\":[\"https:\\\/\\\/www.anovapeneira.gal\\\/index.php\\\/2026\\\/04\\\/23\\\/1-000-primaveras-mais-para-a-sala-rebullon\\\/#respond\"]}]},{\"@type\":\"WebPage\",\"@id\":\"https:\\\/\\\/www.anovapeneira.gal\\\/index.php\\\/2026\\\/04\\\/23\\\/1-000-primaveras-mais-para-a-sala-rebullon\\\/\",\"url\":\"https:\\\/\\\/www.anovapeneira.gal\\\/index.php\\\/2026\\\/04\\\/23\\\/1-000-primaveras-mais-para-a-sala-rebullon\\\/\",\"name\":\"1.000 Primaveras m\u00e1is para a Sala Rebull\u00f3n -\",\"isPartOf\":{\"@id\":\"https:\\\/\\\/www.anovapeneira.gal\\\/#website\"},\"primaryImageOfPage\":{\"@id\":\"https:\\\/\\\/www.anovapeneira.gal\\\/index.php\\\/2026\\\/04\\\/23\\\/1-000-primaveras-mais-para-a-sala-rebullon\\\/#primaryimage\"},\"image\":{\"@id\":\"https:\\\/\\\/www.anovapeneira.gal\\\/index.php\\\/2026\\\/04\\\/23\\\/1-000-primaveras-mais-para-a-sala-rebullon\\\/#primaryimage\"},\"thumbnailUrl\":\"https:\\\/\\\/www.anovapeneira.gal\\\/wp-content\\\/uploads\\\/2026\\\/04\\\/rebullon.png\",\"datePublished\":\"2026-04-23T10:00:03+00:00\",\"breadcrumb\":{\"@id\":\"https:\\\/\\\/www.anovapeneira.gal\\\/index.php\\\/2026\\\/04\\\/23\\\/1-000-primaveras-mais-para-a-sala-rebullon\\\/#breadcrumb\"},\"inLanguage\":\"gl-ES\",\"potentialAction\":[{\"@type\":\"ReadAction\",\"target\":[\"https:\\\/\\\/www.anovapeneira.gal\\\/index.php\\\/2026\\\/04\\\/23\\\/1-000-primaveras-mais-para-a-sala-rebullon\\\/\"]}]},{\"@type\":\"ImageObject\",\"inLanguage\":\"gl-ES\",\"@id\":\"https:\\\/\\\/www.anovapeneira.gal\\\/index.php\\\/2026\\\/04\\\/23\\\/1-000-primaveras-mais-para-a-sala-rebullon\\\/#primaryimage\",\"url\":\"https:\\\/\\\/www.anovapeneira.gal\\\/wp-content\\\/uploads\\\/2026\\\/04\\\/rebullon.png\",\"contentUrl\":\"https:\\\/\\\/www.anovapeneira.gal\\\/wp-content\\\/uploads\\\/2026\\\/04\\\/rebullon.png\",\"width\":720,\"height\":432},{\"@type\":\"BreadcrumbList\",\"@id\":\"https:\\\/\\\/www.anovapeneira.gal\\\/index.php\\\/2026\\\/04\\\/23\\\/1-000-primaveras-mais-para-a-sala-rebullon\\\/#breadcrumb\",\"itemListElement\":[{\"@type\":\"ListItem\",\"position\":1,\"name\":\"Portada\",\"item\":\"https:\\\/\\\/www.anovapeneira.gal\\\/\"},{\"@type\":\"ListItem\",\"position\":2,\"name\":\"1.000 Primaveras m\u00e1is para a Sala Rebull\u00f3n\"}]},{\"@type\":\"WebSite\",\"@id\":\"https:\\\/\\\/www.anovapeneira.gal\\\/#website\",\"url\":\"https:\\\/\\\/www.anovapeneira.gal\\\/\",\"name\":\"\",\"description\":\"Xornal galego de informaci\u00f3n xeral Publicaci\u00f3n mensual de novas de Galicia e en especial dos Concellos da sur da provincia de Pontevedra.\",\"publisher\":{\"@id\":\"https:\\\/\\\/www.anovapeneira.gal\\\/#organization\"},\"potentialAction\":[{\"@type\":\"SearchAction\",\"target\":{\"@type\":\"EntryPoint\",\"urlTemplate\":\"https:\\\/\\\/www.anovapeneira.gal\\\/?s={search_term_string}\"},\"query-input\":{\"@type\":\"PropertyValueSpecification\",\"valueRequired\":true,\"valueName\":\"search_term_string\"}}],\"inLanguage\":\"gl-ES\"},{\"@type\":\"Organization\",\"@id\":\"https:\\\/\\\/www.anovapeneira.gal\\\/#organization\",\"name\":\"A Nova Peneira\",\"url\":\"https:\\\/\\\/www.anovapeneira.gal\\\/\",\"logo\":{\"@type\":\"ImageObject\",\"inLanguage\":\"gl-ES\",\"@id\":\"https:\\\/\\\/www.anovapeneira.gal\\\/#\\\/schema\\\/logo\\\/image\\\/\",\"url\":\"http:\\\/\\\/www.anovapeneira.gal\\\/wp-content\\\/uploads\\\/2019\\\/06\\\/logo_a_nova_peneira_portal_web.png\",\"contentUrl\":\"http:\\\/\\\/www.anovapeneira.gal\\\/wp-content\\\/uploads\\\/2019\\\/06\\\/logo_a_nova_peneira_portal_web.png\",\"width\":300,\"height\":100,\"caption\":\"A Nova Peneira\"},\"image\":{\"@id\":\"https:\\\/\\\/www.anovapeneira.gal\\\/#\\\/schema\\\/logo\\\/image\\\/\"},\"sameAs\":[\"https:\\\/\\\/www.facebook.com\\\/anovapeneira\",\"https:\\\/\\\/x.com\\\/APeneira\"]},{\"@type\":\"Person\",\"@id\":\"https:\\\/\\\/www.anovapeneira.gal\\\/#\\\/schema\\\/person\\\/424dfe65e3070fd8a44d22d2c088762a\",\"name\":\"Tino Lago\",\"image\":{\"@type\":\"ImageObject\",\"inLanguage\":\"gl-ES\",\"@id\":\"https:\\\/\\\/secure.gravatar.com\\\/avatar\\\/b3df6a06e44bab3111583b90f0f33a0379ee5e3d22cbadd232d39f21c30c62be?s=96&d=mm&r=g\",\"url\":\"https:\\\/\\\/secure.gravatar.com\\\/avatar\\\/b3df6a06e44bab3111583b90f0f33a0379ee5e3d22cbadd232d39f21c30c62be?s=96&d=mm&r=g\",\"contentUrl\":\"https:\\\/\\\/secure.gravatar.com\\\/avatar\\\/b3df6a06e44bab3111583b90f0f33a0379ee5e3d22cbadd232d39f21c30c62be?s=96&d=mm&r=g\",\"caption\":\"Tino Lago\"},\"sameAs\":[\"http:\\\/\\\/www.anovapeneira.gal\"],\"url\":\"https:\\\/\\\/www.anovapeneira.gal\\\/index.php\\\/author\\\/director\\\/\"}]}<\/script>\n<!-- \/ Yoast SEO plugin. -->","yoast_head_json":{"title":"1.000 Primaveras m\u00e1is para a Sala Rebull\u00f3n -","robots":{"index":"index","follow":"follow","max-snippet":"max-snippet:-1","max-image-preview":"max-image-preview:large","max-video-preview":"max-video-preview:-1"},"canonical":"https:\/\/www.anovapeneira.gal\/index.php\/2026\/04\/23\/1-000-primaveras-mais-para-a-sala-rebullon\/","og_locale":"gl_ES","og_type":"article","og_title":"1.000 Primaveras m\u00e1is para a Sala Rebull\u00f3n -","og_description":"Na parroquia de Tameiga, na Avenida do Rebull\u00f3n 23, est\u00e1 o Centro Social Cultural e Deportivo As Pedri\u00f1as [...]","og_url":"https:\/\/www.anovapeneira.gal\/index.php\/2026\/04\/23\/1-000-primaveras-mais-para-a-sala-rebullon\/","article_publisher":"https:\/\/www.facebook.com\/anovapeneira","article_published_time":"2026-04-23T10:00:03+00:00","og_image":[{"width":720,"height":432,"url":"https:\/\/www.anovapeneira.gal\/wp-content\/uploads\/2026\/04\/rebullon.png","type":"image\/png"}],"author":"Tino Lago","twitter_card":"summary_large_image","twitter_creator":"@APeneira","twitter_site":"@APeneira","twitter_misc":{"Escrito por":"Tino Lago","Tempo de lectura":"3 minutos"},"schema":{"@context":"https:\/\/schema.org","@graph":[{"@type":"Article","@id":"https:\/\/www.anovapeneira.gal\/index.php\/2026\/04\/23\/1-000-primaveras-mais-para-a-sala-rebullon\/#article","isPartOf":{"@id":"https:\/\/www.anovapeneira.gal\/index.php\/2026\/04\/23\/1-000-primaveras-mais-para-a-sala-rebullon\/"},"author":{"name":"Tino Lago","@id":"https:\/\/www.anovapeneira.gal\/#\/schema\/person\/424dfe65e3070fd8a44d22d2c088762a"},"headline":"1.000 Primaveras m\u00e1is para a Sala Rebull\u00f3n","datePublished":"2026-04-23T10:00:03+00:00","mainEntityOfPage":{"@id":"https:\/\/www.anovapeneira.gal\/index.php\/2026\/04\/23\/1-000-primaveras-mais-para-a-sala-rebullon\/"},"wordCount":1131,"commentCount":0,"publisher":{"@id":"https:\/\/www.anovapeneira.gal\/#organization"},"image":{"@id":"https:\/\/www.anovapeneira.gal\/index.php\/2026\/04\/23\/1-000-primaveras-mais-para-a-sala-rebullon\/#primaryimage"},"thumbnailUrl":"https:\/\/www.anovapeneira.gal\/wp-content\/uploads\/2026\/04\/rebullon.png","keywords":["Concello de Mos"],"articleSection":["A Louri\u00f1a"],"inLanguage":"gl-ES","potentialAction":[{"@type":"CommentAction","name":"Comment","target":["https:\/\/www.anovapeneira.gal\/index.php\/2026\/04\/23\/1-000-primaveras-mais-para-a-sala-rebullon\/#respond"]}]},{"@type":"WebPage","@id":"https:\/\/www.anovapeneira.gal\/index.php\/2026\/04\/23\/1-000-primaveras-mais-para-a-sala-rebullon\/","url":"https:\/\/www.anovapeneira.gal\/index.php\/2026\/04\/23\/1-000-primaveras-mais-para-a-sala-rebullon\/","name":"1.000 Primaveras m\u00e1is para a Sala Rebull\u00f3n -","isPartOf":{"@id":"https:\/\/www.anovapeneira.gal\/#website"},"primaryImageOfPage":{"@id":"https:\/\/www.anovapeneira.gal\/index.php\/2026\/04\/23\/1-000-primaveras-mais-para-a-sala-rebullon\/#primaryimage"},"image":{"@id":"https:\/\/www.anovapeneira.gal\/index.php\/2026\/04\/23\/1-000-primaveras-mais-para-a-sala-rebullon\/#primaryimage"},"thumbnailUrl":"https:\/\/www.anovapeneira.gal\/wp-content\/uploads\/2026\/04\/rebullon.png","datePublished":"2026-04-23T10:00:03+00:00","breadcrumb":{"@id":"https:\/\/www.anovapeneira.gal\/index.php\/2026\/04\/23\/1-000-primaveras-mais-para-a-sala-rebullon\/#breadcrumb"},"inLanguage":"gl-ES","potentialAction":[{"@type":"ReadAction","target":["https:\/\/www.anovapeneira.gal\/index.php\/2026\/04\/23\/1-000-primaveras-mais-para-a-sala-rebullon\/"]}]},{"@type":"ImageObject","inLanguage":"gl-ES","@id":"https:\/\/www.anovapeneira.gal\/index.php\/2026\/04\/23\/1-000-primaveras-mais-para-a-sala-rebullon\/#primaryimage","url":"https:\/\/www.anovapeneira.gal\/wp-content\/uploads\/2026\/04\/rebullon.png","contentUrl":"https:\/\/www.anovapeneira.gal\/wp-content\/uploads\/2026\/04\/rebullon.png","width":720,"height":432},{"@type":"BreadcrumbList","@id":"https:\/\/www.anovapeneira.gal\/index.php\/2026\/04\/23\/1-000-primaveras-mais-para-a-sala-rebullon\/#breadcrumb","itemListElement":[{"@type":"ListItem","position":1,"name":"Portada","item":"https:\/\/www.anovapeneira.gal\/"},{"@type":"ListItem","position":2,"name":"1.000 Primaveras m\u00e1is para a Sala Rebull\u00f3n"}]},{"@type":"WebSite","@id":"https:\/\/www.anovapeneira.gal\/#website","url":"https:\/\/www.anovapeneira.gal\/","name":"","description":"Xornal galego de informaci\u00f3n xeral Publicaci\u00f3n mensual de novas de Galicia e en especial dos Concellos da sur da provincia de Pontevedra.","publisher":{"@id":"https:\/\/www.anovapeneira.gal\/#organization"},"potentialAction":[{"@type":"SearchAction","target":{"@type":"EntryPoint","urlTemplate":"https:\/\/www.anovapeneira.gal\/?s={search_term_string}"},"query-input":{"@type":"PropertyValueSpecification","valueRequired":true,"valueName":"search_term_string"}}],"inLanguage":"gl-ES"},{"@type":"Organization","@id":"https:\/\/www.anovapeneira.gal\/#organization","name":"A Nova Peneira","url":"https:\/\/www.anovapeneira.gal\/","logo":{"@type":"ImageObject","inLanguage":"gl-ES","@id":"https:\/\/www.anovapeneira.gal\/#\/schema\/logo\/image\/","url":"http:\/\/www.anovapeneira.gal\/wp-content\/uploads\/2019\/06\/logo_a_nova_peneira_portal_web.png","contentUrl":"http:\/\/www.anovapeneira.gal\/wp-content\/uploads\/2019\/06\/logo_a_nova_peneira_portal_web.png","width":300,"height":100,"caption":"A Nova Peneira"},"image":{"@id":"https:\/\/www.anovapeneira.gal\/#\/schema\/logo\/image\/"},"sameAs":["https:\/\/www.facebook.com\/anovapeneira","https:\/\/x.com\/APeneira"]},{"@type":"Person","@id":"https:\/\/www.anovapeneira.gal\/#\/schema\/person\/424dfe65e3070fd8a44d22d2c088762a","name":"Tino Lago","image":{"@type":"ImageObject","inLanguage":"gl-ES","@id":"https:\/\/secure.gravatar.com\/avatar\/b3df6a06e44bab3111583b90f0f33a0379ee5e3d22cbadd232d39f21c30c62be?s=96&d=mm&r=g","url":"https:\/\/secure.gravatar.com\/avatar\/b3df6a06e44bab3111583b90f0f33a0379ee5e3d22cbadd232d39f21c30c62be?s=96&d=mm&r=g","contentUrl":"https:\/\/secure.gravatar.com\/avatar\/b3df6a06e44bab3111583b90f0f33a0379ee5e3d22cbadd232d39f21c30c62be?s=96&d=mm&r=g","caption":"Tino Lago"},"sameAs":["http:\/\/www.anovapeneira.gal"],"url":"https:\/\/www.anovapeneira.gal\/index.php\/author\/director\/"}]}},"jetpack_featured_media_url":"https:\/\/www.anovapeneira.gal\/wp-content\/uploads\/2026\/04\/rebullon.png","_links":{"self":[{"href":"https:\/\/www.anovapeneira.gal\/index.php\/wp-json\/wp\/v2\/posts\/15687","targetHints":{"allow":["GET"]}}],"collection":[{"href":"https:\/\/www.anovapeneira.gal\/index.php\/wp-json\/wp\/v2\/posts"}],"about":[{"href":"https:\/\/www.anovapeneira.gal\/index.php\/wp-json\/wp\/v2\/types\/post"}],"author":[{"embeddable":true,"href":"https:\/\/www.anovapeneira.gal\/index.php\/wp-json\/wp\/v2\/users\/2"}],"replies":[{"embeddable":true,"href":"https:\/\/www.anovapeneira.gal\/index.php\/wp-json\/wp\/v2\/comments?post=15687"}],"version-history":[{"count":1,"href":"https:\/\/www.anovapeneira.gal\/index.php\/wp-json\/wp\/v2\/posts\/15687\/revisions"}],"predecessor-version":[{"id":15689,"href":"https:\/\/www.anovapeneira.gal\/index.php\/wp-json\/wp\/v2\/posts\/15687\/revisions\/15689"}],"wp:featuredmedia":[{"embeddable":true,"href":"https:\/\/www.anovapeneira.gal\/index.php\/wp-json\/wp\/v2\/media\/15688"}],"wp:attachment":[{"href":"https:\/\/www.anovapeneira.gal\/index.php\/wp-json\/wp\/v2\/media?parent=15687"}],"wp:term":[{"taxonomy":"category","embeddable":true,"href":"https:\/\/www.anovapeneira.gal\/index.php\/wp-json\/wp\/v2\/categories?post=15687"},{"taxonomy":"post_tag","embeddable":true,"href":"https:\/\/www.anovapeneira.gal\/index.php\/wp-json\/wp\/v2\/tags?post=15687"}],"curies":[{"name":"wp","href":"https:\/\/api.w.org\/{rel}","templated":true}]}}