{"id":15690,"date":"2026-04-21T12:00:00","date_gmt":"2026-04-21T10:00:00","guid":{"rendered":"https:\/\/www.anovapeneira.gal\/?p=15690"},"modified":"2026-04-20T11:23:38","modified_gmt":"2026-04-20T09:23:38","slug":"vitor-marino-responsable-da-seccion-sindical-da-cut-en-citroen","status":"publish","type":"post","link":"https:\/\/www.anovapeneira.gal\/index.php\/2026\/04\/21\/vitor-marino-responsable-da-seccion-sindical-da-cut-en-citroen\/","title":{"rendered":"Vitor Mari\u00f1o, responsable da secci\u00f3n sindical da CUT en Citro\u00ebn"},"content":{"rendered":"\n<p><strong>Este ano haber\u00e1 elecci\u00f3ns sindicais en Citro\u00ebn. Sempre que se d\u00e1 esta circunstancia non podo evitar lembrar con tenrura un episodio persoal que reflicte de maneira metaf\u00f3rica creo eu o que son os procesos electorais nesa empresa. O defunto do meu pai traballou 38 anos al\u00ed, xubilouse no ano 96 e faleceu un ano despois. M\u00e1is de 20 anos despois da morte do meu pai levaba eu no coche \u00e1 mi\u00f1a nai e pasabamos por diante da factor\u00eda. Naquel momento ela estaba afectada por un alzheimer en fase terminal que lle fixera perder as facultades motrices e volitivas case absolutamente, de feito levaba meses sen pronunciar unha soa palabra. No momento que pasabamos por diante da f\u00e1brica d\u00edxenlle eu:\u201d Mira mam\u00e1, sabes que \u00e9 ese edificio?, Citro\u00ebn, al\u00ed traballou pap\u00e1 \u201c e ela despois de meses sen dicir nin palabra, non sei o motivo pero si podo intu\u00edlo, naquel momento volveu falar para dicir o que foron case as \u00faltimas palabras da s\u00faa vida \u201c ga\u00f1aron outra vez os amarillos, non?\u201d.<\/strong><\/p>\n\n\n\n<p><strong>Iso , exactamente iso,\u00e9 o que son as elecci\u00f3ns sindicais en Citro\u00ebn.<\/strong><\/p>\n\n\n\n<p><strong>No \u00faltimo proceso electoral a CIG perdeu a representaci\u00f3n no comit\u00e9 de empresa , veremos se \u00e9 capaz de recuperala nas elecci\u00f3ns deste ano, e no actual mandato s\u00f3 \u00e9 a CUT a central sindical que exerce de maneira digna o papel sindical que as outra centrais con representaci\u00f3n no comit\u00e9 eluden exercer. N\u00f3s falamos con Vitor o responsable sa secci\u00f3n sindical da CUT na empresa.<\/strong><\/p>\n\n\n\n<p>\u201c<strong>Nas pr\u00f3ximas elecci\u00f3ns sindicais animo aos meus compa\u00f1eiros e compa\u00f1eiras a que voten, que voten con liberdade e que voten sen medo\u201d<\/strong><\/p>\n\n\n\n<p><strong>Este ano teremos elecci\u00f3ns sindicais na vosa empresa. Xa sabemos cando van ser?<\/strong><\/p>\n\n\n\n<blockquote class=\"wp-block-quote is-layout-flow wp-block-quote-is-layout-flow\">\n<p>Non o sabemos con certeza pero calculamos que ser\u00e1n a comezos do mes de novembro.<\/p>\n<\/blockquote>\n\n\n\n<p><strong>Estamos a medio ano de que remate o mandato. Como o valora a CUT?<\/strong><\/p>\n\n\n\n<blockquote class=\"wp-block-quote is-layout-flow wp-block-quote-is-layout-flow\">\n<p>Est\u00e1n sendo catro anos m\u00e1is de retrocesos econ\u00f3micos e sociais. Segue a existir unha maior\u00eda do comit\u00e9 de empresa que non ten problema alg\u00fan en asinar recortes e que fai un traballo claramente contrario aos intereses da clase traballadora.<\/p>\n<\/blockquote>\n\n\n\n<p><strong>Concr\u00e9tanos en que consisten eses supostos retrocesos econ\u00f3micos e sociais?<\/strong><\/p>\n\n\n\n<blockquote class=\"wp-block-quote is-layout-flow wp-block-quote-is-layout-flow\">\n<p>As relaci\u00f3ns laborais son cada vez m\u00e1is precarias. Levamos anos con ERTES e con ERES. Temos case un 25% de eventualidade, cerca do 50% do persoal con contratos a tempo parcial. A pesares de bater r\u00e9cord de produci\u00f3n non existe un reparto de beneficios. O IPC anual non se garante nos soldos dos traballadores e traballadoras e a produtividade aumenta sistematicamente a costa de ritmos e cargas de traballo cada vez m\u00e1is inasumibles. En consecuencia a incidencia sobre a sa\u00fade das persoas que traballamos na factor\u00eda \u00e9 cada vez maior.<\/p>\n<\/blockquote>\n\n\n\n<p><strong>Todos esas raz\u00f3ns que esgrimes son argumentos de peso. Os tres sindicatos que vos acompa\u00f1an no comit\u00e9( SITC-CCOO-UGT) mante\u00f1en a mesma posici\u00f3n de nula belixerancia ante ese tipo de condici\u00f3ns de traballo?<\/strong><\/p>\n\n\n\n<blockquote class=\"wp-block-quote is-layout-flow wp-block-quote-is-layout-flow\">\n<p>Si, absolutamente a mesma posici\u00f3n. Todos os acordos sempre son asinados conxuntamente polos tres sindicatos. Isto \u00e9 sempre as\u00ed con independencia do tipo de acordo. Incluso cando ese acordo \u00e9 , ao noso xu\u00edzo, unha flagrante discriminaci\u00f3n, como o \u00e9 por exemplo o acordo sobre a paga de beneficios.<\/p>\n<\/blockquote>\n\n\n\n<p><strong>Por que motivo credes que ese acordo sobre a paga de beneficios \u00e9 discriminatorio?<\/strong><\/p>\n\n\n\n<blockquote class=\"wp-block-quote is-layout-flow wp-block-quote-is-layout-flow\">\n<p>Porque as persoas que queden en incapacidade temporal non te\u00f1en a mesma retribuci\u00f3n econ\u00f3mica que as que estean traballando todo o ano natural. E iso sen entrarmos a valorar que moitas das patolox\u00edas que causan as baixas te\u00f1en unha orixe laboral.<\/p>\n<\/blockquote>\n\n\n\n<p><strong>Como valora a CUT os resultados econ\u00f3micos do grupo no ano 2025?<\/strong><\/p>\n\n\n\n<blockquote class=\"wp-block-quote is-layout-flow wp-block-quote-is-layout-flow\">\n<p>Para n\u00f3s son uns resultados positivos. As vendas increment\u00e1ronse. O que acontece \u00e9 que os movementos financeiros e compromisos aos que chega a empresa son m\u00e1is que cuestionables.<\/p>\n<\/blockquote>\n\n\n\n<p><strong>En relaci\u00f3n ao ERE do 2026 que tes que dicir?<\/strong><\/p>\n\n\n\n<blockquote class=\"wp-block-quote is-layout-flow wp-block-quote-is-layout-flow\">\n<p>Segue a mesma t\u00f3nica c\u00f3s anos anteriores. A empresa argumenta que se fai para darlle sa\u00edda \u00e1s persoas de dif\u00edcil \u201cempregabilidade\u201d, os que por cuesti\u00f3ns de sa\u00fade te\u00f1en complicado desempe\u00f1ar o seu traballo.<\/p>\n<\/blockquote>\n\n\n\n<blockquote class=\"wp-block-quote is-layout-flow wp-block-quote-is-layout-flow\">\n<p>En realidade o que vemos \u00e9 que somos unha empresa que est\u00e1 creando persoas enfermas, como consecuencia do seu traballo, e cando consideran que a persoa xa non interesa pois se prescinde dela.<\/p>\n<\/blockquote>\n\n\n\n<p><strong>Entendo que v\u00f3s estades en contra?<\/strong><\/p>\n\n\n\n<blockquote class=\"wp-block-quote is-layout-flow wp-block-quote-is-layout-flow\">\n<p>Desde logo que estamos en contra. Fomos o \u00fanico sindicato que votou en contra do ERE, os outros tres votaron a favor e o asinaron.<\/p>\n<\/blockquote>\n\n\n\n<p><strong>Cantos delegados ten a CUT na actualidade?<\/strong><\/p>\n\n\n\n<blockquote class=\"wp-block-quote is-layout-flow wp-block-quote-is-layout-flow\">\n<p>Somos 3 nun comit\u00e9 de 33.<\/p>\n<\/blockquote>\n\n\n\n<p><strong>E como se leva iso de ser unha illa de sindicalismo de clase nun mar de sindicalismo amarelo?<\/strong><\/p>\n\n\n\n<blockquote class=\"wp-block-quote is-layout-flow wp-block-quote-is-layout-flow\">\n<p>\u00c9 dif\u00edcil de levar, si. Sup\u00f3n unha enorme cantidade de presi\u00f3n porque tes que pelexar non s\u00f3 contra quen tes en fronte sen\u00f3n tam\u00e9n contra quen tes ao lado. \u00c1s veces a conivencia entre a empresa e a maior\u00eda do comit\u00e9 \u00e9 tan sumamente descarada que, por exemplo, o ERE xorde porque supostamente \u00e9 alg\u00fan sindicato que o demanda, e a empresa non fai m\u00e1is que acceder ao desexo sindical.<\/p>\n<\/blockquote>\n\n\n\n<blockquote class=\"wp-block-quote is-layout-flow wp-block-quote-is-layout-flow\">\n<p>Lamentable, non hai outra palabra para describilo.<\/p>\n<\/blockquote>\n\n\n\n<p><strong>Parece dif\u00edcil que poida ser peor<\/strong><\/p>\n\n\n\n<blockquote class=\"wp-block-quote is-layout-flow wp-block-quote-is-layout-flow\">\n<p>Pois si, si que \u00e9 peor.<\/p>\n<\/blockquote>\n\n\n\n<p><strong>Expl\u00edcate?<\/strong><\/p>\n\n\n\n<blockquote class=\"wp-block-quote is-layout-flow wp-block-quote-is-layout-flow\">\n<p>Cando temos levado \u00e1 empresa a alg\u00fan xulgado para cuestionar alg\u00fans acordos que n\u00f3s entendemos claramente lesivos o resto do comit\u00e9 apoia as posici\u00f3ns da empresa. E claro ao haber unha maior\u00eda sindical que asina os acordos, xa poden ser os m\u00e1is disparatados do mundo, os xulgados entenden que son v\u00e1lidos e xa nin entran. As veces temos vivido situaci\u00f3ns delirantes que incluso superan o surrealismo.<\/p>\n<\/blockquote>\n\n\n\n<p><strong>Por exemplo?<\/strong><\/p>\n\n\n\n<blockquote class=\"wp-block-quote is-layout-flow wp-block-quote-is-layout-flow\">\n<p>Pois temos vivido un ERE de extinci\u00f3n e ao mesmo tempo a empresa recibe axudas p\u00fablicas do Concello de Vigo para a contrataci\u00f3n de persoal.<\/p>\n<\/blockquote>\n\n\n\n<p><strong>\u00c1s veces non sentes como se estiverades pelexando sos contra todo o mundo?<\/strong><\/p>\n\n\n\n<blockquote class=\"wp-block-quote is-layout-flow wp-block-quote-is-layout-flow\">\n<p>Si, claro que o sinto moitas veces. Pero eu son unha persoa comprometida e ideoloxizada. E as persoas que estamos comprometidas co ben com\u00fan non podemos abandonar nin mirar para outro lado, nunca. Especialmente nun contexto tan delicado como este no que a extrema dereita ameaza gravemente dereitos que tanto esforzo custou conquistar a quen estivo antes ca n\u00f3s.<\/p>\n<\/blockquote>\n\n\n\n<blockquote class=\"wp-block-quote is-layout-flow wp-block-quote-is-layout-flow\">\n<p>Por outra parte \u00e1s veces logramos pequenas vitorias sindicais que nos dan moitos folgos para seguir pelexando.<\/p>\n<\/blockquote>\n\n\n\n<p><strong>Nas elecci\u00f3ns de hai 4 anos ga\u00f1astes un Laudo que ordenaba repetir as votaci\u00f3ns \u00e1 empresa porque entend\u00eda, quen ditou ese Laudo, que a CUT ti\u00f1a raz\u00f3n na s\u00faa denuncia de que as elecci\u00f3ns non eran autenticamente democr\u00e1ticas. Logo a empresa recorreu o Laudo no xulgado e o xu\u00edz deulle a raz\u00f3n e anulouno. Rec\u00f3rdanos por que entende a CUT que o voto est\u00e1 controlado e mediatizado?<\/strong><\/p>\n\n\n\n<blockquote class=\"wp-block-quote is-layout-flow wp-block-quote-is-layout-flow\">\n<p>Nas elecci\u00f3ns ten que haber cabinas nas que estean depositadas as distintas papeletas para que cada votante colla de maneira absolutamente an\u00f3nima e libre a que considere oportuno. Despois existen unhas mesas auxiliares cuxa \u00fanica funci\u00f3n debera de ser dotar de papeletas e sobres por se nas cabinas faltasen papeletas ou sobres.<\/p>\n<\/blockquote>\n\n\n\n<blockquote class=\"wp-block-quote is-layout-flow wp-block-quote-is-layout-flow\">\n<p>O que entende o arbitro e m\u00e1is n\u00f3s, \u00e9 que na nosa empresa as mesas auxiliares util\u00edzanse como mecanismo de control de voto. Non \u00e9 que exista unha norma que o determine pero si hai unha tendencia moi acusada en coller o voto da mesa porque quen entre na cabina a votar arr\u00edscase a non ser tido en consideraci\u00f3n cando se debate alg\u00fan tipo de mellora de categor\u00eda ou cuesti\u00f3ns an\u00e1logas.<\/p>\n<\/blockquote>\n\n\n\n<p><strong>Iso \u00e9 en verdade as\u00ed?<\/strong><\/p>\n\n\n\n<blockquote class=\"wp-block-quote is-layout-flow wp-block-quote-is-layout-flow\">\n<p>E tanto que \u00e9 as\u00ed. F\u00edxate por exemplo en que as novaci\u00f3ns de contrato non se fan por antig\u00fcidade sen\u00f3n que se fan a dedo.<\/p>\n<\/blockquote>\n\n\n\n<p><strong>As mesas auxiliares son f\u00e1ciles de controlar?<\/strong><\/p>\n\n\n\n<blockquote class=\"wp-block-quote is-layout-flow wp-block-quote-is-layout-flow\">\n<p>Si. De feito est\u00e1n colocadas en puntos estrat\u00e9xicos para que sexa moi f\u00e1cil controlalas non s\u00f3 por parte da mesa, sen\u00f3n tam\u00e9n por parte dos interventores sindicais. Outra cuesti\u00f3n que tam\u00e9n quero denunciar e que tam\u00e9n se valora no laudo, \u00e9 que as persoas non van votar individualmente, van de d\u00faas en d\u00faas: un traballador fixo e un eventual. Se iso non \u00e9 unha forma de control xa me dir\u00e1n o que \u00e9\u00a1\u00a1<\/p>\n<\/blockquote>\n\n\n\n<p><strong>Nas elecci\u00f3ns deste ano prev\u00e9s que o sistema vai ser o mesmo?<\/strong><\/p>\n\n\n\n<blockquote class=\"wp-block-quote is-layout-flow wp-block-quote-is-layout-flow\">\n<p>Si, claro. Medio s\u00e9culo de maior\u00edas absolutas do SITC non xorde por casualidade.<\/p>\n<\/blockquote>\n\n\n\n<p><strong>Un fen\u00f3meno novo que se observa na f\u00e1brica \u00e9 que existen persoas que non se consolidan, pero porque eles mesmos deciden non consolidarse e buscar traballo noutros lugares. Isto \u00e9 as\u00ed?<\/strong><\/p>\n\n\n\n<blockquote class=\"wp-block-quote is-layout-flow wp-block-quote-is-layout-flow\">\n<p>Si, \u00e9 absolutamente as\u00ed.<\/p>\n<\/blockquote>\n\n\n\n<p><strong>E a que o atrib\u00faes?<\/strong><\/p>\n\n\n\n<blockquote class=\"wp-block-quote is-layout-flow wp-block-quote-is-layout-flow\">\n<p>A que as condici\u00f3ns de traballo son tan malas e o salario tan pequeno que o normal \u00e9 tratar de buscar outro emprego que che ofreza mellores condici\u00f3ns. A d\u00eda de hoxe Stellantis Vigo no ten o m\u00e1is m\u00ednimo atractivo laboral<\/p>\n<\/blockquote>\n\n\n\n<p><strong>Que perspectivas realistas ten a CUT para as vindeiras elecci\u00f3ns?<\/strong><\/p>\n\n\n\n<blockquote class=\"wp-block-quote is-layout-flow wp-block-quote-is-layout-flow\">\n<p>Afront\u00e1molas con ilusi\u00f3n. Consideramos que o nos traballo constante en defensa dos intereses dos traballadores e traballadores penetrou na conciencia colectiva e agardo que as\u00ed se reflicta nos resultados. Si quixera aproveitar a oportunidade das vosas p\u00e1xinas para animar aos compa\u00f1eiros e compa\u00f1eiras da f\u00e1brica a que voten, que voten con liberdade e que voten sen medo.<\/p>\n<\/blockquote>\n\n\n\n<p><strong>Rematamos V\u00edtor cunha cuesti\u00f3n allea \u00e1 empresa: No 2027 teredes congreso da CUT, vas ser o pr\u00f3ximo Secretario Xeral?<\/strong><\/p>\n\n\n\n<blockquote class=\"wp-block-quote is-layout-flow wp-block-quote-is-layout-flow\">\n<p>Eu prefiro que non. Hai debate si, pero a min gustar\u00edame seguir en Citro\u00ebn. Eu son un sindicalista de f\u00e1brica. Non sei o que pasar\u00e1 no noso congreso pero a min gustar\u00edame que cando haxa relevo na secretar\u00eda xeral, a persoa que asuma a m\u00e1xima responsabilidade fose unha muller.<\/p>\n<\/blockquote>\n","protected":false},"excerpt":{"rendered":"<div class=\"mh-excerpt\"><p>Este ano haber\u00e1 elecci\u00f3ns sindicais en Citro\u00ebn. Sempre que se d\u00e1 esta circunstancia non podo evitar lembrar con tenrura un episodio persoal que reflicte de maneira metaf\u00f3rica creo eu o que son os procesos electorais nesa empresa <a class=\"mh-excerpt-more\" href=\"https:\/\/www.anovapeneira.gal\/index.php\/2026\/04\/21\/vitor-marino-responsable-da-seccion-sindical-da-cut-en-citroen\/\" title=\"Vitor Mari\u00f1o, responsable da secci\u00f3n sindical da CUT en Citro\u00ebn\">[&#8230;]<\/a><\/p>\n<\/div>","protected":false},"author":3,"featured_media":15692,"comment_status":"open","ping_status":"open","sticky":false,"template":"","format":"standard","meta":{"_exactmetrics_skip_tracking":false,"_exactmetrics_sitenote_active":false,"_exactmetrics_sitenote_note":"","_exactmetrics_sitenote_category":0,"footnotes":""},"categories":[272],"tags":[227],"class_list":{"0":"post-15690","1":"post","2":"type-post","3":"status-publish","4":"format-standard","5":"has-post-thumbnail","7":"category-vigo-entrevistas","8":"tag-concello-de-vigo"},"yoast_head":"<!-- This site is optimized with the Yoast SEO plugin v27.4 - https:\/\/yoast.com\/product\/yoast-seo-wordpress\/ -->\n<title>Vitor Mari\u00f1o, responsable da secci\u00f3n sindical da CUT en Citro\u00ebn -<\/title>\n<meta name=\"robots\" content=\"index, follow, max-snippet:-1, max-image-preview:large, max-video-preview:-1\" \/>\n<link rel=\"canonical\" href=\"https:\/\/www.anovapeneira.gal\/index.php\/2026\/04\/21\/vitor-marino-responsable-da-seccion-sindical-da-cut-en-citroen\/\" \/>\n<meta property=\"og:locale\" content=\"gl_ES\" \/>\n<meta property=\"og:type\" content=\"article\" \/>\n<meta property=\"og:title\" content=\"Vitor Mari\u00f1o, responsable da secci\u00f3n sindical da CUT en Citro\u00ebn -\" \/>\n<meta property=\"og:description\" content=\"Este ano haber\u00e1 elecci\u00f3ns sindicais en Citro\u00ebn. Sempre que se d\u00e1 esta circunstancia non podo evitar lembrar con tenrura un episodio persoal que reflicte de maneira metaf\u00f3rica creo eu o que son os procesos electorais nesa empresa [...]\" \/>\n<meta property=\"og:url\" content=\"https:\/\/www.anovapeneira.gal\/index.php\/2026\/04\/21\/vitor-marino-responsable-da-seccion-sindical-da-cut-en-citroen\/\" \/>\n<meta property=\"article:publisher\" content=\"https:\/\/www.facebook.com\/anovapeneira\" \/>\n<meta property=\"article:published_time\" content=\"2026-04-21T10:00:00+00:00\" \/>\n<meta property=\"og:image\" content=\"https:\/\/www.anovapeneira.gal\/wp-content\/uploads\/2026\/04\/cutvitor.png\" \/>\n\t<meta property=\"og:image:width\" content=\"720\" \/>\n\t<meta property=\"og:image:height\" content=\"432\" \/>\n\t<meta property=\"og:image:type\" content=\"image\/png\" \/>\n<meta name=\"author\" content=\"Redacci\u00f3n A Nova Peneira\" \/>\n<meta name=\"twitter:card\" content=\"summary_large_image\" \/>\n<meta name=\"twitter:creator\" content=\"@APeneira\" \/>\n<meta name=\"twitter:site\" content=\"@APeneira\" \/>\n<meta name=\"twitter:label1\" content=\"Escrito por\" \/>\n\t<meta name=\"twitter:data1\" content=\"Redacci\u00f3n A Nova Peneira\" \/>\n\t<meta name=\"twitter:label2\" content=\"Tempo de lectura\" \/>\n\t<meta name=\"twitter:data2\" content=\"4 minutos\" \/>\n<script type=\"application\/ld+json\" class=\"yoast-schema-graph\">{\"@context\":\"https:\\\/\\\/schema.org\",\"@graph\":[{\"@type\":\"Article\",\"@id\":\"https:\\\/\\\/www.anovapeneira.gal\\\/index.php\\\/2026\\\/04\\\/21\\\/vitor-marino-responsable-da-seccion-sindical-da-cut-en-citroen\\\/#article\",\"isPartOf\":{\"@id\":\"https:\\\/\\\/www.anovapeneira.gal\\\/index.php\\\/2026\\\/04\\\/21\\\/vitor-marino-responsable-da-seccion-sindical-da-cut-en-citroen\\\/\"},\"author\":{\"name\":\"Redacci\u00f3n A Nova Peneira\",\"@id\":\"https:\\\/\\\/www.anovapeneira.gal\\\/#\\\/schema\\\/person\\\/b93e3f8932e3f8da96334607eb6ac6aa\"},\"headline\":\"Vitor Mari\u00f1o, responsable da secci\u00f3n sindical da CUT en Citro\u00ebn\",\"datePublished\":\"2026-04-21T10:00:00+00:00\",\"mainEntityOfPage\":{\"@id\":\"https:\\\/\\\/www.anovapeneira.gal\\\/index.php\\\/2026\\\/04\\\/21\\\/vitor-marino-responsable-da-seccion-sindical-da-cut-en-citroen\\\/\"},\"wordCount\":1704,\"commentCount\":0,\"publisher\":{\"@id\":\"https:\\\/\\\/www.anovapeneira.gal\\\/#organization\"},\"image\":{\"@id\":\"https:\\\/\\\/www.anovapeneira.gal\\\/index.php\\\/2026\\\/04\\\/21\\\/vitor-marino-responsable-da-seccion-sindical-da-cut-en-citroen\\\/#primaryimage\"},\"thumbnailUrl\":\"https:\\\/\\\/www.anovapeneira.gal\\\/wp-content\\\/uploads\\\/2026\\\/04\\\/cutvitor.png\",\"keywords\":[\"Concello de Vigo\"],\"articleSection\":[\"Vigo\"],\"inLanguage\":\"gl-ES\",\"potentialAction\":[{\"@type\":\"CommentAction\",\"name\":\"Comment\",\"target\":[\"https:\\\/\\\/www.anovapeneira.gal\\\/index.php\\\/2026\\\/04\\\/21\\\/vitor-marino-responsable-da-seccion-sindical-da-cut-en-citroen\\\/#respond\"]}]},{\"@type\":\"WebPage\",\"@id\":\"https:\\\/\\\/www.anovapeneira.gal\\\/index.php\\\/2026\\\/04\\\/21\\\/vitor-marino-responsable-da-seccion-sindical-da-cut-en-citroen\\\/\",\"url\":\"https:\\\/\\\/www.anovapeneira.gal\\\/index.php\\\/2026\\\/04\\\/21\\\/vitor-marino-responsable-da-seccion-sindical-da-cut-en-citroen\\\/\",\"name\":\"Vitor Mari\u00f1o, responsable da secci\u00f3n sindical da CUT en Citro\u00ebn -\",\"isPartOf\":{\"@id\":\"https:\\\/\\\/www.anovapeneira.gal\\\/#website\"},\"primaryImageOfPage\":{\"@id\":\"https:\\\/\\\/www.anovapeneira.gal\\\/index.php\\\/2026\\\/04\\\/21\\\/vitor-marino-responsable-da-seccion-sindical-da-cut-en-citroen\\\/#primaryimage\"},\"image\":{\"@id\":\"https:\\\/\\\/www.anovapeneira.gal\\\/index.php\\\/2026\\\/04\\\/21\\\/vitor-marino-responsable-da-seccion-sindical-da-cut-en-citroen\\\/#primaryimage\"},\"thumbnailUrl\":\"https:\\\/\\\/www.anovapeneira.gal\\\/wp-content\\\/uploads\\\/2026\\\/04\\\/cutvitor.png\",\"datePublished\":\"2026-04-21T10:00:00+00:00\",\"breadcrumb\":{\"@id\":\"https:\\\/\\\/www.anovapeneira.gal\\\/index.php\\\/2026\\\/04\\\/21\\\/vitor-marino-responsable-da-seccion-sindical-da-cut-en-citroen\\\/#breadcrumb\"},\"inLanguage\":\"gl-ES\",\"potentialAction\":[{\"@type\":\"ReadAction\",\"target\":[\"https:\\\/\\\/www.anovapeneira.gal\\\/index.php\\\/2026\\\/04\\\/21\\\/vitor-marino-responsable-da-seccion-sindical-da-cut-en-citroen\\\/\"]}]},{\"@type\":\"ImageObject\",\"inLanguage\":\"gl-ES\",\"@id\":\"https:\\\/\\\/www.anovapeneira.gal\\\/index.php\\\/2026\\\/04\\\/21\\\/vitor-marino-responsable-da-seccion-sindical-da-cut-en-citroen\\\/#primaryimage\",\"url\":\"https:\\\/\\\/www.anovapeneira.gal\\\/wp-content\\\/uploads\\\/2026\\\/04\\\/cutvitor.png\",\"contentUrl\":\"https:\\\/\\\/www.anovapeneira.gal\\\/wp-content\\\/uploads\\\/2026\\\/04\\\/cutvitor.png\",\"width\":720,\"height\":432},{\"@type\":\"BreadcrumbList\",\"@id\":\"https:\\\/\\\/www.anovapeneira.gal\\\/index.php\\\/2026\\\/04\\\/21\\\/vitor-marino-responsable-da-seccion-sindical-da-cut-en-citroen\\\/#breadcrumb\",\"itemListElement\":[{\"@type\":\"ListItem\",\"position\":1,\"name\":\"Portada\",\"item\":\"https:\\\/\\\/www.anovapeneira.gal\\\/\"},{\"@type\":\"ListItem\",\"position\":2,\"name\":\"Vitor Mari\u00f1o, responsable da secci\u00f3n sindical da CUT en Citro\u00ebn\"}]},{\"@type\":\"WebSite\",\"@id\":\"https:\\\/\\\/www.anovapeneira.gal\\\/#website\",\"url\":\"https:\\\/\\\/www.anovapeneira.gal\\\/\",\"name\":\"\",\"description\":\"Xornal galego de informaci\u00f3n xeral Publicaci\u00f3n mensual de novas de Galicia e en especial dos Concellos da sur da provincia de Pontevedra.\",\"publisher\":{\"@id\":\"https:\\\/\\\/www.anovapeneira.gal\\\/#organization\"},\"potentialAction\":[{\"@type\":\"SearchAction\",\"target\":{\"@type\":\"EntryPoint\",\"urlTemplate\":\"https:\\\/\\\/www.anovapeneira.gal\\\/?s={search_term_string}\"},\"query-input\":{\"@type\":\"PropertyValueSpecification\",\"valueRequired\":true,\"valueName\":\"search_term_string\"}}],\"inLanguage\":\"gl-ES\"},{\"@type\":\"Organization\",\"@id\":\"https:\\\/\\\/www.anovapeneira.gal\\\/#organization\",\"name\":\"A Nova Peneira\",\"url\":\"https:\\\/\\\/www.anovapeneira.gal\\\/\",\"logo\":{\"@type\":\"ImageObject\",\"inLanguage\":\"gl-ES\",\"@id\":\"https:\\\/\\\/www.anovapeneira.gal\\\/#\\\/schema\\\/logo\\\/image\\\/\",\"url\":\"http:\\\/\\\/www.anovapeneira.gal\\\/wp-content\\\/uploads\\\/2019\\\/06\\\/logo_a_nova_peneira_portal_web.png\",\"contentUrl\":\"http:\\\/\\\/www.anovapeneira.gal\\\/wp-content\\\/uploads\\\/2019\\\/06\\\/logo_a_nova_peneira_portal_web.png\",\"width\":300,\"height\":100,\"caption\":\"A Nova Peneira\"},\"image\":{\"@id\":\"https:\\\/\\\/www.anovapeneira.gal\\\/#\\\/schema\\\/logo\\\/image\\\/\"},\"sameAs\":[\"https:\\\/\\\/www.facebook.com\\\/anovapeneira\",\"https:\\\/\\\/x.com\\\/APeneira\"]},{\"@type\":\"Person\",\"@id\":\"https:\\\/\\\/www.anovapeneira.gal\\\/#\\\/schema\\\/person\\\/b93e3f8932e3f8da96334607eb6ac6aa\",\"name\":\"Redacci\u00f3n A Nova Peneira\",\"image\":{\"@type\":\"ImageObject\",\"inLanguage\":\"gl-ES\",\"@id\":\"https:\\\/\\\/secure.gravatar.com\\\/avatar\\\/c052a2551a06e23fac63626232eaa90abd78dbcf1700fc46a2b2c89fd27b735f?s=96&d=mm&r=g\",\"url\":\"https:\\\/\\\/secure.gravatar.com\\\/avatar\\\/c052a2551a06e23fac63626232eaa90abd78dbcf1700fc46a2b2c89fd27b735f?s=96&d=mm&r=g\",\"contentUrl\":\"https:\\\/\\\/secure.gravatar.com\\\/avatar\\\/c052a2551a06e23fac63626232eaa90abd78dbcf1700fc46a2b2c89fd27b735f?s=96&d=mm&r=g\",\"caption\":\"Redacci\u00f3n A Nova Peneira\"},\"sameAs\":[\"http:\\\/\\\/www.anovapeneira.gal\\\/\"],\"url\":\"https:\\\/\\\/www.anovapeneira.gal\\\/index.php\\\/author\\\/redactor\\\/\"}]}<\/script>\n<!-- \/ Yoast SEO plugin. -->","yoast_head_json":{"title":"Vitor Mari\u00f1o, responsable da secci\u00f3n sindical da CUT en Citro\u00ebn -","robots":{"index":"index","follow":"follow","max-snippet":"max-snippet:-1","max-image-preview":"max-image-preview:large","max-video-preview":"max-video-preview:-1"},"canonical":"https:\/\/www.anovapeneira.gal\/index.php\/2026\/04\/21\/vitor-marino-responsable-da-seccion-sindical-da-cut-en-citroen\/","og_locale":"gl_ES","og_type":"article","og_title":"Vitor Mari\u00f1o, responsable da secci\u00f3n sindical da CUT en Citro\u00ebn -","og_description":"Este ano haber\u00e1 elecci\u00f3ns sindicais en Citro\u00ebn. Sempre que se d\u00e1 esta circunstancia non podo evitar lembrar con tenrura un episodio persoal que reflicte de maneira metaf\u00f3rica creo eu o que son os procesos electorais nesa empresa [...]","og_url":"https:\/\/www.anovapeneira.gal\/index.php\/2026\/04\/21\/vitor-marino-responsable-da-seccion-sindical-da-cut-en-citroen\/","article_publisher":"https:\/\/www.facebook.com\/anovapeneira","article_published_time":"2026-04-21T10:00:00+00:00","og_image":[{"width":720,"height":432,"url":"https:\/\/www.anovapeneira.gal\/wp-content\/uploads\/2026\/04\/cutvitor.png","type":"image\/png"}],"author":"Redacci\u00f3n A Nova Peneira","twitter_card":"summary_large_image","twitter_creator":"@APeneira","twitter_site":"@APeneira","twitter_misc":{"Escrito por":"Redacci\u00f3n A Nova Peneira","Tempo de lectura":"4 minutos"},"schema":{"@context":"https:\/\/schema.org","@graph":[{"@type":"Article","@id":"https:\/\/www.anovapeneira.gal\/index.php\/2026\/04\/21\/vitor-marino-responsable-da-seccion-sindical-da-cut-en-citroen\/#article","isPartOf":{"@id":"https:\/\/www.anovapeneira.gal\/index.php\/2026\/04\/21\/vitor-marino-responsable-da-seccion-sindical-da-cut-en-citroen\/"},"author":{"name":"Redacci\u00f3n A Nova Peneira","@id":"https:\/\/www.anovapeneira.gal\/#\/schema\/person\/b93e3f8932e3f8da96334607eb6ac6aa"},"headline":"Vitor Mari\u00f1o, responsable da secci\u00f3n sindical da CUT en Citro\u00ebn","datePublished":"2026-04-21T10:00:00+00:00","mainEntityOfPage":{"@id":"https:\/\/www.anovapeneira.gal\/index.php\/2026\/04\/21\/vitor-marino-responsable-da-seccion-sindical-da-cut-en-citroen\/"},"wordCount":1704,"commentCount":0,"publisher":{"@id":"https:\/\/www.anovapeneira.gal\/#organization"},"image":{"@id":"https:\/\/www.anovapeneira.gal\/index.php\/2026\/04\/21\/vitor-marino-responsable-da-seccion-sindical-da-cut-en-citroen\/#primaryimage"},"thumbnailUrl":"https:\/\/www.anovapeneira.gal\/wp-content\/uploads\/2026\/04\/cutvitor.png","keywords":["Concello de Vigo"],"articleSection":["Vigo"],"inLanguage":"gl-ES","potentialAction":[{"@type":"CommentAction","name":"Comment","target":["https:\/\/www.anovapeneira.gal\/index.php\/2026\/04\/21\/vitor-marino-responsable-da-seccion-sindical-da-cut-en-citroen\/#respond"]}]},{"@type":"WebPage","@id":"https:\/\/www.anovapeneira.gal\/index.php\/2026\/04\/21\/vitor-marino-responsable-da-seccion-sindical-da-cut-en-citroen\/","url":"https:\/\/www.anovapeneira.gal\/index.php\/2026\/04\/21\/vitor-marino-responsable-da-seccion-sindical-da-cut-en-citroen\/","name":"Vitor Mari\u00f1o, responsable da secci\u00f3n sindical da CUT en Citro\u00ebn -","isPartOf":{"@id":"https:\/\/www.anovapeneira.gal\/#website"},"primaryImageOfPage":{"@id":"https:\/\/www.anovapeneira.gal\/index.php\/2026\/04\/21\/vitor-marino-responsable-da-seccion-sindical-da-cut-en-citroen\/#primaryimage"},"image":{"@id":"https:\/\/www.anovapeneira.gal\/index.php\/2026\/04\/21\/vitor-marino-responsable-da-seccion-sindical-da-cut-en-citroen\/#primaryimage"},"thumbnailUrl":"https:\/\/www.anovapeneira.gal\/wp-content\/uploads\/2026\/04\/cutvitor.png","datePublished":"2026-04-21T10:00:00+00:00","breadcrumb":{"@id":"https:\/\/www.anovapeneira.gal\/index.php\/2026\/04\/21\/vitor-marino-responsable-da-seccion-sindical-da-cut-en-citroen\/#breadcrumb"},"inLanguage":"gl-ES","potentialAction":[{"@type":"ReadAction","target":["https:\/\/www.anovapeneira.gal\/index.php\/2026\/04\/21\/vitor-marino-responsable-da-seccion-sindical-da-cut-en-citroen\/"]}]},{"@type":"ImageObject","inLanguage":"gl-ES","@id":"https:\/\/www.anovapeneira.gal\/index.php\/2026\/04\/21\/vitor-marino-responsable-da-seccion-sindical-da-cut-en-citroen\/#primaryimage","url":"https:\/\/www.anovapeneira.gal\/wp-content\/uploads\/2026\/04\/cutvitor.png","contentUrl":"https:\/\/www.anovapeneira.gal\/wp-content\/uploads\/2026\/04\/cutvitor.png","width":720,"height":432},{"@type":"BreadcrumbList","@id":"https:\/\/www.anovapeneira.gal\/index.php\/2026\/04\/21\/vitor-marino-responsable-da-seccion-sindical-da-cut-en-citroen\/#breadcrumb","itemListElement":[{"@type":"ListItem","position":1,"name":"Portada","item":"https:\/\/www.anovapeneira.gal\/"},{"@type":"ListItem","position":2,"name":"Vitor Mari\u00f1o, responsable da secci\u00f3n sindical da CUT en Citro\u00ebn"}]},{"@type":"WebSite","@id":"https:\/\/www.anovapeneira.gal\/#website","url":"https:\/\/www.anovapeneira.gal\/","name":"","description":"Xornal galego de informaci\u00f3n xeral Publicaci\u00f3n mensual de novas de Galicia e en especial dos Concellos da sur da provincia de Pontevedra.","publisher":{"@id":"https:\/\/www.anovapeneira.gal\/#organization"},"potentialAction":[{"@type":"SearchAction","target":{"@type":"EntryPoint","urlTemplate":"https:\/\/www.anovapeneira.gal\/?s={search_term_string}"},"query-input":{"@type":"PropertyValueSpecification","valueRequired":true,"valueName":"search_term_string"}}],"inLanguage":"gl-ES"},{"@type":"Organization","@id":"https:\/\/www.anovapeneira.gal\/#organization","name":"A Nova Peneira","url":"https:\/\/www.anovapeneira.gal\/","logo":{"@type":"ImageObject","inLanguage":"gl-ES","@id":"https:\/\/www.anovapeneira.gal\/#\/schema\/logo\/image\/","url":"http:\/\/www.anovapeneira.gal\/wp-content\/uploads\/2019\/06\/logo_a_nova_peneira_portal_web.png","contentUrl":"http:\/\/www.anovapeneira.gal\/wp-content\/uploads\/2019\/06\/logo_a_nova_peneira_portal_web.png","width":300,"height":100,"caption":"A Nova Peneira"},"image":{"@id":"https:\/\/www.anovapeneira.gal\/#\/schema\/logo\/image\/"},"sameAs":["https:\/\/www.facebook.com\/anovapeneira","https:\/\/x.com\/APeneira"]},{"@type":"Person","@id":"https:\/\/www.anovapeneira.gal\/#\/schema\/person\/b93e3f8932e3f8da96334607eb6ac6aa","name":"Redacci\u00f3n A Nova Peneira","image":{"@type":"ImageObject","inLanguage":"gl-ES","@id":"https:\/\/secure.gravatar.com\/avatar\/c052a2551a06e23fac63626232eaa90abd78dbcf1700fc46a2b2c89fd27b735f?s=96&d=mm&r=g","url":"https:\/\/secure.gravatar.com\/avatar\/c052a2551a06e23fac63626232eaa90abd78dbcf1700fc46a2b2c89fd27b735f?s=96&d=mm&r=g","contentUrl":"https:\/\/secure.gravatar.com\/avatar\/c052a2551a06e23fac63626232eaa90abd78dbcf1700fc46a2b2c89fd27b735f?s=96&d=mm&r=g","caption":"Redacci\u00f3n A Nova Peneira"},"sameAs":["http:\/\/www.anovapeneira.gal\/"],"url":"https:\/\/www.anovapeneira.gal\/index.php\/author\/redactor\/"}]}},"jetpack_featured_media_url":"https:\/\/www.anovapeneira.gal\/wp-content\/uploads\/2026\/04\/cutvitor.png","_links":{"self":[{"href":"https:\/\/www.anovapeneira.gal\/index.php\/wp-json\/wp\/v2\/posts\/15690","targetHints":{"allow":["GET"]}}],"collection":[{"href":"https:\/\/www.anovapeneira.gal\/index.php\/wp-json\/wp\/v2\/posts"}],"about":[{"href":"https:\/\/www.anovapeneira.gal\/index.php\/wp-json\/wp\/v2\/types\/post"}],"author":[{"embeddable":true,"href":"https:\/\/www.anovapeneira.gal\/index.php\/wp-json\/wp\/v2\/users\/3"}],"replies":[{"embeddable":true,"href":"https:\/\/www.anovapeneira.gal\/index.php\/wp-json\/wp\/v2\/comments?post=15690"}],"version-history":[{"count":2,"href":"https:\/\/www.anovapeneira.gal\/index.php\/wp-json\/wp\/v2\/posts\/15690\/revisions"}],"predecessor-version":[{"id":15693,"href":"https:\/\/www.anovapeneira.gal\/index.php\/wp-json\/wp\/v2\/posts\/15690\/revisions\/15693"}],"wp:featuredmedia":[{"embeddable":true,"href":"https:\/\/www.anovapeneira.gal\/index.php\/wp-json\/wp\/v2\/media\/15692"}],"wp:attachment":[{"href":"https:\/\/www.anovapeneira.gal\/index.php\/wp-json\/wp\/v2\/media?parent=15690"}],"wp:term":[{"taxonomy":"category","embeddable":true,"href":"https:\/\/www.anovapeneira.gal\/index.php\/wp-json\/wp\/v2\/categories?post=15690"},{"taxonomy":"post_tag","embeddable":true,"href":"https:\/\/www.anovapeneira.gal\/index.php\/wp-json\/wp\/v2\/tags?post=15690"}],"curies":[{"name":"wp","href":"https:\/\/api.w.org\/{rel}","templated":true}]}}