{"id":15694,"date":"2026-04-22T10:00:04","date_gmt":"2026-04-22T08:00:04","guid":{"rendered":"https:\/\/www.anovapeneira.gal\/?p=15694"},"modified":"2026-04-22T10:21:57","modified_gmt":"2026-04-22T08:21:57","slug":"frearmos-o-capitalismo-epstein","status":"publish","type":"post","link":"https:\/\/www.anovapeneira.gal\/index.php\/2026\/04\/22\/frearmos-o-capitalismo-epstein\/","title":{"rendered":"Frearmos o Capitalismo Epstein"},"content":{"rendered":"\n<p>Hai unha pol\u00e9mica coa decisi\u00f3n do goberno espa\u00f1ol de regular o acceso aos menores de 16 anos \u00e1s redes sociais sist\u00e9micas. Obviamente ese acceso vai ser sorteado de m\u00faltiples formas por unha xeraci\u00f3n que nace cun m\u00f3bil na man. Ali\u00e1s, sabemos que o \u00fanico que lles entra aos menores dende os ecr\u00e1ns dos seus m\u00f3biles son d\u00faas cousas: porno e fascismo. No fondo son case mesmo: a pornograf\u00eda \u00e9 a sublimaci\u00f3n fascista do sexo: violencia, dominaci\u00f3n, humillaci\u00f3n, machismo; e o fascio \u00e9 a versi\u00f3n pornogr\u00e1fica da pol\u00edtica: sexismo, irracionalidade, amoralidade, ignorancia. Como estar a favor deste acceso? A pregunta \u00e9: te\u00f1en capacidade cr\u00edtica os maiores de 20? de 30? de 40?&#8230; Baixo o capitalismo, impos\u00edbel. Estamos na Caverna de Plat\u00f3n, e para os da LOXSE, en Matrix. Antes disto xa ti\u00f1amos obreiros de dereitas, galegos espa\u00f1olistas e mulleres machistas. Marx e Engels xa falaban de alienaci\u00f3n, por non citar Gramsci, claro.<\/p>\n\n\n\n<p>Hai outra pol\u00e9mica coa proposta de Gabriel Rufi\u00e1n de unir \u00e1 esquerda reformista \u00e1 esquerda do PSOE nunha \u00fanica candidatura. Aqu\u00ed en Galiza, dende o BNG a negativa \u00e9 rotunda. Un Bloque que reivindica Castelao. Un Castelao que co sector republicano e de esquerdas do Partido Galeguista uniuse \u00e1 Fronte Popular cando foi preciso. Risco non quixo. Eu te\u00f1o claro dende hai anos que no BNG son m\u00e1is de Risco, cada vez m\u00e1is. Exc\u00fasanse na \u201cexperiencia das Mareas\u201d. Curiosa excusa: o \u00fanico que quedou claro da experiencia pol\u00edtica da d\u00e9cada dos 10 foi que o Bloque \u00e9 unha Forza do R\u00e9xime que tivo que botar man da banca sist\u00e9mica e da prensa colonial para non desaparecer e finalmente fagocitar o espazo pol\u00edtico desas \u201cespa\u00f1olistas\u201d [sic] Mareas. Por non falar do \u201csalvavidas\u201d que foi instrumentalizar e apropiarse por en\u00e9sima vez da CIG.<\/p>\n\n\n\n<p>Por\u00e9n, aplicar ese \u201cPlan Rufi\u00e1n\u201d en Galiza significar\u00eda que nas pr\u00f3ximas elecci\u00f3ns xerais burguesas, s\u00f3 se presentase o BNG como \u00fanica candidatura reformista. Non o far\u00edan nin Sumar, nin Podemos, nin nada similar. Esa \u00e9 a teor\u00eda, outra cousa \u00e9 que acepten tal. Lembremos que Podemos non, pero Sumar si que acada (ou acadaba) representaci\u00f3n en Galiza cando se celebran elecci\u00f3ns estatais. Coido que na Avenida de Lugo non est\u00e1n a facer ben os c\u00e1lculos, probabelmente cautivos do seu b\u00fanker ideol\u00f3xico purista (coroneis \u201ccamisas viejas\u201d e coroneis \u201cpop\u201d do pontonismo) e desatendendo, erradamente, \u00e1 grande masa de votantes da \u201cfronte patri\u00f3tioca\u201d que no seu d\u00eda levaron 6 galegos e galegas \u00e1s Cortes. Ser\u00eda un erro para unha forza electoralista non colaborar en frear electoralemente un fascismo que xa comeza a aparecer con representaci\u00f3n en Galiza nalgunhas enquisas.<\/p>\n\n\n\n<p>Namentras, as clases populares, as forzas obreiras, as frontes antifascistas que actuamos nas r\u00faas dende o terreo sindical, estudantil, feminista, cultural&#8230; non debemos confiar nin o m\u00e1is m\u00ednimo en que se poida frear o fascismo nas urnas se non se fai tam\u00e9n nos centros de traballo, nas aulas, nas f\u00e1bricas, nas facultades, nos espazos p\u00fablicos, nas asociaci\u00f3ns de todo tipo. Os electoralistas ao seu; n\u00f3s ao noso. Como xa ten demostrado a historia da clase traballadora, tan s\u00f3 a autoorganizaci\u00f3n do Pobo pode frear de todo ese fascismo que, coma sempre, aparece \u201cmisteriosamente\u201d cando o capitalismo se encontra ameazado, desacreditado e en crise. Ao final, todo este neofascio que atordoa aos m\u00e1is novos e \u2013aos non tan novos\u2013 \u00e9 o capitalismo m\u00e1is pornogr\u00e1fico, o Capitalismo Epstein.<\/p>\n","protected":false},"excerpt":{"rendered":"<div class=\"mh-excerpt\"><p>Hai unha pol\u00e9mica coa decisi\u00f3n do goberno espa\u00f1ol de regular o acceso aos menores de 16 anos \u00e1s redes sociais sist\u00e9micas. Obviamente ese acceso vai ser sorteado de m\u00faltiples formas por unha xeraci\u00f3n que nace cun m\u00f3bil na man <a class=\"mh-excerpt-more\" href=\"https:\/\/www.anovapeneira.gal\/index.php\/2026\/04\/22\/frearmos-o-capitalismo-epstein\/\" title=\"Frearmos o Capitalismo Epstein\">[&#8230;]<\/a><\/p>\n<\/div>","protected":false},"author":20,"featured_media":6779,"comment_status":"open","ping_status":"open","sticky":false,"template":"","format":"standard","meta":{"_exactmetrics_skip_tracking":false,"_exactmetrics_sitenote_active":false,"_exactmetrics_sitenote_note":"","_exactmetrics_sitenote_category":0,"footnotes":""},"categories":[7],"tags":[],"class_list":{"0":"post-15694","1":"post","2":"type-post","3":"status-publish","4":"format-standard","5":"has-post-thumbnail","7":"category-artigos-de-opinion"},"yoast_head":"<!-- This site is optimized with the Yoast SEO plugin v27.4 - https:\/\/yoast.com\/product\/yoast-seo-wordpress\/ -->\n<title>Frearmos o Capitalismo Epstein -<\/title>\n<meta name=\"robots\" content=\"index, follow, max-snippet:-1, max-image-preview:large, max-video-preview:-1\" \/>\n<link rel=\"canonical\" href=\"https:\/\/www.anovapeneira.gal\/index.php\/2026\/04\/22\/frearmos-o-capitalismo-epstein\/\" \/>\n<meta property=\"og:locale\" content=\"gl_ES\" \/>\n<meta property=\"og:type\" content=\"article\" \/>\n<meta property=\"og:title\" content=\"Frearmos o Capitalismo Epstein -\" \/>\n<meta property=\"og:description\" content=\"Hai unha pol\u00e9mica coa decisi\u00f3n do goberno espa\u00f1ol de regular o acceso aos menores de 16 anos \u00e1s redes sociais sist\u00e9micas. Obviamente ese acceso vai ser sorteado de m\u00faltiples formas por unha xeraci\u00f3n que nace cun m\u00f3bil na man [...]\" \/>\n<meta property=\"og:url\" content=\"https:\/\/www.anovapeneira.gal\/index.php\/2026\/04\/22\/frearmos-o-capitalismo-epstein\/\" \/>\n<meta property=\"article:publisher\" content=\"https:\/\/www.facebook.com\/anovapeneira\" \/>\n<meta property=\"article:published_time\" content=\"2026-04-22T08:00:04+00:00\" \/>\n<meta property=\"article:modified_time\" content=\"2026-04-22T08:21:57+00:00\" \/>\n<meta property=\"og:image\" content=\"https:\/\/www.anovapeneira.gal\/wp-content\/uploads\/2022\/01\/moncho_lareu.jpg\" \/>\n\t<meta property=\"og:image:width\" content=\"720\" \/>\n\t<meta property=\"og:image:height\" content=\"432\" \/>\n\t<meta property=\"og:image:type\" content=\"image\/jpeg\" \/>\n<meta name=\"author\" content=\"Moncho Lareu\" \/>\n<meta name=\"twitter:card\" content=\"summary_large_image\" \/>\n<meta name=\"twitter:creator\" content=\"@APeneira\" \/>\n<meta name=\"twitter:site\" content=\"@APeneira\" \/>\n<meta name=\"twitter:label1\" content=\"Escrito por\" \/>\n\t<meta name=\"twitter:data1\" content=\"Moncho Lareu\" \/>\n\t<meta name=\"twitter:label2\" content=\"Tempo de lectura\" \/>\n\t<meta name=\"twitter:data2\" content=\"4 minutos\" \/>\n<script type=\"application\/ld+json\" class=\"yoast-schema-graph\">{\"@context\":\"https:\\\/\\\/schema.org\",\"@graph\":[{\"@type\":\"Article\",\"@id\":\"https:\\\/\\\/www.anovapeneira.gal\\\/index.php\\\/2026\\\/04\\\/22\\\/frearmos-o-capitalismo-epstein\\\/#article\",\"isPartOf\":{\"@id\":\"https:\\\/\\\/www.anovapeneira.gal\\\/index.php\\\/2026\\\/04\\\/22\\\/frearmos-o-capitalismo-epstein\\\/\"},\"author\":{\"name\":\"Moncho Lareu\",\"@id\":\"https:\\\/\\\/www.anovapeneira.gal\\\/#\\\/schema\\\/person\\\/3df7d3e1f38ddcee2ddb9d0bee1a0628\"},\"headline\":\"Frearmos o Capitalismo Epstein\",\"datePublished\":\"2026-04-22T08:00:04+00:00\",\"dateModified\":\"2026-04-22T08:21:57+00:00\",\"mainEntityOfPage\":{\"@id\":\"https:\\\/\\\/www.anovapeneira.gal\\\/index.php\\\/2026\\\/04\\\/22\\\/frearmos-o-capitalismo-epstein\\\/\"},\"wordCount\":608,\"commentCount\":0,\"publisher\":{\"@id\":\"https:\\\/\\\/www.anovapeneira.gal\\\/#organization\"},\"image\":{\"@id\":\"https:\\\/\\\/www.anovapeneira.gal\\\/index.php\\\/2026\\\/04\\\/22\\\/frearmos-o-capitalismo-epstein\\\/#primaryimage\"},\"thumbnailUrl\":\"https:\\\/\\\/www.anovapeneira.gal\\\/wp-content\\\/uploads\\\/2022\\\/01\\\/moncho_lareu.jpg\",\"articleSection\":[\"Artigos de opini\u00f3n\"],\"inLanguage\":\"gl-ES\",\"potentialAction\":[{\"@type\":\"CommentAction\",\"name\":\"Comment\",\"target\":[\"https:\\\/\\\/www.anovapeneira.gal\\\/index.php\\\/2026\\\/04\\\/22\\\/frearmos-o-capitalismo-epstein\\\/#respond\"]}]},{\"@type\":\"WebPage\",\"@id\":\"https:\\\/\\\/www.anovapeneira.gal\\\/index.php\\\/2026\\\/04\\\/22\\\/frearmos-o-capitalismo-epstein\\\/\",\"url\":\"https:\\\/\\\/www.anovapeneira.gal\\\/index.php\\\/2026\\\/04\\\/22\\\/frearmos-o-capitalismo-epstein\\\/\",\"name\":\"Frearmos o Capitalismo Epstein -\",\"isPartOf\":{\"@id\":\"https:\\\/\\\/www.anovapeneira.gal\\\/#website\"},\"primaryImageOfPage\":{\"@id\":\"https:\\\/\\\/www.anovapeneira.gal\\\/index.php\\\/2026\\\/04\\\/22\\\/frearmos-o-capitalismo-epstein\\\/#primaryimage\"},\"image\":{\"@id\":\"https:\\\/\\\/www.anovapeneira.gal\\\/index.php\\\/2026\\\/04\\\/22\\\/frearmos-o-capitalismo-epstein\\\/#primaryimage\"},\"thumbnailUrl\":\"https:\\\/\\\/www.anovapeneira.gal\\\/wp-content\\\/uploads\\\/2022\\\/01\\\/moncho_lareu.jpg\",\"datePublished\":\"2026-04-22T08:00:04+00:00\",\"dateModified\":\"2026-04-22T08:21:57+00:00\",\"breadcrumb\":{\"@id\":\"https:\\\/\\\/www.anovapeneira.gal\\\/index.php\\\/2026\\\/04\\\/22\\\/frearmos-o-capitalismo-epstein\\\/#breadcrumb\"},\"inLanguage\":\"gl-ES\",\"potentialAction\":[{\"@type\":\"ReadAction\",\"target\":[\"https:\\\/\\\/www.anovapeneira.gal\\\/index.php\\\/2026\\\/04\\\/22\\\/frearmos-o-capitalismo-epstein\\\/\"]}]},{\"@type\":\"ImageObject\",\"inLanguage\":\"gl-ES\",\"@id\":\"https:\\\/\\\/www.anovapeneira.gal\\\/index.php\\\/2026\\\/04\\\/22\\\/frearmos-o-capitalismo-epstein\\\/#primaryimage\",\"url\":\"https:\\\/\\\/www.anovapeneira.gal\\\/wp-content\\\/uploads\\\/2022\\\/01\\\/moncho_lareu.jpg\",\"contentUrl\":\"https:\\\/\\\/www.anovapeneira.gal\\\/wp-content\\\/uploads\\\/2022\\\/01\\\/moncho_lareu.jpg\",\"width\":720,\"height\":432,\"caption\":\"Moncho Lareu, Profesor\"},{\"@type\":\"BreadcrumbList\",\"@id\":\"https:\\\/\\\/www.anovapeneira.gal\\\/index.php\\\/2026\\\/04\\\/22\\\/frearmos-o-capitalismo-epstein\\\/#breadcrumb\",\"itemListElement\":[{\"@type\":\"ListItem\",\"position\":1,\"name\":\"Portada\",\"item\":\"https:\\\/\\\/www.anovapeneira.gal\\\/\"},{\"@type\":\"ListItem\",\"position\":2,\"name\":\"Frearmos o Capitalismo Epstein\"}]},{\"@type\":\"WebSite\",\"@id\":\"https:\\\/\\\/www.anovapeneira.gal\\\/#website\",\"url\":\"https:\\\/\\\/www.anovapeneira.gal\\\/\",\"name\":\"\",\"description\":\"Xornal galego de informaci\u00f3n xeral Publicaci\u00f3n mensual de novas de Galicia e en especial dos Concellos da sur da provincia de Pontevedra.\",\"publisher\":{\"@id\":\"https:\\\/\\\/www.anovapeneira.gal\\\/#organization\"},\"potentialAction\":[{\"@type\":\"SearchAction\",\"target\":{\"@type\":\"EntryPoint\",\"urlTemplate\":\"https:\\\/\\\/www.anovapeneira.gal\\\/?s={search_term_string}\"},\"query-input\":{\"@type\":\"PropertyValueSpecification\",\"valueRequired\":true,\"valueName\":\"search_term_string\"}}],\"inLanguage\":\"gl-ES\"},{\"@type\":\"Organization\",\"@id\":\"https:\\\/\\\/www.anovapeneira.gal\\\/#organization\",\"name\":\"A Nova Peneira\",\"url\":\"https:\\\/\\\/www.anovapeneira.gal\\\/\",\"logo\":{\"@type\":\"ImageObject\",\"inLanguage\":\"gl-ES\",\"@id\":\"https:\\\/\\\/www.anovapeneira.gal\\\/#\\\/schema\\\/logo\\\/image\\\/\",\"url\":\"http:\\\/\\\/www.anovapeneira.gal\\\/wp-content\\\/uploads\\\/2019\\\/06\\\/logo_a_nova_peneira_portal_web.png\",\"contentUrl\":\"http:\\\/\\\/www.anovapeneira.gal\\\/wp-content\\\/uploads\\\/2019\\\/06\\\/logo_a_nova_peneira_portal_web.png\",\"width\":300,\"height\":100,\"caption\":\"A Nova Peneira\"},\"image\":{\"@id\":\"https:\\\/\\\/www.anovapeneira.gal\\\/#\\\/schema\\\/logo\\\/image\\\/\"},\"sameAs\":[\"https:\\\/\\\/www.facebook.com\\\/anovapeneira\",\"https:\\\/\\\/x.com\\\/APeneira\"]},{\"@type\":\"Person\",\"@id\":\"https:\\\/\\\/www.anovapeneira.gal\\\/#\\\/schema\\\/person\\\/3df7d3e1f38ddcee2ddb9d0bee1a0628\",\"name\":\"Moncho Lareu\",\"image\":{\"@type\":\"ImageObject\",\"inLanguage\":\"gl-ES\",\"@id\":\"https:\\\/\\\/secure.gravatar.com\\\/avatar\\\/47b1711433a3b83d9747992d63c05708f734f76ad2d588ae93638a06737a5471?s=96&d=mm&r=g\",\"url\":\"https:\\\/\\\/secure.gravatar.com\\\/avatar\\\/47b1711433a3b83d9747992d63c05708f734f76ad2d588ae93638a06737a5471?s=96&d=mm&r=g\",\"contentUrl\":\"https:\\\/\\\/secure.gravatar.com\\\/avatar\\\/47b1711433a3b83d9747992d63c05708f734f76ad2d588ae93638a06737a5471?s=96&d=mm&r=g\",\"caption\":\"Moncho Lareu\"},\"sameAs\":[\"http:\\\/\\\/www.anovapeneira.gal\\\/\"],\"url\":\"https:\\\/\\\/www.anovapeneira.gal\\\/index.php\\\/author\\\/moncho-lareu\\\/\"}]}<\/script>\n<!-- \/ Yoast SEO plugin. -->","yoast_head_json":{"title":"Frearmos o Capitalismo Epstein -","robots":{"index":"index","follow":"follow","max-snippet":"max-snippet:-1","max-image-preview":"max-image-preview:large","max-video-preview":"max-video-preview:-1"},"canonical":"https:\/\/www.anovapeneira.gal\/index.php\/2026\/04\/22\/frearmos-o-capitalismo-epstein\/","og_locale":"gl_ES","og_type":"article","og_title":"Frearmos o Capitalismo Epstein -","og_description":"Hai unha pol\u00e9mica coa decisi\u00f3n do goberno espa\u00f1ol de regular o acceso aos menores de 16 anos \u00e1s redes sociais sist\u00e9micas. Obviamente ese acceso vai ser sorteado de m\u00faltiples formas por unha xeraci\u00f3n que nace cun m\u00f3bil na man [...]","og_url":"https:\/\/www.anovapeneira.gal\/index.php\/2026\/04\/22\/frearmos-o-capitalismo-epstein\/","article_publisher":"https:\/\/www.facebook.com\/anovapeneira","article_published_time":"2026-04-22T08:00:04+00:00","article_modified_time":"2026-04-22T08:21:57+00:00","og_image":[{"width":720,"height":432,"url":"https:\/\/www.anovapeneira.gal\/wp-content\/uploads\/2022\/01\/moncho_lareu.jpg","type":"image\/jpeg"}],"author":"Moncho Lareu","twitter_card":"summary_large_image","twitter_creator":"@APeneira","twitter_site":"@APeneira","twitter_misc":{"Escrito por":"Moncho Lareu","Tempo de lectura":"4 minutos"},"schema":{"@context":"https:\/\/schema.org","@graph":[{"@type":"Article","@id":"https:\/\/www.anovapeneira.gal\/index.php\/2026\/04\/22\/frearmos-o-capitalismo-epstein\/#article","isPartOf":{"@id":"https:\/\/www.anovapeneira.gal\/index.php\/2026\/04\/22\/frearmos-o-capitalismo-epstein\/"},"author":{"name":"Moncho Lareu","@id":"https:\/\/www.anovapeneira.gal\/#\/schema\/person\/3df7d3e1f38ddcee2ddb9d0bee1a0628"},"headline":"Frearmos o Capitalismo Epstein","datePublished":"2026-04-22T08:00:04+00:00","dateModified":"2026-04-22T08:21:57+00:00","mainEntityOfPage":{"@id":"https:\/\/www.anovapeneira.gal\/index.php\/2026\/04\/22\/frearmos-o-capitalismo-epstein\/"},"wordCount":608,"commentCount":0,"publisher":{"@id":"https:\/\/www.anovapeneira.gal\/#organization"},"image":{"@id":"https:\/\/www.anovapeneira.gal\/index.php\/2026\/04\/22\/frearmos-o-capitalismo-epstein\/#primaryimage"},"thumbnailUrl":"https:\/\/www.anovapeneira.gal\/wp-content\/uploads\/2022\/01\/moncho_lareu.jpg","articleSection":["Artigos de opini\u00f3n"],"inLanguage":"gl-ES","potentialAction":[{"@type":"CommentAction","name":"Comment","target":["https:\/\/www.anovapeneira.gal\/index.php\/2026\/04\/22\/frearmos-o-capitalismo-epstein\/#respond"]}]},{"@type":"WebPage","@id":"https:\/\/www.anovapeneira.gal\/index.php\/2026\/04\/22\/frearmos-o-capitalismo-epstein\/","url":"https:\/\/www.anovapeneira.gal\/index.php\/2026\/04\/22\/frearmos-o-capitalismo-epstein\/","name":"Frearmos o Capitalismo Epstein -","isPartOf":{"@id":"https:\/\/www.anovapeneira.gal\/#website"},"primaryImageOfPage":{"@id":"https:\/\/www.anovapeneira.gal\/index.php\/2026\/04\/22\/frearmos-o-capitalismo-epstein\/#primaryimage"},"image":{"@id":"https:\/\/www.anovapeneira.gal\/index.php\/2026\/04\/22\/frearmos-o-capitalismo-epstein\/#primaryimage"},"thumbnailUrl":"https:\/\/www.anovapeneira.gal\/wp-content\/uploads\/2022\/01\/moncho_lareu.jpg","datePublished":"2026-04-22T08:00:04+00:00","dateModified":"2026-04-22T08:21:57+00:00","breadcrumb":{"@id":"https:\/\/www.anovapeneira.gal\/index.php\/2026\/04\/22\/frearmos-o-capitalismo-epstein\/#breadcrumb"},"inLanguage":"gl-ES","potentialAction":[{"@type":"ReadAction","target":["https:\/\/www.anovapeneira.gal\/index.php\/2026\/04\/22\/frearmos-o-capitalismo-epstein\/"]}]},{"@type":"ImageObject","inLanguage":"gl-ES","@id":"https:\/\/www.anovapeneira.gal\/index.php\/2026\/04\/22\/frearmos-o-capitalismo-epstein\/#primaryimage","url":"https:\/\/www.anovapeneira.gal\/wp-content\/uploads\/2022\/01\/moncho_lareu.jpg","contentUrl":"https:\/\/www.anovapeneira.gal\/wp-content\/uploads\/2022\/01\/moncho_lareu.jpg","width":720,"height":432,"caption":"Moncho Lareu, Profesor"},{"@type":"BreadcrumbList","@id":"https:\/\/www.anovapeneira.gal\/index.php\/2026\/04\/22\/frearmos-o-capitalismo-epstein\/#breadcrumb","itemListElement":[{"@type":"ListItem","position":1,"name":"Portada","item":"https:\/\/www.anovapeneira.gal\/"},{"@type":"ListItem","position":2,"name":"Frearmos o Capitalismo Epstein"}]},{"@type":"WebSite","@id":"https:\/\/www.anovapeneira.gal\/#website","url":"https:\/\/www.anovapeneira.gal\/","name":"","description":"Xornal galego de informaci\u00f3n xeral Publicaci\u00f3n mensual de novas de Galicia e en especial dos Concellos da sur da provincia de Pontevedra.","publisher":{"@id":"https:\/\/www.anovapeneira.gal\/#organization"},"potentialAction":[{"@type":"SearchAction","target":{"@type":"EntryPoint","urlTemplate":"https:\/\/www.anovapeneira.gal\/?s={search_term_string}"},"query-input":{"@type":"PropertyValueSpecification","valueRequired":true,"valueName":"search_term_string"}}],"inLanguage":"gl-ES"},{"@type":"Organization","@id":"https:\/\/www.anovapeneira.gal\/#organization","name":"A Nova Peneira","url":"https:\/\/www.anovapeneira.gal\/","logo":{"@type":"ImageObject","inLanguage":"gl-ES","@id":"https:\/\/www.anovapeneira.gal\/#\/schema\/logo\/image\/","url":"http:\/\/www.anovapeneira.gal\/wp-content\/uploads\/2019\/06\/logo_a_nova_peneira_portal_web.png","contentUrl":"http:\/\/www.anovapeneira.gal\/wp-content\/uploads\/2019\/06\/logo_a_nova_peneira_portal_web.png","width":300,"height":100,"caption":"A Nova Peneira"},"image":{"@id":"https:\/\/www.anovapeneira.gal\/#\/schema\/logo\/image\/"},"sameAs":["https:\/\/www.facebook.com\/anovapeneira","https:\/\/x.com\/APeneira"]},{"@type":"Person","@id":"https:\/\/www.anovapeneira.gal\/#\/schema\/person\/3df7d3e1f38ddcee2ddb9d0bee1a0628","name":"Moncho Lareu","image":{"@type":"ImageObject","inLanguage":"gl-ES","@id":"https:\/\/secure.gravatar.com\/avatar\/47b1711433a3b83d9747992d63c05708f734f76ad2d588ae93638a06737a5471?s=96&d=mm&r=g","url":"https:\/\/secure.gravatar.com\/avatar\/47b1711433a3b83d9747992d63c05708f734f76ad2d588ae93638a06737a5471?s=96&d=mm&r=g","contentUrl":"https:\/\/secure.gravatar.com\/avatar\/47b1711433a3b83d9747992d63c05708f734f76ad2d588ae93638a06737a5471?s=96&d=mm&r=g","caption":"Moncho Lareu"},"sameAs":["http:\/\/www.anovapeneira.gal\/"],"url":"https:\/\/www.anovapeneira.gal\/index.php\/author\/moncho-lareu\/"}]}},"jetpack_featured_media_url":"https:\/\/www.anovapeneira.gal\/wp-content\/uploads\/2022\/01\/moncho_lareu.jpg","_links":{"self":[{"href":"https:\/\/www.anovapeneira.gal\/index.php\/wp-json\/wp\/v2\/posts\/15694","targetHints":{"allow":["GET"]}}],"collection":[{"href":"https:\/\/www.anovapeneira.gal\/index.php\/wp-json\/wp\/v2\/posts"}],"about":[{"href":"https:\/\/www.anovapeneira.gal\/index.php\/wp-json\/wp\/v2\/types\/post"}],"author":[{"embeddable":true,"href":"https:\/\/www.anovapeneira.gal\/index.php\/wp-json\/wp\/v2\/users\/20"}],"replies":[{"embeddable":true,"href":"https:\/\/www.anovapeneira.gal\/index.php\/wp-json\/wp\/v2\/comments?post=15694"}],"version-history":[{"count":1,"href":"https:\/\/www.anovapeneira.gal\/index.php\/wp-json\/wp\/v2\/posts\/15694\/revisions"}],"predecessor-version":[{"id":15695,"href":"https:\/\/www.anovapeneira.gal\/index.php\/wp-json\/wp\/v2\/posts\/15694\/revisions\/15695"}],"wp:featuredmedia":[{"embeddable":true,"href":"https:\/\/www.anovapeneira.gal\/index.php\/wp-json\/wp\/v2\/media\/6779"}],"wp:attachment":[{"href":"https:\/\/www.anovapeneira.gal\/index.php\/wp-json\/wp\/v2\/media?parent=15694"}],"wp:term":[{"taxonomy":"category","embeddable":true,"href":"https:\/\/www.anovapeneira.gal\/index.php\/wp-json\/wp\/v2\/categories?post=15694"},{"taxonomy":"post_tag","embeddable":true,"href":"https:\/\/www.anovapeneira.gal\/index.php\/wp-json\/wp\/v2\/tags?post=15694"}],"curies":[{"name":"wp","href":"https:\/\/api.w.org\/{rel}","templated":true}]}}