{"id":15696,"date":"2026-04-22T12:00:18","date_gmt":"2026-04-22T10:00:18","guid":{"rendered":"https:\/\/www.anovapeneira.gal\/?p=15696"},"modified":"2026-04-23T09:38:06","modified_gmt":"2026-04-23T07:38:06","slug":"de-como-o-pp-consolida-o-seu-poder-local","status":"publish","type":"post","link":"https:\/\/www.anovapeneira.gal\/index.php\/2026\/04\/22\/de-como-o-pp-consolida-o-seu-poder-local\/","title":{"rendered":"De como o PP consolida o seu poder local"},"content":{"rendered":"\n<p>O reparto de fondos p\u00fablicos por parte das distintas administraci\u00f3ns est\u00e1 regulado por diversas disposici\u00f3ns legais. En concreto:-A Constituci\u00f3n Espa\u00f1ola- A Lei 47\/2003 Xeneral Orzamentaria- A Lei 40\/2015 de R\u00e9xime Xur\u00eddico do Sector P\u00fablico- A Lei 9\/2017 de Contratos do Sector P\u00fablico-A Lei 19\/2013 de Transparencia e Bo Goberno.<\/p>\n\n\n\n<p>Al\u00e9n desas Leis estatais tam\u00e9n c\u00f3mpre mencionar a Lei de facendas locais e a Lei de Administraci\u00f3n Local de Galicia.<\/p>\n\n\n\n<p>Todas elas establecen que as distintas administraci\u00f3ns est\u00e1n obrigadas a repartir os fondos p\u00fablicos dos que dispo\u00f1an en base aos seguintes principios de reparto:<\/p>\n\n\n\n<p>1-Eficiencia e Econom\u00eda<\/p>\n\n\n\n<p>2-Igualdade e Non Discriminaci\u00f3n<\/p>\n\n\n\n<p>3-Obxectividade e Interese Xeral<\/p>\n\n\n\n<p>4-Publicidade e Concorrencia Competitiva<\/p>\n\n\n\n<p>5-Transparencia<\/p>\n\n\n\n<p>6-Sostibilidade Financeira<\/p>\n\n\n\n<p>7-M\u00e9rito e Capacidade<\/p>\n\n\n\n<p>8-Boa Fe<\/p>\n\n\n\n<p>9-Non afectaci\u00f3n orzamentaria<\/p>\n\n\n\n<p>Este par\u00e1metros perseguen que todos os cidad\u00e1ns e cidad\u00e1s te\u00f1an os mesmos dereitos e igualdade de oportunidades \u00e1 hora de recibir os fondos que financien os servizos e infraestruturas necesarias para poder vivir.<\/p>\n\n\n\n<p>En ningunha disposici\u00f3n legal aparece que cando unha administraci\u00f3n local estea gobernada por unha forza pol\u00edtica diferente \u00e1 administraci\u00f3n que distrib\u00fae os fondos, sexa a administraci\u00f3n estatal a auton\u00f3mica ou a provincial, deba de ser castigada mentres que se se d\u00e1 o caso contrario, \u00e9 dicir que un concello sexa gobernado polo mesmo partido que o que est\u00e1 na administraci\u00f3n que reparte os cartos, sexa a que sexa, este concello deba de ser premiado.<\/p>\n\n\n\n<p>Por\u00e9n, se nos tomamos a molestia de pescudar a forma na que a Xunta de Galicia reparte os fondos, que debe repartir aos distintos concellos, veremos como esta administraci\u00f3n alg\u00fans deses principios: Igualdade, Obxectividade, Non discriminaci\u00f3n&#8230;non os leva o que se di moi ben.<\/p>\n\n\n\n<p>Nesta edici\u00f3n de ANP imos analizar o caso concreto do Concello de As Neves.<\/p>\n\n\n\n<p><strong>1\u00ba Parte: O Concello de As Neves.<\/strong><\/p>\n\n\n\n<blockquote class=\"wp-block-quote is-layout-flow wp-block-quote-is-layout-flow\">\n<p>Nas municipais do 2015 produciuse un cambio hist\u00f3rico na aritm\u00e9tica municipal, o PP perde a maior\u00eda absoluta e f\u00f3rmase un goberno conxunto do BNG e o PSOE co nacionalista Xos\u00e9 Manuel Rodr\u00edguez M\u00e9ndez como alcalde deste concello. Por primeira vez na historia o nacionalismo logrou gobernar esta localidade.<\/p>\n<\/blockquote>\n\n\n\n<blockquote class=\"wp-block-quote is-layout-flow wp-block-quote-is-layout-flow\">\n<p>Este goberno exerceu durante dos mandatos, desde o 2015 ata 2023.Nese ano o PP, cun candidato pouco co\u00f1ecido que chegou a \u00faltima hora, logrou recobrar a confianza maioritaria da sociedade local de forma un tanto inesperada. Houbo raz\u00f3ns que explicaron esta sorprendente vitoria desde logo, que si. Esas circunstancias non son, por\u00e9n, o obxecto deste artigo. O BNG e o PSOE locais deber\u00e1n facer autocr\u00edtica e corrixir os erros que puideran ter cometido se queren darlle unha viraxe \u00e1 situaci\u00f3n pol\u00edtica e ga\u00f1ar ao PP no 27. Pero o que nos interesa agora \u00e9:<\/p>\n<\/blockquote>\n\n\n\n<p><strong>O que aconteceu despois<\/strong><\/p>\n\n\n\n<blockquote class=\"wp-block-quote is-layout-flow wp-block-quote-is-layout-flow\">\n<p>As Neves durante os 8 anos de goberno do BNG recibiu o que lle correspond\u00eda do Fondo de Cooperaci\u00f3n Local. Neste caso non hai nada que dicir, a\u00ednda que tam\u00e9n \u00e9 certo que \u00e1 administraci\u00f3n auton\u00f3mica non lle queda outra que repartir eses cartos a todos os concellos galegos en funci\u00f3ns dos par\u00e1metros de reparto establecidos por Lei.<\/p>\n<\/blockquote>\n\n\n\n<blockquote class=\"wp-block-quote is-layout-flow wp-block-quote-is-layout-flow\">\n<p>Pero das cantidades que a Xunta destina aos municipios o Fondo de Cooperaci\u00f3n Local non sup\u00f3n m\u00e1is que o vinte e pico por cento do total. A parte substancial das cantidades recibidas ve\u00f1en <strong>d<\/strong><strong>as<\/strong> <strong>subvenci\u00f3ns e os<\/strong><strong> convenios entre a Xunta e os distintos Concello<\/strong><strong>s, <\/strong>e al\u00ed est\u00e1 a parte espi\u00f1enta da situaci\u00f3n.<\/p>\n<\/blockquote>\n\n\n\n<blockquote class=\"wp-block-quote is-layout-flow wp-block-quote-is-layout-flow\">\n<p>Algunhas destas subvenci\u00f3ns rec\u00edbeas o primeiro concello que presente o proxecto potencialmente subvencionable. E misteriosamente son sempre os concellos gobernados polo PP os primeiros que chegan na pr\u00e1ctica totalidade de convocatorias.<\/p>\n<\/blockquote>\n\n\n\n<p><strong>Son avisados previamente?<\/strong><\/p>\n\n\n\n<blockquote class=\"wp-block-quote is-layout-flow wp-block-quote-is-layout-flow\">\n<p>Non te\u00f1o nin idea desde logo, e afirmalo ser\u00eda unha especulaci\u00f3n gratu\u00edta .Pero resulta moi curioso que sexan case sempre os concellos populares os que ga\u00f1en ese tipo de subvenci\u00f3ns.<\/p>\n<\/blockquote>\n\n\n\n<blockquote class=\"wp-block-quote is-layout-flow wp-block-quote-is-layout-flow\">\n<p>Este situaci\u00f3n \u00e9, de ser o caso, grave, pero non \u00e9 o m\u00e1is grave nas formulas de financiamento que utiliza a Xunta coa administraci\u00f3n local. O que \u00e9 realmente preocupante e si se pode comprobar empiricamente, lonxe de calquera tipo de especulaci\u00f3n ou suposici\u00f3n \u00e9<strong> o caso do<\/strong><strong>s<\/strong><strong> convenios que asina a Xunta cos distintos Concellos<\/strong><\/p>\n<\/blockquote>\n\n\n\n<blockquote class=\"wp-block-quote is-layout-flow wp-block-quote-is-layout-flow\">\n<p>Os convenios e as actuaci\u00f3ns directas da Xunta en espazos municipais que son competencia auton\u00f3mica, son unha forma perversa de condicionar a vida econ\u00f3mica dos Concellos.<\/p>\n<\/blockquote>\n\n\n\n<blockquote class=\"wp-block-quote is-layout-flow wp-block-quote-is-layout-flow\">\n<p>No Concello que nos ocupa temos un caso flagrante:<\/p>\n<\/blockquote>\n\n\n\n<p><strong>O caso do cruce de Setados<\/strong><\/p>\n\n\n\n<blockquote class=\"wp-block-quote is-layout-flow wp-block-quote-is-layout-flow\">\n<p>Setados \u00e9 unha parroquia das Neves situada na estrada que vai a Arbo. Acc\u00e9dese desde esa estrada, e a sa\u00edda da parroquia para a estrada xeral \u00e9 un perigo enorme, pois literalmente cando queres sa\u00edr non podes ver os coches que ve\u00f1en pola xeral. Hai que sa\u00edr case por intuici\u00f3n.<\/p>\n<\/blockquote>\n\n\n\n<blockquote class=\"wp-block-quote is-layout-flow wp-block-quote-is-layout-flow\">\n<p>A reivindicaci\u00f3n de arranxar ese problema \u00e9 previa \u00e1 chegada do BNG no 2015 ao goberno das Neves. De feito hab\u00eda un proxecto redactado para executalo antes de que PP perdera a alcald\u00eda no ano 15. <strong>Que pasou cando o BNG chega a alcald\u00eda das Neves?<\/strong><\/p>\n<\/blockquote>\n\n\n\n<blockquote class=\"wp-block-quote is-layout-flow wp-block-quote-is-layout-flow\">\n<p>O proxecto quedou nun caix\u00f3n e paralizouse. O alcalde nacionalista das Neves pediulle \u00e1 conselleira que naquel momento levaba esa \u00e1rea, Ethel V\u00e1zquez, arredor de media ducia de veces que a Xunta arranxara esa grave deficiencia, pois est\u00e1 nunha estrada que \u00e9 da s\u00faa competencia. A resposta da conselleira foi sempre a mesma: Non.<\/p>\n<\/blockquote>\n\n\n\n<p><strong>O PP ga\u00f1a as elecci\u00f3ns do 23 e recupera a alcald\u00eda das Neves<\/strong><\/p>\n\n\n\n<blockquote class=\"wp-block-quote is-layout-flow wp-block-quote-is-layout-flow\">\n<p>Pero de s\u00fapeto hai un cambio que ningu\u00e9n esperaba e o PP recupera a alcald\u00eda das Neves. E poucos d\u00edas despois da vitoria a mesma conselleira que lle negara varias veces a un goberno do BNG arranxar o problema de Setados, anuncia que, agora si, o cruce de Setados vai ser por fin arranxado.<\/p>\n<\/blockquote>\n\n\n\n<p><strong>A campa\u00f1a electoral<\/strong><\/p>\n\n\n\n<blockquote class=\"wp-block-quote is-layout-flow wp-block-quote-is-layout-flow\">\n<p>Na campa\u00f1a electoral das municipais do 23, o candidato do PP, e agora alcalde Jose Manuel Alfonso, publicou un v\u00eddeo no que afirmaba que en cuesti\u00f3n de meses o problema de Setados \u00eda ser ama\u00f1ado. Non foron meses pero o certo \u00e9 que agora si est\u00e1 en cami\u00f1o de ama\u00f1arse.<\/p>\n<\/blockquote>\n\n\n\n<figure class=\"wp-block-image size-large\"><img loading=\"lazy\" decoding=\"async\" width=\"1024\" height=\"768\" src=\"https:\/\/www.anovapeneira.gal\/wp-content\/uploads\/2026\/04\/Foto-traballo-As-Neves-1024x768.jpg\" alt=\"\" class=\"wp-image-15698\" srcset=\"https:\/\/www.anovapeneira.gal\/wp-content\/uploads\/2026\/04\/Foto-traballo-As-Neves-1024x768.jpg 1024w, https:\/\/www.anovapeneira.gal\/wp-content\/uploads\/2026\/04\/Foto-traballo-As-Neves-300x225.jpg 300w, https:\/\/www.anovapeneira.gal\/wp-content\/uploads\/2026\/04\/Foto-traballo-As-Neves-768x576.jpg 768w, https:\/\/www.anovapeneira.gal\/wp-content\/uploads\/2026\/04\/Foto-traballo-As-Neves-1536x1152.jpg 1536w, https:\/\/www.anovapeneira.gal\/wp-content\/uploads\/2026\/04\/Foto-traballo-As-Neves-2048x1536.jpg 2048w, https:\/\/www.anovapeneira.gal\/wp-content\/uploads\/2026\/04\/Foto-traballo-As-Neves-678x509.jpg 678w, https:\/\/www.anovapeneira.gal\/wp-content\/uploads\/2026\/04\/Foto-traballo-As-Neves-326x245.jpg 326w, https:\/\/www.anovapeneira.gal\/wp-content\/uploads\/2026\/04\/Foto-traballo-As-Neves-80x60.jpg 80w\" sizes=\"auto, (max-width: 1024px) 100vw, 1024px\" \/><figcaption class=\"wp-element-caption\">As Neves nun d\u00eda de feira<\/figcaption><\/figure>\n\n\n\n<p><strong>Como o sab\u00eda Jose Manuel Alfonso?<\/strong><\/p>\n\n\n\n<blockquote class=\"wp-block-quote is-layout-flow wp-block-quote-is-layout-flow\">\n<p>Non parece veros\u00edmil pensar que o alcalde de As Neves te\u00f1a facultades adivinatorias. Ent\u00f3n parece razoable pensar que o PP lle di ao ent\u00f3n candidato das Neves que se ga\u00f1aba as elecci\u00f3ns \u00eda arranxarlle o problema.<\/p>\n<\/blockquote>\n\n\n\n<blockquote class=\"wp-block-quote is-layout-flow wp-block-quote-is-layout-flow\">\n<p>Se isto foi en realidade como parece, que diferenza hai entre ese modus operandi e aquel anuncio de Trump aos arxentinos de que s\u00f3 haber\u00eda pasta se Milei ga\u00f1aba as elecci\u00f3ns?<\/p>\n<\/blockquote>\n\n\n\n<blockquote class=\"wp-block-quote is-layout-flow wp-block-quote-is-layout-flow\">\n<p>Ningunha, non hai ningunha diferenza.<\/p>\n<\/blockquote>\n\n\n\n<blockquote class=\"wp-block-quote is-layout-flow wp-block-quote-is-layout-flow\">\n<p>\u00c9 esta unha forma democr\u00e1tica de xestionar os recursos p\u00fablicos?.Parece evidente que non, non o \u00e9. Ser\u00eda en calquera caso a utilizaci\u00f3n do di\u00f1eiro p\u00fablico para beneficiar a unha opci\u00f3n pol\u00edtica en concreto.<\/p>\n<\/blockquote>\n\n\n\n<p><strong>As sendas verdes<\/strong><\/p>\n\n\n\n<blockquote class=\"wp-block-quote is-layout-flow wp-block-quote-is-layout-flow\">\n<p>Outra cuesti\u00f3n que chama poderosamente a atenci\u00f3n \u00e9 o caso das sendas que o goberno nacionalista das Neves prop\u00f3n \u00e1 Xunta. Cal foi a resposta da administraci\u00f3n auton\u00f3mica?: Si, foi a de sempre: Non.<\/p>\n<\/blockquote>\n\n\n\n<blockquote class=\"wp-block-quote is-layout-flow wp-block-quote-is-layout-flow\">\n<p>En paralelo en Salvaterra, concello gobernado polo PP, a Xunta si fai a senda entre Oleiros e Leirado. Por que nas Neves non, e en Salvaterra si?..Pois non parece moi dif\u00edcil contestar cunha hip\u00f3tese veros\u00edmil: porque nas Neves non gobernaba o PP e en Salvaterra si.<\/p>\n<\/blockquote>\n\n\n\n<blockquote class=\"wp-block-quote is-layout-flow wp-block-quote-is-layout-flow\">\n<p>A estrada que vai a Leirado( Salvaterra) chega ata Taboexa( As Neves). Aproveitando as obras desa senda o goberno do BNG das Neves propuxo \u00e1 Xunta que actuara nunha zona concreta de Taboexa,. A resposta da Xunta foi a mesma:Non.<\/p>\n<\/blockquote>\n\n\n\n<p><strong>As depuradoras<\/strong><\/p>\n\n\n\n<blockquote class=\"wp-block-quote is-layout-flow wp-block-quote-is-layout-flow\">\n<p>Esta foi outra proposta que casualmente recibiu a mesma resposta. O goberno do BNG das Neves solicita \u00e1 Xunta actuar na depuradora de Li\u00f1ares( As Neves) e a resposta foi a de sempre: Non. En paralelo a Xunta si lle concede ao goberno de Salvaterra actuar na depuraci\u00f3n do Mendo, pertencente ao termo municipal de Salvaterra e que apenas est\u00e1 a un quil\u00f3metro de distancia de Li\u00f1ares. Por que a unha si e a outra non? A resposta d\u00e9ixovola a v\u00f3s amigas e amigos lectores.<\/p>\n\n\n\n<p><\/p>\n<\/blockquote>\n\n\n\n<p><strong>Os Convenios<\/strong><\/p>\n\n\n\n<blockquote class=\"wp-block-quote is-layout-flow wp-block-quote-is-layout-flow\">\n<p>Nos oito anos de goberno nacionalista nas Neves o goberno local s\u00f3 logrou asinar un convenio con Medio Rural para reformar, despois dos lumes, unha parte da Estrada que vai desde A Ca\u00ed\u00f1a ata O Pousadouro. O custe dese convenio foi de 50.000\u20ac<\/p>\n<\/blockquote>\n\n\n\n<blockquote class=\"wp-block-quote is-layout-flow wp-block-quote-is-layout-flow\">\n<p>Por\u00e9n en Salvaterra, neses mesmos oito anos, a Xunta asinou co Concello convenios por valor de 8.000.000 de \u20ac. En Arbo, outro concello gobernado polo PP, nese mesmo per\u00edodo de tempo os convenios asinados superaron os 4.000.000 de \u20ac<\/p>\n<\/blockquote>\n\n\n\n<blockquote class=\"wp-block-quote is-layout-flow wp-block-quote-is-layout-flow\">\n<p>Os tres concellos est\u00e1n seguidos, en dous gobernaba neses oito anos o PP e nun o BNG. Cos dous concellos PP as\u00ednanse arredor de 12.000.000 de \u20ac en convenios, 8 para Salvaterra e algo m\u00e1is de 4 para Arbo e coas neves tan s\u00f3 50.000\u20ac<\/p>\n<\/blockquote>\n\n\n\n<p><strong>Por que?<\/strong><\/p>\n\n\n\n<blockquote class=\"wp-block-quote is-layout-flow wp-block-quote-is-layout-flow\">\n<p>A resposta non resulta moi dif\u00edcil de adivi\u00f1ar. Que vaia na conciencia e na honestidade intelectual de cada lector e de cada lectora.<\/p>\n<\/blockquote>\n\n\n\n<p><strong>Como se soluciona?<\/strong><\/p>\n\n\n\n<blockquote class=\"wp-block-quote is-layout-flow wp-block-quote-is-layout-flow\">\n<p>Na urnas. Non hai outro cami\u00f1o. Soluci\u00f3nase sacando de todos os gobernos a quen administra desa maneira. A situaci\u00f3n de suposto nepotismo \u00e9 tan grave que remato este artigo cun episodio que describe \u00e1 perfecci\u00f3n a forma que ten o PP de acadar o poder local:<\/p>\n<\/blockquote>\n\n\n\n<p><strong>A Festa do Requeixo<\/strong><\/p>\n\n\n\n<blockquote class=\"wp-block-quote is-layout-flow wp-block-quote-is-layout-flow\">\n<p>Na Festa do Requeixo do 2023, a \u00faltima co BNG na alcald\u00eda, celebrada moi pouco antes de que o PP recuperase o Concello das Neves, apareceu Paula Prado con Jose Manuel Alfonso e tach\u00e1n tach\u00e1n tach\u00e1n un equipo da TVG&#8230;Que fixo este equipo da Televisi\u00f3n p\u00fablica galega? cubrir a Paula Prado, cubrir ao candidato do PP ao longo de toda festa do Requeixo, e ignorar absolutamente ao alcalde das Neves naquel momento ou a calquera dos membros do seu goberno.<\/p>\n<\/blockquote>\n\n\n\n<blockquote class=\"wp-block-quote is-layout-flow wp-block-quote-is-layout-flow\">\n<p>As\u00ed \u00e9 como o PP acada e consolida o seu poder local.<\/p>\n<\/blockquote>\n","protected":false},"excerpt":{"rendered":"<div class=\"mh-excerpt\"><p>O reparto de fondos p\u00fablicos por parte das distintas administraci\u00f3ns est\u00e1 regulado por diversas disposici\u00f3ns legais <a class=\"mh-excerpt-more\" href=\"https:\/\/www.anovapeneira.gal\/index.php\/2026\/04\/22\/de-como-o-pp-consolida-o-seu-poder-local\/\" title=\"De como o PP consolida o seu poder local\">[&#8230;]<\/a><\/p>\n<\/div>","protected":false},"author":2,"featured_media":15697,"comment_status":"open","ping_status":"open","sticky":false,"template":"","format":"standard","meta":{"_exactmetrics_skip_tracking":false,"_exactmetrics_sitenote_active":false,"_exactmetrics_sitenote_note":"","_exactmetrics_sitenote_category":0,"footnotes":""},"categories":[25],"tags":[546],"class_list":{"0":"post-15696","1":"post","2":"type-post","3":"status-publish","4":"format-standard","5":"has-post-thumbnail","7":"category-condado","8":"tag-concello-das-neves"},"yoast_head":"<!-- This site is optimized with the Yoast SEO plugin v27.4 - https:\/\/yoast.com\/product\/yoast-seo-wordpress\/ -->\n<title>De como o PP consolida o seu poder local -<\/title>\n<meta name=\"robots\" content=\"index, follow, max-snippet:-1, max-image-preview:large, max-video-preview:-1\" \/>\n<link rel=\"canonical\" href=\"https:\/\/www.anovapeneira.gal\/index.php\/2026\/04\/22\/de-como-o-pp-consolida-o-seu-poder-local\/\" \/>\n<meta property=\"og:locale\" content=\"gl_ES\" \/>\n<meta property=\"og:type\" content=\"article\" \/>\n<meta property=\"og:title\" content=\"De como o PP consolida o seu poder local -\" \/>\n<meta property=\"og:description\" content=\"O reparto de fondos p\u00fablicos por parte das distintas administraci\u00f3ns est\u00e1 regulado por diversas disposici\u00f3ns legais [...]\" \/>\n<meta property=\"og:url\" content=\"https:\/\/www.anovapeneira.gal\/index.php\/2026\/04\/22\/de-como-o-pp-consolida-o-seu-poder-local\/\" \/>\n<meta property=\"article:publisher\" content=\"https:\/\/www.facebook.com\/anovapeneira\" \/>\n<meta property=\"article:published_time\" content=\"2026-04-22T10:00:18+00:00\" \/>\n<meta property=\"article:modified_time\" content=\"2026-04-23T07:38:06+00:00\" \/>\n<meta property=\"og:image\" content=\"https:\/\/www.anovapeneira.gal\/wp-content\/uploads\/2026\/04\/concello_neves.png\" \/>\n\t<meta property=\"og:image:width\" content=\"720\" \/>\n\t<meta property=\"og:image:height\" content=\"432\" \/>\n\t<meta property=\"og:image:type\" content=\"image\/png\" \/>\n<meta name=\"author\" content=\"Tino Lago\" \/>\n<meta name=\"twitter:card\" content=\"summary_large_image\" \/>\n<meta name=\"twitter:creator\" content=\"@APeneira\" \/>\n<meta name=\"twitter:site\" content=\"@APeneira\" \/>\n<meta name=\"twitter:label1\" content=\"Escrito por\" \/>\n\t<meta name=\"twitter:data1\" content=\"Tino Lago\" \/>\n\t<meta name=\"twitter:label2\" content=\"Tempo de lectura\" \/>\n\t<meta name=\"twitter:data2\" content=\"3 minutos\" \/>\n<script type=\"application\/ld+json\" class=\"yoast-schema-graph\">{\"@context\":\"https:\\\/\\\/schema.org\",\"@graph\":[{\"@type\":\"Article\",\"@id\":\"https:\\\/\\\/www.anovapeneira.gal\\\/index.php\\\/2026\\\/04\\\/22\\\/de-como-o-pp-consolida-o-seu-poder-local\\\/#article\",\"isPartOf\":{\"@id\":\"https:\\\/\\\/www.anovapeneira.gal\\\/index.php\\\/2026\\\/04\\\/22\\\/de-como-o-pp-consolida-o-seu-poder-local\\\/\"},\"author\":{\"name\":\"Tino Lago\",\"@id\":\"https:\\\/\\\/www.anovapeneira.gal\\\/#\\\/schema\\\/person\\\/424dfe65e3070fd8a44d22d2c088762a\"},\"headline\":\"De como o PP consolida o seu poder local\",\"datePublished\":\"2026-04-22T10:00:18+00:00\",\"dateModified\":\"2026-04-23T07:38:06+00:00\",\"mainEntityOfPage\":{\"@id\":\"https:\\\/\\\/www.anovapeneira.gal\\\/index.php\\\/2026\\\/04\\\/22\\\/de-como-o-pp-consolida-o-seu-poder-local\\\/\"},\"wordCount\":1734,\"commentCount\":0,\"publisher\":{\"@id\":\"https:\\\/\\\/www.anovapeneira.gal\\\/#organization\"},\"image\":{\"@id\":\"https:\\\/\\\/www.anovapeneira.gal\\\/index.php\\\/2026\\\/04\\\/22\\\/de-como-o-pp-consolida-o-seu-poder-local\\\/#primaryimage\"},\"thumbnailUrl\":\"https:\\\/\\\/www.anovapeneira.gal\\\/wp-content\\\/uploads\\\/2026\\\/04\\\/concello_neves.png\",\"keywords\":[\"Concello das Neves\"],\"articleSection\":[\"Condado\"],\"inLanguage\":\"gl-ES\",\"potentialAction\":[{\"@type\":\"CommentAction\",\"name\":\"Comment\",\"target\":[\"https:\\\/\\\/www.anovapeneira.gal\\\/index.php\\\/2026\\\/04\\\/22\\\/de-como-o-pp-consolida-o-seu-poder-local\\\/#respond\"]}]},{\"@type\":\"WebPage\",\"@id\":\"https:\\\/\\\/www.anovapeneira.gal\\\/index.php\\\/2026\\\/04\\\/22\\\/de-como-o-pp-consolida-o-seu-poder-local\\\/\",\"url\":\"https:\\\/\\\/www.anovapeneira.gal\\\/index.php\\\/2026\\\/04\\\/22\\\/de-como-o-pp-consolida-o-seu-poder-local\\\/\",\"name\":\"De como o PP consolida o seu poder local -\",\"isPartOf\":{\"@id\":\"https:\\\/\\\/www.anovapeneira.gal\\\/#website\"},\"primaryImageOfPage\":{\"@id\":\"https:\\\/\\\/www.anovapeneira.gal\\\/index.php\\\/2026\\\/04\\\/22\\\/de-como-o-pp-consolida-o-seu-poder-local\\\/#primaryimage\"},\"image\":{\"@id\":\"https:\\\/\\\/www.anovapeneira.gal\\\/index.php\\\/2026\\\/04\\\/22\\\/de-como-o-pp-consolida-o-seu-poder-local\\\/#primaryimage\"},\"thumbnailUrl\":\"https:\\\/\\\/www.anovapeneira.gal\\\/wp-content\\\/uploads\\\/2026\\\/04\\\/concello_neves.png\",\"datePublished\":\"2026-04-22T10:00:18+00:00\",\"dateModified\":\"2026-04-23T07:38:06+00:00\",\"breadcrumb\":{\"@id\":\"https:\\\/\\\/www.anovapeneira.gal\\\/index.php\\\/2026\\\/04\\\/22\\\/de-como-o-pp-consolida-o-seu-poder-local\\\/#breadcrumb\"},\"inLanguage\":\"gl-ES\",\"potentialAction\":[{\"@type\":\"ReadAction\",\"target\":[\"https:\\\/\\\/www.anovapeneira.gal\\\/index.php\\\/2026\\\/04\\\/22\\\/de-como-o-pp-consolida-o-seu-poder-local\\\/\"]}]},{\"@type\":\"ImageObject\",\"inLanguage\":\"gl-ES\",\"@id\":\"https:\\\/\\\/www.anovapeneira.gal\\\/index.php\\\/2026\\\/04\\\/22\\\/de-como-o-pp-consolida-o-seu-poder-local\\\/#primaryimage\",\"url\":\"https:\\\/\\\/www.anovapeneira.gal\\\/wp-content\\\/uploads\\\/2026\\\/04\\\/concello_neves.png\",\"contentUrl\":\"https:\\\/\\\/www.anovapeneira.gal\\\/wp-content\\\/uploads\\\/2026\\\/04\\\/concello_neves.png\",\"width\":720,\"height\":432},{\"@type\":\"BreadcrumbList\",\"@id\":\"https:\\\/\\\/www.anovapeneira.gal\\\/index.php\\\/2026\\\/04\\\/22\\\/de-como-o-pp-consolida-o-seu-poder-local\\\/#breadcrumb\",\"itemListElement\":[{\"@type\":\"ListItem\",\"position\":1,\"name\":\"Portada\",\"item\":\"https:\\\/\\\/www.anovapeneira.gal\\\/\"},{\"@type\":\"ListItem\",\"position\":2,\"name\":\"De como o PP consolida o seu poder local\"}]},{\"@type\":\"WebSite\",\"@id\":\"https:\\\/\\\/www.anovapeneira.gal\\\/#website\",\"url\":\"https:\\\/\\\/www.anovapeneira.gal\\\/\",\"name\":\"\",\"description\":\"Xornal galego de informaci\u00f3n xeral Publicaci\u00f3n mensual de novas de Galicia e en especial dos Concellos da sur da provincia de Pontevedra.\",\"publisher\":{\"@id\":\"https:\\\/\\\/www.anovapeneira.gal\\\/#organization\"},\"potentialAction\":[{\"@type\":\"SearchAction\",\"target\":{\"@type\":\"EntryPoint\",\"urlTemplate\":\"https:\\\/\\\/www.anovapeneira.gal\\\/?s={search_term_string}\"},\"query-input\":{\"@type\":\"PropertyValueSpecification\",\"valueRequired\":true,\"valueName\":\"search_term_string\"}}],\"inLanguage\":\"gl-ES\"},{\"@type\":\"Organization\",\"@id\":\"https:\\\/\\\/www.anovapeneira.gal\\\/#organization\",\"name\":\"A Nova Peneira\",\"url\":\"https:\\\/\\\/www.anovapeneira.gal\\\/\",\"logo\":{\"@type\":\"ImageObject\",\"inLanguage\":\"gl-ES\",\"@id\":\"https:\\\/\\\/www.anovapeneira.gal\\\/#\\\/schema\\\/logo\\\/image\\\/\",\"url\":\"http:\\\/\\\/www.anovapeneira.gal\\\/wp-content\\\/uploads\\\/2019\\\/06\\\/logo_a_nova_peneira_portal_web.png\",\"contentUrl\":\"http:\\\/\\\/www.anovapeneira.gal\\\/wp-content\\\/uploads\\\/2019\\\/06\\\/logo_a_nova_peneira_portal_web.png\",\"width\":300,\"height\":100,\"caption\":\"A Nova Peneira\"},\"image\":{\"@id\":\"https:\\\/\\\/www.anovapeneira.gal\\\/#\\\/schema\\\/logo\\\/image\\\/\"},\"sameAs\":[\"https:\\\/\\\/www.facebook.com\\\/anovapeneira\",\"https:\\\/\\\/x.com\\\/APeneira\"]},{\"@type\":\"Person\",\"@id\":\"https:\\\/\\\/www.anovapeneira.gal\\\/#\\\/schema\\\/person\\\/424dfe65e3070fd8a44d22d2c088762a\",\"name\":\"Tino Lago\",\"image\":{\"@type\":\"ImageObject\",\"inLanguage\":\"gl-ES\",\"@id\":\"https:\\\/\\\/secure.gravatar.com\\\/avatar\\\/b3df6a06e44bab3111583b90f0f33a0379ee5e3d22cbadd232d39f21c30c62be?s=96&d=mm&r=g\",\"url\":\"https:\\\/\\\/secure.gravatar.com\\\/avatar\\\/b3df6a06e44bab3111583b90f0f33a0379ee5e3d22cbadd232d39f21c30c62be?s=96&d=mm&r=g\",\"contentUrl\":\"https:\\\/\\\/secure.gravatar.com\\\/avatar\\\/b3df6a06e44bab3111583b90f0f33a0379ee5e3d22cbadd232d39f21c30c62be?s=96&d=mm&r=g\",\"caption\":\"Tino Lago\"},\"sameAs\":[\"http:\\\/\\\/www.anovapeneira.gal\"],\"url\":\"https:\\\/\\\/www.anovapeneira.gal\\\/index.php\\\/author\\\/director\\\/\"}]}<\/script>\n<!-- \/ Yoast SEO plugin. -->","yoast_head_json":{"title":"De como o PP consolida o seu poder local -","robots":{"index":"index","follow":"follow","max-snippet":"max-snippet:-1","max-image-preview":"max-image-preview:large","max-video-preview":"max-video-preview:-1"},"canonical":"https:\/\/www.anovapeneira.gal\/index.php\/2026\/04\/22\/de-como-o-pp-consolida-o-seu-poder-local\/","og_locale":"gl_ES","og_type":"article","og_title":"De como o PP consolida o seu poder local -","og_description":"O reparto de fondos p\u00fablicos por parte das distintas administraci\u00f3ns est\u00e1 regulado por diversas disposici\u00f3ns legais [...]","og_url":"https:\/\/www.anovapeneira.gal\/index.php\/2026\/04\/22\/de-como-o-pp-consolida-o-seu-poder-local\/","article_publisher":"https:\/\/www.facebook.com\/anovapeneira","article_published_time":"2026-04-22T10:00:18+00:00","article_modified_time":"2026-04-23T07:38:06+00:00","og_image":[{"width":720,"height":432,"url":"https:\/\/www.anovapeneira.gal\/wp-content\/uploads\/2026\/04\/concello_neves.png","type":"image\/png"}],"author":"Tino Lago","twitter_card":"summary_large_image","twitter_creator":"@APeneira","twitter_site":"@APeneira","twitter_misc":{"Escrito por":"Tino Lago","Tempo de lectura":"3 minutos"},"schema":{"@context":"https:\/\/schema.org","@graph":[{"@type":"Article","@id":"https:\/\/www.anovapeneira.gal\/index.php\/2026\/04\/22\/de-como-o-pp-consolida-o-seu-poder-local\/#article","isPartOf":{"@id":"https:\/\/www.anovapeneira.gal\/index.php\/2026\/04\/22\/de-como-o-pp-consolida-o-seu-poder-local\/"},"author":{"name":"Tino Lago","@id":"https:\/\/www.anovapeneira.gal\/#\/schema\/person\/424dfe65e3070fd8a44d22d2c088762a"},"headline":"De como o PP consolida o seu poder local","datePublished":"2026-04-22T10:00:18+00:00","dateModified":"2026-04-23T07:38:06+00:00","mainEntityOfPage":{"@id":"https:\/\/www.anovapeneira.gal\/index.php\/2026\/04\/22\/de-como-o-pp-consolida-o-seu-poder-local\/"},"wordCount":1734,"commentCount":0,"publisher":{"@id":"https:\/\/www.anovapeneira.gal\/#organization"},"image":{"@id":"https:\/\/www.anovapeneira.gal\/index.php\/2026\/04\/22\/de-como-o-pp-consolida-o-seu-poder-local\/#primaryimage"},"thumbnailUrl":"https:\/\/www.anovapeneira.gal\/wp-content\/uploads\/2026\/04\/concello_neves.png","keywords":["Concello das Neves"],"articleSection":["Condado"],"inLanguage":"gl-ES","potentialAction":[{"@type":"CommentAction","name":"Comment","target":["https:\/\/www.anovapeneira.gal\/index.php\/2026\/04\/22\/de-como-o-pp-consolida-o-seu-poder-local\/#respond"]}]},{"@type":"WebPage","@id":"https:\/\/www.anovapeneira.gal\/index.php\/2026\/04\/22\/de-como-o-pp-consolida-o-seu-poder-local\/","url":"https:\/\/www.anovapeneira.gal\/index.php\/2026\/04\/22\/de-como-o-pp-consolida-o-seu-poder-local\/","name":"De como o PP consolida o seu poder local -","isPartOf":{"@id":"https:\/\/www.anovapeneira.gal\/#website"},"primaryImageOfPage":{"@id":"https:\/\/www.anovapeneira.gal\/index.php\/2026\/04\/22\/de-como-o-pp-consolida-o-seu-poder-local\/#primaryimage"},"image":{"@id":"https:\/\/www.anovapeneira.gal\/index.php\/2026\/04\/22\/de-como-o-pp-consolida-o-seu-poder-local\/#primaryimage"},"thumbnailUrl":"https:\/\/www.anovapeneira.gal\/wp-content\/uploads\/2026\/04\/concello_neves.png","datePublished":"2026-04-22T10:00:18+00:00","dateModified":"2026-04-23T07:38:06+00:00","breadcrumb":{"@id":"https:\/\/www.anovapeneira.gal\/index.php\/2026\/04\/22\/de-como-o-pp-consolida-o-seu-poder-local\/#breadcrumb"},"inLanguage":"gl-ES","potentialAction":[{"@type":"ReadAction","target":["https:\/\/www.anovapeneira.gal\/index.php\/2026\/04\/22\/de-como-o-pp-consolida-o-seu-poder-local\/"]}]},{"@type":"ImageObject","inLanguage":"gl-ES","@id":"https:\/\/www.anovapeneira.gal\/index.php\/2026\/04\/22\/de-como-o-pp-consolida-o-seu-poder-local\/#primaryimage","url":"https:\/\/www.anovapeneira.gal\/wp-content\/uploads\/2026\/04\/concello_neves.png","contentUrl":"https:\/\/www.anovapeneira.gal\/wp-content\/uploads\/2026\/04\/concello_neves.png","width":720,"height":432},{"@type":"BreadcrumbList","@id":"https:\/\/www.anovapeneira.gal\/index.php\/2026\/04\/22\/de-como-o-pp-consolida-o-seu-poder-local\/#breadcrumb","itemListElement":[{"@type":"ListItem","position":1,"name":"Portada","item":"https:\/\/www.anovapeneira.gal\/"},{"@type":"ListItem","position":2,"name":"De como o PP consolida o seu poder local"}]},{"@type":"WebSite","@id":"https:\/\/www.anovapeneira.gal\/#website","url":"https:\/\/www.anovapeneira.gal\/","name":"","description":"Xornal galego de informaci\u00f3n xeral Publicaci\u00f3n mensual de novas de Galicia e en especial dos Concellos da sur da provincia de Pontevedra.","publisher":{"@id":"https:\/\/www.anovapeneira.gal\/#organization"},"potentialAction":[{"@type":"SearchAction","target":{"@type":"EntryPoint","urlTemplate":"https:\/\/www.anovapeneira.gal\/?s={search_term_string}"},"query-input":{"@type":"PropertyValueSpecification","valueRequired":true,"valueName":"search_term_string"}}],"inLanguage":"gl-ES"},{"@type":"Organization","@id":"https:\/\/www.anovapeneira.gal\/#organization","name":"A Nova Peneira","url":"https:\/\/www.anovapeneira.gal\/","logo":{"@type":"ImageObject","inLanguage":"gl-ES","@id":"https:\/\/www.anovapeneira.gal\/#\/schema\/logo\/image\/","url":"http:\/\/www.anovapeneira.gal\/wp-content\/uploads\/2019\/06\/logo_a_nova_peneira_portal_web.png","contentUrl":"http:\/\/www.anovapeneira.gal\/wp-content\/uploads\/2019\/06\/logo_a_nova_peneira_portal_web.png","width":300,"height":100,"caption":"A Nova Peneira"},"image":{"@id":"https:\/\/www.anovapeneira.gal\/#\/schema\/logo\/image\/"},"sameAs":["https:\/\/www.facebook.com\/anovapeneira","https:\/\/x.com\/APeneira"]},{"@type":"Person","@id":"https:\/\/www.anovapeneira.gal\/#\/schema\/person\/424dfe65e3070fd8a44d22d2c088762a","name":"Tino Lago","image":{"@type":"ImageObject","inLanguage":"gl-ES","@id":"https:\/\/secure.gravatar.com\/avatar\/b3df6a06e44bab3111583b90f0f33a0379ee5e3d22cbadd232d39f21c30c62be?s=96&d=mm&r=g","url":"https:\/\/secure.gravatar.com\/avatar\/b3df6a06e44bab3111583b90f0f33a0379ee5e3d22cbadd232d39f21c30c62be?s=96&d=mm&r=g","contentUrl":"https:\/\/secure.gravatar.com\/avatar\/b3df6a06e44bab3111583b90f0f33a0379ee5e3d22cbadd232d39f21c30c62be?s=96&d=mm&r=g","caption":"Tino Lago"},"sameAs":["http:\/\/www.anovapeneira.gal"],"url":"https:\/\/www.anovapeneira.gal\/index.php\/author\/director\/"}]}},"jetpack_featured_media_url":"https:\/\/www.anovapeneira.gal\/wp-content\/uploads\/2026\/04\/concello_neves.png","_links":{"self":[{"href":"https:\/\/www.anovapeneira.gal\/index.php\/wp-json\/wp\/v2\/posts\/15696","targetHints":{"allow":["GET"]}}],"collection":[{"href":"https:\/\/www.anovapeneira.gal\/index.php\/wp-json\/wp\/v2\/posts"}],"about":[{"href":"https:\/\/www.anovapeneira.gal\/index.php\/wp-json\/wp\/v2\/types\/post"}],"author":[{"embeddable":true,"href":"https:\/\/www.anovapeneira.gal\/index.php\/wp-json\/wp\/v2\/users\/2"}],"replies":[{"embeddable":true,"href":"https:\/\/www.anovapeneira.gal\/index.php\/wp-json\/wp\/v2\/comments?post=15696"}],"version-history":[{"count":4,"href":"https:\/\/www.anovapeneira.gal\/index.php\/wp-json\/wp\/v2\/posts\/15696\/revisions"}],"predecessor-version":[{"id":15713,"href":"https:\/\/www.anovapeneira.gal\/index.php\/wp-json\/wp\/v2\/posts\/15696\/revisions\/15713"}],"wp:featuredmedia":[{"embeddable":true,"href":"https:\/\/www.anovapeneira.gal\/index.php\/wp-json\/wp\/v2\/media\/15697"}],"wp:attachment":[{"href":"https:\/\/www.anovapeneira.gal\/index.php\/wp-json\/wp\/v2\/media?parent=15696"}],"wp:term":[{"taxonomy":"category","embeddable":true,"href":"https:\/\/www.anovapeneira.gal\/index.php\/wp-json\/wp\/v2\/categories?post=15696"},{"taxonomy":"post_tag","embeddable":true,"href":"https:\/\/www.anovapeneira.gal\/index.php\/wp-json\/wp\/v2\/tags?post=15696"}],"curies":[{"name":"wp","href":"https:\/\/api.w.org\/{rel}","templated":true}]}}