{"id":15701,"date":"2026-04-23T10:00:34","date_gmt":"2026-04-23T08:00:34","guid":{"rendered":"https:\/\/www.anovapeneira.gal\/?p=15701"},"modified":"2026-04-20T11:39:57","modified_gmt":"2026-04-20T09:39:57","slug":"o-mundialito-da-xunqueira-historia-viva-de-redondela","status":"publish","type":"post","link":"https:\/\/www.anovapeneira.gal\/index.php\/2026\/04\/23\/o-mundialito-da-xunqueira-historia-viva-de-redondela\/","title":{"rendered":"O Mundialito da Xunqueira: Historia viva de Redondela"},"content":{"rendered":"\n<p><\/p>\n\n\n\n<p><strong>Hai algo m\u00e1is de 50 anos, inspirados no mundial de f\u00fatbol celebrado en Alema\u00f1a en 1974, un grupo de nenos decidiron organizar un torneo de \u201cfutbito\u201d que se disputar\u00eda nas pistas da Xunqueira e que se denominou\u201d Mundialito\u201d. Hoxe, m\u00e1is de medio s\u00e9culo despois, ese torneo converteuse nun dos importantes sinais de identidade do ver\u00e1n de Redondela. O n\u00famero de equipos foi crecendo paulatinamente: De 4 a 6, a 10 e logo ao pouco tempo xa eran 30.<\/strong><\/p>\n\n\n\n<p><strong>Milleiros de mozos da vila e doutras localidades pasamos algunha vez polas s\u00faas pistas, e A Nova Peneira non pod\u00eda deixar de conversar con alg\u00fan dos seus organizadores .O tempo pasa para todos e os que daquela eran nenos hoxe xa peitean canas. Falamos con:<\/strong><\/p>\n\n\n\n<p><strong>Susi, Gerardo Picho, Caloi, Miguel<\/strong><\/p>\n\n\n\n<p>\u201c<strong>Na historia do noso torneo forx\u00e1ronse amizades moi s\u00f3lidas entre os participantes\u201d<\/strong><\/p>\n\n\n\n<p><strong>Sodes os 5 fundadores do noso mundial da Xunqueira ?<\/strong><\/p>\n\n\n\n<blockquote class=\"wp-block-quote is-layout-flow wp-block-quote-is-layout-flow\">\n<p>Somos alg\u00fans deles. Hab\u00edan m\u00e1is persoas:, Avelino, Javier\u00edn, Perote..<\/p>\n<\/blockquote>\n\n\n\n<p><strong>O torneo sempre se fixo na Xunqueira?<\/strong><\/p>\n\n\n\n<blockquote class=\"wp-block-quote is-layout-flow wp-block-quote-is-layout-flow\">\n<p>Si, sempre. E celebrouse ininterrompidamente ag\u00e1s dous anos nos que non se puido facer.<\/p>\n<\/blockquote>\n\n\n\n<p><strong>O Torneo naceu en 1974.Como xorde a idea?<\/strong><\/p>\n\n\n\n<blockquote class=\"wp-block-quote is-layout-flow wp-block-quote-is-layout-flow\">\n<p>A ra\u00edz do mundial de Alema\u00f1a de 1974..Varios nenos comezamos a argallar a idea de facer un torneo que ilusionase \u00e1 veci\u00f1anza de Redondela. E as\u00ed, un pouco como sen querer , comezamos con esta marabillosa aventura que se iniciou cunha conversa na antiga churrer\u00eda de Pepe. De feito os equipos ti\u00f1an os nomes dos do mundial de Alema\u00f1a.<\/p>\n<\/blockquote>\n\n\n\n<p><strong>Ben, que ilusionase seguro que si..pero tam\u00e9n hab\u00eda cousas que cabreaban un pouco aos que perd\u00edan os partidos, creo eu<\/strong><\/p>\n\n\n\n<blockquote class=\"wp-block-quote is-layout-flow wp-block-quote-is-layout-flow\">\n<p>Ha, ha, ha, ha&#8230;Pois si, durante un tempo os equipos que perd\u00edan estaban obrigados a pagar 5 pesetas.<\/p>\n<\/blockquote>\n\n\n\n<p><strong>5 pesetas por equipo?<\/strong><\/p>\n\n\n\n<blockquote class=\"wp-block-quote is-layout-flow wp-block-quote-is-layout-flow\">\n<p>Non ohh, 5 pesestas por xogador<\/p>\n<\/blockquote>\n\n\n\n<p><strong>Iso \u00e9 moi interesante. Algunha an\u00e9cdota divertida da que vos lembredes?<\/strong><\/p>\n\n\n\n<blockquote class=\"wp-block-quote is-layout-flow wp-block-quote-is-layout-flow\">\n<p>Canto estabamos a buscar patrocinios publicitarios: Unha vez un negocio de Redondela, que xa non existe, patrocinounos cunha bombilla.<\/p>\n<\/blockquote>\n\n\n\n<p><strong>Unha bombilla, ha, ha ha ha&#8230;En serio?<\/strong><\/p>\n\n\n\n<blockquote class=\"wp-block-quote is-layout-flow wp-block-quote-is-layout-flow\">\n<p>E tan en serio. Incluso nos mandaron asinar un recib\u00edn.<\/p>\n<\/blockquote>\n\n\n\n<p><strong>Que era o peor de xogar na Xunqueira naqueles tempos?<\/strong><\/p>\n\n\n\n<blockquote class=\"wp-block-quote is-layout-flow wp-block-quote-is-layout-flow\">\n<p>Cando ca\u00eda o bal\u00f3n ao r\u00edo e hab\u00eda que meterse dentro para ilo buscar.<\/p>\n<\/blockquote>\n\n\n\n<p><strong>Os primeiros anos a organizaci\u00f3n era igual \u00e1 actual?<\/strong><\/p>\n\n\n\n<blockquote class=\"wp-block-quote is-layout-flow wp-block-quote-is-layout-flow\">\n<p>Non, era diferente. Naqueles tempos anot\u00e1banse os xogadores que estaban interesados en xogar, e logo en funci\u00f3n do n\u00famero de xogadores anotados \u00edanse formando os equipos.<\/p>\n<\/blockquote>\n\n\n\n<p><strong>E dos marat\u00f3ns que nos dicides?<\/strong><\/p>\n\n\n\n<blockquote class=\"wp-block-quote is-layout-flow wp-block-quote-is-layout-flow\">\n<p>H\u00f3uboos incluso de 72 horas&#8230; foi algo que tam\u00e9n ideamos n\u00f3s. Non ti\u00f1an outro obxecto que a mocidade tivera unha alternativa sa para o lecer e que puidese gozar do f\u00fatbol. De feito polo que n\u00f3s sabemos s\u00f3 unha vez houbera un marat\u00f3n de 67 horas de f\u00fatbol en Sevilla. O noso marat\u00f3n de 72 horas pensamos que nunca se igualou.<\/p>\n<\/blockquote>\n\n\n\n<p><strong>Cando comezaron os patrocinios das casas comerciais aos equipos?<\/strong><\/p>\n\n\n\n<blockquote class=\"wp-block-quote is-layout-flow wp-block-quote-is-layout-flow\">\n<p>No terceiro ano. Os primeiros anos cada xogador procuraba o seu material como puidera.<\/p>\n<\/blockquote>\n\n\n\n<p><strong>Hab\u00eda trofeos para os equipos ga\u00f1adores?<\/strong><\/p>\n\n\n\n<blockquote class=\"wp-block-quote is-layout-flow wp-block-quote-is-layout-flow\">\n<p>Si, hab\u00eda varios: Para os mellores equipos, para os m\u00e1ximos goleadores e os menos goleados&#8230; D\u00e1banos as casas comerciais.<\/p>\n<\/blockquote>\n\n\n\n<p><strong>Cal foi o n\u00famero m\u00e1ximo de equipos que chegaron a participar?<\/strong><\/p>\n\n\n\n<blockquote class=\"wp-block-quote is-layout-flow wp-block-quote-is-layout-flow\">\n<p>Chegaron a ser 40 equipos. Hab\u00eda d\u00edas de xogar case a todas horas&#8230;.pod\u00eda durar 5 semanas o torneo.<\/p>\n<\/blockquote>\n\n\n\n<p><strong>E cando se montaba alg\u00fan equipo que ti\u00f1a xogadores que compet\u00edan no Choco, no Arcade, no Cesantes ..non hab\u00eda problemas?<\/strong><\/p>\n\n\n\n<blockquote class=\"wp-block-quote is-layout-flow wp-block-quote-is-layout-flow\">\n<p>E tanto que hab\u00eda problemas. Sobre todo cando eses equipos comezaban os adestramentos..pois en ocasi\u00f3ns deixaban colgados a alg\u00fan dos que compet\u00edan no noso torneo e non lles quedaba outra que buscar alg\u00fans amigos para completar a ali\u00f1aci\u00f3n. \u00c1s veces no quedaba m\u00e1is remedio que enganchar ao que pasara por a\u00ed de casualidade para que se animara a xogar.<\/p>\n<\/blockquote>\n\n\n\n<p><strong>Cales son as diferenzas m\u00e1is significativas entre aqueles campionatos e os que se xogan na actualidade?<\/strong><\/p>\n\n\n\n<blockquote class=\"wp-block-quote is-layout-flow wp-block-quote-is-layout-flow\">\n<p>Antes os equipos estaban m\u00e1is mesturados. Pod\u00eda xogar nun mesmo equipo xente de Cesantes de Reboreda ou de Chapela. Ao facelo as\u00ed a agresividade era menor. Logo cando os equipos se comezaron a agrupar por zonas xa se complicou a cousa. Todo o mundo se sent\u00eda agraviado e \u00e1s veces exist\u00eda moita agresividade contra os \u00e1rbitros. Por outra parte creo que co paso do tempo o campionato perdeu a esencia que ti\u00f1a ao principio, algo que era diferente a calquera outra cousa que houbese en calquera parte.<\/p>\n<\/blockquote>\n\n\n\n<p><strong>Hab\u00eda xogadores especialmente agresivos?<\/strong><\/p>\n\n\n\n<blockquote class=\"wp-block-quote is-layout-flow wp-block-quote-is-layout-flow\">\n<p>Alg\u00fan, alg\u00fan si que hab\u00eda. Recordo a un que para evitar esa agresividade o xubilamos e o puxemos a arbitrar partidos. Se se xogaban media ducia de partidos seguidos pu\u00f1\u00e1molo a arbitrar todos, un detr\u00e1s de outro.<\/p>\n<\/blockquote>\n\n\n\n<p><strong>Algunha cousa especialmente bonita coa que vos quededes?<\/strong><\/p>\n\n\n\n<blockquote class=\"wp-block-quote is-layout-flow wp-block-quote-is-layout-flow\">\n<p>Na historia do noso torneo forx\u00e1ronse amizades moi s\u00f3lidas entre os participantes. Despois dos partidos iamos tomar os vi\u00f1os e pasab\u00e1molo moi ben.<\/p>\n<\/blockquote>\n\n\n\n<p><strong>Falando de pasalo ben quixer que mencionarades a \u00fanica vez que organizastes unha celebraci\u00f3n gastron\u00f3mica. Supo\u00f1o que vos lembrades quen a fixo, e estou seguro de que non podedes ter outra valoraci\u00f3n que dicir que foi unha comida excelente?<\/strong><\/p>\n\n\n\n<blockquote class=\"wp-block-quote is-layout-flow wp-block-quote-is-layout-flow\">\n<p>Ha, ha ha ha. Claro que nos lembramos, f\u00edxoa A Lareira, o restaurante que ti\u00f1an os teus pais naquel momento. E non \u00e9 porque esteas ti diante pero si, foi unha comida excelente.<\/p>\n<\/blockquote>\n\n\n\n<p><strong>Se puiderades volver a vista atr\u00e1s volveriades a montar o torneo de f\u00fatbol?<\/strong><\/p>\n\n\n\n<blockquote class=\"wp-block-quote is-layout-flow wp-block-quote-is-layout-flow\">\n<p>Si, absolutamente si.<\/p>\n<\/blockquote>\n","protected":false},"excerpt":{"rendered":"<div class=\"mh-excerpt\"><p>Hai algo m\u00e1is de 50 anos, inspirados no mundial de f\u00fatbol celebrado en Alema\u00f1a en 1974, un grupo de nenos decidiron organizar un torneo de \u201cfutbito\u201d que se disputar\u00eda nas pistas da Xunqueira e que <a class=\"mh-excerpt-more\" href=\"https:\/\/www.anovapeneira.gal\/index.php\/2026\/04\/23\/o-mundialito-da-xunqueira-historia-viva-de-redondela\/\" title=\"O Mundialito da Xunqueira: Historia viva de Redondela\">[&#8230;]<\/a><\/p>\n<\/div>","protected":false},"author":6,"featured_media":15702,"comment_status":"open","ping_status":"open","sticky":false,"template":"","format":"standard","meta":{"_exactmetrics_skip_tracking":false,"_exactmetrics_sitenote_active":false,"_exactmetrics_sitenote_note":"","_exactmetrics_sitenote_category":0,"footnotes":""},"categories":[270],"tags":[171],"class_list":{"0":"post-15701","1":"post","2":"type-post","3":"status-publish","4":"format-standard","5":"has-post-thumbnail","7":"category-redondela-entrevistas","8":"tag-concello-de-redondela"},"yoast_head":"<!-- This site is optimized with the Yoast SEO plugin v27.4 - https:\/\/yoast.com\/product\/yoast-seo-wordpress\/ -->\n<title>O Mundialito da Xunqueira: Historia viva de Redondela -<\/title>\n<meta name=\"robots\" content=\"index, follow, max-snippet:-1, max-image-preview:large, max-video-preview:-1\" \/>\n<link rel=\"canonical\" href=\"https:\/\/www.anovapeneira.gal\/index.php\/2026\/04\/23\/o-mundialito-da-xunqueira-historia-viva-de-redondela\/\" \/>\n<meta property=\"og:locale\" content=\"gl_ES\" \/>\n<meta property=\"og:type\" content=\"article\" \/>\n<meta property=\"og:title\" content=\"O Mundialito da Xunqueira: Historia viva de Redondela -\" \/>\n<meta property=\"og:description\" content=\"Hai algo m\u00e1is de 50 anos, inspirados no mundial de f\u00fatbol celebrado en Alema\u00f1a en 1974, un grupo de nenos decidiron organizar un torneo de \u201cfutbito\u201d que se disputar\u00eda nas pistas da Xunqueira e que [...]\" \/>\n<meta property=\"og:url\" content=\"https:\/\/www.anovapeneira.gal\/index.php\/2026\/04\/23\/o-mundialito-da-xunqueira-historia-viva-de-redondela\/\" \/>\n<meta property=\"article:publisher\" content=\"https:\/\/www.facebook.com\/anovapeneira\" \/>\n<meta property=\"article:published_time\" content=\"2026-04-23T08:00:34+00:00\" \/>\n<meta property=\"og:image\" content=\"https:\/\/www.anovapeneira.gal\/wp-content\/uploads\/2026\/04\/futbito_redondela.png\" \/>\n\t<meta property=\"og:image:width\" content=\"720\" \/>\n\t<meta property=\"og:image:height\" content=\"432\" \/>\n\t<meta property=\"og:image:type\" content=\"image\/png\" \/>\n<meta name=\"author\" content=\"Marcos Santos\" \/>\n<meta name=\"twitter:card\" content=\"summary_large_image\" \/>\n<meta name=\"twitter:creator\" content=\"@APeneira\" \/>\n<meta name=\"twitter:site\" content=\"@APeneira\" \/>\n<meta name=\"twitter:label1\" content=\"Escrito por\" \/>\n\t<meta name=\"twitter:data1\" content=\"Marcos Santos\" \/>\n\t<meta name=\"twitter:label2\" content=\"Tempo de lectura\" \/>\n\t<meta name=\"twitter:data2\" content=\"3 minutos\" \/>\n<script type=\"application\/ld+json\" class=\"yoast-schema-graph\">{\"@context\":\"https:\\\/\\\/schema.org\",\"@graph\":[{\"@type\":\"Article\",\"@id\":\"https:\\\/\\\/www.anovapeneira.gal\\\/index.php\\\/2026\\\/04\\\/23\\\/o-mundialito-da-xunqueira-historia-viva-de-redondela\\\/#article\",\"isPartOf\":{\"@id\":\"https:\\\/\\\/www.anovapeneira.gal\\\/index.php\\\/2026\\\/04\\\/23\\\/o-mundialito-da-xunqueira-historia-viva-de-redondela\\\/\"},\"author\":{\"name\":\"Marcos Santos\",\"@id\":\"https:\\\/\\\/www.anovapeneira.gal\\\/#\\\/schema\\\/person\\\/d9d84823564720e7593293bab054e52d\"},\"headline\":\"O Mundialito da Xunqueira: Historia viva de Redondela\",\"datePublished\":\"2026-04-23T08:00:34+00:00\",\"mainEntityOfPage\":{\"@id\":\"https:\\\/\\\/www.anovapeneira.gal\\\/index.php\\\/2026\\\/04\\\/23\\\/o-mundialito-da-xunqueira-historia-viva-de-redondela\\\/\"},\"wordCount\":973,\"commentCount\":0,\"publisher\":{\"@id\":\"https:\\\/\\\/www.anovapeneira.gal\\\/#organization\"},\"image\":{\"@id\":\"https:\\\/\\\/www.anovapeneira.gal\\\/index.php\\\/2026\\\/04\\\/23\\\/o-mundialito-da-xunqueira-historia-viva-de-redondela\\\/#primaryimage\"},\"thumbnailUrl\":\"https:\\\/\\\/www.anovapeneira.gal\\\/wp-content\\\/uploads\\\/2026\\\/04\\\/futbito_redondela.png\",\"keywords\":[\"Concello de Redondela\"],\"articleSection\":[\"Redondela\"],\"inLanguage\":\"gl-ES\",\"potentialAction\":[{\"@type\":\"CommentAction\",\"name\":\"Comment\",\"target\":[\"https:\\\/\\\/www.anovapeneira.gal\\\/index.php\\\/2026\\\/04\\\/23\\\/o-mundialito-da-xunqueira-historia-viva-de-redondela\\\/#respond\"]}]},{\"@type\":\"WebPage\",\"@id\":\"https:\\\/\\\/www.anovapeneira.gal\\\/index.php\\\/2026\\\/04\\\/23\\\/o-mundialito-da-xunqueira-historia-viva-de-redondela\\\/\",\"url\":\"https:\\\/\\\/www.anovapeneira.gal\\\/index.php\\\/2026\\\/04\\\/23\\\/o-mundialito-da-xunqueira-historia-viva-de-redondela\\\/\",\"name\":\"O Mundialito da Xunqueira: Historia viva de Redondela -\",\"isPartOf\":{\"@id\":\"https:\\\/\\\/www.anovapeneira.gal\\\/#website\"},\"primaryImageOfPage\":{\"@id\":\"https:\\\/\\\/www.anovapeneira.gal\\\/index.php\\\/2026\\\/04\\\/23\\\/o-mundialito-da-xunqueira-historia-viva-de-redondela\\\/#primaryimage\"},\"image\":{\"@id\":\"https:\\\/\\\/www.anovapeneira.gal\\\/index.php\\\/2026\\\/04\\\/23\\\/o-mundialito-da-xunqueira-historia-viva-de-redondela\\\/#primaryimage\"},\"thumbnailUrl\":\"https:\\\/\\\/www.anovapeneira.gal\\\/wp-content\\\/uploads\\\/2026\\\/04\\\/futbito_redondela.png\",\"datePublished\":\"2026-04-23T08:00:34+00:00\",\"breadcrumb\":{\"@id\":\"https:\\\/\\\/www.anovapeneira.gal\\\/index.php\\\/2026\\\/04\\\/23\\\/o-mundialito-da-xunqueira-historia-viva-de-redondela\\\/#breadcrumb\"},\"inLanguage\":\"gl-ES\",\"potentialAction\":[{\"@type\":\"ReadAction\",\"target\":[\"https:\\\/\\\/www.anovapeneira.gal\\\/index.php\\\/2026\\\/04\\\/23\\\/o-mundialito-da-xunqueira-historia-viva-de-redondela\\\/\"]}]},{\"@type\":\"ImageObject\",\"inLanguage\":\"gl-ES\",\"@id\":\"https:\\\/\\\/www.anovapeneira.gal\\\/index.php\\\/2026\\\/04\\\/23\\\/o-mundialito-da-xunqueira-historia-viva-de-redondela\\\/#primaryimage\",\"url\":\"https:\\\/\\\/www.anovapeneira.gal\\\/wp-content\\\/uploads\\\/2026\\\/04\\\/futbito_redondela.png\",\"contentUrl\":\"https:\\\/\\\/www.anovapeneira.gal\\\/wp-content\\\/uploads\\\/2026\\\/04\\\/futbito_redondela.png\",\"width\":720,\"height\":432},{\"@type\":\"BreadcrumbList\",\"@id\":\"https:\\\/\\\/www.anovapeneira.gal\\\/index.php\\\/2026\\\/04\\\/23\\\/o-mundialito-da-xunqueira-historia-viva-de-redondela\\\/#breadcrumb\",\"itemListElement\":[{\"@type\":\"ListItem\",\"position\":1,\"name\":\"Portada\",\"item\":\"https:\\\/\\\/www.anovapeneira.gal\\\/\"},{\"@type\":\"ListItem\",\"position\":2,\"name\":\"O Mundialito da Xunqueira: Historia viva de Redondela\"}]},{\"@type\":\"WebSite\",\"@id\":\"https:\\\/\\\/www.anovapeneira.gal\\\/#website\",\"url\":\"https:\\\/\\\/www.anovapeneira.gal\\\/\",\"name\":\"\",\"description\":\"Xornal galego de informaci\u00f3n xeral Publicaci\u00f3n mensual de novas de Galicia e en especial dos Concellos da sur da provincia de Pontevedra.\",\"publisher\":{\"@id\":\"https:\\\/\\\/www.anovapeneira.gal\\\/#organization\"},\"potentialAction\":[{\"@type\":\"SearchAction\",\"target\":{\"@type\":\"EntryPoint\",\"urlTemplate\":\"https:\\\/\\\/www.anovapeneira.gal\\\/?s={search_term_string}\"},\"query-input\":{\"@type\":\"PropertyValueSpecification\",\"valueRequired\":true,\"valueName\":\"search_term_string\"}}],\"inLanguage\":\"gl-ES\"},{\"@type\":\"Organization\",\"@id\":\"https:\\\/\\\/www.anovapeneira.gal\\\/#organization\",\"name\":\"A Nova Peneira\",\"url\":\"https:\\\/\\\/www.anovapeneira.gal\\\/\",\"logo\":{\"@type\":\"ImageObject\",\"inLanguage\":\"gl-ES\",\"@id\":\"https:\\\/\\\/www.anovapeneira.gal\\\/#\\\/schema\\\/logo\\\/image\\\/\",\"url\":\"http:\\\/\\\/www.anovapeneira.gal\\\/wp-content\\\/uploads\\\/2019\\\/06\\\/logo_a_nova_peneira_portal_web.png\",\"contentUrl\":\"http:\\\/\\\/www.anovapeneira.gal\\\/wp-content\\\/uploads\\\/2019\\\/06\\\/logo_a_nova_peneira_portal_web.png\",\"width\":300,\"height\":100,\"caption\":\"A Nova Peneira\"},\"image\":{\"@id\":\"https:\\\/\\\/www.anovapeneira.gal\\\/#\\\/schema\\\/logo\\\/image\\\/\"},\"sameAs\":[\"https:\\\/\\\/www.facebook.com\\\/anovapeneira\",\"https:\\\/\\\/x.com\\\/APeneira\"]},{\"@type\":\"Person\",\"@id\":\"https:\\\/\\\/www.anovapeneira.gal\\\/#\\\/schema\\\/person\\\/d9d84823564720e7593293bab054e52d\",\"name\":\"Marcos Santos\",\"image\":{\"@type\":\"ImageObject\",\"inLanguage\":\"gl-ES\",\"@id\":\"https:\\\/\\\/secure.gravatar.com\\\/avatar\\\/0e8017099a7a47c0a9d2275e865fe326484561eb3d70649069e4b8e61a8d2e8c?s=96&d=mm&r=g\",\"url\":\"https:\\\/\\\/secure.gravatar.com\\\/avatar\\\/0e8017099a7a47c0a9d2275e865fe326484561eb3d70649069e4b8e61a8d2e8c?s=96&d=mm&r=g\",\"contentUrl\":\"https:\\\/\\\/secure.gravatar.com\\\/avatar\\\/0e8017099a7a47c0a9d2275e865fe326484561eb3d70649069e4b8e61a8d2e8c?s=96&d=mm&r=g\",\"caption\":\"Marcos Santos\"},\"sameAs\":[\"http:\\\/\\\/anovapeneira.gal\"],\"url\":\"https:\\\/\\\/www.anovapeneira.gal\\\/index.php\\\/author\\\/marcos-santos\\\/\"}]}<\/script>\n<!-- \/ Yoast SEO plugin. -->","yoast_head_json":{"title":"O Mundialito da Xunqueira: Historia viva de Redondela -","robots":{"index":"index","follow":"follow","max-snippet":"max-snippet:-1","max-image-preview":"max-image-preview:large","max-video-preview":"max-video-preview:-1"},"canonical":"https:\/\/www.anovapeneira.gal\/index.php\/2026\/04\/23\/o-mundialito-da-xunqueira-historia-viva-de-redondela\/","og_locale":"gl_ES","og_type":"article","og_title":"O Mundialito da Xunqueira: Historia viva de Redondela -","og_description":"Hai algo m\u00e1is de 50 anos, inspirados no mundial de f\u00fatbol celebrado en Alema\u00f1a en 1974, un grupo de nenos decidiron organizar un torneo de \u201cfutbito\u201d que se disputar\u00eda nas pistas da Xunqueira e que [...]","og_url":"https:\/\/www.anovapeneira.gal\/index.php\/2026\/04\/23\/o-mundialito-da-xunqueira-historia-viva-de-redondela\/","article_publisher":"https:\/\/www.facebook.com\/anovapeneira","article_published_time":"2026-04-23T08:00:34+00:00","og_image":[{"width":720,"height":432,"url":"https:\/\/www.anovapeneira.gal\/wp-content\/uploads\/2026\/04\/futbito_redondela.png","type":"image\/png"}],"author":"Marcos Santos","twitter_card":"summary_large_image","twitter_creator":"@APeneira","twitter_site":"@APeneira","twitter_misc":{"Escrito por":"Marcos Santos","Tempo de lectura":"3 minutos"},"schema":{"@context":"https:\/\/schema.org","@graph":[{"@type":"Article","@id":"https:\/\/www.anovapeneira.gal\/index.php\/2026\/04\/23\/o-mundialito-da-xunqueira-historia-viva-de-redondela\/#article","isPartOf":{"@id":"https:\/\/www.anovapeneira.gal\/index.php\/2026\/04\/23\/o-mundialito-da-xunqueira-historia-viva-de-redondela\/"},"author":{"name":"Marcos Santos","@id":"https:\/\/www.anovapeneira.gal\/#\/schema\/person\/d9d84823564720e7593293bab054e52d"},"headline":"O Mundialito da Xunqueira: Historia viva de Redondela","datePublished":"2026-04-23T08:00:34+00:00","mainEntityOfPage":{"@id":"https:\/\/www.anovapeneira.gal\/index.php\/2026\/04\/23\/o-mundialito-da-xunqueira-historia-viva-de-redondela\/"},"wordCount":973,"commentCount":0,"publisher":{"@id":"https:\/\/www.anovapeneira.gal\/#organization"},"image":{"@id":"https:\/\/www.anovapeneira.gal\/index.php\/2026\/04\/23\/o-mundialito-da-xunqueira-historia-viva-de-redondela\/#primaryimage"},"thumbnailUrl":"https:\/\/www.anovapeneira.gal\/wp-content\/uploads\/2026\/04\/futbito_redondela.png","keywords":["Concello de Redondela"],"articleSection":["Redondela"],"inLanguage":"gl-ES","potentialAction":[{"@type":"CommentAction","name":"Comment","target":["https:\/\/www.anovapeneira.gal\/index.php\/2026\/04\/23\/o-mundialito-da-xunqueira-historia-viva-de-redondela\/#respond"]}]},{"@type":"WebPage","@id":"https:\/\/www.anovapeneira.gal\/index.php\/2026\/04\/23\/o-mundialito-da-xunqueira-historia-viva-de-redondela\/","url":"https:\/\/www.anovapeneira.gal\/index.php\/2026\/04\/23\/o-mundialito-da-xunqueira-historia-viva-de-redondela\/","name":"O Mundialito da Xunqueira: Historia viva de Redondela -","isPartOf":{"@id":"https:\/\/www.anovapeneira.gal\/#website"},"primaryImageOfPage":{"@id":"https:\/\/www.anovapeneira.gal\/index.php\/2026\/04\/23\/o-mundialito-da-xunqueira-historia-viva-de-redondela\/#primaryimage"},"image":{"@id":"https:\/\/www.anovapeneira.gal\/index.php\/2026\/04\/23\/o-mundialito-da-xunqueira-historia-viva-de-redondela\/#primaryimage"},"thumbnailUrl":"https:\/\/www.anovapeneira.gal\/wp-content\/uploads\/2026\/04\/futbito_redondela.png","datePublished":"2026-04-23T08:00:34+00:00","breadcrumb":{"@id":"https:\/\/www.anovapeneira.gal\/index.php\/2026\/04\/23\/o-mundialito-da-xunqueira-historia-viva-de-redondela\/#breadcrumb"},"inLanguage":"gl-ES","potentialAction":[{"@type":"ReadAction","target":["https:\/\/www.anovapeneira.gal\/index.php\/2026\/04\/23\/o-mundialito-da-xunqueira-historia-viva-de-redondela\/"]}]},{"@type":"ImageObject","inLanguage":"gl-ES","@id":"https:\/\/www.anovapeneira.gal\/index.php\/2026\/04\/23\/o-mundialito-da-xunqueira-historia-viva-de-redondela\/#primaryimage","url":"https:\/\/www.anovapeneira.gal\/wp-content\/uploads\/2026\/04\/futbito_redondela.png","contentUrl":"https:\/\/www.anovapeneira.gal\/wp-content\/uploads\/2026\/04\/futbito_redondela.png","width":720,"height":432},{"@type":"BreadcrumbList","@id":"https:\/\/www.anovapeneira.gal\/index.php\/2026\/04\/23\/o-mundialito-da-xunqueira-historia-viva-de-redondela\/#breadcrumb","itemListElement":[{"@type":"ListItem","position":1,"name":"Portada","item":"https:\/\/www.anovapeneira.gal\/"},{"@type":"ListItem","position":2,"name":"O Mundialito da Xunqueira: Historia viva de Redondela"}]},{"@type":"WebSite","@id":"https:\/\/www.anovapeneira.gal\/#website","url":"https:\/\/www.anovapeneira.gal\/","name":"","description":"Xornal galego de informaci\u00f3n xeral Publicaci\u00f3n mensual de novas de Galicia e en especial dos Concellos da sur da provincia de Pontevedra.","publisher":{"@id":"https:\/\/www.anovapeneira.gal\/#organization"},"potentialAction":[{"@type":"SearchAction","target":{"@type":"EntryPoint","urlTemplate":"https:\/\/www.anovapeneira.gal\/?s={search_term_string}"},"query-input":{"@type":"PropertyValueSpecification","valueRequired":true,"valueName":"search_term_string"}}],"inLanguage":"gl-ES"},{"@type":"Organization","@id":"https:\/\/www.anovapeneira.gal\/#organization","name":"A Nova Peneira","url":"https:\/\/www.anovapeneira.gal\/","logo":{"@type":"ImageObject","inLanguage":"gl-ES","@id":"https:\/\/www.anovapeneira.gal\/#\/schema\/logo\/image\/","url":"http:\/\/www.anovapeneira.gal\/wp-content\/uploads\/2019\/06\/logo_a_nova_peneira_portal_web.png","contentUrl":"http:\/\/www.anovapeneira.gal\/wp-content\/uploads\/2019\/06\/logo_a_nova_peneira_portal_web.png","width":300,"height":100,"caption":"A Nova Peneira"},"image":{"@id":"https:\/\/www.anovapeneira.gal\/#\/schema\/logo\/image\/"},"sameAs":["https:\/\/www.facebook.com\/anovapeneira","https:\/\/x.com\/APeneira"]},{"@type":"Person","@id":"https:\/\/www.anovapeneira.gal\/#\/schema\/person\/d9d84823564720e7593293bab054e52d","name":"Marcos Santos","image":{"@type":"ImageObject","inLanguage":"gl-ES","@id":"https:\/\/secure.gravatar.com\/avatar\/0e8017099a7a47c0a9d2275e865fe326484561eb3d70649069e4b8e61a8d2e8c?s=96&d=mm&r=g","url":"https:\/\/secure.gravatar.com\/avatar\/0e8017099a7a47c0a9d2275e865fe326484561eb3d70649069e4b8e61a8d2e8c?s=96&d=mm&r=g","contentUrl":"https:\/\/secure.gravatar.com\/avatar\/0e8017099a7a47c0a9d2275e865fe326484561eb3d70649069e4b8e61a8d2e8c?s=96&d=mm&r=g","caption":"Marcos Santos"},"sameAs":["http:\/\/anovapeneira.gal"],"url":"https:\/\/www.anovapeneira.gal\/index.php\/author\/marcos-santos\/"}]}},"jetpack_featured_media_url":"https:\/\/www.anovapeneira.gal\/wp-content\/uploads\/2026\/04\/futbito_redondela.png","_links":{"self":[{"href":"https:\/\/www.anovapeneira.gal\/index.php\/wp-json\/wp\/v2\/posts\/15701","targetHints":{"allow":["GET"]}}],"collection":[{"href":"https:\/\/www.anovapeneira.gal\/index.php\/wp-json\/wp\/v2\/posts"}],"about":[{"href":"https:\/\/www.anovapeneira.gal\/index.php\/wp-json\/wp\/v2\/types\/post"}],"author":[{"embeddable":true,"href":"https:\/\/www.anovapeneira.gal\/index.php\/wp-json\/wp\/v2\/users\/6"}],"replies":[{"embeddable":true,"href":"https:\/\/www.anovapeneira.gal\/index.php\/wp-json\/wp\/v2\/comments?post=15701"}],"version-history":[{"count":1,"href":"https:\/\/www.anovapeneira.gal\/index.php\/wp-json\/wp\/v2\/posts\/15701\/revisions"}],"predecessor-version":[{"id":15703,"href":"https:\/\/www.anovapeneira.gal\/index.php\/wp-json\/wp\/v2\/posts\/15701\/revisions\/15703"}],"wp:featuredmedia":[{"embeddable":true,"href":"https:\/\/www.anovapeneira.gal\/index.php\/wp-json\/wp\/v2\/media\/15702"}],"wp:attachment":[{"href":"https:\/\/www.anovapeneira.gal\/index.php\/wp-json\/wp\/v2\/media?parent=15701"}],"wp:term":[{"taxonomy":"category","embeddable":true,"href":"https:\/\/www.anovapeneira.gal\/index.php\/wp-json\/wp\/v2\/categories?post=15701"},{"taxonomy":"post_tag","embeddable":true,"href":"https:\/\/www.anovapeneira.gal\/index.php\/wp-json\/wp\/v2\/tags?post=15701"}],"curies":[{"name":"wp","href":"https:\/\/api.w.org\/{rel}","templated":true}]}}