{"id":15705,"date":"2026-04-24T10:00:40","date_gmt":"2026-04-24T08:00:40","guid":{"rendered":"https:\/\/www.anovapeneira.gal\/?p=15705"},"modified":"2026-04-20T12:04:03","modified_gmt":"2026-04-20T10:04:03","slug":"debate-sobre-o-estado-da-nacion-galega-moito-mais-que-mala-propaganda","status":"publish","type":"post","link":"https:\/\/www.anovapeneira.gal\/index.php\/2026\/04\/24\/debate-sobre-o-estado-da-nacion-galega-moito-mais-que-mala-propaganda\/","title":{"rendered":"Debate sobre o estado da naci\u00f3n galega: moito m\u00e1is que mala propaganda"},"content":{"rendered":"\n<pre class=\"wp-block-verse\">Carme Santos<\/pre>\n\n\n\n<p><strong>Debate sobre o estado da naci\u00f3n galega: moito m\u00e1is que mala propaganda<\/strong><\/p>\n\n\n\n<p>Hai algo especialmente grave no \u00faltimo debate sobre o estado da naci\u00f3n protagonizado por Alfonso Rueda: <strong>non foi s\u00f3 propaganda<\/strong>. Foi a <strong>construci\u00f3n consciente dun relato que culpabiliza \u00e1 cidadan\u00eda mentres oculta deliberadamente a realidade.<\/strong><\/p>\n\n\n\n<p>Porque, das poucas cousas que me chegaron do seu relatorio e que captaron o meu interese, houbo algo que me deixou impactada: un dos eixos do discurso foi que en Galicia hai <strong>demasiadas baixas m\u00e9dicas,<\/strong> especialmente por ansiedade e problemas musculoesquel\u00e9ticos.<\/p>\n\n\n\n<p>E iso, ademais de falso, <strong>\u00e9 profundamente indecente.<\/strong><\/p>\n\n\n\n<p><strong>As baixas non son o problema. O problema \u00e9 quen paga a sa\u00fade<\/strong><\/p>\n\n\n\n<p>Se hai m\u00e1is baixas por sa\u00fade mental \u00e9 porque, por fin, hai m\u00e1is conciencia. Porque a xente xa non aguanta en silencio. Porque vivir as\u00ed pasa factura. Porque a tensi\u00f3n da precariedade e do abuso laboral xa \u00e9 algo que a moita xente non s\u00f3 lle resulta insoportable, sen\u00f3n que <strong>directamente a enferma<\/strong> \u2014e antes non hab\u00eda conciencia disto.<\/p>\n\n\n\n<p>O discurso oficial omite, de xeito totalmente intencionado, que a <strong>sa\u00fade mental en Galicia p\u00e1gase maioritariamente do peto das persoas<\/strong>. E isto, no mellor dos casos, porque a maior\u00eda segue sen poder pagala: ten que pagar vivenda, combustibles, electricidade e comida, e o soldo non d\u00e1 para m\u00e1is.<\/p>\n\n\n\n<p><strong>Psic\u00f3logos privados con tarifas elevadas,<\/strong> para quen sobrevive con gastos fixos altos e salarios baixos. <strong>Listas de espera no p\u00fablico que non responden \u00e1s necesidades reais. <\/strong>Un sistema ao que lle segue sa\u00edndo <strong>m\u00e1is barato medicalizar que tratar.<\/strong><\/p>\n\n\n\n<p><strong>Ansiol\u00edticos e antidepresivos como soluci\u00f3n estrutural.<\/strong><\/p>\n\n\n\n<p>E logo preg\u00fantanse polas baixas. Eu, no seu lugar, estar\u00eda pregunt\u00e1ndome con gran preocupaci\u00f3n <strong>que se est\u00e1 a facer mal en Galicia<\/strong> para ter un dos ratios m\u00e1is altos de baixas do Estado, e en que condici\u00f3ns est\u00e1 a nosa cidadan\u00eda; non afirmar\u00eda directamente que somos uns caraduras e que as baixas son fraudulentas.<\/p>\n\n\n\n<p><strong>A gran mentira das doenzas \u00abmenores\u00bb<\/strong><\/p>\n\n\n\n<p>O mesmo ocorre coas afecci\u00f3ns musculoesquel\u00e9ticas.<\/p>\n\n\n\n<p>Se fosen doenzas imaxinarias, algu\u00e9n deber\u00eda explicar por que en Galicia milleiros de persoas gastamos <strong>cantidades inxentes de di\u00f1eiro en fisioterapia, osteopat\u00eda e tratamentos af\u00edns<\/strong>. Case non co\u00f1ezo a ningu\u00e9n en idade activa que non se pague alg\u00fan tratamento deste tipo, e por suposto do seu peto. Igual \u00e9 outro vicio dunha poboaci\u00f3n que vive no clima m\u00e1is adverso do Estado para este tipo de patolox\u00edas. Igual \u00e9 que o se\u00f1or Rueda tampouco est\u00e1 ao tanto.<\/p>\n\n\n\n<p>Igual tampouco sabe que os profesionais do sector privado te\u00f1en as <strong>axendas completamente saturadas.<\/strong><\/p>\n\n\n\n<p>Igual tampouco sabe que as consultas de traumatolox\u00eda do Sergas acumulan <strong>listas de espera inhumanas: <\/strong>podes levar literalmente anos agardando a que te atendan ou operen, e rematas o dereito \u00e1 baixa sen estar recuperado.<\/p>\n\n\n\n<p><strong>Todas sabemos \u2014menos o se\u00f1or Rueda\u2014 cal \u00e9 a resposta: o sistema p\u00fablico non est\u00e1 chegando.<\/strong><\/p>\n\n\n\n<p>E cando o sistema non chega, <strong>a xente paga.<\/strong><\/p>\n\n\n\n<p>E cando non pode pagar, <strong>aguanta<\/strong>.<\/p>\n\n\n\n<p>E cando non pode aguantar, <strong>cae<\/strong>.<\/p>\n\n\n\n<p>Pero o problema, ao parecer, son as baixas. E que a xente as inventa. Non que a xente est\u00e1 mal e non pode soportar o que antes se soportaba de xeito indigno.<\/p>\n\n\n\n<p><strong>Atenci\u00f3n primaria: vender o que xa est\u00e1 roto<\/strong><\/p>\n\n\n\n<p>Falar de l\u00edmites de 30 pacientes por m\u00e9dico nun contexto de colapso \u00e9, directamente, unha <strong>tomadura de pelo disfrazada de reforma.<\/strong><\/p>\n\n\n\n<p>En cidades como Vigo, conseguir cita en atenci\u00f3n primaria xa \u00e9 unha <strong>carreira de obst\u00e1culos<\/strong>. As axendas est\u00e1n pechadas durante semanas, os profesionais est\u00e1n saturados e os tempos de espera son disparatados.<\/p>\n\n\n\n<p>Dicir que isto vai mellorar a atenci\u00f3n \u00e9 <strong>simplemente falso.<\/strong><\/p>\n\n\n\n<p><strong>Non hai m\u00e1is m\u00e9dicos. Non hai m\u00e1is recursos. Non hai un cambio estrutural. Hai palabras.<\/strong><\/p>\n\n\n\n<p><strong>Vivenda: cando nin a protexida \u00e9 accesible<\/strong><\/p>\n\n\n\n<p>No \u00e1mbito da vivenda, o discurso foi igual de desolador.<\/p>\n\n\n\n<p>A Xunta presume de que vai constru\u00edr, despois de anos e anos de espera, milleiros de vivendas \u2014que <strong>non dan nin para empezar a cubrir a demanda real<\/strong>\u2014 e de ampliar o acceso elevando os l\u00edmites vinculados ao IPREM. <strong>Levan catro anos prometendo sen constru\u00edr nada.<\/strong><\/p>\n\n\n\n<p>En realidade, desde 2008 o pouco que se constru\u00edu foi anecd\u00f3tico. E lembr\u00e9monos de que levan desde o 2009 gobernando con maior\u00eda absoluta.<\/p>\n\n\n\n<p>Pero, \u00e1 parte de tomarnos o pelo, esa medida de subir o limiar do IPREM para as parellas cun fillo e \u00abampliar\u00bb o acceso \u00e1 vivenda protexida <strong>non \u00e9 unha medida social:<\/strong> \u00e9 a constataci\u00f3n de que, cos prezos actuais, nin as rendas medias da clase traballadora poderemos pagar a vivenda protexida, porque non nos chega o que ga\u00f1amos.<\/p>\n\n\n\n<p>E non s\u00f3 excl\u00fae \u00e1 mocidade: volve deixar atr\u00e1s a toda unha xeraci\u00f3n \u2014especialmente a partir dos 40\u2014 xa golpeada pola crise anterior. Nin a quen se separou da s\u00faa parella ou quedou s\u00f3 sen vivenda. <strong>Da situaci\u00f3n das mulleres con problemas de sa\u00fade, discapacidades ou persoas con fillos, mellor nin falar.<\/strong><\/p>\n\n\n\n<p>Porque esa \u00e9 a realidade: <strong>non chegamos.<\/strong><\/p>\n\n\n\n<p><strong>Non chega quen leva d\u00e9cadas traballando.<\/strong><\/p>\n\n\n\n<p><strong>Non chega quen viviu de alugueiro sen capacidade de aforro.<\/strong><\/p>\n\n\n\n<p><strong>Non chega quen est\u00e1 s\u00f3.<\/strong><\/p>\n\n\n\n<p>Pero disto, o se\u00f1or Rueda e os seus conselleiros tampouco est\u00e1n ao tanto, porque viven no <strong>olimpo dos privilexiados.<\/strong><\/p>\n\n\n\n<p>E mentres tanto, volven coas escusas e <strong>b\u00f3tannos a culpa<\/strong>: ins\u00edstese en que o problema \u00e9 que non aforramos o suficiente porque non queremos facer esforzos como fixo a xente maior. Pero om\u00edtese que <strong>os prezos est\u00e1n desorbitados,<\/strong> que comprar calquera \u00abzulo\u00bb custa dez veces m\u00e1is que o que lles custou aos nosos pais, e que necesitas polo menos <strong>70.000 euros para entrada, impostos e tr\u00e1mites. <\/strong>E despois, hipoteca ata os 80 anos.<\/p>\n\n\n\n<p>Unha omisi\u00f3n totalmente malintencionada que se alimenta coa propaganda do PP, que emprega unha TVG \u2014cada vez m\u00e1is decr\u00e9pita\u2014 como <strong>altofalante para adular \u00e1s persoas maiores e criminalizar os sectores m\u00e1is novos e cr\u00edticos,<\/strong> retroalimentando a mentira de que non se esforzan nin aforran.<\/p>\n\n\n\n<p><strong>Consumir, aforrar\u2026 e calar<\/strong><\/p>\n\n\n\n<p>O nivel de cinismo \u00e9 tal que xa non hai nin coherencia interna.<\/p>\n\n\n\n<p>P\u00eddesenos consumir para soster unha econom\u00eda baseada nos servizos e no turismo. Subvenci\u00f3nanse todo tipo de bonos desde a Xunta para que consumamos. E ao mesmo tempo, <strong>responsabil\u00edzasenos por non aforrar.<\/strong><\/p>\n\n\n\n<p>Nun contexto de prezos disparados: vivenda, electricidade, combustibles, alimentaci\u00f3n.<\/p>\n\n\n\n<p>Nun contexto no que en ningunha parte de Galicia hai transporte p\u00fablico suficiente. No que os prezos dos coches \u2014mesmo os de segunda man\u2014 est\u00e1n completamente disparados. No que <strong>non se cambian veh\u00edculos porque non se poden pagar.<\/strong> No que vivir nas cidades \u2014onde se atopan a maior parte dos traballos\u2014 \u00e9 cada vez m\u00e1is caro e inasumible polos prezos do alugueiro.<\/p>\n\n\n\n<p>Pero tam\u00e9n nos din que temos que cambiar de coche porque temos o parque m\u00f3bil m\u00e1is vello de Europa. Que prohibir\u00e1n os coches moi antigos para circular por moitas zonas pola emisi\u00f3n de gases. E, por suposto, se non podemos mercar outro coche e non temos como desprazarnos, <strong>a culpa tam\u00e9n \u00e9 nosa, por vividores.<\/strong><\/p>\n\n\n\n<p>En breve volveremos ao de que \u00abnon se pode vivir por riba das nosas posibilidades\u00bb, como na crise anterior. <strong>Porque a culpa, por suposto, \u00e9 nosa.<\/strong><\/p>\n\n\n\n<p>Pero, que se sup\u00f3n que hai que facer?<\/p>\n\n\n\n<p><strong>Deixar de consumir? Abandonar as cidades? Non sa\u00edr da casa salvo para traballar?<\/strong><\/p>\n\n\n\n<p>Perfecto. Fac\u00e9molo. As\u00ed colapsamos o seu marabilloso modelo econ\u00f3mico\u2026 e despois falamos.<\/p>\n\n\n\n<p><strong>O modelo funciona. Pero non para n\u00f3s<\/strong><\/p>\n\n\n\n<p>Aqu\u00ed non hai erro. <strong>Hai intenci\u00f3n.<\/strong><\/p>\n\n\n\n<p>O Partido Popular leva 17 anos gobernando Galicia con maior\u00eda absoluta, pero o m\u00e1is grave \u00e9 que o seu modelo <strong>se cuestiona pouco para o desgaste que arrastra e o desastre que representa.<\/strong><\/p>\n\n\n\n<p>Porque este modelo si funciona.<\/p>\n\n\n\n<p><strong>Funciona para quen pode vivir de rendas, de alugueiros, de investimento.<\/strong><\/p>\n\n\n\n<p><strong>Pero non funciona para quen vive dun salario medio.<\/strong><\/p>\n\n\n\n<p>Xa sexa como traballador por conta allea ou como aut\u00f3nomo en situaci\u00f3n de autoemprego, asumindo riscos sen apenas protecci\u00f3n.<\/p>\n\n\n\n<p><strong>O estado real da naci\u00f3n: resignaci\u00f3n<\/strong><\/p>\n\n\n\n<p>E as\u00ed chegamos ao punto m\u00e1is perigoso.<\/p>\n\n\n\n<p>En xeral, a xente xa non espera nada.<\/p>\n\n\n\n<p>Non porque non entenda o que pasa, sen\u00f3n porque <strong>o entende demasiado ben.<\/strong><\/p>\n\n\n\n<p>Entende que, se non ten vivenda a d\u00eda de hoxe, <strong>non vai poder acceder a ela.<\/strong><\/p>\n\n\n\n<p>Entende que ter\u00e1 que <strong>pagar a s\u00faa sa\u00fade.<\/strong><\/p>\n\n\n\n<p>Entende que o <strong>sistema non vai cambiar.<\/strong><\/p>\n\n\n\n<p>E ent\u00f3n adapta a s\u00faa vida a iso.<\/p>\n\n\n\n<p>Reduce expectativas. Axusta gastos. Perm\u00edtese pequenos respiros: un caf\u00e9, unha ca\u00f1a, un concerto ou unha escapada de vez en cando. E segue.<\/p>\n\n\n\n<p><strong>Non \u00e9 conformismo. \u00c9 supervivencia.<\/strong><\/p>\n\n\n\n<p>Tristemente, nun mundo cheo de conflitos, o \u00fanico consolo \u00e9 que aqu\u00ed, polo de agora, non caen bombas. Malia que Trump \u00e9 o seu modelo a seguir e o gu\u00eda espiritual da dereita espa\u00f1ola e galega.<\/p>\n\n\n\n<p>Ese \u00e9 o horizonte que se nos ofrece.<\/p>\n\n\n\n<p>Por iso, o debate do \u201cestado da naci\u00f3n\u201d <strong>non foi s\u00f3 un exercicio de propaganda.<\/strong><\/p>\n\n\n\n<p>Foi unha <strong>falta de respecto.<\/strong><\/p>\n\n\n\n<p>E, sobre todo, foi unha mensaxe clara: <strong>non pensan cambiar nada.<\/strong><\/p>\n\n\n\n<p>Porque as\u00ed, tal e como est\u00e1, <strong>hai quen vive moi ben.<\/strong><\/p>\n\n\n\n<p>E <strong>non somos a maior\u00eda de n\u00f3s.<\/strong><\/p>\n","protected":false},"excerpt":{"rendered":"<div class=\"mh-excerpt\"><p>Hai algo especialmente grave no \u00faltimo debate sobre o estado da naci\u00f3n protagonizado por Alfonso Rueda: non foi s\u00f3 propaganda. <a class=\"mh-excerpt-more\" href=\"https:\/\/www.anovapeneira.gal\/index.php\/2026\/04\/24\/debate-sobre-o-estado-da-nacion-galega-moito-mais-que-mala-propaganda\/\" title=\"Debate sobre o estado da naci\u00f3n galega: moito m\u00e1is que mala propaganda\">[&#8230;]<\/a><\/p>\n<\/div>","protected":false},"author":12,"featured_media":14254,"comment_status":"open","ping_status":"open","sticky":false,"template":"","format":"standard","meta":{"_exactmetrics_skip_tracking":false,"_exactmetrics_sitenote_active":false,"_exactmetrics_sitenote_note":"","_exactmetrics_sitenote_category":0,"footnotes":""},"categories":[7],"tags":[],"class_list":{"0":"post-15705","1":"post","2":"type-post","3":"status-publish","4":"format-standard","5":"has-post-thumbnail","7":"category-artigos-de-opinion"},"yoast_head":"<!-- This site is optimized with the Yoast SEO plugin v27.4 - https:\/\/yoast.com\/product\/yoast-seo-wordpress\/ -->\n<title>Debate sobre o estado da naci\u00f3n galega: moito m\u00e1is que mala propaganda -<\/title>\n<meta name=\"robots\" content=\"index, follow, max-snippet:-1, max-image-preview:large, max-video-preview:-1\" \/>\n<link rel=\"canonical\" href=\"https:\/\/www.anovapeneira.gal\/index.php\/2026\/04\/24\/debate-sobre-o-estado-da-nacion-galega-moito-mais-que-mala-propaganda\/\" \/>\n<meta property=\"og:locale\" content=\"gl_ES\" \/>\n<meta property=\"og:type\" content=\"article\" \/>\n<meta property=\"og:title\" content=\"Debate sobre o estado da naci\u00f3n galega: moito m\u00e1is que mala propaganda -\" \/>\n<meta property=\"og:description\" content=\"Hai algo especialmente grave no \u00faltimo debate sobre o estado da naci\u00f3n protagonizado por Alfonso Rueda: non foi s\u00f3 propaganda. [...]\" \/>\n<meta property=\"og:url\" content=\"https:\/\/www.anovapeneira.gal\/index.php\/2026\/04\/24\/debate-sobre-o-estado-da-nacion-galega-moito-mais-que-mala-propaganda\/\" \/>\n<meta property=\"article:publisher\" content=\"https:\/\/www.facebook.com\/anovapeneira\" \/>\n<meta property=\"article:published_time\" content=\"2026-04-24T08:00:40+00:00\" \/>\n<meta property=\"og:image\" content=\"https:\/\/www.anovapeneira.gal\/wp-content\/uploads\/2025\/07\/carmen_santos.jpg\" \/>\n\t<meta property=\"og:image:width\" content=\"720\" \/>\n\t<meta property=\"og:image:height\" content=\"432\" \/>\n\t<meta property=\"og:image:type\" content=\"image\/jpeg\" \/>\n<meta name=\"author\" content=\"Artigos Opini\u00f3n\" \/>\n<meta name=\"twitter:card\" content=\"summary_large_image\" \/>\n<meta name=\"twitter:creator\" content=\"@APeneira\" \/>\n<meta name=\"twitter:site\" content=\"@APeneira\" \/>\n<meta name=\"twitter:label1\" content=\"Escrito por\" \/>\n\t<meta name=\"twitter:data1\" content=\"Artigos Opini\u00f3n\" \/>\n\t<meta name=\"twitter:label2\" content=\"Tempo de lectura\" \/>\n\t<meta name=\"twitter:data2\" content=\"9 minutos\" \/>\n<script type=\"application\/ld+json\" class=\"yoast-schema-graph\">{\"@context\":\"https:\\\/\\\/schema.org\",\"@graph\":[{\"@type\":\"Article\",\"@id\":\"https:\\\/\\\/www.anovapeneira.gal\\\/index.php\\\/2026\\\/04\\\/24\\\/debate-sobre-o-estado-da-nacion-galega-moito-mais-que-mala-propaganda\\\/#article\",\"isPartOf\":{\"@id\":\"https:\\\/\\\/www.anovapeneira.gal\\\/index.php\\\/2026\\\/04\\\/24\\\/debate-sobre-o-estado-da-nacion-galega-moito-mais-que-mala-propaganda\\\/\"},\"author\":{\"name\":\"Artigos Opini\u00f3n\",\"@id\":\"https:\\\/\\\/www.anovapeneira.gal\\\/#\\\/schema\\\/person\\\/f18a4feb302e8f20bcef4490b5b60bb3\"},\"headline\":\"Debate sobre o estado da naci\u00f3n galega: moito m\u00e1is que mala propaganda\",\"datePublished\":\"2026-04-24T08:00:40+00:00\",\"mainEntityOfPage\":{\"@id\":\"https:\\\/\\\/www.anovapeneira.gal\\\/index.php\\\/2026\\\/04\\\/24\\\/debate-sobre-o-estado-da-nacion-galega-moito-mais-que-mala-propaganda\\\/\"},\"wordCount\":1592,\"commentCount\":0,\"publisher\":{\"@id\":\"https:\\\/\\\/www.anovapeneira.gal\\\/#organization\"},\"image\":{\"@id\":\"https:\\\/\\\/www.anovapeneira.gal\\\/index.php\\\/2026\\\/04\\\/24\\\/debate-sobre-o-estado-da-nacion-galega-moito-mais-que-mala-propaganda\\\/#primaryimage\"},\"thumbnailUrl\":\"https:\\\/\\\/www.anovapeneira.gal\\\/wp-content\\\/uploads\\\/2025\\\/07\\\/carmen_santos.jpg\",\"articleSection\":[\"Artigos de opini\u00f3n\"],\"inLanguage\":\"gl-ES\",\"potentialAction\":[{\"@type\":\"CommentAction\",\"name\":\"Comment\",\"target\":[\"https:\\\/\\\/www.anovapeneira.gal\\\/index.php\\\/2026\\\/04\\\/24\\\/debate-sobre-o-estado-da-nacion-galega-moito-mais-que-mala-propaganda\\\/#respond\"]}]},{\"@type\":\"WebPage\",\"@id\":\"https:\\\/\\\/www.anovapeneira.gal\\\/index.php\\\/2026\\\/04\\\/24\\\/debate-sobre-o-estado-da-nacion-galega-moito-mais-que-mala-propaganda\\\/\",\"url\":\"https:\\\/\\\/www.anovapeneira.gal\\\/index.php\\\/2026\\\/04\\\/24\\\/debate-sobre-o-estado-da-nacion-galega-moito-mais-que-mala-propaganda\\\/\",\"name\":\"Debate sobre o estado da naci\u00f3n galega: moito m\u00e1is que mala propaganda -\",\"isPartOf\":{\"@id\":\"https:\\\/\\\/www.anovapeneira.gal\\\/#website\"},\"primaryImageOfPage\":{\"@id\":\"https:\\\/\\\/www.anovapeneira.gal\\\/index.php\\\/2026\\\/04\\\/24\\\/debate-sobre-o-estado-da-nacion-galega-moito-mais-que-mala-propaganda\\\/#primaryimage\"},\"image\":{\"@id\":\"https:\\\/\\\/www.anovapeneira.gal\\\/index.php\\\/2026\\\/04\\\/24\\\/debate-sobre-o-estado-da-nacion-galega-moito-mais-que-mala-propaganda\\\/#primaryimage\"},\"thumbnailUrl\":\"https:\\\/\\\/www.anovapeneira.gal\\\/wp-content\\\/uploads\\\/2025\\\/07\\\/carmen_santos.jpg\",\"datePublished\":\"2026-04-24T08:00:40+00:00\",\"breadcrumb\":{\"@id\":\"https:\\\/\\\/www.anovapeneira.gal\\\/index.php\\\/2026\\\/04\\\/24\\\/debate-sobre-o-estado-da-nacion-galega-moito-mais-que-mala-propaganda\\\/#breadcrumb\"},\"inLanguage\":\"gl-ES\",\"potentialAction\":[{\"@type\":\"ReadAction\",\"target\":[\"https:\\\/\\\/www.anovapeneira.gal\\\/index.php\\\/2026\\\/04\\\/24\\\/debate-sobre-o-estado-da-nacion-galega-moito-mais-que-mala-propaganda\\\/\"]}]},{\"@type\":\"ImageObject\",\"inLanguage\":\"gl-ES\",\"@id\":\"https:\\\/\\\/www.anovapeneira.gal\\\/index.php\\\/2026\\\/04\\\/24\\\/debate-sobre-o-estado-da-nacion-galega-moito-mais-que-mala-propaganda\\\/#primaryimage\",\"url\":\"https:\\\/\\\/www.anovapeneira.gal\\\/wp-content\\\/uploads\\\/2025\\\/07\\\/carmen_santos.jpg\",\"contentUrl\":\"https:\\\/\\\/www.anovapeneira.gal\\\/wp-content\\\/uploads\\\/2025\\\/07\\\/carmen_santos.jpg\",\"width\":720,\"height\":432,\"caption\":\"Carme santos\"},{\"@type\":\"BreadcrumbList\",\"@id\":\"https:\\\/\\\/www.anovapeneira.gal\\\/index.php\\\/2026\\\/04\\\/24\\\/debate-sobre-o-estado-da-nacion-galega-moito-mais-que-mala-propaganda\\\/#breadcrumb\",\"itemListElement\":[{\"@type\":\"ListItem\",\"position\":1,\"name\":\"Portada\",\"item\":\"https:\\\/\\\/www.anovapeneira.gal\\\/\"},{\"@type\":\"ListItem\",\"position\":2,\"name\":\"Debate sobre o estado da naci\u00f3n galega: moito m\u00e1is que mala propaganda\"}]},{\"@type\":\"WebSite\",\"@id\":\"https:\\\/\\\/www.anovapeneira.gal\\\/#website\",\"url\":\"https:\\\/\\\/www.anovapeneira.gal\\\/\",\"name\":\"\",\"description\":\"Xornal galego de informaci\u00f3n xeral Publicaci\u00f3n mensual de novas de Galicia e en especial dos Concellos da sur da provincia de Pontevedra.\",\"publisher\":{\"@id\":\"https:\\\/\\\/www.anovapeneira.gal\\\/#organization\"},\"potentialAction\":[{\"@type\":\"SearchAction\",\"target\":{\"@type\":\"EntryPoint\",\"urlTemplate\":\"https:\\\/\\\/www.anovapeneira.gal\\\/?s={search_term_string}\"},\"query-input\":{\"@type\":\"PropertyValueSpecification\",\"valueRequired\":true,\"valueName\":\"search_term_string\"}}],\"inLanguage\":\"gl-ES\"},{\"@type\":\"Organization\",\"@id\":\"https:\\\/\\\/www.anovapeneira.gal\\\/#organization\",\"name\":\"A Nova Peneira\",\"url\":\"https:\\\/\\\/www.anovapeneira.gal\\\/\",\"logo\":{\"@type\":\"ImageObject\",\"inLanguage\":\"gl-ES\",\"@id\":\"https:\\\/\\\/www.anovapeneira.gal\\\/#\\\/schema\\\/logo\\\/image\\\/\",\"url\":\"http:\\\/\\\/www.anovapeneira.gal\\\/wp-content\\\/uploads\\\/2019\\\/06\\\/logo_a_nova_peneira_portal_web.png\",\"contentUrl\":\"http:\\\/\\\/www.anovapeneira.gal\\\/wp-content\\\/uploads\\\/2019\\\/06\\\/logo_a_nova_peneira_portal_web.png\",\"width\":300,\"height\":100,\"caption\":\"A Nova Peneira\"},\"image\":{\"@id\":\"https:\\\/\\\/www.anovapeneira.gal\\\/#\\\/schema\\\/logo\\\/image\\\/\"},\"sameAs\":[\"https:\\\/\\\/www.facebook.com\\\/anovapeneira\",\"https:\\\/\\\/x.com\\\/APeneira\"]},{\"@type\":\"Person\",\"@id\":\"https:\\\/\\\/www.anovapeneira.gal\\\/#\\\/schema\\\/person\\\/f18a4feb302e8f20bcef4490b5b60bb3\",\"name\":\"Artigos Opini\u00f3n\",\"image\":{\"@type\":\"ImageObject\",\"inLanguage\":\"gl-ES\",\"@id\":\"https:\\\/\\\/secure.gravatar.com\\\/avatar\\\/072844300f4881150aee2da4278f7a65d16eefdf8262eb67085f1e702de2b959?s=96&d=mm&r=g\",\"url\":\"https:\\\/\\\/secure.gravatar.com\\\/avatar\\\/072844300f4881150aee2da4278f7a65d16eefdf8262eb67085f1e702de2b959?s=96&d=mm&r=g\",\"contentUrl\":\"https:\\\/\\\/secure.gravatar.com\\\/avatar\\\/072844300f4881150aee2da4278f7a65d16eefdf8262eb67085f1e702de2b959?s=96&d=mm&r=g\",\"caption\":\"Artigos Opini\u00f3n\"},\"sameAs\":[\"http:\\\/\\\/anovapeneira.gal\"],\"url\":\"https:\\\/\\\/www.anovapeneira.gal\\\/index.php\\\/author\\\/artigosopinion\\\/\"}]}<\/script>\n<!-- \/ Yoast SEO plugin. -->","yoast_head_json":{"title":"Debate sobre o estado da naci\u00f3n galega: moito m\u00e1is que mala propaganda -","robots":{"index":"index","follow":"follow","max-snippet":"max-snippet:-1","max-image-preview":"max-image-preview:large","max-video-preview":"max-video-preview:-1"},"canonical":"https:\/\/www.anovapeneira.gal\/index.php\/2026\/04\/24\/debate-sobre-o-estado-da-nacion-galega-moito-mais-que-mala-propaganda\/","og_locale":"gl_ES","og_type":"article","og_title":"Debate sobre o estado da naci\u00f3n galega: moito m\u00e1is que mala propaganda -","og_description":"Hai algo especialmente grave no \u00faltimo debate sobre o estado da naci\u00f3n protagonizado por Alfonso Rueda: non foi s\u00f3 propaganda. [...]","og_url":"https:\/\/www.anovapeneira.gal\/index.php\/2026\/04\/24\/debate-sobre-o-estado-da-nacion-galega-moito-mais-que-mala-propaganda\/","article_publisher":"https:\/\/www.facebook.com\/anovapeneira","article_published_time":"2026-04-24T08:00:40+00:00","og_image":[{"width":720,"height":432,"url":"https:\/\/www.anovapeneira.gal\/wp-content\/uploads\/2025\/07\/carmen_santos.jpg","type":"image\/jpeg"}],"author":"Artigos Opini\u00f3n","twitter_card":"summary_large_image","twitter_creator":"@APeneira","twitter_site":"@APeneira","twitter_misc":{"Escrito por":"Artigos Opini\u00f3n","Tempo de lectura":"9 minutos"},"schema":{"@context":"https:\/\/schema.org","@graph":[{"@type":"Article","@id":"https:\/\/www.anovapeneira.gal\/index.php\/2026\/04\/24\/debate-sobre-o-estado-da-nacion-galega-moito-mais-que-mala-propaganda\/#article","isPartOf":{"@id":"https:\/\/www.anovapeneira.gal\/index.php\/2026\/04\/24\/debate-sobre-o-estado-da-nacion-galega-moito-mais-que-mala-propaganda\/"},"author":{"name":"Artigos Opini\u00f3n","@id":"https:\/\/www.anovapeneira.gal\/#\/schema\/person\/f18a4feb302e8f20bcef4490b5b60bb3"},"headline":"Debate sobre o estado da naci\u00f3n galega: moito m\u00e1is que mala propaganda","datePublished":"2026-04-24T08:00:40+00:00","mainEntityOfPage":{"@id":"https:\/\/www.anovapeneira.gal\/index.php\/2026\/04\/24\/debate-sobre-o-estado-da-nacion-galega-moito-mais-que-mala-propaganda\/"},"wordCount":1592,"commentCount":0,"publisher":{"@id":"https:\/\/www.anovapeneira.gal\/#organization"},"image":{"@id":"https:\/\/www.anovapeneira.gal\/index.php\/2026\/04\/24\/debate-sobre-o-estado-da-nacion-galega-moito-mais-que-mala-propaganda\/#primaryimage"},"thumbnailUrl":"https:\/\/www.anovapeneira.gal\/wp-content\/uploads\/2025\/07\/carmen_santos.jpg","articleSection":["Artigos de opini\u00f3n"],"inLanguage":"gl-ES","potentialAction":[{"@type":"CommentAction","name":"Comment","target":["https:\/\/www.anovapeneira.gal\/index.php\/2026\/04\/24\/debate-sobre-o-estado-da-nacion-galega-moito-mais-que-mala-propaganda\/#respond"]}]},{"@type":"WebPage","@id":"https:\/\/www.anovapeneira.gal\/index.php\/2026\/04\/24\/debate-sobre-o-estado-da-nacion-galega-moito-mais-que-mala-propaganda\/","url":"https:\/\/www.anovapeneira.gal\/index.php\/2026\/04\/24\/debate-sobre-o-estado-da-nacion-galega-moito-mais-que-mala-propaganda\/","name":"Debate sobre o estado da naci\u00f3n galega: moito m\u00e1is que mala propaganda -","isPartOf":{"@id":"https:\/\/www.anovapeneira.gal\/#website"},"primaryImageOfPage":{"@id":"https:\/\/www.anovapeneira.gal\/index.php\/2026\/04\/24\/debate-sobre-o-estado-da-nacion-galega-moito-mais-que-mala-propaganda\/#primaryimage"},"image":{"@id":"https:\/\/www.anovapeneira.gal\/index.php\/2026\/04\/24\/debate-sobre-o-estado-da-nacion-galega-moito-mais-que-mala-propaganda\/#primaryimage"},"thumbnailUrl":"https:\/\/www.anovapeneira.gal\/wp-content\/uploads\/2025\/07\/carmen_santos.jpg","datePublished":"2026-04-24T08:00:40+00:00","breadcrumb":{"@id":"https:\/\/www.anovapeneira.gal\/index.php\/2026\/04\/24\/debate-sobre-o-estado-da-nacion-galega-moito-mais-que-mala-propaganda\/#breadcrumb"},"inLanguage":"gl-ES","potentialAction":[{"@type":"ReadAction","target":["https:\/\/www.anovapeneira.gal\/index.php\/2026\/04\/24\/debate-sobre-o-estado-da-nacion-galega-moito-mais-que-mala-propaganda\/"]}]},{"@type":"ImageObject","inLanguage":"gl-ES","@id":"https:\/\/www.anovapeneira.gal\/index.php\/2026\/04\/24\/debate-sobre-o-estado-da-nacion-galega-moito-mais-que-mala-propaganda\/#primaryimage","url":"https:\/\/www.anovapeneira.gal\/wp-content\/uploads\/2025\/07\/carmen_santos.jpg","contentUrl":"https:\/\/www.anovapeneira.gal\/wp-content\/uploads\/2025\/07\/carmen_santos.jpg","width":720,"height":432,"caption":"Carme santos"},{"@type":"BreadcrumbList","@id":"https:\/\/www.anovapeneira.gal\/index.php\/2026\/04\/24\/debate-sobre-o-estado-da-nacion-galega-moito-mais-que-mala-propaganda\/#breadcrumb","itemListElement":[{"@type":"ListItem","position":1,"name":"Portada","item":"https:\/\/www.anovapeneira.gal\/"},{"@type":"ListItem","position":2,"name":"Debate sobre o estado da naci\u00f3n galega: moito m\u00e1is que mala propaganda"}]},{"@type":"WebSite","@id":"https:\/\/www.anovapeneira.gal\/#website","url":"https:\/\/www.anovapeneira.gal\/","name":"","description":"Xornal galego de informaci\u00f3n xeral Publicaci\u00f3n mensual de novas de Galicia e en especial dos Concellos da sur da provincia de Pontevedra.","publisher":{"@id":"https:\/\/www.anovapeneira.gal\/#organization"},"potentialAction":[{"@type":"SearchAction","target":{"@type":"EntryPoint","urlTemplate":"https:\/\/www.anovapeneira.gal\/?s={search_term_string}"},"query-input":{"@type":"PropertyValueSpecification","valueRequired":true,"valueName":"search_term_string"}}],"inLanguage":"gl-ES"},{"@type":"Organization","@id":"https:\/\/www.anovapeneira.gal\/#organization","name":"A Nova Peneira","url":"https:\/\/www.anovapeneira.gal\/","logo":{"@type":"ImageObject","inLanguage":"gl-ES","@id":"https:\/\/www.anovapeneira.gal\/#\/schema\/logo\/image\/","url":"http:\/\/www.anovapeneira.gal\/wp-content\/uploads\/2019\/06\/logo_a_nova_peneira_portal_web.png","contentUrl":"http:\/\/www.anovapeneira.gal\/wp-content\/uploads\/2019\/06\/logo_a_nova_peneira_portal_web.png","width":300,"height":100,"caption":"A Nova Peneira"},"image":{"@id":"https:\/\/www.anovapeneira.gal\/#\/schema\/logo\/image\/"},"sameAs":["https:\/\/www.facebook.com\/anovapeneira","https:\/\/x.com\/APeneira"]},{"@type":"Person","@id":"https:\/\/www.anovapeneira.gal\/#\/schema\/person\/f18a4feb302e8f20bcef4490b5b60bb3","name":"Artigos Opini\u00f3n","image":{"@type":"ImageObject","inLanguage":"gl-ES","@id":"https:\/\/secure.gravatar.com\/avatar\/072844300f4881150aee2da4278f7a65d16eefdf8262eb67085f1e702de2b959?s=96&d=mm&r=g","url":"https:\/\/secure.gravatar.com\/avatar\/072844300f4881150aee2da4278f7a65d16eefdf8262eb67085f1e702de2b959?s=96&d=mm&r=g","contentUrl":"https:\/\/secure.gravatar.com\/avatar\/072844300f4881150aee2da4278f7a65d16eefdf8262eb67085f1e702de2b959?s=96&d=mm&r=g","caption":"Artigos Opini\u00f3n"},"sameAs":["http:\/\/anovapeneira.gal"],"url":"https:\/\/www.anovapeneira.gal\/index.php\/author\/artigosopinion\/"}]}},"jetpack_featured_media_url":"https:\/\/www.anovapeneira.gal\/wp-content\/uploads\/2025\/07\/carmen_santos.jpg","_links":{"self":[{"href":"https:\/\/www.anovapeneira.gal\/index.php\/wp-json\/wp\/v2\/posts\/15705","targetHints":{"allow":["GET"]}}],"collection":[{"href":"https:\/\/www.anovapeneira.gal\/index.php\/wp-json\/wp\/v2\/posts"}],"about":[{"href":"https:\/\/www.anovapeneira.gal\/index.php\/wp-json\/wp\/v2\/types\/post"}],"author":[{"embeddable":true,"href":"https:\/\/www.anovapeneira.gal\/index.php\/wp-json\/wp\/v2\/users\/12"}],"replies":[{"embeddable":true,"href":"https:\/\/www.anovapeneira.gal\/index.php\/wp-json\/wp\/v2\/comments?post=15705"}],"version-history":[{"count":1,"href":"https:\/\/www.anovapeneira.gal\/index.php\/wp-json\/wp\/v2\/posts\/15705\/revisions"}],"predecessor-version":[{"id":15706,"href":"https:\/\/www.anovapeneira.gal\/index.php\/wp-json\/wp\/v2\/posts\/15705\/revisions\/15706"}],"wp:featuredmedia":[{"embeddable":true,"href":"https:\/\/www.anovapeneira.gal\/index.php\/wp-json\/wp\/v2\/media\/14254"}],"wp:attachment":[{"href":"https:\/\/www.anovapeneira.gal\/index.php\/wp-json\/wp\/v2\/media?parent=15705"}],"wp:term":[{"taxonomy":"category","embeddable":true,"href":"https:\/\/www.anovapeneira.gal\/index.php\/wp-json\/wp\/v2\/categories?post=15705"},{"taxonomy":"post_tag","embeddable":true,"href":"https:\/\/www.anovapeneira.gal\/index.php\/wp-json\/wp\/v2\/tags?post=15705"}],"curies":[{"name":"wp","href":"https:\/\/api.w.org\/{rel}","templated":true}]}}