{"id":1571,"date":"2019-10-24T12:00:51","date_gmt":"2019-10-24T10:00:51","guid":{"rendered":"http:\/\/www.anovapeneira.gal\/?p=1571"},"modified":"2019-10-20T21:30:35","modified_gmt":"2019-10-20T19:30:35","slug":"o-bng-asina-un-acordo-de-goberno-co-psdg-que-aposta-pola-transparencia-na-xestion-publica-e-por-politicas-transformadoras-para-o-concello-do-porrino","status":"publish","type":"post","link":"https:\/\/www.anovapeneira.gal\/index.php\/2019\/10\/24\/o-bng-asina-un-acordo-de-goberno-co-psdg-que-aposta-pola-transparencia-na-xestion-publica-e-por-politicas-transformadoras-para-o-concello-do-porrino\/","title":{"rendered":"O BNG asina un acordo de goberno co PSdG que aposta pola transparencia na xesti\u00f3n p\u00fablica e por pol\u00edticas transformadoras para o Concello do Porri\u00f1o"},"content":{"rendered":"\n<h2 class=\"wp-block-heading\"><em>Pedro\nPereira e Cami Moreira, representantes da fronte nacionalista,\npasar\u00e1n a formar parte do goberno municipal<\/em><\/h2>\n\n\n\n<p>Este martes 15 de outubro\no Bloque Nacionalista Galego asinou co PSdG-PSOE un acordo\nprogram\u00e1tico e de estrutura de goberno co obxectivo de impulsar\npol\u00edticas transformadoras da realidade actual do concello,\nencami\u00f1adas a mellorar a eficiencia na prestaci\u00f3n de servizos e a\noptimizaci\u00f3n de recursos p\u00fablicos. \n<\/p>\n\n\n\n<p>En dito acordo, ambas\nforzas pol\u00edticas asinan un compromiso de boas pr\u00e1cticas no\nexercicio da funci\u00f3n p\u00fablica para potenciar a transparencia dos\ndistintos departamentos do Concello do Porri\u00f1o; aplicar pol\u00edticas\nque po\u00f1an en valor o noso sentimento como galegas e galegos, en\nt\u00f3dolos \u00e1mbitos de actuaci\u00f3n do goberno municipal encami\u00f1adas ao\nuso do idioma galego; fomentar a participaci\u00f3n cidad\u00e1,\ndesenvolvendo instrumentos reguladores que te\u00f1an como finalidade\nmellorar a relaci\u00f3n cidadan\u00eda-Concello; impulsar pol\u00edticas activas\ndesde o Concello do Porri\u00f1o que confronten co patriarcado e defendan\nos dereitos das mulleres; a defensa dos servizos p\u00fablicos para\ngarantir a s\u00faa universalidade, apostando pola xesti\u00f3n directa de\nforma progresiva dos mesmos, que na actualidade est\u00e1n xestionados de\nforma externalizada.\t\t<\/p>\n\n\n\n<p>Como parte deste\ndocumento, unha parte das competencias propias da Alcald\u00eda ser\u00e1n\ndelegadas na Xunta de Goberno Local e no Pleno Municipal, apostando\nas\u00ed pola transparencia en toda xesti\u00f3n municipal.<\/p>\n\n\n\n<p>As concellar\u00edas que\nasume Pedro Pereira ser\u00e1n <em>Urbanismo, ordenaci\u00f3n do territorio,\npatrimonio municipal do solo, infraestruturas e mobilidade e a\nxesti\u00f3n municipal sobre as tra\u00eddas de augas veci\u00f1ais<\/em>, as\u00ed\ncomo a Primeira Tenencia de Alcald\u00eda. Pola s\u00faa banda, Cami Moreira\nasumir\u00e1 <em>Xuventude, cultura, festas, normalizaci\u00f3n ling\u00fc\u00edstica\ne igualdade.<\/em> \n<\/p>\n\n\n\n<p>Este\nacordo queda pendente das delegaci\u00f3ns de competencias que deber\u00e1\nfacer a Alcald\u00eda nos vindeiros d\u00edas. Na formaci\u00f3n nacionalista\n\u201cmarcaranse unha serie de li\u00f1as iniciais para po\u00f1er en marcha\ntodos aqueles proxectos que consideran prioritarios para a veci\u00f1anza,\nos cales est\u00e1n desenvolvidos no programa electoral do BNG do\nPorri\u00f1o, e sempre abertos a levar a cabo outras cuesti\u00f3ns que o\npobo nos traslade, xa que a participaci\u00f3n cidad\u00e1 \u00e9 unha cuesti\u00f3n\nprioritaria para n\u00f3s\u201d, segundo manifestou o portavoz municipal\nPedro Pereira.<\/p>\n","protected":false},"excerpt":{"rendered":"<div class=\"mh-excerpt\"><p>Pedro Pereira e Cami Moreira, representantes da fronte nacionalista, pasar\u00e1n a formar parte do goberno municipal <a class=\"mh-excerpt-more\" href=\"https:\/\/www.anovapeneira.gal\/index.php\/2019\/10\/24\/o-bng-asina-un-acordo-de-goberno-co-psdg-que-aposta-pola-transparencia-na-xestion-publica-e-por-politicas-transformadoras-para-o-concello-do-porrino\/\" title=\"O BNG asina un acordo de goberno co PSdG que aposta pola transparencia na xesti\u00f3n p\u00fablica e por pol\u00edticas transformadoras para o Concello do Porri\u00f1o\">[&#8230;]<\/a><\/p>\n<\/div>","protected":false},"author":3,"featured_media":1572,"comment_status":"open","ping_status":"open","sticky":false,"template":"","format":"standard","meta":{"_exactmetrics_skip_tracking":false,"_exactmetrics_sitenote_active":false,"_exactmetrics_sitenote_note":"","_exactmetrics_sitenote_category":0,"footnotes":""},"categories":[23],"tags":[10,702,411,327],"class_list":{"0":"post-1571","1":"post","2":"type-post","3":"status-publish","4":"format-standard","5":"has-post-thumbnail","7":"category-a-lourina","8":"tag-bng","9":"tag-cami-moreira","10":"tag-concello-do-porrino","11":"tag-pedro-pereira"},"yoast_head":"<!-- This site is optimized with the Yoast SEO plugin v27.4 - https:\/\/yoast.com\/product\/yoast-seo-wordpress\/ -->\n<title>O BNG asina un acordo de goberno co PSdG que aposta pola transparencia na xesti\u00f3n p\u00fablica e por pol\u00edticas transformadoras para o Concello do Porri\u00f1o -<\/title>\n<meta name=\"robots\" content=\"index, follow, max-snippet:-1, max-image-preview:large, max-video-preview:-1\" \/>\n<link rel=\"canonical\" href=\"https:\/\/www.anovapeneira.gal\/index.php\/2019\/10\/24\/o-bng-asina-un-acordo-de-goberno-co-psdg-que-aposta-pola-transparencia-na-xestion-publica-e-por-politicas-transformadoras-para-o-concello-do-porrino\/\" \/>\n<meta property=\"og:locale\" content=\"gl_ES\" \/>\n<meta property=\"og:type\" content=\"article\" \/>\n<meta property=\"og:title\" content=\"O BNG asina un acordo de goberno co PSdG que aposta pola transparencia na xesti\u00f3n p\u00fablica e por pol\u00edticas transformadoras para o Concello do Porri\u00f1o -\" \/>\n<meta property=\"og:description\" content=\"Pedro Pereira e Cami Moreira, representantes da fronte nacionalista, pasar\u00e1n a formar parte do goberno municipal [...]\" \/>\n<meta property=\"og:url\" content=\"https:\/\/www.anovapeneira.gal\/index.php\/2019\/10\/24\/o-bng-asina-un-acordo-de-goberno-co-psdg-que-aposta-pola-transparencia-na-xestion-publica-e-por-politicas-transformadoras-para-o-concello-do-porrino\/\" \/>\n<meta property=\"article:publisher\" content=\"https:\/\/www.facebook.com\/anovapeneira\" \/>\n<meta property=\"article:published_time\" content=\"2019-10-24T10:00:51+00:00\" \/>\n<meta property=\"og:image\" content=\"https:\/\/www.anovapeneira.gal\/wp-content\/uploads\/2019\/10\/porrinho_bng_a_nova_peneira.jpg\" \/>\n\t<meta property=\"og:image:width\" content=\"720\" \/>\n\t<meta property=\"og:image:height\" content=\"473\" \/>\n\t<meta property=\"og:image:type\" content=\"image\/jpeg\" \/>\n<meta name=\"author\" content=\"Redacci\u00f3n A Nova Peneira\" \/>\n<meta name=\"twitter:card\" content=\"summary_large_image\" \/>\n<meta name=\"twitter:creator\" content=\"@APeneira\" \/>\n<meta name=\"twitter:site\" content=\"@APeneira\" \/>\n<meta name=\"twitter:label1\" content=\"Escrito por\" \/>\n\t<meta name=\"twitter:data1\" content=\"Redacci\u00f3n A Nova Peneira\" \/>\n\t<meta name=\"twitter:label2\" content=\"Tempo de lectura\" \/>\n\t<meta name=\"twitter:data2\" content=\"2 minutos\" \/>\n<script type=\"application\/ld+json\" class=\"yoast-schema-graph\">{\"@context\":\"https:\\\/\\\/schema.org\",\"@graph\":[{\"@type\":\"Article\",\"@id\":\"https:\\\/\\\/www.anovapeneira.gal\\\/index.php\\\/2019\\\/10\\\/24\\\/o-bng-asina-un-acordo-de-goberno-co-psdg-que-aposta-pola-transparencia-na-xestion-publica-e-por-politicas-transformadoras-para-o-concello-do-porrino\\\/#article\",\"isPartOf\":{\"@id\":\"https:\\\/\\\/www.anovapeneira.gal\\\/index.php\\\/2019\\\/10\\\/24\\\/o-bng-asina-un-acordo-de-goberno-co-psdg-que-aposta-pola-transparencia-na-xestion-publica-e-por-politicas-transformadoras-para-o-concello-do-porrino\\\/\"},\"author\":{\"name\":\"Redacci\u00f3n A Nova Peneira\",\"@id\":\"https:\\\/\\\/www.anovapeneira.gal\\\/#\\\/schema\\\/person\\\/b93e3f8932e3f8da96334607eb6ac6aa\"},\"headline\":\"O BNG asina un acordo de goberno co PSdG que aposta pola transparencia na xesti\u00f3n p\u00fablica e por pol\u00edticas transformadoras para o Concello do Porri\u00f1o\",\"datePublished\":\"2019-10-24T10:00:51+00:00\",\"mainEntityOfPage\":{\"@id\":\"https:\\\/\\\/www.anovapeneira.gal\\\/index.php\\\/2019\\\/10\\\/24\\\/o-bng-asina-un-acordo-de-goberno-co-psdg-que-aposta-pola-transparencia-na-xestion-publica-e-por-politicas-transformadoras-para-o-concello-do-porrino\\\/\"},\"wordCount\":416,\"commentCount\":0,\"publisher\":{\"@id\":\"https:\\\/\\\/www.anovapeneira.gal\\\/#organization\"},\"image\":{\"@id\":\"https:\\\/\\\/www.anovapeneira.gal\\\/index.php\\\/2019\\\/10\\\/24\\\/o-bng-asina-un-acordo-de-goberno-co-psdg-que-aposta-pola-transparencia-na-xestion-publica-e-por-politicas-transformadoras-para-o-concello-do-porrino\\\/#primaryimage\"},\"thumbnailUrl\":\"https:\\\/\\\/www.anovapeneira.gal\\\/wp-content\\\/uploads\\\/2019\\\/10\\\/porrinho_bng_a_nova_peneira.jpg\",\"keywords\":[\"BNG\",\"Cami Moreira\",\"Concello do Porri\u00f1o\",\"Pedro Pereira\"],\"articleSection\":[\"A Louri\u00f1a\"],\"inLanguage\":\"gl-ES\",\"potentialAction\":[{\"@type\":\"CommentAction\",\"name\":\"Comment\",\"target\":[\"https:\\\/\\\/www.anovapeneira.gal\\\/index.php\\\/2019\\\/10\\\/24\\\/o-bng-asina-un-acordo-de-goberno-co-psdg-que-aposta-pola-transparencia-na-xestion-publica-e-por-politicas-transformadoras-para-o-concello-do-porrino\\\/#respond\"]}]},{\"@type\":\"WebPage\",\"@id\":\"https:\\\/\\\/www.anovapeneira.gal\\\/index.php\\\/2019\\\/10\\\/24\\\/o-bng-asina-un-acordo-de-goberno-co-psdg-que-aposta-pola-transparencia-na-xestion-publica-e-por-politicas-transformadoras-para-o-concello-do-porrino\\\/\",\"url\":\"https:\\\/\\\/www.anovapeneira.gal\\\/index.php\\\/2019\\\/10\\\/24\\\/o-bng-asina-un-acordo-de-goberno-co-psdg-que-aposta-pola-transparencia-na-xestion-publica-e-por-politicas-transformadoras-para-o-concello-do-porrino\\\/\",\"name\":\"O BNG asina un acordo de goberno co PSdG que aposta pola transparencia na xesti\u00f3n p\u00fablica e por pol\u00edticas transformadoras para o Concello do Porri\u00f1o -\",\"isPartOf\":{\"@id\":\"https:\\\/\\\/www.anovapeneira.gal\\\/#website\"},\"primaryImageOfPage\":{\"@id\":\"https:\\\/\\\/www.anovapeneira.gal\\\/index.php\\\/2019\\\/10\\\/24\\\/o-bng-asina-un-acordo-de-goberno-co-psdg-que-aposta-pola-transparencia-na-xestion-publica-e-por-politicas-transformadoras-para-o-concello-do-porrino\\\/#primaryimage\"},\"image\":{\"@id\":\"https:\\\/\\\/www.anovapeneira.gal\\\/index.php\\\/2019\\\/10\\\/24\\\/o-bng-asina-un-acordo-de-goberno-co-psdg-que-aposta-pola-transparencia-na-xestion-publica-e-por-politicas-transformadoras-para-o-concello-do-porrino\\\/#primaryimage\"},\"thumbnailUrl\":\"https:\\\/\\\/www.anovapeneira.gal\\\/wp-content\\\/uploads\\\/2019\\\/10\\\/porrinho_bng_a_nova_peneira.jpg\",\"datePublished\":\"2019-10-24T10:00:51+00:00\",\"breadcrumb\":{\"@id\":\"https:\\\/\\\/www.anovapeneira.gal\\\/index.php\\\/2019\\\/10\\\/24\\\/o-bng-asina-un-acordo-de-goberno-co-psdg-que-aposta-pola-transparencia-na-xestion-publica-e-por-politicas-transformadoras-para-o-concello-do-porrino\\\/#breadcrumb\"},\"inLanguage\":\"gl-ES\",\"potentialAction\":[{\"@type\":\"ReadAction\",\"target\":[\"https:\\\/\\\/www.anovapeneira.gal\\\/index.php\\\/2019\\\/10\\\/24\\\/o-bng-asina-un-acordo-de-goberno-co-psdg-que-aposta-pola-transparencia-na-xestion-publica-e-por-politicas-transformadoras-para-o-concello-do-porrino\\\/\"]}]},{\"@type\":\"ImageObject\",\"inLanguage\":\"gl-ES\",\"@id\":\"https:\\\/\\\/www.anovapeneira.gal\\\/index.php\\\/2019\\\/10\\\/24\\\/o-bng-asina-un-acordo-de-goberno-co-psdg-que-aposta-pola-transparencia-na-xestion-publica-e-por-politicas-transformadoras-para-o-concello-do-porrino\\\/#primaryimage\",\"url\":\"https:\\\/\\\/www.anovapeneira.gal\\\/wp-content\\\/uploads\\\/2019\\\/10\\\/porrinho_bng_a_nova_peneira.jpg\",\"contentUrl\":\"https:\\\/\\\/www.anovapeneira.gal\\\/wp-content\\\/uploads\\\/2019\\\/10\\\/porrinho_bng_a_nova_peneira.jpg\",\"width\":720,\"height\":473,\"caption\":\"BNG Concello do Porri\u00f1o A Nova Peneira\"},{\"@type\":\"BreadcrumbList\",\"@id\":\"https:\\\/\\\/www.anovapeneira.gal\\\/index.php\\\/2019\\\/10\\\/24\\\/o-bng-asina-un-acordo-de-goberno-co-psdg-que-aposta-pola-transparencia-na-xestion-publica-e-por-politicas-transformadoras-para-o-concello-do-porrino\\\/#breadcrumb\",\"itemListElement\":[{\"@type\":\"ListItem\",\"position\":1,\"name\":\"Portada\",\"item\":\"https:\\\/\\\/www.anovapeneira.gal\\\/\"},{\"@type\":\"ListItem\",\"position\":2,\"name\":\"O BNG asina un acordo de goberno co PSdG que aposta pola transparencia na xesti\u00f3n p\u00fablica e por pol\u00edticas transformadoras para o Concello do Porri\u00f1o\"}]},{\"@type\":\"WebSite\",\"@id\":\"https:\\\/\\\/www.anovapeneira.gal\\\/#website\",\"url\":\"https:\\\/\\\/www.anovapeneira.gal\\\/\",\"name\":\"\",\"description\":\"Xornal galego de informaci\u00f3n xeral Publicaci\u00f3n mensual de novas de Galicia e en especial dos Concellos da sur da provincia de Pontevedra.\",\"publisher\":{\"@id\":\"https:\\\/\\\/www.anovapeneira.gal\\\/#organization\"},\"potentialAction\":[{\"@type\":\"SearchAction\",\"target\":{\"@type\":\"EntryPoint\",\"urlTemplate\":\"https:\\\/\\\/www.anovapeneira.gal\\\/?s={search_term_string}\"},\"query-input\":{\"@type\":\"PropertyValueSpecification\",\"valueRequired\":true,\"valueName\":\"search_term_string\"}}],\"inLanguage\":\"gl-ES\"},{\"@type\":\"Organization\",\"@id\":\"https:\\\/\\\/www.anovapeneira.gal\\\/#organization\",\"name\":\"A Nova Peneira\",\"url\":\"https:\\\/\\\/www.anovapeneira.gal\\\/\",\"logo\":{\"@type\":\"ImageObject\",\"inLanguage\":\"gl-ES\",\"@id\":\"https:\\\/\\\/www.anovapeneira.gal\\\/#\\\/schema\\\/logo\\\/image\\\/\",\"url\":\"http:\\\/\\\/www.anovapeneira.gal\\\/wp-content\\\/uploads\\\/2019\\\/06\\\/logo_a_nova_peneira_portal_web.png\",\"contentUrl\":\"http:\\\/\\\/www.anovapeneira.gal\\\/wp-content\\\/uploads\\\/2019\\\/06\\\/logo_a_nova_peneira_portal_web.png\",\"width\":300,\"height\":100,\"caption\":\"A Nova Peneira\"},\"image\":{\"@id\":\"https:\\\/\\\/www.anovapeneira.gal\\\/#\\\/schema\\\/logo\\\/image\\\/\"},\"sameAs\":[\"https:\\\/\\\/www.facebook.com\\\/anovapeneira\",\"https:\\\/\\\/x.com\\\/APeneira\"]},{\"@type\":\"Person\",\"@id\":\"https:\\\/\\\/www.anovapeneira.gal\\\/#\\\/schema\\\/person\\\/b93e3f8932e3f8da96334607eb6ac6aa\",\"name\":\"Redacci\u00f3n A Nova Peneira\",\"image\":{\"@type\":\"ImageObject\",\"inLanguage\":\"gl-ES\",\"@id\":\"https:\\\/\\\/secure.gravatar.com\\\/avatar\\\/c052a2551a06e23fac63626232eaa90abd78dbcf1700fc46a2b2c89fd27b735f?s=96&d=mm&r=g\",\"url\":\"https:\\\/\\\/secure.gravatar.com\\\/avatar\\\/c052a2551a06e23fac63626232eaa90abd78dbcf1700fc46a2b2c89fd27b735f?s=96&d=mm&r=g\",\"contentUrl\":\"https:\\\/\\\/secure.gravatar.com\\\/avatar\\\/c052a2551a06e23fac63626232eaa90abd78dbcf1700fc46a2b2c89fd27b735f?s=96&d=mm&r=g\",\"caption\":\"Redacci\u00f3n A Nova Peneira\"},\"sameAs\":[\"http:\\\/\\\/www.anovapeneira.gal\\\/\"],\"url\":\"https:\\\/\\\/www.anovapeneira.gal\\\/index.php\\\/author\\\/redactor\\\/\"}]}<\/script>\n<!-- \/ Yoast SEO plugin. -->","yoast_head_json":{"title":"O BNG asina un acordo de goberno co PSdG que aposta pola transparencia na xesti\u00f3n p\u00fablica e por pol\u00edticas transformadoras para o Concello do Porri\u00f1o -","robots":{"index":"index","follow":"follow","max-snippet":"max-snippet:-1","max-image-preview":"max-image-preview:large","max-video-preview":"max-video-preview:-1"},"canonical":"https:\/\/www.anovapeneira.gal\/index.php\/2019\/10\/24\/o-bng-asina-un-acordo-de-goberno-co-psdg-que-aposta-pola-transparencia-na-xestion-publica-e-por-politicas-transformadoras-para-o-concello-do-porrino\/","og_locale":"gl_ES","og_type":"article","og_title":"O BNG asina un acordo de goberno co PSdG que aposta pola transparencia na xesti\u00f3n p\u00fablica e por pol\u00edticas transformadoras para o Concello do Porri\u00f1o -","og_description":"Pedro Pereira e Cami Moreira, representantes da fronte nacionalista, pasar\u00e1n a formar parte do goberno municipal [...]","og_url":"https:\/\/www.anovapeneira.gal\/index.php\/2019\/10\/24\/o-bng-asina-un-acordo-de-goberno-co-psdg-que-aposta-pola-transparencia-na-xestion-publica-e-por-politicas-transformadoras-para-o-concello-do-porrino\/","article_publisher":"https:\/\/www.facebook.com\/anovapeneira","article_published_time":"2019-10-24T10:00:51+00:00","og_image":[{"width":720,"height":473,"url":"https:\/\/www.anovapeneira.gal\/wp-content\/uploads\/2019\/10\/porrinho_bng_a_nova_peneira.jpg","type":"image\/jpeg"}],"author":"Redacci\u00f3n A Nova Peneira","twitter_card":"summary_large_image","twitter_creator":"@APeneira","twitter_site":"@APeneira","twitter_misc":{"Escrito por":"Redacci\u00f3n A Nova Peneira","Tempo de lectura":"2 minutos"},"schema":{"@context":"https:\/\/schema.org","@graph":[{"@type":"Article","@id":"https:\/\/www.anovapeneira.gal\/index.php\/2019\/10\/24\/o-bng-asina-un-acordo-de-goberno-co-psdg-que-aposta-pola-transparencia-na-xestion-publica-e-por-politicas-transformadoras-para-o-concello-do-porrino\/#article","isPartOf":{"@id":"https:\/\/www.anovapeneira.gal\/index.php\/2019\/10\/24\/o-bng-asina-un-acordo-de-goberno-co-psdg-que-aposta-pola-transparencia-na-xestion-publica-e-por-politicas-transformadoras-para-o-concello-do-porrino\/"},"author":{"name":"Redacci\u00f3n A Nova Peneira","@id":"https:\/\/www.anovapeneira.gal\/#\/schema\/person\/b93e3f8932e3f8da96334607eb6ac6aa"},"headline":"O BNG asina un acordo de goberno co PSdG que aposta pola transparencia na xesti\u00f3n p\u00fablica e por pol\u00edticas transformadoras para o Concello do Porri\u00f1o","datePublished":"2019-10-24T10:00:51+00:00","mainEntityOfPage":{"@id":"https:\/\/www.anovapeneira.gal\/index.php\/2019\/10\/24\/o-bng-asina-un-acordo-de-goberno-co-psdg-que-aposta-pola-transparencia-na-xestion-publica-e-por-politicas-transformadoras-para-o-concello-do-porrino\/"},"wordCount":416,"commentCount":0,"publisher":{"@id":"https:\/\/www.anovapeneira.gal\/#organization"},"image":{"@id":"https:\/\/www.anovapeneira.gal\/index.php\/2019\/10\/24\/o-bng-asina-un-acordo-de-goberno-co-psdg-que-aposta-pola-transparencia-na-xestion-publica-e-por-politicas-transformadoras-para-o-concello-do-porrino\/#primaryimage"},"thumbnailUrl":"https:\/\/www.anovapeneira.gal\/wp-content\/uploads\/2019\/10\/porrinho_bng_a_nova_peneira.jpg","keywords":["BNG","Cami Moreira","Concello do Porri\u00f1o","Pedro Pereira"],"articleSection":["A Louri\u00f1a"],"inLanguage":"gl-ES","potentialAction":[{"@type":"CommentAction","name":"Comment","target":["https:\/\/www.anovapeneira.gal\/index.php\/2019\/10\/24\/o-bng-asina-un-acordo-de-goberno-co-psdg-que-aposta-pola-transparencia-na-xestion-publica-e-por-politicas-transformadoras-para-o-concello-do-porrino\/#respond"]}]},{"@type":"WebPage","@id":"https:\/\/www.anovapeneira.gal\/index.php\/2019\/10\/24\/o-bng-asina-un-acordo-de-goberno-co-psdg-que-aposta-pola-transparencia-na-xestion-publica-e-por-politicas-transformadoras-para-o-concello-do-porrino\/","url":"https:\/\/www.anovapeneira.gal\/index.php\/2019\/10\/24\/o-bng-asina-un-acordo-de-goberno-co-psdg-que-aposta-pola-transparencia-na-xestion-publica-e-por-politicas-transformadoras-para-o-concello-do-porrino\/","name":"O BNG asina un acordo de goberno co PSdG que aposta pola transparencia na xesti\u00f3n p\u00fablica e por pol\u00edticas transformadoras para o Concello do Porri\u00f1o -","isPartOf":{"@id":"https:\/\/www.anovapeneira.gal\/#website"},"primaryImageOfPage":{"@id":"https:\/\/www.anovapeneira.gal\/index.php\/2019\/10\/24\/o-bng-asina-un-acordo-de-goberno-co-psdg-que-aposta-pola-transparencia-na-xestion-publica-e-por-politicas-transformadoras-para-o-concello-do-porrino\/#primaryimage"},"image":{"@id":"https:\/\/www.anovapeneira.gal\/index.php\/2019\/10\/24\/o-bng-asina-un-acordo-de-goberno-co-psdg-que-aposta-pola-transparencia-na-xestion-publica-e-por-politicas-transformadoras-para-o-concello-do-porrino\/#primaryimage"},"thumbnailUrl":"https:\/\/www.anovapeneira.gal\/wp-content\/uploads\/2019\/10\/porrinho_bng_a_nova_peneira.jpg","datePublished":"2019-10-24T10:00:51+00:00","breadcrumb":{"@id":"https:\/\/www.anovapeneira.gal\/index.php\/2019\/10\/24\/o-bng-asina-un-acordo-de-goberno-co-psdg-que-aposta-pola-transparencia-na-xestion-publica-e-por-politicas-transformadoras-para-o-concello-do-porrino\/#breadcrumb"},"inLanguage":"gl-ES","potentialAction":[{"@type":"ReadAction","target":["https:\/\/www.anovapeneira.gal\/index.php\/2019\/10\/24\/o-bng-asina-un-acordo-de-goberno-co-psdg-que-aposta-pola-transparencia-na-xestion-publica-e-por-politicas-transformadoras-para-o-concello-do-porrino\/"]}]},{"@type":"ImageObject","inLanguage":"gl-ES","@id":"https:\/\/www.anovapeneira.gal\/index.php\/2019\/10\/24\/o-bng-asina-un-acordo-de-goberno-co-psdg-que-aposta-pola-transparencia-na-xestion-publica-e-por-politicas-transformadoras-para-o-concello-do-porrino\/#primaryimage","url":"https:\/\/www.anovapeneira.gal\/wp-content\/uploads\/2019\/10\/porrinho_bng_a_nova_peneira.jpg","contentUrl":"https:\/\/www.anovapeneira.gal\/wp-content\/uploads\/2019\/10\/porrinho_bng_a_nova_peneira.jpg","width":720,"height":473,"caption":"BNG Concello do Porri\u00f1o A Nova Peneira"},{"@type":"BreadcrumbList","@id":"https:\/\/www.anovapeneira.gal\/index.php\/2019\/10\/24\/o-bng-asina-un-acordo-de-goberno-co-psdg-que-aposta-pola-transparencia-na-xestion-publica-e-por-politicas-transformadoras-para-o-concello-do-porrino\/#breadcrumb","itemListElement":[{"@type":"ListItem","position":1,"name":"Portada","item":"https:\/\/www.anovapeneira.gal\/"},{"@type":"ListItem","position":2,"name":"O BNG asina un acordo de goberno co PSdG que aposta pola transparencia na xesti\u00f3n p\u00fablica e por pol\u00edticas transformadoras para o Concello do Porri\u00f1o"}]},{"@type":"WebSite","@id":"https:\/\/www.anovapeneira.gal\/#website","url":"https:\/\/www.anovapeneira.gal\/","name":"","description":"Xornal galego de informaci\u00f3n xeral Publicaci\u00f3n mensual de novas de Galicia e en especial dos Concellos da sur da provincia de Pontevedra.","publisher":{"@id":"https:\/\/www.anovapeneira.gal\/#organization"},"potentialAction":[{"@type":"SearchAction","target":{"@type":"EntryPoint","urlTemplate":"https:\/\/www.anovapeneira.gal\/?s={search_term_string}"},"query-input":{"@type":"PropertyValueSpecification","valueRequired":true,"valueName":"search_term_string"}}],"inLanguage":"gl-ES"},{"@type":"Organization","@id":"https:\/\/www.anovapeneira.gal\/#organization","name":"A Nova Peneira","url":"https:\/\/www.anovapeneira.gal\/","logo":{"@type":"ImageObject","inLanguage":"gl-ES","@id":"https:\/\/www.anovapeneira.gal\/#\/schema\/logo\/image\/","url":"http:\/\/www.anovapeneira.gal\/wp-content\/uploads\/2019\/06\/logo_a_nova_peneira_portal_web.png","contentUrl":"http:\/\/www.anovapeneira.gal\/wp-content\/uploads\/2019\/06\/logo_a_nova_peneira_portal_web.png","width":300,"height":100,"caption":"A Nova Peneira"},"image":{"@id":"https:\/\/www.anovapeneira.gal\/#\/schema\/logo\/image\/"},"sameAs":["https:\/\/www.facebook.com\/anovapeneira","https:\/\/x.com\/APeneira"]},{"@type":"Person","@id":"https:\/\/www.anovapeneira.gal\/#\/schema\/person\/b93e3f8932e3f8da96334607eb6ac6aa","name":"Redacci\u00f3n A Nova Peneira","image":{"@type":"ImageObject","inLanguage":"gl-ES","@id":"https:\/\/secure.gravatar.com\/avatar\/c052a2551a06e23fac63626232eaa90abd78dbcf1700fc46a2b2c89fd27b735f?s=96&d=mm&r=g","url":"https:\/\/secure.gravatar.com\/avatar\/c052a2551a06e23fac63626232eaa90abd78dbcf1700fc46a2b2c89fd27b735f?s=96&d=mm&r=g","contentUrl":"https:\/\/secure.gravatar.com\/avatar\/c052a2551a06e23fac63626232eaa90abd78dbcf1700fc46a2b2c89fd27b735f?s=96&d=mm&r=g","caption":"Redacci\u00f3n A Nova Peneira"},"sameAs":["http:\/\/www.anovapeneira.gal\/"],"url":"https:\/\/www.anovapeneira.gal\/index.php\/author\/redactor\/"}]}},"jetpack_featured_media_url":"https:\/\/www.anovapeneira.gal\/wp-content\/uploads\/2019\/10\/porrinho_bng_a_nova_peneira.jpg","_links":{"self":[{"href":"https:\/\/www.anovapeneira.gal\/index.php\/wp-json\/wp\/v2\/posts\/1571","targetHints":{"allow":["GET"]}}],"collection":[{"href":"https:\/\/www.anovapeneira.gal\/index.php\/wp-json\/wp\/v2\/posts"}],"about":[{"href":"https:\/\/www.anovapeneira.gal\/index.php\/wp-json\/wp\/v2\/types\/post"}],"author":[{"embeddable":true,"href":"https:\/\/www.anovapeneira.gal\/index.php\/wp-json\/wp\/v2\/users\/3"}],"replies":[{"embeddable":true,"href":"https:\/\/www.anovapeneira.gal\/index.php\/wp-json\/wp\/v2\/comments?post=1571"}],"version-history":[{"count":1,"href":"https:\/\/www.anovapeneira.gal\/index.php\/wp-json\/wp\/v2\/posts\/1571\/revisions"}],"predecessor-version":[{"id":1573,"href":"https:\/\/www.anovapeneira.gal\/index.php\/wp-json\/wp\/v2\/posts\/1571\/revisions\/1573"}],"wp:featuredmedia":[{"embeddable":true,"href":"https:\/\/www.anovapeneira.gal\/index.php\/wp-json\/wp\/v2\/media\/1572"}],"wp:attachment":[{"href":"https:\/\/www.anovapeneira.gal\/index.php\/wp-json\/wp\/v2\/media?parent=1571"}],"wp:term":[{"taxonomy":"category","embeddable":true,"href":"https:\/\/www.anovapeneira.gal\/index.php\/wp-json\/wp\/v2\/categories?post=1571"},{"taxonomy":"post_tag","embeddable":true,"href":"https:\/\/www.anovapeneira.gal\/index.php\/wp-json\/wp\/v2\/tags?post=1571"}],"curies":[{"name":"wp","href":"https:\/\/api.w.org\/{rel}","templated":true}]}}