{"id":15716,"date":"2026-04-27T12:00:35","date_gmt":"2026-04-27T10:00:35","guid":{"rendered":"https:\/\/www.anovapeneira.gal\/?p=15716"},"modified":"2026-04-23T13:50:52","modified_gmt":"2026-04-23T11:50:52","slug":"maio-os-da-guerra","status":"publish","type":"post","link":"https:\/\/www.anovapeneira.gal\/index.php\/2026\/04\/27\/maio-os-da-guerra\/","title":{"rendered":"MAIO \u201cOS DA GUERRA\u201d"},"content":{"rendered":"\n<figure class=\"wp-block-image size-full is-resized\"><img loading=\"lazy\" decoding=\"async\" width=\"190\" height=\"222\" src=\"https:\/\/www.anovapeneira.gal\/wp-content\/uploads\/2019\/07\/xoan_alonso_a_nova_peneira_r.jpg\" alt=\"Xo\u00e1n Alonso. Correspondente de A Nova Peneira en Euskadi\" class=\"wp-image-763\" style=\"width:122px;height:auto\"\/><figcaption class=\"wp-element-caption\">Xo\u00e1n Alonso. Correspondente de A Nova Peneira en Euskadi<\/figcaption><\/figure>\n\n\n\n<div class=\"wp-block-columns is-layout-flex wp-container-core-columns-is-layout-9d6595d7 wp-block-columns-is-layout-flex\">\n<div class=\"wp-block-column is-layout-flow wp-block-column-is-layout-flow\">\n<p>Xa se escoitan aos cativos<br>\nensaiar as s\u00faas coplas<br>\nsinal que o un de Maio<br>\nxa est\u00e1 batendo nas portas.<\/p>\n\n<p>Afiade o voso en enxe\u00f1o,<br>\nmarmurar as melod\u00edas<br>\nno caer na tentaci\u00f3n<br>\nde facer coplas ca I.A.<\/p>\n\n<p>Anda o mundo dividido;<br>\nguerra si ou guerra non<br>\npero \u00e1 hora de morrer<br>\nque vaia outro mellor.<\/p>\n\n<p>A\u00ed ven o Maio<br>\npolo Carrascal,<br>\ncoidado rapaci\u00f1os<br>\nque anda solto Donal Tran.<\/p>\n\n<p>A\u00ed ven o Maio<br>\nfuxindo de oriente<br>\nporque os sionistas<br>\nandan matando a xente.<\/p>\n\n<p>Hai un tolo americano<br>\npederasta e delicuente<br>\nno canto de ir \u00e1 cadea<br>\nfix\u00e9rono presidente.<\/p>\n\n<p>Sonche as\u00ed os americanos<br>\nveletas que move o vento,<br>\nd\u00faas cara da moeda<br>\nsanto e demo \u00f3 mesmo<br> tempo.<\/p>\n\n<p>Mais unha cousa est\u00e1 clara<br>\nnon hain ningu\u00e9n que o negue<br>\nas s\u00faas estrelas son bombas<br>\ne a guerra o seu interese.<\/p>\n\n<p>Non hai m\u00e1is que abrir os ollos\ncheirar de onde ven o fume,\nonde matan inocentes\ncomo ven sendo costume.<\/p>\n\n\n\n\n\n\n\n\n<p>E al\u00ed estar\u00e1n os de sempre<br>\nos donos e amos da guerra<br> procurando unha escusa<br>\npara encher de sangue a terra.<\/p>\n\n<p>En nome da paz mundial,<br>\nda vida e da liberdade<br>\nson quen de facer a guerra<br>\ne arrasar ca humanidade.<\/p>\n\n<p>Pouco lle importan as vidas,<br>\nas b\u00e1goas, o sangue alleo,<br>\no loito, a sede, a fame,<br>\no coraz\u00f3n e o latexo.<\/p>\n\n<p>E os paises de Europa<br>\nbiblicamente cag\u00f3ns,<br>\nlamb\u00e9ndolle os pes o demo<br>\ndesfilando ao seu car\u00f3n.<\/p>\n\n<p>Diante dos ollos do mundo<br>\ncontin\u00faa o xenocidio,<br>\nNethanyahu e Donal Tran<br>\nparella de asasinos.<\/p>\n<\/div>\n\n\n\n<div class=\"wp-block-column is-layout-flow wp-block-column-is-layout-flow\">\n<p>A s\u00faa l\u00edngua a guerra,<br>\nsangue, destruci\u00f3n, miseria.<br>\nSufre o pobo Palestino<br>\nma\u00f1\u00e1 pode ser calquera.<\/p>\n\n<p>Da man collida dous tolos<br>\nqueren acabar ca terra,<br>\nun loiro e pederasta<br>\noutro criminal de guerra.<\/p>\n\n<p>Netanyahu ten na mente<br>\naniquilar Palestina,<br>\nseica el \u00e9 o enviado<br>\nai das instancias divinas.<\/p>\n\n<p>Pero est\u00e1 trabucado,<br>\nque non te leven a engano<br>\na guerra e o sufrimento<br>\nvai ser cousa do dia\u00f1o.<\/p>\n\n\n\n\n\n\n\n\n\n<p>Non me canso de berrare<br>\ne denunciar a matanza<br>\nque sofren os Palestinos<br>\na d\u00eda de hoxe en Gaza.<\/p>\n\n\n<p>A d\u00eda de hoxe en Gaza<br>\nsen auga e sen alimentos,<br>\nfuxen da morte segura<br>\nhomes, mulleres e nenos.<\/p>\n\n<p>Homes, mulleres e nenos<br>\nv\u00edctimas da crueldade,<br>\nv\u00edcimas dun asasino<br>\nque non ten humanidade.<\/p>\n\n<p>Demos os que fan a guerra<br>\ntam\u00e9n os seus aliados,<br>\nos que non abren os ollos<br>\ne viven axeonllados.<\/p>\n\n<p>Vende patrias os da guerra<br>\nque consinten a desfeita.<br>\nEn Europa e Espa\u00f1a<br>\nos fascistas da dereita.<\/p>\n\n<p>Moita bandeira no vento,<br>\nno pulso e no coraz\u00f3n<br>\npero \u00e1 hora da verdade<br>\nsempre da man do mat\u00f3n.<\/p>\n\n<p>Ogall\u00e1 os libros de historia<br>\ne a xustiza \u00e1s veces cega<br>\ndenuncien o xenocidio<br>\ne xulguen a quen o nega.<\/p>\n\n<p>A denuncia xa est\u00e1 feita;<br>\nxa se me esgota o tempo,<br>\nogall\u00e1 que as mi\u00f1as coplas<br>\nnin borre, nin leve o vento.<\/p>\n\n<p>Antes boto a despedida,<br>\nseguida da derradeira,<br>\nNetanyahu asasino<br>\nesta vai ser a primeira.<\/p>\n\n<p>Agora si que remato<br>\nsa\u00fade e liberdade,<br>\nchegar\u00e1n tempos mellores<br>\npara a vida e a verdade.<\/p>\n\n<\/div>\n<\/div>\n\n\n\n<p><\/p>\n","protected":false},"excerpt":{"rendered":"<div class=\"mh-excerpt\"><p>Xa se escoitan aos cativos ensaiar as s\u00faas coplas sinal que o un de Maio xa est\u00e1 batendo nas portas. Afiade o voso en enxe\u00f1o, marmurar as melod\u00edas no caer na tentaci\u00f3n de facer coplas <a class=\"mh-excerpt-more\" href=\"https:\/\/www.anovapeneira.gal\/index.php\/2026\/04\/27\/maio-os-da-guerra\/\" title=\"MAIO \u201cOS DA GUERRA\u201d\">[&#8230;]<\/a><\/p>\n<\/div>","protected":false},"author":14,"featured_media":584,"comment_status":"open","ping_status":"open","sticky":false,"template":"","format":"standard","meta":{"_exactmetrics_skip_tracking":false,"_exactmetrics_sitenote_active":false,"_exactmetrics_sitenote_note":"","_exactmetrics_sitenote_category":0,"footnotes":""},"categories":[7],"tags":[],"class_list":{"0":"post-15716","1":"post","2":"type-post","3":"status-publish","4":"format-standard","5":"has-post-thumbnail","7":"category-artigos-de-opinion"},"yoast_head":"<!-- This site is optimized with the Yoast SEO plugin v27.4 - https:\/\/yoast.com\/product\/yoast-seo-wordpress\/ -->\n<title>MAIO \u201cOS DA GUERRA\u201d -<\/title>\n<meta name=\"robots\" content=\"index, follow, max-snippet:-1, max-image-preview:large, max-video-preview:-1\" \/>\n<link rel=\"canonical\" href=\"https:\/\/www.anovapeneira.gal\/index.php\/2026\/04\/27\/maio-os-da-guerra\/\" \/>\n<meta property=\"og:locale\" content=\"gl_ES\" \/>\n<meta property=\"og:type\" content=\"article\" \/>\n<meta property=\"og:title\" content=\"MAIO \u201cOS DA GUERRA\u201d -\" \/>\n<meta property=\"og:description\" content=\"Xa se escoitan aos cativos ensaiar as s\u00faas coplas sinal que o un de Maio xa est\u00e1 batendo nas portas. Afiade o voso en enxe\u00f1o, marmurar as melod\u00edas no caer na tentaci\u00f3n de facer coplas [...]\" \/>\n<meta property=\"og:url\" content=\"https:\/\/www.anovapeneira.gal\/index.php\/2026\/04\/27\/maio-os-da-guerra\/\" \/>\n<meta property=\"article:publisher\" content=\"https:\/\/www.facebook.com\/anovapeneira\" \/>\n<meta property=\"article:published_time\" content=\"2026-04-27T10:00:35+00:00\" \/>\n<meta property=\"og:image\" content=\"https:\/\/www.anovapeneira.gal\/wp-content\/uploads\/2019\/07\/ARTIGO_DE_OPINION_A_NOVA_PENEIRA.jpg\" \/>\n\t<meta property=\"og:image:width\" content=\"720\" \/>\n\t<meta property=\"og:image:height\" content=\"473\" \/>\n\t<meta property=\"og:image:type\" content=\"image\/jpeg\" \/>\n<meta name=\"author\" content=\"Xo\u00e1n Alonso\" \/>\n<meta name=\"twitter:card\" content=\"summary_large_image\" \/>\n<meta name=\"twitter:creator\" content=\"@APeneira\" \/>\n<meta name=\"twitter:site\" content=\"@APeneira\" \/>\n<meta name=\"twitter:label1\" content=\"Escrito por\" \/>\n\t<meta name=\"twitter:data1\" content=\"Xo\u00e1n Alonso\" \/>\n\t<meta name=\"twitter:label2\" content=\"Tempo de lectura\" \/>\n\t<meta name=\"twitter:data2\" content=\"4 minutos\" \/>\n<script type=\"application\/ld+json\" class=\"yoast-schema-graph\">{\"@context\":\"https:\\\/\\\/schema.org\",\"@graph\":[{\"@type\":\"Article\",\"@id\":\"https:\\\/\\\/www.anovapeneira.gal\\\/index.php\\\/2026\\\/04\\\/27\\\/maio-os-da-guerra\\\/#article\",\"isPartOf\":{\"@id\":\"https:\\\/\\\/www.anovapeneira.gal\\\/index.php\\\/2026\\\/04\\\/27\\\/maio-os-da-guerra\\\/\"},\"author\":{\"name\":\"Xo\u00e1n Alonso\",\"@id\":\"https:\\\/\\\/www.anovapeneira.gal\\\/#\\\/schema\\\/person\\\/3c0f6176a11937f0382c23cfcecc8810\"},\"headline\":\"MAIO \u201cOS DA GUERRA\u201d\",\"datePublished\":\"2026-04-27T10:00:35+00:00\",\"mainEntityOfPage\":{\"@id\":\"https:\\\/\\\/www.anovapeneira.gal\\\/index.php\\\/2026\\\/04\\\/27\\\/maio-os-da-guerra\\\/\"},\"wordCount\":539,\"commentCount\":0,\"publisher\":{\"@id\":\"https:\\\/\\\/www.anovapeneira.gal\\\/#organization\"},\"image\":{\"@id\":\"https:\\\/\\\/www.anovapeneira.gal\\\/index.php\\\/2026\\\/04\\\/27\\\/maio-os-da-guerra\\\/#primaryimage\"},\"thumbnailUrl\":\"https:\\\/\\\/www.anovapeneira.gal\\\/wp-content\\\/uploads\\\/2019\\\/07\\\/ARTIGO_DE_OPINION_A_NOVA_PENEIRA.jpg\",\"articleSection\":[\"Artigos de opini\u00f3n\"],\"inLanguage\":\"gl-ES\",\"potentialAction\":[{\"@type\":\"CommentAction\",\"name\":\"Comment\",\"target\":[\"https:\\\/\\\/www.anovapeneira.gal\\\/index.php\\\/2026\\\/04\\\/27\\\/maio-os-da-guerra\\\/#respond\"]}]},{\"@type\":\"WebPage\",\"@id\":\"https:\\\/\\\/www.anovapeneira.gal\\\/index.php\\\/2026\\\/04\\\/27\\\/maio-os-da-guerra\\\/\",\"url\":\"https:\\\/\\\/www.anovapeneira.gal\\\/index.php\\\/2026\\\/04\\\/27\\\/maio-os-da-guerra\\\/\",\"name\":\"MAIO \u201cOS DA GUERRA\u201d -\",\"isPartOf\":{\"@id\":\"https:\\\/\\\/www.anovapeneira.gal\\\/#website\"},\"primaryImageOfPage\":{\"@id\":\"https:\\\/\\\/www.anovapeneira.gal\\\/index.php\\\/2026\\\/04\\\/27\\\/maio-os-da-guerra\\\/#primaryimage\"},\"image\":{\"@id\":\"https:\\\/\\\/www.anovapeneira.gal\\\/index.php\\\/2026\\\/04\\\/27\\\/maio-os-da-guerra\\\/#primaryimage\"},\"thumbnailUrl\":\"https:\\\/\\\/www.anovapeneira.gal\\\/wp-content\\\/uploads\\\/2019\\\/07\\\/ARTIGO_DE_OPINION_A_NOVA_PENEIRA.jpg\",\"datePublished\":\"2026-04-27T10:00:35+00:00\",\"breadcrumb\":{\"@id\":\"https:\\\/\\\/www.anovapeneira.gal\\\/index.php\\\/2026\\\/04\\\/27\\\/maio-os-da-guerra\\\/#breadcrumb\"},\"inLanguage\":\"gl-ES\",\"potentialAction\":[{\"@type\":\"ReadAction\",\"target\":[\"https:\\\/\\\/www.anovapeneira.gal\\\/index.php\\\/2026\\\/04\\\/27\\\/maio-os-da-guerra\\\/\"]}]},{\"@type\":\"ImageObject\",\"inLanguage\":\"gl-ES\",\"@id\":\"https:\\\/\\\/www.anovapeneira.gal\\\/index.php\\\/2026\\\/04\\\/27\\\/maio-os-da-guerra\\\/#primaryimage\",\"url\":\"https:\\\/\\\/www.anovapeneira.gal\\\/wp-content\\\/uploads\\\/2019\\\/07\\\/ARTIGO_DE_OPINION_A_NOVA_PENEIRA.jpg\",\"contentUrl\":\"https:\\\/\\\/www.anovapeneira.gal\\\/wp-content\\\/uploads\\\/2019\\\/07\\\/ARTIGO_DE_OPINION_A_NOVA_PENEIRA.jpg\",\"width\":720,\"height\":473,\"caption\":\"Artigo de opini\u00f3n A Nova Peneira\"},{\"@type\":\"BreadcrumbList\",\"@id\":\"https:\\\/\\\/www.anovapeneira.gal\\\/index.php\\\/2026\\\/04\\\/27\\\/maio-os-da-guerra\\\/#breadcrumb\",\"itemListElement\":[{\"@type\":\"ListItem\",\"position\":1,\"name\":\"Portada\",\"item\":\"https:\\\/\\\/www.anovapeneira.gal\\\/\"},{\"@type\":\"ListItem\",\"position\":2,\"name\":\"MAIO \u201cOS DA GUERRA\u201d\"}]},{\"@type\":\"WebSite\",\"@id\":\"https:\\\/\\\/www.anovapeneira.gal\\\/#website\",\"url\":\"https:\\\/\\\/www.anovapeneira.gal\\\/\",\"name\":\"\",\"description\":\"Xornal galego de informaci\u00f3n xeral Publicaci\u00f3n mensual de novas de Galicia e en especial dos Concellos da sur da provincia de Pontevedra.\",\"publisher\":{\"@id\":\"https:\\\/\\\/www.anovapeneira.gal\\\/#organization\"},\"potentialAction\":[{\"@type\":\"SearchAction\",\"target\":{\"@type\":\"EntryPoint\",\"urlTemplate\":\"https:\\\/\\\/www.anovapeneira.gal\\\/?s={search_term_string}\"},\"query-input\":{\"@type\":\"PropertyValueSpecification\",\"valueRequired\":true,\"valueName\":\"search_term_string\"}}],\"inLanguage\":\"gl-ES\"},{\"@type\":\"Organization\",\"@id\":\"https:\\\/\\\/www.anovapeneira.gal\\\/#organization\",\"name\":\"A Nova Peneira\",\"url\":\"https:\\\/\\\/www.anovapeneira.gal\\\/\",\"logo\":{\"@type\":\"ImageObject\",\"inLanguage\":\"gl-ES\",\"@id\":\"https:\\\/\\\/www.anovapeneira.gal\\\/#\\\/schema\\\/logo\\\/image\\\/\",\"url\":\"http:\\\/\\\/www.anovapeneira.gal\\\/wp-content\\\/uploads\\\/2019\\\/06\\\/logo_a_nova_peneira_portal_web.png\",\"contentUrl\":\"http:\\\/\\\/www.anovapeneira.gal\\\/wp-content\\\/uploads\\\/2019\\\/06\\\/logo_a_nova_peneira_portal_web.png\",\"width\":300,\"height\":100,\"caption\":\"A Nova Peneira\"},\"image\":{\"@id\":\"https:\\\/\\\/www.anovapeneira.gal\\\/#\\\/schema\\\/logo\\\/image\\\/\"},\"sameAs\":[\"https:\\\/\\\/www.facebook.com\\\/anovapeneira\",\"https:\\\/\\\/x.com\\\/APeneira\"]},{\"@type\":\"Person\",\"@id\":\"https:\\\/\\\/www.anovapeneira.gal\\\/#\\\/schema\\\/person\\\/3c0f6176a11937f0382c23cfcecc8810\",\"name\":\"Xo\u00e1n Alonso\",\"image\":{\"@type\":\"ImageObject\",\"inLanguage\":\"gl-ES\",\"@id\":\"https:\\\/\\\/secure.gravatar.com\\\/avatar\\\/2363e2851e208cf25381166cf12eec1cad20b87f47b38097822f83644f99412d?s=96&d=mm&r=g\",\"url\":\"https:\\\/\\\/secure.gravatar.com\\\/avatar\\\/2363e2851e208cf25381166cf12eec1cad20b87f47b38097822f83644f99412d?s=96&d=mm&r=g\",\"contentUrl\":\"https:\\\/\\\/secure.gravatar.com\\\/avatar\\\/2363e2851e208cf25381166cf12eec1cad20b87f47b38097822f83644f99412d?s=96&d=mm&r=g\",\"caption\":\"Xo\u00e1n Alonso\"},\"sameAs\":[\"http:\\\/\\\/anovapeneira.gal\"],\"url\":\"https:\\\/\\\/www.anovapeneira.gal\\\/index.php\\\/author\\\/opinionxoan-alonso\\\/\"}]}<\/script>\n<!-- \/ Yoast SEO plugin. -->","yoast_head_json":{"title":"MAIO \u201cOS DA GUERRA\u201d -","robots":{"index":"index","follow":"follow","max-snippet":"max-snippet:-1","max-image-preview":"max-image-preview:large","max-video-preview":"max-video-preview:-1"},"canonical":"https:\/\/www.anovapeneira.gal\/index.php\/2026\/04\/27\/maio-os-da-guerra\/","og_locale":"gl_ES","og_type":"article","og_title":"MAIO \u201cOS DA GUERRA\u201d -","og_description":"Xa se escoitan aos cativos ensaiar as s\u00faas coplas sinal que o un de Maio xa est\u00e1 batendo nas portas. Afiade o voso en enxe\u00f1o, marmurar as melod\u00edas no caer na tentaci\u00f3n de facer coplas [...]","og_url":"https:\/\/www.anovapeneira.gal\/index.php\/2026\/04\/27\/maio-os-da-guerra\/","article_publisher":"https:\/\/www.facebook.com\/anovapeneira","article_published_time":"2026-04-27T10:00:35+00:00","og_image":[{"width":720,"height":473,"url":"https:\/\/www.anovapeneira.gal\/wp-content\/uploads\/2019\/07\/ARTIGO_DE_OPINION_A_NOVA_PENEIRA.jpg","type":"image\/jpeg"}],"author":"Xo\u00e1n Alonso","twitter_card":"summary_large_image","twitter_creator":"@APeneira","twitter_site":"@APeneira","twitter_misc":{"Escrito por":"Xo\u00e1n Alonso","Tempo de lectura":"4 minutos"},"schema":{"@context":"https:\/\/schema.org","@graph":[{"@type":"Article","@id":"https:\/\/www.anovapeneira.gal\/index.php\/2026\/04\/27\/maio-os-da-guerra\/#article","isPartOf":{"@id":"https:\/\/www.anovapeneira.gal\/index.php\/2026\/04\/27\/maio-os-da-guerra\/"},"author":{"name":"Xo\u00e1n Alonso","@id":"https:\/\/www.anovapeneira.gal\/#\/schema\/person\/3c0f6176a11937f0382c23cfcecc8810"},"headline":"MAIO \u201cOS DA GUERRA\u201d","datePublished":"2026-04-27T10:00:35+00:00","mainEntityOfPage":{"@id":"https:\/\/www.anovapeneira.gal\/index.php\/2026\/04\/27\/maio-os-da-guerra\/"},"wordCount":539,"commentCount":0,"publisher":{"@id":"https:\/\/www.anovapeneira.gal\/#organization"},"image":{"@id":"https:\/\/www.anovapeneira.gal\/index.php\/2026\/04\/27\/maio-os-da-guerra\/#primaryimage"},"thumbnailUrl":"https:\/\/www.anovapeneira.gal\/wp-content\/uploads\/2019\/07\/ARTIGO_DE_OPINION_A_NOVA_PENEIRA.jpg","articleSection":["Artigos de opini\u00f3n"],"inLanguage":"gl-ES","potentialAction":[{"@type":"CommentAction","name":"Comment","target":["https:\/\/www.anovapeneira.gal\/index.php\/2026\/04\/27\/maio-os-da-guerra\/#respond"]}]},{"@type":"WebPage","@id":"https:\/\/www.anovapeneira.gal\/index.php\/2026\/04\/27\/maio-os-da-guerra\/","url":"https:\/\/www.anovapeneira.gal\/index.php\/2026\/04\/27\/maio-os-da-guerra\/","name":"MAIO \u201cOS DA GUERRA\u201d -","isPartOf":{"@id":"https:\/\/www.anovapeneira.gal\/#website"},"primaryImageOfPage":{"@id":"https:\/\/www.anovapeneira.gal\/index.php\/2026\/04\/27\/maio-os-da-guerra\/#primaryimage"},"image":{"@id":"https:\/\/www.anovapeneira.gal\/index.php\/2026\/04\/27\/maio-os-da-guerra\/#primaryimage"},"thumbnailUrl":"https:\/\/www.anovapeneira.gal\/wp-content\/uploads\/2019\/07\/ARTIGO_DE_OPINION_A_NOVA_PENEIRA.jpg","datePublished":"2026-04-27T10:00:35+00:00","breadcrumb":{"@id":"https:\/\/www.anovapeneira.gal\/index.php\/2026\/04\/27\/maio-os-da-guerra\/#breadcrumb"},"inLanguage":"gl-ES","potentialAction":[{"@type":"ReadAction","target":["https:\/\/www.anovapeneira.gal\/index.php\/2026\/04\/27\/maio-os-da-guerra\/"]}]},{"@type":"ImageObject","inLanguage":"gl-ES","@id":"https:\/\/www.anovapeneira.gal\/index.php\/2026\/04\/27\/maio-os-da-guerra\/#primaryimage","url":"https:\/\/www.anovapeneira.gal\/wp-content\/uploads\/2019\/07\/ARTIGO_DE_OPINION_A_NOVA_PENEIRA.jpg","contentUrl":"https:\/\/www.anovapeneira.gal\/wp-content\/uploads\/2019\/07\/ARTIGO_DE_OPINION_A_NOVA_PENEIRA.jpg","width":720,"height":473,"caption":"Artigo de opini\u00f3n A Nova Peneira"},{"@type":"BreadcrumbList","@id":"https:\/\/www.anovapeneira.gal\/index.php\/2026\/04\/27\/maio-os-da-guerra\/#breadcrumb","itemListElement":[{"@type":"ListItem","position":1,"name":"Portada","item":"https:\/\/www.anovapeneira.gal\/"},{"@type":"ListItem","position":2,"name":"MAIO \u201cOS DA GUERRA\u201d"}]},{"@type":"WebSite","@id":"https:\/\/www.anovapeneira.gal\/#website","url":"https:\/\/www.anovapeneira.gal\/","name":"","description":"Xornal galego de informaci\u00f3n xeral Publicaci\u00f3n mensual de novas de Galicia e en especial dos Concellos da sur da provincia de Pontevedra.","publisher":{"@id":"https:\/\/www.anovapeneira.gal\/#organization"},"potentialAction":[{"@type":"SearchAction","target":{"@type":"EntryPoint","urlTemplate":"https:\/\/www.anovapeneira.gal\/?s={search_term_string}"},"query-input":{"@type":"PropertyValueSpecification","valueRequired":true,"valueName":"search_term_string"}}],"inLanguage":"gl-ES"},{"@type":"Organization","@id":"https:\/\/www.anovapeneira.gal\/#organization","name":"A Nova Peneira","url":"https:\/\/www.anovapeneira.gal\/","logo":{"@type":"ImageObject","inLanguage":"gl-ES","@id":"https:\/\/www.anovapeneira.gal\/#\/schema\/logo\/image\/","url":"http:\/\/www.anovapeneira.gal\/wp-content\/uploads\/2019\/06\/logo_a_nova_peneira_portal_web.png","contentUrl":"http:\/\/www.anovapeneira.gal\/wp-content\/uploads\/2019\/06\/logo_a_nova_peneira_portal_web.png","width":300,"height":100,"caption":"A Nova Peneira"},"image":{"@id":"https:\/\/www.anovapeneira.gal\/#\/schema\/logo\/image\/"},"sameAs":["https:\/\/www.facebook.com\/anovapeneira","https:\/\/x.com\/APeneira"]},{"@type":"Person","@id":"https:\/\/www.anovapeneira.gal\/#\/schema\/person\/3c0f6176a11937f0382c23cfcecc8810","name":"Xo\u00e1n Alonso","image":{"@type":"ImageObject","inLanguage":"gl-ES","@id":"https:\/\/secure.gravatar.com\/avatar\/2363e2851e208cf25381166cf12eec1cad20b87f47b38097822f83644f99412d?s=96&d=mm&r=g","url":"https:\/\/secure.gravatar.com\/avatar\/2363e2851e208cf25381166cf12eec1cad20b87f47b38097822f83644f99412d?s=96&d=mm&r=g","contentUrl":"https:\/\/secure.gravatar.com\/avatar\/2363e2851e208cf25381166cf12eec1cad20b87f47b38097822f83644f99412d?s=96&d=mm&r=g","caption":"Xo\u00e1n Alonso"},"sameAs":["http:\/\/anovapeneira.gal"],"url":"https:\/\/www.anovapeneira.gal\/index.php\/author\/opinionxoan-alonso\/"}]}},"jetpack_featured_media_url":"https:\/\/www.anovapeneira.gal\/wp-content\/uploads\/2019\/07\/ARTIGO_DE_OPINION_A_NOVA_PENEIRA.jpg","_links":{"self":[{"href":"https:\/\/www.anovapeneira.gal\/index.php\/wp-json\/wp\/v2\/posts\/15716","targetHints":{"allow":["GET"]}}],"collection":[{"href":"https:\/\/www.anovapeneira.gal\/index.php\/wp-json\/wp\/v2\/posts"}],"about":[{"href":"https:\/\/www.anovapeneira.gal\/index.php\/wp-json\/wp\/v2\/types\/post"}],"author":[{"embeddable":true,"href":"https:\/\/www.anovapeneira.gal\/index.php\/wp-json\/wp\/v2\/users\/14"}],"replies":[{"embeddable":true,"href":"https:\/\/www.anovapeneira.gal\/index.php\/wp-json\/wp\/v2\/comments?post=15716"}],"version-history":[{"count":2,"href":"https:\/\/www.anovapeneira.gal\/index.php\/wp-json\/wp\/v2\/posts\/15716\/revisions"}],"predecessor-version":[{"id":15718,"href":"https:\/\/www.anovapeneira.gal\/index.php\/wp-json\/wp\/v2\/posts\/15716\/revisions\/15718"}],"wp:featuredmedia":[{"embeddable":true,"href":"https:\/\/www.anovapeneira.gal\/index.php\/wp-json\/wp\/v2\/media\/584"}],"wp:attachment":[{"href":"https:\/\/www.anovapeneira.gal\/index.php\/wp-json\/wp\/v2\/media?parent=15716"}],"wp:term":[{"taxonomy":"category","embeddable":true,"href":"https:\/\/www.anovapeneira.gal\/index.php\/wp-json\/wp\/v2\/categories?post=15716"},{"taxonomy":"post_tag","embeddable":true,"href":"https:\/\/www.anovapeneira.gal\/index.php\/wp-json\/wp\/v2\/tags?post=15716"}],"curies":[{"name":"wp","href":"https:\/\/api.w.org\/{rel}","templated":true}]}}