{"id":15719,"date":"2026-04-28T10:00:57","date_gmt":"2026-04-28T08:00:57","guid":{"rendered":"https:\/\/www.anovapeneira.gal\/?p=15719"},"modified":"2026-04-27T13:05:17","modified_gmt":"2026-04-27T11:05:17","slug":"17-de-maio-dia-das-letras-galegas-e-normalizacion-linguistica","status":"publish","type":"post","link":"https:\/\/www.anovapeneira.gal\/index.php\/2026\/04\/28\/17-de-maio-dia-das-letras-galegas-e-normalizacion-linguistica\/","title":{"rendered":"17 de maio, D\u00eda das Letras Galegas e normalizaci\u00f3n ling\u00fc\u00edstica"},"content":{"rendered":"\n<figure class=\"wp-block-image size-large is-resized\"><img loading=\"lazy\" decoding=\"async\" width=\"818\" height=\"1024\" src=\"https:\/\/www.anovapeneira.gal\/wp-content\/uploads\/2024\/08\/oscar_lomba2-818x1024.jpg\" alt=\"\" class=\"wp-image-12311\" style=\"aspect-ratio:0.7988229949838438;width:93px;height:auto\" srcset=\"https:\/\/www.anovapeneira.gal\/wp-content\/uploads\/2024\/08\/oscar_lomba2-818x1024.jpg 818w, https:\/\/www.anovapeneira.gal\/wp-content\/uploads\/2024\/08\/oscar_lomba2-240x300.jpg 240w, https:\/\/www.anovapeneira.gal\/wp-content\/uploads\/2024\/08\/oscar_lomba2-768x961.jpg 768w, https:\/\/www.anovapeneira.gal\/wp-content\/uploads\/2024\/08\/oscar_lomba2-1228x1536.jpg 1228w, https:\/\/www.anovapeneira.gal\/wp-content\/uploads\/2024\/08\/oscar_lomba2.jpg 1242w\" sizes=\"auto, (max-width: 818px) 100vw, 818px\" \/><\/figure>\n\n\n\n<pre class=\"wp-block-verse\"><em><strong>\u00d3scar Lomba \u00c1lvarez<\/strong><\/em><\/pre>\n\n\n\n<p>Cada 17 de maio non \u00e9 unha simple conmemoraci\u00f3n cultural. \u00c9, en rigor, un acto pol\u00edtico no sentido m\u00e1is nobre do termo, unha afirmaci\u00f3n colectiva de existencia. O D\u00eda das Letras Galegas conv\u00e9rtese as\u00ed nun espazo de memoria e tam\u00e9n nun campo de disputa, porque toda lingua minorizada vive nun equilibrio inest\u00e1bel entre o que \u00e9 e o que lle permiten ser.<\/p>\n\n\n\n<p>A chamada normalizaci\u00f3n ling\u00fc\u00edstica non pode reducirse a unha serie de medidas administrativas nin a unha loita simb\u00f3lica. \u00c9, sobre todo, unha pr\u00e1ctica social que implica usos reais, decisi\u00f3ns coti\u00e1s e unha conciencia cr\u00edtica. Sen falantes que escollan o galego como lingua de vida \u2014non s\u00f3 de celebraci\u00f3n\u2014, a normalizaci\u00f3n queda convertida nunha ficci\u00f3n institucional, nunha sorte de escenograf\u00eda sen actores.<\/p>\n\n\n\n<p>A historia recente de Galiza demostra que os avances na dignificaci\u00f3n da nosa lingua sempre foron froito da tensi\u00f3n entre a sociedade civil e os poderes p\u00fablicos. Iniciativas como as promovidas por A Mesa pola Normalizaci\u00f3n Ling\u00fc\u00edstica evidencian que a defensa do galego non naceu da inercia, sen\u00f3n da vontade organizada de quen entendeu que os dereitos ling\u00fc\u00edsticos son tam\u00e9n dereitos democr\u00e1ticos. Esa vontade, por\u00e9n, enfr\u00f3ntase a din\u00e1micas de substituci\u00f3n ling\u00fc\u00edstica persistentes, alimentadas por inercias hist\u00f3ricas, por pol\u00edticas ambiguas e por prexu\u00edzos a\u00ednda activos.<\/p>\n\n\n\n<p>O 17 de maio, neste contexto, deber\u00eda servir menos para a autocompracencia e m\u00e1is para unha an\u00e1lise cr\u00edtica. Porque a lingua galega non precisa s\u00f3 homenaxes, sen\u00f3n condici\u00f3ns de posibilidade. Presenza efectiva no ensino, nos medios de comunicaci\u00f3n, na xustiza, na econom\u00eda&#8230; Precisa prestixio social, pero tam\u00e9n utilidade pr\u00e1ctica. Precisa, en definitiva, deixar de ser percibida como unha opci\u00f3n secundaria.<\/p>\n\n\n\n<p>Que o D\u00eda das Letras Galegas de 2026 estea dedicado a Bego\u00f1a Caama\u00f1o non \u00e9 unha casualidade nin un xesto inocuo. A s\u00faa traxectoria como xornalista, escritora e activista estivo marcada por unha defensa firme da lingua e por unha concepci\u00f3n \u00e9tica da comunicaci\u00f3n, sempre vencellada \u00e1 verdade e \u00e1 dignidade. A s\u00faa obra literaria, ademais, demostra que o galego non \u00e9 s\u00f3 un veh\u00edculo de transmisi\u00f3n, sen\u00f3n un espazo de creaci\u00f3n e de pensamento cr\u00edtico, capaz de reinterpretar os grandes relatos desde unha perspectiva propia.<\/p>\n\n\n\n<p>A normalizaci\u00f3n ling\u00fc\u00edstica, entendida con rigor, non \u00e9 unha meta que se conquiste dunha vez por todas, sen\u00f3n un proceso aberto, din\u00e1mico e inevitablemente conflitivo, que esixe lucidez e decisi\u00f3ns valentes. Sup\u00f3n asumir que cada renuncia individual engade unha fenda na continuidade colectiva, do mesmo xeito que cada acto de uso consciente se converte nun xesto de afirmaci\u00f3n e resistencia. Non abonda con conmemorar un d\u00eda dedicado \u00e1 literatura e \u00e1 lingua galega; c\u00f3mpre incorporala \u00e1 vida coti\u00e1, defendela nos espazos onde \u00e9 cuestionada e, cando sexa necesario, confrontar con firmeza os discursos que a subordinan ou a relegan.<\/p>\n\n\n\n<p>Neste 17 de maio, c\u00f3mpre reivindicar unha idea simple pero radical. Unha lingua vive na medida en que se usa con naturalidade e con orgullo. E iso non se decreta, constr\u00faese.<\/p>\n\n\n\n<p>Como afirmou Bego\u00f1a Caama\u00f1o, a escrita conv\u00e9rtese nun acto de creaci\u00f3n que transcende o inmediato, abrindo fendas por onde imaxinar e constru\u00edr horizontes m\u00e1is xustos e habit\u00e1beis, onde a liberdade deixa de ser unha abstracci\u00f3n para tomar forma na palabra. \u201c[\u2026] <em>Escribir perm\u00ed<\/em><em>teme crear espazos de xustiza e liberdade m<\/em><em>\u00e1<\/em><em>is semellantes ao mundo no que desexar<\/em><em>\u00ed<\/em><em>a vivir.<\/em>\u201d<\/p>\n","protected":false},"excerpt":{"rendered":"<div class=\"mh-excerpt\"><p>Cada 17 de maio non \u00e9 unha simple conmemoraci\u00f3n cultural. \u00c9, en rigor, un acto pol\u00edtico no sentido m\u00e1is nobre do termo, unha afirmaci\u00f3n colectiva de existencia <a class=\"mh-excerpt-more\" href=\"https:\/\/www.anovapeneira.gal\/index.php\/2026\/04\/28\/17-de-maio-dia-das-letras-galegas-e-normalizacion-linguistica\/\" title=\"17 de maio, D\u00eda das Letras Galegas e normalizaci\u00f3n ling\u00fc\u00edstica\">[&#8230;]<\/a><\/p>\n<\/div>","protected":false},"author":12,"featured_media":584,"comment_status":"open","ping_status":"open","sticky":false,"template":"","format":"standard","meta":{"_exactmetrics_skip_tracking":false,"_exactmetrics_sitenote_active":false,"_exactmetrics_sitenote_note":"","_exactmetrics_sitenote_category":0,"footnotes":""},"categories":[7],"tags":[],"class_list":{"0":"post-15719","1":"post","2":"type-post","3":"status-publish","4":"format-standard","5":"has-post-thumbnail","7":"category-artigos-de-opinion"},"yoast_head":"<!-- This site is optimized with the Yoast SEO plugin v27.4 - https:\/\/yoast.com\/product\/yoast-seo-wordpress\/ -->\n<title>17 de maio, D\u00eda das Letras Galegas e normalizaci\u00f3n ling\u00fc\u00edstica -<\/title>\n<meta name=\"robots\" content=\"index, follow, max-snippet:-1, max-image-preview:large, max-video-preview:-1\" \/>\n<link rel=\"canonical\" href=\"https:\/\/www.anovapeneira.gal\/index.php\/2026\/04\/28\/17-de-maio-dia-das-letras-galegas-e-normalizacion-linguistica\/\" \/>\n<meta property=\"og:locale\" content=\"gl_ES\" \/>\n<meta property=\"og:type\" content=\"article\" \/>\n<meta property=\"og:title\" content=\"17 de maio, D\u00eda das Letras Galegas e normalizaci\u00f3n ling\u00fc\u00edstica -\" \/>\n<meta property=\"og:description\" content=\"Cada 17 de maio non \u00e9 unha simple conmemoraci\u00f3n cultural. \u00c9, en rigor, un acto pol\u00edtico no sentido m\u00e1is nobre do termo, unha afirmaci\u00f3n colectiva de existencia [...]\" \/>\n<meta property=\"og:url\" content=\"https:\/\/www.anovapeneira.gal\/index.php\/2026\/04\/28\/17-de-maio-dia-das-letras-galegas-e-normalizacion-linguistica\/\" \/>\n<meta property=\"article:publisher\" content=\"https:\/\/www.facebook.com\/anovapeneira\" \/>\n<meta property=\"article:published_time\" content=\"2026-04-28T08:00:57+00:00\" \/>\n<meta property=\"og:image\" content=\"https:\/\/www.anovapeneira.gal\/wp-content\/uploads\/2019\/07\/ARTIGO_DE_OPINION_A_NOVA_PENEIRA.jpg\" \/>\n\t<meta property=\"og:image:width\" content=\"720\" \/>\n\t<meta property=\"og:image:height\" content=\"473\" \/>\n\t<meta property=\"og:image:type\" content=\"image\/jpeg\" \/>\n<meta name=\"author\" content=\"Artigos Opini\u00f3n\" \/>\n<meta name=\"twitter:card\" content=\"summary_large_image\" \/>\n<meta name=\"twitter:creator\" content=\"@APeneira\" \/>\n<meta name=\"twitter:site\" content=\"@APeneira\" \/>\n<meta name=\"twitter:label1\" content=\"Escrito por\" \/>\n\t<meta name=\"twitter:data1\" content=\"Artigos Opini\u00f3n\" \/>\n\t<meta name=\"twitter:label2\" content=\"Tempo de lectura\" \/>\n\t<meta name=\"twitter:data2\" content=\"4 minutos\" \/>\n<script type=\"application\/ld+json\" class=\"yoast-schema-graph\">{\"@context\":\"https:\\\/\\\/schema.org\",\"@graph\":[{\"@type\":\"Article\",\"@id\":\"https:\\\/\\\/www.anovapeneira.gal\\\/index.php\\\/2026\\\/04\\\/28\\\/17-de-maio-dia-das-letras-galegas-e-normalizacion-linguistica\\\/#article\",\"isPartOf\":{\"@id\":\"https:\\\/\\\/www.anovapeneira.gal\\\/index.php\\\/2026\\\/04\\\/28\\\/17-de-maio-dia-das-letras-galegas-e-normalizacion-linguistica\\\/\"},\"author\":{\"name\":\"Artigos Opini\u00f3n\",\"@id\":\"https:\\\/\\\/www.anovapeneira.gal\\\/#\\\/schema\\\/person\\\/f18a4feb302e8f20bcef4490b5b60bb3\"},\"headline\":\"17 de maio, D\u00eda das Letras Galegas e normalizaci\u00f3n ling\u00fc\u00edstica\",\"datePublished\":\"2026-04-28T08:00:57+00:00\",\"mainEntityOfPage\":{\"@id\":\"https:\\\/\\\/www.anovapeneira.gal\\\/index.php\\\/2026\\\/04\\\/28\\\/17-de-maio-dia-das-letras-galegas-e-normalizacion-linguistica\\\/\"},\"wordCount\":616,\"commentCount\":0,\"publisher\":{\"@id\":\"https:\\\/\\\/www.anovapeneira.gal\\\/#organization\"},\"image\":{\"@id\":\"https:\\\/\\\/www.anovapeneira.gal\\\/index.php\\\/2026\\\/04\\\/28\\\/17-de-maio-dia-das-letras-galegas-e-normalizacion-linguistica\\\/#primaryimage\"},\"thumbnailUrl\":\"https:\\\/\\\/www.anovapeneira.gal\\\/wp-content\\\/uploads\\\/2019\\\/07\\\/ARTIGO_DE_OPINION_A_NOVA_PENEIRA.jpg\",\"articleSection\":[\"Artigos de opini\u00f3n\"],\"inLanguage\":\"gl-ES\",\"potentialAction\":[{\"@type\":\"CommentAction\",\"name\":\"Comment\",\"target\":[\"https:\\\/\\\/www.anovapeneira.gal\\\/index.php\\\/2026\\\/04\\\/28\\\/17-de-maio-dia-das-letras-galegas-e-normalizacion-linguistica\\\/#respond\"]}]},{\"@type\":\"WebPage\",\"@id\":\"https:\\\/\\\/www.anovapeneira.gal\\\/index.php\\\/2026\\\/04\\\/28\\\/17-de-maio-dia-das-letras-galegas-e-normalizacion-linguistica\\\/\",\"url\":\"https:\\\/\\\/www.anovapeneira.gal\\\/index.php\\\/2026\\\/04\\\/28\\\/17-de-maio-dia-das-letras-galegas-e-normalizacion-linguistica\\\/\",\"name\":\"17 de maio, D\u00eda das Letras Galegas e normalizaci\u00f3n ling\u00fc\u00edstica -\",\"isPartOf\":{\"@id\":\"https:\\\/\\\/www.anovapeneira.gal\\\/#website\"},\"primaryImageOfPage\":{\"@id\":\"https:\\\/\\\/www.anovapeneira.gal\\\/index.php\\\/2026\\\/04\\\/28\\\/17-de-maio-dia-das-letras-galegas-e-normalizacion-linguistica\\\/#primaryimage\"},\"image\":{\"@id\":\"https:\\\/\\\/www.anovapeneira.gal\\\/index.php\\\/2026\\\/04\\\/28\\\/17-de-maio-dia-das-letras-galegas-e-normalizacion-linguistica\\\/#primaryimage\"},\"thumbnailUrl\":\"https:\\\/\\\/www.anovapeneira.gal\\\/wp-content\\\/uploads\\\/2019\\\/07\\\/ARTIGO_DE_OPINION_A_NOVA_PENEIRA.jpg\",\"datePublished\":\"2026-04-28T08:00:57+00:00\",\"breadcrumb\":{\"@id\":\"https:\\\/\\\/www.anovapeneira.gal\\\/index.php\\\/2026\\\/04\\\/28\\\/17-de-maio-dia-das-letras-galegas-e-normalizacion-linguistica\\\/#breadcrumb\"},\"inLanguage\":\"gl-ES\",\"potentialAction\":[{\"@type\":\"ReadAction\",\"target\":[\"https:\\\/\\\/www.anovapeneira.gal\\\/index.php\\\/2026\\\/04\\\/28\\\/17-de-maio-dia-das-letras-galegas-e-normalizacion-linguistica\\\/\"]}]},{\"@type\":\"ImageObject\",\"inLanguage\":\"gl-ES\",\"@id\":\"https:\\\/\\\/www.anovapeneira.gal\\\/index.php\\\/2026\\\/04\\\/28\\\/17-de-maio-dia-das-letras-galegas-e-normalizacion-linguistica\\\/#primaryimage\",\"url\":\"https:\\\/\\\/www.anovapeneira.gal\\\/wp-content\\\/uploads\\\/2019\\\/07\\\/ARTIGO_DE_OPINION_A_NOVA_PENEIRA.jpg\",\"contentUrl\":\"https:\\\/\\\/www.anovapeneira.gal\\\/wp-content\\\/uploads\\\/2019\\\/07\\\/ARTIGO_DE_OPINION_A_NOVA_PENEIRA.jpg\",\"width\":720,\"height\":473,\"caption\":\"Artigo de opini\u00f3n A Nova Peneira\"},{\"@type\":\"BreadcrumbList\",\"@id\":\"https:\\\/\\\/www.anovapeneira.gal\\\/index.php\\\/2026\\\/04\\\/28\\\/17-de-maio-dia-das-letras-galegas-e-normalizacion-linguistica\\\/#breadcrumb\",\"itemListElement\":[{\"@type\":\"ListItem\",\"position\":1,\"name\":\"Portada\",\"item\":\"https:\\\/\\\/www.anovapeneira.gal\\\/\"},{\"@type\":\"ListItem\",\"position\":2,\"name\":\"17 de maio, D\u00eda das Letras Galegas e normalizaci\u00f3n ling\u00fc\u00edstica\"}]},{\"@type\":\"WebSite\",\"@id\":\"https:\\\/\\\/www.anovapeneira.gal\\\/#website\",\"url\":\"https:\\\/\\\/www.anovapeneira.gal\\\/\",\"name\":\"\",\"description\":\"Xornal galego de informaci\u00f3n xeral Publicaci\u00f3n mensual de novas de Galicia e en especial dos Concellos da sur da provincia de Pontevedra.\",\"publisher\":{\"@id\":\"https:\\\/\\\/www.anovapeneira.gal\\\/#organization\"},\"potentialAction\":[{\"@type\":\"SearchAction\",\"target\":{\"@type\":\"EntryPoint\",\"urlTemplate\":\"https:\\\/\\\/www.anovapeneira.gal\\\/?s={search_term_string}\"},\"query-input\":{\"@type\":\"PropertyValueSpecification\",\"valueRequired\":true,\"valueName\":\"search_term_string\"}}],\"inLanguage\":\"gl-ES\"},{\"@type\":\"Organization\",\"@id\":\"https:\\\/\\\/www.anovapeneira.gal\\\/#organization\",\"name\":\"A Nova Peneira\",\"url\":\"https:\\\/\\\/www.anovapeneira.gal\\\/\",\"logo\":{\"@type\":\"ImageObject\",\"inLanguage\":\"gl-ES\",\"@id\":\"https:\\\/\\\/www.anovapeneira.gal\\\/#\\\/schema\\\/logo\\\/image\\\/\",\"url\":\"http:\\\/\\\/www.anovapeneira.gal\\\/wp-content\\\/uploads\\\/2019\\\/06\\\/logo_a_nova_peneira_portal_web.png\",\"contentUrl\":\"http:\\\/\\\/www.anovapeneira.gal\\\/wp-content\\\/uploads\\\/2019\\\/06\\\/logo_a_nova_peneira_portal_web.png\",\"width\":300,\"height\":100,\"caption\":\"A Nova Peneira\"},\"image\":{\"@id\":\"https:\\\/\\\/www.anovapeneira.gal\\\/#\\\/schema\\\/logo\\\/image\\\/\"},\"sameAs\":[\"https:\\\/\\\/www.facebook.com\\\/anovapeneira\",\"https:\\\/\\\/x.com\\\/APeneira\"]},{\"@type\":\"Person\",\"@id\":\"https:\\\/\\\/www.anovapeneira.gal\\\/#\\\/schema\\\/person\\\/f18a4feb302e8f20bcef4490b5b60bb3\",\"name\":\"Artigos Opini\u00f3n\",\"image\":{\"@type\":\"ImageObject\",\"inLanguage\":\"gl-ES\",\"@id\":\"https:\\\/\\\/secure.gravatar.com\\\/avatar\\\/072844300f4881150aee2da4278f7a65d16eefdf8262eb67085f1e702de2b959?s=96&d=mm&r=g\",\"url\":\"https:\\\/\\\/secure.gravatar.com\\\/avatar\\\/072844300f4881150aee2da4278f7a65d16eefdf8262eb67085f1e702de2b959?s=96&d=mm&r=g\",\"contentUrl\":\"https:\\\/\\\/secure.gravatar.com\\\/avatar\\\/072844300f4881150aee2da4278f7a65d16eefdf8262eb67085f1e702de2b959?s=96&d=mm&r=g\",\"caption\":\"Artigos Opini\u00f3n\"},\"sameAs\":[\"http:\\\/\\\/anovapeneira.gal\"],\"url\":\"https:\\\/\\\/www.anovapeneira.gal\\\/index.php\\\/author\\\/artigosopinion\\\/\"}]}<\/script>\n<!-- \/ Yoast SEO plugin. -->","yoast_head_json":{"title":"17 de maio, D\u00eda das Letras Galegas e normalizaci\u00f3n ling\u00fc\u00edstica -","robots":{"index":"index","follow":"follow","max-snippet":"max-snippet:-1","max-image-preview":"max-image-preview:large","max-video-preview":"max-video-preview:-1"},"canonical":"https:\/\/www.anovapeneira.gal\/index.php\/2026\/04\/28\/17-de-maio-dia-das-letras-galegas-e-normalizacion-linguistica\/","og_locale":"gl_ES","og_type":"article","og_title":"17 de maio, D\u00eda das Letras Galegas e normalizaci\u00f3n ling\u00fc\u00edstica -","og_description":"Cada 17 de maio non \u00e9 unha simple conmemoraci\u00f3n cultural. \u00c9, en rigor, un acto pol\u00edtico no sentido m\u00e1is nobre do termo, unha afirmaci\u00f3n colectiva de existencia [...]","og_url":"https:\/\/www.anovapeneira.gal\/index.php\/2026\/04\/28\/17-de-maio-dia-das-letras-galegas-e-normalizacion-linguistica\/","article_publisher":"https:\/\/www.facebook.com\/anovapeneira","article_published_time":"2026-04-28T08:00:57+00:00","og_image":[{"width":720,"height":473,"url":"https:\/\/www.anovapeneira.gal\/wp-content\/uploads\/2019\/07\/ARTIGO_DE_OPINION_A_NOVA_PENEIRA.jpg","type":"image\/jpeg"}],"author":"Artigos Opini\u00f3n","twitter_card":"summary_large_image","twitter_creator":"@APeneira","twitter_site":"@APeneira","twitter_misc":{"Escrito por":"Artigos Opini\u00f3n","Tempo de lectura":"4 minutos"},"schema":{"@context":"https:\/\/schema.org","@graph":[{"@type":"Article","@id":"https:\/\/www.anovapeneira.gal\/index.php\/2026\/04\/28\/17-de-maio-dia-das-letras-galegas-e-normalizacion-linguistica\/#article","isPartOf":{"@id":"https:\/\/www.anovapeneira.gal\/index.php\/2026\/04\/28\/17-de-maio-dia-das-letras-galegas-e-normalizacion-linguistica\/"},"author":{"name":"Artigos Opini\u00f3n","@id":"https:\/\/www.anovapeneira.gal\/#\/schema\/person\/f18a4feb302e8f20bcef4490b5b60bb3"},"headline":"17 de maio, D\u00eda das Letras Galegas e normalizaci\u00f3n ling\u00fc\u00edstica","datePublished":"2026-04-28T08:00:57+00:00","mainEntityOfPage":{"@id":"https:\/\/www.anovapeneira.gal\/index.php\/2026\/04\/28\/17-de-maio-dia-das-letras-galegas-e-normalizacion-linguistica\/"},"wordCount":616,"commentCount":0,"publisher":{"@id":"https:\/\/www.anovapeneira.gal\/#organization"},"image":{"@id":"https:\/\/www.anovapeneira.gal\/index.php\/2026\/04\/28\/17-de-maio-dia-das-letras-galegas-e-normalizacion-linguistica\/#primaryimage"},"thumbnailUrl":"https:\/\/www.anovapeneira.gal\/wp-content\/uploads\/2019\/07\/ARTIGO_DE_OPINION_A_NOVA_PENEIRA.jpg","articleSection":["Artigos de opini\u00f3n"],"inLanguage":"gl-ES","potentialAction":[{"@type":"CommentAction","name":"Comment","target":["https:\/\/www.anovapeneira.gal\/index.php\/2026\/04\/28\/17-de-maio-dia-das-letras-galegas-e-normalizacion-linguistica\/#respond"]}]},{"@type":"WebPage","@id":"https:\/\/www.anovapeneira.gal\/index.php\/2026\/04\/28\/17-de-maio-dia-das-letras-galegas-e-normalizacion-linguistica\/","url":"https:\/\/www.anovapeneira.gal\/index.php\/2026\/04\/28\/17-de-maio-dia-das-letras-galegas-e-normalizacion-linguistica\/","name":"17 de maio, D\u00eda das Letras Galegas e normalizaci\u00f3n ling\u00fc\u00edstica -","isPartOf":{"@id":"https:\/\/www.anovapeneira.gal\/#website"},"primaryImageOfPage":{"@id":"https:\/\/www.anovapeneira.gal\/index.php\/2026\/04\/28\/17-de-maio-dia-das-letras-galegas-e-normalizacion-linguistica\/#primaryimage"},"image":{"@id":"https:\/\/www.anovapeneira.gal\/index.php\/2026\/04\/28\/17-de-maio-dia-das-letras-galegas-e-normalizacion-linguistica\/#primaryimage"},"thumbnailUrl":"https:\/\/www.anovapeneira.gal\/wp-content\/uploads\/2019\/07\/ARTIGO_DE_OPINION_A_NOVA_PENEIRA.jpg","datePublished":"2026-04-28T08:00:57+00:00","breadcrumb":{"@id":"https:\/\/www.anovapeneira.gal\/index.php\/2026\/04\/28\/17-de-maio-dia-das-letras-galegas-e-normalizacion-linguistica\/#breadcrumb"},"inLanguage":"gl-ES","potentialAction":[{"@type":"ReadAction","target":["https:\/\/www.anovapeneira.gal\/index.php\/2026\/04\/28\/17-de-maio-dia-das-letras-galegas-e-normalizacion-linguistica\/"]}]},{"@type":"ImageObject","inLanguage":"gl-ES","@id":"https:\/\/www.anovapeneira.gal\/index.php\/2026\/04\/28\/17-de-maio-dia-das-letras-galegas-e-normalizacion-linguistica\/#primaryimage","url":"https:\/\/www.anovapeneira.gal\/wp-content\/uploads\/2019\/07\/ARTIGO_DE_OPINION_A_NOVA_PENEIRA.jpg","contentUrl":"https:\/\/www.anovapeneira.gal\/wp-content\/uploads\/2019\/07\/ARTIGO_DE_OPINION_A_NOVA_PENEIRA.jpg","width":720,"height":473,"caption":"Artigo de opini\u00f3n A Nova Peneira"},{"@type":"BreadcrumbList","@id":"https:\/\/www.anovapeneira.gal\/index.php\/2026\/04\/28\/17-de-maio-dia-das-letras-galegas-e-normalizacion-linguistica\/#breadcrumb","itemListElement":[{"@type":"ListItem","position":1,"name":"Portada","item":"https:\/\/www.anovapeneira.gal\/"},{"@type":"ListItem","position":2,"name":"17 de maio, D\u00eda das Letras Galegas e normalizaci\u00f3n ling\u00fc\u00edstica"}]},{"@type":"WebSite","@id":"https:\/\/www.anovapeneira.gal\/#website","url":"https:\/\/www.anovapeneira.gal\/","name":"","description":"Xornal galego de informaci\u00f3n xeral Publicaci\u00f3n mensual de novas de Galicia e en especial dos Concellos da sur da provincia de Pontevedra.","publisher":{"@id":"https:\/\/www.anovapeneira.gal\/#organization"},"potentialAction":[{"@type":"SearchAction","target":{"@type":"EntryPoint","urlTemplate":"https:\/\/www.anovapeneira.gal\/?s={search_term_string}"},"query-input":{"@type":"PropertyValueSpecification","valueRequired":true,"valueName":"search_term_string"}}],"inLanguage":"gl-ES"},{"@type":"Organization","@id":"https:\/\/www.anovapeneira.gal\/#organization","name":"A Nova Peneira","url":"https:\/\/www.anovapeneira.gal\/","logo":{"@type":"ImageObject","inLanguage":"gl-ES","@id":"https:\/\/www.anovapeneira.gal\/#\/schema\/logo\/image\/","url":"http:\/\/www.anovapeneira.gal\/wp-content\/uploads\/2019\/06\/logo_a_nova_peneira_portal_web.png","contentUrl":"http:\/\/www.anovapeneira.gal\/wp-content\/uploads\/2019\/06\/logo_a_nova_peneira_portal_web.png","width":300,"height":100,"caption":"A Nova Peneira"},"image":{"@id":"https:\/\/www.anovapeneira.gal\/#\/schema\/logo\/image\/"},"sameAs":["https:\/\/www.facebook.com\/anovapeneira","https:\/\/x.com\/APeneira"]},{"@type":"Person","@id":"https:\/\/www.anovapeneira.gal\/#\/schema\/person\/f18a4feb302e8f20bcef4490b5b60bb3","name":"Artigos Opini\u00f3n","image":{"@type":"ImageObject","inLanguage":"gl-ES","@id":"https:\/\/secure.gravatar.com\/avatar\/072844300f4881150aee2da4278f7a65d16eefdf8262eb67085f1e702de2b959?s=96&d=mm&r=g","url":"https:\/\/secure.gravatar.com\/avatar\/072844300f4881150aee2da4278f7a65d16eefdf8262eb67085f1e702de2b959?s=96&d=mm&r=g","contentUrl":"https:\/\/secure.gravatar.com\/avatar\/072844300f4881150aee2da4278f7a65d16eefdf8262eb67085f1e702de2b959?s=96&d=mm&r=g","caption":"Artigos Opini\u00f3n"},"sameAs":["http:\/\/anovapeneira.gal"],"url":"https:\/\/www.anovapeneira.gal\/index.php\/author\/artigosopinion\/"}]}},"jetpack_featured_media_url":"https:\/\/www.anovapeneira.gal\/wp-content\/uploads\/2019\/07\/ARTIGO_DE_OPINION_A_NOVA_PENEIRA.jpg","_links":{"self":[{"href":"https:\/\/www.anovapeneira.gal\/index.php\/wp-json\/wp\/v2\/posts\/15719","targetHints":{"allow":["GET"]}}],"collection":[{"href":"https:\/\/www.anovapeneira.gal\/index.php\/wp-json\/wp\/v2\/posts"}],"about":[{"href":"https:\/\/www.anovapeneira.gal\/index.php\/wp-json\/wp\/v2\/types\/post"}],"author":[{"embeddable":true,"href":"https:\/\/www.anovapeneira.gal\/index.php\/wp-json\/wp\/v2\/users\/12"}],"replies":[{"embeddable":true,"href":"https:\/\/www.anovapeneira.gal\/index.php\/wp-json\/wp\/v2\/comments?post=15719"}],"version-history":[{"count":1,"href":"https:\/\/www.anovapeneira.gal\/index.php\/wp-json\/wp\/v2\/posts\/15719\/revisions"}],"predecessor-version":[{"id":15720,"href":"https:\/\/www.anovapeneira.gal\/index.php\/wp-json\/wp\/v2\/posts\/15719\/revisions\/15720"}],"wp:featuredmedia":[{"embeddable":true,"href":"https:\/\/www.anovapeneira.gal\/index.php\/wp-json\/wp\/v2\/media\/584"}],"wp:attachment":[{"href":"https:\/\/www.anovapeneira.gal\/index.php\/wp-json\/wp\/v2\/media?parent=15719"}],"wp:term":[{"taxonomy":"category","embeddable":true,"href":"https:\/\/www.anovapeneira.gal\/index.php\/wp-json\/wp\/v2\/categories?post=15719"},{"taxonomy":"post_tag","embeddable":true,"href":"https:\/\/www.anovapeneira.gal\/index.php\/wp-json\/wp\/v2\/tags?post=15719"}],"curies":[{"name":"wp","href":"https:\/\/api.w.org\/{rel}","templated":true}]}}