{"id":15725,"date":"2026-04-29T10:00:24","date_gmt":"2026-04-29T08:00:24","guid":{"rendered":"https:\/\/www.anovapeneira.gal\/?p=15725"},"modified":"2026-04-27T13:11:40","modified_gmt":"2026-04-27T11:11:40","slug":"a-sanidade-publica-en-vias-de-extincion","status":"publish","type":"post","link":"https:\/\/www.anovapeneira.gal\/index.php\/2026\/04\/29\/a-sanidade-publica-en-vias-de-extincion\/","title":{"rendered":"A Sanidade P\u00fablica en v\u00edas de extinci\u00f3n"},"content":{"rendered":"\n<figure class=\"wp-block-image size-full is-resized\"><img loading=\"lazy\" decoding=\"async\" width=\"190\" height=\"222\" src=\"https:\/\/www.anovapeneira.gal\/wp-content\/uploads\/2019\/07\/pedro_cortegoso_opinion_a_nova_peneira_bn.jpg\" alt=\"Pedro M. Cortegoso Gago Artigo Opini\u00f3n A Nova Peneira\" class=\"wp-image-464\" style=\"width:88px;height:auto\"\/><figcaption class=\"wp-element-caption\">Pedro M. Cortegoso Gago<br>Traballador do Sergas<\/figcaption><\/figure>\n\n\n\n<p>Se lle preguntamos \u00e1 Intelixencia Artificial pola evoluci\u00f3n do investimento da Xunta na sanidade privada en Galiza cont\u00e9stanos que se caracteriza por un aumento sostido. Sinala que o gasto p\u00fablico vai derivado a concertos con hospitais privados, o que sup\u00f3n un crecemento da actividade asistencial neste sector.<\/p>\n\n\n\n<p>En datos dinos que a Xunta destinou m\u00e1is de 2,170 mill\u00f3ns de euros \u00e1 sanidade privada na \u00faltima d\u00e9cada. No ano 2023 foron 245,8 mill\u00f3ns de euros a centros concertados, nos orzamentos de 2026 a Xunta incrementou en 15 mill\u00f3ns m\u00e1is o adicado a sanidade privada polo aumento da actividade concertada. En total, o sector privado c\u00f3mese o 29,2% do investimento total en Galiza.<\/p>\n\n\n\n<p>O que non n\u00f3s d\u00ed a IA \u00e9 que os cartos que a pol\u00edtica privatizadora do PP destina \u00e1 sanidade privada saen da sanidade p\u00fablica, provocando un continuo deterioro da calidade asistencial.<\/p>\n\n\n\n<h3 class=\"wp-block-heading\">A aprobaci\u00f3n da Lei 15\/1997, de 25 de abril, sobre habilitaci\u00f3n de novas formas de xesti\u00f3n do Sistema Nacional de Sa\u00fade,<strong>cos votos a favor de <\/strong><strong>PP, PSOE, CiU, CC y PNV<\/strong>, abriu \u00e1 porta \u00e1 xesti\u00f3n privada da sanidade e foi o inicio do desmantelamento gradual da sanidade p\u00fablica..<\/h3>\n\n\n\n<p>Estamos ante un proceso lento, pero continuo, para traspasar os recursos p\u00fablicos a empresas privadas que s\u00f3 pensan na s\u00faa conta de resultados e non na nosa sa\u00fade. Pouco a pouco o Sergas vai fechando un centro aqu\u00ed e outro al\u00e1, privatizando o subministro de material as coci\u00f1as, o mantemento das instalaci\u00f3ns e dos aparellos de diagn\u00f3stico&#8230;<\/p>\n\n\n\n<p>E agora, \u201cpara mellorar a vida no rural e a achegar a atenci\u00f3n sanitaria aos pacientes\u201d, <strong>pretenden o peche das urxencias os s\u00e1bados <\/strong><strong>en moitos concellos da Galiza<\/strong>. Na nosa \u00e1rea sanitaria van fechar Vilaboa, Poio, Soutomaior, Barro, Cerdedo Cotobade, Ponte Caldelas, A Lama e Campo Lameiro; que agora para ser atendidos ter\u00e1n que ir ao PAC de A Parda en Pontevedra, saturando un servizo xa saturado. E todo isto anunciado polo Sr. Rueda no Telexornal como un gran logro para a sanidade galega..<\/p>\n\n\n\n<p><strong>En Mar\u00edn non estamos moito mellor.<\/strong> Hai pacientes que te\u00f1en que agardar <strong>m\u00e1is de d\u00faas semanas para poder ter unha cita <\/strong>co seu m\u00e9dico de cabeceira. Outro tanto acontece con Fisioterapia, Sa\u00fade Mental ou Nutricionista, con lista de agarda de meses.<\/p>\n\n\n\n<p>En Seixo est\u00e1 prevista a xubilaci\u00f3n de todo o persoal de enfermar\u00eda no mes de Maio, sen que a Xerencia aclare cal vai ser o futuro asistencial deste centro. Un centro que se non fora pola presi\u00f3n da Plataforma pola Defensa do Centro de Sa\u00fade de Seixo e de Mar\u00edn xa estar\u00eda pechado.<\/p>\n\n\n\n<p>Esta \u201cboa\u201d xesti\u00f3n non s\u00f3 provoca un deterioro da Atenci\u00f3n Primaria, tam\u00e9n implica un incremento das demandas asistenciais nos Puntos de Atenci\u00f3n Continuada e nas Urxencias de Montecelo. As\u00ed como un atraso na derivaci\u00f3n \u00e1 atenci\u00f3n especializada, o que repercute na detecci\u00f3n e tratamento das patolox\u00edas co conseguinte prexu\u00edzo para a nosa sa\u00fade.<\/p>\n\n\n\n<p><strong>Realmente n<\/strong><strong>on necesitamos <\/strong><strong>preguntarlle \u00e1 IA<\/strong><strong> para decat<\/strong><strong>\u00e1<\/strong><strong>r<\/strong><strong>mo<\/strong><strong>nos do incremento das listas de agarda, tanto na Atenci\u00f3n Primaria como na Especializada, <\/strong><strong>dos meses ou anos de espera para unha operaci\u00f3n. <\/strong><strong>Sen IA sabemos que a Sanidade P\u00fablica Galega, en mans destes depredadores que gobernan a Xunta, vai cami\u00f1o da extinci\u00f3n.<\/strong><\/p>\n\n\n\n<p><strong>Mar<\/strong><strong>\u00ed<\/strong><strong>n, 21 de Abril de 2026.<\/strong><\/p>\n\n\n\n<p><strong>Asdo.: Pedro M. Cortegoso Gago.<\/strong><\/p>\n","protected":false},"excerpt":{"rendered":"<div class=\"mh-excerpt\"><p>Se lle preguntamos \u00e1 Intelixencia Artificial pola evoluci\u00f3n do investimento da Xunta na sanidade privada en Galiza cont\u00e9stanos que se caracteriza por un aumento sostido. Sinala que o gasto p\u00fablico vai derivado a concertos con <a class=\"mh-excerpt-more\" href=\"https:\/\/www.anovapeneira.gal\/index.php\/2026\/04\/29\/a-sanidade-publica-en-vias-de-extincion\/\" title=\"A Sanidade P\u00fablica en v\u00edas de extinci\u00f3n\">[&#8230;]<\/a><\/p>\n<\/div>","protected":false},"author":4,"featured_media":584,"comment_status":"open","ping_status":"open","sticky":false,"template":"","format":"standard","meta":{"_exactmetrics_skip_tracking":false,"_exactmetrics_sitenote_active":false,"_exactmetrics_sitenote_note":"","_exactmetrics_sitenote_category":0,"footnotes":""},"categories":[7],"tags":[],"class_list":{"0":"post-15725","1":"post","2":"type-post","3":"status-publish","4":"format-standard","5":"has-post-thumbnail","7":"category-artigos-de-opinion"},"yoast_head":"<!-- This site is optimized with the Yoast SEO plugin v27.4 - https:\/\/yoast.com\/product\/yoast-seo-wordpress\/ -->\n<title>A Sanidade P\u00fablica en v\u00edas de extinci\u00f3n -<\/title>\n<meta name=\"robots\" content=\"index, follow, max-snippet:-1, max-image-preview:large, max-video-preview:-1\" \/>\n<link rel=\"canonical\" href=\"https:\/\/www.anovapeneira.gal\/index.php\/2026\/04\/29\/a-sanidade-publica-en-vias-de-extincion\/\" \/>\n<meta property=\"og:locale\" content=\"gl_ES\" \/>\n<meta property=\"og:type\" content=\"article\" \/>\n<meta property=\"og:title\" content=\"A Sanidade P\u00fablica en v\u00edas de extinci\u00f3n -\" \/>\n<meta property=\"og:description\" content=\"Se lle preguntamos \u00e1 Intelixencia Artificial pola evoluci\u00f3n do investimento da Xunta na sanidade privada en Galiza cont\u00e9stanos que se caracteriza por un aumento sostido. Sinala que o gasto p\u00fablico vai derivado a concertos con [...]\" \/>\n<meta property=\"og:url\" content=\"https:\/\/www.anovapeneira.gal\/index.php\/2026\/04\/29\/a-sanidade-publica-en-vias-de-extincion\/\" \/>\n<meta property=\"article:publisher\" content=\"https:\/\/www.facebook.com\/anovapeneira\" \/>\n<meta property=\"article:published_time\" content=\"2026-04-29T08:00:24+00:00\" \/>\n<meta property=\"og:image\" content=\"https:\/\/www.anovapeneira.gal\/wp-content\/uploads\/2019\/07\/ARTIGO_DE_OPINION_A_NOVA_PENEIRA.jpg\" \/>\n\t<meta property=\"og:image:width\" content=\"720\" \/>\n\t<meta property=\"og:image:height\" content=\"473\" \/>\n\t<meta property=\"og:image:type\" content=\"image\/jpeg\" \/>\n<meta name=\"author\" content=\"Pedro M. Cortegoso Gago\" \/>\n<meta name=\"twitter:card\" content=\"summary_large_image\" \/>\n<meta name=\"twitter:creator\" content=\"@APeneira\" \/>\n<meta name=\"twitter:site\" content=\"@APeneira\" \/>\n<meta name=\"twitter:label1\" content=\"Escrito por\" \/>\n\t<meta name=\"twitter:data1\" content=\"Pedro M. Cortegoso Gago\" \/>\n\t<meta name=\"twitter:label2\" content=\"Tempo de lectura\" \/>\n\t<meta name=\"twitter:data2\" content=\"4 minutos\" \/>\n<script type=\"application\/ld+json\" class=\"yoast-schema-graph\">{\"@context\":\"https:\\\/\\\/schema.org\",\"@graph\":[{\"@type\":\"Article\",\"@id\":\"https:\\\/\\\/www.anovapeneira.gal\\\/index.php\\\/2026\\\/04\\\/29\\\/a-sanidade-publica-en-vias-de-extincion\\\/#article\",\"isPartOf\":{\"@id\":\"https:\\\/\\\/www.anovapeneira.gal\\\/index.php\\\/2026\\\/04\\\/29\\\/a-sanidade-publica-en-vias-de-extincion\\\/\"},\"author\":{\"name\":\"Pedro M. Cortegoso Gago\",\"@id\":\"https:\\\/\\\/www.anovapeneira.gal\\\/#\\\/schema\\\/person\\\/c04a9c9f722c9446e71ae434c0353337\"},\"headline\":\"A Sanidade P\u00fablica en v\u00edas de extinci\u00f3n\",\"datePublished\":\"2026-04-29T08:00:24+00:00\",\"mainEntityOfPage\":{\"@id\":\"https:\\\/\\\/www.anovapeneira.gal\\\/index.php\\\/2026\\\/04\\\/29\\\/a-sanidade-publica-en-vias-de-extincion\\\/\"},\"wordCount\":601,\"commentCount\":0,\"publisher\":{\"@id\":\"https:\\\/\\\/www.anovapeneira.gal\\\/#organization\"},\"image\":{\"@id\":\"https:\\\/\\\/www.anovapeneira.gal\\\/index.php\\\/2026\\\/04\\\/29\\\/a-sanidade-publica-en-vias-de-extincion\\\/#primaryimage\"},\"thumbnailUrl\":\"https:\\\/\\\/www.anovapeneira.gal\\\/wp-content\\\/uploads\\\/2019\\\/07\\\/ARTIGO_DE_OPINION_A_NOVA_PENEIRA.jpg\",\"articleSection\":[\"Artigos de opini\u00f3n\"],\"inLanguage\":\"gl-ES\",\"potentialAction\":[{\"@type\":\"CommentAction\",\"name\":\"Comment\",\"target\":[\"https:\\\/\\\/www.anovapeneira.gal\\\/index.php\\\/2026\\\/04\\\/29\\\/a-sanidade-publica-en-vias-de-extincion\\\/#respond\"]}]},{\"@type\":\"WebPage\",\"@id\":\"https:\\\/\\\/www.anovapeneira.gal\\\/index.php\\\/2026\\\/04\\\/29\\\/a-sanidade-publica-en-vias-de-extincion\\\/\",\"url\":\"https:\\\/\\\/www.anovapeneira.gal\\\/index.php\\\/2026\\\/04\\\/29\\\/a-sanidade-publica-en-vias-de-extincion\\\/\",\"name\":\"A Sanidade P\u00fablica en v\u00edas de extinci\u00f3n -\",\"isPartOf\":{\"@id\":\"https:\\\/\\\/www.anovapeneira.gal\\\/#website\"},\"primaryImageOfPage\":{\"@id\":\"https:\\\/\\\/www.anovapeneira.gal\\\/index.php\\\/2026\\\/04\\\/29\\\/a-sanidade-publica-en-vias-de-extincion\\\/#primaryimage\"},\"image\":{\"@id\":\"https:\\\/\\\/www.anovapeneira.gal\\\/index.php\\\/2026\\\/04\\\/29\\\/a-sanidade-publica-en-vias-de-extincion\\\/#primaryimage\"},\"thumbnailUrl\":\"https:\\\/\\\/www.anovapeneira.gal\\\/wp-content\\\/uploads\\\/2019\\\/07\\\/ARTIGO_DE_OPINION_A_NOVA_PENEIRA.jpg\",\"datePublished\":\"2026-04-29T08:00:24+00:00\",\"breadcrumb\":{\"@id\":\"https:\\\/\\\/www.anovapeneira.gal\\\/index.php\\\/2026\\\/04\\\/29\\\/a-sanidade-publica-en-vias-de-extincion\\\/#breadcrumb\"},\"inLanguage\":\"gl-ES\",\"potentialAction\":[{\"@type\":\"ReadAction\",\"target\":[\"https:\\\/\\\/www.anovapeneira.gal\\\/index.php\\\/2026\\\/04\\\/29\\\/a-sanidade-publica-en-vias-de-extincion\\\/\"]}]},{\"@type\":\"ImageObject\",\"inLanguage\":\"gl-ES\",\"@id\":\"https:\\\/\\\/www.anovapeneira.gal\\\/index.php\\\/2026\\\/04\\\/29\\\/a-sanidade-publica-en-vias-de-extincion\\\/#primaryimage\",\"url\":\"https:\\\/\\\/www.anovapeneira.gal\\\/wp-content\\\/uploads\\\/2019\\\/07\\\/ARTIGO_DE_OPINION_A_NOVA_PENEIRA.jpg\",\"contentUrl\":\"https:\\\/\\\/www.anovapeneira.gal\\\/wp-content\\\/uploads\\\/2019\\\/07\\\/ARTIGO_DE_OPINION_A_NOVA_PENEIRA.jpg\",\"width\":720,\"height\":473,\"caption\":\"Artigo de opini\u00f3n A Nova Peneira\"},{\"@type\":\"BreadcrumbList\",\"@id\":\"https:\\\/\\\/www.anovapeneira.gal\\\/index.php\\\/2026\\\/04\\\/29\\\/a-sanidade-publica-en-vias-de-extincion\\\/#breadcrumb\",\"itemListElement\":[{\"@type\":\"ListItem\",\"position\":1,\"name\":\"Portada\",\"item\":\"https:\\\/\\\/www.anovapeneira.gal\\\/\"},{\"@type\":\"ListItem\",\"position\":2,\"name\":\"A Sanidade P\u00fablica en v\u00edas de extinci\u00f3n\"}]},{\"@type\":\"WebSite\",\"@id\":\"https:\\\/\\\/www.anovapeneira.gal\\\/#website\",\"url\":\"https:\\\/\\\/www.anovapeneira.gal\\\/\",\"name\":\"\",\"description\":\"Xornal galego de informaci\u00f3n xeral Publicaci\u00f3n mensual de novas de Galicia e en especial dos Concellos da sur da provincia de Pontevedra.\",\"publisher\":{\"@id\":\"https:\\\/\\\/www.anovapeneira.gal\\\/#organization\"},\"potentialAction\":[{\"@type\":\"SearchAction\",\"target\":{\"@type\":\"EntryPoint\",\"urlTemplate\":\"https:\\\/\\\/www.anovapeneira.gal\\\/?s={search_term_string}\"},\"query-input\":{\"@type\":\"PropertyValueSpecification\",\"valueRequired\":true,\"valueName\":\"search_term_string\"}}],\"inLanguage\":\"gl-ES\"},{\"@type\":\"Organization\",\"@id\":\"https:\\\/\\\/www.anovapeneira.gal\\\/#organization\",\"name\":\"A Nova Peneira\",\"url\":\"https:\\\/\\\/www.anovapeneira.gal\\\/\",\"logo\":{\"@type\":\"ImageObject\",\"inLanguage\":\"gl-ES\",\"@id\":\"https:\\\/\\\/www.anovapeneira.gal\\\/#\\\/schema\\\/logo\\\/image\\\/\",\"url\":\"http:\\\/\\\/www.anovapeneira.gal\\\/wp-content\\\/uploads\\\/2019\\\/06\\\/logo_a_nova_peneira_portal_web.png\",\"contentUrl\":\"http:\\\/\\\/www.anovapeneira.gal\\\/wp-content\\\/uploads\\\/2019\\\/06\\\/logo_a_nova_peneira_portal_web.png\",\"width\":300,\"height\":100,\"caption\":\"A Nova Peneira\"},\"image\":{\"@id\":\"https:\\\/\\\/www.anovapeneira.gal\\\/#\\\/schema\\\/logo\\\/image\\\/\"},\"sameAs\":[\"https:\\\/\\\/www.facebook.com\\\/anovapeneira\",\"https:\\\/\\\/x.com\\\/APeneira\"]},{\"@type\":\"Person\",\"@id\":\"https:\\\/\\\/www.anovapeneira.gal\\\/#\\\/schema\\\/person\\\/c04a9c9f722c9446e71ae434c0353337\",\"name\":\"Pedro M. Cortegoso Gago\",\"image\":{\"@type\":\"ImageObject\",\"inLanguage\":\"gl-ES\",\"@id\":\"https:\\\/\\\/secure.gravatar.com\\\/avatar\\\/1613b27278a972c04db5c2f04fb2cbfa9edb58d6c3e2547817ecb8240eb58381?s=96&d=mm&r=g\",\"url\":\"https:\\\/\\\/secure.gravatar.com\\\/avatar\\\/1613b27278a972c04db5c2f04fb2cbfa9edb58d6c3e2547817ecb8240eb58381?s=96&d=mm&r=g\",\"contentUrl\":\"https:\\\/\\\/secure.gravatar.com\\\/avatar\\\/1613b27278a972c04db5c2f04fb2cbfa9edb58d6c3e2547817ecb8240eb58381?s=96&d=mm&r=g\",\"caption\":\"Pedro M. Cortegoso Gago\"},\"sameAs\":[\"http:\\\/\\\/anovapeneira.gal\"],\"url\":\"https:\\\/\\\/www.anovapeneira.gal\\\/index.php\\\/author\\\/opinionpcortegoso\\\/\"}]}<\/script>\n<!-- \/ Yoast SEO plugin. -->","yoast_head_json":{"title":"A Sanidade P\u00fablica en v\u00edas de extinci\u00f3n -","robots":{"index":"index","follow":"follow","max-snippet":"max-snippet:-1","max-image-preview":"max-image-preview:large","max-video-preview":"max-video-preview:-1"},"canonical":"https:\/\/www.anovapeneira.gal\/index.php\/2026\/04\/29\/a-sanidade-publica-en-vias-de-extincion\/","og_locale":"gl_ES","og_type":"article","og_title":"A Sanidade P\u00fablica en v\u00edas de extinci\u00f3n -","og_description":"Se lle preguntamos \u00e1 Intelixencia Artificial pola evoluci\u00f3n do investimento da Xunta na sanidade privada en Galiza cont\u00e9stanos que se caracteriza por un aumento sostido. Sinala que o gasto p\u00fablico vai derivado a concertos con [...]","og_url":"https:\/\/www.anovapeneira.gal\/index.php\/2026\/04\/29\/a-sanidade-publica-en-vias-de-extincion\/","article_publisher":"https:\/\/www.facebook.com\/anovapeneira","article_published_time":"2026-04-29T08:00:24+00:00","og_image":[{"width":720,"height":473,"url":"https:\/\/www.anovapeneira.gal\/wp-content\/uploads\/2019\/07\/ARTIGO_DE_OPINION_A_NOVA_PENEIRA.jpg","type":"image\/jpeg"}],"author":"Pedro M. Cortegoso Gago","twitter_card":"summary_large_image","twitter_creator":"@APeneira","twitter_site":"@APeneira","twitter_misc":{"Escrito por":"Pedro M. Cortegoso Gago","Tempo de lectura":"4 minutos"},"schema":{"@context":"https:\/\/schema.org","@graph":[{"@type":"Article","@id":"https:\/\/www.anovapeneira.gal\/index.php\/2026\/04\/29\/a-sanidade-publica-en-vias-de-extincion\/#article","isPartOf":{"@id":"https:\/\/www.anovapeneira.gal\/index.php\/2026\/04\/29\/a-sanidade-publica-en-vias-de-extincion\/"},"author":{"name":"Pedro M. Cortegoso Gago","@id":"https:\/\/www.anovapeneira.gal\/#\/schema\/person\/c04a9c9f722c9446e71ae434c0353337"},"headline":"A Sanidade P\u00fablica en v\u00edas de extinci\u00f3n","datePublished":"2026-04-29T08:00:24+00:00","mainEntityOfPage":{"@id":"https:\/\/www.anovapeneira.gal\/index.php\/2026\/04\/29\/a-sanidade-publica-en-vias-de-extincion\/"},"wordCount":601,"commentCount":0,"publisher":{"@id":"https:\/\/www.anovapeneira.gal\/#organization"},"image":{"@id":"https:\/\/www.anovapeneira.gal\/index.php\/2026\/04\/29\/a-sanidade-publica-en-vias-de-extincion\/#primaryimage"},"thumbnailUrl":"https:\/\/www.anovapeneira.gal\/wp-content\/uploads\/2019\/07\/ARTIGO_DE_OPINION_A_NOVA_PENEIRA.jpg","articleSection":["Artigos de opini\u00f3n"],"inLanguage":"gl-ES","potentialAction":[{"@type":"CommentAction","name":"Comment","target":["https:\/\/www.anovapeneira.gal\/index.php\/2026\/04\/29\/a-sanidade-publica-en-vias-de-extincion\/#respond"]}]},{"@type":"WebPage","@id":"https:\/\/www.anovapeneira.gal\/index.php\/2026\/04\/29\/a-sanidade-publica-en-vias-de-extincion\/","url":"https:\/\/www.anovapeneira.gal\/index.php\/2026\/04\/29\/a-sanidade-publica-en-vias-de-extincion\/","name":"A Sanidade P\u00fablica en v\u00edas de extinci\u00f3n -","isPartOf":{"@id":"https:\/\/www.anovapeneira.gal\/#website"},"primaryImageOfPage":{"@id":"https:\/\/www.anovapeneira.gal\/index.php\/2026\/04\/29\/a-sanidade-publica-en-vias-de-extincion\/#primaryimage"},"image":{"@id":"https:\/\/www.anovapeneira.gal\/index.php\/2026\/04\/29\/a-sanidade-publica-en-vias-de-extincion\/#primaryimage"},"thumbnailUrl":"https:\/\/www.anovapeneira.gal\/wp-content\/uploads\/2019\/07\/ARTIGO_DE_OPINION_A_NOVA_PENEIRA.jpg","datePublished":"2026-04-29T08:00:24+00:00","breadcrumb":{"@id":"https:\/\/www.anovapeneira.gal\/index.php\/2026\/04\/29\/a-sanidade-publica-en-vias-de-extincion\/#breadcrumb"},"inLanguage":"gl-ES","potentialAction":[{"@type":"ReadAction","target":["https:\/\/www.anovapeneira.gal\/index.php\/2026\/04\/29\/a-sanidade-publica-en-vias-de-extincion\/"]}]},{"@type":"ImageObject","inLanguage":"gl-ES","@id":"https:\/\/www.anovapeneira.gal\/index.php\/2026\/04\/29\/a-sanidade-publica-en-vias-de-extincion\/#primaryimage","url":"https:\/\/www.anovapeneira.gal\/wp-content\/uploads\/2019\/07\/ARTIGO_DE_OPINION_A_NOVA_PENEIRA.jpg","contentUrl":"https:\/\/www.anovapeneira.gal\/wp-content\/uploads\/2019\/07\/ARTIGO_DE_OPINION_A_NOVA_PENEIRA.jpg","width":720,"height":473,"caption":"Artigo de opini\u00f3n A Nova Peneira"},{"@type":"BreadcrumbList","@id":"https:\/\/www.anovapeneira.gal\/index.php\/2026\/04\/29\/a-sanidade-publica-en-vias-de-extincion\/#breadcrumb","itemListElement":[{"@type":"ListItem","position":1,"name":"Portada","item":"https:\/\/www.anovapeneira.gal\/"},{"@type":"ListItem","position":2,"name":"A Sanidade P\u00fablica en v\u00edas de extinci\u00f3n"}]},{"@type":"WebSite","@id":"https:\/\/www.anovapeneira.gal\/#website","url":"https:\/\/www.anovapeneira.gal\/","name":"","description":"Xornal galego de informaci\u00f3n xeral Publicaci\u00f3n mensual de novas de Galicia e en especial dos Concellos da sur da provincia de Pontevedra.","publisher":{"@id":"https:\/\/www.anovapeneira.gal\/#organization"},"potentialAction":[{"@type":"SearchAction","target":{"@type":"EntryPoint","urlTemplate":"https:\/\/www.anovapeneira.gal\/?s={search_term_string}"},"query-input":{"@type":"PropertyValueSpecification","valueRequired":true,"valueName":"search_term_string"}}],"inLanguage":"gl-ES"},{"@type":"Organization","@id":"https:\/\/www.anovapeneira.gal\/#organization","name":"A Nova Peneira","url":"https:\/\/www.anovapeneira.gal\/","logo":{"@type":"ImageObject","inLanguage":"gl-ES","@id":"https:\/\/www.anovapeneira.gal\/#\/schema\/logo\/image\/","url":"http:\/\/www.anovapeneira.gal\/wp-content\/uploads\/2019\/06\/logo_a_nova_peneira_portal_web.png","contentUrl":"http:\/\/www.anovapeneira.gal\/wp-content\/uploads\/2019\/06\/logo_a_nova_peneira_portal_web.png","width":300,"height":100,"caption":"A Nova Peneira"},"image":{"@id":"https:\/\/www.anovapeneira.gal\/#\/schema\/logo\/image\/"},"sameAs":["https:\/\/www.facebook.com\/anovapeneira","https:\/\/x.com\/APeneira"]},{"@type":"Person","@id":"https:\/\/www.anovapeneira.gal\/#\/schema\/person\/c04a9c9f722c9446e71ae434c0353337","name":"Pedro M. Cortegoso Gago","image":{"@type":"ImageObject","inLanguage":"gl-ES","@id":"https:\/\/secure.gravatar.com\/avatar\/1613b27278a972c04db5c2f04fb2cbfa9edb58d6c3e2547817ecb8240eb58381?s=96&d=mm&r=g","url":"https:\/\/secure.gravatar.com\/avatar\/1613b27278a972c04db5c2f04fb2cbfa9edb58d6c3e2547817ecb8240eb58381?s=96&d=mm&r=g","contentUrl":"https:\/\/secure.gravatar.com\/avatar\/1613b27278a972c04db5c2f04fb2cbfa9edb58d6c3e2547817ecb8240eb58381?s=96&d=mm&r=g","caption":"Pedro M. Cortegoso Gago"},"sameAs":["http:\/\/anovapeneira.gal"],"url":"https:\/\/www.anovapeneira.gal\/index.php\/author\/opinionpcortegoso\/"}]}},"jetpack_featured_media_url":"https:\/\/www.anovapeneira.gal\/wp-content\/uploads\/2019\/07\/ARTIGO_DE_OPINION_A_NOVA_PENEIRA.jpg","_links":{"self":[{"href":"https:\/\/www.anovapeneira.gal\/index.php\/wp-json\/wp\/v2\/posts\/15725","targetHints":{"allow":["GET"]}}],"collection":[{"href":"https:\/\/www.anovapeneira.gal\/index.php\/wp-json\/wp\/v2\/posts"}],"about":[{"href":"https:\/\/www.anovapeneira.gal\/index.php\/wp-json\/wp\/v2\/types\/post"}],"author":[{"embeddable":true,"href":"https:\/\/www.anovapeneira.gal\/index.php\/wp-json\/wp\/v2\/users\/4"}],"replies":[{"embeddable":true,"href":"https:\/\/www.anovapeneira.gal\/index.php\/wp-json\/wp\/v2\/comments?post=15725"}],"version-history":[{"count":1,"href":"https:\/\/www.anovapeneira.gal\/index.php\/wp-json\/wp\/v2\/posts\/15725\/revisions"}],"predecessor-version":[{"id":15726,"href":"https:\/\/www.anovapeneira.gal\/index.php\/wp-json\/wp\/v2\/posts\/15725\/revisions\/15726"}],"wp:featuredmedia":[{"embeddable":true,"href":"https:\/\/www.anovapeneira.gal\/index.php\/wp-json\/wp\/v2\/media\/584"}],"wp:attachment":[{"href":"https:\/\/www.anovapeneira.gal\/index.php\/wp-json\/wp\/v2\/media?parent=15725"}],"wp:term":[{"taxonomy":"category","embeddable":true,"href":"https:\/\/www.anovapeneira.gal\/index.php\/wp-json\/wp\/v2\/categories?post=15725"},{"taxonomy":"post_tag","embeddable":true,"href":"https:\/\/www.anovapeneira.gal\/index.php\/wp-json\/wp\/v2\/tags?post=15725"}],"curies":[{"name":"wp","href":"https:\/\/api.w.org\/{rel}","templated":true}]}}