{"id":15729,"date":"2026-04-30T10:00:00","date_gmt":"2026-04-30T08:00:00","guid":{"rendered":"https:\/\/www.anovapeneira.gal\/?p=15729"},"modified":"2026-04-28T10:52:03","modified_gmt":"2026-04-28T08:52:03","slug":"alternativa-por-mondariz-denuncia-o-abandono-da-praza-de-abastos-e-esixe-a-adxudicacion-dos-postos-pechados","status":"publish","type":"post","link":"https:\/\/www.anovapeneira.gal\/index.php\/2026\/04\/30\/alternativa-por-mondariz-denuncia-o-abandono-da-praza-de-abastos-e-esixe-a-adxudicacion-dos-postos-pechados\/","title":{"rendered":"Alternativa por Mondariz denuncia o abandono da praza de abastos e esixe a adxudicaci\u00f3n dos postos pechados"},"content":{"rendered":"\n<p>Calis: \u201c<em>temos<\/em> <em>que<\/em> <em>po\u00f1er<\/em> <em>de<\/em> <em>novo<\/em> <em>en<\/em> <em>valor<\/em> <em>a<\/em> <em>praza<\/em> <em>como<\/em> <em>un<\/em> <em>espazo<\/em> <em>clave<\/em> <em>para<\/em> <em>a<\/em> <em>econom\u00eda<\/em> <em>local\u201d<\/em><\/p>\n\n\n\n<p><strong>Mondariz, 16.04.2026<\/strong><\/p>\n\n\n\n<p>Alternativa por Mondariz v\u00e9n de denunciar a situaci\u00f3n de abandono que sofre a praza de abastos do municipio, un edi\ufb01cio singular que constit\u00fae un dos principais espazos de encontro da veci\u00f1anza e un elemento fundamental da vida social e econ\u00f3mica local.<\/p>\n\n\n\n<p>A formaci\u00f3n lembra que <strong>o<\/strong> <strong>mercado<\/strong> <strong>\u00e9,<\/strong> <strong>desde<\/strong> <strong>hai<\/strong> <strong>d\u00e9cadas,<\/strong> <strong>un<\/strong> <strong>lugar<\/strong> <strong>vital<\/strong> <strong>para<\/strong> <strong>Mondariz,<\/strong> <strong>onde<\/strong> <strong>existe<\/strong> <strong>unha<\/strong> <strong>arraigada<\/strong> <strong>cultura<\/strong> <strong>de<\/strong> <strong>compra<\/strong> <strong>de<\/strong> <strong>produtos<\/strong> <strong>frescos<\/strong> <strong>e<\/strong> <strong>de<\/strong> <strong>proximidade<\/strong>. Esta funci\u00f3n intensif\u00edcase especialmente os domingos, coincidindo coa celebraci\u00f3n da feira, que converte a praza nun punto de atracci\u00f3n tanto para a veci\u00f1anza como para visitantes doutros concellos.<\/p>\n\n\n\n<p>Por\u00e9n, a realidade actual dista moito do seu potencial. <strong>Dos<\/strong> <strong>seis<\/strong> <strong>postos<\/strong> <strong>existentes,<\/strong> <strong>s\u00f3<\/strong> <strong>dous<\/strong> <strong>permanecen<\/strong> <strong>abertos<\/strong> <strong>na<\/strong> <strong>actualidade<\/strong>, tras o peche progresivo de distintos negocios nos \u00faltimos meses. Esta situaci\u00f3n, sinalan desde Alternativa, \u00e9 ben co\u00f1ecida polo goberno local, que non puxo en marcha os tr\u00e1mites necesarios para a reapertura e adxudicaci\u00f3n dos postos dispo\u00f1ibles a novas persoas interesadas.<\/p>\n\n\n\n<p>Desde AporM criticamos a falta de vontade pol\u00edtica do goberno municipal, ao que acusan de dar respostas vagas e dilatar no tempo unha soluci\u00f3n que consideran urxente. \u201c<em>Nos<\/em> <em>\u00faltimos<\/em> <em>plenos<\/em> <em>preguntouse<\/em> <em>reiteradamente<\/em> <em>pola<\/em> <em>situaci\u00f3n<\/em> <em>dos<\/em> <em>postos<\/em> <em>baleiros<\/em> <em>e<\/em> <em>a<\/em> <em>resposta<\/em> <em>sempre<\/em> <em>foi<\/em> <em>a<\/em> <em>mesma:<\/em> <em>que<\/em> <em>se<\/em> <em>vai<\/em> <em>facer<\/em> <em>de<\/em> <em>inmediato.<\/em> <em>Pero<\/em> <em>o<\/em> <em>tempo<\/em> <em>pasa<\/em> <em>e<\/em> <em>nada<\/em> <em>cambia<\/em>\u201d, denuncian.<\/p>\n\n\n\n<p>A formaci\u00f3n tam\u00e9n lembra que no ano 2024, cando AporM estaba no goberno, xa se impulsou unha solicitude de subvenci\u00f3n destinada \u00e1 mellora das infraestruturas da praza de abastos, tanto no seu interior como no exterior, co obxectivo de reforzar o seu atractivo e funcionalidade. Neste sentido, <strong>lamentamos<\/strong> <strong>que<\/strong> <strong>non<\/strong> <strong>se<\/strong> <strong>estea<\/strong> <strong>a<\/strong> <strong>actuar<\/strong> <strong>na<\/strong> <strong>recuperaci\u00f3n<\/strong> <strong>dos<\/strong> <strong>espazos<\/strong> <strong>comerciais<\/strong>.<\/p>\n\n\n\n<p>AporM insiste en que a praza de abastos non \u00e9 s\u00f3 un equipamento municipal, sen\u00f3n un elemento central da identidade local, cun importante valor patrimonial e social. \u201c<em>Estamos<\/em> <em>a<\/em> <em>falar<\/em> <em>dun<\/em> <em>espazo<\/em> <em>que<\/em> <em>xera<\/em> <em>vida,<\/em> <em>que<\/em> <em>dinamiza<\/em> <em>o<\/em> <em>comercio<\/em> <em>e<\/em> <em>que<\/em> <em>contrib\u00fae<\/em> <em>a<\/em> <em>facer<\/em> <em>m\u00e1is<\/em> <em>atractivo<\/em><\/p>\n\n\n\n<p><em>o<\/em> <em>concello.<\/em> <em>Non<\/em> <em>se<\/em> <em>pode<\/em> <em>permitir<\/em> <em>o<\/em> <em>seu<\/em> <em>deterioro<\/em> <em>nin<\/em> <em>a<\/em> <em>perda<\/em> <em>progresiva<\/em> <em>da<\/em> <em>s\u00faa<\/em> <em>actividade<\/em>\u201d, sinalan.<\/p>\n\n\n\n<p>Por todo isto, a formaci\u00f3n esixe ao goberno local que act\u00fae de maneira inmediata para reabrir os postos pechados, mellorar as instalaci\u00f3ns e recuperar o papel da praza como motor econ\u00f3mico e social de Mondariz.<\/p>\n","protected":false},"excerpt":{"rendered":"<div class=\"mh-excerpt\"><p>Calis: \u201ctemos que po\u00f1er de novo en valor a praza como un espazo clave para a econom\u00eda local\u201d <a class=\"mh-excerpt-more\" href=\"https:\/\/www.anovapeneira.gal\/index.php\/2026\/04\/30\/alternativa-por-mondariz-denuncia-o-abandono-da-praza-de-abastos-e-esixe-a-adxudicacion-dos-postos-pechados\/\" title=\"Alternativa por Mondariz denuncia o abandono da praza de abastos e esixe a adxudicaci\u00f3n dos postos pechados\">[&#8230;]<\/a><\/p>\n<\/div>","protected":false},"author":3,"featured_media":15730,"comment_status":"open","ping_status":"open","sticky":false,"template":"","format":"standard","meta":{"_exactmetrics_skip_tracking":false,"_exactmetrics_sitenote_active":false,"_exactmetrics_sitenote_note":"","_exactmetrics_sitenote_category":0,"footnotes":""},"categories":[25],"tags":[405],"class_list":{"0":"post-15729","1":"post","2":"type-post","3":"status-publish","4":"format-standard","5":"has-post-thumbnail","7":"category-condado","8":"tag-concello-de-mondariz"},"yoast_head":"<!-- This site is optimized with the Yoast SEO plugin v27.5 - https:\/\/yoast.com\/product\/yoast-seo-wordpress\/ -->\n<title>Alternativa por Mondariz denuncia o abandono da praza de abastos e esixe a adxudicaci\u00f3n dos postos pechados -<\/title>\n<meta name=\"robots\" content=\"index, follow, max-snippet:-1, max-image-preview:large, max-video-preview:-1\" \/>\n<link rel=\"canonical\" href=\"https:\/\/www.anovapeneira.gal\/index.php\/2026\/04\/30\/alternativa-por-mondariz-denuncia-o-abandono-da-praza-de-abastos-e-esixe-a-adxudicacion-dos-postos-pechados\/\" \/>\n<meta property=\"og:locale\" content=\"gl_ES\" \/>\n<meta property=\"og:type\" content=\"article\" \/>\n<meta property=\"og:title\" content=\"Alternativa por Mondariz denuncia o abandono da praza de abastos e esixe a adxudicaci\u00f3n dos postos pechados -\" \/>\n<meta property=\"og:description\" content=\"Calis: \u201ctemos que po\u00f1er de novo en valor a praza como un espazo clave para a econom\u00eda local\u201d [...]\" \/>\n<meta property=\"og:url\" content=\"https:\/\/www.anovapeneira.gal\/index.php\/2026\/04\/30\/alternativa-por-mondariz-denuncia-o-abandono-da-praza-de-abastos-e-esixe-a-adxudicacion-dos-postos-pechados\/\" \/>\n<meta property=\"article:publisher\" content=\"https:\/\/www.facebook.com\/anovapeneira\" \/>\n<meta property=\"article:published_time\" content=\"2026-04-30T08:00:00+00:00\" \/>\n<meta property=\"og:image\" content=\"https:\/\/www.anovapeneira.gal\/wp-content\/uploads\/2026\/04\/alternativa_mondariz.png\" \/>\n\t<meta property=\"og:image:width\" content=\"720\" \/>\n\t<meta property=\"og:image:height\" content=\"432\" \/>\n\t<meta property=\"og:image:type\" content=\"image\/png\" \/>\n<meta name=\"author\" content=\"Redacci\u00f3n A Nova Peneira\" \/>\n<meta name=\"twitter:card\" content=\"summary_large_image\" \/>\n<meta name=\"twitter:creator\" content=\"@APeneira\" \/>\n<meta name=\"twitter:site\" content=\"@APeneira\" \/>\n<meta name=\"twitter:label1\" content=\"Escrito por\" \/>\n\t<meta name=\"twitter:data1\" content=\"Redacci\u00f3n A Nova Peneira\" \/>\n\t<meta name=\"twitter:label2\" content=\"Tempo de lectura\" \/>\n\t<meta name=\"twitter:data2\" content=\"3 minutos\" \/>\n<script type=\"application\/ld+json\" class=\"yoast-schema-graph\">{\"@context\":\"https:\\\/\\\/schema.org\",\"@graph\":[{\"@type\":\"Article\",\"@id\":\"https:\\\/\\\/www.anovapeneira.gal\\\/index.php\\\/2026\\\/04\\\/30\\\/alternativa-por-mondariz-denuncia-o-abandono-da-praza-de-abastos-e-esixe-a-adxudicacion-dos-postos-pechados\\\/#article\",\"isPartOf\":{\"@id\":\"https:\\\/\\\/www.anovapeneira.gal\\\/index.php\\\/2026\\\/04\\\/30\\\/alternativa-por-mondariz-denuncia-o-abandono-da-praza-de-abastos-e-esixe-a-adxudicacion-dos-postos-pechados\\\/\"},\"author\":{\"name\":\"Redacci\u00f3n A Nova Peneira\",\"@id\":\"https:\\\/\\\/www.anovapeneira.gal\\\/#\\\/schema\\\/person\\\/b93e3f8932e3f8da96334607eb6ac6aa\"},\"headline\":\"Alternativa por Mondariz denuncia o abandono da praza de abastos e esixe a adxudicaci\u00f3n dos postos pechados\",\"datePublished\":\"2026-04-30T08:00:00+00:00\",\"mainEntityOfPage\":{\"@id\":\"https:\\\/\\\/www.anovapeneira.gal\\\/index.php\\\/2026\\\/04\\\/30\\\/alternativa-por-mondariz-denuncia-o-abandono-da-praza-de-abastos-e-esixe-a-adxudicacion-dos-postos-pechados\\\/\"},\"wordCount\":440,\"commentCount\":0,\"publisher\":{\"@id\":\"https:\\\/\\\/www.anovapeneira.gal\\\/#organization\"},\"image\":{\"@id\":\"https:\\\/\\\/www.anovapeneira.gal\\\/index.php\\\/2026\\\/04\\\/30\\\/alternativa-por-mondariz-denuncia-o-abandono-da-praza-de-abastos-e-esixe-a-adxudicacion-dos-postos-pechados\\\/#primaryimage\"},\"thumbnailUrl\":\"https:\\\/\\\/www.anovapeneira.gal\\\/wp-content\\\/uploads\\\/2026\\\/04\\\/alternativa_mondariz.png\",\"keywords\":[\"Concello de Mondariz\"],\"articleSection\":[\"Condado\"],\"inLanguage\":\"gl-ES\",\"potentialAction\":[{\"@type\":\"CommentAction\",\"name\":\"Comment\",\"target\":[\"https:\\\/\\\/www.anovapeneira.gal\\\/index.php\\\/2026\\\/04\\\/30\\\/alternativa-por-mondariz-denuncia-o-abandono-da-praza-de-abastos-e-esixe-a-adxudicacion-dos-postos-pechados\\\/#respond\"]}]},{\"@type\":\"WebPage\",\"@id\":\"https:\\\/\\\/www.anovapeneira.gal\\\/index.php\\\/2026\\\/04\\\/30\\\/alternativa-por-mondariz-denuncia-o-abandono-da-praza-de-abastos-e-esixe-a-adxudicacion-dos-postos-pechados\\\/\",\"url\":\"https:\\\/\\\/www.anovapeneira.gal\\\/index.php\\\/2026\\\/04\\\/30\\\/alternativa-por-mondariz-denuncia-o-abandono-da-praza-de-abastos-e-esixe-a-adxudicacion-dos-postos-pechados\\\/\",\"name\":\"Alternativa por Mondariz denuncia o abandono da praza de abastos e esixe a adxudicaci\u00f3n dos postos pechados -\",\"isPartOf\":{\"@id\":\"https:\\\/\\\/www.anovapeneira.gal\\\/#website\"},\"primaryImageOfPage\":{\"@id\":\"https:\\\/\\\/www.anovapeneira.gal\\\/index.php\\\/2026\\\/04\\\/30\\\/alternativa-por-mondariz-denuncia-o-abandono-da-praza-de-abastos-e-esixe-a-adxudicacion-dos-postos-pechados\\\/#primaryimage\"},\"image\":{\"@id\":\"https:\\\/\\\/www.anovapeneira.gal\\\/index.php\\\/2026\\\/04\\\/30\\\/alternativa-por-mondariz-denuncia-o-abandono-da-praza-de-abastos-e-esixe-a-adxudicacion-dos-postos-pechados\\\/#primaryimage\"},\"thumbnailUrl\":\"https:\\\/\\\/www.anovapeneira.gal\\\/wp-content\\\/uploads\\\/2026\\\/04\\\/alternativa_mondariz.png\",\"datePublished\":\"2026-04-30T08:00:00+00:00\",\"breadcrumb\":{\"@id\":\"https:\\\/\\\/www.anovapeneira.gal\\\/index.php\\\/2026\\\/04\\\/30\\\/alternativa-por-mondariz-denuncia-o-abandono-da-praza-de-abastos-e-esixe-a-adxudicacion-dos-postos-pechados\\\/#breadcrumb\"},\"inLanguage\":\"gl-ES\",\"potentialAction\":[{\"@type\":\"ReadAction\",\"target\":[\"https:\\\/\\\/www.anovapeneira.gal\\\/index.php\\\/2026\\\/04\\\/30\\\/alternativa-por-mondariz-denuncia-o-abandono-da-praza-de-abastos-e-esixe-a-adxudicacion-dos-postos-pechados\\\/\"]}]},{\"@type\":\"ImageObject\",\"inLanguage\":\"gl-ES\",\"@id\":\"https:\\\/\\\/www.anovapeneira.gal\\\/index.php\\\/2026\\\/04\\\/30\\\/alternativa-por-mondariz-denuncia-o-abandono-da-praza-de-abastos-e-esixe-a-adxudicacion-dos-postos-pechados\\\/#primaryimage\",\"url\":\"https:\\\/\\\/www.anovapeneira.gal\\\/wp-content\\\/uploads\\\/2026\\\/04\\\/alternativa_mondariz.png\",\"contentUrl\":\"https:\\\/\\\/www.anovapeneira.gal\\\/wp-content\\\/uploads\\\/2026\\\/04\\\/alternativa_mondariz.png\",\"width\":720,\"height\":432},{\"@type\":\"BreadcrumbList\",\"@id\":\"https:\\\/\\\/www.anovapeneira.gal\\\/index.php\\\/2026\\\/04\\\/30\\\/alternativa-por-mondariz-denuncia-o-abandono-da-praza-de-abastos-e-esixe-a-adxudicacion-dos-postos-pechados\\\/#breadcrumb\",\"itemListElement\":[{\"@type\":\"ListItem\",\"position\":1,\"name\":\"Portada\",\"item\":\"https:\\\/\\\/www.anovapeneira.gal\\\/\"},{\"@type\":\"ListItem\",\"position\":2,\"name\":\"Alternativa por Mondariz denuncia o abandono da praza de abastos e esixe a adxudicaci\u00f3n dos postos pechados\"}]},{\"@type\":\"WebSite\",\"@id\":\"https:\\\/\\\/www.anovapeneira.gal\\\/#website\",\"url\":\"https:\\\/\\\/www.anovapeneira.gal\\\/\",\"name\":\"\",\"description\":\"Xornal galego de informaci\u00f3n xeral Publicaci\u00f3n mensual de novas de Galicia e en especial dos Concellos da sur da provincia de Pontevedra.\",\"publisher\":{\"@id\":\"https:\\\/\\\/www.anovapeneira.gal\\\/#organization\"},\"potentialAction\":[{\"@type\":\"SearchAction\",\"target\":{\"@type\":\"EntryPoint\",\"urlTemplate\":\"https:\\\/\\\/www.anovapeneira.gal\\\/?s={search_term_string}\"},\"query-input\":{\"@type\":\"PropertyValueSpecification\",\"valueRequired\":true,\"valueName\":\"search_term_string\"}}],\"inLanguage\":\"gl-ES\"},{\"@type\":\"Organization\",\"@id\":\"https:\\\/\\\/www.anovapeneira.gal\\\/#organization\",\"name\":\"A Nova Peneira\",\"url\":\"https:\\\/\\\/www.anovapeneira.gal\\\/\",\"logo\":{\"@type\":\"ImageObject\",\"inLanguage\":\"gl-ES\",\"@id\":\"https:\\\/\\\/www.anovapeneira.gal\\\/#\\\/schema\\\/logo\\\/image\\\/\",\"url\":\"http:\\\/\\\/www.anovapeneira.gal\\\/wp-content\\\/uploads\\\/2019\\\/06\\\/logo_a_nova_peneira_portal_web.png\",\"contentUrl\":\"http:\\\/\\\/www.anovapeneira.gal\\\/wp-content\\\/uploads\\\/2019\\\/06\\\/logo_a_nova_peneira_portal_web.png\",\"width\":300,\"height\":100,\"caption\":\"A Nova Peneira\"},\"image\":{\"@id\":\"https:\\\/\\\/www.anovapeneira.gal\\\/#\\\/schema\\\/logo\\\/image\\\/\"},\"sameAs\":[\"https:\\\/\\\/www.facebook.com\\\/anovapeneira\",\"https:\\\/\\\/x.com\\\/APeneira\"]},{\"@type\":\"Person\",\"@id\":\"https:\\\/\\\/www.anovapeneira.gal\\\/#\\\/schema\\\/person\\\/b93e3f8932e3f8da96334607eb6ac6aa\",\"name\":\"Redacci\u00f3n A Nova Peneira\",\"image\":{\"@type\":\"ImageObject\",\"inLanguage\":\"gl-ES\",\"@id\":\"https:\\\/\\\/secure.gravatar.com\\\/avatar\\\/c052a2551a06e23fac63626232eaa90abd78dbcf1700fc46a2b2c89fd27b735f?s=96&d=mm&r=g\",\"url\":\"https:\\\/\\\/secure.gravatar.com\\\/avatar\\\/c052a2551a06e23fac63626232eaa90abd78dbcf1700fc46a2b2c89fd27b735f?s=96&d=mm&r=g\",\"contentUrl\":\"https:\\\/\\\/secure.gravatar.com\\\/avatar\\\/c052a2551a06e23fac63626232eaa90abd78dbcf1700fc46a2b2c89fd27b735f?s=96&d=mm&r=g\",\"caption\":\"Redacci\u00f3n A Nova Peneira\"},\"sameAs\":[\"http:\\\/\\\/www.anovapeneira.gal\\\/\"],\"url\":\"https:\\\/\\\/www.anovapeneira.gal\\\/index.php\\\/author\\\/redactor\\\/\"}]}<\/script>\n<!-- \/ Yoast SEO plugin. -->","yoast_head_json":{"title":"Alternativa por Mondariz denuncia o abandono da praza de abastos e esixe a adxudicaci\u00f3n dos postos pechados -","robots":{"index":"index","follow":"follow","max-snippet":"max-snippet:-1","max-image-preview":"max-image-preview:large","max-video-preview":"max-video-preview:-1"},"canonical":"https:\/\/www.anovapeneira.gal\/index.php\/2026\/04\/30\/alternativa-por-mondariz-denuncia-o-abandono-da-praza-de-abastos-e-esixe-a-adxudicacion-dos-postos-pechados\/","og_locale":"gl_ES","og_type":"article","og_title":"Alternativa por Mondariz denuncia o abandono da praza de abastos e esixe a adxudicaci\u00f3n dos postos pechados -","og_description":"Calis: \u201ctemos que po\u00f1er de novo en valor a praza como un espazo clave para a econom\u00eda local\u201d [...]","og_url":"https:\/\/www.anovapeneira.gal\/index.php\/2026\/04\/30\/alternativa-por-mondariz-denuncia-o-abandono-da-praza-de-abastos-e-esixe-a-adxudicacion-dos-postos-pechados\/","article_publisher":"https:\/\/www.facebook.com\/anovapeneira","article_published_time":"2026-04-30T08:00:00+00:00","og_image":[{"width":720,"height":432,"url":"https:\/\/www.anovapeneira.gal\/wp-content\/uploads\/2026\/04\/alternativa_mondariz.png","type":"image\/png"}],"author":"Redacci\u00f3n A Nova Peneira","twitter_card":"summary_large_image","twitter_creator":"@APeneira","twitter_site":"@APeneira","twitter_misc":{"Escrito por":"Redacci\u00f3n A Nova Peneira","Tempo de lectura":"3 minutos"},"schema":{"@context":"https:\/\/schema.org","@graph":[{"@type":"Article","@id":"https:\/\/www.anovapeneira.gal\/index.php\/2026\/04\/30\/alternativa-por-mondariz-denuncia-o-abandono-da-praza-de-abastos-e-esixe-a-adxudicacion-dos-postos-pechados\/#article","isPartOf":{"@id":"https:\/\/www.anovapeneira.gal\/index.php\/2026\/04\/30\/alternativa-por-mondariz-denuncia-o-abandono-da-praza-de-abastos-e-esixe-a-adxudicacion-dos-postos-pechados\/"},"author":{"name":"Redacci\u00f3n A Nova Peneira","@id":"https:\/\/www.anovapeneira.gal\/#\/schema\/person\/b93e3f8932e3f8da96334607eb6ac6aa"},"headline":"Alternativa por Mondariz denuncia o abandono da praza de abastos e esixe a adxudicaci\u00f3n dos postos pechados","datePublished":"2026-04-30T08:00:00+00:00","mainEntityOfPage":{"@id":"https:\/\/www.anovapeneira.gal\/index.php\/2026\/04\/30\/alternativa-por-mondariz-denuncia-o-abandono-da-praza-de-abastos-e-esixe-a-adxudicacion-dos-postos-pechados\/"},"wordCount":440,"commentCount":0,"publisher":{"@id":"https:\/\/www.anovapeneira.gal\/#organization"},"image":{"@id":"https:\/\/www.anovapeneira.gal\/index.php\/2026\/04\/30\/alternativa-por-mondariz-denuncia-o-abandono-da-praza-de-abastos-e-esixe-a-adxudicacion-dos-postos-pechados\/#primaryimage"},"thumbnailUrl":"https:\/\/www.anovapeneira.gal\/wp-content\/uploads\/2026\/04\/alternativa_mondariz.png","keywords":["Concello de Mondariz"],"articleSection":["Condado"],"inLanguage":"gl-ES","potentialAction":[{"@type":"CommentAction","name":"Comment","target":["https:\/\/www.anovapeneira.gal\/index.php\/2026\/04\/30\/alternativa-por-mondariz-denuncia-o-abandono-da-praza-de-abastos-e-esixe-a-adxudicacion-dos-postos-pechados\/#respond"]}]},{"@type":"WebPage","@id":"https:\/\/www.anovapeneira.gal\/index.php\/2026\/04\/30\/alternativa-por-mondariz-denuncia-o-abandono-da-praza-de-abastos-e-esixe-a-adxudicacion-dos-postos-pechados\/","url":"https:\/\/www.anovapeneira.gal\/index.php\/2026\/04\/30\/alternativa-por-mondariz-denuncia-o-abandono-da-praza-de-abastos-e-esixe-a-adxudicacion-dos-postos-pechados\/","name":"Alternativa por Mondariz denuncia o abandono da praza de abastos e esixe a adxudicaci\u00f3n dos postos pechados -","isPartOf":{"@id":"https:\/\/www.anovapeneira.gal\/#website"},"primaryImageOfPage":{"@id":"https:\/\/www.anovapeneira.gal\/index.php\/2026\/04\/30\/alternativa-por-mondariz-denuncia-o-abandono-da-praza-de-abastos-e-esixe-a-adxudicacion-dos-postos-pechados\/#primaryimage"},"image":{"@id":"https:\/\/www.anovapeneira.gal\/index.php\/2026\/04\/30\/alternativa-por-mondariz-denuncia-o-abandono-da-praza-de-abastos-e-esixe-a-adxudicacion-dos-postos-pechados\/#primaryimage"},"thumbnailUrl":"https:\/\/www.anovapeneira.gal\/wp-content\/uploads\/2026\/04\/alternativa_mondariz.png","datePublished":"2026-04-30T08:00:00+00:00","breadcrumb":{"@id":"https:\/\/www.anovapeneira.gal\/index.php\/2026\/04\/30\/alternativa-por-mondariz-denuncia-o-abandono-da-praza-de-abastos-e-esixe-a-adxudicacion-dos-postos-pechados\/#breadcrumb"},"inLanguage":"gl-ES","potentialAction":[{"@type":"ReadAction","target":["https:\/\/www.anovapeneira.gal\/index.php\/2026\/04\/30\/alternativa-por-mondariz-denuncia-o-abandono-da-praza-de-abastos-e-esixe-a-adxudicacion-dos-postos-pechados\/"]}]},{"@type":"ImageObject","inLanguage":"gl-ES","@id":"https:\/\/www.anovapeneira.gal\/index.php\/2026\/04\/30\/alternativa-por-mondariz-denuncia-o-abandono-da-praza-de-abastos-e-esixe-a-adxudicacion-dos-postos-pechados\/#primaryimage","url":"https:\/\/www.anovapeneira.gal\/wp-content\/uploads\/2026\/04\/alternativa_mondariz.png","contentUrl":"https:\/\/www.anovapeneira.gal\/wp-content\/uploads\/2026\/04\/alternativa_mondariz.png","width":720,"height":432},{"@type":"BreadcrumbList","@id":"https:\/\/www.anovapeneira.gal\/index.php\/2026\/04\/30\/alternativa-por-mondariz-denuncia-o-abandono-da-praza-de-abastos-e-esixe-a-adxudicacion-dos-postos-pechados\/#breadcrumb","itemListElement":[{"@type":"ListItem","position":1,"name":"Portada","item":"https:\/\/www.anovapeneira.gal\/"},{"@type":"ListItem","position":2,"name":"Alternativa por Mondariz denuncia o abandono da praza de abastos e esixe a adxudicaci\u00f3n dos postos pechados"}]},{"@type":"WebSite","@id":"https:\/\/www.anovapeneira.gal\/#website","url":"https:\/\/www.anovapeneira.gal\/","name":"","description":"Xornal galego de informaci\u00f3n xeral Publicaci\u00f3n mensual de novas de Galicia e en especial dos Concellos da sur da provincia de Pontevedra.","publisher":{"@id":"https:\/\/www.anovapeneira.gal\/#organization"},"potentialAction":[{"@type":"SearchAction","target":{"@type":"EntryPoint","urlTemplate":"https:\/\/www.anovapeneira.gal\/?s={search_term_string}"},"query-input":{"@type":"PropertyValueSpecification","valueRequired":true,"valueName":"search_term_string"}}],"inLanguage":"gl-ES"},{"@type":"Organization","@id":"https:\/\/www.anovapeneira.gal\/#organization","name":"A Nova Peneira","url":"https:\/\/www.anovapeneira.gal\/","logo":{"@type":"ImageObject","inLanguage":"gl-ES","@id":"https:\/\/www.anovapeneira.gal\/#\/schema\/logo\/image\/","url":"http:\/\/www.anovapeneira.gal\/wp-content\/uploads\/2019\/06\/logo_a_nova_peneira_portal_web.png","contentUrl":"http:\/\/www.anovapeneira.gal\/wp-content\/uploads\/2019\/06\/logo_a_nova_peneira_portal_web.png","width":300,"height":100,"caption":"A Nova Peneira"},"image":{"@id":"https:\/\/www.anovapeneira.gal\/#\/schema\/logo\/image\/"},"sameAs":["https:\/\/www.facebook.com\/anovapeneira","https:\/\/x.com\/APeneira"]},{"@type":"Person","@id":"https:\/\/www.anovapeneira.gal\/#\/schema\/person\/b93e3f8932e3f8da96334607eb6ac6aa","name":"Redacci\u00f3n A Nova Peneira","image":{"@type":"ImageObject","inLanguage":"gl-ES","@id":"https:\/\/secure.gravatar.com\/avatar\/c052a2551a06e23fac63626232eaa90abd78dbcf1700fc46a2b2c89fd27b735f?s=96&d=mm&r=g","url":"https:\/\/secure.gravatar.com\/avatar\/c052a2551a06e23fac63626232eaa90abd78dbcf1700fc46a2b2c89fd27b735f?s=96&d=mm&r=g","contentUrl":"https:\/\/secure.gravatar.com\/avatar\/c052a2551a06e23fac63626232eaa90abd78dbcf1700fc46a2b2c89fd27b735f?s=96&d=mm&r=g","caption":"Redacci\u00f3n A Nova Peneira"},"sameAs":["http:\/\/www.anovapeneira.gal\/"],"url":"https:\/\/www.anovapeneira.gal\/index.php\/author\/redactor\/"}]}},"jetpack_featured_media_url":"https:\/\/www.anovapeneira.gal\/wp-content\/uploads\/2026\/04\/alternativa_mondariz.png","_links":{"self":[{"href":"https:\/\/www.anovapeneira.gal\/index.php\/wp-json\/wp\/v2\/posts\/15729","targetHints":{"allow":["GET"]}}],"collection":[{"href":"https:\/\/www.anovapeneira.gal\/index.php\/wp-json\/wp\/v2\/posts"}],"about":[{"href":"https:\/\/www.anovapeneira.gal\/index.php\/wp-json\/wp\/v2\/types\/post"}],"author":[{"embeddable":true,"href":"https:\/\/www.anovapeneira.gal\/index.php\/wp-json\/wp\/v2\/users\/3"}],"replies":[{"embeddable":true,"href":"https:\/\/www.anovapeneira.gal\/index.php\/wp-json\/wp\/v2\/comments?post=15729"}],"version-history":[{"count":1,"href":"https:\/\/www.anovapeneira.gal\/index.php\/wp-json\/wp\/v2\/posts\/15729\/revisions"}],"predecessor-version":[{"id":15731,"href":"https:\/\/www.anovapeneira.gal\/index.php\/wp-json\/wp\/v2\/posts\/15729\/revisions\/15731"}],"wp:featuredmedia":[{"embeddable":true,"href":"https:\/\/www.anovapeneira.gal\/index.php\/wp-json\/wp\/v2\/media\/15730"}],"wp:attachment":[{"href":"https:\/\/www.anovapeneira.gal\/index.php\/wp-json\/wp\/v2\/media?parent=15729"}],"wp:term":[{"taxonomy":"category","embeddable":true,"href":"https:\/\/www.anovapeneira.gal\/index.php\/wp-json\/wp\/v2\/categories?post=15729"},{"taxonomy":"post_tag","embeddable":true,"href":"https:\/\/www.anovapeneira.gal\/index.php\/wp-json\/wp\/v2\/tags?post=15729"}],"curies":[{"name":"wp","href":"https:\/\/api.w.org\/{rel}","templated":true}]}}