{"id":15732,"date":"2026-04-30T12:00:19","date_gmt":"2026-04-30T10:00:19","guid":{"rendered":"https:\/\/www.anovapeneira.gal\/?p=15732"},"modified":"2026-04-28T10:34:36","modified_gmt":"2026-04-28T08:34:36","slug":"pilar-vicente-voceira-do-pp-da-caniza","status":"publish","type":"post","link":"https:\/\/www.anovapeneira.gal\/index.php\/2026\/04\/30\/pilar-vicente-voceira-do-pp-da-caniza\/","title":{"rendered":"Pilar Vicente voceira do PP da Caniza."},"content":{"rendered":"\n<p><strong>Acheg\u00e1monos ata A Caniza para co\u00f1ecermos a valoraci\u00f3n do PP local sobre o cambio de top\u00f3nimo, votado polo parlamento galego de maneira un\u00e1nime, e para que nos contara a situaci\u00f3n do PP despois da dimisi\u00f3n do ex alcalde Miguel Dom\u00ednguez, agora concelleiro non adscrito, para afrontar as elecci\u00f3ns municipais do ano pr\u00f3ximo. Falamos con Pilar, a voceira dos populares na localidade. Vela\u00ed vai o que deu de si a nosa conversa<\/strong><\/p>\n\n\n\n<h2 class=\"wp-block-heading\">\u201c <strong>A Caniza precisa un cambio, e o cambio so pode vir da man do Partido Popular\u201d<\/strong><\/h2>\n\n\n\n<p><strong>Ti es voceira do PP da Caniza ou da Ca\u00f1iza?<\/strong><\/p>\n\n\n\n<p>Do PP da Caniza.<\/p>\n\n\n\n<p><strong>O cambio do nome da localidade foi unha decisi\u00f3n aprobada co voto un\u00e1nime do parlamento galego. Imaxino que o PP local cumprir\u00e1 escrupulosamente esa disposici\u00f3n normativa?<\/strong><\/p>\n\n\n\n<blockquote class=\"wp-block-quote is-layout-flow wp-block-quote-is-layout-flow\">\n<p>Desde logo que si.<\/p>\n<\/blockquote>\n\n\n\n<p><strong>Ent\u00f3n por que non cambiades as vosas redes sociais e seguides a p\u00f3r: \u201c PP de A Ca\u00f1iza\u201d?<\/strong><\/p>\n\n\n\n<blockquote class=\"wp-block-quote is-layout-flow wp-block-quote-is-layout-flow\">\n<p>Non \u00e9 un problema de falta de vontade. \u00c9 un problema t\u00e9cnico. As redes sociais son herdadas e eu, que non son administradora, non sei como mudar o nome. Xa tratei de cambialo varias veces pero a\u00ednda non fun capaz.<\/p>\n<\/blockquote>\n\n\n\n<p><strong>Cal \u00e9 a t\u00faa opini\u00f3n persoal ao respecto do cambio de nome da localidade?<\/strong><\/p>\n\n\n\n<blockquote class=\"wp-block-quote is-layout-flow wp-block-quote-is-layout-flow\">\n<p>Unha cousa tan relevante como \u00e9 cambiar o nome dunha localidade non se fai ao chou. \u00c9 resultado dun estudo filol\u00f3xico profundo a ra\u00edz do cal se concl\u00fae cal debe de ser o nome correcto. Se todo o parlamento votou de forma un\u00e1nime polo cambio, estou segura de que a decisi\u00f3n \u00e9 correcta. Tam\u00e9n quero dicir que certa resistencia \u00e9 normal ao principio porque os cambios sempre asustan e confunden. Pero acabarase normalizado con seguridade.<\/p>\n<\/blockquote>\n\n\n\n<blockquote class=\"wp-block-quote is-layout-flow wp-block-quote-is-layout-flow\">\n<p>F\u00edxate se estou segura de que \u00e9 unha decisi\u00f3n correcta que a mi\u00f1a nai, que xa faleceu hai 5 anos, sempre dic\u00eda Caniza.<\/p>\n<\/blockquote>\n\n\n\n<p><strong>Como est\u00e1 a sa\u00fade interna do PP da Caniza?<\/strong><\/p>\n\n\n\n<blockquote class=\"wp-block-quote is-layout-flow wp-block-quote-is-layout-flow\">\n<p>Est\u00e1 moi ben. Estamos traballando con moitas ga\u00f1as e ilusi\u00f3n por poder recuperar a confianza da maior\u00eda da sociedade do noso pobo.<\/p>\n<\/blockquote>\n\n\n\n<p><strong>O ex alcalde do PP Miguel Dominguez segue sendo concelleiro non adscrito, verdade?<\/strong><\/p>\n\n\n\n<blockquote class=\"wp-block-quote is-layout-flow wp-block-quote-is-layout-flow\">\n<p>Si. E vai a todos os plenos.<\/p>\n<\/blockquote>\n\n\n\n<p><strong>Que tal relaci\u00f3n tendes con el?<\/strong><\/p>\n\n\n\n<blockquote class=\"wp-block-quote is-layout-flow wp-block-quote-is-layout-flow\">\n<p>Boa.<\/p>\n<\/blockquote>\n\n\n\n<p><strong>Como valoras a situaci\u00f3n xeral do Concello?<\/strong><\/p>\n\n\n\n<blockquote class=\"wp-block-quote is-layout-flow wp-block-quote-is-layout-flow\">\n<p>A situaci\u00f3n do noso Concello est\u00e1 fatal. A Caniza est\u00e1 morta. Lembro a cantidade e calidade de locais de restauraci\u00f3n que hab\u00eda antes no noso pobo, e agora un sector tan importante como ese para A Caniza est\u00e1 practicamente desaparecido.<\/p>\n<\/blockquote>\n\n\n\n<blockquote class=\"wp-block-quote is-layout-flow wp-block-quote-is-layout-flow\">\n<p>N\u00f3s mesmos, para facer a cea de Nadal do PP na Caniza tivemos serios problemas para atopar local coa capacidade necesaria para acollernos a todos.<\/p>\n<\/blockquote>\n\n\n\n<p><strong>Ben, dis que A Caniza est\u00e1 moi mal, e pos como exemplo a situaci\u00f3n da restauraci\u00f3n. Que outros par\u00e1metros che serven para soster ese argumento do suposto mal estado do pobo?<\/strong><\/p>\n\n\n\n<blockquote class=\"wp-block-quote is-layout-flow wp-block-quote-is-layout-flow\">\n<p>O estado xeral das instalaci\u00f3ns p\u00fablicas \u00e9 lamentable. O pavill\u00f3n est\u00e1 deteriorado de tal maneira que \u00e9 o propio club de balonm\u00e1n o que est\u00e1 a limpar .<\/p>\n<\/blockquote>\n\n\n\n<blockquote class=\"wp-block-quote is-layout-flow wp-block-quote-is-layout-flow\">\n<p>A piscina est\u00e1 mal tam\u00e9n, as m\u00e1quinas do ximnasio est\u00e1n en moitos casos rotas. Foron os pais do cole de Valeixe os que tiveron que ir rozar e facer reparaci\u00f3ns varias, traballos que lle competen ao Concello.<\/p>\n<\/blockquote>\n\n\n\n<blockquote class=\"wp-block-quote is-layout-flow wp-block-quote-is-layout-flow\">\n<p>O colexio da Caniza tam\u00e9n ten serios problemas, como por exemplo a falta de mantemento que ti\u00f1an as caldeiras&#8230;e como iso moitas cousas m\u00e1is.<\/p>\n<\/blockquote>\n\n\n\n<p><strong>Recentemente o Consello de Contas emitiu un informe sobre o estado financeiro dos distintos concellos galegos. O informe pu\u00f1a en situaci\u00f3n de alerta vermella a sa\u00fade econ\u00f3mica de 17, entre eles o voso. Que valoraci\u00f3n fai o PP?<\/strong><\/p>\n\n\n\n<blockquote class=\"wp-block-quote is-layout-flow wp-block-quote-is-layout-flow\">\n<p>N\u00f3s xa advertimos da situaci\u00f3n econ\u00f3mica hai tempo. O alcalde contestou cunha rolda de prensa na que contou a s\u00faa pel\u00edcula. Pero, ao igual que o que dixeron da d\u00e9beda que supostamente lles deixara Miguel Dom\u00ednguez, unha mentira por moito que a digas 1.000 veces segue sendo unha mentira.<\/p>\n<\/blockquote>\n\n\n\n<blockquote class=\"wp-block-quote is-layout-flow wp-block-quote-is-layout-flow\">\n<p>A situaci\u00f3n econ\u00f3mica do Concello \u00e9 moi mala, s\u00f3 hai que molestarse en ver a p\u00e1xina do Ministerio de Facenda e comprobaremos que a d\u00e9beda da Caniza nunca foi tan alta como agora.<\/p>\n<\/blockquote>\n\n\n\n<p><strong>Pero que fixo exactamente o goberno de Pi\u00f1a para facelo responsable deste suposto aumento da d\u00e9beda do Concello?<\/strong><\/p>\n\n\n\n<blockquote class=\"wp-block-quote is-layout-flow wp-block-quote-is-layout-flow\">\n<p>O problema foi o cambio de iluminaci\u00f3n. Foi o que puxo ao Concello nunha situaci\u00f3n econ\u00f3mica moi delicada. Porque a realidade \u00e9 que no d\u00eda a d\u00eda non fai nada que poida explicar onde se van os cartos.<\/p>\n<\/blockquote>\n\n\n\n<blockquote class=\"wp-block-quote is-layout-flow wp-block-quote-is-layout-flow\">\n<p>O goberno ch\u00fapanos o sangue a impostos e nin se prestan os servizos de maneira adecuada, nin se reflicte na sa\u00fade econ\u00f3mica do Concello.<\/p>\n<\/blockquote>\n\n\n\n<p><strong>Cales ser\u00edan as receitas do PP para reverter esa suposta mala situaci\u00f3n econ\u00f3mica?<\/strong><\/p>\n\n\n\n<blockquote class=\"wp-block-quote is-layout-flow wp-block-quote-is-layout-flow\">\n<p>O primeiro facer unha auditor\u00eda para saber cal \u00e9 a situaci\u00f3n exacta. Logo xestionar con seriedade e responsabilidade prestando os servizos de maneira adecuada e non gastando m\u00e1is do que entra, nin o que non se pode gastar. Por descontado tampouco lle subiriamos m\u00e1is os impostos \u00e1 veci\u00f1anza.<\/p>\n<\/blockquote>\n\n\n\n<p><strong>Cales son as vosas expectativas realistas para as municipais do 2027?<\/strong><\/p>\n\n\n\n<blockquote class=\"wp-block-quote is-layout-flow wp-block-quote-is-layout-flow\">\n<p>Ga\u00f1ar as elecci\u00f3ns. A Caniza precisa un cambio e o cambio s\u00f3 pode vir da man do PP.<\/p>\n<\/blockquote>\n\n\n\n<p><strong>Vas ser a candidata do PP nas vindeiras elecci\u00f3ns?<\/strong><\/p>\n\n\n\n<blockquote class=\"wp-block-quote is-layout-flow wp-block-quote-is-layout-flow\">\n<p>Eu son unha militante leal e estou ao dispor do que decida o partido. En calquera caso, no que sitio no que me toque estar traballarei sen descanso para que o cambio de goberno sexa unha realidade nas vindeiras municipais.<\/p>\n<\/blockquote>\n\n\n\n<p><strong>No caso de que o PP decida que ti sexas a s\u00faa candidata no 27 ti est\u00e1s disposta a asumir a responsabilidade?<\/strong><\/p>\n\n\n\n<blockquote class=\"wp-block-quote is-layout-flow wp-block-quote-is-layout-flow\">\n<p>Si, si que o estou. Te\u00f1o moita ilusi\u00f3n e confianza na vitoria e en traballar por mellorar as condici\u00f3ns de vida da veci\u00f1anza.<\/p>\n<\/blockquote>\n","protected":false},"excerpt":{"rendered":"<div class=\"mh-excerpt\"><p>Acheg\u00e1monos ata A Caniza para co\u00f1ecermos a valoraci\u00f3n do PP local sobre o cambio de top\u00f3nimo, votado polo parlamento galego de maneira un\u00e1nime <a class=\"mh-excerpt-more\" href=\"https:\/\/www.anovapeneira.gal\/index.php\/2026\/04\/30\/pilar-vicente-voceira-do-pp-da-caniza\/\" title=\"Pilar Vicente voceira do PP da Caniza.\">[&#8230;]<\/a><\/p>\n<\/div>","protected":false},"author":3,"featured_media":15733,"comment_status":"open","ping_status":"open","sticky":false,"template":"","format":"standard","meta":{"_exactmetrics_skip_tracking":false,"_exactmetrics_sitenote_active":false,"_exactmetrics_sitenote_note":"","_exactmetrics_sitenote_category":0,"footnotes":""},"categories":[267],"tags":[867],"class_list":{"0":"post-15732","1":"post","2":"type-post","3":"status-publish","4":"format-standard","5":"has-post-thumbnail","7":"category-condado-entrevistas","8":"tag-concello-da-caniza"},"yoast_head":"<!-- This site is optimized with the Yoast SEO plugin v27.5 - https:\/\/yoast.com\/product\/yoast-seo-wordpress\/ -->\n<title>Pilar Vicente voceira do PP da Caniza. -<\/title>\n<meta name=\"robots\" content=\"index, follow, max-snippet:-1, max-image-preview:large, max-video-preview:-1\" \/>\n<link rel=\"canonical\" href=\"https:\/\/www.anovapeneira.gal\/index.php\/2026\/04\/30\/pilar-vicente-voceira-do-pp-da-caniza\/\" \/>\n<meta property=\"og:locale\" content=\"gl_ES\" \/>\n<meta property=\"og:type\" content=\"article\" \/>\n<meta property=\"og:title\" content=\"Pilar Vicente voceira do PP da Caniza. -\" \/>\n<meta property=\"og:description\" content=\"Acheg\u00e1monos ata A Caniza para co\u00f1ecermos a valoraci\u00f3n do PP local sobre o cambio de top\u00f3nimo, votado polo parlamento galego de maneira un\u00e1nime [...]\" \/>\n<meta property=\"og:url\" content=\"https:\/\/www.anovapeneira.gal\/index.php\/2026\/04\/30\/pilar-vicente-voceira-do-pp-da-caniza\/\" \/>\n<meta property=\"article:publisher\" content=\"https:\/\/www.facebook.com\/anovapeneira\" \/>\n<meta property=\"article:published_time\" content=\"2026-04-30T10:00:19+00:00\" \/>\n<meta property=\"og:image\" content=\"https:\/\/www.anovapeneira.gal\/wp-content\/uploads\/2026\/04\/pilar_vicente_caniza.png\" \/>\n\t<meta property=\"og:image:width\" content=\"720\" \/>\n\t<meta property=\"og:image:height\" content=\"432\" \/>\n\t<meta property=\"og:image:type\" content=\"image\/png\" \/>\n<meta name=\"author\" content=\"Redacci\u00f3n A Nova Peneira\" \/>\n<meta name=\"twitter:card\" content=\"summary_large_image\" \/>\n<meta name=\"twitter:creator\" content=\"@APeneira\" \/>\n<meta name=\"twitter:site\" content=\"@APeneira\" \/>\n<meta name=\"twitter:label1\" content=\"Escrito por\" \/>\n\t<meta name=\"twitter:data1\" content=\"Redacci\u00f3n A Nova Peneira\" \/>\n\t<meta name=\"twitter:label2\" content=\"Tempo de lectura\" \/>\n\t<meta name=\"twitter:data2\" content=\"3 minutos\" \/>\n<script type=\"application\/ld+json\" class=\"yoast-schema-graph\">{\"@context\":\"https:\\\/\\\/schema.org\",\"@graph\":[{\"@type\":\"Article\",\"@id\":\"https:\\\/\\\/www.anovapeneira.gal\\\/index.php\\\/2026\\\/04\\\/30\\\/pilar-vicente-voceira-do-pp-da-caniza\\\/#article\",\"isPartOf\":{\"@id\":\"https:\\\/\\\/www.anovapeneira.gal\\\/index.php\\\/2026\\\/04\\\/30\\\/pilar-vicente-voceira-do-pp-da-caniza\\\/\"},\"author\":{\"name\":\"Redacci\u00f3n A Nova Peneira\",\"@id\":\"https:\\\/\\\/www.anovapeneira.gal\\\/#\\\/schema\\\/person\\\/b93e3f8932e3f8da96334607eb6ac6aa\"},\"headline\":\"Pilar Vicente voceira do PP da Caniza.\",\"datePublished\":\"2026-04-30T10:00:19+00:00\",\"mainEntityOfPage\":{\"@id\":\"https:\\\/\\\/www.anovapeneira.gal\\\/index.php\\\/2026\\\/04\\\/30\\\/pilar-vicente-voceira-do-pp-da-caniza\\\/\"},\"wordCount\":1020,\"commentCount\":0,\"publisher\":{\"@id\":\"https:\\\/\\\/www.anovapeneira.gal\\\/#organization\"},\"image\":{\"@id\":\"https:\\\/\\\/www.anovapeneira.gal\\\/index.php\\\/2026\\\/04\\\/30\\\/pilar-vicente-voceira-do-pp-da-caniza\\\/#primaryimage\"},\"thumbnailUrl\":\"https:\\\/\\\/www.anovapeneira.gal\\\/wp-content\\\/uploads\\\/2026\\\/04\\\/pilar_vicente_caniza.png\",\"keywords\":[\"Concello da Ca\u00f1iza\"],\"articleSection\":[\"Condado\"],\"inLanguage\":\"gl-ES\",\"potentialAction\":[{\"@type\":\"CommentAction\",\"name\":\"Comment\",\"target\":[\"https:\\\/\\\/www.anovapeneira.gal\\\/index.php\\\/2026\\\/04\\\/30\\\/pilar-vicente-voceira-do-pp-da-caniza\\\/#respond\"]}]},{\"@type\":\"WebPage\",\"@id\":\"https:\\\/\\\/www.anovapeneira.gal\\\/index.php\\\/2026\\\/04\\\/30\\\/pilar-vicente-voceira-do-pp-da-caniza\\\/\",\"url\":\"https:\\\/\\\/www.anovapeneira.gal\\\/index.php\\\/2026\\\/04\\\/30\\\/pilar-vicente-voceira-do-pp-da-caniza\\\/\",\"name\":\"Pilar Vicente voceira do PP da Caniza. -\",\"isPartOf\":{\"@id\":\"https:\\\/\\\/www.anovapeneira.gal\\\/#website\"},\"primaryImageOfPage\":{\"@id\":\"https:\\\/\\\/www.anovapeneira.gal\\\/index.php\\\/2026\\\/04\\\/30\\\/pilar-vicente-voceira-do-pp-da-caniza\\\/#primaryimage\"},\"image\":{\"@id\":\"https:\\\/\\\/www.anovapeneira.gal\\\/index.php\\\/2026\\\/04\\\/30\\\/pilar-vicente-voceira-do-pp-da-caniza\\\/#primaryimage\"},\"thumbnailUrl\":\"https:\\\/\\\/www.anovapeneira.gal\\\/wp-content\\\/uploads\\\/2026\\\/04\\\/pilar_vicente_caniza.png\",\"datePublished\":\"2026-04-30T10:00:19+00:00\",\"breadcrumb\":{\"@id\":\"https:\\\/\\\/www.anovapeneira.gal\\\/index.php\\\/2026\\\/04\\\/30\\\/pilar-vicente-voceira-do-pp-da-caniza\\\/#breadcrumb\"},\"inLanguage\":\"gl-ES\",\"potentialAction\":[{\"@type\":\"ReadAction\",\"target\":[\"https:\\\/\\\/www.anovapeneira.gal\\\/index.php\\\/2026\\\/04\\\/30\\\/pilar-vicente-voceira-do-pp-da-caniza\\\/\"]}]},{\"@type\":\"ImageObject\",\"inLanguage\":\"gl-ES\",\"@id\":\"https:\\\/\\\/www.anovapeneira.gal\\\/index.php\\\/2026\\\/04\\\/30\\\/pilar-vicente-voceira-do-pp-da-caniza\\\/#primaryimage\",\"url\":\"https:\\\/\\\/www.anovapeneira.gal\\\/wp-content\\\/uploads\\\/2026\\\/04\\\/pilar_vicente_caniza.png\",\"contentUrl\":\"https:\\\/\\\/www.anovapeneira.gal\\\/wp-content\\\/uploads\\\/2026\\\/04\\\/pilar_vicente_caniza.png\",\"width\":720,\"height\":432},{\"@type\":\"BreadcrumbList\",\"@id\":\"https:\\\/\\\/www.anovapeneira.gal\\\/index.php\\\/2026\\\/04\\\/30\\\/pilar-vicente-voceira-do-pp-da-caniza\\\/#breadcrumb\",\"itemListElement\":[{\"@type\":\"ListItem\",\"position\":1,\"name\":\"Portada\",\"item\":\"https:\\\/\\\/www.anovapeneira.gal\\\/\"},{\"@type\":\"ListItem\",\"position\":2,\"name\":\"Pilar Vicente voceira do PP da Caniza.\"}]},{\"@type\":\"WebSite\",\"@id\":\"https:\\\/\\\/www.anovapeneira.gal\\\/#website\",\"url\":\"https:\\\/\\\/www.anovapeneira.gal\\\/\",\"name\":\"\",\"description\":\"Xornal galego de informaci\u00f3n xeral Publicaci\u00f3n mensual de novas de Galicia e en especial dos Concellos da sur da provincia de Pontevedra.\",\"publisher\":{\"@id\":\"https:\\\/\\\/www.anovapeneira.gal\\\/#organization\"},\"potentialAction\":[{\"@type\":\"SearchAction\",\"target\":{\"@type\":\"EntryPoint\",\"urlTemplate\":\"https:\\\/\\\/www.anovapeneira.gal\\\/?s={search_term_string}\"},\"query-input\":{\"@type\":\"PropertyValueSpecification\",\"valueRequired\":true,\"valueName\":\"search_term_string\"}}],\"inLanguage\":\"gl-ES\"},{\"@type\":\"Organization\",\"@id\":\"https:\\\/\\\/www.anovapeneira.gal\\\/#organization\",\"name\":\"A Nova Peneira\",\"url\":\"https:\\\/\\\/www.anovapeneira.gal\\\/\",\"logo\":{\"@type\":\"ImageObject\",\"inLanguage\":\"gl-ES\",\"@id\":\"https:\\\/\\\/www.anovapeneira.gal\\\/#\\\/schema\\\/logo\\\/image\\\/\",\"url\":\"http:\\\/\\\/www.anovapeneira.gal\\\/wp-content\\\/uploads\\\/2019\\\/06\\\/logo_a_nova_peneira_portal_web.png\",\"contentUrl\":\"http:\\\/\\\/www.anovapeneira.gal\\\/wp-content\\\/uploads\\\/2019\\\/06\\\/logo_a_nova_peneira_portal_web.png\",\"width\":300,\"height\":100,\"caption\":\"A Nova Peneira\"},\"image\":{\"@id\":\"https:\\\/\\\/www.anovapeneira.gal\\\/#\\\/schema\\\/logo\\\/image\\\/\"},\"sameAs\":[\"https:\\\/\\\/www.facebook.com\\\/anovapeneira\",\"https:\\\/\\\/x.com\\\/APeneira\"]},{\"@type\":\"Person\",\"@id\":\"https:\\\/\\\/www.anovapeneira.gal\\\/#\\\/schema\\\/person\\\/b93e3f8932e3f8da96334607eb6ac6aa\",\"name\":\"Redacci\u00f3n A Nova Peneira\",\"image\":{\"@type\":\"ImageObject\",\"inLanguage\":\"gl-ES\",\"@id\":\"https:\\\/\\\/secure.gravatar.com\\\/avatar\\\/c052a2551a06e23fac63626232eaa90abd78dbcf1700fc46a2b2c89fd27b735f?s=96&d=mm&r=g\",\"url\":\"https:\\\/\\\/secure.gravatar.com\\\/avatar\\\/c052a2551a06e23fac63626232eaa90abd78dbcf1700fc46a2b2c89fd27b735f?s=96&d=mm&r=g\",\"contentUrl\":\"https:\\\/\\\/secure.gravatar.com\\\/avatar\\\/c052a2551a06e23fac63626232eaa90abd78dbcf1700fc46a2b2c89fd27b735f?s=96&d=mm&r=g\",\"caption\":\"Redacci\u00f3n A Nova Peneira\"},\"sameAs\":[\"http:\\\/\\\/www.anovapeneira.gal\\\/\"],\"url\":\"https:\\\/\\\/www.anovapeneira.gal\\\/index.php\\\/author\\\/redactor\\\/\"}]}<\/script>\n<!-- \/ Yoast SEO plugin. -->","yoast_head_json":{"title":"Pilar Vicente voceira do PP da Caniza. -","robots":{"index":"index","follow":"follow","max-snippet":"max-snippet:-1","max-image-preview":"max-image-preview:large","max-video-preview":"max-video-preview:-1"},"canonical":"https:\/\/www.anovapeneira.gal\/index.php\/2026\/04\/30\/pilar-vicente-voceira-do-pp-da-caniza\/","og_locale":"gl_ES","og_type":"article","og_title":"Pilar Vicente voceira do PP da Caniza. -","og_description":"Acheg\u00e1monos ata A Caniza para co\u00f1ecermos a valoraci\u00f3n do PP local sobre o cambio de top\u00f3nimo, votado polo parlamento galego de maneira un\u00e1nime [...]","og_url":"https:\/\/www.anovapeneira.gal\/index.php\/2026\/04\/30\/pilar-vicente-voceira-do-pp-da-caniza\/","article_publisher":"https:\/\/www.facebook.com\/anovapeneira","article_published_time":"2026-04-30T10:00:19+00:00","og_image":[{"width":720,"height":432,"url":"https:\/\/www.anovapeneira.gal\/wp-content\/uploads\/2026\/04\/pilar_vicente_caniza.png","type":"image\/png"}],"author":"Redacci\u00f3n A Nova Peneira","twitter_card":"summary_large_image","twitter_creator":"@APeneira","twitter_site":"@APeneira","twitter_misc":{"Escrito por":"Redacci\u00f3n A Nova Peneira","Tempo de lectura":"3 minutos"},"schema":{"@context":"https:\/\/schema.org","@graph":[{"@type":"Article","@id":"https:\/\/www.anovapeneira.gal\/index.php\/2026\/04\/30\/pilar-vicente-voceira-do-pp-da-caniza\/#article","isPartOf":{"@id":"https:\/\/www.anovapeneira.gal\/index.php\/2026\/04\/30\/pilar-vicente-voceira-do-pp-da-caniza\/"},"author":{"name":"Redacci\u00f3n A Nova Peneira","@id":"https:\/\/www.anovapeneira.gal\/#\/schema\/person\/b93e3f8932e3f8da96334607eb6ac6aa"},"headline":"Pilar Vicente voceira do PP da Caniza.","datePublished":"2026-04-30T10:00:19+00:00","mainEntityOfPage":{"@id":"https:\/\/www.anovapeneira.gal\/index.php\/2026\/04\/30\/pilar-vicente-voceira-do-pp-da-caniza\/"},"wordCount":1020,"commentCount":0,"publisher":{"@id":"https:\/\/www.anovapeneira.gal\/#organization"},"image":{"@id":"https:\/\/www.anovapeneira.gal\/index.php\/2026\/04\/30\/pilar-vicente-voceira-do-pp-da-caniza\/#primaryimage"},"thumbnailUrl":"https:\/\/www.anovapeneira.gal\/wp-content\/uploads\/2026\/04\/pilar_vicente_caniza.png","keywords":["Concello da Ca\u00f1iza"],"articleSection":["Condado"],"inLanguage":"gl-ES","potentialAction":[{"@type":"CommentAction","name":"Comment","target":["https:\/\/www.anovapeneira.gal\/index.php\/2026\/04\/30\/pilar-vicente-voceira-do-pp-da-caniza\/#respond"]}]},{"@type":"WebPage","@id":"https:\/\/www.anovapeneira.gal\/index.php\/2026\/04\/30\/pilar-vicente-voceira-do-pp-da-caniza\/","url":"https:\/\/www.anovapeneira.gal\/index.php\/2026\/04\/30\/pilar-vicente-voceira-do-pp-da-caniza\/","name":"Pilar Vicente voceira do PP da Caniza. -","isPartOf":{"@id":"https:\/\/www.anovapeneira.gal\/#website"},"primaryImageOfPage":{"@id":"https:\/\/www.anovapeneira.gal\/index.php\/2026\/04\/30\/pilar-vicente-voceira-do-pp-da-caniza\/#primaryimage"},"image":{"@id":"https:\/\/www.anovapeneira.gal\/index.php\/2026\/04\/30\/pilar-vicente-voceira-do-pp-da-caniza\/#primaryimage"},"thumbnailUrl":"https:\/\/www.anovapeneira.gal\/wp-content\/uploads\/2026\/04\/pilar_vicente_caniza.png","datePublished":"2026-04-30T10:00:19+00:00","breadcrumb":{"@id":"https:\/\/www.anovapeneira.gal\/index.php\/2026\/04\/30\/pilar-vicente-voceira-do-pp-da-caniza\/#breadcrumb"},"inLanguage":"gl-ES","potentialAction":[{"@type":"ReadAction","target":["https:\/\/www.anovapeneira.gal\/index.php\/2026\/04\/30\/pilar-vicente-voceira-do-pp-da-caniza\/"]}]},{"@type":"ImageObject","inLanguage":"gl-ES","@id":"https:\/\/www.anovapeneira.gal\/index.php\/2026\/04\/30\/pilar-vicente-voceira-do-pp-da-caniza\/#primaryimage","url":"https:\/\/www.anovapeneira.gal\/wp-content\/uploads\/2026\/04\/pilar_vicente_caniza.png","contentUrl":"https:\/\/www.anovapeneira.gal\/wp-content\/uploads\/2026\/04\/pilar_vicente_caniza.png","width":720,"height":432},{"@type":"BreadcrumbList","@id":"https:\/\/www.anovapeneira.gal\/index.php\/2026\/04\/30\/pilar-vicente-voceira-do-pp-da-caniza\/#breadcrumb","itemListElement":[{"@type":"ListItem","position":1,"name":"Portada","item":"https:\/\/www.anovapeneira.gal\/"},{"@type":"ListItem","position":2,"name":"Pilar Vicente voceira do PP da Caniza."}]},{"@type":"WebSite","@id":"https:\/\/www.anovapeneira.gal\/#website","url":"https:\/\/www.anovapeneira.gal\/","name":"","description":"Xornal galego de informaci\u00f3n xeral Publicaci\u00f3n mensual de novas de Galicia e en especial dos Concellos da sur da provincia de Pontevedra.","publisher":{"@id":"https:\/\/www.anovapeneira.gal\/#organization"},"potentialAction":[{"@type":"SearchAction","target":{"@type":"EntryPoint","urlTemplate":"https:\/\/www.anovapeneira.gal\/?s={search_term_string}"},"query-input":{"@type":"PropertyValueSpecification","valueRequired":true,"valueName":"search_term_string"}}],"inLanguage":"gl-ES"},{"@type":"Organization","@id":"https:\/\/www.anovapeneira.gal\/#organization","name":"A Nova Peneira","url":"https:\/\/www.anovapeneira.gal\/","logo":{"@type":"ImageObject","inLanguage":"gl-ES","@id":"https:\/\/www.anovapeneira.gal\/#\/schema\/logo\/image\/","url":"http:\/\/www.anovapeneira.gal\/wp-content\/uploads\/2019\/06\/logo_a_nova_peneira_portal_web.png","contentUrl":"http:\/\/www.anovapeneira.gal\/wp-content\/uploads\/2019\/06\/logo_a_nova_peneira_portal_web.png","width":300,"height":100,"caption":"A Nova Peneira"},"image":{"@id":"https:\/\/www.anovapeneira.gal\/#\/schema\/logo\/image\/"},"sameAs":["https:\/\/www.facebook.com\/anovapeneira","https:\/\/x.com\/APeneira"]},{"@type":"Person","@id":"https:\/\/www.anovapeneira.gal\/#\/schema\/person\/b93e3f8932e3f8da96334607eb6ac6aa","name":"Redacci\u00f3n A Nova Peneira","image":{"@type":"ImageObject","inLanguage":"gl-ES","@id":"https:\/\/secure.gravatar.com\/avatar\/c052a2551a06e23fac63626232eaa90abd78dbcf1700fc46a2b2c89fd27b735f?s=96&d=mm&r=g","url":"https:\/\/secure.gravatar.com\/avatar\/c052a2551a06e23fac63626232eaa90abd78dbcf1700fc46a2b2c89fd27b735f?s=96&d=mm&r=g","contentUrl":"https:\/\/secure.gravatar.com\/avatar\/c052a2551a06e23fac63626232eaa90abd78dbcf1700fc46a2b2c89fd27b735f?s=96&d=mm&r=g","caption":"Redacci\u00f3n A Nova Peneira"},"sameAs":["http:\/\/www.anovapeneira.gal\/"],"url":"https:\/\/www.anovapeneira.gal\/index.php\/author\/redactor\/"}]}},"jetpack_featured_media_url":"https:\/\/www.anovapeneira.gal\/wp-content\/uploads\/2026\/04\/pilar_vicente_caniza.png","_links":{"self":[{"href":"https:\/\/www.anovapeneira.gal\/index.php\/wp-json\/wp\/v2\/posts\/15732","targetHints":{"allow":["GET"]}}],"collection":[{"href":"https:\/\/www.anovapeneira.gal\/index.php\/wp-json\/wp\/v2\/posts"}],"about":[{"href":"https:\/\/www.anovapeneira.gal\/index.php\/wp-json\/wp\/v2\/types\/post"}],"author":[{"embeddable":true,"href":"https:\/\/www.anovapeneira.gal\/index.php\/wp-json\/wp\/v2\/users\/3"}],"replies":[{"embeddable":true,"href":"https:\/\/www.anovapeneira.gal\/index.php\/wp-json\/wp\/v2\/comments?post=15732"}],"version-history":[{"count":1,"href":"https:\/\/www.anovapeneira.gal\/index.php\/wp-json\/wp\/v2\/posts\/15732\/revisions"}],"predecessor-version":[{"id":15734,"href":"https:\/\/www.anovapeneira.gal\/index.php\/wp-json\/wp\/v2\/posts\/15732\/revisions\/15734"}],"wp:featuredmedia":[{"embeddable":true,"href":"https:\/\/www.anovapeneira.gal\/index.php\/wp-json\/wp\/v2\/media\/15733"}],"wp:attachment":[{"href":"https:\/\/www.anovapeneira.gal\/index.php\/wp-json\/wp\/v2\/media?parent=15732"}],"wp:term":[{"taxonomy":"category","embeddable":true,"href":"https:\/\/www.anovapeneira.gal\/index.php\/wp-json\/wp\/v2\/categories?post=15732"},{"taxonomy":"post_tag","embeddable":true,"href":"https:\/\/www.anovapeneira.gal\/index.php\/wp-json\/wp\/v2\/tags?post=15732"}],"curies":[{"name":"wp","href":"https:\/\/api.w.org\/{rel}","templated":true}]}}