{"id":15735,"date":"2026-05-01T10:00:08","date_gmt":"2026-05-01T08:00:08","guid":{"rendered":"https:\/\/www.anovapeneira.gal\/?p=15735"},"modified":"2026-04-28T10:38:05","modified_gmt":"2026-04-28T08:38:05","slug":"o-bng-presenta-ao-seu-candidato-a-alcaldia-de-mondariz","status":"publish","type":"post","link":"https:\/\/www.anovapeneira.gal\/index.php\/2026\/05\/01\/o-bng-presenta-ao-seu-candidato-a-alcaldia-de-mondariz\/","title":{"rendered":"O BNG presenta ao seu candidato \u00e1 alcald\u00eda de Mondariz."},"content":{"rendered":"\n<p>O pasado s\u00e1bado 25 de abril, un d\u00eda moi bonito para as persoas que temos sensibilidade pol\u00edtica de esquerdas, o BNG de Mondariz presentou ao seu candidato \u00e1 alcald\u00eda nas vindeiras elecci\u00f3ns municipais que se celebrar\u00e1n no pr\u00f3ximo ano.<\/p>\n\n\n\n<p>A presentaci\u00f3n desenvolveuse na praza de abastos do Concello e o seu resultado non se pode describir doutra maneira como: Un \u00e9xito rotundo. \u00c9xito polo volume de persoas que se achegaron ao local no que se desenvolveu o acto: A praza estaba ateigada, tanto \u00e9 as\u00ed que as cadeiras que dispuxo a organizaci\u00f3n resultaron insuficientes e moita xente tivo que presenciar de p\u00e9 as palabras das persoas que interviron. \u00c9xito pola organizaci\u00f3n: O evento foi presentado por Alba Sanjurjo a responsable local dos nacionalistas, que estivo brillante na s\u00faa intervenci\u00f3n. Alba fixo un repaso pola historia do nacionalismo en Mondariz louvando o traballo de figuras salientables como Xos\u00e9 Emilio ou Poldo que contribu\u00edron co seu esforzo e talento a que o BNG sexa unha organizaci\u00f3n s\u00f3lida e solvente con independencia das conxunturas pol\u00edticas favorables ou desfavorables.<\/p>\n\n\n\n<p>\u00c9xito polo apoio recibido por parte do BNG: Al\u00ed estaban figuras relevantes da organizaci\u00f3n nacionalista como Luc\u00eda L\u00f3pez Secretaria da Organizaci\u00f3n ,a alcaldesa do Rosal \u00c1nxela Fern\u00e1ndez ou Javier Vi\u00e9itez responsable comarcal do bloque.<\/p>\n\n\n\n<p>E sobre todo, \u00c9xito: Polo perfil do candidato escollido para liderar a candidatura nacionalista. El \u00e9 Alexandre Est\u00e9vez, o alcalde ped\u00e1neo da ELM de Vilasobroso. Alexandre \u00e9 un enxe\u00f1eiro de 45 anos de idade e \u00e9 un cadro pol\u00edtico de primeir\u00edsimo nivel. Non sei se poder\u00e1 ga\u00f1ar as municipais do 27. A aritm\u00e9tica municipal en Mondariz \u00e9 enormemente complexa como para poder predicir o que pode acontecer. Pero si sei que o BNG ten opci\u00f3ns realistas de ga\u00f1ar .E tam\u00e9n sei que tardar\u00e1 m\u00e1is ou menos, pero se non desfalece no cami\u00f1o, Alexandre acabar\u00e1 sendo alcalde de Mondariz.<\/p>\n","protected":false},"excerpt":{"rendered":"<div class=\"mh-excerpt\"><p>O pasado s\u00e1bado 25 de abril, un d\u00eda moi bonito para as persoas que temos sensibilidade pol\u00edtica de esquerdas, o BNG de Mondariz presentou ao seu candidato \u00e1 alcald\u00eda nas vindeiras elecci\u00f3ns municipais que se celebrar\u00e1n no pr\u00f3ximo ano <a class=\"mh-excerpt-more\" href=\"https:\/\/www.anovapeneira.gal\/index.php\/2026\/05\/01\/o-bng-presenta-ao-seu-candidato-a-alcaldia-de-mondariz\/\" title=\"O BNG presenta ao seu candidato \u00e1 alcald\u00eda de Mondariz.\">[&#8230;]<\/a><\/p>\n<\/div>","protected":false},"author":2,"featured_media":15736,"comment_status":"open","ping_status":"open","sticky":false,"template":"","format":"standard","meta":{"_exactmetrics_skip_tracking":false,"_exactmetrics_sitenote_active":false,"_exactmetrics_sitenote_note":"","_exactmetrics_sitenote_category":0,"footnotes":""},"categories":[25],"tags":[405],"class_list":{"0":"post-15735","1":"post","2":"type-post","3":"status-publish","4":"format-standard","5":"has-post-thumbnail","7":"category-condado","8":"tag-concello-de-mondariz"},"yoast_head":"<!-- This site is optimized with the Yoast SEO plugin v27.5 - https:\/\/yoast.com\/product\/yoast-seo-wordpress\/ -->\n<title>O BNG presenta ao seu candidato \u00e1 alcald\u00eda de Mondariz. -<\/title>\n<meta name=\"robots\" content=\"index, follow, max-snippet:-1, max-image-preview:large, max-video-preview:-1\" \/>\n<link rel=\"canonical\" href=\"https:\/\/www.anovapeneira.gal\/index.php\/2026\/05\/01\/o-bng-presenta-ao-seu-candidato-a-alcaldia-de-mondariz\/\" \/>\n<meta property=\"og:locale\" content=\"gl_ES\" \/>\n<meta property=\"og:type\" content=\"article\" \/>\n<meta property=\"og:title\" content=\"O BNG presenta ao seu candidato \u00e1 alcald\u00eda de Mondariz. -\" \/>\n<meta property=\"og:description\" content=\"O pasado s\u00e1bado 25 de abril, un d\u00eda moi bonito para as persoas que temos sensibilidade pol\u00edtica de esquerdas, o BNG de Mondariz presentou ao seu candidato \u00e1 alcald\u00eda nas vindeiras elecci\u00f3ns municipais que se celebrar\u00e1n no pr\u00f3ximo ano [...]\" \/>\n<meta property=\"og:url\" content=\"https:\/\/www.anovapeneira.gal\/index.php\/2026\/05\/01\/o-bng-presenta-ao-seu-candidato-a-alcaldia-de-mondariz\/\" \/>\n<meta property=\"article:publisher\" content=\"https:\/\/www.facebook.com\/anovapeneira\" \/>\n<meta property=\"article:published_time\" content=\"2026-05-01T08:00:08+00:00\" \/>\n<meta property=\"og:image\" content=\"https:\/\/www.anovapeneira.gal\/wp-content\/uploads\/2026\/04\/alex_mondariz.png\" \/>\n\t<meta property=\"og:image:width\" content=\"720\" \/>\n\t<meta property=\"og:image:height\" content=\"432\" \/>\n\t<meta property=\"og:image:type\" content=\"image\/png\" \/>\n<meta name=\"author\" content=\"Tino Lago\" \/>\n<meta name=\"twitter:card\" content=\"summary_large_image\" \/>\n<meta name=\"twitter:creator\" content=\"@APeneira\" \/>\n<meta name=\"twitter:site\" content=\"@APeneira\" \/>\n<meta name=\"twitter:label1\" content=\"Escrito por\" \/>\n\t<meta name=\"twitter:data1\" content=\"Tino Lago\" \/>\n\t<meta name=\"twitter:label2\" content=\"Tempo de lectura\" \/>\n\t<meta name=\"twitter:data2\" content=\"2 minutos\" \/>\n<script type=\"application\/ld+json\" class=\"yoast-schema-graph\">{\"@context\":\"https:\\\/\\\/schema.org\",\"@graph\":[{\"@type\":\"Article\",\"@id\":\"https:\\\/\\\/www.anovapeneira.gal\\\/index.php\\\/2026\\\/05\\\/01\\\/o-bng-presenta-ao-seu-candidato-a-alcaldia-de-mondariz\\\/#article\",\"isPartOf\":{\"@id\":\"https:\\\/\\\/www.anovapeneira.gal\\\/index.php\\\/2026\\\/05\\\/01\\\/o-bng-presenta-ao-seu-candidato-a-alcaldia-de-mondariz\\\/\"},\"author\":{\"name\":\"Tino Lago\",\"@id\":\"https:\\\/\\\/www.anovapeneira.gal\\\/#\\\/schema\\\/person\\\/424dfe65e3070fd8a44d22d2c088762a\"},\"headline\":\"O BNG presenta ao seu candidato \u00e1 alcald\u00eda de Mondariz.\",\"datePublished\":\"2026-05-01T08:00:08+00:00\",\"mainEntityOfPage\":{\"@id\":\"https:\\\/\\\/www.anovapeneira.gal\\\/index.php\\\/2026\\\/05\\\/01\\\/o-bng-presenta-ao-seu-candidato-a-alcaldia-de-mondariz\\\/\"},\"wordCount\":342,\"commentCount\":0,\"publisher\":{\"@id\":\"https:\\\/\\\/www.anovapeneira.gal\\\/#organization\"},\"image\":{\"@id\":\"https:\\\/\\\/www.anovapeneira.gal\\\/index.php\\\/2026\\\/05\\\/01\\\/o-bng-presenta-ao-seu-candidato-a-alcaldia-de-mondariz\\\/#primaryimage\"},\"thumbnailUrl\":\"https:\\\/\\\/www.anovapeneira.gal\\\/wp-content\\\/uploads\\\/2026\\\/04\\\/alex_mondariz.png\",\"keywords\":[\"Concello de Mondariz\"],\"articleSection\":[\"Condado\"],\"inLanguage\":\"gl-ES\",\"potentialAction\":[{\"@type\":\"CommentAction\",\"name\":\"Comment\",\"target\":[\"https:\\\/\\\/www.anovapeneira.gal\\\/index.php\\\/2026\\\/05\\\/01\\\/o-bng-presenta-ao-seu-candidato-a-alcaldia-de-mondariz\\\/#respond\"]}]},{\"@type\":\"WebPage\",\"@id\":\"https:\\\/\\\/www.anovapeneira.gal\\\/index.php\\\/2026\\\/05\\\/01\\\/o-bng-presenta-ao-seu-candidato-a-alcaldia-de-mondariz\\\/\",\"url\":\"https:\\\/\\\/www.anovapeneira.gal\\\/index.php\\\/2026\\\/05\\\/01\\\/o-bng-presenta-ao-seu-candidato-a-alcaldia-de-mondariz\\\/\",\"name\":\"O BNG presenta ao seu candidato \u00e1 alcald\u00eda de Mondariz. -\",\"isPartOf\":{\"@id\":\"https:\\\/\\\/www.anovapeneira.gal\\\/#website\"},\"primaryImageOfPage\":{\"@id\":\"https:\\\/\\\/www.anovapeneira.gal\\\/index.php\\\/2026\\\/05\\\/01\\\/o-bng-presenta-ao-seu-candidato-a-alcaldia-de-mondariz\\\/#primaryimage\"},\"image\":{\"@id\":\"https:\\\/\\\/www.anovapeneira.gal\\\/index.php\\\/2026\\\/05\\\/01\\\/o-bng-presenta-ao-seu-candidato-a-alcaldia-de-mondariz\\\/#primaryimage\"},\"thumbnailUrl\":\"https:\\\/\\\/www.anovapeneira.gal\\\/wp-content\\\/uploads\\\/2026\\\/04\\\/alex_mondariz.png\",\"datePublished\":\"2026-05-01T08:00:08+00:00\",\"breadcrumb\":{\"@id\":\"https:\\\/\\\/www.anovapeneira.gal\\\/index.php\\\/2026\\\/05\\\/01\\\/o-bng-presenta-ao-seu-candidato-a-alcaldia-de-mondariz\\\/#breadcrumb\"},\"inLanguage\":\"gl-ES\",\"potentialAction\":[{\"@type\":\"ReadAction\",\"target\":[\"https:\\\/\\\/www.anovapeneira.gal\\\/index.php\\\/2026\\\/05\\\/01\\\/o-bng-presenta-ao-seu-candidato-a-alcaldia-de-mondariz\\\/\"]}]},{\"@type\":\"ImageObject\",\"inLanguage\":\"gl-ES\",\"@id\":\"https:\\\/\\\/www.anovapeneira.gal\\\/index.php\\\/2026\\\/05\\\/01\\\/o-bng-presenta-ao-seu-candidato-a-alcaldia-de-mondariz\\\/#primaryimage\",\"url\":\"https:\\\/\\\/www.anovapeneira.gal\\\/wp-content\\\/uploads\\\/2026\\\/04\\\/alex_mondariz.png\",\"contentUrl\":\"https:\\\/\\\/www.anovapeneira.gal\\\/wp-content\\\/uploads\\\/2026\\\/04\\\/alex_mondariz.png\",\"width\":720,\"height\":432},{\"@type\":\"BreadcrumbList\",\"@id\":\"https:\\\/\\\/www.anovapeneira.gal\\\/index.php\\\/2026\\\/05\\\/01\\\/o-bng-presenta-ao-seu-candidato-a-alcaldia-de-mondariz\\\/#breadcrumb\",\"itemListElement\":[{\"@type\":\"ListItem\",\"position\":1,\"name\":\"Portada\",\"item\":\"https:\\\/\\\/www.anovapeneira.gal\\\/\"},{\"@type\":\"ListItem\",\"position\":2,\"name\":\"O BNG presenta ao seu candidato \u00e1 alcald\u00eda de Mondariz.\"}]},{\"@type\":\"WebSite\",\"@id\":\"https:\\\/\\\/www.anovapeneira.gal\\\/#website\",\"url\":\"https:\\\/\\\/www.anovapeneira.gal\\\/\",\"name\":\"\",\"description\":\"Xornal galego de informaci\u00f3n xeral Publicaci\u00f3n mensual de novas de Galicia e en especial dos Concellos da sur da provincia de Pontevedra.\",\"publisher\":{\"@id\":\"https:\\\/\\\/www.anovapeneira.gal\\\/#organization\"},\"potentialAction\":[{\"@type\":\"SearchAction\",\"target\":{\"@type\":\"EntryPoint\",\"urlTemplate\":\"https:\\\/\\\/www.anovapeneira.gal\\\/?s={search_term_string}\"},\"query-input\":{\"@type\":\"PropertyValueSpecification\",\"valueRequired\":true,\"valueName\":\"search_term_string\"}}],\"inLanguage\":\"gl-ES\"},{\"@type\":\"Organization\",\"@id\":\"https:\\\/\\\/www.anovapeneira.gal\\\/#organization\",\"name\":\"A Nova Peneira\",\"url\":\"https:\\\/\\\/www.anovapeneira.gal\\\/\",\"logo\":{\"@type\":\"ImageObject\",\"inLanguage\":\"gl-ES\",\"@id\":\"https:\\\/\\\/www.anovapeneira.gal\\\/#\\\/schema\\\/logo\\\/image\\\/\",\"url\":\"http:\\\/\\\/www.anovapeneira.gal\\\/wp-content\\\/uploads\\\/2019\\\/06\\\/logo_a_nova_peneira_portal_web.png\",\"contentUrl\":\"http:\\\/\\\/www.anovapeneira.gal\\\/wp-content\\\/uploads\\\/2019\\\/06\\\/logo_a_nova_peneira_portal_web.png\",\"width\":300,\"height\":100,\"caption\":\"A Nova Peneira\"},\"image\":{\"@id\":\"https:\\\/\\\/www.anovapeneira.gal\\\/#\\\/schema\\\/logo\\\/image\\\/\"},\"sameAs\":[\"https:\\\/\\\/www.facebook.com\\\/anovapeneira\",\"https:\\\/\\\/x.com\\\/APeneira\"]},{\"@type\":\"Person\",\"@id\":\"https:\\\/\\\/www.anovapeneira.gal\\\/#\\\/schema\\\/person\\\/424dfe65e3070fd8a44d22d2c088762a\",\"name\":\"Tino Lago\",\"image\":{\"@type\":\"ImageObject\",\"inLanguage\":\"gl-ES\",\"@id\":\"https:\\\/\\\/secure.gravatar.com\\\/avatar\\\/b3df6a06e44bab3111583b90f0f33a0379ee5e3d22cbadd232d39f21c30c62be?s=96&d=mm&r=g\",\"url\":\"https:\\\/\\\/secure.gravatar.com\\\/avatar\\\/b3df6a06e44bab3111583b90f0f33a0379ee5e3d22cbadd232d39f21c30c62be?s=96&d=mm&r=g\",\"contentUrl\":\"https:\\\/\\\/secure.gravatar.com\\\/avatar\\\/b3df6a06e44bab3111583b90f0f33a0379ee5e3d22cbadd232d39f21c30c62be?s=96&d=mm&r=g\",\"caption\":\"Tino Lago\"},\"sameAs\":[\"http:\\\/\\\/www.anovapeneira.gal\"],\"url\":\"https:\\\/\\\/www.anovapeneira.gal\\\/index.php\\\/author\\\/director\\\/\"}]}<\/script>\n<!-- \/ Yoast SEO plugin. -->","yoast_head_json":{"title":"O BNG presenta ao seu candidato \u00e1 alcald\u00eda de Mondariz. -","robots":{"index":"index","follow":"follow","max-snippet":"max-snippet:-1","max-image-preview":"max-image-preview:large","max-video-preview":"max-video-preview:-1"},"canonical":"https:\/\/www.anovapeneira.gal\/index.php\/2026\/05\/01\/o-bng-presenta-ao-seu-candidato-a-alcaldia-de-mondariz\/","og_locale":"gl_ES","og_type":"article","og_title":"O BNG presenta ao seu candidato \u00e1 alcald\u00eda de Mondariz. -","og_description":"O pasado s\u00e1bado 25 de abril, un d\u00eda moi bonito para as persoas que temos sensibilidade pol\u00edtica de esquerdas, o BNG de Mondariz presentou ao seu candidato \u00e1 alcald\u00eda nas vindeiras elecci\u00f3ns municipais que se celebrar\u00e1n no pr\u00f3ximo ano [...]","og_url":"https:\/\/www.anovapeneira.gal\/index.php\/2026\/05\/01\/o-bng-presenta-ao-seu-candidato-a-alcaldia-de-mondariz\/","article_publisher":"https:\/\/www.facebook.com\/anovapeneira","article_published_time":"2026-05-01T08:00:08+00:00","og_image":[{"width":720,"height":432,"url":"https:\/\/www.anovapeneira.gal\/wp-content\/uploads\/2026\/04\/alex_mondariz.png","type":"image\/png"}],"author":"Tino Lago","twitter_card":"summary_large_image","twitter_creator":"@APeneira","twitter_site":"@APeneira","twitter_misc":{"Escrito por":"Tino Lago","Tempo de lectura":"2 minutos"},"schema":{"@context":"https:\/\/schema.org","@graph":[{"@type":"Article","@id":"https:\/\/www.anovapeneira.gal\/index.php\/2026\/05\/01\/o-bng-presenta-ao-seu-candidato-a-alcaldia-de-mondariz\/#article","isPartOf":{"@id":"https:\/\/www.anovapeneira.gal\/index.php\/2026\/05\/01\/o-bng-presenta-ao-seu-candidato-a-alcaldia-de-mondariz\/"},"author":{"name":"Tino Lago","@id":"https:\/\/www.anovapeneira.gal\/#\/schema\/person\/424dfe65e3070fd8a44d22d2c088762a"},"headline":"O BNG presenta ao seu candidato \u00e1 alcald\u00eda de Mondariz.","datePublished":"2026-05-01T08:00:08+00:00","mainEntityOfPage":{"@id":"https:\/\/www.anovapeneira.gal\/index.php\/2026\/05\/01\/o-bng-presenta-ao-seu-candidato-a-alcaldia-de-mondariz\/"},"wordCount":342,"commentCount":0,"publisher":{"@id":"https:\/\/www.anovapeneira.gal\/#organization"},"image":{"@id":"https:\/\/www.anovapeneira.gal\/index.php\/2026\/05\/01\/o-bng-presenta-ao-seu-candidato-a-alcaldia-de-mondariz\/#primaryimage"},"thumbnailUrl":"https:\/\/www.anovapeneira.gal\/wp-content\/uploads\/2026\/04\/alex_mondariz.png","keywords":["Concello de Mondariz"],"articleSection":["Condado"],"inLanguage":"gl-ES","potentialAction":[{"@type":"CommentAction","name":"Comment","target":["https:\/\/www.anovapeneira.gal\/index.php\/2026\/05\/01\/o-bng-presenta-ao-seu-candidato-a-alcaldia-de-mondariz\/#respond"]}]},{"@type":"WebPage","@id":"https:\/\/www.anovapeneira.gal\/index.php\/2026\/05\/01\/o-bng-presenta-ao-seu-candidato-a-alcaldia-de-mondariz\/","url":"https:\/\/www.anovapeneira.gal\/index.php\/2026\/05\/01\/o-bng-presenta-ao-seu-candidato-a-alcaldia-de-mondariz\/","name":"O BNG presenta ao seu candidato \u00e1 alcald\u00eda de Mondariz. -","isPartOf":{"@id":"https:\/\/www.anovapeneira.gal\/#website"},"primaryImageOfPage":{"@id":"https:\/\/www.anovapeneira.gal\/index.php\/2026\/05\/01\/o-bng-presenta-ao-seu-candidato-a-alcaldia-de-mondariz\/#primaryimage"},"image":{"@id":"https:\/\/www.anovapeneira.gal\/index.php\/2026\/05\/01\/o-bng-presenta-ao-seu-candidato-a-alcaldia-de-mondariz\/#primaryimage"},"thumbnailUrl":"https:\/\/www.anovapeneira.gal\/wp-content\/uploads\/2026\/04\/alex_mondariz.png","datePublished":"2026-05-01T08:00:08+00:00","breadcrumb":{"@id":"https:\/\/www.anovapeneira.gal\/index.php\/2026\/05\/01\/o-bng-presenta-ao-seu-candidato-a-alcaldia-de-mondariz\/#breadcrumb"},"inLanguage":"gl-ES","potentialAction":[{"@type":"ReadAction","target":["https:\/\/www.anovapeneira.gal\/index.php\/2026\/05\/01\/o-bng-presenta-ao-seu-candidato-a-alcaldia-de-mondariz\/"]}]},{"@type":"ImageObject","inLanguage":"gl-ES","@id":"https:\/\/www.anovapeneira.gal\/index.php\/2026\/05\/01\/o-bng-presenta-ao-seu-candidato-a-alcaldia-de-mondariz\/#primaryimage","url":"https:\/\/www.anovapeneira.gal\/wp-content\/uploads\/2026\/04\/alex_mondariz.png","contentUrl":"https:\/\/www.anovapeneira.gal\/wp-content\/uploads\/2026\/04\/alex_mondariz.png","width":720,"height":432},{"@type":"BreadcrumbList","@id":"https:\/\/www.anovapeneira.gal\/index.php\/2026\/05\/01\/o-bng-presenta-ao-seu-candidato-a-alcaldia-de-mondariz\/#breadcrumb","itemListElement":[{"@type":"ListItem","position":1,"name":"Portada","item":"https:\/\/www.anovapeneira.gal\/"},{"@type":"ListItem","position":2,"name":"O BNG presenta ao seu candidato \u00e1 alcald\u00eda de Mondariz."}]},{"@type":"WebSite","@id":"https:\/\/www.anovapeneira.gal\/#website","url":"https:\/\/www.anovapeneira.gal\/","name":"","description":"Xornal galego de informaci\u00f3n xeral Publicaci\u00f3n mensual de novas de Galicia e en especial dos Concellos da sur da provincia de Pontevedra.","publisher":{"@id":"https:\/\/www.anovapeneira.gal\/#organization"},"potentialAction":[{"@type":"SearchAction","target":{"@type":"EntryPoint","urlTemplate":"https:\/\/www.anovapeneira.gal\/?s={search_term_string}"},"query-input":{"@type":"PropertyValueSpecification","valueRequired":true,"valueName":"search_term_string"}}],"inLanguage":"gl-ES"},{"@type":"Organization","@id":"https:\/\/www.anovapeneira.gal\/#organization","name":"A Nova Peneira","url":"https:\/\/www.anovapeneira.gal\/","logo":{"@type":"ImageObject","inLanguage":"gl-ES","@id":"https:\/\/www.anovapeneira.gal\/#\/schema\/logo\/image\/","url":"http:\/\/www.anovapeneira.gal\/wp-content\/uploads\/2019\/06\/logo_a_nova_peneira_portal_web.png","contentUrl":"http:\/\/www.anovapeneira.gal\/wp-content\/uploads\/2019\/06\/logo_a_nova_peneira_portal_web.png","width":300,"height":100,"caption":"A Nova Peneira"},"image":{"@id":"https:\/\/www.anovapeneira.gal\/#\/schema\/logo\/image\/"},"sameAs":["https:\/\/www.facebook.com\/anovapeneira","https:\/\/x.com\/APeneira"]},{"@type":"Person","@id":"https:\/\/www.anovapeneira.gal\/#\/schema\/person\/424dfe65e3070fd8a44d22d2c088762a","name":"Tino Lago","image":{"@type":"ImageObject","inLanguage":"gl-ES","@id":"https:\/\/secure.gravatar.com\/avatar\/b3df6a06e44bab3111583b90f0f33a0379ee5e3d22cbadd232d39f21c30c62be?s=96&d=mm&r=g","url":"https:\/\/secure.gravatar.com\/avatar\/b3df6a06e44bab3111583b90f0f33a0379ee5e3d22cbadd232d39f21c30c62be?s=96&d=mm&r=g","contentUrl":"https:\/\/secure.gravatar.com\/avatar\/b3df6a06e44bab3111583b90f0f33a0379ee5e3d22cbadd232d39f21c30c62be?s=96&d=mm&r=g","caption":"Tino Lago"},"sameAs":["http:\/\/www.anovapeneira.gal"],"url":"https:\/\/www.anovapeneira.gal\/index.php\/author\/director\/"}]}},"jetpack_featured_media_url":"https:\/\/www.anovapeneira.gal\/wp-content\/uploads\/2026\/04\/alex_mondariz.png","_links":{"self":[{"href":"https:\/\/www.anovapeneira.gal\/index.php\/wp-json\/wp\/v2\/posts\/15735","targetHints":{"allow":["GET"]}}],"collection":[{"href":"https:\/\/www.anovapeneira.gal\/index.php\/wp-json\/wp\/v2\/posts"}],"about":[{"href":"https:\/\/www.anovapeneira.gal\/index.php\/wp-json\/wp\/v2\/types\/post"}],"author":[{"embeddable":true,"href":"https:\/\/www.anovapeneira.gal\/index.php\/wp-json\/wp\/v2\/users\/2"}],"replies":[{"embeddable":true,"href":"https:\/\/www.anovapeneira.gal\/index.php\/wp-json\/wp\/v2\/comments?post=15735"}],"version-history":[{"count":1,"href":"https:\/\/www.anovapeneira.gal\/index.php\/wp-json\/wp\/v2\/posts\/15735\/revisions"}],"predecessor-version":[{"id":15737,"href":"https:\/\/www.anovapeneira.gal\/index.php\/wp-json\/wp\/v2\/posts\/15735\/revisions\/15737"}],"wp:featuredmedia":[{"embeddable":true,"href":"https:\/\/www.anovapeneira.gal\/index.php\/wp-json\/wp\/v2\/media\/15736"}],"wp:attachment":[{"href":"https:\/\/www.anovapeneira.gal\/index.php\/wp-json\/wp\/v2\/media?parent=15735"}],"wp:term":[{"taxonomy":"category","embeddable":true,"href":"https:\/\/www.anovapeneira.gal\/index.php\/wp-json\/wp\/v2\/categories?post=15735"},{"taxonomy":"post_tag","embeddable":true,"href":"https:\/\/www.anovapeneira.gal\/index.php\/wp-json\/wp\/v2\/tags?post=15735"}],"curies":[{"name":"wp","href":"https:\/\/api.w.org\/{rel}","templated":true}]}}