{"id":15738,"date":"2026-05-01T12:00:16","date_gmt":"2026-05-01T10:00:16","guid":{"rendered":"https:\/\/www.anovapeneira.gal\/?p=15738"},"modified":"2026-04-28T10:53:17","modified_gmt":"2026-04-28T08:53:17","slug":"o-individuo-e-o-ben-comun","status":"publish","type":"post","link":"https:\/\/www.anovapeneira.gal\/index.php\/2026\/05\/01\/o-individuo-e-o-ben-comun\/","title":{"rendered":"O individuo e o ben com\u00fan"},"content":{"rendered":"\n<p><strong>1.000 primaveras m\u00e1is para o IEM.<\/strong><\/p>\n\n\n\n<p>Hai alg\u00fans meses acud\u00edn cun compa\u00f1eiro de traballo \u00e1 cafeter\u00eda dun Centro Cultural dunha parroquia un tanto afastada do casco urbano do concello ao que pertence esa aldea, de cuxo nome non quero lembrarme.<\/p>\n\n\n\n<p>O taboleiro de anuncios do local informaba de distintos concertos de grupos musicais da Vila nas pr\u00f3ximas datas. Eses grupos no cobran pola actuaci\u00f3n m\u00e1is que uns petiscos e algunhas cervexas de balde. Por\u00e9n, os d\u00edas de concerto o hostaleiro aumenta a cantidade recadada na caixa pois ten m\u00e1is clientes que consumen no seu local.<\/p>\n\n\n\n<p>O meu compa\u00f1eiro e eu propux\u00e9moslle ao dono do local que colaborara con ANP inserindo de cando en vez algunha publicidade do seu negocio no noso medio de comunicaci\u00f3n. El dubidaba, e n\u00f3s argumentabamos que somos un medio moi lido no centro urbano da s\u00faa localidade e que a s\u00faa publicidade poder\u00eda servir para atraer clientes da vila ao seu local.<\/p>\n\n\n\n<p>Finalmente o home non aceptou a nosa proposta. Unha decisi\u00f3n moi l\u00edcita, lex\u00edtima e absolutamente respectable. Pero o que xa non me gustou tanto foi o motivo que nos espetou. D\u00edxonos que el non colaboraba con ningu\u00e9n, pois pensaba que se lle daba algo a algu\u00e9n algunha vez estar\u00eda na obriga de darlle a todo o mundo todas as veces.<\/p>\n\n\n\n<p>Claro,a xente d\u00e1lle igual cando lle piden que colabore el. Pero non lle dan igual cando \u00e9 el o que pide colaboraci\u00f3n a distintos grupos musicais da vila, e que lle ve\u00f1an tocar de balde ao seu local para atraer m\u00e1is clientes sexan de onde sexan.<\/p>\n\n\n\n<p>Ese modus operandi de non colaborar con nada nin con ningu\u00e9n da sociedade que nos rodea, e en cambio procurar que os demais si colaboren contigo, \u00e9 unha forma de entender a realidade que eu non comparto en absoluto. Non \u00e9 nin a primeira nin a ser\u00e1 a \u00faltima vez que o percibo. Probablemente estea motivado por pulsi\u00f3ns humanas moi profundas, e moi b\u00e1sicas tam\u00e9n, que te\u00f1an que ver co ego\u00edsmo ou incluso co instinto de supervivencia.<\/p>\n\n\n\n<p>Os seres humanos non vivimos s\u00f3s nunha illa deserta, e ningu\u00e9n poder\u00eda sobrevivir se non recibe a colaboraci\u00f3n doutras persoas ao longo da s\u00faa vida. Quen s\u00f3 persegue o ben propio sen preocuparse polas necesidades de quen se cruce no cami\u00f1o da vida non achega nada \u00e1 sociedade. \u00c9 m\u00e1is, contrib\u00fae a facer peor \u00e1 humanidade, posto que unha civilizaci\u00f3n que se basee na competici\u00f3n na procura do ben propio, trae consigo inevitablemente vitorias e derrotas. Todo para quen ga\u00f1e e nada para os derrotados.<\/p>\n\n\n\n<p>Eu creo nunha sociedade diferente: unha sociedade de colaboraci\u00f3n na que todos nos axudemos a todos.<\/p>\n\n\n\n<p>Cando os individuos traballamos en colaboraci\u00f3n buscando o ben colectivo podemos apreciar a outra cara da realidade: A cara m\u00e1is amable, l\u00facida, solidaria e comprometida. A cara da tenrura entre as persoas e os pobos.<\/p>\n\n\n\n<p>Un deses colectivos que practica esa forma de relaci\u00f3ns sociais \u00e9 o Instituto de Estudos Mi\u00f1or\u00e1ns, o IEM. Eles est\u00e1n situados fisicamente en Gondomar, al\u00ed est\u00e1 o seu local. Te\u00f1en por obxecto o estudo da comarca do Val Mi\u00f1or en campos moi diversos como por exemplo : arqueolox\u00eda, ecolox\u00eda, patrimonio, memoria hist\u00f3rica, toponimia, ling\u00fc\u00edstica&#8230;<\/p>\n\n\n\n<p>O IEM naceu en 1999.Levan 27 anos de actividade ininterrompida. A calidade humana das persoas que o compo\u00f1en \u00e9 tan elevada que non se limitan ao estudo, sen\u00f3n que son activistas. Practican o activismo social de maneira constante en todos os campos que antes mencionei cun rigor e unha solvencia intelectual de tal magnitude, que non \u00e9 esaxerado dicir que algunhas dos m\u00e1is terribles intentos de depredaci\u00f3n contra o seu territorio foron derrotados grazas ao traballo e ao talento das persoas que forman parte do IEM.<\/p>\n\n\n\n<p>A s\u00faa loita contra os disparatados intentos de chantar un campo de golf na Serra da Groba( semellante estupidez s\u00f3 se lle poder\u00eda ocorrer ao PP), ou o seu inmenso talento e esforzo posto ao servizo do com\u00fan na procura de evitar que ducias de mu\u00ed\u00f1os de m\u00e1is de 100 metros de altura estraguen para sempre algunhas das paraxes de m\u00e1is elevado valor do sur de Galicia, como as Serras da Groba ou do Gali\u00f1eiro, son memorables e merecedoras de todo tipo de reco\u00f1ecemento.<\/p>\n\n\n\n<p>As persoas que estiveron e xa non est\u00e1n, os que est\u00e1n na actualidade e os que oxal\u00e1 poidan estar no futuro do IEM, son das que paga a pena compartir un anaco de cami\u00f1o con eles, porque quen traballa activamente polo ben com\u00fan, incluso comprometendo \u00e1s veces o seu propio benestar persoal, fai mellor \u00e1 humanidade.<\/p>\n\n\n\n<p>Dedicado con reco\u00f1ecemento e respecto a todos aqueles homes e mulleres que algunha vez tiveron algo que ver no marabilloso traballo do IEM.<\/p>\n\n\n\n<figure class=\"wp-block-image size-full\"><img loading=\"lazy\" decoding=\"async\" width=\"722\" height=\"1024\" src=\"https:\/\/www.anovapeneira.gal\/wp-content\/uploads\/2026\/05\/FOTO-ACTO-IEM.png\" alt=\"\" class=\"wp-image-15743\" srcset=\"https:\/\/www.anovapeneira.gal\/wp-content\/uploads\/2026\/05\/FOTO-ACTO-IEM.png 722w, https:\/\/www.anovapeneira.gal\/wp-content\/uploads\/2026\/05\/FOTO-ACTO-IEM-212x300.png 212w\" sizes=\"auto, (max-width: 722px) 100vw, 722px\" \/><\/figure>\n","protected":false},"excerpt":{"rendered":"<div class=\"mh-excerpt\"><p>1.000 primaveras m\u00e1is para o IEM. Hai alg\u00fans meses acud\u00edn cun compa\u00f1eiro de traballo \u00e1 cafeter\u00eda dun Centro Cultural dunha parroquia un tanto afastada do casco urbano do concello ao que pertence esa aldea, de <a class=\"mh-excerpt-more\" href=\"https:\/\/www.anovapeneira.gal\/index.php\/2026\/05\/01\/o-individuo-e-o-ben-comun\/\" title=\"O individuo e o ben com\u00fan\">[&#8230;]<\/a><\/p>\n<\/div>","protected":false},"author":2,"featured_media":15741,"comment_status":"open","ping_status":"open","sticky":false,"template":"","format":"standard","meta":{"_exactmetrics_skip_tracking":false,"_exactmetrics_sitenote_active":false,"_exactmetrics_sitenote_note":"","_exactmetrics_sitenote_category":0,"footnotes":""},"categories":[20],"tags":[149],"class_list":{"0":"post-15738","1":"post","2":"type-post","3":"status-publish","4":"format-standard","5":"has-post-thumbnail","7":"category-val-minor","8":"tag-concello-de-gondomar"},"yoast_head":"<!-- This site is optimized with the Yoast SEO plugin v27.5 - https:\/\/yoast.com\/product\/yoast-seo-wordpress\/ -->\n<title>O individuo e o ben com\u00fan -<\/title>\n<meta name=\"robots\" content=\"index, follow, max-snippet:-1, max-image-preview:large, max-video-preview:-1\" \/>\n<link rel=\"canonical\" href=\"https:\/\/www.anovapeneira.gal\/index.php\/2026\/05\/01\/o-individuo-e-o-ben-comun\/\" \/>\n<meta property=\"og:locale\" content=\"gl_ES\" \/>\n<meta property=\"og:type\" content=\"article\" \/>\n<meta property=\"og:title\" content=\"O individuo e o ben com\u00fan -\" \/>\n<meta property=\"og:description\" content=\"1.000 primaveras m\u00e1is para o IEM. Hai alg\u00fans meses acud\u00edn cun compa\u00f1eiro de traballo \u00e1 cafeter\u00eda dun Centro Cultural dunha parroquia un tanto afastada do casco urbano do concello ao que pertence esa aldea, de [...]\" \/>\n<meta property=\"og:url\" content=\"https:\/\/www.anovapeneira.gal\/index.php\/2026\/05\/01\/o-individuo-e-o-ben-comun\/\" \/>\n<meta property=\"article:publisher\" content=\"https:\/\/www.facebook.com\/anovapeneira\" \/>\n<meta property=\"article:published_time\" content=\"2026-05-01T10:00:16+00:00\" \/>\n<meta property=\"og:image\" content=\"https:\/\/www.anovapeneira.gal\/wp-content\/uploads\/2026\/05\/iem.png\" \/>\n\t<meta property=\"og:image:width\" content=\"720\" \/>\n\t<meta property=\"og:image:height\" content=\"432\" \/>\n\t<meta property=\"og:image:type\" content=\"image\/png\" \/>\n<meta name=\"author\" content=\"Tino Lago\" \/>\n<meta name=\"twitter:card\" content=\"summary_large_image\" \/>\n<meta name=\"twitter:creator\" content=\"@APeneira\" \/>\n<meta name=\"twitter:site\" content=\"@APeneira\" \/>\n<meta name=\"twitter:label1\" content=\"Escrito por\" \/>\n\t<meta name=\"twitter:data1\" content=\"Tino Lago\" \/>\n\t<meta name=\"twitter:label2\" content=\"Tempo de lectura\" \/>\n\t<meta name=\"twitter:data2\" content=\"5 minutos\" \/>\n<script type=\"application\/ld+json\" class=\"yoast-schema-graph\">{\"@context\":\"https:\\\/\\\/schema.org\",\"@graph\":[{\"@type\":\"Article\",\"@id\":\"https:\\\/\\\/www.anovapeneira.gal\\\/index.php\\\/2026\\\/05\\\/01\\\/o-individuo-e-o-ben-comun\\\/#article\",\"isPartOf\":{\"@id\":\"https:\\\/\\\/www.anovapeneira.gal\\\/index.php\\\/2026\\\/05\\\/01\\\/o-individuo-e-o-ben-comun\\\/\"},\"author\":{\"name\":\"Tino Lago\",\"@id\":\"https:\\\/\\\/www.anovapeneira.gal\\\/#\\\/schema\\\/person\\\/424dfe65e3070fd8a44d22d2c088762a\"},\"headline\":\"O individuo e o ben com\u00fan\",\"datePublished\":\"2026-05-01T10:00:16+00:00\",\"mainEntityOfPage\":{\"@id\":\"https:\\\/\\\/www.anovapeneira.gal\\\/index.php\\\/2026\\\/05\\\/01\\\/o-individuo-e-o-ben-comun\\\/\"},\"wordCount\":848,\"commentCount\":0,\"publisher\":{\"@id\":\"https:\\\/\\\/www.anovapeneira.gal\\\/#organization\"},\"image\":{\"@id\":\"https:\\\/\\\/www.anovapeneira.gal\\\/index.php\\\/2026\\\/05\\\/01\\\/o-individuo-e-o-ben-comun\\\/#primaryimage\"},\"thumbnailUrl\":\"https:\\\/\\\/www.anovapeneira.gal\\\/wp-content\\\/uploads\\\/2026\\\/05\\\/iem.png\",\"keywords\":[\"Concello de Gondomar\"],\"articleSection\":[\"Val Mi\u00f1or\"],\"inLanguage\":\"gl-ES\",\"potentialAction\":[{\"@type\":\"CommentAction\",\"name\":\"Comment\",\"target\":[\"https:\\\/\\\/www.anovapeneira.gal\\\/index.php\\\/2026\\\/05\\\/01\\\/o-individuo-e-o-ben-comun\\\/#respond\"]}]},{\"@type\":\"WebPage\",\"@id\":\"https:\\\/\\\/www.anovapeneira.gal\\\/index.php\\\/2026\\\/05\\\/01\\\/o-individuo-e-o-ben-comun\\\/\",\"url\":\"https:\\\/\\\/www.anovapeneira.gal\\\/index.php\\\/2026\\\/05\\\/01\\\/o-individuo-e-o-ben-comun\\\/\",\"name\":\"O individuo e o ben com\u00fan -\",\"isPartOf\":{\"@id\":\"https:\\\/\\\/www.anovapeneira.gal\\\/#website\"},\"primaryImageOfPage\":{\"@id\":\"https:\\\/\\\/www.anovapeneira.gal\\\/index.php\\\/2026\\\/05\\\/01\\\/o-individuo-e-o-ben-comun\\\/#primaryimage\"},\"image\":{\"@id\":\"https:\\\/\\\/www.anovapeneira.gal\\\/index.php\\\/2026\\\/05\\\/01\\\/o-individuo-e-o-ben-comun\\\/#primaryimage\"},\"thumbnailUrl\":\"https:\\\/\\\/www.anovapeneira.gal\\\/wp-content\\\/uploads\\\/2026\\\/05\\\/iem.png\",\"datePublished\":\"2026-05-01T10:00:16+00:00\",\"breadcrumb\":{\"@id\":\"https:\\\/\\\/www.anovapeneira.gal\\\/index.php\\\/2026\\\/05\\\/01\\\/o-individuo-e-o-ben-comun\\\/#breadcrumb\"},\"inLanguage\":\"gl-ES\",\"potentialAction\":[{\"@type\":\"ReadAction\",\"target\":[\"https:\\\/\\\/www.anovapeneira.gal\\\/index.php\\\/2026\\\/05\\\/01\\\/o-individuo-e-o-ben-comun\\\/\"]}]},{\"@type\":\"ImageObject\",\"inLanguage\":\"gl-ES\",\"@id\":\"https:\\\/\\\/www.anovapeneira.gal\\\/index.php\\\/2026\\\/05\\\/01\\\/o-individuo-e-o-ben-comun\\\/#primaryimage\",\"url\":\"https:\\\/\\\/www.anovapeneira.gal\\\/wp-content\\\/uploads\\\/2026\\\/05\\\/iem.png\",\"contentUrl\":\"https:\\\/\\\/www.anovapeneira.gal\\\/wp-content\\\/uploads\\\/2026\\\/05\\\/iem.png\",\"width\":720,\"height\":432},{\"@type\":\"BreadcrumbList\",\"@id\":\"https:\\\/\\\/www.anovapeneira.gal\\\/index.php\\\/2026\\\/05\\\/01\\\/o-individuo-e-o-ben-comun\\\/#breadcrumb\",\"itemListElement\":[{\"@type\":\"ListItem\",\"position\":1,\"name\":\"Portada\",\"item\":\"https:\\\/\\\/www.anovapeneira.gal\\\/\"},{\"@type\":\"ListItem\",\"position\":2,\"name\":\"O individuo e o ben com\u00fan\"}]},{\"@type\":\"WebSite\",\"@id\":\"https:\\\/\\\/www.anovapeneira.gal\\\/#website\",\"url\":\"https:\\\/\\\/www.anovapeneira.gal\\\/\",\"name\":\"\",\"description\":\"Xornal galego de informaci\u00f3n xeral Publicaci\u00f3n mensual de novas de Galicia e en especial dos Concellos da sur da provincia de Pontevedra.\",\"publisher\":{\"@id\":\"https:\\\/\\\/www.anovapeneira.gal\\\/#organization\"},\"potentialAction\":[{\"@type\":\"SearchAction\",\"target\":{\"@type\":\"EntryPoint\",\"urlTemplate\":\"https:\\\/\\\/www.anovapeneira.gal\\\/?s={search_term_string}\"},\"query-input\":{\"@type\":\"PropertyValueSpecification\",\"valueRequired\":true,\"valueName\":\"search_term_string\"}}],\"inLanguage\":\"gl-ES\"},{\"@type\":\"Organization\",\"@id\":\"https:\\\/\\\/www.anovapeneira.gal\\\/#organization\",\"name\":\"A Nova Peneira\",\"url\":\"https:\\\/\\\/www.anovapeneira.gal\\\/\",\"logo\":{\"@type\":\"ImageObject\",\"inLanguage\":\"gl-ES\",\"@id\":\"https:\\\/\\\/www.anovapeneira.gal\\\/#\\\/schema\\\/logo\\\/image\\\/\",\"url\":\"http:\\\/\\\/www.anovapeneira.gal\\\/wp-content\\\/uploads\\\/2019\\\/06\\\/logo_a_nova_peneira_portal_web.png\",\"contentUrl\":\"http:\\\/\\\/www.anovapeneira.gal\\\/wp-content\\\/uploads\\\/2019\\\/06\\\/logo_a_nova_peneira_portal_web.png\",\"width\":300,\"height\":100,\"caption\":\"A Nova Peneira\"},\"image\":{\"@id\":\"https:\\\/\\\/www.anovapeneira.gal\\\/#\\\/schema\\\/logo\\\/image\\\/\"},\"sameAs\":[\"https:\\\/\\\/www.facebook.com\\\/anovapeneira\",\"https:\\\/\\\/x.com\\\/APeneira\"]},{\"@type\":\"Person\",\"@id\":\"https:\\\/\\\/www.anovapeneira.gal\\\/#\\\/schema\\\/person\\\/424dfe65e3070fd8a44d22d2c088762a\",\"name\":\"Tino Lago\",\"image\":{\"@type\":\"ImageObject\",\"inLanguage\":\"gl-ES\",\"@id\":\"https:\\\/\\\/secure.gravatar.com\\\/avatar\\\/b3df6a06e44bab3111583b90f0f33a0379ee5e3d22cbadd232d39f21c30c62be?s=96&d=mm&r=g\",\"url\":\"https:\\\/\\\/secure.gravatar.com\\\/avatar\\\/b3df6a06e44bab3111583b90f0f33a0379ee5e3d22cbadd232d39f21c30c62be?s=96&d=mm&r=g\",\"contentUrl\":\"https:\\\/\\\/secure.gravatar.com\\\/avatar\\\/b3df6a06e44bab3111583b90f0f33a0379ee5e3d22cbadd232d39f21c30c62be?s=96&d=mm&r=g\",\"caption\":\"Tino Lago\"},\"sameAs\":[\"http:\\\/\\\/www.anovapeneira.gal\"],\"url\":\"https:\\\/\\\/www.anovapeneira.gal\\\/index.php\\\/author\\\/director\\\/\"}]}<\/script>\n<!-- \/ Yoast SEO plugin. -->","yoast_head_json":{"title":"O individuo e o ben com\u00fan -","robots":{"index":"index","follow":"follow","max-snippet":"max-snippet:-1","max-image-preview":"max-image-preview:large","max-video-preview":"max-video-preview:-1"},"canonical":"https:\/\/www.anovapeneira.gal\/index.php\/2026\/05\/01\/o-individuo-e-o-ben-comun\/","og_locale":"gl_ES","og_type":"article","og_title":"O individuo e o ben com\u00fan -","og_description":"1.000 primaveras m\u00e1is para o IEM. Hai alg\u00fans meses acud\u00edn cun compa\u00f1eiro de traballo \u00e1 cafeter\u00eda dun Centro Cultural dunha parroquia un tanto afastada do casco urbano do concello ao que pertence esa aldea, de [...]","og_url":"https:\/\/www.anovapeneira.gal\/index.php\/2026\/05\/01\/o-individuo-e-o-ben-comun\/","article_publisher":"https:\/\/www.facebook.com\/anovapeneira","article_published_time":"2026-05-01T10:00:16+00:00","og_image":[{"width":720,"height":432,"url":"https:\/\/www.anovapeneira.gal\/wp-content\/uploads\/2026\/05\/iem.png","type":"image\/png"}],"author":"Tino Lago","twitter_card":"summary_large_image","twitter_creator":"@APeneira","twitter_site":"@APeneira","twitter_misc":{"Escrito por":"Tino Lago","Tempo de lectura":"5 minutos"},"schema":{"@context":"https:\/\/schema.org","@graph":[{"@type":"Article","@id":"https:\/\/www.anovapeneira.gal\/index.php\/2026\/05\/01\/o-individuo-e-o-ben-comun\/#article","isPartOf":{"@id":"https:\/\/www.anovapeneira.gal\/index.php\/2026\/05\/01\/o-individuo-e-o-ben-comun\/"},"author":{"name":"Tino Lago","@id":"https:\/\/www.anovapeneira.gal\/#\/schema\/person\/424dfe65e3070fd8a44d22d2c088762a"},"headline":"O individuo e o ben com\u00fan","datePublished":"2026-05-01T10:00:16+00:00","mainEntityOfPage":{"@id":"https:\/\/www.anovapeneira.gal\/index.php\/2026\/05\/01\/o-individuo-e-o-ben-comun\/"},"wordCount":848,"commentCount":0,"publisher":{"@id":"https:\/\/www.anovapeneira.gal\/#organization"},"image":{"@id":"https:\/\/www.anovapeneira.gal\/index.php\/2026\/05\/01\/o-individuo-e-o-ben-comun\/#primaryimage"},"thumbnailUrl":"https:\/\/www.anovapeneira.gal\/wp-content\/uploads\/2026\/05\/iem.png","keywords":["Concello de Gondomar"],"articleSection":["Val Mi\u00f1or"],"inLanguage":"gl-ES","potentialAction":[{"@type":"CommentAction","name":"Comment","target":["https:\/\/www.anovapeneira.gal\/index.php\/2026\/05\/01\/o-individuo-e-o-ben-comun\/#respond"]}]},{"@type":"WebPage","@id":"https:\/\/www.anovapeneira.gal\/index.php\/2026\/05\/01\/o-individuo-e-o-ben-comun\/","url":"https:\/\/www.anovapeneira.gal\/index.php\/2026\/05\/01\/o-individuo-e-o-ben-comun\/","name":"O individuo e o ben com\u00fan -","isPartOf":{"@id":"https:\/\/www.anovapeneira.gal\/#website"},"primaryImageOfPage":{"@id":"https:\/\/www.anovapeneira.gal\/index.php\/2026\/05\/01\/o-individuo-e-o-ben-comun\/#primaryimage"},"image":{"@id":"https:\/\/www.anovapeneira.gal\/index.php\/2026\/05\/01\/o-individuo-e-o-ben-comun\/#primaryimage"},"thumbnailUrl":"https:\/\/www.anovapeneira.gal\/wp-content\/uploads\/2026\/05\/iem.png","datePublished":"2026-05-01T10:00:16+00:00","breadcrumb":{"@id":"https:\/\/www.anovapeneira.gal\/index.php\/2026\/05\/01\/o-individuo-e-o-ben-comun\/#breadcrumb"},"inLanguage":"gl-ES","potentialAction":[{"@type":"ReadAction","target":["https:\/\/www.anovapeneira.gal\/index.php\/2026\/05\/01\/o-individuo-e-o-ben-comun\/"]}]},{"@type":"ImageObject","inLanguage":"gl-ES","@id":"https:\/\/www.anovapeneira.gal\/index.php\/2026\/05\/01\/o-individuo-e-o-ben-comun\/#primaryimage","url":"https:\/\/www.anovapeneira.gal\/wp-content\/uploads\/2026\/05\/iem.png","contentUrl":"https:\/\/www.anovapeneira.gal\/wp-content\/uploads\/2026\/05\/iem.png","width":720,"height":432},{"@type":"BreadcrumbList","@id":"https:\/\/www.anovapeneira.gal\/index.php\/2026\/05\/01\/o-individuo-e-o-ben-comun\/#breadcrumb","itemListElement":[{"@type":"ListItem","position":1,"name":"Portada","item":"https:\/\/www.anovapeneira.gal\/"},{"@type":"ListItem","position":2,"name":"O individuo e o ben com\u00fan"}]},{"@type":"WebSite","@id":"https:\/\/www.anovapeneira.gal\/#website","url":"https:\/\/www.anovapeneira.gal\/","name":"","description":"Xornal galego de informaci\u00f3n xeral Publicaci\u00f3n mensual de novas de Galicia e en especial dos Concellos da sur da provincia de Pontevedra.","publisher":{"@id":"https:\/\/www.anovapeneira.gal\/#organization"},"potentialAction":[{"@type":"SearchAction","target":{"@type":"EntryPoint","urlTemplate":"https:\/\/www.anovapeneira.gal\/?s={search_term_string}"},"query-input":{"@type":"PropertyValueSpecification","valueRequired":true,"valueName":"search_term_string"}}],"inLanguage":"gl-ES"},{"@type":"Organization","@id":"https:\/\/www.anovapeneira.gal\/#organization","name":"A Nova Peneira","url":"https:\/\/www.anovapeneira.gal\/","logo":{"@type":"ImageObject","inLanguage":"gl-ES","@id":"https:\/\/www.anovapeneira.gal\/#\/schema\/logo\/image\/","url":"http:\/\/www.anovapeneira.gal\/wp-content\/uploads\/2019\/06\/logo_a_nova_peneira_portal_web.png","contentUrl":"http:\/\/www.anovapeneira.gal\/wp-content\/uploads\/2019\/06\/logo_a_nova_peneira_portal_web.png","width":300,"height":100,"caption":"A Nova Peneira"},"image":{"@id":"https:\/\/www.anovapeneira.gal\/#\/schema\/logo\/image\/"},"sameAs":["https:\/\/www.facebook.com\/anovapeneira","https:\/\/x.com\/APeneira"]},{"@type":"Person","@id":"https:\/\/www.anovapeneira.gal\/#\/schema\/person\/424dfe65e3070fd8a44d22d2c088762a","name":"Tino Lago","image":{"@type":"ImageObject","inLanguage":"gl-ES","@id":"https:\/\/secure.gravatar.com\/avatar\/b3df6a06e44bab3111583b90f0f33a0379ee5e3d22cbadd232d39f21c30c62be?s=96&d=mm&r=g","url":"https:\/\/secure.gravatar.com\/avatar\/b3df6a06e44bab3111583b90f0f33a0379ee5e3d22cbadd232d39f21c30c62be?s=96&d=mm&r=g","contentUrl":"https:\/\/secure.gravatar.com\/avatar\/b3df6a06e44bab3111583b90f0f33a0379ee5e3d22cbadd232d39f21c30c62be?s=96&d=mm&r=g","caption":"Tino Lago"},"sameAs":["http:\/\/www.anovapeneira.gal"],"url":"https:\/\/www.anovapeneira.gal\/index.php\/author\/director\/"}]}},"jetpack_featured_media_url":"https:\/\/www.anovapeneira.gal\/wp-content\/uploads\/2026\/05\/iem.png","_links":{"self":[{"href":"https:\/\/www.anovapeneira.gal\/index.php\/wp-json\/wp\/v2\/posts\/15738","targetHints":{"allow":["GET"]}}],"collection":[{"href":"https:\/\/www.anovapeneira.gal\/index.php\/wp-json\/wp\/v2\/posts"}],"about":[{"href":"https:\/\/www.anovapeneira.gal\/index.php\/wp-json\/wp\/v2\/types\/post"}],"author":[{"embeddable":true,"href":"https:\/\/www.anovapeneira.gal\/index.php\/wp-json\/wp\/v2\/users\/2"}],"replies":[{"embeddable":true,"href":"https:\/\/www.anovapeneira.gal\/index.php\/wp-json\/wp\/v2\/comments?post=15738"}],"version-history":[{"count":3,"href":"https:\/\/www.anovapeneira.gal\/index.php\/wp-json\/wp\/v2\/posts\/15738\/revisions"}],"predecessor-version":[{"id":15744,"href":"https:\/\/www.anovapeneira.gal\/index.php\/wp-json\/wp\/v2\/posts\/15738\/revisions\/15744"}],"wp:featuredmedia":[{"embeddable":true,"href":"https:\/\/www.anovapeneira.gal\/index.php\/wp-json\/wp\/v2\/media\/15741"}],"wp:attachment":[{"href":"https:\/\/www.anovapeneira.gal\/index.php\/wp-json\/wp\/v2\/media?parent=15738"}],"wp:term":[{"taxonomy":"category","embeddable":true,"href":"https:\/\/www.anovapeneira.gal\/index.php\/wp-json\/wp\/v2\/categories?post=15738"},{"taxonomy":"post_tag","embeddable":true,"href":"https:\/\/www.anovapeneira.gal\/index.php\/wp-json\/wp\/v2\/tags?post=15738"}],"curies":[{"name":"wp","href":"https:\/\/api.w.org\/{rel}","templated":true}]}}