{"id":1574,"date":"2019-10-24T14:00:50","date_gmt":"2019-10-24T12:00:50","guid":{"rendered":"http:\/\/www.anovapeneira.gal\/?p=1574"},"modified":"2019-10-20T21:37:21","modified_gmt":"2019-10-20T19:37:21","slug":"avelaina-conmemorou-o-dia-mundial-da-saude-mental-en-ponteareas","status":"publish","type":"post","link":"https:\/\/www.anovapeneira.gal\/index.php\/2019\/10\/24\/avelaina-conmemorou-o-dia-mundial-da-saude-mental-en-ponteareas\/","title":{"rendered":"Avela\u00ed\u00f1a conmemorou o D\u00eda Mundial da Sa\u00fade Mental en Ponteareas"},"content":{"rendered":"\n<h2 class=\"wp-block-heading\"><strong>O alcalde Ponteareas reafirmou o seu compromiso de apoiar \u00e1s persoas e familias afectadas e demandou campa\u00f1as de inclusi\u00f3n e visibilizaci\u00f3n<\/strong><\/h2>\n\n\n\n<p> <strong>Ponteareas, 9 de outubro de 2019<\/strong><\/p>\n\n\n\n<p>\nAvela\u00ed\u00f1a,\ncelebrou  onte xoves , o D\u00eda Mundial da Sa\u00fade Mental cun acto que\ntivo lugar no Auditorio Municipal de Ponteareas e que contou coas\npalabras de apoio do Alcalde Xos\u00e9 Represas,  coa lectura do\nManifesto por parte da Presidenta Mar\u00eda Fernanda Orduna,  e as\nactuaci\u00f3ns dos usuarios de Avela\u00ed\u00f1a.<\/p>\n\n\n\n<p>\nNo\nescenario do auditorio os e as usuarias de Avela\u00ed\u00f1a amosaron o seu\nlado m\u00e1is creativo con proxecci\u00f3n de v\u00eddeos, unha escenificaci\u00f3n\ndun poema de Mario Benedetti e  cunha actuaci\u00f3n musical do cuarteto\nde metais do Conservatorio de Ponteareas sendo aplaudidos por unhas\n350 persoas, entre usuarios, profesionais, familiares, achegados  de\nAvela\u00ed\u00f1a, autoridades locais  e tam\u00e9n de  alumnos dos centros\neducativos IES Pedras de Auga, Val do Tea e IES Barral, e as\nAsociaci\u00f3ns Dar Mais e Asprodico.<\/p>\n\n\n\n<p>\nO\nalcalde de Ponteareas insist\u00edu na necesidade de normalizar e incluir\nno d\u00eda a d\u00eda da via social, econ\u00f3mica e pol\u00edtica \u00e1s persoas con\nenfermidades mentais facendo que sexan part\u00edcipes da sociedade.\n\u201cSeguiremos profundizando  no apoio \u00e1 Avela\u00ed\u00f1a e \u00e1s persoas e\nfamilias que padecen estas enfermidades e canto antes comecemos a\ndemandar o apoio e a implicaci\u00f3n firme das administraci\u00f3ns con\nfeitos e servizos, antes poderemos comezar a axudalos porque\nfinalmente sempre redunda no beneficio de todos\u201d.<\/p>\n\n\n\n<p>\nMar\u00eda\nFernanda Orduna tivo palabras de agradecemento para Ponteareas e deu\nlectura ao manifesto da Organizaci\u00f3n Mundial da Sa\u00fade que este ano\ndecid\u00edu salientar o \u00edndice de suicidios\nconsiderado pola OMS como un dos problemas m\u00e1is graves de sa\u00fade\np\u00fablica que debe ser atendido de forma prioritaria.<\/p>\n\n\n\n<p>\nA\neste prop\u00f3sito, baixo o lema <strong>\u201cConect@\ncoa vida\u201d<\/strong>,\nAvela\u00ed\u00f1a  levar\u00e1\na cabo diversas acci\u00f3nspara\nchamar a atenci\u00f3n sobre esta realidade e incidir na necesidade de\ntraballar na visibilizaci\u00f3n e na prevenci\u00f3n do suicidio. \n<\/p>\n\n\n\n<p>\n<strong>O\nsuicidio, unha realidade silenciada<\/strong><\/p>\n\n\n\n<p>A\nOrganizaci\u00f3n Mundial da Sa\u00fade (OMS), identifica o suicidio e os\nseus intentos como <strong>un dos problemas m\u00e1is\ngraves de sa\u00fade p\u00fablica<\/strong> que poden\nafectar \u00e1s persoas, e por iso recomenda que sexa atendido de forma\nprioritaria.<\/p>\n\n\n\n<p>No\nmundo suic\u00eddase unha persoa cada 40 segundos, e en Espa\u00f1a \u00e9 a\nprincipal causa externa de mortalidade. Galicia,\nlamentablemente, est\u00e1 no m\u00e1is alto da clasificaci\u00f3n de suicidios.\nNo ano 2017 morreron 323 persoas por suicidio en Galicia, sendo<strong>\na<\/strong> <strong>segunda\ncomunidade con maior taxa de suicidio en termos relativos<\/strong>,\ncunha cifra de 11,95 suicidios por cada 100.000 habitantes. Na cabeza\nsit\u00faase Asturias, cunha taxa do 12,95.<\/p>\n\n\n\n<p>Se\nben no 2018 Galicia rexistrou a s\u00faa mellor cifra en n\u00famero de\nsuicidios desde o 2012 (288 casos, dos cales o 70% foron homes e as\n30% mulleres), estas seguen a ser cifras moi elevadas, convertendo ao\nsuicidio nun problema sanitario e social moi significativo na nosa\ncomunidade.  \n<\/p>\n\n\n\n<p>\nA\n<strong>prevenci\u00f3n\ndo suicidio<\/strong>\ncomprende unha serie de actividades que van dende a educaci\u00f3n na\ninfancia e na mocidade ata o tratamento eficaz dos trastornos\nmentais, pasando por un control ambiental dos factores de risco e\nunha difusi\u00f3n apropiada da informaci\u00f3n. O papel dos medios de\ncomunicaci\u00f3n \u00e9 clave para concienciar \u00e1 poboaci\u00f3n sobre este\nproblema de sa\u00fade p\u00fablica e iniciar a s\u00faa prevenci\u00f3n, pois o\ntrato responsable da informaci\u00f3n sobre o suicidio axuda a reducir a\ns\u00faa incidencia.<\/p>\n\n\n\n<p>\nPor\noutra banda, \u00e9 necesario que as instituci\u00f3ns e os gobernos\nprioricen o suicidio como problema de sa\u00fade p\u00fablica e desenvolvan\n<strong>estratexias\nintegrais multisectoriais de prevenci\u00f3n e<\/strong>n\nGalicia.<\/p>\n","protected":false},"excerpt":{"rendered":"<div class=\"mh-excerpt\"><p>O alcalde Ponteareas reafirmou o seu compromiso de apoiar \u00e1s persoas e familias afectadas e demandou campa\u00f1as de inclusi\u00f3n e visibilizaci\u00f3n <a class=\"mh-excerpt-more\" href=\"https:\/\/www.anovapeneira.gal\/index.php\/2019\/10\/24\/avelaina-conmemorou-o-dia-mundial-da-saude-mental-en-ponteareas\/\" title=\"Avela\u00ed\u00f1a conmemorou o D\u00eda Mundial da Sa\u00fade Mental en Ponteareas\">[&#8230;]<\/a><\/p>\n<\/div>","protected":false},"author":3,"featured_media":1575,"comment_status":"open","ping_status":"open","sticky":false,"template":"","format":"standard","meta":{"_exactmetrics_skip_tracking":false,"_exactmetrics_sitenote_active":false,"_exactmetrics_sitenote_note":"","_exactmetrics_sitenote_category":0,"footnotes":""},"categories":[25],"tags":[628,208,703],"class_list":{"0":"post-1574","1":"post","2":"type-post","3":"status-publish","4":"format-standard","5":"has-post-thumbnail","7":"category-condado","8":"tag-avelaina","9":"tag-concello-de-ponteareas","10":"tag-saude-mental"},"yoast_head":"<!-- This site is optimized with the Yoast SEO plugin v27.4 - https:\/\/yoast.com\/product\/yoast-seo-wordpress\/ -->\n<title>Avela\u00ed\u00f1a conmemorou o D\u00eda Mundial da Sa\u00fade Mental en Ponteareas -<\/title>\n<meta name=\"robots\" content=\"index, follow, max-snippet:-1, max-image-preview:large, max-video-preview:-1\" \/>\n<link rel=\"canonical\" href=\"https:\/\/www.anovapeneira.gal\/index.php\/2019\/10\/24\/avelaina-conmemorou-o-dia-mundial-da-saude-mental-en-ponteareas\/\" \/>\n<meta property=\"og:locale\" content=\"gl_ES\" \/>\n<meta property=\"og:type\" content=\"article\" \/>\n<meta property=\"og:title\" content=\"Avela\u00ed\u00f1a conmemorou o D\u00eda Mundial da Sa\u00fade Mental en Ponteareas -\" \/>\n<meta property=\"og:description\" content=\"O alcalde Ponteareas reafirmou o seu compromiso de apoiar \u00e1s persoas e familias afectadas e demandou campa\u00f1as de inclusi\u00f3n e visibilizaci\u00f3n [...]\" \/>\n<meta property=\"og:url\" content=\"https:\/\/www.anovapeneira.gal\/index.php\/2019\/10\/24\/avelaina-conmemorou-o-dia-mundial-da-saude-mental-en-ponteareas\/\" \/>\n<meta property=\"article:publisher\" content=\"https:\/\/www.facebook.com\/anovapeneira\" \/>\n<meta property=\"article:published_time\" content=\"2019-10-24T12:00:50+00:00\" \/>\n<meta property=\"og:image\" content=\"https:\/\/www.anovapeneira.gal\/wp-content\/uploads\/2019\/10\/PONTEAREAS_AVELAINHA_A_NOVA_PENEIRA.jpg\" \/>\n\t<meta property=\"og:image:width\" content=\"720\" \/>\n\t<meta property=\"og:image:height\" content=\"473\" \/>\n\t<meta property=\"og:image:type\" content=\"image\/jpeg\" \/>\n<meta name=\"author\" content=\"Redacci\u00f3n A Nova Peneira\" \/>\n<meta name=\"twitter:card\" content=\"summary_large_image\" \/>\n<meta name=\"twitter:creator\" content=\"@APeneira\" \/>\n<meta name=\"twitter:site\" content=\"@APeneira\" \/>\n<meta name=\"twitter:label1\" content=\"Escrito por\" \/>\n\t<meta name=\"twitter:data1\" content=\"Redacci\u00f3n A Nova Peneira\" \/>\n\t<meta name=\"twitter:label2\" content=\"Tempo de lectura\" \/>\n\t<meta name=\"twitter:data2\" content=\"3 minutos\" \/>\n<script type=\"application\/ld+json\" class=\"yoast-schema-graph\">{\"@context\":\"https:\\\/\\\/schema.org\",\"@graph\":[{\"@type\":\"Article\",\"@id\":\"https:\\\/\\\/www.anovapeneira.gal\\\/index.php\\\/2019\\\/10\\\/24\\\/avelaina-conmemorou-o-dia-mundial-da-saude-mental-en-ponteareas\\\/#article\",\"isPartOf\":{\"@id\":\"https:\\\/\\\/www.anovapeneira.gal\\\/index.php\\\/2019\\\/10\\\/24\\\/avelaina-conmemorou-o-dia-mundial-da-saude-mental-en-ponteareas\\\/\"},\"author\":{\"name\":\"Redacci\u00f3n A Nova Peneira\",\"@id\":\"https:\\\/\\\/www.anovapeneira.gal\\\/#\\\/schema\\\/person\\\/b93e3f8932e3f8da96334607eb6ac6aa\"},\"headline\":\"Avela\u00ed\u00f1a conmemorou o D\u00eda Mundial da Sa\u00fade Mental en Ponteareas\",\"datePublished\":\"2019-10-24T12:00:50+00:00\",\"mainEntityOfPage\":{\"@id\":\"https:\\\/\\\/www.anovapeneira.gal\\\/index.php\\\/2019\\\/10\\\/24\\\/avelaina-conmemorou-o-dia-mundial-da-saude-mental-en-ponteareas\\\/\"},\"wordCount\":640,\"commentCount\":0,\"publisher\":{\"@id\":\"https:\\\/\\\/www.anovapeneira.gal\\\/#organization\"},\"image\":{\"@id\":\"https:\\\/\\\/www.anovapeneira.gal\\\/index.php\\\/2019\\\/10\\\/24\\\/avelaina-conmemorou-o-dia-mundial-da-saude-mental-en-ponteareas\\\/#primaryimage\"},\"thumbnailUrl\":\"https:\\\/\\\/www.anovapeneira.gal\\\/wp-content\\\/uploads\\\/2019\\\/10\\\/PONTEAREAS_AVELAINHA_A_NOVA_PENEIRA.jpg\",\"keywords\":[\"Avela\u00ed\u00f1a\",\"Concello de Ponteareas\",\"Sa\u00fade mental\"],\"articleSection\":[\"Condado\"],\"inLanguage\":\"gl-ES\",\"potentialAction\":[{\"@type\":\"CommentAction\",\"name\":\"Comment\",\"target\":[\"https:\\\/\\\/www.anovapeneira.gal\\\/index.php\\\/2019\\\/10\\\/24\\\/avelaina-conmemorou-o-dia-mundial-da-saude-mental-en-ponteareas\\\/#respond\"]}]},{\"@type\":\"WebPage\",\"@id\":\"https:\\\/\\\/www.anovapeneira.gal\\\/index.php\\\/2019\\\/10\\\/24\\\/avelaina-conmemorou-o-dia-mundial-da-saude-mental-en-ponteareas\\\/\",\"url\":\"https:\\\/\\\/www.anovapeneira.gal\\\/index.php\\\/2019\\\/10\\\/24\\\/avelaina-conmemorou-o-dia-mundial-da-saude-mental-en-ponteareas\\\/\",\"name\":\"Avela\u00ed\u00f1a conmemorou o D\u00eda Mundial da Sa\u00fade Mental en Ponteareas -\",\"isPartOf\":{\"@id\":\"https:\\\/\\\/www.anovapeneira.gal\\\/#website\"},\"primaryImageOfPage\":{\"@id\":\"https:\\\/\\\/www.anovapeneira.gal\\\/index.php\\\/2019\\\/10\\\/24\\\/avelaina-conmemorou-o-dia-mundial-da-saude-mental-en-ponteareas\\\/#primaryimage\"},\"image\":{\"@id\":\"https:\\\/\\\/www.anovapeneira.gal\\\/index.php\\\/2019\\\/10\\\/24\\\/avelaina-conmemorou-o-dia-mundial-da-saude-mental-en-ponteareas\\\/#primaryimage\"},\"thumbnailUrl\":\"https:\\\/\\\/www.anovapeneira.gal\\\/wp-content\\\/uploads\\\/2019\\\/10\\\/PONTEAREAS_AVELAINHA_A_NOVA_PENEIRA.jpg\",\"datePublished\":\"2019-10-24T12:00:50+00:00\",\"breadcrumb\":{\"@id\":\"https:\\\/\\\/www.anovapeneira.gal\\\/index.php\\\/2019\\\/10\\\/24\\\/avelaina-conmemorou-o-dia-mundial-da-saude-mental-en-ponteareas\\\/#breadcrumb\"},\"inLanguage\":\"gl-ES\",\"potentialAction\":[{\"@type\":\"ReadAction\",\"target\":[\"https:\\\/\\\/www.anovapeneira.gal\\\/index.php\\\/2019\\\/10\\\/24\\\/avelaina-conmemorou-o-dia-mundial-da-saude-mental-en-ponteareas\\\/\"]}]},{\"@type\":\"ImageObject\",\"inLanguage\":\"gl-ES\",\"@id\":\"https:\\\/\\\/www.anovapeneira.gal\\\/index.php\\\/2019\\\/10\\\/24\\\/avelaina-conmemorou-o-dia-mundial-da-saude-mental-en-ponteareas\\\/#primaryimage\",\"url\":\"https:\\\/\\\/www.anovapeneira.gal\\\/wp-content\\\/uploads\\\/2019\\\/10\\\/PONTEAREAS_AVELAINHA_A_NOVA_PENEIRA.jpg\",\"contentUrl\":\"https:\\\/\\\/www.anovapeneira.gal\\\/wp-content\\\/uploads\\\/2019\\\/10\\\/PONTEAREAS_AVELAINHA_A_NOVA_PENEIRA.jpg\",\"width\":720,\"height\":473,\"caption\":\"Avelai\u00f1a Concello de Ponteareas A Nova Peneira\"},{\"@type\":\"BreadcrumbList\",\"@id\":\"https:\\\/\\\/www.anovapeneira.gal\\\/index.php\\\/2019\\\/10\\\/24\\\/avelaina-conmemorou-o-dia-mundial-da-saude-mental-en-ponteareas\\\/#breadcrumb\",\"itemListElement\":[{\"@type\":\"ListItem\",\"position\":1,\"name\":\"Portada\",\"item\":\"https:\\\/\\\/www.anovapeneira.gal\\\/\"},{\"@type\":\"ListItem\",\"position\":2,\"name\":\"Avela\u00ed\u00f1a conmemorou o D\u00eda Mundial da Sa\u00fade Mental en Ponteareas\"}]},{\"@type\":\"WebSite\",\"@id\":\"https:\\\/\\\/www.anovapeneira.gal\\\/#website\",\"url\":\"https:\\\/\\\/www.anovapeneira.gal\\\/\",\"name\":\"\",\"description\":\"Xornal galego de informaci\u00f3n xeral Publicaci\u00f3n mensual de novas de Galicia e en especial dos Concellos da sur da provincia de Pontevedra.\",\"publisher\":{\"@id\":\"https:\\\/\\\/www.anovapeneira.gal\\\/#organization\"},\"potentialAction\":[{\"@type\":\"SearchAction\",\"target\":{\"@type\":\"EntryPoint\",\"urlTemplate\":\"https:\\\/\\\/www.anovapeneira.gal\\\/?s={search_term_string}\"},\"query-input\":{\"@type\":\"PropertyValueSpecification\",\"valueRequired\":true,\"valueName\":\"search_term_string\"}}],\"inLanguage\":\"gl-ES\"},{\"@type\":\"Organization\",\"@id\":\"https:\\\/\\\/www.anovapeneira.gal\\\/#organization\",\"name\":\"A Nova Peneira\",\"url\":\"https:\\\/\\\/www.anovapeneira.gal\\\/\",\"logo\":{\"@type\":\"ImageObject\",\"inLanguage\":\"gl-ES\",\"@id\":\"https:\\\/\\\/www.anovapeneira.gal\\\/#\\\/schema\\\/logo\\\/image\\\/\",\"url\":\"http:\\\/\\\/www.anovapeneira.gal\\\/wp-content\\\/uploads\\\/2019\\\/06\\\/logo_a_nova_peneira_portal_web.png\",\"contentUrl\":\"http:\\\/\\\/www.anovapeneira.gal\\\/wp-content\\\/uploads\\\/2019\\\/06\\\/logo_a_nova_peneira_portal_web.png\",\"width\":300,\"height\":100,\"caption\":\"A Nova Peneira\"},\"image\":{\"@id\":\"https:\\\/\\\/www.anovapeneira.gal\\\/#\\\/schema\\\/logo\\\/image\\\/\"},\"sameAs\":[\"https:\\\/\\\/www.facebook.com\\\/anovapeneira\",\"https:\\\/\\\/x.com\\\/APeneira\"]},{\"@type\":\"Person\",\"@id\":\"https:\\\/\\\/www.anovapeneira.gal\\\/#\\\/schema\\\/person\\\/b93e3f8932e3f8da96334607eb6ac6aa\",\"name\":\"Redacci\u00f3n A Nova Peneira\",\"image\":{\"@type\":\"ImageObject\",\"inLanguage\":\"gl-ES\",\"@id\":\"https:\\\/\\\/secure.gravatar.com\\\/avatar\\\/c052a2551a06e23fac63626232eaa90abd78dbcf1700fc46a2b2c89fd27b735f?s=96&d=mm&r=g\",\"url\":\"https:\\\/\\\/secure.gravatar.com\\\/avatar\\\/c052a2551a06e23fac63626232eaa90abd78dbcf1700fc46a2b2c89fd27b735f?s=96&d=mm&r=g\",\"contentUrl\":\"https:\\\/\\\/secure.gravatar.com\\\/avatar\\\/c052a2551a06e23fac63626232eaa90abd78dbcf1700fc46a2b2c89fd27b735f?s=96&d=mm&r=g\",\"caption\":\"Redacci\u00f3n A Nova Peneira\"},\"sameAs\":[\"http:\\\/\\\/www.anovapeneira.gal\\\/\"],\"url\":\"https:\\\/\\\/www.anovapeneira.gal\\\/index.php\\\/author\\\/redactor\\\/\"}]}<\/script>\n<!-- \/ Yoast SEO plugin. -->","yoast_head_json":{"title":"Avela\u00ed\u00f1a conmemorou o D\u00eda Mundial da Sa\u00fade Mental en Ponteareas -","robots":{"index":"index","follow":"follow","max-snippet":"max-snippet:-1","max-image-preview":"max-image-preview:large","max-video-preview":"max-video-preview:-1"},"canonical":"https:\/\/www.anovapeneira.gal\/index.php\/2019\/10\/24\/avelaina-conmemorou-o-dia-mundial-da-saude-mental-en-ponteareas\/","og_locale":"gl_ES","og_type":"article","og_title":"Avela\u00ed\u00f1a conmemorou o D\u00eda Mundial da Sa\u00fade Mental en Ponteareas -","og_description":"O alcalde Ponteareas reafirmou o seu compromiso de apoiar \u00e1s persoas e familias afectadas e demandou campa\u00f1as de inclusi\u00f3n e visibilizaci\u00f3n [...]","og_url":"https:\/\/www.anovapeneira.gal\/index.php\/2019\/10\/24\/avelaina-conmemorou-o-dia-mundial-da-saude-mental-en-ponteareas\/","article_publisher":"https:\/\/www.facebook.com\/anovapeneira","article_published_time":"2019-10-24T12:00:50+00:00","og_image":[{"width":720,"height":473,"url":"https:\/\/www.anovapeneira.gal\/wp-content\/uploads\/2019\/10\/PONTEAREAS_AVELAINHA_A_NOVA_PENEIRA.jpg","type":"image\/jpeg"}],"author":"Redacci\u00f3n A Nova Peneira","twitter_card":"summary_large_image","twitter_creator":"@APeneira","twitter_site":"@APeneira","twitter_misc":{"Escrito por":"Redacci\u00f3n A Nova Peneira","Tempo de lectura":"3 minutos"},"schema":{"@context":"https:\/\/schema.org","@graph":[{"@type":"Article","@id":"https:\/\/www.anovapeneira.gal\/index.php\/2019\/10\/24\/avelaina-conmemorou-o-dia-mundial-da-saude-mental-en-ponteareas\/#article","isPartOf":{"@id":"https:\/\/www.anovapeneira.gal\/index.php\/2019\/10\/24\/avelaina-conmemorou-o-dia-mundial-da-saude-mental-en-ponteareas\/"},"author":{"name":"Redacci\u00f3n A Nova Peneira","@id":"https:\/\/www.anovapeneira.gal\/#\/schema\/person\/b93e3f8932e3f8da96334607eb6ac6aa"},"headline":"Avela\u00ed\u00f1a conmemorou o D\u00eda Mundial da Sa\u00fade Mental en Ponteareas","datePublished":"2019-10-24T12:00:50+00:00","mainEntityOfPage":{"@id":"https:\/\/www.anovapeneira.gal\/index.php\/2019\/10\/24\/avelaina-conmemorou-o-dia-mundial-da-saude-mental-en-ponteareas\/"},"wordCount":640,"commentCount":0,"publisher":{"@id":"https:\/\/www.anovapeneira.gal\/#organization"},"image":{"@id":"https:\/\/www.anovapeneira.gal\/index.php\/2019\/10\/24\/avelaina-conmemorou-o-dia-mundial-da-saude-mental-en-ponteareas\/#primaryimage"},"thumbnailUrl":"https:\/\/www.anovapeneira.gal\/wp-content\/uploads\/2019\/10\/PONTEAREAS_AVELAINHA_A_NOVA_PENEIRA.jpg","keywords":["Avela\u00ed\u00f1a","Concello de Ponteareas","Sa\u00fade mental"],"articleSection":["Condado"],"inLanguage":"gl-ES","potentialAction":[{"@type":"CommentAction","name":"Comment","target":["https:\/\/www.anovapeneira.gal\/index.php\/2019\/10\/24\/avelaina-conmemorou-o-dia-mundial-da-saude-mental-en-ponteareas\/#respond"]}]},{"@type":"WebPage","@id":"https:\/\/www.anovapeneira.gal\/index.php\/2019\/10\/24\/avelaina-conmemorou-o-dia-mundial-da-saude-mental-en-ponteareas\/","url":"https:\/\/www.anovapeneira.gal\/index.php\/2019\/10\/24\/avelaina-conmemorou-o-dia-mundial-da-saude-mental-en-ponteareas\/","name":"Avela\u00ed\u00f1a conmemorou o D\u00eda Mundial da Sa\u00fade Mental en Ponteareas -","isPartOf":{"@id":"https:\/\/www.anovapeneira.gal\/#website"},"primaryImageOfPage":{"@id":"https:\/\/www.anovapeneira.gal\/index.php\/2019\/10\/24\/avelaina-conmemorou-o-dia-mundial-da-saude-mental-en-ponteareas\/#primaryimage"},"image":{"@id":"https:\/\/www.anovapeneira.gal\/index.php\/2019\/10\/24\/avelaina-conmemorou-o-dia-mundial-da-saude-mental-en-ponteareas\/#primaryimage"},"thumbnailUrl":"https:\/\/www.anovapeneira.gal\/wp-content\/uploads\/2019\/10\/PONTEAREAS_AVELAINHA_A_NOVA_PENEIRA.jpg","datePublished":"2019-10-24T12:00:50+00:00","breadcrumb":{"@id":"https:\/\/www.anovapeneira.gal\/index.php\/2019\/10\/24\/avelaina-conmemorou-o-dia-mundial-da-saude-mental-en-ponteareas\/#breadcrumb"},"inLanguage":"gl-ES","potentialAction":[{"@type":"ReadAction","target":["https:\/\/www.anovapeneira.gal\/index.php\/2019\/10\/24\/avelaina-conmemorou-o-dia-mundial-da-saude-mental-en-ponteareas\/"]}]},{"@type":"ImageObject","inLanguage":"gl-ES","@id":"https:\/\/www.anovapeneira.gal\/index.php\/2019\/10\/24\/avelaina-conmemorou-o-dia-mundial-da-saude-mental-en-ponteareas\/#primaryimage","url":"https:\/\/www.anovapeneira.gal\/wp-content\/uploads\/2019\/10\/PONTEAREAS_AVELAINHA_A_NOVA_PENEIRA.jpg","contentUrl":"https:\/\/www.anovapeneira.gal\/wp-content\/uploads\/2019\/10\/PONTEAREAS_AVELAINHA_A_NOVA_PENEIRA.jpg","width":720,"height":473,"caption":"Avelai\u00f1a Concello de Ponteareas A Nova Peneira"},{"@type":"BreadcrumbList","@id":"https:\/\/www.anovapeneira.gal\/index.php\/2019\/10\/24\/avelaina-conmemorou-o-dia-mundial-da-saude-mental-en-ponteareas\/#breadcrumb","itemListElement":[{"@type":"ListItem","position":1,"name":"Portada","item":"https:\/\/www.anovapeneira.gal\/"},{"@type":"ListItem","position":2,"name":"Avela\u00ed\u00f1a conmemorou o D\u00eda Mundial da Sa\u00fade Mental en Ponteareas"}]},{"@type":"WebSite","@id":"https:\/\/www.anovapeneira.gal\/#website","url":"https:\/\/www.anovapeneira.gal\/","name":"","description":"Xornal galego de informaci\u00f3n xeral Publicaci\u00f3n mensual de novas de Galicia e en especial dos Concellos da sur da provincia de Pontevedra.","publisher":{"@id":"https:\/\/www.anovapeneira.gal\/#organization"},"potentialAction":[{"@type":"SearchAction","target":{"@type":"EntryPoint","urlTemplate":"https:\/\/www.anovapeneira.gal\/?s={search_term_string}"},"query-input":{"@type":"PropertyValueSpecification","valueRequired":true,"valueName":"search_term_string"}}],"inLanguage":"gl-ES"},{"@type":"Organization","@id":"https:\/\/www.anovapeneira.gal\/#organization","name":"A Nova Peneira","url":"https:\/\/www.anovapeneira.gal\/","logo":{"@type":"ImageObject","inLanguage":"gl-ES","@id":"https:\/\/www.anovapeneira.gal\/#\/schema\/logo\/image\/","url":"http:\/\/www.anovapeneira.gal\/wp-content\/uploads\/2019\/06\/logo_a_nova_peneira_portal_web.png","contentUrl":"http:\/\/www.anovapeneira.gal\/wp-content\/uploads\/2019\/06\/logo_a_nova_peneira_portal_web.png","width":300,"height":100,"caption":"A Nova Peneira"},"image":{"@id":"https:\/\/www.anovapeneira.gal\/#\/schema\/logo\/image\/"},"sameAs":["https:\/\/www.facebook.com\/anovapeneira","https:\/\/x.com\/APeneira"]},{"@type":"Person","@id":"https:\/\/www.anovapeneira.gal\/#\/schema\/person\/b93e3f8932e3f8da96334607eb6ac6aa","name":"Redacci\u00f3n A Nova Peneira","image":{"@type":"ImageObject","inLanguage":"gl-ES","@id":"https:\/\/secure.gravatar.com\/avatar\/c052a2551a06e23fac63626232eaa90abd78dbcf1700fc46a2b2c89fd27b735f?s=96&d=mm&r=g","url":"https:\/\/secure.gravatar.com\/avatar\/c052a2551a06e23fac63626232eaa90abd78dbcf1700fc46a2b2c89fd27b735f?s=96&d=mm&r=g","contentUrl":"https:\/\/secure.gravatar.com\/avatar\/c052a2551a06e23fac63626232eaa90abd78dbcf1700fc46a2b2c89fd27b735f?s=96&d=mm&r=g","caption":"Redacci\u00f3n A Nova Peneira"},"sameAs":["http:\/\/www.anovapeneira.gal\/"],"url":"https:\/\/www.anovapeneira.gal\/index.php\/author\/redactor\/"}]}},"jetpack_featured_media_url":"https:\/\/www.anovapeneira.gal\/wp-content\/uploads\/2019\/10\/PONTEAREAS_AVELAINHA_A_NOVA_PENEIRA.jpg","_links":{"self":[{"href":"https:\/\/www.anovapeneira.gal\/index.php\/wp-json\/wp\/v2\/posts\/1574","targetHints":{"allow":["GET"]}}],"collection":[{"href":"https:\/\/www.anovapeneira.gal\/index.php\/wp-json\/wp\/v2\/posts"}],"about":[{"href":"https:\/\/www.anovapeneira.gal\/index.php\/wp-json\/wp\/v2\/types\/post"}],"author":[{"embeddable":true,"href":"https:\/\/www.anovapeneira.gal\/index.php\/wp-json\/wp\/v2\/users\/3"}],"replies":[{"embeddable":true,"href":"https:\/\/www.anovapeneira.gal\/index.php\/wp-json\/wp\/v2\/comments?post=1574"}],"version-history":[{"count":1,"href":"https:\/\/www.anovapeneira.gal\/index.php\/wp-json\/wp\/v2\/posts\/1574\/revisions"}],"predecessor-version":[{"id":1576,"href":"https:\/\/www.anovapeneira.gal\/index.php\/wp-json\/wp\/v2\/posts\/1574\/revisions\/1576"}],"wp:featuredmedia":[{"embeddable":true,"href":"https:\/\/www.anovapeneira.gal\/index.php\/wp-json\/wp\/v2\/media\/1575"}],"wp:attachment":[{"href":"https:\/\/www.anovapeneira.gal\/index.php\/wp-json\/wp\/v2\/media?parent=1574"}],"wp:term":[{"taxonomy":"category","embeddable":true,"href":"https:\/\/www.anovapeneira.gal\/index.php\/wp-json\/wp\/v2\/categories?post=1574"},{"taxonomy":"post_tag","embeddable":true,"href":"https:\/\/www.anovapeneira.gal\/index.php\/wp-json\/wp\/v2\/tags?post=1574"}],"curies":[{"name":"wp","href":"https:\/\/api.w.org\/{rel}","templated":true}]}}