{"id":1611,"date":"2019-10-28T14:00:52","date_gmt":"2019-10-28T13:00:52","guid":{"rendered":"http:\/\/www.anovapeneira.gal\/?p=1611"},"modified":"2019-10-23T20:40:45","modified_gmt":"2019-10-23T18:40:45","slug":"as-pedrinas-e-a-xente-normal","status":"publish","type":"post","link":"https:\/\/www.anovapeneira.gal\/index.php\/2019\/10\/28\/as-pedrinas-e-a-xente-normal\/","title":{"rendered":"As Pedri\u00f1as e a xente normal"},"content":{"rendered":"\n<pre class=\"wp-block-verse\"><strong>Tino Lago<\/strong><\/pre>\n\n\n\n<p><strong>\u00c1\ntarde do s\u00e1bado 19, unha tarde fr\u00eda ,gris e chuviosa que convidaba\na quedar na casa e gozar da paz do lecer e da familia, vencida tras\ndura batalla a preguiza, achegueime a Tameiga, \u00e1s Pedri\u00f1as a\nescoitar a charla de Adega e da plataforma Auga \u00e9 vida, e mentres\nesperaba tomando un caf\u00e9 para escorrentar a molladura e a friaxe,\nfamilias normais entraban cos seus nenos e nenas, e o amable sorriso\ndun desco\u00f1ecido causou en min o efecto que causa en calquera persoa\nnormal a amabilidade e o sorriso:\u201d vimos do centro comercial\u201d\nd\u00edxome el, e logo, xa est\u00e1 constru\u00eddo e eu sen sabelo,\ncontesteille, e a s\u00faa resposta deume as chaves unha vez m\u00e1is da\ndesfeita que un goberno de pir\u00f3manos e irresponsables quere cometer\nno seu concello:\u201d pero \u00e9 que vimos do centro comercial real, do\nque se queren cargar, da natureza, de apa\u00f1ar casta\u00f1as e cogomelos\u201d.\nE si, non se enganen amigas e amigos, nas Pedri\u00f1as non hai nin\nradicais, nin violentos nin nada que se lle pareza. S\u00f3 xente normal,\nque quere aos seus fillos igual que v\u00f3s aos vosos, que te\u00f1en medos\nigual ca calquera persoa, que se ilusionan como todo o mundo, e que\nse lles pinchan d\u00f3elles do mesmo modo que me doe a min ou a calquera\nser humano. A casualidade fixo que a voracidade dos tibur\u00f3ns voraces\nse fixara nos seus montes e s\u00f3 tratan de defenderse ante unha\nflagrante inxustiza: expropiarllos contra a s\u00faa vontade para que se\npoida concretar un proxecto especulativo de manual que s\u00f3 vai\nbeneficiar a quen se lle permita comprar barato para logo vender\ncaro. Desde as nosa p\u00e1xinas queremos facer un humilde  convite a\ntoda a veci\u00f1anza de Mos para que nunca esqueza aquel poema de Martin\nNiem\u00f6ller<\/strong><\/p>\n\n\n\n<pre class=\"wp-block-verse\">\n<strong>Cando\n vi\u00f1eron buscar aos comunistas, gardei silencio, porque eu non era\ncomunista, <\/strong>\n<\/pre>\n\n\n\n<pre class=\"wp-block-verse\">\n<strong>Cando\nencarceraron aos socialdem\u00f3cratas, gardei silencio, porque eu non\nera socialdem\u00f3crata <\/strong>\n<\/pre>\n\n\n\n<pre class=\"wp-block-verse\">\n<strong>Cando\nvi\u00f1eron buscar aos sindicalistas, non protestei, porque eu non era\nsindicalista,<\/strong><\/pre>\n\n\n\n<pre class=\"wp-block-verse\">\n <strong>Cando\nvi\u00f1eron buscar aos xudeus, non pronunciei palabra, porque eu non era\nxudeu, <\/strong>\n<\/pre>\n\n\n\n<pre class=\"wp-block-verse\">\n<strong>Cando\nfinalmente vi\u00f1eron buscarme a min, non hab\u00eda ningu\u00e9n m\u00e1is que\npuidese protestar<\/strong><\/pre>\n\n\n\n<p> <strong>Hoxe\nos tibur\u00f3ns voraces ve\u00f1en polos montes de Tameiga e pola directiva\nda comunidade de montes, de Tameiga, non porque sexan violentos , que\nnon o son, nin radicais, que tampouco o son, por favor non vos\ndeixedes enganar, van por eles porque son inc\u00f3modos, porque\nprotestan e porque non lles deixan chantar as s\u00faas gadoupas nos seus\nmontes. Hoxe \u00e9 Tameiga, e  ma\u00f1\u00e1 poden vir polos de calquera outro\nsitio. Antes de entrarmos \u00e1 charla tivemos a oportunidade de\nconversar con varios dos amigos de Ga\u00f1aM\u00f3s, entre eles o seu\nconcelleiro Rom\u00e1n, que casualmente foron dos citados a declarar un\ndomingo no cuartel da garda civil en calidade de investigados por un\npresunto delito de desordes  p\u00fablicos.<\/strong><\/p>\n\n\n\n<p><strong>Ben,\nv\u00f3s os de Ga\u00f1aMos sodes o brazo pol\u00edtico da comunidade de Montes?<\/strong><\/p>\n\n\n\n<blockquote class=\"wp-block-quote is-layout-flow wp-block-quote-is-layout-flow\"><p>Non ohh, ac\u00fasannos de sermos o \u201cbrazo armado\u201d<\/p><\/blockquote>\n\n\n\n<p><strong>Que\ndis, non mo podo crer<\/strong><\/p>\n\n\n\n<p>Literalmente,\niso foi o que nos chamaron, est\u00e1 na acta do pleno<\/p>\n\n\n\n<p><strong>V\u00f3s\nfostes citados a declarar no cuartel da Garda Civil en relaci\u00f3n cos\nepisodios acontecidos nun acto supostamente informativo convocado\npolo concello de Mos, verdade?<\/strong><\/p>\n\n\n\n<blockquote class=\"wp-block-quote is-layout-flow wp-block-quote-is-layout-flow\"><p>Si, para informar sobre o proxecto que o Celta pretende facer nos nosos montes<\/p><\/blockquote>\n\n\n\n<p><strong>A\ncitaci\u00f3n era para a veci\u00f1anza de Tameiga?<\/strong><\/p>\n\n\n\n<blockquote class=\"wp-block-quote is-layout-flow wp-block-quote-is-layout-flow\"><p>Si, foron repartidas pola parroquia<\/p><\/blockquote>\n\n\n\n<p>No\nmultiusos, na \u00faltima semana de setembro<\/p>\n\n\n\n<p><strong>Onde\nfoi a xuntanza?<\/strong><\/p>\n\n\n\n<p><strong>E\nv\u00f3s fostes?<\/strong><\/p>\n\n\n\n<blockquote class=\"wp-block-quote is-layout-flow wp-block-quote-is-layout-flow\"><p>Tentamos asistir<\/p><\/blockquote>\n\n\n\n<p><strong>Que\npasou nesa xuntanza?<\/strong><\/p>\n\n\n\n<blockquote class=\"wp-block-quote is-layout-flow wp-block-quote-is-layout-flow\"><p>Cando n\u00f3s chegamos xa hab\u00eda moita xente na porta, e iso que fomos un pouco antes. Nese momento, ignoro os motivos, decidiron que as persoas que quer\u00edan entrar deber\u00edan identificarse co DNI, al\u00e9n de prohibir introducir as faixas ou calquera cousa alusiva ao motivo que desencadeou esta situaci\u00f3n<\/p><\/blockquote>\n\n\n\n<p><strong>E\ncomezou a tensi\u00f3n?<\/strong><\/p>\n\n\n\n<blockquote class=\"wp-block-quote is-layout-flow wp-block-quote-is-layout-flow\"><p>Si, moita xente non entend\u00eda como tendo asistido a unha xuntanza, por un convite que chegou aos nosos domicilios, que supostamente era para aclarar d\u00fabidas ti\u00f1an que ser identificadas pola polic\u00eda<\/p><\/blockquote>\n\n\n\n<p><strong>O\nconvite era nominal?<\/strong><\/p>\n\n\n\n<blockquote class=\"wp-block-quote is-layout-flow wp-block-quote-is-layout-flow\"><p>Non<\/p><\/blockquote>\n\n\n\n<p><strong>O\nmultiusos estaba protexido por axentes da polic\u00eda municipal?<\/strong><\/p>\n\n\n\n<blockquote class=\"wp-block-quote is-layout-flow wp-block-quote-is-layout-flow\"><p>E da garda civil de Mos tam\u00e9n, de feito n\u00f3s cremos que estaban ambas plantillas ao completo, incluso as auxiliares administrativas da polic\u00eda local<\/p><\/blockquote>\n\n\n\n<p><strong>Pero\na identificaci\u00f3n, supo\u00f1o que se esixir\u00eda indiscriminadamente a\ntodas as persoas, tanto \u00e1s partidarias do proxecto como as que\nclaramente estades posicionadas en contra?<\/strong><\/p>\n\n\n\n<blockquote class=\"wp-block-quote is-layout-flow wp-block-quote-is-layout-flow\"><p>Ben, iso \u00e9 matizable porque logo abriron as portas traseiras e por al\u00ed s\u00f3 entraron grupos de ac\u00f3litos da alcaldesa, que foron avisados para que as\u00ed o fixeran e a eles non lles identificaban<\/p><\/blockquote>\n\n\n\n<p><strong>A\nobrigatoriedade de serdes identificados en actos que organiza o\nconcello viv\u00edstela nalg\u00fan caso con anterioridade?<\/strong><\/p>\n\n\n\n<blockquote class=\"wp-block-quote is-layout-flow wp-block-quote-is-layout-flow\"><p>Nunca xamais<\/p><\/blockquote>\n\n\n\n<p><strong>Describide\nos feitos que aconteceron na porta?<\/strong><\/p>\n\n\n\n<blockquote class=\"wp-block-quote is-layout-flow wp-block-quote-is-layout-flow\"><p>A xente quer\u00eda entrar, a polic\u00eda trataba de impedilo, sacaron as porras e houbo berros e empurr\u00f3ns  <\/p><\/blockquote>\n\n\n\n<p><strong>V\u00f3s\nagredistes a algu\u00e9n?<\/strong><\/p>\n\n\n\n<blockquote class=\"wp-block-quote is-layout-flow wp-block-quote-is-layout-flow\"><p>De ningunha maneira, al\u00ed non houbo ningunha agresi\u00f3n. O que fixemos, como fixo todo o mundo e berrar as nosas consignas<\/p><\/blockquote>\n\n\n\n<p><strong>Puidestes\nentrar?<\/strong><\/p>\n\n\n\n<blockquote class=\"wp-block-quote is-layout-flow wp-block-quote-is-layout-flow\"><p>S\u00f3 Rom\u00e1n que \u00e9 concelleiro<\/p><\/blockquote>\n\n\n\n<p><strong>E\ncomo se desenvolveu o acto?<\/strong><\/p>\n\n\n\n<blockquote class=\"wp-block-quote is-layout-flow wp-block-quote-is-layout-flow\"><p>A alcaldesa suspendeuno<\/p><\/blockquote>\n\n\n\n<p><strong>Desde\nese d\u00eda cal foi a secuencia de acontecementos que rematou na vosa\ncitaci\u00f3n como investigados ao cuartel da garda civil?<\/strong><\/p>\n\n\n\n<blockquote class=\"wp-block-quote is-layout-flow wp-block-quote-is-layout-flow\"><p>Non pasou nada m\u00e1is, s\u00f3 chegaron as citaci\u00f3ns .A denuncia f\u00edxoa a polic\u00eda local de Mos, e como todo o mundo sabe esa \u00e9 unha \u00e1rea, a da polic\u00eda, que depende directamente da alcald\u00eda, algo que \u00e9 moi estra\u00f1o.<\/p><\/blockquote>\n\n\n\n<p><strong>Como\nchegaron as notificaci\u00f3ns?<\/strong><\/p>\n\n\n\n<blockquote class=\"wp-block-quote is-layout-flow wp-block-quote-is-layout-flow\"><p>Por v\u00edas diversas, alg\u00fans por tel\u00e9fono outros por carta e a outros, que fomos ao cuartel a apoiar aos citados, al\u00ed mesmo enter\u00e1monos que ti\u00f1amos que declarar. Por certo al\u00ed puidemos ver a lista, e era moi curiosa porque hab\u00eda nomes que estaban escritos a m\u00e1quina e outros engadidos a bol\u00edgrafo  <\/p><\/blockquote>\n\n\n\n<p><strong>Quen\nvos tomou a declaraci\u00f3n?<\/strong><\/p>\n\n\n\n<blockquote class=\"wp-block-quote is-layout-flow wp-block-quote-is-layout-flow\"><p>O sarxento da garda civil<\/p><\/blockquote>\n\n\n\n<p><strong>E\nque tipo de preguntas vos fixo?<\/strong><\/p>\n\n\n\n<blockquote class=\"wp-block-quote is-layout-flow wp-block-quote-is-layout-flow\"><p>Aconsellados polo noso avogado acoll\u00e9monos ao noso dereito a non declarar<\/p><\/blockquote>\n\n\n\n<p><strong>E\nque esperades que suceda?<\/strong><\/p>\n\n\n\n<blockquote class=\"wp-block-quote is-layout-flow wp-block-quote-is-layout-flow\"><p>Pois ou ben nos chegar\u00e1 unha citaci\u00f3n do xulgado, ou o que esperamos \u00e9 que algu\u00e9n responsable pare este desprop\u00f3sito que non ten m\u00e1is obxecto que intimidarnos e facer ver que somos violentos, algo que en absoluto se corresponde coa realidade<\/p><\/blockquote>\n\n\n\n<p><strong>Despois\ndeste episodio houbo un pleno verdade?<\/strong><\/p>\n\n\n\n<blockquote class=\"wp-block-quote is-layout-flow wp-block-quote-is-layout-flow\"><p>Efectivamente, no que a maior\u00eda do PP aprobou a modificaci\u00f3n puntual do PXOM, e no que a alcaldesa realizou unhas declaraci\u00f3ns absolutamente incendiarias<\/p><\/blockquote>\n\n\n\n<p><strong>Fostes\nao pleno?<\/strong><\/p>\n\n\n\n<blockquote class=\"wp-block-quote is-layout-flow wp-block-quote-is-layout-flow\"><p>N\u00f3s somos xente pac\u00edfica e responsable e non fomos porque queriamos evitar altercados, al\u00ed s\u00f3 estaban os ac\u00f3litos da alcaldesa estratexicamente situados detr\u00e1s da oposici\u00f3n e insultando aos seus  concelleiros nas s\u00faas intervenci\u00f3ns. Foi algo tan agresivo que ata impediron a entrada da prensa<\/p><\/blockquote>\n\n\n\n<p><strong>Vedes\nprobable que a alcald\u00eda rec\u00fae co asunto do centro comercial?<\/strong><\/p>\n\n\n\n<blockquote class=\"wp-block-quote is-layout-flow wp-block-quote-is-layout-flow\"><p>Non, a \u00fanica esperanza \u00e9 que no 2.020 o PP perda a Xunta e un novo goberno pare esta tolemia, ou sen\u00f3n ter\u00e1 que ser a v\u00eda xudicial. Ou que neste per\u00edodo de alegaci\u00f3ns que estamos agora o ESTADO, AENA OU A COFEDERACI\u00d3N HIDROGR\u00c1FICA presenten alegaci\u00f3ns con peso dabondo para paralo<\/p><\/blockquote>\n\n\n\n<p><strong>Cando\na alcaldesa dic\u00eda na campa\u00f1a electoral que o centro comercial s\u00f3\nse far\u00eda con consenso mentiu?<\/strong><\/p>\n\n\n\n<blockquote class=\"wp-block-quote is-layout-flow wp-block-quote-is-layout-flow\"><p>Si, mentiu absolutamente.<\/p><\/blockquote>\n","protected":false},"excerpt":{"rendered":"<div class=\"mh-excerpt\"><p>Tino Lago \u00c1 tarde do s\u00e1bado 19, unha tarde fr\u00eda ,gris e chuviosa que convidaba a quedar na casa e gozar da paz do lecer e da familia, vencida tras dura batalla a preguiza, achegueime <a class=\"mh-excerpt-more\" href=\"https:\/\/www.anovapeneira.gal\/index.php\/2019\/10\/28\/as-pedrinas-e-a-xente-normal\/\" title=\"As Pedri\u00f1as e a xente normal\">[&#8230;]<\/a><\/p>\n<\/div>","protected":false},"author":2,"featured_media":1612,"comment_status":"open","ping_status":"open","sticky":false,"template":"","format":"standard","meta":{"_exactmetrics_skip_tracking":false,"_exactmetrics_sitenote_active":false,"_exactmetrics_sitenote_note":"","_exactmetrics_sitenote_category":0,"footnotes":""},"categories":[490],"tags":[714,218,713,715,712],"class_list":{"0":"post-1611","1":"post","2":"type-post","3":"status-publish","4":"format-standard","5":"has-post-thumbnail","7":"category-a-lourina-reportaxes","8":"tag-adega","9":"tag-concello-de-mos","10":"tag-pedrinas","11":"tag-plataforma-auga-e-vida","12":"tag-tameiga"},"yoast_head":"<!-- This site is optimized with the Yoast SEO plugin v27.5 - https:\/\/yoast.com\/product\/yoast-seo-wordpress\/ -->\n<title>As Pedri\u00f1as e a xente normal -<\/title>\n<meta name=\"robots\" content=\"index, follow, max-snippet:-1, max-image-preview:large, max-video-preview:-1\" \/>\n<link rel=\"canonical\" href=\"https:\/\/www.anovapeneira.gal\/index.php\/2019\/10\/28\/as-pedrinas-e-a-xente-normal\/\" \/>\n<meta property=\"og:locale\" content=\"gl_ES\" \/>\n<meta property=\"og:type\" content=\"article\" \/>\n<meta property=\"og:title\" content=\"As Pedri\u00f1as e a xente normal -\" \/>\n<meta property=\"og:description\" content=\"Tino Lago \u00c1 tarde do s\u00e1bado 19, unha tarde fr\u00eda ,gris e chuviosa que convidaba a quedar na casa e gozar da paz do lecer e da familia, vencida tras dura batalla a preguiza, achegueime [...]\" \/>\n<meta property=\"og:url\" content=\"https:\/\/www.anovapeneira.gal\/index.php\/2019\/10\/28\/as-pedrinas-e-a-xente-normal\/\" \/>\n<meta property=\"article:publisher\" content=\"https:\/\/www.facebook.com\/anovapeneira\" \/>\n<meta property=\"article:published_time\" content=\"2019-10-28T13:00:52+00:00\" \/>\n<meta property=\"og:image\" content=\"https:\/\/www.anovapeneira.gal\/wp-content\/uploads\/2019\/10\/AS_PEDRInhaAS_a_nova_peneira-1024x768.jpg\" \/>\n\t<meta property=\"og:image:width\" content=\"1024\" \/>\n\t<meta property=\"og:image:height\" content=\"768\" \/>\n\t<meta property=\"og:image:type\" content=\"image\/jpeg\" \/>\n<meta name=\"author\" content=\"Tino Lago\" \/>\n<meta name=\"twitter:card\" content=\"summary_large_image\" \/>\n<meta name=\"twitter:creator\" content=\"@APeneira\" \/>\n<meta name=\"twitter:site\" content=\"@APeneira\" \/>\n<meta name=\"twitter:label1\" content=\"Escrito por\" \/>\n\t<meta name=\"twitter:data1\" content=\"Tino Lago\" \/>\n\t<meta name=\"twitter:label2\" content=\"Tempo de lectura\" \/>\n\t<meta name=\"twitter:data2\" content=\"7 minutos\" \/>\n<script type=\"application\/ld+json\" class=\"yoast-schema-graph\">{\"@context\":\"https:\\\/\\\/schema.org\",\"@graph\":[{\"@type\":\"Article\",\"@id\":\"https:\\\/\\\/www.anovapeneira.gal\\\/index.php\\\/2019\\\/10\\\/28\\\/as-pedrinas-e-a-xente-normal\\\/#article\",\"isPartOf\":{\"@id\":\"https:\\\/\\\/www.anovapeneira.gal\\\/index.php\\\/2019\\\/10\\\/28\\\/as-pedrinas-e-a-xente-normal\\\/\"},\"author\":{\"name\":\"Tino Lago\",\"@id\":\"https:\\\/\\\/www.anovapeneira.gal\\\/#\\\/schema\\\/person\\\/424dfe65e3070fd8a44d22d2c088762a\"},\"headline\":\"As Pedri\u00f1as e a xente normal\",\"datePublished\":\"2019-10-28T13:00:52+00:00\",\"mainEntityOfPage\":{\"@id\":\"https:\\\/\\\/www.anovapeneira.gal\\\/index.php\\\/2019\\\/10\\\/28\\\/as-pedrinas-e-a-xente-normal\\\/\"},\"wordCount\":1241,\"commentCount\":0,\"publisher\":{\"@id\":\"https:\\\/\\\/www.anovapeneira.gal\\\/#organization\"},\"image\":{\"@id\":\"https:\\\/\\\/www.anovapeneira.gal\\\/index.php\\\/2019\\\/10\\\/28\\\/as-pedrinas-e-a-xente-normal\\\/#primaryimage\"},\"thumbnailUrl\":\"https:\\\/\\\/www.anovapeneira.gal\\\/wp-content\\\/uploads\\\/2019\\\/10\\\/AS_PEDRInhaAS_a_nova_peneira.jpg\",\"keywords\":[\"Adega\",\"Concello de Mos\",\"Pedri\u00f1as\",\"Plataforma Auga \u00e9 vida\",\"Tameiga\"],\"articleSection\":[\"A Louri\u00f1a\"],\"inLanguage\":\"gl-ES\",\"potentialAction\":[{\"@type\":\"CommentAction\",\"name\":\"Comment\",\"target\":[\"https:\\\/\\\/www.anovapeneira.gal\\\/index.php\\\/2019\\\/10\\\/28\\\/as-pedrinas-e-a-xente-normal\\\/#respond\"]}]},{\"@type\":\"WebPage\",\"@id\":\"https:\\\/\\\/www.anovapeneira.gal\\\/index.php\\\/2019\\\/10\\\/28\\\/as-pedrinas-e-a-xente-normal\\\/\",\"url\":\"https:\\\/\\\/www.anovapeneira.gal\\\/index.php\\\/2019\\\/10\\\/28\\\/as-pedrinas-e-a-xente-normal\\\/\",\"name\":\"As Pedri\u00f1as e a xente normal -\",\"isPartOf\":{\"@id\":\"https:\\\/\\\/www.anovapeneira.gal\\\/#website\"},\"primaryImageOfPage\":{\"@id\":\"https:\\\/\\\/www.anovapeneira.gal\\\/index.php\\\/2019\\\/10\\\/28\\\/as-pedrinas-e-a-xente-normal\\\/#primaryimage\"},\"image\":{\"@id\":\"https:\\\/\\\/www.anovapeneira.gal\\\/index.php\\\/2019\\\/10\\\/28\\\/as-pedrinas-e-a-xente-normal\\\/#primaryimage\"},\"thumbnailUrl\":\"https:\\\/\\\/www.anovapeneira.gal\\\/wp-content\\\/uploads\\\/2019\\\/10\\\/AS_PEDRInhaAS_a_nova_peneira.jpg\",\"datePublished\":\"2019-10-28T13:00:52+00:00\",\"breadcrumb\":{\"@id\":\"https:\\\/\\\/www.anovapeneira.gal\\\/index.php\\\/2019\\\/10\\\/28\\\/as-pedrinas-e-a-xente-normal\\\/#breadcrumb\"},\"inLanguage\":\"gl-ES\",\"potentialAction\":[{\"@type\":\"ReadAction\",\"target\":[\"https:\\\/\\\/www.anovapeneira.gal\\\/index.php\\\/2019\\\/10\\\/28\\\/as-pedrinas-e-a-xente-normal\\\/\"]}]},{\"@type\":\"ImageObject\",\"inLanguage\":\"gl-ES\",\"@id\":\"https:\\\/\\\/www.anovapeneira.gal\\\/index.php\\\/2019\\\/10\\\/28\\\/as-pedrinas-e-a-xente-normal\\\/#primaryimage\",\"url\":\"https:\\\/\\\/www.anovapeneira.gal\\\/wp-content\\\/uploads\\\/2019\\\/10\\\/AS_PEDRInhaAS_a_nova_peneira.jpg\",\"contentUrl\":\"https:\\\/\\\/www.anovapeneira.gal\\\/wp-content\\\/uploads\\\/2019\\\/10\\\/AS_PEDRInhaAS_a_nova_peneira.jpg\",\"width\":4320,\"height\":3240,\"caption\":\"As Pedri\u00f1as Concello de Mos A Nova Peneira\"},{\"@type\":\"BreadcrumbList\",\"@id\":\"https:\\\/\\\/www.anovapeneira.gal\\\/index.php\\\/2019\\\/10\\\/28\\\/as-pedrinas-e-a-xente-normal\\\/#breadcrumb\",\"itemListElement\":[{\"@type\":\"ListItem\",\"position\":1,\"name\":\"Portada\",\"item\":\"https:\\\/\\\/www.anovapeneira.gal\\\/\"},{\"@type\":\"ListItem\",\"position\":2,\"name\":\"As Pedri\u00f1as e a xente normal\"}]},{\"@type\":\"WebSite\",\"@id\":\"https:\\\/\\\/www.anovapeneira.gal\\\/#website\",\"url\":\"https:\\\/\\\/www.anovapeneira.gal\\\/\",\"name\":\"\",\"description\":\"Xornal galego de informaci\u00f3n xeral Publicaci\u00f3n mensual de novas de Galicia e en especial dos Concellos da sur da provincia de Pontevedra.\",\"publisher\":{\"@id\":\"https:\\\/\\\/www.anovapeneira.gal\\\/#organization\"},\"potentialAction\":[{\"@type\":\"SearchAction\",\"target\":{\"@type\":\"EntryPoint\",\"urlTemplate\":\"https:\\\/\\\/www.anovapeneira.gal\\\/?s={search_term_string}\"},\"query-input\":{\"@type\":\"PropertyValueSpecification\",\"valueRequired\":true,\"valueName\":\"search_term_string\"}}],\"inLanguage\":\"gl-ES\"},{\"@type\":\"Organization\",\"@id\":\"https:\\\/\\\/www.anovapeneira.gal\\\/#organization\",\"name\":\"A Nova Peneira\",\"url\":\"https:\\\/\\\/www.anovapeneira.gal\\\/\",\"logo\":{\"@type\":\"ImageObject\",\"inLanguage\":\"gl-ES\",\"@id\":\"https:\\\/\\\/www.anovapeneira.gal\\\/#\\\/schema\\\/logo\\\/image\\\/\",\"url\":\"http:\\\/\\\/www.anovapeneira.gal\\\/wp-content\\\/uploads\\\/2019\\\/06\\\/logo_a_nova_peneira_portal_web.png\",\"contentUrl\":\"http:\\\/\\\/www.anovapeneira.gal\\\/wp-content\\\/uploads\\\/2019\\\/06\\\/logo_a_nova_peneira_portal_web.png\",\"width\":300,\"height\":100,\"caption\":\"A Nova Peneira\"},\"image\":{\"@id\":\"https:\\\/\\\/www.anovapeneira.gal\\\/#\\\/schema\\\/logo\\\/image\\\/\"},\"sameAs\":[\"https:\\\/\\\/www.facebook.com\\\/anovapeneira\",\"https:\\\/\\\/x.com\\\/APeneira\"]},{\"@type\":\"Person\",\"@id\":\"https:\\\/\\\/www.anovapeneira.gal\\\/#\\\/schema\\\/person\\\/424dfe65e3070fd8a44d22d2c088762a\",\"name\":\"Tino Lago\",\"image\":{\"@type\":\"ImageObject\",\"inLanguage\":\"gl-ES\",\"@id\":\"https:\\\/\\\/secure.gravatar.com\\\/avatar\\\/b3df6a06e44bab3111583b90f0f33a0379ee5e3d22cbadd232d39f21c30c62be?s=96&d=mm&r=g\",\"url\":\"https:\\\/\\\/secure.gravatar.com\\\/avatar\\\/b3df6a06e44bab3111583b90f0f33a0379ee5e3d22cbadd232d39f21c30c62be?s=96&d=mm&r=g\",\"contentUrl\":\"https:\\\/\\\/secure.gravatar.com\\\/avatar\\\/b3df6a06e44bab3111583b90f0f33a0379ee5e3d22cbadd232d39f21c30c62be?s=96&d=mm&r=g\",\"caption\":\"Tino Lago\"},\"sameAs\":[\"http:\\\/\\\/www.anovapeneira.gal\"],\"url\":\"https:\\\/\\\/www.anovapeneira.gal\\\/index.php\\\/author\\\/director\\\/\"}]}<\/script>\n<!-- \/ Yoast SEO plugin. -->","yoast_head_json":{"title":"As Pedri\u00f1as e a xente normal -","robots":{"index":"index","follow":"follow","max-snippet":"max-snippet:-1","max-image-preview":"max-image-preview:large","max-video-preview":"max-video-preview:-1"},"canonical":"https:\/\/www.anovapeneira.gal\/index.php\/2019\/10\/28\/as-pedrinas-e-a-xente-normal\/","og_locale":"gl_ES","og_type":"article","og_title":"As Pedri\u00f1as e a xente normal -","og_description":"Tino Lago \u00c1 tarde do s\u00e1bado 19, unha tarde fr\u00eda ,gris e chuviosa que convidaba a quedar na casa e gozar da paz do lecer e da familia, vencida tras dura batalla a preguiza, achegueime [...]","og_url":"https:\/\/www.anovapeneira.gal\/index.php\/2019\/10\/28\/as-pedrinas-e-a-xente-normal\/","article_publisher":"https:\/\/www.facebook.com\/anovapeneira","article_published_time":"2019-10-28T13:00:52+00:00","og_image":[{"width":1024,"height":768,"url":"https:\/\/www.anovapeneira.gal\/wp-content\/uploads\/2019\/10\/AS_PEDRInhaAS_a_nova_peneira-1024x768.jpg","type":"image\/jpeg"}],"author":"Tino Lago","twitter_card":"summary_large_image","twitter_creator":"@APeneira","twitter_site":"@APeneira","twitter_misc":{"Escrito por":"Tino Lago","Tempo de lectura":"7 minutos"},"schema":{"@context":"https:\/\/schema.org","@graph":[{"@type":"Article","@id":"https:\/\/www.anovapeneira.gal\/index.php\/2019\/10\/28\/as-pedrinas-e-a-xente-normal\/#article","isPartOf":{"@id":"https:\/\/www.anovapeneira.gal\/index.php\/2019\/10\/28\/as-pedrinas-e-a-xente-normal\/"},"author":{"name":"Tino Lago","@id":"https:\/\/www.anovapeneira.gal\/#\/schema\/person\/424dfe65e3070fd8a44d22d2c088762a"},"headline":"As Pedri\u00f1as e a xente normal","datePublished":"2019-10-28T13:00:52+00:00","mainEntityOfPage":{"@id":"https:\/\/www.anovapeneira.gal\/index.php\/2019\/10\/28\/as-pedrinas-e-a-xente-normal\/"},"wordCount":1241,"commentCount":0,"publisher":{"@id":"https:\/\/www.anovapeneira.gal\/#organization"},"image":{"@id":"https:\/\/www.anovapeneira.gal\/index.php\/2019\/10\/28\/as-pedrinas-e-a-xente-normal\/#primaryimage"},"thumbnailUrl":"https:\/\/www.anovapeneira.gal\/wp-content\/uploads\/2019\/10\/AS_PEDRInhaAS_a_nova_peneira.jpg","keywords":["Adega","Concello de Mos","Pedri\u00f1as","Plataforma Auga \u00e9 vida","Tameiga"],"articleSection":["A Louri\u00f1a"],"inLanguage":"gl-ES","potentialAction":[{"@type":"CommentAction","name":"Comment","target":["https:\/\/www.anovapeneira.gal\/index.php\/2019\/10\/28\/as-pedrinas-e-a-xente-normal\/#respond"]}]},{"@type":"WebPage","@id":"https:\/\/www.anovapeneira.gal\/index.php\/2019\/10\/28\/as-pedrinas-e-a-xente-normal\/","url":"https:\/\/www.anovapeneira.gal\/index.php\/2019\/10\/28\/as-pedrinas-e-a-xente-normal\/","name":"As Pedri\u00f1as e a xente normal -","isPartOf":{"@id":"https:\/\/www.anovapeneira.gal\/#website"},"primaryImageOfPage":{"@id":"https:\/\/www.anovapeneira.gal\/index.php\/2019\/10\/28\/as-pedrinas-e-a-xente-normal\/#primaryimage"},"image":{"@id":"https:\/\/www.anovapeneira.gal\/index.php\/2019\/10\/28\/as-pedrinas-e-a-xente-normal\/#primaryimage"},"thumbnailUrl":"https:\/\/www.anovapeneira.gal\/wp-content\/uploads\/2019\/10\/AS_PEDRInhaAS_a_nova_peneira.jpg","datePublished":"2019-10-28T13:00:52+00:00","breadcrumb":{"@id":"https:\/\/www.anovapeneira.gal\/index.php\/2019\/10\/28\/as-pedrinas-e-a-xente-normal\/#breadcrumb"},"inLanguage":"gl-ES","potentialAction":[{"@type":"ReadAction","target":["https:\/\/www.anovapeneira.gal\/index.php\/2019\/10\/28\/as-pedrinas-e-a-xente-normal\/"]}]},{"@type":"ImageObject","inLanguage":"gl-ES","@id":"https:\/\/www.anovapeneira.gal\/index.php\/2019\/10\/28\/as-pedrinas-e-a-xente-normal\/#primaryimage","url":"https:\/\/www.anovapeneira.gal\/wp-content\/uploads\/2019\/10\/AS_PEDRInhaAS_a_nova_peneira.jpg","contentUrl":"https:\/\/www.anovapeneira.gal\/wp-content\/uploads\/2019\/10\/AS_PEDRInhaAS_a_nova_peneira.jpg","width":4320,"height":3240,"caption":"As Pedri\u00f1as Concello de Mos A Nova Peneira"},{"@type":"BreadcrumbList","@id":"https:\/\/www.anovapeneira.gal\/index.php\/2019\/10\/28\/as-pedrinas-e-a-xente-normal\/#breadcrumb","itemListElement":[{"@type":"ListItem","position":1,"name":"Portada","item":"https:\/\/www.anovapeneira.gal\/"},{"@type":"ListItem","position":2,"name":"As Pedri\u00f1as e a xente normal"}]},{"@type":"WebSite","@id":"https:\/\/www.anovapeneira.gal\/#website","url":"https:\/\/www.anovapeneira.gal\/","name":"","description":"Xornal galego de informaci\u00f3n xeral Publicaci\u00f3n mensual de novas de Galicia e en especial dos Concellos da sur da provincia de Pontevedra.","publisher":{"@id":"https:\/\/www.anovapeneira.gal\/#organization"},"potentialAction":[{"@type":"SearchAction","target":{"@type":"EntryPoint","urlTemplate":"https:\/\/www.anovapeneira.gal\/?s={search_term_string}"},"query-input":{"@type":"PropertyValueSpecification","valueRequired":true,"valueName":"search_term_string"}}],"inLanguage":"gl-ES"},{"@type":"Organization","@id":"https:\/\/www.anovapeneira.gal\/#organization","name":"A Nova Peneira","url":"https:\/\/www.anovapeneira.gal\/","logo":{"@type":"ImageObject","inLanguage":"gl-ES","@id":"https:\/\/www.anovapeneira.gal\/#\/schema\/logo\/image\/","url":"http:\/\/www.anovapeneira.gal\/wp-content\/uploads\/2019\/06\/logo_a_nova_peneira_portal_web.png","contentUrl":"http:\/\/www.anovapeneira.gal\/wp-content\/uploads\/2019\/06\/logo_a_nova_peneira_portal_web.png","width":300,"height":100,"caption":"A Nova Peneira"},"image":{"@id":"https:\/\/www.anovapeneira.gal\/#\/schema\/logo\/image\/"},"sameAs":["https:\/\/www.facebook.com\/anovapeneira","https:\/\/x.com\/APeneira"]},{"@type":"Person","@id":"https:\/\/www.anovapeneira.gal\/#\/schema\/person\/424dfe65e3070fd8a44d22d2c088762a","name":"Tino Lago","image":{"@type":"ImageObject","inLanguage":"gl-ES","@id":"https:\/\/secure.gravatar.com\/avatar\/b3df6a06e44bab3111583b90f0f33a0379ee5e3d22cbadd232d39f21c30c62be?s=96&d=mm&r=g","url":"https:\/\/secure.gravatar.com\/avatar\/b3df6a06e44bab3111583b90f0f33a0379ee5e3d22cbadd232d39f21c30c62be?s=96&d=mm&r=g","contentUrl":"https:\/\/secure.gravatar.com\/avatar\/b3df6a06e44bab3111583b90f0f33a0379ee5e3d22cbadd232d39f21c30c62be?s=96&d=mm&r=g","caption":"Tino Lago"},"sameAs":["http:\/\/www.anovapeneira.gal"],"url":"https:\/\/www.anovapeneira.gal\/index.php\/author\/director\/"}]}},"jetpack_featured_media_url":"https:\/\/www.anovapeneira.gal\/wp-content\/uploads\/2019\/10\/AS_PEDRInhaAS_a_nova_peneira.jpg","_links":{"self":[{"href":"https:\/\/www.anovapeneira.gal\/index.php\/wp-json\/wp\/v2\/posts\/1611","targetHints":{"allow":["GET"]}}],"collection":[{"href":"https:\/\/www.anovapeneira.gal\/index.php\/wp-json\/wp\/v2\/posts"}],"about":[{"href":"https:\/\/www.anovapeneira.gal\/index.php\/wp-json\/wp\/v2\/types\/post"}],"author":[{"embeddable":true,"href":"https:\/\/www.anovapeneira.gal\/index.php\/wp-json\/wp\/v2\/users\/2"}],"replies":[{"embeddable":true,"href":"https:\/\/www.anovapeneira.gal\/index.php\/wp-json\/wp\/v2\/comments?post=1611"}],"version-history":[{"count":2,"href":"https:\/\/www.anovapeneira.gal\/index.php\/wp-json\/wp\/v2\/posts\/1611\/revisions"}],"predecessor-version":[{"id":1614,"href":"https:\/\/www.anovapeneira.gal\/index.php\/wp-json\/wp\/v2\/posts\/1611\/revisions\/1614"}],"wp:featuredmedia":[{"embeddable":true,"href":"https:\/\/www.anovapeneira.gal\/index.php\/wp-json\/wp\/v2\/media\/1612"}],"wp:attachment":[{"href":"https:\/\/www.anovapeneira.gal\/index.php\/wp-json\/wp\/v2\/media?parent=1611"}],"wp:term":[{"taxonomy":"category","embeddable":true,"href":"https:\/\/www.anovapeneira.gal\/index.php\/wp-json\/wp\/v2\/categories?post=1611"},{"taxonomy":"post_tag","embeddable":true,"href":"https:\/\/www.anovapeneira.gal\/index.php\/wp-json\/wp\/v2\/tags?post=1611"}],"curies":[{"name":"wp","href":"https:\/\/api.w.org\/{rel}","templated":true}]}}