{"id":1615,"date":"2019-10-29T10:00:54","date_gmt":"2019-10-29T09:00:54","guid":{"rendered":"http:\/\/www.anovapeneira.gal\/?p=1615"},"modified":"2019-10-23T21:22:13","modified_gmt":"2019-10-23T19:22:13","slug":"juan-puertas-xogador-de-futbol-sala-de-ventosela","status":"publish","type":"post","link":"https:\/\/www.anovapeneira.gal\/index.php\/2019\/10\/29\/juan-puertas-xogador-de-futbol-sala-de-ventosela\/","title":{"rendered":"Juan Puertas, xogador de f\u00fatbol  sala de Ventosela"},"content":{"rendered":"\n<pre class=\"wp-block-verse\"><strong>Marcos Santos<\/strong><\/pre>\n\n\n\n<p><strong>Juan\n\u00e9 un mozo de Redondela que foi xogador de f\u00fatbol sala  de elite,\ntransitou por diversos equipos da primeira divisi\u00f3n espa\u00f1ola, e\nincluso probou sorte na exixente competici\u00f3n italiana. Ap\u00f3s de\ncolgar as botas, repasamos con el a s\u00faa extensa traxectoria\ndeportiva<\/strong><\/p>\n\n\n\n<p><strong>Cando comezas a xogar\nao f\u00fatbol Juan?<\/strong><\/p>\n\n\n\n<blockquote class=\"wp-block-quote is-layout-flow wp-block-quote-is-layout-flow\"><p>Comecei a xogar ao f\u00fatbol sala no colexio, logo no C.C. de Redondela, despois en Pazos e a partir de a\u00ed fun subindo ata chegar \u00e1 primeira.<\/p><\/blockquote>\n\n\n\n<blockquote class=\"wp-block-quote is-layout-flow wp-block-quote-is-layout-flow\"><p>Cando ti\u00f1a 17 anos, o presidente do Pazos de Borb\u00e9n ti\u00f1a amizade no Celta de Vigo, probei co Celta xuvenil e despois de estar un par de semanas probando, atop\u00e1bame como desprazado e logo desas d\u00faas semanas non volv\u00edn m\u00e1is, non estaba c\u00f3modo. A partir de a\u00ed s\u00f3 xoguei ao f\u00fatbol sala sempre.<\/p><\/blockquote>\n\n\n\n<p><strong>E de a\u00ed ao Leis F.S.,\nnon?<\/strong><\/p>\n\n\n\n<blockquote class=\"wp-block-quote is-layout-flow wp-block-quote-is-layout-flow\"><p>O Leis foi o primeiro equipo co que debutei en primeira divisi\u00f3n, te\u00f1o unhas lembranzas moi bonitas.<\/p><\/blockquote>\n\n\n\n<blockquote class=\"wp-block-quote is-layout-flow wp-block-quote-is-layout-flow\"><p>Cando debutei, na primeira volta non xoguei nada, era o novo xogador e principiante e non me deron minutos. Na segunda volta houbo baixas e lesi\u00f3ns e comezaron a darme minutos, marquei 18 goles, foron uns moi bos n\u00fameros que ata puiden chegar a Pichichi.<\/p><\/blockquote>\n\n\n\n<p><strong>Que ten m\u00e1is\npresi\u00f3ns, xogar en primeira ou en equipos m\u00e1is pequenos?<\/strong><\/p>\n\n\n\n<blockquote class=\"wp-block-quote is-layout-flow wp-block-quote-is-layout-flow\"><p>Eu creo que non lle podemos chamar presi\u00f3n porque est\u00e1s a facer algo que che gusta e que queres desde pequeno, tes que coidarte moito e estar a pleno rendemento na competici\u00f3n, pero \u00e9 bonito e satisfactorio.<\/p><\/blockquote>\n\n\n\n<p><strong>Canto tempo xogaches\nno Lobelle F.S.?<\/strong><\/p>\n\n\n\n<blockquote class=\"wp-block-quote is-layout-flow wp-block-quote-is-layout-flow\"><p>Aqu\u00ed estiven un ano e logo marchei para o Carnicer de Madrid, esta foi a primeira vez que sa\u00eda da casa e ao principio custoume adaptarme, cidade nova, lonxe dos amigos e da familia, foi duro pero estaba facendo o que quer\u00eda. Esta experiencia logo foi moi boa e f\u00edxome crecer como persoa.  <\/p><\/blockquote>\n\n\n\n<p><strong>Logo pegas o salto\nf\u00f3ra?<\/strong><\/p>\n\n\n\n<blockquote class=\"wp-block-quote is-layout-flow wp-block-quote-is-layout-flow\"><p>Si, con Ramiro, un adestrador galego de Vigo, con el marchei a Italia. Outra experiencia impresionante, idioma novo, cultura nova. Ao final \u00e9 o que che queda, as experiencias vividas no f\u00fatbol sala.  Grazas a el fun a Asia, xoguei en Kuwait e Vietnam, aqu\u00ed s\u00f3 foron 15 d\u00edas para os Playoff, pero unhas experiencias incribles.<\/p><\/blockquote>\n\n\n\n<p><strong>E isto a coa familia\ncomo se leva?<\/strong><\/p>\n\n\n\n<blockquote class=\"wp-block-quote is-layout-flow wp-block-quote-is-layout-flow\"><p>E duro, est\u00e1s lonxe dos amigos, da familia, tam\u00e9n da moza. Ela tam\u00e9n estaba estudiando f\u00f3ra e foi complicado, pero estoulle moi agradecido polo seu apoio, ela sab\u00eda que era a mi\u00f1a paix\u00f3n.  <\/p><\/blockquote>\n\n\n\n<blockquote class=\"wp-block-quote is-layout-flow wp-block-quote-is-layout-flow\"><p>A verdade e que cando comecei a xogar nunca mi imaxinei como \u00eda ser a mi\u00f1a traxectoria, un mozo de Ventosela xogando ao f\u00fatbol sala polo mundo adiante.  <\/p><\/blockquote>\n\n\n\n<p><strong>Logo de todo isto,\nvoltas e que pasa?<\/strong><\/p>\n\n\n\n<blockquote class=\"wp-block-quote is-layout-flow wp-block-quote-is-layout-flow\"><p>Volto para Gran Canaria, un equipo que estaba para salvarse do descenso. Consegu\u00edmolo, foi algo hist\u00f3rico para o equipo e, a verdade, outra lembranza incrible.   <\/p><\/blockquote>\n\n\n\n<p><strong>Eu lin un artigo no\nque te chaman o \u201ctrotamundos do f\u00fatbol sala\u201d, e verdade?<\/strong><\/p>\n\n\n\n<blockquote class=\"wp-block-quote is-layout-flow wp-block-quote-is-layout-flow\"><p>Si, por moitas circunstancias.<\/p><\/blockquote>\n\n\n\n<blockquote class=\"wp-block-quote is-layout-flow wp-block-quote-is-layout-flow\"><p>Un equipo no que xoguei desapareceu, ou por deixar de pagarnos o salario e marchar a buscarte a vida. Trotamundos si, pero \u00e9 un orgullo que os equipos te chamen, f\u00edxense en ti e queiran contar contigo. Por desgracia hai xogadores que quedan sen ofertas e te\u00f1en que deixalo.<\/p><\/blockquote>\n\n\n\n<p><strong>Remataches o ano\npasado en Noia?<\/strong><\/p>\n\n\n\n<blockquote class=\"wp-block-quote is-layout-flow wp-block-quote-is-layout-flow\"><p>Si, aqu\u00ed estaba Paula embarazada e xa non \u00eda xogar m\u00e1is, pero Julio Moug\u00e1n, de aqu\u00ed de Redondela, era o adestrador e chamoume para que lles botara unha man. Fun para al\u00e1 a xogar ata que botaron a Julio en xaneiro do equipo por malos resultados. Co adestrador novo xa non estaba a gusto, non quer\u00eda tolerar algunhas cousas, xa ti\u00f1a unha experiencia e nin ti\u00f1a 20 anos. A un mes de rematar a liga falei co presidente e decid\u00edn colgalas botas, ti\u00f1a que viaxar ata Noia e xa estaba cansado.<\/p><\/blockquote>\n\n\n\n<p><strong>O que nunca chegou foi\na chamada da Selecci\u00f3n?<\/strong><\/p>\n\n\n\n<blockquote class=\"wp-block-quote is-layout-flow wp-block-quote-is-layout-flow\"><p>No, a da Selecci\u00f3n Galega si, pero a Espa\u00f1ola ten a mellor liga do mundo, hai moi bos xogadores e esa chamada nunca chegou.<\/p><\/blockquote>\n\n\n\n<p><strong>Xogaches na Selecci\u00f3n\ndo mellor pa\u00eds do mundo, que \u00e9 Galicia non?<\/strong><\/p>\n\n\n\n<blockquote class=\"wp-block-quote is-layout-flow wp-block-quote-is-layout-flow\"><p>Si, levar a camiseta galega si que \u00e9 un orgullo.<\/p><\/blockquote>\n\n\n\n<p><strong>Hai dous anos fixestes\naqu\u00ed un campus non?<\/strong><\/p>\n\n\n\n<blockquote class=\"wp-block-quote is-layout-flow wp-block-quote-is-layout-flow\"><p>Si, dous anos seguidos.  <\/p><\/blockquote>\n\n\n\n<blockquote class=\"wp-block-quote is-layout-flow wp-block-quote-is-layout-flow\"><p>Por diversas circunstancias non se puido facer m\u00e1is pero, \u00e9 algo que me gustar\u00eda seguir facendo polos nenos e nenas da vila. Gustar\u00edame traballar con eles e ensinarlles e formalos, gustar\u00edame adestralos. Enc\u00e1ntanme os nenos e foi unha pena que non se puidera seguir facendo.<\/p><\/blockquote>\n\n\n\n<p><strong>En que consist\u00eda o\ncampus?<\/strong><\/p>\n\n\n\n<blockquote class=\"wp-block-quote is-layout-flow wp-block-quote-is-layout-flow\"><p>Era multideporte, fac\u00edan de todo un pouco onde o m\u00e1is importante era divertirse. Procurar que entre eles se levaran ben, ensin\u00e1ndolles valores de como hai que tratar aos compa\u00f1eiros, aos adestradores\u2026<\/p><\/blockquote>\n\n\n\n<blockquote class=\"wp-block-quote is-layout-flow wp-block-quote-is-layout-flow\"><p>Xogaban ao padel, piscina, balonm\u00e1n, para que probaran e elixiran o deporte que m\u00e1is lles gustaba. Esperemos que para o ano que ben poidamos ter campus outra vez.<\/p><\/blockquote>\n\n\n\n<p><strong>Que plans tes agora, que \u00e9 o que\nqueres facer?<\/strong><\/p>\n\n\n\n<blockquote class=\"wp-block-quote is-layout-flow wp-block-quote-is-layout-flow\"><p>Quero comezar a traballar e seguir vinculado ao deporte, pero est\u00e1 a cousa complicada.<\/p><\/blockquote>\n\n\n\n<blockquote class=\"wp-block-quote is-layout-flow wp-block-quote-is-layout-flow\"><p>Te\u00f1o unha oferta para traballar nunha tenda de deportes, pero prefiro quedarme aqu\u00ed en Redondela. Ao ser pai te\u00f1o outras prioridades e se non sae nada pois a traballar como calquera outra persoa que non me caen os aneis.<\/p><\/blockquote>\n\n\n\n<p><strong>E de adestrador?<\/strong><\/p>\n\n\n\n<blockquote class=\"wp-block-quote is-layout-flow wp-block-quote-is-layout-flow\"><p>Si, pero o que me gustar\u00eda e traballar en formaci\u00f3n aos nenos pequenos, sigo moito o f\u00fatbol sala pero s\u00f3 me gustar\u00eda ensinar aos pequechos, non a maiores, non me apetece. Foron moitos anos e quero desconectar un pouco.<\/p><\/blockquote>\n\n\n\n<blockquote class=\"wp-block-quote is-layout-flow wp-block-quote-is-layout-flow\"><p>Tam\u00e9n gustar\u00edame traballar de observador para alg\u00fan equipo,  iso si que me gustar\u00eda porque ver os partidos de f\u00fatbol sala \u00e9 algo do que gozo e sigo fac\u00e9ndoo.<\/p><\/blockquote>\n\n\n\n<blockquote class=\"wp-block-quote is-layout-flow wp-block-quote-is-layout-flow\"><p>Tam\u00e9n gustar\u00edame xogar algo nun equipo por aqu\u00ed cerca para tirar un pouco o mono do xogo.<\/p><\/blockquote>\n\n\n\n<p><strong>E para rematar, d\u00e1me\na t\u00faa opini\u00f3n sobre as estreas de f\u00fatbol que saen anunciando as\ncasas de apostas?<\/strong><\/p>\n\n\n\n<blockquote class=\"wp-block-quote is-layout-flow wp-block-quote-is-layout-flow\"><p>Este \u00e9 un tema que non me gusta, sobre todo pola xuventude e os rapaces que comezan a apostar como algo novo, ga\u00f1an e a\u00ed comeza a s\u00faa perdici\u00f3n, convert\u00e9ndose nun problema grave.<\/p><\/blockquote>\n\n\n\n<blockquote class=\"wp-block-quote is-layout-flow wp-block-quote-is-layout-flow\"><p>Non queda bonito que os deportistas de elite se presten a publicitar estas cousas, os nenos f\u00edxanse na s\u00faa imaxe, son os seus \u00eddolos, e non me gusta. Espero que este non sexa un problema para a xuventude.<\/p><\/blockquote>\n\n\n\n<p><strong>Moitas grazas Juan, e\nmoita sorte <\/strong>\n<\/p>\n\n\n\n<blockquote class=\"wp-block-quote is-layout-flow wp-block-quote-is-layout-flow\"><p>Moitas grazas a v\u00f3s por lembrarvos de min.<\/p><\/blockquote>\n","protected":false},"excerpt":{"rendered":"<div class=\"mh-excerpt\"><p>Juan \u00e9 un mozo de Redondela que foi xogador de f\u00fatbol sala  de elite, transitou por diversos equipos da primeira divisi\u00f3n espa\u00f1ola, e incluso probou sorte na exixente competici\u00f3n italiana. Ap\u00f3s de colgar as botas, repasamos con el a s\u00faa extensa traxectoria deportiva <a class=\"mh-excerpt-more\" href=\"https:\/\/www.anovapeneira.gal\/index.php\/2019\/10\/29\/juan-puertas-xogador-de-futbol-sala-de-ventosela\/\" title=\"Juan Puertas, xogador de f\u00fatbol  sala de Ventosela\">[&#8230;]<\/a><\/p>\n<\/div>","protected":false},"author":6,"featured_media":1616,"comment_status":"open","ping_status":"open","sticky":false,"template":"","format":"standard","meta":{"_exactmetrics_skip_tracking":false,"_exactmetrics_sitenote_active":false,"_exactmetrics_sitenote_note":"","_exactmetrics_sitenote_category":0,"footnotes":""},"categories":[495],"tags":[171,717,716],"class_list":{"0":"post-1615","1":"post","2":"type-post","3":"status-publish","4":"format-standard","5":"has-post-thumbnail","7":"category-redondela-reportaxes","8":"tag-concello-de-redondela","9":"tag-futbol-sala-de-ventosela","10":"tag-juan-puertas"},"yoast_head":"<!-- This site is optimized with the Yoast SEO plugin v27.4 - https:\/\/yoast.com\/product\/yoast-seo-wordpress\/ -->\n<title>Juan Puertas, xogador de f\u00fatbol sala de Ventosela -<\/title>\n<meta name=\"robots\" content=\"index, follow, max-snippet:-1, max-image-preview:large, max-video-preview:-1\" \/>\n<link rel=\"canonical\" href=\"https:\/\/www.anovapeneira.gal\/index.php\/2019\/10\/29\/juan-puertas-xogador-de-futbol-sala-de-ventosela\/\" \/>\n<meta property=\"og:locale\" content=\"gl_ES\" \/>\n<meta property=\"og:type\" content=\"article\" \/>\n<meta property=\"og:title\" content=\"Juan Puertas, xogador de f\u00fatbol sala de Ventosela -\" \/>\n<meta property=\"og:description\" content=\"Juan \u00e9 un mozo de Redondela que foi xogador de f\u00fatbol sala de elite, transitou por diversos equipos da primeira divisi\u00f3n espa\u00f1ola, e incluso probou sorte na exixente competici\u00f3n italiana. Ap\u00f3s de colgar as botas, repasamos con el a s\u00faa extensa traxectoria deportiva [...]\" \/>\n<meta property=\"og:url\" content=\"https:\/\/www.anovapeneira.gal\/index.php\/2019\/10\/29\/juan-puertas-xogador-de-futbol-sala-de-ventosela\/\" \/>\n<meta property=\"article:publisher\" content=\"https:\/\/www.facebook.com\/anovapeneira\" \/>\n<meta property=\"article:published_time\" content=\"2019-10-29T09:00:54+00:00\" \/>\n<meta property=\"og:image\" content=\"https:\/\/www.anovapeneira.gal\/wp-content\/uploads\/2019\/10\/juan_puertas_a_nova_peneira.jpg\" \/>\n\t<meta property=\"og:image:width\" content=\"720\" \/>\n\t<meta property=\"og:image:height\" content=\"432\" \/>\n\t<meta property=\"og:image:type\" content=\"image\/jpeg\" \/>\n<meta name=\"author\" content=\"Marcos Santos\" \/>\n<meta name=\"twitter:card\" content=\"summary_large_image\" \/>\n<meta name=\"twitter:creator\" content=\"@APeneira\" \/>\n<meta name=\"twitter:site\" content=\"@APeneira\" \/>\n<meta name=\"twitter:label1\" content=\"Escrito por\" \/>\n\t<meta name=\"twitter:data1\" content=\"Marcos Santos\" \/>\n\t<meta name=\"twitter:label2\" content=\"Tempo de lectura\" \/>\n\t<meta name=\"twitter:data2\" content=\"6 minutos\" \/>\n<script type=\"application\/ld+json\" class=\"yoast-schema-graph\">{\"@context\":\"https:\\\/\\\/schema.org\",\"@graph\":[{\"@type\":\"Article\",\"@id\":\"https:\\\/\\\/www.anovapeneira.gal\\\/index.php\\\/2019\\\/10\\\/29\\\/juan-puertas-xogador-de-futbol-sala-de-ventosela\\\/#article\",\"isPartOf\":{\"@id\":\"https:\\\/\\\/www.anovapeneira.gal\\\/index.php\\\/2019\\\/10\\\/29\\\/juan-puertas-xogador-de-futbol-sala-de-ventosela\\\/\"},\"author\":{\"name\":\"Marcos Santos\",\"@id\":\"https:\\\/\\\/www.anovapeneira.gal\\\/#\\\/schema\\\/person\\\/d9d84823564720e7593293bab054e52d\"},\"headline\":\"Juan Puertas, xogador de f\u00fatbol sala de Ventosela\",\"datePublished\":\"2019-10-29T09:00:54+00:00\",\"mainEntityOfPage\":{\"@id\":\"https:\\\/\\\/www.anovapeneira.gal\\\/index.php\\\/2019\\\/10\\\/29\\\/juan-puertas-xogador-de-futbol-sala-de-ventosela\\\/\"},\"wordCount\":1158,\"commentCount\":0,\"publisher\":{\"@id\":\"https:\\\/\\\/www.anovapeneira.gal\\\/#organization\"},\"image\":{\"@id\":\"https:\\\/\\\/www.anovapeneira.gal\\\/index.php\\\/2019\\\/10\\\/29\\\/juan-puertas-xogador-de-futbol-sala-de-ventosela\\\/#primaryimage\"},\"thumbnailUrl\":\"https:\\\/\\\/www.anovapeneira.gal\\\/wp-content\\\/uploads\\\/2019\\\/10\\\/juan_puertas_a_nova_peneira.jpg\",\"keywords\":[\"Concello de Redondela\",\"F\u00fatbol sala de Ventosela\",\"Juan Puertas\"],\"articleSection\":[\"Redondela\"],\"inLanguage\":\"gl-ES\",\"potentialAction\":[{\"@type\":\"CommentAction\",\"name\":\"Comment\",\"target\":[\"https:\\\/\\\/www.anovapeneira.gal\\\/index.php\\\/2019\\\/10\\\/29\\\/juan-puertas-xogador-de-futbol-sala-de-ventosela\\\/#respond\"]}]},{\"@type\":\"WebPage\",\"@id\":\"https:\\\/\\\/www.anovapeneira.gal\\\/index.php\\\/2019\\\/10\\\/29\\\/juan-puertas-xogador-de-futbol-sala-de-ventosela\\\/\",\"url\":\"https:\\\/\\\/www.anovapeneira.gal\\\/index.php\\\/2019\\\/10\\\/29\\\/juan-puertas-xogador-de-futbol-sala-de-ventosela\\\/\",\"name\":\"Juan Puertas, xogador de f\u00fatbol sala de Ventosela -\",\"isPartOf\":{\"@id\":\"https:\\\/\\\/www.anovapeneira.gal\\\/#website\"},\"primaryImageOfPage\":{\"@id\":\"https:\\\/\\\/www.anovapeneira.gal\\\/index.php\\\/2019\\\/10\\\/29\\\/juan-puertas-xogador-de-futbol-sala-de-ventosela\\\/#primaryimage\"},\"image\":{\"@id\":\"https:\\\/\\\/www.anovapeneira.gal\\\/index.php\\\/2019\\\/10\\\/29\\\/juan-puertas-xogador-de-futbol-sala-de-ventosela\\\/#primaryimage\"},\"thumbnailUrl\":\"https:\\\/\\\/www.anovapeneira.gal\\\/wp-content\\\/uploads\\\/2019\\\/10\\\/juan_puertas_a_nova_peneira.jpg\",\"datePublished\":\"2019-10-29T09:00:54+00:00\",\"breadcrumb\":{\"@id\":\"https:\\\/\\\/www.anovapeneira.gal\\\/index.php\\\/2019\\\/10\\\/29\\\/juan-puertas-xogador-de-futbol-sala-de-ventosela\\\/#breadcrumb\"},\"inLanguage\":\"gl-ES\",\"potentialAction\":[{\"@type\":\"ReadAction\",\"target\":[\"https:\\\/\\\/www.anovapeneira.gal\\\/index.php\\\/2019\\\/10\\\/29\\\/juan-puertas-xogador-de-futbol-sala-de-ventosela\\\/\"]}]},{\"@type\":\"ImageObject\",\"inLanguage\":\"gl-ES\",\"@id\":\"https:\\\/\\\/www.anovapeneira.gal\\\/index.php\\\/2019\\\/10\\\/29\\\/juan-puertas-xogador-de-futbol-sala-de-ventosela\\\/#primaryimage\",\"url\":\"https:\\\/\\\/www.anovapeneira.gal\\\/wp-content\\\/uploads\\\/2019\\\/10\\\/juan_puertas_a_nova_peneira.jpg\",\"contentUrl\":\"https:\\\/\\\/www.anovapeneira.gal\\\/wp-content\\\/uploads\\\/2019\\\/10\\\/juan_puertas_a_nova_peneira.jpg\",\"width\":720,\"height\":432,\"caption\":\"Juan Puertas F\u00fatbol Sala Ventosela A Nova Peneira\"},{\"@type\":\"BreadcrumbList\",\"@id\":\"https:\\\/\\\/www.anovapeneira.gal\\\/index.php\\\/2019\\\/10\\\/29\\\/juan-puertas-xogador-de-futbol-sala-de-ventosela\\\/#breadcrumb\",\"itemListElement\":[{\"@type\":\"ListItem\",\"position\":1,\"name\":\"Portada\",\"item\":\"https:\\\/\\\/www.anovapeneira.gal\\\/\"},{\"@type\":\"ListItem\",\"position\":2,\"name\":\"Juan Puertas, xogador de f\u00fatbol sala de Ventosela\"}]},{\"@type\":\"WebSite\",\"@id\":\"https:\\\/\\\/www.anovapeneira.gal\\\/#website\",\"url\":\"https:\\\/\\\/www.anovapeneira.gal\\\/\",\"name\":\"\",\"description\":\"Xornal galego de informaci\u00f3n xeral Publicaci\u00f3n mensual de novas de Galicia e en especial dos Concellos da sur da provincia de Pontevedra.\",\"publisher\":{\"@id\":\"https:\\\/\\\/www.anovapeneira.gal\\\/#organization\"},\"potentialAction\":[{\"@type\":\"SearchAction\",\"target\":{\"@type\":\"EntryPoint\",\"urlTemplate\":\"https:\\\/\\\/www.anovapeneira.gal\\\/?s={search_term_string}\"},\"query-input\":{\"@type\":\"PropertyValueSpecification\",\"valueRequired\":true,\"valueName\":\"search_term_string\"}}],\"inLanguage\":\"gl-ES\"},{\"@type\":\"Organization\",\"@id\":\"https:\\\/\\\/www.anovapeneira.gal\\\/#organization\",\"name\":\"A Nova Peneira\",\"url\":\"https:\\\/\\\/www.anovapeneira.gal\\\/\",\"logo\":{\"@type\":\"ImageObject\",\"inLanguage\":\"gl-ES\",\"@id\":\"https:\\\/\\\/www.anovapeneira.gal\\\/#\\\/schema\\\/logo\\\/image\\\/\",\"url\":\"http:\\\/\\\/www.anovapeneira.gal\\\/wp-content\\\/uploads\\\/2019\\\/06\\\/logo_a_nova_peneira_portal_web.png\",\"contentUrl\":\"http:\\\/\\\/www.anovapeneira.gal\\\/wp-content\\\/uploads\\\/2019\\\/06\\\/logo_a_nova_peneira_portal_web.png\",\"width\":300,\"height\":100,\"caption\":\"A Nova Peneira\"},\"image\":{\"@id\":\"https:\\\/\\\/www.anovapeneira.gal\\\/#\\\/schema\\\/logo\\\/image\\\/\"},\"sameAs\":[\"https:\\\/\\\/www.facebook.com\\\/anovapeneira\",\"https:\\\/\\\/x.com\\\/APeneira\"]},{\"@type\":\"Person\",\"@id\":\"https:\\\/\\\/www.anovapeneira.gal\\\/#\\\/schema\\\/person\\\/d9d84823564720e7593293bab054e52d\",\"name\":\"Marcos Santos\",\"image\":{\"@type\":\"ImageObject\",\"inLanguage\":\"gl-ES\",\"@id\":\"https:\\\/\\\/secure.gravatar.com\\\/avatar\\\/0e8017099a7a47c0a9d2275e865fe326484561eb3d70649069e4b8e61a8d2e8c?s=96&d=mm&r=g\",\"url\":\"https:\\\/\\\/secure.gravatar.com\\\/avatar\\\/0e8017099a7a47c0a9d2275e865fe326484561eb3d70649069e4b8e61a8d2e8c?s=96&d=mm&r=g\",\"contentUrl\":\"https:\\\/\\\/secure.gravatar.com\\\/avatar\\\/0e8017099a7a47c0a9d2275e865fe326484561eb3d70649069e4b8e61a8d2e8c?s=96&d=mm&r=g\",\"caption\":\"Marcos Santos\"},\"sameAs\":[\"http:\\\/\\\/anovapeneira.gal\"],\"url\":\"https:\\\/\\\/www.anovapeneira.gal\\\/index.php\\\/author\\\/marcos-santos\\\/\"}]}<\/script>\n<!-- \/ Yoast SEO plugin. -->","yoast_head_json":{"title":"Juan Puertas, xogador de f\u00fatbol sala de Ventosela -","robots":{"index":"index","follow":"follow","max-snippet":"max-snippet:-1","max-image-preview":"max-image-preview:large","max-video-preview":"max-video-preview:-1"},"canonical":"https:\/\/www.anovapeneira.gal\/index.php\/2019\/10\/29\/juan-puertas-xogador-de-futbol-sala-de-ventosela\/","og_locale":"gl_ES","og_type":"article","og_title":"Juan Puertas, xogador de f\u00fatbol sala de Ventosela -","og_description":"Juan \u00e9 un mozo de Redondela que foi xogador de f\u00fatbol sala de elite, transitou por diversos equipos da primeira divisi\u00f3n espa\u00f1ola, e incluso probou sorte na exixente competici\u00f3n italiana. Ap\u00f3s de colgar as botas, repasamos con el a s\u00faa extensa traxectoria deportiva [...]","og_url":"https:\/\/www.anovapeneira.gal\/index.php\/2019\/10\/29\/juan-puertas-xogador-de-futbol-sala-de-ventosela\/","article_publisher":"https:\/\/www.facebook.com\/anovapeneira","article_published_time":"2019-10-29T09:00:54+00:00","og_image":[{"width":720,"height":432,"url":"https:\/\/www.anovapeneira.gal\/wp-content\/uploads\/2019\/10\/juan_puertas_a_nova_peneira.jpg","type":"image\/jpeg"}],"author":"Marcos Santos","twitter_card":"summary_large_image","twitter_creator":"@APeneira","twitter_site":"@APeneira","twitter_misc":{"Escrito por":"Marcos Santos","Tempo de lectura":"6 minutos"},"schema":{"@context":"https:\/\/schema.org","@graph":[{"@type":"Article","@id":"https:\/\/www.anovapeneira.gal\/index.php\/2019\/10\/29\/juan-puertas-xogador-de-futbol-sala-de-ventosela\/#article","isPartOf":{"@id":"https:\/\/www.anovapeneira.gal\/index.php\/2019\/10\/29\/juan-puertas-xogador-de-futbol-sala-de-ventosela\/"},"author":{"name":"Marcos Santos","@id":"https:\/\/www.anovapeneira.gal\/#\/schema\/person\/d9d84823564720e7593293bab054e52d"},"headline":"Juan Puertas, xogador de f\u00fatbol sala de Ventosela","datePublished":"2019-10-29T09:00:54+00:00","mainEntityOfPage":{"@id":"https:\/\/www.anovapeneira.gal\/index.php\/2019\/10\/29\/juan-puertas-xogador-de-futbol-sala-de-ventosela\/"},"wordCount":1158,"commentCount":0,"publisher":{"@id":"https:\/\/www.anovapeneira.gal\/#organization"},"image":{"@id":"https:\/\/www.anovapeneira.gal\/index.php\/2019\/10\/29\/juan-puertas-xogador-de-futbol-sala-de-ventosela\/#primaryimage"},"thumbnailUrl":"https:\/\/www.anovapeneira.gal\/wp-content\/uploads\/2019\/10\/juan_puertas_a_nova_peneira.jpg","keywords":["Concello de Redondela","F\u00fatbol sala de Ventosela","Juan Puertas"],"articleSection":["Redondela"],"inLanguage":"gl-ES","potentialAction":[{"@type":"CommentAction","name":"Comment","target":["https:\/\/www.anovapeneira.gal\/index.php\/2019\/10\/29\/juan-puertas-xogador-de-futbol-sala-de-ventosela\/#respond"]}]},{"@type":"WebPage","@id":"https:\/\/www.anovapeneira.gal\/index.php\/2019\/10\/29\/juan-puertas-xogador-de-futbol-sala-de-ventosela\/","url":"https:\/\/www.anovapeneira.gal\/index.php\/2019\/10\/29\/juan-puertas-xogador-de-futbol-sala-de-ventosela\/","name":"Juan Puertas, xogador de f\u00fatbol sala de Ventosela -","isPartOf":{"@id":"https:\/\/www.anovapeneira.gal\/#website"},"primaryImageOfPage":{"@id":"https:\/\/www.anovapeneira.gal\/index.php\/2019\/10\/29\/juan-puertas-xogador-de-futbol-sala-de-ventosela\/#primaryimage"},"image":{"@id":"https:\/\/www.anovapeneira.gal\/index.php\/2019\/10\/29\/juan-puertas-xogador-de-futbol-sala-de-ventosela\/#primaryimage"},"thumbnailUrl":"https:\/\/www.anovapeneira.gal\/wp-content\/uploads\/2019\/10\/juan_puertas_a_nova_peneira.jpg","datePublished":"2019-10-29T09:00:54+00:00","breadcrumb":{"@id":"https:\/\/www.anovapeneira.gal\/index.php\/2019\/10\/29\/juan-puertas-xogador-de-futbol-sala-de-ventosela\/#breadcrumb"},"inLanguage":"gl-ES","potentialAction":[{"@type":"ReadAction","target":["https:\/\/www.anovapeneira.gal\/index.php\/2019\/10\/29\/juan-puertas-xogador-de-futbol-sala-de-ventosela\/"]}]},{"@type":"ImageObject","inLanguage":"gl-ES","@id":"https:\/\/www.anovapeneira.gal\/index.php\/2019\/10\/29\/juan-puertas-xogador-de-futbol-sala-de-ventosela\/#primaryimage","url":"https:\/\/www.anovapeneira.gal\/wp-content\/uploads\/2019\/10\/juan_puertas_a_nova_peneira.jpg","contentUrl":"https:\/\/www.anovapeneira.gal\/wp-content\/uploads\/2019\/10\/juan_puertas_a_nova_peneira.jpg","width":720,"height":432,"caption":"Juan Puertas F\u00fatbol Sala Ventosela A Nova Peneira"},{"@type":"BreadcrumbList","@id":"https:\/\/www.anovapeneira.gal\/index.php\/2019\/10\/29\/juan-puertas-xogador-de-futbol-sala-de-ventosela\/#breadcrumb","itemListElement":[{"@type":"ListItem","position":1,"name":"Portada","item":"https:\/\/www.anovapeneira.gal\/"},{"@type":"ListItem","position":2,"name":"Juan Puertas, xogador de f\u00fatbol sala de Ventosela"}]},{"@type":"WebSite","@id":"https:\/\/www.anovapeneira.gal\/#website","url":"https:\/\/www.anovapeneira.gal\/","name":"","description":"Xornal galego de informaci\u00f3n xeral Publicaci\u00f3n mensual de novas de Galicia e en especial dos Concellos da sur da provincia de Pontevedra.","publisher":{"@id":"https:\/\/www.anovapeneira.gal\/#organization"},"potentialAction":[{"@type":"SearchAction","target":{"@type":"EntryPoint","urlTemplate":"https:\/\/www.anovapeneira.gal\/?s={search_term_string}"},"query-input":{"@type":"PropertyValueSpecification","valueRequired":true,"valueName":"search_term_string"}}],"inLanguage":"gl-ES"},{"@type":"Organization","@id":"https:\/\/www.anovapeneira.gal\/#organization","name":"A Nova Peneira","url":"https:\/\/www.anovapeneira.gal\/","logo":{"@type":"ImageObject","inLanguage":"gl-ES","@id":"https:\/\/www.anovapeneira.gal\/#\/schema\/logo\/image\/","url":"http:\/\/www.anovapeneira.gal\/wp-content\/uploads\/2019\/06\/logo_a_nova_peneira_portal_web.png","contentUrl":"http:\/\/www.anovapeneira.gal\/wp-content\/uploads\/2019\/06\/logo_a_nova_peneira_portal_web.png","width":300,"height":100,"caption":"A Nova Peneira"},"image":{"@id":"https:\/\/www.anovapeneira.gal\/#\/schema\/logo\/image\/"},"sameAs":["https:\/\/www.facebook.com\/anovapeneira","https:\/\/x.com\/APeneira"]},{"@type":"Person","@id":"https:\/\/www.anovapeneira.gal\/#\/schema\/person\/d9d84823564720e7593293bab054e52d","name":"Marcos Santos","image":{"@type":"ImageObject","inLanguage":"gl-ES","@id":"https:\/\/secure.gravatar.com\/avatar\/0e8017099a7a47c0a9d2275e865fe326484561eb3d70649069e4b8e61a8d2e8c?s=96&d=mm&r=g","url":"https:\/\/secure.gravatar.com\/avatar\/0e8017099a7a47c0a9d2275e865fe326484561eb3d70649069e4b8e61a8d2e8c?s=96&d=mm&r=g","contentUrl":"https:\/\/secure.gravatar.com\/avatar\/0e8017099a7a47c0a9d2275e865fe326484561eb3d70649069e4b8e61a8d2e8c?s=96&d=mm&r=g","caption":"Marcos Santos"},"sameAs":["http:\/\/anovapeneira.gal"],"url":"https:\/\/www.anovapeneira.gal\/index.php\/author\/marcos-santos\/"}]}},"jetpack_featured_media_url":"https:\/\/www.anovapeneira.gal\/wp-content\/uploads\/2019\/10\/juan_puertas_a_nova_peneira.jpg","_links":{"self":[{"href":"https:\/\/www.anovapeneira.gal\/index.php\/wp-json\/wp\/v2\/posts\/1615","targetHints":{"allow":["GET"]}}],"collection":[{"href":"https:\/\/www.anovapeneira.gal\/index.php\/wp-json\/wp\/v2\/posts"}],"about":[{"href":"https:\/\/www.anovapeneira.gal\/index.php\/wp-json\/wp\/v2\/types\/post"}],"author":[{"embeddable":true,"href":"https:\/\/www.anovapeneira.gal\/index.php\/wp-json\/wp\/v2\/users\/6"}],"replies":[{"embeddable":true,"href":"https:\/\/www.anovapeneira.gal\/index.php\/wp-json\/wp\/v2\/comments?post=1615"}],"version-history":[{"count":1,"href":"https:\/\/www.anovapeneira.gal\/index.php\/wp-json\/wp\/v2\/posts\/1615\/revisions"}],"predecessor-version":[{"id":1617,"href":"https:\/\/www.anovapeneira.gal\/index.php\/wp-json\/wp\/v2\/posts\/1615\/revisions\/1617"}],"wp:featuredmedia":[{"embeddable":true,"href":"https:\/\/www.anovapeneira.gal\/index.php\/wp-json\/wp\/v2\/media\/1616"}],"wp:attachment":[{"href":"https:\/\/www.anovapeneira.gal\/index.php\/wp-json\/wp\/v2\/media?parent=1615"}],"wp:term":[{"taxonomy":"category","embeddable":true,"href":"https:\/\/www.anovapeneira.gal\/index.php\/wp-json\/wp\/v2\/categories?post=1615"},{"taxonomy":"post_tag","embeddable":true,"href":"https:\/\/www.anovapeneira.gal\/index.php\/wp-json\/wp\/v2\/tags?post=1615"}],"curies":[{"name":"wp","href":"https:\/\/api.w.org\/{rel}","templated":true}]}}