{"id":1641,"date":"2019-10-30T14:00:34","date_gmt":"2019-10-30T13:00:34","guid":{"rendered":"http:\/\/www.anovapeneira.gal\/?p=1641"},"modified":"2019-10-28T13:14:08","modified_gmt":"2019-10-28T12:14:08","slug":"tercer-fragmento-do-diario-de-senlua-arraiana","status":"publish","type":"post","link":"https:\/\/www.anovapeneira.gal\/index.php\/2019\/10\/30\/tercer-fragmento-do-diario-de-senlua-arraiana\/","title":{"rendered":"Tercer fragmento do diario de Senl\u00faa Arraiana"},"content":{"rendered":"\n<p><em><strong>OS PAR\u00c1SITOS DO PATRIOTISMO<\/strong><\/em><\/p>\n\n\n\n<figure class=\"wp-block-image is-resized\"><img loading=\"lazy\" decoding=\"async\" src=\"http:\/\/www.anovapeneira.gal\/wp-content\/uploads\/2019\/07\/cristobal_a_nova_peneira.jpg\" alt=\"Crist\u00f3bal L\u00f3pez A Nova Peneira\" class=\"wp-image-555\" width=\"95\" height=\"111\"\/><figcaption><em><strong>Crist\u00f3bal L\u00f3pez<\/strong><\/em>.<br> <strong>Comuneiro de Montes de Tameiga, militante de Anticapitalistas e veci\u00f1o constituinte da Asemblea Veci\u00f1al Ga\u00f1aM\u00f3s.<\/strong> <\/figcaption><\/figure>\n\n\n\n<figure class=\"wp-block-image is-resized\"><img loading=\"lazy\" decoding=\"async\" src=\"http:\/\/www.anovapeneira.gal\/wp-content\/uploads\/2019\/08\/senlua_arraiana_2135.jpg\" alt=\"\" class=\"wp-image-877\" width=\"350\" height=\"408\" srcset=\"https:\/\/www.anovapeneira.gal\/wp-content\/uploads\/2019\/08\/senlua_arraiana_2135.jpg 700w, https:\/\/www.anovapeneira.gal\/wp-content\/uploads\/2019\/08\/senlua_arraiana_2135-257x300.jpg 257w\" sizes=\"auto, (max-width: 350px) 100vw, 350px\" \/><\/figure>\n\n\n\n<p><em><strong>(Este fragmento do diario de Senl\u00faa Arraiana foi recuperado e adiantado ao noso tempo por Crist\u00f3bal L\u00f3pez, fiel camarada do av\u00f3 da futura lider da resistencia arraiana).\u00a0<\/strong><\/em><\/p>\n\n\n\n<p>Ch\u00e1mome\nSenl\u00faa e son membro da resistencia arraina. Dentro dunhas horas te\u00f1o\nque intervir na Asemblea Arraiana para expo\u00f1er o meu plan de\ninfiltraci\u00f3n na Colmea para acelerar o seu desmoronamento. Non ser\u00e1\ndoado convencer ao meu pobo para que se apreste a esta arriscada\nmisi\u00f3n pero creo que as \u00faltimas revelaci\u00f3ns aportadas polas\ndisidentes que rescatamos hai escasos d\u00edas van a decantar o voto da\nmaior\u00eda da asemblea a favor da mi\u00f1a proposici\u00f3n.<\/p>\n\n\n\n<p>Grazas a todo o que nos contaron podemos facernos unha idea clara da situaci\u00f3n terminal da Colmea. S\u00f3 acumulando m\u00e1is e m\u00e1is poder pode permanecer estable un r\u00e9xime totalitario como a Colmea. A s\u00faa c\u00fapula dirixente arrogouse unha autoridade arbitraria impo\u00f1endo o terror \u00e1 poboaci\u00f3n. Nese terror xeralizado a delaci\u00f3n indiscriminada est\u00e1 a orde do d\u00eda. Calquera acusaci\u00f3n por moi infundada que sexa desencadea un xu\u00edzo sumario e remata nunha pena capital. O seu r\u00e9xime necesita que todos se sintan culpables para que o terror que el mesmo xera xustifique a s\u00faa arbitrariedade. Xa non desterran \u00e1s persoas declaradas traidoras, agora son axustizadas e os seus restos mortais adornan os cami\u00f1os e prazas principais para que o terror a ser sinalado sexa unha correa que garanta a cega obediencia da poboaci\u00f3n.<\/p>\n\n\n\n<p>Agora\nsabemos porque ultimamente rescat\u00e1bamos moitos menos disidentes nos\navances. Os que atopamos son s\u00f3 os fuxidos da Colmea por vontade\npropia e non expulsados por lesa traiz\u00f3n. Moi poucos son os que se\natreven a escapar adentr\u00e1ndose en Mortefr\u00eda e menos son os que\natopamos con vida despois de varios meses nesa x\u00e9lida e inh\u00f3spita\nzona. Xa non podemos contar con que o noso pobo medre rescatando\ndesterrados polo que faise m\u00e1is necesario infiltrarse na Colmea para\nfacilitar a evasi\u00f3n aos disidentes. Por contra t\u00f3rnase moito m\u00e1is\narriscada a operaci\u00f3n tendo que convivir con ese terror a ser v\u00edtima\nde calquera progromo aleatorio. Toda a mi\u00f1a preparaci\u00f3n para\nintegrarme nesa sociedade non ser\u00e1 salvagarda se son diana dentro da\nmara\u00f1a de acusaci\u00f3ns cruzadas na que est\u00e1 atrapada a poboaci\u00f3n da\nColmea.<\/p>\n\n\n\n<p>L\u00e9mbrome\nque o meu av\u00f3 lai\u00e1base de que no seu mundo a sociedade tam\u00e9n\nestaba atrapada no sistema. Ti\u00f1an un planeta azul e verde cheo de\nvida e non foron quen de conservalo a\u00ednda que sab\u00edan que a s\u00faa\ncobiza irrefreable abocaba \u00e1 s\u00faa especie \u00e1 extinci\u00f3n. O meu av\u00f3\nsempre sentenciaba que no seu mundo a clase acaparadora logrou\nconvencer ao resto da sociedade de que a lei do m\u00e1is forte era o\norde natural das cousas. As\u00ed, criminalizando \u00e1s v\u00edtimas por\ncarecer da forza para defenderse xustificaban dar renda solta a s\u00faa\ncobiza mediante a acumulaci\u00f3n ilimitada de riqueza desposu\u00edndo dela\nao resto da poboaci\u00f3n. A expansi\u00f3n e depredaci\u00f3n sen restrici\u00f3n\nfoi o xeito con que agocharon a nula redistribuci\u00f3n da riqueza pero\nsobre todo serviulles para disimular o superfluas que eran as clases\nacaparadoras para a sociedade, eludindo as\u00ed que prendera contra elas\na ira da poboaci\u00f3n e que esta revelara a acaparaci\u00f3n de ignominia\nresucitando o ideal de xustiza social que por\u00eda de novo en perigo as\ns\u00faas inmensas fortunas. As clases posuidoras ditaban as leis\necon\u00f3micas asegur\u00e1ndose as\u00ed que non se alzaran no cami\u00f1o da s\u00faa\nrapacidade. O sono de que o di\u00f1eiro enxendra di\u00f1eiro volveuse unha\nrealidade para esta casta que con absoluto desprezo de todas as leis\napoderouse da riqueza do planeta.<\/p>\n\n\n\n<p>Mulleres\ne homes sen oficio fora da pol\u00edtica que carentes de \u00e9tica e\nrespecto \u00e1s leis ench\u00e9ronse de verborrea populista e foron\naclamados como homes de estado. Convert\u00e9ronse todos eles en\npar\u00e1sitos do patriotismo alimentados polo medo cerval \u00e1 escaseza da\npoboaci\u00f3n. As\u00ed, envolv\u00e9ndose na bandeira racial da patria chica,\npuideron simular estar ao servizo do ben com\u00fan e que as s\u00faa\ndeserci\u00f3n social non quedaran ao descuberto. A expansi\u00f3n econ\u00f3mica\nilimitada, a acumulaci\u00f3n do poder e o poder ensimesmado en si mesmo\nti\u00f1an un final anunciado:<strong>\no desastre planetario irreversible.<\/strong><\/p>\n\n\n\n<p>Moitas\ne moitos coma os meus av\u00f3s intentaron non ser un dente m\u00e1is desa\nmaquinaria depredadora pero distaron moito de sumar unha forza\nrealmente coercitiva.<\/p>\n\n\n\n<p>Sei\ndo pernicioso para o ben com\u00fan que \u00e9 o individualismo cobizoso e\npresuntuoso. Te\u00f1o gravada na retina a imaxe da mi\u00f1a nai botando\nabalorios ao lume nunha das primeiras&nbsp; asembleas arraianas. Eu\nera pequena cando sucedeu. Nun rastrexo de v\u00edveres atopamos un arc\u00f3n\ncheo de \u00ednfulas nunha c\u00e1mara soterrada dunha derru\u00edda igrexa. Un\ngrupo comenzou a disputarse a posesi\u00f3n destes abalorios e a disputa\nextendeuse recrudec\u00e9ndose. Snowball, ch\u00e1manlle as\u00ed a mi\u00f1a nai,\ninstou a todos a botar ao lume aqueles s\u00edmbolos do individualismo e\nlembroulles que a participaci\u00f3n na asemblea soberana era o maior\ngarante da individualidade de cada un deles. Era moi pequena e apenas\nte\u00f1o un vago recordo pero si lembro v\u00edvidamente a exaltaci\u00f3n da\nmi\u00f1a nai e a s\u00faa furibunda diatriba contra aqueles que ela chamaba\n\u201cMollies\u201d.<\/p>\n\n\n\n<p>Est\u00e1\nsoando o aviso para o inicio da asemblea. Antes da mi\u00f1a intervenci\u00f3n\nescoitaremos as conclusi\u00f3ns do Consello de Sabios sobre o\nacoplamento da translaci\u00f3n \u00e1 rotaci\u00f3n da Terra. Todas temos a\npercepci\u00f3n de que o sol do leste cada vez avanza m\u00e1is lento. Si o\nditame do consello vai neste sentido nuns anos quedaremos nunha\nposici\u00f3n estacionaria eliminando a necesidade de escapar das\nterribles temperaturas avanzando cara o oeste. Esta boa nova ten o\nseu reverso, a maior\u00eda dos alimentos que atopamos son os que deixan\natr\u00e1s nos campos de cultivos da Colmea cando avanzan para eludir\nentrar en Mortefr\u00eda. Sen avances non haber\u00e1 alimentos para\nsobrevivir. O medo a escaseza far\u00e1&nbsp; enfrontarnos \u00e1 Colmea\nmoito antes de que esteamos preparados.<\/p>\n","protected":false},"excerpt":{"rendered":"<div class=\"mh-excerpt\"><p>Este fragmento do diario de Senl\u00faa Arraiana foi recuperado e adiantado ao noso tempo por Crist\u00f3bal L\u00f3pez <a class=\"mh-excerpt-more\" href=\"https:\/\/www.anovapeneira.gal\/index.php\/2019\/10\/30\/tercer-fragmento-do-diario-de-senlua-arraiana\/\" title=\"Tercer fragmento do diario de Senl\u00faa Arraiana\">[&#8230;]<\/a><\/p>\n<\/div>","protected":false},"author":13,"featured_media":1642,"comment_status":"open","ping_status":"open","sticky":false,"template":"","format":"standard","meta":{"_exactmetrics_skip_tracking":false,"_exactmetrics_sitenote_active":false,"_exactmetrics_sitenote_note":"","_exactmetrics_sitenote_category":0,"footnotes":""},"categories":[7],"tags":[236,235],"class_list":{"0":"post-1641","1":"post","2":"type-post","3":"status-publish","4":"format-standard","5":"has-post-thumbnail","7":"category-artigos-de-opinion","8":"tag-resistencia-arraiana","9":"tag-senlua-arraiana"},"yoast_head":"<!-- This site is optimized with the Yoast SEO plugin v27.4 - https:\/\/yoast.com\/product\/yoast-seo-wordpress\/ -->\n<title>Tercer fragmento do diario de Senl\u00faa Arraiana -<\/title>\n<meta name=\"robots\" content=\"index, follow, max-snippet:-1, max-image-preview:large, max-video-preview:-1\" \/>\n<link rel=\"canonical\" href=\"https:\/\/www.anovapeneira.gal\/index.php\/2019\/10\/30\/tercer-fragmento-do-diario-de-senlua-arraiana\/\" \/>\n<meta property=\"og:locale\" content=\"gl_ES\" \/>\n<meta property=\"og:type\" content=\"article\" \/>\n<meta property=\"og:title\" content=\"Tercer fragmento do diario de Senl\u00faa Arraiana -\" \/>\n<meta property=\"og:description\" content=\"Este fragmento do diario de Senl\u00faa Arraiana foi recuperado e adiantado ao noso tempo por Crist\u00f3bal L\u00f3pez [...]\" \/>\n<meta property=\"og:url\" content=\"https:\/\/www.anovapeneira.gal\/index.php\/2019\/10\/30\/tercer-fragmento-do-diario-de-senlua-arraiana\/\" \/>\n<meta property=\"article:publisher\" content=\"https:\/\/www.facebook.com\/anovapeneira\" \/>\n<meta property=\"article:published_time\" content=\"2019-10-30T13:00:34+00:00\" \/>\n<meta property=\"og:image\" content=\"https:\/\/www.anovapeneira.gal\/wp-content\/uploads\/2019\/10\/diario_de_senlua_3_fragmento_a_nova_peneira.jpg\" \/>\n\t<meta property=\"og:image:width\" content=\"720\" \/>\n\t<meta property=\"og:image:height\" content=\"473\" \/>\n\t<meta property=\"og:image:type\" content=\"image\/jpeg\" \/>\n<meta name=\"author\" content=\"Cristobal L\u00f3pez\" \/>\n<meta name=\"twitter:card\" content=\"summary_large_image\" \/>\n<meta name=\"twitter:creator\" content=\"@APeneira\" \/>\n<meta name=\"twitter:site\" content=\"@APeneira\" \/>\n<meta name=\"twitter:label1\" content=\"Escrito por\" \/>\n\t<meta name=\"twitter:data1\" content=\"Cristobal L\u00f3pez\" \/>\n\t<meta name=\"twitter:label2\" content=\"Tempo de lectura\" \/>\n\t<meta name=\"twitter:data2\" content=\"5 minutos\" \/>\n<script type=\"application\/ld+json\" class=\"yoast-schema-graph\">{\"@context\":\"https:\\\/\\\/schema.org\",\"@graph\":[{\"@type\":\"Article\",\"@id\":\"https:\\\/\\\/www.anovapeneira.gal\\\/index.php\\\/2019\\\/10\\\/30\\\/tercer-fragmento-do-diario-de-senlua-arraiana\\\/#article\",\"isPartOf\":{\"@id\":\"https:\\\/\\\/www.anovapeneira.gal\\\/index.php\\\/2019\\\/10\\\/30\\\/tercer-fragmento-do-diario-de-senlua-arraiana\\\/\"},\"author\":{\"name\":\"Cristobal L\u00f3pez\",\"@id\":\"https:\\\/\\\/www.anovapeneira.gal\\\/#\\\/schema\\\/person\\\/45b3df2338e4d898b7616809f9c5906c\"},\"headline\":\"Tercer fragmento do diario de Senl\u00faa Arraiana\",\"datePublished\":\"2019-10-30T13:00:34+00:00\",\"mainEntityOfPage\":{\"@id\":\"https:\\\/\\\/www.anovapeneira.gal\\\/index.php\\\/2019\\\/10\\\/30\\\/tercer-fragmento-do-diario-de-senlua-arraiana\\\/\"},\"wordCount\":1103,\"commentCount\":0,\"publisher\":{\"@id\":\"https:\\\/\\\/www.anovapeneira.gal\\\/#organization\"},\"image\":{\"@id\":\"https:\\\/\\\/www.anovapeneira.gal\\\/index.php\\\/2019\\\/10\\\/30\\\/tercer-fragmento-do-diario-de-senlua-arraiana\\\/#primaryimage\"},\"thumbnailUrl\":\"https:\\\/\\\/www.anovapeneira.gal\\\/wp-content\\\/uploads\\\/2019\\\/10\\\/diario_de_senlua_3_fragmento_a_nova_peneira.jpg\",\"keywords\":[\"Resistencia arraiana\",\"Senl\u00faa Arraiana\"],\"articleSection\":[\"Artigos de opini\u00f3n\"],\"inLanguage\":\"gl-ES\",\"potentialAction\":[{\"@type\":\"CommentAction\",\"name\":\"Comment\",\"target\":[\"https:\\\/\\\/www.anovapeneira.gal\\\/index.php\\\/2019\\\/10\\\/30\\\/tercer-fragmento-do-diario-de-senlua-arraiana\\\/#respond\"]}]},{\"@type\":\"WebPage\",\"@id\":\"https:\\\/\\\/www.anovapeneira.gal\\\/index.php\\\/2019\\\/10\\\/30\\\/tercer-fragmento-do-diario-de-senlua-arraiana\\\/\",\"url\":\"https:\\\/\\\/www.anovapeneira.gal\\\/index.php\\\/2019\\\/10\\\/30\\\/tercer-fragmento-do-diario-de-senlua-arraiana\\\/\",\"name\":\"Tercer fragmento do diario de Senl\u00faa Arraiana -\",\"isPartOf\":{\"@id\":\"https:\\\/\\\/www.anovapeneira.gal\\\/#website\"},\"primaryImageOfPage\":{\"@id\":\"https:\\\/\\\/www.anovapeneira.gal\\\/index.php\\\/2019\\\/10\\\/30\\\/tercer-fragmento-do-diario-de-senlua-arraiana\\\/#primaryimage\"},\"image\":{\"@id\":\"https:\\\/\\\/www.anovapeneira.gal\\\/index.php\\\/2019\\\/10\\\/30\\\/tercer-fragmento-do-diario-de-senlua-arraiana\\\/#primaryimage\"},\"thumbnailUrl\":\"https:\\\/\\\/www.anovapeneira.gal\\\/wp-content\\\/uploads\\\/2019\\\/10\\\/diario_de_senlua_3_fragmento_a_nova_peneira.jpg\",\"datePublished\":\"2019-10-30T13:00:34+00:00\",\"breadcrumb\":{\"@id\":\"https:\\\/\\\/www.anovapeneira.gal\\\/index.php\\\/2019\\\/10\\\/30\\\/tercer-fragmento-do-diario-de-senlua-arraiana\\\/#breadcrumb\"},\"inLanguage\":\"gl-ES\",\"potentialAction\":[{\"@type\":\"ReadAction\",\"target\":[\"https:\\\/\\\/www.anovapeneira.gal\\\/index.php\\\/2019\\\/10\\\/30\\\/tercer-fragmento-do-diario-de-senlua-arraiana\\\/\"]}]},{\"@type\":\"ImageObject\",\"inLanguage\":\"gl-ES\",\"@id\":\"https:\\\/\\\/www.anovapeneira.gal\\\/index.php\\\/2019\\\/10\\\/30\\\/tercer-fragmento-do-diario-de-senlua-arraiana\\\/#primaryimage\",\"url\":\"https:\\\/\\\/www.anovapeneira.gal\\\/wp-content\\\/uploads\\\/2019\\\/10\\\/diario_de_senlua_3_fragmento_a_nova_peneira.jpg\",\"contentUrl\":\"https:\\\/\\\/www.anovapeneira.gal\\\/wp-content\\\/uploads\\\/2019\\\/10\\\/diario_de_senlua_3_fragmento_a_nova_peneira.jpg\",\"width\":720,\"height\":473,\"caption\":\"Diario de senl\u00faa fragmento 3 A Nova Peneira\"},{\"@type\":\"BreadcrumbList\",\"@id\":\"https:\\\/\\\/www.anovapeneira.gal\\\/index.php\\\/2019\\\/10\\\/30\\\/tercer-fragmento-do-diario-de-senlua-arraiana\\\/#breadcrumb\",\"itemListElement\":[{\"@type\":\"ListItem\",\"position\":1,\"name\":\"Portada\",\"item\":\"https:\\\/\\\/www.anovapeneira.gal\\\/\"},{\"@type\":\"ListItem\",\"position\":2,\"name\":\"Tercer fragmento do diario de Senl\u00faa Arraiana\"}]},{\"@type\":\"WebSite\",\"@id\":\"https:\\\/\\\/www.anovapeneira.gal\\\/#website\",\"url\":\"https:\\\/\\\/www.anovapeneira.gal\\\/\",\"name\":\"\",\"description\":\"Xornal galego de informaci\u00f3n xeral Publicaci\u00f3n mensual de novas de Galicia e en especial dos Concellos da sur da provincia de Pontevedra.\",\"publisher\":{\"@id\":\"https:\\\/\\\/www.anovapeneira.gal\\\/#organization\"},\"potentialAction\":[{\"@type\":\"SearchAction\",\"target\":{\"@type\":\"EntryPoint\",\"urlTemplate\":\"https:\\\/\\\/www.anovapeneira.gal\\\/?s={search_term_string}\"},\"query-input\":{\"@type\":\"PropertyValueSpecification\",\"valueRequired\":true,\"valueName\":\"search_term_string\"}}],\"inLanguage\":\"gl-ES\"},{\"@type\":\"Organization\",\"@id\":\"https:\\\/\\\/www.anovapeneira.gal\\\/#organization\",\"name\":\"A Nova Peneira\",\"url\":\"https:\\\/\\\/www.anovapeneira.gal\\\/\",\"logo\":{\"@type\":\"ImageObject\",\"inLanguage\":\"gl-ES\",\"@id\":\"https:\\\/\\\/www.anovapeneira.gal\\\/#\\\/schema\\\/logo\\\/image\\\/\",\"url\":\"http:\\\/\\\/www.anovapeneira.gal\\\/wp-content\\\/uploads\\\/2019\\\/06\\\/logo_a_nova_peneira_portal_web.png\",\"contentUrl\":\"http:\\\/\\\/www.anovapeneira.gal\\\/wp-content\\\/uploads\\\/2019\\\/06\\\/logo_a_nova_peneira_portal_web.png\",\"width\":300,\"height\":100,\"caption\":\"A Nova Peneira\"},\"image\":{\"@id\":\"https:\\\/\\\/www.anovapeneira.gal\\\/#\\\/schema\\\/logo\\\/image\\\/\"},\"sameAs\":[\"https:\\\/\\\/www.facebook.com\\\/anovapeneira\",\"https:\\\/\\\/x.com\\\/APeneira\"]},{\"@type\":\"Person\",\"@id\":\"https:\\\/\\\/www.anovapeneira.gal\\\/#\\\/schema\\\/person\\\/45b3df2338e4d898b7616809f9c5906c\",\"name\":\"Cristobal L\u00f3pez\",\"image\":{\"@type\":\"ImageObject\",\"inLanguage\":\"gl-ES\",\"@id\":\"https:\\\/\\\/secure.gravatar.com\\\/avatar\\\/b537cf06ef8166c9ef72b09f4d5f6446b1e22ea99505d94e40b8685710482f79?s=96&d=mm&r=g\",\"url\":\"https:\\\/\\\/secure.gravatar.com\\\/avatar\\\/b537cf06ef8166c9ef72b09f4d5f6446b1e22ea99505d94e40b8685710482f79?s=96&d=mm&r=g\",\"contentUrl\":\"https:\\\/\\\/secure.gravatar.com\\\/avatar\\\/b537cf06ef8166c9ef72b09f4d5f6446b1e22ea99505d94e40b8685710482f79?s=96&d=mm&r=g\",\"caption\":\"Cristobal L\u00f3pez\"},\"sameAs\":[\"http:\\\/\\\/anovapeneira.gal\"],\"url\":\"https:\\\/\\\/www.anovapeneira.gal\\\/index.php\\\/author\\\/opinioncristoballopez\\\/\"}]}<\/script>\n<!-- \/ Yoast SEO plugin. -->","yoast_head_json":{"title":"Tercer fragmento do diario de Senl\u00faa Arraiana -","robots":{"index":"index","follow":"follow","max-snippet":"max-snippet:-1","max-image-preview":"max-image-preview:large","max-video-preview":"max-video-preview:-1"},"canonical":"https:\/\/www.anovapeneira.gal\/index.php\/2019\/10\/30\/tercer-fragmento-do-diario-de-senlua-arraiana\/","og_locale":"gl_ES","og_type":"article","og_title":"Tercer fragmento do diario de Senl\u00faa Arraiana -","og_description":"Este fragmento do diario de Senl\u00faa Arraiana foi recuperado e adiantado ao noso tempo por Crist\u00f3bal L\u00f3pez [...]","og_url":"https:\/\/www.anovapeneira.gal\/index.php\/2019\/10\/30\/tercer-fragmento-do-diario-de-senlua-arraiana\/","article_publisher":"https:\/\/www.facebook.com\/anovapeneira","article_published_time":"2019-10-30T13:00:34+00:00","og_image":[{"width":720,"height":473,"url":"https:\/\/www.anovapeneira.gal\/wp-content\/uploads\/2019\/10\/diario_de_senlua_3_fragmento_a_nova_peneira.jpg","type":"image\/jpeg"}],"author":"Cristobal L\u00f3pez","twitter_card":"summary_large_image","twitter_creator":"@APeneira","twitter_site":"@APeneira","twitter_misc":{"Escrito por":"Cristobal L\u00f3pez","Tempo de lectura":"5 minutos"},"schema":{"@context":"https:\/\/schema.org","@graph":[{"@type":"Article","@id":"https:\/\/www.anovapeneira.gal\/index.php\/2019\/10\/30\/tercer-fragmento-do-diario-de-senlua-arraiana\/#article","isPartOf":{"@id":"https:\/\/www.anovapeneira.gal\/index.php\/2019\/10\/30\/tercer-fragmento-do-diario-de-senlua-arraiana\/"},"author":{"name":"Cristobal L\u00f3pez","@id":"https:\/\/www.anovapeneira.gal\/#\/schema\/person\/45b3df2338e4d898b7616809f9c5906c"},"headline":"Tercer fragmento do diario de Senl\u00faa Arraiana","datePublished":"2019-10-30T13:00:34+00:00","mainEntityOfPage":{"@id":"https:\/\/www.anovapeneira.gal\/index.php\/2019\/10\/30\/tercer-fragmento-do-diario-de-senlua-arraiana\/"},"wordCount":1103,"commentCount":0,"publisher":{"@id":"https:\/\/www.anovapeneira.gal\/#organization"},"image":{"@id":"https:\/\/www.anovapeneira.gal\/index.php\/2019\/10\/30\/tercer-fragmento-do-diario-de-senlua-arraiana\/#primaryimage"},"thumbnailUrl":"https:\/\/www.anovapeneira.gal\/wp-content\/uploads\/2019\/10\/diario_de_senlua_3_fragmento_a_nova_peneira.jpg","keywords":["Resistencia arraiana","Senl\u00faa Arraiana"],"articleSection":["Artigos de opini\u00f3n"],"inLanguage":"gl-ES","potentialAction":[{"@type":"CommentAction","name":"Comment","target":["https:\/\/www.anovapeneira.gal\/index.php\/2019\/10\/30\/tercer-fragmento-do-diario-de-senlua-arraiana\/#respond"]}]},{"@type":"WebPage","@id":"https:\/\/www.anovapeneira.gal\/index.php\/2019\/10\/30\/tercer-fragmento-do-diario-de-senlua-arraiana\/","url":"https:\/\/www.anovapeneira.gal\/index.php\/2019\/10\/30\/tercer-fragmento-do-diario-de-senlua-arraiana\/","name":"Tercer fragmento do diario de Senl\u00faa Arraiana -","isPartOf":{"@id":"https:\/\/www.anovapeneira.gal\/#website"},"primaryImageOfPage":{"@id":"https:\/\/www.anovapeneira.gal\/index.php\/2019\/10\/30\/tercer-fragmento-do-diario-de-senlua-arraiana\/#primaryimage"},"image":{"@id":"https:\/\/www.anovapeneira.gal\/index.php\/2019\/10\/30\/tercer-fragmento-do-diario-de-senlua-arraiana\/#primaryimage"},"thumbnailUrl":"https:\/\/www.anovapeneira.gal\/wp-content\/uploads\/2019\/10\/diario_de_senlua_3_fragmento_a_nova_peneira.jpg","datePublished":"2019-10-30T13:00:34+00:00","breadcrumb":{"@id":"https:\/\/www.anovapeneira.gal\/index.php\/2019\/10\/30\/tercer-fragmento-do-diario-de-senlua-arraiana\/#breadcrumb"},"inLanguage":"gl-ES","potentialAction":[{"@type":"ReadAction","target":["https:\/\/www.anovapeneira.gal\/index.php\/2019\/10\/30\/tercer-fragmento-do-diario-de-senlua-arraiana\/"]}]},{"@type":"ImageObject","inLanguage":"gl-ES","@id":"https:\/\/www.anovapeneira.gal\/index.php\/2019\/10\/30\/tercer-fragmento-do-diario-de-senlua-arraiana\/#primaryimage","url":"https:\/\/www.anovapeneira.gal\/wp-content\/uploads\/2019\/10\/diario_de_senlua_3_fragmento_a_nova_peneira.jpg","contentUrl":"https:\/\/www.anovapeneira.gal\/wp-content\/uploads\/2019\/10\/diario_de_senlua_3_fragmento_a_nova_peneira.jpg","width":720,"height":473,"caption":"Diario de senl\u00faa fragmento 3 A Nova Peneira"},{"@type":"BreadcrumbList","@id":"https:\/\/www.anovapeneira.gal\/index.php\/2019\/10\/30\/tercer-fragmento-do-diario-de-senlua-arraiana\/#breadcrumb","itemListElement":[{"@type":"ListItem","position":1,"name":"Portada","item":"https:\/\/www.anovapeneira.gal\/"},{"@type":"ListItem","position":2,"name":"Tercer fragmento do diario de Senl\u00faa Arraiana"}]},{"@type":"WebSite","@id":"https:\/\/www.anovapeneira.gal\/#website","url":"https:\/\/www.anovapeneira.gal\/","name":"","description":"Xornal galego de informaci\u00f3n xeral Publicaci\u00f3n mensual de novas de Galicia e en especial dos Concellos da sur da provincia de Pontevedra.","publisher":{"@id":"https:\/\/www.anovapeneira.gal\/#organization"},"potentialAction":[{"@type":"SearchAction","target":{"@type":"EntryPoint","urlTemplate":"https:\/\/www.anovapeneira.gal\/?s={search_term_string}"},"query-input":{"@type":"PropertyValueSpecification","valueRequired":true,"valueName":"search_term_string"}}],"inLanguage":"gl-ES"},{"@type":"Organization","@id":"https:\/\/www.anovapeneira.gal\/#organization","name":"A Nova Peneira","url":"https:\/\/www.anovapeneira.gal\/","logo":{"@type":"ImageObject","inLanguage":"gl-ES","@id":"https:\/\/www.anovapeneira.gal\/#\/schema\/logo\/image\/","url":"http:\/\/www.anovapeneira.gal\/wp-content\/uploads\/2019\/06\/logo_a_nova_peneira_portal_web.png","contentUrl":"http:\/\/www.anovapeneira.gal\/wp-content\/uploads\/2019\/06\/logo_a_nova_peneira_portal_web.png","width":300,"height":100,"caption":"A Nova Peneira"},"image":{"@id":"https:\/\/www.anovapeneira.gal\/#\/schema\/logo\/image\/"},"sameAs":["https:\/\/www.facebook.com\/anovapeneira","https:\/\/x.com\/APeneira"]},{"@type":"Person","@id":"https:\/\/www.anovapeneira.gal\/#\/schema\/person\/45b3df2338e4d898b7616809f9c5906c","name":"Cristobal L\u00f3pez","image":{"@type":"ImageObject","inLanguage":"gl-ES","@id":"https:\/\/secure.gravatar.com\/avatar\/b537cf06ef8166c9ef72b09f4d5f6446b1e22ea99505d94e40b8685710482f79?s=96&d=mm&r=g","url":"https:\/\/secure.gravatar.com\/avatar\/b537cf06ef8166c9ef72b09f4d5f6446b1e22ea99505d94e40b8685710482f79?s=96&d=mm&r=g","contentUrl":"https:\/\/secure.gravatar.com\/avatar\/b537cf06ef8166c9ef72b09f4d5f6446b1e22ea99505d94e40b8685710482f79?s=96&d=mm&r=g","caption":"Cristobal L\u00f3pez"},"sameAs":["http:\/\/anovapeneira.gal"],"url":"https:\/\/www.anovapeneira.gal\/index.php\/author\/opinioncristoballopez\/"}]}},"jetpack_featured_media_url":"https:\/\/www.anovapeneira.gal\/wp-content\/uploads\/2019\/10\/diario_de_senlua_3_fragmento_a_nova_peneira.jpg","_links":{"self":[{"href":"https:\/\/www.anovapeneira.gal\/index.php\/wp-json\/wp\/v2\/posts\/1641","targetHints":{"allow":["GET"]}}],"collection":[{"href":"https:\/\/www.anovapeneira.gal\/index.php\/wp-json\/wp\/v2\/posts"}],"about":[{"href":"https:\/\/www.anovapeneira.gal\/index.php\/wp-json\/wp\/v2\/types\/post"}],"author":[{"embeddable":true,"href":"https:\/\/www.anovapeneira.gal\/index.php\/wp-json\/wp\/v2\/users\/13"}],"replies":[{"embeddable":true,"href":"https:\/\/www.anovapeneira.gal\/index.php\/wp-json\/wp\/v2\/comments?post=1641"}],"version-history":[{"count":1,"href":"https:\/\/www.anovapeneira.gal\/index.php\/wp-json\/wp\/v2\/posts\/1641\/revisions"}],"predecessor-version":[{"id":1643,"href":"https:\/\/www.anovapeneira.gal\/index.php\/wp-json\/wp\/v2\/posts\/1641\/revisions\/1643"}],"wp:featuredmedia":[{"embeddable":true,"href":"https:\/\/www.anovapeneira.gal\/index.php\/wp-json\/wp\/v2\/media\/1642"}],"wp:attachment":[{"href":"https:\/\/www.anovapeneira.gal\/index.php\/wp-json\/wp\/v2\/media?parent=1641"}],"wp:term":[{"taxonomy":"category","embeddable":true,"href":"https:\/\/www.anovapeneira.gal\/index.php\/wp-json\/wp\/v2\/categories?post=1641"},{"taxonomy":"post_tag","embeddable":true,"href":"https:\/\/www.anovapeneira.gal\/index.php\/wp-json\/wp\/v2\/tags?post=1641"}],"curies":[{"name":"wp","href":"https:\/\/api.w.org\/{rel}","templated":true}]}}