{"id":1652,"date":"2019-10-31T12:00:00","date_gmt":"2019-10-31T11:00:00","guid":{"rendered":"http:\/\/www.anovapeneira.gal\/?p=1652"},"modified":"2019-10-30T19:40:32","modified_gmt":"2019-10-30T18:40:32","slug":"cuarto-fragmento-do-diario-de-senlua-arraiana","status":"publish","type":"post","link":"https:\/\/www.anovapeneira.gal\/index.php\/2019\/10\/31\/cuarto-fragmento-do-diario-de-senlua-arraiana\/","title":{"rendered":"Cuarto fragmento do diario de Senl\u00faa Arraiana"},"content":{"rendered":"\n<h2 class=\"wp-block-heading\"><em><strong>Tambores de guerra<\/strong><\/em><\/h2>\n\n\n\n<figure class=\"wp-block-image is-resized\"><img loading=\"lazy\" decoding=\"async\" src=\"http:\/\/www.anovapeneira.gal\/wp-content\/uploads\/2019\/07\/cristobal_a_nova_peneira.jpg\" alt=\"Crist\u00f3bal L\u00f3pez A Nova Peneira\" class=\"wp-image-555\" width=\"95\" height=\"111\"\/><figcaption><em><strong>Crist\u00f3bal L\u00f3pez<\/strong><\/em>.<br> <strong>Comuneiro de Montes de Tameiga, militante de Anticapitalistas e veci\u00f1o constituinte da Asemblea Veci\u00f1al Ga\u00f1aM\u00f3s.<\/strong> <\/figcaption><\/figure>\n\n\n\n<figure class=\"wp-block-image is-resized\"><img loading=\"lazy\" decoding=\"async\" src=\"http:\/\/www.anovapeneira.gal\/wp-content\/uploads\/2019\/08\/senlua_arraiana_2135.jpg\" alt=\"\" class=\"wp-image-877\" width=\"350\" height=\"408\" srcset=\"https:\/\/www.anovapeneira.gal\/wp-content\/uploads\/2019\/08\/senlua_arraiana_2135.jpg 700w, https:\/\/www.anovapeneira.gal\/wp-content\/uploads\/2019\/08\/senlua_arraiana_2135-257x300.jpg 257w\" sizes=\"auto, (max-width: 350px) 100vw, 350px\" \/><\/figure>\n\n\n\n<p><em><strong>(Este cuarto fragmento do diario de Senl\u00faa Arraiana foi recuperado e adiantado ao noso tempo por Noitepedralonga, fiel camarada do av\u00f3 da futura lider da resistencia arraiana).\u00a0<\/strong><\/em><\/p>\n\n\n\n<p>Ch\u00e1mome\nSenl\u00faa e son membro da resistencia arraiana. Ma\u00f1\u00e1 partimos cara os\nterritorios da Colmea na franxa do oeste. Sen eventualidades que nos\natrasen necesitaremos alomenos 30 d\u00edas para atravesar Mortefr\u00eda.\nNon estarei soa, a Asemblea decidiu que finalmente foramos dous os\nque nos infiltr\u00e1ramos na Colmea e que na viaxe nos acompa\u00f1ara unha\npequena escolta que logo establecer\u00e1 base o m\u00e1is preto posible dos\nasentamentos colmenitas para darnos apoio e facilitar a extracci\u00f3n\nde disidentes. Todo este operativo sen precedentes pon de relevo o\ncrucial que \u00e9 esta misi\u00f3n para a supervivencia do pobo arraiano. Un\natento silencio f\u00edxose eco da exposici\u00f3n do Consello de Sabios\nsobre os resultados das s\u00faas medici\u00f3ns respecto a minoraci\u00f3n do\ndesfase entre a rotaci\u00f3n e translaci\u00f3n da Terra. Un murmurio\nentrecortado polos sentimentos contrapostos sucedeu \u00e1s conclusi\u00f3ns\ndo Consello. O seu ditame foi contundente, o acoplamento dos\nmovementos do planeta ser\u00e1 unha realidade en menos de 10 anos. Que a\ncara escura da terra quede estacionaria libraranos de vagar pola face\ndo asolado planeta esquivando o mort\u00edfero sol nacente pero obr\u00edganos\na facer resoar os tambores de guerra moito antes do debido. Distamos\nmoito de ser rival nunha contenda aberta contra a Colmea, nin en\nn\u00famero nin en armas. Somos un pobo fundado sobre a repulsa \u00e1s armas\ne \u00e1 violencia que desatan pero o cami\u00f1o da supervivencia \u00e9 angosto\ne retorcido. Se non acadamos a conquista de territorios na frondosa\nfranxa ocupada pola Colmea os nosos d\u00edas estar\u00e1n contados. Apenas\natopamos v\u00edveres en bo estado, nin sequera rexistrando os soterrados\naparecen xa conservas. A maior\u00eda dos alimentos que rastrexamos son\nos despoxos dos asentamentos da Colmea.&nbsp; Sen necesidade de\ntrasladarse para non ser alcanzados pola x\u00e9lida noite de Mortefr\u00eda\nnon volver\u00e1n a deixar plantaci\u00f3ns abandonadas.<\/p>\n\n\n\n<p>Necesitamos\ndebilitar a Colmea para estar en condici\u00f3ns de negociar un reparto\ndos territorios. Este \u00e9 o obxectivo marcado pola asemblea, pero\nmoitas nos tememos que teremos que conxurar o arte do imposible para\ncohabitar pacificamente con ese r\u00e9xime totalitario.<\/p>\n\n\n\n<p>Agardo que no longo cami\u00f1o poida clarexar a situaci\u00f3n con Malatesta e rebaixar a tensi\u00f3n entre ambos. A todos sorprendeunos que se ofrecera voluntario para ser o segundo infiltrado. Ningu\u00e9n cuestionou a idoneidade de algu\u00e9n tan forte e abnegado na defensa da comunidade como Malatesta, a pesares de que desde o fat\u00eddico incidente tornouse cada vez m\u00e1is calado e esquivo. A s\u00faa actitude silente e por veces hosca \u00e9 soportada con comprensi\u00f3n pola nosa xente,\u00a0 pero a min esc\u00f3ceme tanto que a\u00ednda hoxe me impide suturar os sentimentos esgarrados pola desgraza acaecida. Malatesta foi xunto coa s\u00faa irm\u00e1 Tenuesombra os meus infatigables compa\u00f1eiros de infancia. Os tres eramos os nenos m\u00e1is atrevidos de todos e nunha das nosas temeridades Tenuesombra f\u00f3isenos. Xog\u00e1bamos ao l\u00edmite, inconscientes do perigo, buscando sentirnos libres e vivos pero foi a morte a que xogou a derradeira man. O tempo non cura as penas s\u00f3 as vai soterrando na memoria. Revivir o sucedido pr\u00e9ndeme a comez\u00f3n da culpa. Aquel d\u00eda era un calquera dos que xog\u00e1bamos a ver quen se adentraba m\u00e1is en Mortefr\u00eda rivalizando entre n\u00f3s ante o medo a perderse na escuridade. Coma sempre os tres quedamos s\u00f3s ante o abandono dos demais rapaces, pero ese d\u00eda Malatesta m\u00e1is eu levamos a nosa fanfarroner\u00eda m\u00e1is al\u00f3. Absortos na nosa rivalidade esquecemos a Tenuesombra deix\u00e1ndoa atr\u00e1s. Xa nunca voltamos a ver o seu sorriso. Ela nunca r\u00eda ou choraba sempre mant\u00eda debuxado na seu rostro un perenne esbozo de sorriso. Un impert\u00e9rrito rictus co que pretend\u00eda agochar a dor pola recente morte da s\u00faa nai. Nunca a atopamos, con ela se foi a mi\u00f1a xuventude trunc\u00e1ndose a profunda amistade que Malatesta m\u00e1is eu nos profes\u00e1bamos. Ela sempre pretendeu que nesa amistade ani\u00f1ara unha relaci\u00f3n m\u00e1is estreita. Abandonar o seu ciclosolar e internarse na x\u00e9lida escuridade fixo anacos a s\u00faa pretensi\u00f3n. Sempre tem\u00edn que me sinalaran, pero nunca ningu\u00e9n nos recriminou nada. Pareceu como se todos non agardasen outro desenlace para a corta vida de Tenuesombra. Como non me decatei? Cantas veces ten ecoado na mi\u00f1a cabeza esta pregunta. Como non me decatei?\u00a0<\/p>\n\n\n\n<p>Basta\nde lamentos! Te\u00f1o que baixar a despedirme da mi\u00f1a nai, pode ser a\nderradeira vez que comparta con ela as mi\u00f1as inquedanzas.&nbsp;\nGostar\u00edame levarme o diario que escribiu a mi\u00f1a avoa, a mi\u00f1a nai o\natesoura coma un c\u00f3dice vital pero a min ser\u00e1 un asidero nos\nabismos que se aveci\u00f1an. O meu av\u00f3 flu\u00eda a trav\u00e9s da acci\u00f3n\nmentres a mi\u00f1a avoa oficiaba de cronista da s\u00faa \u00e9poca. Te\u00f1o\npoucas lembranzas da mi\u00f1a avoa, despois do desastre volveuse adusta\ne taciturna. Sempre estaba onde era necesario pero a profunda\naflici\u00f3n polo sucedido ensombrec\u00eda o seu rostro.&nbsp; Se co\u00f1ezo\nben a vida dos meus av\u00f3s e da infancia dos meus pais na s\u00faa\namorri\u00f1ada Tameiga natal \u00e9 pola infinidade de veces que lin os\ndiarios da mi\u00f1a avoa Loiralei. A mi\u00f1a nai durm\u00edame cos pasaxes\nm\u00e1is alegres do diario e logo eu atopei alimento racional nas s\u00faas\ndiatribas o contra os gobernantes corruptos e a xente indiferente.\nLevo sempre conmigo unha das fotos que gardou no seu diario, son\nportais m\u00e1xicos que espertan a mi\u00f1a imaxinaci\u00f3n e trasl\u00e1danme a\naquel mundo verde.<\/p>\n\n\n\n<p>Como\nse me vai o tempo cando p\u00f3\u00f1ome a escribir mentres os fragmentos da\nl\u00faa alumean no escuro ceo sinal\u00e1ndome o destino que ma\u00f1\u00e1 imos\nemprender. Pero hoxe quero rematar cunhas palabras da mi\u00f1a avoa que\ndesde hai tempo rete\u00f1o na memoria:<em>\n\u201c&#8230;pero quen se cre que \u00e9? Coma unha rancia arist\u00f3crata\nenfundase na bandeira do noso concello como se ela estivera unxida\npor un halo divino e fora a nosa luz no abismo. Canto m\u00e1is grande \u00e9\na bandeira coa que se viste maior \u00e9 a necesidade de agochar a s\u00faa\nirritaci\u00f3n por ter que tratar coa xente do com\u00fan. Como \u00e9 posible\nque case a metade da veci\u00f1anza siga almorzando as s\u00faas mentiras sen\nunha vaga de arcadas? Ela, na s\u00faa embriaguez de si mesma,&nbsp;\nconsidera ins\u00f3lito e reprobable que algu\u00e9n ose levantar a voz ante\nas desfeitas da s\u00faa deleznable cobiza. Pero ela non \u00e9 o problema,\nela \u00e9 superflua, son os indiferentes quen nos empurran polo tobog\u00e1n\nda extinci\u00f3n\u2026\u201d<\/em><\/p>\n","protected":false},"excerpt":{"rendered":"<div class=\"mh-excerpt\"><p>Este cuarto fragmento do diario de Senl\u00faa Arraiana foi recuperado e adiantado ao noso tempo <a class=\"mh-excerpt-more\" href=\"https:\/\/www.anovapeneira.gal\/index.php\/2019\/10\/31\/cuarto-fragmento-do-diario-de-senlua-arraiana\/\" title=\"Cuarto fragmento do diario de Senl\u00faa Arraiana\">[&#8230;]<\/a><\/p>\n<\/div>","protected":false},"author":13,"featured_media":1653,"comment_status":"open","ping_status":"open","sticky":false,"template":"","format":"standard","meta":{"_exactmetrics_skip_tracking":false,"_exactmetrics_sitenote_active":false,"_exactmetrics_sitenote_note":"","_exactmetrics_sitenote_category":0,"footnotes":""},"categories":[7],"tags":[236,235],"class_list":{"0":"post-1652","1":"post","2":"type-post","3":"status-publish","4":"format-standard","5":"has-post-thumbnail","7":"category-artigos-de-opinion","8":"tag-resistencia-arraiana","9":"tag-senlua-arraiana"},"yoast_head":"<!-- This site is optimized with the Yoast SEO plugin v27.5 - https:\/\/yoast.com\/product\/yoast-seo-wordpress\/ -->\n<title>Cuarto fragmento do diario de Senl\u00faa Arraiana -<\/title>\n<meta name=\"robots\" content=\"index, follow, max-snippet:-1, max-image-preview:large, max-video-preview:-1\" \/>\n<link rel=\"canonical\" href=\"https:\/\/www.anovapeneira.gal\/index.php\/2019\/10\/31\/cuarto-fragmento-do-diario-de-senlua-arraiana\/\" \/>\n<meta property=\"og:locale\" content=\"gl_ES\" \/>\n<meta property=\"og:type\" content=\"article\" \/>\n<meta property=\"og:title\" content=\"Cuarto fragmento do diario de Senl\u00faa Arraiana -\" \/>\n<meta property=\"og:description\" content=\"Este cuarto fragmento do diario de Senl\u00faa Arraiana foi recuperado e adiantado ao noso tempo [...]\" \/>\n<meta property=\"og:url\" content=\"https:\/\/www.anovapeneira.gal\/index.php\/2019\/10\/31\/cuarto-fragmento-do-diario-de-senlua-arraiana\/\" \/>\n<meta property=\"article:publisher\" content=\"https:\/\/www.facebook.com\/anovapeneira\" \/>\n<meta property=\"article:published_time\" content=\"2019-10-31T11:00:00+00:00\" \/>\n<meta property=\"og:image\" content=\"https:\/\/www.anovapeneira.gal\/wp-content\/uploads\/2019\/10\/Tambores_de_guerra_a_nova_peneira.jpg\" \/>\n\t<meta property=\"og:image:width\" content=\"720\" \/>\n\t<meta property=\"og:image:height\" content=\"473\" \/>\n\t<meta property=\"og:image:type\" content=\"image\/jpeg\" \/>\n<meta name=\"author\" content=\"Cristobal L\u00f3pez\" \/>\n<meta name=\"twitter:card\" content=\"summary_large_image\" \/>\n<meta name=\"twitter:creator\" content=\"@APeneira\" \/>\n<meta name=\"twitter:site\" content=\"@APeneira\" \/>\n<meta name=\"twitter:label1\" content=\"Escrito por\" \/>\n\t<meta name=\"twitter:data1\" content=\"Cristobal L\u00f3pez\" \/>\n\t<meta name=\"twitter:label2\" content=\"Tempo de lectura\" \/>\n\t<meta name=\"twitter:data2\" content=\"6 minutos\" \/>\n<script type=\"application\/ld+json\" class=\"yoast-schema-graph\">{\"@context\":\"https:\\\/\\\/schema.org\",\"@graph\":[{\"@type\":\"Article\",\"@id\":\"https:\\\/\\\/www.anovapeneira.gal\\\/index.php\\\/2019\\\/10\\\/31\\\/cuarto-fragmento-do-diario-de-senlua-arraiana\\\/#article\",\"isPartOf\":{\"@id\":\"https:\\\/\\\/www.anovapeneira.gal\\\/index.php\\\/2019\\\/10\\\/31\\\/cuarto-fragmento-do-diario-de-senlua-arraiana\\\/\"},\"author\":{\"name\":\"Cristobal L\u00f3pez\",\"@id\":\"https:\\\/\\\/www.anovapeneira.gal\\\/#\\\/schema\\\/person\\\/45b3df2338e4d898b7616809f9c5906c\"},\"headline\":\"Cuarto fragmento do diario de Senl\u00faa Arraiana\",\"datePublished\":\"2019-10-31T11:00:00+00:00\",\"mainEntityOfPage\":{\"@id\":\"https:\\\/\\\/www.anovapeneira.gal\\\/index.php\\\/2019\\\/10\\\/31\\\/cuarto-fragmento-do-diario-de-senlua-arraiana\\\/\"},\"wordCount\":1206,\"commentCount\":0,\"publisher\":{\"@id\":\"https:\\\/\\\/www.anovapeneira.gal\\\/#organization\"},\"image\":{\"@id\":\"https:\\\/\\\/www.anovapeneira.gal\\\/index.php\\\/2019\\\/10\\\/31\\\/cuarto-fragmento-do-diario-de-senlua-arraiana\\\/#primaryimage\"},\"thumbnailUrl\":\"https:\\\/\\\/www.anovapeneira.gal\\\/wp-content\\\/uploads\\\/2019\\\/10\\\/Tambores_de_guerra_a_nova_peneira.jpg\",\"keywords\":[\"Resistencia arraiana\",\"Senl\u00faa Arraiana\"],\"articleSection\":[\"Artigos de opini\u00f3n\"],\"inLanguage\":\"gl-ES\",\"potentialAction\":[{\"@type\":\"CommentAction\",\"name\":\"Comment\",\"target\":[\"https:\\\/\\\/www.anovapeneira.gal\\\/index.php\\\/2019\\\/10\\\/31\\\/cuarto-fragmento-do-diario-de-senlua-arraiana\\\/#respond\"]}]},{\"@type\":\"WebPage\",\"@id\":\"https:\\\/\\\/www.anovapeneira.gal\\\/index.php\\\/2019\\\/10\\\/31\\\/cuarto-fragmento-do-diario-de-senlua-arraiana\\\/\",\"url\":\"https:\\\/\\\/www.anovapeneira.gal\\\/index.php\\\/2019\\\/10\\\/31\\\/cuarto-fragmento-do-diario-de-senlua-arraiana\\\/\",\"name\":\"Cuarto fragmento do diario de Senl\u00faa Arraiana -\",\"isPartOf\":{\"@id\":\"https:\\\/\\\/www.anovapeneira.gal\\\/#website\"},\"primaryImageOfPage\":{\"@id\":\"https:\\\/\\\/www.anovapeneira.gal\\\/index.php\\\/2019\\\/10\\\/31\\\/cuarto-fragmento-do-diario-de-senlua-arraiana\\\/#primaryimage\"},\"image\":{\"@id\":\"https:\\\/\\\/www.anovapeneira.gal\\\/index.php\\\/2019\\\/10\\\/31\\\/cuarto-fragmento-do-diario-de-senlua-arraiana\\\/#primaryimage\"},\"thumbnailUrl\":\"https:\\\/\\\/www.anovapeneira.gal\\\/wp-content\\\/uploads\\\/2019\\\/10\\\/Tambores_de_guerra_a_nova_peneira.jpg\",\"datePublished\":\"2019-10-31T11:00:00+00:00\",\"breadcrumb\":{\"@id\":\"https:\\\/\\\/www.anovapeneira.gal\\\/index.php\\\/2019\\\/10\\\/31\\\/cuarto-fragmento-do-diario-de-senlua-arraiana\\\/#breadcrumb\"},\"inLanguage\":\"gl-ES\",\"potentialAction\":[{\"@type\":\"ReadAction\",\"target\":[\"https:\\\/\\\/www.anovapeneira.gal\\\/index.php\\\/2019\\\/10\\\/31\\\/cuarto-fragmento-do-diario-de-senlua-arraiana\\\/\"]}]},{\"@type\":\"ImageObject\",\"inLanguage\":\"gl-ES\",\"@id\":\"https:\\\/\\\/www.anovapeneira.gal\\\/index.php\\\/2019\\\/10\\\/31\\\/cuarto-fragmento-do-diario-de-senlua-arraiana\\\/#primaryimage\",\"url\":\"https:\\\/\\\/www.anovapeneira.gal\\\/wp-content\\\/uploads\\\/2019\\\/10\\\/Tambores_de_guerra_a_nova_peneira.jpg\",\"contentUrl\":\"https:\\\/\\\/www.anovapeneira.gal\\\/wp-content\\\/uploads\\\/2019\\\/10\\\/Tambores_de_guerra_a_nova_peneira.jpg\",\"width\":720,\"height\":473,\"caption\":\"Visita barco Greenpeace xu\u00f1o 2019\"},{\"@type\":\"BreadcrumbList\",\"@id\":\"https:\\\/\\\/www.anovapeneira.gal\\\/index.php\\\/2019\\\/10\\\/31\\\/cuarto-fragmento-do-diario-de-senlua-arraiana\\\/#breadcrumb\",\"itemListElement\":[{\"@type\":\"ListItem\",\"position\":1,\"name\":\"Portada\",\"item\":\"https:\\\/\\\/www.anovapeneira.gal\\\/\"},{\"@type\":\"ListItem\",\"position\":2,\"name\":\"Cuarto fragmento do diario de Senl\u00faa Arraiana\"}]},{\"@type\":\"WebSite\",\"@id\":\"https:\\\/\\\/www.anovapeneira.gal\\\/#website\",\"url\":\"https:\\\/\\\/www.anovapeneira.gal\\\/\",\"name\":\"\",\"description\":\"Xornal galego de informaci\u00f3n xeral Publicaci\u00f3n mensual de novas de Galicia e en especial dos Concellos da sur da provincia de Pontevedra.\",\"publisher\":{\"@id\":\"https:\\\/\\\/www.anovapeneira.gal\\\/#organization\"},\"potentialAction\":[{\"@type\":\"SearchAction\",\"target\":{\"@type\":\"EntryPoint\",\"urlTemplate\":\"https:\\\/\\\/www.anovapeneira.gal\\\/?s={search_term_string}\"},\"query-input\":{\"@type\":\"PropertyValueSpecification\",\"valueRequired\":true,\"valueName\":\"search_term_string\"}}],\"inLanguage\":\"gl-ES\"},{\"@type\":\"Organization\",\"@id\":\"https:\\\/\\\/www.anovapeneira.gal\\\/#organization\",\"name\":\"A Nova Peneira\",\"url\":\"https:\\\/\\\/www.anovapeneira.gal\\\/\",\"logo\":{\"@type\":\"ImageObject\",\"inLanguage\":\"gl-ES\",\"@id\":\"https:\\\/\\\/www.anovapeneira.gal\\\/#\\\/schema\\\/logo\\\/image\\\/\",\"url\":\"http:\\\/\\\/www.anovapeneira.gal\\\/wp-content\\\/uploads\\\/2019\\\/06\\\/logo_a_nova_peneira_portal_web.png\",\"contentUrl\":\"http:\\\/\\\/www.anovapeneira.gal\\\/wp-content\\\/uploads\\\/2019\\\/06\\\/logo_a_nova_peneira_portal_web.png\",\"width\":300,\"height\":100,\"caption\":\"A Nova Peneira\"},\"image\":{\"@id\":\"https:\\\/\\\/www.anovapeneira.gal\\\/#\\\/schema\\\/logo\\\/image\\\/\"},\"sameAs\":[\"https:\\\/\\\/www.facebook.com\\\/anovapeneira\",\"https:\\\/\\\/x.com\\\/APeneira\"]},{\"@type\":\"Person\",\"@id\":\"https:\\\/\\\/www.anovapeneira.gal\\\/#\\\/schema\\\/person\\\/45b3df2338e4d898b7616809f9c5906c\",\"name\":\"Cristobal L\u00f3pez\",\"image\":{\"@type\":\"ImageObject\",\"inLanguage\":\"gl-ES\",\"@id\":\"https:\\\/\\\/secure.gravatar.com\\\/avatar\\\/b537cf06ef8166c9ef72b09f4d5f6446b1e22ea99505d94e40b8685710482f79?s=96&d=mm&r=g\",\"url\":\"https:\\\/\\\/secure.gravatar.com\\\/avatar\\\/b537cf06ef8166c9ef72b09f4d5f6446b1e22ea99505d94e40b8685710482f79?s=96&d=mm&r=g\",\"contentUrl\":\"https:\\\/\\\/secure.gravatar.com\\\/avatar\\\/b537cf06ef8166c9ef72b09f4d5f6446b1e22ea99505d94e40b8685710482f79?s=96&d=mm&r=g\",\"caption\":\"Cristobal L\u00f3pez\"},\"sameAs\":[\"http:\\\/\\\/anovapeneira.gal\"],\"url\":\"https:\\\/\\\/www.anovapeneira.gal\\\/index.php\\\/author\\\/opinioncristoballopez\\\/\"}]}<\/script>\n<!-- \/ Yoast SEO plugin. -->","yoast_head_json":{"title":"Cuarto fragmento do diario de Senl\u00faa Arraiana -","robots":{"index":"index","follow":"follow","max-snippet":"max-snippet:-1","max-image-preview":"max-image-preview:large","max-video-preview":"max-video-preview:-1"},"canonical":"https:\/\/www.anovapeneira.gal\/index.php\/2019\/10\/31\/cuarto-fragmento-do-diario-de-senlua-arraiana\/","og_locale":"gl_ES","og_type":"article","og_title":"Cuarto fragmento do diario de Senl\u00faa Arraiana -","og_description":"Este cuarto fragmento do diario de Senl\u00faa Arraiana foi recuperado e adiantado ao noso tempo [...]","og_url":"https:\/\/www.anovapeneira.gal\/index.php\/2019\/10\/31\/cuarto-fragmento-do-diario-de-senlua-arraiana\/","article_publisher":"https:\/\/www.facebook.com\/anovapeneira","article_published_time":"2019-10-31T11:00:00+00:00","og_image":[{"width":720,"height":473,"url":"https:\/\/www.anovapeneira.gal\/wp-content\/uploads\/2019\/10\/Tambores_de_guerra_a_nova_peneira.jpg","type":"image\/jpeg"}],"author":"Cristobal L\u00f3pez","twitter_card":"summary_large_image","twitter_creator":"@APeneira","twitter_site":"@APeneira","twitter_misc":{"Escrito por":"Cristobal L\u00f3pez","Tempo de lectura":"6 minutos"},"schema":{"@context":"https:\/\/schema.org","@graph":[{"@type":"Article","@id":"https:\/\/www.anovapeneira.gal\/index.php\/2019\/10\/31\/cuarto-fragmento-do-diario-de-senlua-arraiana\/#article","isPartOf":{"@id":"https:\/\/www.anovapeneira.gal\/index.php\/2019\/10\/31\/cuarto-fragmento-do-diario-de-senlua-arraiana\/"},"author":{"name":"Cristobal L\u00f3pez","@id":"https:\/\/www.anovapeneira.gal\/#\/schema\/person\/45b3df2338e4d898b7616809f9c5906c"},"headline":"Cuarto fragmento do diario de Senl\u00faa Arraiana","datePublished":"2019-10-31T11:00:00+00:00","mainEntityOfPage":{"@id":"https:\/\/www.anovapeneira.gal\/index.php\/2019\/10\/31\/cuarto-fragmento-do-diario-de-senlua-arraiana\/"},"wordCount":1206,"commentCount":0,"publisher":{"@id":"https:\/\/www.anovapeneira.gal\/#organization"},"image":{"@id":"https:\/\/www.anovapeneira.gal\/index.php\/2019\/10\/31\/cuarto-fragmento-do-diario-de-senlua-arraiana\/#primaryimage"},"thumbnailUrl":"https:\/\/www.anovapeneira.gal\/wp-content\/uploads\/2019\/10\/Tambores_de_guerra_a_nova_peneira.jpg","keywords":["Resistencia arraiana","Senl\u00faa Arraiana"],"articleSection":["Artigos de opini\u00f3n"],"inLanguage":"gl-ES","potentialAction":[{"@type":"CommentAction","name":"Comment","target":["https:\/\/www.anovapeneira.gal\/index.php\/2019\/10\/31\/cuarto-fragmento-do-diario-de-senlua-arraiana\/#respond"]}]},{"@type":"WebPage","@id":"https:\/\/www.anovapeneira.gal\/index.php\/2019\/10\/31\/cuarto-fragmento-do-diario-de-senlua-arraiana\/","url":"https:\/\/www.anovapeneira.gal\/index.php\/2019\/10\/31\/cuarto-fragmento-do-diario-de-senlua-arraiana\/","name":"Cuarto fragmento do diario de Senl\u00faa Arraiana -","isPartOf":{"@id":"https:\/\/www.anovapeneira.gal\/#website"},"primaryImageOfPage":{"@id":"https:\/\/www.anovapeneira.gal\/index.php\/2019\/10\/31\/cuarto-fragmento-do-diario-de-senlua-arraiana\/#primaryimage"},"image":{"@id":"https:\/\/www.anovapeneira.gal\/index.php\/2019\/10\/31\/cuarto-fragmento-do-diario-de-senlua-arraiana\/#primaryimage"},"thumbnailUrl":"https:\/\/www.anovapeneira.gal\/wp-content\/uploads\/2019\/10\/Tambores_de_guerra_a_nova_peneira.jpg","datePublished":"2019-10-31T11:00:00+00:00","breadcrumb":{"@id":"https:\/\/www.anovapeneira.gal\/index.php\/2019\/10\/31\/cuarto-fragmento-do-diario-de-senlua-arraiana\/#breadcrumb"},"inLanguage":"gl-ES","potentialAction":[{"@type":"ReadAction","target":["https:\/\/www.anovapeneira.gal\/index.php\/2019\/10\/31\/cuarto-fragmento-do-diario-de-senlua-arraiana\/"]}]},{"@type":"ImageObject","inLanguage":"gl-ES","@id":"https:\/\/www.anovapeneira.gal\/index.php\/2019\/10\/31\/cuarto-fragmento-do-diario-de-senlua-arraiana\/#primaryimage","url":"https:\/\/www.anovapeneira.gal\/wp-content\/uploads\/2019\/10\/Tambores_de_guerra_a_nova_peneira.jpg","contentUrl":"https:\/\/www.anovapeneira.gal\/wp-content\/uploads\/2019\/10\/Tambores_de_guerra_a_nova_peneira.jpg","width":720,"height":473,"caption":"Visita barco Greenpeace xu\u00f1o 2019"},{"@type":"BreadcrumbList","@id":"https:\/\/www.anovapeneira.gal\/index.php\/2019\/10\/31\/cuarto-fragmento-do-diario-de-senlua-arraiana\/#breadcrumb","itemListElement":[{"@type":"ListItem","position":1,"name":"Portada","item":"https:\/\/www.anovapeneira.gal\/"},{"@type":"ListItem","position":2,"name":"Cuarto fragmento do diario de Senl\u00faa Arraiana"}]},{"@type":"WebSite","@id":"https:\/\/www.anovapeneira.gal\/#website","url":"https:\/\/www.anovapeneira.gal\/","name":"","description":"Xornal galego de informaci\u00f3n xeral Publicaci\u00f3n mensual de novas de Galicia e en especial dos Concellos da sur da provincia de Pontevedra.","publisher":{"@id":"https:\/\/www.anovapeneira.gal\/#organization"},"potentialAction":[{"@type":"SearchAction","target":{"@type":"EntryPoint","urlTemplate":"https:\/\/www.anovapeneira.gal\/?s={search_term_string}"},"query-input":{"@type":"PropertyValueSpecification","valueRequired":true,"valueName":"search_term_string"}}],"inLanguage":"gl-ES"},{"@type":"Organization","@id":"https:\/\/www.anovapeneira.gal\/#organization","name":"A Nova Peneira","url":"https:\/\/www.anovapeneira.gal\/","logo":{"@type":"ImageObject","inLanguage":"gl-ES","@id":"https:\/\/www.anovapeneira.gal\/#\/schema\/logo\/image\/","url":"http:\/\/www.anovapeneira.gal\/wp-content\/uploads\/2019\/06\/logo_a_nova_peneira_portal_web.png","contentUrl":"http:\/\/www.anovapeneira.gal\/wp-content\/uploads\/2019\/06\/logo_a_nova_peneira_portal_web.png","width":300,"height":100,"caption":"A Nova Peneira"},"image":{"@id":"https:\/\/www.anovapeneira.gal\/#\/schema\/logo\/image\/"},"sameAs":["https:\/\/www.facebook.com\/anovapeneira","https:\/\/x.com\/APeneira"]},{"@type":"Person","@id":"https:\/\/www.anovapeneira.gal\/#\/schema\/person\/45b3df2338e4d898b7616809f9c5906c","name":"Cristobal L\u00f3pez","image":{"@type":"ImageObject","inLanguage":"gl-ES","@id":"https:\/\/secure.gravatar.com\/avatar\/b537cf06ef8166c9ef72b09f4d5f6446b1e22ea99505d94e40b8685710482f79?s=96&d=mm&r=g","url":"https:\/\/secure.gravatar.com\/avatar\/b537cf06ef8166c9ef72b09f4d5f6446b1e22ea99505d94e40b8685710482f79?s=96&d=mm&r=g","contentUrl":"https:\/\/secure.gravatar.com\/avatar\/b537cf06ef8166c9ef72b09f4d5f6446b1e22ea99505d94e40b8685710482f79?s=96&d=mm&r=g","caption":"Cristobal L\u00f3pez"},"sameAs":["http:\/\/anovapeneira.gal"],"url":"https:\/\/www.anovapeneira.gal\/index.php\/author\/opinioncristoballopez\/"}]}},"jetpack_featured_media_url":"https:\/\/www.anovapeneira.gal\/wp-content\/uploads\/2019\/10\/Tambores_de_guerra_a_nova_peneira.jpg","_links":{"self":[{"href":"https:\/\/www.anovapeneira.gal\/index.php\/wp-json\/wp\/v2\/posts\/1652","targetHints":{"allow":["GET"]}}],"collection":[{"href":"https:\/\/www.anovapeneira.gal\/index.php\/wp-json\/wp\/v2\/posts"}],"about":[{"href":"https:\/\/www.anovapeneira.gal\/index.php\/wp-json\/wp\/v2\/types\/post"}],"author":[{"embeddable":true,"href":"https:\/\/www.anovapeneira.gal\/index.php\/wp-json\/wp\/v2\/users\/13"}],"replies":[{"embeddable":true,"href":"https:\/\/www.anovapeneira.gal\/index.php\/wp-json\/wp\/v2\/comments?post=1652"}],"version-history":[{"count":2,"href":"https:\/\/www.anovapeneira.gal\/index.php\/wp-json\/wp\/v2\/posts\/1652\/revisions"}],"predecessor-version":[{"id":1655,"href":"https:\/\/www.anovapeneira.gal\/index.php\/wp-json\/wp\/v2\/posts\/1652\/revisions\/1655"}],"wp:featuredmedia":[{"embeddable":true,"href":"https:\/\/www.anovapeneira.gal\/index.php\/wp-json\/wp\/v2\/media\/1653"}],"wp:attachment":[{"href":"https:\/\/www.anovapeneira.gal\/index.php\/wp-json\/wp\/v2\/media?parent=1652"}],"wp:term":[{"taxonomy":"category","embeddable":true,"href":"https:\/\/www.anovapeneira.gal\/index.php\/wp-json\/wp\/v2\/categories?post=1652"},{"taxonomy":"post_tag","embeddable":true,"href":"https:\/\/www.anovapeneira.gal\/index.php\/wp-json\/wp\/v2\/tags?post=1652"}],"curies":[{"name":"wp","href":"https:\/\/api.w.org\/{rel}","templated":true}]}}