{"id":1656,"date":"2019-11-01T10:00:24","date_gmt":"2019-11-01T09:00:24","guid":{"rendered":"http:\/\/www.anovapeneira.gal\/?p=1656"},"modified":"2019-10-30T19:50:22","modified_gmt":"2019-10-30T18:50:22","slug":"a-pesada-lousa-da-burocracia","status":"publish","type":"post","link":"https:\/\/www.anovapeneira.gal\/index.php\/2019\/11\/01\/a-pesada-lousa-da-burocracia\/","title":{"rendered":"A pesada lousa da burocracia"},"content":{"rendered":"\n<p><strong>Christian \u00e9 un neno de 12 anos de Salceda que, contra a s\u00faa vontade, veuse envolto nunha situaci\u00f3n delirante. El practica o f\u00fatbol, est\u00e1 federado no equipo DENIS SUAREZ, de Salceda de Caselas, non \u00e9 feliz, non est\u00e1 c\u00f3modo e quere marcharse, quere xogar no Caselas de Tui. A s\u00faa nai, Luc\u00eda, comunicouno en infinidade de ocasi\u00f3ns por todo tipo de v\u00edas, pero o equipo de Salceda non lle deixa, non lle concede a baixa, segundo nos conta a nai argumentan que o regulamento obriga a comunicalo entre o 1 e o 31 de xullo, e ela d\u00edxoo por primeira vez a finais de agosto. Luc\u00eda est\u00e1 farta de petar en todas as portas, equipo, concello, federaci\u00f3n e de que ningu\u00e9n lle dea unha soluci\u00f3n para algo tan sinxelo e humano como permitir que un neno de 12 anos xogue no equipo que quere xogar. A Nova Peneira falou con ela<\/strong><\/p>\n\n\n\n<p><strong>Como\nse chama o teu fillo?<\/strong><\/p>\n\n\n\n<blockquote class=\"wp-block-quote is-layout-flow wp-block-quote-is-layout-flow\"><p>Christian Mart\u00ednez Cabral<\/p><\/blockquote>\n\n\n\n<p><strong>Cantos\nanos ten?<\/strong><\/p>\n\n\n\n<blockquote class=\"wp-block-quote is-layout-flow wp-block-quote-is-layout-flow\"><p>12 anos<\/p><\/blockquote>\n\n\n\n<p><strong>C\u00f3ntanos\ncal \u00e9 o problema?<\/strong><\/p>\n\n\n\n<blockquote class=\"wp-block-quote is-layout-flow wp-block-quote-is-layout-flow\"><p>O ano pasado fixo a temporada con Denis Su\u00e1rez<\/p><\/blockquote>\n\n\n\n<p><strong>Ese\n\u00e9 un equipo de f\u00fatbol de Salceda, que ten que ver o xogador do\ncelta con el?<\/strong><\/p>\n\n\n\n<blockquote class=\"wp-block-quote is-layout-flow wp-block-quote-is-layout-flow\"><p>O seu pai \u00e9 o presidente e supostamente o equipo \u00e9 del<\/p><\/blockquote>\n\n\n\n<p><strong>Do\npropio xogador?<\/strong><\/p>\n\n\n\n<blockquote class=\"wp-block-quote is-layout-flow wp-block-quote-is-layout-flow\"><p>Si<\/p><\/blockquote>\n\n\n\n<p><strong>Este\nano Christian comezou a facer a pre temporada no mesmo equipo,\nverdade?<\/strong><\/p>\n\n\n\n<blockquote class=\"wp-block-quote is-layout-flow wp-block-quote-is-layout-flow\"><p>Si, e \u00e1s d\u00faas semanas de tela comezado sempre vi\u00f1a moi mal dos adestramentos, inc\u00f3modo e chorando. Eu solicitei a baixa do neno, primeiro por whats app, e eles cont\u00e9stame que iso non \u00e9 de falar por tel\u00e9fono, ent\u00f3n presenteime al\u00ed<\/p><\/blockquote>\n\n\n\n<p><strong>Al\u00ed\n,onde?<\/strong><\/p>\n\n\n\n<blockquote class=\"wp-block-quote is-layout-flow wp-block-quote-is-layout-flow\"><p>Nas s\u00faas oficinas que est\u00e1n no propio concello de Salceda<\/p><\/blockquote>\n\n\n\n<p><strong>Con\nquen falas e que che di?<\/strong><\/p>\n\n\n\n<blockquote class=\"wp-block-quote is-layout-flow wp-block-quote-is-layout-flow\"><p>Falo con Jorge o seu administrativo, e el dime que te\u00f1o que falar con Loli, directiva, e con Gelo, coordinador<\/p><\/blockquote>\n\n\n\n<p><strong>Reun\u00edcheste\ncon eles?<\/strong><\/p>\n\n\n\n<blockquote class=\"wp-block-quote is-layout-flow wp-block-quote-is-layout-flow\"><p>Si, fun co neno e cun representante do Caldelas<\/p><\/blockquote>\n\n\n\n<p><strong>Por\nque do Caldelas?<\/strong><\/p>\n\n\n\n<blockquote class=\"wp-block-quote is-layout-flow wp-block-quote-is-layout-flow\"><p>\u00c9 o equipo no que quere xogar o meu fillo<\/p><\/blockquote>\n\n\n\n<p><strong>D\u00e9ronche\nunha soluci\u00f3n?<\/strong><\/p>\n\n\n\n<blockquote class=\"wp-block-quote is-layout-flow wp-block-quote-is-layout-flow\"><p>Non. Eu pedina, incluso ofrec\u00edn pagarlles os 130\u20ac que \u00e9 a cota anual deles, e as s\u00faas palabras textuais foron que nin por 1.000\u20ac me daban a baixa do neno, que lle ti\u00f1a que ter avisado a finais da temporada anterior<\/p><\/blockquote>\n\n\n\n<p><strong>D\u00e9ixasme\nabraiado, non me colle na cabeza, e en que data foi esa reuni\u00f3n?<\/strong><\/p>\n\n\n\n<blockquote class=\"wp-block-quote is-layout-flow wp-block-quote-is-layout-flow\"><p>O 28 de agosto deste ano<\/p><\/blockquote>\n\n\n\n<p><strong>Pero,\ninsisto no meu asombro, un neno  non \u00e9 libre de decidir que non\nquere seguir nun equipo, quedo absolutamente estupefacto<\/strong><\/p>\n\n\n\n<blockquote class=\"wp-block-quote is-layout-flow wp-block-quote-is-layout-flow\"><p>Eles din que te\u00f1en un regulamento de r\u00e9xime interno que hai que cumprir, e incluso cando falei eu coa federaci\u00f3n dix\u00e9ronme que ti\u00f1a que telo avisado ao longo do mes de xullo<\/p><\/blockquote>\n\n\n\n<p><strong>E\nque fixeches ti despois<\/strong><\/p>\n\n\n\n<blockquote class=\"wp-block-quote is-layout-flow wp-block-quote-is-layout-flow\"><p>Falar co concelleiro de deportes de Salceda. Non serviu para nada. Logo co pai de Denis, o presidente do equipo que me volve a dicir que non. Logo o director da escola Denis Su\u00e1rez pediume un informe psicol\u00f3xico do neno para darme a s\u00faa baixa<\/p><\/blockquote>\n\n\n\n<p><strong>Como?,\nnon dou cr\u00e9dito\u00a1\u00a1<\/strong><\/p>\n\n\n\n<blockquote class=\"wp-block-quote is-layout-flow wp-block-quote-is-layout-flow\"><p>As\u00ed mesmo, e leveino a un psic\u00f3logo que fixo o informe polo que paguei 90\u20ac, a maiores tam\u00e9n presento un informe da s\u00faa pediatra que manifesta que o neno sofre un problema psicoemocional a ra\u00edz da situaci\u00f3n. M\u00e1ndoo e v\u00f3lvenme a dicir que non<\/p><\/blockquote>\n\n\n\n<p><strong>E ti\nseguiches intent\u00e1ndoo?<\/strong><\/p>\n\n\n\n<blockquote class=\"wp-block-quote is-layout-flow wp-block-quote-is-layout-flow\"><p>Si claro, o 18 de setembro p\u00faxenme en contacto coa Federaci\u00f3n espa\u00f1ola de f\u00fatbol. Contest\u00e1ronme que \u00edan p\u00f3rse co tema, seica abren un parte e danme 48 horas para que eu acredite que son a nai do neno, f\u00e1goo e dinme que llo van pasar \u00e1s escolas de f\u00fatbol Denis Su\u00e1rez e dinme que lle van dar 7 d\u00edas para que aleguen<\/p><\/blockquote>\n\n\n\n<p><strong>E\ndespois deses 7 d\u00edas?<\/strong><\/p>\n\n\n\n<blockquote class=\"wp-block-quote is-layout-flow wp-block-quote-is-layout-flow\"><p>Seguimos no limbo, pasaron e 7 m\u00e1is nos que eu chamo todos os d\u00edas por tel\u00e9fono, a diferentes horas ao secretario de Louz\u00e1n, sempre est\u00e1 reunido<\/p><\/blockquote>\n\n\n\n<p><strong>Segues\nsen resposta a d\u00eda de hoxe, 25 de outubro?<\/strong><\/p>\n\n\n\n<blockquote class=\"wp-block-quote is-layout-flow wp-block-quote-is-layout-flow\"><p>Si, por desgraza si e eu estou disposta a chegar a onde faga falta, a un neno non se lle pode tratar as\u00ed.<\/p><\/blockquote>\n","protected":false},"excerpt":{"rendered":"<div class=\"mh-excerpt\"><p>Christian \u00e9 un neno de 12 anos de Salceda que, contra a s\u00faa vontade, veuse envolto nunha situaci\u00f3n delirante <a class=\"mh-excerpt-more\" href=\"https:\/\/www.anovapeneira.gal\/index.php\/2019\/11\/01\/a-pesada-lousa-da-burocracia\/\" title=\"A pesada lousa da burocracia\">[&#8230;]<\/a><\/p>\n<\/div>","protected":false},"author":3,"featured_media":1657,"comment_status":"open","ping_status":"open","sticky":false,"template":"","format":"standard","meta":{"_exactmetrics_skip_tracking":false,"_exactmetrics_sitenote_active":false,"_exactmetrics_sitenote_note":"","_exactmetrics_sitenote_category":0,"footnotes":""},"categories":[490],"tags":[725,359,724,368],"class_list":{"0":"post-1656","1":"post","2":"type-post","3":"status-publish","4":"format-standard","5":"has-post-thumbnail","7":"category-a-lourina-reportaxes","8":"tag-christian-martinez-cabral","9":"tag-concello-de-salceda-de-caselas","10":"tag-denis-suarez","11":"tag-futbol"},"yoast_head":"<!-- This site is optimized with the Yoast SEO plugin v27.4 - https:\/\/yoast.com\/product\/yoast-seo-wordpress\/ -->\n<title>A pesada lousa da burocracia -<\/title>\n<meta name=\"robots\" content=\"index, follow, max-snippet:-1, max-image-preview:large, max-video-preview:-1\" \/>\n<link rel=\"canonical\" href=\"https:\/\/www.anovapeneira.gal\/index.php\/2019\/11\/01\/a-pesada-lousa-da-burocracia\/\" \/>\n<meta property=\"og:locale\" content=\"gl_ES\" \/>\n<meta property=\"og:type\" content=\"article\" \/>\n<meta property=\"og:title\" content=\"A pesada lousa da burocracia -\" \/>\n<meta property=\"og:description\" content=\"Christian \u00e9 un neno de 12 anos de Salceda que, contra a s\u00faa vontade, veuse envolto nunha situaci\u00f3n delirante [...]\" \/>\n<meta property=\"og:url\" content=\"https:\/\/www.anovapeneira.gal\/index.php\/2019\/11\/01\/a-pesada-lousa-da-burocracia\/\" \/>\n<meta property=\"article:publisher\" content=\"https:\/\/www.facebook.com\/anovapeneira\" \/>\n<meta property=\"article:published_time\" content=\"2019-11-01T09:00:24+00:00\" \/>\n<meta property=\"og:image\" content=\"https:\/\/www.anovapeneira.gal\/wp-content\/uploads\/2019\/10\/CHRISTAN_a_nova_peneira.jpg\" \/>\n\t<meta property=\"og:image:width\" content=\"720\" \/>\n\t<meta property=\"og:image:height\" content=\"473\" \/>\n\t<meta property=\"og:image:type\" content=\"image\/jpeg\" \/>\n<meta name=\"author\" content=\"Redacci\u00f3n A Nova Peneira\" \/>\n<meta name=\"twitter:card\" content=\"summary_large_image\" \/>\n<meta name=\"twitter:creator\" content=\"@APeneira\" \/>\n<meta name=\"twitter:site\" content=\"@APeneira\" \/>\n<meta name=\"twitter:label1\" content=\"Escrito por\" \/>\n\t<meta name=\"twitter:data1\" content=\"Redacci\u00f3n A Nova Peneira\" \/>\n\t<meta name=\"twitter:label2\" content=\"Tempo de lectura\" \/>\n\t<meta name=\"twitter:data2\" content=\"4 minutos\" \/>\n<script type=\"application\/ld+json\" class=\"yoast-schema-graph\">{\"@context\":\"https:\\\/\\\/schema.org\",\"@graph\":[{\"@type\":\"Article\",\"@id\":\"https:\\\/\\\/www.anovapeneira.gal\\\/index.php\\\/2019\\\/11\\\/01\\\/a-pesada-lousa-da-burocracia\\\/#article\",\"isPartOf\":{\"@id\":\"https:\\\/\\\/www.anovapeneira.gal\\\/index.php\\\/2019\\\/11\\\/01\\\/a-pesada-lousa-da-burocracia\\\/\"},\"author\":{\"name\":\"Redacci\u00f3n A Nova Peneira\",\"@id\":\"https:\\\/\\\/www.anovapeneira.gal\\\/#\\\/schema\\\/person\\\/b93e3f8932e3f8da96334607eb6ac6aa\"},\"headline\":\"A pesada lousa da burocracia\",\"datePublished\":\"2019-11-01T09:00:24+00:00\",\"mainEntityOfPage\":{\"@id\":\"https:\\\/\\\/www.anovapeneira.gal\\\/index.php\\\/2019\\\/11\\\/01\\\/a-pesada-lousa-da-burocracia\\\/\"},\"wordCount\":724,\"commentCount\":0,\"publisher\":{\"@id\":\"https:\\\/\\\/www.anovapeneira.gal\\\/#organization\"},\"image\":{\"@id\":\"https:\\\/\\\/www.anovapeneira.gal\\\/index.php\\\/2019\\\/11\\\/01\\\/a-pesada-lousa-da-burocracia\\\/#primaryimage\"},\"thumbnailUrl\":\"https:\\\/\\\/www.anovapeneira.gal\\\/wp-content\\\/uploads\\\/2019\\\/10\\\/CHRISTAN_a_nova_peneira.jpg\",\"keywords\":[\"Christian Mart\u00ednez Cabral\",\"Concello de Salceda de Caselas\",\"Denis Su\u00e1rez\",\"F\u00fatbol\"],\"articleSection\":[\"A Louri\u00f1a\"],\"inLanguage\":\"gl-ES\",\"potentialAction\":[{\"@type\":\"CommentAction\",\"name\":\"Comment\",\"target\":[\"https:\\\/\\\/www.anovapeneira.gal\\\/index.php\\\/2019\\\/11\\\/01\\\/a-pesada-lousa-da-burocracia\\\/#respond\"]}]},{\"@type\":\"WebPage\",\"@id\":\"https:\\\/\\\/www.anovapeneira.gal\\\/index.php\\\/2019\\\/11\\\/01\\\/a-pesada-lousa-da-burocracia\\\/\",\"url\":\"https:\\\/\\\/www.anovapeneira.gal\\\/index.php\\\/2019\\\/11\\\/01\\\/a-pesada-lousa-da-burocracia\\\/\",\"name\":\"A pesada lousa da burocracia -\",\"isPartOf\":{\"@id\":\"https:\\\/\\\/www.anovapeneira.gal\\\/#website\"},\"primaryImageOfPage\":{\"@id\":\"https:\\\/\\\/www.anovapeneira.gal\\\/index.php\\\/2019\\\/11\\\/01\\\/a-pesada-lousa-da-burocracia\\\/#primaryimage\"},\"image\":{\"@id\":\"https:\\\/\\\/www.anovapeneira.gal\\\/index.php\\\/2019\\\/11\\\/01\\\/a-pesada-lousa-da-burocracia\\\/#primaryimage\"},\"thumbnailUrl\":\"https:\\\/\\\/www.anovapeneira.gal\\\/wp-content\\\/uploads\\\/2019\\\/10\\\/CHRISTAN_a_nova_peneira.jpg\",\"datePublished\":\"2019-11-01T09:00:24+00:00\",\"breadcrumb\":{\"@id\":\"https:\\\/\\\/www.anovapeneira.gal\\\/index.php\\\/2019\\\/11\\\/01\\\/a-pesada-lousa-da-burocracia\\\/#breadcrumb\"},\"inLanguage\":\"gl-ES\",\"potentialAction\":[{\"@type\":\"ReadAction\",\"target\":[\"https:\\\/\\\/www.anovapeneira.gal\\\/index.php\\\/2019\\\/11\\\/01\\\/a-pesada-lousa-da-burocracia\\\/\"]}]},{\"@type\":\"ImageObject\",\"inLanguage\":\"gl-ES\",\"@id\":\"https:\\\/\\\/www.anovapeneira.gal\\\/index.php\\\/2019\\\/11\\\/01\\\/a-pesada-lousa-da-burocracia\\\/#primaryimage\",\"url\":\"https:\\\/\\\/www.anovapeneira.gal\\\/wp-content\\\/uploads\\\/2019\\\/10\\\/CHRISTAN_a_nova_peneira.jpg\",\"contentUrl\":\"https:\\\/\\\/www.anovapeneira.gal\\\/wp-content\\\/uploads\\\/2019\\\/10\\\/CHRISTAN_a_nova_peneira.jpg\",\"width\":720,\"height\":473,\"caption\":\"Christian Concello Salceda A Nova Peneira\"},{\"@type\":\"BreadcrumbList\",\"@id\":\"https:\\\/\\\/www.anovapeneira.gal\\\/index.php\\\/2019\\\/11\\\/01\\\/a-pesada-lousa-da-burocracia\\\/#breadcrumb\",\"itemListElement\":[{\"@type\":\"ListItem\",\"position\":1,\"name\":\"Portada\",\"item\":\"https:\\\/\\\/www.anovapeneira.gal\\\/\"},{\"@type\":\"ListItem\",\"position\":2,\"name\":\"A pesada lousa da burocracia\"}]},{\"@type\":\"WebSite\",\"@id\":\"https:\\\/\\\/www.anovapeneira.gal\\\/#website\",\"url\":\"https:\\\/\\\/www.anovapeneira.gal\\\/\",\"name\":\"\",\"description\":\"Xornal galego de informaci\u00f3n xeral Publicaci\u00f3n mensual de novas de Galicia e en especial dos Concellos da sur da provincia de Pontevedra.\",\"publisher\":{\"@id\":\"https:\\\/\\\/www.anovapeneira.gal\\\/#organization\"},\"potentialAction\":[{\"@type\":\"SearchAction\",\"target\":{\"@type\":\"EntryPoint\",\"urlTemplate\":\"https:\\\/\\\/www.anovapeneira.gal\\\/?s={search_term_string}\"},\"query-input\":{\"@type\":\"PropertyValueSpecification\",\"valueRequired\":true,\"valueName\":\"search_term_string\"}}],\"inLanguage\":\"gl-ES\"},{\"@type\":\"Organization\",\"@id\":\"https:\\\/\\\/www.anovapeneira.gal\\\/#organization\",\"name\":\"A Nova Peneira\",\"url\":\"https:\\\/\\\/www.anovapeneira.gal\\\/\",\"logo\":{\"@type\":\"ImageObject\",\"inLanguage\":\"gl-ES\",\"@id\":\"https:\\\/\\\/www.anovapeneira.gal\\\/#\\\/schema\\\/logo\\\/image\\\/\",\"url\":\"http:\\\/\\\/www.anovapeneira.gal\\\/wp-content\\\/uploads\\\/2019\\\/06\\\/logo_a_nova_peneira_portal_web.png\",\"contentUrl\":\"http:\\\/\\\/www.anovapeneira.gal\\\/wp-content\\\/uploads\\\/2019\\\/06\\\/logo_a_nova_peneira_portal_web.png\",\"width\":300,\"height\":100,\"caption\":\"A Nova Peneira\"},\"image\":{\"@id\":\"https:\\\/\\\/www.anovapeneira.gal\\\/#\\\/schema\\\/logo\\\/image\\\/\"},\"sameAs\":[\"https:\\\/\\\/www.facebook.com\\\/anovapeneira\",\"https:\\\/\\\/x.com\\\/APeneira\"]},{\"@type\":\"Person\",\"@id\":\"https:\\\/\\\/www.anovapeneira.gal\\\/#\\\/schema\\\/person\\\/b93e3f8932e3f8da96334607eb6ac6aa\",\"name\":\"Redacci\u00f3n A Nova Peneira\",\"image\":{\"@type\":\"ImageObject\",\"inLanguage\":\"gl-ES\",\"@id\":\"https:\\\/\\\/secure.gravatar.com\\\/avatar\\\/c052a2551a06e23fac63626232eaa90abd78dbcf1700fc46a2b2c89fd27b735f?s=96&d=mm&r=g\",\"url\":\"https:\\\/\\\/secure.gravatar.com\\\/avatar\\\/c052a2551a06e23fac63626232eaa90abd78dbcf1700fc46a2b2c89fd27b735f?s=96&d=mm&r=g\",\"contentUrl\":\"https:\\\/\\\/secure.gravatar.com\\\/avatar\\\/c052a2551a06e23fac63626232eaa90abd78dbcf1700fc46a2b2c89fd27b735f?s=96&d=mm&r=g\",\"caption\":\"Redacci\u00f3n A Nova Peneira\"},\"sameAs\":[\"http:\\\/\\\/www.anovapeneira.gal\\\/\"],\"url\":\"https:\\\/\\\/www.anovapeneira.gal\\\/index.php\\\/author\\\/redactor\\\/\"}]}<\/script>\n<!-- \/ Yoast SEO plugin. -->","yoast_head_json":{"title":"A pesada lousa da burocracia -","robots":{"index":"index","follow":"follow","max-snippet":"max-snippet:-1","max-image-preview":"max-image-preview:large","max-video-preview":"max-video-preview:-1"},"canonical":"https:\/\/www.anovapeneira.gal\/index.php\/2019\/11\/01\/a-pesada-lousa-da-burocracia\/","og_locale":"gl_ES","og_type":"article","og_title":"A pesada lousa da burocracia -","og_description":"Christian \u00e9 un neno de 12 anos de Salceda que, contra a s\u00faa vontade, veuse envolto nunha situaci\u00f3n delirante [...]","og_url":"https:\/\/www.anovapeneira.gal\/index.php\/2019\/11\/01\/a-pesada-lousa-da-burocracia\/","article_publisher":"https:\/\/www.facebook.com\/anovapeneira","article_published_time":"2019-11-01T09:00:24+00:00","og_image":[{"width":720,"height":473,"url":"https:\/\/www.anovapeneira.gal\/wp-content\/uploads\/2019\/10\/CHRISTAN_a_nova_peneira.jpg","type":"image\/jpeg"}],"author":"Redacci\u00f3n A Nova Peneira","twitter_card":"summary_large_image","twitter_creator":"@APeneira","twitter_site":"@APeneira","twitter_misc":{"Escrito por":"Redacci\u00f3n A Nova Peneira","Tempo de lectura":"4 minutos"},"schema":{"@context":"https:\/\/schema.org","@graph":[{"@type":"Article","@id":"https:\/\/www.anovapeneira.gal\/index.php\/2019\/11\/01\/a-pesada-lousa-da-burocracia\/#article","isPartOf":{"@id":"https:\/\/www.anovapeneira.gal\/index.php\/2019\/11\/01\/a-pesada-lousa-da-burocracia\/"},"author":{"name":"Redacci\u00f3n A Nova Peneira","@id":"https:\/\/www.anovapeneira.gal\/#\/schema\/person\/b93e3f8932e3f8da96334607eb6ac6aa"},"headline":"A pesada lousa da burocracia","datePublished":"2019-11-01T09:00:24+00:00","mainEntityOfPage":{"@id":"https:\/\/www.anovapeneira.gal\/index.php\/2019\/11\/01\/a-pesada-lousa-da-burocracia\/"},"wordCount":724,"commentCount":0,"publisher":{"@id":"https:\/\/www.anovapeneira.gal\/#organization"},"image":{"@id":"https:\/\/www.anovapeneira.gal\/index.php\/2019\/11\/01\/a-pesada-lousa-da-burocracia\/#primaryimage"},"thumbnailUrl":"https:\/\/www.anovapeneira.gal\/wp-content\/uploads\/2019\/10\/CHRISTAN_a_nova_peneira.jpg","keywords":["Christian Mart\u00ednez Cabral","Concello de Salceda de Caselas","Denis Su\u00e1rez","F\u00fatbol"],"articleSection":["A Louri\u00f1a"],"inLanguage":"gl-ES","potentialAction":[{"@type":"CommentAction","name":"Comment","target":["https:\/\/www.anovapeneira.gal\/index.php\/2019\/11\/01\/a-pesada-lousa-da-burocracia\/#respond"]}]},{"@type":"WebPage","@id":"https:\/\/www.anovapeneira.gal\/index.php\/2019\/11\/01\/a-pesada-lousa-da-burocracia\/","url":"https:\/\/www.anovapeneira.gal\/index.php\/2019\/11\/01\/a-pesada-lousa-da-burocracia\/","name":"A pesada lousa da burocracia -","isPartOf":{"@id":"https:\/\/www.anovapeneira.gal\/#website"},"primaryImageOfPage":{"@id":"https:\/\/www.anovapeneira.gal\/index.php\/2019\/11\/01\/a-pesada-lousa-da-burocracia\/#primaryimage"},"image":{"@id":"https:\/\/www.anovapeneira.gal\/index.php\/2019\/11\/01\/a-pesada-lousa-da-burocracia\/#primaryimage"},"thumbnailUrl":"https:\/\/www.anovapeneira.gal\/wp-content\/uploads\/2019\/10\/CHRISTAN_a_nova_peneira.jpg","datePublished":"2019-11-01T09:00:24+00:00","breadcrumb":{"@id":"https:\/\/www.anovapeneira.gal\/index.php\/2019\/11\/01\/a-pesada-lousa-da-burocracia\/#breadcrumb"},"inLanguage":"gl-ES","potentialAction":[{"@type":"ReadAction","target":["https:\/\/www.anovapeneira.gal\/index.php\/2019\/11\/01\/a-pesada-lousa-da-burocracia\/"]}]},{"@type":"ImageObject","inLanguage":"gl-ES","@id":"https:\/\/www.anovapeneira.gal\/index.php\/2019\/11\/01\/a-pesada-lousa-da-burocracia\/#primaryimage","url":"https:\/\/www.anovapeneira.gal\/wp-content\/uploads\/2019\/10\/CHRISTAN_a_nova_peneira.jpg","contentUrl":"https:\/\/www.anovapeneira.gal\/wp-content\/uploads\/2019\/10\/CHRISTAN_a_nova_peneira.jpg","width":720,"height":473,"caption":"Christian Concello Salceda A Nova Peneira"},{"@type":"BreadcrumbList","@id":"https:\/\/www.anovapeneira.gal\/index.php\/2019\/11\/01\/a-pesada-lousa-da-burocracia\/#breadcrumb","itemListElement":[{"@type":"ListItem","position":1,"name":"Portada","item":"https:\/\/www.anovapeneira.gal\/"},{"@type":"ListItem","position":2,"name":"A pesada lousa da burocracia"}]},{"@type":"WebSite","@id":"https:\/\/www.anovapeneira.gal\/#website","url":"https:\/\/www.anovapeneira.gal\/","name":"","description":"Xornal galego de informaci\u00f3n xeral Publicaci\u00f3n mensual de novas de Galicia e en especial dos Concellos da sur da provincia de Pontevedra.","publisher":{"@id":"https:\/\/www.anovapeneira.gal\/#organization"},"potentialAction":[{"@type":"SearchAction","target":{"@type":"EntryPoint","urlTemplate":"https:\/\/www.anovapeneira.gal\/?s={search_term_string}"},"query-input":{"@type":"PropertyValueSpecification","valueRequired":true,"valueName":"search_term_string"}}],"inLanguage":"gl-ES"},{"@type":"Organization","@id":"https:\/\/www.anovapeneira.gal\/#organization","name":"A Nova Peneira","url":"https:\/\/www.anovapeneira.gal\/","logo":{"@type":"ImageObject","inLanguage":"gl-ES","@id":"https:\/\/www.anovapeneira.gal\/#\/schema\/logo\/image\/","url":"http:\/\/www.anovapeneira.gal\/wp-content\/uploads\/2019\/06\/logo_a_nova_peneira_portal_web.png","contentUrl":"http:\/\/www.anovapeneira.gal\/wp-content\/uploads\/2019\/06\/logo_a_nova_peneira_portal_web.png","width":300,"height":100,"caption":"A Nova Peneira"},"image":{"@id":"https:\/\/www.anovapeneira.gal\/#\/schema\/logo\/image\/"},"sameAs":["https:\/\/www.facebook.com\/anovapeneira","https:\/\/x.com\/APeneira"]},{"@type":"Person","@id":"https:\/\/www.anovapeneira.gal\/#\/schema\/person\/b93e3f8932e3f8da96334607eb6ac6aa","name":"Redacci\u00f3n A Nova Peneira","image":{"@type":"ImageObject","inLanguage":"gl-ES","@id":"https:\/\/secure.gravatar.com\/avatar\/c052a2551a06e23fac63626232eaa90abd78dbcf1700fc46a2b2c89fd27b735f?s=96&d=mm&r=g","url":"https:\/\/secure.gravatar.com\/avatar\/c052a2551a06e23fac63626232eaa90abd78dbcf1700fc46a2b2c89fd27b735f?s=96&d=mm&r=g","contentUrl":"https:\/\/secure.gravatar.com\/avatar\/c052a2551a06e23fac63626232eaa90abd78dbcf1700fc46a2b2c89fd27b735f?s=96&d=mm&r=g","caption":"Redacci\u00f3n A Nova Peneira"},"sameAs":["http:\/\/www.anovapeneira.gal\/"],"url":"https:\/\/www.anovapeneira.gal\/index.php\/author\/redactor\/"}]}},"jetpack_featured_media_url":"https:\/\/www.anovapeneira.gal\/wp-content\/uploads\/2019\/10\/CHRISTAN_a_nova_peneira.jpg","_links":{"self":[{"href":"https:\/\/www.anovapeneira.gal\/index.php\/wp-json\/wp\/v2\/posts\/1656","targetHints":{"allow":["GET"]}}],"collection":[{"href":"https:\/\/www.anovapeneira.gal\/index.php\/wp-json\/wp\/v2\/posts"}],"about":[{"href":"https:\/\/www.anovapeneira.gal\/index.php\/wp-json\/wp\/v2\/types\/post"}],"author":[{"embeddable":true,"href":"https:\/\/www.anovapeneira.gal\/index.php\/wp-json\/wp\/v2\/users\/3"}],"replies":[{"embeddable":true,"href":"https:\/\/www.anovapeneira.gal\/index.php\/wp-json\/wp\/v2\/comments?post=1656"}],"version-history":[{"count":1,"href":"https:\/\/www.anovapeneira.gal\/index.php\/wp-json\/wp\/v2\/posts\/1656\/revisions"}],"predecessor-version":[{"id":1658,"href":"https:\/\/www.anovapeneira.gal\/index.php\/wp-json\/wp\/v2\/posts\/1656\/revisions\/1658"}],"wp:featuredmedia":[{"embeddable":true,"href":"https:\/\/www.anovapeneira.gal\/index.php\/wp-json\/wp\/v2\/media\/1657"}],"wp:attachment":[{"href":"https:\/\/www.anovapeneira.gal\/index.php\/wp-json\/wp\/v2\/media?parent=1656"}],"wp:term":[{"taxonomy":"category","embeddable":true,"href":"https:\/\/www.anovapeneira.gal\/index.php\/wp-json\/wp\/v2\/categories?post=1656"},{"taxonomy":"post_tag","embeddable":true,"href":"https:\/\/www.anovapeneira.gal\/index.php\/wp-json\/wp\/v2\/tags?post=1656"}],"curies":[{"name":"wp","href":"https:\/\/api.w.org\/{rel}","templated":true}]}}