{"id":1668,"date":"2019-11-04T10:00:59","date_gmt":"2019-11-04T09:00:59","guid":{"rendered":"http:\/\/www.anovapeneira.gal\/?p=1668"},"modified":"2019-11-03T17:48:24","modified_gmt":"2019-11-03T16:48:24","slug":"fume","status":"publish","type":"post","link":"https:\/\/www.anovapeneira.gal\/index.php\/2019\/11\/04\/fume\/","title":{"rendered":"Fume"},"content":{"rendered":"\n<figure class=\"wp-block-image is-resized\"><img loading=\"lazy\" decoding=\"async\" src=\"http:\/\/www.anovapeneira.gal\/wp-content\/uploads\/2019\/07\/xoan_alonso_a_nova_peneira_r.jpg\" alt=\"Xo\u00e1n Alonso. Correspondente de A Nova Peneira en Euskadi\" class=\"wp-image-763\" width=\"95\" height=\"111\"\/><figcaption>Xo\u00e1n Alonso. Correspondente de A Nova Peneira en Euskadi<\/figcaption><\/figure>\n\n\n\n<p>Chegados\n\u00e1 encrucilllada onde nos atopamos, a \u00fanica lectura que un pode\nsacar da abafante situaci\u00f3n pol\u00edtica actual \u00e9 a seguinte; as\nlindes da leira nin se tocan, nin se moven.<\/p>\n\n\n\n<p>Houbo\nun tempo escuro aqu\u00ed, no norte, onde os r\u00edos vaixaban tinguidos de\nsangue e os ceos espertaban coroados de flores, b\u00e1goas e silencio. O\nsilencio dos mortos.<\/p>\n\n\n\n<p>Eran\ntempos nos que as armas falaban demais e un ti\u00f1a medo de sair a r\u00faa,\nde falar  sen a cercan\u00eda do anxo da garda.<\/p>\n\n\n\n<p>Eran\ntempos, tam\u00e9n, da barbarie, do inferno na terra, da impunidade e da\ntortura.<\/p>\n\n\n\n<p>Ainda\nas\u00ed, sempre houbo un recuncho, unha illa onde a palabra convert\u00edase\nnunha ponte, nun  pretexto para silenciar o estouro met\u00e1lico do ceo\nderrub\u00e1ndose nas labir\u00ednticas r\u00faas dos camposantos.<\/p>\n\n\n\n<p>Daquela,\ndic\u00edan que a palabra era o \u00fanico xeito de chegar ao fondo do mar,\nde chegar a un acordo,  de conseguir as cousas que un coida\nnecesarias para a s\u00faa terra sen mancar a ningu\u00e9n.<\/p>\n\n\n\n<p>Non\nembargantes,  o tempo pasa, as cidades cambian, como cambian as\nestaci\u00f3ns, e semella que todo o que nos contaron non era certo.<\/p>\n\n\n\n<p>Non\nhai m\u00e1is que ollar de esguello cara \u00f3 este da pen\u00ednsula ib\u00e9rica. \n<\/p>\n\n\n\n<p>Non\nai m\u00e1is que escoitar a esta nova raza de pol\u00edticos oubeando dende\ncadans\u00faa trincheira, coma pir\u00f3manos nun eucaliptal cas mans\nmolladas con gasolina, coma cobardes sen maior interese que o eco dos\nseus eufemismos. Unha estirpe que se viste cada ma\u00f1\u00e1 con traxes de\nmentira alugados nunha tenda de segunda man.<\/p>\n\n\n\n<p>Arden\nas r\u00faas, si, pero, \u00bfquen lles prende lume? \u00bfO que ten o misto, ou,\no quen ten a dinamita?<\/p>\n\n\n\n<p>Arden\nas r\u00faas e ningu\u00e9n quere que deixen de arder porque o fume \u00e9 a\nchoiva necesaria para asulagar as estradas do entendemento. O fume \u00e9\no pulo necesario para deslexitimar \u00e1 cidadan\u00eda que quere elexir o\nseu xeito de vivir, ou, cando menos, que lles dean a oportunidade de\nabrir novos cami\u00f1os.<\/p>\n\n\n\n<p>O\nfume \u00e9 a excusa perfecta para lle abrir as cancelas aos cabalos\nsalvaxes  dos nost\u00e1lxicos patriotas desmemoriados.<\/p>\n\n\n\n<p>O\nfume \u00e9 coma un movemento s\u00edsmico capaz de desenterrar palabras que\nxa deprenderamos a esquecer.<\/p>\n\n\n\n<p>Aqu\u00ed,\nno norte, por moito que lles pese,  imos facendo cami\u00f1o, construindo\npontes sobre a memoria. Abrindo fiestras e portas onde non hab\u00eda\nm\u00e1is que dor e silencio. O silencio dos mortos.<\/p>\n\n\n\n<p>\u00c9\nben certo que non \u00e9 doado cami\u00f1ar, durmir, vivir, respirar e comer\ncun n\u00f3 na gorxa pero  imos indo, van indo na procura de acougo na\npalabra.<\/p>\n\n\n\n<p>Agardo,\ncoma quen agarda a choiva no p\u00e1ramo, que os psic\u00f3patas que\npretender gobernar este pa\u00eds saiban ler entre li\u00f1as e que os\nmalditos cobardes que nos trouxeron ata o limar deste precipicio\nte\u00f1an a valent\u00eda de lle mirar \u00f3s ollos \u00e1 xente antes de lle dar\nas costas, coma adoitan facer nos \u00faltimos tempos.<\/p>\n\n\n\n<p>Arden\nas r\u00faas, si, pero, \u00bfQuen lles prende lume? \u00bfA quen lle cheira o\nalento a gasolina?\u00bf Quen ten o misto? \u00bfQuen emprega  dinamita,\ninconscientemente, para espertar aos veci\u00f1os?<\/p>\n","protected":false},"excerpt":{"rendered":"<div class=\"mh-excerpt\"><p>Chegados \u00e1 encrucilllada onde nos atopamos, a \u00fanica lectura que un pode sacar da abafante situaci\u00f3n pol\u00edtica actual \u00e9 a seguinte; as lindes da leira nin se tocan, nin se moven <a class=\"mh-excerpt-more\" href=\"https:\/\/www.anovapeneira.gal\/index.php\/2019\/11\/04\/fume\/\" title=\"Fume\">[&#8230;]<\/a><\/p>\n<\/div>","protected":false},"author":14,"featured_media":584,"comment_status":"open","ping_status":"open","sticky":false,"template":"","format":"standard","meta":{"_exactmetrics_skip_tracking":false,"_exactmetrics_sitenote_active":false,"_exactmetrics_sitenote_note":"","_exactmetrics_sitenote_category":0,"footnotes":""},"categories":[7],"tags":[12,727],"class_list":{"0":"post-1668","1":"post","2":"type-post","3":"status-publish","4":"format-standard","5":"has-post-thumbnail","7":"category-artigos-de-opinion","8":"tag-politica","9":"tag-xoan-alonso"},"yoast_head":"<!-- This site is optimized with the Yoast SEO plugin v27.4 - https:\/\/yoast.com\/product\/yoast-seo-wordpress\/ -->\n<title>Fume -<\/title>\n<meta name=\"robots\" content=\"index, follow, max-snippet:-1, max-image-preview:large, max-video-preview:-1\" \/>\n<link rel=\"canonical\" href=\"https:\/\/www.anovapeneira.gal\/index.php\/2019\/11\/04\/fume\/\" \/>\n<meta property=\"og:locale\" content=\"gl_ES\" \/>\n<meta property=\"og:type\" content=\"article\" \/>\n<meta property=\"og:title\" content=\"Fume -\" \/>\n<meta property=\"og:description\" content=\"Chegados \u00e1 encrucilllada onde nos atopamos, a \u00fanica lectura que un pode sacar da abafante situaci\u00f3n pol\u00edtica actual \u00e9 a seguinte; as lindes da leira nin se tocan, nin se moven [...]\" \/>\n<meta property=\"og:url\" content=\"https:\/\/www.anovapeneira.gal\/index.php\/2019\/11\/04\/fume\/\" \/>\n<meta property=\"article:publisher\" content=\"https:\/\/www.facebook.com\/anovapeneira\" \/>\n<meta property=\"article:published_time\" content=\"2019-11-04T09:00:59+00:00\" \/>\n<meta property=\"og:image\" content=\"https:\/\/www.anovapeneira.gal\/wp-content\/uploads\/2019\/07\/ARTIGO_DE_OPINION_A_NOVA_PENEIRA.jpg\" \/>\n\t<meta property=\"og:image:width\" content=\"720\" \/>\n\t<meta property=\"og:image:height\" content=\"473\" \/>\n\t<meta property=\"og:image:type\" content=\"image\/jpeg\" \/>\n<meta name=\"author\" content=\"Xo\u00e1n Alonso\" \/>\n<meta name=\"twitter:card\" content=\"summary_large_image\" \/>\n<meta name=\"twitter:creator\" content=\"@APeneira\" \/>\n<meta name=\"twitter:site\" content=\"@APeneira\" \/>\n<meta name=\"twitter:label1\" content=\"Escrito por\" \/>\n\t<meta name=\"twitter:data1\" content=\"Xo\u00e1n Alonso\" \/>\n\t<meta name=\"twitter:label2\" content=\"Tempo de lectura\" \/>\n\t<meta name=\"twitter:data2\" content=\"3 minutos\" \/>\n<script type=\"application\/ld+json\" class=\"yoast-schema-graph\">{\"@context\":\"https:\\\/\\\/schema.org\",\"@graph\":[{\"@type\":\"Article\",\"@id\":\"https:\\\/\\\/www.anovapeneira.gal\\\/index.php\\\/2019\\\/11\\\/04\\\/fume\\\/#article\",\"isPartOf\":{\"@id\":\"https:\\\/\\\/www.anovapeneira.gal\\\/index.php\\\/2019\\\/11\\\/04\\\/fume\\\/\"},\"author\":{\"name\":\"Xo\u00e1n Alonso\",\"@id\":\"https:\\\/\\\/www.anovapeneira.gal\\\/#\\\/schema\\\/person\\\/3c0f6176a11937f0382c23cfcecc8810\"},\"headline\":\"Fume\",\"datePublished\":\"2019-11-04T09:00:59+00:00\",\"mainEntityOfPage\":{\"@id\":\"https:\\\/\\\/www.anovapeneira.gal\\\/index.php\\\/2019\\\/11\\\/04\\\/fume\\\/\"},\"wordCount\":545,\"commentCount\":0,\"publisher\":{\"@id\":\"https:\\\/\\\/www.anovapeneira.gal\\\/#organization\"},\"image\":{\"@id\":\"https:\\\/\\\/www.anovapeneira.gal\\\/index.php\\\/2019\\\/11\\\/04\\\/fume\\\/#primaryimage\"},\"thumbnailUrl\":\"https:\\\/\\\/www.anovapeneira.gal\\\/wp-content\\\/uploads\\\/2019\\\/07\\\/ARTIGO_DE_OPINION_A_NOVA_PENEIRA.jpg\",\"keywords\":[\"Pol\u00edtica\",\"Xo\u00e1n Alonso\"],\"articleSection\":[\"Artigos de opini\u00f3n\"],\"inLanguage\":\"gl-ES\",\"potentialAction\":[{\"@type\":\"CommentAction\",\"name\":\"Comment\",\"target\":[\"https:\\\/\\\/www.anovapeneira.gal\\\/index.php\\\/2019\\\/11\\\/04\\\/fume\\\/#respond\"]}]},{\"@type\":\"WebPage\",\"@id\":\"https:\\\/\\\/www.anovapeneira.gal\\\/index.php\\\/2019\\\/11\\\/04\\\/fume\\\/\",\"url\":\"https:\\\/\\\/www.anovapeneira.gal\\\/index.php\\\/2019\\\/11\\\/04\\\/fume\\\/\",\"name\":\"Fume -\",\"isPartOf\":{\"@id\":\"https:\\\/\\\/www.anovapeneira.gal\\\/#website\"},\"primaryImageOfPage\":{\"@id\":\"https:\\\/\\\/www.anovapeneira.gal\\\/index.php\\\/2019\\\/11\\\/04\\\/fume\\\/#primaryimage\"},\"image\":{\"@id\":\"https:\\\/\\\/www.anovapeneira.gal\\\/index.php\\\/2019\\\/11\\\/04\\\/fume\\\/#primaryimage\"},\"thumbnailUrl\":\"https:\\\/\\\/www.anovapeneira.gal\\\/wp-content\\\/uploads\\\/2019\\\/07\\\/ARTIGO_DE_OPINION_A_NOVA_PENEIRA.jpg\",\"datePublished\":\"2019-11-04T09:00:59+00:00\",\"breadcrumb\":{\"@id\":\"https:\\\/\\\/www.anovapeneira.gal\\\/index.php\\\/2019\\\/11\\\/04\\\/fume\\\/#breadcrumb\"},\"inLanguage\":\"gl-ES\",\"potentialAction\":[{\"@type\":\"ReadAction\",\"target\":[\"https:\\\/\\\/www.anovapeneira.gal\\\/index.php\\\/2019\\\/11\\\/04\\\/fume\\\/\"]}]},{\"@type\":\"ImageObject\",\"inLanguage\":\"gl-ES\",\"@id\":\"https:\\\/\\\/www.anovapeneira.gal\\\/index.php\\\/2019\\\/11\\\/04\\\/fume\\\/#primaryimage\",\"url\":\"https:\\\/\\\/www.anovapeneira.gal\\\/wp-content\\\/uploads\\\/2019\\\/07\\\/ARTIGO_DE_OPINION_A_NOVA_PENEIRA.jpg\",\"contentUrl\":\"https:\\\/\\\/www.anovapeneira.gal\\\/wp-content\\\/uploads\\\/2019\\\/07\\\/ARTIGO_DE_OPINION_A_NOVA_PENEIRA.jpg\",\"width\":720,\"height\":473,\"caption\":\"Artigo de opini\u00f3n A Nova Peneira\"},{\"@type\":\"BreadcrumbList\",\"@id\":\"https:\\\/\\\/www.anovapeneira.gal\\\/index.php\\\/2019\\\/11\\\/04\\\/fume\\\/#breadcrumb\",\"itemListElement\":[{\"@type\":\"ListItem\",\"position\":1,\"name\":\"Portada\",\"item\":\"https:\\\/\\\/www.anovapeneira.gal\\\/\"},{\"@type\":\"ListItem\",\"position\":2,\"name\":\"Fume\"}]},{\"@type\":\"WebSite\",\"@id\":\"https:\\\/\\\/www.anovapeneira.gal\\\/#website\",\"url\":\"https:\\\/\\\/www.anovapeneira.gal\\\/\",\"name\":\"\",\"description\":\"Xornal galego de informaci\u00f3n xeral Publicaci\u00f3n mensual de novas de Galicia e en especial dos Concellos da sur da provincia de Pontevedra.\",\"publisher\":{\"@id\":\"https:\\\/\\\/www.anovapeneira.gal\\\/#organization\"},\"potentialAction\":[{\"@type\":\"SearchAction\",\"target\":{\"@type\":\"EntryPoint\",\"urlTemplate\":\"https:\\\/\\\/www.anovapeneira.gal\\\/?s={search_term_string}\"},\"query-input\":{\"@type\":\"PropertyValueSpecification\",\"valueRequired\":true,\"valueName\":\"search_term_string\"}}],\"inLanguage\":\"gl-ES\"},{\"@type\":\"Organization\",\"@id\":\"https:\\\/\\\/www.anovapeneira.gal\\\/#organization\",\"name\":\"A Nova Peneira\",\"url\":\"https:\\\/\\\/www.anovapeneira.gal\\\/\",\"logo\":{\"@type\":\"ImageObject\",\"inLanguage\":\"gl-ES\",\"@id\":\"https:\\\/\\\/www.anovapeneira.gal\\\/#\\\/schema\\\/logo\\\/image\\\/\",\"url\":\"http:\\\/\\\/www.anovapeneira.gal\\\/wp-content\\\/uploads\\\/2019\\\/06\\\/logo_a_nova_peneira_portal_web.png\",\"contentUrl\":\"http:\\\/\\\/www.anovapeneira.gal\\\/wp-content\\\/uploads\\\/2019\\\/06\\\/logo_a_nova_peneira_portal_web.png\",\"width\":300,\"height\":100,\"caption\":\"A Nova Peneira\"},\"image\":{\"@id\":\"https:\\\/\\\/www.anovapeneira.gal\\\/#\\\/schema\\\/logo\\\/image\\\/\"},\"sameAs\":[\"https:\\\/\\\/www.facebook.com\\\/anovapeneira\",\"https:\\\/\\\/x.com\\\/APeneira\"]},{\"@type\":\"Person\",\"@id\":\"https:\\\/\\\/www.anovapeneira.gal\\\/#\\\/schema\\\/person\\\/3c0f6176a11937f0382c23cfcecc8810\",\"name\":\"Xo\u00e1n Alonso\",\"image\":{\"@type\":\"ImageObject\",\"inLanguage\":\"gl-ES\",\"@id\":\"https:\\\/\\\/secure.gravatar.com\\\/avatar\\\/2363e2851e208cf25381166cf12eec1cad20b87f47b38097822f83644f99412d?s=96&d=mm&r=g\",\"url\":\"https:\\\/\\\/secure.gravatar.com\\\/avatar\\\/2363e2851e208cf25381166cf12eec1cad20b87f47b38097822f83644f99412d?s=96&d=mm&r=g\",\"contentUrl\":\"https:\\\/\\\/secure.gravatar.com\\\/avatar\\\/2363e2851e208cf25381166cf12eec1cad20b87f47b38097822f83644f99412d?s=96&d=mm&r=g\",\"caption\":\"Xo\u00e1n Alonso\"},\"sameAs\":[\"http:\\\/\\\/anovapeneira.gal\"],\"url\":\"https:\\\/\\\/www.anovapeneira.gal\\\/index.php\\\/author\\\/opinionxoan-alonso\\\/\"}]}<\/script>\n<!-- \/ Yoast SEO plugin. -->","yoast_head_json":{"title":"Fume -","robots":{"index":"index","follow":"follow","max-snippet":"max-snippet:-1","max-image-preview":"max-image-preview:large","max-video-preview":"max-video-preview:-1"},"canonical":"https:\/\/www.anovapeneira.gal\/index.php\/2019\/11\/04\/fume\/","og_locale":"gl_ES","og_type":"article","og_title":"Fume -","og_description":"Chegados \u00e1 encrucilllada onde nos atopamos, a \u00fanica lectura que un pode sacar da abafante situaci\u00f3n pol\u00edtica actual \u00e9 a seguinte; as lindes da leira nin se tocan, nin se moven [...]","og_url":"https:\/\/www.anovapeneira.gal\/index.php\/2019\/11\/04\/fume\/","article_publisher":"https:\/\/www.facebook.com\/anovapeneira","article_published_time":"2019-11-04T09:00:59+00:00","og_image":[{"width":720,"height":473,"url":"https:\/\/www.anovapeneira.gal\/wp-content\/uploads\/2019\/07\/ARTIGO_DE_OPINION_A_NOVA_PENEIRA.jpg","type":"image\/jpeg"}],"author":"Xo\u00e1n Alonso","twitter_card":"summary_large_image","twitter_creator":"@APeneira","twitter_site":"@APeneira","twitter_misc":{"Escrito por":"Xo\u00e1n Alonso","Tempo de lectura":"3 minutos"},"schema":{"@context":"https:\/\/schema.org","@graph":[{"@type":"Article","@id":"https:\/\/www.anovapeneira.gal\/index.php\/2019\/11\/04\/fume\/#article","isPartOf":{"@id":"https:\/\/www.anovapeneira.gal\/index.php\/2019\/11\/04\/fume\/"},"author":{"name":"Xo\u00e1n Alonso","@id":"https:\/\/www.anovapeneira.gal\/#\/schema\/person\/3c0f6176a11937f0382c23cfcecc8810"},"headline":"Fume","datePublished":"2019-11-04T09:00:59+00:00","mainEntityOfPage":{"@id":"https:\/\/www.anovapeneira.gal\/index.php\/2019\/11\/04\/fume\/"},"wordCount":545,"commentCount":0,"publisher":{"@id":"https:\/\/www.anovapeneira.gal\/#organization"},"image":{"@id":"https:\/\/www.anovapeneira.gal\/index.php\/2019\/11\/04\/fume\/#primaryimage"},"thumbnailUrl":"https:\/\/www.anovapeneira.gal\/wp-content\/uploads\/2019\/07\/ARTIGO_DE_OPINION_A_NOVA_PENEIRA.jpg","keywords":["Pol\u00edtica","Xo\u00e1n Alonso"],"articleSection":["Artigos de opini\u00f3n"],"inLanguage":"gl-ES","potentialAction":[{"@type":"CommentAction","name":"Comment","target":["https:\/\/www.anovapeneira.gal\/index.php\/2019\/11\/04\/fume\/#respond"]}]},{"@type":"WebPage","@id":"https:\/\/www.anovapeneira.gal\/index.php\/2019\/11\/04\/fume\/","url":"https:\/\/www.anovapeneira.gal\/index.php\/2019\/11\/04\/fume\/","name":"Fume -","isPartOf":{"@id":"https:\/\/www.anovapeneira.gal\/#website"},"primaryImageOfPage":{"@id":"https:\/\/www.anovapeneira.gal\/index.php\/2019\/11\/04\/fume\/#primaryimage"},"image":{"@id":"https:\/\/www.anovapeneira.gal\/index.php\/2019\/11\/04\/fume\/#primaryimage"},"thumbnailUrl":"https:\/\/www.anovapeneira.gal\/wp-content\/uploads\/2019\/07\/ARTIGO_DE_OPINION_A_NOVA_PENEIRA.jpg","datePublished":"2019-11-04T09:00:59+00:00","breadcrumb":{"@id":"https:\/\/www.anovapeneira.gal\/index.php\/2019\/11\/04\/fume\/#breadcrumb"},"inLanguage":"gl-ES","potentialAction":[{"@type":"ReadAction","target":["https:\/\/www.anovapeneira.gal\/index.php\/2019\/11\/04\/fume\/"]}]},{"@type":"ImageObject","inLanguage":"gl-ES","@id":"https:\/\/www.anovapeneira.gal\/index.php\/2019\/11\/04\/fume\/#primaryimage","url":"https:\/\/www.anovapeneira.gal\/wp-content\/uploads\/2019\/07\/ARTIGO_DE_OPINION_A_NOVA_PENEIRA.jpg","contentUrl":"https:\/\/www.anovapeneira.gal\/wp-content\/uploads\/2019\/07\/ARTIGO_DE_OPINION_A_NOVA_PENEIRA.jpg","width":720,"height":473,"caption":"Artigo de opini\u00f3n A Nova Peneira"},{"@type":"BreadcrumbList","@id":"https:\/\/www.anovapeneira.gal\/index.php\/2019\/11\/04\/fume\/#breadcrumb","itemListElement":[{"@type":"ListItem","position":1,"name":"Portada","item":"https:\/\/www.anovapeneira.gal\/"},{"@type":"ListItem","position":2,"name":"Fume"}]},{"@type":"WebSite","@id":"https:\/\/www.anovapeneira.gal\/#website","url":"https:\/\/www.anovapeneira.gal\/","name":"","description":"Xornal galego de informaci\u00f3n xeral Publicaci\u00f3n mensual de novas de Galicia e en especial dos Concellos da sur da provincia de Pontevedra.","publisher":{"@id":"https:\/\/www.anovapeneira.gal\/#organization"},"potentialAction":[{"@type":"SearchAction","target":{"@type":"EntryPoint","urlTemplate":"https:\/\/www.anovapeneira.gal\/?s={search_term_string}"},"query-input":{"@type":"PropertyValueSpecification","valueRequired":true,"valueName":"search_term_string"}}],"inLanguage":"gl-ES"},{"@type":"Organization","@id":"https:\/\/www.anovapeneira.gal\/#organization","name":"A Nova Peneira","url":"https:\/\/www.anovapeneira.gal\/","logo":{"@type":"ImageObject","inLanguage":"gl-ES","@id":"https:\/\/www.anovapeneira.gal\/#\/schema\/logo\/image\/","url":"http:\/\/www.anovapeneira.gal\/wp-content\/uploads\/2019\/06\/logo_a_nova_peneira_portal_web.png","contentUrl":"http:\/\/www.anovapeneira.gal\/wp-content\/uploads\/2019\/06\/logo_a_nova_peneira_portal_web.png","width":300,"height":100,"caption":"A Nova Peneira"},"image":{"@id":"https:\/\/www.anovapeneira.gal\/#\/schema\/logo\/image\/"},"sameAs":["https:\/\/www.facebook.com\/anovapeneira","https:\/\/x.com\/APeneira"]},{"@type":"Person","@id":"https:\/\/www.anovapeneira.gal\/#\/schema\/person\/3c0f6176a11937f0382c23cfcecc8810","name":"Xo\u00e1n Alonso","image":{"@type":"ImageObject","inLanguage":"gl-ES","@id":"https:\/\/secure.gravatar.com\/avatar\/2363e2851e208cf25381166cf12eec1cad20b87f47b38097822f83644f99412d?s=96&d=mm&r=g","url":"https:\/\/secure.gravatar.com\/avatar\/2363e2851e208cf25381166cf12eec1cad20b87f47b38097822f83644f99412d?s=96&d=mm&r=g","contentUrl":"https:\/\/secure.gravatar.com\/avatar\/2363e2851e208cf25381166cf12eec1cad20b87f47b38097822f83644f99412d?s=96&d=mm&r=g","caption":"Xo\u00e1n Alonso"},"sameAs":["http:\/\/anovapeneira.gal"],"url":"https:\/\/www.anovapeneira.gal\/index.php\/author\/opinionxoan-alonso\/"}]}},"jetpack_featured_media_url":"https:\/\/www.anovapeneira.gal\/wp-content\/uploads\/2019\/07\/ARTIGO_DE_OPINION_A_NOVA_PENEIRA.jpg","_links":{"self":[{"href":"https:\/\/www.anovapeneira.gal\/index.php\/wp-json\/wp\/v2\/posts\/1668","targetHints":{"allow":["GET"]}}],"collection":[{"href":"https:\/\/www.anovapeneira.gal\/index.php\/wp-json\/wp\/v2\/posts"}],"about":[{"href":"https:\/\/www.anovapeneira.gal\/index.php\/wp-json\/wp\/v2\/types\/post"}],"author":[{"embeddable":true,"href":"https:\/\/www.anovapeneira.gal\/index.php\/wp-json\/wp\/v2\/users\/14"}],"replies":[{"embeddable":true,"href":"https:\/\/www.anovapeneira.gal\/index.php\/wp-json\/wp\/v2\/comments?post=1668"}],"version-history":[{"count":2,"href":"https:\/\/www.anovapeneira.gal\/index.php\/wp-json\/wp\/v2\/posts\/1668\/revisions"}],"predecessor-version":[{"id":1671,"href":"https:\/\/www.anovapeneira.gal\/index.php\/wp-json\/wp\/v2\/posts\/1668\/revisions\/1671"}],"wp:featuredmedia":[{"embeddable":true,"href":"https:\/\/www.anovapeneira.gal\/index.php\/wp-json\/wp\/v2\/media\/584"}],"wp:attachment":[{"href":"https:\/\/www.anovapeneira.gal\/index.php\/wp-json\/wp\/v2\/media?parent=1668"}],"wp:term":[{"taxonomy":"category","embeddable":true,"href":"https:\/\/www.anovapeneira.gal\/index.php\/wp-json\/wp\/v2\/categories?post=1668"},{"taxonomy":"post_tag","embeddable":true,"href":"https:\/\/www.anovapeneira.gal\/index.php\/wp-json\/wp\/v2\/tags?post=1668"}],"curies":[{"name":"wp","href":"https:\/\/api.w.org\/{rel}","templated":true}]}}