{"id":1672,"date":"2019-11-04T12:00:41","date_gmt":"2019-11-04T11:00:41","guid":{"rendered":"http:\/\/www.anovapeneira.gal\/?p=1672"},"modified":"2019-11-03T21:13:17","modified_gmt":"2019-11-03T20:13:17","slug":"o-bng-lamenta-que-a-oposicion-non-se-pona-do-lado-do-goberno-e-da-vecinanza-na-aprobacion-do-pxom","status":"publish","type":"post","link":"https:\/\/www.anovapeneira.gal\/index.php\/2019\/11\/04\/o-bng-lamenta-que-a-oposicion-non-se-pona-do-lado-do-goberno-e-da-vecinanza-na-aprobacion-do-pxom\/","title":{"rendered":"O BNG lamenta que a oposici\u00f3n non se po\u00f1a do lado do goberno e da veci\u00f1anza na aprobaci\u00f3n do PXOM"},"content":{"rendered":"\n<h2 class=\"wp-block-heading\"><strong>Villar afirma que a dereita non aprobou o PXOM en 12 anos por culpa do BNG e PSOE e Gonz\u00e1lez responsabiliza a Mera da suspensi\u00f3n das normas en 2002<\/strong><\/h2>\n\n\n\n<p> <strong>Ponteareas, 30 de outubro de 2019<\/strong><\/p>\n\n\n\n<p>O\nBNG, a trav\u00e9s do seu concelleiro Roberto Mera, lamentou no Pleno\ncelebrado onte \u201cque PP e ACIP non aproveitaran a ocasi\u00f3n para\ncambiar a s\u00faa postura e po\u00f1erse do lado do goberno e da veci\u00f1anza\napoiando o PXOM\u201d. Mera bromeou acusando \u00e1 oposici\u00f3n de \u201cquerer\nconverter un acto administrativo de tr\u00e1mite nun drama e unha\ntraxedia. PP e ACIP gobernaron 12 anos, foron incapaces de aprobar o\nPXOM, opux\u00e9ronse \u00e1 aprobaci\u00f3n en agosto e agora p\u00f3\u00f1ense\nhist\u00e9ricos por un suposto retraso de tres meses que nin sequera \u00e9\ncerto\u201d.<\/p>\n\n\n\n<p>O\nedil nacionalista retou a Villar e Gonz\u00e1lez Carrera a explicar por\nque motivo non foran capaces de aprobar en 12 anos o PXOM. Gonz\u00e1lez\nCarrera eludiu a resposta e Villar culpou ao BNG e PSOE, minoritarios\nneses doce anos, acus\u00e1ndoos de impedilo sen aclarar de que maneira.\nGonz\u00e1lez Carrera tam\u00e9n culpou a Mera de ser o responsable da\ndecisi\u00f3n da Xunta en 2002 de suspender as normas urban\u00edsticas,\nacusaci\u00f3n \u00e1 que o nacionalista respondeu negando que lle\ncorrespondese \u201cese m\u00e9rito\u201d, pero agradecendo ironicamente a\nGonz\u00e1lez Carrera \u201co eloxio, que incluirei no meu curr\u00edculo\u201d.<\/p>\n\n\n\n<p>Por\n\u00faltimo, Mera volveu pedir a Gonz\u00e1lez Carrera e a Villar que asuman\nresponsabilidades pol\u00edticas pola suspensi\u00f3n das normas urban\u00edsticas\nen 2002, pola anulaci\u00f3n de licenzas como a do Eroski e por non\naprobar o PXOM en 12 anos causando prexu\u00edzos econ\u00f3micos como o pago\nde 1.500 euros mensuais polo parque Ferro-Ucha.<\/p>\n","protected":false},"excerpt":{"rendered":"<div class=\"mh-excerpt\"><p>Villar afirma que a dereita non aprobou o PXOM en 12 anos por culpa do BNG e PSOE <a class=\"mh-excerpt-more\" href=\"https:\/\/www.anovapeneira.gal\/index.php\/2019\/11\/04\/o-bng-lamenta-que-a-oposicion-non-se-pona-do-lado-do-goberno-e-da-vecinanza-na-aprobacion-do-pxom\/\" title=\"O BNG lamenta que a oposici\u00f3n non se po\u00f1a do lado do goberno e da veci\u00f1anza na aprobaci\u00f3n do PXOM\">[&#8230;]<\/a><\/p>\n<\/div>","protected":false},"author":3,"featured_media":1673,"comment_status":"open","ping_status":"open","sticky":false,"template":"","format":"standard","meta":{"_exactmetrics_skip_tracking":false,"_exactmetrics_sitenote_active":false,"_exactmetrics_sitenote_note":"","_exactmetrics_sitenote_category":0,"footnotes":""},"categories":[25],"tags":[208,454,455],"class_list":{"0":"post-1672","1":"post","2":"type-post","3":"status-publish","4":"format-standard","5":"has-post-thumbnail","7":"category-condado","8":"tag-concello-de-ponteareas","9":"tag-pxom","10":"tag-urbanismo"},"yoast_head":"<!-- This site is optimized with the Yoast SEO plugin v27.4 - https:\/\/yoast.com\/product\/yoast-seo-wordpress\/ -->\n<title>O BNG lamenta que a oposici\u00f3n non se po\u00f1a do lado do goberno e da veci\u00f1anza na aprobaci\u00f3n do PXOM -<\/title>\n<meta name=\"robots\" content=\"index, follow, max-snippet:-1, max-image-preview:large, max-video-preview:-1\" \/>\n<link rel=\"canonical\" href=\"https:\/\/www.anovapeneira.gal\/index.php\/2019\/11\/04\/o-bng-lamenta-que-a-oposicion-non-se-pona-do-lado-do-goberno-e-da-vecinanza-na-aprobacion-do-pxom\/\" \/>\n<meta property=\"og:locale\" content=\"gl_ES\" \/>\n<meta property=\"og:type\" content=\"article\" \/>\n<meta property=\"og:title\" content=\"O BNG lamenta que a oposici\u00f3n non se po\u00f1a do lado do goberno e da veci\u00f1anza na aprobaci\u00f3n do PXOM -\" \/>\n<meta property=\"og:description\" content=\"Villar afirma que a dereita non aprobou o PXOM en 12 anos por culpa do BNG e PSOE [...]\" \/>\n<meta property=\"og:url\" content=\"https:\/\/www.anovapeneira.gal\/index.php\/2019\/11\/04\/o-bng-lamenta-que-a-oposicion-non-se-pona-do-lado-do-goberno-e-da-vecinanza-na-aprobacion-do-pxom\/\" \/>\n<meta property=\"article:publisher\" content=\"https:\/\/www.facebook.com\/anovapeneira\" \/>\n<meta property=\"article:published_time\" content=\"2019-11-04T11:00:41+00:00\" \/>\n<meta property=\"og:image\" content=\"https:\/\/www.anovapeneira.gal\/wp-content\/uploads\/2019\/11\/Roberto_Mera_pleno_ponteareas_a_nova_peneira.jpeg\" \/>\n\t<meta property=\"og:image:width\" content=\"720\" \/>\n\t<meta property=\"og:image:height\" content=\"432\" \/>\n\t<meta property=\"og:image:type\" content=\"image\/jpeg\" \/>\n<meta name=\"author\" content=\"Redacci\u00f3n A Nova Peneira\" \/>\n<meta name=\"twitter:card\" content=\"summary_large_image\" \/>\n<meta name=\"twitter:creator\" content=\"@APeneira\" \/>\n<meta name=\"twitter:site\" content=\"@APeneira\" \/>\n<meta name=\"twitter:label1\" content=\"Escrito por\" \/>\n\t<meta name=\"twitter:data1\" content=\"Redacci\u00f3n A Nova Peneira\" \/>\n\t<meta name=\"twitter:label2\" content=\"Tempo de lectura\" \/>\n\t<meta name=\"twitter:data2\" content=\"1 minuto\" \/>\n<script type=\"application\/ld+json\" class=\"yoast-schema-graph\">{\"@context\":\"https:\\\/\\\/schema.org\",\"@graph\":[{\"@type\":\"Article\",\"@id\":\"https:\\\/\\\/www.anovapeneira.gal\\\/index.php\\\/2019\\\/11\\\/04\\\/o-bng-lamenta-que-a-oposicion-non-se-pona-do-lado-do-goberno-e-da-vecinanza-na-aprobacion-do-pxom\\\/#article\",\"isPartOf\":{\"@id\":\"https:\\\/\\\/www.anovapeneira.gal\\\/index.php\\\/2019\\\/11\\\/04\\\/o-bng-lamenta-que-a-oposicion-non-se-pona-do-lado-do-goberno-e-da-vecinanza-na-aprobacion-do-pxom\\\/\"},\"author\":{\"name\":\"Redacci\u00f3n A Nova Peneira\",\"@id\":\"https:\\\/\\\/www.anovapeneira.gal\\\/#\\\/schema\\\/person\\\/b93e3f8932e3f8da96334607eb6ac6aa\"},\"headline\":\"O BNG lamenta que a oposici\u00f3n non se po\u00f1a do lado do goberno e da veci\u00f1anza na aprobaci\u00f3n do PXOM\",\"datePublished\":\"2019-11-04T11:00:41+00:00\",\"mainEntityOfPage\":{\"@id\":\"https:\\\/\\\/www.anovapeneira.gal\\\/index.php\\\/2019\\\/11\\\/04\\\/o-bng-lamenta-que-a-oposicion-non-se-pona-do-lado-do-goberno-e-da-vecinanza-na-aprobacion-do-pxom\\\/\"},\"wordCount\":312,\"commentCount\":0,\"publisher\":{\"@id\":\"https:\\\/\\\/www.anovapeneira.gal\\\/#organization\"},\"image\":{\"@id\":\"https:\\\/\\\/www.anovapeneira.gal\\\/index.php\\\/2019\\\/11\\\/04\\\/o-bng-lamenta-que-a-oposicion-non-se-pona-do-lado-do-goberno-e-da-vecinanza-na-aprobacion-do-pxom\\\/#primaryimage\"},\"thumbnailUrl\":\"https:\\\/\\\/www.anovapeneira.gal\\\/wp-content\\\/uploads\\\/2019\\\/11\\\/Roberto_Mera_pleno_ponteareas_a_nova_peneira.jpeg\",\"keywords\":[\"Concello de Ponteareas\",\"PXOM\",\"Urbanismo\"],\"articleSection\":[\"Condado\"],\"inLanguage\":\"gl-ES\",\"potentialAction\":[{\"@type\":\"CommentAction\",\"name\":\"Comment\",\"target\":[\"https:\\\/\\\/www.anovapeneira.gal\\\/index.php\\\/2019\\\/11\\\/04\\\/o-bng-lamenta-que-a-oposicion-non-se-pona-do-lado-do-goberno-e-da-vecinanza-na-aprobacion-do-pxom\\\/#respond\"]}]},{\"@type\":\"WebPage\",\"@id\":\"https:\\\/\\\/www.anovapeneira.gal\\\/index.php\\\/2019\\\/11\\\/04\\\/o-bng-lamenta-que-a-oposicion-non-se-pona-do-lado-do-goberno-e-da-vecinanza-na-aprobacion-do-pxom\\\/\",\"url\":\"https:\\\/\\\/www.anovapeneira.gal\\\/index.php\\\/2019\\\/11\\\/04\\\/o-bng-lamenta-que-a-oposicion-non-se-pona-do-lado-do-goberno-e-da-vecinanza-na-aprobacion-do-pxom\\\/\",\"name\":\"O BNG lamenta que a oposici\u00f3n non se po\u00f1a do lado do goberno e da veci\u00f1anza na aprobaci\u00f3n do PXOM -\",\"isPartOf\":{\"@id\":\"https:\\\/\\\/www.anovapeneira.gal\\\/#website\"},\"primaryImageOfPage\":{\"@id\":\"https:\\\/\\\/www.anovapeneira.gal\\\/index.php\\\/2019\\\/11\\\/04\\\/o-bng-lamenta-que-a-oposicion-non-se-pona-do-lado-do-goberno-e-da-vecinanza-na-aprobacion-do-pxom\\\/#primaryimage\"},\"image\":{\"@id\":\"https:\\\/\\\/www.anovapeneira.gal\\\/index.php\\\/2019\\\/11\\\/04\\\/o-bng-lamenta-que-a-oposicion-non-se-pona-do-lado-do-goberno-e-da-vecinanza-na-aprobacion-do-pxom\\\/#primaryimage\"},\"thumbnailUrl\":\"https:\\\/\\\/www.anovapeneira.gal\\\/wp-content\\\/uploads\\\/2019\\\/11\\\/Roberto_Mera_pleno_ponteareas_a_nova_peneira.jpeg\",\"datePublished\":\"2019-11-04T11:00:41+00:00\",\"breadcrumb\":{\"@id\":\"https:\\\/\\\/www.anovapeneira.gal\\\/index.php\\\/2019\\\/11\\\/04\\\/o-bng-lamenta-que-a-oposicion-non-se-pona-do-lado-do-goberno-e-da-vecinanza-na-aprobacion-do-pxom\\\/#breadcrumb\"},\"inLanguage\":\"gl-ES\",\"potentialAction\":[{\"@type\":\"ReadAction\",\"target\":[\"https:\\\/\\\/www.anovapeneira.gal\\\/index.php\\\/2019\\\/11\\\/04\\\/o-bng-lamenta-que-a-oposicion-non-se-pona-do-lado-do-goberno-e-da-vecinanza-na-aprobacion-do-pxom\\\/\"]}]},{\"@type\":\"ImageObject\",\"inLanguage\":\"gl-ES\",\"@id\":\"https:\\\/\\\/www.anovapeneira.gal\\\/index.php\\\/2019\\\/11\\\/04\\\/o-bng-lamenta-que-a-oposicion-non-se-pona-do-lado-do-goberno-e-da-vecinanza-na-aprobacion-do-pxom\\\/#primaryimage\",\"url\":\"https:\\\/\\\/www.anovapeneira.gal\\\/wp-content\\\/uploads\\\/2019\\\/11\\\/Roberto_Mera_pleno_ponteareas_a_nova_peneira.jpeg\",\"contentUrl\":\"https:\\\/\\\/www.anovapeneira.gal\\\/wp-content\\\/uploads\\\/2019\\\/11\\\/Roberto_Mera_pleno_ponteareas_a_nova_peneira.jpeg\",\"width\":720,\"height\":432,\"caption\":\"Roberto Mera Concello de Ponteareas A Nova Peneira\"},{\"@type\":\"BreadcrumbList\",\"@id\":\"https:\\\/\\\/www.anovapeneira.gal\\\/index.php\\\/2019\\\/11\\\/04\\\/o-bng-lamenta-que-a-oposicion-non-se-pona-do-lado-do-goberno-e-da-vecinanza-na-aprobacion-do-pxom\\\/#breadcrumb\",\"itemListElement\":[{\"@type\":\"ListItem\",\"position\":1,\"name\":\"Portada\",\"item\":\"https:\\\/\\\/www.anovapeneira.gal\\\/\"},{\"@type\":\"ListItem\",\"position\":2,\"name\":\"O BNG lamenta que a oposici\u00f3n non se po\u00f1a do lado do goberno e da veci\u00f1anza na aprobaci\u00f3n do PXOM\"}]},{\"@type\":\"WebSite\",\"@id\":\"https:\\\/\\\/www.anovapeneira.gal\\\/#website\",\"url\":\"https:\\\/\\\/www.anovapeneira.gal\\\/\",\"name\":\"\",\"description\":\"Xornal galego de informaci\u00f3n xeral Publicaci\u00f3n mensual de novas de Galicia e en especial dos Concellos da sur da provincia de Pontevedra.\",\"publisher\":{\"@id\":\"https:\\\/\\\/www.anovapeneira.gal\\\/#organization\"},\"potentialAction\":[{\"@type\":\"SearchAction\",\"target\":{\"@type\":\"EntryPoint\",\"urlTemplate\":\"https:\\\/\\\/www.anovapeneira.gal\\\/?s={search_term_string}\"},\"query-input\":{\"@type\":\"PropertyValueSpecification\",\"valueRequired\":true,\"valueName\":\"search_term_string\"}}],\"inLanguage\":\"gl-ES\"},{\"@type\":\"Organization\",\"@id\":\"https:\\\/\\\/www.anovapeneira.gal\\\/#organization\",\"name\":\"A Nova Peneira\",\"url\":\"https:\\\/\\\/www.anovapeneira.gal\\\/\",\"logo\":{\"@type\":\"ImageObject\",\"inLanguage\":\"gl-ES\",\"@id\":\"https:\\\/\\\/www.anovapeneira.gal\\\/#\\\/schema\\\/logo\\\/image\\\/\",\"url\":\"http:\\\/\\\/www.anovapeneira.gal\\\/wp-content\\\/uploads\\\/2019\\\/06\\\/logo_a_nova_peneira_portal_web.png\",\"contentUrl\":\"http:\\\/\\\/www.anovapeneira.gal\\\/wp-content\\\/uploads\\\/2019\\\/06\\\/logo_a_nova_peneira_portal_web.png\",\"width\":300,\"height\":100,\"caption\":\"A Nova Peneira\"},\"image\":{\"@id\":\"https:\\\/\\\/www.anovapeneira.gal\\\/#\\\/schema\\\/logo\\\/image\\\/\"},\"sameAs\":[\"https:\\\/\\\/www.facebook.com\\\/anovapeneira\",\"https:\\\/\\\/x.com\\\/APeneira\"]},{\"@type\":\"Person\",\"@id\":\"https:\\\/\\\/www.anovapeneira.gal\\\/#\\\/schema\\\/person\\\/b93e3f8932e3f8da96334607eb6ac6aa\",\"name\":\"Redacci\u00f3n A Nova Peneira\",\"image\":{\"@type\":\"ImageObject\",\"inLanguage\":\"gl-ES\",\"@id\":\"https:\\\/\\\/secure.gravatar.com\\\/avatar\\\/c052a2551a06e23fac63626232eaa90abd78dbcf1700fc46a2b2c89fd27b735f?s=96&d=mm&r=g\",\"url\":\"https:\\\/\\\/secure.gravatar.com\\\/avatar\\\/c052a2551a06e23fac63626232eaa90abd78dbcf1700fc46a2b2c89fd27b735f?s=96&d=mm&r=g\",\"contentUrl\":\"https:\\\/\\\/secure.gravatar.com\\\/avatar\\\/c052a2551a06e23fac63626232eaa90abd78dbcf1700fc46a2b2c89fd27b735f?s=96&d=mm&r=g\",\"caption\":\"Redacci\u00f3n A Nova Peneira\"},\"sameAs\":[\"http:\\\/\\\/www.anovapeneira.gal\\\/\"],\"url\":\"https:\\\/\\\/www.anovapeneira.gal\\\/index.php\\\/author\\\/redactor\\\/\"}]}<\/script>\n<!-- \/ Yoast SEO plugin. -->","yoast_head_json":{"title":"O BNG lamenta que a oposici\u00f3n non se po\u00f1a do lado do goberno e da veci\u00f1anza na aprobaci\u00f3n do PXOM -","robots":{"index":"index","follow":"follow","max-snippet":"max-snippet:-1","max-image-preview":"max-image-preview:large","max-video-preview":"max-video-preview:-1"},"canonical":"https:\/\/www.anovapeneira.gal\/index.php\/2019\/11\/04\/o-bng-lamenta-que-a-oposicion-non-se-pona-do-lado-do-goberno-e-da-vecinanza-na-aprobacion-do-pxom\/","og_locale":"gl_ES","og_type":"article","og_title":"O BNG lamenta que a oposici\u00f3n non se po\u00f1a do lado do goberno e da veci\u00f1anza na aprobaci\u00f3n do PXOM -","og_description":"Villar afirma que a dereita non aprobou o PXOM en 12 anos por culpa do BNG e PSOE [...]","og_url":"https:\/\/www.anovapeneira.gal\/index.php\/2019\/11\/04\/o-bng-lamenta-que-a-oposicion-non-se-pona-do-lado-do-goberno-e-da-vecinanza-na-aprobacion-do-pxom\/","article_publisher":"https:\/\/www.facebook.com\/anovapeneira","article_published_time":"2019-11-04T11:00:41+00:00","og_image":[{"width":720,"height":432,"url":"https:\/\/www.anovapeneira.gal\/wp-content\/uploads\/2019\/11\/Roberto_Mera_pleno_ponteareas_a_nova_peneira.jpeg","type":"image\/jpeg"}],"author":"Redacci\u00f3n A Nova Peneira","twitter_card":"summary_large_image","twitter_creator":"@APeneira","twitter_site":"@APeneira","twitter_misc":{"Escrito por":"Redacci\u00f3n A Nova Peneira","Tempo de lectura":"1 minuto"},"schema":{"@context":"https:\/\/schema.org","@graph":[{"@type":"Article","@id":"https:\/\/www.anovapeneira.gal\/index.php\/2019\/11\/04\/o-bng-lamenta-que-a-oposicion-non-se-pona-do-lado-do-goberno-e-da-vecinanza-na-aprobacion-do-pxom\/#article","isPartOf":{"@id":"https:\/\/www.anovapeneira.gal\/index.php\/2019\/11\/04\/o-bng-lamenta-que-a-oposicion-non-se-pona-do-lado-do-goberno-e-da-vecinanza-na-aprobacion-do-pxom\/"},"author":{"name":"Redacci\u00f3n A Nova Peneira","@id":"https:\/\/www.anovapeneira.gal\/#\/schema\/person\/b93e3f8932e3f8da96334607eb6ac6aa"},"headline":"O BNG lamenta que a oposici\u00f3n non se po\u00f1a do lado do goberno e da veci\u00f1anza na aprobaci\u00f3n do PXOM","datePublished":"2019-11-04T11:00:41+00:00","mainEntityOfPage":{"@id":"https:\/\/www.anovapeneira.gal\/index.php\/2019\/11\/04\/o-bng-lamenta-que-a-oposicion-non-se-pona-do-lado-do-goberno-e-da-vecinanza-na-aprobacion-do-pxom\/"},"wordCount":312,"commentCount":0,"publisher":{"@id":"https:\/\/www.anovapeneira.gal\/#organization"},"image":{"@id":"https:\/\/www.anovapeneira.gal\/index.php\/2019\/11\/04\/o-bng-lamenta-que-a-oposicion-non-se-pona-do-lado-do-goberno-e-da-vecinanza-na-aprobacion-do-pxom\/#primaryimage"},"thumbnailUrl":"https:\/\/www.anovapeneira.gal\/wp-content\/uploads\/2019\/11\/Roberto_Mera_pleno_ponteareas_a_nova_peneira.jpeg","keywords":["Concello de Ponteareas","PXOM","Urbanismo"],"articleSection":["Condado"],"inLanguage":"gl-ES","potentialAction":[{"@type":"CommentAction","name":"Comment","target":["https:\/\/www.anovapeneira.gal\/index.php\/2019\/11\/04\/o-bng-lamenta-que-a-oposicion-non-se-pona-do-lado-do-goberno-e-da-vecinanza-na-aprobacion-do-pxom\/#respond"]}]},{"@type":"WebPage","@id":"https:\/\/www.anovapeneira.gal\/index.php\/2019\/11\/04\/o-bng-lamenta-que-a-oposicion-non-se-pona-do-lado-do-goberno-e-da-vecinanza-na-aprobacion-do-pxom\/","url":"https:\/\/www.anovapeneira.gal\/index.php\/2019\/11\/04\/o-bng-lamenta-que-a-oposicion-non-se-pona-do-lado-do-goberno-e-da-vecinanza-na-aprobacion-do-pxom\/","name":"O BNG lamenta que a oposici\u00f3n non se po\u00f1a do lado do goberno e da veci\u00f1anza na aprobaci\u00f3n do PXOM -","isPartOf":{"@id":"https:\/\/www.anovapeneira.gal\/#website"},"primaryImageOfPage":{"@id":"https:\/\/www.anovapeneira.gal\/index.php\/2019\/11\/04\/o-bng-lamenta-que-a-oposicion-non-se-pona-do-lado-do-goberno-e-da-vecinanza-na-aprobacion-do-pxom\/#primaryimage"},"image":{"@id":"https:\/\/www.anovapeneira.gal\/index.php\/2019\/11\/04\/o-bng-lamenta-que-a-oposicion-non-se-pona-do-lado-do-goberno-e-da-vecinanza-na-aprobacion-do-pxom\/#primaryimage"},"thumbnailUrl":"https:\/\/www.anovapeneira.gal\/wp-content\/uploads\/2019\/11\/Roberto_Mera_pleno_ponteareas_a_nova_peneira.jpeg","datePublished":"2019-11-04T11:00:41+00:00","breadcrumb":{"@id":"https:\/\/www.anovapeneira.gal\/index.php\/2019\/11\/04\/o-bng-lamenta-que-a-oposicion-non-se-pona-do-lado-do-goberno-e-da-vecinanza-na-aprobacion-do-pxom\/#breadcrumb"},"inLanguage":"gl-ES","potentialAction":[{"@type":"ReadAction","target":["https:\/\/www.anovapeneira.gal\/index.php\/2019\/11\/04\/o-bng-lamenta-que-a-oposicion-non-se-pona-do-lado-do-goberno-e-da-vecinanza-na-aprobacion-do-pxom\/"]}]},{"@type":"ImageObject","inLanguage":"gl-ES","@id":"https:\/\/www.anovapeneira.gal\/index.php\/2019\/11\/04\/o-bng-lamenta-que-a-oposicion-non-se-pona-do-lado-do-goberno-e-da-vecinanza-na-aprobacion-do-pxom\/#primaryimage","url":"https:\/\/www.anovapeneira.gal\/wp-content\/uploads\/2019\/11\/Roberto_Mera_pleno_ponteareas_a_nova_peneira.jpeg","contentUrl":"https:\/\/www.anovapeneira.gal\/wp-content\/uploads\/2019\/11\/Roberto_Mera_pleno_ponteareas_a_nova_peneira.jpeg","width":720,"height":432,"caption":"Roberto Mera Concello de Ponteareas A Nova Peneira"},{"@type":"BreadcrumbList","@id":"https:\/\/www.anovapeneira.gal\/index.php\/2019\/11\/04\/o-bng-lamenta-que-a-oposicion-non-se-pona-do-lado-do-goberno-e-da-vecinanza-na-aprobacion-do-pxom\/#breadcrumb","itemListElement":[{"@type":"ListItem","position":1,"name":"Portada","item":"https:\/\/www.anovapeneira.gal\/"},{"@type":"ListItem","position":2,"name":"O BNG lamenta que a oposici\u00f3n non se po\u00f1a do lado do goberno e da veci\u00f1anza na aprobaci\u00f3n do PXOM"}]},{"@type":"WebSite","@id":"https:\/\/www.anovapeneira.gal\/#website","url":"https:\/\/www.anovapeneira.gal\/","name":"","description":"Xornal galego de informaci\u00f3n xeral Publicaci\u00f3n mensual de novas de Galicia e en especial dos Concellos da sur da provincia de Pontevedra.","publisher":{"@id":"https:\/\/www.anovapeneira.gal\/#organization"},"potentialAction":[{"@type":"SearchAction","target":{"@type":"EntryPoint","urlTemplate":"https:\/\/www.anovapeneira.gal\/?s={search_term_string}"},"query-input":{"@type":"PropertyValueSpecification","valueRequired":true,"valueName":"search_term_string"}}],"inLanguage":"gl-ES"},{"@type":"Organization","@id":"https:\/\/www.anovapeneira.gal\/#organization","name":"A Nova Peneira","url":"https:\/\/www.anovapeneira.gal\/","logo":{"@type":"ImageObject","inLanguage":"gl-ES","@id":"https:\/\/www.anovapeneira.gal\/#\/schema\/logo\/image\/","url":"http:\/\/www.anovapeneira.gal\/wp-content\/uploads\/2019\/06\/logo_a_nova_peneira_portal_web.png","contentUrl":"http:\/\/www.anovapeneira.gal\/wp-content\/uploads\/2019\/06\/logo_a_nova_peneira_portal_web.png","width":300,"height":100,"caption":"A Nova Peneira"},"image":{"@id":"https:\/\/www.anovapeneira.gal\/#\/schema\/logo\/image\/"},"sameAs":["https:\/\/www.facebook.com\/anovapeneira","https:\/\/x.com\/APeneira"]},{"@type":"Person","@id":"https:\/\/www.anovapeneira.gal\/#\/schema\/person\/b93e3f8932e3f8da96334607eb6ac6aa","name":"Redacci\u00f3n A Nova Peneira","image":{"@type":"ImageObject","inLanguage":"gl-ES","@id":"https:\/\/secure.gravatar.com\/avatar\/c052a2551a06e23fac63626232eaa90abd78dbcf1700fc46a2b2c89fd27b735f?s=96&d=mm&r=g","url":"https:\/\/secure.gravatar.com\/avatar\/c052a2551a06e23fac63626232eaa90abd78dbcf1700fc46a2b2c89fd27b735f?s=96&d=mm&r=g","contentUrl":"https:\/\/secure.gravatar.com\/avatar\/c052a2551a06e23fac63626232eaa90abd78dbcf1700fc46a2b2c89fd27b735f?s=96&d=mm&r=g","caption":"Redacci\u00f3n A Nova Peneira"},"sameAs":["http:\/\/www.anovapeneira.gal\/"],"url":"https:\/\/www.anovapeneira.gal\/index.php\/author\/redactor\/"}]}},"jetpack_featured_media_url":"https:\/\/www.anovapeneira.gal\/wp-content\/uploads\/2019\/11\/Roberto_Mera_pleno_ponteareas_a_nova_peneira.jpeg","_links":{"self":[{"href":"https:\/\/www.anovapeneira.gal\/index.php\/wp-json\/wp\/v2\/posts\/1672","targetHints":{"allow":["GET"]}}],"collection":[{"href":"https:\/\/www.anovapeneira.gal\/index.php\/wp-json\/wp\/v2\/posts"}],"about":[{"href":"https:\/\/www.anovapeneira.gal\/index.php\/wp-json\/wp\/v2\/types\/post"}],"author":[{"embeddable":true,"href":"https:\/\/www.anovapeneira.gal\/index.php\/wp-json\/wp\/v2\/users\/3"}],"replies":[{"embeddable":true,"href":"https:\/\/www.anovapeneira.gal\/index.php\/wp-json\/wp\/v2\/comments?post=1672"}],"version-history":[{"count":1,"href":"https:\/\/www.anovapeneira.gal\/index.php\/wp-json\/wp\/v2\/posts\/1672\/revisions"}],"predecessor-version":[{"id":1674,"href":"https:\/\/www.anovapeneira.gal\/index.php\/wp-json\/wp\/v2\/posts\/1672\/revisions\/1674"}],"wp:featuredmedia":[{"embeddable":true,"href":"https:\/\/www.anovapeneira.gal\/index.php\/wp-json\/wp\/v2\/media\/1673"}],"wp:attachment":[{"href":"https:\/\/www.anovapeneira.gal\/index.php\/wp-json\/wp\/v2\/media?parent=1672"}],"wp:term":[{"taxonomy":"category","embeddable":true,"href":"https:\/\/www.anovapeneira.gal\/index.php\/wp-json\/wp\/v2\/categories?post=1672"},{"taxonomy":"post_tag","embeddable":true,"href":"https:\/\/www.anovapeneira.gal\/index.php\/wp-json\/wp\/v2\/tags?post=1672"}],"curies":[{"name":"wp","href":"https:\/\/api.w.org\/{rel}","templated":true}]}}