{"id":1681,"date":"2019-11-05T12:00:57","date_gmt":"2019-11-05T11:00:57","guid":{"rendered":"http:\/\/www.anovapeneira.gal\/?p=1681"},"modified":"2020-01-21T08:54:19","modified_gmt":"2020-01-21T07:54:19","slug":"aberta-a-preinscricion-para-o-campamento-de-conciliacion-familiar-campus-tea-nadal","status":"publish","type":"post","link":"https:\/\/www.anovapeneira.gal\/index.php\/2019\/11\/05\/aberta-a-preinscricion-para-o-campamento-de-conciliacion-familiar-campus-tea-nadal\/","title":{"rendered":"Aberta a preinscrici\u00f3n para o campamento de conciliaci\u00f3n familiar Campus Tea Nadal"},"content":{"rendered":"\n<p> <strong>Ponteareas, 29 de outubro de 2019<\/strong><\/p>\n\n\n\n<p>Co\nobxectivo de facilitar a conciliaci\u00f3n laboral e familiar a tenente\nde alcalde e concelleira de Ensino, Cristina Fern\u00e1ndez, informa de\nque xa est\u00e1 aberto o prazo para preinscribirse no Campus Tea Nadal\n2019, unha alternativa de lecer para rapaces de 3 a 12 anos.<\/p>\n\n\n\n<p>As preinscrici\u00f3ns estar\u00e1n abertas do d\u00eda 5 ao 22 de novembro e as familias interesadas poden xa consultar as bases na p\u00e1xina web do concello de Ponteareas ou directamente na seguinte ligaz\u00f3n <a href=\"https:\/\/ponteareas.gal\/servizos\/ensino\/campus-tea\/\">https:\/\/ponteareas.gal\/servizos\/ensino\/campus-tea\/<\/a> <\/p>\n\n\n\n<figure class=\"wp-block-image\"><img loading=\"lazy\" decoding=\"async\" width=\"725\" height=\"1024\" src=\"http:\/\/www.anovapeneira.gal\/wp-content\/uploads\/2019\/11\/campus_tea_nadal_a_nova_peneira-725x1024.jpg\" alt=\"Tea Nadal A Nova Peneira\" class=\"wp-image-1682\" srcset=\"https:\/\/www.anovapeneira.gal\/wp-content\/uploads\/2019\/11\/campus_tea_nadal_a_nova_peneira-725x1024.jpg 725w, https:\/\/www.anovapeneira.gal\/wp-content\/uploads\/2019\/11\/campus_tea_nadal_a_nova_peneira-212x300.jpg 212w, https:\/\/www.anovapeneira.gal\/wp-content\/uploads\/2019\/11\/campus_tea_nadal_a_nova_peneira-768x1085.jpg 768w, https:\/\/www.anovapeneira.gal\/wp-content\/uploads\/2019\/11\/campus_tea_nadal_a_nova_peneira.jpg 1241w\" sizes=\"auto, (max-width: 725px) 100vw, 725px\" \/><\/figure>\n\n\n\n<p>Tam\u00e9n se\npoden achegar ao departamento de Ensino do concello de Ponteareas\npara obter as bases e os anexos para cumprimentar de luns a venres de\n9 a 14 horas. \n<\/p>\n\n\n\n<p>Do 23 de\ndecembro ao 7 de xaneiro as familias dispor\u00e1n deste servizo de apoio\nque se desenvolver\u00e1 no CEIP Nosa Se\u00f1ora dos Remedios de 9 a 14\nhoras.<\/p>\n\n\n\n<p>Cristina\nFern\u00e1ndez salienta a importancia de acompa\u00f1ar \u00e1s familias nos seus\nritmos e atendendo as s\u00faas necesidades diarias para que poidan\ndesenvolver plenamente a s\u00faa vida familiar e laboral, facendo de\nPonteareas un fogar no que as persoas sempre conten. \n<\/p>\n\n\n\n<p>A\npreinscrici\u00f3n deber\u00e1 ser presentada antes do d\u00eda 22 de novembro no\nrexistro xeral da casa do concello en d\u00edas laborais a partir das 9 e\nata as 13 horas. \n<\/p>\n\n\n\n<p>A efectos\nde informaci\u00f3n e posibles reclamaci\u00f3ns publicarase a listaxe\nprovisional de admitido\/as nos taboleiros do Concello de Ponteareas e\nna web do Concello https:\/\/ponteareas.gal\/servizos\/ensino\/campus-tea\n, o d\u00eda 27 de novembro. \n<\/p>\n","protected":false},"excerpt":{"rendered":"<div class=\"mh-excerpt\"><p>Co obxectivo de facilitar a conciliaci\u00f3n laboral e familiar a tenente de alcalde e concelleira de Ensino, Cristina Fern\u00e1ndez, informa de que xa est\u00e1 aberto o prazo para preinscribirse no Campus Tea Nadal 2019 <a class=\"mh-excerpt-more\" href=\"https:\/\/www.anovapeneira.gal\/index.php\/2019\/11\/05\/aberta-a-preinscricion-para-o-campamento-de-conciliacion-familiar-campus-tea-nadal\/\" title=\"Aberta a preinscrici\u00f3n para o campamento de conciliaci\u00f3n familiar Campus Tea Nadal\">[&#8230;]<\/a><\/p>\n<\/div>","protected":false},"author":3,"featured_media":1683,"comment_status":"open","ping_status":"open","sticky":false,"template":"","format":"standard","meta":{"_exactmetrics_skip_tracking":false,"_exactmetrics_sitenote_active":false,"_exactmetrics_sitenote_note":"","_exactmetrics_sitenote_category":0,"footnotes":""},"categories":[25],"tags":[733,208,734],"class_list":{"0":"post-1681","1":"post","2":"type-post","3":"status-publish","4":"format-standard","5":"has-post-thumbnail","7":"category-condado","8":"tag-campus-tea-nadal","9":"tag-concello-de-ponteareas","10":"tag-ocio-familiar"},"yoast_head":"<!-- This site is optimized with the Yoast SEO plugin v27.4 - https:\/\/yoast.com\/product\/yoast-seo-wordpress\/ -->\n<title>Aberta a preinscrici\u00f3n para o campamento de conciliaci\u00f3n familiar Campus Tea Nadal -<\/title>\n<meta name=\"robots\" content=\"index, follow, max-snippet:-1, max-image-preview:large, max-video-preview:-1\" \/>\n<link rel=\"canonical\" href=\"https:\/\/www.anovapeneira.gal\/index.php\/2019\/11\/05\/aberta-a-preinscricion-para-o-campamento-de-conciliacion-familiar-campus-tea-nadal\/\" \/>\n<meta property=\"og:locale\" content=\"gl_ES\" \/>\n<meta property=\"og:type\" content=\"article\" \/>\n<meta property=\"og:title\" content=\"Aberta a preinscrici\u00f3n para o campamento de conciliaci\u00f3n familiar Campus Tea Nadal -\" \/>\n<meta property=\"og:description\" content=\"Co obxectivo de facilitar a conciliaci\u00f3n laboral e familiar a tenente de alcalde e concelleira de Ensino, Cristina Fern\u00e1ndez, informa de que xa est\u00e1 aberto o prazo para preinscribirse no Campus Tea Nadal 2019 [...]\" \/>\n<meta property=\"og:url\" content=\"https:\/\/www.anovapeneira.gal\/index.php\/2019\/11\/05\/aberta-a-preinscricion-para-o-campamento-de-conciliacion-familiar-campus-tea-nadal\/\" \/>\n<meta property=\"article:publisher\" content=\"https:\/\/www.facebook.com\/anovapeneira\" \/>\n<meta property=\"article:published_time\" content=\"2019-11-05T11:00:57+00:00\" \/>\n<meta property=\"article:modified_time\" content=\"2020-01-21T07:54:19+00:00\" \/>\n<meta property=\"og:image\" content=\"https:\/\/www.anovapeneira.gal\/wp-content\/uploads\/2019\/11\/foto_campus_tea_nadal_a_nova_peneira.jpg\" \/>\n\t<meta property=\"og:image:width\" content=\"720\" \/>\n\t<meta property=\"og:image:height\" content=\"432\" \/>\n\t<meta property=\"og:image:type\" content=\"image\/jpeg\" \/>\n<meta name=\"author\" content=\"Redacci\u00f3n A Nova Peneira\" \/>\n<meta name=\"twitter:card\" content=\"summary_large_image\" \/>\n<meta name=\"twitter:creator\" content=\"@APeneira\" \/>\n<meta name=\"twitter:site\" content=\"@APeneira\" \/>\n<meta name=\"twitter:label1\" content=\"Escrito por\" \/>\n\t<meta name=\"twitter:data1\" content=\"Redacci\u00f3n A Nova Peneira\" \/>\n\t<meta name=\"twitter:label2\" content=\"Tempo de lectura\" \/>\n\t<meta name=\"twitter:data2\" content=\"1 minuto\" \/>\n<script type=\"application\/ld+json\" class=\"yoast-schema-graph\">{\"@context\":\"https:\\\/\\\/schema.org\",\"@graph\":[{\"@type\":\"Article\",\"@id\":\"https:\\\/\\\/www.anovapeneira.gal\\\/index.php\\\/2019\\\/11\\\/05\\\/aberta-a-preinscricion-para-o-campamento-de-conciliacion-familiar-campus-tea-nadal\\\/#article\",\"isPartOf\":{\"@id\":\"https:\\\/\\\/www.anovapeneira.gal\\\/index.php\\\/2019\\\/11\\\/05\\\/aberta-a-preinscricion-para-o-campamento-de-conciliacion-familiar-campus-tea-nadal\\\/\"},\"author\":{\"name\":\"Redacci\u00f3n A Nova Peneira\",\"@id\":\"https:\\\/\\\/www.anovapeneira.gal\\\/#\\\/schema\\\/person\\\/b93e3f8932e3f8da96334607eb6ac6aa\"},\"headline\":\"Aberta a preinscrici\u00f3n para o campamento de conciliaci\u00f3n familiar Campus Tea Nadal\",\"datePublished\":\"2019-11-05T11:00:57+00:00\",\"dateModified\":\"2020-01-21T07:54:19+00:00\",\"mainEntityOfPage\":{\"@id\":\"https:\\\/\\\/www.anovapeneira.gal\\\/index.php\\\/2019\\\/11\\\/05\\\/aberta-a-preinscricion-para-o-campamento-de-conciliacion-familiar-campus-tea-nadal\\\/\"},\"wordCount\":271,\"commentCount\":0,\"publisher\":{\"@id\":\"https:\\\/\\\/www.anovapeneira.gal\\\/#organization\"},\"image\":{\"@id\":\"https:\\\/\\\/www.anovapeneira.gal\\\/index.php\\\/2019\\\/11\\\/05\\\/aberta-a-preinscricion-para-o-campamento-de-conciliacion-familiar-campus-tea-nadal\\\/#primaryimage\"},\"thumbnailUrl\":\"https:\\\/\\\/www.anovapeneira.gal\\\/wp-content\\\/uploads\\\/2019\\\/11\\\/foto_campus_tea_nadal_a_nova_peneira.jpg\",\"keywords\":[\"Campus Tea Nadal\",\"Concello de Ponteareas\",\"Ocio familiar\"],\"articleSection\":[\"Condado\"],\"inLanguage\":\"gl-ES\",\"potentialAction\":[{\"@type\":\"CommentAction\",\"name\":\"Comment\",\"target\":[\"https:\\\/\\\/www.anovapeneira.gal\\\/index.php\\\/2019\\\/11\\\/05\\\/aberta-a-preinscricion-para-o-campamento-de-conciliacion-familiar-campus-tea-nadal\\\/#respond\"]}]},{\"@type\":\"WebPage\",\"@id\":\"https:\\\/\\\/www.anovapeneira.gal\\\/index.php\\\/2019\\\/11\\\/05\\\/aberta-a-preinscricion-para-o-campamento-de-conciliacion-familiar-campus-tea-nadal\\\/\",\"url\":\"https:\\\/\\\/www.anovapeneira.gal\\\/index.php\\\/2019\\\/11\\\/05\\\/aberta-a-preinscricion-para-o-campamento-de-conciliacion-familiar-campus-tea-nadal\\\/\",\"name\":\"Aberta a preinscrici\u00f3n para o campamento de conciliaci\u00f3n familiar Campus Tea Nadal -\",\"isPartOf\":{\"@id\":\"https:\\\/\\\/www.anovapeneira.gal\\\/#website\"},\"primaryImageOfPage\":{\"@id\":\"https:\\\/\\\/www.anovapeneira.gal\\\/index.php\\\/2019\\\/11\\\/05\\\/aberta-a-preinscricion-para-o-campamento-de-conciliacion-familiar-campus-tea-nadal\\\/#primaryimage\"},\"image\":{\"@id\":\"https:\\\/\\\/www.anovapeneira.gal\\\/index.php\\\/2019\\\/11\\\/05\\\/aberta-a-preinscricion-para-o-campamento-de-conciliacion-familiar-campus-tea-nadal\\\/#primaryimage\"},\"thumbnailUrl\":\"https:\\\/\\\/www.anovapeneira.gal\\\/wp-content\\\/uploads\\\/2019\\\/11\\\/foto_campus_tea_nadal_a_nova_peneira.jpg\",\"datePublished\":\"2019-11-05T11:00:57+00:00\",\"dateModified\":\"2020-01-21T07:54:19+00:00\",\"breadcrumb\":{\"@id\":\"https:\\\/\\\/www.anovapeneira.gal\\\/index.php\\\/2019\\\/11\\\/05\\\/aberta-a-preinscricion-para-o-campamento-de-conciliacion-familiar-campus-tea-nadal\\\/#breadcrumb\"},\"inLanguage\":\"gl-ES\",\"potentialAction\":[{\"@type\":\"ReadAction\",\"target\":[\"https:\\\/\\\/www.anovapeneira.gal\\\/index.php\\\/2019\\\/11\\\/05\\\/aberta-a-preinscricion-para-o-campamento-de-conciliacion-familiar-campus-tea-nadal\\\/\"]}]},{\"@type\":\"ImageObject\",\"inLanguage\":\"gl-ES\",\"@id\":\"https:\\\/\\\/www.anovapeneira.gal\\\/index.php\\\/2019\\\/11\\\/05\\\/aberta-a-preinscricion-para-o-campamento-de-conciliacion-familiar-campus-tea-nadal\\\/#primaryimage\",\"url\":\"https:\\\/\\\/www.anovapeneira.gal\\\/wp-content\\\/uploads\\\/2019\\\/11\\\/foto_campus_tea_nadal_a_nova_peneira.jpg\",\"contentUrl\":\"https:\\\/\\\/www.anovapeneira.gal\\\/wp-content\\\/uploads\\\/2019\\\/11\\\/foto_campus_tea_nadal_a_nova_peneira.jpg\",\"width\":720,\"height\":432,\"caption\":\"Campus Tea Nadal A Nova Peneira\"},{\"@type\":\"BreadcrumbList\",\"@id\":\"https:\\\/\\\/www.anovapeneira.gal\\\/index.php\\\/2019\\\/11\\\/05\\\/aberta-a-preinscricion-para-o-campamento-de-conciliacion-familiar-campus-tea-nadal\\\/#breadcrumb\",\"itemListElement\":[{\"@type\":\"ListItem\",\"position\":1,\"name\":\"Portada\",\"item\":\"https:\\\/\\\/www.anovapeneira.gal\\\/\"},{\"@type\":\"ListItem\",\"position\":2,\"name\":\"Aberta a preinscrici\u00f3n para o campamento de conciliaci\u00f3n familiar Campus Tea Nadal\"}]},{\"@type\":\"WebSite\",\"@id\":\"https:\\\/\\\/www.anovapeneira.gal\\\/#website\",\"url\":\"https:\\\/\\\/www.anovapeneira.gal\\\/\",\"name\":\"\",\"description\":\"Xornal galego de informaci\u00f3n xeral Publicaci\u00f3n mensual de novas de Galicia e en especial dos Concellos da sur da provincia de Pontevedra.\",\"publisher\":{\"@id\":\"https:\\\/\\\/www.anovapeneira.gal\\\/#organization\"},\"potentialAction\":[{\"@type\":\"SearchAction\",\"target\":{\"@type\":\"EntryPoint\",\"urlTemplate\":\"https:\\\/\\\/www.anovapeneira.gal\\\/?s={search_term_string}\"},\"query-input\":{\"@type\":\"PropertyValueSpecification\",\"valueRequired\":true,\"valueName\":\"search_term_string\"}}],\"inLanguage\":\"gl-ES\"},{\"@type\":\"Organization\",\"@id\":\"https:\\\/\\\/www.anovapeneira.gal\\\/#organization\",\"name\":\"A Nova Peneira\",\"url\":\"https:\\\/\\\/www.anovapeneira.gal\\\/\",\"logo\":{\"@type\":\"ImageObject\",\"inLanguage\":\"gl-ES\",\"@id\":\"https:\\\/\\\/www.anovapeneira.gal\\\/#\\\/schema\\\/logo\\\/image\\\/\",\"url\":\"http:\\\/\\\/www.anovapeneira.gal\\\/wp-content\\\/uploads\\\/2019\\\/06\\\/logo_a_nova_peneira_portal_web.png\",\"contentUrl\":\"http:\\\/\\\/www.anovapeneira.gal\\\/wp-content\\\/uploads\\\/2019\\\/06\\\/logo_a_nova_peneira_portal_web.png\",\"width\":300,\"height\":100,\"caption\":\"A Nova Peneira\"},\"image\":{\"@id\":\"https:\\\/\\\/www.anovapeneira.gal\\\/#\\\/schema\\\/logo\\\/image\\\/\"},\"sameAs\":[\"https:\\\/\\\/www.facebook.com\\\/anovapeneira\",\"https:\\\/\\\/x.com\\\/APeneira\"]},{\"@type\":\"Person\",\"@id\":\"https:\\\/\\\/www.anovapeneira.gal\\\/#\\\/schema\\\/person\\\/b93e3f8932e3f8da96334607eb6ac6aa\",\"name\":\"Redacci\u00f3n A Nova Peneira\",\"image\":{\"@type\":\"ImageObject\",\"inLanguage\":\"gl-ES\",\"@id\":\"https:\\\/\\\/secure.gravatar.com\\\/avatar\\\/c052a2551a06e23fac63626232eaa90abd78dbcf1700fc46a2b2c89fd27b735f?s=96&d=mm&r=g\",\"url\":\"https:\\\/\\\/secure.gravatar.com\\\/avatar\\\/c052a2551a06e23fac63626232eaa90abd78dbcf1700fc46a2b2c89fd27b735f?s=96&d=mm&r=g\",\"contentUrl\":\"https:\\\/\\\/secure.gravatar.com\\\/avatar\\\/c052a2551a06e23fac63626232eaa90abd78dbcf1700fc46a2b2c89fd27b735f?s=96&d=mm&r=g\",\"caption\":\"Redacci\u00f3n A Nova Peneira\"},\"sameAs\":[\"http:\\\/\\\/www.anovapeneira.gal\\\/\"],\"url\":\"https:\\\/\\\/www.anovapeneira.gal\\\/index.php\\\/author\\\/redactor\\\/\"}]}<\/script>\n<!-- \/ Yoast SEO plugin. -->","yoast_head_json":{"title":"Aberta a preinscrici\u00f3n para o campamento de conciliaci\u00f3n familiar Campus Tea Nadal -","robots":{"index":"index","follow":"follow","max-snippet":"max-snippet:-1","max-image-preview":"max-image-preview:large","max-video-preview":"max-video-preview:-1"},"canonical":"https:\/\/www.anovapeneira.gal\/index.php\/2019\/11\/05\/aberta-a-preinscricion-para-o-campamento-de-conciliacion-familiar-campus-tea-nadal\/","og_locale":"gl_ES","og_type":"article","og_title":"Aberta a preinscrici\u00f3n para o campamento de conciliaci\u00f3n familiar Campus Tea Nadal -","og_description":"Co obxectivo de facilitar a conciliaci\u00f3n laboral e familiar a tenente de alcalde e concelleira de Ensino, Cristina Fern\u00e1ndez, informa de que xa est\u00e1 aberto o prazo para preinscribirse no Campus Tea Nadal 2019 [...]","og_url":"https:\/\/www.anovapeneira.gal\/index.php\/2019\/11\/05\/aberta-a-preinscricion-para-o-campamento-de-conciliacion-familiar-campus-tea-nadal\/","article_publisher":"https:\/\/www.facebook.com\/anovapeneira","article_published_time":"2019-11-05T11:00:57+00:00","article_modified_time":"2020-01-21T07:54:19+00:00","og_image":[{"width":720,"height":432,"url":"https:\/\/www.anovapeneira.gal\/wp-content\/uploads\/2019\/11\/foto_campus_tea_nadal_a_nova_peneira.jpg","type":"image\/jpeg"}],"author":"Redacci\u00f3n A Nova Peneira","twitter_card":"summary_large_image","twitter_creator":"@APeneira","twitter_site":"@APeneira","twitter_misc":{"Escrito por":"Redacci\u00f3n A Nova Peneira","Tempo de lectura":"1 minuto"},"schema":{"@context":"https:\/\/schema.org","@graph":[{"@type":"Article","@id":"https:\/\/www.anovapeneira.gal\/index.php\/2019\/11\/05\/aberta-a-preinscricion-para-o-campamento-de-conciliacion-familiar-campus-tea-nadal\/#article","isPartOf":{"@id":"https:\/\/www.anovapeneira.gal\/index.php\/2019\/11\/05\/aberta-a-preinscricion-para-o-campamento-de-conciliacion-familiar-campus-tea-nadal\/"},"author":{"name":"Redacci\u00f3n A Nova Peneira","@id":"https:\/\/www.anovapeneira.gal\/#\/schema\/person\/b93e3f8932e3f8da96334607eb6ac6aa"},"headline":"Aberta a preinscrici\u00f3n para o campamento de conciliaci\u00f3n familiar Campus Tea Nadal","datePublished":"2019-11-05T11:00:57+00:00","dateModified":"2020-01-21T07:54:19+00:00","mainEntityOfPage":{"@id":"https:\/\/www.anovapeneira.gal\/index.php\/2019\/11\/05\/aberta-a-preinscricion-para-o-campamento-de-conciliacion-familiar-campus-tea-nadal\/"},"wordCount":271,"commentCount":0,"publisher":{"@id":"https:\/\/www.anovapeneira.gal\/#organization"},"image":{"@id":"https:\/\/www.anovapeneira.gal\/index.php\/2019\/11\/05\/aberta-a-preinscricion-para-o-campamento-de-conciliacion-familiar-campus-tea-nadal\/#primaryimage"},"thumbnailUrl":"https:\/\/www.anovapeneira.gal\/wp-content\/uploads\/2019\/11\/foto_campus_tea_nadal_a_nova_peneira.jpg","keywords":["Campus Tea Nadal","Concello de Ponteareas","Ocio familiar"],"articleSection":["Condado"],"inLanguage":"gl-ES","potentialAction":[{"@type":"CommentAction","name":"Comment","target":["https:\/\/www.anovapeneira.gal\/index.php\/2019\/11\/05\/aberta-a-preinscricion-para-o-campamento-de-conciliacion-familiar-campus-tea-nadal\/#respond"]}]},{"@type":"WebPage","@id":"https:\/\/www.anovapeneira.gal\/index.php\/2019\/11\/05\/aberta-a-preinscricion-para-o-campamento-de-conciliacion-familiar-campus-tea-nadal\/","url":"https:\/\/www.anovapeneira.gal\/index.php\/2019\/11\/05\/aberta-a-preinscricion-para-o-campamento-de-conciliacion-familiar-campus-tea-nadal\/","name":"Aberta a preinscrici\u00f3n para o campamento de conciliaci\u00f3n familiar Campus Tea Nadal -","isPartOf":{"@id":"https:\/\/www.anovapeneira.gal\/#website"},"primaryImageOfPage":{"@id":"https:\/\/www.anovapeneira.gal\/index.php\/2019\/11\/05\/aberta-a-preinscricion-para-o-campamento-de-conciliacion-familiar-campus-tea-nadal\/#primaryimage"},"image":{"@id":"https:\/\/www.anovapeneira.gal\/index.php\/2019\/11\/05\/aberta-a-preinscricion-para-o-campamento-de-conciliacion-familiar-campus-tea-nadal\/#primaryimage"},"thumbnailUrl":"https:\/\/www.anovapeneira.gal\/wp-content\/uploads\/2019\/11\/foto_campus_tea_nadal_a_nova_peneira.jpg","datePublished":"2019-11-05T11:00:57+00:00","dateModified":"2020-01-21T07:54:19+00:00","breadcrumb":{"@id":"https:\/\/www.anovapeneira.gal\/index.php\/2019\/11\/05\/aberta-a-preinscricion-para-o-campamento-de-conciliacion-familiar-campus-tea-nadal\/#breadcrumb"},"inLanguage":"gl-ES","potentialAction":[{"@type":"ReadAction","target":["https:\/\/www.anovapeneira.gal\/index.php\/2019\/11\/05\/aberta-a-preinscricion-para-o-campamento-de-conciliacion-familiar-campus-tea-nadal\/"]}]},{"@type":"ImageObject","inLanguage":"gl-ES","@id":"https:\/\/www.anovapeneira.gal\/index.php\/2019\/11\/05\/aberta-a-preinscricion-para-o-campamento-de-conciliacion-familiar-campus-tea-nadal\/#primaryimage","url":"https:\/\/www.anovapeneira.gal\/wp-content\/uploads\/2019\/11\/foto_campus_tea_nadal_a_nova_peneira.jpg","contentUrl":"https:\/\/www.anovapeneira.gal\/wp-content\/uploads\/2019\/11\/foto_campus_tea_nadal_a_nova_peneira.jpg","width":720,"height":432,"caption":"Campus Tea Nadal A Nova Peneira"},{"@type":"BreadcrumbList","@id":"https:\/\/www.anovapeneira.gal\/index.php\/2019\/11\/05\/aberta-a-preinscricion-para-o-campamento-de-conciliacion-familiar-campus-tea-nadal\/#breadcrumb","itemListElement":[{"@type":"ListItem","position":1,"name":"Portada","item":"https:\/\/www.anovapeneira.gal\/"},{"@type":"ListItem","position":2,"name":"Aberta a preinscrici\u00f3n para o campamento de conciliaci\u00f3n familiar Campus Tea Nadal"}]},{"@type":"WebSite","@id":"https:\/\/www.anovapeneira.gal\/#website","url":"https:\/\/www.anovapeneira.gal\/","name":"","description":"Xornal galego de informaci\u00f3n xeral Publicaci\u00f3n mensual de novas de Galicia e en especial dos Concellos da sur da provincia de Pontevedra.","publisher":{"@id":"https:\/\/www.anovapeneira.gal\/#organization"},"potentialAction":[{"@type":"SearchAction","target":{"@type":"EntryPoint","urlTemplate":"https:\/\/www.anovapeneira.gal\/?s={search_term_string}"},"query-input":{"@type":"PropertyValueSpecification","valueRequired":true,"valueName":"search_term_string"}}],"inLanguage":"gl-ES"},{"@type":"Organization","@id":"https:\/\/www.anovapeneira.gal\/#organization","name":"A Nova Peneira","url":"https:\/\/www.anovapeneira.gal\/","logo":{"@type":"ImageObject","inLanguage":"gl-ES","@id":"https:\/\/www.anovapeneira.gal\/#\/schema\/logo\/image\/","url":"http:\/\/www.anovapeneira.gal\/wp-content\/uploads\/2019\/06\/logo_a_nova_peneira_portal_web.png","contentUrl":"http:\/\/www.anovapeneira.gal\/wp-content\/uploads\/2019\/06\/logo_a_nova_peneira_portal_web.png","width":300,"height":100,"caption":"A Nova Peneira"},"image":{"@id":"https:\/\/www.anovapeneira.gal\/#\/schema\/logo\/image\/"},"sameAs":["https:\/\/www.facebook.com\/anovapeneira","https:\/\/x.com\/APeneira"]},{"@type":"Person","@id":"https:\/\/www.anovapeneira.gal\/#\/schema\/person\/b93e3f8932e3f8da96334607eb6ac6aa","name":"Redacci\u00f3n A Nova Peneira","image":{"@type":"ImageObject","inLanguage":"gl-ES","@id":"https:\/\/secure.gravatar.com\/avatar\/c052a2551a06e23fac63626232eaa90abd78dbcf1700fc46a2b2c89fd27b735f?s=96&d=mm&r=g","url":"https:\/\/secure.gravatar.com\/avatar\/c052a2551a06e23fac63626232eaa90abd78dbcf1700fc46a2b2c89fd27b735f?s=96&d=mm&r=g","contentUrl":"https:\/\/secure.gravatar.com\/avatar\/c052a2551a06e23fac63626232eaa90abd78dbcf1700fc46a2b2c89fd27b735f?s=96&d=mm&r=g","caption":"Redacci\u00f3n A Nova Peneira"},"sameAs":["http:\/\/www.anovapeneira.gal\/"],"url":"https:\/\/www.anovapeneira.gal\/index.php\/author\/redactor\/"}]}},"jetpack_featured_media_url":"https:\/\/www.anovapeneira.gal\/wp-content\/uploads\/2019\/11\/foto_campus_tea_nadal_a_nova_peneira.jpg","_links":{"self":[{"href":"https:\/\/www.anovapeneira.gal\/index.php\/wp-json\/wp\/v2\/posts\/1681","targetHints":{"allow":["GET"]}}],"collection":[{"href":"https:\/\/www.anovapeneira.gal\/index.php\/wp-json\/wp\/v2\/posts"}],"about":[{"href":"https:\/\/www.anovapeneira.gal\/index.php\/wp-json\/wp\/v2\/types\/post"}],"author":[{"embeddable":true,"href":"https:\/\/www.anovapeneira.gal\/index.php\/wp-json\/wp\/v2\/users\/3"}],"replies":[{"embeddable":true,"href":"https:\/\/www.anovapeneira.gal\/index.php\/wp-json\/wp\/v2\/comments?post=1681"}],"version-history":[{"count":1,"href":"https:\/\/www.anovapeneira.gal\/index.php\/wp-json\/wp\/v2\/posts\/1681\/revisions"}],"predecessor-version":[{"id":1684,"href":"https:\/\/www.anovapeneira.gal\/index.php\/wp-json\/wp\/v2\/posts\/1681\/revisions\/1684"}],"wp:featuredmedia":[{"embeddable":true,"href":"https:\/\/www.anovapeneira.gal\/index.php\/wp-json\/wp\/v2\/media\/1683"}],"wp:attachment":[{"href":"https:\/\/www.anovapeneira.gal\/index.php\/wp-json\/wp\/v2\/media?parent=1681"}],"wp:term":[{"taxonomy":"category","embeddable":true,"href":"https:\/\/www.anovapeneira.gal\/index.php\/wp-json\/wp\/v2\/categories?post=1681"},{"taxonomy":"post_tag","embeddable":true,"href":"https:\/\/www.anovapeneira.gal\/index.php\/wp-json\/wp\/v2\/tags?post=1681"}],"curies":[{"name":"wp","href":"https:\/\/api.w.org\/{rel}","templated":true}]}}