{"id":1694,"date":"2019-11-06T12:00:34","date_gmt":"2019-11-06T11:00:34","guid":{"rendered":"http:\/\/www.anovapeneira.gal\/?p=1694"},"modified":"2019-11-03T19:05:11","modified_gmt":"2019-11-03T18:05:11","slug":"recortes-cero-grupo-verde-reclama-desde-porrino-estar-nos-debates-electorais","status":"publish","type":"post","link":"https:\/\/www.anovapeneira.gal\/index.php\/2019\/11\/06\/recortes-cero-grupo-verde-reclama-desde-porrino-estar-nos-debates-electorais\/","title":{"rendered":"Recortes Cero-Grupo Verde reclama desde Porri\u00f1o estar nos debates electorais"},"content":{"rendered":"\n<p>Desde Porri\u00f1o, onde Recortes Cero-Grupo Verde celebrou un acto de campa\u00f1a,<strong> Pastora Fern\u00e1ndez,<\/strong> cabeza de lista por Pontevedra, defendeu que <em>\u201co m\u00e1is significativo do primeiro debate televisado entre os candidatos dos sete grandes partidos, non foi o que vimos, sen\u00f3n o que non se dixo\u201d<\/em>. Segundo <strong>Pastora Fern\u00e1ndez<\/strong><em><strong> \u201c<\/strong>ningu\u00e9n falou de redistribuci\u00f3n da riqueza, e ningu\u00e9n denunciou que \u201cM\u00e1is proc\u00e9s \u00e9 m\u00e1is recortes\u201d<\/em>\u201d, en referencia \u00e1 campa\u00f1a que a coalici\u00f3n lanzou en todo o pa\u00eds, \u201c<em>pola unidade do pobo en toda Espa\u00f1a fronte aos recortes\u201d<\/em>.<\/p>\n\n\n\n<p><em>\u201c\u00c9 necesaria a presenza de Recortes Cero-Grupo Verde, para que estas posici\u00f3ns, que comparte moita xente de esquerdas e moitos progresistas, estean presentes\u201d<\/em> asegurou a cabeza de lista, remarcando que<em> \u201cGabriel Ruf\u00edan presentouse como defensor do di\u00e1logo, pero ningu\u00e9n lle recordou que intentaron impo\u00f1er de forma antidemocr\u00e1tica unha independencia unilateral co apoio de s\u00f3 un terzo do censo\u201d<\/em>. En referencia \u00e1 intervenci\u00f3n do portavoz de ERC, asegurou que <em>\u201cmentres defend\u00eda \u201cmedidas sociais\u201d ningu\u00e9n denunciaba que os gobernos do proc\u00e9s executaron m\u00e1is recortes sociais que Esperanza Aguirre, e mentres sinalaba \u201co perigo de que a dereita goberne en Espa\u00f1a\u201d<\/em> <em>ningu\u00e9n lle recordaba que ERC soste\u00f1en a Torra, representante do pensamento m\u00e1is xen\u00f3fobo, como president da Generalitat\u201d.<\/em><\/p>\n\n\n\n<p>No mesmo acto,<strong> Carlos V\u00e1zquez<\/strong>, candidato ao Senado chamou a atenci\u00f3n sobre que <em>\u201cno debate de onte ningu\u00e9n defendeu realmente a redistribuci\u00f3n da riqueza, malia que un informe acaba de revelar que o 1% m\u00e1is rico en Espa\u00f1a pos\u00fae o 47% de toda a riqueza financeira\u201d<\/em>. Carlos V\u00e1zquez asegurou na s\u00faa intervenci\u00f3n que<strong> \u201cen Espa\u00f1a hai di\u00f1eiro, o problema \u00e9 quen llo queda, s\u00f3 fai falta vontade pol\u00edtica para impulsar medidas de redistribuci\u00f3n da riqueza\u201d.<\/strong><\/p>\n\n\n\n<p><strong>Recortes Cero-Grupo Verde<\/strong> prop\u00f3n unha moratoria e unha auditor\u00eda da d\u00e9beda para <em>\u201cacabar co atraco da d\u00e9beda, unha reivindicaci\u00f3n do 15-M hoxe silenciada que servir\u00eda para revertir todos os recortes en sanidade, educaci\u00f3n, ciencia e cultura\u201d.<\/em> <\/p>\n","protected":false},"excerpt":{"rendered":"<div class=\"mh-excerpt\"><p>Desde Porri\u00f1o, Recortes Cero-Grupo Verde celebrou un acto de campa\u00f1a, Pastora Fern\u00e1ndez <a class=\"mh-excerpt-more\" href=\"https:\/\/www.anovapeneira.gal\/index.php\/2019\/11\/06\/recortes-cero-grupo-verde-reclama-desde-porrino-estar-nos-debates-electorais\/\" title=\"Recortes Cero-Grupo Verde reclama desde Porri\u00f1o estar nos debates electorais\">[&#8230;]<\/a><\/p>\n<\/div>","protected":false},"author":3,"featured_media":1696,"comment_status":"open","ping_status":"open","sticky":false,"template":"","format":"standard","meta":{"_exactmetrics_skip_tracking":false,"_exactmetrics_sitenote_active":false,"_exactmetrics_sitenote_note":"","_exactmetrics_sitenote_category":0,"footnotes":""},"categories":[23],"tags":[736,411,737,12],"class_list":{"0":"post-1694","1":"post","2":"type-post","3":"status-publish","4":"format-standard","5":"has-post-thumbnail","7":"category-a-lourina","8":"tag-cero-grupo-verde","9":"tag-concello-do-porrino","10":"tag-pastora-fernandez","11":"tag-politica"},"yoast_head":"<!-- This site is optimized with the Yoast SEO plugin v27.4 - https:\/\/yoast.com\/product\/yoast-seo-wordpress\/ -->\n<title>Recortes Cero-Grupo Verde reclama desde Porri\u00f1o estar nos debates electorais -<\/title>\n<meta name=\"robots\" content=\"index, follow, max-snippet:-1, max-image-preview:large, max-video-preview:-1\" \/>\n<link rel=\"canonical\" href=\"https:\/\/www.anovapeneira.gal\/index.php\/2019\/11\/06\/recortes-cero-grupo-verde-reclama-desde-porrino-estar-nos-debates-electorais\/\" \/>\n<meta property=\"og:locale\" content=\"gl_ES\" \/>\n<meta property=\"og:type\" content=\"article\" \/>\n<meta property=\"og:title\" content=\"Recortes Cero-Grupo Verde reclama desde Porri\u00f1o estar nos debates electorais -\" \/>\n<meta property=\"og:description\" content=\"Desde Porri\u00f1o, Recortes Cero-Grupo Verde celebrou un acto de campa\u00f1a, Pastora Fern\u00e1ndez [...]\" \/>\n<meta property=\"og:url\" content=\"https:\/\/www.anovapeneira.gal\/index.php\/2019\/11\/06\/recortes-cero-grupo-verde-reclama-desde-porrino-estar-nos-debates-electorais\/\" \/>\n<meta property=\"article:publisher\" content=\"https:\/\/www.facebook.com\/anovapeneira\" \/>\n<meta property=\"article:published_time\" content=\"2019-11-06T11:00:34+00:00\" \/>\n<meta property=\"og:image\" content=\"https:\/\/www.anovapeneira.gal\/wp-content\/uploads\/2019\/11\/pastora_Porrinho_a_nova_peneira.jpg\" \/>\n\t<meta property=\"og:image:width\" content=\"720\" \/>\n\t<meta property=\"og:image:height\" content=\"432\" \/>\n\t<meta property=\"og:image:type\" content=\"image\/jpeg\" \/>\n<meta name=\"author\" content=\"Redacci\u00f3n A Nova Peneira\" \/>\n<meta name=\"twitter:card\" content=\"summary_large_image\" \/>\n<meta name=\"twitter:creator\" content=\"@APeneira\" \/>\n<meta name=\"twitter:site\" content=\"@APeneira\" \/>\n<meta name=\"twitter:label1\" content=\"Escrito por\" \/>\n\t<meta name=\"twitter:data1\" content=\"Redacci\u00f3n A Nova Peneira\" \/>\n\t<meta name=\"twitter:label2\" content=\"Tempo de lectura\" \/>\n\t<meta name=\"twitter:data2\" content=\"2 minutos\" \/>\n<script type=\"application\/ld+json\" class=\"yoast-schema-graph\">{\"@context\":\"https:\\\/\\\/schema.org\",\"@graph\":[{\"@type\":\"Article\",\"@id\":\"https:\\\/\\\/www.anovapeneira.gal\\\/index.php\\\/2019\\\/11\\\/06\\\/recortes-cero-grupo-verde-reclama-desde-porrino-estar-nos-debates-electorais\\\/#article\",\"isPartOf\":{\"@id\":\"https:\\\/\\\/www.anovapeneira.gal\\\/index.php\\\/2019\\\/11\\\/06\\\/recortes-cero-grupo-verde-reclama-desde-porrino-estar-nos-debates-electorais\\\/\"},\"author\":{\"name\":\"Redacci\u00f3n A Nova Peneira\",\"@id\":\"https:\\\/\\\/www.anovapeneira.gal\\\/#\\\/schema\\\/person\\\/b93e3f8932e3f8da96334607eb6ac6aa\"},\"headline\":\"Recortes Cero-Grupo Verde reclama desde Porri\u00f1o estar nos debates electorais\",\"datePublished\":\"2019-11-06T11:00:34+00:00\",\"mainEntityOfPage\":{\"@id\":\"https:\\\/\\\/www.anovapeneira.gal\\\/index.php\\\/2019\\\/11\\\/06\\\/recortes-cero-grupo-verde-reclama-desde-porrino-estar-nos-debates-electorais\\\/\"},\"wordCount\":368,\"commentCount\":0,\"publisher\":{\"@id\":\"https:\\\/\\\/www.anovapeneira.gal\\\/#organization\"},\"image\":{\"@id\":\"https:\\\/\\\/www.anovapeneira.gal\\\/index.php\\\/2019\\\/11\\\/06\\\/recortes-cero-grupo-verde-reclama-desde-porrino-estar-nos-debates-electorais\\\/#primaryimage\"},\"thumbnailUrl\":\"https:\\\/\\\/www.anovapeneira.gal\\\/wp-content\\\/uploads\\\/2019\\\/11\\\/pastora_Porrinho_a_nova_peneira.jpg\",\"keywords\":[\"Cero-Grupo Verde\",\"Concello do Porri\u00f1o\",\"Pastora Fern\u00e1ndez\",\"Pol\u00edtica\"],\"articleSection\":[\"A Louri\u00f1a\"],\"inLanguage\":\"gl-ES\",\"potentialAction\":[{\"@type\":\"CommentAction\",\"name\":\"Comment\",\"target\":[\"https:\\\/\\\/www.anovapeneira.gal\\\/index.php\\\/2019\\\/11\\\/06\\\/recortes-cero-grupo-verde-reclama-desde-porrino-estar-nos-debates-electorais\\\/#respond\"]}]},{\"@type\":\"WebPage\",\"@id\":\"https:\\\/\\\/www.anovapeneira.gal\\\/index.php\\\/2019\\\/11\\\/06\\\/recortes-cero-grupo-verde-reclama-desde-porrino-estar-nos-debates-electorais\\\/\",\"url\":\"https:\\\/\\\/www.anovapeneira.gal\\\/index.php\\\/2019\\\/11\\\/06\\\/recortes-cero-grupo-verde-reclama-desde-porrino-estar-nos-debates-electorais\\\/\",\"name\":\"Recortes Cero-Grupo Verde reclama desde Porri\u00f1o estar nos debates electorais -\",\"isPartOf\":{\"@id\":\"https:\\\/\\\/www.anovapeneira.gal\\\/#website\"},\"primaryImageOfPage\":{\"@id\":\"https:\\\/\\\/www.anovapeneira.gal\\\/index.php\\\/2019\\\/11\\\/06\\\/recortes-cero-grupo-verde-reclama-desde-porrino-estar-nos-debates-electorais\\\/#primaryimage\"},\"image\":{\"@id\":\"https:\\\/\\\/www.anovapeneira.gal\\\/index.php\\\/2019\\\/11\\\/06\\\/recortes-cero-grupo-verde-reclama-desde-porrino-estar-nos-debates-electorais\\\/#primaryimage\"},\"thumbnailUrl\":\"https:\\\/\\\/www.anovapeneira.gal\\\/wp-content\\\/uploads\\\/2019\\\/11\\\/pastora_Porrinho_a_nova_peneira.jpg\",\"datePublished\":\"2019-11-06T11:00:34+00:00\",\"breadcrumb\":{\"@id\":\"https:\\\/\\\/www.anovapeneira.gal\\\/index.php\\\/2019\\\/11\\\/06\\\/recortes-cero-grupo-verde-reclama-desde-porrino-estar-nos-debates-electorais\\\/#breadcrumb\"},\"inLanguage\":\"gl-ES\",\"potentialAction\":[{\"@type\":\"ReadAction\",\"target\":[\"https:\\\/\\\/www.anovapeneira.gal\\\/index.php\\\/2019\\\/11\\\/06\\\/recortes-cero-grupo-verde-reclama-desde-porrino-estar-nos-debates-electorais\\\/\"]}]},{\"@type\":\"ImageObject\",\"inLanguage\":\"gl-ES\",\"@id\":\"https:\\\/\\\/www.anovapeneira.gal\\\/index.php\\\/2019\\\/11\\\/06\\\/recortes-cero-grupo-verde-reclama-desde-porrino-estar-nos-debates-electorais\\\/#primaryimage\",\"url\":\"https:\\\/\\\/www.anovapeneira.gal\\\/wp-content\\\/uploads\\\/2019\\\/11\\\/pastora_Porrinho_a_nova_peneira.jpg\",\"contentUrl\":\"https:\\\/\\\/www.anovapeneira.gal\\\/wp-content\\\/uploads\\\/2019\\\/11\\\/pastora_Porrinho_a_nova_peneira.jpg\",\"width\":720,\"height\":432,\"caption\":\"Recortes Cero-Grupo Verde celebrou un acto de campa\u00f1a, Pastora Fern\u00e1ndez Concello do Porri\u00f1o A Nova Peneira\"},{\"@type\":\"BreadcrumbList\",\"@id\":\"https:\\\/\\\/www.anovapeneira.gal\\\/index.php\\\/2019\\\/11\\\/06\\\/recortes-cero-grupo-verde-reclama-desde-porrino-estar-nos-debates-electorais\\\/#breadcrumb\",\"itemListElement\":[{\"@type\":\"ListItem\",\"position\":1,\"name\":\"Portada\",\"item\":\"https:\\\/\\\/www.anovapeneira.gal\\\/\"},{\"@type\":\"ListItem\",\"position\":2,\"name\":\"Recortes Cero-Grupo Verde reclama desde Porri\u00f1o estar nos debates electorais\"}]},{\"@type\":\"WebSite\",\"@id\":\"https:\\\/\\\/www.anovapeneira.gal\\\/#website\",\"url\":\"https:\\\/\\\/www.anovapeneira.gal\\\/\",\"name\":\"\",\"description\":\"Xornal galego de informaci\u00f3n xeral Publicaci\u00f3n mensual de novas de Galicia e en especial dos Concellos da sur da provincia de Pontevedra.\",\"publisher\":{\"@id\":\"https:\\\/\\\/www.anovapeneira.gal\\\/#organization\"},\"potentialAction\":[{\"@type\":\"SearchAction\",\"target\":{\"@type\":\"EntryPoint\",\"urlTemplate\":\"https:\\\/\\\/www.anovapeneira.gal\\\/?s={search_term_string}\"},\"query-input\":{\"@type\":\"PropertyValueSpecification\",\"valueRequired\":true,\"valueName\":\"search_term_string\"}}],\"inLanguage\":\"gl-ES\"},{\"@type\":\"Organization\",\"@id\":\"https:\\\/\\\/www.anovapeneira.gal\\\/#organization\",\"name\":\"A Nova Peneira\",\"url\":\"https:\\\/\\\/www.anovapeneira.gal\\\/\",\"logo\":{\"@type\":\"ImageObject\",\"inLanguage\":\"gl-ES\",\"@id\":\"https:\\\/\\\/www.anovapeneira.gal\\\/#\\\/schema\\\/logo\\\/image\\\/\",\"url\":\"http:\\\/\\\/www.anovapeneira.gal\\\/wp-content\\\/uploads\\\/2019\\\/06\\\/logo_a_nova_peneira_portal_web.png\",\"contentUrl\":\"http:\\\/\\\/www.anovapeneira.gal\\\/wp-content\\\/uploads\\\/2019\\\/06\\\/logo_a_nova_peneira_portal_web.png\",\"width\":300,\"height\":100,\"caption\":\"A Nova Peneira\"},\"image\":{\"@id\":\"https:\\\/\\\/www.anovapeneira.gal\\\/#\\\/schema\\\/logo\\\/image\\\/\"},\"sameAs\":[\"https:\\\/\\\/www.facebook.com\\\/anovapeneira\",\"https:\\\/\\\/x.com\\\/APeneira\"]},{\"@type\":\"Person\",\"@id\":\"https:\\\/\\\/www.anovapeneira.gal\\\/#\\\/schema\\\/person\\\/b93e3f8932e3f8da96334607eb6ac6aa\",\"name\":\"Redacci\u00f3n A Nova Peneira\",\"image\":{\"@type\":\"ImageObject\",\"inLanguage\":\"gl-ES\",\"@id\":\"https:\\\/\\\/secure.gravatar.com\\\/avatar\\\/c052a2551a06e23fac63626232eaa90abd78dbcf1700fc46a2b2c89fd27b735f?s=96&d=mm&r=g\",\"url\":\"https:\\\/\\\/secure.gravatar.com\\\/avatar\\\/c052a2551a06e23fac63626232eaa90abd78dbcf1700fc46a2b2c89fd27b735f?s=96&d=mm&r=g\",\"contentUrl\":\"https:\\\/\\\/secure.gravatar.com\\\/avatar\\\/c052a2551a06e23fac63626232eaa90abd78dbcf1700fc46a2b2c89fd27b735f?s=96&d=mm&r=g\",\"caption\":\"Redacci\u00f3n A Nova Peneira\"},\"sameAs\":[\"http:\\\/\\\/www.anovapeneira.gal\\\/\"],\"url\":\"https:\\\/\\\/www.anovapeneira.gal\\\/index.php\\\/author\\\/redactor\\\/\"}]}<\/script>\n<!-- \/ Yoast SEO plugin. -->","yoast_head_json":{"title":"Recortes Cero-Grupo Verde reclama desde Porri\u00f1o estar nos debates electorais -","robots":{"index":"index","follow":"follow","max-snippet":"max-snippet:-1","max-image-preview":"max-image-preview:large","max-video-preview":"max-video-preview:-1"},"canonical":"https:\/\/www.anovapeneira.gal\/index.php\/2019\/11\/06\/recortes-cero-grupo-verde-reclama-desde-porrino-estar-nos-debates-electorais\/","og_locale":"gl_ES","og_type":"article","og_title":"Recortes Cero-Grupo Verde reclama desde Porri\u00f1o estar nos debates electorais -","og_description":"Desde Porri\u00f1o, Recortes Cero-Grupo Verde celebrou un acto de campa\u00f1a, Pastora Fern\u00e1ndez [...]","og_url":"https:\/\/www.anovapeneira.gal\/index.php\/2019\/11\/06\/recortes-cero-grupo-verde-reclama-desde-porrino-estar-nos-debates-electorais\/","article_publisher":"https:\/\/www.facebook.com\/anovapeneira","article_published_time":"2019-11-06T11:00:34+00:00","og_image":[{"width":720,"height":432,"url":"https:\/\/www.anovapeneira.gal\/wp-content\/uploads\/2019\/11\/pastora_Porrinho_a_nova_peneira.jpg","type":"image\/jpeg"}],"author":"Redacci\u00f3n A Nova Peneira","twitter_card":"summary_large_image","twitter_creator":"@APeneira","twitter_site":"@APeneira","twitter_misc":{"Escrito por":"Redacci\u00f3n A Nova Peneira","Tempo de lectura":"2 minutos"},"schema":{"@context":"https:\/\/schema.org","@graph":[{"@type":"Article","@id":"https:\/\/www.anovapeneira.gal\/index.php\/2019\/11\/06\/recortes-cero-grupo-verde-reclama-desde-porrino-estar-nos-debates-electorais\/#article","isPartOf":{"@id":"https:\/\/www.anovapeneira.gal\/index.php\/2019\/11\/06\/recortes-cero-grupo-verde-reclama-desde-porrino-estar-nos-debates-electorais\/"},"author":{"name":"Redacci\u00f3n A Nova Peneira","@id":"https:\/\/www.anovapeneira.gal\/#\/schema\/person\/b93e3f8932e3f8da96334607eb6ac6aa"},"headline":"Recortes Cero-Grupo Verde reclama desde Porri\u00f1o estar nos debates electorais","datePublished":"2019-11-06T11:00:34+00:00","mainEntityOfPage":{"@id":"https:\/\/www.anovapeneira.gal\/index.php\/2019\/11\/06\/recortes-cero-grupo-verde-reclama-desde-porrino-estar-nos-debates-electorais\/"},"wordCount":368,"commentCount":0,"publisher":{"@id":"https:\/\/www.anovapeneira.gal\/#organization"},"image":{"@id":"https:\/\/www.anovapeneira.gal\/index.php\/2019\/11\/06\/recortes-cero-grupo-verde-reclama-desde-porrino-estar-nos-debates-electorais\/#primaryimage"},"thumbnailUrl":"https:\/\/www.anovapeneira.gal\/wp-content\/uploads\/2019\/11\/pastora_Porrinho_a_nova_peneira.jpg","keywords":["Cero-Grupo Verde","Concello do Porri\u00f1o","Pastora Fern\u00e1ndez","Pol\u00edtica"],"articleSection":["A Louri\u00f1a"],"inLanguage":"gl-ES","potentialAction":[{"@type":"CommentAction","name":"Comment","target":["https:\/\/www.anovapeneira.gal\/index.php\/2019\/11\/06\/recortes-cero-grupo-verde-reclama-desde-porrino-estar-nos-debates-electorais\/#respond"]}]},{"@type":"WebPage","@id":"https:\/\/www.anovapeneira.gal\/index.php\/2019\/11\/06\/recortes-cero-grupo-verde-reclama-desde-porrino-estar-nos-debates-electorais\/","url":"https:\/\/www.anovapeneira.gal\/index.php\/2019\/11\/06\/recortes-cero-grupo-verde-reclama-desde-porrino-estar-nos-debates-electorais\/","name":"Recortes Cero-Grupo Verde reclama desde Porri\u00f1o estar nos debates electorais -","isPartOf":{"@id":"https:\/\/www.anovapeneira.gal\/#website"},"primaryImageOfPage":{"@id":"https:\/\/www.anovapeneira.gal\/index.php\/2019\/11\/06\/recortes-cero-grupo-verde-reclama-desde-porrino-estar-nos-debates-electorais\/#primaryimage"},"image":{"@id":"https:\/\/www.anovapeneira.gal\/index.php\/2019\/11\/06\/recortes-cero-grupo-verde-reclama-desde-porrino-estar-nos-debates-electorais\/#primaryimage"},"thumbnailUrl":"https:\/\/www.anovapeneira.gal\/wp-content\/uploads\/2019\/11\/pastora_Porrinho_a_nova_peneira.jpg","datePublished":"2019-11-06T11:00:34+00:00","breadcrumb":{"@id":"https:\/\/www.anovapeneira.gal\/index.php\/2019\/11\/06\/recortes-cero-grupo-verde-reclama-desde-porrino-estar-nos-debates-electorais\/#breadcrumb"},"inLanguage":"gl-ES","potentialAction":[{"@type":"ReadAction","target":["https:\/\/www.anovapeneira.gal\/index.php\/2019\/11\/06\/recortes-cero-grupo-verde-reclama-desde-porrino-estar-nos-debates-electorais\/"]}]},{"@type":"ImageObject","inLanguage":"gl-ES","@id":"https:\/\/www.anovapeneira.gal\/index.php\/2019\/11\/06\/recortes-cero-grupo-verde-reclama-desde-porrino-estar-nos-debates-electorais\/#primaryimage","url":"https:\/\/www.anovapeneira.gal\/wp-content\/uploads\/2019\/11\/pastora_Porrinho_a_nova_peneira.jpg","contentUrl":"https:\/\/www.anovapeneira.gal\/wp-content\/uploads\/2019\/11\/pastora_Porrinho_a_nova_peneira.jpg","width":720,"height":432,"caption":"Recortes Cero-Grupo Verde celebrou un acto de campa\u00f1a, Pastora Fern\u00e1ndez Concello do Porri\u00f1o A Nova Peneira"},{"@type":"BreadcrumbList","@id":"https:\/\/www.anovapeneira.gal\/index.php\/2019\/11\/06\/recortes-cero-grupo-verde-reclama-desde-porrino-estar-nos-debates-electorais\/#breadcrumb","itemListElement":[{"@type":"ListItem","position":1,"name":"Portada","item":"https:\/\/www.anovapeneira.gal\/"},{"@type":"ListItem","position":2,"name":"Recortes Cero-Grupo Verde reclama desde Porri\u00f1o estar nos debates electorais"}]},{"@type":"WebSite","@id":"https:\/\/www.anovapeneira.gal\/#website","url":"https:\/\/www.anovapeneira.gal\/","name":"","description":"Xornal galego de informaci\u00f3n xeral Publicaci\u00f3n mensual de novas de Galicia e en especial dos Concellos da sur da provincia de Pontevedra.","publisher":{"@id":"https:\/\/www.anovapeneira.gal\/#organization"},"potentialAction":[{"@type":"SearchAction","target":{"@type":"EntryPoint","urlTemplate":"https:\/\/www.anovapeneira.gal\/?s={search_term_string}"},"query-input":{"@type":"PropertyValueSpecification","valueRequired":true,"valueName":"search_term_string"}}],"inLanguage":"gl-ES"},{"@type":"Organization","@id":"https:\/\/www.anovapeneira.gal\/#organization","name":"A Nova Peneira","url":"https:\/\/www.anovapeneira.gal\/","logo":{"@type":"ImageObject","inLanguage":"gl-ES","@id":"https:\/\/www.anovapeneira.gal\/#\/schema\/logo\/image\/","url":"http:\/\/www.anovapeneira.gal\/wp-content\/uploads\/2019\/06\/logo_a_nova_peneira_portal_web.png","contentUrl":"http:\/\/www.anovapeneira.gal\/wp-content\/uploads\/2019\/06\/logo_a_nova_peneira_portal_web.png","width":300,"height":100,"caption":"A Nova Peneira"},"image":{"@id":"https:\/\/www.anovapeneira.gal\/#\/schema\/logo\/image\/"},"sameAs":["https:\/\/www.facebook.com\/anovapeneira","https:\/\/x.com\/APeneira"]},{"@type":"Person","@id":"https:\/\/www.anovapeneira.gal\/#\/schema\/person\/b93e3f8932e3f8da96334607eb6ac6aa","name":"Redacci\u00f3n A Nova Peneira","image":{"@type":"ImageObject","inLanguage":"gl-ES","@id":"https:\/\/secure.gravatar.com\/avatar\/c052a2551a06e23fac63626232eaa90abd78dbcf1700fc46a2b2c89fd27b735f?s=96&d=mm&r=g","url":"https:\/\/secure.gravatar.com\/avatar\/c052a2551a06e23fac63626232eaa90abd78dbcf1700fc46a2b2c89fd27b735f?s=96&d=mm&r=g","contentUrl":"https:\/\/secure.gravatar.com\/avatar\/c052a2551a06e23fac63626232eaa90abd78dbcf1700fc46a2b2c89fd27b735f?s=96&d=mm&r=g","caption":"Redacci\u00f3n A Nova Peneira"},"sameAs":["http:\/\/www.anovapeneira.gal\/"],"url":"https:\/\/www.anovapeneira.gal\/index.php\/author\/redactor\/"}]}},"jetpack_featured_media_url":"https:\/\/www.anovapeneira.gal\/wp-content\/uploads\/2019\/11\/pastora_Porrinho_a_nova_peneira.jpg","_links":{"self":[{"href":"https:\/\/www.anovapeneira.gal\/index.php\/wp-json\/wp\/v2\/posts\/1694","targetHints":{"allow":["GET"]}}],"collection":[{"href":"https:\/\/www.anovapeneira.gal\/index.php\/wp-json\/wp\/v2\/posts"}],"about":[{"href":"https:\/\/www.anovapeneira.gal\/index.php\/wp-json\/wp\/v2\/types\/post"}],"author":[{"embeddable":true,"href":"https:\/\/www.anovapeneira.gal\/index.php\/wp-json\/wp\/v2\/users\/3"}],"replies":[{"embeddable":true,"href":"https:\/\/www.anovapeneira.gal\/index.php\/wp-json\/wp\/v2\/comments?post=1694"}],"version-history":[{"count":2,"href":"https:\/\/www.anovapeneira.gal\/index.php\/wp-json\/wp\/v2\/posts\/1694\/revisions"}],"predecessor-version":[{"id":1698,"href":"https:\/\/www.anovapeneira.gal\/index.php\/wp-json\/wp\/v2\/posts\/1694\/revisions\/1698"}],"wp:featuredmedia":[{"embeddable":true,"href":"https:\/\/www.anovapeneira.gal\/index.php\/wp-json\/wp\/v2\/media\/1696"}],"wp:attachment":[{"href":"https:\/\/www.anovapeneira.gal\/index.php\/wp-json\/wp\/v2\/media?parent=1694"}],"wp:term":[{"taxonomy":"category","embeddable":true,"href":"https:\/\/www.anovapeneira.gal\/index.php\/wp-json\/wp\/v2\/categories?post=1694"},{"taxonomy":"post_tag","embeddable":true,"href":"https:\/\/www.anovapeneira.gal\/index.php\/wp-json\/wp\/v2\/tags?post=1694"}],"curies":[{"name":"wp","href":"https:\/\/api.w.org\/{rel}","templated":true}]}}