{"id":1711,"date":"2019-11-07T14:00:26","date_gmt":"2019-11-07T13:00:26","guid":{"rendered":"http:\/\/www.anovapeneira.gal\/?p=1711"},"modified":"2019-11-03T21:37:38","modified_gmt":"2019-11-03T20:37:38","slug":"a-feira-de-artesania-de-ponte-caldelas-unha-autentica-mostra-da-creatividade-e-os-oficios-tradicionais-galegos","status":"publish","type":"post","link":"https:\/\/www.anovapeneira.gal\/index.php\/2019\/11\/07\/a-feira-de-artesania-de-ponte-caldelas-unha-autentica-mostra-da-creatividade-e-os-oficios-tradicionais-galegos\/","title":{"rendered":"A Feira de Artesan\u00eda de Ponte Caldelas, unha aut\u00e9ntica mostra da creatividade e os oficios tradicionais galegos"},"content":{"rendered":"\n<h2 class=\"wp-block-heading\">\u00c9 o primeiro ano que esta Feira se celebra na Praza de Espa\u00f1a e dende primeira hora contou con moita participaci\u00f3n<\/h2>\n\n\n\n<p><strong>Ponte Caldelas, 3 de novembro do 2019 <\/strong><\/p>\n\n\n\n<p>Ponte\nCaldelas acolle nesta xornada, ata as 20:00 da tarde, a IV Feira de\nArtesan\u00eda, unha aut\u00e9ntica escolma non s\u00f3 do traballo dos artes\u00e1ns,\nsen\u00f3n dos \u00faltimos profesionais de oficios tradicionais, como a\nelaboraci\u00f3n de zocos e tamancas, reparaci\u00f3n de cadeiras de montar e\nobxectos de vidro. Unha cita que se celebrou, por primeira vez, nunha\ncarpa na Praza de Espa\u00f1a de Ponte Caldelas. \n<\/p>\n\n\n\n<p>A\nfeira contou coa participaci\u00f3n de 33 artes\u00e1ns. O p\u00fablico que se\nachegou a esta cita ademais de poder participar en diversos\nobradoiros, como o obradoiro de xab\u00f3ns (para nenos de menos de 11\nanos) e obradoiro de fieltro (para m\u00e1is de 11 anos), tam\u00e9n puideron\nasistir a unha charla de alimentaci\u00f3n saudable, a cargo de Bel\u00e9n\nVent\u00edn, ademais tam\u00e9n puideron desfrutar da exposici\u00f3n de Marcos\nMari\u00f1o \u201cTallas en madeira feitas con motoserra\u201d, do recuncho de\nxogos en familia (un espazo que pola tarde contou con servizo de\nmonitores) e como non, da m\u00fasica tradicional que estivo presente ao\nlongo de toda a xornada a cargo do grupo dos Coribantes. \n<\/p>\n\n\n\n<p>O\nGoberno local apoia a iniciativa e agradece o traballo de\norganizaci\u00f3n a cargo da Asociaci\u00f3n Cultural das Mi\u00f1as Mans, toda\nunha garant\u00eda, dado que os expositores valoran especialmente que o\nevento est\u00e1 concibido por xente do sector e para apoiar ao sector.\nEsta circunstancia explica que moitos deles repitan por terceiro\ncuarto ano consecutivo.<\/p>\n\n\n\n<p>Nos\npostos podemos atopar creaci\u00f3ns artes\u00e1ns tales como roupa de l\u00e1,\ntallado de vidro, madeira tallada, cer\u00e1mica, todo tipo de\ncomplementos de bisuter\u00eda, bolsos, esculturas feitas con area,\nmarionetas, xoguetes de madeira, xab\u00f3ns naturais, coiro, debuxos de\narte rupestre, exposici\u00f3n de minerais e moitas m\u00e1is cousas. Houbo\ntam\u00e9n un oco para a gastronom\u00eda cun posto de cervexa Meiga e tam\u00e9n\ncoa degustaci\u00f3n de pan vegano, filloas e galletas artes\u00e1ns. \n<\/p>\n\n\n\n<p>Os\nasistentes acheg\u00e1ronse especialmente ao posto de Marta Bueno, unha\nguarnicioneira de Rebordelo (Ponte Caldelas) que \u00e9 unha das poucas\nque repara cadeiras de montar e mesmo restaura calesas, unha\naut\u00e9ntica especialista no mundo do cabalo. Tam\u00e9n o sector do vidro\nfoi outro dos reclamos, as\u00ed como toda a artesan\u00eda que xira ao redor\nda bisuter\u00eda, o ganchillo e a calceta. Sen esquecer a cer\u00e1mica con\nmotivos de arte rupestre que trouxo o obradoiro Sibeiro, de\nSoutomaior.<\/p>\n\n\n\n<p>Unha\nxornada de moito ambiente que pechar\u00e1 as s\u00faas portas \u00e1s 20:00 e\nque tal e como dixo o alcalde \u201cvolveu a deixar claro unha vez m\u00e1is\nque Ponte Caldelas est\u00e1 de moda\u201d. Tanto D\u00edaz como a organizaci\u00f3n\nvaloraron positivamente a nova ubicaci\u00f3n desta Feira, que dende este\nano se celebrar\u00e1 \u201cno coraz\u00f3n do pobo, ao lado dunha das Prazas\nm\u00e1is significativas da nosa vila\u201d. \n<\/p>\n","protected":false},"excerpt":{"rendered":"<div class=\"mh-excerpt\"><p>\u00c9 o primeiro ano que esta Feira se celebra na Praza de Espa\u00f1a e dende primeira hora contou con moita participaci\u00f3n <a class=\"mh-excerpt-more\" href=\"https:\/\/www.anovapeneira.gal\/index.php\/2019\/11\/07\/a-feira-de-artesania-de-ponte-caldelas-unha-autentica-mostra-da-creatividade-e-os-oficios-tradicionais-galegos\/\" title=\"A Feira de Artesan\u00eda de Ponte Caldelas, unha aut\u00e9ntica mostra da creatividade e os oficios tradicionais galegos\">[&#8230;]<\/a><\/p>\n<\/div>","protected":false},"author":3,"featured_media":1712,"comment_status":"open","ping_status":"open","sticky":false,"template":"","format":"standard","meta":{"_exactmetrics_skip_tracking":false,"_exactmetrics_sitenote_active":false,"_exactmetrics_sitenote_note":"","_exactmetrics_sitenote_category":0,"footnotes":""},"categories":[26],"tags":[688,128,748],"class_list":{"0":"post-1711","1":"post","2":"type-post","3":"status-publish","4":"format-standard","5":"has-post-thumbnail","7":"category-pontevedra","8":"tag-artesania","9":"tag-concello-de-ponte-caldelas","10":"tag-oficios-tradicionais"},"yoast_head":"<!-- This site is optimized with the Yoast SEO plugin v27.4 - https:\/\/yoast.com\/product\/yoast-seo-wordpress\/ -->\n<title>A Feira de Artesan\u00eda de Ponte Caldelas, unha aut\u00e9ntica mostra da creatividade e os oficios tradicionais galegos -<\/title>\n<meta name=\"robots\" content=\"index, follow, max-snippet:-1, max-image-preview:large, max-video-preview:-1\" \/>\n<link rel=\"canonical\" href=\"https:\/\/www.anovapeneira.gal\/index.php\/2019\/11\/07\/a-feira-de-artesania-de-ponte-caldelas-unha-autentica-mostra-da-creatividade-e-os-oficios-tradicionais-galegos\/\" \/>\n<meta property=\"og:locale\" content=\"gl_ES\" \/>\n<meta property=\"og:type\" content=\"article\" \/>\n<meta property=\"og:title\" content=\"A Feira de Artesan\u00eda de Ponte Caldelas, unha aut\u00e9ntica mostra da creatividade e os oficios tradicionais galegos -\" \/>\n<meta property=\"og:description\" content=\"\u00c9 o primeiro ano que esta Feira se celebra na Praza de Espa\u00f1a e dende primeira hora contou con moita participaci\u00f3n [...]\" \/>\n<meta property=\"og:url\" content=\"https:\/\/www.anovapeneira.gal\/index.php\/2019\/11\/07\/a-feira-de-artesania-de-ponte-caldelas-unha-autentica-mostra-da-creatividade-e-os-oficios-tradicionais-galegos\/\" \/>\n<meta property=\"article:publisher\" content=\"https:\/\/www.facebook.com\/anovapeneira\" \/>\n<meta property=\"article:published_time\" content=\"2019-11-07T13:00:26+00:00\" \/>\n<meta property=\"og:image\" content=\"https:\/\/www.anovapeneira.gal\/wp-content\/uploads\/2019\/11\/FEIRA_artesania_ponte_caldelas_a_nova_peneira.jpg\" \/>\n\t<meta property=\"og:image:width\" content=\"720\" \/>\n\t<meta property=\"og:image:height\" content=\"432\" \/>\n\t<meta property=\"og:image:type\" content=\"image\/jpeg\" \/>\n<meta name=\"author\" content=\"Redacci\u00f3n A Nova Peneira\" \/>\n<meta name=\"twitter:card\" content=\"summary_large_image\" \/>\n<meta name=\"twitter:creator\" content=\"@APeneira\" \/>\n<meta name=\"twitter:site\" content=\"@APeneira\" \/>\n<meta name=\"twitter:label1\" content=\"Escrito por\" \/>\n\t<meta name=\"twitter:data1\" content=\"Redacci\u00f3n A Nova Peneira\" \/>\n\t<meta name=\"twitter:label2\" content=\"Tempo de lectura\" \/>\n\t<meta name=\"twitter:data2\" content=\"3 minutos\" \/>\n<script type=\"application\/ld+json\" class=\"yoast-schema-graph\">{\"@context\":\"https:\\\/\\\/schema.org\",\"@graph\":[{\"@type\":\"Article\",\"@id\":\"https:\\\/\\\/www.anovapeneira.gal\\\/index.php\\\/2019\\\/11\\\/07\\\/a-feira-de-artesania-de-ponte-caldelas-unha-autentica-mostra-da-creatividade-e-os-oficios-tradicionais-galegos\\\/#article\",\"isPartOf\":{\"@id\":\"https:\\\/\\\/www.anovapeneira.gal\\\/index.php\\\/2019\\\/11\\\/07\\\/a-feira-de-artesania-de-ponte-caldelas-unha-autentica-mostra-da-creatividade-e-os-oficios-tradicionais-galegos\\\/\"},\"author\":{\"name\":\"Redacci\u00f3n A Nova Peneira\",\"@id\":\"https:\\\/\\\/www.anovapeneira.gal\\\/#\\\/schema\\\/person\\\/b93e3f8932e3f8da96334607eb6ac6aa\"},\"headline\":\"A Feira de Artesan\u00eda de Ponte Caldelas, unha aut\u00e9ntica mostra da creatividade e os oficios tradicionais galegos\",\"datePublished\":\"2019-11-07T13:00:26+00:00\",\"mainEntityOfPage\":{\"@id\":\"https:\\\/\\\/www.anovapeneira.gal\\\/index.php\\\/2019\\\/11\\\/07\\\/a-feira-de-artesania-de-ponte-caldelas-unha-autentica-mostra-da-creatividade-e-os-oficios-tradicionais-galegos\\\/\"},\"wordCount\":529,\"commentCount\":0,\"publisher\":{\"@id\":\"https:\\\/\\\/www.anovapeneira.gal\\\/#organization\"},\"image\":{\"@id\":\"https:\\\/\\\/www.anovapeneira.gal\\\/index.php\\\/2019\\\/11\\\/07\\\/a-feira-de-artesania-de-ponte-caldelas-unha-autentica-mostra-da-creatividade-e-os-oficios-tradicionais-galegos\\\/#primaryimage\"},\"thumbnailUrl\":\"https:\\\/\\\/www.anovapeneira.gal\\\/wp-content\\\/uploads\\\/2019\\\/11\\\/FEIRA_artesania_ponte_caldelas_a_nova_peneira.jpg\",\"keywords\":[\"Artesan\u00eda\",\"Concello de Ponte Caldelas\",\"Oficios tradicionais\"],\"articleSection\":[\"Pontevedra\"],\"inLanguage\":\"gl-ES\",\"potentialAction\":[{\"@type\":\"CommentAction\",\"name\":\"Comment\",\"target\":[\"https:\\\/\\\/www.anovapeneira.gal\\\/index.php\\\/2019\\\/11\\\/07\\\/a-feira-de-artesania-de-ponte-caldelas-unha-autentica-mostra-da-creatividade-e-os-oficios-tradicionais-galegos\\\/#respond\"]}]},{\"@type\":\"WebPage\",\"@id\":\"https:\\\/\\\/www.anovapeneira.gal\\\/index.php\\\/2019\\\/11\\\/07\\\/a-feira-de-artesania-de-ponte-caldelas-unha-autentica-mostra-da-creatividade-e-os-oficios-tradicionais-galegos\\\/\",\"url\":\"https:\\\/\\\/www.anovapeneira.gal\\\/index.php\\\/2019\\\/11\\\/07\\\/a-feira-de-artesania-de-ponte-caldelas-unha-autentica-mostra-da-creatividade-e-os-oficios-tradicionais-galegos\\\/\",\"name\":\"A Feira de Artesan\u00eda de Ponte Caldelas, unha aut\u00e9ntica mostra da creatividade e os oficios tradicionais galegos -\",\"isPartOf\":{\"@id\":\"https:\\\/\\\/www.anovapeneira.gal\\\/#website\"},\"primaryImageOfPage\":{\"@id\":\"https:\\\/\\\/www.anovapeneira.gal\\\/index.php\\\/2019\\\/11\\\/07\\\/a-feira-de-artesania-de-ponte-caldelas-unha-autentica-mostra-da-creatividade-e-os-oficios-tradicionais-galegos\\\/#primaryimage\"},\"image\":{\"@id\":\"https:\\\/\\\/www.anovapeneira.gal\\\/index.php\\\/2019\\\/11\\\/07\\\/a-feira-de-artesania-de-ponte-caldelas-unha-autentica-mostra-da-creatividade-e-os-oficios-tradicionais-galegos\\\/#primaryimage\"},\"thumbnailUrl\":\"https:\\\/\\\/www.anovapeneira.gal\\\/wp-content\\\/uploads\\\/2019\\\/11\\\/FEIRA_artesania_ponte_caldelas_a_nova_peneira.jpg\",\"datePublished\":\"2019-11-07T13:00:26+00:00\",\"breadcrumb\":{\"@id\":\"https:\\\/\\\/www.anovapeneira.gal\\\/index.php\\\/2019\\\/11\\\/07\\\/a-feira-de-artesania-de-ponte-caldelas-unha-autentica-mostra-da-creatividade-e-os-oficios-tradicionais-galegos\\\/#breadcrumb\"},\"inLanguage\":\"gl-ES\",\"potentialAction\":[{\"@type\":\"ReadAction\",\"target\":[\"https:\\\/\\\/www.anovapeneira.gal\\\/index.php\\\/2019\\\/11\\\/07\\\/a-feira-de-artesania-de-ponte-caldelas-unha-autentica-mostra-da-creatividade-e-os-oficios-tradicionais-galegos\\\/\"]}]},{\"@type\":\"ImageObject\",\"inLanguage\":\"gl-ES\",\"@id\":\"https:\\\/\\\/www.anovapeneira.gal\\\/index.php\\\/2019\\\/11\\\/07\\\/a-feira-de-artesania-de-ponte-caldelas-unha-autentica-mostra-da-creatividade-e-os-oficios-tradicionais-galegos\\\/#primaryimage\",\"url\":\"https:\\\/\\\/www.anovapeneira.gal\\\/wp-content\\\/uploads\\\/2019\\\/11\\\/FEIRA_artesania_ponte_caldelas_a_nova_peneira.jpg\",\"contentUrl\":\"https:\\\/\\\/www.anovapeneira.gal\\\/wp-content\\\/uploads\\\/2019\\\/11\\\/FEIRA_artesania_ponte_caldelas_a_nova_peneira.jpg\",\"width\":720,\"height\":432,\"caption\":\"Feria de artesan\u00eda Concello de Ponte Caldelas A Nova Peneira\"},{\"@type\":\"BreadcrumbList\",\"@id\":\"https:\\\/\\\/www.anovapeneira.gal\\\/index.php\\\/2019\\\/11\\\/07\\\/a-feira-de-artesania-de-ponte-caldelas-unha-autentica-mostra-da-creatividade-e-os-oficios-tradicionais-galegos\\\/#breadcrumb\",\"itemListElement\":[{\"@type\":\"ListItem\",\"position\":1,\"name\":\"Portada\",\"item\":\"https:\\\/\\\/www.anovapeneira.gal\\\/\"},{\"@type\":\"ListItem\",\"position\":2,\"name\":\"A Feira de Artesan\u00eda de Ponte Caldelas, unha aut\u00e9ntica mostra da creatividade e os oficios tradicionais galegos\"}]},{\"@type\":\"WebSite\",\"@id\":\"https:\\\/\\\/www.anovapeneira.gal\\\/#website\",\"url\":\"https:\\\/\\\/www.anovapeneira.gal\\\/\",\"name\":\"\",\"description\":\"Xornal galego de informaci\u00f3n xeral Publicaci\u00f3n mensual de novas de Galicia e en especial dos Concellos da sur da provincia de Pontevedra.\",\"publisher\":{\"@id\":\"https:\\\/\\\/www.anovapeneira.gal\\\/#organization\"},\"potentialAction\":[{\"@type\":\"SearchAction\",\"target\":{\"@type\":\"EntryPoint\",\"urlTemplate\":\"https:\\\/\\\/www.anovapeneira.gal\\\/?s={search_term_string}\"},\"query-input\":{\"@type\":\"PropertyValueSpecification\",\"valueRequired\":true,\"valueName\":\"search_term_string\"}}],\"inLanguage\":\"gl-ES\"},{\"@type\":\"Organization\",\"@id\":\"https:\\\/\\\/www.anovapeneira.gal\\\/#organization\",\"name\":\"A Nova Peneira\",\"url\":\"https:\\\/\\\/www.anovapeneira.gal\\\/\",\"logo\":{\"@type\":\"ImageObject\",\"inLanguage\":\"gl-ES\",\"@id\":\"https:\\\/\\\/www.anovapeneira.gal\\\/#\\\/schema\\\/logo\\\/image\\\/\",\"url\":\"http:\\\/\\\/www.anovapeneira.gal\\\/wp-content\\\/uploads\\\/2019\\\/06\\\/logo_a_nova_peneira_portal_web.png\",\"contentUrl\":\"http:\\\/\\\/www.anovapeneira.gal\\\/wp-content\\\/uploads\\\/2019\\\/06\\\/logo_a_nova_peneira_portal_web.png\",\"width\":300,\"height\":100,\"caption\":\"A Nova Peneira\"},\"image\":{\"@id\":\"https:\\\/\\\/www.anovapeneira.gal\\\/#\\\/schema\\\/logo\\\/image\\\/\"},\"sameAs\":[\"https:\\\/\\\/www.facebook.com\\\/anovapeneira\",\"https:\\\/\\\/x.com\\\/APeneira\"]},{\"@type\":\"Person\",\"@id\":\"https:\\\/\\\/www.anovapeneira.gal\\\/#\\\/schema\\\/person\\\/b93e3f8932e3f8da96334607eb6ac6aa\",\"name\":\"Redacci\u00f3n A Nova Peneira\",\"image\":{\"@type\":\"ImageObject\",\"inLanguage\":\"gl-ES\",\"@id\":\"https:\\\/\\\/secure.gravatar.com\\\/avatar\\\/c052a2551a06e23fac63626232eaa90abd78dbcf1700fc46a2b2c89fd27b735f?s=96&d=mm&r=g\",\"url\":\"https:\\\/\\\/secure.gravatar.com\\\/avatar\\\/c052a2551a06e23fac63626232eaa90abd78dbcf1700fc46a2b2c89fd27b735f?s=96&d=mm&r=g\",\"contentUrl\":\"https:\\\/\\\/secure.gravatar.com\\\/avatar\\\/c052a2551a06e23fac63626232eaa90abd78dbcf1700fc46a2b2c89fd27b735f?s=96&d=mm&r=g\",\"caption\":\"Redacci\u00f3n A Nova Peneira\"},\"sameAs\":[\"http:\\\/\\\/www.anovapeneira.gal\\\/\"],\"url\":\"https:\\\/\\\/www.anovapeneira.gal\\\/index.php\\\/author\\\/redactor\\\/\"}]}<\/script>\n<!-- \/ Yoast SEO plugin. -->","yoast_head_json":{"title":"A Feira de Artesan\u00eda de Ponte Caldelas, unha aut\u00e9ntica mostra da creatividade e os oficios tradicionais galegos -","robots":{"index":"index","follow":"follow","max-snippet":"max-snippet:-1","max-image-preview":"max-image-preview:large","max-video-preview":"max-video-preview:-1"},"canonical":"https:\/\/www.anovapeneira.gal\/index.php\/2019\/11\/07\/a-feira-de-artesania-de-ponte-caldelas-unha-autentica-mostra-da-creatividade-e-os-oficios-tradicionais-galegos\/","og_locale":"gl_ES","og_type":"article","og_title":"A Feira de Artesan\u00eda de Ponte Caldelas, unha aut\u00e9ntica mostra da creatividade e os oficios tradicionais galegos -","og_description":"\u00c9 o primeiro ano que esta Feira se celebra na Praza de Espa\u00f1a e dende primeira hora contou con moita participaci\u00f3n [...]","og_url":"https:\/\/www.anovapeneira.gal\/index.php\/2019\/11\/07\/a-feira-de-artesania-de-ponte-caldelas-unha-autentica-mostra-da-creatividade-e-os-oficios-tradicionais-galegos\/","article_publisher":"https:\/\/www.facebook.com\/anovapeneira","article_published_time":"2019-11-07T13:00:26+00:00","og_image":[{"width":720,"height":432,"url":"https:\/\/www.anovapeneira.gal\/wp-content\/uploads\/2019\/11\/FEIRA_artesania_ponte_caldelas_a_nova_peneira.jpg","type":"image\/jpeg"}],"author":"Redacci\u00f3n A Nova Peneira","twitter_card":"summary_large_image","twitter_creator":"@APeneira","twitter_site":"@APeneira","twitter_misc":{"Escrito por":"Redacci\u00f3n A Nova Peneira","Tempo de lectura":"3 minutos"},"schema":{"@context":"https:\/\/schema.org","@graph":[{"@type":"Article","@id":"https:\/\/www.anovapeneira.gal\/index.php\/2019\/11\/07\/a-feira-de-artesania-de-ponte-caldelas-unha-autentica-mostra-da-creatividade-e-os-oficios-tradicionais-galegos\/#article","isPartOf":{"@id":"https:\/\/www.anovapeneira.gal\/index.php\/2019\/11\/07\/a-feira-de-artesania-de-ponte-caldelas-unha-autentica-mostra-da-creatividade-e-os-oficios-tradicionais-galegos\/"},"author":{"name":"Redacci\u00f3n A Nova Peneira","@id":"https:\/\/www.anovapeneira.gal\/#\/schema\/person\/b93e3f8932e3f8da96334607eb6ac6aa"},"headline":"A Feira de Artesan\u00eda de Ponte Caldelas, unha aut\u00e9ntica mostra da creatividade e os oficios tradicionais galegos","datePublished":"2019-11-07T13:00:26+00:00","mainEntityOfPage":{"@id":"https:\/\/www.anovapeneira.gal\/index.php\/2019\/11\/07\/a-feira-de-artesania-de-ponte-caldelas-unha-autentica-mostra-da-creatividade-e-os-oficios-tradicionais-galegos\/"},"wordCount":529,"commentCount":0,"publisher":{"@id":"https:\/\/www.anovapeneira.gal\/#organization"},"image":{"@id":"https:\/\/www.anovapeneira.gal\/index.php\/2019\/11\/07\/a-feira-de-artesania-de-ponte-caldelas-unha-autentica-mostra-da-creatividade-e-os-oficios-tradicionais-galegos\/#primaryimage"},"thumbnailUrl":"https:\/\/www.anovapeneira.gal\/wp-content\/uploads\/2019\/11\/FEIRA_artesania_ponte_caldelas_a_nova_peneira.jpg","keywords":["Artesan\u00eda","Concello de Ponte Caldelas","Oficios tradicionais"],"articleSection":["Pontevedra"],"inLanguage":"gl-ES","potentialAction":[{"@type":"CommentAction","name":"Comment","target":["https:\/\/www.anovapeneira.gal\/index.php\/2019\/11\/07\/a-feira-de-artesania-de-ponte-caldelas-unha-autentica-mostra-da-creatividade-e-os-oficios-tradicionais-galegos\/#respond"]}]},{"@type":"WebPage","@id":"https:\/\/www.anovapeneira.gal\/index.php\/2019\/11\/07\/a-feira-de-artesania-de-ponte-caldelas-unha-autentica-mostra-da-creatividade-e-os-oficios-tradicionais-galegos\/","url":"https:\/\/www.anovapeneira.gal\/index.php\/2019\/11\/07\/a-feira-de-artesania-de-ponte-caldelas-unha-autentica-mostra-da-creatividade-e-os-oficios-tradicionais-galegos\/","name":"A Feira de Artesan\u00eda de Ponte Caldelas, unha aut\u00e9ntica mostra da creatividade e os oficios tradicionais galegos -","isPartOf":{"@id":"https:\/\/www.anovapeneira.gal\/#website"},"primaryImageOfPage":{"@id":"https:\/\/www.anovapeneira.gal\/index.php\/2019\/11\/07\/a-feira-de-artesania-de-ponte-caldelas-unha-autentica-mostra-da-creatividade-e-os-oficios-tradicionais-galegos\/#primaryimage"},"image":{"@id":"https:\/\/www.anovapeneira.gal\/index.php\/2019\/11\/07\/a-feira-de-artesania-de-ponte-caldelas-unha-autentica-mostra-da-creatividade-e-os-oficios-tradicionais-galegos\/#primaryimage"},"thumbnailUrl":"https:\/\/www.anovapeneira.gal\/wp-content\/uploads\/2019\/11\/FEIRA_artesania_ponte_caldelas_a_nova_peneira.jpg","datePublished":"2019-11-07T13:00:26+00:00","breadcrumb":{"@id":"https:\/\/www.anovapeneira.gal\/index.php\/2019\/11\/07\/a-feira-de-artesania-de-ponte-caldelas-unha-autentica-mostra-da-creatividade-e-os-oficios-tradicionais-galegos\/#breadcrumb"},"inLanguage":"gl-ES","potentialAction":[{"@type":"ReadAction","target":["https:\/\/www.anovapeneira.gal\/index.php\/2019\/11\/07\/a-feira-de-artesania-de-ponte-caldelas-unha-autentica-mostra-da-creatividade-e-os-oficios-tradicionais-galegos\/"]}]},{"@type":"ImageObject","inLanguage":"gl-ES","@id":"https:\/\/www.anovapeneira.gal\/index.php\/2019\/11\/07\/a-feira-de-artesania-de-ponte-caldelas-unha-autentica-mostra-da-creatividade-e-os-oficios-tradicionais-galegos\/#primaryimage","url":"https:\/\/www.anovapeneira.gal\/wp-content\/uploads\/2019\/11\/FEIRA_artesania_ponte_caldelas_a_nova_peneira.jpg","contentUrl":"https:\/\/www.anovapeneira.gal\/wp-content\/uploads\/2019\/11\/FEIRA_artesania_ponte_caldelas_a_nova_peneira.jpg","width":720,"height":432,"caption":"Feria de artesan\u00eda Concello de Ponte Caldelas A Nova Peneira"},{"@type":"BreadcrumbList","@id":"https:\/\/www.anovapeneira.gal\/index.php\/2019\/11\/07\/a-feira-de-artesania-de-ponte-caldelas-unha-autentica-mostra-da-creatividade-e-os-oficios-tradicionais-galegos\/#breadcrumb","itemListElement":[{"@type":"ListItem","position":1,"name":"Portada","item":"https:\/\/www.anovapeneira.gal\/"},{"@type":"ListItem","position":2,"name":"A Feira de Artesan\u00eda de Ponte Caldelas, unha aut\u00e9ntica mostra da creatividade e os oficios tradicionais galegos"}]},{"@type":"WebSite","@id":"https:\/\/www.anovapeneira.gal\/#website","url":"https:\/\/www.anovapeneira.gal\/","name":"","description":"Xornal galego de informaci\u00f3n xeral Publicaci\u00f3n mensual de novas de Galicia e en especial dos Concellos da sur da provincia de Pontevedra.","publisher":{"@id":"https:\/\/www.anovapeneira.gal\/#organization"},"potentialAction":[{"@type":"SearchAction","target":{"@type":"EntryPoint","urlTemplate":"https:\/\/www.anovapeneira.gal\/?s={search_term_string}"},"query-input":{"@type":"PropertyValueSpecification","valueRequired":true,"valueName":"search_term_string"}}],"inLanguage":"gl-ES"},{"@type":"Organization","@id":"https:\/\/www.anovapeneira.gal\/#organization","name":"A Nova Peneira","url":"https:\/\/www.anovapeneira.gal\/","logo":{"@type":"ImageObject","inLanguage":"gl-ES","@id":"https:\/\/www.anovapeneira.gal\/#\/schema\/logo\/image\/","url":"http:\/\/www.anovapeneira.gal\/wp-content\/uploads\/2019\/06\/logo_a_nova_peneira_portal_web.png","contentUrl":"http:\/\/www.anovapeneira.gal\/wp-content\/uploads\/2019\/06\/logo_a_nova_peneira_portal_web.png","width":300,"height":100,"caption":"A Nova Peneira"},"image":{"@id":"https:\/\/www.anovapeneira.gal\/#\/schema\/logo\/image\/"},"sameAs":["https:\/\/www.facebook.com\/anovapeneira","https:\/\/x.com\/APeneira"]},{"@type":"Person","@id":"https:\/\/www.anovapeneira.gal\/#\/schema\/person\/b93e3f8932e3f8da96334607eb6ac6aa","name":"Redacci\u00f3n A Nova Peneira","image":{"@type":"ImageObject","inLanguage":"gl-ES","@id":"https:\/\/secure.gravatar.com\/avatar\/c052a2551a06e23fac63626232eaa90abd78dbcf1700fc46a2b2c89fd27b735f?s=96&d=mm&r=g","url":"https:\/\/secure.gravatar.com\/avatar\/c052a2551a06e23fac63626232eaa90abd78dbcf1700fc46a2b2c89fd27b735f?s=96&d=mm&r=g","contentUrl":"https:\/\/secure.gravatar.com\/avatar\/c052a2551a06e23fac63626232eaa90abd78dbcf1700fc46a2b2c89fd27b735f?s=96&d=mm&r=g","caption":"Redacci\u00f3n A Nova Peneira"},"sameAs":["http:\/\/www.anovapeneira.gal\/"],"url":"https:\/\/www.anovapeneira.gal\/index.php\/author\/redactor\/"}]}},"jetpack_featured_media_url":"https:\/\/www.anovapeneira.gal\/wp-content\/uploads\/2019\/11\/FEIRA_artesania_ponte_caldelas_a_nova_peneira.jpg","_links":{"self":[{"href":"https:\/\/www.anovapeneira.gal\/index.php\/wp-json\/wp\/v2\/posts\/1711","targetHints":{"allow":["GET"]}}],"collection":[{"href":"https:\/\/www.anovapeneira.gal\/index.php\/wp-json\/wp\/v2\/posts"}],"about":[{"href":"https:\/\/www.anovapeneira.gal\/index.php\/wp-json\/wp\/v2\/types\/post"}],"author":[{"embeddable":true,"href":"https:\/\/www.anovapeneira.gal\/index.php\/wp-json\/wp\/v2\/users\/3"}],"replies":[{"embeddable":true,"href":"https:\/\/www.anovapeneira.gal\/index.php\/wp-json\/wp\/v2\/comments?post=1711"}],"version-history":[{"count":1,"href":"https:\/\/www.anovapeneira.gal\/index.php\/wp-json\/wp\/v2\/posts\/1711\/revisions"}],"predecessor-version":[{"id":1713,"href":"https:\/\/www.anovapeneira.gal\/index.php\/wp-json\/wp\/v2\/posts\/1711\/revisions\/1713"}],"wp:featuredmedia":[{"embeddable":true,"href":"https:\/\/www.anovapeneira.gal\/index.php\/wp-json\/wp\/v2\/media\/1712"}],"wp:attachment":[{"href":"https:\/\/www.anovapeneira.gal\/index.php\/wp-json\/wp\/v2\/media?parent=1711"}],"wp:term":[{"taxonomy":"category","embeddable":true,"href":"https:\/\/www.anovapeneira.gal\/index.php\/wp-json\/wp\/v2\/categories?post=1711"},{"taxonomy":"post_tag","embeddable":true,"href":"https:\/\/www.anovapeneira.gal\/index.php\/wp-json\/wp\/v2\/tags?post=1711"}],"curies":[{"name":"wp","href":"https:\/\/api.w.org\/{rel}","templated":true}]}}