{"id":1714,"date":"2019-11-08T12:00:32","date_gmt":"2019-11-08T11:00:32","guid":{"rendered":"http:\/\/www.anovapeneira.gal\/?p=1714"},"modified":"2019-11-03T21:46:18","modified_gmt":"2019-11-03T20:46:18","slug":"os-principais-paises-de-fala-portuguesa-estaran-no-foro-da-cooperacion-municipalista-da-lusofonia","status":"publish","type":"post","link":"https:\/\/www.anovapeneira.gal\/index.php\/2019\/11\/08\/os-principais-paises-de-fala-portuguesa-estaran-no-foro-da-cooperacion-municipalista-da-lusofonia\/","title":{"rendered":"Os principais pa\u00edses de fala portuguesa estar\u00e1n no Foro da Cooperaci\u00f3n Municipalista da Lusofon\u00eda"},"content":{"rendered":"\n<h2 class=\"wp-block-heading\"><strong>Autoridades de Portugal, Brasil, Guinea-Bissau, Angola, Mozambique, Cabo Verde e S\u00e3o Tom\u00e9 debater\u00e1n sobre o papel dos municipios no desenvolvemento<\/strong><\/h2>\n\n\n\n<h2 class=\"wp-block-heading\"><strong>O encontro organizado polo Fondo Galego de Cooperaci\u00f3n celebrarase os d\u00edas 12 e 13 de novembro en Santiago de Compostela co apoio da Xunta de Galicia<\/strong><\/h2>\n\n\n\n<p> <strong>Pontevedra, 31 de outubro de 2019<\/strong><\/p>\n\n\n\n<p>Representantes\nde Portugal, Brasil, Guinea-Bissau, Angola, Mozambique, Cabo Verde ou\nS\u00e3o Tom\u00e9 e Pr\u00edncipe participar\u00e1n os d\u00edas 12 e 13 de novembro no\nForo da Cooperaci\u00f3n Municipalista da Lusofon\u00eda: os municipios,\npezas clave do desenvolvemento. O <a href=\"http:\/\/www.fondogalego.org\/web\/\">Fondo\nGalego de Cooperaci\u00f3n e Solidariedade<\/a>\norganiza estas xornadas co obxectivo de <strong>achegar\na realidade dos pa\u00edses de fala portuguesa \u00e1s autoridades locais\ngalegas<\/strong>\ne, ao tempo, reflexionar sobre as relevantes achegas dos gobernos\nmunicipais \u00e1 consecuci\u00f3n dos <a href=\"https:\/\/www.un.org\/sustainabledevelopment\/es\/objetivos-de-desarrollo-sostenible\/\">Obxectivos\nde Desenvolvemento Sostible<\/a>\nfixados pola ONU. O encontro celebrarase na Escola Galega de\nAdministraci\u00f3n P\u00fablica, en Santiago de Compostela, e as persoas\ninteresadas en asistir poden inscribirse no correo\ncomunicacion@fondogalego.org.<\/p>\n\n\n\n<p>O Foro da Cooperaci\u00f3n Municipalista da Lusofon\u00eda abrirase \u00e1s 10 horas cun discurso da alcaldesa de Boane, Mar\u00eda Cupane, como voceira da Rede Mozambicana de Mulleres Autarcas. O primeiro debate da xornada xirar\u00e1 arredor da <strong>implementaci\u00f3n dos ODS no eido local<\/strong> e contar\u00e1 con membros das asociaci\u00f3ns de municipios de distintos pa\u00edses, entre eles o que fora ministro brasileiro Edinho Silva. Representantes de concellos galegos como San Sadurni\u00f1o e As Pontes estar\u00e1n na mesa de boas pr\u00e1cticas a partir das 15.30 horas.<\/p>\n\n\n\n<p>A segunda xornada do encontro dar\u00e1 a co\u00f1ecer a partir das 9.30 horas as <strong>experiencias da cooperaci\u00f3n galega con pa\u00edses de lingua oficial portuguesa<\/strong>, coa intervenci\u00f3n entre outras de entidades como a Coordinadora Galega de ONGD, CETMAR, CEIDA ou Cooperaci\u00f3n Galega. Na seguinte sesi\u00f3n as alianzas entre o municipalismo da comunidade lus\u00f3fona exemplificaranse con casos actuais coma os do Concello de Ames, a Uni\u00f3n de Cidades Capitais de Lingua Portuguesa ou a Rede Intermunicipal de Coopera\u00e7\u00e3o ao Desenvolvimento, de Portugal. O encontro pecharase cos primeiros pasos para a creaci\u00f3n dunha <strong>Rede de autoridades locais da Lusofon\u00eda polos ODS<\/strong> e coa declaraci\u00f3n \u2018Solidariedade al\u00e9n da lingua\u2019.<\/p>\n\n\n\n<p>\n<strong>O Fondo Galego<\/strong><\/p>\n\n\n\n<p>O Fondo Galego de Cooperaci\u00f3n e Solidariedade est\u00e1 integrado por 97 concellos e as deputaci\u00f3ns de Pontevedra, A Coru\u00f1a e Lugo, que concentran a trav\u00e9s desta rede os seus esforzos no eido da cooperaci\u00f3n ao desenvolvemento. Gar\u00e1ntese deste xeito unha xesti\u00f3n profesional e transparente, as\u00ed como a realizaci\u00f3n de proxectos con impacto nos pa\u00edses do Sur e a sensibilizaci\u00f3n da sociedade galega a prol da solidariedade internacional. <strong>Reco\u00f1ecido como axencia municipal da cooperaci\u00f3n galega<\/strong>, desde a s\u00faa fundaci\u00f3n en 1997 o Fondo Galego ten desenvolvido m\u00e1is de 150 proxectos en preto de 30 pa\u00edses e promove numerosas actividades e materiais en relaci\u00f3n aos desequilibrios Norte-Sur.<\/p>\n","protected":false},"excerpt":{"rendered":"<div class=\"mh-excerpt\"><p>Autoridades de Portugal, Brasil, Guinea-Bissau, Angola, Mozambique, Cabo Verde e S\u00e3o Tom\u00e9 debater\u00e1n sobre o papel dos municipios no desenvolvemento <a class=\"mh-excerpt-more\" href=\"https:\/\/www.anovapeneira.gal\/index.php\/2019\/11\/08\/os-principais-paises-de-fala-portuguesa-estaran-no-foro-da-cooperacion-municipalista-da-lusofonia\/\" title=\"Os principais pa\u00edses de fala portuguesa estar\u00e1n no Foro da Cooperaci\u00f3n Municipalista da Lusofon\u00eda\">[&#8230;]<\/a><\/p>\n<\/div>","protected":false},"author":3,"featured_media":1715,"comment_status":"open","ping_status":"open","sticky":false,"template":"","format":"standard","meta":{"_exactmetrics_skip_tracking":false,"_exactmetrics_sitenote_active":false,"_exactmetrics_sitenote_note":"","_exactmetrics_sitenote_category":0,"footnotes":""},"categories":[263],"tags":[749,750,674,751],"class_list":{"0":"post-1714","1":"post","2":"type-post","3":"status-publish","4":"format-standard","5":"has-post-thumbnail","7":"category-novas","8":"tag-cooperacion-municipalista-da-lusofonia","9":"tag-fala-portuguesa","10":"tag-fondo-galego-de-cooperacion-e-solidariedade","11":"tag-obxectivos-de-desenvolvemento-sostible"},"yoast_head":"<!-- This site is optimized with the Yoast SEO plugin v27.4 - https:\/\/yoast.com\/product\/yoast-seo-wordpress\/ -->\n<title>Os principais pa\u00edses de fala portuguesa estar\u00e1n no Foro da Cooperaci\u00f3n Municipalista da Lusofon\u00eda -<\/title>\n<meta name=\"robots\" content=\"index, follow, max-snippet:-1, max-image-preview:large, max-video-preview:-1\" \/>\n<link rel=\"canonical\" href=\"https:\/\/www.anovapeneira.gal\/index.php\/2019\/11\/08\/os-principais-paises-de-fala-portuguesa-estaran-no-foro-da-cooperacion-municipalista-da-lusofonia\/\" \/>\n<meta property=\"og:locale\" content=\"gl_ES\" \/>\n<meta property=\"og:type\" content=\"article\" \/>\n<meta property=\"og:title\" content=\"Os principais pa\u00edses de fala portuguesa estar\u00e1n no Foro da Cooperaci\u00f3n Municipalista da Lusofon\u00eda -\" \/>\n<meta property=\"og:description\" content=\"Autoridades de Portugal, Brasil, Guinea-Bissau, Angola, Mozambique, Cabo Verde e S\u00e3o Tom\u00e9 debater\u00e1n sobre o papel dos municipios no desenvolvemento [...]\" \/>\n<meta property=\"og:url\" content=\"https:\/\/www.anovapeneira.gal\/index.php\/2019\/11\/08\/os-principais-paises-de-fala-portuguesa-estaran-no-foro-da-cooperacion-municipalista-da-lusofonia\/\" \/>\n<meta property=\"article:publisher\" content=\"https:\/\/www.facebook.com\/anovapeneira\" \/>\n<meta property=\"article:published_time\" content=\"2019-11-08T11:00:32+00:00\" \/>\n<meta property=\"og:image\" content=\"https:\/\/www.anovapeneira.gal\/wp-content\/uploads\/2019\/11\/deposito_auga_lusofonia_a_nova_peneira.jpg\" \/>\n\t<meta property=\"og:image:width\" content=\"720\" \/>\n\t<meta property=\"og:image:height\" content=\"432\" \/>\n\t<meta property=\"og:image:type\" content=\"image\/jpeg\" \/>\n<meta name=\"author\" content=\"Redacci\u00f3n A Nova Peneira\" \/>\n<meta name=\"twitter:card\" content=\"summary_large_image\" \/>\n<meta name=\"twitter:creator\" content=\"@APeneira\" \/>\n<meta name=\"twitter:site\" content=\"@APeneira\" \/>\n<meta name=\"twitter:label1\" content=\"Escrito por\" \/>\n\t<meta name=\"twitter:data1\" content=\"Redacci\u00f3n A Nova Peneira\" \/>\n\t<meta name=\"twitter:label2\" content=\"Tempo de lectura\" \/>\n\t<meta name=\"twitter:data2\" content=\"2 minutos\" \/>\n<script type=\"application\/ld+json\" class=\"yoast-schema-graph\">{\"@context\":\"https:\\\/\\\/schema.org\",\"@graph\":[{\"@type\":\"Article\",\"@id\":\"https:\\\/\\\/www.anovapeneira.gal\\\/index.php\\\/2019\\\/11\\\/08\\\/os-principais-paises-de-fala-portuguesa-estaran-no-foro-da-cooperacion-municipalista-da-lusofonia\\\/#article\",\"isPartOf\":{\"@id\":\"https:\\\/\\\/www.anovapeneira.gal\\\/index.php\\\/2019\\\/11\\\/08\\\/os-principais-paises-de-fala-portuguesa-estaran-no-foro-da-cooperacion-municipalista-da-lusofonia\\\/\"},\"author\":{\"name\":\"Redacci\u00f3n A Nova Peneira\",\"@id\":\"https:\\\/\\\/www.anovapeneira.gal\\\/#\\\/schema\\\/person\\\/b93e3f8932e3f8da96334607eb6ac6aa\"},\"headline\":\"Os principais pa\u00edses de fala portuguesa estar\u00e1n no Foro da Cooperaci\u00f3n Municipalista da Lusofon\u00eda\",\"datePublished\":\"2019-11-08T11:00:32+00:00\",\"mainEntityOfPage\":{\"@id\":\"https:\\\/\\\/www.anovapeneira.gal\\\/index.php\\\/2019\\\/11\\\/08\\\/os-principais-paises-de-fala-portuguesa-estaran-no-foro-da-cooperacion-municipalista-da-lusofonia\\\/\"},\"wordCount\":512,\"commentCount\":0,\"publisher\":{\"@id\":\"https:\\\/\\\/www.anovapeneira.gal\\\/#organization\"},\"image\":{\"@id\":\"https:\\\/\\\/www.anovapeneira.gal\\\/index.php\\\/2019\\\/11\\\/08\\\/os-principais-paises-de-fala-portuguesa-estaran-no-foro-da-cooperacion-municipalista-da-lusofonia\\\/#primaryimage\"},\"thumbnailUrl\":\"https:\\\/\\\/www.anovapeneira.gal\\\/wp-content\\\/uploads\\\/2019\\\/11\\\/deposito_auga_lusofonia_a_nova_peneira.jpg\",\"keywords\":[\"Cooperaci\u00f3n Municipalista da Lusofon\u00eda\",\"Fala portuguesa\",\"Fondo Galego de Cooperaci\u00f3n e Solidariedade\",\"Obxectivos de Desenvolvemento Sostible\"],\"articleSection\":[\"Novas\"],\"inLanguage\":\"gl-ES\",\"potentialAction\":[{\"@type\":\"CommentAction\",\"name\":\"Comment\",\"target\":[\"https:\\\/\\\/www.anovapeneira.gal\\\/index.php\\\/2019\\\/11\\\/08\\\/os-principais-paises-de-fala-portuguesa-estaran-no-foro-da-cooperacion-municipalista-da-lusofonia\\\/#respond\"]}]},{\"@type\":\"WebPage\",\"@id\":\"https:\\\/\\\/www.anovapeneira.gal\\\/index.php\\\/2019\\\/11\\\/08\\\/os-principais-paises-de-fala-portuguesa-estaran-no-foro-da-cooperacion-municipalista-da-lusofonia\\\/\",\"url\":\"https:\\\/\\\/www.anovapeneira.gal\\\/index.php\\\/2019\\\/11\\\/08\\\/os-principais-paises-de-fala-portuguesa-estaran-no-foro-da-cooperacion-municipalista-da-lusofonia\\\/\",\"name\":\"Os principais pa\u00edses de fala portuguesa estar\u00e1n no Foro da Cooperaci\u00f3n Municipalista da Lusofon\u00eda -\",\"isPartOf\":{\"@id\":\"https:\\\/\\\/www.anovapeneira.gal\\\/#website\"},\"primaryImageOfPage\":{\"@id\":\"https:\\\/\\\/www.anovapeneira.gal\\\/index.php\\\/2019\\\/11\\\/08\\\/os-principais-paises-de-fala-portuguesa-estaran-no-foro-da-cooperacion-municipalista-da-lusofonia\\\/#primaryimage\"},\"image\":{\"@id\":\"https:\\\/\\\/www.anovapeneira.gal\\\/index.php\\\/2019\\\/11\\\/08\\\/os-principais-paises-de-fala-portuguesa-estaran-no-foro-da-cooperacion-municipalista-da-lusofonia\\\/#primaryimage\"},\"thumbnailUrl\":\"https:\\\/\\\/www.anovapeneira.gal\\\/wp-content\\\/uploads\\\/2019\\\/11\\\/deposito_auga_lusofonia_a_nova_peneira.jpg\",\"datePublished\":\"2019-11-08T11:00:32+00:00\",\"breadcrumb\":{\"@id\":\"https:\\\/\\\/www.anovapeneira.gal\\\/index.php\\\/2019\\\/11\\\/08\\\/os-principais-paises-de-fala-portuguesa-estaran-no-foro-da-cooperacion-municipalista-da-lusofonia\\\/#breadcrumb\"},\"inLanguage\":\"gl-ES\",\"potentialAction\":[{\"@type\":\"ReadAction\",\"target\":[\"https:\\\/\\\/www.anovapeneira.gal\\\/index.php\\\/2019\\\/11\\\/08\\\/os-principais-paises-de-fala-portuguesa-estaran-no-foro-da-cooperacion-municipalista-da-lusofonia\\\/\"]}]},{\"@type\":\"ImageObject\",\"inLanguage\":\"gl-ES\",\"@id\":\"https:\\\/\\\/www.anovapeneira.gal\\\/index.php\\\/2019\\\/11\\\/08\\\/os-principais-paises-de-fala-portuguesa-estaran-no-foro-da-cooperacion-municipalista-da-lusofonia\\\/#primaryimage\",\"url\":\"https:\\\/\\\/www.anovapeneira.gal\\\/wp-content\\\/uploads\\\/2019\\\/11\\\/deposito_auga_lusofonia_a_nova_peneira.jpg\",\"contentUrl\":\"https:\\\/\\\/www.anovapeneira.gal\\\/wp-content\\\/uploads\\\/2019\\\/11\\\/deposito_auga_lusofonia_a_nova_peneira.jpg\",\"width\":720,\"height\":432,\"caption\":\"Dep\u00f3sito auga Lusofon\u00eda A Nova Peneira\"},{\"@type\":\"BreadcrumbList\",\"@id\":\"https:\\\/\\\/www.anovapeneira.gal\\\/index.php\\\/2019\\\/11\\\/08\\\/os-principais-paises-de-fala-portuguesa-estaran-no-foro-da-cooperacion-municipalista-da-lusofonia\\\/#breadcrumb\",\"itemListElement\":[{\"@type\":\"ListItem\",\"position\":1,\"name\":\"Portada\",\"item\":\"https:\\\/\\\/www.anovapeneira.gal\\\/\"},{\"@type\":\"ListItem\",\"position\":2,\"name\":\"Os principais pa\u00edses de fala portuguesa estar\u00e1n no Foro da Cooperaci\u00f3n Municipalista da Lusofon\u00eda\"}]},{\"@type\":\"WebSite\",\"@id\":\"https:\\\/\\\/www.anovapeneira.gal\\\/#website\",\"url\":\"https:\\\/\\\/www.anovapeneira.gal\\\/\",\"name\":\"\",\"description\":\"Xornal galego de informaci\u00f3n xeral Publicaci\u00f3n mensual de novas de Galicia e en especial dos Concellos da sur da provincia de Pontevedra.\",\"publisher\":{\"@id\":\"https:\\\/\\\/www.anovapeneira.gal\\\/#organization\"},\"potentialAction\":[{\"@type\":\"SearchAction\",\"target\":{\"@type\":\"EntryPoint\",\"urlTemplate\":\"https:\\\/\\\/www.anovapeneira.gal\\\/?s={search_term_string}\"},\"query-input\":{\"@type\":\"PropertyValueSpecification\",\"valueRequired\":true,\"valueName\":\"search_term_string\"}}],\"inLanguage\":\"gl-ES\"},{\"@type\":\"Organization\",\"@id\":\"https:\\\/\\\/www.anovapeneira.gal\\\/#organization\",\"name\":\"A Nova Peneira\",\"url\":\"https:\\\/\\\/www.anovapeneira.gal\\\/\",\"logo\":{\"@type\":\"ImageObject\",\"inLanguage\":\"gl-ES\",\"@id\":\"https:\\\/\\\/www.anovapeneira.gal\\\/#\\\/schema\\\/logo\\\/image\\\/\",\"url\":\"http:\\\/\\\/www.anovapeneira.gal\\\/wp-content\\\/uploads\\\/2019\\\/06\\\/logo_a_nova_peneira_portal_web.png\",\"contentUrl\":\"http:\\\/\\\/www.anovapeneira.gal\\\/wp-content\\\/uploads\\\/2019\\\/06\\\/logo_a_nova_peneira_portal_web.png\",\"width\":300,\"height\":100,\"caption\":\"A Nova Peneira\"},\"image\":{\"@id\":\"https:\\\/\\\/www.anovapeneira.gal\\\/#\\\/schema\\\/logo\\\/image\\\/\"},\"sameAs\":[\"https:\\\/\\\/www.facebook.com\\\/anovapeneira\",\"https:\\\/\\\/x.com\\\/APeneira\"]},{\"@type\":\"Person\",\"@id\":\"https:\\\/\\\/www.anovapeneira.gal\\\/#\\\/schema\\\/person\\\/b93e3f8932e3f8da96334607eb6ac6aa\",\"name\":\"Redacci\u00f3n A Nova Peneira\",\"image\":{\"@type\":\"ImageObject\",\"inLanguage\":\"gl-ES\",\"@id\":\"https:\\\/\\\/secure.gravatar.com\\\/avatar\\\/c052a2551a06e23fac63626232eaa90abd78dbcf1700fc46a2b2c89fd27b735f?s=96&d=mm&r=g\",\"url\":\"https:\\\/\\\/secure.gravatar.com\\\/avatar\\\/c052a2551a06e23fac63626232eaa90abd78dbcf1700fc46a2b2c89fd27b735f?s=96&d=mm&r=g\",\"contentUrl\":\"https:\\\/\\\/secure.gravatar.com\\\/avatar\\\/c052a2551a06e23fac63626232eaa90abd78dbcf1700fc46a2b2c89fd27b735f?s=96&d=mm&r=g\",\"caption\":\"Redacci\u00f3n A Nova Peneira\"},\"sameAs\":[\"http:\\\/\\\/www.anovapeneira.gal\\\/\"],\"url\":\"https:\\\/\\\/www.anovapeneira.gal\\\/index.php\\\/author\\\/redactor\\\/\"}]}<\/script>\n<!-- \/ Yoast SEO plugin. -->","yoast_head_json":{"title":"Os principais pa\u00edses de fala portuguesa estar\u00e1n no Foro da Cooperaci\u00f3n Municipalista da Lusofon\u00eda -","robots":{"index":"index","follow":"follow","max-snippet":"max-snippet:-1","max-image-preview":"max-image-preview:large","max-video-preview":"max-video-preview:-1"},"canonical":"https:\/\/www.anovapeneira.gal\/index.php\/2019\/11\/08\/os-principais-paises-de-fala-portuguesa-estaran-no-foro-da-cooperacion-municipalista-da-lusofonia\/","og_locale":"gl_ES","og_type":"article","og_title":"Os principais pa\u00edses de fala portuguesa estar\u00e1n no Foro da Cooperaci\u00f3n Municipalista da Lusofon\u00eda -","og_description":"Autoridades de Portugal, Brasil, Guinea-Bissau, Angola, Mozambique, Cabo Verde e S\u00e3o Tom\u00e9 debater\u00e1n sobre o papel dos municipios no desenvolvemento [...]","og_url":"https:\/\/www.anovapeneira.gal\/index.php\/2019\/11\/08\/os-principais-paises-de-fala-portuguesa-estaran-no-foro-da-cooperacion-municipalista-da-lusofonia\/","article_publisher":"https:\/\/www.facebook.com\/anovapeneira","article_published_time":"2019-11-08T11:00:32+00:00","og_image":[{"width":720,"height":432,"url":"https:\/\/www.anovapeneira.gal\/wp-content\/uploads\/2019\/11\/deposito_auga_lusofonia_a_nova_peneira.jpg","type":"image\/jpeg"}],"author":"Redacci\u00f3n A Nova Peneira","twitter_card":"summary_large_image","twitter_creator":"@APeneira","twitter_site":"@APeneira","twitter_misc":{"Escrito por":"Redacci\u00f3n A Nova Peneira","Tempo de lectura":"2 minutos"},"schema":{"@context":"https:\/\/schema.org","@graph":[{"@type":"Article","@id":"https:\/\/www.anovapeneira.gal\/index.php\/2019\/11\/08\/os-principais-paises-de-fala-portuguesa-estaran-no-foro-da-cooperacion-municipalista-da-lusofonia\/#article","isPartOf":{"@id":"https:\/\/www.anovapeneira.gal\/index.php\/2019\/11\/08\/os-principais-paises-de-fala-portuguesa-estaran-no-foro-da-cooperacion-municipalista-da-lusofonia\/"},"author":{"name":"Redacci\u00f3n A Nova Peneira","@id":"https:\/\/www.anovapeneira.gal\/#\/schema\/person\/b93e3f8932e3f8da96334607eb6ac6aa"},"headline":"Os principais pa\u00edses de fala portuguesa estar\u00e1n no Foro da Cooperaci\u00f3n Municipalista da Lusofon\u00eda","datePublished":"2019-11-08T11:00:32+00:00","mainEntityOfPage":{"@id":"https:\/\/www.anovapeneira.gal\/index.php\/2019\/11\/08\/os-principais-paises-de-fala-portuguesa-estaran-no-foro-da-cooperacion-municipalista-da-lusofonia\/"},"wordCount":512,"commentCount":0,"publisher":{"@id":"https:\/\/www.anovapeneira.gal\/#organization"},"image":{"@id":"https:\/\/www.anovapeneira.gal\/index.php\/2019\/11\/08\/os-principais-paises-de-fala-portuguesa-estaran-no-foro-da-cooperacion-municipalista-da-lusofonia\/#primaryimage"},"thumbnailUrl":"https:\/\/www.anovapeneira.gal\/wp-content\/uploads\/2019\/11\/deposito_auga_lusofonia_a_nova_peneira.jpg","keywords":["Cooperaci\u00f3n Municipalista da Lusofon\u00eda","Fala portuguesa","Fondo Galego de Cooperaci\u00f3n e Solidariedade","Obxectivos de Desenvolvemento Sostible"],"articleSection":["Novas"],"inLanguage":"gl-ES","potentialAction":[{"@type":"CommentAction","name":"Comment","target":["https:\/\/www.anovapeneira.gal\/index.php\/2019\/11\/08\/os-principais-paises-de-fala-portuguesa-estaran-no-foro-da-cooperacion-municipalista-da-lusofonia\/#respond"]}]},{"@type":"WebPage","@id":"https:\/\/www.anovapeneira.gal\/index.php\/2019\/11\/08\/os-principais-paises-de-fala-portuguesa-estaran-no-foro-da-cooperacion-municipalista-da-lusofonia\/","url":"https:\/\/www.anovapeneira.gal\/index.php\/2019\/11\/08\/os-principais-paises-de-fala-portuguesa-estaran-no-foro-da-cooperacion-municipalista-da-lusofonia\/","name":"Os principais pa\u00edses de fala portuguesa estar\u00e1n no Foro da Cooperaci\u00f3n Municipalista da Lusofon\u00eda -","isPartOf":{"@id":"https:\/\/www.anovapeneira.gal\/#website"},"primaryImageOfPage":{"@id":"https:\/\/www.anovapeneira.gal\/index.php\/2019\/11\/08\/os-principais-paises-de-fala-portuguesa-estaran-no-foro-da-cooperacion-municipalista-da-lusofonia\/#primaryimage"},"image":{"@id":"https:\/\/www.anovapeneira.gal\/index.php\/2019\/11\/08\/os-principais-paises-de-fala-portuguesa-estaran-no-foro-da-cooperacion-municipalista-da-lusofonia\/#primaryimage"},"thumbnailUrl":"https:\/\/www.anovapeneira.gal\/wp-content\/uploads\/2019\/11\/deposito_auga_lusofonia_a_nova_peneira.jpg","datePublished":"2019-11-08T11:00:32+00:00","breadcrumb":{"@id":"https:\/\/www.anovapeneira.gal\/index.php\/2019\/11\/08\/os-principais-paises-de-fala-portuguesa-estaran-no-foro-da-cooperacion-municipalista-da-lusofonia\/#breadcrumb"},"inLanguage":"gl-ES","potentialAction":[{"@type":"ReadAction","target":["https:\/\/www.anovapeneira.gal\/index.php\/2019\/11\/08\/os-principais-paises-de-fala-portuguesa-estaran-no-foro-da-cooperacion-municipalista-da-lusofonia\/"]}]},{"@type":"ImageObject","inLanguage":"gl-ES","@id":"https:\/\/www.anovapeneira.gal\/index.php\/2019\/11\/08\/os-principais-paises-de-fala-portuguesa-estaran-no-foro-da-cooperacion-municipalista-da-lusofonia\/#primaryimage","url":"https:\/\/www.anovapeneira.gal\/wp-content\/uploads\/2019\/11\/deposito_auga_lusofonia_a_nova_peneira.jpg","contentUrl":"https:\/\/www.anovapeneira.gal\/wp-content\/uploads\/2019\/11\/deposito_auga_lusofonia_a_nova_peneira.jpg","width":720,"height":432,"caption":"Dep\u00f3sito auga Lusofon\u00eda A Nova Peneira"},{"@type":"BreadcrumbList","@id":"https:\/\/www.anovapeneira.gal\/index.php\/2019\/11\/08\/os-principais-paises-de-fala-portuguesa-estaran-no-foro-da-cooperacion-municipalista-da-lusofonia\/#breadcrumb","itemListElement":[{"@type":"ListItem","position":1,"name":"Portada","item":"https:\/\/www.anovapeneira.gal\/"},{"@type":"ListItem","position":2,"name":"Os principais pa\u00edses de fala portuguesa estar\u00e1n no Foro da Cooperaci\u00f3n Municipalista da Lusofon\u00eda"}]},{"@type":"WebSite","@id":"https:\/\/www.anovapeneira.gal\/#website","url":"https:\/\/www.anovapeneira.gal\/","name":"","description":"Xornal galego de informaci\u00f3n xeral Publicaci\u00f3n mensual de novas de Galicia e en especial dos Concellos da sur da provincia de Pontevedra.","publisher":{"@id":"https:\/\/www.anovapeneira.gal\/#organization"},"potentialAction":[{"@type":"SearchAction","target":{"@type":"EntryPoint","urlTemplate":"https:\/\/www.anovapeneira.gal\/?s={search_term_string}"},"query-input":{"@type":"PropertyValueSpecification","valueRequired":true,"valueName":"search_term_string"}}],"inLanguage":"gl-ES"},{"@type":"Organization","@id":"https:\/\/www.anovapeneira.gal\/#organization","name":"A Nova Peneira","url":"https:\/\/www.anovapeneira.gal\/","logo":{"@type":"ImageObject","inLanguage":"gl-ES","@id":"https:\/\/www.anovapeneira.gal\/#\/schema\/logo\/image\/","url":"http:\/\/www.anovapeneira.gal\/wp-content\/uploads\/2019\/06\/logo_a_nova_peneira_portal_web.png","contentUrl":"http:\/\/www.anovapeneira.gal\/wp-content\/uploads\/2019\/06\/logo_a_nova_peneira_portal_web.png","width":300,"height":100,"caption":"A Nova Peneira"},"image":{"@id":"https:\/\/www.anovapeneira.gal\/#\/schema\/logo\/image\/"},"sameAs":["https:\/\/www.facebook.com\/anovapeneira","https:\/\/x.com\/APeneira"]},{"@type":"Person","@id":"https:\/\/www.anovapeneira.gal\/#\/schema\/person\/b93e3f8932e3f8da96334607eb6ac6aa","name":"Redacci\u00f3n A Nova Peneira","image":{"@type":"ImageObject","inLanguage":"gl-ES","@id":"https:\/\/secure.gravatar.com\/avatar\/c052a2551a06e23fac63626232eaa90abd78dbcf1700fc46a2b2c89fd27b735f?s=96&d=mm&r=g","url":"https:\/\/secure.gravatar.com\/avatar\/c052a2551a06e23fac63626232eaa90abd78dbcf1700fc46a2b2c89fd27b735f?s=96&d=mm&r=g","contentUrl":"https:\/\/secure.gravatar.com\/avatar\/c052a2551a06e23fac63626232eaa90abd78dbcf1700fc46a2b2c89fd27b735f?s=96&d=mm&r=g","caption":"Redacci\u00f3n A Nova Peneira"},"sameAs":["http:\/\/www.anovapeneira.gal\/"],"url":"https:\/\/www.anovapeneira.gal\/index.php\/author\/redactor\/"}]}},"jetpack_featured_media_url":"https:\/\/www.anovapeneira.gal\/wp-content\/uploads\/2019\/11\/deposito_auga_lusofonia_a_nova_peneira.jpg","_links":{"self":[{"href":"https:\/\/www.anovapeneira.gal\/index.php\/wp-json\/wp\/v2\/posts\/1714","targetHints":{"allow":["GET"]}}],"collection":[{"href":"https:\/\/www.anovapeneira.gal\/index.php\/wp-json\/wp\/v2\/posts"}],"about":[{"href":"https:\/\/www.anovapeneira.gal\/index.php\/wp-json\/wp\/v2\/types\/post"}],"author":[{"embeddable":true,"href":"https:\/\/www.anovapeneira.gal\/index.php\/wp-json\/wp\/v2\/users\/3"}],"replies":[{"embeddable":true,"href":"https:\/\/www.anovapeneira.gal\/index.php\/wp-json\/wp\/v2\/comments?post=1714"}],"version-history":[{"count":1,"href":"https:\/\/www.anovapeneira.gal\/index.php\/wp-json\/wp\/v2\/posts\/1714\/revisions"}],"predecessor-version":[{"id":1716,"href":"https:\/\/www.anovapeneira.gal\/index.php\/wp-json\/wp\/v2\/posts\/1714\/revisions\/1716"}],"wp:featuredmedia":[{"embeddable":true,"href":"https:\/\/www.anovapeneira.gal\/index.php\/wp-json\/wp\/v2\/media\/1715"}],"wp:attachment":[{"href":"https:\/\/www.anovapeneira.gal\/index.php\/wp-json\/wp\/v2\/media?parent=1714"}],"wp:term":[{"taxonomy":"category","embeddable":true,"href":"https:\/\/www.anovapeneira.gal\/index.php\/wp-json\/wp\/v2\/categories?post=1714"},{"taxonomy":"post_tag","embeddable":true,"href":"https:\/\/www.anovapeneira.gal\/index.php\/wp-json\/wp\/v2\/tags?post=1714"}],"curies":[{"name":"wp","href":"https:\/\/api.w.org\/{rel}","templated":true}]}}