{"id":1717,"date":"2019-11-08T14:00:13","date_gmt":"2019-11-08T13:00:13","guid":{"rendered":"http:\/\/www.anovapeneira.gal\/?p=1717"},"modified":"2020-01-21T08:54:11","modified_gmt":"2020-01-21T07:54:11","slug":"arima-a-primeira-longametraxe-de-jaione-camborda-podera-verse-en-galicia-inaugurando-novos-cinemas","status":"publish","type":"post","link":"https:\/\/www.anovapeneira.gal\/index.php\/2019\/11\/08\/arima-a-primeira-longametraxe-de-jaione-camborda-podera-verse-en-galicia-inaugurando-novos-cinemas\/","title":{"rendered":"Arima, a primeira longametraxe de Jaione Camborda, poder\u00e1 verse en Galicia inaugurando Novos Cinemas"},"content":{"rendered":"\n<h2 class=\"wp-block-heading\">A cineasta \u00e9 unha estreita colaboradora do festival dende os seus inicios e na actualidade tam\u00e9n est\u00e1 impartindo a formaci\u00f3n &#8220;HABITAR UN ROSTRO \/ O XESTO DUN ENCONTRO&#8221;, que o festival organiza para estudantado universitario en colaboraci\u00f3n coa UVigo<\/h2>\n\n\n\n<p> <strong>Pontevedra, 30 de outubro&nbsp;do 2019<\/strong><\/p>\n\n\n\n<p>A cuarta edici\u00f3n de Novos Cinemas &#8211; Festival Internacional de Cine de Pontevedra, que se celebrar\u00e1 entre o 10 e o 15 de decembro, acoller\u00e1 no seu acto inaugural a proxecci\u00f3n de <em><strong>Arima<\/strong><\/em>, a primeira longametraxe de Jaione Camborda, da que xa ofrecera un pequeno adianto na secci\u00f3n<em> Encontros<\/em> da pasada edici\u00f3n do festival. A cineasta, ligada a Novos Cinemas dende o nacemento do evento, foi tam\u00e9n a creadora da cabeceira do festival&nbsp;no 2017 (ver<a href=\"https:\/\/novoscinemas.us13.list-manage.com\/track\/click?u=a288638f365beba6d2544d3ec&amp;id=c917ce4a71&amp;e=f59104f6e8\"> AQU\u00cd<\/a>)&nbsp;e, na actualidade, lidera a formaci\u00f3n<em> \u201cHabitar un rostro \/ O xesto dun encontro\u201d<\/em>, que Novos Cinemas&nbsp;organiza xunto \u00e1 Universidade de Vigo e na que explora xunto a creadores e creadoras en proceso de formaci\u00f3n&nbsp;<em>\u201ca idea de relato na s\u00faa acepci\u00f3n m\u00e1is ampla\u201d<\/em>.<\/p>\n\n\n\n<figure class=\"wp-block-image\"><img loading=\"lazy\" decoding=\"async\" width=\"717\" height=\"1024\" src=\"http:\/\/www.anovapeneira.gal\/wp-content\/uploads\/2019\/11\/ARIMA_CARTAZ_a_nova_peneira-717x1024.jpg\" alt=\"ARIMA A Nova Peneira\" class=\"wp-image-1718\" srcset=\"https:\/\/www.anovapeneira.gal\/wp-content\/uploads\/2019\/11\/ARIMA_CARTAZ_a_nova_peneira-717x1024.jpg 717w, https:\/\/www.anovapeneira.gal\/wp-content\/uploads\/2019\/11\/ARIMA_CARTAZ_a_nova_peneira-210x300.jpg 210w, https:\/\/www.anovapeneira.gal\/wp-content\/uploads\/2019\/11\/ARIMA_CARTAZ_a_nova_peneira-768x1097.jpg 768w, https:\/\/www.anovapeneira.gal\/wp-content\/uploads\/2019\/11\/ARIMA_CARTAZ_a_nova_peneira.jpg 896w\" sizes=\"auto, (max-width: 717px) 100vw, 717px\" \/><\/figure>\n\n\n\n<p>O pr\u00f3ximo 10&nbsp;de decembro e abrindo esta cuarta edici\u00f3n de Novos Cinemas, o p\u00fablico poder\u00e1 gozar de <em>Arima<\/em>, un filme que narra a historia historia de catro mulleres e unha nena que se ve alterada pola chegada inesperada de dous forasteiros. Un deles foxe do outro, escond\u00e9ndose polo pobo como un ser escurridizo, fantasmag\u00f3rico e de dubidosa existencia. O outro, un home ferido e cunha arma, perturbar\u00e1 de diferentes formas a vida as mulleres. Todo iso moverase na fronteira entre o real e o imaxinado, entre o pesadelo e o so\u00f1o, entre o medo e o desexo, nunha historia impregnada de misterio.<\/p>\n","protected":false},"excerpt":{"rendered":"<div class=\"mh-excerpt\"><p>A cineasta \u00e9 unha estreita colaboradora do festival dende os seus inicios e na actualidade tam\u00e9n  <a class=\"mh-excerpt-more\" href=\"https:\/\/www.anovapeneira.gal\/index.php\/2019\/11\/08\/arima-a-primeira-longametraxe-de-jaione-camborda-podera-verse-en-galicia-inaugurando-novos-cinemas\/\" title=\"Arima, a primeira longametraxe de Jaione Camborda, poder\u00e1 verse en Galicia inaugurando Novos Cinemas\">[&#8230;]<\/a><\/p>\n<\/div>","protected":false},"author":3,"featured_media":1719,"comment_status":"open","ping_status":"open","sticky":false,"template":"","format":"standard","meta":{"_exactmetrics_skip_tracking":false,"_exactmetrics_sitenote_active":false,"_exactmetrics_sitenote_note":"","_exactmetrics_sitenote_category":0,"footnotes":""},"categories":[26],"tags":[752,753,756,755,757,754],"class_list":{"0":"post-1717","1":"post","2":"type-post","3":"status-publish","4":"format-standard","5":"has-post-thumbnail","7":"category-pontevedra","8":"tag-arima","9":"tag-cine","10":"tag-concello-de-pontevedra","11":"tag-festival-internacional-de-cine-de-pontevedra","12":"tag-jaione-camborda","13":"tag-uvigo"},"yoast_head":"<!-- This site is optimized with the Yoast SEO plugin v27.4 - https:\/\/yoast.com\/product\/yoast-seo-wordpress\/ -->\n<title>Arima, a primeira longametraxe de Jaione Camborda, poder\u00e1 verse en Galicia inaugurando Novos Cinemas -<\/title>\n<meta name=\"robots\" content=\"index, follow, max-snippet:-1, max-image-preview:large, max-video-preview:-1\" \/>\n<link rel=\"canonical\" href=\"https:\/\/www.anovapeneira.gal\/index.php\/2019\/11\/08\/arima-a-primeira-longametraxe-de-jaione-camborda-podera-verse-en-galicia-inaugurando-novos-cinemas\/\" \/>\n<meta property=\"og:locale\" content=\"gl_ES\" \/>\n<meta property=\"og:type\" content=\"article\" \/>\n<meta property=\"og:title\" content=\"Arima, a primeira longametraxe de Jaione Camborda, poder\u00e1 verse en Galicia inaugurando Novos Cinemas -\" \/>\n<meta property=\"og:description\" content=\"A cineasta \u00e9 unha estreita colaboradora do festival dende os seus inicios e na actualidade tam\u00e9n [...]\" \/>\n<meta property=\"og:url\" content=\"https:\/\/www.anovapeneira.gal\/index.php\/2019\/11\/08\/arima-a-primeira-longametraxe-de-jaione-camborda-podera-verse-en-galicia-inaugurando-novos-cinemas\/\" \/>\n<meta property=\"article:publisher\" content=\"https:\/\/www.facebook.com\/anovapeneira\" \/>\n<meta property=\"article:published_time\" content=\"2019-11-08T13:00:13+00:00\" \/>\n<meta property=\"article:modified_time\" content=\"2020-01-21T07:54:11+00:00\" \/>\n<meta property=\"og:image\" content=\"https:\/\/www.anovapeneira.gal\/wp-content\/uploads\/2019\/11\/foto_ARIMA_CARTAZ_a_nova_peneira.jpg\" \/>\n\t<meta property=\"og:image:width\" content=\"720\" \/>\n\t<meta property=\"og:image:height\" content=\"432\" \/>\n\t<meta property=\"og:image:type\" content=\"image\/jpeg\" \/>\n<meta name=\"author\" content=\"Redacci\u00f3n A Nova Peneira\" \/>\n<meta name=\"twitter:card\" content=\"summary_large_image\" \/>\n<meta name=\"twitter:creator\" content=\"@APeneira\" \/>\n<meta name=\"twitter:site\" content=\"@APeneira\" \/>\n<meta name=\"twitter:label1\" content=\"Escrito por\" \/>\n\t<meta name=\"twitter:data1\" content=\"Redacci\u00f3n A Nova Peneira\" \/>\n\t<meta name=\"twitter:label2\" content=\"Tempo de lectura\" \/>\n\t<meta name=\"twitter:data2\" content=\"1 minuto\" \/>\n<script type=\"application\/ld+json\" class=\"yoast-schema-graph\">{\"@context\":\"https:\\\/\\\/schema.org\",\"@graph\":[{\"@type\":\"Article\",\"@id\":\"https:\\\/\\\/www.anovapeneira.gal\\\/index.php\\\/2019\\\/11\\\/08\\\/arima-a-primeira-longametraxe-de-jaione-camborda-podera-verse-en-galicia-inaugurando-novos-cinemas\\\/#article\",\"isPartOf\":{\"@id\":\"https:\\\/\\\/www.anovapeneira.gal\\\/index.php\\\/2019\\\/11\\\/08\\\/arima-a-primeira-longametraxe-de-jaione-camborda-podera-verse-en-galicia-inaugurando-novos-cinemas\\\/\"},\"author\":{\"name\":\"Redacci\u00f3n A Nova Peneira\",\"@id\":\"https:\\\/\\\/www.anovapeneira.gal\\\/#\\\/schema\\\/person\\\/b93e3f8932e3f8da96334607eb6ac6aa\"},\"headline\":\"Arima, a primeira longametraxe de Jaione Camborda, poder\u00e1 verse en Galicia inaugurando Novos Cinemas\",\"datePublished\":\"2019-11-08T13:00:13+00:00\",\"dateModified\":\"2020-01-21T07:54:11+00:00\",\"mainEntityOfPage\":{\"@id\":\"https:\\\/\\\/www.anovapeneira.gal\\\/index.php\\\/2019\\\/11\\\/08\\\/arima-a-primeira-longametraxe-de-jaione-camborda-podera-verse-en-galicia-inaugurando-novos-cinemas\\\/\"},\"wordCount\":299,\"commentCount\":0,\"publisher\":{\"@id\":\"https:\\\/\\\/www.anovapeneira.gal\\\/#organization\"},\"image\":{\"@id\":\"https:\\\/\\\/www.anovapeneira.gal\\\/index.php\\\/2019\\\/11\\\/08\\\/arima-a-primeira-longametraxe-de-jaione-camborda-podera-verse-en-galicia-inaugurando-novos-cinemas\\\/#primaryimage\"},\"thumbnailUrl\":\"https:\\\/\\\/www.anovapeneira.gal\\\/wp-content\\\/uploads\\\/2019\\\/11\\\/foto_ARIMA_CARTAZ_a_nova_peneira.jpg\",\"keywords\":[\"ARIMA\",\"Cine\",\"Concello de Pontevedra\",\"Festival Internacional de Cine de Pontevedra\",\"Jaione Camborda\",\"UVigo\"],\"articleSection\":[\"Pontevedra\"],\"inLanguage\":\"gl-ES\",\"potentialAction\":[{\"@type\":\"CommentAction\",\"name\":\"Comment\",\"target\":[\"https:\\\/\\\/www.anovapeneira.gal\\\/index.php\\\/2019\\\/11\\\/08\\\/arima-a-primeira-longametraxe-de-jaione-camborda-podera-verse-en-galicia-inaugurando-novos-cinemas\\\/#respond\"]}]},{\"@type\":\"WebPage\",\"@id\":\"https:\\\/\\\/www.anovapeneira.gal\\\/index.php\\\/2019\\\/11\\\/08\\\/arima-a-primeira-longametraxe-de-jaione-camborda-podera-verse-en-galicia-inaugurando-novos-cinemas\\\/\",\"url\":\"https:\\\/\\\/www.anovapeneira.gal\\\/index.php\\\/2019\\\/11\\\/08\\\/arima-a-primeira-longametraxe-de-jaione-camborda-podera-verse-en-galicia-inaugurando-novos-cinemas\\\/\",\"name\":\"Arima, a primeira longametraxe de Jaione Camborda, poder\u00e1 verse en Galicia inaugurando Novos Cinemas -\",\"isPartOf\":{\"@id\":\"https:\\\/\\\/www.anovapeneira.gal\\\/#website\"},\"primaryImageOfPage\":{\"@id\":\"https:\\\/\\\/www.anovapeneira.gal\\\/index.php\\\/2019\\\/11\\\/08\\\/arima-a-primeira-longametraxe-de-jaione-camborda-podera-verse-en-galicia-inaugurando-novos-cinemas\\\/#primaryimage\"},\"image\":{\"@id\":\"https:\\\/\\\/www.anovapeneira.gal\\\/index.php\\\/2019\\\/11\\\/08\\\/arima-a-primeira-longametraxe-de-jaione-camborda-podera-verse-en-galicia-inaugurando-novos-cinemas\\\/#primaryimage\"},\"thumbnailUrl\":\"https:\\\/\\\/www.anovapeneira.gal\\\/wp-content\\\/uploads\\\/2019\\\/11\\\/foto_ARIMA_CARTAZ_a_nova_peneira.jpg\",\"datePublished\":\"2019-11-08T13:00:13+00:00\",\"dateModified\":\"2020-01-21T07:54:11+00:00\",\"breadcrumb\":{\"@id\":\"https:\\\/\\\/www.anovapeneira.gal\\\/index.php\\\/2019\\\/11\\\/08\\\/arima-a-primeira-longametraxe-de-jaione-camborda-podera-verse-en-galicia-inaugurando-novos-cinemas\\\/#breadcrumb\"},\"inLanguage\":\"gl-ES\",\"potentialAction\":[{\"@type\":\"ReadAction\",\"target\":[\"https:\\\/\\\/www.anovapeneira.gal\\\/index.php\\\/2019\\\/11\\\/08\\\/arima-a-primeira-longametraxe-de-jaione-camborda-podera-verse-en-galicia-inaugurando-novos-cinemas\\\/\"]}]},{\"@type\":\"ImageObject\",\"inLanguage\":\"gl-ES\",\"@id\":\"https:\\\/\\\/www.anovapeneira.gal\\\/index.php\\\/2019\\\/11\\\/08\\\/arima-a-primeira-longametraxe-de-jaione-camborda-podera-verse-en-galicia-inaugurando-novos-cinemas\\\/#primaryimage\",\"url\":\"https:\\\/\\\/www.anovapeneira.gal\\\/wp-content\\\/uploads\\\/2019\\\/11\\\/foto_ARIMA_CARTAZ_a_nova_peneira.jpg\",\"contentUrl\":\"https:\\\/\\\/www.anovapeneira.gal\\\/wp-content\\\/uploads\\\/2019\\\/11\\\/foto_ARIMA_CARTAZ_a_nova_peneira.jpg\",\"width\":720,\"height\":432,\"caption\":\"Arima A Nova Peneira\"},{\"@type\":\"BreadcrumbList\",\"@id\":\"https:\\\/\\\/www.anovapeneira.gal\\\/index.php\\\/2019\\\/11\\\/08\\\/arima-a-primeira-longametraxe-de-jaione-camborda-podera-verse-en-galicia-inaugurando-novos-cinemas\\\/#breadcrumb\",\"itemListElement\":[{\"@type\":\"ListItem\",\"position\":1,\"name\":\"Portada\",\"item\":\"https:\\\/\\\/www.anovapeneira.gal\\\/\"},{\"@type\":\"ListItem\",\"position\":2,\"name\":\"Arima, a primeira longametraxe de Jaione Camborda, poder\u00e1 verse en Galicia inaugurando Novos Cinemas\"}]},{\"@type\":\"WebSite\",\"@id\":\"https:\\\/\\\/www.anovapeneira.gal\\\/#website\",\"url\":\"https:\\\/\\\/www.anovapeneira.gal\\\/\",\"name\":\"\",\"description\":\"Xornal galego de informaci\u00f3n xeral Publicaci\u00f3n mensual de novas de Galicia e en especial dos Concellos da sur da provincia de Pontevedra.\",\"publisher\":{\"@id\":\"https:\\\/\\\/www.anovapeneira.gal\\\/#organization\"},\"potentialAction\":[{\"@type\":\"SearchAction\",\"target\":{\"@type\":\"EntryPoint\",\"urlTemplate\":\"https:\\\/\\\/www.anovapeneira.gal\\\/?s={search_term_string}\"},\"query-input\":{\"@type\":\"PropertyValueSpecification\",\"valueRequired\":true,\"valueName\":\"search_term_string\"}}],\"inLanguage\":\"gl-ES\"},{\"@type\":\"Organization\",\"@id\":\"https:\\\/\\\/www.anovapeneira.gal\\\/#organization\",\"name\":\"A Nova Peneira\",\"url\":\"https:\\\/\\\/www.anovapeneira.gal\\\/\",\"logo\":{\"@type\":\"ImageObject\",\"inLanguage\":\"gl-ES\",\"@id\":\"https:\\\/\\\/www.anovapeneira.gal\\\/#\\\/schema\\\/logo\\\/image\\\/\",\"url\":\"http:\\\/\\\/www.anovapeneira.gal\\\/wp-content\\\/uploads\\\/2019\\\/06\\\/logo_a_nova_peneira_portal_web.png\",\"contentUrl\":\"http:\\\/\\\/www.anovapeneira.gal\\\/wp-content\\\/uploads\\\/2019\\\/06\\\/logo_a_nova_peneira_portal_web.png\",\"width\":300,\"height\":100,\"caption\":\"A Nova Peneira\"},\"image\":{\"@id\":\"https:\\\/\\\/www.anovapeneira.gal\\\/#\\\/schema\\\/logo\\\/image\\\/\"},\"sameAs\":[\"https:\\\/\\\/www.facebook.com\\\/anovapeneira\",\"https:\\\/\\\/x.com\\\/APeneira\"]},{\"@type\":\"Person\",\"@id\":\"https:\\\/\\\/www.anovapeneira.gal\\\/#\\\/schema\\\/person\\\/b93e3f8932e3f8da96334607eb6ac6aa\",\"name\":\"Redacci\u00f3n A Nova Peneira\",\"image\":{\"@type\":\"ImageObject\",\"inLanguage\":\"gl-ES\",\"@id\":\"https:\\\/\\\/secure.gravatar.com\\\/avatar\\\/c052a2551a06e23fac63626232eaa90abd78dbcf1700fc46a2b2c89fd27b735f?s=96&d=mm&r=g\",\"url\":\"https:\\\/\\\/secure.gravatar.com\\\/avatar\\\/c052a2551a06e23fac63626232eaa90abd78dbcf1700fc46a2b2c89fd27b735f?s=96&d=mm&r=g\",\"contentUrl\":\"https:\\\/\\\/secure.gravatar.com\\\/avatar\\\/c052a2551a06e23fac63626232eaa90abd78dbcf1700fc46a2b2c89fd27b735f?s=96&d=mm&r=g\",\"caption\":\"Redacci\u00f3n A Nova Peneira\"},\"sameAs\":[\"http:\\\/\\\/www.anovapeneira.gal\\\/\"],\"url\":\"https:\\\/\\\/www.anovapeneira.gal\\\/index.php\\\/author\\\/redactor\\\/\"}]}<\/script>\n<!-- \/ Yoast SEO plugin. -->","yoast_head_json":{"title":"Arima, a primeira longametraxe de Jaione Camborda, poder\u00e1 verse en Galicia inaugurando Novos Cinemas -","robots":{"index":"index","follow":"follow","max-snippet":"max-snippet:-1","max-image-preview":"max-image-preview:large","max-video-preview":"max-video-preview:-1"},"canonical":"https:\/\/www.anovapeneira.gal\/index.php\/2019\/11\/08\/arima-a-primeira-longametraxe-de-jaione-camborda-podera-verse-en-galicia-inaugurando-novos-cinemas\/","og_locale":"gl_ES","og_type":"article","og_title":"Arima, a primeira longametraxe de Jaione Camborda, poder\u00e1 verse en Galicia inaugurando Novos Cinemas -","og_description":"A cineasta \u00e9 unha estreita colaboradora do festival dende os seus inicios e na actualidade tam\u00e9n [...]","og_url":"https:\/\/www.anovapeneira.gal\/index.php\/2019\/11\/08\/arima-a-primeira-longametraxe-de-jaione-camborda-podera-verse-en-galicia-inaugurando-novos-cinemas\/","article_publisher":"https:\/\/www.facebook.com\/anovapeneira","article_published_time":"2019-11-08T13:00:13+00:00","article_modified_time":"2020-01-21T07:54:11+00:00","og_image":[{"width":720,"height":432,"url":"https:\/\/www.anovapeneira.gal\/wp-content\/uploads\/2019\/11\/foto_ARIMA_CARTAZ_a_nova_peneira.jpg","type":"image\/jpeg"}],"author":"Redacci\u00f3n A Nova Peneira","twitter_card":"summary_large_image","twitter_creator":"@APeneira","twitter_site":"@APeneira","twitter_misc":{"Escrito por":"Redacci\u00f3n A Nova Peneira","Tempo de lectura":"1 minuto"},"schema":{"@context":"https:\/\/schema.org","@graph":[{"@type":"Article","@id":"https:\/\/www.anovapeneira.gal\/index.php\/2019\/11\/08\/arima-a-primeira-longametraxe-de-jaione-camborda-podera-verse-en-galicia-inaugurando-novos-cinemas\/#article","isPartOf":{"@id":"https:\/\/www.anovapeneira.gal\/index.php\/2019\/11\/08\/arima-a-primeira-longametraxe-de-jaione-camborda-podera-verse-en-galicia-inaugurando-novos-cinemas\/"},"author":{"name":"Redacci\u00f3n A Nova Peneira","@id":"https:\/\/www.anovapeneira.gal\/#\/schema\/person\/b93e3f8932e3f8da96334607eb6ac6aa"},"headline":"Arima, a primeira longametraxe de Jaione Camborda, poder\u00e1 verse en Galicia inaugurando Novos Cinemas","datePublished":"2019-11-08T13:00:13+00:00","dateModified":"2020-01-21T07:54:11+00:00","mainEntityOfPage":{"@id":"https:\/\/www.anovapeneira.gal\/index.php\/2019\/11\/08\/arima-a-primeira-longametraxe-de-jaione-camborda-podera-verse-en-galicia-inaugurando-novos-cinemas\/"},"wordCount":299,"commentCount":0,"publisher":{"@id":"https:\/\/www.anovapeneira.gal\/#organization"},"image":{"@id":"https:\/\/www.anovapeneira.gal\/index.php\/2019\/11\/08\/arima-a-primeira-longametraxe-de-jaione-camborda-podera-verse-en-galicia-inaugurando-novos-cinemas\/#primaryimage"},"thumbnailUrl":"https:\/\/www.anovapeneira.gal\/wp-content\/uploads\/2019\/11\/foto_ARIMA_CARTAZ_a_nova_peneira.jpg","keywords":["ARIMA","Cine","Concello de Pontevedra","Festival Internacional de Cine de Pontevedra","Jaione Camborda","UVigo"],"articleSection":["Pontevedra"],"inLanguage":"gl-ES","potentialAction":[{"@type":"CommentAction","name":"Comment","target":["https:\/\/www.anovapeneira.gal\/index.php\/2019\/11\/08\/arima-a-primeira-longametraxe-de-jaione-camborda-podera-verse-en-galicia-inaugurando-novos-cinemas\/#respond"]}]},{"@type":"WebPage","@id":"https:\/\/www.anovapeneira.gal\/index.php\/2019\/11\/08\/arima-a-primeira-longametraxe-de-jaione-camborda-podera-verse-en-galicia-inaugurando-novos-cinemas\/","url":"https:\/\/www.anovapeneira.gal\/index.php\/2019\/11\/08\/arima-a-primeira-longametraxe-de-jaione-camborda-podera-verse-en-galicia-inaugurando-novos-cinemas\/","name":"Arima, a primeira longametraxe de Jaione Camborda, poder\u00e1 verse en Galicia inaugurando Novos Cinemas -","isPartOf":{"@id":"https:\/\/www.anovapeneira.gal\/#website"},"primaryImageOfPage":{"@id":"https:\/\/www.anovapeneira.gal\/index.php\/2019\/11\/08\/arima-a-primeira-longametraxe-de-jaione-camborda-podera-verse-en-galicia-inaugurando-novos-cinemas\/#primaryimage"},"image":{"@id":"https:\/\/www.anovapeneira.gal\/index.php\/2019\/11\/08\/arima-a-primeira-longametraxe-de-jaione-camborda-podera-verse-en-galicia-inaugurando-novos-cinemas\/#primaryimage"},"thumbnailUrl":"https:\/\/www.anovapeneira.gal\/wp-content\/uploads\/2019\/11\/foto_ARIMA_CARTAZ_a_nova_peneira.jpg","datePublished":"2019-11-08T13:00:13+00:00","dateModified":"2020-01-21T07:54:11+00:00","breadcrumb":{"@id":"https:\/\/www.anovapeneira.gal\/index.php\/2019\/11\/08\/arima-a-primeira-longametraxe-de-jaione-camborda-podera-verse-en-galicia-inaugurando-novos-cinemas\/#breadcrumb"},"inLanguage":"gl-ES","potentialAction":[{"@type":"ReadAction","target":["https:\/\/www.anovapeneira.gal\/index.php\/2019\/11\/08\/arima-a-primeira-longametraxe-de-jaione-camborda-podera-verse-en-galicia-inaugurando-novos-cinemas\/"]}]},{"@type":"ImageObject","inLanguage":"gl-ES","@id":"https:\/\/www.anovapeneira.gal\/index.php\/2019\/11\/08\/arima-a-primeira-longametraxe-de-jaione-camborda-podera-verse-en-galicia-inaugurando-novos-cinemas\/#primaryimage","url":"https:\/\/www.anovapeneira.gal\/wp-content\/uploads\/2019\/11\/foto_ARIMA_CARTAZ_a_nova_peneira.jpg","contentUrl":"https:\/\/www.anovapeneira.gal\/wp-content\/uploads\/2019\/11\/foto_ARIMA_CARTAZ_a_nova_peneira.jpg","width":720,"height":432,"caption":"Arima A Nova Peneira"},{"@type":"BreadcrumbList","@id":"https:\/\/www.anovapeneira.gal\/index.php\/2019\/11\/08\/arima-a-primeira-longametraxe-de-jaione-camborda-podera-verse-en-galicia-inaugurando-novos-cinemas\/#breadcrumb","itemListElement":[{"@type":"ListItem","position":1,"name":"Portada","item":"https:\/\/www.anovapeneira.gal\/"},{"@type":"ListItem","position":2,"name":"Arima, a primeira longametraxe de Jaione Camborda, poder\u00e1 verse en Galicia inaugurando Novos Cinemas"}]},{"@type":"WebSite","@id":"https:\/\/www.anovapeneira.gal\/#website","url":"https:\/\/www.anovapeneira.gal\/","name":"","description":"Xornal galego de informaci\u00f3n xeral Publicaci\u00f3n mensual de novas de Galicia e en especial dos Concellos da sur da provincia de Pontevedra.","publisher":{"@id":"https:\/\/www.anovapeneira.gal\/#organization"},"potentialAction":[{"@type":"SearchAction","target":{"@type":"EntryPoint","urlTemplate":"https:\/\/www.anovapeneira.gal\/?s={search_term_string}"},"query-input":{"@type":"PropertyValueSpecification","valueRequired":true,"valueName":"search_term_string"}}],"inLanguage":"gl-ES"},{"@type":"Organization","@id":"https:\/\/www.anovapeneira.gal\/#organization","name":"A Nova Peneira","url":"https:\/\/www.anovapeneira.gal\/","logo":{"@type":"ImageObject","inLanguage":"gl-ES","@id":"https:\/\/www.anovapeneira.gal\/#\/schema\/logo\/image\/","url":"http:\/\/www.anovapeneira.gal\/wp-content\/uploads\/2019\/06\/logo_a_nova_peneira_portal_web.png","contentUrl":"http:\/\/www.anovapeneira.gal\/wp-content\/uploads\/2019\/06\/logo_a_nova_peneira_portal_web.png","width":300,"height":100,"caption":"A Nova Peneira"},"image":{"@id":"https:\/\/www.anovapeneira.gal\/#\/schema\/logo\/image\/"},"sameAs":["https:\/\/www.facebook.com\/anovapeneira","https:\/\/x.com\/APeneira"]},{"@type":"Person","@id":"https:\/\/www.anovapeneira.gal\/#\/schema\/person\/b93e3f8932e3f8da96334607eb6ac6aa","name":"Redacci\u00f3n A Nova Peneira","image":{"@type":"ImageObject","inLanguage":"gl-ES","@id":"https:\/\/secure.gravatar.com\/avatar\/c052a2551a06e23fac63626232eaa90abd78dbcf1700fc46a2b2c89fd27b735f?s=96&d=mm&r=g","url":"https:\/\/secure.gravatar.com\/avatar\/c052a2551a06e23fac63626232eaa90abd78dbcf1700fc46a2b2c89fd27b735f?s=96&d=mm&r=g","contentUrl":"https:\/\/secure.gravatar.com\/avatar\/c052a2551a06e23fac63626232eaa90abd78dbcf1700fc46a2b2c89fd27b735f?s=96&d=mm&r=g","caption":"Redacci\u00f3n A Nova Peneira"},"sameAs":["http:\/\/www.anovapeneira.gal\/"],"url":"https:\/\/www.anovapeneira.gal\/index.php\/author\/redactor\/"}]}},"jetpack_featured_media_url":"https:\/\/www.anovapeneira.gal\/wp-content\/uploads\/2019\/11\/foto_ARIMA_CARTAZ_a_nova_peneira.jpg","_links":{"self":[{"href":"https:\/\/www.anovapeneira.gal\/index.php\/wp-json\/wp\/v2\/posts\/1717","targetHints":{"allow":["GET"]}}],"collection":[{"href":"https:\/\/www.anovapeneira.gal\/index.php\/wp-json\/wp\/v2\/posts"}],"about":[{"href":"https:\/\/www.anovapeneira.gal\/index.php\/wp-json\/wp\/v2\/types\/post"}],"author":[{"embeddable":true,"href":"https:\/\/www.anovapeneira.gal\/index.php\/wp-json\/wp\/v2\/users\/3"}],"replies":[{"embeddable":true,"href":"https:\/\/www.anovapeneira.gal\/index.php\/wp-json\/wp\/v2\/comments?post=1717"}],"version-history":[{"count":2,"href":"https:\/\/www.anovapeneira.gal\/index.php\/wp-json\/wp\/v2\/posts\/1717\/revisions"}],"predecessor-version":[{"id":1721,"href":"https:\/\/www.anovapeneira.gal\/index.php\/wp-json\/wp\/v2\/posts\/1717\/revisions\/1721"}],"wp:featuredmedia":[{"embeddable":true,"href":"https:\/\/www.anovapeneira.gal\/index.php\/wp-json\/wp\/v2\/media\/1719"}],"wp:attachment":[{"href":"https:\/\/www.anovapeneira.gal\/index.php\/wp-json\/wp\/v2\/media?parent=1717"}],"wp:term":[{"taxonomy":"category","embeddable":true,"href":"https:\/\/www.anovapeneira.gal\/index.php\/wp-json\/wp\/v2\/categories?post=1717"},{"taxonomy":"post_tag","embeddable":true,"href":"https:\/\/www.anovapeneira.gal\/index.php\/wp-json\/wp\/v2\/tags?post=1717"}],"curies":[{"name":"wp","href":"https:\/\/api.w.org\/{rel}","templated":true}]}}