{"id":1732,"date":"2019-11-15T10:00:36","date_gmt":"2019-11-15T09:00:36","guid":{"rendered":"http:\/\/www.anovapeneira.gal\/?p=1732"},"modified":"2019-11-11T20:23:59","modified_gmt":"2019-11-11T19:23:59","slug":"a-escola-municipal-de-teatro-comezou-un-novo-curso-co-cartel-de-cheo-colgado","status":"publish","type":"post","link":"https:\/\/www.anovapeneira.gal\/index.php\/2019\/11\/15\/a-escola-municipal-de-teatro-comezou-un-novo-curso-co-cartel-de-cheo-colgado\/","title":{"rendered":"A Escola Municipal de Teatro comezou un novo curso co cartel de cheo colgado"},"content":{"rendered":"\n<h2 class=\"wp-block-heading\"><strong>Soamente quedan algunhas prazas dispo\u00f1ibles no grupo de adultos. As clases cel\u00e9branse todos os martes pola tarde no Auditorio de Goi\u00e1n<\/strong><\/h2>\n\n\n\n<p><strong>Tomi\u00f1o,\n6 de novembro de 2019<\/strong><\/p>\n\n\n\n<p>A\nEscola Municipal de Teatro de Tomi\u00f1o arrancou este martes un novo\ncurso co cartel de cheo colgado nos grupos de infantil e mocidade e\ncon tan s\u00f3 algunhas prazas dispo\u00f1ibles no grupo de persoas adultas.\nLogo de varios anos de funcionamento a entidade xa est\u00e1 consolidada,\nconvert\u00e9ndose en referente cultural na comarca do Baixo Mi\u00f1o. \u201cXa\nse ven os froitos do que fomos colleitando durante estes anos, no que\nvimos medrar a moitos dos nosos alumnos e alumnas, vendo como\naprenderon a estar m\u00e1is seguros de si mesmos, a falar en p\u00fablico, a\nintegrarse, a xogar en grupo, a axudar aos compa\u00f1eiros e\ncompa\u00f1eiras&#8230; a ser nenos, nenas e persoas adultas m\u00e1is sensibles\ne con m\u00e1is ferramentas para adaptarse a este mundo\u201d, explica\nBeatriz Campos, do grupo Migallas Teatro e unha das profesoras\nencargadas das clases. \n<\/p>\n\n\n\n<p>O\nobxectivo desta actividade cada vez m\u00e1is consolidada entre a\npoboaci\u00f3n \u00e9 introducir \u00e1s persoas no mundo teatral ao tempo que se\nestimula a imaxinaci\u00f3n e as capacidades creativas, fomentando o\ntraballo en equipo e mellorando os recursos expresivos e\ncomunicativos. \u201cEsa \u00e9 a maxia do teatro, que nos axuda a\nevolucionar como seres humanos e a contribu\u00edr dende as artes\nesc\u00e9nicas a crear un mundo mellor\u201d, salienta Campos.<\/p>\n\n\n\n<p>Mentres\nque o grupo de maiores de 18 anos creouse hai dous anos, as clases de\nteatro para nenos e nenas e mocidade levan impart\u00edndose varios anos,\nalgo que dende o equipo de profesorado da Escola de Teatro destacan,\nxa que \u201co bonito do proxecto \u00e9 que podes ir vendo como van\nmedrando todas e todos os participantes e comprobar como evolucionan\ncomo persoas\u201d.  \n<\/p>\n\n\n\n<p><strong>Clases\npr\u00e1cticas<\/strong><\/p>\n\n\n\n<p>Cun\nplantexamento eminentemente pr\u00e1ctico, na Escola de Teatro\ntrab\u00e1llanse os aspectos b\u00e1sicos da creaci\u00f3n esc\u00e9nica, facendo\nespecial fincap\u00e9 na improvisaci\u00f3n. \u201cNon buscamos que as e os\nparticipantes te\u00f1an que aprender un texto de memoria, sen\u00f3n que a\ntrav\u00e9s das achegas de todos e todas imos elaborando unha obra de\nimprovisaci\u00f3n colectiva creada a medida das  necesidades do grupo\u201d,\nreco\u00f1ece a profesora. O uso do galego nas clases \u00e9 outro elemento a\ndestacar, xa que se quere que nenos e nenas, mozos e mozas e persoas\nadultas \u201ctomen a lingua galega como algo de uso coti\u00e1 ligado tam\u00e9n\na unha vertente l\u00fadica e art\u00edstica\u201d. \n<\/p>\n\n\n\n<p>Todas\nas clases imp\u00e1rtense os martes polas tardes no Auditorio de Goi\u00e1n.\nDe 16.00 a 17.30 grupo de 9 a 12 anos; de 17.30 a 19.00, de 4 a 8\nanos; de 19.00 a 20.30 de 13 a 17 anos e de 20.30 a 22.00 h o grupo a\npartir de 18 anos. As persoas adultas interesadas en participar a\u00ednda\npoden inscribirse na actividade no Concello de Tomi\u00f1o. \n<\/p>\n","protected":false},"excerpt":{"rendered":"<div class=\"mh-excerpt\"><p>Soamente quedan algunhas prazas dispo\u00f1ibles no grupo de adultos. As clases cel\u00e9branse todos os martes pola tarde no Auditorio de Goi\u00e1n <a class=\"mh-excerpt-more\" href=\"https:\/\/www.anovapeneira.gal\/index.php\/2019\/11\/15\/a-escola-municipal-de-teatro-comezou-un-novo-curso-co-cartel-de-cheo-colgado\/\" title=\"A Escola Municipal de Teatro comezou un novo curso co cartel de cheo colgado\">[&#8230;]<\/a><\/p>\n<\/div>","protected":false},"author":3,"featured_media":1733,"comment_status":"open","ping_status":"open","sticky":false,"template":"","format":"standard","meta":{"_exactmetrics_skip_tracking":false,"_exactmetrics_sitenote_active":false,"_exactmetrics_sitenote_note":"","_exactmetrics_sitenote_category":0,"footnotes":""},"categories":[21],"tags":[81,33,760],"class_list":{"0":"post-1732","1":"post","2":"type-post","3":"status-publish","4":"format-standard","5":"has-post-thumbnail","7":"category-baixo-mino","8":"tag-concello-de-tomino","9":"tag-cultura","10":"tag-escola-municipal-de-teatro"},"yoast_head":"<!-- This site is optimized with the Yoast SEO plugin v27.4 - https:\/\/yoast.com\/product\/yoast-seo-wordpress\/ -->\n<title>A Escola Municipal de Teatro comezou un novo curso co cartel de cheo colgado -<\/title>\n<meta name=\"robots\" content=\"index, follow, max-snippet:-1, max-image-preview:large, max-video-preview:-1\" \/>\n<link rel=\"canonical\" href=\"https:\/\/www.anovapeneira.gal\/index.php\/2019\/11\/15\/a-escola-municipal-de-teatro-comezou-un-novo-curso-co-cartel-de-cheo-colgado\/\" \/>\n<meta property=\"og:locale\" content=\"gl_ES\" \/>\n<meta property=\"og:type\" content=\"article\" \/>\n<meta property=\"og:title\" content=\"A Escola Municipal de Teatro comezou un novo curso co cartel de cheo colgado -\" \/>\n<meta property=\"og:description\" content=\"Soamente quedan algunhas prazas dispo\u00f1ibles no grupo de adultos. As clases cel\u00e9branse todos os martes pola tarde no Auditorio de Goi\u00e1n [...]\" \/>\n<meta property=\"og:url\" content=\"https:\/\/www.anovapeneira.gal\/index.php\/2019\/11\/15\/a-escola-municipal-de-teatro-comezou-un-novo-curso-co-cartel-de-cheo-colgado\/\" \/>\n<meta property=\"article:publisher\" content=\"https:\/\/www.facebook.com\/anovapeneira\" \/>\n<meta property=\"article:published_time\" content=\"2019-11-15T09:00:36+00:00\" \/>\n<meta property=\"og:image\" content=\"https:\/\/www.anovapeneira.gal\/wp-content\/uploads\/2019\/11\/escola_teatro_tominho_a_nova_peneira.jpg\" \/>\n\t<meta property=\"og:image:width\" content=\"720\" \/>\n\t<meta property=\"og:image:height\" content=\"432\" \/>\n\t<meta property=\"og:image:type\" content=\"image\/jpeg\" \/>\n<meta name=\"author\" content=\"Redacci\u00f3n A Nova Peneira\" \/>\n<meta name=\"twitter:card\" content=\"summary_large_image\" \/>\n<meta name=\"twitter:creator\" content=\"@APeneira\" \/>\n<meta name=\"twitter:site\" content=\"@APeneira\" \/>\n<meta name=\"twitter:label1\" content=\"Escrito por\" \/>\n\t<meta name=\"twitter:data1\" content=\"Redacci\u00f3n A Nova Peneira\" \/>\n\t<meta name=\"twitter:label2\" content=\"Tempo de lectura\" \/>\n\t<meta name=\"twitter:data2\" content=\"2 minutos\" \/>\n<script type=\"application\/ld+json\" class=\"yoast-schema-graph\">{\"@context\":\"https:\\\/\\\/schema.org\",\"@graph\":[{\"@type\":\"Article\",\"@id\":\"https:\\\/\\\/www.anovapeneira.gal\\\/index.php\\\/2019\\\/11\\\/15\\\/a-escola-municipal-de-teatro-comezou-un-novo-curso-co-cartel-de-cheo-colgado\\\/#article\",\"isPartOf\":{\"@id\":\"https:\\\/\\\/www.anovapeneira.gal\\\/index.php\\\/2019\\\/11\\\/15\\\/a-escola-municipal-de-teatro-comezou-un-novo-curso-co-cartel-de-cheo-colgado\\\/\"},\"author\":{\"name\":\"Redacci\u00f3n A Nova Peneira\",\"@id\":\"https:\\\/\\\/www.anovapeneira.gal\\\/#\\\/schema\\\/person\\\/b93e3f8932e3f8da96334607eb6ac6aa\"},\"headline\":\"A Escola Municipal de Teatro comezou un novo curso co cartel de cheo colgado\",\"datePublished\":\"2019-11-15T09:00:36+00:00\",\"mainEntityOfPage\":{\"@id\":\"https:\\\/\\\/www.anovapeneira.gal\\\/index.php\\\/2019\\\/11\\\/15\\\/a-escola-municipal-de-teatro-comezou-un-novo-curso-co-cartel-de-cheo-colgado\\\/\"},\"wordCount\":501,\"commentCount\":0,\"publisher\":{\"@id\":\"https:\\\/\\\/www.anovapeneira.gal\\\/#organization\"},\"image\":{\"@id\":\"https:\\\/\\\/www.anovapeneira.gal\\\/index.php\\\/2019\\\/11\\\/15\\\/a-escola-municipal-de-teatro-comezou-un-novo-curso-co-cartel-de-cheo-colgado\\\/#primaryimage\"},\"thumbnailUrl\":\"https:\\\/\\\/www.anovapeneira.gal\\\/wp-content\\\/uploads\\\/2019\\\/11\\\/escola_teatro_tominho_a_nova_peneira.jpg\",\"keywords\":[\"Concello de Tomi\u00f1o\",\"Cultura\",\"Escola Municipal de Teatro\"],\"articleSection\":[\"Baixo Mi\u00f1o\"],\"inLanguage\":\"gl-ES\",\"potentialAction\":[{\"@type\":\"CommentAction\",\"name\":\"Comment\",\"target\":[\"https:\\\/\\\/www.anovapeneira.gal\\\/index.php\\\/2019\\\/11\\\/15\\\/a-escola-municipal-de-teatro-comezou-un-novo-curso-co-cartel-de-cheo-colgado\\\/#respond\"]}]},{\"@type\":\"WebPage\",\"@id\":\"https:\\\/\\\/www.anovapeneira.gal\\\/index.php\\\/2019\\\/11\\\/15\\\/a-escola-municipal-de-teatro-comezou-un-novo-curso-co-cartel-de-cheo-colgado\\\/\",\"url\":\"https:\\\/\\\/www.anovapeneira.gal\\\/index.php\\\/2019\\\/11\\\/15\\\/a-escola-municipal-de-teatro-comezou-un-novo-curso-co-cartel-de-cheo-colgado\\\/\",\"name\":\"A Escola Municipal de Teatro comezou un novo curso co cartel de cheo colgado -\",\"isPartOf\":{\"@id\":\"https:\\\/\\\/www.anovapeneira.gal\\\/#website\"},\"primaryImageOfPage\":{\"@id\":\"https:\\\/\\\/www.anovapeneira.gal\\\/index.php\\\/2019\\\/11\\\/15\\\/a-escola-municipal-de-teatro-comezou-un-novo-curso-co-cartel-de-cheo-colgado\\\/#primaryimage\"},\"image\":{\"@id\":\"https:\\\/\\\/www.anovapeneira.gal\\\/index.php\\\/2019\\\/11\\\/15\\\/a-escola-municipal-de-teatro-comezou-un-novo-curso-co-cartel-de-cheo-colgado\\\/#primaryimage\"},\"thumbnailUrl\":\"https:\\\/\\\/www.anovapeneira.gal\\\/wp-content\\\/uploads\\\/2019\\\/11\\\/escola_teatro_tominho_a_nova_peneira.jpg\",\"datePublished\":\"2019-11-15T09:00:36+00:00\",\"breadcrumb\":{\"@id\":\"https:\\\/\\\/www.anovapeneira.gal\\\/index.php\\\/2019\\\/11\\\/15\\\/a-escola-municipal-de-teatro-comezou-un-novo-curso-co-cartel-de-cheo-colgado\\\/#breadcrumb\"},\"inLanguage\":\"gl-ES\",\"potentialAction\":[{\"@type\":\"ReadAction\",\"target\":[\"https:\\\/\\\/www.anovapeneira.gal\\\/index.php\\\/2019\\\/11\\\/15\\\/a-escola-municipal-de-teatro-comezou-un-novo-curso-co-cartel-de-cheo-colgado\\\/\"]}]},{\"@type\":\"ImageObject\",\"inLanguage\":\"gl-ES\",\"@id\":\"https:\\\/\\\/www.anovapeneira.gal\\\/index.php\\\/2019\\\/11\\\/15\\\/a-escola-municipal-de-teatro-comezou-un-novo-curso-co-cartel-de-cheo-colgado\\\/#primaryimage\",\"url\":\"https:\\\/\\\/www.anovapeneira.gal\\\/wp-content\\\/uploads\\\/2019\\\/11\\\/escola_teatro_tominho_a_nova_peneira.jpg\",\"contentUrl\":\"https:\\\/\\\/www.anovapeneira.gal\\\/wp-content\\\/uploads\\\/2019\\\/11\\\/escola_teatro_tominho_a_nova_peneira.jpg\",\"width\":720,\"height\":432,\"caption\":\"Concello de Tomi\u00f1o Escola de teatro A Nova Peneira\"},{\"@type\":\"BreadcrumbList\",\"@id\":\"https:\\\/\\\/www.anovapeneira.gal\\\/index.php\\\/2019\\\/11\\\/15\\\/a-escola-municipal-de-teatro-comezou-un-novo-curso-co-cartel-de-cheo-colgado\\\/#breadcrumb\",\"itemListElement\":[{\"@type\":\"ListItem\",\"position\":1,\"name\":\"Portada\",\"item\":\"https:\\\/\\\/www.anovapeneira.gal\\\/\"},{\"@type\":\"ListItem\",\"position\":2,\"name\":\"A Escola Municipal de Teatro comezou un novo curso co cartel de cheo colgado\"}]},{\"@type\":\"WebSite\",\"@id\":\"https:\\\/\\\/www.anovapeneira.gal\\\/#website\",\"url\":\"https:\\\/\\\/www.anovapeneira.gal\\\/\",\"name\":\"\",\"description\":\"Xornal galego de informaci\u00f3n xeral Publicaci\u00f3n mensual de novas de Galicia e en especial dos Concellos da sur da provincia de Pontevedra.\",\"publisher\":{\"@id\":\"https:\\\/\\\/www.anovapeneira.gal\\\/#organization\"},\"potentialAction\":[{\"@type\":\"SearchAction\",\"target\":{\"@type\":\"EntryPoint\",\"urlTemplate\":\"https:\\\/\\\/www.anovapeneira.gal\\\/?s={search_term_string}\"},\"query-input\":{\"@type\":\"PropertyValueSpecification\",\"valueRequired\":true,\"valueName\":\"search_term_string\"}}],\"inLanguage\":\"gl-ES\"},{\"@type\":\"Organization\",\"@id\":\"https:\\\/\\\/www.anovapeneira.gal\\\/#organization\",\"name\":\"A Nova Peneira\",\"url\":\"https:\\\/\\\/www.anovapeneira.gal\\\/\",\"logo\":{\"@type\":\"ImageObject\",\"inLanguage\":\"gl-ES\",\"@id\":\"https:\\\/\\\/www.anovapeneira.gal\\\/#\\\/schema\\\/logo\\\/image\\\/\",\"url\":\"http:\\\/\\\/www.anovapeneira.gal\\\/wp-content\\\/uploads\\\/2019\\\/06\\\/logo_a_nova_peneira_portal_web.png\",\"contentUrl\":\"http:\\\/\\\/www.anovapeneira.gal\\\/wp-content\\\/uploads\\\/2019\\\/06\\\/logo_a_nova_peneira_portal_web.png\",\"width\":300,\"height\":100,\"caption\":\"A Nova Peneira\"},\"image\":{\"@id\":\"https:\\\/\\\/www.anovapeneira.gal\\\/#\\\/schema\\\/logo\\\/image\\\/\"},\"sameAs\":[\"https:\\\/\\\/www.facebook.com\\\/anovapeneira\",\"https:\\\/\\\/x.com\\\/APeneira\"]},{\"@type\":\"Person\",\"@id\":\"https:\\\/\\\/www.anovapeneira.gal\\\/#\\\/schema\\\/person\\\/b93e3f8932e3f8da96334607eb6ac6aa\",\"name\":\"Redacci\u00f3n A Nova Peneira\",\"image\":{\"@type\":\"ImageObject\",\"inLanguage\":\"gl-ES\",\"@id\":\"https:\\\/\\\/secure.gravatar.com\\\/avatar\\\/c052a2551a06e23fac63626232eaa90abd78dbcf1700fc46a2b2c89fd27b735f?s=96&d=mm&r=g\",\"url\":\"https:\\\/\\\/secure.gravatar.com\\\/avatar\\\/c052a2551a06e23fac63626232eaa90abd78dbcf1700fc46a2b2c89fd27b735f?s=96&d=mm&r=g\",\"contentUrl\":\"https:\\\/\\\/secure.gravatar.com\\\/avatar\\\/c052a2551a06e23fac63626232eaa90abd78dbcf1700fc46a2b2c89fd27b735f?s=96&d=mm&r=g\",\"caption\":\"Redacci\u00f3n A Nova Peneira\"},\"sameAs\":[\"http:\\\/\\\/www.anovapeneira.gal\\\/\"],\"url\":\"https:\\\/\\\/www.anovapeneira.gal\\\/index.php\\\/author\\\/redactor\\\/\"}]}<\/script>\n<!-- \/ Yoast SEO plugin. -->","yoast_head_json":{"title":"A Escola Municipal de Teatro comezou un novo curso co cartel de cheo colgado -","robots":{"index":"index","follow":"follow","max-snippet":"max-snippet:-1","max-image-preview":"max-image-preview:large","max-video-preview":"max-video-preview:-1"},"canonical":"https:\/\/www.anovapeneira.gal\/index.php\/2019\/11\/15\/a-escola-municipal-de-teatro-comezou-un-novo-curso-co-cartel-de-cheo-colgado\/","og_locale":"gl_ES","og_type":"article","og_title":"A Escola Municipal de Teatro comezou un novo curso co cartel de cheo colgado -","og_description":"Soamente quedan algunhas prazas dispo\u00f1ibles no grupo de adultos. As clases cel\u00e9branse todos os martes pola tarde no Auditorio de Goi\u00e1n [...]","og_url":"https:\/\/www.anovapeneira.gal\/index.php\/2019\/11\/15\/a-escola-municipal-de-teatro-comezou-un-novo-curso-co-cartel-de-cheo-colgado\/","article_publisher":"https:\/\/www.facebook.com\/anovapeneira","article_published_time":"2019-11-15T09:00:36+00:00","og_image":[{"width":720,"height":432,"url":"https:\/\/www.anovapeneira.gal\/wp-content\/uploads\/2019\/11\/escola_teatro_tominho_a_nova_peneira.jpg","type":"image\/jpeg"}],"author":"Redacci\u00f3n A Nova Peneira","twitter_card":"summary_large_image","twitter_creator":"@APeneira","twitter_site":"@APeneira","twitter_misc":{"Escrito por":"Redacci\u00f3n A Nova Peneira","Tempo de lectura":"2 minutos"},"schema":{"@context":"https:\/\/schema.org","@graph":[{"@type":"Article","@id":"https:\/\/www.anovapeneira.gal\/index.php\/2019\/11\/15\/a-escola-municipal-de-teatro-comezou-un-novo-curso-co-cartel-de-cheo-colgado\/#article","isPartOf":{"@id":"https:\/\/www.anovapeneira.gal\/index.php\/2019\/11\/15\/a-escola-municipal-de-teatro-comezou-un-novo-curso-co-cartel-de-cheo-colgado\/"},"author":{"name":"Redacci\u00f3n A Nova Peneira","@id":"https:\/\/www.anovapeneira.gal\/#\/schema\/person\/b93e3f8932e3f8da96334607eb6ac6aa"},"headline":"A Escola Municipal de Teatro comezou un novo curso co cartel de cheo colgado","datePublished":"2019-11-15T09:00:36+00:00","mainEntityOfPage":{"@id":"https:\/\/www.anovapeneira.gal\/index.php\/2019\/11\/15\/a-escola-municipal-de-teatro-comezou-un-novo-curso-co-cartel-de-cheo-colgado\/"},"wordCount":501,"commentCount":0,"publisher":{"@id":"https:\/\/www.anovapeneira.gal\/#organization"},"image":{"@id":"https:\/\/www.anovapeneira.gal\/index.php\/2019\/11\/15\/a-escola-municipal-de-teatro-comezou-un-novo-curso-co-cartel-de-cheo-colgado\/#primaryimage"},"thumbnailUrl":"https:\/\/www.anovapeneira.gal\/wp-content\/uploads\/2019\/11\/escola_teatro_tominho_a_nova_peneira.jpg","keywords":["Concello de Tomi\u00f1o","Cultura","Escola Municipal de Teatro"],"articleSection":["Baixo Mi\u00f1o"],"inLanguage":"gl-ES","potentialAction":[{"@type":"CommentAction","name":"Comment","target":["https:\/\/www.anovapeneira.gal\/index.php\/2019\/11\/15\/a-escola-municipal-de-teatro-comezou-un-novo-curso-co-cartel-de-cheo-colgado\/#respond"]}]},{"@type":"WebPage","@id":"https:\/\/www.anovapeneira.gal\/index.php\/2019\/11\/15\/a-escola-municipal-de-teatro-comezou-un-novo-curso-co-cartel-de-cheo-colgado\/","url":"https:\/\/www.anovapeneira.gal\/index.php\/2019\/11\/15\/a-escola-municipal-de-teatro-comezou-un-novo-curso-co-cartel-de-cheo-colgado\/","name":"A Escola Municipal de Teatro comezou un novo curso co cartel de cheo colgado -","isPartOf":{"@id":"https:\/\/www.anovapeneira.gal\/#website"},"primaryImageOfPage":{"@id":"https:\/\/www.anovapeneira.gal\/index.php\/2019\/11\/15\/a-escola-municipal-de-teatro-comezou-un-novo-curso-co-cartel-de-cheo-colgado\/#primaryimage"},"image":{"@id":"https:\/\/www.anovapeneira.gal\/index.php\/2019\/11\/15\/a-escola-municipal-de-teatro-comezou-un-novo-curso-co-cartel-de-cheo-colgado\/#primaryimage"},"thumbnailUrl":"https:\/\/www.anovapeneira.gal\/wp-content\/uploads\/2019\/11\/escola_teatro_tominho_a_nova_peneira.jpg","datePublished":"2019-11-15T09:00:36+00:00","breadcrumb":{"@id":"https:\/\/www.anovapeneira.gal\/index.php\/2019\/11\/15\/a-escola-municipal-de-teatro-comezou-un-novo-curso-co-cartel-de-cheo-colgado\/#breadcrumb"},"inLanguage":"gl-ES","potentialAction":[{"@type":"ReadAction","target":["https:\/\/www.anovapeneira.gal\/index.php\/2019\/11\/15\/a-escola-municipal-de-teatro-comezou-un-novo-curso-co-cartel-de-cheo-colgado\/"]}]},{"@type":"ImageObject","inLanguage":"gl-ES","@id":"https:\/\/www.anovapeneira.gal\/index.php\/2019\/11\/15\/a-escola-municipal-de-teatro-comezou-un-novo-curso-co-cartel-de-cheo-colgado\/#primaryimage","url":"https:\/\/www.anovapeneira.gal\/wp-content\/uploads\/2019\/11\/escola_teatro_tominho_a_nova_peneira.jpg","contentUrl":"https:\/\/www.anovapeneira.gal\/wp-content\/uploads\/2019\/11\/escola_teatro_tominho_a_nova_peneira.jpg","width":720,"height":432,"caption":"Concello de Tomi\u00f1o Escola de teatro A Nova Peneira"},{"@type":"BreadcrumbList","@id":"https:\/\/www.anovapeneira.gal\/index.php\/2019\/11\/15\/a-escola-municipal-de-teatro-comezou-un-novo-curso-co-cartel-de-cheo-colgado\/#breadcrumb","itemListElement":[{"@type":"ListItem","position":1,"name":"Portada","item":"https:\/\/www.anovapeneira.gal\/"},{"@type":"ListItem","position":2,"name":"A Escola Municipal de Teatro comezou un novo curso co cartel de cheo colgado"}]},{"@type":"WebSite","@id":"https:\/\/www.anovapeneira.gal\/#website","url":"https:\/\/www.anovapeneira.gal\/","name":"","description":"Xornal galego de informaci\u00f3n xeral Publicaci\u00f3n mensual de novas de Galicia e en especial dos Concellos da sur da provincia de Pontevedra.","publisher":{"@id":"https:\/\/www.anovapeneira.gal\/#organization"},"potentialAction":[{"@type":"SearchAction","target":{"@type":"EntryPoint","urlTemplate":"https:\/\/www.anovapeneira.gal\/?s={search_term_string}"},"query-input":{"@type":"PropertyValueSpecification","valueRequired":true,"valueName":"search_term_string"}}],"inLanguage":"gl-ES"},{"@type":"Organization","@id":"https:\/\/www.anovapeneira.gal\/#organization","name":"A Nova Peneira","url":"https:\/\/www.anovapeneira.gal\/","logo":{"@type":"ImageObject","inLanguage":"gl-ES","@id":"https:\/\/www.anovapeneira.gal\/#\/schema\/logo\/image\/","url":"http:\/\/www.anovapeneira.gal\/wp-content\/uploads\/2019\/06\/logo_a_nova_peneira_portal_web.png","contentUrl":"http:\/\/www.anovapeneira.gal\/wp-content\/uploads\/2019\/06\/logo_a_nova_peneira_portal_web.png","width":300,"height":100,"caption":"A Nova Peneira"},"image":{"@id":"https:\/\/www.anovapeneira.gal\/#\/schema\/logo\/image\/"},"sameAs":["https:\/\/www.facebook.com\/anovapeneira","https:\/\/x.com\/APeneira"]},{"@type":"Person","@id":"https:\/\/www.anovapeneira.gal\/#\/schema\/person\/b93e3f8932e3f8da96334607eb6ac6aa","name":"Redacci\u00f3n A Nova Peneira","image":{"@type":"ImageObject","inLanguage":"gl-ES","@id":"https:\/\/secure.gravatar.com\/avatar\/c052a2551a06e23fac63626232eaa90abd78dbcf1700fc46a2b2c89fd27b735f?s=96&d=mm&r=g","url":"https:\/\/secure.gravatar.com\/avatar\/c052a2551a06e23fac63626232eaa90abd78dbcf1700fc46a2b2c89fd27b735f?s=96&d=mm&r=g","contentUrl":"https:\/\/secure.gravatar.com\/avatar\/c052a2551a06e23fac63626232eaa90abd78dbcf1700fc46a2b2c89fd27b735f?s=96&d=mm&r=g","caption":"Redacci\u00f3n A Nova Peneira"},"sameAs":["http:\/\/www.anovapeneira.gal\/"],"url":"https:\/\/www.anovapeneira.gal\/index.php\/author\/redactor\/"}]}},"jetpack_featured_media_url":"https:\/\/www.anovapeneira.gal\/wp-content\/uploads\/2019\/11\/escola_teatro_tominho_a_nova_peneira.jpg","_links":{"self":[{"href":"https:\/\/www.anovapeneira.gal\/index.php\/wp-json\/wp\/v2\/posts\/1732","targetHints":{"allow":["GET"]}}],"collection":[{"href":"https:\/\/www.anovapeneira.gal\/index.php\/wp-json\/wp\/v2\/posts"}],"about":[{"href":"https:\/\/www.anovapeneira.gal\/index.php\/wp-json\/wp\/v2\/types\/post"}],"author":[{"embeddable":true,"href":"https:\/\/www.anovapeneira.gal\/index.php\/wp-json\/wp\/v2\/users\/3"}],"replies":[{"embeddable":true,"href":"https:\/\/www.anovapeneira.gal\/index.php\/wp-json\/wp\/v2\/comments?post=1732"}],"version-history":[{"count":1,"href":"https:\/\/www.anovapeneira.gal\/index.php\/wp-json\/wp\/v2\/posts\/1732\/revisions"}],"predecessor-version":[{"id":1734,"href":"https:\/\/www.anovapeneira.gal\/index.php\/wp-json\/wp\/v2\/posts\/1732\/revisions\/1734"}],"wp:featuredmedia":[{"embeddable":true,"href":"https:\/\/www.anovapeneira.gal\/index.php\/wp-json\/wp\/v2\/media\/1733"}],"wp:attachment":[{"href":"https:\/\/www.anovapeneira.gal\/index.php\/wp-json\/wp\/v2\/media?parent=1732"}],"wp:term":[{"taxonomy":"category","embeddable":true,"href":"https:\/\/www.anovapeneira.gal\/index.php\/wp-json\/wp\/v2\/categories?post=1732"},{"taxonomy":"post_tag","embeddable":true,"href":"https:\/\/www.anovapeneira.gal\/index.php\/wp-json\/wp\/v2\/tags?post=1732"}],"curies":[{"name":"wp","href":"https:\/\/api.w.org\/{rel}","templated":true}]}}