{"id":1742,"date":"2019-11-12T12:00:42","date_gmt":"2019-11-12T11:00:42","guid":{"rendered":"http:\/\/www.anovapeneira.gal\/?p=1742"},"modified":"2019-11-11T20:23:00","modified_gmt":"2019-11-11T19:23:00","slug":"os-clubs-tenis-tui-e-padel8-colaboran-coa-biblioteca-publica-municipal","status":"publish","type":"post","link":"https:\/\/www.anovapeneira.gal\/index.php\/2019\/11\/12\/os-clubs-tenis-tui-e-padel8-colaboran-coa-biblioteca-publica-municipal\/","title":{"rendered":"Os clubs Tenis Tui e Padel8 colaboran coa Biblioteca P\u00fablica Municipal"},"content":{"rendered":"\n<h2 class=\"wp-block-heading\">\u00c9 un exemplo de econom\u00eda circular co reciclado das pelotas usadas de tenis e padel para reducir os ru\u00eddos no centro bibliotecario<\/h2>\n\n\n\n<p><strong>Tui, 7 de novembro de 2019<\/strong><\/p>\n\n\n\n<p>Os responsables de\ndous clubs deportivos tudenses, Pablo Garc\u00eda do Club de Tenis Tui e\nJuan Carlos Feijoo e Miguel de la Calle do Club de Padel8, entregaron\nesta ma\u00f1\u00e1 \u00e1 Biblioteca Municipal de Tui un amplo lotes de pelotas\nusadas que ser\u00e1n reutilizadas polo centro bibliotecario para\ncontribu\u00edr substancialmente ao mantemento do ambiente de silencio,\ntan caracter\u00edstico na biblioteca, ao evitar o ru\u00eddo xerado polo\narrastres das cadeiras que, de modo involuntario, realizan os\nusuarios cando acceden ou abandonan o seu posto de lectura.<\/p>\n\n\n\n<p>Participaron neste\nacto, xunto aos responsables de ambos clubs, os concelleiros de\nDeportes, Rafael Est\u00e9vez, e de Cultura, Sonsoles Vicente. Todos\nexpresaron a s\u00faa satisfacci\u00f3n por esta colaboraci\u00f3n que \u00e9 un\nsinxelo exemplo de reutilizaci\u00f3n de material, nesta caso deportivo,\npara outros usos, neste caso culturais. Un bo exemplo de econom\u00eda\ncircular promovido pola Biblioteca P\u00fablica Municipal tudense que nos\nvindeiros d\u00edas proceder\u00e1 \u00e1 colocaci\u00f3n destas pelotas usadas como\nelemento protector nas patas das cadeiras da sala de lectura deste\ncentro bibliotecario.<\/p>\n\n\n\n<p>Para a concelleira\nde Cultura, Sonsoles Vicente, con esta medida se responde a unha\ndemanda dos usuarios da biblioteca e se abre \u00e1 colaboraci\u00f3n con\noutras entidades e colectivos tudense pois a Biblioteca Municipal\ntudense \u00e9 un espazo aberto e de acollida a m\u00faltiples perspectivas e\nintereses. Este material tam\u00e9n ser\u00e1 ofrecido \u00e1s bibliotecas\nescolares que puideran estar interesadas.<\/p>\n","protected":false},"excerpt":{"rendered":"<div class=\"mh-excerpt\"><p>\u00c9 un exemplo de econom\u00eda circular co reciclado das pelotas usadas de tenis e padel para reducir os ru\u00eddos no centro bibliotecario <a class=\"mh-excerpt-more\" href=\"https:\/\/www.anovapeneira.gal\/index.php\/2019\/11\/12\/os-clubs-tenis-tui-e-padel8-colaboran-coa-biblioteca-publica-municipal\/\" title=\"Os clubs Tenis Tui e Padel8 colaboran coa Biblioteca P\u00fablica Municipal\">[&#8230;]<\/a><\/p>\n<\/div>","protected":false},"author":3,"featured_media":1736,"comment_status":"open","ping_status":"open","sticky":false,"template":"","format":"standard","meta":{"_exactmetrics_skip_tracking":false,"_exactmetrics_sitenote_active":false,"_exactmetrics_sitenote_note":"","_exactmetrics_sitenote_category":0,"footnotes":""},"categories":[21],"tags":[518,426,762,761],"class_list":{"0":"post-1742","1":"post","2":"type-post","3":"status-publish","4":"format-standard","5":"has-post-thumbnail","7":"category-baixo-mino","8":"tag-biblioteca","9":"tag-concello-de-tui","10":"tag-padel8","11":"tag-tenis-tui"},"yoast_head":"<!-- This site is optimized with the Yoast SEO plugin v27.4 - https:\/\/yoast.com\/product\/yoast-seo-wordpress\/ -->\n<title>Os clubs Tenis Tui e Padel8 colaboran coa Biblioteca P\u00fablica Municipal -<\/title>\n<meta name=\"robots\" content=\"index, follow, max-snippet:-1, max-image-preview:large, max-video-preview:-1\" \/>\n<link rel=\"canonical\" href=\"https:\/\/www.anovapeneira.gal\/index.php\/2019\/11\/12\/os-clubs-tenis-tui-e-padel8-colaboran-coa-biblioteca-publica-municipal\/\" \/>\n<meta property=\"og:locale\" content=\"gl_ES\" \/>\n<meta property=\"og:type\" content=\"article\" \/>\n<meta property=\"og:title\" content=\"Os clubs Tenis Tui e Padel8 colaboran coa Biblioteca P\u00fablica Municipal -\" \/>\n<meta property=\"og:description\" content=\"\u00c9 un exemplo de econom\u00eda circular co reciclado das pelotas usadas de tenis e padel para reducir os ru\u00eddos no centro bibliotecario [...]\" \/>\n<meta property=\"og:url\" content=\"https:\/\/www.anovapeneira.gal\/index.php\/2019\/11\/12\/os-clubs-tenis-tui-e-padel8-colaboran-coa-biblioteca-publica-municipal\/\" \/>\n<meta property=\"article:publisher\" content=\"https:\/\/www.facebook.com\/anovapeneira\" \/>\n<meta property=\"article:published_time\" content=\"2019-11-12T11:00:42+00:00\" \/>\n<meta property=\"og:image\" content=\"https:\/\/www.anovapeneira.gal\/wp-content\/uploads\/2019\/11\/Biblioteca_Tenis_Padel_TUI_a_nova_peneira.jpg\" \/>\n\t<meta property=\"og:image:width\" content=\"720\" \/>\n\t<meta property=\"og:image:height\" content=\"432\" \/>\n\t<meta property=\"og:image:type\" content=\"image\/jpeg\" \/>\n<meta name=\"author\" content=\"Redacci\u00f3n A Nova Peneira\" \/>\n<meta name=\"twitter:card\" content=\"summary_large_image\" \/>\n<meta name=\"twitter:creator\" content=\"@APeneira\" \/>\n<meta name=\"twitter:site\" content=\"@APeneira\" \/>\n<meta name=\"twitter:label1\" content=\"Escrito por\" \/>\n\t<meta name=\"twitter:data1\" content=\"Redacci\u00f3n A Nova Peneira\" \/>\n\t<meta name=\"twitter:label2\" content=\"Tempo de lectura\" \/>\n\t<meta name=\"twitter:data2\" content=\"1 minuto\" \/>\n<script type=\"application\/ld+json\" class=\"yoast-schema-graph\">{\"@context\":\"https:\\\/\\\/schema.org\",\"@graph\":[{\"@type\":\"Article\",\"@id\":\"https:\\\/\\\/www.anovapeneira.gal\\\/index.php\\\/2019\\\/11\\\/12\\\/os-clubs-tenis-tui-e-padel8-colaboran-coa-biblioteca-publica-municipal\\\/#article\",\"isPartOf\":{\"@id\":\"https:\\\/\\\/www.anovapeneira.gal\\\/index.php\\\/2019\\\/11\\\/12\\\/os-clubs-tenis-tui-e-padel8-colaboran-coa-biblioteca-publica-municipal\\\/\"},\"author\":{\"name\":\"Redacci\u00f3n A Nova Peneira\",\"@id\":\"https:\\\/\\\/www.anovapeneira.gal\\\/#\\\/schema\\\/person\\\/b93e3f8932e3f8da96334607eb6ac6aa\"},\"headline\":\"Os clubs Tenis Tui e Padel8 colaboran coa Biblioteca P\u00fablica Municipal\",\"datePublished\":\"2019-11-12T11:00:42+00:00\",\"mainEntityOfPage\":{\"@id\":\"https:\\\/\\\/www.anovapeneira.gal\\\/index.php\\\/2019\\\/11\\\/12\\\/os-clubs-tenis-tui-e-padel8-colaboran-coa-biblioteca-publica-municipal\\\/\"},\"wordCount\":277,\"commentCount\":0,\"publisher\":{\"@id\":\"https:\\\/\\\/www.anovapeneira.gal\\\/#organization\"},\"image\":{\"@id\":\"https:\\\/\\\/www.anovapeneira.gal\\\/index.php\\\/2019\\\/11\\\/12\\\/os-clubs-tenis-tui-e-padel8-colaboran-coa-biblioteca-publica-municipal\\\/#primaryimage\"},\"thumbnailUrl\":\"https:\\\/\\\/www.anovapeneira.gal\\\/wp-content\\\/uploads\\\/2019\\\/11\\\/Biblioteca_Tenis_Padel_TUI_a_nova_peneira.jpg\",\"keywords\":[\"Biblioteca\",\"Concello de Tui\",\"Padel8\",\"Tenis Tui\"],\"articleSection\":[\"Baixo Mi\u00f1o\"],\"inLanguage\":\"gl-ES\",\"potentialAction\":[{\"@type\":\"CommentAction\",\"name\":\"Comment\",\"target\":[\"https:\\\/\\\/www.anovapeneira.gal\\\/index.php\\\/2019\\\/11\\\/12\\\/os-clubs-tenis-tui-e-padel8-colaboran-coa-biblioteca-publica-municipal\\\/#respond\"]}]},{\"@type\":\"WebPage\",\"@id\":\"https:\\\/\\\/www.anovapeneira.gal\\\/index.php\\\/2019\\\/11\\\/12\\\/os-clubs-tenis-tui-e-padel8-colaboran-coa-biblioteca-publica-municipal\\\/\",\"url\":\"https:\\\/\\\/www.anovapeneira.gal\\\/index.php\\\/2019\\\/11\\\/12\\\/os-clubs-tenis-tui-e-padel8-colaboran-coa-biblioteca-publica-municipal\\\/\",\"name\":\"Os clubs Tenis Tui e Padel8 colaboran coa Biblioteca P\u00fablica Municipal -\",\"isPartOf\":{\"@id\":\"https:\\\/\\\/www.anovapeneira.gal\\\/#website\"},\"primaryImageOfPage\":{\"@id\":\"https:\\\/\\\/www.anovapeneira.gal\\\/index.php\\\/2019\\\/11\\\/12\\\/os-clubs-tenis-tui-e-padel8-colaboran-coa-biblioteca-publica-municipal\\\/#primaryimage\"},\"image\":{\"@id\":\"https:\\\/\\\/www.anovapeneira.gal\\\/index.php\\\/2019\\\/11\\\/12\\\/os-clubs-tenis-tui-e-padel8-colaboran-coa-biblioteca-publica-municipal\\\/#primaryimage\"},\"thumbnailUrl\":\"https:\\\/\\\/www.anovapeneira.gal\\\/wp-content\\\/uploads\\\/2019\\\/11\\\/Biblioteca_Tenis_Padel_TUI_a_nova_peneira.jpg\",\"datePublished\":\"2019-11-12T11:00:42+00:00\",\"breadcrumb\":{\"@id\":\"https:\\\/\\\/www.anovapeneira.gal\\\/index.php\\\/2019\\\/11\\\/12\\\/os-clubs-tenis-tui-e-padel8-colaboran-coa-biblioteca-publica-municipal\\\/#breadcrumb\"},\"inLanguage\":\"gl-ES\",\"potentialAction\":[{\"@type\":\"ReadAction\",\"target\":[\"https:\\\/\\\/www.anovapeneira.gal\\\/index.php\\\/2019\\\/11\\\/12\\\/os-clubs-tenis-tui-e-padel8-colaboran-coa-biblioteca-publica-municipal\\\/\"]}]},{\"@type\":\"ImageObject\",\"inLanguage\":\"gl-ES\",\"@id\":\"https:\\\/\\\/www.anovapeneira.gal\\\/index.php\\\/2019\\\/11\\\/12\\\/os-clubs-tenis-tui-e-padel8-colaboran-coa-biblioteca-publica-municipal\\\/#primaryimage\",\"url\":\"https:\\\/\\\/www.anovapeneira.gal\\\/wp-content\\\/uploads\\\/2019\\\/11\\\/Biblioteca_Tenis_Padel_TUI_a_nova_peneira.jpg\",\"contentUrl\":\"https:\\\/\\\/www.anovapeneira.gal\\\/wp-content\\\/uploads\\\/2019\\\/11\\\/Biblioteca_Tenis_Padel_TUI_a_nova_peneira.jpg\",\"width\":720,\"height\":432,\"caption\":\"Biblioteca Tenis Padel A Nova Peneira Concello de Tui\"},{\"@type\":\"BreadcrumbList\",\"@id\":\"https:\\\/\\\/www.anovapeneira.gal\\\/index.php\\\/2019\\\/11\\\/12\\\/os-clubs-tenis-tui-e-padel8-colaboran-coa-biblioteca-publica-municipal\\\/#breadcrumb\",\"itemListElement\":[{\"@type\":\"ListItem\",\"position\":1,\"name\":\"Portada\",\"item\":\"https:\\\/\\\/www.anovapeneira.gal\\\/\"},{\"@type\":\"ListItem\",\"position\":2,\"name\":\"Os clubs Tenis Tui e Padel8 colaboran coa Biblioteca P\u00fablica Municipal\"}]},{\"@type\":\"WebSite\",\"@id\":\"https:\\\/\\\/www.anovapeneira.gal\\\/#website\",\"url\":\"https:\\\/\\\/www.anovapeneira.gal\\\/\",\"name\":\"\",\"description\":\"Xornal galego de informaci\u00f3n xeral Publicaci\u00f3n mensual de novas de Galicia e en especial dos Concellos da sur da provincia de Pontevedra.\",\"publisher\":{\"@id\":\"https:\\\/\\\/www.anovapeneira.gal\\\/#organization\"},\"potentialAction\":[{\"@type\":\"SearchAction\",\"target\":{\"@type\":\"EntryPoint\",\"urlTemplate\":\"https:\\\/\\\/www.anovapeneira.gal\\\/?s={search_term_string}\"},\"query-input\":{\"@type\":\"PropertyValueSpecification\",\"valueRequired\":true,\"valueName\":\"search_term_string\"}}],\"inLanguage\":\"gl-ES\"},{\"@type\":\"Organization\",\"@id\":\"https:\\\/\\\/www.anovapeneira.gal\\\/#organization\",\"name\":\"A Nova Peneira\",\"url\":\"https:\\\/\\\/www.anovapeneira.gal\\\/\",\"logo\":{\"@type\":\"ImageObject\",\"inLanguage\":\"gl-ES\",\"@id\":\"https:\\\/\\\/www.anovapeneira.gal\\\/#\\\/schema\\\/logo\\\/image\\\/\",\"url\":\"http:\\\/\\\/www.anovapeneira.gal\\\/wp-content\\\/uploads\\\/2019\\\/06\\\/logo_a_nova_peneira_portal_web.png\",\"contentUrl\":\"http:\\\/\\\/www.anovapeneira.gal\\\/wp-content\\\/uploads\\\/2019\\\/06\\\/logo_a_nova_peneira_portal_web.png\",\"width\":300,\"height\":100,\"caption\":\"A Nova Peneira\"},\"image\":{\"@id\":\"https:\\\/\\\/www.anovapeneira.gal\\\/#\\\/schema\\\/logo\\\/image\\\/\"},\"sameAs\":[\"https:\\\/\\\/www.facebook.com\\\/anovapeneira\",\"https:\\\/\\\/x.com\\\/APeneira\"]},{\"@type\":\"Person\",\"@id\":\"https:\\\/\\\/www.anovapeneira.gal\\\/#\\\/schema\\\/person\\\/b93e3f8932e3f8da96334607eb6ac6aa\",\"name\":\"Redacci\u00f3n A Nova Peneira\",\"image\":{\"@type\":\"ImageObject\",\"inLanguage\":\"gl-ES\",\"@id\":\"https:\\\/\\\/secure.gravatar.com\\\/avatar\\\/c052a2551a06e23fac63626232eaa90abd78dbcf1700fc46a2b2c89fd27b735f?s=96&d=mm&r=g\",\"url\":\"https:\\\/\\\/secure.gravatar.com\\\/avatar\\\/c052a2551a06e23fac63626232eaa90abd78dbcf1700fc46a2b2c89fd27b735f?s=96&d=mm&r=g\",\"contentUrl\":\"https:\\\/\\\/secure.gravatar.com\\\/avatar\\\/c052a2551a06e23fac63626232eaa90abd78dbcf1700fc46a2b2c89fd27b735f?s=96&d=mm&r=g\",\"caption\":\"Redacci\u00f3n A Nova Peneira\"},\"sameAs\":[\"http:\\\/\\\/www.anovapeneira.gal\\\/\"],\"url\":\"https:\\\/\\\/www.anovapeneira.gal\\\/index.php\\\/author\\\/redactor\\\/\"}]}<\/script>\n<!-- \/ Yoast SEO plugin. -->","yoast_head_json":{"title":"Os clubs Tenis Tui e Padel8 colaboran coa Biblioteca P\u00fablica Municipal -","robots":{"index":"index","follow":"follow","max-snippet":"max-snippet:-1","max-image-preview":"max-image-preview:large","max-video-preview":"max-video-preview:-1"},"canonical":"https:\/\/www.anovapeneira.gal\/index.php\/2019\/11\/12\/os-clubs-tenis-tui-e-padel8-colaboran-coa-biblioteca-publica-municipal\/","og_locale":"gl_ES","og_type":"article","og_title":"Os clubs Tenis Tui e Padel8 colaboran coa Biblioteca P\u00fablica Municipal -","og_description":"\u00c9 un exemplo de econom\u00eda circular co reciclado das pelotas usadas de tenis e padel para reducir os ru\u00eddos no centro bibliotecario [...]","og_url":"https:\/\/www.anovapeneira.gal\/index.php\/2019\/11\/12\/os-clubs-tenis-tui-e-padel8-colaboran-coa-biblioteca-publica-municipal\/","article_publisher":"https:\/\/www.facebook.com\/anovapeneira","article_published_time":"2019-11-12T11:00:42+00:00","og_image":[{"width":720,"height":432,"url":"https:\/\/www.anovapeneira.gal\/wp-content\/uploads\/2019\/11\/Biblioteca_Tenis_Padel_TUI_a_nova_peneira.jpg","type":"image\/jpeg"}],"author":"Redacci\u00f3n A Nova Peneira","twitter_card":"summary_large_image","twitter_creator":"@APeneira","twitter_site":"@APeneira","twitter_misc":{"Escrito por":"Redacci\u00f3n A Nova Peneira","Tempo de lectura":"1 minuto"},"schema":{"@context":"https:\/\/schema.org","@graph":[{"@type":"Article","@id":"https:\/\/www.anovapeneira.gal\/index.php\/2019\/11\/12\/os-clubs-tenis-tui-e-padel8-colaboran-coa-biblioteca-publica-municipal\/#article","isPartOf":{"@id":"https:\/\/www.anovapeneira.gal\/index.php\/2019\/11\/12\/os-clubs-tenis-tui-e-padel8-colaboran-coa-biblioteca-publica-municipal\/"},"author":{"name":"Redacci\u00f3n A Nova Peneira","@id":"https:\/\/www.anovapeneira.gal\/#\/schema\/person\/b93e3f8932e3f8da96334607eb6ac6aa"},"headline":"Os clubs Tenis Tui e Padel8 colaboran coa Biblioteca P\u00fablica Municipal","datePublished":"2019-11-12T11:00:42+00:00","mainEntityOfPage":{"@id":"https:\/\/www.anovapeneira.gal\/index.php\/2019\/11\/12\/os-clubs-tenis-tui-e-padel8-colaboran-coa-biblioteca-publica-municipal\/"},"wordCount":277,"commentCount":0,"publisher":{"@id":"https:\/\/www.anovapeneira.gal\/#organization"},"image":{"@id":"https:\/\/www.anovapeneira.gal\/index.php\/2019\/11\/12\/os-clubs-tenis-tui-e-padel8-colaboran-coa-biblioteca-publica-municipal\/#primaryimage"},"thumbnailUrl":"https:\/\/www.anovapeneira.gal\/wp-content\/uploads\/2019\/11\/Biblioteca_Tenis_Padel_TUI_a_nova_peneira.jpg","keywords":["Biblioteca","Concello de Tui","Padel8","Tenis Tui"],"articleSection":["Baixo Mi\u00f1o"],"inLanguage":"gl-ES","potentialAction":[{"@type":"CommentAction","name":"Comment","target":["https:\/\/www.anovapeneira.gal\/index.php\/2019\/11\/12\/os-clubs-tenis-tui-e-padel8-colaboran-coa-biblioteca-publica-municipal\/#respond"]}]},{"@type":"WebPage","@id":"https:\/\/www.anovapeneira.gal\/index.php\/2019\/11\/12\/os-clubs-tenis-tui-e-padel8-colaboran-coa-biblioteca-publica-municipal\/","url":"https:\/\/www.anovapeneira.gal\/index.php\/2019\/11\/12\/os-clubs-tenis-tui-e-padel8-colaboran-coa-biblioteca-publica-municipal\/","name":"Os clubs Tenis Tui e Padel8 colaboran coa Biblioteca P\u00fablica Municipal -","isPartOf":{"@id":"https:\/\/www.anovapeneira.gal\/#website"},"primaryImageOfPage":{"@id":"https:\/\/www.anovapeneira.gal\/index.php\/2019\/11\/12\/os-clubs-tenis-tui-e-padel8-colaboran-coa-biblioteca-publica-municipal\/#primaryimage"},"image":{"@id":"https:\/\/www.anovapeneira.gal\/index.php\/2019\/11\/12\/os-clubs-tenis-tui-e-padel8-colaboran-coa-biblioteca-publica-municipal\/#primaryimage"},"thumbnailUrl":"https:\/\/www.anovapeneira.gal\/wp-content\/uploads\/2019\/11\/Biblioteca_Tenis_Padel_TUI_a_nova_peneira.jpg","datePublished":"2019-11-12T11:00:42+00:00","breadcrumb":{"@id":"https:\/\/www.anovapeneira.gal\/index.php\/2019\/11\/12\/os-clubs-tenis-tui-e-padel8-colaboran-coa-biblioteca-publica-municipal\/#breadcrumb"},"inLanguage":"gl-ES","potentialAction":[{"@type":"ReadAction","target":["https:\/\/www.anovapeneira.gal\/index.php\/2019\/11\/12\/os-clubs-tenis-tui-e-padel8-colaboran-coa-biblioteca-publica-municipal\/"]}]},{"@type":"ImageObject","inLanguage":"gl-ES","@id":"https:\/\/www.anovapeneira.gal\/index.php\/2019\/11\/12\/os-clubs-tenis-tui-e-padel8-colaboran-coa-biblioteca-publica-municipal\/#primaryimage","url":"https:\/\/www.anovapeneira.gal\/wp-content\/uploads\/2019\/11\/Biblioteca_Tenis_Padel_TUI_a_nova_peneira.jpg","contentUrl":"https:\/\/www.anovapeneira.gal\/wp-content\/uploads\/2019\/11\/Biblioteca_Tenis_Padel_TUI_a_nova_peneira.jpg","width":720,"height":432,"caption":"Biblioteca Tenis Padel A Nova Peneira Concello de Tui"},{"@type":"BreadcrumbList","@id":"https:\/\/www.anovapeneira.gal\/index.php\/2019\/11\/12\/os-clubs-tenis-tui-e-padel8-colaboran-coa-biblioteca-publica-municipal\/#breadcrumb","itemListElement":[{"@type":"ListItem","position":1,"name":"Portada","item":"https:\/\/www.anovapeneira.gal\/"},{"@type":"ListItem","position":2,"name":"Os clubs Tenis Tui e Padel8 colaboran coa Biblioteca P\u00fablica Municipal"}]},{"@type":"WebSite","@id":"https:\/\/www.anovapeneira.gal\/#website","url":"https:\/\/www.anovapeneira.gal\/","name":"","description":"Xornal galego de informaci\u00f3n xeral Publicaci\u00f3n mensual de novas de Galicia e en especial dos Concellos da sur da provincia de Pontevedra.","publisher":{"@id":"https:\/\/www.anovapeneira.gal\/#organization"},"potentialAction":[{"@type":"SearchAction","target":{"@type":"EntryPoint","urlTemplate":"https:\/\/www.anovapeneira.gal\/?s={search_term_string}"},"query-input":{"@type":"PropertyValueSpecification","valueRequired":true,"valueName":"search_term_string"}}],"inLanguage":"gl-ES"},{"@type":"Organization","@id":"https:\/\/www.anovapeneira.gal\/#organization","name":"A Nova Peneira","url":"https:\/\/www.anovapeneira.gal\/","logo":{"@type":"ImageObject","inLanguage":"gl-ES","@id":"https:\/\/www.anovapeneira.gal\/#\/schema\/logo\/image\/","url":"http:\/\/www.anovapeneira.gal\/wp-content\/uploads\/2019\/06\/logo_a_nova_peneira_portal_web.png","contentUrl":"http:\/\/www.anovapeneira.gal\/wp-content\/uploads\/2019\/06\/logo_a_nova_peneira_portal_web.png","width":300,"height":100,"caption":"A Nova Peneira"},"image":{"@id":"https:\/\/www.anovapeneira.gal\/#\/schema\/logo\/image\/"},"sameAs":["https:\/\/www.facebook.com\/anovapeneira","https:\/\/x.com\/APeneira"]},{"@type":"Person","@id":"https:\/\/www.anovapeneira.gal\/#\/schema\/person\/b93e3f8932e3f8da96334607eb6ac6aa","name":"Redacci\u00f3n A Nova Peneira","image":{"@type":"ImageObject","inLanguage":"gl-ES","@id":"https:\/\/secure.gravatar.com\/avatar\/c052a2551a06e23fac63626232eaa90abd78dbcf1700fc46a2b2c89fd27b735f?s=96&d=mm&r=g","url":"https:\/\/secure.gravatar.com\/avatar\/c052a2551a06e23fac63626232eaa90abd78dbcf1700fc46a2b2c89fd27b735f?s=96&d=mm&r=g","contentUrl":"https:\/\/secure.gravatar.com\/avatar\/c052a2551a06e23fac63626232eaa90abd78dbcf1700fc46a2b2c89fd27b735f?s=96&d=mm&r=g","caption":"Redacci\u00f3n A Nova Peneira"},"sameAs":["http:\/\/www.anovapeneira.gal\/"],"url":"https:\/\/www.anovapeneira.gal\/index.php\/author\/redactor\/"}]}},"jetpack_featured_media_url":"https:\/\/www.anovapeneira.gal\/wp-content\/uploads\/2019\/11\/Biblioteca_Tenis_Padel_TUI_a_nova_peneira.jpg","_links":{"self":[{"href":"https:\/\/www.anovapeneira.gal\/index.php\/wp-json\/wp\/v2\/posts\/1742","targetHints":{"allow":["GET"]}}],"collection":[{"href":"https:\/\/www.anovapeneira.gal\/index.php\/wp-json\/wp\/v2\/posts"}],"about":[{"href":"https:\/\/www.anovapeneira.gal\/index.php\/wp-json\/wp\/v2\/types\/post"}],"author":[{"embeddable":true,"href":"https:\/\/www.anovapeneira.gal\/index.php\/wp-json\/wp\/v2\/users\/3"}],"replies":[{"embeddable":true,"href":"https:\/\/www.anovapeneira.gal\/index.php\/wp-json\/wp\/v2\/comments?post=1742"}],"version-history":[{"count":1,"href":"https:\/\/www.anovapeneira.gal\/index.php\/wp-json\/wp\/v2\/posts\/1742\/revisions"}],"predecessor-version":[{"id":1743,"href":"https:\/\/www.anovapeneira.gal\/index.php\/wp-json\/wp\/v2\/posts\/1742\/revisions\/1743"}],"wp:featuredmedia":[{"embeddable":true,"href":"https:\/\/www.anovapeneira.gal\/index.php\/wp-json\/wp\/v2\/media\/1736"}],"wp:attachment":[{"href":"https:\/\/www.anovapeneira.gal\/index.php\/wp-json\/wp\/v2\/media?parent=1742"}],"wp:term":[{"taxonomy":"category","embeddable":true,"href":"https:\/\/www.anovapeneira.gal\/index.php\/wp-json\/wp\/v2\/categories?post=1742"},{"taxonomy":"post_tag","embeddable":true,"href":"https:\/\/www.anovapeneira.gal\/index.php\/wp-json\/wp\/v2\/tags?post=1742"}],"curies":[{"name":"wp","href":"https:\/\/api.w.org\/{rel}","templated":true}]}}