{"id":1744,"date":"2019-11-13T10:00:16","date_gmt":"2019-11-13T09:00:16","guid":{"rendered":"http:\/\/www.anovapeneira.gal\/?p=1744"},"modified":"2019-11-11T19:48:11","modified_gmt":"2019-11-11T18:48:11","slug":"concello-de-nigran-e-aqualia-entregan-a-un-alumno-do-ceip-da-cruz-o-premio-como-finalista-internacional-do-concurso-dixital-investigadores-da-auga","status":"publish","type":"post","link":"https:\/\/www.anovapeneira.gal\/index.php\/2019\/11\/13\/concello-de-nigran-e-aqualia-entregan-a-un-alumno-do-ceip-da-cruz-o-premio-como-finalista-internacional-do-concurso-dixital-investigadores-da-auga\/","title":{"rendered":"Concello de Nigr\u00e1n e Aqualia entregan a un alumno do CEIP da Cruz o premio como finalista internacional do concurso dixital  &#8216;Investigadores da auga&#8217;"},"content":{"rendered":"\n<h2 class=\"wp-block-heading\"><strong>O traballo de Oliver Mariuzza resultou elexido entre centos de escolares de 3\u00ba e 4\u00ba de Primaria de toda a Pen\u00ednsula<\/strong><\/h2>\n\n\n\n<p><strong>Nigr\u00e1n, 08 de noviembre de 2019<\/strong><\/p>\n\n\n\n<p>O\nalcalde de Nigr\u00e1n, Juan Gonz\u00e1lez, e a xefa de Servizo de Aqualia en\nNigr\u00e1n, Mari\u00e1n Lago, fixeron entrega esta ma\u00f1\u00e1 do premio como\nfinalista internacional de debuxo dixital infantil &#8216;Investigadores da\nauga&#8217; a Oliver Mariuzza Pazos, alumno de 5\u00ba de Primaria do CEIP da\nCruz (Camos). O rapaz recibiu un smartwatch e unha mochila grazas ao\nseu traballo &#8216;Investigaci\u00f3n de los criminales del agua&#8217;.<\/p>\n\n\n\n<p>\tNesta\nedici\u00f3n do pasado curso 2018\/2019, mantendo a aposta por potenciar a\ncreatividade dos m\u00e1is pequenos e pequenas, e intensificando a\u00ednda\nm\u00e1is a s\u00faa funci\u00f3n did\u00e1ctica, Aqualia convidou aos escolares de\n3\u00ba e 4\u00ba de Primaria de Espa\u00f1a e Portugal a converterse en\ninvestigadores, pescudar de onde v\u00e9n a auga que consumen cada d\u00eda e\nonde vai despois de utilizala. A trav\u00e9s do microsite\n<em>www.investigadoresdaauga.gal<\/em>\nfacilitou a participaci\u00f3n e o acceso libre do profesorado e do\nalumno \u00e1 zona de desenvolvemento creativo  e a secci\u00f3n &#8216;Aprende&#8217;,\ndotada de materiais educativos cos que ampliar o seu co\u00f1ecemento.<\/p>\n\n\n\n<p>\n\tDebuxo de Oliver\nMariuzza:<\/p>\n\n\n\n<p><a href=\"https:\/\/www.investigadoresdelagua.com\/dibujo?id=5411\">https:\/\/www.investigadoresdelagua.com\/dibujo?id=5411<\/a><\/p>\n","protected":false},"excerpt":{"rendered":"<div class=\"mh-excerpt\"><p>O traballo de Oliver Mariuzza resultou elexido entre centos de escolares de 3\u00ba e 4\u00ba de Primaria de toda a Pen\u00ednsula <a class=\"mh-excerpt-more\" href=\"https:\/\/www.anovapeneira.gal\/index.php\/2019\/11\/13\/concello-de-nigran-e-aqualia-entregan-a-un-alumno-do-ceip-da-cruz-o-premio-como-finalista-internacional-do-concurso-dixital-investigadores-da-auga\/\" title=\"Concello de Nigr\u00e1n e Aqualia entregan a un alumno do CEIP da Cruz o premio como finalista internacional do concurso dixital  &#8216;Investigadores da auga&#8217;\">[&#8230;]<\/a><\/p>\n<\/div>","protected":false},"author":3,"featured_media":1745,"comment_status":"open","ping_status":"open","sticky":false,"template":"","format":"standard","meta":{"_exactmetrics_skip_tracking":false,"_exactmetrics_sitenote_active":false,"_exactmetrics_sitenote_note":"","_exactmetrics_sitenote_category":0,"footnotes":""},"categories":[20],"tags":[763,764,135,765],"class_list":{"0":"post-1744","1":"post","2":"type-post","3":"status-publish","4":"format-standard","5":"has-post-thumbnail","7":"category-val-minor","8":"tag-aqualia","9":"tag-ceip-da-cruz","10":"tag-concello-de-nigran","11":"tag-investigadores-da-auga"},"yoast_head":"<!-- This site is optimized with the Yoast SEO plugin v27.4 - https:\/\/yoast.com\/product\/yoast-seo-wordpress\/ -->\n<title>Concello de Nigr\u00e1n e Aqualia entregan a un alumno do CEIP da Cruz o premio como finalista internacional do concurso dixital &#039;Investigadores da auga&#039; -<\/title>\n<meta name=\"robots\" content=\"index, follow, max-snippet:-1, max-image-preview:large, max-video-preview:-1\" \/>\n<link rel=\"canonical\" href=\"https:\/\/www.anovapeneira.gal\/index.php\/2019\/11\/13\/concello-de-nigran-e-aqualia-entregan-a-un-alumno-do-ceip-da-cruz-o-premio-como-finalista-internacional-do-concurso-dixital-investigadores-da-auga\/\" \/>\n<meta property=\"og:locale\" content=\"gl_ES\" \/>\n<meta property=\"og:type\" content=\"article\" \/>\n<meta property=\"og:title\" content=\"Concello de Nigr\u00e1n e Aqualia entregan a un alumno do CEIP da Cruz o premio como finalista internacional do concurso dixital &#039;Investigadores da auga&#039; -\" \/>\n<meta property=\"og:description\" content=\"O traballo de Oliver Mariuzza resultou elexido entre centos de escolares de 3\u00ba e 4\u00ba de Primaria de toda a Pen\u00ednsula [...]\" \/>\n<meta property=\"og:url\" content=\"https:\/\/www.anovapeneira.gal\/index.php\/2019\/11\/13\/concello-de-nigran-e-aqualia-entregan-a-un-alumno-do-ceip-da-cruz-o-premio-como-finalista-internacional-do-concurso-dixital-investigadores-da-auga\/\" \/>\n<meta property=\"article:publisher\" content=\"https:\/\/www.facebook.com\/anovapeneira\" \/>\n<meta property=\"article:published_time\" content=\"2019-11-13T09:00:16+00:00\" \/>\n<meta property=\"og:image\" content=\"https:\/\/www.anovapeneira.gal\/wp-content\/uploads\/2019\/11\/investigodores_de_auga_nigran_a_nova_peneira.jpg\" \/>\n\t<meta property=\"og:image:width\" content=\"2592\" \/>\n\t<meta property=\"og:image:height\" content=\"1944\" \/>\n\t<meta property=\"og:image:type\" content=\"image\/jpeg\" \/>\n<meta name=\"author\" content=\"Redacci\u00f3n A Nova Peneira\" \/>\n<meta name=\"twitter:card\" content=\"summary_large_image\" \/>\n<meta name=\"twitter:creator\" content=\"@APeneira\" \/>\n<meta name=\"twitter:site\" content=\"@APeneira\" \/>\n<meta name=\"twitter:label1\" content=\"Escrito por\" \/>\n\t<meta name=\"twitter:data1\" content=\"Redacci\u00f3n A Nova Peneira\" \/>\n\t<meta name=\"twitter:label2\" content=\"Tempo de lectura\" \/>\n\t<meta name=\"twitter:data2\" content=\"1 minuto\" \/>\n<script type=\"application\/ld+json\" class=\"yoast-schema-graph\">{\"@context\":\"https:\\\/\\\/schema.org\",\"@graph\":[{\"@type\":\"Article\",\"@id\":\"https:\\\/\\\/www.anovapeneira.gal\\\/index.php\\\/2019\\\/11\\\/13\\\/concello-de-nigran-e-aqualia-entregan-a-un-alumno-do-ceip-da-cruz-o-premio-como-finalista-internacional-do-concurso-dixital-investigadores-da-auga\\\/#article\",\"isPartOf\":{\"@id\":\"https:\\\/\\\/www.anovapeneira.gal\\\/index.php\\\/2019\\\/11\\\/13\\\/concello-de-nigran-e-aqualia-entregan-a-un-alumno-do-ceip-da-cruz-o-premio-como-finalista-internacional-do-concurso-dixital-investigadores-da-auga\\\/\"},\"author\":{\"name\":\"Redacci\u00f3n A Nova Peneira\",\"@id\":\"https:\\\/\\\/www.anovapeneira.gal\\\/#\\\/schema\\\/person\\\/b93e3f8932e3f8da96334607eb6ac6aa\"},\"headline\":\"Concello de Nigr\u00e1n e Aqualia entregan a un alumno do CEIP da Cruz o premio como finalista internacional do concurso dixital &#8216;Investigadores da auga&#8217;\",\"datePublished\":\"2019-11-13T09:00:16+00:00\",\"mainEntityOfPage\":{\"@id\":\"https:\\\/\\\/www.anovapeneira.gal\\\/index.php\\\/2019\\\/11\\\/13\\\/concello-de-nigran-e-aqualia-entregan-a-un-alumno-do-ceip-da-cruz-o-premio-como-finalista-internacional-do-concurso-dixital-investigadores-da-auga\\\/\"},\"wordCount\":237,\"commentCount\":0,\"publisher\":{\"@id\":\"https:\\\/\\\/www.anovapeneira.gal\\\/#organization\"},\"image\":{\"@id\":\"https:\\\/\\\/www.anovapeneira.gal\\\/index.php\\\/2019\\\/11\\\/13\\\/concello-de-nigran-e-aqualia-entregan-a-un-alumno-do-ceip-da-cruz-o-premio-como-finalista-internacional-do-concurso-dixital-investigadores-da-auga\\\/#primaryimage\"},\"thumbnailUrl\":\"https:\\\/\\\/www.anovapeneira.gal\\\/wp-content\\\/uploads\\\/2019\\\/11\\\/investigodores_de_auga_nigran_a_nova_peneira.jpg\",\"keywords\":[\"Aqualia\",\"CEIP da Cruz\",\"Concello de Nigr\u00e1n\",\"Investigadores da auga\"],\"articleSection\":[\"Val Mi\u00f1or\"],\"inLanguage\":\"gl-ES\",\"potentialAction\":[{\"@type\":\"CommentAction\",\"name\":\"Comment\",\"target\":[\"https:\\\/\\\/www.anovapeneira.gal\\\/index.php\\\/2019\\\/11\\\/13\\\/concello-de-nigran-e-aqualia-entregan-a-un-alumno-do-ceip-da-cruz-o-premio-como-finalista-internacional-do-concurso-dixital-investigadores-da-auga\\\/#respond\"]}]},{\"@type\":\"WebPage\",\"@id\":\"https:\\\/\\\/www.anovapeneira.gal\\\/index.php\\\/2019\\\/11\\\/13\\\/concello-de-nigran-e-aqualia-entregan-a-un-alumno-do-ceip-da-cruz-o-premio-como-finalista-internacional-do-concurso-dixital-investigadores-da-auga\\\/\",\"url\":\"https:\\\/\\\/www.anovapeneira.gal\\\/index.php\\\/2019\\\/11\\\/13\\\/concello-de-nigran-e-aqualia-entregan-a-un-alumno-do-ceip-da-cruz-o-premio-como-finalista-internacional-do-concurso-dixital-investigadores-da-auga\\\/\",\"name\":\"Concello de Nigr\u00e1n e Aqualia entregan a un alumno do CEIP da Cruz o premio como finalista internacional do concurso dixital 'Investigadores da auga' -\",\"isPartOf\":{\"@id\":\"https:\\\/\\\/www.anovapeneira.gal\\\/#website\"},\"primaryImageOfPage\":{\"@id\":\"https:\\\/\\\/www.anovapeneira.gal\\\/index.php\\\/2019\\\/11\\\/13\\\/concello-de-nigran-e-aqualia-entregan-a-un-alumno-do-ceip-da-cruz-o-premio-como-finalista-internacional-do-concurso-dixital-investigadores-da-auga\\\/#primaryimage\"},\"image\":{\"@id\":\"https:\\\/\\\/www.anovapeneira.gal\\\/index.php\\\/2019\\\/11\\\/13\\\/concello-de-nigran-e-aqualia-entregan-a-un-alumno-do-ceip-da-cruz-o-premio-como-finalista-internacional-do-concurso-dixital-investigadores-da-auga\\\/#primaryimage\"},\"thumbnailUrl\":\"https:\\\/\\\/www.anovapeneira.gal\\\/wp-content\\\/uploads\\\/2019\\\/11\\\/investigodores_de_auga_nigran_a_nova_peneira.jpg\",\"datePublished\":\"2019-11-13T09:00:16+00:00\",\"breadcrumb\":{\"@id\":\"https:\\\/\\\/www.anovapeneira.gal\\\/index.php\\\/2019\\\/11\\\/13\\\/concello-de-nigran-e-aqualia-entregan-a-un-alumno-do-ceip-da-cruz-o-premio-como-finalista-internacional-do-concurso-dixital-investigadores-da-auga\\\/#breadcrumb\"},\"inLanguage\":\"gl-ES\",\"potentialAction\":[{\"@type\":\"ReadAction\",\"target\":[\"https:\\\/\\\/www.anovapeneira.gal\\\/index.php\\\/2019\\\/11\\\/13\\\/concello-de-nigran-e-aqualia-entregan-a-un-alumno-do-ceip-da-cruz-o-premio-como-finalista-internacional-do-concurso-dixital-investigadores-da-auga\\\/\"]}]},{\"@type\":\"ImageObject\",\"inLanguage\":\"gl-ES\",\"@id\":\"https:\\\/\\\/www.anovapeneira.gal\\\/index.php\\\/2019\\\/11\\\/13\\\/concello-de-nigran-e-aqualia-entregan-a-un-alumno-do-ceip-da-cruz-o-premio-como-finalista-internacional-do-concurso-dixital-investigadores-da-auga\\\/#primaryimage\",\"url\":\"https:\\\/\\\/www.anovapeneira.gal\\\/wp-content\\\/uploads\\\/2019\\\/11\\\/investigodores_de_auga_nigran_a_nova_peneira.jpg\",\"contentUrl\":\"https:\\\/\\\/www.anovapeneira.gal\\\/wp-content\\\/uploads\\\/2019\\\/11\\\/investigodores_de_auga_nigran_a_nova_peneira.jpg\",\"width\":2592,\"height\":1944,\"caption\":\"Investigadores de auga Concello de Nigr\u00e1n A Nova Peneira\"},{\"@type\":\"BreadcrumbList\",\"@id\":\"https:\\\/\\\/www.anovapeneira.gal\\\/index.php\\\/2019\\\/11\\\/13\\\/concello-de-nigran-e-aqualia-entregan-a-un-alumno-do-ceip-da-cruz-o-premio-como-finalista-internacional-do-concurso-dixital-investigadores-da-auga\\\/#breadcrumb\",\"itemListElement\":[{\"@type\":\"ListItem\",\"position\":1,\"name\":\"Portada\",\"item\":\"https:\\\/\\\/www.anovapeneira.gal\\\/\"},{\"@type\":\"ListItem\",\"position\":2,\"name\":\"Concello de Nigr\u00e1n e Aqualia entregan a un alumno do CEIP da Cruz o premio como finalista internacional do concurso dixital &#8216;Investigadores da auga&#8217;\"}]},{\"@type\":\"WebSite\",\"@id\":\"https:\\\/\\\/www.anovapeneira.gal\\\/#website\",\"url\":\"https:\\\/\\\/www.anovapeneira.gal\\\/\",\"name\":\"\",\"description\":\"Xornal galego de informaci\u00f3n xeral Publicaci\u00f3n mensual de novas de Galicia e en especial dos Concellos da sur da provincia de Pontevedra.\",\"publisher\":{\"@id\":\"https:\\\/\\\/www.anovapeneira.gal\\\/#organization\"},\"potentialAction\":[{\"@type\":\"SearchAction\",\"target\":{\"@type\":\"EntryPoint\",\"urlTemplate\":\"https:\\\/\\\/www.anovapeneira.gal\\\/?s={search_term_string}\"},\"query-input\":{\"@type\":\"PropertyValueSpecification\",\"valueRequired\":true,\"valueName\":\"search_term_string\"}}],\"inLanguage\":\"gl-ES\"},{\"@type\":\"Organization\",\"@id\":\"https:\\\/\\\/www.anovapeneira.gal\\\/#organization\",\"name\":\"A Nova Peneira\",\"url\":\"https:\\\/\\\/www.anovapeneira.gal\\\/\",\"logo\":{\"@type\":\"ImageObject\",\"inLanguage\":\"gl-ES\",\"@id\":\"https:\\\/\\\/www.anovapeneira.gal\\\/#\\\/schema\\\/logo\\\/image\\\/\",\"url\":\"http:\\\/\\\/www.anovapeneira.gal\\\/wp-content\\\/uploads\\\/2019\\\/06\\\/logo_a_nova_peneira_portal_web.png\",\"contentUrl\":\"http:\\\/\\\/www.anovapeneira.gal\\\/wp-content\\\/uploads\\\/2019\\\/06\\\/logo_a_nova_peneira_portal_web.png\",\"width\":300,\"height\":100,\"caption\":\"A Nova Peneira\"},\"image\":{\"@id\":\"https:\\\/\\\/www.anovapeneira.gal\\\/#\\\/schema\\\/logo\\\/image\\\/\"},\"sameAs\":[\"https:\\\/\\\/www.facebook.com\\\/anovapeneira\",\"https:\\\/\\\/x.com\\\/APeneira\"]},{\"@type\":\"Person\",\"@id\":\"https:\\\/\\\/www.anovapeneira.gal\\\/#\\\/schema\\\/person\\\/b93e3f8932e3f8da96334607eb6ac6aa\",\"name\":\"Redacci\u00f3n A Nova Peneira\",\"image\":{\"@type\":\"ImageObject\",\"inLanguage\":\"gl-ES\",\"@id\":\"https:\\\/\\\/secure.gravatar.com\\\/avatar\\\/c052a2551a06e23fac63626232eaa90abd78dbcf1700fc46a2b2c89fd27b735f?s=96&d=mm&r=g\",\"url\":\"https:\\\/\\\/secure.gravatar.com\\\/avatar\\\/c052a2551a06e23fac63626232eaa90abd78dbcf1700fc46a2b2c89fd27b735f?s=96&d=mm&r=g\",\"contentUrl\":\"https:\\\/\\\/secure.gravatar.com\\\/avatar\\\/c052a2551a06e23fac63626232eaa90abd78dbcf1700fc46a2b2c89fd27b735f?s=96&d=mm&r=g\",\"caption\":\"Redacci\u00f3n A Nova Peneira\"},\"sameAs\":[\"http:\\\/\\\/www.anovapeneira.gal\\\/\"],\"url\":\"https:\\\/\\\/www.anovapeneira.gal\\\/index.php\\\/author\\\/redactor\\\/\"}]}<\/script>\n<!-- \/ Yoast SEO plugin. -->","yoast_head_json":{"title":"Concello de Nigr\u00e1n e Aqualia entregan a un alumno do CEIP da Cruz o premio como finalista internacional do concurso dixital 'Investigadores da auga' -","robots":{"index":"index","follow":"follow","max-snippet":"max-snippet:-1","max-image-preview":"max-image-preview:large","max-video-preview":"max-video-preview:-1"},"canonical":"https:\/\/www.anovapeneira.gal\/index.php\/2019\/11\/13\/concello-de-nigran-e-aqualia-entregan-a-un-alumno-do-ceip-da-cruz-o-premio-como-finalista-internacional-do-concurso-dixital-investigadores-da-auga\/","og_locale":"gl_ES","og_type":"article","og_title":"Concello de Nigr\u00e1n e Aqualia entregan a un alumno do CEIP da Cruz o premio como finalista internacional do concurso dixital 'Investigadores da auga' -","og_description":"O traballo de Oliver Mariuzza resultou elexido entre centos de escolares de 3\u00ba e 4\u00ba de Primaria de toda a Pen\u00ednsula [...]","og_url":"https:\/\/www.anovapeneira.gal\/index.php\/2019\/11\/13\/concello-de-nigran-e-aqualia-entregan-a-un-alumno-do-ceip-da-cruz-o-premio-como-finalista-internacional-do-concurso-dixital-investigadores-da-auga\/","article_publisher":"https:\/\/www.facebook.com\/anovapeneira","article_published_time":"2019-11-13T09:00:16+00:00","og_image":[{"width":2592,"height":1944,"url":"https:\/\/www.anovapeneira.gal\/wp-content\/uploads\/2019\/11\/investigodores_de_auga_nigran_a_nova_peneira.jpg","type":"image\/jpeg"}],"author":"Redacci\u00f3n A Nova Peneira","twitter_card":"summary_large_image","twitter_creator":"@APeneira","twitter_site":"@APeneira","twitter_misc":{"Escrito por":"Redacci\u00f3n A Nova Peneira","Tempo de lectura":"1 minuto"},"schema":{"@context":"https:\/\/schema.org","@graph":[{"@type":"Article","@id":"https:\/\/www.anovapeneira.gal\/index.php\/2019\/11\/13\/concello-de-nigran-e-aqualia-entregan-a-un-alumno-do-ceip-da-cruz-o-premio-como-finalista-internacional-do-concurso-dixital-investigadores-da-auga\/#article","isPartOf":{"@id":"https:\/\/www.anovapeneira.gal\/index.php\/2019\/11\/13\/concello-de-nigran-e-aqualia-entregan-a-un-alumno-do-ceip-da-cruz-o-premio-como-finalista-internacional-do-concurso-dixital-investigadores-da-auga\/"},"author":{"name":"Redacci\u00f3n A Nova Peneira","@id":"https:\/\/www.anovapeneira.gal\/#\/schema\/person\/b93e3f8932e3f8da96334607eb6ac6aa"},"headline":"Concello de Nigr\u00e1n e Aqualia entregan a un alumno do CEIP da Cruz o premio como finalista internacional do concurso dixital &#8216;Investigadores da auga&#8217;","datePublished":"2019-11-13T09:00:16+00:00","mainEntityOfPage":{"@id":"https:\/\/www.anovapeneira.gal\/index.php\/2019\/11\/13\/concello-de-nigran-e-aqualia-entregan-a-un-alumno-do-ceip-da-cruz-o-premio-como-finalista-internacional-do-concurso-dixital-investigadores-da-auga\/"},"wordCount":237,"commentCount":0,"publisher":{"@id":"https:\/\/www.anovapeneira.gal\/#organization"},"image":{"@id":"https:\/\/www.anovapeneira.gal\/index.php\/2019\/11\/13\/concello-de-nigran-e-aqualia-entregan-a-un-alumno-do-ceip-da-cruz-o-premio-como-finalista-internacional-do-concurso-dixital-investigadores-da-auga\/#primaryimage"},"thumbnailUrl":"https:\/\/www.anovapeneira.gal\/wp-content\/uploads\/2019\/11\/investigodores_de_auga_nigran_a_nova_peneira.jpg","keywords":["Aqualia","CEIP da Cruz","Concello de Nigr\u00e1n","Investigadores da auga"],"articleSection":["Val Mi\u00f1or"],"inLanguage":"gl-ES","potentialAction":[{"@type":"CommentAction","name":"Comment","target":["https:\/\/www.anovapeneira.gal\/index.php\/2019\/11\/13\/concello-de-nigran-e-aqualia-entregan-a-un-alumno-do-ceip-da-cruz-o-premio-como-finalista-internacional-do-concurso-dixital-investigadores-da-auga\/#respond"]}]},{"@type":"WebPage","@id":"https:\/\/www.anovapeneira.gal\/index.php\/2019\/11\/13\/concello-de-nigran-e-aqualia-entregan-a-un-alumno-do-ceip-da-cruz-o-premio-como-finalista-internacional-do-concurso-dixital-investigadores-da-auga\/","url":"https:\/\/www.anovapeneira.gal\/index.php\/2019\/11\/13\/concello-de-nigran-e-aqualia-entregan-a-un-alumno-do-ceip-da-cruz-o-premio-como-finalista-internacional-do-concurso-dixital-investigadores-da-auga\/","name":"Concello de Nigr\u00e1n e Aqualia entregan a un alumno do CEIP da Cruz o premio como finalista internacional do concurso dixital 'Investigadores da auga' -","isPartOf":{"@id":"https:\/\/www.anovapeneira.gal\/#website"},"primaryImageOfPage":{"@id":"https:\/\/www.anovapeneira.gal\/index.php\/2019\/11\/13\/concello-de-nigran-e-aqualia-entregan-a-un-alumno-do-ceip-da-cruz-o-premio-como-finalista-internacional-do-concurso-dixital-investigadores-da-auga\/#primaryimage"},"image":{"@id":"https:\/\/www.anovapeneira.gal\/index.php\/2019\/11\/13\/concello-de-nigran-e-aqualia-entregan-a-un-alumno-do-ceip-da-cruz-o-premio-como-finalista-internacional-do-concurso-dixital-investigadores-da-auga\/#primaryimage"},"thumbnailUrl":"https:\/\/www.anovapeneira.gal\/wp-content\/uploads\/2019\/11\/investigodores_de_auga_nigran_a_nova_peneira.jpg","datePublished":"2019-11-13T09:00:16+00:00","breadcrumb":{"@id":"https:\/\/www.anovapeneira.gal\/index.php\/2019\/11\/13\/concello-de-nigran-e-aqualia-entregan-a-un-alumno-do-ceip-da-cruz-o-premio-como-finalista-internacional-do-concurso-dixital-investigadores-da-auga\/#breadcrumb"},"inLanguage":"gl-ES","potentialAction":[{"@type":"ReadAction","target":["https:\/\/www.anovapeneira.gal\/index.php\/2019\/11\/13\/concello-de-nigran-e-aqualia-entregan-a-un-alumno-do-ceip-da-cruz-o-premio-como-finalista-internacional-do-concurso-dixital-investigadores-da-auga\/"]}]},{"@type":"ImageObject","inLanguage":"gl-ES","@id":"https:\/\/www.anovapeneira.gal\/index.php\/2019\/11\/13\/concello-de-nigran-e-aqualia-entregan-a-un-alumno-do-ceip-da-cruz-o-premio-como-finalista-internacional-do-concurso-dixital-investigadores-da-auga\/#primaryimage","url":"https:\/\/www.anovapeneira.gal\/wp-content\/uploads\/2019\/11\/investigodores_de_auga_nigran_a_nova_peneira.jpg","contentUrl":"https:\/\/www.anovapeneira.gal\/wp-content\/uploads\/2019\/11\/investigodores_de_auga_nigran_a_nova_peneira.jpg","width":2592,"height":1944,"caption":"Investigadores de auga Concello de Nigr\u00e1n A Nova Peneira"},{"@type":"BreadcrumbList","@id":"https:\/\/www.anovapeneira.gal\/index.php\/2019\/11\/13\/concello-de-nigran-e-aqualia-entregan-a-un-alumno-do-ceip-da-cruz-o-premio-como-finalista-internacional-do-concurso-dixital-investigadores-da-auga\/#breadcrumb","itemListElement":[{"@type":"ListItem","position":1,"name":"Portada","item":"https:\/\/www.anovapeneira.gal\/"},{"@type":"ListItem","position":2,"name":"Concello de Nigr\u00e1n e Aqualia entregan a un alumno do CEIP da Cruz o premio como finalista internacional do concurso dixital &#8216;Investigadores da auga&#8217;"}]},{"@type":"WebSite","@id":"https:\/\/www.anovapeneira.gal\/#website","url":"https:\/\/www.anovapeneira.gal\/","name":"","description":"Xornal galego de informaci\u00f3n xeral Publicaci\u00f3n mensual de novas de Galicia e en especial dos Concellos da sur da provincia de Pontevedra.","publisher":{"@id":"https:\/\/www.anovapeneira.gal\/#organization"},"potentialAction":[{"@type":"SearchAction","target":{"@type":"EntryPoint","urlTemplate":"https:\/\/www.anovapeneira.gal\/?s={search_term_string}"},"query-input":{"@type":"PropertyValueSpecification","valueRequired":true,"valueName":"search_term_string"}}],"inLanguage":"gl-ES"},{"@type":"Organization","@id":"https:\/\/www.anovapeneira.gal\/#organization","name":"A Nova Peneira","url":"https:\/\/www.anovapeneira.gal\/","logo":{"@type":"ImageObject","inLanguage":"gl-ES","@id":"https:\/\/www.anovapeneira.gal\/#\/schema\/logo\/image\/","url":"http:\/\/www.anovapeneira.gal\/wp-content\/uploads\/2019\/06\/logo_a_nova_peneira_portal_web.png","contentUrl":"http:\/\/www.anovapeneira.gal\/wp-content\/uploads\/2019\/06\/logo_a_nova_peneira_portal_web.png","width":300,"height":100,"caption":"A Nova Peneira"},"image":{"@id":"https:\/\/www.anovapeneira.gal\/#\/schema\/logo\/image\/"},"sameAs":["https:\/\/www.facebook.com\/anovapeneira","https:\/\/x.com\/APeneira"]},{"@type":"Person","@id":"https:\/\/www.anovapeneira.gal\/#\/schema\/person\/b93e3f8932e3f8da96334607eb6ac6aa","name":"Redacci\u00f3n A Nova Peneira","image":{"@type":"ImageObject","inLanguage":"gl-ES","@id":"https:\/\/secure.gravatar.com\/avatar\/c052a2551a06e23fac63626232eaa90abd78dbcf1700fc46a2b2c89fd27b735f?s=96&d=mm&r=g","url":"https:\/\/secure.gravatar.com\/avatar\/c052a2551a06e23fac63626232eaa90abd78dbcf1700fc46a2b2c89fd27b735f?s=96&d=mm&r=g","contentUrl":"https:\/\/secure.gravatar.com\/avatar\/c052a2551a06e23fac63626232eaa90abd78dbcf1700fc46a2b2c89fd27b735f?s=96&d=mm&r=g","caption":"Redacci\u00f3n A Nova Peneira"},"sameAs":["http:\/\/www.anovapeneira.gal\/"],"url":"https:\/\/www.anovapeneira.gal\/index.php\/author\/redactor\/"}]}},"jetpack_featured_media_url":"https:\/\/www.anovapeneira.gal\/wp-content\/uploads\/2019\/11\/investigodores_de_auga_nigran_a_nova_peneira.jpg","_links":{"self":[{"href":"https:\/\/www.anovapeneira.gal\/index.php\/wp-json\/wp\/v2\/posts\/1744","targetHints":{"allow":["GET"]}}],"collection":[{"href":"https:\/\/www.anovapeneira.gal\/index.php\/wp-json\/wp\/v2\/posts"}],"about":[{"href":"https:\/\/www.anovapeneira.gal\/index.php\/wp-json\/wp\/v2\/types\/post"}],"author":[{"embeddable":true,"href":"https:\/\/www.anovapeneira.gal\/index.php\/wp-json\/wp\/v2\/users\/3"}],"replies":[{"embeddable":true,"href":"https:\/\/www.anovapeneira.gal\/index.php\/wp-json\/wp\/v2\/comments?post=1744"}],"version-history":[{"count":1,"href":"https:\/\/www.anovapeneira.gal\/index.php\/wp-json\/wp\/v2\/posts\/1744\/revisions"}],"predecessor-version":[{"id":1746,"href":"https:\/\/www.anovapeneira.gal\/index.php\/wp-json\/wp\/v2\/posts\/1744\/revisions\/1746"}],"wp:featuredmedia":[{"embeddable":true,"href":"https:\/\/www.anovapeneira.gal\/index.php\/wp-json\/wp\/v2\/media\/1745"}],"wp:attachment":[{"href":"https:\/\/www.anovapeneira.gal\/index.php\/wp-json\/wp\/v2\/media?parent=1744"}],"wp:term":[{"taxonomy":"category","embeddable":true,"href":"https:\/\/www.anovapeneira.gal\/index.php\/wp-json\/wp\/v2\/categories?post=1744"},{"taxonomy":"post_tag","embeddable":true,"href":"https:\/\/www.anovapeneira.gal\/index.php\/wp-json\/wp\/v2\/tags?post=1744"}],"curies":[{"name":"wp","href":"https:\/\/api.w.org\/{rel}","templated":true}]}}