{"id":1747,"date":"2019-11-13T12:00:50","date_gmt":"2019-11-13T11:00:50","guid":{"rendered":"http:\/\/www.anovapeneira.gal\/?p=1747"},"modified":"2019-11-11T19:48:32","modified_gmt":"2019-11-11T18:48:32","slug":"o-concello-conclue-os-encontros-para-analizar-o-fenomeno-do-botellon","status":"publish","type":"post","link":"https:\/\/www.anovapeneira.gal\/index.php\/2019\/11\/13\/o-concello-conclue-os-encontros-para-analizar-o-fenomeno-do-botellon\/","title":{"rendered":"O Concello concl\u00fae os encontros para analizar o fen\u00f3meno do \u201cbotell\u00f3n\u201d"},"content":{"rendered":"\n<p>\n<strong>Ponteareas,\n8 de novembro de 2019<\/strong><\/p>\n\n\n\n<p>O concelleiro de Bo Goberno, Transparencia e Participaci\u00f3n Cidad\u00e1, Roberto Mera, mantivo hoxe un encontro coa Polic\u00eda Auton\u00f3mica no marco das reuni\u00f3ns convocadas dentro do proceso participativo desenvolvido desde o mes de setembro para analizar o fen\u00f3meno do botell\u00f3n.<\/p>\n\n\n\n<p>Acompa\u00f1ado\ndo Oficial da Polic\u00eda Local, Mera analizou co Inspector Xefe e cun\nOficial da Polic\u00eda Auton\u00f3mica de Vigo as cifras e informaci\u00f3ns\nrelativas \u00e1 venda e ao consumo de alcol por parte de menores. A\nPolic\u00eda Auton\u00f3mica ven realizando desde hai anos inspecci\u00f3ns na\nFeira Vella e en locais de ocio nocturno con axentes de paisano para\ndetectar a venda de alcohol a menores e o consumo por parte destes.\nNo pasado ano realiz\u00e1ronse 143 identificaci\u00f3ns, tramit\u00e1ndose 18\ndenuncias por consumo e 2 por venda. No que vai de ano 2019\nrealiz\u00e1ronse 38 inspeci\u00f3ns, as denuncias por consumo baixaron a 6 e\npor venda el\u00e9vanse de momento a 3. \n<\/p>\n\n\n\n<p>Na\nreuni\u00f3n tam\u00e9n se valorou a importancia da prevenci\u00f3n e, neste\n\u00e1mbito, a Polic\u00eda Auton\u00f3mica ofreceu a posibilidade de celebrar\ncharlas de concienciaci\u00f3n en centros de ensino de Ponteareas.<\/p>\n\n\n\n<p>Con\neste encontro, a concellar\u00eda de Bo Goberno, Transparencia e\nParticipaci\u00f3n Cidad\u00e1 concl\u00fae o proceso de participaci\u00f3n no que\ninterviron varios centos de persoas en reuni\u00f3ns mantidas coa\nveci\u00f1anza afectada, a mocidade que participa no botell\u00f3n, as\ndirecci\u00f3ns de centros de ensino e ANPAS, a direcci\u00f3n do Centro de\nSa\u00fade, colectivos adicados \u00e1 prevenci\u00f3n do consumo de alcool e\ndrogas, a \u00e1rea de Benestar e Igualdade, a Polic\u00eda Local e a\nAsesor\u00eda Xur\u00eddica do Concello.<\/p>\n\n\n\n<p>A\nprevisi\u00f3n da concellar\u00eda \u00e9 facer p\u00fablicas nas vindeiras semanas\nas conclusi\u00f3ns do proceso e presentar un plan de medidas e de\nactuaci\u00f3ns dirixidas a dar resposta ao fen\u00f3meno con soluci\u00f3ns que\nabranguen desde o problema de sa\u00fade que conleva at\u00e9 os\ncomportamentos inc\u00edvicos que protagonizan unha parte dos\nparticipantes no botell\u00f3n.<\/p>\n","protected":false},"excerpt":{"rendered":"<div class=\"mh-excerpt\"><p>O concelleiro de Bo Goberno, Transparencia e Participaci\u00f3n Cidad\u00e1, Roberto Mera, mantivo hoxe un encontro coa Polic\u00eda Auton\u00f3mica <a class=\"mh-excerpt-more\" href=\"https:\/\/www.anovapeneira.gal\/index.php\/2019\/11\/13\/o-concello-conclue-os-encontros-para-analizar-o-fenomeno-do-botellon\/\" title=\"O Concello concl\u00fae os encontros para analizar o fen\u00f3meno do \u201cbotell\u00f3n\u201d\">[&#8230;]<\/a><\/p>\n<\/div>","protected":false},"author":3,"featured_media":1737,"comment_status":"open","ping_status":"open","sticky":false,"template":"","format":"standard","meta":{"_exactmetrics_skip_tracking":false,"_exactmetrics_sitenote_active":false,"_exactmetrics_sitenote_note":"","_exactmetrics_sitenote_category":0,"footnotes":""},"categories":[25],"tags":[766,208],"class_list":{"0":"post-1747","1":"post","2":"type-post","3":"status-publish","4":"format-standard","5":"has-post-thumbnail","7":"category-condado","8":"tag-botellon","9":"tag-concello-de-ponteareas"},"yoast_head":"<!-- This site is optimized with the Yoast SEO plugin v27.4 - https:\/\/yoast.com\/product\/yoast-seo-wordpress\/ -->\n<title>O Concello concl\u00fae os encontros para analizar o fen\u00f3meno do \u201cbotell\u00f3n\u201d -<\/title>\n<meta name=\"robots\" content=\"index, follow, max-snippet:-1, max-image-preview:large, max-video-preview:-1\" \/>\n<link rel=\"canonical\" href=\"https:\/\/www.anovapeneira.gal\/index.php\/2019\/11\/13\/o-concello-conclue-os-encontros-para-analizar-o-fenomeno-do-botellon\/\" \/>\n<meta property=\"og:locale\" content=\"gl_ES\" \/>\n<meta property=\"og:type\" content=\"article\" \/>\n<meta property=\"og:title\" content=\"O Concello concl\u00fae os encontros para analizar o fen\u00f3meno do \u201cbotell\u00f3n\u201d -\" \/>\n<meta property=\"og:description\" content=\"O concelleiro de Bo Goberno, Transparencia e Participaci\u00f3n Cidad\u00e1, Roberto Mera, mantivo hoxe un encontro coa Polic\u00eda Auton\u00f3mica [...]\" \/>\n<meta property=\"og:url\" content=\"https:\/\/www.anovapeneira.gal\/index.php\/2019\/11\/13\/o-concello-conclue-os-encontros-para-analizar-o-fenomeno-do-botellon\/\" \/>\n<meta property=\"article:publisher\" content=\"https:\/\/www.facebook.com\/anovapeneira\" \/>\n<meta property=\"article:published_time\" content=\"2019-11-13T11:00:50+00:00\" \/>\n<meta property=\"og:image\" content=\"https:\/\/www.anovapeneira.gal\/wp-content\/uploads\/2019\/11\/botellon_PONTEAREAS_a_nova_peneira.jpg\" \/>\n\t<meta property=\"og:image:width\" content=\"720\" \/>\n\t<meta property=\"og:image:height\" content=\"432\" \/>\n\t<meta property=\"og:image:type\" content=\"image\/jpeg\" \/>\n<meta name=\"author\" content=\"Redacci\u00f3n A Nova Peneira\" \/>\n<meta name=\"twitter:card\" content=\"summary_large_image\" \/>\n<meta name=\"twitter:creator\" content=\"@APeneira\" \/>\n<meta name=\"twitter:site\" content=\"@APeneira\" \/>\n<meta name=\"twitter:label1\" content=\"Escrito por\" \/>\n\t<meta name=\"twitter:data1\" content=\"Redacci\u00f3n A Nova Peneira\" \/>\n\t<meta name=\"twitter:label2\" content=\"Tempo de lectura\" \/>\n\t<meta name=\"twitter:data2\" content=\"2 minutos\" \/>\n<script type=\"application\/ld+json\" class=\"yoast-schema-graph\">{\"@context\":\"https:\\\/\\\/schema.org\",\"@graph\":[{\"@type\":\"Article\",\"@id\":\"https:\\\/\\\/www.anovapeneira.gal\\\/index.php\\\/2019\\\/11\\\/13\\\/o-concello-conclue-os-encontros-para-analizar-o-fenomeno-do-botellon\\\/#article\",\"isPartOf\":{\"@id\":\"https:\\\/\\\/www.anovapeneira.gal\\\/index.php\\\/2019\\\/11\\\/13\\\/o-concello-conclue-os-encontros-para-analizar-o-fenomeno-do-botellon\\\/\"},\"author\":{\"name\":\"Redacci\u00f3n A Nova Peneira\",\"@id\":\"https:\\\/\\\/www.anovapeneira.gal\\\/#\\\/schema\\\/person\\\/b93e3f8932e3f8da96334607eb6ac6aa\"},\"headline\":\"O Concello concl\u00fae os encontros para analizar o fen\u00f3meno do \u201cbotell\u00f3n\u201d\",\"datePublished\":\"2019-11-13T11:00:50+00:00\",\"mainEntityOfPage\":{\"@id\":\"https:\\\/\\\/www.anovapeneira.gal\\\/index.php\\\/2019\\\/11\\\/13\\\/o-concello-conclue-os-encontros-para-analizar-o-fenomeno-do-botellon\\\/\"},\"wordCount\":363,\"commentCount\":0,\"publisher\":{\"@id\":\"https:\\\/\\\/www.anovapeneira.gal\\\/#organization\"},\"image\":{\"@id\":\"https:\\\/\\\/www.anovapeneira.gal\\\/index.php\\\/2019\\\/11\\\/13\\\/o-concello-conclue-os-encontros-para-analizar-o-fenomeno-do-botellon\\\/#primaryimage\"},\"thumbnailUrl\":\"https:\\\/\\\/www.anovapeneira.gal\\\/wp-content\\\/uploads\\\/2019\\\/11\\\/botellon_PONTEAREAS_a_nova_peneira.jpg\",\"keywords\":[\"Botell\u00f3n\",\"Concello de Ponteareas\"],\"articleSection\":[\"Condado\"],\"inLanguage\":\"gl-ES\",\"potentialAction\":[{\"@type\":\"CommentAction\",\"name\":\"Comment\",\"target\":[\"https:\\\/\\\/www.anovapeneira.gal\\\/index.php\\\/2019\\\/11\\\/13\\\/o-concello-conclue-os-encontros-para-analizar-o-fenomeno-do-botellon\\\/#respond\"]}]},{\"@type\":\"WebPage\",\"@id\":\"https:\\\/\\\/www.anovapeneira.gal\\\/index.php\\\/2019\\\/11\\\/13\\\/o-concello-conclue-os-encontros-para-analizar-o-fenomeno-do-botellon\\\/\",\"url\":\"https:\\\/\\\/www.anovapeneira.gal\\\/index.php\\\/2019\\\/11\\\/13\\\/o-concello-conclue-os-encontros-para-analizar-o-fenomeno-do-botellon\\\/\",\"name\":\"O Concello concl\u00fae os encontros para analizar o fen\u00f3meno do \u201cbotell\u00f3n\u201d -\",\"isPartOf\":{\"@id\":\"https:\\\/\\\/www.anovapeneira.gal\\\/#website\"},\"primaryImageOfPage\":{\"@id\":\"https:\\\/\\\/www.anovapeneira.gal\\\/index.php\\\/2019\\\/11\\\/13\\\/o-concello-conclue-os-encontros-para-analizar-o-fenomeno-do-botellon\\\/#primaryimage\"},\"image\":{\"@id\":\"https:\\\/\\\/www.anovapeneira.gal\\\/index.php\\\/2019\\\/11\\\/13\\\/o-concello-conclue-os-encontros-para-analizar-o-fenomeno-do-botellon\\\/#primaryimage\"},\"thumbnailUrl\":\"https:\\\/\\\/www.anovapeneira.gal\\\/wp-content\\\/uploads\\\/2019\\\/11\\\/botellon_PONTEAREAS_a_nova_peneira.jpg\",\"datePublished\":\"2019-11-13T11:00:50+00:00\",\"breadcrumb\":{\"@id\":\"https:\\\/\\\/www.anovapeneira.gal\\\/index.php\\\/2019\\\/11\\\/13\\\/o-concello-conclue-os-encontros-para-analizar-o-fenomeno-do-botellon\\\/#breadcrumb\"},\"inLanguage\":\"gl-ES\",\"potentialAction\":[{\"@type\":\"ReadAction\",\"target\":[\"https:\\\/\\\/www.anovapeneira.gal\\\/index.php\\\/2019\\\/11\\\/13\\\/o-concello-conclue-os-encontros-para-analizar-o-fenomeno-do-botellon\\\/\"]}]},{\"@type\":\"ImageObject\",\"inLanguage\":\"gl-ES\",\"@id\":\"https:\\\/\\\/www.anovapeneira.gal\\\/index.php\\\/2019\\\/11\\\/13\\\/o-concello-conclue-os-encontros-para-analizar-o-fenomeno-do-botellon\\\/#primaryimage\",\"url\":\"https:\\\/\\\/www.anovapeneira.gal\\\/wp-content\\\/uploads\\\/2019\\\/11\\\/botellon_PONTEAREAS_a_nova_peneira.jpg\",\"contentUrl\":\"https:\\\/\\\/www.anovapeneira.gal\\\/wp-content\\\/uploads\\\/2019\\\/11\\\/botellon_PONTEAREAS_a_nova_peneira.jpg\",\"width\":720,\"height\":432,\"caption\":\"Concello de Ponteareas soluci\u00f3n botell\u00f3n A Nova Peneiran\"},{\"@type\":\"BreadcrumbList\",\"@id\":\"https:\\\/\\\/www.anovapeneira.gal\\\/index.php\\\/2019\\\/11\\\/13\\\/o-concello-conclue-os-encontros-para-analizar-o-fenomeno-do-botellon\\\/#breadcrumb\",\"itemListElement\":[{\"@type\":\"ListItem\",\"position\":1,\"name\":\"Portada\",\"item\":\"https:\\\/\\\/www.anovapeneira.gal\\\/\"},{\"@type\":\"ListItem\",\"position\":2,\"name\":\"O Concello concl\u00fae os encontros para analizar o fen\u00f3meno do \u201cbotell\u00f3n\u201d\"}]},{\"@type\":\"WebSite\",\"@id\":\"https:\\\/\\\/www.anovapeneira.gal\\\/#website\",\"url\":\"https:\\\/\\\/www.anovapeneira.gal\\\/\",\"name\":\"\",\"description\":\"Xornal galego de informaci\u00f3n xeral Publicaci\u00f3n mensual de novas de Galicia e en especial dos Concellos da sur da provincia de Pontevedra.\",\"publisher\":{\"@id\":\"https:\\\/\\\/www.anovapeneira.gal\\\/#organization\"},\"potentialAction\":[{\"@type\":\"SearchAction\",\"target\":{\"@type\":\"EntryPoint\",\"urlTemplate\":\"https:\\\/\\\/www.anovapeneira.gal\\\/?s={search_term_string}\"},\"query-input\":{\"@type\":\"PropertyValueSpecification\",\"valueRequired\":true,\"valueName\":\"search_term_string\"}}],\"inLanguage\":\"gl-ES\"},{\"@type\":\"Organization\",\"@id\":\"https:\\\/\\\/www.anovapeneira.gal\\\/#organization\",\"name\":\"A Nova Peneira\",\"url\":\"https:\\\/\\\/www.anovapeneira.gal\\\/\",\"logo\":{\"@type\":\"ImageObject\",\"inLanguage\":\"gl-ES\",\"@id\":\"https:\\\/\\\/www.anovapeneira.gal\\\/#\\\/schema\\\/logo\\\/image\\\/\",\"url\":\"http:\\\/\\\/www.anovapeneira.gal\\\/wp-content\\\/uploads\\\/2019\\\/06\\\/logo_a_nova_peneira_portal_web.png\",\"contentUrl\":\"http:\\\/\\\/www.anovapeneira.gal\\\/wp-content\\\/uploads\\\/2019\\\/06\\\/logo_a_nova_peneira_portal_web.png\",\"width\":300,\"height\":100,\"caption\":\"A Nova Peneira\"},\"image\":{\"@id\":\"https:\\\/\\\/www.anovapeneira.gal\\\/#\\\/schema\\\/logo\\\/image\\\/\"},\"sameAs\":[\"https:\\\/\\\/www.facebook.com\\\/anovapeneira\",\"https:\\\/\\\/x.com\\\/APeneira\"]},{\"@type\":\"Person\",\"@id\":\"https:\\\/\\\/www.anovapeneira.gal\\\/#\\\/schema\\\/person\\\/b93e3f8932e3f8da96334607eb6ac6aa\",\"name\":\"Redacci\u00f3n A Nova Peneira\",\"image\":{\"@type\":\"ImageObject\",\"inLanguage\":\"gl-ES\",\"@id\":\"https:\\\/\\\/secure.gravatar.com\\\/avatar\\\/c052a2551a06e23fac63626232eaa90abd78dbcf1700fc46a2b2c89fd27b735f?s=96&d=mm&r=g\",\"url\":\"https:\\\/\\\/secure.gravatar.com\\\/avatar\\\/c052a2551a06e23fac63626232eaa90abd78dbcf1700fc46a2b2c89fd27b735f?s=96&d=mm&r=g\",\"contentUrl\":\"https:\\\/\\\/secure.gravatar.com\\\/avatar\\\/c052a2551a06e23fac63626232eaa90abd78dbcf1700fc46a2b2c89fd27b735f?s=96&d=mm&r=g\",\"caption\":\"Redacci\u00f3n A Nova Peneira\"},\"sameAs\":[\"http:\\\/\\\/www.anovapeneira.gal\\\/\"],\"url\":\"https:\\\/\\\/www.anovapeneira.gal\\\/index.php\\\/author\\\/redactor\\\/\"}]}<\/script>\n<!-- \/ Yoast SEO plugin. -->","yoast_head_json":{"title":"O Concello concl\u00fae os encontros para analizar o fen\u00f3meno do \u201cbotell\u00f3n\u201d -","robots":{"index":"index","follow":"follow","max-snippet":"max-snippet:-1","max-image-preview":"max-image-preview:large","max-video-preview":"max-video-preview:-1"},"canonical":"https:\/\/www.anovapeneira.gal\/index.php\/2019\/11\/13\/o-concello-conclue-os-encontros-para-analizar-o-fenomeno-do-botellon\/","og_locale":"gl_ES","og_type":"article","og_title":"O Concello concl\u00fae os encontros para analizar o fen\u00f3meno do \u201cbotell\u00f3n\u201d -","og_description":"O concelleiro de Bo Goberno, Transparencia e Participaci\u00f3n Cidad\u00e1, Roberto Mera, mantivo hoxe un encontro coa Polic\u00eda Auton\u00f3mica [...]","og_url":"https:\/\/www.anovapeneira.gal\/index.php\/2019\/11\/13\/o-concello-conclue-os-encontros-para-analizar-o-fenomeno-do-botellon\/","article_publisher":"https:\/\/www.facebook.com\/anovapeneira","article_published_time":"2019-11-13T11:00:50+00:00","og_image":[{"width":720,"height":432,"url":"https:\/\/www.anovapeneira.gal\/wp-content\/uploads\/2019\/11\/botellon_PONTEAREAS_a_nova_peneira.jpg","type":"image\/jpeg"}],"author":"Redacci\u00f3n A Nova Peneira","twitter_card":"summary_large_image","twitter_creator":"@APeneira","twitter_site":"@APeneira","twitter_misc":{"Escrito por":"Redacci\u00f3n A Nova Peneira","Tempo de lectura":"2 minutos"},"schema":{"@context":"https:\/\/schema.org","@graph":[{"@type":"Article","@id":"https:\/\/www.anovapeneira.gal\/index.php\/2019\/11\/13\/o-concello-conclue-os-encontros-para-analizar-o-fenomeno-do-botellon\/#article","isPartOf":{"@id":"https:\/\/www.anovapeneira.gal\/index.php\/2019\/11\/13\/o-concello-conclue-os-encontros-para-analizar-o-fenomeno-do-botellon\/"},"author":{"name":"Redacci\u00f3n A Nova Peneira","@id":"https:\/\/www.anovapeneira.gal\/#\/schema\/person\/b93e3f8932e3f8da96334607eb6ac6aa"},"headline":"O Concello concl\u00fae os encontros para analizar o fen\u00f3meno do \u201cbotell\u00f3n\u201d","datePublished":"2019-11-13T11:00:50+00:00","mainEntityOfPage":{"@id":"https:\/\/www.anovapeneira.gal\/index.php\/2019\/11\/13\/o-concello-conclue-os-encontros-para-analizar-o-fenomeno-do-botellon\/"},"wordCount":363,"commentCount":0,"publisher":{"@id":"https:\/\/www.anovapeneira.gal\/#organization"},"image":{"@id":"https:\/\/www.anovapeneira.gal\/index.php\/2019\/11\/13\/o-concello-conclue-os-encontros-para-analizar-o-fenomeno-do-botellon\/#primaryimage"},"thumbnailUrl":"https:\/\/www.anovapeneira.gal\/wp-content\/uploads\/2019\/11\/botellon_PONTEAREAS_a_nova_peneira.jpg","keywords":["Botell\u00f3n","Concello de Ponteareas"],"articleSection":["Condado"],"inLanguage":"gl-ES","potentialAction":[{"@type":"CommentAction","name":"Comment","target":["https:\/\/www.anovapeneira.gal\/index.php\/2019\/11\/13\/o-concello-conclue-os-encontros-para-analizar-o-fenomeno-do-botellon\/#respond"]}]},{"@type":"WebPage","@id":"https:\/\/www.anovapeneira.gal\/index.php\/2019\/11\/13\/o-concello-conclue-os-encontros-para-analizar-o-fenomeno-do-botellon\/","url":"https:\/\/www.anovapeneira.gal\/index.php\/2019\/11\/13\/o-concello-conclue-os-encontros-para-analizar-o-fenomeno-do-botellon\/","name":"O Concello concl\u00fae os encontros para analizar o fen\u00f3meno do \u201cbotell\u00f3n\u201d -","isPartOf":{"@id":"https:\/\/www.anovapeneira.gal\/#website"},"primaryImageOfPage":{"@id":"https:\/\/www.anovapeneira.gal\/index.php\/2019\/11\/13\/o-concello-conclue-os-encontros-para-analizar-o-fenomeno-do-botellon\/#primaryimage"},"image":{"@id":"https:\/\/www.anovapeneira.gal\/index.php\/2019\/11\/13\/o-concello-conclue-os-encontros-para-analizar-o-fenomeno-do-botellon\/#primaryimage"},"thumbnailUrl":"https:\/\/www.anovapeneira.gal\/wp-content\/uploads\/2019\/11\/botellon_PONTEAREAS_a_nova_peneira.jpg","datePublished":"2019-11-13T11:00:50+00:00","breadcrumb":{"@id":"https:\/\/www.anovapeneira.gal\/index.php\/2019\/11\/13\/o-concello-conclue-os-encontros-para-analizar-o-fenomeno-do-botellon\/#breadcrumb"},"inLanguage":"gl-ES","potentialAction":[{"@type":"ReadAction","target":["https:\/\/www.anovapeneira.gal\/index.php\/2019\/11\/13\/o-concello-conclue-os-encontros-para-analizar-o-fenomeno-do-botellon\/"]}]},{"@type":"ImageObject","inLanguage":"gl-ES","@id":"https:\/\/www.anovapeneira.gal\/index.php\/2019\/11\/13\/o-concello-conclue-os-encontros-para-analizar-o-fenomeno-do-botellon\/#primaryimage","url":"https:\/\/www.anovapeneira.gal\/wp-content\/uploads\/2019\/11\/botellon_PONTEAREAS_a_nova_peneira.jpg","contentUrl":"https:\/\/www.anovapeneira.gal\/wp-content\/uploads\/2019\/11\/botellon_PONTEAREAS_a_nova_peneira.jpg","width":720,"height":432,"caption":"Concello de Ponteareas soluci\u00f3n botell\u00f3n A Nova Peneiran"},{"@type":"BreadcrumbList","@id":"https:\/\/www.anovapeneira.gal\/index.php\/2019\/11\/13\/o-concello-conclue-os-encontros-para-analizar-o-fenomeno-do-botellon\/#breadcrumb","itemListElement":[{"@type":"ListItem","position":1,"name":"Portada","item":"https:\/\/www.anovapeneira.gal\/"},{"@type":"ListItem","position":2,"name":"O Concello concl\u00fae os encontros para analizar o fen\u00f3meno do \u201cbotell\u00f3n\u201d"}]},{"@type":"WebSite","@id":"https:\/\/www.anovapeneira.gal\/#website","url":"https:\/\/www.anovapeneira.gal\/","name":"","description":"Xornal galego de informaci\u00f3n xeral Publicaci\u00f3n mensual de novas de Galicia e en especial dos Concellos da sur da provincia de Pontevedra.","publisher":{"@id":"https:\/\/www.anovapeneira.gal\/#organization"},"potentialAction":[{"@type":"SearchAction","target":{"@type":"EntryPoint","urlTemplate":"https:\/\/www.anovapeneira.gal\/?s={search_term_string}"},"query-input":{"@type":"PropertyValueSpecification","valueRequired":true,"valueName":"search_term_string"}}],"inLanguage":"gl-ES"},{"@type":"Organization","@id":"https:\/\/www.anovapeneira.gal\/#organization","name":"A Nova Peneira","url":"https:\/\/www.anovapeneira.gal\/","logo":{"@type":"ImageObject","inLanguage":"gl-ES","@id":"https:\/\/www.anovapeneira.gal\/#\/schema\/logo\/image\/","url":"http:\/\/www.anovapeneira.gal\/wp-content\/uploads\/2019\/06\/logo_a_nova_peneira_portal_web.png","contentUrl":"http:\/\/www.anovapeneira.gal\/wp-content\/uploads\/2019\/06\/logo_a_nova_peneira_portal_web.png","width":300,"height":100,"caption":"A Nova Peneira"},"image":{"@id":"https:\/\/www.anovapeneira.gal\/#\/schema\/logo\/image\/"},"sameAs":["https:\/\/www.facebook.com\/anovapeneira","https:\/\/x.com\/APeneira"]},{"@type":"Person","@id":"https:\/\/www.anovapeneira.gal\/#\/schema\/person\/b93e3f8932e3f8da96334607eb6ac6aa","name":"Redacci\u00f3n A Nova Peneira","image":{"@type":"ImageObject","inLanguage":"gl-ES","@id":"https:\/\/secure.gravatar.com\/avatar\/c052a2551a06e23fac63626232eaa90abd78dbcf1700fc46a2b2c89fd27b735f?s=96&d=mm&r=g","url":"https:\/\/secure.gravatar.com\/avatar\/c052a2551a06e23fac63626232eaa90abd78dbcf1700fc46a2b2c89fd27b735f?s=96&d=mm&r=g","contentUrl":"https:\/\/secure.gravatar.com\/avatar\/c052a2551a06e23fac63626232eaa90abd78dbcf1700fc46a2b2c89fd27b735f?s=96&d=mm&r=g","caption":"Redacci\u00f3n A Nova Peneira"},"sameAs":["http:\/\/www.anovapeneira.gal\/"],"url":"https:\/\/www.anovapeneira.gal\/index.php\/author\/redactor\/"}]}},"jetpack_featured_media_url":"https:\/\/www.anovapeneira.gal\/wp-content\/uploads\/2019\/11\/botellon_PONTEAREAS_a_nova_peneira.jpg","_links":{"self":[{"href":"https:\/\/www.anovapeneira.gal\/index.php\/wp-json\/wp\/v2\/posts\/1747","targetHints":{"allow":["GET"]}}],"collection":[{"href":"https:\/\/www.anovapeneira.gal\/index.php\/wp-json\/wp\/v2\/posts"}],"about":[{"href":"https:\/\/www.anovapeneira.gal\/index.php\/wp-json\/wp\/v2\/types\/post"}],"author":[{"embeddable":true,"href":"https:\/\/www.anovapeneira.gal\/index.php\/wp-json\/wp\/v2\/users\/3"}],"replies":[{"embeddable":true,"href":"https:\/\/www.anovapeneira.gal\/index.php\/wp-json\/wp\/v2\/comments?post=1747"}],"version-history":[{"count":1,"href":"https:\/\/www.anovapeneira.gal\/index.php\/wp-json\/wp\/v2\/posts\/1747\/revisions"}],"predecessor-version":[{"id":1748,"href":"https:\/\/www.anovapeneira.gal\/index.php\/wp-json\/wp\/v2\/posts\/1747\/revisions\/1748"}],"wp:featuredmedia":[{"embeddable":true,"href":"https:\/\/www.anovapeneira.gal\/index.php\/wp-json\/wp\/v2\/media\/1737"}],"wp:attachment":[{"href":"https:\/\/www.anovapeneira.gal\/index.php\/wp-json\/wp\/v2\/media?parent=1747"}],"wp:term":[{"taxonomy":"category","embeddable":true,"href":"https:\/\/www.anovapeneira.gal\/index.php\/wp-json\/wp\/v2\/categories?post=1747"},{"taxonomy":"post_tag","embeddable":true,"href":"https:\/\/www.anovapeneira.gal\/index.php\/wp-json\/wp\/v2\/tags?post=1747"}],"curies":[{"name":"wp","href":"https:\/\/api.w.org\/{rel}","templated":true}]}}