{"id":1754,"date":"2019-11-12T14:00:10","date_gmt":"2019-11-12T13:00:10","guid":{"rendered":"http:\/\/www.anovapeneira.gal\/?p=1754"},"modified":"2019-11-11T20:23:13","modified_gmt":"2019-11-11T19:23:13","slug":"cesar-gil-bernardez-voceiro-do-bng-en-mondariz-balneario","status":"publish","type":"post","link":"https:\/\/www.anovapeneira.gal\/index.php\/2019\/11\/12\/cesar-gil-bernardez-voceiro-do-bng-en-mondariz-balneario\/","title":{"rendered":"C\u00e9sar Gil Bern\u00e1rdez voceiro do Bng en Mondariz balneario"},"content":{"rendered":"\n<h2 class=\"wp-block-heading\"><strong>C\u00e9sar Gil \u00e9 o voceiro do BNG en Mondariz Balneario, o concello m\u00e1is pequeno de Galicia, e non \u00e9 alcalde por 2 votos. Este concello ten un censo un tanto peculiar, pois seica hai unha porcentaxe significativa de persoas censadas al\u00ed, que non aparecen nunca polo concello, pero increiblemente a votar parece que si que ve\u00f1en. Non me cabe d\u00fabida algunha de que C\u00e9sar, m\u00e1is cedo que tarde ser\u00e1 alcalde do seu pobo, e cando o sexa, \u00e1s veces acertar\u00e1 e as veces non, peros sei que sempre se tomar\u00e1 moi en serio a s\u00faa responsabilidade e sempre tomar\u00e1 a pol\u00edtica como un medio para mellorar a vida das persoas e non como un medio de vida para el mesmo<\/strong><\/h2>\n\n\n\n<p>\u201c<strong>COMPROM\u00c9TOME\nA LOITAR SEN CUARTEL CONTRA A APAT\u00cdA E A DESIDIA  DO GOBERNO DO NOSO\nPOBO,PRESENTANDO PROPOSTAS SERIAS E SOLVENTES  PARA MELLORAR A VIDA\nDOS NOSOS VECI\u00d1OS E VECI\u00d1AS\u201d<\/strong><\/p>\n\n\n\n<p><strong>Comezamos\nd\u00e1ndoche os parab\u00e9ns pola recuperaci\u00f3n da representaci\u00f3n do teu\npartido no parlamento do estado<\/strong><\/p>\n\n\n\n<blockquote class=\"wp-block-quote is-layout-flow wp-block-quote-is-layout-flow\"><p>Moitas grazas, a verdade \u00e9 que estou moi satisfeito porque tal cantidade de galegas e galegos confiasen na alternativa do nacionalismo galego, e te\u00f1o a certeza de que o traballo de N\u00e9stor Rego no parlamento do estado ser\u00e1 brillante en cantidade e en calidade e far\u00e1 que isto s\u00f3 sexa  o principio<\/p><\/blockquote>\n\n\n\n<p><strong>Cales\nson as necesidades m\u00e1is urxentes do teu pobo?<\/strong><\/p>\n\n\n\n<blockquote class=\"wp-block-quote is-layout-flow wp-block-quote-is-layout-flow\"><p>Somos un pobo moi pequeno, pero cun patrimonio de enorme riqueza,  que est\u00e1 nun grave perigo pola desidia e pola incompetencia do goberno municipal. Por outra banda non somos alleos a un dos principais problemas de Galiza, que \u00e9 o despoboamento do rural, pola carencia de alternativas laborais e de ocio que permitan desenvolver unha vida digna<\/p><\/blockquote>\n\n\n\n<p><strong>Que\npasa coa fonte de Troncoso?<\/strong><\/p>\n\n\n\n<blockquote class=\"wp-block-quote is-layout-flow wp-block-quote-is-layout-flow\"><p>O noso pobo naceu nesa fonte, creceu arredor desa fonte \u00e9 a historia m\u00e1is profunda e \u00edntima de todas e todos n\u00f3s e agora mesmo est\u00e1 a caer. E ningu\u00e9n se quere facer cargo. O concello non quere expropiala e proceder \u00e1 s\u00faa rehabilitaci\u00f3n<\/p><\/blockquote>\n\n\n\n<p><strong>A\nfiscal\u00eda tomou cartas no asunto, non?<\/strong><\/p>\n\n\n\n<blockquote class=\"wp-block-quote is-layout-flow wp-block-quote-is-layout-flow\"><p>Si, porque un ben como ese debe ser conservado e coidado por lei. E malia que o seu propietario \u00e9 privado a administraci\u00f3n municipal do PP exerce unha desidia intolerable, porque debera facerse cargo da s\u00faa xesti\u00f3n, e rehabilitala de contado, o contrario \u00e9 unha aut\u00e9ntica irresponsabilidade.<\/p><\/blockquote>\n\n\n\n<p><strong>Ao\nd\u00eda seguinte das elecci\u00f3ns municipais, que perdestes por dous\nvotos, com\u00eda eu nun restaurante do teu pobo e coment\u00e1ronme que o\nd\u00eda dos comicios, un grupo de persoas de Madrid depart\u00edan felices e\ncontentos nese mesmo local e ante a pregunta do camareiro \u201ccomo v\u00f3s\npor aqu\u00ed hoxe\u201d? contestaron \u201c ejke nos llamaron para venir a\nvotar porque la cosa est\u00e1 jodida\u201d&#8230;que me dis?<\/strong><\/p>\n\n\n\n<blockquote class=\"wp-block-quote is-layout-flow wp-block-quote-is-layout-flow\"><p>Cr\u00e9omo perfectamente. O noso censo est\u00e1 completamente inflado. Aqu\u00ed hai moitas persoas que son propietarias de vivendas, fundamentalmente de Madrid, que non ve\u00f1en en todo o ano, pero a votar si. N\u00f3s a esa xente non chegamos, pero o alcalde si. De feito temos constancia de que boa parte dos seus esforzos se dirixiron a captar eses votos<\/p><\/blockquote>\n\n\n\n<p><strong>\u00c9\ncerto que nos apartamentos do antigo balneario est\u00e1n censadas m\u00e1is\npersoas que apartamentos hai?<\/strong><\/p>\n\n\n\n<blockquote class=\"wp-block-quote is-layout-flow wp-block-quote-is-layout-flow\"><p>Si, e tam\u00e9n hai persoas censadas no hotel.E  ao final a xente que ven de f\u00f3ra a votar non lle interesa o que pasa aqu\u00ed,k nin os nosos problemas nin as nosas necesidades, s\u00f3 est\u00e1n censados aqu\u00ed para pagar menos impostos que en Madrid<\/p><\/blockquote>\n\n\n\n<p><strong>Cantas\npersoas estades censadas en Mondariz Balneario?<\/strong><\/p>\n\n\n\n<blockquote class=\"wp-block-quote is-layout-flow wp-block-quote-is-layout-flow\"><p>Arredor de 700<\/p><\/blockquote>\n\n\n\n<p><strong>E\niso \u00e9 real?<\/strong><\/p>\n\n\n\n<blockquote class=\"wp-block-quote is-layout-flow wp-block-quote-is-layout-flow\"><p>O que vive aqu\u00ed iso non o cre ningu\u00e9n. En Balneario vivimos 350\/ 400 persoas como moito. Os procesos electorais son moi interesantes porque non paras de co\u00f1ecer xente, parece moi gracioso pero \u00e9 dram\u00e1tico.F\u00edxate chegamos a ter ata 5 sorteos electorais para facer a mesa, porque a maior\u00eda da xente non vive aqu\u00ed, e se lle toca sa\u00edr \u00e9 imposible localizala para comunicarllo<\/p><\/blockquote>\n\n\n\n<p><strong>Que\nalternativas ofrece o goberno municipal para atraer xente a vivir ao\npobo?<\/strong><\/p>\n\n\n\n<blockquote class=\"wp-block-quote is-layout-flow wp-block-quote-is-layout-flow\"><p>Ningunha en absoluto.<\/p><\/blockquote>\n\n\n\n<p><strong>Acaba\nde aprobar o concello os orzamentos, como os valora o BNG?<\/strong><\/p>\n\n\n\n<blockquote class=\"wp-block-quote is-layout-flow wp-block-quote-is-layout-flow\"><p>Valor\u00e1molos moi negativamente. O turismo \u00e9 un dos eixos da nosa econom\u00eda e nalgo tan importante para n\u00f3s s\u00f3 se orzamentan 3.000\u20ac para subministraci\u00f3n e posibles arranxos da praza de abastos. En deporte 0\u20ac, en cultura al\u00e9n do soldo da persoa que traballa na biblioteca 0\u20ac.O \u00fanico positivo \u00e9 que por fin conseguimos que o concello subvencionase o plan madruga, e cando lle preguntas no pleno aos representantes do PP , as respostas son para quedar abraiado, revelan un desco\u00f1ecemento e unha desidia superlativo, f\u00edxenlle arredor de 20 preguntas, e non me souberon responder a ningunha.<\/p><\/blockquote>\n\n\n\n<p><strong>En\ndefinitiva, C\u00e9sar, que pode esperar un veci\u00f1o ou veci\u00f1a de\nMondariz Balneario que confiara en v\u00f3s?<\/strong><\/p>\n\n\n\n<blockquote class=\"wp-block-quote is-layout-flow wp-block-quote-is-layout-flow\"><p>Unha loita sen cuartel, contra a apat\u00eda e a desidia deste goberno, a ilusi\u00f3n infinita en presentar propostas serias e solventes para mellorar a vida das persoas que aqu\u00ed vivimos.<\/p><\/blockquote>\n","protected":false},"excerpt":{"rendered":"<div class=\"mh-excerpt\"><p>C\u00e9sar Gil \u00e9 o voceiro do BNG en Mondariz Balneario, o concello m\u00e1is pequeno de Galicia, e non \u00e9 alcalde por 2 votos <a class=\"mh-excerpt-more\" href=\"https:\/\/www.anovapeneira.gal\/index.php\/2019\/11\/12\/cesar-gil-bernardez-voceiro-do-bng-en-mondariz-balneario\/\" title=\"C\u00e9sar Gil Bern\u00e1rdez voceiro do Bng en Mondariz balneario\">[&#8230;]<\/a><\/p>\n<\/div>","protected":false},"author":3,"featured_media":1752,"comment_status":"open","ping_status":"open","sticky":false,"template":"","format":"standard","meta":{"_exactmetrics_skip_tracking":false,"_exactmetrics_sitenote_active":false,"_exactmetrics_sitenote_note":"","_exactmetrics_sitenote_category":0,"footnotes":""},"categories":[267],"tags":[10,405,12],"class_list":{"0":"post-1754","1":"post","2":"type-post","3":"status-publish","4":"format-standard","5":"has-post-thumbnail","7":"category-condado-entrevistas","8":"tag-bng","9":"tag-concello-de-mondariz","10":"tag-politica"},"yoast_head":"<!-- This site is optimized with the Yoast SEO plugin v27.4 - https:\/\/yoast.com\/product\/yoast-seo-wordpress\/ -->\n<title>C\u00e9sar Gil Bern\u00e1rdez voceiro do Bng en Mondariz balneario -<\/title>\n<meta name=\"robots\" content=\"index, follow, max-snippet:-1, max-image-preview:large, max-video-preview:-1\" \/>\n<link rel=\"canonical\" href=\"https:\/\/www.anovapeneira.gal\/index.php\/2019\/11\/12\/cesar-gil-bernardez-voceiro-do-bng-en-mondariz-balneario\/\" \/>\n<meta property=\"og:locale\" content=\"gl_ES\" \/>\n<meta property=\"og:type\" content=\"article\" \/>\n<meta property=\"og:title\" content=\"C\u00e9sar Gil Bern\u00e1rdez voceiro do Bng en Mondariz balneario -\" \/>\n<meta property=\"og:description\" content=\"C\u00e9sar Gil \u00e9 o voceiro do BNG en Mondariz Balneario, o concello m\u00e1is pequeno de Galicia, e non \u00e9 alcalde por 2 votos [...]\" \/>\n<meta property=\"og:url\" content=\"https:\/\/www.anovapeneira.gal\/index.php\/2019\/11\/12\/cesar-gil-bernardez-voceiro-do-bng-en-mondariz-balneario\/\" \/>\n<meta property=\"article:publisher\" content=\"https:\/\/www.facebook.com\/anovapeneira\" \/>\n<meta property=\"article:published_time\" content=\"2019-11-12T13:00:10+00:00\" \/>\n<meta property=\"og:image\" content=\"https:\/\/www.anovapeneira.gal\/wp-content\/uploads\/2019\/11\/cesar_gil_a_nova_peneira.jpg\" \/>\n\t<meta property=\"og:image:width\" content=\"720\" \/>\n\t<meta property=\"og:image:height\" content=\"432\" \/>\n\t<meta property=\"og:image:type\" content=\"image\/jpeg\" \/>\n<meta name=\"author\" content=\"Redacci\u00f3n A Nova Peneira\" \/>\n<meta name=\"twitter:card\" content=\"summary_large_image\" \/>\n<meta name=\"twitter:creator\" content=\"@APeneira\" \/>\n<meta name=\"twitter:site\" content=\"@APeneira\" \/>\n<meta name=\"twitter:label1\" content=\"Escrito por\" \/>\n\t<meta name=\"twitter:data1\" content=\"Redacci\u00f3n A Nova Peneira\" \/>\n\t<meta name=\"twitter:label2\" content=\"Tempo de lectura\" \/>\n\t<meta name=\"twitter:data2\" content=\"4 minutos\" \/>\n<script type=\"application\/ld+json\" class=\"yoast-schema-graph\">{\"@context\":\"https:\\\/\\\/schema.org\",\"@graph\":[{\"@type\":\"Article\",\"@id\":\"https:\\\/\\\/www.anovapeneira.gal\\\/index.php\\\/2019\\\/11\\\/12\\\/cesar-gil-bernardez-voceiro-do-bng-en-mondariz-balneario\\\/#article\",\"isPartOf\":{\"@id\":\"https:\\\/\\\/www.anovapeneira.gal\\\/index.php\\\/2019\\\/11\\\/12\\\/cesar-gil-bernardez-voceiro-do-bng-en-mondariz-balneario\\\/\"},\"author\":{\"name\":\"Redacci\u00f3n A Nova Peneira\",\"@id\":\"https:\\\/\\\/www.anovapeneira.gal\\\/#\\\/schema\\\/person\\\/b93e3f8932e3f8da96334607eb6ac6aa\"},\"headline\":\"C\u00e9sar Gil Bern\u00e1rdez voceiro do Bng en Mondariz balneario\",\"datePublished\":\"2019-11-12T13:00:10+00:00\",\"mainEntityOfPage\":{\"@id\":\"https:\\\/\\\/www.anovapeneira.gal\\\/index.php\\\/2019\\\/11\\\/12\\\/cesar-gil-bernardez-voceiro-do-bng-en-mondariz-balneario\\\/\"},\"wordCount\":872,\"commentCount\":0,\"publisher\":{\"@id\":\"https:\\\/\\\/www.anovapeneira.gal\\\/#organization\"},\"image\":{\"@id\":\"https:\\\/\\\/www.anovapeneira.gal\\\/index.php\\\/2019\\\/11\\\/12\\\/cesar-gil-bernardez-voceiro-do-bng-en-mondariz-balneario\\\/#primaryimage\"},\"thumbnailUrl\":\"https:\\\/\\\/www.anovapeneira.gal\\\/wp-content\\\/uploads\\\/2019\\\/11\\\/cesar_gil_a_nova_peneira.jpg\",\"keywords\":[\"BNG\",\"Concello de Mondariz\",\"Pol\u00edtica\"],\"articleSection\":[\"Condado\"],\"inLanguage\":\"gl-ES\",\"potentialAction\":[{\"@type\":\"CommentAction\",\"name\":\"Comment\",\"target\":[\"https:\\\/\\\/www.anovapeneira.gal\\\/index.php\\\/2019\\\/11\\\/12\\\/cesar-gil-bernardez-voceiro-do-bng-en-mondariz-balneario\\\/#respond\"]}]},{\"@type\":\"WebPage\",\"@id\":\"https:\\\/\\\/www.anovapeneira.gal\\\/index.php\\\/2019\\\/11\\\/12\\\/cesar-gil-bernardez-voceiro-do-bng-en-mondariz-balneario\\\/\",\"url\":\"https:\\\/\\\/www.anovapeneira.gal\\\/index.php\\\/2019\\\/11\\\/12\\\/cesar-gil-bernardez-voceiro-do-bng-en-mondariz-balneario\\\/\",\"name\":\"C\u00e9sar Gil Bern\u00e1rdez voceiro do Bng en Mondariz balneario -\",\"isPartOf\":{\"@id\":\"https:\\\/\\\/www.anovapeneira.gal\\\/#website\"},\"primaryImageOfPage\":{\"@id\":\"https:\\\/\\\/www.anovapeneira.gal\\\/index.php\\\/2019\\\/11\\\/12\\\/cesar-gil-bernardez-voceiro-do-bng-en-mondariz-balneario\\\/#primaryimage\"},\"image\":{\"@id\":\"https:\\\/\\\/www.anovapeneira.gal\\\/index.php\\\/2019\\\/11\\\/12\\\/cesar-gil-bernardez-voceiro-do-bng-en-mondariz-balneario\\\/#primaryimage\"},\"thumbnailUrl\":\"https:\\\/\\\/www.anovapeneira.gal\\\/wp-content\\\/uploads\\\/2019\\\/11\\\/cesar_gil_a_nova_peneira.jpg\",\"datePublished\":\"2019-11-12T13:00:10+00:00\",\"breadcrumb\":{\"@id\":\"https:\\\/\\\/www.anovapeneira.gal\\\/index.php\\\/2019\\\/11\\\/12\\\/cesar-gil-bernardez-voceiro-do-bng-en-mondariz-balneario\\\/#breadcrumb\"},\"inLanguage\":\"gl-ES\",\"potentialAction\":[{\"@type\":\"ReadAction\",\"target\":[\"https:\\\/\\\/www.anovapeneira.gal\\\/index.php\\\/2019\\\/11\\\/12\\\/cesar-gil-bernardez-voceiro-do-bng-en-mondariz-balneario\\\/\"]}]},{\"@type\":\"ImageObject\",\"inLanguage\":\"gl-ES\",\"@id\":\"https:\\\/\\\/www.anovapeneira.gal\\\/index.php\\\/2019\\\/11\\\/12\\\/cesar-gil-bernardez-voceiro-do-bng-en-mondariz-balneario\\\/#primaryimage\",\"url\":\"https:\\\/\\\/www.anovapeneira.gal\\\/wp-content\\\/uploads\\\/2019\\\/11\\\/cesar_gil_a_nova_peneira.jpg\",\"contentUrl\":\"https:\\\/\\\/www.anovapeneira.gal\\\/wp-content\\\/uploads\\\/2019\\\/11\\\/cesar_gil_a_nova_peneira.jpg\",\"width\":720,\"height\":432,\"caption\":\"C\u00e9sar Gil A Nova Peneira Mondariz\"},{\"@type\":\"BreadcrumbList\",\"@id\":\"https:\\\/\\\/www.anovapeneira.gal\\\/index.php\\\/2019\\\/11\\\/12\\\/cesar-gil-bernardez-voceiro-do-bng-en-mondariz-balneario\\\/#breadcrumb\",\"itemListElement\":[{\"@type\":\"ListItem\",\"position\":1,\"name\":\"Portada\",\"item\":\"https:\\\/\\\/www.anovapeneira.gal\\\/\"},{\"@type\":\"ListItem\",\"position\":2,\"name\":\"C\u00e9sar Gil Bern\u00e1rdez voceiro do Bng en Mondariz balneario\"}]},{\"@type\":\"WebSite\",\"@id\":\"https:\\\/\\\/www.anovapeneira.gal\\\/#website\",\"url\":\"https:\\\/\\\/www.anovapeneira.gal\\\/\",\"name\":\"\",\"description\":\"Xornal galego de informaci\u00f3n xeral Publicaci\u00f3n mensual de novas de Galicia e en especial dos Concellos da sur da provincia de Pontevedra.\",\"publisher\":{\"@id\":\"https:\\\/\\\/www.anovapeneira.gal\\\/#organization\"},\"potentialAction\":[{\"@type\":\"SearchAction\",\"target\":{\"@type\":\"EntryPoint\",\"urlTemplate\":\"https:\\\/\\\/www.anovapeneira.gal\\\/?s={search_term_string}\"},\"query-input\":{\"@type\":\"PropertyValueSpecification\",\"valueRequired\":true,\"valueName\":\"search_term_string\"}}],\"inLanguage\":\"gl-ES\"},{\"@type\":\"Organization\",\"@id\":\"https:\\\/\\\/www.anovapeneira.gal\\\/#organization\",\"name\":\"A Nova Peneira\",\"url\":\"https:\\\/\\\/www.anovapeneira.gal\\\/\",\"logo\":{\"@type\":\"ImageObject\",\"inLanguage\":\"gl-ES\",\"@id\":\"https:\\\/\\\/www.anovapeneira.gal\\\/#\\\/schema\\\/logo\\\/image\\\/\",\"url\":\"http:\\\/\\\/www.anovapeneira.gal\\\/wp-content\\\/uploads\\\/2019\\\/06\\\/logo_a_nova_peneira_portal_web.png\",\"contentUrl\":\"http:\\\/\\\/www.anovapeneira.gal\\\/wp-content\\\/uploads\\\/2019\\\/06\\\/logo_a_nova_peneira_portal_web.png\",\"width\":300,\"height\":100,\"caption\":\"A Nova Peneira\"},\"image\":{\"@id\":\"https:\\\/\\\/www.anovapeneira.gal\\\/#\\\/schema\\\/logo\\\/image\\\/\"},\"sameAs\":[\"https:\\\/\\\/www.facebook.com\\\/anovapeneira\",\"https:\\\/\\\/x.com\\\/APeneira\"]},{\"@type\":\"Person\",\"@id\":\"https:\\\/\\\/www.anovapeneira.gal\\\/#\\\/schema\\\/person\\\/b93e3f8932e3f8da96334607eb6ac6aa\",\"name\":\"Redacci\u00f3n A Nova Peneira\",\"image\":{\"@type\":\"ImageObject\",\"inLanguage\":\"gl-ES\",\"@id\":\"https:\\\/\\\/secure.gravatar.com\\\/avatar\\\/c052a2551a06e23fac63626232eaa90abd78dbcf1700fc46a2b2c89fd27b735f?s=96&d=mm&r=g\",\"url\":\"https:\\\/\\\/secure.gravatar.com\\\/avatar\\\/c052a2551a06e23fac63626232eaa90abd78dbcf1700fc46a2b2c89fd27b735f?s=96&d=mm&r=g\",\"contentUrl\":\"https:\\\/\\\/secure.gravatar.com\\\/avatar\\\/c052a2551a06e23fac63626232eaa90abd78dbcf1700fc46a2b2c89fd27b735f?s=96&d=mm&r=g\",\"caption\":\"Redacci\u00f3n A Nova Peneira\"},\"sameAs\":[\"http:\\\/\\\/www.anovapeneira.gal\\\/\"],\"url\":\"https:\\\/\\\/www.anovapeneira.gal\\\/index.php\\\/author\\\/redactor\\\/\"}]}<\/script>\n<!-- \/ Yoast SEO plugin. -->","yoast_head_json":{"title":"C\u00e9sar Gil Bern\u00e1rdez voceiro do Bng en Mondariz balneario -","robots":{"index":"index","follow":"follow","max-snippet":"max-snippet:-1","max-image-preview":"max-image-preview:large","max-video-preview":"max-video-preview:-1"},"canonical":"https:\/\/www.anovapeneira.gal\/index.php\/2019\/11\/12\/cesar-gil-bernardez-voceiro-do-bng-en-mondariz-balneario\/","og_locale":"gl_ES","og_type":"article","og_title":"C\u00e9sar Gil Bern\u00e1rdez voceiro do Bng en Mondariz balneario -","og_description":"C\u00e9sar Gil \u00e9 o voceiro do BNG en Mondariz Balneario, o concello m\u00e1is pequeno de Galicia, e non \u00e9 alcalde por 2 votos [...]","og_url":"https:\/\/www.anovapeneira.gal\/index.php\/2019\/11\/12\/cesar-gil-bernardez-voceiro-do-bng-en-mondariz-balneario\/","article_publisher":"https:\/\/www.facebook.com\/anovapeneira","article_published_time":"2019-11-12T13:00:10+00:00","og_image":[{"width":720,"height":432,"url":"https:\/\/www.anovapeneira.gal\/wp-content\/uploads\/2019\/11\/cesar_gil_a_nova_peneira.jpg","type":"image\/jpeg"}],"author":"Redacci\u00f3n A Nova Peneira","twitter_card":"summary_large_image","twitter_creator":"@APeneira","twitter_site":"@APeneira","twitter_misc":{"Escrito por":"Redacci\u00f3n A Nova Peneira","Tempo de lectura":"4 minutos"},"schema":{"@context":"https:\/\/schema.org","@graph":[{"@type":"Article","@id":"https:\/\/www.anovapeneira.gal\/index.php\/2019\/11\/12\/cesar-gil-bernardez-voceiro-do-bng-en-mondariz-balneario\/#article","isPartOf":{"@id":"https:\/\/www.anovapeneira.gal\/index.php\/2019\/11\/12\/cesar-gil-bernardez-voceiro-do-bng-en-mondariz-balneario\/"},"author":{"name":"Redacci\u00f3n A Nova Peneira","@id":"https:\/\/www.anovapeneira.gal\/#\/schema\/person\/b93e3f8932e3f8da96334607eb6ac6aa"},"headline":"C\u00e9sar Gil Bern\u00e1rdez voceiro do Bng en Mondariz balneario","datePublished":"2019-11-12T13:00:10+00:00","mainEntityOfPage":{"@id":"https:\/\/www.anovapeneira.gal\/index.php\/2019\/11\/12\/cesar-gil-bernardez-voceiro-do-bng-en-mondariz-balneario\/"},"wordCount":872,"commentCount":0,"publisher":{"@id":"https:\/\/www.anovapeneira.gal\/#organization"},"image":{"@id":"https:\/\/www.anovapeneira.gal\/index.php\/2019\/11\/12\/cesar-gil-bernardez-voceiro-do-bng-en-mondariz-balneario\/#primaryimage"},"thumbnailUrl":"https:\/\/www.anovapeneira.gal\/wp-content\/uploads\/2019\/11\/cesar_gil_a_nova_peneira.jpg","keywords":["BNG","Concello de Mondariz","Pol\u00edtica"],"articleSection":["Condado"],"inLanguage":"gl-ES","potentialAction":[{"@type":"CommentAction","name":"Comment","target":["https:\/\/www.anovapeneira.gal\/index.php\/2019\/11\/12\/cesar-gil-bernardez-voceiro-do-bng-en-mondariz-balneario\/#respond"]}]},{"@type":"WebPage","@id":"https:\/\/www.anovapeneira.gal\/index.php\/2019\/11\/12\/cesar-gil-bernardez-voceiro-do-bng-en-mondariz-balneario\/","url":"https:\/\/www.anovapeneira.gal\/index.php\/2019\/11\/12\/cesar-gil-bernardez-voceiro-do-bng-en-mondariz-balneario\/","name":"C\u00e9sar Gil Bern\u00e1rdez voceiro do Bng en Mondariz balneario -","isPartOf":{"@id":"https:\/\/www.anovapeneira.gal\/#website"},"primaryImageOfPage":{"@id":"https:\/\/www.anovapeneira.gal\/index.php\/2019\/11\/12\/cesar-gil-bernardez-voceiro-do-bng-en-mondariz-balneario\/#primaryimage"},"image":{"@id":"https:\/\/www.anovapeneira.gal\/index.php\/2019\/11\/12\/cesar-gil-bernardez-voceiro-do-bng-en-mondariz-balneario\/#primaryimage"},"thumbnailUrl":"https:\/\/www.anovapeneira.gal\/wp-content\/uploads\/2019\/11\/cesar_gil_a_nova_peneira.jpg","datePublished":"2019-11-12T13:00:10+00:00","breadcrumb":{"@id":"https:\/\/www.anovapeneira.gal\/index.php\/2019\/11\/12\/cesar-gil-bernardez-voceiro-do-bng-en-mondariz-balneario\/#breadcrumb"},"inLanguage":"gl-ES","potentialAction":[{"@type":"ReadAction","target":["https:\/\/www.anovapeneira.gal\/index.php\/2019\/11\/12\/cesar-gil-bernardez-voceiro-do-bng-en-mondariz-balneario\/"]}]},{"@type":"ImageObject","inLanguage":"gl-ES","@id":"https:\/\/www.anovapeneira.gal\/index.php\/2019\/11\/12\/cesar-gil-bernardez-voceiro-do-bng-en-mondariz-balneario\/#primaryimage","url":"https:\/\/www.anovapeneira.gal\/wp-content\/uploads\/2019\/11\/cesar_gil_a_nova_peneira.jpg","contentUrl":"https:\/\/www.anovapeneira.gal\/wp-content\/uploads\/2019\/11\/cesar_gil_a_nova_peneira.jpg","width":720,"height":432,"caption":"C\u00e9sar Gil A Nova Peneira Mondariz"},{"@type":"BreadcrumbList","@id":"https:\/\/www.anovapeneira.gal\/index.php\/2019\/11\/12\/cesar-gil-bernardez-voceiro-do-bng-en-mondariz-balneario\/#breadcrumb","itemListElement":[{"@type":"ListItem","position":1,"name":"Portada","item":"https:\/\/www.anovapeneira.gal\/"},{"@type":"ListItem","position":2,"name":"C\u00e9sar Gil Bern\u00e1rdez voceiro do Bng en Mondariz balneario"}]},{"@type":"WebSite","@id":"https:\/\/www.anovapeneira.gal\/#website","url":"https:\/\/www.anovapeneira.gal\/","name":"","description":"Xornal galego de informaci\u00f3n xeral Publicaci\u00f3n mensual de novas de Galicia e en especial dos Concellos da sur da provincia de Pontevedra.","publisher":{"@id":"https:\/\/www.anovapeneira.gal\/#organization"},"potentialAction":[{"@type":"SearchAction","target":{"@type":"EntryPoint","urlTemplate":"https:\/\/www.anovapeneira.gal\/?s={search_term_string}"},"query-input":{"@type":"PropertyValueSpecification","valueRequired":true,"valueName":"search_term_string"}}],"inLanguage":"gl-ES"},{"@type":"Organization","@id":"https:\/\/www.anovapeneira.gal\/#organization","name":"A Nova Peneira","url":"https:\/\/www.anovapeneira.gal\/","logo":{"@type":"ImageObject","inLanguage":"gl-ES","@id":"https:\/\/www.anovapeneira.gal\/#\/schema\/logo\/image\/","url":"http:\/\/www.anovapeneira.gal\/wp-content\/uploads\/2019\/06\/logo_a_nova_peneira_portal_web.png","contentUrl":"http:\/\/www.anovapeneira.gal\/wp-content\/uploads\/2019\/06\/logo_a_nova_peneira_portal_web.png","width":300,"height":100,"caption":"A Nova Peneira"},"image":{"@id":"https:\/\/www.anovapeneira.gal\/#\/schema\/logo\/image\/"},"sameAs":["https:\/\/www.facebook.com\/anovapeneira","https:\/\/x.com\/APeneira"]},{"@type":"Person","@id":"https:\/\/www.anovapeneira.gal\/#\/schema\/person\/b93e3f8932e3f8da96334607eb6ac6aa","name":"Redacci\u00f3n A Nova Peneira","image":{"@type":"ImageObject","inLanguage":"gl-ES","@id":"https:\/\/secure.gravatar.com\/avatar\/c052a2551a06e23fac63626232eaa90abd78dbcf1700fc46a2b2c89fd27b735f?s=96&d=mm&r=g","url":"https:\/\/secure.gravatar.com\/avatar\/c052a2551a06e23fac63626232eaa90abd78dbcf1700fc46a2b2c89fd27b735f?s=96&d=mm&r=g","contentUrl":"https:\/\/secure.gravatar.com\/avatar\/c052a2551a06e23fac63626232eaa90abd78dbcf1700fc46a2b2c89fd27b735f?s=96&d=mm&r=g","caption":"Redacci\u00f3n A Nova Peneira"},"sameAs":["http:\/\/www.anovapeneira.gal\/"],"url":"https:\/\/www.anovapeneira.gal\/index.php\/author\/redactor\/"}]}},"jetpack_featured_media_url":"https:\/\/www.anovapeneira.gal\/wp-content\/uploads\/2019\/11\/cesar_gil_a_nova_peneira.jpg","_links":{"self":[{"href":"https:\/\/www.anovapeneira.gal\/index.php\/wp-json\/wp\/v2\/posts\/1754","targetHints":{"allow":["GET"]}}],"collection":[{"href":"https:\/\/www.anovapeneira.gal\/index.php\/wp-json\/wp\/v2\/posts"}],"about":[{"href":"https:\/\/www.anovapeneira.gal\/index.php\/wp-json\/wp\/v2\/types\/post"}],"author":[{"embeddable":true,"href":"https:\/\/www.anovapeneira.gal\/index.php\/wp-json\/wp\/v2\/users\/3"}],"replies":[{"embeddable":true,"href":"https:\/\/www.anovapeneira.gal\/index.php\/wp-json\/wp\/v2\/comments?post=1754"}],"version-history":[{"count":2,"href":"https:\/\/www.anovapeneira.gal\/index.php\/wp-json\/wp\/v2\/posts\/1754\/revisions"}],"predecessor-version":[{"id":1756,"href":"https:\/\/www.anovapeneira.gal\/index.php\/wp-json\/wp\/v2\/posts\/1754\/revisions\/1756"}],"wp:featuredmedia":[{"embeddable":true,"href":"https:\/\/www.anovapeneira.gal\/index.php\/wp-json\/wp\/v2\/media\/1752"}],"wp:attachment":[{"href":"https:\/\/www.anovapeneira.gal\/index.php\/wp-json\/wp\/v2\/media?parent=1754"}],"wp:term":[{"taxonomy":"category","embeddable":true,"href":"https:\/\/www.anovapeneira.gal\/index.php\/wp-json\/wp\/v2\/categories?post=1754"},{"taxonomy":"post_tag","embeddable":true,"href":"https:\/\/www.anovapeneira.gal\/index.php\/wp-json\/wp\/v2\/tags?post=1754"}],"curies":[{"name":"wp","href":"https:\/\/api.w.org\/{rel}","templated":true}]}}