{"id":1763,"date":"2019-11-14T10:00:12","date_gmt":"2019-11-14T09:00:12","guid":{"rendered":"http:\/\/www.anovapeneira.gal\/?p=1763"},"modified":"2019-11-13T18:51:32","modified_gmt":"2019-11-13T17:51:32","slug":"a-guarda-convida-a-comerciantes-e-hostaleiros-a-participar-nas-conmemoracions-do-dia-internacional-contra-a-violencia-de-xenero","status":"publish","type":"post","link":"https:\/\/www.anovapeneira.gal\/index.php\/2019\/11\/14\/a-guarda-convida-a-comerciantes-e-hostaleiros-a-participar-nas-conmemoracions-do-dia-internacional-contra-a-violencia-de-xenero\/","title":{"rendered":"A Guarda convida a comerciantes e hostaleiros a participar nas conmemoraci\u00f3ns do D\u00eda Internacional contra a Violencia de X\u00e9nero"},"content":{"rendered":"\n<p><strong>A Garda, 08 de novembro de 2019<\/strong><\/p>\n\n\n\n<p>O Concello da Guarda ultima os preparativos para as conmemoraci\u00f3ns do D\u00eda Internacional contra a Violencia de X\u00e9nero 25N que, un ano m\u00e1is, se coordina dende o Centro de Informaci\u00f3n \u00e1 Muller da Guarda e a Conceller\u00eda de Igualdade e servizos Sociais.<\/p>\n\n\n\n<p>\nO Concello da Guarda,\nun ano m\u00e1is, s\u00famase ao protocolo de colaboraci\u00f3n para a\norganizaci\u00f3n conxunta da campa\u00f1a de sensibilizaci\u00f3n En Negro\ncontra as Violencias, coa que se pretende tinguir de negro as vilas e\ncidades galegas.<\/p>\n\n\n\n<p>\nDesde a Concellar\u00eda de\nIgualdade considerase que a actual situaci\u00f3n require dunha resposta\nun\u00e1nime de toda a sociedade que po\u00f1a de manifesto o rexeitamento de\ntodas as formas de violencia contra as mulleres. Para iso, an\u00edmase\nao sector do comercio e a todos os axentes sociais do municipio a\nimplicarse un ano m\u00e1is na conmemoraci\u00f3n do 25 de novembro. \u201cA\nGuarda en Negro\u201d. \n<\/p>\n\n\n\n<p>\nA proposta consiste en\nvestir de loito a nosa vila, en sinal de dor por todas as mulleres\nque sofren violencia, considerando que o comercio e a hostalar\u00eda ten\no protagonismo das r\u00faas da Guarda, e son o gran escaparate que pode\ntransmitir \u00e1 cidadan\u00eda a mensaxe de denuncia e solidariedade:\nQueremos A Guarda libre de violencia! \n<\/p>\n\n\n\n<p>\nDesde o Concello se pon\ndisposici\u00f3n dos establecementos comerciais e asociaci\u00f3ns, de forma\ntotalmente gratu\u00edta, carteler\u00eda para todos\/as, camisetas e bolsas\npara aqueles comercios que o ano pasado non participaron e, como\nnovidade, haber\u00e1 pousavasos e servilletas para a hostalar\u00eda e\ndelantais para os\/as preaceiros\/as para que do 18 ao 25 de novembro,\npodan vestir as tendas, comercios, empresas, bares, postos do\nmercado, etc. de negro, as\u00ed coma os maniqu\u00eds, manteis dos\nrestaurantes ou os mesmos empregados e empresarios de negro. \n<\/p>\n\n\n\n<p>\nPara\nparticipar nesta campa\u00f1a tan s\u00f3 \u00e9 preciso chamar  ao n\u00famero de\ntel\u00e9fono 986614648 ou enviar un correo electr\u00f3nico a\nmuller@aguarda.es cos datos do establecemento (nome e enderezo) e da\npersoa de referencia (nome e tel\u00e9fono) antes do 13 de novembro e\ndeseguida contactarase cos interesados\/as.<\/p>\n\n\n\n<p>\n<strong>Programaci\u00f3n\nde actividades<\/strong><\/p>\n\n\n\n<p>\nA\nprogramaci\u00f3n de actividades incl\u00fae unha obra de teatro o 22 de\nnovembro e a lectura do manifesto que ter\u00e1 lugar o luns 25 de\nnovembro<\/p>\n","protected":false},"excerpt":{"rendered":"<div class=\"mh-excerpt\"><p>O Concello da Guarda ultima os preparativos para as conmemoraci\u00f3ns do D\u00eda Internacional contra a Violencia de X\u00e9nero 25N <a class=\"mh-excerpt-more\" href=\"https:\/\/www.anovapeneira.gal\/index.php\/2019\/11\/14\/a-guarda-convida-a-comerciantes-e-hostaleiros-a-participar-nas-conmemoracions-do-dia-internacional-contra-a-violencia-de-xenero\/\" title=\"A Guarda convida a comerciantes e hostaleiros a participar nas conmemoraci\u00f3ns do D\u00eda Internacional contra a Violencia de X\u00e9nero\">[&#8230;]<\/a><\/p>\n<\/div>","protected":false},"author":3,"featured_media":1738,"comment_status":"open","ping_status":"open","sticky":false,"template":"","format":"standard","meta":{"_exactmetrics_skip_tracking":false,"_exactmetrics_sitenote_active":false,"_exactmetrics_sitenote_note":"","_exactmetrics_sitenote_category":0,"footnotes":""},"categories":[21],"tags":[774,772,773,770,768,238,769,343,579],"class_list":{"0":"post-1763","1":"post","2":"type-post","3":"status-publish","4":"format-standard","5":"has-post-thumbnail","7":"category-baixo-mino","8":"tag-25naguardaennegro","9":"tag-cim","10":"tag-contraasviolencias","11":"tag-violenciadexenero","12":"tag-comerciantes","13":"tag-concello-da-guarda","14":"tag-hostaleiros","15":"tag-muller","16":"tag-violencia-de-xenero"},"yoast_head":"<!-- This site is optimized with the Yoast SEO plugin v27.4 - https:\/\/yoast.com\/product\/yoast-seo-wordpress\/ -->\n<title>A Guarda convida a comerciantes e hostaleiros a participar nas conmemoraci\u00f3ns do D\u00eda Internacional contra a Violencia de X\u00e9nero -<\/title>\n<meta name=\"robots\" content=\"index, follow, max-snippet:-1, max-image-preview:large, max-video-preview:-1\" \/>\n<link rel=\"canonical\" href=\"https:\/\/www.anovapeneira.gal\/index.php\/2019\/11\/14\/a-guarda-convida-a-comerciantes-e-hostaleiros-a-participar-nas-conmemoracions-do-dia-internacional-contra-a-violencia-de-xenero\/\" \/>\n<meta property=\"og:locale\" content=\"gl_ES\" \/>\n<meta property=\"og:type\" content=\"article\" \/>\n<meta property=\"og:title\" content=\"A Guarda convida a comerciantes e hostaleiros a participar nas conmemoraci\u00f3ns do D\u00eda Internacional contra a Violencia de X\u00e9nero -\" \/>\n<meta property=\"og:description\" content=\"O Concello da Guarda ultima os preparativos para as conmemoraci\u00f3ns do D\u00eda Internacional contra a Violencia de X\u00e9nero 25N [...]\" \/>\n<meta property=\"og:url\" content=\"https:\/\/www.anovapeneira.gal\/index.php\/2019\/11\/14\/a-guarda-convida-a-comerciantes-e-hostaleiros-a-participar-nas-conmemoracions-do-dia-internacional-contra-a-violencia-de-xenero\/\" \/>\n<meta property=\"article:publisher\" content=\"https:\/\/www.facebook.com\/anovapeneira\" \/>\n<meta property=\"article:published_time\" content=\"2019-11-14T09:00:12+00:00\" \/>\n<meta property=\"og:image\" content=\"https:\/\/www.anovapeneira.gal\/wp-content\/uploads\/2019\/11\/espazo_libre_violencia_machista_A_GUARDA_a_nova_peneira.jpg\" \/>\n\t<meta property=\"og:image:width\" content=\"720\" \/>\n\t<meta property=\"og:image:height\" content=\"432\" \/>\n\t<meta property=\"og:image:type\" content=\"image\/jpeg\" \/>\n<meta name=\"author\" content=\"Redacci\u00f3n A Nova Peneira\" \/>\n<meta name=\"twitter:card\" content=\"summary_large_image\" \/>\n<meta name=\"twitter:creator\" content=\"@APeneira\" \/>\n<meta name=\"twitter:site\" content=\"@APeneira\" \/>\n<meta name=\"twitter:label1\" content=\"Escrito por\" \/>\n\t<meta name=\"twitter:data1\" content=\"Redacci\u00f3n A Nova Peneira\" \/>\n\t<meta name=\"twitter:label2\" content=\"Tempo de lectura\" \/>\n\t<meta name=\"twitter:data2\" content=\"2 minutos\" \/>\n<script type=\"application\/ld+json\" class=\"yoast-schema-graph\">{\"@context\":\"https:\\\/\\\/schema.org\",\"@graph\":[{\"@type\":\"Article\",\"@id\":\"https:\\\/\\\/www.anovapeneira.gal\\\/index.php\\\/2019\\\/11\\\/14\\\/a-guarda-convida-a-comerciantes-e-hostaleiros-a-participar-nas-conmemoracions-do-dia-internacional-contra-a-violencia-de-xenero\\\/#article\",\"isPartOf\":{\"@id\":\"https:\\\/\\\/www.anovapeneira.gal\\\/index.php\\\/2019\\\/11\\\/14\\\/a-guarda-convida-a-comerciantes-e-hostaleiros-a-participar-nas-conmemoracions-do-dia-internacional-contra-a-violencia-de-xenero\\\/\"},\"author\":{\"name\":\"Redacci\u00f3n A Nova Peneira\",\"@id\":\"https:\\\/\\\/www.anovapeneira.gal\\\/#\\\/schema\\\/person\\\/b93e3f8932e3f8da96334607eb6ac6aa\"},\"headline\":\"A Guarda convida a comerciantes e hostaleiros a participar nas conmemoraci\u00f3ns do D\u00eda Internacional contra a Violencia de X\u00e9nero\",\"datePublished\":\"2019-11-14T09:00:12+00:00\",\"mainEntityOfPage\":{\"@id\":\"https:\\\/\\\/www.anovapeneira.gal\\\/index.php\\\/2019\\\/11\\\/14\\\/a-guarda-convida-a-comerciantes-e-hostaleiros-a-participar-nas-conmemoracions-do-dia-internacional-contra-a-violencia-de-xenero\\\/\"},\"wordCount\":414,\"commentCount\":0,\"publisher\":{\"@id\":\"https:\\\/\\\/www.anovapeneira.gal\\\/#organization\"},\"image\":{\"@id\":\"https:\\\/\\\/www.anovapeneira.gal\\\/index.php\\\/2019\\\/11\\\/14\\\/a-guarda-convida-a-comerciantes-e-hostaleiros-a-participar-nas-conmemoracions-do-dia-internacional-contra-a-violencia-de-xenero\\\/#primaryimage\"},\"thumbnailUrl\":\"https:\\\/\\\/www.anovapeneira.gal\\\/wp-content\\\/uploads\\\/2019\\\/11\\\/espazo_libre_violencia_machista_A_GUARDA_a_nova_peneira.jpg\",\"keywords\":[\"#25NAGuardaenNegro\",\"#CIM\",\"#contraasviolencias\",\"#violenciadex\u00e9nero\",\"Comerciantes\",\"Concello da Guarda\",\"Hostaleiros\",\"Muller\",\"violencia de x\u00e9nero\"],\"articleSection\":[\"Baixo Mi\u00f1o\"],\"inLanguage\":\"gl-ES\",\"potentialAction\":[{\"@type\":\"CommentAction\",\"name\":\"Comment\",\"target\":[\"https:\\\/\\\/www.anovapeneira.gal\\\/index.php\\\/2019\\\/11\\\/14\\\/a-guarda-convida-a-comerciantes-e-hostaleiros-a-participar-nas-conmemoracions-do-dia-internacional-contra-a-violencia-de-xenero\\\/#respond\"]}]},{\"@type\":\"WebPage\",\"@id\":\"https:\\\/\\\/www.anovapeneira.gal\\\/index.php\\\/2019\\\/11\\\/14\\\/a-guarda-convida-a-comerciantes-e-hostaleiros-a-participar-nas-conmemoracions-do-dia-internacional-contra-a-violencia-de-xenero\\\/\",\"url\":\"https:\\\/\\\/www.anovapeneira.gal\\\/index.php\\\/2019\\\/11\\\/14\\\/a-guarda-convida-a-comerciantes-e-hostaleiros-a-participar-nas-conmemoracions-do-dia-internacional-contra-a-violencia-de-xenero\\\/\",\"name\":\"A Guarda convida a comerciantes e hostaleiros a participar nas conmemoraci\u00f3ns do D\u00eda Internacional contra a Violencia de X\u00e9nero -\",\"isPartOf\":{\"@id\":\"https:\\\/\\\/www.anovapeneira.gal\\\/#website\"},\"primaryImageOfPage\":{\"@id\":\"https:\\\/\\\/www.anovapeneira.gal\\\/index.php\\\/2019\\\/11\\\/14\\\/a-guarda-convida-a-comerciantes-e-hostaleiros-a-participar-nas-conmemoracions-do-dia-internacional-contra-a-violencia-de-xenero\\\/#primaryimage\"},\"image\":{\"@id\":\"https:\\\/\\\/www.anovapeneira.gal\\\/index.php\\\/2019\\\/11\\\/14\\\/a-guarda-convida-a-comerciantes-e-hostaleiros-a-participar-nas-conmemoracions-do-dia-internacional-contra-a-violencia-de-xenero\\\/#primaryimage\"},\"thumbnailUrl\":\"https:\\\/\\\/www.anovapeneira.gal\\\/wp-content\\\/uploads\\\/2019\\\/11\\\/espazo_libre_violencia_machista_A_GUARDA_a_nova_peneira.jpg\",\"datePublished\":\"2019-11-14T09:00:12+00:00\",\"breadcrumb\":{\"@id\":\"https:\\\/\\\/www.anovapeneira.gal\\\/index.php\\\/2019\\\/11\\\/14\\\/a-guarda-convida-a-comerciantes-e-hostaleiros-a-participar-nas-conmemoracions-do-dia-internacional-contra-a-violencia-de-xenero\\\/#breadcrumb\"},\"inLanguage\":\"gl-ES\",\"potentialAction\":[{\"@type\":\"ReadAction\",\"target\":[\"https:\\\/\\\/www.anovapeneira.gal\\\/index.php\\\/2019\\\/11\\\/14\\\/a-guarda-convida-a-comerciantes-e-hostaleiros-a-participar-nas-conmemoracions-do-dia-internacional-contra-a-violencia-de-xenero\\\/\"]}]},{\"@type\":\"ImageObject\",\"inLanguage\":\"gl-ES\",\"@id\":\"https:\\\/\\\/www.anovapeneira.gal\\\/index.php\\\/2019\\\/11\\\/14\\\/a-guarda-convida-a-comerciantes-e-hostaleiros-a-participar-nas-conmemoracions-do-dia-internacional-contra-a-violencia-de-xenero\\\/#primaryimage\",\"url\":\"https:\\\/\\\/www.anovapeneira.gal\\\/wp-content\\\/uploads\\\/2019\\\/11\\\/espazo_libre_violencia_machista_A_GUARDA_a_nova_peneira.jpg\",\"contentUrl\":\"https:\\\/\\\/www.anovapeneira.gal\\\/wp-content\\\/uploads\\\/2019\\\/11\\\/espazo_libre_violencia_machista_A_GUARDA_a_nova_peneira.jpg\",\"width\":720,\"height\":432,\"caption\":\"Espazo libre de violencias machistas A Guarda en Negro A Nova peneira\"},{\"@type\":\"BreadcrumbList\",\"@id\":\"https:\\\/\\\/www.anovapeneira.gal\\\/index.php\\\/2019\\\/11\\\/14\\\/a-guarda-convida-a-comerciantes-e-hostaleiros-a-participar-nas-conmemoracions-do-dia-internacional-contra-a-violencia-de-xenero\\\/#breadcrumb\",\"itemListElement\":[{\"@type\":\"ListItem\",\"position\":1,\"name\":\"Portada\",\"item\":\"https:\\\/\\\/www.anovapeneira.gal\\\/\"},{\"@type\":\"ListItem\",\"position\":2,\"name\":\"A Guarda convida a comerciantes e hostaleiros a participar nas conmemoraci\u00f3ns do D\u00eda Internacional contra a Violencia de X\u00e9nero\"}]},{\"@type\":\"WebSite\",\"@id\":\"https:\\\/\\\/www.anovapeneira.gal\\\/#website\",\"url\":\"https:\\\/\\\/www.anovapeneira.gal\\\/\",\"name\":\"\",\"description\":\"Xornal galego de informaci\u00f3n xeral Publicaci\u00f3n mensual de novas de Galicia e en especial dos Concellos da sur da provincia de Pontevedra.\",\"publisher\":{\"@id\":\"https:\\\/\\\/www.anovapeneira.gal\\\/#organization\"},\"potentialAction\":[{\"@type\":\"SearchAction\",\"target\":{\"@type\":\"EntryPoint\",\"urlTemplate\":\"https:\\\/\\\/www.anovapeneira.gal\\\/?s={search_term_string}\"},\"query-input\":{\"@type\":\"PropertyValueSpecification\",\"valueRequired\":true,\"valueName\":\"search_term_string\"}}],\"inLanguage\":\"gl-ES\"},{\"@type\":\"Organization\",\"@id\":\"https:\\\/\\\/www.anovapeneira.gal\\\/#organization\",\"name\":\"A Nova Peneira\",\"url\":\"https:\\\/\\\/www.anovapeneira.gal\\\/\",\"logo\":{\"@type\":\"ImageObject\",\"inLanguage\":\"gl-ES\",\"@id\":\"https:\\\/\\\/www.anovapeneira.gal\\\/#\\\/schema\\\/logo\\\/image\\\/\",\"url\":\"http:\\\/\\\/www.anovapeneira.gal\\\/wp-content\\\/uploads\\\/2019\\\/06\\\/logo_a_nova_peneira_portal_web.png\",\"contentUrl\":\"http:\\\/\\\/www.anovapeneira.gal\\\/wp-content\\\/uploads\\\/2019\\\/06\\\/logo_a_nova_peneira_portal_web.png\",\"width\":300,\"height\":100,\"caption\":\"A Nova Peneira\"},\"image\":{\"@id\":\"https:\\\/\\\/www.anovapeneira.gal\\\/#\\\/schema\\\/logo\\\/image\\\/\"},\"sameAs\":[\"https:\\\/\\\/www.facebook.com\\\/anovapeneira\",\"https:\\\/\\\/x.com\\\/APeneira\"]},{\"@type\":\"Person\",\"@id\":\"https:\\\/\\\/www.anovapeneira.gal\\\/#\\\/schema\\\/person\\\/b93e3f8932e3f8da96334607eb6ac6aa\",\"name\":\"Redacci\u00f3n A Nova Peneira\",\"image\":{\"@type\":\"ImageObject\",\"inLanguage\":\"gl-ES\",\"@id\":\"https:\\\/\\\/secure.gravatar.com\\\/avatar\\\/c052a2551a06e23fac63626232eaa90abd78dbcf1700fc46a2b2c89fd27b735f?s=96&d=mm&r=g\",\"url\":\"https:\\\/\\\/secure.gravatar.com\\\/avatar\\\/c052a2551a06e23fac63626232eaa90abd78dbcf1700fc46a2b2c89fd27b735f?s=96&d=mm&r=g\",\"contentUrl\":\"https:\\\/\\\/secure.gravatar.com\\\/avatar\\\/c052a2551a06e23fac63626232eaa90abd78dbcf1700fc46a2b2c89fd27b735f?s=96&d=mm&r=g\",\"caption\":\"Redacci\u00f3n A Nova Peneira\"},\"sameAs\":[\"http:\\\/\\\/www.anovapeneira.gal\\\/\"],\"url\":\"https:\\\/\\\/www.anovapeneira.gal\\\/index.php\\\/author\\\/redactor\\\/\"}]}<\/script>\n<!-- \/ Yoast SEO plugin. -->","yoast_head_json":{"title":"A Guarda convida a comerciantes e hostaleiros a participar nas conmemoraci\u00f3ns do D\u00eda Internacional contra a Violencia de X\u00e9nero -","robots":{"index":"index","follow":"follow","max-snippet":"max-snippet:-1","max-image-preview":"max-image-preview:large","max-video-preview":"max-video-preview:-1"},"canonical":"https:\/\/www.anovapeneira.gal\/index.php\/2019\/11\/14\/a-guarda-convida-a-comerciantes-e-hostaleiros-a-participar-nas-conmemoracions-do-dia-internacional-contra-a-violencia-de-xenero\/","og_locale":"gl_ES","og_type":"article","og_title":"A Guarda convida a comerciantes e hostaleiros a participar nas conmemoraci\u00f3ns do D\u00eda Internacional contra a Violencia de X\u00e9nero -","og_description":"O Concello da Guarda ultima os preparativos para as conmemoraci\u00f3ns do D\u00eda Internacional contra a Violencia de X\u00e9nero 25N [...]","og_url":"https:\/\/www.anovapeneira.gal\/index.php\/2019\/11\/14\/a-guarda-convida-a-comerciantes-e-hostaleiros-a-participar-nas-conmemoracions-do-dia-internacional-contra-a-violencia-de-xenero\/","article_publisher":"https:\/\/www.facebook.com\/anovapeneira","article_published_time":"2019-11-14T09:00:12+00:00","og_image":[{"width":720,"height":432,"url":"https:\/\/www.anovapeneira.gal\/wp-content\/uploads\/2019\/11\/espazo_libre_violencia_machista_A_GUARDA_a_nova_peneira.jpg","type":"image\/jpeg"}],"author":"Redacci\u00f3n A Nova Peneira","twitter_card":"summary_large_image","twitter_creator":"@APeneira","twitter_site":"@APeneira","twitter_misc":{"Escrito por":"Redacci\u00f3n A Nova Peneira","Tempo de lectura":"2 minutos"},"schema":{"@context":"https:\/\/schema.org","@graph":[{"@type":"Article","@id":"https:\/\/www.anovapeneira.gal\/index.php\/2019\/11\/14\/a-guarda-convida-a-comerciantes-e-hostaleiros-a-participar-nas-conmemoracions-do-dia-internacional-contra-a-violencia-de-xenero\/#article","isPartOf":{"@id":"https:\/\/www.anovapeneira.gal\/index.php\/2019\/11\/14\/a-guarda-convida-a-comerciantes-e-hostaleiros-a-participar-nas-conmemoracions-do-dia-internacional-contra-a-violencia-de-xenero\/"},"author":{"name":"Redacci\u00f3n A Nova Peneira","@id":"https:\/\/www.anovapeneira.gal\/#\/schema\/person\/b93e3f8932e3f8da96334607eb6ac6aa"},"headline":"A Guarda convida a comerciantes e hostaleiros a participar nas conmemoraci\u00f3ns do D\u00eda Internacional contra a Violencia de X\u00e9nero","datePublished":"2019-11-14T09:00:12+00:00","mainEntityOfPage":{"@id":"https:\/\/www.anovapeneira.gal\/index.php\/2019\/11\/14\/a-guarda-convida-a-comerciantes-e-hostaleiros-a-participar-nas-conmemoracions-do-dia-internacional-contra-a-violencia-de-xenero\/"},"wordCount":414,"commentCount":0,"publisher":{"@id":"https:\/\/www.anovapeneira.gal\/#organization"},"image":{"@id":"https:\/\/www.anovapeneira.gal\/index.php\/2019\/11\/14\/a-guarda-convida-a-comerciantes-e-hostaleiros-a-participar-nas-conmemoracions-do-dia-internacional-contra-a-violencia-de-xenero\/#primaryimage"},"thumbnailUrl":"https:\/\/www.anovapeneira.gal\/wp-content\/uploads\/2019\/11\/espazo_libre_violencia_machista_A_GUARDA_a_nova_peneira.jpg","keywords":["#25NAGuardaenNegro","#CIM","#contraasviolencias","#violenciadex\u00e9nero","Comerciantes","Concello da Guarda","Hostaleiros","Muller","violencia de x\u00e9nero"],"articleSection":["Baixo Mi\u00f1o"],"inLanguage":"gl-ES","potentialAction":[{"@type":"CommentAction","name":"Comment","target":["https:\/\/www.anovapeneira.gal\/index.php\/2019\/11\/14\/a-guarda-convida-a-comerciantes-e-hostaleiros-a-participar-nas-conmemoracions-do-dia-internacional-contra-a-violencia-de-xenero\/#respond"]}]},{"@type":"WebPage","@id":"https:\/\/www.anovapeneira.gal\/index.php\/2019\/11\/14\/a-guarda-convida-a-comerciantes-e-hostaleiros-a-participar-nas-conmemoracions-do-dia-internacional-contra-a-violencia-de-xenero\/","url":"https:\/\/www.anovapeneira.gal\/index.php\/2019\/11\/14\/a-guarda-convida-a-comerciantes-e-hostaleiros-a-participar-nas-conmemoracions-do-dia-internacional-contra-a-violencia-de-xenero\/","name":"A Guarda convida a comerciantes e hostaleiros a participar nas conmemoraci\u00f3ns do D\u00eda Internacional contra a Violencia de X\u00e9nero -","isPartOf":{"@id":"https:\/\/www.anovapeneira.gal\/#website"},"primaryImageOfPage":{"@id":"https:\/\/www.anovapeneira.gal\/index.php\/2019\/11\/14\/a-guarda-convida-a-comerciantes-e-hostaleiros-a-participar-nas-conmemoracions-do-dia-internacional-contra-a-violencia-de-xenero\/#primaryimage"},"image":{"@id":"https:\/\/www.anovapeneira.gal\/index.php\/2019\/11\/14\/a-guarda-convida-a-comerciantes-e-hostaleiros-a-participar-nas-conmemoracions-do-dia-internacional-contra-a-violencia-de-xenero\/#primaryimage"},"thumbnailUrl":"https:\/\/www.anovapeneira.gal\/wp-content\/uploads\/2019\/11\/espazo_libre_violencia_machista_A_GUARDA_a_nova_peneira.jpg","datePublished":"2019-11-14T09:00:12+00:00","breadcrumb":{"@id":"https:\/\/www.anovapeneira.gal\/index.php\/2019\/11\/14\/a-guarda-convida-a-comerciantes-e-hostaleiros-a-participar-nas-conmemoracions-do-dia-internacional-contra-a-violencia-de-xenero\/#breadcrumb"},"inLanguage":"gl-ES","potentialAction":[{"@type":"ReadAction","target":["https:\/\/www.anovapeneira.gal\/index.php\/2019\/11\/14\/a-guarda-convida-a-comerciantes-e-hostaleiros-a-participar-nas-conmemoracions-do-dia-internacional-contra-a-violencia-de-xenero\/"]}]},{"@type":"ImageObject","inLanguage":"gl-ES","@id":"https:\/\/www.anovapeneira.gal\/index.php\/2019\/11\/14\/a-guarda-convida-a-comerciantes-e-hostaleiros-a-participar-nas-conmemoracions-do-dia-internacional-contra-a-violencia-de-xenero\/#primaryimage","url":"https:\/\/www.anovapeneira.gal\/wp-content\/uploads\/2019\/11\/espazo_libre_violencia_machista_A_GUARDA_a_nova_peneira.jpg","contentUrl":"https:\/\/www.anovapeneira.gal\/wp-content\/uploads\/2019\/11\/espazo_libre_violencia_machista_A_GUARDA_a_nova_peneira.jpg","width":720,"height":432,"caption":"Espazo libre de violencias machistas A Guarda en Negro A Nova peneira"},{"@type":"BreadcrumbList","@id":"https:\/\/www.anovapeneira.gal\/index.php\/2019\/11\/14\/a-guarda-convida-a-comerciantes-e-hostaleiros-a-participar-nas-conmemoracions-do-dia-internacional-contra-a-violencia-de-xenero\/#breadcrumb","itemListElement":[{"@type":"ListItem","position":1,"name":"Portada","item":"https:\/\/www.anovapeneira.gal\/"},{"@type":"ListItem","position":2,"name":"A Guarda convida a comerciantes e hostaleiros a participar nas conmemoraci\u00f3ns do D\u00eda Internacional contra a Violencia de X\u00e9nero"}]},{"@type":"WebSite","@id":"https:\/\/www.anovapeneira.gal\/#website","url":"https:\/\/www.anovapeneira.gal\/","name":"","description":"Xornal galego de informaci\u00f3n xeral Publicaci\u00f3n mensual de novas de Galicia e en especial dos Concellos da sur da provincia de Pontevedra.","publisher":{"@id":"https:\/\/www.anovapeneira.gal\/#organization"},"potentialAction":[{"@type":"SearchAction","target":{"@type":"EntryPoint","urlTemplate":"https:\/\/www.anovapeneira.gal\/?s={search_term_string}"},"query-input":{"@type":"PropertyValueSpecification","valueRequired":true,"valueName":"search_term_string"}}],"inLanguage":"gl-ES"},{"@type":"Organization","@id":"https:\/\/www.anovapeneira.gal\/#organization","name":"A Nova Peneira","url":"https:\/\/www.anovapeneira.gal\/","logo":{"@type":"ImageObject","inLanguage":"gl-ES","@id":"https:\/\/www.anovapeneira.gal\/#\/schema\/logo\/image\/","url":"http:\/\/www.anovapeneira.gal\/wp-content\/uploads\/2019\/06\/logo_a_nova_peneira_portal_web.png","contentUrl":"http:\/\/www.anovapeneira.gal\/wp-content\/uploads\/2019\/06\/logo_a_nova_peneira_portal_web.png","width":300,"height":100,"caption":"A Nova Peneira"},"image":{"@id":"https:\/\/www.anovapeneira.gal\/#\/schema\/logo\/image\/"},"sameAs":["https:\/\/www.facebook.com\/anovapeneira","https:\/\/x.com\/APeneira"]},{"@type":"Person","@id":"https:\/\/www.anovapeneira.gal\/#\/schema\/person\/b93e3f8932e3f8da96334607eb6ac6aa","name":"Redacci\u00f3n A Nova Peneira","image":{"@type":"ImageObject","inLanguage":"gl-ES","@id":"https:\/\/secure.gravatar.com\/avatar\/c052a2551a06e23fac63626232eaa90abd78dbcf1700fc46a2b2c89fd27b735f?s=96&d=mm&r=g","url":"https:\/\/secure.gravatar.com\/avatar\/c052a2551a06e23fac63626232eaa90abd78dbcf1700fc46a2b2c89fd27b735f?s=96&d=mm&r=g","contentUrl":"https:\/\/secure.gravatar.com\/avatar\/c052a2551a06e23fac63626232eaa90abd78dbcf1700fc46a2b2c89fd27b735f?s=96&d=mm&r=g","caption":"Redacci\u00f3n A Nova Peneira"},"sameAs":["http:\/\/www.anovapeneira.gal\/"],"url":"https:\/\/www.anovapeneira.gal\/index.php\/author\/redactor\/"}]}},"jetpack_featured_media_url":"https:\/\/www.anovapeneira.gal\/wp-content\/uploads\/2019\/11\/espazo_libre_violencia_machista_A_GUARDA_a_nova_peneira.jpg","_links":{"self":[{"href":"https:\/\/www.anovapeneira.gal\/index.php\/wp-json\/wp\/v2\/posts\/1763","targetHints":{"allow":["GET"]}}],"collection":[{"href":"https:\/\/www.anovapeneira.gal\/index.php\/wp-json\/wp\/v2\/posts"}],"about":[{"href":"https:\/\/www.anovapeneira.gal\/index.php\/wp-json\/wp\/v2\/types\/post"}],"author":[{"embeddable":true,"href":"https:\/\/www.anovapeneira.gal\/index.php\/wp-json\/wp\/v2\/users\/3"}],"replies":[{"embeddable":true,"href":"https:\/\/www.anovapeneira.gal\/index.php\/wp-json\/wp\/v2\/comments?post=1763"}],"version-history":[{"count":1,"href":"https:\/\/www.anovapeneira.gal\/index.php\/wp-json\/wp\/v2\/posts\/1763\/revisions"}],"predecessor-version":[{"id":1764,"href":"https:\/\/www.anovapeneira.gal\/index.php\/wp-json\/wp\/v2\/posts\/1763\/revisions\/1764"}],"wp:featuredmedia":[{"embeddable":true,"href":"https:\/\/www.anovapeneira.gal\/index.php\/wp-json\/wp\/v2\/media\/1738"}],"wp:attachment":[{"href":"https:\/\/www.anovapeneira.gal\/index.php\/wp-json\/wp\/v2\/media?parent=1763"}],"wp:term":[{"taxonomy":"category","embeddable":true,"href":"https:\/\/www.anovapeneira.gal\/index.php\/wp-json\/wp\/v2\/categories?post=1763"},{"taxonomy":"post_tag","embeddable":true,"href":"https:\/\/www.anovapeneira.gal\/index.php\/wp-json\/wp\/v2\/tags?post=1763"}],"curies":[{"name":"wp","href":"https:\/\/api.w.org\/{rel}","templated":true}]}}