{"id":1770,"date":"2019-11-14T12:00:06","date_gmt":"2019-11-14T11:00:06","guid":{"rendered":"http:\/\/www.anovapeneira.gal\/?p=1770"},"modified":"2019-11-11T20:14:44","modified_gmt":"2019-11-11T19:14:44","slug":"a-cig-ensino-recorrera-as-instrucions-internas-da-direccion-xeral-que-prohiben-que-o-profesorado-interino-ocupe-cargos-directivos-2","status":"publish","type":"post","link":"https:\/\/www.anovapeneira.gal\/index.php\/2019\/11\/14\/a-cig-ensino-recorrera-as-instrucions-internas-da-direccion-xeral-que-prohiben-que-o-profesorado-interino-ocupe-cargos-directivos-2\/","title":{"rendered":"A CIG-Ensino recorrer\u00e1 as instruci\u00f3ns internas da Direcci\u00f3n Xeral que prohiben que o profesorado interino ocupe cargos directivos"},"content":{"rendered":"\n<h2 class=\"wp-block-heading\"> <strong>A normativa outorga preferencia ao profesorado definitivo do centro ao tratarse de cargos durante catro anos mais a Consellar\u00eda discrimina o profesorado interino cando non existe profesorado definitivo que queira aceptar os nomeamentos<\/strong><\/h2>\n\n\n\n<p>\nA\nConsellar\u00eda de Educaci\u00f3n desautoriza o nomeamento de dous docentes\ninterinos da EASD Mestre Mateo de Santiago de Compostela que levan\nanos ocupando os cargos malia que ning\u00fan dos docentes definitivos do\ncentro est\u00e1n interesados en ocupar ning\u00fan cargo directivo do\ncentro, chegando a asinar conxuntamente un escrito no que as\u00ed o\nafirman e apoian a total conformidade para que sexan dous profesores\ninterinos os que exerzan o labor de vicedirectora e secretario. \n<\/p>\n\n\n\n<p>\nA\nnegativa da Consellar\u00eda non se sustenta nin no que recolle o artigo\n131 da LOE, que s\u00f3 fai referencia a que os membros do equipo\ndirectivo deben ser nomeados de entre os docentes do centro nin no\nDecreto que regula o regulamento das Escolas de Artes, id\u00e9ntico\nneste aspecto a todos os ROC dos diferentes centros, que limita o\nacceso a estes cargos ao profesorado definitivo. A argumentaci\u00f3n da\nDirecci\u00f3n Xeral parte dunhas instruci\u00f3ns internas que non pasaron\npor ningunha mesa de negociaci\u00f3n e que non poden ter car\u00e1cter\nnormativo. Nelas indicar\u00edase que en certos\ncasos\npoder\u00e1n\nser nomeados por un curso escolar os docentes funcionarios de\ncarreira con destino provisional mais en ning\u00fan caso o persoal\ninterino. \n<\/p>\n\n\n\n<p>\nParece\nobvio que, tendo en conta que os mandatos ordinarios durante catro\nanos dos cargos directivos, te\u00f1en que recaer preferentemente en\nprofesorado con destino definitivo nel, mais tam\u00e9n est\u00e1 claro que\nse poden producir outras\nsituaci\u00f3ns: que non haxa funcionariado definitivo suficiente no\ncentro ou que ningunha destas persoas amose dispo\u00f1ibilidade para\nexercer eses cargos. No caso de que exista outro persoal que queira\nexercelo, ben sexa en expectativa ou interino, debe autorizarse o seu\nnomeamento. \n<\/p>\n\n\n\n<p>\nO\nque fai a Consellar\u00eda \u00e9, desde o punto de vista da CIG-Ensino, unha\nirregularidade por dous motivos: en primeiro lugar pola formas,\nporque unha instruci\u00f3n interna non pode mais que aclarar o que unha\nnorma legal regula mais nunca restrinxir ning\u00fan dereito nin ir m\u00e1is\nal\u00e1 do que a propia orde indica. En segundo lugar polo fondo: toda\nvez que se abre a\nposibilidade\nao profesorado que non ten destino definitivo, o que \u00e9 totalmente\nl\u00f3xico, non pode arbitrarse ningunha diferenza entre este pola s\u00faa\nrelaci\u00f3n laboral e, por tanto, o nomeamento, que ter\u00e1 que ser por\nun curso escolar, debe ser aberto tanto a docentes en expectativa\ncomo a persoal interino. \n<\/p>\n\n\n\n<p>\nA\nCIG-Ensino vai recorrer a decisi\u00f3n da Consellar\u00eda e solicitar\u00e1 que\nse negocie na Mesa Sectorial a normativa para o nomeamento de cargos\ndirectivos.<\/p>\n\n\n\n<p>\n<strong>A\nabsoluta arbitrariedade da Consellar\u00eda nos nomeamentos de cargos\ndirectivos.<\/strong><\/p>\n\n\n\n<p>\nO\ndesprop\u00f3sito na toma de decisi\u00f3ns da Consellar\u00eda no referente a\nnomeamentos de cargos directivos vese agravado pola arbitrariedade\ncoa que se conduce nos diferentes centros. As\u00ed, no Conservatorio de\nDanza de Lugo v\u00e9n de nomear este curso como directora a unha docente\ncon destino definitivo noutra comunidade aut\u00f3noma, mediante unha\ncomisi\u00f3n de servizos que non foi previamente comunicada \u00e1 Xunta de\nPersoal, existindo no centro tanto unha docente definitiva como\npersoal interino. \u00c9 un nomeamento totalmente discrecional e que non\nresponde a ning\u00fan criterio obxectivo nin norma que o ampare. \n<\/p>\n\n\n\n<p>\nAo\nmesmo tempo, hai outros centros nos que sen o menor problema hai\ncompa\u00f1eiras e compa\u00f1eiros interinos que est\u00e1n a desempe\u00f1ar con\nnormalidade cargos directivos e nos que as xefaturas territoriais e\nas inspecci\u00f3ns non po\u00f1en atrancos. Non podemos consentir que nun\nmesmo colectivo, o profesorado, se adopten decisi\u00f3ns contraditorias,\n\u00e1s veces por preferencia da administraci\u00f3n e outras por mala\nxesti\u00f3n e coordinaci\u00f3n interna. A Consellar\u00eda debe actuar conforme\n\u00e1 lei sempre e en todas as ocasi\u00f3ns, evitando un trato diferenciado\nentre os diferentes centros e o seu profesorado.<\/p>\n","protected":false},"excerpt":{"rendered":"<div class=\"mh-excerpt\"><p>A normativa outorga preferencia ao profesorado definitivo do centro ao tratarse de cargos durante catro anos mais <a class=\"mh-excerpt-more\" href=\"https:\/\/www.anovapeneira.gal\/index.php\/2019\/11\/14\/a-cig-ensino-recorrera-as-instrucions-internas-da-direccion-xeral-que-prohiben-que-o-profesorado-interino-ocupe-cargos-directivos-2\/\" title=\"A CIG-Ensino recorrer\u00e1 as instruci\u00f3ns internas da Direcci\u00f3n Xeral que prohiben que o profesorado interino ocupe cargos directivos\">[&#8230;]<\/a><\/p>\n<\/div>","protected":false},"author":3,"featured_media":632,"comment_status":"open","ping_status":"open","sticky":false,"template":"","format":"standard","meta":{"_exactmetrics_skip_tracking":false,"_exactmetrics_sitenote_active":false,"_exactmetrics_sitenote_note":"","_exactmetrics_sitenote_category":0,"footnotes":""},"categories":[263],"tags":[254,97],"class_list":{"0":"post-1770","1":"post","2":"type-post","3":"status-publish","4":"format-standard","5":"has-post-thumbnail","7":"category-novas","8":"tag-cig-ensino","9":"tag-educacion"},"yoast_head":"<!-- This site is optimized with the Yoast SEO plugin v27.4 - https:\/\/yoast.com\/product\/yoast-seo-wordpress\/ -->\n<title>A CIG-Ensino recorrer\u00e1 as instruci\u00f3ns internas da Direcci\u00f3n Xeral que prohiben que o profesorado interino ocupe cargos directivos -<\/title>\n<meta name=\"robots\" content=\"index, follow, max-snippet:-1, max-image-preview:large, max-video-preview:-1\" \/>\n<link rel=\"canonical\" href=\"https:\/\/www.anovapeneira.gal\/index.php\/2019\/11\/14\/a-cig-ensino-recorrera-as-instrucions-internas-da-direccion-xeral-que-prohiben-que-o-profesorado-interino-ocupe-cargos-directivos-2\/\" \/>\n<meta property=\"og:locale\" content=\"gl_ES\" \/>\n<meta property=\"og:type\" content=\"article\" \/>\n<meta property=\"og:title\" content=\"A CIG-Ensino recorrer\u00e1 as instruci\u00f3ns internas da Direcci\u00f3n Xeral que prohiben que o profesorado interino ocupe cargos directivos -\" \/>\n<meta property=\"og:description\" content=\"A normativa outorga preferencia ao profesorado definitivo do centro ao tratarse de cargos durante catro anos mais [...]\" \/>\n<meta property=\"og:url\" content=\"https:\/\/www.anovapeneira.gal\/index.php\/2019\/11\/14\/a-cig-ensino-recorrera-as-instrucions-internas-da-direccion-xeral-que-prohiben-que-o-profesorado-interino-ocupe-cargos-directivos-2\/\" \/>\n<meta property=\"article:publisher\" content=\"https:\/\/www.facebook.com\/anovapeneira\" \/>\n<meta property=\"article:published_time\" content=\"2019-11-14T11:00:06+00:00\" \/>\n<meta property=\"og:image\" content=\"https:\/\/www.anovapeneira.gal\/wp-content\/uploads\/2019\/07\/CIG_a_nova_peneira.png\" \/>\n\t<meta property=\"og:image:width\" content=\"720\" \/>\n\t<meta property=\"og:image:height\" content=\"473\" \/>\n\t<meta property=\"og:image:type\" content=\"image\/png\" \/>\n<meta name=\"author\" content=\"Redacci\u00f3n A Nova Peneira\" \/>\n<meta name=\"twitter:card\" content=\"summary_large_image\" \/>\n<meta name=\"twitter:creator\" content=\"@APeneira\" \/>\n<meta name=\"twitter:site\" content=\"@APeneira\" \/>\n<meta name=\"twitter:label1\" content=\"Escrito por\" \/>\n\t<meta name=\"twitter:data1\" content=\"Redacci\u00f3n A Nova Peneira\" \/>\n\t<meta name=\"twitter:label2\" content=\"Tempo de lectura\" \/>\n\t<meta name=\"twitter:data2\" content=\"3 minutos\" \/>\n<script type=\"application\/ld+json\" class=\"yoast-schema-graph\">{\"@context\":\"https:\\\/\\\/schema.org\",\"@graph\":[{\"@type\":\"Article\",\"@id\":\"https:\\\/\\\/www.anovapeneira.gal\\\/index.php\\\/2019\\\/11\\\/14\\\/a-cig-ensino-recorrera-as-instrucions-internas-da-direccion-xeral-que-prohiben-que-o-profesorado-interino-ocupe-cargos-directivos-2\\\/#article\",\"isPartOf\":{\"@id\":\"https:\\\/\\\/www.anovapeneira.gal\\\/index.php\\\/2019\\\/11\\\/14\\\/a-cig-ensino-recorrera-as-instrucions-internas-da-direccion-xeral-que-prohiben-que-o-profesorado-interino-ocupe-cargos-directivos-2\\\/\"},\"author\":{\"name\":\"Redacci\u00f3n A Nova Peneira\",\"@id\":\"https:\\\/\\\/www.anovapeneira.gal\\\/#\\\/schema\\\/person\\\/b93e3f8932e3f8da96334607eb6ac6aa\"},\"headline\":\"A CIG-Ensino recorrer\u00e1 as instruci\u00f3ns internas da Direcci\u00f3n Xeral que prohiben que o profesorado interino ocupe cargos directivos\",\"datePublished\":\"2019-11-14T11:00:06+00:00\",\"mainEntityOfPage\":{\"@id\":\"https:\\\/\\\/www.anovapeneira.gal\\\/index.php\\\/2019\\\/11\\\/14\\\/a-cig-ensino-recorrera-as-instrucions-internas-da-direccion-xeral-que-prohiben-que-o-profesorado-interino-ocupe-cargos-directivos-2\\\/\"},\"wordCount\":691,\"commentCount\":0,\"publisher\":{\"@id\":\"https:\\\/\\\/www.anovapeneira.gal\\\/#organization\"},\"image\":{\"@id\":\"https:\\\/\\\/www.anovapeneira.gal\\\/index.php\\\/2019\\\/11\\\/14\\\/a-cig-ensino-recorrera-as-instrucions-internas-da-direccion-xeral-que-prohiben-que-o-profesorado-interino-ocupe-cargos-directivos-2\\\/#primaryimage\"},\"thumbnailUrl\":\"https:\\\/\\\/www.anovapeneira.gal\\\/wp-content\\\/uploads\\\/2019\\\/07\\\/CIG_a_nova_peneira.png\",\"keywords\":[\"CIG-Ensino\",\"Educaci\u00f3n\"],\"articleSection\":[\"Novas\"],\"inLanguage\":\"gl-ES\",\"potentialAction\":[{\"@type\":\"CommentAction\",\"name\":\"Comment\",\"target\":[\"https:\\\/\\\/www.anovapeneira.gal\\\/index.php\\\/2019\\\/11\\\/14\\\/a-cig-ensino-recorrera-as-instrucions-internas-da-direccion-xeral-que-prohiben-que-o-profesorado-interino-ocupe-cargos-directivos-2\\\/#respond\"]}]},{\"@type\":\"WebPage\",\"@id\":\"https:\\\/\\\/www.anovapeneira.gal\\\/index.php\\\/2019\\\/11\\\/14\\\/a-cig-ensino-recorrera-as-instrucions-internas-da-direccion-xeral-que-prohiben-que-o-profesorado-interino-ocupe-cargos-directivos-2\\\/\",\"url\":\"https:\\\/\\\/www.anovapeneira.gal\\\/index.php\\\/2019\\\/11\\\/14\\\/a-cig-ensino-recorrera-as-instrucions-internas-da-direccion-xeral-que-prohiben-que-o-profesorado-interino-ocupe-cargos-directivos-2\\\/\",\"name\":\"A CIG-Ensino recorrer\u00e1 as instruci\u00f3ns internas da Direcci\u00f3n Xeral que prohiben que o profesorado interino ocupe cargos directivos -\",\"isPartOf\":{\"@id\":\"https:\\\/\\\/www.anovapeneira.gal\\\/#website\"},\"primaryImageOfPage\":{\"@id\":\"https:\\\/\\\/www.anovapeneira.gal\\\/index.php\\\/2019\\\/11\\\/14\\\/a-cig-ensino-recorrera-as-instrucions-internas-da-direccion-xeral-que-prohiben-que-o-profesorado-interino-ocupe-cargos-directivos-2\\\/#primaryimage\"},\"image\":{\"@id\":\"https:\\\/\\\/www.anovapeneira.gal\\\/index.php\\\/2019\\\/11\\\/14\\\/a-cig-ensino-recorrera-as-instrucions-internas-da-direccion-xeral-que-prohiben-que-o-profesorado-interino-ocupe-cargos-directivos-2\\\/#primaryimage\"},\"thumbnailUrl\":\"https:\\\/\\\/www.anovapeneira.gal\\\/wp-content\\\/uploads\\\/2019\\\/07\\\/CIG_a_nova_peneira.png\",\"datePublished\":\"2019-11-14T11:00:06+00:00\",\"breadcrumb\":{\"@id\":\"https:\\\/\\\/www.anovapeneira.gal\\\/index.php\\\/2019\\\/11\\\/14\\\/a-cig-ensino-recorrera-as-instrucions-internas-da-direccion-xeral-que-prohiben-que-o-profesorado-interino-ocupe-cargos-directivos-2\\\/#breadcrumb\"},\"inLanguage\":\"gl-ES\",\"potentialAction\":[{\"@type\":\"ReadAction\",\"target\":[\"https:\\\/\\\/www.anovapeneira.gal\\\/index.php\\\/2019\\\/11\\\/14\\\/a-cig-ensino-recorrera-as-instrucions-internas-da-direccion-xeral-que-prohiben-que-o-profesorado-interino-ocupe-cargos-directivos-2\\\/\"]}]},{\"@type\":\"ImageObject\",\"inLanguage\":\"gl-ES\",\"@id\":\"https:\\\/\\\/www.anovapeneira.gal\\\/index.php\\\/2019\\\/11\\\/14\\\/a-cig-ensino-recorrera-as-instrucions-internas-da-direccion-xeral-que-prohiben-que-o-profesorado-interino-ocupe-cargos-directivos-2\\\/#primaryimage\",\"url\":\"https:\\\/\\\/www.anovapeneira.gal\\\/wp-content\\\/uploads\\\/2019\\\/07\\\/CIG_a_nova_peneira.png\",\"contentUrl\":\"https:\\\/\\\/www.anovapeneira.gal\\\/wp-content\\\/uploads\\\/2019\\\/07\\\/CIG_a_nova_peneira.png\",\"width\":720,\"height\":473,\"caption\":\"Confederaci\u00f3n Intersindical Galega A Nova Peneira\"},{\"@type\":\"BreadcrumbList\",\"@id\":\"https:\\\/\\\/www.anovapeneira.gal\\\/index.php\\\/2019\\\/11\\\/14\\\/a-cig-ensino-recorrera-as-instrucions-internas-da-direccion-xeral-que-prohiben-que-o-profesorado-interino-ocupe-cargos-directivos-2\\\/#breadcrumb\",\"itemListElement\":[{\"@type\":\"ListItem\",\"position\":1,\"name\":\"Portada\",\"item\":\"https:\\\/\\\/www.anovapeneira.gal\\\/\"},{\"@type\":\"ListItem\",\"position\":2,\"name\":\"A CIG-Ensino recorrer\u00e1 as instruci\u00f3ns internas da Direcci\u00f3n Xeral que prohiben que o profesorado interino ocupe cargos directivos\"}]},{\"@type\":\"WebSite\",\"@id\":\"https:\\\/\\\/www.anovapeneira.gal\\\/#website\",\"url\":\"https:\\\/\\\/www.anovapeneira.gal\\\/\",\"name\":\"\",\"description\":\"Xornal galego de informaci\u00f3n xeral Publicaci\u00f3n mensual de novas de Galicia e en especial dos Concellos da sur da provincia de Pontevedra.\",\"publisher\":{\"@id\":\"https:\\\/\\\/www.anovapeneira.gal\\\/#organization\"},\"potentialAction\":[{\"@type\":\"SearchAction\",\"target\":{\"@type\":\"EntryPoint\",\"urlTemplate\":\"https:\\\/\\\/www.anovapeneira.gal\\\/?s={search_term_string}\"},\"query-input\":{\"@type\":\"PropertyValueSpecification\",\"valueRequired\":true,\"valueName\":\"search_term_string\"}}],\"inLanguage\":\"gl-ES\"},{\"@type\":\"Organization\",\"@id\":\"https:\\\/\\\/www.anovapeneira.gal\\\/#organization\",\"name\":\"A Nova Peneira\",\"url\":\"https:\\\/\\\/www.anovapeneira.gal\\\/\",\"logo\":{\"@type\":\"ImageObject\",\"inLanguage\":\"gl-ES\",\"@id\":\"https:\\\/\\\/www.anovapeneira.gal\\\/#\\\/schema\\\/logo\\\/image\\\/\",\"url\":\"http:\\\/\\\/www.anovapeneira.gal\\\/wp-content\\\/uploads\\\/2019\\\/06\\\/logo_a_nova_peneira_portal_web.png\",\"contentUrl\":\"http:\\\/\\\/www.anovapeneira.gal\\\/wp-content\\\/uploads\\\/2019\\\/06\\\/logo_a_nova_peneira_portal_web.png\",\"width\":300,\"height\":100,\"caption\":\"A Nova Peneira\"},\"image\":{\"@id\":\"https:\\\/\\\/www.anovapeneira.gal\\\/#\\\/schema\\\/logo\\\/image\\\/\"},\"sameAs\":[\"https:\\\/\\\/www.facebook.com\\\/anovapeneira\",\"https:\\\/\\\/x.com\\\/APeneira\"]},{\"@type\":\"Person\",\"@id\":\"https:\\\/\\\/www.anovapeneira.gal\\\/#\\\/schema\\\/person\\\/b93e3f8932e3f8da96334607eb6ac6aa\",\"name\":\"Redacci\u00f3n A Nova Peneira\",\"image\":{\"@type\":\"ImageObject\",\"inLanguage\":\"gl-ES\",\"@id\":\"https:\\\/\\\/secure.gravatar.com\\\/avatar\\\/c052a2551a06e23fac63626232eaa90abd78dbcf1700fc46a2b2c89fd27b735f?s=96&d=mm&r=g\",\"url\":\"https:\\\/\\\/secure.gravatar.com\\\/avatar\\\/c052a2551a06e23fac63626232eaa90abd78dbcf1700fc46a2b2c89fd27b735f?s=96&d=mm&r=g\",\"contentUrl\":\"https:\\\/\\\/secure.gravatar.com\\\/avatar\\\/c052a2551a06e23fac63626232eaa90abd78dbcf1700fc46a2b2c89fd27b735f?s=96&d=mm&r=g\",\"caption\":\"Redacci\u00f3n A Nova Peneira\"},\"sameAs\":[\"http:\\\/\\\/www.anovapeneira.gal\\\/\"],\"url\":\"https:\\\/\\\/www.anovapeneira.gal\\\/index.php\\\/author\\\/redactor\\\/\"}]}<\/script>\n<!-- \/ Yoast SEO plugin. -->","yoast_head_json":{"title":"A CIG-Ensino recorrer\u00e1 as instruci\u00f3ns internas da Direcci\u00f3n Xeral que prohiben que o profesorado interino ocupe cargos directivos -","robots":{"index":"index","follow":"follow","max-snippet":"max-snippet:-1","max-image-preview":"max-image-preview:large","max-video-preview":"max-video-preview:-1"},"canonical":"https:\/\/www.anovapeneira.gal\/index.php\/2019\/11\/14\/a-cig-ensino-recorrera-as-instrucions-internas-da-direccion-xeral-que-prohiben-que-o-profesorado-interino-ocupe-cargos-directivos-2\/","og_locale":"gl_ES","og_type":"article","og_title":"A CIG-Ensino recorrer\u00e1 as instruci\u00f3ns internas da Direcci\u00f3n Xeral que prohiben que o profesorado interino ocupe cargos directivos -","og_description":"A normativa outorga preferencia ao profesorado definitivo do centro ao tratarse de cargos durante catro anos mais [...]","og_url":"https:\/\/www.anovapeneira.gal\/index.php\/2019\/11\/14\/a-cig-ensino-recorrera-as-instrucions-internas-da-direccion-xeral-que-prohiben-que-o-profesorado-interino-ocupe-cargos-directivos-2\/","article_publisher":"https:\/\/www.facebook.com\/anovapeneira","article_published_time":"2019-11-14T11:00:06+00:00","og_image":[{"width":720,"height":473,"url":"https:\/\/www.anovapeneira.gal\/wp-content\/uploads\/2019\/07\/CIG_a_nova_peneira.png","type":"image\/png"}],"author":"Redacci\u00f3n A Nova Peneira","twitter_card":"summary_large_image","twitter_creator":"@APeneira","twitter_site":"@APeneira","twitter_misc":{"Escrito por":"Redacci\u00f3n A Nova Peneira","Tempo de lectura":"3 minutos"},"schema":{"@context":"https:\/\/schema.org","@graph":[{"@type":"Article","@id":"https:\/\/www.anovapeneira.gal\/index.php\/2019\/11\/14\/a-cig-ensino-recorrera-as-instrucions-internas-da-direccion-xeral-que-prohiben-que-o-profesorado-interino-ocupe-cargos-directivos-2\/#article","isPartOf":{"@id":"https:\/\/www.anovapeneira.gal\/index.php\/2019\/11\/14\/a-cig-ensino-recorrera-as-instrucions-internas-da-direccion-xeral-que-prohiben-que-o-profesorado-interino-ocupe-cargos-directivos-2\/"},"author":{"name":"Redacci\u00f3n A Nova Peneira","@id":"https:\/\/www.anovapeneira.gal\/#\/schema\/person\/b93e3f8932e3f8da96334607eb6ac6aa"},"headline":"A CIG-Ensino recorrer\u00e1 as instruci\u00f3ns internas da Direcci\u00f3n Xeral que prohiben que o profesorado interino ocupe cargos directivos","datePublished":"2019-11-14T11:00:06+00:00","mainEntityOfPage":{"@id":"https:\/\/www.anovapeneira.gal\/index.php\/2019\/11\/14\/a-cig-ensino-recorrera-as-instrucions-internas-da-direccion-xeral-que-prohiben-que-o-profesorado-interino-ocupe-cargos-directivos-2\/"},"wordCount":691,"commentCount":0,"publisher":{"@id":"https:\/\/www.anovapeneira.gal\/#organization"},"image":{"@id":"https:\/\/www.anovapeneira.gal\/index.php\/2019\/11\/14\/a-cig-ensino-recorrera-as-instrucions-internas-da-direccion-xeral-que-prohiben-que-o-profesorado-interino-ocupe-cargos-directivos-2\/#primaryimage"},"thumbnailUrl":"https:\/\/www.anovapeneira.gal\/wp-content\/uploads\/2019\/07\/CIG_a_nova_peneira.png","keywords":["CIG-Ensino","Educaci\u00f3n"],"articleSection":["Novas"],"inLanguage":"gl-ES","potentialAction":[{"@type":"CommentAction","name":"Comment","target":["https:\/\/www.anovapeneira.gal\/index.php\/2019\/11\/14\/a-cig-ensino-recorrera-as-instrucions-internas-da-direccion-xeral-que-prohiben-que-o-profesorado-interino-ocupe-cargos-directivos-2\/#respond"]}]},{"@type":"WebPage","@id":"https:\/\/www.anovapeneira.gal\/index.php\/2019\/11\/14\/a-cig-ensino-recorrera-as-instrucions-internas-da-direccion-xeral-que-prohiben-que-o-profesorado-interino-ocupe-cargos-directivos-2\/","url":"https:\/\/www.anovapeneira.gal\/index.php\/2019\/11\/14\/a-cig-ensino-recorrera-as-instrucions-internas-da-direccion-xeral-que-prohiben-que-o-profesorado-interino-ocupe-cargos-directivos-2\/","name":"A CIG-Ensino recorrer\u00e1 as instruci\u00f3ns internas da Direcci\u00f3n Xeral que prohiben que o profesorado interino ocupe cargos directivos -","isPartOf":{"@id":"https:\/\/www.anovapeneira.gal\/#website"},"primaryImageOfPage":{"@id":"https:\/\/www.anovapeneira.gal\/index.php\/2019\/11\/14\/a-cig-ensino-recorrera-as-instrucions-internas-da-direccion-xeral-que-prohiben-que-o-profesorado-interino-ocupe-cargos-directivos-2\/#primaryimage"},"image":{"@id":"https:\/\/www.anovapeneira.gal\/index.php\/2019\/11\/14\/a-cig-ensino-recorrera-as-instrucions-internas-da-direccion-xeral-que-prohiben-que-o-profesorado-interino-ocupe-cargos-directivos-2\/#primaryimage"},"thumbnailUrl":"https:\/\/www.anovapeneira.gal\/wp-content\/uploads\/2019\/07\/CIG_a_nova_peneira.png","datePublished":"2019-11-14T11:00:06+00:00","breadcrumb":{"@id":"https:\/\/www.anovapeneira.gal\/index.php\/2019\/11\/14\/a-cig-ensino-recorrera-as-instrucions-internas-da-direccion-xeral-que-prohiben-que-o-profesorado-interino-ocupe-cargos-directivos-2\/#breadcrumb"},"inLanguage":"gl-ES","potentialAction":[{"@type":"ReadAction","target":["https:\/\/www.anovapeneira.gal\/index.php\/2019\/11\/14\/a-cig-ensino-recorrera-as-instrucions-internas-da-direccion-xeral-que-prohiben-que-o-profesorado-interino-ocupe-cargos-directivos-2\/"]}]},{"@type":"ImageObject","inLanguage":"gl-ES","@id":"https:\/\/www.anovapeneira.gal\/index.php\/2019\/11\/14\/a-cig-ensino-recorrera-as-instrucions-internas-da-direccion-xeral-que-prohiben-que-o-profesorado-interino-ocupe-cargos-directivos-2\/#primaryimage","url":"https:\/\/www.anovapeneira.gal\/wp-content\/uploads\/2019\/07\/CIG_a_nova_peneira.png","contentUrl":"https:\/\/www.anovapeneira.gal\/wp-content\/uploads\/2019\/07\/CIG_a_nova_peneira.png","width":720,"height":473,"caption":"Confederaci\u00f3n Intersindical Galega A Nova Peneira"},{"@type":"BreadcrumbList","@id":"https:\/\/www.anovapeneira.gal\/index.php\/2019\/11\/14\/a-cig-ensino-recorrera-as-instrucions-internas-da-direccion-xeral-que-prohiben-que-o-profesorado-interino-ocupe-cargos-directivos-2\/#breadcrumb","itemListElement":[{"@type":"ListItem","position":1,"name":"Portada","item":"https:\/\/www.anovapeneira.gal\/"},{"@type":"ListItem","position":2,"name":"A CIG-Ensino recorrer\u00e1 as instruci\u00f3ns internas da Direcci\u00f3n Xeral que prohiben que o profesorado interino ocupe cargos directivos"}]},{"@type":"WebSite","@id":"https:\/\/www.anovapeneira.gal\/#website","url":"https:\/\/www.anovapeneira.gal\/","name":"","description":"Xornal galego de informaci\u00f3n xeral Publicaci\u00f3n mensual de novas de Galicia e en especial dos Concellos da sur da provincia de Pontevedra.","publisher":{"@id":"https:\/\/www.anovapeneira.gal\/#organization"},"potentialAction":[{"@type":"SearchAction","target":{"@type":"EntryPoint","urlTemplate":"https:\/\/www.anovapeneira.gal\/?s={search_term_string}"},"query-input":{"@type":"PropertyValueSpecification","valueRequired":true,"valueName":"search_term_string"}}],"inLanguage":"gl-ES"},{"@type":"Organization","@id":"https:\/\/www.anovapeneira.gal\/#organization","name":"A Nova Peneira","url":"https:\/\/www.anovapeneira.gal\/","logo":{"@type":"ImageObject","inLanguage":"gl-ES","@id":"https:\/\/www.anovapeneira.gal\/#\/schema\/logo\/image\/","url":"http:\/\/www.anovapeneira.gal\/wp-content\/uploads\/2019\/06\/logo_a_nova_peneira_portal_web.png","contentUrl":"http:\/\/www.anovapeneira.gal\/wp-content\/uploads\/2019\/06\/logo_a_nova_peneira_portal_web.png","width":300,"height":100,"caption":"A Nova Peneira"},"image":{"@id":"https:\/\/www.anovapeneira.gal\/#\/schema\/logo\/image\/"},"sameAs":["https:\/\/www.facebook.com\/anovapeneira","https:\/\/x.com\/APeneira"]},{"@type":"Person","@id":"https:\/\/www.anovapeneira.gal\/#\/schema\/person\/b93e3f8932e3f8da96334607eb6ac6aa","name":"Redacci\u00f3n A Nova Peneira","image":{"@type":"ImageObject","inLanguage":"gl-ES","@id":"https:\/\/secure.gravatar.com\/avatar\/c052a2551a06e23fac63626232eaa90abd78dbcf1700fc46a2b2c89fd27b735f?s=96&d=mm&r=g","url":"https:\/\/secure.gravatar.com\/avatar\/c052a2551a06e23fac63626232eaa90abd78dbcf1700fc46a2b2c89fd27b735f?s=96&d=mm&r=g","contentUrl":"https:\/\/secure.gravatar.com\/avatar\/c052a2551a06e23fac63626232eaa90abd78dbcf1700fc46a2b2c89fd27b735f?s=96&d=mm&r=g","caption":"Redacci\u00f3n A Nova Peneira"},"sameAs":["http:\/\/www.anovapeneira.gal\/"],"url":"https:\/\/www.anovapeneira.gal\/index.php\/author\/redactor\/"}]}},"jetpack_featured_media_url":"https:\/\/www.anovapeneira.gal\/wp-content\/uploads\/2019\/07\/CIG_a_nova_peneira.png","_links":{"self":[{"href":"https:\/\/www.anovapeneira.gal\/index.php\/wp-json\/wp\/v2\/posts\/1770","targetHints":{"allow":["GET"]}}],"collection":[{"href":"https:\/\/www.anovapeneira.gal\/index.php\/wp-json\/wp\/v2\/posts"}],"about":[{"href":"https:\/\/www.anovapeneira.gal\/index.php\/wp-json\/wp\/v2\/types\/post"}],"author":[{"embeddable":true,"href":"https:\/\/www.anovapeneira.gal\/index.php\/wp-json\/wp\/v2\/users\/3"}],"replies":[{"embeddable":true,"href":"https:\/\/www.anovapeneira.gal\/index.php\/wp-json\/wp\/v2\/comments?post=1770"}],"version-history":[{"count":1,"href":"https:\/\/www.anovapeneira.gal\/index.php\/wp-json\/wp\/v2\/posts\/1770\/revisions"}],"predecessor-version":[{"id":1771,"href":"https:\/\/www.anovapeneira.gal\/index.php\/wp-json\/wp\/v2\/posts\/1770\/revisions\/1771"}],"wp:featuredmedia":[{"embeddable":true,"href":"https:\/\/www.anovapeneira.gal\/index.php\/wp-json\/wp\/v2\/media\/632"}],"wp:attachment":[{"href":"https:\/\/www.anovapeneira.gal\/index.php\/wp-json\/wp\/v2\/media?parent=1770"}],"wp:term":[{"taxonomy":"category","embeddable":true,"href":"https:\/\/www.anovapeneira.gal\/index.php\/wp-json\/wp\/v2\/categories?post=1770"},{"taxonomy":"post_tag","embeddable":true,"href":"https:\/\/www.anovapeneira.gal\/index.php\/wp-json\/wp\/v2\/tags?post=1770"}],"curies":[{"name":"wp","href":"https:\/\/api.w.org\/{rel}","templated":true}]}}