{"id":1777,"date":"2019-11-14T10:00:26","date_gmt":"2019-11-14T09:00:26","guid":{"rendered":"http:\/\/www.anovapeneira.gal\/?p=1777"},"modified":"2019-11-17T07:49:56","modified_gmt":"2019-11-17T06:49:56","slug":"la-pelu-de-lara","status":"publish","type":"post","link":"https:\/\/www.anovapeneira.gal\/index.php\/2019\/11\/14\/la-pelu-de-lara\/","title":{"rendered":"La pelu de Lara"},"content":{"rendered":"\n<h2 class=\"wp-block-heading\"><strong>EFICIENCIA, CREATIVIDADE E SIMPAT\u00cdA A TONELADAS EN PLENO CORAZ\u00d3N DE CHAPELA<\/strong><\/h2>\n\n\n\n<h3 class=\"wp-block-heading\"><strong>Nalg\u00fan\nsitio, do que non quero lembrarme, lin que as mellores historias na\nvida das persoas son as que xorden de maneira espont\u00e1nea, as que non\nplanificas, se cadra porque nacen como resultado das emoci\u00f3ns e, xa\nque logo,  ch\u00e1ntanse con maior firmeza no m\u00e1is profundo da alma de\ncada un. As\u00ed me pasou a min con esta reportaxe coa mi\u00f1a peluqueira,\nnon ti\u00f1a intenci\u00f3n de facela, pero un d\u00eda, mentres me cortaba o\npouco pelo que me queda, estaba a pasalo tan ben conversando con\nLara, que pensei que ser\u00eda unha boa idea prolongar a conversa e\nentrevistala. Si quero lembrarme de que era a escritora Carmen Mart\u00edn\nGaite a que dixo que non hai experiencia m\u00e1is agradable que a\nconversa, cando quen fala sinte a necesidade de falar, e quen escoita\nten ga\u00f1as de escoitar, e iso, exactamente iso, \u00e9 o que me pasa a\nmin cada vez que vou cortar o pelo con Lara. Aconsello \u00e1s lectoras e\nlectores que non a co\u00f1ezan que proben a co\u00f1ecela, te\u00f1o a certeza\nde que lles vai pasar o mesmo que a min me pasa.<\/strong><\/h3>\n\n\n\n<p><strong>Eu\nera cliente da peluquer\u00eda Enredos e de s\u00fapeto  pasei a selo da\n\u201cpelu de Lara\u201d, por que?<\/strong><\/p>\n\n\n\n<blockquote class=\"wp-block-quote is-layout-flow wp-block-quote-is-layout-flow\"><p>Pois porque eu desde o principio nunca estiven moi convencida do nome<\/p><\/blockquote>\n\n\n\n<p><strong>A\nque te refires cando dis \u201cdesde o principio\u201d?<\/strong><\/p>\n\n\n\n<blockquote class=\"wp-block-quote is-layout-flow wp-block-quote-is-layout-flow\"><p>Aos catro anos que levo eu co negocio<\/p><\/blockquote>\n\n\n\n<p><strong>Pero\nesta peluquer\u00eda ten moitos m\u00e1is anos de vida, verdade?<\/strong><\/p>\n\n\n\n<blockquote class=\"wp-block-quote is-layout-flow wp-block-quote-is-layout-flow\"><p>Si, en total ten 48 anos<\/p><\/blockquote>\n\n\n\n<p><strong>Caramba\nos mesmos ca min, 48 anos ininterrompidos??<\/strong><\/p>\n\n\n\n<blockquote class=\"wp-block-quote is-layout-flow wp-block-quote-is-layout-flow\"><p>Si, ela xubilouse un s\u00e1bado e eu abr\u00edn a porta..<\/p><\/blockquote>\n\n\n\n<p><strong>Non\nme digas m\u00e1is, o domingo?<\/strong><\/p>\n\n\n\n<blockquote class=\"wp-block-quote is-layout-flow wp-block-quote-is-layout-flow\"><p>Ha, ha ha ha , non pero, case, ela xubilouse o s\u00e1bado e eu abr\u00edn o luns<\/p><\/blockquote>\n\n\n\n<p><strong>Ti\nlevas catro anos como propietaria deste negocio, pero ENREDOS non foi\no teu primeiro affaire, verdade?<\/strong><\/p>\n\n\n\n<blockquote class=\"wp-block-quote is-layout-flow wp-block-quote-is-layout-flow\"><p>Ha ha ha ha ha, vouche corrixir, xa sei que es de broma pero o termo que utilizas non \u00e9 apropiado, ENREDOS non foi un \u201caffaire\u201d foi un asunto moi serio, pero efectivamente non foi o primeiro, xa ti\u00f1a experiencia no sector pois traballei nunha pelu de Teis como empregada.<\/p><\/blockquote>\n\n\n\n<p><strong>ENREDOS\nxa era o nome orixinal do negocio ou pux\u00e9chesllo ti?<\/strong><\/p>\n\n\n\n<blockquote class=\"wp-block-quote is-layout-flow wp-block-quote-is-layout-flow\"><p>O nome p\u00faxenllo eu, ben, mellor dito foi un consenso familiar dos meus sobri\u00f1os, pois antes ti\u00f1a o nome da s\u00faa anterior propietaria<\/p><\/blockquote>\n\n\n\n<p><strong>E\no nome ten algunha relaci\u00f3n sem\u00e1ntica coa t\u00faa personalidade?<\/strong><\/p>\n\n\n\n<blockquote class=\"wp-block-quote is-layout-flow wp-block-quote-is-layout-flow\"><p>Ha , ha ha ha, si algo si, confeso si<\/p><\/blockquote>\n\n\n\n<p><strong>Ah\nsi, pois non me pareces dese perfil..<\/strong><\/p>\n\n\n\n<blockquote class=\"wp-block-quote is-layout-flow wp-block-quote-is-layout-flow\"><p>Ha, ha ha, tampouco nos co\u00f1ecemos tanto. Eu son moi traballadora e responsable, pero no momento da festa e da troula cando hai que \u201cenredar \u00e1 xente\u201d, non hai quen me pare<\/p><\/blockquote>\n\n\n\n<p><strong>Os\ncambios sempre soen ser traum\u00e1ticos, non che deu algo de medo mudar\no nome do negocio a \u201cLa pelu de Lara\u201d?<\/strong><\/p>\n\n\n\n<blockquote class=\"wp-block-quote is-layout-flow wp-block-quote-is-layout-flow\"><p>Non, porque o nome de Enredos non o utilizaba ningu\u00e9n, todo o mundo dic\u00eda que \u00eda \u00e1 pelu de Lara,e mira ti m\u00e1is f\u00e1cil imposible<\/p><\/blockquote>\n\n\n\n<p><strong>Levas\nm\u00e1is dun ano co nome novo, val\u00f3rao?<\/strong><\/p>\n\n\n\n<blockquote class=\"wp-block-quote is-layout-flow wp-block-quote-is-layout-flow\"><p>Pois foi estupendo, asemade asum\u00edn novos proxectos o que \u00e9 un reto importante para min<\/p><\/blockquote>\n\n\n\n<p><strong>Que\nproxectos?<\/strong><\/p>\n\n\n\n<blockquote class=\"wp-block-quote is-layout-flow wp-block-quote-is-layout-flow\"><p>Asocieime cunha maquilladora, de San Miguel de Oia, Silvia<\/p><\/blockquote>\n\n\n\n<p><strong>Vaia,\nfuches buscar lonxe \u00e1 socia?<\/strong><\/p>\n\n\n\n<blockquote class=\"wp-block-quote is-layout-flow wp-block-quote-is-layout-flow\"><p>Ha, ha ha \u00e9 que comecei como clienta, e a verdade \u00e9 que conxeniamos xenial e decidimos facer eventos xuntas; vodas, bautizos, e todo tipo de celebraci\u00f3ns<\/p><\/blockquote>\n\n\n\n<p><strong>E\ncomo vos organizades?<\/strong><\/p>\n\n\n\n<blockquote class=\"wp-block-quote is-layout-flow wp-block-quote-is-layout-flow\"><p>Se son clientas mi\u00f1as ven ela ata Chapela, e se son s\u00faas vou eu ata San Miguel, e \u00e1s veces traballamos f\u00f3ra, especialmente cando se trata de temas de vodas que imos ata o lugar da celebraci\u00f3n<\/p><\/blockquote>\n\n\n\n<p><strong>Vaia,\ntemos unha novidade importante?<\/strong><\/p>\n\n\n\n<blockquote class=\"wp-block-quote is-layout-flow wp-block-quote-is-layout-flow\"><p>Si, moi importante e que me ilusiona moito, desde a primeira voda que fixemos xuntas en febreiro deste ano a verdade \u00e9 que non paramos<\/p><\/blockquote>\n\n\n\n<p><strong>Traballades\nc\u00f3modas xuntas?<\/strong><\/p>\n\n\n\n<blockquote class=\"wp-block-quote is-layout-flow wp-block-quote-is-layout-flow\"><p>Comod\u00edsimas Tino, a verdade \u00e9 que eu s\u00edntome de marabilla con ela<\/p><\/blockquote>\n\n\n\n<p><strong>A\nvaloraci\u00f3n global do ano Lara?<\/strong><\/p>\n\n\n\n<blockquote class=\"wp-block-quote is-layout-flow wp-block-quote-is-layout-flow\"><p>Moi boa, para min o 2.019 no que ao aspecto profesional se refire, foi un ano de cumprir todas as mi\u00f1as expectativas<\/p><\/blockquote>\n\n\n\n<p><strong>Vexo\nque despois de  case 20 anos fozando no pelo da xente, segue a\nilusionarche o teu traballo verdade Lara?<\/strong><\/p>\n\n\n\n<blockquote class=\"wp-block-quote is-layout-flow wp-block-quote-is-layout-flow\"><p>Moito, ilusi\u00f3name dunha maneira superlativa<\/p><\/blockquote>\n\n\n\n<p><strong>Segues\npensando que o mellor da t\u00faa profesi\u00f3n \u00e9 traballar coa xente e o\npeor traballar coa xente?<\/strong><\/p>\n\n\n\n<blockquote class=\"wp-block-quote is-layout-flow wp-block-quote-is-layout-flow\"><p>Vaia memoria que tes , iso dix\u00e9racho o ano pasado, e si, sego a pensar o mesmo, pero afortunadamente  no meu caso, no caso das mi\u00f1as clientas e clientes o mellor ga\u00f1a por abafadora maior\u00eda ao peor<\/p><\/blockquote>\n\n\n\n<p><strong>Hai\nalg\u00fan tema que sexa complicado de tratar con perfiles determinados\nde clientes?<\/strong><\/p>\n\n\n\n<blockquote class=\"wp-block-quote is-layout-flow wp-block-quote-is-layout-flow\"><p>A pol\u00edtica, e a relixi\u00f3n<\/p><\/blockquote>\n\n\n\n<p><strong>E\nsigamos coa memoria, segues tendo a ilusi\u00f3n de cambiar de local?<\/strong><\/p>\n\n\n\n<blockquote class=\"wp-block-quote is-layout-flow wp-block-quote-is-layout-flow\"><p>Si, claro que si, e alg\u00fan d\u00eda fareino, te\u00f1o por costume pelexar por converter os meus sonos en realidades e neste caso non vai ser diferente. Quero un local moito  m\u00e1is grande con m\u00e1is e mellor luz natural  e onde poida ampliar os servizos de est\u00e9tica, poder contratar a algu\u00e9n que se dedique s\u00f3 a homes e moitos m\u00e1is sonos m\u00e1is que alg\u00fan d\u00eda ser\u00e1n realidades<\/p><\/blockquote>\n\n\n\n<p><strong>Acabamos\nLara veste de perruqueira toda a vida?<\/strong><\/p>\n\n\n\n<blockquote class=\"wp-block-quote is-layout-flow wp-block-quote-is-layout-flow\"><p>Si, igual fago algunha outra cousi\u00f1a para complementar pero deixar a mi\u00f1a profesi\u00f3n por completo ,non, de ningunha maneira<\/p><\/blockquote>\n\n\n\n<p><strong>Agora\nsi que rematamos Lara, podes aproveitar as nosas p\u00e1xinas para dicir\no que queiras \u00e1s t\u00faas clientas e clientes?<\/strong><\/p>\n\n\n\n<blockquote class=\"wp-block-quote is-layout-flow wp-block-quote-is-layout-flow\"><p>Eu valoro moito a lealdade nos seres humanos, \u00e9 unha calidade que admiro e respecto profundamente, e te\u00f1o que dicir que estou inmensamente agradecida, pero cunha inmensidade superior ao m\u00e1is inmenso dos oc\u00e9anos, \u00e1 gran cantidade de clientas e clientes leais que me honran coa s\u00faa compa\u00f1\u00eda, para min m\u00e1is que as mi\u00f1as clientas, son xa as mi\u00f1as amigas e amigos, e desde logo, a mi\u00f1a casa, LA PELU DE LARA, \u00e9 tam\u00e9n a s\u00faa, agardo ser capaz de facer que vos sintades as\u00ed despois de compartir un rato comigo.<\/p><\/blockquote>\n","protected":false},"excerpt":{"rendered":"<div class=\"mh-excerpt\"><p>Nalg\u00fan sitio, do que non quero lembrarme, lin que as mellores historias na vida das persoas son as que xorden de maneira espont\u00e1nea <a class=\"mh-excerpt-more\" href=\"https:\/\/www.anovapeneira.gal\/index.php\/2019\/11\/14\/la-pelu-de-lara\/\" title=\"La pelu de Lara\">[&#8230;]<\/a><\/p>\n<\/div>","protected":false},"author":3,"featured_media":1783,"comment_status":"open","ping_status":"open","sticky":false,"template":"","format":"standard","meta":{"_exactmetrics_skip_tracking":false,"_exactmetrics_sitenote_active":false,"_exactmetrics_sitenote_note":"","_exactmetrics_sitenote_category":0,"footnotes":""},"categories":[495],"tags":[54,171,780],"class_list":{"0":"post-1777","1":"post","2":"type-post","3":"status-publish","4":"format-standard","5":"has-post-thumbnail","7":"category-redondela-reportaxes","8":"tag-chapela","9":"tag-concello-de-redondela","10":"tag-la-pelu-de-lara"},"yoast_head":"<!-- This site is optimized with the Yoast SEO plugin v27.4 - https:\/\/yoast.com\/product\/yoast-seo-wordpress\/ -->\n<title>La pelu de Lara -<\/title>\n<meta name=\"robots\" content=\"index, follow, max-snippet:-1, max-image-preview:large, max-video-preview:-1\" \/>\n<link rel=\"canonical\" href=\"https:\/\/www.anovapeneira.gal\/index.php\/2019\/11\/14\/la-pelu-de-lara\/\" \/>\n<meta property=\"og:locale\" content=\"gl_ES\" \/>\n<meta property=\"og:type\" content=\"article\" \/>\n<meta property=\"og:title\" content=\"La pelu de Lara -\" \/>\n<meta property=\"og:description\" content=\"Nalg\u00fan sitio, do que non quero lembrarme, lin que as mellores historias na vida das persoas son as que xorden de maneira espont\u00e1nea [...]\" \/>\n<meta property=\"og:url\" content=\"https:\/\/www.anovapeneira.gal\/index.php\/2019\/11\/14\/la-pelu-de-lara\/\" \/>\n<meta property=\"article:publisher\" content=\"https:\/\/www.facebook.com\/anovapeneira\" \/>\n<meta property=\"article:published_time\" content=\"2019-11-14T09:00:26+00:00\" \/>\n<meta property=\"article:modified_time\" content=\"2019-11-17T06:49:56+00:00\" \/>\n<meta property=\"og:image\" content=\"https:\/\/www.anovapeneira.gal\/wp-content\/uploads\/2019\/11\/pelu_de_lara_a_nova_peneira.jpg\" \/>\n\t<meta property=\"og:image:width\" content=\"720\" \/>\n\t<meta property=\"og:image:height\" content=\"432\" \/>\n\t<meta property=\"og:image:type\" content=\"image\/jpeg\" \/>\n<meta name=\"author\" content=\"Redacci\u00f3n A Nova Peneira\" \/>\n<meta name=\"twitter:card\" content=\"summary_large_image\" \/>\n<meta name=\"twitter:creator\" content=\"@APeneira\" \/>\n<meta name=\"twitter:site\" content=\"@APeneira\" \/>\n<meta name=\"twitter:label1\" content=\"Escrito por\" \/>\n\t<meta name=\"twitter:data1\" content=\"Redacci\u00f3n A Nova Peneira\" \/>\n\t<meta name=\"twitter:label2\" content=\"Tempo de lectura\" \/>\n\t<meta name=\"twitter:data2\" content=\"5 minutos\" \/>\n<script type=\"application\/ld+json\" class=\"yoast-schema-graph\">{\"@context\":\"https:\\\/\\\/schema.org\",\"@graph\":[{\"@type\":\"Article\",\"@id\":\"https:\\\/\\\/www.anovapeneira.gal\\\/index.php\\\/2019\\\/11\\\/14\\\/la-pelu-de-lara\\\/#article\",\"isPartOf\":{\"@id\":\"https:\\\/\\\/www.anovapeneira.gal\\\/index.php\\\/2019\\\/11\\\/14\\\/la-pelu-de-lara\\\/\"},\"author\":{\"name\":\"Redacci\u00f3n A Nova Peneira\",\"@id\":\"https:\\\/\\\/www.anovapeneira.gal\\\/#\\\/schema\\\/person\\\/b93e3f8932e3f8da96334607eb6ac6aa\"},\"headline\":\"La pelu de Lara\",\"datePublished\":\"2019-11-14T09:00:26+00:00\",\"dateModified\":\"2019-11-17T06:49:56+00:00\",\"mainEntityOfPage\":{\"@id\":\"https:\\\/\\\/www.anovapeneira.gal\\\/index.php\\\/2019\\\/11\\\/14\\\/la-pelu-de-lara\\\/\"},\"wordCount\":1080,\"commentCount\":0,\"publisher\":{\"@id\":\"https:\\\/\\\/www.anovapeneira.gal\\\/#organization\"},\"image\":{\"@id\":\"https:\\\/\\\/www.anovapeneira.gal\\\/index.php\\\/2019\\\/11\\\/14\\\/la-pelu-de-lara\\\/#primaryimage\"},\"thumbnailUrl\":\"https:\\\/\\\/www.anovapeneira.gal\\\/wp-content\\\/uploads\\\/2019\\\/11\\\/pelu_de_lara_a_nova_peneira.jpg\",\"keywords\":[\"Chapela\",\"Concello de Redondela\",\"La pelu de Lara\"],\"articleSection\":[\"Redondela\"],\"inLanguage\":\"gl-ES\",\"potentialAction\":[{\"@type\":\"CommentAction\",\"name\":\"Comment\",\"target\":[\"https:\\\/\\\/www.anovapeneira.gal\\\/index.php\\\/2019\\\/11\\\/14\\\/la-pelu-de-lara\\\/#respond\"]}]},{\"@type\":\"WebPage\",\"@id\":\"https:\\\/\\\/www.anovapeneira.gal\\\/index.php\\\/2019\\\/11\\\/14\\\/la-pelu-de-lara\\\/\",\"url\":\"https:\\\/\\\/www.anovapeneira.gal\\\/index.php\\\/2019\\\/11\\\/14\\\/la-pelu-de-lara\\\/\",\"name\":\"La pelu de Lara -\",\"isPartOf\":{\"@id\":\"https:\\\/\\\/www.anovapeneira.gal\\\/#website\"},\"primaryImageOfPage\":{\"@id\":\"https:\\\/\\\/www.anovapeneira.gal\\\/index.php\\\/2019\\\/11\\\/14\\\/la-pelu-de-lara\\\/#primaryimage\"},\"image\":{\"@id\":\"https:\\\/\\\/www.anovapeneira.gal\\\/index.php\\\/2019\\\/11\\\/14\\\/la-pelu-de-lara\\\/#primaryimage\"},\"thumbnailUrl\":\"https:\\\/\\\/www.anovapeneira.gal\\\/wp-content\\\/uploads\\\/2019\\\/11\\\/pelu_de_lara_a_nova_peneira.jpg\",\"datePublished\":\"2019-11-14T09:00:26+00:00\",\"dateModified\":\"2019-11-17T06:49:56+00:00\",\"breadcrumb\":{\"@id\":\"https:\\\/\\\/www.anovapeneira.gal\\\/index.php\\\/2019\\\/11\\\/14\\\/la-pelu-de-lara\\\/#breadcrumb\"},\"inLanguage\":\"gl-ES\",\"potentialAction\":[{\"@type\":\"ReadAction\",\"target\":[\"https:\\\/\\\/www.anovapeneira.gal\\\/index.php\\\/2019\\\/11\\\/14\\\/la-pelu-de-lara\\\/\"]}]},{\"@type\":\"ImageObject\",\"inLanguage\":\"gl-ES\",\"@id\":\"https:\\\/\\\/www.anovapeneira.gal\\\/index.php\\\/2019\\\/11\\\/14\\\/la-pelu-de-lara\\\/#primaryimage\",\"url\":\"https:\\\/\\\/www.anovapeneira.gal\\\/wp-content\\\/uploads\\\/2019\\\/11\\\/pelu_de_lara_a_nova_peneira.jpg\",\"contentUrl\":\"https:\\\/\\\/www.anovapeneira.gal\\\/wp-content\\\/uploads\\\/2019\\\/11\\\/pelu_de_lara_a_nova_peneira.jpg\",\"width\":720,\"height\":432,\"caption\":\"La pelu de Lara A Nova Peneira\"},{\"@type\":\"BreadcrumbList\",\"@id\":\"https:\\\/\\\/www.anovapeneira.gal\\\/index.php\\\/2019\\\/11\\\/14\\\/la-pelu-de-lara\\\/#breadcrumb\",\"itemListElement\":[{\"@type\":\"ListItem\",\"position\":1,\"name\":\"Portada\",\"item\":\"https:\\\/\\\/www.anovapeneira.gal\\\/\"},{\"@type\":\"ListItem\",\"position\":2,\"name\":\"La pelu de Lara\"}]},{\"@type\":\"WebSite\",\"@id\":\"https:\\\/\\\/www.anovapeneira.gal\\\/#website\",\"url\":\"https:\\\/\\\/www.anovapeneira.gal\\\/\",\"name\":\"\",\"description\":\"Xornal galego de informaci\u00f3n xeral Publicaci\u00f3n mensual de novas de Galicia e en especial dos Concellos da sur da provincia de Pontevedra.\",\"publisher\":{\"@id\":\"https:\\\/\\\/www.anovapeneira.gal\\\/#organization\"},\"potentialAction\":[{\"@type\":\"SearchAction\",\"target\":{\"@type\":\"EntryPoint\",\"urlTemplate\":\"https:\\\/\\\/www.anovapeneira.gal\\\/?s={search_term_string}\"},\"query-input\":{\"@type\":\"PropertyValueSpecification\",\"valueRequired\":true,\"valueName\":\"search_term_string\"}}],\"inLanguage\":\"gl-ES\"},{\"@type\":\"Organization\",\"@id\":\"https:\\\/\\\/www.anovapeneira.gal\\\/#organization\",\"name\":\"A Nova Peneira\",\"url\":\"https:\\\/\\\/www.anovapeneira.gal\\\/\",\"logo\":{\"@type\":\"ImageObject\",\"inLanguage\":\"gl-ES\",\"@id\":\"https:\\\/\\\/www.anovapeneira.gal\\\/#\\\/schema\\\/logo\\\/image\\\/\",\"url\":\"http:\\\/\\\/www.anovapeneira.gal\\\/wp-content\\\/uploads\\\/2019\\\/06\\\/logo_a_nova_peneira_portal_web.png\",\"contentUrl\":\"http:\\\/\\\/www.anovapeneira.gal\\\/wp-content\\\/uploads\\\/2019\\\/06\\\/logo_a_nova_peneira_portal_web.png\",\"width\":300,\"height\":100,\"caption\":\"A Nova Peneira\"},\"image\":{\"@id\":\"https:\\\/\\\/www.anovapeneira.gal\\\/#\\\/schema\\\/logo\\\/image\\\/\"},\"sameAs\":[\"https:\\\/\\\/www.facebook.com\\\/anovapeneira\",\"https:\\\/\\\/x.com\\\/APeneira\"]},{\"@type\":\"Person\",\"@id\":\"https:\\\/\\\/www.anovapeneira.gal\\\/#\\\/schema\\\/person\\\/b93e3f8932e3f8da96334607eb6ac6aa\",\"name\":\"Redacci\u00f3n A Nova Peneira\",\"image\":{\"@type\":\"ImageObject\",\"inLanguage\":\"gl-ES\",\"@id\":\"https:\\\/\\\/secure.gravatar.com\\\/avatar\\\/c052a2551a06e23fac63626232eaa90abd78dbcf1700fc46a2b2c89fd27b735f?s=96&d=mm&r=g\",\"url\":\"https:\\\/\\\/secure.gravatar.com\\\/avatar\\\/c052a2551a06e23fac63626232eaa90abd78dbcf1700fc46a2b2c89fd27b735f?s=96&d=mm&r=g\",\"contentUrl\":\"https:\\\/\\\/secure.gravatar.com\\\/avatar\\\/c052a2551a06e23fac63626232eaa90abd78dbcf1700fc46a2b2c89fd27b735f?s=96&d=mm&r=g\",\"caption\":\"Redacci\u00f3n A Nova Peneira\"},\"sameAs\":[\"http:\\\/\\\/www.anovapeneira.gal\\\/\"],\"url\":\"https:\\\/\\\/www.anovapeneira.gal\\\/index.php\\\/author\\\/redactor\\\/\"}]}<\/script>\n<!-- \/ Yoast SEO plugin. -->","yoast_head_json":{"title":"La pelu de Lara -","robots":{"index":"index","follow":"follow","max-snippet":"max-snippet:-1","max-image-preview":"max-image-preview:large","max-video-preview":"max-video-preview:-1"},"canonical":"https:\/\/www.anovapeneira.gal\/index.php\/2019\/11\/14\/la-pelu-de-lara\/","og_locale":"gl_ES","og_type":"article","og_title":"La pelu de Lara -","og_description":"Nalg\u00fan sitio, do que non quero lembrarme, lin que as mellores historias na vida das persoas son as que xorden de maneira espont\u00e1nea [...]","og_url":"https:\/\/www.anovapeneira.gal\/index.php\/2019\/11\/14\/la-pelu-de-lara\/","article_publisher":"https:\/\/www.facebook.com\/anovapeneira","article_published_time":"2019-11-14T09:00:26+00:00","article_modified_time":"2019-11-17T06:49:56+00:00","og_image":[{"width":720,"height":432,"url":"https:\/\/www.anovapeneira.gal\/wp-content\/uploads\/2019\/11\/pelu_de_lara_a_nova_peneira.jpg","type":"image\/jpeg"}],"author":"Redacci\u00f3n A Nova Peneira","twitter_card":"summary_large_image","twitter_creator":"@APeneira","twitter_site":"@APeneira","twitter_misc":{"Escrito por":"Redacci\u00f3n A Nova Peneira","Tempo de lectura":"5 minutos"},"schema":{"@context":"https:\/\/schema.org","@graph":[{"@type":"Article","@id":"https:\/\/www.anovapeneira.gal\/index.php\/2019\/11\/14\/la-pelu-de-lara\/#article","isPartOf":{"@id":"https:\/\/www.anovapeneira.gal\/index.php\/2019\/11\/14\/la-pelu-de-lara\/"},"author":{"name":"Redacci\u00f3n A Nova Peneira","@id":"https:\/\/www.anovapeneira.gal\/#\/schema\/person\/b93e3f8932e3f8da96334607eb6ac6aa"},"headline":"La pelu de Lara","datePublished":"2019-11-14T09:00:26+00:00","dateModified":"2019-11-17T06:49:56+00:00","mainEntityOfPage":{"@id":"https:\/\/www.anovapeneira.gal\/index.php\/2019\/11\/14\/la-pelu-de-lara\/"},"wordCount":1080,"commentCount":0,"publisher":{"@id":"https:\/\/www.anovapeneira.gal\/#organization"},"image":{"@id":"https:\/\/www.anovapeneira.gal\/index.php\/2019\/11\/14\/la-pelu-de-lara\/#primaryimage"},"thumbnailUrl":"https:\/\/www.anovapeneira.gal\/wp-content\/uploads\/2019\/11\/pelu_de_lara_a_nova_peneira.jpg","keywords":["Chapela","Concello de Redondela","La pelu de Lara"],"articleSection":["Redondela"],"inLanguage":"gl-ES","potentialAction":[{"@type":"CommentAction","name":"Comment","target":["https:\/\/www.anovapeneira.gal\/index.php\/2019\/11\/14\/la-pelu-de-lara\/#respond"]}]},{"@type":"WebPage","@id":"https:\/\/www.anovapeneira.gal\/index.php\/2019\/11\/14\/la-pelu-de-lara\/","url":"https:\/\/www.anovapeneira.gal\/index.php\/2019\/11\/14\/la-pelu-de-lara\/","name":"La pelu de Lara -","isPartOf":{"@id":"https:\/\/www.anovapeneira.gal\/#website"},"primaryImageOfPage":{"@id":"https:\/\/www.anovapeneira.gal\/index.php\/2019\/11\/14\/la-pelu-de-lara\/#primaryimage"},"image":{"@id":"https:\/\/www.anovapeneira.gal\/index.php\/2019\/11\/14\/la-pelu-de-lara\/#primaryimage"},"thumbnailUrl":"https:\/\/www.anovapeneira.gal\/wp-content\/uploads\/2019\/11\/pelu_de_lara_a_nova_peneira.jpg","datePublished":"2019-11-14T09:00:26+00:00","dateModified":"2019-11-17T06:49:56+00:00","breadcrumb":{"@id":"https:\/\/www.anovapeneira.gal\/index.php\/2019\/11\/14\/la-pelu-de-lara\/#breadcrumb"},"inLanguage":"gl-ES","potentialAction":[{"@type":"ReadAction","target":["https:\/\/www.anovapeneira.gal\/index.php\/2019\/11\/14\/la-pelu-de-lara\/"]}]},{"@type":"ImageObject","inLanguage":"gl-ES","@id":"https:\/\/www.anovapeneira.gal\/index.php\/2019\/11\/14\/la-pelu-de-lara\/#primaryimage","url":"https:\/\/www.anovapeneira.gal\/wp-content\/uploads\/2019\/11\/pelu_de_lara_a_nova_peneira.jpg","contentUrl":"https:\/\/www.anovapeneira.gal\/wp-content\/uploads\/2019\/11\/pelu_de_lara_a_nova_peneira.jpg","width":720,"height":432,"caption":"La pelu de Lara A Nova Peneira"},{"@type":"BreadcrumbList","@id":"https:\/\/www.anovapeneira.gal\/index.php\/2019\/11\/14\/la-pelu-de-lara\/#breadcrumb","itemListElement":[{"@type":"ListItem","position":1,"name":"Portada","item":"https:\/\/www.anovapeneira.gal\/"},{"@type":"ListItem","position":2,"name":"La pelu de Lara"}]},{"@type":"WebSite","@id":"https:\/\/www.anovapeneira.gal\/#website","url":"https:\/\/www.anovapeneira.gal\/","name":"","description":"Xornal galego de informaci\u00f3n xeral Publicaci\u00f3n mensual de novas de Galicia e en especial dos Concellos da sur da provincia de Pontevedra.","publisher":{"@id":"https:\/\/www.anovapeneira.gal\/#organization"},"potentialAction":[{"@type":"SearchAction","target":{"@type":"EntryPoint","urlTemplate":"https:\/\/www.anovapeneira.gal\/?s={search_term_string}"},"query-input":{"@type":"PropertyValueSpecification","valueRequired":true,"valueName":"search_term_string"}}],"inLanguage":"gl-ES"},{"@type":"Organization","@id":"https:\/\/www.anovapeneira.gal\/#organization","name":"A Nova Peneira","url":"https:\/\/www.anovapeneira.gal\/","logo":{"@type":"ImageObject","inLanguage":"gl-ES","@id":"https:\/\/www.anovapeneira.gal\/#\/schema\/logo\/image\/","url":"http:\/\/www.anovapeneira.gal\/wp-content\/uploads\/2019\/06\/logo_a_nova_peneira_portal_web.png","contentUrl":"http:\/\/www.anovapeneira.gal\/wp-content\/uploads\/2019\/06\/logo_a_nova_peneira_portal_web.png","width":300,"height":100,"caption":"A Nova Peneira"},"image":{"@id":"https:\/\/www.anovapeneira.gal\/#\/schema\/logo\/image\/"},"sameAs":["https:\/\/www.facebook.com\/anovapeneira","https:\/\/x.com\/APeneira"]},{"@type":"Person","@id":"https:\/\/www.anovapeneira.gal\/#\/schema\/person\/b93e3f8932e3f8da96334607eb6ac6aa","name":"Redacci\u00f3n A Nova Peneira","image":{"@type":"ImageObject","inLanguage":"gl-ES","@id":"https:\/\/secure.gravatar.com\/avatar\/c052a2551a06e23fac63626232eaa90abd78dbcf1700fc46a2b2c89fd27b735f?s=96&d=mm&r=g","url":"https:\/\/secure.gravatar.com\/avatar\/c052a2551a06e23fac63626232eaa90abd78dbcf1700fc46a2b2c89fd27b735f?s=96&d=mm&r=g","contentUrl":"https:\/\/secure.gravatar.com\/avatar\/c052a2551a06e23fac63626232eaa90abd78dbcf1700fc46a2b2c89fd27b735f?s=96&d=mm&r=g","caption":"Redacci\u00f3n A Nova Peneira"},"sameAs":["http:\/\/www.anovapeneira.gal\/"],"url":"https:\/\/www.anovapeneira.gal\/index.php\/author\/redactor\/"}]}},"jetpack_featured_media_url":"https:\/\/www.anovapeneira.gal\/wp-content\/uploads\/2019\/11\/pelu_de_lara_a_nova_peneira.jpg","_links":{"self":[{"href":"https:\/\/www.anovapeneira.gal\/index.php\/wp-json\/wp\/v2\/posts\/1777","targetHints":{"allow":["GET"]}}],"collection":[{"href":"https:\/\/www.anovapeneira.gal\/index.php\/wp-json\/wp\/v2\/posts"}],"about":[{"href":"https:\/\/www.anovapeneira.gal\/index.php\/wp-json\/wp\/v2\/types\/post"}],"author":[{"embeddable":true,"href":"https:\/\/www.anovapeneira.gal\/index.php\/wp-json\/wp\/v2\/users\/3"}],"replies":[{"embeddable":true,"href":"https:\/\/www.anovapeneira.gal\/index.php\/wp-json\/wp\/v2\/comments?post=1777"}],"version-history":[{"count":1,"href":"https:\/\/www.anovapeneira.gal\/index.php\/wp-json\/wp\/v2\/posts\/1777\/revisions"}],"predecessor-version":[{"id":1779,"href":"https:\/\/www.anovapeneira.gal\/index.php\/wp-json\/wp\/v2\/posts\/1777\/revisions\/1779"}],"wp:featuredmedia":[{"embeddable":true,"href":"https:\/\/www.anovapeneira.gal\/index.php\/wp-json\/wp\/v2\/media\/1783"}],"wp:attachment":[{"href":"https:\/\/www.anovapeneira.gal\/index.php\/wp-json\/wp\/v2\/media?parent=1777"}],"wp:term":[{"taxonomy":"category","embeddable":true,"href":"https:\/\/www.anovapeneira.gal\/index.php\/wp-json\/wp\/v2\/categories?post=1777"},{"taxonomy":"post_tag","embeddable":true,"href":"https:\/\/www.anovapeneira.gal\/index.php\/wp-json\/wp\/v2\/tags?post=1777"}],"curies":[{"name":"wp","href":"https:\/\/api.w.org\/{rel}","templated":true}]}}