{"id":1784,"date":"2019-11-18T10:00:31","date_gmt":"2019-11-18T09:00:31","guid":{"rendered":"http:\/\/www.anovapeneira.gal\/?p=1784"},"modified":"2020-01-21T08:54:04","modified_gmt":"2020-01-21T07:54:04","slug":"nestor-rego-defendera-no-congreso-a-igualdade-legal-e-real-das-linguas","status":"publish","type":"post","link":"https:\/\/www.anovapeneira.gal\/index.php\/2019\/11\/18\/nestor-rego-defendera-no-congreso-a-igualdade-legal-e-real-das-linguas\/","title":{"rendered":"N\u00e9stor Rego defender\u00e1 no Congreso a &#8220;igualdade legal e real das linguas&#8221;"},"content":{"rendered":"\n<h2 class=\"wp-block-heading\"><strong>O BNG anuncia que levar\u00e1 \u00e1s negociaci\u00f3ns previas e ao pleno as demandas do manifesto &#8220;Igualdade ling\u00fc\u00edstica&#8221;<\/strong><\/h2>\n\n\n\n<p><strong>A Coru\u00f1a, 15 de novembro de 2019<\/strong><\/p>\n\n\n\n<p>O\ndeputado electo do BNG, N\u00e9stor Rego, comprometeuse hoxe a defender a\nigualdade legal e real das linguas e anunciou que apoiar\u00e1, tanto nas\nxuntanzas previas como  no Congreso, os acordos do manifesto\n&#8220;Igualdade ling\u00fc\u00edstica&#8221;. Rego responde as\u00ed \u00e1 demanda da\nMesa pola Normalizaci\u00f3n Ling\u00fc\u00edstica de inclu\u00edr o reco\u00f1ecemento\npr\u00e1ctico e real da igualdade de dereitos e deberes das linguas\npropias en calquera acordo de goberno.   \n<\/p>\n\n\n\n<p>\nNunha\nvisita \u00e1 sede da Mesa pola Normalizaci\u00f3n Ling\u00fc\u00edstica, N\u00e9stor\nRego, anunciou que incluir\u00e1 a igualdade real e legal das linguas nas\npropostas que o BNG levar\u00e1 \u00e1s xuntanzas que se desenvolver\u00e1n para\nun pos\u00edbel apoio ao acordo de goberno as\u00ed como na s\u00faa acci\u00f3n\npol\u00edtica no Congreso dos Deputados.<\/p>\n\n\n\n<p>\n&#8220;O\nBNG defender\u00e1 a igualdade real das linguas, para a mellora da\ncalidade democr\u00e1tica do Estado. Concordamos coas propostas e\nreclamaremos un compromiso efectivo do Estado no proceso de\nnormalizaci\u00f3n ling\u00fc\u00edstica&#8221;, apuntou N\u00e9stor Rego despois da\nxuntanza co presidente da Mesa pola Normalizaci\u00f3n Ling\u00fc\u00edstica,\nMarcos Maceira.  \n<\/p>\n\n\n\n<p>\nAnunciou\no que ser\u00e1 deputado do BNG no pr\u00f3ximo pleno do Congreso que\ndefender\u00e1 tanto nas reuni\u00f3ns previas que se inician a semana\npr\u00f3xima como na propia c\u00e1mara &#8220;os acordos que recolle o\nmanifesto &#8220;Igualdade ling\u00fc\u00edstica&#8221; a favor da liberdade, a\npluralidade e a democracia para que todas as persoas te\u00f1an os mesmos\ndereitos e deberes e  deixen de existir os privilexios para quen\nutiliza o castel\u00e1n&#8221;. \n<\/p>\n\n\n\n<p>N\u00e9stor\nRego apuntou que &#8220;os cidad\u00e1ns e as cidad\u00e1s da Galiza te\u00f1en\nque ver reco\u00f1ecido o dereito de usar a nosa lingua que \u00e9 un dereito\nhumano esencial. Estamos a falar de democracia, de respectar a\npluralidade ling\u00fc\u00edstica que existe, a comezar pola igualdade legal\nporque hai que lembrar que a Constituci\u00f3n non sit\u00faa as linguas no\nmesmo nivel e ao castel\u00e1n reco\u00f1\u00e9celle o dereito de usar e a obriga\nde co\u00f1ecer a ao galego s\u00f3 o dereito para ser usado&#8221;. \n<\/p>\n\n\n\n<p>Apuntou\nas\u00ed que \u00e9 necesario que a administraci\u00f3n do Estado mude a s\u00faa\nposici\u00f3n a respecto das linguas distintas ao castel\u00e1n en moitos\n\u00e1mbitos e, entre outros, citou o uso na administracion perif\u00e9rica,\nque se tome en conta o perfil ling\u00fc\u00edstico \u00e1 hora de acceder \u00e1\nadministraci\u00f3n p\u00fablica dependente do Estado ou que os medios de\ncomunicaci\u00f3n p\u00fablicos &#8220;sexan conscientes de que se est\u00e1n nun\nestado pluriling\u00fce e, polo tanto, te\u00f1en a obriga de incluir nos\ncontidos tanto a cultura que se realiza en galego como en espa\u00f1ol,\ncatal\u00e1n ou euskera o que infelizmente non acontece&#8221;. \n<\/p>\n\n\n\n<p>\n&#8220;Prometemos\nen campa\u00f1a que a nosa ser\u00eda unha voz que se sentir\u00e1 pola garant\u00eda\ndos dereitos e contra a involuci\u00f3n democr\u00e1tica e, nese sentido, o\ndereito a usar a lingua propia \u00e9, para n\u00f3s, un indicador claro da\ncalidade da democracia en que vivimos e, polo tanto, compromet\u00e9monos\nagora a inclu\u00edlo na axenda pol\u00edtica do Congreso&#8221;, sinalou\nN\u00e9stor Rego. \n<\/p>\n\n\n\n<p>\nO\nmanifesto foi presentado no pasado mes de outubro en pola\nNormalizaci\u00f3n Ling\u00fc\u00edstica ademais doutras organizaci\u00f3ns de\ndefensa das linguas como Kontseilua (e\u00fascaro); Plataforma per la\nLlengua, CIEMEN, Omnium cultural e Acci\u00f3 Cultural del Pa\u00eds Valenci\u00e1\n(Catal\u00e1n); Iniciativa pol asturianu (Astrurias); e Nogara\n(aragon\u00e9s). O texto denuncia a situaci\u00f3n de desigualdade das\nlinguas diferentes do castel\u00e1n no Estado espa\u00f1ol e prop\u00f3n \u00e1s\ninstituci\u00f3ns e partidos pol\u00edticos medidas para garantir o\ncumprimento de documentos como a Carta europea das linguas rexionais\nou minorizadas, a Declaraci\u00f3n universal dos dereitos ling\u00fc\u00edsticos\nou o Protocolo para a garant\u00eda dos dereitos ling\u00fc\u00edsticos.<\/p>\n\n\n\n<p>As\nentidades asinantes promoven a iniciativa para garantir o dereito \u00e1\nutilizaci\u00f3n da lingua propia e eliminar &#8220;as discriminaci\u00f3ns\npor raz\u00f3n de lingua que a\u00ednda en 2019 contan con amparo legal no\nEstado espa\u00f1ol&#8221;. Sinalan tam\u00e9n que coa nova lexislatura nas\nCortes xerais &#8220;\u00e1brese unha nova posibilidade de avance\ndemocr\u00e1tico no \u00e1mbito dos dereitos ling\u00fc\u00edsticos&#8221; e piden o\ncompromiso das forzas pol\u00edticas democr\u00e1ticas que\nhoxe xa confirmou o BNG. \n<\/p>\n","protected":false},"excerpt":{"rendered":"<div class=\"mh-excerpt\"><p>O BNG anuncia que levar\u00e1 \u00e1s negociaci\u00f3ns previas e ao pleno as demandas do manifesto &#8220;Igualdade ling\u00fc\u00edstica&#8221; <a class=\"mh-excerpt-more\" href=\"https:\/\/www.anovapeneira.gal\/index.php\/2019\/11\/18\/nestor-rego-defendera-no-congreso-a-igualdade-legal-e-real-das-linguas\/\" title=\"N\u00e9stor Rego defender\u00e1 no Congreso a &#8220;igualdade legal e real das linguas&#8221;\">[&#8230;]<\/a><\/p>\n<\/div>","protected":false},"author":3,"featured_media":1785,"comment_status":"open","ping_status":"open","sticky":false,"template":"","format":"standard","meta":{"_exactmetrics_skip_tracking":false,"_exactmetrics_sitenote_active":false,"_exactmetrics_sitenote_note":"","_exactmetrics_sitenote_category":0,"footnotes":""},"categories":[263],"tags":[10,781,782,631],"class_list":{"0":"post-1784","1":"post","2":"type-post","3":"status-publish","4":"format-standard","5":"has-post-thumbnail","7":"category-novas","8":"tag-bng","9":"tag-congreso-dos-diputados","10":"tag-igualdade-linguistica","11":"tag-nestor-rego"},"yoast_head":"<!-- This site is optimized with the Yoast SEO plugin v27.4 - https:\/\/yoast.com\/product\/yoast-seo-wordpress\/ -->\n<title>N\u00e9stor Rego defender\u00e1 no Congreso a &quot;igualdade legal e real das linguas&quot; -<\/title>\n<meta name=\"robots\" content=\"index, follow, max-snippet:-1, max-image-preview:large, max-video-preview:-1\" \/>\n<link rel=\"canonical\" href=\"https:\/\/www.anovapeneira.gal\/index.php\/2019\/11\/18\/nestor-rego-defendera-no-congreso-a-igualdade-legal-e-real-das-linguas\/\" \/>\n<meta property=\"og:locale\" content=\"gl_ES\" \/>\n<meta property=\"og:type\" content=\"article\" \/>\n<meta property=\"og:title\" content=\"N\u00e9stor Rego defender\u00e1 no Congreso a &quot;igualdade legal e real das linguas&quot; -\" \/>\n<meta property=\"og:description\" content=\"O BNG anuncia que levar\u00e1 \u00e1s negociaci\u00f3ns previas e ao pleno as demandas do manifesto &quot;Igualdade ling\u00fc\u00edstica&quot; [...]\" \/>\n<meta property=\"og:url\" content=\"https:\/\/www.anovapeneira.gal\/index.php\/2019\/11\/18\/nestor-rego-defendera-no-congreso-a-igualdade-legal-e-real-das-linguas\/\" \/>\n<meta property=\"article:publisher\" content=\"https:\/\/www.facebook.com\/anovapeneira\" \/>\n<meta property=\"article:published_time\" content=\"2019-11-18T09:00:31+00:00\" \/>\n<meta property=\"article:modified_time\" content=\"2020-01-21T07:54:04+00:00\" \/>\n<meta property=\"og:image\" content=\"https:\/\/www.anovapeneira.gal\/wp-content\/uploads\/2019\/11\/Nestor_Rego_con_Marcos_Maceira_a_nova_peneira.jpg\" \/>\n\t<meta property=\"og:image:width\" content=\"720\" \/>\n\t<meta property=\"og:image:height\" content=\"432\" \/>\n\t<meta property=\"og:image:type\" content=\"image\/jpeg\" \/>\n<meta name=\"author\" content=\"Redacci\u00f3n A Nova Peneira\" \/>\n<meta name=\"twitter:card\" content=\"summary_large_image\" \/>\n<meta name=\"twitter:creator\" content=\"@APeneira\" \/>\n<meta name=\"twitter:site\" content=\"@APeneira\" \/>\n<meta name=\"twitter:label1\" content=\"Escrito por\" \/>\n\t<meta name=\"twitter:data1\" content=\"Redacci\u00f3n A Nova Peneira\" \/>\n\t<meta name=\"twitter:label2\" content=\"Tempo de lectura\" \/>\n\t<meta name=\"twitter:data2\" content=\"4 minutos\" \/>\n<script type=\"application\/ld+json\" class=\"yoast-schema-graph\">{\"@context\":\"https:\\\/\\\/schema.org\",\"@graph\":[{\"@type\":\"Article\",\"@id\":\"https:\\\/\\\/www.anovapeneira.gal\\\/index.php\\\/2019\\\/11\\\/18\\\/nestor-rego-defendera-no-congreso-a-igualdade-legal-e-real-das-linguas\\\/#article\",\"isPartOf\":{\"@id\":\"https:\\\/\\\/www.anovapeneira.gal\\\/index.php\\\/2019\\\/11\\\/18\\\/nestor-rego-defendera-no-congreso-a-igualdade-legal-e-real-das-linguas\\\/\"},\"author\":{\"name\":\"Redacci\u00f3n A Nova Peneira\",\"@id\":\"https:\\\/\\\/www.anovapeneira.gal\\\/#\\\/schema\\\/person\\\/b93e3f8932e3f8da96334607eb6ac6aa\"},\"headline\":\"N\u00e9stor Rego defender\u00e1 no Congreso a &#8220;igualdade legal e real das linguas&#8221;\",\"datePublished\":\"2019-11-18T09:00:31+00:00\",\"dateModified\":\"2020-01-21T07:54:04+00:00\",\"mainEntityOfPage\":{\"@id\":\"https:\\\/\\\/www.anovapeneira.gal\\\/index.php\\\/2019\\\/11\\\/18\\\/nestor-rego-defendera-no-congreso-a-igualdade-legal-e-real-das-linguas\\\/\"},\"wordCount\":751,\"commentCount\":0,\"publisher\":{\"@id\":\"https:\\\/\\\/www.anovapeneira.gal\\\/#organization\"},\"image\":{\"@id\":\"https:\\\/\\\/www.anovapeneira.gal\\\/index.php\\\/2019\\\/11\\\/18\\\/nestor-rego-defendera-no-congreso-a-igualdade-legal-e-real-das-linguas\\\/#primaryimage\"},\"thumbnailUrl\":\"https:\\\/\\\/www.anovapeneira.gal\\\/wp-content\\\/uploads\\\/2019\\\/11\\\/Nestor_Rego_con_Marcos_Maceira_a_nova_peneira.jpg\",\"keywords\":[\"BNG\",\"Congreso dos diputados\",\"Igualdade ling\u00fc\u00edstica\",\"N\u00e9stor Rego\"],\"articleSection\":[\"Novas\"],\"inLanguage\":\"gl-ES\",\"potentialAction\":[{\"@type\":\"CommentAction\",\"name\":\"Comment\",\"target\":[\"https:\\\/\\\/www.anovapeneira.gal\\\/index.php\\\/2019\\\/11\\\/18\\\/nestor-rego-defendera-no-congreso-a-igualdade-legal-e-real-das-linguas\\\/#respond\"]}]},{\"@type\":\"WebPage\",\"@id\":\"https:\\\/\\\/www.anovapeneira.gal\\\/index.php\\\/2019\\\/11\\\/18\\\/nestor-rego-defendera-no-congreso-a-igualdade-legal-e-real-das-linguas\\\/\",\"url\":\"https:\\\/\\\/www.anovapeneira.gal\\\/index.php\\\/2019\\\/11\\\/18\\\/nestor-rego-defendera-no-congreso-a-igualdade-legal-e-real-das-linguas\\\/\",\"name\":\"N\u00e9stor Rego defender\u00e1 no Congreso a \\\"igualdade legal e real das linguas\\\" -\",\"isPartOf\":{\"@id\":\"https:\\\/\\\/www.anovapeneira.gal\\\/#website\"},\"primaryImageOfPage\":{\"@id\":\"https:\\\/\\\/www.anovapeneira.gal\\\/index.php\\\/2019\\\/11\\\/18\\\/nestor-rego-defendera-no-congreso-a-igualdade-legal-e-real-das-linguas\\\/#primaryimage\"},\"image\":{\"@id\":\"https:\\\/\\\/www.anovapeneira.gal\\\/index.php\\\/2019\\\/11\\\/18\\\/nestor-rego-defendera-no-congreso-a-igualdade-legal-e-real-das-linguas\\\/#primaryimage\"},\"thumbnailUrl\":\"https:\\\/\\\/www.anovapeneira.gal\\\/wp-content\\\/uploads\\\/2019\\\/11\\\/Nestor_Rego_con_Marcos_Maceira_a_nova_peneira.jpg\",\"datePublished\":\"2019-11-18T09:00:31+00:00\",\"dateModified\":\"2020-01-21T07:54:04+00:00\",\"breadcrumb\":{\"@id\":\"https:\\\/\\\/www.anovapeneira.gal\\\/index.php\\\/2019\\\/11\\\/18\\\/nestor-rego-defendera-no-congreso-a-igualdade-legal-e-real-das-linguas\\\/#breadcrumb\"},\"inLanguage\":\"gl-ES\",\"potentialAction\":[{\"@type\":\"ReadAction\",\"target\":[\"https:\\\/\\\/www.anovapeneira.gal\\\/index.php\\\/2019\\\/11\\\/18\\\/nestor-rego-defendera-no-congreso-a-igualdade-legal-e-real-das-linguas\\\/\"]}]},{\"@type\":\"ImageObject\",\"inLanguage\":\"gl-ES\",\"@id\":\"https:\\\/\\\/www.anovapeneira.gal\\\/index.php\\\/2019\\\/11\\\/18\\\/nestor-rego-defendera-no-congreso-a-igualdade-legal-e-real-das-linguas\\\/#primaryimage\",\"url\":\"https:\\\/\\\/www.anovapeneira.gal\\\/wp-content\\\/uploads\\\/2019\\\/11\\\/Nestor_Rego_con_Marcos_Maceira_a_nova_peneira.jpg\",\"contentUrl\":\"https:\\\/\\\/www.anovapeneira.gal\\\/wp-content\\\/uploads\\\/2019\\\/11\\\/Nestor_Rego_con_Marcos_Maceira_a_nova_peneira.jpg\",\"width\":720,\"height\":432,\"caption\":\"N\u00e9stor Rego y Marcos Maceiras A Nova Peneira A Mesa Normalizaci\u00f3n ling\u00fc\u00edstica\"},{\"@type\":\"BreadcrumbList\",\"@id\":\"https:\\\/\\\/www.anovapeneira.gal\\\/index.php\\\/2019\\\/11\\\/18\\\/nestor-rego-defendera-no-congreso-a-igualdade-legal-e-real-das-linguas\\\/#breadcrumb\",\"itemListElement\":[{\"@type\":\"ListItem\",\"position\":1,\"name\":\"Portada\",\"item\":\"https:\\\/\\\/www.anovapeneira.gal\\\/\"},{\"@type\":\"ListItem\",\"position\":2,\"name\":\"N\u00e9stor Rego defender\u00e1 no Congreso a &#8220;igualdade legal e real das linguas&#8221;\"}]},{\"@type\":\"WebSite\",\"@id\":\"https:\\\/\\\/www.anovapeneira.gal\\\/#website\",\"url\":\"https:\\\/\\\/www.anovapeneira.gal\\\/\",\"name\":\"\",\"description\":\"Xornal galego de informaci\u00f3n xeral Publicaci\u00f3n mensual de novas de Galicia e en especial dos Concellos da sur da provincia de Pontevedra.\",\"publisher\":{\"@id\":\"https:\\\/\\\/www.anovapeneira.gal\\\/#organization\"},\"potentialAction\":[{\"@type\":\"SearchAction\",\"target\":{\"@type\":\"EntryPoint\",\"urlTemplate\":\"https:\\\/\\\/www.anovapeneira.gal\\\/?s={search_term_string}\"},\"query-input\":{\"@type\":\"PropertyValueSpecification\",\"valueRequired\":true,\"valueName\":\"search_term_string\"}}],\"inLanguage\":\"gl-ES\"},{\"@type\":\"Organization\",\"@id\":\"https:\\\/\\\/www.anovapeneira.gal\\\/#organization\",\"name\":\"A Nova Peneira\",\"url\":\"https:\\\/\\\/www.anovapeneira.gal\\\/\",\"logo\":{\"@type\":\"ImageObject\",\"inLanguage\":\"gl-ES\",\"@id\":\"https:\\\/\\\/www.anovapeneira.gal\\\/#\\\/schema\\\/logo\\\/image\\\/\",\"url\":\"http:\\\/\\\/www.anovapeneira.gal\\\/wp-content\\\/uploads\\\/2019\\\/06\\\/logo_a_nova_peneira_portal_web.png\",\"contentUrl\":\"http:\\\/\\\/www.anovapeneira.gal\\\/wp-content\\\/uploads\\\/2019\\\/06\\\/logo_a_nova_peneira_portal_web.png\",\"width\":300,\"height\":100,\"caption\":\"A Nova Peneira\"},\"image\":{\"@id\":\"https:\\\/\\\/www.anovapeneira.gal\\\/#\\\/schema\\\/logo\\\/image\\\/\"},\"sameAs\":[\"https:\\\/\\\/www.facebook.com\\\/anovapeneira\",\"https:\\\/\\\/x.com\\\/APeneira\"]},{\"@type\":\"Person\",\"@id\":\"https:\\\/\\\/www.anovapeneira.gal\\\/#\\\/schema\\\/person\\\/b93e3f8932e3f8da96334607eb6ac6aa\",\"name\":\"Redacci\u00f3n A Nova Peneira\",\"image\":{\"@type\":\"ImageObject\",\"inLanguage\":\"gl-ES\",\"@id\":\"https:\\\/\\\/secure.gravatar.com\\\/avatar\\\/c052a2551a06e23fac63626232eaa90abd78dbcf1700fc46a2b2c89fd27b735f?s=96&d=mm&r=g\",\"url\":\"https:\\\/\\\/secure.gravatar.com\\\/avatar\\\/c052a2551a06e23fac63626232eaa90abd78dbcf1700fc46a2b2c89fd27b735f?s=96&d=mm&r=g\",\"contentUrl\":\"https:\\\/\\\/secure.gravatar.com\\\/avatar\\\/c052a2551a06e23fac63626232eaa90abd78dbcf1700fc46a2b2c89fd27b735f?s=96&d=mm&r=g\",\"caption\":\"Redacci\u00f3n A Nova Peneira\"},\"sameAs\":[\"http:\\\/\\\/www.anovapeneira.gal\\\/\"],\"url\":\"https:\\\/\\\/www.anovapeneira.gal\\\/index.php\\\/author\\\/redactor\\\/\"}]}<\/script>\n<!-- \/ Yoast SEO plugin. -->","yoast_head_json":{"title":"N\u00e9stor Rego defender\u00e1 no Congreso a \"igualdade legal e real das linguas\" -","robots":{"index":"index","follow":"follow","max-snippet":"max-snippet:-1","max-image-preview":"max-image-preview:large","max-video-preview":"max-video-preview:-1"},"canonical":"https:\/\/www.anovapeneira.gal\/index.php\/2019\/11\/18\/nestor-rego-defendera-no-congreso-a-igualdade-legal-e-real-das-linguas\/","og_locale":"gl_ES","og_type":"article","og_title":"N\u00e9stor Rego defender\u00e1 no Congreso a \"igualdade legal e real das linguas\" -","og_description":"O BNG anuncia que levar\u00e1 \u00e1s negociaci\u00f3ns previas e ao pleno as demandas do manifesto \"Igualdade ling\u00fc\u00edstica\" [...]","og_url":"https:\/\/www.anovapeneira.gal\/index.php\/2019\/11\/18\/nestor-rego-defendera-no-congreso-a-igualdade-legal-e-real-das-linguas\/","article_publisher":"https:\/\/www.facebook.com\/anovapeneira","article_published_time":"2019-11-18T09:00:31+00:00","article_modified_time":"2020-01-21T07:54:04+00:00","og_image":[{"width":720,"height":432,"url":"https:\/\/www.anovapeneira.gal\/wp-content\/uploads\/2019\/11\/Nestor_Rego_con_Marcos_Maceira_a_nova_peneira.jpg","type":"image\/jpeg"}],"author":"Redacci\u00f3n A Nova Peneira","twitter_card":"summary_large_image","twitter_creator":"@APeneira","twitter_site":"@APeneira","twitter_misc":{"Escrito por":"Redacci\u00f3n A Nova Peneira","Tempo de lectura":"4 minutos"},"schema":{"@context":"https:\/\/schema.org","@graph":[{"@type":"Article","@id":"https:\/\/www.anovapeneira.gal\/index.php\/2019\/11\/18\/nestor-rego-defendera-no-congreso-a-igualdade-legal-e-real-das-linguas\/#article","isPartOf":{"@id":"https:\/\/www.anovapeneira.gal\/index.php\/2019\/11\/18\/nestor-rego-defendera-no-congreso-a-igualdade-legal-e-real-das-linguas\/"},"author":{"name":"Redacci\u00f3n A Nova Peneira","@id":"https:\/\/www.anovapeneira.gal\/#\/schema\/person\/b93e3f8932e3f8da96334607eb6ac6aa"},"headline":"N\u00e9stor Rego defender\u00e1 no Congreso a &#8220;igualdade legal e real das linguas&#8221;","datePublished":"2019-11-18T09:00:31+00:00","dateModified":"2020-01-21T07:54:04+00:00","mainEntityOfPage":{"@id":"https:\/\/www.anovapeneira.gal\/index.php\/2019\/11\/18\/nestor-rego-defendera-no-congreso-a-igualdade-legal-e-real-das-linguas\/"},"wordCount":751,"commentCount":0,"publisher":{"@id":"https:\/\/www.anovapeneira.gal\/#organization"},"image":{"@id":"https:\/\/www.anovapeneira.gal\/index.php\/2019\/11\/18\/nestor-rego-defendera-no-congreso-a-igualdade-legal-e-real-das-linguas\/#primaryimage"},"thumbnailUrl":"https:\/\/www.anovapeneira.gal\/wp-content\/uploads\/2019\/11\/Nestor_Rego_con_Marcos_Maceira_a_nova_peneira.jpg","keywords":["BNG","Congreso dos diputados","Igualdade ling\u00fc\u00edstica","N\u00e9stor Rego"],"articleSection":["Novas"],"inLanguage":"gl-ES","potentialAction":[{"@type":"CommentAction","name":"Comment","target":["https:\/\/www.anovapeneira.gal\/index.php\/2019\/11\/18\/nestor-rego-defendera-no-congreso-a-igualdade-legal-e-real-das-linguas\/#respond"]}]},{"@type":"WebPage","@id":"https:\/\/www.anovapeneira.gal\/index.php\/2019\/11\/18\/nestor-rego-defendera-no-congreso-a-igualdade-legal-e-real-das-linguas\/","url":"https:\/\/www.anovapeneira.gal\/index.php\/2019\/11\/18\/nestor-rego-defendera-no-congreso-a-igualdade-legal-e-real-das-linguas\/","name":"N\u00e9stor Rego defender\u00e1 no Congreso a \"igualdade legal e real das linguas\" -","isPartOf":{"@id":"https:\/\/www.anovapeneira.gal\/#website"},"primaryImageOfPage":{"@id":"https:\/\/www.anovapeneira.gal\/index.php\/2019\/11\/18\/nestor-rego-defendera-no-congreso-a-igualdade-legal-e-real-das-linguas\/#primaryimage"},"image":{"@id":"https:\/\/www.anovapeneira.gal\/index.php\/2019\/11\/18\/nestor-rego-defendera-no-congreso-a-igualdade-legal-e-real-das-linguas\/#primaryimage"},"thumbnailUrl":"https:\/\/www.anovapeneira.gal\/wp-content\/uploads\/2019\/11\/Nestor_Rego_con_Marcos_Maceira_a_nova_peneira.jpg","datePublished":"2019-11-18T09:00:31+00:00","dateModified":"2020-01-21T07:54:04+00:00","breadcrumb":{"@id":"https:\/\/www.anovapeneira.gal\/index.php\/2019\/11\/18\/nestor-rego-defendera-no-congreso-a-igualdade-legal-e-real-das-linguas\/#breadcrumb"},"inLanguage":"gl-ES","potentialAction":[{"@type":"ReadAction","target":["https:\/\/www.anovapeneira.gal\/index.php\/2019\/11\/18\/nestor-rego-defendera-no-congreso-a-igualdade-legal-e-real-das-linguas\/"]}]},{"@type":"ImageObject","inLanguage":"gl-ES","@id":"https:\/\/www.anovapeneira.gal\/index.php\/2019\/11\/18\/nestor-rego-defendera-no-congreso-a-igualdade-legal-e-real-das-linguas\/#primaryimage","url":"https:\/\/www.anovapeneira.gal\/wp-content\/uploads\/2019\/11\/Nestor_Rego_con_Marcos_Maceira_a_nova_peneira.jpg","contentUrl":"https:\/\/www.anovapeneira.gal\/wp-content\/uploads\/2019\/11\/Nestor_Rego_con_Marcos_Maceira_a_nova_peneira.jpg","width":720,"height":432,"caption":"N\u00e9stor Rego y Marcos Maceiras A Nova Peneira A Mesa Normalizaci\u00f3n ling\u00fc\u00edstica"},{"@type":"BreadcrumbList","@id":"https:\/\/www.anovapeneira.gal\/index.php\/2019\/11\/18\/nestor-rego-defendera-no-congreso-a-igualdade-legal-e-real-das-linguas\/#breadcrumb","itemListElement":[{"@type":"ListItem","position":1,"name":"Portada","item":"https:\/\/www.anovapeneira.gal\/"},{"@type":"ListItem","position":2,"name":"N\u00e9stor Rego defender\u00e1 no Congreso a &#8220;igualdade legal e real das linguas&#8221;"}]},{"@type":"WebSite","@id":"https:\/\/www.anovapeneira.gal\/#website","url":"https:\/\/www.anovapeneira.gal\/","name":"","description":"Xornal galego de informaci\u00f3n xeral Publicaci\u00f3n mensual de novas de Galicia e en especial dos Concellos da sur da provincia de Pontevedra.","publisher":{"@id":"https:\/\/www.anovapeneira.gal\/#organization"},"potentialAction":[{"@type":"SearchAction","target":{"@type":"EntryPoint","urlTemplate":"https:\/\/www.anovapeneira.gal\/?s={search_term_string}"},"query-input":{"@type":"PropertyValueSpecification","valueRequired":true,"valueName":"search_term_string"}}],"inLanguage":"gl-ES"},{"@type":"Organization","@id":"https:\/\/www.anovapeneira.gal\/#organization","name":"A Nova Peneira","url":"https:\/\/www.anovapeneira.gal\/","logo":{"@type":"ImageObject","inLanguage":"gl-ES","@id":"https:\/\/www.anovapeneira.gal\/#\/schema\/logo\/image\/","url":"http:\/\/www.anovapeneira.gal\/wp-content\/uploads\/2019\/06\/logo_a_nova_peneira_portal_web.png","contentUrl":"http:\/\/www.anovapeneira.gal\/wp-content\/uploads\/2019\/06\/logo_a_nova_peneira_portal_web.png","width":300,"height":100,"caption":"A Nova Peneira"},"image":{"@id":"https:\/\/www.anovapeneira.gal\/#\/schema\/logo\/image\/"},"sameAs":["https:\/\/www.facebook.com\/anovapeneira","https:\/\/x.com\/APeneira"]},{"@type":"Person","@id":"https:\/\/www.anovapeneira.gal\/#\/schema\/person\/b93e3f8932e3f8da96334607eb6ac6aa","name":"Redacci\u00f3n A Nova Peneira","image":{"@type":"ImageObject","inLanguage":"gl-ES","@id":"https:\/\/secure.gravatar.com\/avatar\/c052a2551a06e23fac63626232eaa90abd78dbcf1700fc46a2b2c89fd27b735f?s=96&d=mm&r=g","url":"https:\/\/secure.gravatar.com\/avatar\/c052a2551a06e23fac63626232eaa90abd78dbcf1700fc46a2b2c89fd27b735f?s=96&d=mm&r=g","contentUrl":"https:\/\/secure.gravatar.com\/avatar\/c052a2551a06e23fac63626232eaa90abd78dbcf1700fc46a2b2c89fd27b735f?s=96&d=mm&r=g","caption":"Redacci\u00f3n A Nova Peneira"},"sameAs":["http:\/\/www.anovapeneira.gal\/"],"url":"https:\/\/www.anovapeneira.gal\/index.php\/author\/redactor\/"}]}},"jetpack_featured_media_url":"https:\/\/www.anovapeneira.gal\/wp-content\/uploads\/2019\/11\/Nestor_Rego_con_Marcos_Maceira_a_nova_peneira.jpg","_links":{"self":[{"href":"https:\/\/www.anovapeneira.gal\/index.php\/wp-json\/wp\/v2\/posts\/1784","targetHints":{"allow":["GET"]}}],"collection":[{"href":"https:\/\/www.anovapeneira.gal\/index.php\/wp-json\/wp\/v2\/posts"}],"about":[{"href":"https:\/\/www.anovapeneira.gal\/index.php\/wp-json\/wp\/v2\/types\/post"}],"author":[{"embeddable":true,"href":"https:\/\/www.anovapeneira.gal\/index.php\/wp-json\/wp\/v2\/users\/3"}],"replies":[{"embeddable":true,"href":"https:\/\/www.anovapeneira.gal\/index.php\/wp-json\/wp\/v2\/comments?post=1784"}],"version-history":[{"count":1,"href":"https:\/\/www.anovapeneira.gal\/index.php\/wp-json\/wp\/v2\/posts\/1784\/revisions"}],"predecessor-version":[{"id":1786,"href":"https:\/\/www.anovapeneira.gal\/index.php\/wp-json\/wp\/v2\/posts\/1784\/revisions\/1786"}],"wp:featuredmedia":[{"embeddable":true,"href":"https:\/\/www.anovapeneira.gal\/index.php\/wp-json\/wp\/v2\/media\/1785"}],"wp:attachment":[{"href":"https:\/\/www.anovapeneira.gal\/index.php\/wp-json\/wp\/v2\/media?parent=1784"}],"wp:term":[{"taxonomy":"category","embeddable":true,"href":"https:\/\/www.anovapeneira.gal\/index.php\/wp-json\/wp\/v2\/categories?post=1784"},{"taxonomy":"post_tag","embeddable":true,"href":"https:\/\/www.anovapeneira.gal\/index.php\/wp-json\/wp\/v2\/tags?post=1784"}],"curies":[{"name":"wp","href":"https:\/\/api.w.org\/{rel}","templated":true}]}}