{"id":1799,"date":"2019-11-20T10:00:23","date_gmt":"2019-11-20T09:00:23","guid":{"rendered":"http:\/\/www.anovapeneira.gal\/?p=1799"},"modified":"2019-11-19T15:22:51","modified_gmt":"2019-11-19T14:22:51","slug":"moitos-dos-meus-companeiros-morren-sen-que-que-lles-diagnostiquen-silicose","status":"publish","type":"post","link":"https:\/\/www.anovapeneira.gal\/index.php\/2019\/11\/20\/moitos-dos-meus-companeiros-morren-sen-que-que-lles-diagnostiquen-silicose\/","title":{"rendered":"Moitos dos meus compa\u00f1eiros morren sen que que lles diagnostiquen silicose"},"content":{"rendered":"\n<p>Entrevista cun ex traballador do sector da pedra que padece o segundo grao desta enfermidade profesional.<\/p>\n\n\n\n<p>J.L.V. son as iniciais dun traballador galego que pasou varias d\u00e9cadas como empregado no sector dapedra, principalmente en canteiras do Porri\u00f1o, a\u00ednda que tam\u00e9n en Ourense e noutras zonas do Estado. Con 39 anos foille diagnosticada esta enfermidade profesional cr\u00f3nica que en moitas ocasi\u00f3ns provoca outras doenzas a\u00ednda m\u00e1is graves ou mesmo a morte. Falamos con el da s\u00faa dura experiencia e da loita que tivo que emprender para que lle reco\u00f1ecesen os seus dereitos. <\/p>\n\n\n\n<h4 class=\"wp-block-heading\">Como foron os seus inicios no mundo laboral?<\/h4>\n\n\n\n<blockquote class=\"wp-block-quote is-layout-flow wp-block-quote-is-layout-flow\"><p>Comecei a traballar con 20 anos na canteira Marcelino Mart\u00ednez do Porri\u00f1o. Daquela non ti\u00f1amos informaci\u00f3n de nada, a silicose era un tema tab\u00fa. Sab\u00edamos que estaba a\u00ed pero ningu\u00e9n falaba dela. A min abriume os ollos unha doutora de Asepeyo. Aconselloume que deixara o traballo porque con 39 anos detectoume a silicose. A mutua nunca ma reco\u00f1eceu, pero ela d\u00edxomo en privado, na s\u00faa consulta. Para que ma diagnosticasen tiven que ir a Oviedo, que \u00e9 onde est\u00e1 o centro de referencia da enfermidade. <\/p><\/blockquote>\n\n\n\n<h4 class=\"wp-block-heading\">Cando comezou a notar os efectos da enfermidade?<\/h4>\n\n\n\n<p>Traballei en distintas canteiras por todo o Estado, a \u00faltima delas en Ver\u00edn. Cando vi\u00f1a a casa as fins de semana non sa\u00eda de Urxencias porque se me inflamaban as v\u00edas respiratorias. Tam\u00e9n tiven que operarme do nariz. Ent\u00f3n un m\u00e9dico da Seguridade Social mandoume a Oviedo e foi cando me diagnosticaron silicose de primeiro grao. Penso que fun dos primeiros de toda a provincia en ser reco\u00f1ecido pola Seguridade Social. Como ademais padezo unha enfermidade coronaria d\u00e9ronme a incapacidade parcial, sen\u00f3n nada.<\/p>\n\n\n\n<h4 class=\"wp-block-heading\">Hab\u00eda m\u00e1is xente na s\u00faa situaci\u00f3n?<\/h4>\n\n\n\n<blockquote class=\"wp-block-quote is-layout-flow wp-block-quote-is-layout-flow\"><p>Si, e s\u00f3ubeno porque moitos compa\u00f1eiros vi\u00f1eron canda min a pedirme informaci\u00f3n para saber como fixera. Porque moitos deles con silicose de terceiro grao que antes cobraban 2000 euros quedaron con 400 euros de pensi\u00f3n. Falamos de xente que non pod\u00eda nin sa\u00edr a tomar un caf\u00e9, que non pod\u00eda respirar. Moitos eran contratados como falsos aut\u00f3nomos e cotizaban o m\u00ednimo, e cando se po\u00f1\u00edan enfermos bot\u00e1banos; logo cando lle daban a incapacidade non cobraban case nada. <\/p><\/blockquote>\n\n\n\n<h4 class=\"wp-block-heading\">De que xeito lle afectou a doenza?<\/h4>\n\n\n\n<blockquote class=\"wp-block-quote is-layout-flow wp-block-quote-is-layout-flow\"><p>O que m\u00e1is te afecta da enfermidade \u00e9 a nivel psicol\u00f3xico. Tiven que buscarme a vida noutras profesi\u00f3ns, sabendo o que ti\u00f1a, e comecei como teleoperador. Ao estr\u00e9s do traballo tes que sumarlle a presi\u00f3n psicol\u00f3xica de saber que padeces unha enfermidade cr\u00f3nica. Agora te\u00f1o diagnosticado segundo grao pero non me reco\u00f1ecen a incapacidade absoluta a pesar de que tam\u00e9n te\u00f1o un problema card\u00edaco. Cando ma diagnosticaron, con 39 anos, v\u00e9nseche o mundo enriba. Non serves para traballar no que sempre fixeches e non sabes facer outra cousa. Agora te\u00f1o que facer deporte continuamente. Supo\u00f1o que por iso non me queren reco\u00f1ecer a incapacidade, porque te\u00f1o boa capacidade pulmonar xa que todos estes anos fixen deporte e coideime. Tes que ir co pulm\u00f3n na man para que vexas que est\u00e1s fodido.<\/p><\/blockquote>\n\n\n\n<h4 class=\"wp-block-heading\">Cal foi a resposta das mutuas?<\/h4>\n\n\n\n<blockquote class=\"wp-block-quote is-layout-flow wp-block-quote-is-layout-flow\"><p>A pesar de que eu xa ti\u00f1a silicose e segu\u00eda a facer reco\u00f1ecementos m\u00e9dicos as mutuas nunca ma reco\u00f1eceron. Est\u00e1n a agardar que te\u00f1as o terceiro grao da enfermidade e que logo apodrezas. Traballas ata que vales, despois nada. Pasar un reco\u00f1ecemento m\u00e9dico e que non che detecten a enfermidade ti\u00f1a que ser delito. As mutuas ti\u00f1an que ser as que se encargasen de todo (diagn\u00f3stico, tratamento, seguimento do paciente, etc) xa que se trata dunha enfermidade profesional. A Xunta ten que obrigalas, porque todo o gasto ten que asumilo a Seguridade Social. Estamos a pagar entre todos\/as as consecuencias dunha enfermidade profesional mentres as mutuas seguen a enriquecerse<\/p><\/blockquote>\n\n\n\n<h4 class=\"wp-block-heading\">E a das empresas?<\/h4>\n\n\n\n<blockquote class=\"wp-block-quote is-layout-flow wp-block-quote-is-layout-flow\"><p>En xeral as empresas port\u00e1ronse bastante ben a pesar de que as tiven que denunciar para poder cobrar as indemnizaci\u00f3ns; s\u00f3 houbo unha que se negou a darme o certificado dos coeficientes redutores da idade de xubilaci\u00f3n polo tempo que traballei al\u00ed. En que situaci\u00f3n se atopa na actualidade?Agora estou prexubilado co 55% da pensi\u00f3n. Vou volver ao Oviedo coa CIG para ver se me reco\u00f1ecen o aumento da enfermidade. E en febreiro temos o xu\u00edzo porque tivemos que denunciar para que me reco\u00f1ezan a incapacidade absoluta. A d\u00eda de hoxe a\u00ednda me te\u00f1en declarado como apto para traballar.<\/p><\/blockquote>\n\n\n\n<h4 class=\"wp-block-heading\">Que foi o m\u00e1is duro en todos estes anos?<\/h4>\n\n\n\n<blockquote class=\"wp-block-quote is-layout-flow wp-block-quote-is-layout-flow\"><p>Sen d\u00fabida ver desaparecer aos compa\u00f1eiros que traballaron ao teu lado. Outros non morreron pero tiveron que ser transplantados, padeceron cancro e pulm\u00f3n, etc. Hai xente que con 40 anos xa ten silicose de terceiro grao. Moitos morren de cancro de pulm\u00f3n sen que lles te\u00f1an diagnosticado silicose. Hai moit\u00edsima xente con esta doenza. Eu mesmo te\u00f1o dous familiares directos que tam\u00e9n te\u00f1en silicose de segundo grao de traballar nas canteiras.<\/p><\/blockquote>\n\n\n\n<h4 class=\"wp-block-heading\">Atopou axuda durante o proceso?<\/h4>\n\n\n\n<blockquote class=\"wp-block-quote is-layout-flow wp-block-quote-is-layout-flow\"><p>Xa ti\u00f1a relaci\u00f3n co sindicato antes de padecer este problema, pero cando fun diagnosticado ped\u00edn asesoramento e estanme a axudar con todo. A Seguridade Social tam\u00e9n me axudou ao mandarme a Oviedo para que me reco\u00f1eceran a enfermidade. Cando eu me prexubilei hab\u00eda moitos compa\u00f1eirosperdidos, que non sab\u00edan o que facer e, como dixen, cham\u00e1banme para preguntarme como fixera eu.<\/p><\/blockquote>\n\n\n\n<h4 class=\"wp-block-heading\">Como \u00e9 a situaci\u00f3n nas canteiras hoxe en d\u00eda?<\/h4>\n\n\n\n<blockquote class=\"wp-block-quote is-layout-flow wp-block-quote-is-layout-flow\"><p>En poucos anos pasouse dun extremo ao outro: antes non ti\u00f1amos nin informaci\u00f3n nin medidas de protecci\u00f3n, pero na actualidade si que hai. Antes non ti\u00f1amos nin mascari\u00f1as, agora ademais regan con auga, polo que hai menos po. Hai menos pero a\u00ednda hai. Cando se traballaba con lanza t\u00e9rmica, por exemplo, era unha loucura, non se miraba nin o que ti\u00f1as diante, e as m\u00e1quinas andaban polo medio. Todo ese po \u00eda aos pulm\u00f3ns, e as\u00ed estamos moitos de n\u00f3s. <\/p><\/blockquote>\n\n\n\n<h4 class=\"wp-block-heading\">Que lle parecen iniciativas como as xornadas de sensibilizaci\u00f3n da CIG?<\/h4>\n\n\n\n<blockquote class=\"wp-block-quote is-layout-flow wp-block-quote-is-layout-flow\"><p>Par\u00e9cenme moi ben porque \u00e9 necesario concienciar os traballadores\/as do sector e a sociedade en xeral dos efectos desta enfermidade. Os traballadores\/as te\u00f1en que tomar medidas de protecci\u00f3n e reclamar os seus dereito no case de verse afectados\/as e a sociedade ten que saber que se trata dunhaenfermidade profesional da que as mutuas se desentenden e que pagamos entre todos\/as<\/p><\/blockquote>\n\n\n\n<h2 class=\"wp-block-heading\">ESTRATEXIA PERVERSA DA QUE PARTICIPAN AS MUTUAS<\/h2>\n\n\n\n<p>Dende a FCM-Vigo sinalan que s\u00f3 na provincia de Pontevedra hai diagnosticados m\u00e1is de 700 casos de silicose, a\u00ednda que en realidade poden ser moitos m\u00e1is xa que a enfermidade pode derivar en cancro de pulm\u00f3n ou noutras patolox\u00edas moi graves e aos afectados\/as nunca se lles chega a diagnosticar a silicose. A maior\u00eda dos doentes traballan ou traballaban en canteiras, talleres e serradoiros de pedra, marmorer\u00edas ou graveiras.<\/p>\n\n\n\n<p>Na actualidade existen tres graos da enfermidade: no 1\u00ba reco\u00f1\u00e9cese a incapacidade laboral con dereito a prestaci\u00f3n, pero sempre que na empresa non exista un posto libre de po. Este foi un dereitoque a CIG conseguiu en 2015 tras anos de reclamaci\u00f3ns, obrigando ao INSS a cambiar o criterio, xaque at\u00e9 ent\u00f3n vi\u00f1a negando este reco\u00f1ecemento, polo que os afectados\/as se v\u00edan obrigados\/as a longos procesos xudiciais.<\/p>\n\n\n\n<p>Con todo, a central segue a demandar que se conceda a incapacidade total con prestaci\u00f3n a quen padeza silicose de 1\u00ba grao, para que non se vise obrigado a traballar no sector, como sucede en caso do 2\u00ba grao da doenza. Finalmente, co 3\u00ba grao reco\u00f1\u00e9cese a incapacidade absoluta, polo que a persoa afectada pode deixar de traballar.<\/p>\n\n\n\n<p>Ao mesmo tempo, a CIG demanda que se dote o sur de Pontevedra dun centro de referencia sobre a silicose para todo o pa\u00eds, \u201cque ben poder\u00eda ubicarse nas instalaci\u00f3ns do ISGGA en Rande xa que est\u00e1 preparado para esa funci\u00f3n pero nestes momentos at\u00f3pase infrautilizado\u201d. Isto evitar\u00eda que o elevado n\u00famero de afectados\/as se vise na obriga de desprazarse, tal e como sucede agora, a Oviedo, onde se est\u00e1 o Instituto Nacional de Silicosis.<\/p>\n\n\n\n<p>Outra grave problema co que se atopan os doentes \u00e9 que as mutuas laborais nunca reco\u00f1ecen a enfermidade, polo que os afectados\/as te\u00f1en que acudir \u00e1 Seguridade Social ou o centro de referencia estatal. Neste senso, na CIG te\u00f1en constatado numerosos casos nos que os traballadores\/as son declarados\/as aptos para o traballo nos reco\u00f1ecementos m\u00e9dicos das empresas \u201ce tres d\u00edas despois lev\u00e1molos a Oviedo e son diagnosticados\/as da enfermidade\u201d.<\/p>\n\n\n\n<p>Polo que os doentes te\u00f1en que esgotar o recurso da Seguridade Social, que se fai cargo de todo o proceso e dos tratamento, \u201cpolo que ao final nos atopamos que unha enfermidade profesional que debera ser responsabilidade das mutuas t\u00e9mola que pagar con cartos p\u00fablicos\u201d.<\/p>\n\n\n\n<p>Segundo denuncian dende a CIG, por se isto fose pouco, algunhas mutuas participan tam\u00e9n dunha estratexia perversa para evitar responsabilizarse tanto elas como as empresas. \u201cSabemos de casos nos que a mutua, tras detectar a silicose comun\u00edcallo ao empresario, que \u00e1 s\u00faa vez fala con outro empresario do sector para que lle ofreza traballo en mellores condici\u00f3ns ao afectado; cando este cambia de empresa, e estando a\u00ednda no per\u00edodo de proba, \u00e9 sometido a un reco\u00f1ecemento m\u00e9dico tras o que lle comunican que padece a doenza, quedando deste xeito sen traballo e sen dereito a indemnizaci\u00f3n; da anterior empresa tampouco cobrara nada porque fora el quen pedira a conta para supostamente mellorar as s\u00faas condici\u00f3ns laborais\u201d<\/p>\n","protected":false},"excerpt":{"rendered":"<div class=\"mh-excerpt\"><p>Entrevista cun ex traballador do sector da pedra que padece o segundo grao desta enfermidade profesional <a class=\"mh-excerpt-more\" href=\"https:\/\/www.anovapeneira.gal\/index.php\/2019\/11\/20\/moitos-dos-meus-companeiros-morren-sen-que-que-lles-diagnostiquen-silicose\/\" title=\"Moitos dos meus compa\u00f1eiros morren sen que que lles diagnostiquen silicose\">[&#8230;]<\/a><\/p>\n<\/div>","protected":false},"author":3,"featured_media":1801,"comment_status":"open","ping_status":"open","sticky":false,"template":"","format":"standard","meta":{"_exactmetrics_skip_tracking":false,"_exactmetrics_sitenote_active":false,"_exactmetrics_sitenote_note":"","_exactmetrics_sitenote_category":0,"footnotes":""},"categories":[264],"tags":[798,797,425],"class_list":{"0":"post-1799","1":"post","2":"type-post","3":"status-publish","4":"format-standard","5":"has-post-thumbnail","7":"category-entrevistas-galicia","8":"tag-canteiras-do-porrino","9":"tag-silicose","10":"tag-traballo"},"yoast_head":"<!-- This site is optimized with the Yoast SEO plugin v27.4 - https:\/\/yoast.com\/product\/yoast-seo-wordpress\/ -->\n<title>Moitos dos meus compa\u00f1eiros morren sen que que lles diagnostiquen silicose -<\/title>\n<meta name=\"robots\" content=\"index, follow, max-snippet:-1, max-image-preview:large, max-video-preview:-1\" \/>\n<link rel=\"canonical\" href=\"https:\/\/www.anovapeneira.gal\/index.php\/2019\/11\/20\/moitos-dos-meus-companeiros-morren-sen-que-que-lles-diagnostiquen-silicose\/\" \/>\n<meta property=\"og:locale\" content=\"gl_ES\" \/>\n<meta property=\"og:type\" content=\"article\" \/>\n<meta property=\"og:title\" content=\"Moitos dos meus compa\u00f1eiros morren sen que que lles diagnostiquen silicose -\" \/>\n<meta property=\"og:description\" content=\"Entrevista cun ex traballador do sector da pedra que padece o segundo grao desta enfermidade profesional [...]\" \/>\n<meta property=\"og:url\" content=\"https:\/\/www.anovapeneira.gal\/index.php\/2019\/11\/20\/moitos-dos-meus-companeiros-morren-sen-que-que-lles-diagnostiquen-silicose\/\" \/>\n<meta property=\"article:publisher\" content=\"https:\/\/www.facebook.com\/anovapeneira\" \/>\n<meta property=\"article:published_time\" content=\"2019-11-20T09:00:23+00:00\" \/>\n<meta property=\"og:image\" content=\"https:\/\/www.anovapeneira.gal\/wp-content\/uploads\/2019\/11\/Foto_Entrevista_Silicose.jpg\" \/>\n\t<meta property=\"og:image:width\" content=\"720\" \/>\n\t<meta property=\"og:image:height\" content=\"432\" \/>\n\t<meta property=\"og:image:type\" content=\"image\/jpeg\" \/>\n<meta name=\"author\" content=\"Redacci\u00f3n A Nova Peneira\" \/>\n<meta name=\"twitter:card\" content=\"summary_large_image\" \/>\n<meta name=\"twitter:creator\" content=\"@APeneira\" \/>\n<meta name=\"twitter:site\" content=\"@APeneira\" \/>\n<meta name=\"twitter:label1\" content=\"Escrito por\" \/>\n\t<meta name=\"twitter:data1\" content=\"Redacci\u00f3n A Nova Peneira\" \/>\n\t<meta name=\"twitter:label2\" content=\"Tempo de lectura\" \/>\n\t<meta name=\"twitter:data2\" content=\"8 minutos\" \/>\n<script type=\"application\/ld+json\" class=\"yoast-schema-graph\">{\"@context\":\"https:\\\/\\\/schema.org\",\"@graph\":[{\"@type\":\"Article\",\"@id\":\"https:\\\/\\\/www.anovapeneira.gal\\\/index.php\\\/2019\\\/11\\\/20\\\/moitos-dos-meus-companeiros-morren-sen-que-que-lles-diagnostiquen-silicose\\\/#article\",\"isPartOf\":{\"@id\":\"https:\\\/\\\/www.anovapeneira.gal\\\/index.php\\\/2019\\\/11\\\/20\\\/moitos-dos-meus-companeiros-morren-sen-que-que-lles-diagnostiquen-silicose\\\/\"},\"author\":{\"name\":\"Redacci\u00f3n A Nova Peneira\",\"@id\":\"https:\\\/\\\/www.anovapeneira.gal\\\/#\\\/schema\\\/person\\\/b93e3f8932e3f8da96334607eb6ac6aa\"},\"headline\":\"Moitos dos meus compa\u00f1eiros morren sen que que lles diagnostiquen silicose\",\"datePublished\":\"2019-11-20T09:00:23+00:00\",\"mainEntityOfPage\":{\"@id\":\"https:\\\/\\\/www.anovapeneira.gal\\\/index.php\\\/2019\\\/11\\\/20\\\/moitos-dos-meus-companeiros-morren-sen-que-que-lles-diagnostiquen-silicose\\\/\"},\"wordCount\":1699,\"commentCount\":0,\"publisher\":{\"@id\":\"https:\\\/\\\/www.anovapeneira.gal\\\/#organization\"},\"image\":{\"@id\":\"https:\\\/\\\/www.anovapeneira.gal\\\/index.php\\\/2019\\\/11\\\/20\\\/moitos-dos-meus-companeiros-morren-sen-que-que-lles-diagnostiquen-silicose\\\/#primaryimage\"},\"thumbnailUrl\":\"https:\\\/\\\/www.anovapeneira.gal\\\/wp-content\\\/uploads\\\/2019\\\/11\\\/Foto_Entrevista_Silicose.jpg\",\"keywords\":[\"Canteiras do Porri\u00f1o\",\"Silicose\",\"Traballo\"],\"articleSection\":[\"Entrevistas\"],\"inLanguage\":\"gl-ES\",\"potentialAction\":[{\"@type\":\"CommentAction\",\"name\":\"Comment\",\"target\":[\"https:\\\/\\\/www.anovapeneira.gal\\\/index.php\\\/2019\\\/11\\\/20\\\/moitos-dos-meus-companeiros-morren-sen-que-que-lles-diagnostiquen-silicose\\\/#respond\"]}]},{\"@type\":\"WebPage\",\"@id\":\"https:\\\/\\\/www.anovapeneira.gal\\\/index.php\\\/2019\\\/11\\\/20\\\/moitos-dos-meus-companeiros-morren-sen-que-que-lles-diagnostiquen-silicose\\\/\",\"url\":\"https:\\\/\\\/www.anovapeneira.gal\\\/index.php\\\/2019\\\/11\\\/20\\\/moitos-dos-meus-companeiros-morren-sen-que-que-lles-diagnostiquen-silicose\\\/\",\"name\":\"Moitos dos meus compa\u00f1eiros morren sen que que lles diagnostiquen silicose -\",\"isPartOf\":{\"@id\":\"https:\\\/\\\/www.anovapeneira.gal\\\/#website\"},\"primaryImageOfPage\":{\"@id\":\"https:\\\/\\\/www.anovapeneira.gal\\\/index.php\\\/2019\\\/11\\\/20\\\/moitos-dos-meus-companeiros-morren-sen-que-que-lles-diagnostiquen-silicose\\\/#primaryimage\"},\"image\":{\"@id\":\"https:\\\/\\\/www.anovapeneira.gal\\\/index.php\\\/2019\\\/11\\\/20\\\/moitos-dos-meus-companeiros-morren-sen-que-que-lles-diagnostiquen-silicose\\\/#primaryimage\"},\"thumbnailUrl\":\"https:\\\/\\\/www.anovapeneira.gal\\\/wp-content\\\/uploads\\\/2019\\\/11\\\/Foto_Entrevista_Silicose.jpg\",\"datePublished\":\"2019-11-20T09:00:23+00:00\",\"breadcrumb\":{\"@id\":\"https:\\\/\\\/www.anovapeneira.gal\\\/index.php\\\/2019\\\/11\\\/20\\\/moitos-dos-meus-companeiros-morren-sen-que-que-lles-diagnostiquen-silicose\\\/#breadcrumb\"},\"inLanguage\":\"gl-ES\",\"potentialAction\":[{\"@type\":\"ReadAction\",\"target\":[\"https:\\\/\\\/www.anovapeneira.gal\\\/index.php\\\/2019\\\/11\\\/20\\\/moitos-dos-meus-companeiros-morren-sen-que-que-lles-diagnostiquen-silicose\\\/\"]}]},{\"@type\":\"ImageObject\",\"inLanguage\":\"gl-ES\",\"@id\":\"https:\\\/\\\/www.anovapeneira.gal\\\/index.php\\\/2019\\\/11\\\/20\\\/moitos-dos-meus-companeiros-morren-sen-que-que-lles-diagnostiquen-silicose\\\/#primaryimage\",\"url\":\"https:\\\/\\\/www.anovapeneira.gal\\\/wp-content\\\/uploads\\\/2019\\\/11\\\/Foto_Entrevista_Silicose.jpg\",\"contentUrl\":\"https:\\\/\\\/www.anovapeneira.gal\\\/wp-content\\\/uploads\\\/2019\\\/11\\\/Foto_Entrevista_Silicose.jpg\",\"width\":720,\"height\":432,\"caption\":\"Traballo Canteiras Porri\u00f1o A Nova Peneira\"},{\"@type\":\"BreadcrumbList\",\"@id\":\"https:\\\/\\\/www.anovapeneira.gal\\\/index.php\\\/2019\\\/11\\\/20\\\/moitos-dos-meus-companeiros-morren-sen-que-que-lles-diagnostiquen-silicose\\\/#breadcrumb\",\"itemListElement\":[{\"@type\":\"ListItem\",\"position\":1,\"name\":\"Portada\",\"item\":\"https:\\\/\\\/www.anovapeneira.gal\\\/\"},{\"@type\":\"ListItem\",\"position\":2,\"name\":\"Moitos dos meus compa\u00f1eiros morren sen que que lles diagnostiquen silicose\"}]},{\"@type\":\"WebSite\",\"@id\":\"https:\\\/\\\/www.anovapeneira.gal\\\/#website\",\"url\":\"https:\\\/\\\/www.anovapeneira.gal\\\/\",\"name\":\"\",\"description\":\"Xornal galego de informaci\u00f3n xeral Publicaci\u00f3n mensual de novas de Galicia e en especial dos Concellos da sur da provincia de Pontevedra.\",\"publisher\":{\"@id\":\"https:\\\/\\\/www.anovapeneira.gal\\\/#organization\"},\"potentialAction\":[{\"@type\":\"SearchAction\",\"target\":{\"@type\":\"EntryPoint\",\"urlTemplate\":\"https:\\\/\\\/www.anovapeneira.gal\\\/?s={search_term_string}\"},\"query-input\":{\"@type\":\"PropertyValueSpecification\",\"valueRequired\":true,\"valueName\":\"search_term_string\"}}],\"inLanguage\":\"gl-ES\"},{\"@type\":\"Organization\",\"@id\":\"https:\\\/\\\/www.anovapeneira.gal\\\/#organization\",\"name\":\"A Nova Peneira\",\"url\":\"https:\\\/\\\/www.anovapeneira.gal\\\/\",\"logo\":{\"@type\":\"ImageObject\",\"inLanguage\":\"gl-ES\",\"@id\":\"https:\\\/\\\/www.anovapeneira.gal\\\/#\\\/schema\\\/logo\\\/image\\\/\",\"url\":\"http:\\\/\\\/www.anovapeneira.gal\\\/wp-content\\\/uploads\\\/2019\\\/06\\\/logo_a_nova_peneira_portal_web.png\",\"contentUrl\":\"http:\\\/\\\/www.anovapeneira.gal\\\/wp-content\\\/uploads\\\/2019\\\/06\\\/logo_a_nova_peneira_portal_web.png\",\"width\":300,\"height\":100,\"caption\":\"A Nova Peneira\"},\"image\":{\"@id\":\"https:\\\/\\\/www.anovapeneira.gal\\\/#\\\/schema\\\/logo\\\/image\\\/\"},\"sameAs\":[\"https:\\\/\\\/www.facebook.com\\\/anovapeneira\",\"https:\\\/\\\/x.com\\\/APeneira\"]},{\"@type\":\"Person\",\"@id\":\"https:\\\/\\\/www.anovapeneira.gal\\\/#\\\/schema\\\/person\\\/b93e3f8932e3f8da96334607eb6ac6aa\",\"name\":\"Redacci\u00f3n A Nova Peneira\",\"image\":{\"@type\":\"ImageObject\",\"inLanguage\":\"gl-ES\",\"@id\":\"https:\\\/\\\/secure.gravatar.com\\\/avatar\\\/c052a2551a06e23fac63626232eaa90abd78dbcf1700fc46a2b2c89fd27b735f?s=96&d=mm&r=g\",\"url\":\"https:\\\/\\\/secure.gravatar.com\\\/avatar\\\/c052a2551a06e23fac63626232eaa90abd78dbcf1700fc46a2b2c89fd27b735f?s=96&d=mm&r=g\",\"contentUrl\":\"https:\\\/\\\/secure.gravatar.com\\\/avatar\\\/c052a2551a06e23fac63626232eaa90abd78dbcf1700fc46a2b2c89fd27b735f?s=96&d=mm&r=g\",\"caption\":\"Redacci\u00f3n A Nova Peneira\"},\"sameAs\":[\"http:\\\/\\\/www.anovapeneira.gal\\\/\"],\"url\":\"https:\\\/\\\/www.anovapeneira.gal\\\/index.php\\\/author\\\/redactor\\\/\"}]}<\/script>\n<!-- \/ Yoast SEO plugin. -->","yoast_head_json":{"title":"Moitos dos meus compa\u00f1eiros morren sen que que lles diagnostiquen silicose -","robots":{"index":"index","follow":"follow","max-snippet":"max-snippet:-1","max-image-preview":"max-image-preview:large","max-video-preview":"max-video-preview:-1"},"canonical":"https:\/\/www.anovapeneira.gal\/index.php\/2019\/11\/20\/moitos-dos-meus-companeiros-morren-sen-que-que-lles-diagnostiquen-silicose\/","og_locale":"gl_ES","og_type":"article","og_title":"Moitos dos meus compa\u00f1eiros morren sen que que lles diagnostiquen silicose -","og_description":"Entrevista cun ex traballador do sector da pedra que padece o segundo grao desta enfermidade profesional [...]","og_url":"https:\/\/www.anovapeneira.gal\/index.php\/2019\/11\/20\/moitos-dos-meus-companeiros-morren-sen-que-que-lles-diagnostiquen-silicose\/","article_publisher":"https:\/\/www.facebook.com\/anovapeneira","article_published_time":"2019-11-20T09:00:23+00:00","og_image":[{"width":720,"height":432,"url":"https:\/\/www.anovapeneira.gal\/wp-content\/uploads\/2019\/11\/Foto_Entrevista_Silicose.jpg","type":"image\/jpeg"}],"author":"Redacci\u00f3n A Nova Peneira","twitter_card":"summary_large_image","twitter_creator":"@APeneira","twitter_site":"@APeneira","twitter_misc":{"Escrito por":"Redacci\u00f3n A Nova Peneira","Tempo de lectura":"8 minutos"},"schema":{"@context":"https:\/\/schema.org","@graph":[{"@type":"Article","@id":"https:\/\/www.anovapeneira.gal\/index.php\/2019\/11\/20\/moitos-dos-meus-companeiros-morren-sen-que-que-lles-diagnostiquen-silicose\/#article","isPartOf":{"@id":"https:\/\/www.anovapeneira.gal\/index.php\/2019\/11\/20\/moitos-dos-meus-companeiros-morren-sen-que-que-lles-diagnostiquen-silicose\/"},"author":{"name":"Redacci\u00f3n A Nova Peneira","@id":"https:\/\/www.anovapeneira.gal\/#\/schema\/person\/b93e3f8932e3f8da96334607eb6ac6aa"},"headline":"Moitos dos meus compa\u00f1eiros morren sen que que lles diagnostiquen silicose","datePublished":"2019-11-20T09:00:23+00:00","mainEntityOfPage":{"@id":"https:\/\/www.anovapeneira.gal\/index.php\/2019\/11\/20\/moitos-dos-meus-companeiros-morren-sen-que-que-lles-diagnostiquen-silicose\/"},"wordCount":1699,"commentCount":0,"publisher":{"@id":"https:\/\/www.anovapeneira.gal\/#organization"},"image":{"@id":"https:\/\/www.anovapeneira.gal\/index.php\/2019\/11\/20\/moitos-dos-meus-companeiros-morren-sen-que-que-lles-diagnostiquen-silicose\/#primaryimage"},"thumbnailUrl":"https:\/\/www.anovapeneira.gal\/wp-content\/uploads\/2019\/11\/Foto_Entrevista_Silicose.jpg","keywords":["Canteiras do Porri\u00f1o","Silicose","Traballo"],"articleSection":["Entrevistas"],"inLanguage":"gl-ES","potentialAction":[{"@type":"CommentAction","name":"Comment","target":["https:\/\/www.anovapeneira.gal\/index.php\/2019\/11\/20\/moitos-dos-meus-companeiros-morren-sen-que-que-lles-diagnostiquen-silicose\/#respond"]}]},{"@type":"WebPage","@id":"https:\/\/www.anovapeneira.gal\/index.php\/2019\/11\/20\/moitos-dos-meus-companeiros-morren-sen-que-que-lles-diagnostiquen-silicose\/","url":"https:\/\/www.anovapeneira.gal\/index.php\/2019\/11\/20\/moitos-dos-meus-companeiros-morren-sen-que-que-lles-diagnostiquen-silicose\/","name":"Moitos dos meus compa\u00f1eiros morren sen que que lles diagnostiquen silicose -","isPartOf":{"@id":"https:\/\/www.anovapeneira.gal\/#website"},"primaryImageOfPage":{"@id":"https:\/\/www.anovapeneira.gal\/index.php\/2019\/11\/20\/moitos-dos-meus-companeiros-morren-sen-que-que-lles-diagnostiquen-silicose\/#primaryimage"},"image":{"@id":"https:\/\/www.anovapeneira.gal\/index.php\/2019\/11\/20\/moitos-dos-meus-companeiros-morren-sen-que-que-lles-diagnostiquen-silicose\/#primaryimage"},"thumbnailUrl":"https:\/\/www.anovapeneira.gal\/wp-content\/uploads\/2019\/11\/Foto_Entrevista_Silicose.jpg","datePublished":"2019-11-20T09:00:23+00:00","breadcrumb":{"@id":"https:\/\/www.anovapeneira.gal\/index.php\/2019\/11\/20\/moitos-dos-meus-companeiros-morren-sen-que-que-lles-diagnostiquen-silicose\/#breadcrumb"},"inLanguage":"gl-ES","potentialAction":[{"@type":"ReadAction","target":["https:\/\/www.anovapeneira.gal\/index.php\/2019\/11\/20\/moitos-dos-meus-companeiros-morren-sen-que-que-lles-diagnostiquen-silicose\/"]}]},{"@type":"ImageObject","inLanguage":"gl-ES","@id":"https:\/\/www.anovapeneira.gal\/index.php\/2019\/11\/20\/moitos-dos-meus-companeiros-morren-sen-que-que-lles-diagnostiquen-silicose\/#primaryimage","url":"https:\/\/www.anovapeneira.gal\/wp-content\/uploads\/2019\/11\/Foto_Entrevista_Silicose.jpg","contentUrl":"https:\/\/www.anovapeneira.gal\/wp-content\/uploads\/2019\/11\/Foto_Entrevista_Silicose.jpg","width":720,"height":432,"caption":"Traballo Canteiras Porri\u00f1o A Nova Peneira"},{"@type":"BreadcrumbList","@id":"https:\/\/www.anovapeneira.gal\/index.php\/2019\/11\/20\/moitos-dos-meus-companeiros-morren-sen-que-que-lles-diagnostiquen-silicose\/#breadcrumb","itemListElement":[{"@type":"ListItem","position":1,"name":"Portada","item":"https:\/\/www.anovapeneira.gal\/"},{"@type":"ListItem","position":2,"name":"Moitos dos meus compa\u00f1eiros morren sen que que lles diagnostiquen silicose"}]},{"@type":"WebSite","@id":"https:\/\/www.anovapeneira.gal\/#website","url":"https:\/\/www.anovapeneira.gal\/","name":"","description":"Xornal galego de informaci\u00f3n xeral Publicaci\u00f3n mensual de novas de Galicia e en especial dos Concellos da sur da provincia de Pontevedra.","publisher":{"@id":"https:\/\/www.anovapeneira.gal\/#organization"},"potentialAction":[{"@type":"SearchAction","target":{"@type":"EntryPoint","urlTemplate":"https:\/\/www.anovapeneira.gal\/?s={search_term_string}"},"query-input":{"@type":"PropertyValueSpecification","valueRequired":true,"valueName":"search_term_string"}}],"inLanguage":"gl-ES"},{"@type":"Organization","@id":"https:\/\/www.anovapeneira.gal\/#organization","name":"A Nova Peneira","url":"https:\/\/www.anovapeneira.gal\/","logo":{"@type":"ImageObject","inLanguage":"gl-ES","@id":"https:\/\/www.anovapeneira.gal\/#\/schema\/logo\/image\/","url":"http:\/\/www.anovapeneira.gal\/wp-content\/uploads\/2019\/06\/logo_a_nova_peneira_portal_web.png","contentUrl":"http:\/\/www.anovapeneira.gal\/wp-content\/uploads\/2019\/06\/logo_a_nova_peneira_portal_web.png","width":300,"height":100,"caption":"A Nova Peneira"},"image":{"@id":"https:\/\/www.anovapeneira.gal\/#\/schema\/logo\/image\/"},"sameAs":["https:\/\/www.facebook.com\/anovapeneira","https:\/\/x.com\/APeneira"]},{"@type":"Person","@id":"https:\/\/www.anovapeneira.gal\/#\/schema\/person\/b93e3f8932e3f8da96334607eb6ac6aa","name":"Redacci\u00f3n A Nova Peneira","image":{"@type":"ImageObject","inLanguage":"gl-ES","@id":"https:\/\/secure.gravatar.com\/avatar\/c052a2551a06e23fac63626232eaa90abd78dbcf1700fc46a2b2c89fd27b735f?s=96&d=mm&r=g","url":"https:\/\/secure.gravatar.com\/avatar\/c052a2551a06e23fac63626232eaa90abd78dbcf1700fc46a2b2c89fd27b735f?s=96&d=mm&r=g","contentUrl":"https:\/\/secure.gravatar.com\/avatar\/c052a2551a06e23fac63626232eaa90abd78dbcf1700fc46a2b2c89fd27b735f?s=96&d=mm&r=g","caption":"Redacci\u00f3n A Nova Peneira"},"sameAs":["http:\/\/www.anovapeneira.gal\/"],"url":"https:\/\/www.anovapeneira.gal\/index.php\/author\/redactor\/"}]}},"jetpack_featured_media_url":"https:\/\/www.anovapeneira.gal\/wp-content\/uploads\/2019\/11\/Foto_Entrevista_Silicose.jpg","_links":{"self":[{"href":"https:\/\/www.anovapeneira.gal\/index.php\/wp-json\/wp\/v2\/posts\/1799","targetHints":{"allow":["GET"]}}],"collection":[{"href":"https:\/\/www.anovapeneira.gal\/index.php\/wp-json\/wp\/v2\/posts"}],"about":[{"href":"https:\/\/www.anovapeneira.gal\/index.php\/wp-json\/wp\/v2\/types\/post"}],"author":[{"embeddable":true,"href":"https:\/\/www.anovapeneira.gal\/index.php\/wp-json\/wp\/v2\/users\/3"}],"replies":[{"embeddable":true,"href":"https:\/\/www.anovapeneira.gal\/index.php\/wp-json\/wp\/v2\/comments?post=1799"}],"version-history":[{"count":1,"href":"https:\/\/www.anovapeneira.gal\/index.php\/wp-json\/wp\/v2\/posts\/1799\/revisions"}],"predecessor-version":[{"id":1802,"href":"https:\/\/www.anovapeneira.gal\/index.php\/wp-json\/wp\/v2\/posts\/1799\/revisions\/1802"}],"wp:featuredmedia":[{"embeddable":true,"href":"https:\/\/www.anovapeneira.gal\/index.php\/wp-json\/wp\/v2\/media\/1801"}],"wp:attachment":[{"href":"https:\/\/www.anovapeneira.gal\/index.php\/wp-json\/wp\/v2\/media?parent=1799"}],"wp:term":[{"taxonomy":"category","embeddable":true,"href":"https:\/\/www.anovapeneira.gal\/index.php\/wp-json\/wp\/v2\/categories?post=1799"},{"taxonomy":"post_tag","embeddable":true,"href":"https:\/\/www.anovapeneira.gal\/index.php\/wp-json\/wp\/v2\/tags?post=1799"}],"curies":[{"name":"wp","href":"https:\/\/api.w.org\/{rel}","templated":true}]}}