{"id":1803,"date":"2019-11-20T12:00:13","date_gmt":"2019-11-20T11:00:13","guid":{"rendered":"http:\/\/www.anovapeneira.gal\/?p=1803"},"modified":"2019-11-19T15:30:48","modified_gmt":"2019-11-19T14:30:48","slug":"sociedade-atletica-do-trega","status":"publish","type":"post","link":"https:\/\/www.anovapeneira.gal\/index.php\/2019\/11\/20\/sociedade-atletica-do-trega\/","title":{"rendered":"Sociedade atl\u00e9tica do Trega"},"content":{"rendered":"\n<p><strong>A Sociedade Atl\u00e9tica do Trega \u00e9 un equipo de atletismo con m\u00e1is de 3 d\u00e9cadas de vida. Naceu al\u00e1 polo 1987 no concello de A Guarda, e hoxe est\u00e1n en Tomi\u00f1o. Con d\u00faas escolas de formaci\u00f3n, unha en cada unha das vilas intimamente ligadas \u00e1 s\u00faa historia, e o club propiamente dito, dan acubillo a arredor de 100 rapaces e rapazas da comarca que practican este fermoso deporte. N\u00f3s falamos coa s\u00faa xunta directiva: ARIANA, CARLOS, PATRICIA E XABIER<\/strong><\/p>\n\n\n\n<p>\u201c<strong>O\nNOSO TRABALLO \u00c9 PURAMENTE VOCACIONAL\u201d<\/strong><\/p>\n\n\n\n<p><strong>Cont\u00e1deme\na historia do club?<\/strong><\/p>\n\n\n\n<blockquote class=\"wp-block-quote is-layout-flow wp-block-quote-is-layout-flow\"><p>Nacemos no ano 1.987,foi fundado por 9 persoas entre elas o pai de Ariana que ti\u00f1an afinidade co mundo do deporte<\/p><\/blockquote>\n\n\n\n<p><strong>Hab\u00eda\nalg\u00fan equipo de atletismo na comarca?<\/strong><\/p>\n\n\n\n<blockquote class=\"wp-block-quote is-layout-flow wp-block-quote-is-layout-flow\"><p>Non<\/p><\/blockquote>\n\n\n\n<p><strong>Como\nevolucionaron os primeiros anos?<\/strong><\/p>\n\n\n\n<blockquote class=\"wp-block-quote is-layout-flow wp-block-quote-is-layout-flow\"><p>Con moito esforzo e dedicaci\u00f3n, aos poucos foron captando bastantes rapaces e rapazas de toda a comarca do Baixo Mi\u00f1o, que estaban interesados na pr\u00e1ctica do noso deporte. Fundamentalmente o noso \u00e9 un traballo de base, a filosof\u00eda que inspira ao noso club \u00e9 a formaci\u00f3n e o traballo con nenos e nenas<\/p><\/blockquote>\n\n\n\n<p><strong>A\nvosa actividade foi ininterrompida desde 1.987?<\/strong><\/p>\n\n\n\n<blockquote class=\"wp-block-quote is-layout-flow wp-block-quote-is-layout-flow\"><p>Non, a principios dos 2.000 tivemos un par\u00f3n de seis anos, pero fora diso si. Naquel momento hab\u00eda poucos atletas a directiva non atopou quen collera o relevo e non quedou m\u00e1is remedio que facer unha par\u00e9ntese.<\/p><\/blockquote>\n\n\n\n<p><strong>E\ncomo se arranxou a situaci\u00f3n?<\/strong><\/p>\n\n\n\n<blockquote class=\"wp-block-quote is-layout-flow wp-block-quote-is-layout-flow\"><p>A directiva actual somos un pouco a segunda xeraci\u00f3n, atopab\u00e1monos de cando en vez en carreiras e competici\u00f3ns varias, e entre n\u00f3s falabamos de que ser\u00eda bonito retomar o equipo e a actividade atl\u00e9tica, e vela\u00ed foi<\/p><\/blockquote>\n\n\n\n<p><strong>Falemos\ndas d\u00faas fases da existencia do club, antes do par\u00f3n onde\ndesenvolviades a actividade deportiva?<\/strong><\/p>\n\n\n\n<blockquote class=\"wp-block-quote is-layout-flow wp-block-quote-is-layout-flow\"><p>Ao aire libre, non ti\u00f1amos instalaci\u00f3ns, nin apoio institucional alg\u00fan. Antes corriamos ao redor da Sangri\u00f1a, subindo ao monte, basicamente onde podiamos<\/p><\/blockquote>\n\n\n\n<p><strong>Vaia,\npois a verdade \u00e9 moi meritorio, e coas modalidades de saltos e\nlanzamentos faciades o mesmo?<\/strong><\/p>\n\n\n\n<blockquote class=\"wp-block-quote is-layout-flow wp-block-quote-is-layout-flow\"><p>Si claro, exactamente  mesmo<\/p><\/blockquote>\n\n\n\n<p><strong>E na\nactualidade onde adestrades ?<\/strong><\/p>\n\n\n\n<blockquote class=\"wp-block-quote is-layout-flow wp-block-quote-is-layout-flow\"><p>Nesta volta comezamos na Guarda, tam\u00e9n ao aire libre e pronto tivemos o apoio do Concello do Rosal que nos deixaba as pistas da Mata. O concello de Tomi\u00f1o tam\u00e9n deunos o seu apoio e igualmente iamos uns d\u00edas a adestrar al\u00ed. A base comezou a crecer moito e decat\u00e1monos de que non era viable adestrar na r\u00faa con tanto neno<\/p><\/blockquote>\n\n\n\n<p><strong>Agora\nmesmo como vos organizades?<\/strong><\/p>\n\n\n\n<blockquote class=\"wp-block-quote is-layout-flow wp-block-quote-is-layout-flow\"><p>Temos d\u00faas escolas, unha en Tomi\u00f1o e outra na Guarda e logo est\u00e1 o club propiamente dito. O concello de Tomi\u00f1o ti\u00f1a a idea de ter un equipo e propux\u00e9ronnos traer o club desde A Guarda \u00e1 s\u00faa localidade.<\/p><\/blockquote>\n\n\n\n<p><strong>E\nnon xerou pol\u00e9mica?<\/strong><\/p>\n\n\n\n<blockquote class=\"wp-block-quote is-layout-flow wp-block-quote-is-layout-flow\"><p>Si claro, somos un equipo de moita historia na Guarda, pero era unha proposta e n\u00f3s ti\u00f1amos a obriga de trasladala para que se debatese. Falamos co concello de A Guarda para ver se pod\u00eda, no que se refire polo menos \u00e1 parte das instalaci\u00f3ns, ofrecernos o mesmo ca Tomi\u00f1o, e d\u00edxonos que non era viable.<\/p><\/blockquote>\n\n\n\n<p><strong>Inviable\npor que?<\/strong><\/p>\n\n\n\n<blockquote class=\"wp-block-quote is-layout-flow wp-block-quote-is-layout-flow\"><p>O pavill\u00f3n do noso pobo util\u00edzao o Guard\u00e9s , que como sabes  \u00e9 un equipo do m\u00e1ximo nivel<\/p><\/blockquote>\n\n\n\n<p><strong>E no\nque se refire ao aspecto econ\u00f3mico?<\/strong><\/p>\n\n\n\n<blockquote class=\"wp-block-quote is-layout-flow wp-block-quote-is-layout-flow\"><p>A axuda que nos d\u00e1 o concello de Tomi\u00f1o, multiplica por 6 a que recibimos do Concello de A Guarda<\/p><\/blockquote>\n\n\n\n<p><strong>Cando\ntrasladastes a proposta de mudarvos a Tomi\u00f1o, que opinaron os vosos\nsocios?<\/strong><\/p>\n\n\n\n<blockquote class=\"wp-block-quote is-layout-flow wp-block-quote-is-layout-flow\"><p>Por abafadora maior\u00eda decidiron que nos f\u00f3semos a Tomi\u00f1o<\/p><\/blockquote>\n\n\n\n<p><strong>Cantos\nsocios e socias tendes?<\/strong><\/p>\n\n\n\n<blockquote class=\"wp-block-quote is-layout-flow wp-block-quote-is-layout-flow\"><p>Arredor de 300.A receptividade da sociedade da nosa comarca para con n\u00f3s \u00e9 moi elevada, en li\u00f1as xerais atop\u00e1monos unha grande colaboraci\u00f3n dos nosos veci\u00f1os e veci\u00f1as<\/p><\/blockquote>\n\n\n\n<p><strong>A\nmarcha a Tomi\u00f1o valor\u00e1dela positivamente?<\/strong><\/p>\n\n\n\n<blockquote class=\"wp-block-quote is-layout-flow wp-block-quote-is-layout-flow\"><p>Si, o club creceu ao termos unha partida de axuda econ\u00f3mica m\u00e1is elevada e instalaci\u00f3ns para podermos adestrar. Melloramos en todos os aspectos, e podemos disputar campionatos m\u00e1is importantes<\/p><\/blockquote>\n\n\n\n<p><strong>Por\nexemplo?<\/strong><\/p>\n\n\n\n<blockquote class=\"wp-block-quote is-layout-flow wp-block-quote-is-layout-flow\"><p>O croos internacional de Atapuerca,  estivemos en Cantimpalos, en Sabadell, Sevilla , Gij\u00f3n<\/p><\/blockquote>\n\n\n\n<p><strong>Cantas\npersoas practican o atletismo no voso club?<\/strong><\/p>\n\n\n\n<blockquote class=\"wp-block-quote is-layout-flow wp-block-quote-is-layout-flow\"><p>Arredor de 35 nenos en cada escola, na Guarda por primeira vez temos instalaci\u00f3ns por medio da DEP, e sobre 25 persoas no club, federados. E tam\u00e9n queremos aproveitar para agradecer o grande apoio que nos presta o actual concelleiro de deportes do Rosal<\/p><\/blockquote>\n\n\n\n<p><strong>Cantos\nd\u00edas adestrades?<\/strong><\/p>\n\n\n\n<blockquote class=\"wp-block-quote is-layout-flow wp-block-quote-is-layout-flow\"><p>Tres \u00e1 semana<\/p><\/blockquote>\n\n\n\n<p><strong>Que\ndiferencia hai entre a escola e  club?<\/strong><\/p>\n\n\n\n<blockquote class=\"wp-block-quote is-layout-flow wp-block-quote-is-layout-flow\"><p>A nosa idea \u00e9 concibir a escola como un trampol\u00edn para chegara o club<\/p><\/blockquote>\n\n\n\n<p><strong>Cubrides\ntodas as disciplinas atl\u00e9ticas?<\/strong><\/p>\n\n\n\n<blockquote class=\"wp-block-quote is-layout-flow wp-block-quote-is-layout-flow\"><p>Si, pero o noso forte est\u00e1 no fondo e no medio fondo<\/p><\/blockquote>\n\n\n\n<p><strong>Temos\nalg\u00fan atleta que apunte alto?<\/strong><\/p>\n\n\n\n<blockquote class=\"wp-block-quote is-layout-flow wp-block-quote-is-layout-flow\"><p>Si, temos varios que parece que te\u00f1en moi boas maneiras<\/p><\/blockquote>\n\n\n\n<p><strong>Que\ninfl\u00fae m\u00e1is para que alg\u00fan poida chegar \u00e1 elite; o talento o uns\nadestramentos e traballo adecuados?<\/strong><\/p>\n\n\n\n<blockquote class=\"wp-block-quote is-layout-flow wp-block-quote-is-layout-flow\"><p>Unha combinaci\u00f3n dos dous factores, m\u00e1is a estabilidade persoal<\/p><\/blockquote>\n\n\n\n<p><strong>P\u00f3dese\nvivir profesionalmente do voso deporte?<\/strong><\/p>\n\n\n\n<blockquote class=\"wp-block-quote is-layout-flow wp-block-quote-is-layout-flow\"><p>Moi poucos, e, mesmo eses que o acadan, cando se retiran te\u00f1en que integrarse no mercado laboral<\/p><\/blockquote>\n\n\n\n<p><strong>Antes\nme falabades de que erades especialista en fondo e medio fondo, e co\nmarat\u00f3n non vos animades?<\/strong><\/p>\n\n\n\n<blockquote class=\"wp-block-quote is-layout-flow wp-block-quote-is-layout-flow\"><p>E tanto que si, aqu\u00ed os compa\u00f1eiros Ariana e Carlos correron a Marat\u00f3n de Berl\u00edn<\/p><\/blockquote>\n\n\n\n<p><strong>Caramba,\ndebeu ser s\u00faper emocionante?<\/strong><\/p>\n\n\n\n<blockquote class=\"wp-block-quote is-layout-flow wp-block-quote-is-layout-flow\"><p>Abof\u00e9 que si, \u00e9 unha marat\u00f3n de m\u00e1is de 40.000 participantes , e unha das m\u00e1is prestixiosas do mundo<\/p><\/blockquote>\n\n\n\n<p><strong>Supo\u00f1o\nque quereredes que o club poida ter un futuro nas xeraci\u00f3ns\nseguintes?<\/strong><\/p>\n\n\n\n<blockquote class=\"wp-block-quote is-layout-flow wp-block-quote-is-layout-flow\"><p>Desde logo que si, somos conscientes da dificultade porque cada vez hai m\u00e1is trabas burocr\u00e1ticas e \u00e9 economicamente m\u00e1is complicado, pero n\u00f3s traballamos para iso.<\/p><\/blockquote>\n\n\n\n<p><strong>O\nvoso traballo \u00e9 puramente vocacional?<\/strong><\/p>\n\n\n\n<blockquote class=\"wp-block-quote is-layout-flow wp-block-quote-is-layout-flow\"><p>Rotundamente si<\/p><\/blockquote>\n\n\n\n<p><strong>Vos\nsodes xa adultos, supo\u00f1o que ser\u00e1 dificil\u00edsimo compatibilizar a\nvida laboral a persoal e o atletismo?<\/strong><\/p>\n\n\n\n<blockquote class=\"wp-block-quote is-layout-flow wp-block-quote-is-layout-flow\"><p>Buff, dificil\u00edsimo non hai tempo para nada.<\/p><\/blockquote>\n\n\n\n<p><strong>Ben\nrematamos agradec\u00e9ndovos a vosa atenci\u00f3n, se queredes aproveitar\npara tirar unha mensaxe ,podedes utilizar as nosas p\u00e1xinas?<\/strong><\/p>\n\n\n\n<blockquote class=\"wp-block-quote is-layout-flow wp-block-quote-is-layout-flow\"><p>Si claro que queremos, darlle as grazas pola confianza e axuda a todas e todos os que en nos conf\u00edan e que nos apoian, e dicir a quen non nos co\u00f1eza que temos as portas abertas para que quen o desexe poida gozar do marabilloso deporte do atletismo.<\/p><\/blockquote>\n","protected":false},"excerpt":{"rendered":"<div class=\"mh-excerpt\"><p>A Sociedade Atl\u00e9tica do Trega \u00e9 un equipo de atletismo con m\u00e1is de 3 d\u00e9cadas de vida. Naceu al\u00e1 polo 1987 no concello de A Guarda <a class=\"mh-excerpt-more\" href=\"https:\/\/www.anovapeneira.gal\/index.php\/2019\/11\/20\/sociedade-atletica-do-trega\/\" title=\"Sociedade atl\u00e9tica do Trega\">[&#8230;]<\/a><\/p>\n<\/div>","protected":false},"author":3,"featured_media":1804,"comment_status":"open","ping_status":"open","sticky":false,"template":"","format":"standard","meta":{"_exactmetrics_skip_tracking":false,"_exactmetrics_sitenote_active":false,"_exactmetrics_sitenote_note":"","_exactmetrics_sitenote_category":0,"footnotes":""},"categories":[491],"tags":[81,56,799],"class_list":{"0":"post-1803","1":"post","2":"type-post","3":"status-publish","4":"format-standard","5":"has-post-thumbnail","7":"category-baixo-mino-reportaxes","8":"tag-concello-de-tomino","9":"tag-deporte","10":"tag-sociedade-atletica-do-tegra"},"yoast_head":"<!-- This site is optimized with the Yoast SEO plugin v27.4 - https:\/\/yoast.com\/product\/yoast-seo-wordpress\/ -->\n<title>Sociedade atl\u00e9tica do Trega -<\/title>\n<meta name=\"robots\" content=\"index, follow, max-snippet:-1, max-image-preview:large, max-video-preview:-1\" \/>\n<link rel=\"canonical\" href=\"https:\/\/www.anovapeneira.gal\/index.php\/2019\/11\/20\/sociedade-atletica-do-trega\/\" \/>\n<meta property=\"og:locale\" content=\"gl_ES\" \/>\n<meta property=\"og:type\" content=\"article\" \/>\n<meta property=\"og:title\" content=\"Sociedade atl\u00e9tica do Trega -\" \/>\n<meta property=\"og:description\" content=\"A Sociedade Atl\u00e9tica do Trega \u00e9 un equipo de atletismo con m\u00e1is de 3 d\u00e9cadas de vida. Naceu al\u00e1 polo 1987 no concello de A Guarda [...]\" \/>\n<meta property=\"og:url\" content=\"https:\/\/www.anovapeneira.gal\/index.php\/2019\/11\/20\/sociedade-atletica-do-trega\/\" \/>\n<meta property=\"article:publisher\" content=\"https:\/\/www.facebook.com\/anovapeneira\" \/>\n<meta property=\"article:published_time\" content=\"2019-11-20T11:00:13+00:00\" \/>\n<meta property=\"og:image\" content=\"https:\/\/www.anovapeneira.gal\/wp-content\/uploads\/2019\/11\/SOCIEDADE_ATLeTICA_baixo_minho_a_nova_peneira.jpg\" \/>\n\t<meta property=\"og:image:width\" content=\"720\" \/>\n\t<meta property=\"og:image:height\" content=\"432\" \/>\n\t<meta property=\"og:image:type\" content=\"image\/jpeg\" \/>\n<meta name=\"author\" content=\"Redacci\u00f3n A Nova Peneira\" \/>\n<meta name=\"twitter:card\" content=\"summary_large_image\" \/>\n<meta name=\"twitter:creator\" content=\"@APeneira\" \/>\n<meta name=\"twitter:site\" content=\"@APeneira\" \/>\n<meta name=\"twitter:label1\" content=\"Escrito por\" \/>\n\t<meta name=\"twitter:data1\" content=\"Redacci\u00f3n A Nova Peneira\" \/>\n\t<meta name=\"twitter:label2\" content=\"Tempo de lectura\" \/>\n\t<meta name=\"twitter:data2\" content=\"5 minutos\" \/>\n<script type=\"application\/ld+json\" class=\"yoast-schema-graph\">{\"@context\":\"https:\\\/\\\/schema.org\",\"@graph\":[{\"@type\":\"Article\",\"@id\":\"https:\\\/\\\/www.anovapeneira.gal\\\/index.php\\\/2019\\\/11\\\/20\\\/sociedade-atletica-do-trega\\\/#article\",\"isPartOf\":{\"@id\":\"https:\\\/\\\/www.anovapeneira.gal\\\/index.php\\\/2019\\\/11\\\/20\\\/sociedade-atletica-do-trega\\\/\"},\"author\":{\"name\":\"Redacci\u00f3n A Nova Peneira\",\"@id\":\"https:\\\/\\\/www.anovapeneira.gal\\\/#\\\/schema\\\/person\\\/b93e3f8932e3f8da96334607eb6ac6aa\"},\"headline\":\"Sociedade atl\u00e9tica do Trega\",\"datePublished\":\"2019-11-20T11:00:13+00:00\",\"mainEntityOfPage\":{\"@id\":\"https:\\\/\\\/www.anovapeneira.gal\\\/index.php\\\/2019\\\/11\\\/20\\\/sociedade-atletica-do-trega\\\/\"},\"wordCount\":1092,\"commentCount\":0,\"publisher\":{\"@id\":\"https:\\\/\\\/www.anovapeneira.gal\\\/#organization\"},\"image\":{\"@id\":\"https:\\\/\\\/www.anovapeneira.gal\\\/index.php\\\/2019\\\/11\\\/20\\\/sociedade-atletica-do-trega\\\/#primaryimage\"},\"thumbnailUrl\":\"https:\\\/\\\/www.anovapeneira.gal\\\/wp-content\\\/uploads\\\/2019\\\/11\\\/SOCIEDADE_ATLeTICA_baixo_minho_a_nova_peneira.jpg\",\"keywords\":[\"Concello de Tomi\u00f1o\",\"Deporte\",\"Sociedade atl\u00e9tica do Tegra\"],\"articleSection\":[\"Baixo Mi\u00f1o\"],\"inLanguage\":\"gl-ES\",\"potentialAction\":[{\"@type\":\"CommentAction\",\"name\":\"Comment\",\"target\":[\"https:\\\/\\\/www.anovapeneira.gal\\\/index.php\\\/2019\\\/11\\\/20\\\/sociedade-atletica-do-trega\\\/#respond\"]}]},{\"@type\":\"WebPage\",\"@id\":\"https:\\\/\\\/www.anovapeneira.gal\\\/index.php\\\/2019\\\/11\\\/20\\\/sociedade-atletica-do-trega\\\/\",\"url\":\"https:\\\/\\\/www.anovapeneira.gal\\\/index.php\\\/2019\\\/11\\\/20\\\/sociedade-atletica-do-trega\\\/\",\"name\":\"Sociedade atl\u00e9tica do Trega -\",\"isPartOf\":{\"@id\":\"https:\\\/\\\/www.anovapeneira.gal\\\/#website\"},\"primaryImageOfPage\":{\"@id\":\"https:\\\/\\\/www.anovapeneira.gal\\\/index.php\\\/2019\\\/11\\\/20\\\/sociedade-atletica-do-trega\\\/#primaryimage\"},\"image\":{\"@id\":\"https:\\\/\\\/www.anovapeneira.gal\\\/index.php\\\/2019\\\/11\\\/20\\\/sociedade-atletica-do-trega\\\/#primaryimage\"},\"thumbnailUrl\":\"https:\\\/\\\/www.anovapeneira.gal\\\/wp-content\\\/uploads\\\/2019\\\/11\\\/SOCIEDADE_ATLeTICA_baixo_minho_a_nova_peneira.jpg\",\"datePublished\":\"2019-11-20T11:00:13+00:00\",\"breadcrumb\":{\"@id\":\"https:\\\/\\\/www.anovapeneira.gal\\\/index.php\\\/2019\\\/11\\\/20\\\/sociedade-atletica-do-trega\\\/#breadcrumb\"},\"inLanguage\":\"gl-ES\",\"potentialAction\":[{\"@type\":\"ReadAction\",\"target\":[\"https:\\\/\\\/www.anovapeneira.gal\\\/index.php\\\/2019\\\/11\\\/20\\\/sociedade-atletica-do-trega\\\/\"]}]},{\"@type\":\"ImageObject\",\"inLanguage\":\"gl-ES\",\"@id\":\"https:\\\/\\\/www.anovapeneira.gal\\\/index.php\\\/2019\\\/11\\\/20\\\/sociedade-atletica-do-trega\\\/#primaryimage\",\"url\":\"https:\\\/\\\/www.anovapeneira.gal\\\/wp-content\\\/uploads\\\/2019\\\/11\\\/SOCIEDADE_ATLeTICA_baixo_minho_a_nova_peneira.jpg\",\"contentUrl\":\"https:\\\/\\\/www.anovapeneira.gal\\\/wp-content\\\/uploads\\\/2019\\\/11\\\/SOCIEDADE_ATLeTICA_baixo_minho_a_nova_peneira.jpg\",\"width\":720,\"height\":432,\"caption\":\"Sociedade atl\u00e9tica do Tegra Concello de Tomi\u00f1o A Nova Peneira\"},{\"@type\":\"BreadcrumbList\",\"@id\":\"https:\\\/\\\/www.anovapeneira.gal\\\/index.php\\\/2019\\\/11\\\/20\\\/sociedade-atletica-do-trega\\\/#breadcrumb\",\"itemListElement\":[{\"@type\":\"ListItem\",\"position\":1,\"name\":\"Portada\",\"item\":\"https:\\\/\\\/www.anovapeneira.gal\\\/\"},{\"@type\":\"ListItem\",\"position\":2,\"name\":\"Sociedade atl\u00e9tica do Trega\"}]},{\"@type\":\"WebSite\",\"@id\":\"https:\\\/\\\/www.anovapeneira.gal\\\/#website\",\"url\":\"https:\\\/\\\/www.anovapeneira.gal\\\/\",\"name\":\"\",\"description\":\"Xornal galego de informaci\u00f3n xeral Publicaci\u00f3n mensual de novas de Galicia e en especial dos Concellos da sur da provincia de Pontevedra.\",\"publisher\":{\"@id\":\"https:\\\/\\\/www.anovapeneira.gal\\\/#organization\"},\"potentialAction\":[{\"@type\":\"SearchAction\",\"target\":{\"@type\":\"EntryPoint\",\"urlTemplate\":\"https:\\\/\\\/www.anovapeneira.gal\\\/?s={search_term_string}\"},\"query-input\":{\"@type\":\"PropertyValueSpecification\",\"valueRequired\":true,\"valueName\":\"search_term_string\"}}],\"inLanguage\":\"gl-ES\"},{\"@type\":\"Organization\",\"@id\":\"https:\\\/\\\/www.anovapeneira.gal\\\/#organization\",\"name\":\"A Nova Peneira\",\"url\":\"https:\\\/\\\/www.anovapeneira.gal\\\/\",\"logo\":{\"@type\":\"ImageObject\",\"inLanguage\":\"gl-ES\",\"@id\":\"https:\\\/\\\/www.anovapeneira.gal\\\/#\\\/schema\\\/logo\\\/image\\\/\",\"url\":\"http:\\\/\\\/www.anovapeneira.gal\\\/wp-content\\\/uploads\\\/2019\\\/06\\\/logo_a_nova_peneira_portal_web.png\",\"contentUrl\":\"http:\\\/\\\/www.anovapeneira.gal\\\/wp-content\\\/uploads\\\/2019\\\/06\\\/logo_a_nova_peneira_portal_web.png\",\"width\":300,\"height\":100,\"caption\":\"A Nova Peneira\"},\"image\":{\"@id\":\"https:\\\/\\\/www.anovapeneira.gal\\\/#\\\/schema\\\/logo\\\/image\\\/\"},\"sameAs\":[\"https:\\\/\\\/www.facebook.com\\\/anovapeneira\",\"https:\\\/\\\/x.com\\\/APeneira\"]},{\"@type\":\"Person\",\"@id\":\"https:\\\/\\\/www.anovapeneira.gal\\\/#\\\/schema\\\/person\\\/b93e3f8932e3f8da96334607eb6ac6aa\",\"name\":\"Redacci\u00f3n A Nova Peneira\",\"image\":{\"@type\":\"ImageObject\",\"inLanguage\":\"gl-ES\",\"@id\":\"https:\\\/\\\/secure.gravatar.com\\\/avatar\\\/c052a2551a06e23fac63626232eaa90abd78dbcf1700fc46a2b2c89fd27b735f?s=96&d=mm&r=g\",\"url\":\"https:\\\/\\\/secure.gravatar.com\\\/avatar\\\/c052a2551a06e23fac63626232eaa90abd78dbcf1700fc46a2b2c89fd27b735f?s=96&d=mm&r=g\",\"contentUrl\":\"https:\\\/\\\/secure.gravatar.com\\\/avatar\\\/c052a2551a06e23fac63626232eaa90abd78dbcf1700fc46a2b2c89fd27b735f?s=96&d=mm&r=g\",\"caption\":\"Redacci\u00f3n A Nova Peneira\"},\"sameAs\":[\"http:\\\/\\\/www.anovapeneira.gal\\\/\"],\"url\":\"https:\\\/\\\/www.anovapeneira.gal\\\/index.php\\\/author\\\/redactor\\\/\"}]}<\/script>\n<!-- \/ Yoast SEO plugin. -->","yoast_head_json":{"title":"Sociedade atl\u00e9tica do Trega -","robots":{"index":"index","follow":"follow","max-snippet":"max-snippet:-1","max-image-preview":"max-image-preview:large","max-video-preview":"max-video-preview:-1"},"canonical":"https:\/\/www.anovapeneira.gal\/index.php\/2019\/11\/20\/sociedade-atletica-do-trega\/","og_locale":"gl_ES","og_type":"article","og_title":"Sociedade atl\u00e9tica do Trega -","og_description":"A Sociedade Atl\u00e9tica do Trega \u00e9 un equipo de atletismo con m\u00e1is de 3 d\u00e9cadas de vida. Naceu al\u00e1 polo 1987 no concello de A Guarda [...]","og_url":"https:\/\/www.anovapeneira.gal\/index.php\/2019\/11\/20\/sociedade-atletica-do-trega\/","article_publisher":"https:\/\/www.facebook.com\/anovapeneira","article_published_time":"2019-11-20T11:00:13+00:00","og_image":[{"width":720,"height":432,"url":"https:\/\/www.anovapeneira.gal\/wp-content\/uploads\/2019\/11\/SOCIEDADE_ATLeTICA_baixo_minho_a_nova_peneira.jpg","type":"image\/jpeg"}],"author":"Redacci\u00f3n A Nova Peneira","twitter_card":"summary_large_image","twitter_creator":"@APeneira","twitter_site":"@APeneira","twitter_misc":{"Escrito por":"Redacci\u00f3n A Nova Peneira","Tempo de lectura":"5 minutos"},"schema":{"@context":"https:\/\/schema.org","@graph":[{"@type":"Article","@id":"https:\/\/www.anovapeneira.gal\/index.php\/2019\/11\/20\/sociedade-atletica-do-trega\/#article","isPartOf":{"@id":"https:\/\/www.anovapeneira.gal\/index.php\/2019\/11\/20\/sociedade-atletica-do-trega\/"},"author":{"name":"Redacci\u00f3n A Nova Peneira","@id":"https:\/\/www.anovapeneira.gal\/#\/schema\/person\/b93e3f8932e3f8da96334607eb6ac6aa"},"headline":"Sociedade atl\u00e9tica do Trega","datePublished":"2019-11-20T11:00:13+00:00","mainEntityOfPage":{"@id":"https:\/\/www.anovapeneira.gal\/index.php\/2019\/11\/20\/sociedade-atletica-do-trega\/"},"wordCount":1092,"commentCount":0,"publisher":{"@id":"https:\/\/www.anovapeneira.gal\/#organization"},"image":{"@id":"https:\/\/www.anovapeneira.gal\/index.php\/2019\/11\/20\/sociedade-atletica-do-trega\/#primaryimage"},"thumbnailUrl":"https:\/\/www.anovapeneira.gal\/wp-content\/uploads\/2019\/11\/SOCIEDADE_ATLeTICA_baixo_minho_a_nova_peneira.jpg","keywords":["Concello de Tomi\u00f1o","Deporte","Sociedade atl\u00e9tica do Tegra"],"articleSection":["Baixo Mi\u00f1o"],"inLanguage":"gl-ES","potentialAction":[{"@type":"CommentAction","name":"Comment","target":["https:\/\/www.anovapeneira.gal\/index.php\/2019\/11\/20\/sociedade-atletica-do-trega\/#respond"]}]},{"@type":"WebPage","@id":"https:\/\/www.anovapeneira.gal\/index.php\/2019\/11\/20\/sociedade-atletica-do-trega\/","url":"https:\/\/www.anovapeneira.gal\/index.php\/2019\/11\/20\/sociedade-atletica-do-trega\/","name":"Sociedade atl\u00e9tica do Trega -","isPartOf":{"@id":"https:\/\/www.anovapeneira.gal\/#website"},"primaryImageOfPage":{"@id":"https:\/\/www.anovapeneira.gal\/index.php\/2019\/11\/20\/sociedade-atletica-do-trega\/#primaryimage"},"image":{"@id":"https:\/\/www.anovapeneira.gal\/index.php\/2019\/11\/20\/sociedade-atletica-do-trega\/#primaryimage"},"thumbnailUrl":"https:\/\/www.anovapeneira.gal\/wp-content\/uploads\/2019\/11\/SOCIEDADE_ATLeTICA_baixo_minho_a_nova_peneira.jpg","datePublished":"2019-11-20T11:00:13+00:00","breadcrumb":{"@id":"https:\/\/www.anovapeneira.gal\/index.php\/2019\/11\/20\/sociedade-atletica-do-trega\/#breadcrumb"},"inLanguage":"gl-ES","potentialAction":[{"@type":"ReadAction","target":["https:\/\/www.anovapeneira.gal\/index.php\/2019\/11\/20\/sociedade-atletica-do-trega\/"]}]},{"@type":"ImageObject","inLanguage":"gl-ES","@id":"https:\/\/www.anovapeneira.gal\/index.php\/2019\/11\/20\/sociedade-atletica-do-trega\/#primaryimage","url":"https:\/\/www.anovapeneira.gal\/wp-content\/uploads\/2019\/11\/SOCIEDADE_ATLeTICA_baixo_minho_a_nova_peneira.jpg","contentUrl":"https:\/\/www.anovapeneira.gal\/wp-content\/uploads\/2019\/11\/SOCIEDADE_ATLeTICA_baixo_minho_a_nova_peneira.jpg","width":720,"height":432,"caption":"Sociedade atl\u00e9tica do Tegra Concello de Tomi\u00f1o A Nova Peneira"},{"@type":"BreadcrumbList","@id":"https:\/\/www.anovapeneira.gal\/index.php\/2019\/11\/20\/sociedade-atletica-do-trega\/#breadcrumb","itemListElement":[{"@type":"ListItem","position":1,"name":"Portada","item":"https:\/\/www.anovapeneira.gal\/"},{"@type":"ListItem","position":2,"name":"Sociedade atl\u00e9tica do Trega"}]},{"@type":"WebSite","@id":"https:\/\/www.anovapeneira.gal\/#website","url":"https:\/\/www.anovapeneira.gal\/","name":"","description":"Xornal galego de informaci\u00f3n xeral Publicaci\u00f3n mensual de novas de Galicia e en especial dos Concellos da sur da provincia de Pontevedra.","publisher":{"@id":"https:\/\/www.anovapeneira.gal\/#organization"},"potentialAction":[{"@type":"SearchAction","target":{"@type":"EntryPoint","urlTemplate":"https:\/\/www.anovapeneira.gal\/?s={search_term_string}"},"query-input":{"@type":"PropertyValueSpecification","valueRequired":true,"valueName":"search_term_string"}}],"inLanguage":"gl-ES"},{"@type":"Organization","@id":"https:\/\/www.anovapeneira.gal\/#organization","name":"A Nova Peneira","url":"https:\/\/www.anovapeneira.gal\/","logo":{"@type":"ImageObject","inLanguage":"gl-ES","@id":"https:\/\/www.anovapeneira.gal\/#\/schema\/logo\/image\/","url":"http:\/\/www.anovapeneira.gal\/wp-content\/uploads\/2019\/06\/logo_a_nova_peneira_portal_web.png","contentUrl":"http:\/\/www.anovapeneira.gal\/wp-content\/uploads\/2019\/06\/logo_a_nova_peneira_portal_web.png","width":300,"height":100,"caption":"A Nova Peneira"},"image":{"@id":"https:\/\/www.anovapeneira.gal\/#\/schema\/logo\/image\/"},"sameAs":["https:\/\/www.facebook.com\/anovapeneira","https:\/\/x.com\/APeneira"]},{"@type":"Person","@id":"https:\/\/www.anovapeneira.gal\/#\/schema\/person\/b93e3f8932e3f8da96334607eb6ac6aa","name":"Redacci\u00f3n A Nova Peneira","image":{"@type":"ImageObject","inLanguage":"gl-ES","@id":"https:\/\/secure.gravatar.com\/avatar\/c052a2551a06e23fac63626232eaa90abd78dbcf1700fc46a2b2c89fd27b735f?s=96&d=mm&r=g","url":"https:\/\/secure.gravatar.com\/avatar\/c052a2551a06e23fac63626232eaa90abd78dbcf1700fc46a2b2c89fd27b735f?s=96&d=mm&r=g","contentUrl":"https:\/\/secure.gravatar.com\/avatar\/c052a2551a06e23fac63626232eaa90abd78dbcf1700fc46a2b2c89fd27b735f?s=96&d=mm&r=g","caption":"Redacci\u00f3n A Nova Peneira"},"sameAs":["http:\/\/www.anovapeneira.gal\/"],"url":"https:\/\/www.anovapeneira.gal\/index.php\/author\/redactor\/"}]}},"jetpack_featured_media_url":"https:\/\/www.anovapeneira.gal\/wp-content\/uploads\/2019\/11\/SOCIEDADE_ATLeTICA_baixo_minho_a_nova_peneira.jpg","_links":{"self":[{"href":"https:\/\/www.anovapeneira.gal\/index.php\/wp-json\/wp\/v2\/posts\/1803","targetHints":{"allow":["GET"]}}],"collection":[{"href":"https:\/\/www.anovapeneira.gal\/index.php\/wp-json\/wp\/v2\/posts"}],"about":[{"href":"https:\/\/www.anovapeneira.gal\/index.php\/wp-json\/wp\/v2\/types\/post"}],"author":[{"embeddable":true,"href":"https:\/\/www.anovapeneira.gal\/index.php\/wp-json\/wp\/v2\/users\/3"}],"replies":[{"embeddable":true,"href":"https:\/\/www.anovapeneira.gal\/index.php\/wp-json\/wp\/v2\/comments?post=1803"}],"version-history":[{"count":1,"href":"https:\/\/www.anovapeneira.gal\/index.php\/wp-json\/wp\/v2\/posts\/1803\/revisions"}],"predecessor-version":[{"id":1805,"href":"https:\/\/www.anovapeneira.gal\/index.php\/wp-json\/wp\/v2\/posts\/1803\/revisions\/1805"}],"wp:featuredmedia":[{"embeddable":true,"href":"https:\/\/www.anovapeneira.gal\/index.php\/wp-json\/wp\/v2\/media\/1804"}],"wp:attachment":[{"href":"https:\/\/www.anovapeneira.gal\/index.php\/wp-json\/wp\/v2\/media?parent=1803"}],"wp:term":[{"taxonomy":"category","embeddable":true,"href":"https:\/\/www.anovapeneira.gal\/index.php\/wp-json\/wp\/v2\/categories?post=1803"},{"taxonomy":"post_tag","embeddable":true,"href":"https:\/\/www.anovapeneira.gal\/index.php\/wp-json\/wp\/v2\/tags?post=1803"}],"curies":[{"name":"wp","href":"https:\/\/api.w.org\/{rel}","templated":true}]}}