{"id":1806,"date":"2019-11-20T14:00:16","date_gmt":"2019-11-20T13:00:16","guid":{"rendered":"http:\/\/www.anovapeneira.gal\/?p=1806"},"modified":"2019-11-19T15:36:42","modified_gmt":"2019-11-19T14:36:42","slug":"o-museo-do-mar-da-guarda-xa-forma-parte-da-rede-de-espazos-museisticos-atlanticos","status":"publish","type":"post","link":"https:\/\/www.anovapeneira.gal\/index.php\/2019\/11\/20\/o-museo-do-mar-da-guarda-xa-forma-parte-da-rede-de-espazos-museisticos-atlanticos\/","title":{"rendered":"O Museo do Mar da Guarda xa forma parte da Rede de Espazos Muse\u00edsticos Atl\u00e1nticos"},"content":{"rendered":"\n<p>O Museo do Mar da Guarda, que forma parte da Rede Municipal de Museos xunto co MASAT(Museo Arqueol\u00f3xico do Monte Santa Trega) e o Centro de Interpretaci\u00f3n do Castelo de Santa Cruz, \u00e9 un dos once novos centros que xa forman parte da Rede de Espazos Muse\u00edsticos Atl\u00e1nticos (REMA).<\/p>\n\n\n\n<p>A\nrede REMA \u00e9 un dos eixos vertebradores de Morada Atl\u00e1ntica, un\nproxecto colaborativo impulsado polos oito Grupos de Acci\u00f3n Local do\nSector Pesqueiro de Galicia, que incl\u00fae entre os seus socios oito\nGALP de Portugal, tres de Andaluc\u00eda e un procedente das Illas\nCanarias. O\nproxecto Morada Atl\u00e1ntica foi aprobado pola Conseller\u00eda do Mar e\nest\u00e1 financiado a trav\u00e9s do Fondo Europeo Mar\u00edtimo e de Pesca\n(FEMP).<\/p>\n\n\n\n<p>Para\no Concello da Guarda, que o Museo do Mar forme parte desta rede xunto\ncon 25 espazos galegos m\u00e1is, un museo asturiano e un museo\nportugu\u00e9s, constit\u00fae un novo pulo de atracci\u00f3n tur\u00edstica para o\nmunicipio, centrado neste caso na posta en valor do noso rico\npatrimonio mar\u00edtimo e atl\u00e1ntico. O pasado mari\u00f1eiro da Guarda,\nbaseado na pesca de baixura tradicional, xerou un interesante\npatrimonio tanto material como inmaterial. O Museo do Mar local\u00edzase\nna Atalaia, ao final do paseo mar\u00edtimo. Esta edificaci\u00f3n, ao final\ndo Paseo Mar\u00edtimo, lembra unha antiga fortaleza defensiva de planta\ncircular situada no porto que foi derrubada en 1945 para facilitar a\nextensi\u00f3n das grandes redes utilizados polos barcos de pesca e\naproveitar a pedra na construci\u00f3n do dique. En 1997 reconstr\u00faese no\nemprazamento actual.<\/p>\n\n\n\n<p>O\nMuseo do Mar conta con d\u00faas colecci\u00f3ns: unha etnogr\u00e1fica cunha\nmostra das antigas artes de pesca e os seus aparellos e outra\nmalacol\u00f3xica, cunha selecci\u00f3n de cunchas de mar procedentes de todo\no mundo.<\/p>\n\n\n\n<p>Unha\nparte do patrimonio inmaterial est\u00e1 recollido en v\u00eddeos editados\npolo Concello: \u201cXentes do mar\u201d, \u201cLendas de mar\u201d, \u201cMulleres\ndo mar\u201d ou \u201cTesouros vivos\u201d<\/p>\n","protected":false},"excerpt":{"rendered":"<div class=\"mh-excerpt\"><p>O Museo do Mar da Guarda, xa forma parte da Rede de Espazos Muse\u00edsticos Atl\u00e1nticos (REMA) <a class=\"mh-excerpt-more\" href=\"https:\/\/www.anovapeneira.gal\/index.php\/2019\/11\/20\/o-museo-do-mar-da-guarda-xa-forma-parte-da-rede-de-espazos-museisticos-atlanticos\/\" title=\"O Museo do Mar da Guarda xa forma parte da Rede de Espazos Muse\u00edsticos Atl\u00e1nticos\">[&#8230;]<\/a><\/p>\n<\/div>","protected":false},"author":3,"featured_media":1807,"comment_status":"open","ping_status":"open","sticky":false,"template":"","format":"standard","meta":{"_exactmetrics_skip_tracking":false,"_exactmetrics_sitenote_active":false,"_exactmetrics_sitenote_note":"","_exactmetrics_sitenote_category":0,"footnotes":""},"categories":[21],"tags":[803,238,33,801,800,802],"class_list":{"0":"post-1806","1":"post","2":"type-post","3":"status-publish","4":"format-standard","5":"has-post-thumbnail","7":"category-baixo-mino","8":"tag-centro-de-interpretacion-do-castelo-de-santa-cruz","9":"tag-concello-da-guarda","10":"tag-cultura","11":"tag-masat","12":"tag-museo-do-mar","13":"tag-rema"},"yoast_head":"<!-- This site is optimized with the Yoast SEO plugin v27.4 - https:\/\/yoast.com\/product\/yoast-seo-wordpress\/ -->\n<title>O Museo do Mar da Guarda xa forma parte da Rede de Espazos Muse\u00edsticos Atl\u00e1nticos -<\/title>\n<meta name=\"robots\" content=\"index, follow, max-snippet:-1, max-image-preview:large, max-video-preview:-1\" \/>\n<link rel=\"canonical\" href=\"https:\/\/www.anovapeneira.gal\/index.php\/2019\/11\/20\/o-museo-do-mar-da-guarda-xa-forma-parte-da-rede-de-espazos-museisticos-atlanticos\/\" \/>\n<meta property=\"og:locale\" content=\"gl_ES\" \/>\n<meta property=\"og:type\" content=\"article\" \/>\n<meta property=\"og:title\" content=\"O Museo do Mar da Guarda xa forma parte da Rede de Espazos Muse\u00edsticos Atl\u00e1nticos -\" \/>\n<meta property=\"og:description\" content=\"O Museo do Mar da Guarda, xa forma parte da Rede de Espazos Muse\u00edsticos Atl\u00e1nticos (REMA) [...]\" \/>\n<meta property=\"og:url\" content=\"https:\/\/www.anovapeneira.gal\/index.php\/2019\/11\/20\/o-museo-do-mar-da-guarda-xa-forma-parte-da-rede-de-espazos-museisticos-atlanticos\/\" \/>\n<meta property=\"article:publisher\" content=\"https:\/\/www.facebook.com\/anovapeneira\" \/>\n<meta property=\"article:published_time\" content=\"2019-11-20T13:00:16+00:00\" \/>\n<meta property=\"og:image\" content=\"https:\/\/www.anovapeneira.gal\/wp-content\/uploads\/2019\/11\/O-Museo-do-Mar-da-Guarda-xa-forma-parte-da-Rede-de-Espazos-Musei\u0301sticos-Atla\u0301nticos.jpg\" \/>\n\t<meta property=\"og:image:width\" content=\"720\" \/>\n\t<meta property=\"og:image:height\" content=\"432\" \/>\n\t<meta property=\"og:image:type\" content=\"image\/jpeg\" \/>\n<meta name=\"author\" content=\"Redacci\u00f3n A Nova Peneira\" \/>\n<meta name=\"twitter:card\" content=\"summary_large_image\" \/>\n<meta name=\"twitter:creator\" content=\"@APeneira\" \/>\n<meta name=\"twitter:site\" content=\"@APeneira\" \/>\n<meta name=\"twitter:label1\" content=\"Escrito por\" \/>\n\t<meta name=\"twitter:data1\" content=\"Redacci\u00f3n A Nova Peneira\" \/>\n\t<meta name=\"twitter:label2\" content=\"Tempo de lectura\" \/>\n\t<meta name=\"twitter:data2\" content=\"2 minutos\" \/>\n<script type=\"application\/ld+json\" class=\"yoast-schema-graph\">{\"@context\":\"https:\\\/\\\/schema.org\",\"@graph\":[{\"@type\":\"Article\",\"@id\":\"https:\\\/\\\/www.anovapeneira.gal\\\/index.php\\\/2019\\\/11\\\/20\\\/o-museo-do-mar-da-guarda-xa-forma-parte-da-rede-de-espazos-museisticos-atlanticos\\\/#article\",\"isPartOf\":{\"@id\":\"https:\\\/\\\/www.anovapeneira.gal\\\/index.php\\\/2019\\\/11\\\/20\\\/o-museo-do-mar-da-guarda-xa-forma-parte-da-rede-de-espazos-museisticos-atlanticos\\\/\"},\"author\":{\"name\":\"Redacci\u00f3n A Nova Peneira\",\"@id\":\"https:\\\/\\\/www.anovapeneira.gal\\\/#\\\/schema\\\/person\\\/b93e3f8932e3f8da96334607eb6ac6aa\"},\"headline\":\"O Museo do Mar da Guarda xa forma parte da Rede de Espazos Muse\u00edsticos Atl\u00e1nticos\",\"datePublished\":\"2019-11-20T13:00:16+00:00\",\"mainEntityOfPage\":{\"@id\":\"https:\\\/\\\/www.anovapeneira.gal\\\/index.php\\\/2019\\\/11\\\/20\\\/o-museo-do-mar-da-guarda-xa-forma-parte-da-rede-de-espazos-museisticos-atlanticos\\\/\"},\"wordCount\":353,\"commentCount\":0,\"publisher\":{\"@id\":\"https:\\\/\\\/www.anovapeneira.gal\\\/#organization\"},\"image\":{\"@id\":\"https:\\\/\\\/www.anovapeneira.gal\\\/index.php\\\/2019\\\/11\\\/20\\\/o-museo-do-mar-da-guarda-xa-forma-parte-da-rede-de-espazos-museisticos-atlanticos\\\/#primaryimage\"},\"thumbnailUrl\":\"https:\\\/\\\/www.anovapeneira.gal\\\/wp-content\\\/uploads\\\/2019\\\/11\\\/O-Museo-do-Mar-da-Guarda-xa-forma-parte-da-Rede-de-Espazos-Musei\u0301sticos-Atla\u0301nticos.jpg\",\"keywords\":[\"Centro de interpretaci\u00f3n do Castelo de Santa Cruz\",\"Concello da Guarda\",\"Cultura\",\"MASAT\",\"Museo do mar\",\"REMA\"],\"articleSection\":[\"Baixo Mi\u00f1o\"],\"inLanguage\":\"gl-ES\",\"potentialAction\":[{\"@type\":\"CommentAction\",\"name\":\"Comment\",\"target\":[\"https:\\\/\\\/www.anovapeneira.gal\\\/index.php\\\/2019\\\/11\\\/20\\\/o-museo-do-mar-da-guarda-xa-forma-parte-da-rede-de-espazos-museisticos-atlanticos\\\/#respond\"]}]},{\"@type\":\"WebPage\",\"@id\":\"https:\\\/\\\/www.anovapeneira.gal\\\/index.php\\\/2019\\\/11\\\/20\\\/o-museo-do-mar-da-guarda-xa-forma-parte-da-rede-de-espazos-museisticos-atlanticos\\\/\",\"url\":\"https:\\\/\\\/www.anovapeneira.gal\\\/index.php\\\/2019\\\/11\\\/20\\\/o-museo-do-mar-da-guarda-xa-forma-parte-da-rede-de-espazos-museisticos-atlanticos\\\/\",\"name\":\"O Museo do Mar da Guarda xa forma parte da Rede de Espazos Muse\u00edsticos Atl\u00e1nticos -\",\"isPartOf\":{\"@id\":\"https:\\\/\\\/www.anovapeneira.gal\\\/#website\"},\"primaryImageOfPage\":{\"@id\":\"https:\\\/\\\/www.anovapeneira.gal\\\/index.php\\\/2019\\\/11\\\/20\\\/o-museo-do-mar-da-guarda-xa-forma-parte-da-rede-de-espazos-museisticos-atlanticos\\\/#primaryimage\"},\"image\":{\"@id\":\"https:\\\/\\\/www.anovapeneira.gal\\\/index.php\\\/2019\\\/11\\\/20\\\/o-museo-do-mar-da-guarda-xa-forma-parte-da-rede-de-espazos-museisticos-atlanticos\\\/#primaryimage\"},\"thumbnailUrl\":\"https:\\\/\\\/www.anovapeneira.gal\\\/wp-content\\\/uploads\\\/2019\\\/11\\\/O-Museo-do-Mar-da-Guarda-xa-forma-parte-da-Rede-de-Espazos-Musei\u0301sticos-Atla\u0301nticos.jpg\",\"datePublished\":\"2019-11-20T13:00:16+00:00\",\"breadcrumb\":{\"@id\":\"https:\\\/\\\/www.anovapeneira.gal\\\/index.php\\\/2019\\\/11\\\/20\\\/o-museo-do-mar-da-guarda-xa-forma-parte-da-rede-de-espazos-museisticos-atlanticos\\\/#breadcrumb\"},\"inLanguage\":\"gl-ES\",\"potentialAction\":[{\"@type\":\"ReadAction\",\"target\":[\"https:\\\/\\\/www.anovapeneira.gal\\\/index.php\\\/2019\\\/11\\\/20\\\/o-museo-do-mar-da-guarda-xa-forma-parte-da-rede-de-espazos-museisticos-atlanticos\\\/\"]}]},{\"@type\":\"ImageObject\",\"inLanguage\":\"gl-ES\",\"@id\":\"https:\\\/\\\/www.anovapeneira.gal\\\/index.php\\\/2019\\\/11\\\/20\\\/o-museo-do-mar-da-guarda-xa-forma-parte-da-rede-de-espazos-museisticos-atlanticos\\\/#primaryimage\",\"url\":\"https:\\\/\\\/www.anovapeneira.gal\\\/wp-content\\\/uploads\\\/2019\\\/11\\\/O-Museo-do-Mar-da-Guarda-xa-forma-parte-da-Rede-de-Espazos-Musei\u0301sticos-Atla\u0301nticos.jpg\",\"contentUrl\":\"https:\\\/\\\/www.anovapeneira.gal\\\/wp-content\\\/uploads\\\/2019\\\/11\\\/O-Museo-do-Mar-da-Guarda-xa-forma-parte-da-Rede-de-Espazos-Musei\u0301sticos-Atla\u0301nticos.jpg\",\"width\":720,\"height\":432,\"caption\":\"Museo do mar da Guarda A Nova Peneira\"},{\"@type\":\"BreadcrumbList\",\"@id\":\"https:\\\/\\\/www.anovapeneira.gal\\\/index.php\\\/2019\\\/11\\\/20\\\/o-museo-do-mar-da-guarda-xa-forma-parte-da-rede-de-espazos-museisticos-atlanticos\\\/#breadcrumb\",\"itemListElement\":[{\"@type\":\"ListItem\",\"position\":1,\"name\":\"Portada\",\"item\":\"https:\\\/\\\/www.anovapeneira.gal\\\/\"},{\"@type\":\"ListItem\",\"position\":2,\"name\":\"O Museo do Mar da Guarda xa forma parte da Rede de Espazos Muse\u00edsticos Atl\u00e1nticos\"}]},{\"@type\":\"WebSite\",\"@id\":\"https:\\\/\\\/www.anovapeneira.gal\\\/#website\",\"url\":\"https:\\\/\\\/www.anovapeneira.gal\\\/\",\"name\":\"\",\"description\":\"Xornal galego de informaci\u00f3n xeral Publicaci\u00f3n mensual de novas de Galicia e en especial dos Concellos da sur da provincia de Pontevedra.\",\"publisher\":{\"@id\":\"https:\\\/\\\/www.anovapeneira.gal\\\/#organization\"},\"potentialAction\":[{\"@type\":\"SearchAction\",\"target\":{\"@type\":\"EntryPoint\",\"urlTemplate\":\"https:\\\/\\\/www.anovapeneira.gal\\\/?s={search_term_string}\"},\"query-input\":{\"@type\":\"PropertyValueSpecification\",\"valueRequired\":true,\"valueName\":\"search_term_string\"}}],\"inLanguage\":\"gl-ES\"},{\"@type\":\"Organization\",\"@id\":\"https:\\\/\\\/www.anovapeneira.gal\\\/#organization\",\"name\":\"A Nova Peneira\",\"url\":\"https:\\\/\\\/www.anovapeneira.gal\\\/\",\"logo\":{\"@type\":\"ImageObject\",\"inLanguage\":\"gl-ES\",\"@id\":\"https:\\\/\\\/www.anovapeneira.gal\\\/#\\\/schema\\\/logo\\\/image\\\/\",\"url\":\"http:\\\/\\\/www.anovapeneira.gal\\\/wp-content\\\/uploads\\\/2019\\\/06\\\/logo_a_nova_peneira_portal_web.png\",\"contentUrl\":\"http:\\\/\\\/www.anovapeneira.gal\\\/wp-content\\\/uploads\\\/2019\\\/06\\\/logo_a_nova_peneira_portal_web.png\",\"width\":300,\"height\":100,\"caption\":\"A Nova Peneira\"},\"image\":{\"@id\":\"https:\\\/\\\/www.anovapeneira.gal\\\/#\\\/schema\\\/logo\\\/image\\\/\"},\"sameAs\":[\"https:\\\/\\\/www.facebook.com\\\/anovapeneira\",\"https:\\\/\\\/x.com\\\/APeneira\"]},{\"@type\":\"Person\",\"@id\":\"https:\\\/\\\/www.anovapeneira.gal\\\/#\\\/schema\\\/person\\\/b93e3f8932e3f8da96334607eb6ac6aa\",\"name\":\"Redacci\u00f3n A Nova Peneira\",\"image\":{\"@type\":\"ImageObject\",\"inLanguage\":\"gl-ES\",\"@id\":\"https:\\\/\\\/secure.gravatar.com\\\/avatar\\\/c052a2551a06e23fac63626232eaa90abd78dbcf1700fc46a2b2c89fd27b735f?s=96&d=mm&r=g\",\"url\":\"https:\\\/\\\/secure.gravatar.com\\\/avatar\\\/c052a2551a06e23fac63626232eaa90abd78dbcf1700fc46a2b2c89fd27b735f?s=96&d=mm&r=g\",\"contentUrl\":\"https:\\\/\\\/secure.gravatar.com\\\/avatar\\\/c052a2551a06e23fac63626232eaa90abd78dbcf1700fc46a2b2c89fd27b735f?s=96&d=mm&r=g\",\"caption\":\"Redacci\u00f3n A Nova Peneira\"},\"sameAs\":[\"http:\\\/\\\/www.anovapeneira.gal\\\/\"],\"url\":\"https:\\\/\\\/www.anovapeneira.gal\\\/index.php\\\/author\\\/redactor\\\/\"}]}<\/script>\n<!-- \/ Yoast SEO plugin. -->","yoast_head_json":{"title":"O Museo do Mar da Guarda xa forma parte da Rede de Espazos Muse\u00edsticos Atl\u00e1nticos -","robots":{"index":"index","follow":"follow","max-snippet":"max-snippet:-1","max-image-preview":"max-image-preview:large","max-video-preview":"max-video-preview:-1"},"canonical":"https:\/\/www.anovapeneira.gal\/index.php\/2019\/11\/20\/o-museo-do-mar-da-guarda-xa-forma-parte-da-rede-de-espazos-museisticos-atlanticos\/","og_locale":"gl_ES","og_type":"article","og_title":"O Museo do Mar da Guarda xa forma parte da Rede de Espazos Muse\u00edsticos Atl\u00e1nticos -","og_description":"O Museo do Mar da Guarda, xa forma parte da Rede de Espazos Muse\u00edsticos Atl\u00e1nticos (REMA) [...]","og_url":"https:\/\/www.anovapeneira.gal\/index.php\/2019\/11\/20\/o-museo-do-mar-da-guarda-xa-forma-parte-da-rede-de-espazos-museisticos-atlanticos\/","article_publisher":"https:\/\/www.facebook.com\/anovapeneira","article_published_time":"2019-11-20T13:00:16+00:00","og_image":[{"width":720,"height":432,"url":"https:\/\/www.anovapeneira.gal\/wp-content\/uploads\/2019\/11\/O-Museo-do-Mar-da-Guarda-xa-forma-parte-da-Rede-de-Espazos-Musei\u0301sticos-Atla\u0301nticos.jpg","type":"image\/jpeg"}],"author":"Redacci\u00f3n A Nova Peneira","twitter_card":"summary_large_image","twitter_creator":"@APeneira","twitter_site":"@APeneira","twitter_misc":{"Escrito por":"Redacci\u00f3n A Nova Peneira","Tempo de lectura":"2 minutos"},"schema":{"@context":"https:\/\/schema.org","@graph":[{"@type":"Article","@id":"https:\/\/www.anovapeneira.gal\/index.php\/2019\/11\/20\/o-museo-do-mar-da-guarda-xa-forma-parte-da-rede-de-espazos-museisticos-atlanticos\/#article","isPartOf":{"@id":"https:\/\/www.anovapeneira.gal\/index.php\/2019\/11\/20\/o-museo-do-mar-da-guarda-xa-forma-parte-da-rede-de-espazos-museisticos-atlanticos\/"},"author":{"name":"Redacci\u00f3n A Nova Peneira","@id":"https:\/\/www.anovapeneira.gal\/#\/schema\/person\/b93e3f8932e3f8da96334607eb6ac6aa"},"headline":"O Museo do Mar da Guarda xa forma parte da Rede de Espazos Muse\u00edsticos Atl\u00e1nticos","datePublished":"2019-11-20T13:00:16+00:00","mainEntityOfPage":{"@id":"https:\/\/www.anovapeneira.gal\/index.php\/2019\/11\/20\/o-museo-do-mar-da-guarda-xa-forma-parte-da-rede-de-espazos-museisticos-atlanticos\/"},"wordCount":353,"commentCount":0,"publisher":{"@id":"https:\/\/www.anovapeneira.gal\/#organization"},"image":{"@id":"https:\/\/www.anovapeneira.gal\/index.php\/2019\/11\/20\/o-museo-do-mar-da-guarda-xa-forma-parte-da-rede-de-espazos-museisticos-atlanticos\/#primaryimage"},"thumbnailUrl":"https:\/\/www.anovapeneira.gal\/wp-content\/uploads\/2019\/11\/O-Museo-do-Mar-da-Guarda-xa-forma-parte-da-Rede-de-Espazos-Musei\u0301sticos-Atla\u0301nticos.jpg","keywords":["Centro de interpretaci\u00f3n do Castelo de Santa Cruz","Concello da Guarda","Cultura","MASAT","Museo do mar","REMA"],"articleSection":["Baixo Mi\u00f1o"],"inLanguage":"gl-ES","potentialAction":[{"@type":"CommentAction","name":"Comment","target":["https:\/\/www.anovapeneira.gal\/index.php\/2019\/11\/20\/o-museo-do-mar-da-guarda-xa-forma-parte-da-rede-de-espazos-museisticos-atlanticos\/#respond"]}]},{"@type":"WebPage","@id":"https:\/\/www.anovapeneira.gal\/index.php\/2019\/11\/20\/o-museo-do-mar-da-guarda-xa-forma-parte-da-rede-de-espazos-museisticos-atlanticos\/","url":"https:\/\/www.anovapeneira.gal\/index.php\/2019\/11\/20\/o-museo-do-mar-da-guarda-xa-forma-parte-da-rede-de-espazos-museisticos-atlanticos\/","name":"O Museo do Mar da Guarda xa forma parte da Rede de Espazos Muse\u00edsticos Atl\u00e1nticos -","isPartOf":{"@id":"https:\/\/www.anovapeneira.gal\/#website"},"primaryImageOfPage":{"@id":"https:\/\/www.anovapeneira.gal\/index.php\/2019\/11\/20\/o-museo-do-mar-da-guarda-xa-forma-parte-da-rede-de-espazos-museisticos-atlanticos\/#primaryimage"},"image":{"@id":"https:\/\/www.anovapeneira.gal\/index.php\/2019\/11\/20\/o-museo-do-mar-da-guarda-xa-forma-parte-da-rede-de-espazos-museisticos-atlanticos\/#primaryimage"},"thumbnailUrl":"https:\/\/www.anovapeneira.gal\/wp-content\/uploads\/2019\/11\/O-Museo-do-Mar-da-Guarda-xa-forma-parte-da-Rede-de-Espazos-Musei\u0301sticos-Atla\u0301nticos.jpg","datePublished":"2019-11-20T13:00:16+00:00","breadcrumb":{"@id":"https:\/\/www.anovapeneira.gal\/index.php\/2019\/11\/20\/o-museo-do-mar-da-guarda-xa-forma-parte-da-rede-de-espazos-museisticos-atlanticos\/#breadcrumb"},"inLanguage":"gl-ES","potentialAction":[{"@type":"ReadAction","target":["https:\/\/www.anovapeneira.gal\/index.php\/2019\/11\/20\/o-museo-do-mar-da-guarda-xa-forma-parte-da-rede-de-espazos-museisticos-atlanticos\/"]}]},{"@type":"ImageObject","inLanguage":"gl-ES","@id":"https:\/\/www.anovapeneira.gal\/index.php\/2019\/11\/20\/o-museo-do-mar-da-guarda-xa-forma-parte-da-rede-de-espazos-museisticos-atlanticos\/#primaryimage","url":"https:\/\/www.anovapeneira.gal\/wp-content\/uploads\/2019\/11\/O-Museo-do-Mar-da-Guarda-xa-forma-parte-da-Rede-de-Espazos-Musei\u0301sticos-Atla\u0301nticos.jpg","contentUrl":"https:\/\/www.anovapeneira.gal\/wp-content\/uploads\/2019\/11\/O-Museo-do-Mar-da-Guarda-xa-forma-parte-da-Rede-de-Espazos-Musei\u0301sticos-Atla\u0301nticos.jpg","width":720,"height":432,"caption":"Museo do mar da Guarda A Nova Peneira"},{"@type":"BreadcrumbList","@id":"https:\/\/www.anovapeneira.gal\/index.php\/2019\/11\/20\/o-museo-do-mar-da-guarda-xa-forma-parte-da-rede-de-espazos-museisticos-atlanticos\/#breadcrumb","itemListElement":[{"@type":"ListItem","position":1,"name":"Portada","item":"https:\/\/www.anovapeneira.gal\/"},{"@type":"ListItem","position":2,"name":"O Museo do Mar da Guarda xa forma parte da Rede de Espazos Muse\u00edsticos Atl\u00e1nticos"}]},{"@type":"WebSite","@id":"https:\/\/www.anovapeneira.gal\/#website","url":"https:\/\/www.anovapeneira.gal\/","name":"","description":"Xornal galego de informaci\u00f3n xeral Publicaci\u00f3n mensual de novas de Galicia e en especial dos Concellos da sur da provincia de Pontevedra.","publisher":{"@id":"https:\/\/www.anovapeneira.gal\/#organization"},"potentialAction":[{"@type":"SearchAction","target":{"@type":"EntryPoint","urlTemplate":"https:\/\/www.anovapeneira.gal\/?s={search_term_string}"},"query-input":{"@type":"PropertyValueSpecification","valueRequired":true,"valueName":"search_term_string"}}],"inLanguage":"gl-ES"},{"@type":"Organization","@id":"https:\/\/www.anovapeneira.gal\/#organization","name":"A Nova Peneira","url":"https:\/\/www.anovapeneira.gal\/","logo":{"@type":"ImageObject","inLanguage":"gl-ES","@id":"https:\/\/www.anovapeneira.gal\/#\/schema\/logo\/image\/","url":"http:\/\/www.anovapeneira.gal\/wp-content\/uploads\/2019\/06\/logo_a_nova_peneira_portal_web.png","contentUrl":"http:\/\/www.anovapeneira.gal\/wp-content\/uploads\/2019\/06\/logo_a_nova_peneira_portal_web.png","width":300,"height":100,"caption":"A Nova Peneira"},"image":{"@id":"https:\/\/www.anovapeneira.gal\/#\/schema\/logo\/image\/"},"sameAs":["https:\/\/www.facebook.com\/anovapeneira","https:\/\/x.com\/APeneira"]},{"@type":"Person","@id":"https:\/\/www.anovapeneira.gal\/#\/schema\/person\/b93e3f8932e3f8da96334607eb6ac6aa","name":"Redacci\u00f3n A Nova Peneira","image":{"@type":"ImageObject","inLanguage":"gl-ES","@id":"https:\/\/secure.gravatar.com\/avatar\/c052a2551a06e23fac63626232eaa90abd78dbcf1700fc46a2b2c89fd27b735f?s=96&d=mm&r=g","url":"https:\/\/secure.gravatar.com\/avatar\/c052a2551a06e23fac63626232eaa90abd78dbcf1700fc46a2b2c89fd27b735f?s=96&d=mm&r=g","contentUrl":"https:\/\/secure.gravatar.com\/avatar\/c052a2551a06e23fac63626232eaa90abd78dbcf1700fc46a2b2c89fd27b735f?s=96&d=mm&r=g","caption":"Redacci\u00f3n A Nova Peneira"},"sameAs":["http:\/\/www.anovapeneira.gal\/"],"url":"https:\/\/www.anovapeneira.gal\/index.php\/author\/redactor\/"}]}},"jetpack_featured_media_url":"https:\/\/www.anovapeneira.gal\/wp-content\/uploads\/2019\/11\/O-Museo-do-Mar-da-Guarda-xa-forma-parte-da-Rede-de-Espazos-Musei\u0301sticos-Atla\u0301nticos.jpg","_links":{"self":[{"href":"https:\/\/www.anovapeneira.gal\/index.php\/wp-json\/wp\/v2\/posts\/1806","targetHints":{"allow":["GET"]}}],"collection":[{"href":"https:\/\/www.anovapeneira.gal\/index.php\/wp-json\/wp\/v2\/posts"}],"about":[{"href":"https:\/\/www.anovapeneira.gal\/index.php\/wp-json\/wp\/v2\/types\/post"}],"author":[{"embeddable":true,"href":"https:\/\/www.anovapeneira.gal\/index.php\/wp-json\/wp\/v2\/users\/3"}],"replies":[{"embeddable":true,"href":"https:\/\/www.anovapeneira.gal\/index.php\/wp-json\/wp\/v2\/comments?post=1806"}],"version-history":[{"count":1,"href":"https:\/\/www.anovapeneira.gal\/index.php\/wp-json\/wp\/v2\/posts\/1806\/revisions"}],"predecessor-version":[{"id":1808,"href":"https:\/\/www.anovapeneira.gal\/index.php\/wp-json\/wp\/v2\/posts\/1806\/revisions\/1808"}],"wp:featuredmedia":[{"embeddable":true,"href":"https:\/\/www.anovapeneira.gal\/index.php\/wp-json\/wp\/v2\/media\/1807"}],"wp:attachment":[{"href":"https:\/\/www.anovapeneira.gal\/index.php\/wp-json\/wp\/v2\/media?parent=1806"}],"wp:term":[{"taxonomy":"category","embeddable":true,"href":"https:\/\/www.anovapeneira.gal\/index.php\/wp-json\/wp\/v2\/categories?post=1806"},{"taxonomy":"post_tag","embeddable":true,"href":"https:\/\/www.anovapeneira.gal\/index.php\/wp-json\/wp\/v2\/tags?post=1806"}],"curies":[{"name":"wp","href":"https:\/\/api.w.org\/{rel}","templated":true}]}}