{"id":1815,"date":"2019-11-21T14:00:13","date_gmt":"2019-11-21T13:00:13","guid":{"rendered":"http:\/\/www.anovapeneira.gal\/?p=1815"},"modified":"2019-11-19T15:54:02","modified_gmt":"2019-11-19T14:54:02","slug":"o-sergas-adxudica-a-dedo-unha-unidade-de-fisioterapia-ao-centro-de-saude-de-tenorio","status":"publish","type":"post","link":"https:\/\/www.anovapeneira.gal\/index.php\/2019\/11\/21\/o-sergas-adxudica-a-dedo-unha-unidade-de-fisioterapia-ao-centro-de-saude-de-tenorio\/","title":{"rendered":"O Sergas adxudica \u2018a dedo\u2019 unha unidade de  Fisioterapia ao centro de sa\u00fade de Tenorio"},"content":{"rendered":"\n<h2 class=\"wp-block-heading\">A Xunta utiliza \u00e1s 5.600 veci\u00f1as e veci\u00f1os de Ponte Caldelas para xustificar unha inversi\u00f3n caciquil noutro concello. <\/h2>\n\n\n\n<h2 class=\"wp-block-heading\">Garantir persoal m\u00e9dico en todos os centros de sa\u00fade, cubrir baixas e vacaci\u00f3ns dos profesionais e adecentar os propios centros ten que ser a prioridade neste momento. <\/h2>\n\n\n\n<p>Ponte Caldelas, 15 de novembro de 2019<\/p>\n\n\n\n<p>Enter\u00e1monos polos medios de comunicaci\u00f3n que  o  centro  de  sa\u00fade  de  Tenorio  vai  acoller  unha  unidade  de  Fisioterapia  que  dar\u00e1 cobertura  a  15.000  persoas  dos  concellos  de  Cerdedo-Cotobade,  Ponte  Caldelas,  A Lama  e  Forcarei.  Vemos  con  bos  ollos  que  se  po\u00f1a  en  marcha  novos  servizos  para  a cidadan\u00eda  e  alegr\u00e1monos  polos  veci\u00f1os  de  Tenorio,  pero  as  cuesti\u00f3ns  que  afectan  \u00e1 poboaci\u00f3n   de   varios   concellos   deben   tomarse   de   xeito   consensuado   e   non   con asignaci\u00f3ns  \u2018a  dedo\u2019.  Non  se  pode  consentir  que  a  Xunta  de  Galicia  utilice  \u00e1s  5.600 veci\u00f1as  e  veci\u00f1os  de  Ponte  Caldelas  para  xustificar  unha  inversi\u00f3n  caciquil  no  concello de Cerdedo-Cotobade. O Sergas non consultou con n\u00f3s a ubicaci\u00f3n desta nova unidade de Fisioterapia e ub\u00edcaa nun  centro  de  sa\u00fade  que  non  \u00e9  de  referencia  nin  presta  ningunha  utilidade  a  Ponte Caldelas.  Tampouco  o  consultou  co  concello  de  Forcarei.  Por  qu\u00e9  se  escolleu  Tenorio? Entendemos  que  a  decisi\u00f3n  de  ubicalo  en  Tenorio,  no  termo  municipal  de  Cerdedo-Cotobade, se debe \u00fanica e exclusivamente a unha decisi\u00f3n partidista, pol\u00edtica. Mentres os centros de sa\u00fade da contorna sufren recortes en persoal, pois non se cubren baixas  m\u00e9dicas  nin  vacaci\u00f3ns  e  temos  profesionais  compartidos  entre  centros  de diferentes  concellos,  mentres  os  edificios  sanitarios  da  comarca  precisan  melloras  na propia infraestrutura, para os concellos amigos hai novos servizos, servizo pioneiros que lle  po\u00f1en  unha  \u2018medalla\u2019  a  un  alcalde  amigo,  do  PP,  e  actual  voceiro  deste  partido  na Deputaci\u00f3n de Pontevedra. Casualidades.  Os novos servizos est\u00e1n moi ben, pero hai que apostar por mellorar as infraestruturas xa existentes,  por  garantizar  \u00e1  veci\u00f1anza  que  un  profesional  sanitario  o  vai  atender  no  seu centro  de  sa\u00fade  cando  a  s\u00faa  m\u00e9dica  non  est\u00e1.  En  Ponte  Caldelas  queremos  ter  un centro  de  sa\u00fade  ben  atendido  e,  por  suposto,  tam\u00e9n  nos  gustar\u00eda  ter  unha  Unidade  de Fisioterapia propia para a nosa veci\u00f1anza. <\/p>\n","protected":false},"excerpt":{"rendered":"<div class=\"mh-excerpt\"><p>A Xunta utiliza \u00e1s 5.600 veci\u00f1as e veci\u00f1os de Ponte Caldelas para xustificar unha inversi\u00f3n caciquil noutro concello <a class=\"mh-excerpt-more\" href=\"https:\/\/www.anovapeneira.gal\/index.php\/2019\/11\/21\/o-sergas-adxudica-a-dedo-unha-unidade-de-fisioterapia-ao-centro-de-saude-de-tenorio\/\" title=\"O Sergas adxudica \u2018a dedo\u2019 unha unidade de  Fisioterapia ao centro de sa\u00fade de Tenorio\">[&#8230;]<\/a><\/p>\n<\/div>","protected":false},"author":3,"featured_media":1816,"comment_status":"open","ping_status":"open","sticky":false,"template":"","format":"standard","meta":{"_exactmetrics_skip_tracking":false,"_exactmetrics_sitenote_active":false,"_exactmetrics_sitenote_note":"","_exactmetrics_sitenote_category":0,"footnotes":""},"categories":[26],"tags":[128,807,410],"class_list":{"0":"post-1815","1":"post","2":"type-post","3":"status-publish","4":"format-standard","5":"has-post-thumbnail","7":"category-pontevedra","8":"tag-concello-de-ponte-caldelas","9":"tag-fisioterapia","10":"tag-sergas"},"yoast_head":"<!-- This site is optimized with the Yoast SEO plugin v27.4 - https:\/\/yoast.com\/product\/yoast-seo-wordpress\/ -->\n<title>O Sergas adxudica \u2018a dedo\u2019 unha unidade de Fisioterapia ao centro de sa\u00fade de Tenorio -<\/title>\n<meta name=\"robots\" content=\"index, follow, max-snippet:-1, max-image-preview:large, max-video-preview:-1\" \/>\n<link rel=\"canonical\" href=\"https:\/\/www.anovapeneira.gal\/index.php\/2019\/11\/21\/o-sergas-adxudica-a-dedo-unha-unidade-de-fisioterapia-ao-centro-de-saude-de-tenorio\/\" \/>\n<meta property=\"og:locale\" content=\"gl_ES\" \/>\n<meta property=\"og:type\" content=\"article\" \/>\n<meta property=\"og:title\" content=\"O Sergas adxudica \u2018a dedo\u2019 unha unidade de Fisioterapia ao centro de sa\u00fade de Tenorio -\" \/>\n<meta property=\"og:description\" content=\"A Xunta utiliza \u00e1s 5.600 veci\u00f1as e veci\u00f1os de Ponte Caldelas para xustificar unha inversi\u00f3n caciquil noutro concello [...]\" \/>\n<meta property=\"og:url\" content=\"https:\/\/www.anovapeneira.gal\/index.php\/2019\/11\/21\/o-sergas-adxudica-a-dedo-unha-unidade-de-fisioterapia-ao-centro-de-saude-de-tenorio\/\" \/>\n<meta property=\"article:publisher\" content=\"https:\/\/www.facebook.com\/anovapeneira\" \/>\n<meta property=\"article:published_time\" content=\"2019-11-21T13:00:13+00:00\" \/>\n<meta property=\"og:image\" content=\"https:\/\/www.anovapeneira.gal\/wp-content\/uploads\/2019\/11\/concello_pontcaldelas_A_nova_peneira.png\" \/>\n\t<meta property=\"og:image:width\" content=\"720\" \/>\n\t<meta property=\"og:image:height\" content=\"432\" \/>\n\t<meta property=\"og:image:type\" content=\"image\/png\" \/>\n<meta name=\"author\" content=\"Redacci\u00f3n A Nova Peneira\" \/>\n<meta name=\"twitter:card\" content=\"summary_large_image\" \/>\n<meta name=\"twitter:creator\" content=\"@APeneira\" \/>\n<meta name=\"twitter:site\" content=\"@APeneira\" \/>\n<meta name=\"twitter:label1\" content=\"Escrito por\" \/>\n\t<meta name=\"twitter:data1\" content=\"Redacci\u00f3n A Nova Peneira\" \/>\n\t<meta name=\"twitter:label2\" content=\"Tempo de lectura\" \/>\n\t<meta name=\"twitter:data2\" content=\"2 minutos\" \/>\n<script type=\"application\/ld+json\" class=\"yoast-schema-graph\">{\"@context\":\"https:\\\/\\\/schema.org\",\"@graph\":[{\"@type\":\"Article\",\"@id\":\"https:\\\/\\\/www.anovapeneira.gal\\\/index.php\\\/2019\\\/11\\\/21\\\/o-sergas-adxudica-a-dedo-unha-unidade-de-fisioterapia-ao-centro-de-saude-de-tenorio\\\/#article\",\"isPartOf\":{\"@id\":\"https:\\\/\\\/www.anovapeneira.gal\\\/index.php\\\/2019\\\/11\\\/21\\\/o-sergas-adxudica-a-dedo-unha-unidade-de-fisioterapia-ao-centro-de-saude-de-tenorio\\\/\"},\"author\":{\"name\":\"Redacci\u00f3n A Nova Peneira\",\"@id\":\"https:\\\/\\\/www.anovapeneira.gal\\\/#\\\/schema\\\/person\\\/b93e3f8932e3f8da96334607eb6ac6aa\"},\"headline\":\"O Sergas adxudica \u2018a dedo\u2019 unha unidade de Fisioterapia ao centro de sa\u00fade de Tenorio\",\"datePublished\":\"2019-11-21T13:00:13+00:00\",\"mainEntityOfPage\":{\"@id\":\"https:\\\/\\\/www.anovapeneira.gal\\\/index.php\\\/2019\\\/11\\\/21\\\/o-sergas-adxudica-a-dedo-unha-unidade-de-fisioterapia-ao-centro-de-saude-de-tenorio\\\/\"},\"wordCount\":402,\"commentCount\":0,\"publisher\":{\"@id\":\"https:\\\/\\\/www.anovapeneira.gal\\\/#organization\"},\"image\":{\"@id\":\"https:\\\/\\\/www.anovapeneira.gal\\\/index.php\\\/2019\\\/11\\\/21\\\/o-sergas-adxudica-a-dedo-unha-unidade-de-fisioterapia-ao-centro-de-saude-de-tenorio\\\/#primaryimage\"},\"thumbnailUrl\":\"https:\\\/\\\/www.anovapeneira.gal\\\/wp-content\\\/uploads\\\/2019\\\/11\\\/concello_pontcaldelas_A_nova_peneira.png\",\"keywords\":[\"Concello de Ponte Caldelas\",\"Fisioterapia\",\"Sergas\"],\"articleSection\":[\"Pontevedra\"],\"inLanguage\":\"gl-ES\",\"potentialAction\":[{\"@type\":\"CommentAction\",\"name\":\"Comment\",\"target\":[\"https:\\\/\\\/www.anovapeneira.gal\\\/index.php\\\/2019\\\/11\\\/21\\\/o-sergas-adxudica-a-dedo-unha-unidade-de-fisioterapia-ao-centro-de-saude-de-tenorio\\\/#respond\"]}]},{\"@type\":\"WebPage\",\"@id\":\"https:\\\/\\\/www.anovapeneira.gal\\\/index.php\\\/2019\\\/11\\\/21\\\/o-sergas-adxudica-a-dedo-unha-unidade-de-fisioterapia-ao-centro-de-saude-de-tenorio\\\/\",\"url\":\"https:\\\/\\\/www.anovapeneira.gal\\\/index.php\\\/2019\\\/11\\\/21\\\/o-sergas-adxudica-a-dedo-unha-unidade-de-fisioterapia-ao-centro-de-saude-de-tenorio\\\/\",\"name\":\"O Sergas adxudica \u2018a dedo\u2019 unha unidade de Fisioterapia ao centro de sa\u00fade de Tenorio -\",\"isPartOf\":{\"@id\":\"https:\\\/\\\/www.anovapeneira.gal\\\/#website\"},\"primaryImageOfPage\":{\"@id\":\"https:\\\/\\\/www.anovapeneira.gal\\\/index.php\\\/2019\\\/11\\\/21\\\/o-sergas-adxudica-a-dedo-unha-unidade-de-fisioterapia-ao-centro-de-saude-de-tenorio\\\/#primaryimage\"},\"image\":{\"@id\":\"https:\\\/\\\/www.anovapeneira.gal\\\/index.php\\\/2019\\\/11\\\/21\\\/o-sergas-adxudica-a-dedo-unha-unidade-de-fisioterapia-ao-centro-de-saude-de-tenorio\\\/#primaryimage\"},\"thumbnailUrl\":\"https:\\\/\\\/www.anovapeneira.gal\\\/wp-content\\\/uploads\\\/2019\\\/11\\\/concello_pontcaldelas_A_nova_peneira.png\",\"datePublished\":\"2019-11-21T13:00:13+00:00\",\"breadcrumb\":{\"@id\":\"https:\\\/\\\/www.anovapeneira.gal\\\/index.php\\\/2019\\\/11\\\/21\\\/o-sergas-adxudica-a-dedo-unha-unidade-de-fisioterapia-ao-centro-de-saude-de-tenorio\\\/#breadcrumb\"},\"inLanguage\":\"gl-ES\",\"potentialAction\":[{\"@type\":\"ReadAction\",\"target\":[\"https:\\\/\\\/www.anovapeneira.gal\\\/index.php\\\/2019\\\/11\\\/21\\\/o-sergas-adxudica-a-dedo-unha-unidade-de-fisioterapia-ao-centro-de-saude-de-tenorio\\\/\"]}]},{\"@type\":\"ImageObject\",\"inLanguage\":\"gl-ES\",\"@id\":\"https:\\\/\\\/www.anovapeneira.gal\\\/index.php\\\/2019\\\/11\\\/21\\\/o-sergas-adxudica-a-dedo-unha-unidade-de-fisioterapia-ao-centro-de-saude-de-tenorio\\\/#primaryimage\",\"url\":\"https:\\\/\\\/www.anovapeneira.gal\\\/wp-content\\\/uploads\\\/2019\\\/11\\\/concello_pontcaldelas_A_nova_peneira.png\",\"contentUrl\":\"https:\\\/\\\/www.anovapeneira.gal\\\/wp-content\\\/uploads\\\/2019\\\/11\\\/concello_pontcaldelas_A_nova_peneira.png\",\"width\":720,\"height\":432,\"caption\":\"Concello de Ponte Caldelas A Nova Peneira\"},{\"@type\":\"BreadcrumbList\",\"@id\":\"https:\\\/\\\/www.anovapeneira.gal\\\/index.php\\\/2019\\\/11\\\/21\\\/o-sergas-adxudica-a-dedo-unha-unidade-de-fisioterapia-ao-centro-de-saude-de-tenorio\\\/#breadcrumb\",\"itemListElement\":[{\"@type\":\"ListItem\",\"position\":1,\"name\":\"Portada\",\"item\":\"https:\\\/\\\/www.anovapeneira.gal\\\/\"},{\"@type\":\"ListItem\",\"position\":2,\"name\":\"O Sergas adxudica \u2018a dedo\u2019 unha unidade de Fisioterapia ao centro de sa\u00fade de Tenorio\"}]},{\"@type\":\"WebSite\",\"@id\":\"https:\\\/\\\/www.anovapeneira.gal\\\/#website\",\"url\":\"https:\\\/\\\/www.anovapeneira.gal\\\/\",\"name\":\"\",\"description\":\"Xornal galego de informaci\u00f3n xeral Publicaci\u00f3n mensual de novas de Galicia e en especial dos Concellos da sur da provincia de Pontevedra.\",\"publisher\":{\"@id\":\"https:\\\/\\\/www.anovapeneira.gal\\\/#organization\"},\"potentialAction\":[{\"@type\":\"SearchAction\",\"target\":{\"@type\":\"EntryPoint\",\"urlTemplate\":\"https:\\\/\\\/www.anovapeneira.gal\\\/?s={search_term_string}\"},\"query-input\":{\"@type\":\"PropertyValueSpecification\",\"valueRequired\":true,\"valueName\":\"search_term_string\"}}],\"inLanguage\":\"gl-ES\"},{\"@type\":\"Organization\",\"@id\":\"https:\\\/\\\/www.anovapeneira.gal\\\/#organization\",\"name\":\"A Nova Peneira\",\"url\":\"https:\\\/\\\/www.anovapeneira.gal\\\/\",\"logo\":{\"@type\":\"ImageObject\",\"inLanguage\":\"gl-ES\",\"@id\":\"https:\\\/\\\/www.anovapeneira.gal\\\/#\\\/schema\\\/logo\\\/image\\\/\",\"url\":\"http:\\\/\\\/www.anovapeneira.gal\\\/wp-content\\\/uploads\\\/2019\\\/06\\\/logo_a_nova_peneira_portal_web.png\",\"contentUrl\":\"http:\\\/\\\/www.anovapeneira.gal\\\/wp-content\\\/uploads\\\/2019\\\/06\\\/logo_a_nova_peneira_portal_web.png\",\"width\":300,\"height\":100,\"caption\":\"A Nova Peneira\"},\"image\":{\"@id\":\"https:\\\/\\\/www.anovapeneira.gal\\\/#\\\/schema\\\/logo\\\/image\\\/\"},\"sameAs\":[\"https:\\\/\\\/www.facebook.com\\\/anovapeneira\",\"https:\\\/\\\/x.com\\\/APeneira\"]},{\"@type\":\"Person\",\"@id\":\"https:\\\/\\\/www.anovapeneira.gal\\\/#\\\/schema\\\/person\\\/b93e3f8932e3f8da96334607eb6ac6aa\",\"name\":\"Redacci\u00f3n A Nova Peneira\",\"image\":{\"@type\":\"ImageObject\",\"inLanguage\":\"gl-ES\",\"@id\":\"https:\\\/\\\/secure.gravatar.com\\\/avatar\\\/c052a2551a06e23fac63626232eaa90abd78dbcf1700fc46a2b2c89fd27b735f?s=96&d=mm&r=g\",\"url\":\"https:\\\/\\\/secure.gravatar.com\\\/avatar\\\/c052a2551a06e23fac63626232eaa90abd78dbcf1700fc46a2b2c89fd27b735f?s=96&d=mm&r=g\",\"contentUrl\":\"https:\\\/\\\/secure.gravatar.com\\\/avatar\\\/c052a2551a06e23fac63626232eaa90abd78dbcf1700fc46a2b2c89fd27b735f?s=96&d=mm&r=g\",\"caption\":\"Redacci\u00f3n A Nova Peneira\"},\"sameAs\":[\"http:\\\/\\\/www.anovapeneira.gal\\\/\"],\"url\":\"https:\\\/\\\/www.anovapeneira.gal\\\/index.php\\\/author\\\/redactor\\\/\"}]}<\/script>\n<!-- \/ Yoast SEO plugin. -->","yoast_head_json":{"title":"O Sergas adxudica \u2018a dedo\u2019 unha unidade de Fisioterapia ao centro de sa\u00fade de Tenorio -","robots":{"index":"index","follow":"follow","max-snippet":"max-snippet:-1","max-image-preview":"max-image-preview:large","max-video-preview":"max-video-preview:-1"},"canonical":"https:\/\/www.anovapeneira.gal\/index.php\/2019\/11\/21\/o-sergas-adxudica-a-dedo-unha-unidade-de-fisioterapia-ao-centro-de-saude-de-tenorio\/","og_locale":"gl_ES","og_type":"article","og_title":"O Sergas adxudica \u2018a dedo\u2019 unha unidade de Fisioterapia ao centro de sa\u00fade de Tenorio -","og_description":"A Xunta utiliza \u00e1s 5.600 veci\u00f1as e veci\u00f1os de Ponte Caldelas para xustificar unha inversi\u00f3n caciquil noutro concello [...]","og_url":"https:\/\/www.anovapeneira.gal\/index.php\/2019\/11\/21\/o-sergas-adxudica-a-dedo-unha-unidade-de-fisioterapia-ao-centro-de-saude-de-tenorio\/","article_publisher":"https:\/\/www.facebook.com\/anovapeneira","article_published_time":"2019-11-21T13:00:13+00:00","og_image":[{"width":720,"height":432,"url":"https:\/\/www.anovapeneira.gal\/wp-content\/uploads\/2019\/11\/concello_pontcaldelas_A_nova_peneira.png","type":"image\/png"}],"author":"Redacci\u00f3n A Nova Peneira","twitter_card":"summary_large_image","twitter_creator":"@APeneira","twitter_site":"@APeneira","twitter_misc":{"Escrito por":"Redacci\u00f3n A Nova Peneira","Tempo de lectura":"2 minutos"},"schema":{"@context":"https:\/\/schema.org","@graph":[{"@type":"Article","@id":"https:\/\/www.anovapeneira.gal\/index.php\/2019\/11\/21\/o-sergas-adxudica-a-dedo-unha-unidade-de-fisioterapia-ao-centro-de-saude-de-tenorio\/#article","isPartOf":{"@id":"https:\/\/www.anovapeneira.gal\/index.php\/2019\/11\/21\/o-sergas-adxudica-a-dedo-unha-unidade-de-fisioterapia-ao-centro-de-saude-de-tenorio\/"},"author":{"name":"Redacci\u00f3n A Nova Peneira","@id":"https:\/\/www.anovapeneira.gal\/#\/schema\/person\/b93e3f8932e3f8da96334607eb6ac6aa"},"headline":"O Sergas adxudica \u2018a dedo\u2019 unha unidade de Fisioterapia ao centro de sa\u00fade de Tenorio","datePublished":"2019-11-21T13:00:13+00:00","mainEntityOfPage":{"@id":"https:\/\/www.anovapeneira.gal\/index.php\/2019\/11\/21\/o-sergas-adxudica-a-dedo-unha-unidade-de-fisioterapia-ao-centro-de-saude-de-tenorio\/"},"wordCount":402,"commentCount":0,"publisher":{"@id":"https:\/\/www.anovapeneira.gal\/#organization"},"image":{"@id":"https:\/\/www.anovapeneira.gal\/index.php\/2019\/11\/21\/o-sergas-adxudica-a-dedo-unha-unidade-de-fisioterapia-ao-centro-de-saude-de-tenorio\/#primaryimage"},"thumbnailUrl":"https:\/\/www.anovapeneira.gal\/wp-content\/uploads\/2019\/11\/concello_pontcaldelas_A_nova_peneira.png","keywords":["Concello de Ponte Caldelas","Fisioterapia","Sergas"],"articleSection":["Pontevedra"],"inLanguage":"gl-ES","potentialAction":[{"@type":"CommentAction","name":"Comment","target":["https:\/\/www.anovapeneira.gal\/index.php\/2019\/11\/21\/o-sergas-adxudica-a-dedo-unha-unidade-de-fisioterapia-ao-centro-de-saude-de-tenorio\/#respond"]}]},{"@type":"WebPage","@id":"https:\/\/www.anovapeneira.gal\/index.php\/2019\/11\/21\/o-sergas-adxudica-a-dedo-unha-unidade-de-fisioterapia-ao-centro-de-saude-de-tenorio\/","url":"https:\/\/www.anovapeneira.gal\/index.php\/2019\/11\/21\/o-sergas-adxudica-a-dedo-unha-unidade-de-fisioterapia-ao-centro-de-saude-de-tenorio\/","name":"O Sergas adxudica \u2018a dedo\u2019 unha unidade de Fisioterapia ao centro de sa\u00fade de Tenorio -","isPartOf":{"@id":"https:\/\/www.anovapeneira.gal\/#website"},"primaryImageOfPage":{"@id":"https:\/\/www.anovapeneira.gal\/index.php\/2019\/11\/21\/o-sergas-adxudica-a-dedo-unha-unidade-de-fisioterapia-ao-centro-de-saude-de-tenorio\/#primaryimage"},"image":{"@id":"https:\/\/www.anovapeneira.gal\/index.php\/2019\/11\/21\/o-sergas-adxudica-a-dedo-unha-unidade-de-fisioterapia-ao-centro-de-saude-de-tenorio\/#primaryimage"},"thumbnailUrl":"https:\/\/www.anovapeneira.gal\/wp-content\/uploads\/2019\/11\/concello_pontcaldelas_A_nova_peneira.png","datePublished":"2019-11-21T13:00:13+00:00","breadcrumb":{"@id":"https:\/\/www.anovapeneira.gal\/index.php\/2019\/11\/21\/o-sergas-adxudica-a-dedo-unha-unidade-de-fisioterapia-ao-centro-de-saude-de-tenorio\/#breadcrumb"},"inLanguage":"gl-ES","potentialAction":[{"@type":"ReadAction","target":["https:\/\/www.anovapeneira.gal\/index.php\/2019\/11\/21\/o-sergas-adxudica-a-dedo-unha-unidade-de-fisioterapia-ao-centro-de-saude-de-tenorio\/"]}]},{"@type":"ImageObject","inLanguage":"gl-ES","@id":"https:\/\/www.anovapeneira.gal\/index.php\/2019\/11\/21\/o-sergas-adxudica-a-dedo-unha-unidade-de-fisioterapia-ao-centro-de-saude-de-tenorio\/#primaryimage","url":"https:\/\/www.anovapeneira.gal\/wp-content\/uploads\/2019\/11\/concello_pontcaldelas_A_nova_peneira.png","contentUrl":"https:\/\/www.anovapeneira.gal\/wp-content\/uploads\/2019\/11\/concello_pontcaldelas_A_nova_peneira.png","width":720,"height":432,"caption":"Concello de Ponte Caldelas A Nova Peneira"},{"@type":"BreadcrumbList","@id":"https:\/\/www.anovapeneira.gal\/index.php\/2019\/11\/21\/o-sergas-adxudica-a-dedo-unha-unidade-de-fisioterapia-ao-centro-de-saude-de-tenorio\/#breadcrumb","itemListElement":[{"@type":"ListItem","position":1,"name":"Portada","item":"https:\/\/www.anovapeneira.gal\/"},{"@type":"ListItem","position":2,"name":"O Sergas adxudica \u2018a dedo\u2019 unha unidade de Fisioterapia ao centro de sa\u00fade de Tenorio"}]},{"@type":"WebSite","@id":"https:\/\/www.anovapeneira.gal\/#website","url":"https:\/\/www.anovapeneira.gal\/","name":"","description":"Xornal galego de informaci\u00f3n xeral Publicaci\u00f3n mensual de novas de Galicia e en especial dos Concellos da sur da provincia de Pontevedra.","publisher":{"@id":"https:\/\/www.anovapeneira.gal\/#organization"},"potentialAction":[{"@type":"SearchAction","target":{"@type":"EntryPoint","urlTemplate":"https:\/\/www.anovapeneira.gal\/?s={search_term_string}"},"query-input":{"@type":"PropertyValueSpecification","valueRequired":true,"valueName":"search_term_string"}}],"inLanguage":"gl-ES"},{"@type":"Organization","@id":"https:\/\/www.anovapeneira.gal\/#organization","name":"A Nova Peneira","url":"https:\/\/www.anovapeneira.gal\/","logo":{"@type":"ImageObject","inLanguage":"gl-ES","@id":"https:\/\/www.anovapeneira.gal\/#\/schema\/logo\/image\/","url":"http:\/\/www.anovapeneira.gal\/wp-content\/uploads\/2019\/06\/logo_a_nova_peneira_portal_web.png","contentUrl":"http:\/\/www.anovapeneira.gal\/wp-content\/uploads\/2019\/06\/logo_a_nova_peneira_portal_web.png","width":300,"height":100,"caption":"A Nova Peneira"},"image":{"@id":"https:\/\/www.anovapeneira.gal\/#\/schema\/logo\/image\/"},"sameAs":["https:\/\/www.facebook.com\/anovapeneira","https:\/\/x.com\/APeneira"]},{"@type":"Person","@id":"https:\/\/www.anovapeneira.gal\/#\/schema\/person\/b93e3f8932e3f8da96334607eb6ac6aa","name":"Redacci\u00f3n A Nova Peneira","image":{"@type":"ImageObject","inLanguage":"gl-ES","@id":"https:\/\/secure.gravatar.com\/avatar\/c052a2551a06e23fac63626232eaa90abd78dbcf1700fc46a2b2c89fd27b735f?s=96&d=mm&r=g","url":"https:\/\/secure.gravatar.com\/avatar\/c052a2551a06e23fac63626232eaa90abd78dbcf1700fc46a2b2c89fd27b735f?s=96&d=mm&r=g","contentUrl":"https:\/\/secure.gravatar.com\/avatar\/c052a2551a06e23fac63626232eaa90abd78dbcf1700fc46a2b2c89fd27b735f?s=96&d=mm&r=g","caption":"Redacci\u00f3n A Nova Peneira"},"sameAs":["http:\/\/www.anovapeneira.gal\/"],"url":"https:\/\/www.anovapeneira.gal\/index.php\/author\/redactor\/"}]}},"jetpack_featured_media_url":"https:\/\/www.anovapeneira.gal\/wp-content\/uploads\/2019\/11\/concello_pontcaldelas_A_nova_peneira.png","_links":{"self":[{"href":"https:\/\/www.anovapeneira.gal\/index.php\/wp-json\/wp\/v2\/posts\/1815","targetHints":{"allow":["GET"]}}],"collection":[{"href":"https:\/\/www.anovapeneira.gal\/index.php\/wp-json\/wp\/v2\/posts"}],"about":[{"href":"https:\/\/www.anovapeneira.gal\/index.php\/wp-json\/wp\/v2\/types\/post"}],"author":[{"embeddable":true,"href":"https:\/\/www.anovapeneira.gal\/index.php\/wp-json\/wp\/v2\/users\/3"}],"replies":[{"embeddable":true,"href":"https:\/\/www.anovapeneira.gal\/index.php\/wp-json\/wp\/v2\/comments?post=1815"}],"version-history":[{"count":1,"href":"https:\/\/www.anovapeneira.gal\/index.php\/wp-json\/wp\/v2\/posts\/1815\/revisions"}],"predecessor-version":[{"id":1817,"href":"https:\/\/www.anovapeneira.gal\/index.php\/wp-json\/wp\/v2\/posts\/1815\/revisions\/1817"}],"wp:featuredmedia":[{"embeddable":true,"href":"https:\/\/www.anovapeneira.gal\/index.php\/wp-json\/wp\/v2\/media\/1816"}],"wp:attachment":[{"href":"https:\/\/www.anovapeneira.gal\/index.php\/wp-json\/wp\/v2\/media?parent=1815"}],"wp:term":[{"taxonomy":"category","embeddable":true,"href":"https:\/\/www.anovapeneira.gal\/index.php\/wp-json\/wp\/v2\/categories?post=1815"},{"taxonomy":"post_tag","embeddable":true,"href":"https:\/\/www.anovapeneira.gal\/index.php\/wp-json\/wp\/v2\/tags?post=1815"}],"curies":[{"name":"wp","href":"https:\/\/api.w.org\/{rel}","templated":true}]}}