{"id":1821,"date":"2019-11-22T12:00:31","date_gmt":"2019-11-22T11:00:31","guid":{"rendered":"http:\/\/www.anovapeneira.gal\/?p=1821"},"modified":"2019-11-19T16:04:55","modified_gmt":"2019-11-19T15:04:55","slug":"os-colectivos-sociais-apostan-por-mellorar-o-transporte-publico-entre-as-parroquias-e-a-vila","status":"publish","type":"post","link":"https:\/\/www.anovapeneira.gal\/index.php\/2019\/11\/22\/os-colectivos-sociais-apostan-por-mellorar-o-transporte-publico-entre-as-parroquias-e-a-vila\/","title":{"rendered":"Os colectivos sociais apostan por mellorar o transporte p\u00fablico entre as parroquias e a vila"},"content":{"rendered":"\n<h2 class=\"wp-block-heading\"><strong>Os representantes veci\u00f1ais valoran positivamente o funcionamento da zona azul<\/strong><\/h2>\n\n\n\n<p> <strong>Ponteareas, 15 de novembro de 2019<\/strong><\/p>\n\n\n\n<p>O\nconcelleiro de Mobilidade e Tr\u00e1fico, Roberto Mera, e o equipo\nredactor do Plan de Mobilidade mantiveron onte un encontro con\ncolectivos veci\u00f1ais para recoller opini\u00f3ns sobre os modos de\ntransporte e desprazamento da poboaci\u00f3n. Na reuni\u00f3n participaron\nvarias ducias de representantes veci\u00f1ais, a maior parte deles de\ncolectivos parroquiais como comunidades de montes, asociaci\u00f3ns\nveci\u00f1ais e casas culturais.<\/p>\n\n\n\n<p>No\nencontro p\u00faxose de relevo o interese da veci\u00f1anza polo transporte\np\u00fablico no rural, salientando os asistentes os problemas de\ninformaci\u00f3n sobre as li\u00f1as e horarios de autobuses que prestan\nservizo nunha parte das parroquias da localidade. Tam\u00e9n se advert\u00edu\nda inexistencia do servizo nalgunhas parroquias ou da insuficiencia\nde li\u00f1as, horarios e frecuencias. Todos os representantes\ncoincidiron en demandar mellores horarios das li\u00f1as de autobuses,\nque se adapten mellor \u00e1s necesidades e \u00e1 demanda das persoas que\nviven no rural e carecen de medios de transporte privado. No mesmo\n\u00e1mbito do transporte p\u00fablico, os asistentes refer\u00edronse \u00e1\nexistencia de paradas sen delimitar ou sen marquesinas ou ubicadas en\nlugares pouco axeitados. \n<\/p>\n\n\n\n<p>Os\nrepresentantes coincidiron en sinalar que con maiores e mellores\nli\u00f1as de transporte, horarios e frecuencias, o uso do transporte\np\u00fablico ser\u00eda maior nas parroquias. De cara \u00e1 implantaci\u00f3n dun\nsistema de transporte p\u00fablico coas parroquias -que \u00e9 un dos\nobxectos de estudo do Plan de Mobilidade- os asistentes explicaron\nque deber\u00eda percorrer os barrios para recoller e deixar viaxeiros\nperto das s\u00faas vivendas sen limitarse \u00e1s paradas situadas en\nestradas principais, pois a xente que usar\u00eda o servizo \u00e9\nespecialmente xente maior que regresa cargada das compras en\nPonteareas. Ademais, consider\u00e1ronse tres destinos a ter en conta\npara o transporte desde as parroquias: a vila, onde se realizan\nxesti\u00f3ns e compras; o centro de sa\u00fade, ao que acude moita poboaci\u00f3n\nmaior do rural que carece de medios de desprazamento propios, e a\nUnidade de Exploraci\u00f3n Mamogr\u00e1fica da Casa do Mar en Vigo.<\/p>\n\n\n\n<p>En\ncanto aos horarios, os representantes veci\u00f1ais sinalaron que para\nacudir ao centro de sa\u00fade o transporte deber\u00eda ter horario de\nchegada ao redor das 8:30 da ma\u00f1\u00e1 e para acudir \u00e1 vila un horario\nde chegada sobre as 10 horas e de regreso sobre as 12.<\/p>\n\n\n\n<p>Todos\nos asistentes valoraron positivamente o funcionamento da zona azul e\nmesmo pediron a s\u00faa ampliaci\u00f3n, pois permite \u00e1 veci\u00f1anza das\nparroquias ter m\u00e1is posibilidades de atopar aparcamento en\nPonteareas. \n<\/p>\n\n\n\n<p>No\nencontro tam\u00e9n se transmitiron preocupaci\u00f3ns en materia de\nseguridade vial, como certos accesos \u00e1 N-120 desde parroquias ou a\ninexistencia de arc\u00e9ns en moitas estradas. A asociaci\u00f3n de maiores\ntam\u00e9n solicitou a utilizaci\u00f3n da Estaci\u00f3n de Autobuses para\nrecoller e deixar aos viaxeiros das excursi\u00f3ns que organizan\nhabitualmente.<\/p>\n","protected":false},"excerpt":{"rendered":"<div class=\"mh-excerpt\"><p>Os representantes veci\u00f1ais valoran positivamente o funcionamento da zona azul <a class=\"mh-excerpt-more\" href=\"https:\/\/www.anovapeneira.gal\/index.php\/2019\/11\/22\/os-colectivos-sociais-apostan-por-mellorar-o-transporte-publico-entre-as-parroquias-e-a-vila\/\" title=\"Os colectivos sociais apostan por mellorar o transporte p\u00fablico entre as parroquias e a vila\">[&#8230;]<\/a><\/p>\n<\/div>","protected":false},"author":3,"featured_media":1822,"comment_status":"open","ping_status":"open","sticky":false,"template":"","format":"standard","meta":{"_exactmetrics_skip_tracking":false,"_exactmetrics_sitenote_active":false,"_exactmetrics_sitenote_note":"","_exactmetrics_sitenote_category":0,"footnotes":""},"categories":[25],"tags":[208,453],"class_list":{"0":"post-1821","1":"post","2":"type-post","3":"status-publish","4":"format-standard","5":"has-post-thumbnail","7":"category-condado","8":"tag-concello-de-ponteareas","9":"tag-transporte"},"yoast_head":"<!-- This site is optimized with the Yoast SEO plugin v27.4 - https:\/\/yoast.com\/product\/yoast-seo-wordpress\/ -->\n<title>Os colectivos sociais apostan por mellorar o transporte p\u00fablico entre as parroquias e a vila -<\/title>\n<meta name=\"robots\" content=\"index, follow, max-snippet:-1, max-image-preview:large, max-video-preview:-1\" \/>\n<link rel=\"canonical\" href=\"https:\/\/www.anovapeneira.gal\/index.php\/2019\/11\/22\/os-colectivos-sociais-apostan-por-mellorar-o-transporte-publico-entre-as-parroquias-e-a-vila\/\" \/>\n<meta property=\"og:locale\" content=\"gl_ES\" \/>\n<meta property=\"og:type\" content=\"article\" \/>\n<meta property=\"og:title\" content=\"Os colectivos sociais apostan por mellorar o transporte p\u00fablico entre as parroquias e a vila -\" \/>\n<meta property=\"og:description\" content=\"Os representantes veci\u00f1ais valoran positivamente o funcionamento da zona azul [...]\" \/>\n<meta property=\"og:url\" content=\"https:\/\/www.anovapeneira.gal\/index.php\/2019\/11\/22\/os-colectivos-sociais-apostan-por-mellorar-o-transporte-publico-entre-as-parroquias-e-a-vila\/\" \/>\n<meta property=\"article:publisher\" content=\"https:\/\/www.facebook.com\/anovapeneira\" \/>\n<meta property=\"article:published_time\" content=\"2019-11-22T11:00:31+00:00\" \/>\n<meta property=\"og:image\" content=\"https:\/\/www.anovapeneira.gal\/wp-content\/uploads\/2019\/11\/PONTEAREAS_nova_novembro_a_nova_peneira.jpg\" \/>\n\t<meta property=\"og:image:width\" content=\"720\" \/>\n\t<meta property=\"og:image:height\" content=\"432\" \/>\n\t<meta property=\"og:image:type\" content=\"image\/jpeg\" \/>\n<meta name=\"author\" content=\"Redacci\u00f3n A Nova Peneira\" \/>\n<meta name=\"twitter:card\" content=\"summary_large_image\" \/>\n<meta name=\"twitter:creator\" content=\"@APeneira\" \/>\n<meta name=\"twitter:site\" content=\"@APeneira\" \/>\n<meta name=\"twitter:label1\" content=\"Escrito por\" \/>\n\t<meta name=\"twitter:data1\" content=\"Redacci\u00f3n A Nova Peneira\" \/>\n\t<meta name=\"twitter:label2\" content=\"Tempo de lectura\" \/>\n\t<meta name=\"twitter:data2\" content=\"2 minutos\" \/>\n<script type=\"application\/ld+json\" class=\"yoast-schema-graph\">{\"@context\":\"https:\\\/\\\/schema.org\",\"@graph\":[{\"@type\":\"Article\",\"@id\":\"https:\\\/\\\/www.anovapeneira.gal\\\/index.php\\\/2019\\\/11\\\/22\\\/os-colectivos-sociais-apostan-por-mellorar-o-transporte-publico-entre-as-parroquias-e-a-vila\\\/#article\",\"isPartOf\":{\"@id\":\"https:\\\/\\\/www.anovapeneira.gal\\\/index.php\\\/2019\\\/11\\\/22\\\/os-colectivos-sociais-apostan-por-mellorar-o-transporte-publico-entre-as-parroquias-e-a-vila\\\/\"},\"author\":{\"name\":\"Redacci\u00f3n A Nova Peneira\",\"@id\":\"https:\\\/\\\/www.anovapeneira.gal\\\/#\\\/schema\\\/person\\\/b93e3f8932e3f8da96334607eb6ac6aa\"},\"headline\":\"Os colectivos sociais apostan por mellorar o transporte p\u00fablico entre as parroquias e a vila\",\"datePublished\":\"2019-11-22T11:00:31+00:00\",\"mainEntityOfPage\":{\"@id\":\"https:\\\/\\\/www.anovapeneira.gal\\\/index.php\\\/2019\\\/11\\\/22\\\/os-colectivos-sociais-apostan-por-mellorar-o-transporte-publico-entre-as-parroquias-e-a-vila\\\/\"},\"wordCount\":508,\"commentCount\":0,\"publisher\":{\"@id\":\"https:\\\/\\\/www.anovapeneira.gal\\\/#organization\"},\"image\":{\"@id\":\"https:\\\/\\\/www.anovapeneira.gal\\\/index.php\\\/2019\\\/11\\\/22\\\/os-colectivos-sociais-apostan-por-mellorar-o-transporte-publico-entre-as-parroquias-e-a-vila\\\/#primaryimage\"},\"thumbnailUrl\":\"https:\\\/\\\/www.anovapeneira.gal\\\/wp-content\\\/uploads\\\/2019\\\/11\\\/PONTEAREAS_nova_novembro_a_nova_peneira.jpg\",\"keywords\":[\"Concello de Ponteareas\",\"Transporte\"],\"articleSection\":[\"Condado\"],\"inLanguage\":\"gl-ES\",\"potentialAction\":[{\"@type\":\"CommentAction\",\"name\":\"Comment\",\"target\":[\"https:\\\/\\\/www.anovapeneira.gal\\\/index.php\\\/2019\\\/11\\\/22\\\/os-colectivos-sociais-apostan-por-mellorar-o-transporte-publico-entre-as-parroquias-e-a-vila\\\/#respond\"]}]},{\"@type\":\"WebPage\",\"@id\":\"https:\\\/\\\/www.anovapeneira.gal\\\/index.php\\\/2019\\\/11\\\/22\\\/os-colectivos-sociais-apostan-por-mellorar-o-transporte-publico-entre-as-parroquias-e-a-vila\\\/\",\"url\":\"https:\\\/\\\/www.anovapeneira.gal\\\/index.php\\\/2019\\\/11\\\/22\\\/os-colectivos-sociais-apostan-por-mellorar-o-transporte-publico-entre-as-parroquias-e-a-vila\\\/\",\"name\":\"Os colectivos sociais apostan por mellorar o transporte p\u00fablico entre as parroquias e a vila -\",\"isPartOf\":{\"@id\":\"https:\\\/\\\/www.anovapeneira.gal\\\/#website\"},\"primaryImageOfPage\":{\"@id\":\"https:\\\/\\\/www.anovapeneira.gal\\\/index.php\\\/2019\\\/11\\\/22\\\/os-colectivos-sociais-apostan-por-mellorar-o-transporte-publico-entre-as-parroquias-e-a-vila\\\/#primaryimage\"},\"image\":{\"@id\":\"https:\\\/\\\/www.anovapeneira.gal\\\/index.php\\\/2019\\\/11\\\/22\\\/os-colectivos-sociais-apostan-por-mellorar-o-transporte-publico-entre-as-parroquias-e-a-vila\\\/#primaryimage\"},\"thumbnailUrl\":\"https:\\\/\\\/www.anovapeneira.gal\\\/wp-content\\\/uploads\\\/2019\\\/11\\\/PONTEAREAS_nova_novembro_a_nova_peneira.jpg\",\"datePublished\":\"2019-11-22T11:00:31+00:00\",\"breadcrumb\":{\"@id\":\"https:\\\/\\\/www.anovapeneira.gal\\\/index.php\\\/2019\\\/11\\\/22\\\/os-colectivos-sociais-apostan-por-mellorar-o-transporte-publico-entre-as-parroquias-e-a-vila\\\/#breadcrumb\"},\"inLanguage\":\"gl-ES\",\"potentialAction\":[{\"@type\":\"ReadAction\",\"target\":[\"https:\\\/\\\/www.anovapeneira.gal\\\/index.php\\\/2019\\\/11\\\/22\\\/os-colectivos-sociais-apostan-por-mellorar-o-transporte-publico-entre-as-parroquias-e-a-vila\\\/\"]}]},{\"@type\":\"ImageObject\",\"inLanguage\":\"gl-ES\",\"@id\":\"https:\\\/\\\/www.anovapeneira.gal\\\/index.php\\\/2019\\\/11\\\/22\\\/os-colectivos-sociais-apostan-por-mellorar-o-transporte-publico-entre-as-parroquias-e-a-vila\\\/#primaryimage\",\"url\":\"https:\\\/\\\/www.anovapeneira.gal\\\/wp-content\\\/uploads\\\/2019\\\/11\\\/PONTEAREAS_nova_novembro_a_nova_peneira.jpg\",\"contentUrl\":\"https:\\\/\\\/www.anovapeneira.gal\\\/wp-content\\\/uploads\\\/2019\\\/11\\\/PONTEAREAS_nova_novembro_a_nova_peneira.jpg\",\"width\":720,\"height\":432,\"caption\":\"Concello de Ponteareas Transporte A Nova Peneira\"},{\"@type\":\"BreadcrumbList\",\"@id\":\"https:\\\/\\\/www.anovapeneira.gal\\\/index.php\\\/2019\\\/11\\\/22\\\/os-colectivos-sociais-apostan-por-mellorar-o-transporte-publico-entre-as-parroquias-e-a-vila\\\/#breadcrumb\",\"itemListElement\":[{\"@type\":\"ListItem\",\"position\":1,\"name\":\"Portada\",\"item\":\"https:\\\/\\\/www.anovapeneira.gal\\\/\"},{\"@type\":\"ListItem\",\"position\":2,\"name\":\"Os colectivos sociais apostan por mellorar o transporte p\u00fablico entre as parroquias e a vila\"}]},{\"@type\":\"WebSite\",\"@id\":\"https:\\\/\\\/www.anovapeneira.gal\\\/#website\",\"url\":\"https:\\\/\\\/www.anovapeneira.gal\\\/\",\"name\":\"\",\"description\":\"Xornal galego de informaci\u00f3n xeral Publicaci\u00f3n mensual de novas de Galicia e en especial dos Concellos da sur da provincia de Pontevedra.\",\"publisher\":{\"@id\":\"https:\\\/\\\/www.anovapeneira.gal\\\/#organization\"},\"potentialAction\":[{\"@type\":\"SearchAction\",\"target\":{\"@type\":\"EntryPoint\",\"urlTemplate\":\"https:\\\/\\\/www.anovapeneira.gal\\\/?s={search_term_string}\"},\"query-input\":{\"@type\":\"PropertyValueSpecification\",\"valueRequired\":true,\"valueName\":\"search_term_string\"}}],\"inLanguage\":\"gl-ES\"},{\"@type\":\"Organization\",\"@id\":\"https:\\\/\\\/www.anovapeneira.gal\\\/#organization\",\"name\":\"A Nova Peneira\",\"url\":\"https:\\\/\\\/www.anovapeneira.gal\\\/\",\"logo\":{\"@type\":\"ImageObject\",\"inLanguage\":\"gl-ES\",\"@id\":\"https:\\\/\\\/www.anovapeneira.gal\\\/#\\\/schema\\\/logo\\\/image\\\/\",\"url\":\"http:\\\/\\\/www.anovapeneira.gal\\\/wp-content\\\/uploads\\\/2019\\\/06\\\/logo_a_nova_peneira_portal_web.png\",\"contentUrl\":\"http:\\\/\\\/www.anovapeneira.gal\\\/wp-content\\\/uploads\\\/2019\\\/06\\\/logo_a_nova_peneira_portal_web.png\",\"width\":300,\"height\":100,\"caption\":\"A Nova Peneira\"},\"image\":{\"@id\":\"https:\\\/\\\/www.anovapeneira.gal\\\/#\\\/schema\\\/logo\\\/image\\\/\"},\"sameAs\":[\"https:\\\/\\\/www.facebook.com\\\/anovapeneira\",\"https:\\\/\\\/x.com\\\/APeneira\"]},{\"@type\":\"Person\",\"@id\":\"https:\\\/\\\/www.anovapeneira.gal\\\/#\\\/schema\\\/person\\\/b93e3f8932e3f8da96334607eb6ac6aa\",\"name\":\"Redacci\u00f3n A Nova Peneira\",\"image\":{\"@type\":\"ImageObject\",\"inLanguage\":\"gl-ES\",\"@id\":\"https:\\\/\\\/secure.gravatar.com\\\/avatar\\\/c052a2551a06e23fac63626232eaa90abd78dbcf1700fc46a2b2c89fd27b735f?s=96&d=mm&r=g\",\"url\":\"https:\\\/\\\/secure.gravatar.com\\\/avatar\\\/c052a2551a06e23fac63626232eaa90abd78dbcf1700fc46a2b2c89fd27b735f?s=96&d=mm&r=g\",\"contentUrl\":\"https:\\\/\\\/secure.gravatar.com\\\/avatar\\\/c052a2551a06e23fac63626232eaa90abd78dbcf1700fc46a2b2c89fd27b735f?s=96&d=mm&r=g\",\"caption\":\"Redacci\u00f3n A Nova Peneira\"},\"sameAs\":[\"http:\\\/\\\/www.anovapeneira.gal\\\/\"],\"url\":\"https:\\\/\\\/www.anovapeneira.gal\\\/index.php\\\/author\\\/redactor\\\/\"}]}<\/script>\n<!-- \/ Yoast SEO plugin. -->","yoast_head_json":{"title":"Os colectivos sociais apostan por mellorar o transporte p\u00fablico entre as parroquias e a vila -","robots":{"index":"index","follow":"follow","max-snippet":"max-snippet:-1","max-image-preview":"max-image-preview:large","max-video-preview":"max-video-preview:-1"},"canonical":"https:\/\/www.anovapeneira.gal\/index.php\/2019\/11\/22\/os-colectivos-sociais-apostan-por-mellorar-o-transporte-publico-entre-as-parroquias-e-a-vila\/","og_locale":"gl_ES","og_type":"article","og_title":"Os colectivos sociais apostan por mellorar o transporte p\u00fablico entre as parroquias e a vila -","og_description":"Os representantes veci\u00f1ais valoran positivamente o funcionamento da zona azul [...]","og_url":"https:\/\/www.anovapeneira.gal\/index.php\/2019\/11\/22\/os-colectivos-sociais-apostan-por-mellorar-o-transporte-publico-entre-as-parroquias-e-a-vila\/","article_publisher":"https:\/\/www.facebook.com\/anovapeneira","article_published_time":"2019-11-22T11:00:31+00:00","og_image":[{"width":720,"height":432,"url":"https:\/\/www.anovapeneira.gal\/wp-content\/uploads\/2019\/11\/PONTEAREAS_nova_novembro_a_nova_peneira.jpg","type":"image\/jpeg"}],"author":"Redacci\u00f3n A Nova Peneira","twitter_card":"summary_large_image","twitter_creator":"@APeneira","twitter_site":"@APeneira","twitter_misc":{"Escrito por":"Redacci\u00f3n A Nova Peneira","Tempo de lectura":"2 minutos"},"schema":{"@context":"https:\/\/schema.org","@graph":[{"@type":"Article","@id":"https:\/\/www.anovapeneira.gal\/index.php\/2019\/11\/22\/os-colectivos-sociais-apostan-por-mellorar-o-transporte-publico-entre-as-parroquias-e-a-vila\/#article","isPartOf":{"@id":"https:\/\/www.anovapeneira.gal\/index.php\/2019\/11\/22\/os-colectivos-sociais-apostan-por-mellorar-o-transporte-publico-entre-as-parroquias-e-a-vila\/"},"author":{"name":"Redacci\u00f3n A Nova Peneira","@id":"https:\/\/www.anovapeneira.gal\/#\/schema\/person\/b93e3f8932e3f8da96334607eb6ac6aa"},"headline":"Os colectivos sociais apostan por mellorar o transporte p\u00fablico entre as parroquias e a vila","datePublished":"2019-11-22T11:00:31+00:00","mainEntityOfPage":{"@id":"https:\/\/www.anovapeneira.gal\/index.php\/2019\/11\/22\/os-colectivos-sociais-apostan-por-mellorar-o-transporte-publico-entre-as-parroquias-e-a-vila\/"},"wordCount":508,"commentCount":0,"publisher":{"@id":"https:\/\/www.anovapeneira.gal\/#organization"},"image":{"@id":"https:\/\/www.anovapeneira.gal\/index.php\/2019\/11\/22\/os-colectivos-sociais-apostan-por-mellorar-o-transporte-publico-entre-as-parroquias-e-a-vila\/#primaryimage"},"thumbnailUrl":"https:\/\/www.anovapeneira.gal\/wp-content\/uploads\/2019\/11\/PONTEAREAS_nova_novembro_a_nova_peneira.jpg","keywords":["Concello de Ponteareas","Transporte"],"articleSection":["Condado"],"inLanguage":"gl-ES","potentialAction":[{"@type":"CommentAction","name":"Comment","target":["https:\/\/www.anovapeneira.gal\/index.php\/2019\/11\/22\/os-colectivos-sociais-apostan-por-mellorar-o-transporte-publico-entre-as-parroquias-e-a-vila\/#respond"]}]},{"@type":"WebPage","@id":"https:\/\/www.anovapeneira.gal\/index.php\/2019\/11\/22\/os-colectivos-sociais-apostan-por-mellorar-o-transporte-publico-entre-as-parroquias-e-a-vila\/","url":"https:\/\/www.anovapeneira.gal\/index.php\/2019\/11\/22\/os-colectivos-sociais-apostan-por-mellorar-o-transporte-publico-entre-as-parroquias-e-a-vila\/","name":"Os colectivos sociais apostan por mellorar o transporte p\u00fablico entre as parroquias e a vila -","isPartOf":{"@id":"https:\/\/www.anovapeneira.gal\/#website"},"primaryImageOfPage":{"@id":"https:\/\/www.anovapeneira.gal\/index.php\/2019\/11\/22\/os-colectivos-sociais-apostan-por-mellorar-o-transporte-publico-entre-as-parroquias-e-a-vila\/#primaryimage"},"image":{"@id":"https:\/\/www.anovapeneira.gal\/index.php\/2019\/11\/22\/os-colectivos-sociais-apostan-por-mellorar-o-transporte-publico-entre-as-parroquias-e-a-vila\/#primaryimage"},"thumbnailUrl":"https:\/\/www.anovapeneira.gal\/wp-content\/uploads\/2019\/11\/PONTEAREAS_nova_novembro_a_nova_peneira.jpg","datePublished":"2019-11-22T11:00:31+00:00","breadcrumb":{"@id":"https:\/\/www.anovapeneira.gal\/index.php\/2019\/11\/22\/os-colectivos-sociais-apostan-por-mellorar-o-transporte-publico-entre-as-parroquias-e-a-vila\/#breadcrumb"},"inLanguage":"gl-ES","potentialAction":[{"@type":"ReadAction","target":["https:\/\/www.anovapeneira.gal\/index.php\/2019\/11\/22\/os-colectivos-sociais-apostan-por-mellorar-o-transporte-publico-entre-as-parroquias-e-a-vila\/"]}]},{"@type":"ImageObject","inLanguage":"gl-ES","@id":"https:\/\/www.anovapeneira.gal\/index.php\/2019\/11\/22\/os-colectivos-sociais-apostan-por-mellorar-o-transporte-publico-entre-as-parroquias-e-a-vila\/#primaryimage","url":"https:\/\/www.anovapeneira.gal\/wp-content\/uploads\/2019\/11\/PONTEAREAS_nova_novembro_a_nova_peneira.jpg","contentUrl":"https:\/\/www.anovapeneira.gal\/wp-content\/uploads\/2019\/11\/PONTEAREAS_nova_novembro_a_nova_peneira.jpg","width":720,"height":432,"caption":"Concello de Ponteareas Transporte A Nova Peneira"},{"@type":"BreadcrumbList","@id":"https:\/\/www.anovapeneira.gal\/index.php\/2019\/11\/22\/os-colectivos-sociais-apostan-por-mellorar-o-transporte-publico-entre-as-parroquias-e-a-vila\/#breadcrumb","itemListElement":[{"@type":"ListItem","position":1,"name":"Portada","item":"https:\/\/www.anovapeneira.gal\/"},{"@type":"ListItem","position":2,"name":"Os colectivos sociais apostan por mellorar o transporte p\u00fablico entre as parroquias e a vila"}]},{"@type":"WebSite","@id":"https:\/\/www.anovapeneira.gal\/#website","url":"https:\/\/www.anovapeneira.gal\/","name":"","description":"Xornal galego de informaci\u00f3n xeral Publicaci\u00f3n mensual de novas de Galicia e en especial dos Concellos da sur da provincia de Pontevedra.","publisher":{"@id":"https:\/\/www.anovapeneira.gal\/#organization"},"potentialAction":[{"@type":"SearchAction","target":{"@type":"EntryPoint","urlTemplate":"https:\/\/www.anovapeneira.gal\/?s={search_term_string}"},"query-input":{"@type":"PropertyValueSpecification","valueRequired":true,"valueName":"search_term_string"}}],"inLanguage":"gl-ES"},{"@type":"Organization","@id":"https:\/\/www.anovapeneira.gal\/#organization","name":"A Nova Peneira","url":"https:\/\/www.anovapeneira.gal\/","logo":{"@type":"ImageObject","inLanguage":"gl-ES","@id":"https:\/\/www.anovapeneira.gal\/#\/schema\/logo\/image\/","url":"http:\/\/www.anovapeneira.gal\/wp-content\/uploads\/2019\/06\/logo_a_nova_peneira_portal_web.png","contentUrl":"http:\/\/www.anovapeneira.gal\/wp-content\/uploads\/2019\/06\/logo_a_nova_peneira_portal_web.png","width":300,"height":100,"caption":"A Nova Peneira"},"image":{"@id":"https:\/\/www.anovapeneira.gal\/#\/schema\/logo\/image\/"},"sameAs":["https:\/\/www.facebook.com\/anovapeneira","https:\/\/x.com\/APeneira"]},{"@type":"Person","@id":"https:\/\/www.anovapeneira.gal\/#\/schema\/person\/b93e3f8932e3f8da96334607eb6ac6aa","name":"Redacci\u00f3n A Nova Peneira","image":{"@type":"ImageObject","inLanguage":"gl-ES","@id":"https:\/\/secure.gravatar.com\/avatar\/c052a2551a06e23fac63626232eaa90abd78dbcf1700fc46a2b2c89fd27b735f?s=96&d=mm&r=g","url":"https:\/\/secure.gravatar.com\/avatar\/c052a2551a06e23fac63626232eaa90abd78dbcf1700fc46a2b2c89fd27b735f?s=96&d=mm&r=g","contentUrl":"https:\/\/secure.gravatar.com\/avatar\/c052a2551a06e23fac63626232eaa90abd78dbcf1700fc46a2b2c89fd27b735f?s=96&d=mm&r=g","caption":"Redacci\u00f3n A Nova Peneira"},"sameAs":["http:\/\/www.anovapeneira.gal\/"],"url":"https:\/\/www.anovapeneira.gal\/index.php\/author\/redactor\/"}]}},"jetpack_featured_media_url":"https:\/\/www.anovapeneira.gal\/wp-content\/uploads\/2019\/11\/PONTEAREAS_nova_novembro_a_nova_peneira.jpg","_links":{"self":[{"href":"https:\/\/www.anovapeneira.gal\/index.php\/wp-json\/wp\/v2\/posts\/1821","targetHints":{"allow":["GET"]}}],"collection":[{"href":"https:\/\/www.anovapeneira.gal\/index.php\/wp-json\/wp\/v2\/posts"}],"about":[{"href":"https:\/\/www.anovapeneira.gal\/index.php\/wp-json\/wp\/v2\/types\/post"}],"author":[{"embeddable":true,"href":"https:\/\/www.anovapeneira.gal\/index.php\/wp-json\/wp\/v2\/users\/3"}],"replies":[{"embeddable":true,"href":"https:\/\/www.anovapeneira.gal\/index.php\/wp-json\/wp\/v2\/comments?post=1821"}],"version-history":[{"count":1,"href":"https:\/\/www.anovapeneira.gal\/index.php\/wp-json\/wp\/v2\/posts\/1821\/revisions"}],"predecessor-version":[{"id":1823,"href":"https:\/\/www.anovapeneira.gal\/index.php\/wp-json\/wp\/v2\/posts\/1821\/revisions\/1823"}],"wp:featuredmedia":[{"embeddable":true,"href":"https:\/\/www.anovapeneira.gal\/index.php\/wp-json\/wp\/v2\/media\/1822"}],"wp:attachment":[{"href":"https:\/\/www.anovapeneira.gal\/index.php\/wp-json\/wp\/v2\/media?parent=1821"}],"wp:term":[{"taxonomy":"category","embeddable":true,"href":"https:\/\/www.anovapeneira.gal\/index.php\/wp-json\/wp\/v2\/categories?post=1821"},{"taxonomy":"post_tag","embeddable":true,"href":"https:\/\/www.anovapeneira.gal\/index.php\/wp-json\/wp\/v2\/tags?post=1821"}],"curies":[{"name":"wp","href":"https:\/\/api.w.org\/{rel}","templated":true}]}}