{"id":1824,"date":"2019-11-22T14:00:11","date_gmt":"2019-11-22T13:00:11","guid":{"rendered":"http:\/\/www.anovapeneira.gal\/?p=1824"},"modified":"2019-11-22T18:06:36","modified_gmt":"2019-11-22T17:06:36","slug":"mi-abuelo-era-un-hombre-increiblemente-vital-justo-y-carinoso","status":"publish","type":"post","link":"https:\/\/www.anovapeneira.gal\/index.php\/2019\/11\/22\/mi-abuelo-era-un-hombre-increiblemente-vital-justo-y-carinoso\/","title":{"rendered":"\u201cO meu av\u00f3 era un home incriblemente vital, xusto e cari\u00f1oso\u201d"},"content":{"rendered":"\n<h2 class=\"wp-block-heading\"><strong>Graciela\n<\/strong><strong>Mirabete Alonso, neta do\nmestre e pol\u00edtico galeguista Ant\u00f3n Alonso R\u00edos, foi recibida hoxe\nno Concello, visitando logo a escola Aurora del Porvenir, onde fora\nmestre o seu av\u00f3<\/strong><\/h2>\n\n\n\n<h2 class=\"wp-block-heading\"><strong>Acompa\u00f1ada por varios familiares, a neta de Alonso R\u00edos, visitou tam\u00e9n o IES de Tomi\u00f1o, bautizado hai un par de anos co nome do mestre<\/strong><\/h2>\n\n\n\n<p><strong>Tomi\u00f1o, 15 de novembro de 2019<\/strong><\/p>\n\n\n\n<p>\u201cRecuerdo a mi abuelo como a un hombre incre\u00edblemente vital, justo y cari\u00f1oso; no pasaba un s\u00f3lo d\u00eda sin que mi madre me hablara de \u00e9l\u201d. Con estas palabras definiu Graciela Mirabete Alonso, neta do mestre e pol\u00edtico galego Ant\u00f3n Alonso R\u00edos, ao seu av\u00f3, durante a visita que realizou este mediod\u00eda ao Concello de Tomi\u00f1o, sendo recibida pola alcaldesa Sandra Gonz\u00e1lez.<\/p>\n\n\n\n<p>Anque esta era a cuarta vez que Graciela visita Espa\u00f1a, nunca fora recibida no Concello, polo que \u00e1 emoci\u00f3n de ver o nome do seu av\u00f3 na fachada do IES local (bautizado coma Ant\u00f3n Alonso R\u00edos hai un par de anos), sum\u00e1base hoxe a de comprobar o respecto e fonda admiraci\u00f3n que a figura do seu av\u00f3 esperta nas xentes da vila onde se desempe\u00f1ou coma mestre entre 1931 e 1936. Segundo comentou durante a recepci\u00f3n, na viaxe a Tomi\u00f1o anterior a esta, en 1987, foi a s\u00faa nai, Oliva, filla maior de Alonso R\u00edos xa falecida, quen a acompa\u00f1ou. \u201cNo pasaba un s\u00f3lo d\u00eda sin que mi mam\u00e1, me hablara de mi abuelo. Ella lo adoraba y lo admiraba profundamente por los valores que m\u00e1s lo defin\u00edan: la verdad, la justicia y la honestidad\u201d, relatou Graciela, que aproveitou para tomar contacto cunha serie de textos e material audiovisual, editados en Galicia, relacionados coa figura do seu av\u00f3.<\/p>\n\n\n\n<p>Graciela acudiu \u00e1 recepci\u00f3n deste mediod\u00eda acompa\u00f1ada pola s\u00faa prima Julia Carballo Arceu e por Carmen Tagle, filla maior do seu marido. Logo de intercambiar impresi\u00f3ns e lembranzas e datos relacionados coa vida da familia e descendentes (na s\u00faa maior\u00eda radicados en Arxentina, pa\u00eds onde emigrou d\u00faas veces Alonso R\u00edos), a neta do mestre e pol\u00edtico, visitou o edificio da Aurora del Porvenir, escola de arquitectura indiana onde aquel ditara clases durante cinco anos, antes do golpe de estado de 1936 e a Guerra Civil. Al\u00ed puido falar cas mestras e alumnado do Colexio Rural Agrupado que funciona na actualidade.<\/p>\n\n\n\n<p>A alcaldesa de Tomi\u00f1o, amosou a Graciela as publicaci\u00f3ns sobre a figura de Alonso R\u00edos nas que participa ou promove o Concello, e explicoulle asemade o proceso de votaci\u00f3n popular, impulsado tam\u00e9n dende o Concello, para buscarlle un nome ao IES local (e do que resultou ga\u00f1ador o nome do seu av\u00f3), salientando a importancia hist\u00f3rica, pol\u00edtica e persoal que ten este para Galicia e para Tomi\u00f1o en particular.<\/p>\n\n\n\n<p>\n<strong>Ant\u00f3n Alonso R\u00edos<\/strong>,\nfoi un profesor galego e l\u00edder pol\u00edtico agrarista que emigrou (de\nmozo por primeira vez) a Arxentina, liderando unha parte importante\nda di\u00e1spora galega. Durante a Rep\u00fablica Espa\u00f1ola (1931\u20121936),\nretorna a Galicia e desemp\u00e9\u00f1ase coma mestre e activista pol\u00edtico\ncon vinculaci\u00f3ns \u00e1 causa nacionalista e ao movemento agrarista.\nCando se produce o golpe de estado, ten que fuxir a consecuencia da\nrepresi\u00f3n fascista e logo de estar \u201cfuxido\u201d tres anos, logra\npasar a Portugal, viaxar e refuxiarse en Bos Aires ata a s\u00faa morte,\ndando presenza e continuidade ao goberno galego no exilio, co\nConsello de Galiza.<\/p>\n","protected":false},"excerpt":{"rendered":"<div class=\"mh-excerpt\"><p>Graciela Mirabete Alonso, neta do mestre e pol\u00edtico galeguista Ant\u00f3n Alonso R\u00edos, foi recibida hoxe no Concello <a class=\"mh-excerpt-more\" href=\"https:\/\/www.anovapeneira.gal\/index.php\/2019\/11\/22\/mi-abuelo-era-un-hombre-increiblemente-vital-justo-y-carinoso\/\" title=\"\u201cO meu av\u00f3 era un home incriblemente vital, xusto e cari\u00f1oso\u201d\">[&#8230;]<\/a><\/p>\n<\/div>","protected":false},"author":3,"featured_media":1825,"comment_status":"open","ping_status":"open","sticky":false,"template":"","format":"standard","meta":{"_exactmetrics_skip_tracking":false,"_exactmetrics_sitenote_active":false,"_exactmetrics_sitenote_note":"","_exactmetrics_sitenote_category":0,"footnotes":""},"categories":[21],"tags":[810,81,811],"class_list":{"0":"post-1824","1":"post","2":"type-post","3":"status-publish","4":"format-standard","5":"has-post-thumbnail","7":"category-baixo-mino","8":"tag-alonso-rios","9":"tag-concello-de-tomino","10":"tag-politico-galeguista"},"yoast_head":"<!-- This site is optimized with the Yoast SEO plugin v27.4 - https:\/\/yoast.com\/product\/yoast-seo-wordpress\/ -->\n<title>\u201cO meu av\u00f3 era un home incriblemente vital, xusto e cari\u00f1oso\u201d -<\/title>\n<meta name=\"robots\" content=\"index, follow, max-snippet:-1, max-image-preview:large, max-video-preview:-1\" \/>\n<link rel=\"canonical\" href=\"https:\/\/www.anovapeneira.gal\/index.php\/2019\/11\/22\/mi-abuelo-era-un-hombre-increiblemente-vital-justo-y-carinoso\/\" \/>\n<meta property=\"og:locale\" content=\"gl_ES\" \/>\n<meta property=\"og:type\" content=\"article\" \/>\n<meta property=\"og:title\" content=\"\u201cO meu av\u00f3 era un home incriblemente vital, xusto e cari\u00f1oso\u201d -\" \/>\n<meta property=\"og:description\" content=\"Graciela Mirabete Alonso, neta do mestre e pol\u00edtico galeguista Ant\u00f3n Alonso R\u00edos, foi recibida hoxe no Concello [...]\" \/>\n<meta property=\"og:url\" content=\"https:\/\/www.anovapeneira.gal\/index.php\/2019\/11\/22\/mi-abuelo-era-un-hombre-increiblemente-vital-justo-y-carinoso\/\" \/>\n<meta property=\"article:publisher\" content=\"https:\/\/www.facebook.com\/anovapeneira\" \/>\n<meta property=\"article:published_time\" content=\"2019-11-22T13:00:11+00:00\" \/>\n<meta property=\"article:modified_time\" content=\"2019-11-22T17:06:36+00:00\" \/>\n<meta property=\"og:image\" content=\"https:\/\/www.anovapeneira.gal\/wp-content\/uploads\/2019\/11\/visita-neta-A-Ri\u0301os-Aurora.jpg\" \/>\n\t<meta property=\"og:image:width\" content=\"720\" \/>\n\t<meta property=\"og:image:height\" content=\"432\" \/>\n\t<meta property=\"og:image:type\" content=\"image\/jpeg\" \/>\n<meta name=\"author\" content=\"Redacci\u00f3n A Nova Peneira\" \/>\n<meta name=\"twitter:card\" content=\"summary_large_image\" \/>\n<meta name=\"twitter:creator\" content=\"@APeneira\" \/>\n<meta name=\"twitter:site\" content=\"@APeneira\" \/>\n<meta name=\"twitter:label1\" content=\"Escrito por\" \/>\n\t<meta name=\"twitter:data1\" content=\"Redacci\u00f3n A Nova Peneira\" \/>\n\t<meta name=\"twitter:label2\" content=\"Tempo de lectura\" \/>\n\t<meta name=\"twitter:data2\" content=\"3 minutos\" \/>\n<script type=\"application\/ld+json\" class=\"yoast-schema-graph\">{\"@context\":\"https:\\\/\\\/schema.org\",\"@graph\":[{\"@type\":\"Article\",\"@id\":\"https:\\\/\\\/www.anovapeneira.gal\\\/index.php\\\/2019\\\/11\\\/22\\\/mi-abuelo-era-un-hombre-increiblemente-vital-justo-y-carinoso\\\/#article\",\"isPartOf\":{\"@id\":\"https:\\\/\\\/www.anovapeneira.gal\\\/index.php\\\/2019\\\/11\\\/22\\\/mi-abuelo-era-un-hombre-increiblemente-vital-justo-y-carinoso\\\/\"},\"author\":{\"name\":\"Redacci\u00f3n A Nova Peneira\",\"@id\":\"https:\\\/\\\/www.anovapeneira.gal\\\/#\\\/schema\\\/person\\\/b93e3f8932e3f8da96334607eb6ac6aa\"},\"headline\":\"\u201cO meu av\u00f3 era un home incriblemente vital, xusto e cari\u00f1oso\u201d\",\"datePublished\":\"2019-11-22T13:00:11+00:00\",\"dateModified\":\"2019-11-22T17:06:36+00:00\",\"mainEntityOfPage\":{\"@id\":\"https:\\\/\\\/www.anovapeneira.gal\\\/index.php\\\/2019\\\/11\\\/22\\\/mi-abuelo-era-un-hombre-increiblemente-vital-justo-y-carinoso\\\/\"},\"wordCount\":618,\"commentCount\":0,\"publisher\":{\"@id\":\"https:\\\/\\\/www.anovapeneira.gal\\\/#organization\"},\"image\":{\"@id\":\"https:\\\/\\\/www.anovapeneira.gal\\\/index.php\\\/2019\\\/11\\\/22\\\/mi-abuelo-era-un-hombre-increiblemente-vital-justo-y-carinoso\\\/#primaryimage\"},\"thumbnailUrl\":\"https:\\\/\\\/www.anovapeneira.gal\\\/wp-content\\\/uploads\\\/2019\\\/11\\\/visita-neta-A-Ri\u0301os-Aurora.jpg\",\"keywords\":[\"Alonso R\u00edos\",\"Concello de Tomi\u00f1o\",\"Pol\u00edtico galeguista\"],\"articleSection\":[\"Baixo Mi\u00f1o\"],\"inLanguage\":\"gl-ES\",\"potentialAction\":[{\"@type\":\"CommentAction\",\"name\":\"Comment\",\"target\":[\"https:\\\/\\\/www.anovapeneira.gal\\\/index.php\\\/2019\\\/11\\\/22\\\/mi-abuelo-era-un-hombre-increiblemente-vital-justo-y-carinoso\\\/#respond\"]}]},{\"@type\":\"WebPage\",\"@id\":\"https:\\\/\\\/www.anovapeneira.gal\\\/index.php\\\/2019\\\/11\\\/22\\\/mi-abuelo-era-un-hombre-increiblemente-vital-justo-y-carinoso\\\/\",\"url\":\"https:\\\/\\\/www.anovapeneira.gal\\\/index.php\\\/2019\\\/11\\\/22\\\/mi-abuelo-era-un-hombre-increiblemente-vital-justo-y-carinoso\\\/\",\"name\":\"\u201cO meu av\u00f3 era un home incriblemente vital, xusto e cari\u00f1oso\u201d -\",\"isPartOf\":{\"@id\":\"https:\\\/\\\/www.anovapeneira.gal\\\/#website\"},\"primaryImageOfPage\":{\"@id\":\"https:\\\/\\\/www.anovapeneira.gal\\\/index.php\\\/2019\\\/11\\\/22\\\/mi-abuelo-era-un-hombre-increiblemente-vital-justo-y-carinoso\\\/#primaryimage\"},\"image\":{\"@id\":\"https:\\\/\\\/www.anovapeneira.gal\\\/index.php\\\/2019\\\/11\\\/22\\\/mi-abuelo-era-un-hombre-increiblemente-vital-justo-y-carinoso\\\/#primaryimage\"},\"thumbnailUrl\":\"https:\\\/\\\/www.anovapeneira.gal\\\/wp-content\\\/uploads\\\/2019\\\/11\\\/visita-neta-A-Ri\u0301os-Aurora.jpg\",\"datePublished\":\"2019-11-22T13:00:11+00:00\",\"dateModified\":\"2019-11-22T17:06:36+00:00\",\"breadcrumb\":{\"@id\":\"https:\\\/\\\/www.anovapeneira.gal\\\/index.php\\\/2019\\\/11\\\/22\\\/mi-abuelo-era-un-hombre-increiblemente-vital-justo-y-carinoso\\\/#breadcrumb\"},\"inLanguage\":\"gl-ES\",\"potentialAction\":[{\"@type\":\"ReadAction\",\"target\":[\"https:\\\/\\\/www.anovapeneira.gal\\\/index.php\\\/2019\\\/11\\\/22\\\/mi-abuelo-era-un-hombre-increiblemente-vital-justo-y-carinoso\\\/\"]}]},{\"@type\":\"ImageObject\",\"inLanguage\":\"gl-ES\",\"@id\":\"https:\\\/\\\/www.anovapeneira.gal\\\/index.php\\\/2019\\\/11\\\/22\\\/mi-abuelo-era-un-hombre-increiblemente-vital-justo-y-carinoso\\\/#primaryimage\",\"url\":\"https:\\\/\\\/www.anovapeneira.gal\\\/wp-content\\\/uploads\\\/2019\\\/11\\\/visita-neta-A-Ri\u0301os-Aurora.jpg\",\"contentUrl\":\"https:\\\/\\\/www.anovapeneira.gal\\\/wp-content\\\/uploads\\\/2019\\\/11\\\/visita-neta-A-Ri\u0301os-Aurora.jpg\",\"width\":720,\"height\":432,\"caption\":\"Concello de Tomi\u00f1o A Nova Peneira Graciela Mirabete Alonso\"},{\"@type\":\"BreadcrumbList\",\"@id\":\"https:\\\/\\\/www.anovapeneira.gal\\\/index.php\\\/2019\\\/11\\\/22\\\/mi-abuelo-era-un-hombre-increiblemente-vital-justo-y-carinoso\\\/#breadcrumb\",\"itemListElement\":[{\"@type\":\"ListItem\",\"position\":1,\"name\":\"Portada\",\"item\":\"https:\\\/\\\/www.anovapeneira.gal\\\/\"},{\"@type\":\"ListItem\",\"position\":2,\"name\":\"\u201cO meu av\u00f3 era un home incriblemente vital, xusto e cari\u00f1oso\u201d\"}]},{\"@type\":\"WebSite\",\"@id\":\"https:\\\/\\\/www.anovapeneira.gal\\\/#website\",\"url\":\"https:\\\/\\\/www.anovapeneira.gal\\\/\",\"name\":\"\",\"description\":\"Xornal galego de informaci\u00f3n xeral Publicaci\u00f3n mensual de novas de Galicia e en especial dos Concellos da sur da provincia de Pontevedra.\",\"publisher\":{\"@id\":\"https:\\\/\\\/www.anovapeneira.gal\\\/#organization\"},\"potentialAction\":[{\"@type\":\"SearchAction\",\"target\":{\"@type\":\"EntryPoint\",\"urlTemplate\":\"https:\\\/\\\/www.anovapeneira.gal\\\/?s={search_term_string}\"},\"query-input\":{\"@type\":\"PropertyValueSpecification\",\"valueRequired\":true,\"valueName\":\"search_term_string\"}}],\"inLanguage\":\"gl-ES\"},{\"@type\":\"Organization\",\"@id\":\"https:\\\/\\\/www.anovapeneira.gal\\\/#organization\",\"name\":\"A Nova Peneira\",\"url\":\"https:\\\/\\\/www.anovapeneira.gal\\\/\",\"logo\":{\"@type\":\"ImageObject\",\"inLanguage\":\"gl-ES\",\"@id\":\"https:\\\/\\\/www.anovapeneira.gal\\\/#\\\/schema\\\/logo\\\/image\\\/\",\"url\":\"http:\\\/\\\/www.anovapeneira.gal\\\/wp-content\\\/uploads\\\/2019\\\/06\\\/logo_a_nova_peneira_portal_web.png\",\"contentUrl\":\"http:\\\/\\\/www.anovapeneira.gal\\\/wp-content\\\/uploads\\\/2019\\\/06\\\/logo_a_nova_peneira_portal_web.png\",\"width\":300,\"height\":100,\"caption\":\"A Nova Peneira\"},\"image\":{\"@id\":\"https:\\\/\\\/www.anovapeneira.gal\\\/#\\\/schema\\\/logo\\\/image\\\/\"},\"sameAs\":[\"https:\\\/\\\/www.facebook.com\\\/anovapeneira\",\"https:\\\/\\\/x.com\\\/APeneira\"]},{\"@type\":\"Person\",\"@id\":\"https:\\\/\\\/www.anovapeneira.gal\\\/#\\\/schema\\\/person\\\/b93e3f8932e3f8da96334607eb6ac6aa\",\"name\":\"Redacci\u00f3n A Nova Peneira\",\"image\":{\"@type\":\"ImageObject\",\"inLanguage\":\"gl-ES\",\"@id\":\"https:\\\/\\\/secure.gravatar.com\\\/avatar\\\/c052a2551a06e23fac63626232eaa90abd78dbcf1700fc46a2b2c89fd27b735f?s=96&d=mm&r=g\",\"url\":\"https:\\\/\\\/secure.gravatar.com\\\/avatar\\\/c052a2551a06e23fac63626232eaa90abd78dbcf1700fc46a2b2c89fd27b735f?s=96&d=mm&r=g\",\"contentUrl\":\"https:\\\/\\\/secure.gravatar.com\\\/avatar\\\/c052a2551a06e23fac63626232eaa90abd78dbcf1700fc46a2b2c89fd27b735f?s=96&d=mm&r=g\",\"caption\":\"Redacci\u00f3n A Nova Peneira\"},\"sameAs\":[\"http:\\\/\\\/www.anovapeneira.gal\\\/\"],\"url\":\"https:\\\/\\\/www.anovapeneira.gal\\\/index.php\\\/author\\\/redactor\\\/\"}]}<\/script>\n<!-- \/ Yoast SEO plugin. -->","yoast_head_json":{"title":"\u201cO meu av\u00f3 era un home incriblemente vital, xusto e cari\u00f1oso\u201d -","robots":{"index":"index","follow":"follow","max-snippet":"max-snippet:-1","max-image-preview":"max-image-preview:large","max-video-preview":"max-video-preview:-1"},"canonical":"https:\/\/www.anovapeneira.gal\/index.php\/2019\/11\/22\/mi-abuelo-era-un-hombre-increiblemente-vital-justo-y-carinoso\/","og_locale":"gl_ES","og_type":"article","og_title":"\u201cO meu av\u00f3 era un home incriblemente vital, xusto e cari\u00f1oso\u201d -","og_description":"Graciela Mirabete Alonso, neta do mestre e pol\u00edtico galeguista Ant\u00f3n Alonso R\u00edos, foi recibida hoxe no Concello [...]","og_url":"https:\/\/www.anovapeneira.gal\/index.php\/2019\/11\/22\/mi-abuelo-era-un-hombre-increiblemente-vital-justo-y-carinoso\/","article_publisher":"https:\/\/www.facebook.com\/anovapeneira","article_published_time":"2019-11-22T13:00:11+00:00","article_modified_time":"2019-11-22T17:06:36+00:00","og_image":[{"width":720,"height":432,"url":"https:\/\/www.anovapeneira.gal\/wp-content\/uploads\/2019\/11\/visita-neta-A-Ri\u0301os-Aurora.jpg","type":"image\/jpeg"}],"author":"Redacci\u00f3n A Nova Peneira","twitter_card":"summary_large_image","twitter_creator":"@APeneira","twitter_site":"@APeneira","twitter_misc":{"Escrito por":"Redacci\u00f3n A Nova Peneira","Tempo de lectura":"3 minutos"},"schema":{"@context":"https:\/\/schema.org","@graph":[{"@type":"Article","@id":"https:\/\/www.anovapeneira.gal\/index.php\/2019\/11\/22\/mi-abuelo-era-un-hombre-increiblemente-vital-justo-y-carinoso\/#article","isPartOf":{"@id":"https:\/\/www.anovapeneira.gal\/index.php\/2019\/11\/22\/mi-abuelo-era-un-hombre-increiblemente-vital-justo-y-carinoso\/"},"author":{"name":"Redacci\u00f3n A Nova Peneira","@id":"https:\/\/www.anovapeneira.gal\/#\/schema\/person\/b93e3f8932e3f8da96334607eb6ac6aa"},"headline":"\u201cO meu av\u00f3 era un home incriblemente vital, xusto e cari\u00f1oso\u201d","datePublished":"2019-11-22T13:00:11+00:00","dateModified":"2019-11-22T17:06:36+00:00","mainEntityOfPage":{"@id":"https:\/\/www.anovapeneira.gal\/index.php\/2019\/11\/22\/mi-abuelo-era-un-hombre-increiblemente-vital-justo-y-carinoso\/"},"wordCount":618,"commentCount":0,"publisher":{"@id":"https:\/\/www.anovapeneira.gal\/#organization"},"image":{"@id":"https:\/\/www.anovapeneira.gal\/index.php\/2019\/11\/22\/mi-abuelo-era-un-hombre-increiblemente-vital-justo-y-carinoso\/#primaryimage"},"thumbnailUrl":"https:\/\/www.anovapeneira.gal\/wp-content\/uploads\/2019\/11\/visita-neta-A-Ri\u0301os-Aurora.jpg","keywords":["Alonso R\u00edos","Concello de Tomi\u00f1o","Pol\u00edtico galeguista"],"articleSection":["Baixo Mi\u00f1o"],"inLanguage":"gl-ES","potentialAction":[{"@type":"CommentAction","name":"Comment","target":["https:\/\/www.anovapeneira.gal\/index.php\/2019\/11\/22\/mi-abuelo-era-un-hombre-increiblemente-vital-justo-y-carinoso\/#respond"]}]},{"@type":"WebPage","@id":"https:\/\/www.anovapeneira.gal\/index.php\/2019\/11\/22\/mi-abuelo-era-un-hombre-increiblemente-vital-justo-y-carinoso\/","url":"https:\/\/www.anovapeneira.gal\/index.php\/2019\/11\/22\/mi-abuelo-era-un-hombre-increiblemente-vital-justo-y-carinoso\/","name":"\u201cO meu av\u00f3 era un home incriblemente vital, xusto e cari\u00f1oso\u201d -","isPartOf":{"@id":"https:\/\/www.anovapeneira.gal\/#website"},"primaryImageOfPage":{"@id":"https:\/\/www.anovapeneira.gal\/index.php\/2019\/11\/22\/mi-abuelo-era-un-hombre-increiblemente-vital-justo-y-carinoso\/#primaryimage"},"image":{"@id":"https:\/\/www.anovapeneira.gal\/index.php\/2019\/11\/22\/mi-abuelo-era-un-hombre-increiblemente-vital-justo-y-carinoso\/#primaryimage"},"thumbnailUrl":"https:\/\/www.anovapeneira.gal\/wp-content\/uploads\/2019\/11\/visita-neta-A-Ri\u0301os-Aurora.jpg","datePublished":"2019-11-22T13:00:11+00:00","dateModified":"2019-11-22T17:06:36+00:00","breadcrumb":{"@id":"https:\/\/www.anovapeneira.gal\/index.php\/2019\/11\/22\/mi-abuelo-era-un-hombre-increiblemente-vital-justo-y-carinoso\/#breadcrumb"},"inLanguage":"gl-ES","potentialAction":[{"@type":"ReadAction","target":["https:\/\/www.anovapeneira.gal\/index.php\/2019\/11\/22\/mi-abuelo-era-un-hombre-increiblemente-vital-justo-y-carinoso\/"]}]},{"@type":"ImageObject","inLanguage":"gl-ES","@id":"https:\/\/www.anovapeneira.gal\/index.php\/2019\/11\/22\/mi-abuelo-era-un-hombre-increiblemente-vital-justo-y-carinoso\/#primaryimage","url":"https:\/\/www.anovapeneira.gal\/wp-content\/uploads\/2019\/11\/visita-neta-A-Ri\u0301os-Aurora.jpg","contentUrl":"https:\/\/www.anovapeneira.gal\/wp-content\/uploads\/2019\/11\/visita-neta-A-Ri\u0301os-Aurora.jpg","width":720,"height":432,"caption":"Concello de Tomi\u00f1o A Nova Peneira Graciela Mirabete Alonso"},{"@type":"BreadcrumbList","@id":"https:\/\/www.anovapeneira.gal\/index.php\/2019\/11\/22\/mi-abuelo-era-un-hombre-increiblemente-vital-justo-y-carinoso\/#breadcrumb","itemListElement":[{"@type":"ListItem","position":1,"name":"Portada","item":"https:\/\/www.anovapeneira.gal\/"},{"@type":"ListItem","position":2,"name":"\u201cO meu av\u00f3 era un home incriblemente vital, xusto e cari\u00f1oso\u201d"}]},{"@type":"WebSite","@id":"https:\/\/www.anovapeneira.gal\/#website","url":"https:\/\/www.anovapeneira.gal\/","name":"","description":"Xornal galego de informaci\u00f3n xeral Publicaci\u00f3n mensual de novas de Galicia e en especial dos Concellos da sur da provincia de Pontevedra.","publisher":{"@id":"https:\/\/www.anovapeneira.gal\/#organization"},"potentialAction":[{"@type":"SearchAction","target":{"@type":"EntryPoint","urlTemplate":"https:\/\/www.anovapeneira.gal\/?s={search_term_string}"},"query-input":{"@type":"PropertyValueSpecification","valueRequired":true,"valueName":"search_term_string"}}],"inLanguage":"gl-ES"},{"@type":"Organization","@id":"https:\/\/www.anovapeneira.gal\/#organization","name":"A Nova Peneira","url":"https:\/\/www.anovapeneira.gal\/","logo":{"@type":"ImageObject","inLanguage":"gl-ES","@id":"https:\/\/www.anovapeneira.gal\/#\/schema\/logo\/image\/","url":"http:\/\/www.anovapeneira.gal\/wp-content\/uploads\/2019\/06\/logo_a_nova_peneira_portal_web.png","contentUrl":"http:\/\/www.anovapeneira.gal\/wp-content\/uploads\/2019\/06\/logo_a_nova_peneira_portal_web.png","width":300,"height":100,"caption":"A Nova Peneira"},"image":{"@id":"https:\/\/www.anovapeneira.gal\/#\/schema\/logo\/image\/"},"sameAs":["https:\/\/www.facebook.com\/anovapeneira","https:\/\/x.com\/APeneira"]},{"@type":"Person","@id":"https:\/\/www.anovapeneira.gal\/#\/schema\/person\/b93e3f8932e3f8da96334607eb6ac6aa","name":"Redacci\u00f3n A Nova Peneira","image":{"@type":"ImageObject","inLanguage":"gl-ES","@id":"https:\/\/secure.gravatar.com\/avatar\/c052a2551a06e23fac63626232eaa90abd78dbcf1700fc46a2b2c89fd27b735f?s=96&d=mm&r=g","url":"https:\/\/secure.gravatar.com\/avatar\/c052a2551a06e23fac63626232eaa90abd78dbcf1700fc46a2b2c89fd27b735f?s=96&d=mm&r=g","contentUrl":"https:\/\/secure.gravatar.com\/avatar\/c052a2551a06e23fac63626232eaa90abd78dbcf1700fc46a2b2c89fd27b735f?s=96&d=mm&r=g","caption":"Redacci\u00f3n A Nova Peneira"},"sameAs":["http:\/\/www.anovapeneira.gal\/"],"url":"https:\/\/www.anovapeneira.gal\/index.php\/author\/redactor\/"}]}},"jetpack_featured_media_url":"https:\/\/www.anovapeneira.gal\/wp-content\/uploads\/2019\/11\/visita-neta-A-Ri\u0301os-Aurora.jpg","_links":{"self":[{"href":"https:\/\/www.anovapeneira.gal\/index.php\/wp-json\/wp\/v2\/posts\/1824","targetHints":{"allow":["GET"]}}],"collection":[{"href":"https:\/\/www.anovapeneira.gal\/index.php\/wp-json\/wp\/v2\/posts"}],"about":[{"href":"https:\/\/www.anovapeneira.gal\/index.php\/wp-json\/wp\/v2\/types\/post"}],"author":[{"embeddable":true,"href":"https:\/\/www.anovapeneira.gal\/index.php\/wp-json\/wp\/v2\/users\/3"}],"replies":[{"embeddable":true,"href":"https:\/\/www.anovapeneira.gal\/index.php\/wp-json\/wp\/v2\/comments?post=1824"}],"version-history":[{"count":2,"href":"https:\/\/www.anovapeneira.gal\/index.php\/wp-json\/wp\/v2\/posts\/1824\/revisions"}],"predecessor-version":[{"id":1828,"href":"https:\/\/www.anovapeneira.gal\/index.php\/wp-json\/wp\/v2\/posts\/1824\/revisions\/1828"}],"wp:featuredmedia":[{"embeddable":true,"href":"https:\/\/www.anovapeneira.gal\/index.php\/wp-json\/wp\/v2\/media\/1825"}],"wp:attachment":[{"href":"https:\/\/www.anovapeneira.gal\/index.php\/wp-json\/wp\/v2\/media?parent=1824"}],"wp:term":[{"taxonomy":"category","embeddable":true,"href":"https:\/\/www.anovapeneira.gal\/index.php\/wp-json\/wp\/v2\/categories?post=1824"},{"taxonomy":"post_tag","embeddable":true,"href":"https:\/\/www.anovapeneira.gal\/index.php\/wp-json\/wp\/v2\/tags?post=1824"}],"curies":[{"name":"wp","href":"https:\/\/api.w.org\/{rel}","templated":true}]}}